{"id":45784,"date":"2022-08-24T09:15:50","date_gmt":"2022-08-24T07:15:50","guid":{"rendered":"https:\/\/dorogimedence.hu\/?p=45784"},"modified":"2022-08-25T02:57:10","modified_gmt":"2022-08-25T00:57:10","slug":"55-eve-letesult-az-elegant-majus-1-ruhagyar-dorogon","status":"publish","type":"post","link":"https:\/\/dorogimedence.hu\/index.php\/2022\/08\/24\/55-eve-letesult-az-elegant-majus-1-ruhagyar-dorogon\/","title":{"rendered":"55 \u00e9ve l\u00e9tes\u00fclt az Elegant M\u00e1jus 1. Ruhagy\u00e1r Dorogon"},"content":{"rendered":"<p style=\"text-align: justify;\"><strong>1967 nyar\u00e1n nyitotta meg dorogi telephely\u00e9t a f\u0151v\u00e1rosi sz\u00e9khely\u0171 Elegant M\u00e1jus 1. Ruhagy\u00e1r. A nemzetk\u00f6zi elismerts\u00e9g\u0171 v\u00e1llalat a magyar k\u00f6nny\u0171iparban bet\u00f6lt\u00f6tt szerepe igazi sikert\u00f6t\u00e9netnek sz\u00e1m\u00edtott. Az 1980-as\u20131990-es \u00e9vek fordul\u00f3j\u00e1n haz\u00e1nkban v\u00e9gbement v\u00e1ltoz\u00e1sok kedvez\u0151tlenn\u00e9 tette m\u0171k\u00f6d\u00e9s\u00e9t \u00e9s v\u00e9g\u00fcl 1994-ben sajn\u00e1latos m\u00f3don megsz\u0171nt.<\/strong><\/p>\n<p style=\"text-align: justify;\">A M\u00e1jus 1. Ruhagy\u00e1r t\u00f6rt\u00e9net\u00e9nek gy\u00f6kerei a k\u00e9t vil\u00e1gh\u00e1bor\u00fa k\u00f6z\u00f6tti id\u0151szakig ny\u00falnak vissza. A harmincas \u00e9vekben a honv\u00e9ds\u00e9g ruharakt\u00e1r\u00e1ban katonai ruh\u00e1zatot gy\u00e1rt\u00f3 r\u00e9szleg is be\u00fczemel\u00e9sre ker\u00fclt. A h\u00e1bor\u00fat k\u00f6vet\u0151en, 1948-ban tov\u00e1bbra is ruh\u00e1zati term\u00e9kek gy\u00e1rt\u00e1s\u00e1val foglalkozott, azonban innent\u0151l kezdve munkaruh\u00e1k k\u00e9sz\u00edt\u00e9se lett a profilja. 1958-ban vette fel a M\u00e1jus 1. nevet, majd a konfekci\u00f3ruh\u00e1k gy\u00e1rt\u00e1s\u00e1ra val\u00f3 \u00e1tt\u00e9r\u00e9s\u00e9t\u0151l kezdve az Elegant el\u0151tag is beker\u00fclt a hivatalos elnevez\u00e9s\u00e9be.<\/p>\n<p><img fetchpriority=\"high\" decoding=\"async\" class=\"aligncenter wp-image-45795 \" src=\"https:\/\/dorogimedence.hu\/wp-content\/uploads\/2022\/08\/Regi-szallo.jpg\" alt=\"\" width=\"686\" height=\"451\" srcset=\"https:\/\/dorogimedence.hu\/wp-content\/uploads\/2022\/08\/Regi-szallo.jpg 640w, https:\/\/dorogimedence.hu\/wp-content\/uploads\/2022\/08\/Regi-szallo-300x197.jpg 300w, https:\/\/dorogimedence.hu\/wp-content\/uploads\/2022\/08\/Regi-szallo-150x99.jpg 150w, https:\/\/dorogimedence.hu\/wp-content\/uploads\/2022\/08\/Regi-szallo-450x296.jpg 450w\" sizes=\"(max-width: 686px) 100vw, 686px\" \/><\/p>\n<p style=\"text-align: center;\"><em><span style=\"font-size: 10pt;\">A leend\u0151 ruhagy\u00e1r l\u00e1tk\u00e9pe az Otthon t\u00e9ren a M\u0171vel\u0151d\u00e9si k\u00f6zpont ir\u00e1ny\u00e1b\u00f3l az \u00f6tvenes \u00e9vekben, amikor m\u00e9g a munk\u00e1ssz\u00e1ll\u00f3 m\u0171k\u00f6d\u00f6tt.<\/span><\/em><\/p>\n<p style=\"text-align: justify;\">A gy\u00e1r k\u00f6zpontja Budapesten, a J\u00f3zsefv\u00e1rosban, az Orczy-kert m\u00f6g\u00f6tt, az Eln\u00f6k utc\u00e1ban m\u0171k\u00f6d\u00f6tt. A v\u00e1llalat hamarosan annyira meger\u0151s\u00f6d\u00f6tt, hogy id\u0151vel sorra nyitotta vid\u00e9ki le\u00e1nyv\u00e1llalatait. Ennek k\u00f6sz\u00f6nhet\u0151en v\u00e1lt Dorog is telephely\u00e9v\u00e9, ahol 1967 \u00e9v elej\u00e9n sz\u00fcletett d\u00f6nt\u00e9s a ruhagy\u00e1r be\u00fczemel\u00e9s\u00e9r\u0151l. Helysz\u00ednk\u00e9nt a b\u00e1nya Otthon t\u00e9ri volt munk\u00e1ssz\u00e1ll\u00f3j\u00e1t szemelt\u00e9k ki erre a c\u00e9lra. A rendelkez\u00e9sre \u00e1ll\u00f3 f\u0151\u00e9p\u00fcletek meg is feleltek a felt\u00e9teleknek, azonban hatalmas bels\u0151 \u00e1talak\u00edt\u00e1sokra volt sz\u00fck\u00e9s\u00e9g. A munk\u00e1latokat a Dorogi Tr\u00f6szt Szolg\u00e1ltat\u00f3 \u00dczeme v\u00e9gezte. Eredetileg 1967 ny\u00e1r v\u00e9g\u00e9ig kellett volna elk\u00e9sz\u00fclni\u00fck, azonban a helyi c\u00e9g olyannyira j\u00f3l haladt, hogy a hat\u00e1rid\u0151 el\u0151tt k\u00e9t h\u00f3nappal kor\u00e1bban kulcsra k\u00e9szen adta \u00e1t a leend\u0151 gy\u00e1rtelepet. Az igen gyors munka ellen\u00e9re is kifog\u00e1stalan volt a kivitelez\u00e9s. A m\u0171szaki \u00e1tad\u00e1skor nagyon el\u00e9gedettek voltak az illet\u00e9kesek a min\u0151s\u00e9ggel, \u00edgy v\u00e9g\u00fcl 1967. j\u00fanius 12-\u00e9n hivatalosan is be\u00fczemelt a gy\u00e1r.<\/p>\n<p><img decoding=\"async\" class=\"aligncenter wp-image-45803\" src=\"https:\/\/dorogimedence.hu\/wp-content\/uploads\/2022\/08\/Elegant-emblema-300x275.jpg\" alt=\"\" width=\"351\" height=\"322\" srcset=\"https:\/\/dorogimedence.hu\/wp-content\/uploads\/2022\/08\/Elegant-emblema-300x275.jpg 300w, https:\/\/dorogimedence.hu\/wp-content\/uploads\/2022\/08\/Elegant-emblema-150x138.jpg 150w, https:\/\/dorogimedence.hu\/wp-content\/uploads\/2022\/08\/Elegant-emblema-450x413.jpg 450w, https:\/\/dorogimedence.hu\/wp-content\/uploads\/2022\/08\/Elegant-emblema.jpg 684w\" sizes=\"(max-width: 351px) 100vw, 351px\" \/><\/p>\n<p style=\"text-align: center;\"><span style=\"font-size: 10pt;\"><em>A ruhagy\u00e1r eml\u00e9kezetes embl\u00e9m\u00e1ja \u00e9s n\u00e9vjegye<\/em><\/span><\/p>\n<p style=\"text-align: justify;\">Tavasszal megkezd\u0151d\u00f6tt a munkaer\u0151-toborz\u00e1s, amelyre els\u0151sorban h\u00f6lgyek jelentkez\u00e9s\u00e9t v\u00e1rt\u00e1k. Am\u00edg a leend\u0151 gy\u00e1r k\u00e9sz\u00fcl\u0151f\u00e9lben volt, addig a k\u00e9pz\u00e9s \u00e9s a betan\u00edt\u00e1s a m\u0171vel\u0151d\u00e9si h\u00e1zban ideiglenesen kialak\u00edtott varr\u00f3m\u0171helyben t\u00f6rt\u00e9nt. M\u00e1jus v\u00e9g\u00e9re ki is alakult a v\u00e9gleges l\u00e9tsz\u00e1m, amely a kezd\u00e9shez volt el\u0151ir\u00e1nyozva. \u00d6sszesen 230 dolgoz\u00f3val, z\u00f6m\u00e9ben n\u0151i munk\u00e1ssal kezdet\u00e9t vette el\u0151bb a pr\u00f3ba\u00fczem, amelynek sor\u00e1n a m\u0171szakokban dolgoz\u00f3k szoktat\u00e1sa \u00e9s a megfelel\u0151 min\u0151s\u00e9g el\u00e9r\u00e9se volt a c\u00e9lkit\u0171z\u00e9s. Ny\u00e1r v\u00e9g\u00e9t\u0151l pedig beindult az igazi termel\u00e9s, amelynek port\u00e9k\u00e1ja els\u0151 k\u00f6rben a Pille-zeke ork\u00e1nkab\u00e1t volt. A be\u00fczemel\u00e9skor a c\u00e9g vez\u00e9rigazgat\u00f3ja, Kov\u00e1cs J\u00f3zsef maga is t\u00f6bbsz\u00f6r j\u00e1rt szem\u00e9lyesen is a dorogi telephelyen. A dorogi termel\u00e9s beindul\u00e1s\u00e1t k\u00f6vet\u0151 h\u00f3napban \u00fajabb jelent\u0151s m\u00e9rf\u00f6ldk\u00f6v\u00e9hez \u00e9rkezett a v\u00e1llalat, ugyanis akkor ny\u00edlt meg a f\u0151v\u00e1rosban a nagyk\u00f6r\u00faton (akkori nev\u00e9n Lenin krt, jelenleg pedig Ter\u00e9z krt.) a ruhagy\u00e1r m\u00e1rkaboltja, amely csakhamar igen n\u00e9pszer\u0171 \u00e9s nagy t\u00f6megeket vonz\u00f3 \u00fczletnek sz\u00e1m\u00edtott.<\/p>\n<p><img decoding=\"async\" class=\"aligncenter wp-image-45810 \" src=\"https:\/\/dorogimedence.hu\/wp-content\/uploads\/2022\/08\/Kollar-Maria-1.jpg\" alt=\"\" width=\"384\" height=\"447\" srcset=\"https:\/\/dorogimedence.hu\/wp-content\/uploads\/2022\/08\/Kollar-Maria-1.jpg 319w, https:\/\/dorogimedence.hu\/wp-content\/uploads\/2022\/08\/Kollar-Maria-1-258x300.jpg 258w, https:\/\/dorogimedence.hu\/wp-content\/uploads\/2022\/08\/Kollar-Maria-1-150x174.jpg 150w\" sizes=\"(max-width: 384px) 100vw, 384px\" \/><\/p>\n<p style=\"text-align: center;\"><span style=\"font-size: 10pt;\"><em>A legels\u0151 dorogi garnit\u00fara tagjai k\u00f6z\u00fcl az egyik legjobb, leg\u00fcgyesebbnek tartott dolgoz\u00f3, Koll\u00e1r M\u00e1ria<\/em><\/span><\/p>\n<p style=\"text-align: justify;\">A Dorogon dolgoz\u00f3 munk\u00e1sok d\u00f6nt\u0151 t\u00f6bbs\u00e9ge dorogiakb\u00f3l ker\u00fclt ki, de j\u00f3p\u00e1ran a k\u00f6rnyez\u0151 telep\u00fcl\u00e9seken \u00e9l\u0151kb\u0151l is csatlakoztak. Valamennyi\u00fcknek ez volt az els\u0151 hivatalos munkahelye, l\u00e9v\u00e9n egy r\u00e9sz\u00fcket p\u00e1lyakezd\u0151 fiatalok, m\u00e1sik fel\u00fcket pedig kor\u00e1bban h\u00e1ztart\u00e1sbeli asszonyok adt\u00e1k. Ez\u00e9rt is k\u00fcl\u00f6n emelte \u00e9rdem\u00fcket, hogy mindenf\u00e9le el\u0151tapasztalat, s f\u0151leg szakir\u00e1ny\u00fa el\u0151k\u00e9pzetts\u00e9g n\u00e9lk\u00fcl v\u00e1ltak csakhamar megb\u00edzhat\u00f3 dolgoz\u00f3kk\u00e1, akiknek keze al\u00f3l min\u0151s\u00e9gi munka ker\u00fclt ki. Az els\u0151 dolgoz\u00f3k k\u00f6z\u00fcl t\u00f6bb kiemelked\u0151 egy\u00e9n neve is fennmaradt, akik joggal v\u00e1ltak p\u00e9ldak\u00e9pp\u00e9 \u00e9s a c\u00e9gvezet\u0151k elismer\u00e9s\u00e9t is hamar elnyert\u00e9k, mint t\u00f6bbek k\u00f6z\u00f6tt Luk\u00e1cs Istv\u00e1nn\u00e9, Szab\u00f3 J\u00e1nosn\u00e9, Ko\u00f3s Erzs\u00e9bet, Lubsa G\u00e1born\u00e9, Szax J\u00e1nosn\u00e9, Bocskor K\u00e1lm\u00e1nn\u00e9, vagy Benedek Imr\u00e9n\u00e9. A dolgoz\u00f3k \u00e9tkez\u00e9s\u00e9t a szomsz\u00e9dos Ezres \u00e9tteremben szervezt\u00e9k. A dorogi r\u00e9szleg vezet\u0151je B\u00e1lint Endre volt.<\/p>\n<p><img loading=\"lazy\" decoding=\"async\" class=\"aligncenter wp-image-45808 size-medium\" src=\"https:\/\/dorogimedence.hu\/wp-content\/uploads\/2022\/08\/Erdemes-volt-262x300.jpg\" alt=\"\" width=\"262\" height=\"300\" srcset=\"https:\/\/dorogimedence.hu\/wp-content\/uploads\/2022\/08\/Erdemes-volt-262x300.jpg 262w, https:\/\/dorogimedence.hu\/wp-content\/uploads\/2022\/08\/Erdemes-volt-150x172.jpg 150w, https:\/\/dorogimedence.hu\/wp-content\/uploads\/2022\/08\/Erdemes-volt.jpg 416w\" sizes=\"(max-width: 262px) 100vw, 262px\" \/><\/p>\n<p style=\"text-align: center;\"><span style=\"font-size: 10pt;\"><em>Elismer\u0151 sorok a ruhagy\u00e1r dolgoz\u00f3ir\u00f3l<\/em><\/span><\/p>\n<p><img loading=\"lazy\" decoding=\"async\" class=\"aligncenter wp-image-45791 \" src=\"https:\/\/dorogimedence.hu\/wp-content\/uploads\/2022\/08\/Elegant-hirdeto.jpg\" alt=\"\" width=\"654\" height=\"470\" srcset=\"https:\/\/dorogimedence.hu\/wp-content\/uploads\/2022\/08\/Elegant-hirdeto.jpg 830w, https:\/\/dorogimedence.hu\/wp-content\/uploads\/2022\/08\/Elegant-hirdeto-300x215.jpg 300w, https:\/\/dorogimedence.hu\/wp-content\/uploads\/2022\/08\/Elegant-hirdeto-768x551.jpg 768w, https:\/\/dorogimedence.hu\/wp-content\/uploads\/2022\/08\/Elegant-hirdeto-150x108.jpg 150w, https:\/\/dorogimedence.hu\/wp-content\/uploads\/2022\/08\/Elegant-hirdeto-450x323.jpg 450w\" sizes=\"(max-width: 654px) 100vw, 654px\" \/><\/p>\n<p style=\"text-align: center;\"><span style=\"font-size: 10pt;\"><em>Ruhagy\u00e1ri h\u00edrdet\u0151plak\u00e1tok a c\u00e9ges szlogennel<\/em><\/span><\/p>\n<p style=\"text-align: justify;\">A ruhagy\u00e1r teljesk\u00f6r\u0171 f\u00e9rfi-, n\u0151i- \u00e9s gyermekruha kollekci\u00f3t \u00e1ll\u00edtott el\u0151 \u00e9s \u00e1rucikkei igen n\u00e9pszer\u0171 viselett\u00e9 v\u00e1ltak. Term\u00e9kei k\u00fclf\u00f6ld\u00f6n is nagy n\u00e9pszer\u0171s\u00e9gre tettek szert \u00e9s az Elegant jelent\u0151s t\u00e9nyez\u0151 lett a hazai \u00e9s nemzetk\u00f6zi piacon egyar\u00e1nt. Kimagasl\u00f3nak sz\u00e1m\u00edtott a t\u00f6meges exportb\u00f3l sz\u00e1rmaz\u00f3 bev\u00e9tel, amely r\u00e1ad\u00e1sul kem\u00e9ny nyugati valut\u00e1t jelentett a magyar gazdas\u00e1g \u00e1llamkassz\u00e1j\u00e1nak. Egyes ruhanem\u0171k ut\u00e1n hihetetlen volt a kereslet m\u00e9g Nyugat-Eur\u00f3p\u00e1ban is. Ilyen volt t\u00f6bbek k\u00f6z\u00f6tt a ballonkab\u00e1t. A m\u00e9lt\u00e1n nagy h\u00edrn\u00e9vnek k\u00f6sz\u00f6nhet\u0151en, egyes k\u00fclf\u00f6ldi orsz\u00e1gokb\u00f3l tapasztalatszerz\u00e9s c\u00e9lj\u00e1b\u00f3l gyakran tettek l\u00e1togat\u00e1st k\u00fcld\u00f6tts\u00e9gek a magyarorsz\u00e1gi gy\u00e1rakban, k\u00f6zt\u00fck Dorogon is.<\/p>\n<p><img loading=\"lazy\" decoding=\"async\" class=\"aligncenter wp-image-45789 size-full\" src=\"https:\/\/dorogimedence.hu\/wp-content\/uploads\/2022\/08\/Elegant-25..jpg\" alt=\"\" width=\"512\" height=\"566\" srcset=\"https:\/\/dorogimedence.hu\/wp-content\/uploads\/2022\/08\/Elegant-25..jpg 512w, https:\/\/dorogimedence.hu\/wp-content\/uploads\/2022\/08\/Elegant-25.-271x300.jpg 271w, https:\/\/dorogimedence.hu\/wp-content\/uploads\/2022\/08\/Elegant-25.-150x166.jpg 150w, https:\/\/dorogimedence.hu\/wp-content\/uploads\/2022\/08\/Elegant-25.-450x497.jpg 450w\" sizes=\"(max-width: 512px) 100vw, 512px\" \/><\/p>\n<p style=\"text-align: center;\"><em><span style=\"font-size: 10pt;\">C\u00e9g\u00e9r az \u00fcnnepi 25. \u00e9vben\u00a0<\/span><\/em><\/p>\n<p style=\"text-align: justify;\">1973-ban a c\u00e9g fenn\u00e1ll\u00e1s\u00e1nak 25. \u00e9vfordul\u00f3j\u00e1n 36 milli\u00f3 forint \u00e9rt\u00e9k\u0171 beruh\u00e1z\u00e1st val\u00f3s\u00edtott meg, amelynek keret\u00e9n bel\u00fcl korszer\u0171 munkag\u00e9pekkel szerelt\u00e9k fel az \u00fczemeit. \u00cdgy ker\u00fcltek kiv\u00e1l\u00f3 min\u0151s\u00e9g\u0171 n\u00e9met, olasz \u00e9s jap\u00e1n gy\u00e1rtm\u00e1ny\u00fa berendez\u00e9sek a dorogi telephelyre is. T\u00falz\u00e1s n\u00e9lk\u00fcl, az Elegant amolyan hugarikumm\u00e1 n\u0151tte ki mag\u00e1t. A dorogi \u00fczem a termel\u00e9s kisz\u00e9les\u00edt\u00e9se \u00e9s fokoz\u00e1sa mellett, profilj\u00e1t b\u0151v\u00edtend\u0151, tan\u00fczemet \u00e9s varrod\u00e1t is l\u00e9tes\u00edtett, amellyel a kell\u0151 szakg\u00e1rda ut\u00e1np\u00f3tl\u00e1s k\u00e9pz\u00e9se \u00e9s nevel\u00e9se biztos\u00edtott\u00e1 v\u00e1lt.<\/p>\n<p><img loading=\"lazy\" decoding=\"async\" class=\"aligncenter wp-image-45807 size-full\" src=\"https:\/\/dorogimedence.hu\/wp-content\/uploads\/2022\/08\/Elso-a-munkaversenyben.jpg\" alt=\"\" width=\"555\" height=\"676\" srcset=\"https:\/\/dorogimedence.hu\/wp-content\/uploads\/2022\/08\/Elso-a-munkaversenyben.jpg 555w, https:\/\/dorogimedence.hu\/wp-content\/uploads\/2022\/08\/Elso-a-munkaversenyben-246x300.jpg 246w, https:\/\/dorogimedence.hu\/wp-content\/uploads\/2022\/08\/Elso-a-munkaversenyben-150x183.jpg 150w, https:\/\/dorogimedence.hu\/wp-content\/uploads\/2022\/08\/Elso-a-munkaversenyben-450x548.jpg 450w\" sizes=\"(max-width: 555px) 100vw, 555px\" \/><\/p>\n<p style=\"text-align: center;\"><span style=\"font-size: 10pt;\"><em>A ruhagy\u00e1r dogloz\u00f3i dics\u0151s\u00e9get szereztek sz\u0171kebb lakhely\u00fcknek, tov\u00e1bb \u00f6regb\u00edtve Dorog j\u00f3 h\u00edrnev\u00e9t<\/em><\/span><\/p>\n<p style=\"text-align: justify;\">A nyolcvanas-kilencvenes \u00e9vek fordul\u00f3j\u00e1t k\u00f6vet\u0151en az orsz\u00e1gra szabad\u00edtott privatiz\u00e1ci\u00f3s folyamatok kedvez\u0151tlen\u00fcl hatottak a ruhagy\u00e1rra is, amely ideig m\u00e9g igyekezett talpon maradni, azonban az 1994-es \u00e9vvel bez\u00e1r\u00f3an megsz\u0171nt. A ruhagy\u00e1r akt\u00edv m\u0171k\u00f6d\u00e9se sor\u00e1n a budapesti k\u00f6zpont \u00e9s a dorogi gy\u00e1ron k\u00edv\u00fcl tov\u00e1bbi telephelyei voltak Szolnokon, Marcaliban, Cegl\u00e9den, Kar\u00e1don, Koml\u00f3n, \u00d6reglakon \u00e9s T\u00farkev\u00e9n. A c\u00e9g f\u00e9nykor\u00e1ban t\u00f6bb, mint 5 ezer dolgoz\u00f3t foglalkoztatott \u00e9s biztos\u00edtott meg\u00e9lhet\u00e9st, egzisztenci\u00e1t.<\/p>\n<p><img loading=\"lazy\" decoding=\"async\" class=\"aligncenter wp-image-45792 \" src=\"https:\/\/dorogimedence.hu\/wp-content\/uploads\/2022\/08\/elegant-kirakat.jpg\" alt=\"\" width=\"657\" height=\"534\" srcset=\"https:\/\/dorogimedence.hu\/wp-content\/uploads\/2022\/08\/elegant-kirakat.jpg 813w, https:\/\/dorogimedence.hu\/wp-content\/uploads\/2022\/08\/elegant-kirakat-300x244.jpg 300w, https:\/\/dorogimedence.hu\/wp-content\/uploads\/2022\/08\/elegant-kirakat-768x623.jpg 768w, https:\/\/dorogimedence.hu\/wp-content\/uploads\/2022\/08\/elegant-kirakat-150x122.jpg 150w, https:\/\/dorogimedence.hu\/wp-content\/uploads\/2022\/08\/elegant-kirakat-450x365.jpg 450w\" sizes=\"(max-width: 657px) 100vw, 657px\" \/><\/p>\n<p style=\"text-align: justify;\">A meg\u00fcresedett gy\u00e1rtelep r\u00f6vid ideig \u00e1rv\u00e1lkodott kihaszn\u00e1latlanul, amikor 1997-ben egy r\u00e9sz\u00e9b\u0151l, jelent\u0151s \u00e1t\u00e9p\u00edt\u00e9ssel \u00e9s fejleszt\u00e9ssel lett kialak\u00edtva a m\u00e1ig is m\u0171k\u00f6d\u0151 dr. Mosonyi Albert Gondoz\u00e1si K\u00f6zpont, majd tov\u00e1bbi \u00e9vek m\u00falt\u00e1n az egykori gy\u00e1rtelep m\u00e1sik fel\u00e9n pedig fel\u00e9p\u00fclt a G\u00e1thy Zolt\u00e1n lak\u00f3park. Ugyan napjainkra egyre t\u00e1volabbi a Dorogon t\u00f6rt\u00e9nt ruhagy\u00e1rt\u00e1s t\u00f6rt\u00e9nete, azonban eml\u00e9k\u00e9t felt\u00e9tlen meg\u0151rizz\u00fck.<\/p>\n<p><img loading=\"lazy\" decoding=\"async\" class=\"aligncenter wp-image-45797 \" src=\"https:\/\/dorogimedence.hu\/wp-content\/uploads\/2022\/08\/Focimeccs-Elegant-hirdeto.jpg\" alt=\"\" width=\"653\" height=\"399\" srcset=\"https:\/\/dorogimedence.hu\/wp-content\/uploads\/2022\/08\/Focimeccs-Elegant-hirdeto.jpg 511w, https:\/\/dorogimedence.hu\/wp-content\/uploads\/2022\/08\/Focimeccs-Elegant-hirdeto-300x183.jpg 300w, https:\/\/dorogimedence.hu\/wp-content\/uploads\/2022\/08\/Focimeccs-Elegant-hirdeto-150x92.jpg 150w, https:\/\/dorogimedence.hu\/wp-content\/uploads\/2022\/08\/Focimeccs-Elegant-hirdeto-450x275.jpg 450w\" sizes=\"(max-width: 653px) 100vw, 653px\" \/><\/p>\n<p style=\"text-align: justify;\"><span style=\"font-size: 10pt;\"><em>A dorogi stadionban is hossz\u00fa id\u0151n kereszt\u00fcl kint volt a gy\u00e1r hirdet\u0151je, amely itt is j\u00f3l kivehet\u0151, m\u00e9gha a k\u00e9p el\u0151ter\u00e9ben fejel\u0151 Laczk\u00f3 Istv\u00e1n csat\u00e1runk \u00e1ltal r\u00e9szben takar\u00e1sban is van. A t\u00e1bla bal sz\u00e9l\u00e9n a jellegzetes c\u00e9gembl\u00e9ma volt, majd a sz\u00f6veges r\u00e9sz k\u00f6vette: Elegant &#8211; A Divatm\u00e1rka.<\/em><\/span><\/p>\n<p style=\"text-align: center;\">Tall\u00f3z\u00e1s n\u00e9h\u00e1ny korabeli \u00fajs\u00e1gcikk feleleven\u00edt\u00e9s\u00e9vel<\/p>\n<p><img loading=\"lazy\" decoding=\"async\" class=\"aligncenter wp-image-45809 size-full\" src=\"https:\/\/dorogimedence.hu\/wp-content\/uploads\/2022\/08\/Kezdet.jpg\" alt=\"\" width=\"555\" height=\"211\" srcset=\"https:\/\/dorogimedence.hu\/wp-content\/uploads\/2022\/08\/Kezdet.jpg 555w, https:\/\/dorogimedence.hu\/wp-content\/uploads\/2022\/08\/Kezdet-300x114.jpg 300w, https:\/\/dorogimedence.hu\/wp-content\/uploads\/2022\/08\/Kezdet-150x57.jpg 150w, https:\/\/dorogimedence.hu\/wp-content\/uploads\/2022\/08\/Kezdet-450x171.jpg 450w\" sizes=\"(max-width: 555px) 100vw, 555px\" \/><\/p>\n<p style=\"text-align: center;\"><span style=\"font-size: 10pt;\"><em>A ruhagy\u00e1r megnyit\u00e1s\u00e1nak beharangoz\u00f3 f\u0151c\u00edme 1967 tavasz\u00e1n<\/em><\/span><\/p>\n<p><img loading=\"lazy\" decoding=\"async\" class=\"aligncenter wp-image-45811 size-full\" src=\"https:\/\/dorogimedence.hu\/wp-content\/uploads\/2022\/08\/Ujsagcikk.jpg\" alt=\"\" width=\"555\" height=\"196\" srcset=\"https:\/\/dorogimedence.hu\/wp-content\/uploads\/2022\/08\/Ujsagcikk.jpg 555w, https:\/\/dorogimedence.hu\/wp-content\/uploads\/2022\/08\/Ujsagcikk-300x106.jpg 300w, https:\/\/dorogimedence.hu\/wp-content\/uploads\/2022\/08\/Ujsagcikk-150x53.jpg 150w, https:\/\/dorogimedence.hu\/wp-content\/uploads\/2022\/08\/Ujsagcikk-450x159.jpg 450w\" sizes=\"(max-width: 555px) 100vw, 555px\" \/><\/p>\n<p style=\"text-align: center;\"><span style=\"font-size: 10pt;\"><em>A be\u00fczemel\u00e9st k\u00f6vet\u0151 napokban megjelent cikk vez\u00e9rsora<\/em><\/span><\/p>\n<p><img loading=\"lazy\" decoding=\"async\" class=\"aligncenter wp-image-45806 \" src=\"https:\/\/dorogimedence.hu\/wp-content\/uploads\/2022\/08\/Cimlap-cikk.jpg\" alt=\"\" width=\"555\" height=\"254\" srcset=\"https:\/\/dorogimedence.hu\/wp-content\/uploads\/2022\/08\/Cimlap-cikk.jpg 850w, https:\/\/dorogimedence.hu\/wp-content\/uploads\/2022\/08\/Cimlap-cikk-300x137.jpg 300w, https:\/\/dorogimedence.hu\/wp-content\/uploads\/2022\/08\/Cimlap-cikk-768x351.jpg 768w, https:\/\/dorogimedence.hu\/wp-content\/uploads\/2022\/08\/Cimlap-cikk-150x68.jpg 150w, https:\/\/dorogimedence.hu\/wp-content\/uploads\/2022\/08\/Cimlap-cikk-450x205.jpg 450w\" sizes=\"(max-width: 555px) 100vw, 555px\" \/><\/p>\n<p style=\"text-align: center;\"><span style=\"font-size: 10pt;\"><em>Tud\u00f3s\u00edt\u00e1s az igazi termel\u00e9st megkezd\u00e9s\u00e9r\u0151l a megyei napilap c\u00edmlapj\u00e1n<\/em><\/span><\/p>\n<p><img loading=\"lazy\" decoding=\"async\" class=\"aligncenter wp-image-45802\" src=\"https:\/\/dorogimedence.hu\/wp-content\/uploads\/2022\/08\/Elegant-cimke-768x1024-1-259x300.jpg\" alt=\"\" width=\"303\" height=\"351\" srcset=\"https:\/\/dorogimedence.hu\/wp-content\/uploads\/2022\/08\/Elegant-cimke-768x1024-1-259x300.jpg 259w, https:\/\/dorogimedence.hu\/wp-content\/uploads\/2022\/08\/Elegant-cimke-768x1024-1-150x174.jpg 150w, https:\/\/dorogimedence.hu\/wp-content\/uploads\/2022\/08\/Elegant-cimke-768x1024-1-450x521.jpg 450w, https:\/\/dorogimedence.hu\/wp-content\/uploads\/2022\/08\/Elegant-cimke-768x1024-1.jpg 768w\" sizes=\"(max-width: 303px) 100vw, 303px\" \/><\/p>\n<p style=\"text-align: center;\"><span style=\"font-size: 10pt;\"><em>A ruh\u00e1ba varrt term\u00e9k hitel\u00e9\u00fcl szolg\u00e1l\u00f3 cimke\u00a0<\/em><\/span><\/p>\n<p><img loading=\"lazy\" decoding=\"async\" class=\"aligncenter wp-image-45816 \" src=\"https:\/\/dorogimedence.hu\/wp-content\/uploads\/2022\/08\/Ruhagyar.jpg\" alt=\"\" width=\"663\" height=\"431\" srcset=\"https:\/\/dorogimedence.hu\/wp-content\/uploads\/2022\/08\/Ruhagyar.jpg 1049w, https:\/\/dorogimedence.hu\/wp-content\/uploads\/2022\/08\/Ruhagyar-300x195.jpg 300w, https:\/\/dorogimedence.hu\/wp-content\/uploads\/2022\/08\/Ruhagyar-1024x665.jpg 1024w, https:\/\/dorogimedence.hu\/wp-content\/uploads\/2022\/08\/Ruhagyar-768x499.jpg 768w, https:\/\/dorogimedence.hu\/wp-content\/uploads\/2022\/08\/Ruhagyar-150x97.jpg 150w, https:\/\/dorogimedence.hu\/wp-content\/uploads\/2022\/08\/Ruhagyar-450x292.jpg 450w\" sizes=\"(max-width: 663px) 100vw, 663px\" \/><\/p>\n<p style=\"text-align: center;\"><span style=\"font-size: 10pt;\"><em>A dorogi ruhagy\u00e1r az Ezres \u00e9tterem fel\u0151l<\/em><\/span><\/p>\n<p><img loading=\"lazy\" decoding=\"async\" class=\"aligncenter wp-image-45794 \" src=\"https:\/\/dorogimedence.hu\/wp-content\/uploads\/2022\/08\/elegant.jpg\" alt=\"\" width=\"660\" height=\"711\" srcset=\"https:\/\/dorogimedence.hu\/wp-content\/uploads\/2022\/08\/elegant.jpg 1275w, https:\/\/dorogimedence.hu\/wp-content\/uploads\/2022\/08\/elegant-279x300.jpg 279w, https:\/\/dorogimedence.hu\/wp-content\/uploads\/2022\/08\/elegant-951x1024.jpg 951w, https:\/\/dorogimedence.hu\/wp-content\/uploads\/2022\/08\/elegant-768x827.jpg 768w, https:\/\/dorogimedence.hu\/wp-content\/uploads\/2022\/08\/elegant-150x162.jpg 150w, https:\/\/dorogimedence.hu\/wp-content\/uploads\/2022\/08\/elegant-450x485.jpg 450w, https:\/\/dorogimedence.hu\/wp-content\/uploads\/2022\/08\/elegant-1200x1292.jpg 1200w\" sizes=\"(max-width: 660px) 100vw, 660px\" \/><\/p>\n<p style=\"text-align: center;\"><span style=\"font-size: 10pt;\"><em>Rekl\u00e1m egy \u00fajs\u00e1g oldal\u00e1n<\/em><\/span><\/p>\n<p><img loading=\"lazy\" decoding=\"async\" class=\"aligncenter wp-image-45815 \" src=\"https:\/\/dorogimedence.hu\/wp-content\/uploads\/2022\/08\/Vallfak-1.jpg\" alt=\"\" width=\"662\" height=\"473\" srcset=\"https:\/\/dorogimedence.hu\/wp-content\/uploads\/2022\/08\/Vallfak-1.jpg 718w, https:\/\/dorogimedence.hu\/wp-content\/uploads\/2022\/08\/Vallfak-1-300x214.jpg 300w, https:\/\/dorogimedence.hu\/wp-content\/uploads\/2022\/08\/Vallfak-1-150x107.jpg 150w, https:\/\/dorogimedence.hu\/wp-content\/uploads\/2022\/08\/Vallfak-1-450x322.jpg 450w\" sizes=\"(max-width: 662px) 100vw, 662px\" \/><\/p>\n<p style=\"text-align: center;\"><span style=\"font-size: 10pt;\"><em>C\u00e9ges v\u00e1llf\u00e1k<\/em><\/span><\/p>\n<p><span style=\"text-decoration: underline;\"><em>Bor\u00edt\u00f3k\u00e9p:<\/em><\/span> Filmh\u00edrad\u00f3k online &#8211; Ruhagy\u00e1r Dorogon kisfilm f\u0151c\u00edme (Nemzeti Filmint\u00e9zet Magyarorsz\u00e1g)<\/p>\n<p style=\"text-align: center;\"><span style=\"text-decoration: underline;\">Felhaszn\u00e1lt irodalom \u00e9s k\u00e9pmell\u00e9klet:\u00a0<\/span><\/p>\n<ul>\n<li>Dolgoz\u00f3k Lapja \u2013 Kom\u00e1rom megyei napilap sz\u00e1mai<\/li>\n<li>Kov\u00e1cs Lajos\u2013Solym\u00e1r Judit: Dorogi Lexikon &#8211; Dorog, 2008.<\/li>\n<li>Makrai Sonja: Igazi szocialista sikert\u00f6rt\u00e9net volt, ma m\u00e1r csak v\u00e1llf\u00e1k \u00e9s r\u00e9gi ruh\u00e1k \u0151rzik eml\u00e9k\u00e9t \u2013Magyar Hang &#8211; Kult\u00fara<\/li>\n<\/ul>\n<p><em><strong>Szab\u00f3 Gyula<\/strong><\/em><\/p>\n","protected":false},"excerpt":{"rendered":"<p>1967 nyar\u00e1n nyitotta meg dorogi telephely\u00e9t a f\u0151v\u00e1rosi sz\u00e9khely\u0171 Elegant M\u00e1jus 1. Ruhagy\u00e1r. A nemzetk\u00f6zi elismerts\u00e9g\u0171 v\u00e1llalat a magyar k\u00f6nny\u0171iparban bet\u00f6lt\u00f6tt szerepe igazi sikert\u00f6t\u00e9netnek sz\u00e1m\u00edtott. Az 1980-as\u20131990-es \u00e9vek fordul\u00f3j\u00e1n haz\u00e1nkban v\u00e9gbement v\u00e1ltoz\u00e1sok kedvez\u0151tlenn\u00e9 tette m\u0171k\u00f6d\u00e9s\u00e9t \u00e9s v\u00e9g\u00fcl 1994-ben sajn\u00e1latos m\u00f3don megsz\u0171nt. A M\u00e1jus 1. Ruhagy\u00e1r t\u00f6rt\u00e9net\u00e9nek gy\u00f6kerei a k\u00e9t vil\u00e1gh\u00e1bor\u00fa k\u00f6z\u00f6tti id\u0151szakig ny\u00falnak vissza. A<\/p>\n","protected":false},"author":4,"featured_media":45788,"comment_status":"closed","ping_status":"closed","sticky":false,"template":"","format":"standard","meta":{"ngg_post_thumbnail":0,"footnotes":""},"categories":[2,3,6031],"tags":[15,6631,6632,6633],"class_list":{"0":"post-45784","1":"post","2":"type-post","3":"status-publish","4":"format-standard","5":"has-post-thumbnail","7":"category-dorog","8":"category-hirek","9":"category-kerek-evfordulok","10":"tag-dorog","11":"tag-elegant","12":"tag-majus-1-ruhagyar","13":"tag-ruhagyar"},"yoast_head":"<!-- This site is optimized with the Yoast SEO plugin v27.4 - https:\/\/yoast.com\/product\/yoast-seo-wordpress\/ -->\n<title>55 \u00e9ve l\u00e9tes\u00fclt az Elegant M\u00e1jus 1. Ruhagy\u00e1r Dorogon<\/title>\n<meta name=\"robots\" content=\"index, follow, max-snippet:-1, max-image-preview:large, max-video-preview:-1\" \/>\n<link rel=\"canonical\" href=\"https:\/\/dorogimedence.hu\/index.php\/2022\/08\/24\/55-eve-letesult-az-elegant-majus-1-ruhagyar-dorogon\/\" class=\"yoast-seo-meta-tag\" \/>\n<meta property=\"og:locale\" content=\"hu_HU\" class=\"yoast-seo-meta-tag\" \/>\n<meta property=\"og:type\" content=\"article\" class=\"yoast-seo-meta-tag\" \/>\n<meta property=\"og:title\" content=\"55 \u00e9ve l\u00e9tes\u00fclt az Elegant M\u00e1jus 1. Ruhagy\u00e1r Dorogon\" class=\"yoast-seo-meta-tag\" \/>\n<meta property=\"og:description\" content=\"1967 nyar\u00e1n nyitotta meg dorogi telephely\u00e9t a f\u0151v\u00e1rosi sz\u00e9khely\u0171 Elegant M\u00e1jus 1. Ruhagy\u00e1r. A nemzetk\u00f6zi elismerts\u00e9g\u0171 v\u00e1llalat a magyar k\u00f6nny\u0171iparban bet\u00f6lt\u00f6tt szerepe igazi sikert\u00f6t\u00e9netnek sz\u00e1m\u00edtott. Az 1980-as\u20131990-es \u00e9vek fordul\u00f3j\u00e1n haz\u00e1nkban v\u00e9gbement v\u00e1ltoz\u00e1sok kedvez\u0151tlenn\u00e9 tette m\u0171k\u00f6d\u00e9s\u00e9t \u00e9s v\u00e9g\u00fcl 1994-ben sajn\u00e1latos m\u00f3don megsz\u0171nt. A M\u00e1jus 1. Ruhagy\u00e1r t\u00f6rt\u00e9net\u00e9nek gy\u00f6kerei a k\u00e9t vil\u00e1gh\u00e1bor\u00fa k\u00f6z\u00f6tti id\u0151szakig ny\u00falnak vissza. A\" class=\"yoast-seo-meta-tag\" \/>\n<meta property=\"og:url\" content=\"https:\/\/dorogimedence.hu\/index.php\/2022\/08\/24\/55-eve-letesult-az-elegant-majus-1-ruhagyar-dorogon\/\" class=\"yoast-seo-meta-tag\" \/>\n<meta property=\"og:site_name\" content=\"Dorogi-medence Region\u00e1lis H\u00edrport\u00e1l\" class=\"yoast-seo-meta-tag\" \/>\n<meta property=\"article:publisher\" content=\"https:\/\/www.facebook.com\/dorogimedence\/\" class=\"yoast-seo-meta-tag\" \/>\n<meta property=\"article:published_time\" content=\"2022-08-24T07:15:50+00:00\" class=\"yoast-seo-meta-tag\" \/>\n<meta property=\"article:modified_time\" content=\"2022-08-25T00:57:10+00:00\" class=\"yoast-seo-meta-tag\" \/>\n<meta property=\"og:image\" content=\"https:\/\/i0.wp.com\/dorogimedence.hu\/wp-content\/uploads\/2022\/08\/Dorogi-ruhagyar-Boritokep.jpg?fit=555%2C405&ssl=1\" class=\"yoast-seo-meta-tag\" \/>\n\t<meta property=\"og:image:width\" content=\"555\" class=\"yoast-seo-meta-tag\" \/>\n\t<meta property=\"og:image:height\" content=\"405\" class=\"yoast-seo-meta-tag\" \/>\n\t<meta property=\"og:image:type\" content=\"image\/jpeg\" class=\"yoast-seo-meta-tag\" \/>\n<meta name=\"author\" content=\"Szab\u00f3 Gyula\" class=\"yoast-seo-meta-tag\" \/>\n<meta name=\"twitter:card\" content=\"summary_large_image\" class=\"yoast-seo-meta-tag\" \/>\n<meta name=\"twitter:label1\" content=\"Szerz\u0151:\" class=\"yoast-seo-meta-tag\" \/>\n\t<meta name=\"twitter:data1\" content=\"Szab\u00f3 Gyula\" class=\"yoast-seo-meta-tag\" \/>\n\t<meta name=\"twitter:label2\" content=\"Becs\u00fclt olvas\u00e1si id\u0151\" class=\"yoast-seo-meta-tag\" \/>\n\t<meta name=\"twitter:data2\" content=\"8 perc\" class=\"yoast-seo-meta-tag\" \/>\n<script type=\"application\/ld+json\" class=\"yoast-schema-graph\">{\"@context\":\"https:\\\/\\\/schema.org\",\"@graph\":[{\"@type\":\"Article\",\"@id\":\"https:\\\/\\\/dorogimedence.hu\\\/index.php\\\/2022\\\/08\\\/24\\\/55-eve-letesult-az-elegant-majus-1-ruhagyar-dorogon\\\/#article\",\"isPartOf\":{\"@id\":\"https:\\\/\\\/dorogimedence.hu\\\/index.php\\\/2022\\\/08\\\/24\\\/55-eve-letesult-az-elegant-majus-1-ruhagyar-dorogon\\\/\"},\"author\":{\"name\":\"Szab\u00f3 Gyula\",\"@id\":\"https:\\\/\\\/dorogimedence.hu\\\/#\\\/schema\\\/person\\\/76605e8151ec1b7376385cd184ede973\"},\"headline\":\"55 \u00e9ve l\u00e9tes\u00fclt az Elegant M\u00e1jus 1. Ruhagy\u00e1r Dorogon\",\"datePublished\":\"2022-08-24T07:15:50+00:00\",\"dateModified\":\"2022-08-25T00:57:10+00:00\",\"mainEntityOfPage\":{\"@id\":\"https:\\\/\\\/dorogimedence.hu\\\/index.php\\\/2022\\\/08\\\/24\\\/55-eve-letesult-az-elegant-majus-1-ruhagyar-dorogon\\\/\"},\"wordCount\":1668,\"publisher\":{\"@id\":\"https:\\\/\\\/dorogimedence.hu\\\/#organization\"},\"image\":{\"@id\":\"https:\\\/\\\/dorogimedence.hu\\\/index.php\\\/2022\\\/08\\\/24\\\/55-eve-letesult-az-elegant-majus-1-ruhagyar-dorogon\\\/#primaryimage\"},\"thumbnailUrl\":\"https:\\\/\\\/dorogimedence.hu\\\/wp-content\\\/uploads\\\/2022\\\/08\\\/Dorogi-ruhagyar-Boritokep.jpg\",\"keywords\":[\"Dorog\",\"Elegant\",\"M\u00e1jus 1 Ruhagy\u00e1r\",\"ruhagy\u00e1r\"],\"articleSection\":[\"Dorog\",\"H\u00edrek\",\"Kerek \u00e9vfordul\u00f3k\"],\"inLanguage\":\"hu\"},{\"@type\":\"WebPage\",\"@id\":\"https:\\\/\\\/dorogimedence.hu\\\/index.php\\\/2022\\\/08\\\/24\\\/55-eve-letesult-az-elegant-majus-1-ruhagyar-dorogon\\\/\",\"url\":\"https:\\\/\\\/dorogimedence.hu\\\/index.php\\\/2022\\\/08\\\/24\\\/55-eve-letesult-az-elegant-majus-1-ruhagyar-dorogon\\\/\",\"name\":\"55 \u00e9ve l\u00e9tes\u00fclt az Elegant M\u00e1jus 1. Ruhagy\u00e1r Dorogon\",\"isPartOf\":{\"@id\":\"https:\\\/\\\/dorogimedence.hu\\\/#website\"},\"primaryImageOfPage\":{\"@id\":\"https:\\\/\\\/dorogimedence.hu\\\/index.php\\\/2022\\\/08\\\/24\\\/55-eve-letesult-az-elegant-majus-1-ruhagyar-dorogon\\\/#primaryimage\"},\"image\":{\"@id\":\"https:\\\/\\\/dorogimedence.hu\\\/index.php\\\/2022\\\/08\\\/24\\\/55-eve-letesult-az-elegant-majus-1-ruhagyar-dorogon\\\/#primaryimage\"},\"thumbnailUrl\":\"https:\\\/\\\/dorogimedence.hu\\\/wp-content\\\/uploads\\\/2022\\\/08\\\/Dorogi-ruhagyar-Boritokep.jpg\",\"datePublished\":\"2022-08-24T07:15:50+00:00\",\"dateModified\":\"2022-08-25T00:57:10+00:00\",\"breadcrumb\":{\"@id\":\"https:\\\/\\\/dorogimedence.hu\\\/index.php\\\/2022\\\/08\\\/24\\\/55-eve-letesult-az-elegant-majus-1-ruhagyar-dorogon\\\/#breadcrumb\"},\"inLanguage\":\"hu\",\"potentialAction\":[{\"@type\":\"ReadAction\",\"target\":[\"https:\\\/\\\/dorogimedence.hu\\\/index.php\\\/2022\\\/08\\\/24\\\/55-eve-letesult-az-elegant-majus-1-ruhagyar-dorogon\\\/\"]}]},{\"@type\":\"ImageObject\",\"inLanguage\":\"hu\",\"@id\":\"https:\\\/\\\/dorogimedence.hu\\\/index.php\\\/2022\\\/08\\\/24\\\/55-eve-letesult-az-elegant-majus-1-ruhagyar-dorogon\\\/#primaryimage\",\"url\":\"https:\\\/\\\/dorogimedence.hu\\\/wp-content\\\/uploads\\\/2022\\\/08\\\/Dorogi-ruhagyar-Boritokep.jpg\",\"contentUrl\":\"https:\\\/\\\/dorogimedence.hu\\\/wp-content\\\/uploads\\\/2022\\\/08\\\/Dorogi-ruhagyar-Boritokep.jpg\",\"width\":555,\"height\":405},{\"@type\":\"BreadcrumbList\",\"@id\":\"https:\\\/\\\/dorogimedence.hu\\\/index.php\\\/2022\\\/08\\\/24\\\/55-eve-letesult-az-elegant-majus-1-ruhagyar-dorogon\\\/#breadcrumb\",\"itemListElement\":[{\"@type\":\"ListItem\",\"position\":1,\"name\":\"Kezd\u0151lap\",\"item\":\"https:\\\/\\\/dorogimedence.hu\\\/\"},{\"@type\":\"ListItem\",\"position\":2,\"name\":\"55 \u00e9ve l\u00e9tes\u00fclt az Elegant M\u00e1jus 1. Ruhagy\u00e1r Dorogon\"}]},{\"@type\":\"WebSite\",\"@id\":\"https:\\\/\\\/dorogimedence.hu\\\/#website\",\"url\":\"https:\\\/\\\/dorogimedence.hu\\\/\",\"name\":\"Dorogi-medence Region\u00e1lis H\u00edrport\u00e1l\",\"description\":\"Dorog, Keszt\u00f6lc, Le\u00e1nyv\u00e1r, Piliscs\u00e9v, Tokod, Tokodalt\u00e1r\u00f3, Csolnok, Esztergom-kertv\u00e1ros: h\u00edrek, programok\",\"publisher\":{\"@id\":\"https:\\\/\\\/dorogimedence.hu\\\/#organization\"},\"potentialAction\":[{\"@type\":\"SearchAction\",\"target\":{\"@type\":\"EntryPoint\",\"urlTemplate\":\"https:\\\/\\\/dorogimedence.hu\\\/?s={search_term_string}\"},\"query-input\":{\"@type\":\"PropertyValueSpecification\",\"valueRequired\":true,\"valueName\":\"search_term_string\"}}],\"inLanguage\":\"hu\"},{\"@type\":\"Organization\",\"@id\":\"https:\\\/\\\/dorogimedence.hu\\\/#organization\",\"name\":\"Dorogi-medence Region\u00e1lis H\u00edrport\u00e1l\",\"url\":\"https:\\\/\\\/dorogimedence.hu\\\/\",\"logo\":{\"@type\":\"ImageObject\",\"inLanguage\":\"hu\",\"@id\":\"https:\\\/\\\/dorogimedence.hu\\\/#\\\/schema\\\/logo\\\/image\\\/\",\"url\":\"https:\\\/\\\/dorogimedence.hu\\\/wp-content\\\/uploads\\\/2021\\\/04\\\/logo-feher-600.png\",\"contentUrl\":\"https:\\\/\\\/dorogimedence.hu\\\/wp-content\\\/uploads\\\/2021\\\/04\\\/logo-feher-600.png\",\"width\":600,\"height\":100,\"caption\":\"Dorogi-medence Region\u00e1lis H\u00edrport\u00e1l\"},\"image\":{\"@id\":\"https:\\\/\\\/dorogimedence.hu\\\/#\\\/schema\\\/logo\\\/image\\\/\"},\"sameAs\":[\"https:\\\/\\\/www.facebook.com\\\/dorogimedence\\\/\"]},{\"@type\":\"Person\",\"@id\":\"https:\\\/\\\/dorogimedence.hu\\\/#\\\/schema\\\/person\\\/76605e8151ec1b7376385cd184ede973\",\"name\":\"Szab\u00f3 Gyula\",\"image\":{\"@type\":\"ImageObject\",\"inLanguage\":\"hu\",\"@id\":\"\\\/\\\/www.gravatar.com\\\/avatar\\\/3e44b6fb2ef9bcea3639958cc2a587cb?s=96&#038;r=g&#038;d=mm\",\"url\":\"\\\/\\\/www.gravatar.com\\\/avatar\\\/3e44b6fb2ef9bcea3639958cc2a587cb?s=96&#038;r=g&#038;d=mm\",\"contentUrl\":\"\\\/\\\/www.gravatar.com\\\/avatar\\\/3e44b6fb2ef9bcea3639958cc2a587cb?s=96&#038;r=g&#038;d=mm\",\"caption\":\"Szab\u00f3 Gyula\"}}]}<\/script>\n<!-- \/ Yoast SEO plugin. -->","yoast_head_json":{"title":"55 \u00e9ve l\u00e9tes\u00fclt az Elegant M\u00e1jus 1. Ruhagy\u00e1r Dorogon","robots":{"index":"index","follow":"follow","max-snippet":"max-snippet:-1","max-image-preview":"max-image-preview:large","max-video-preview":"max-video-preview:-1"},"canonical":"https:\/\/dorogimedence.hu\/index.php\/2022\/08\/24\/55-eve-letesult-az-elegant-majus-1-ruhagyar-dorogon\/","og_locale":"hu_HU","og_type":"article","og_title":"55 \u00e9ve l\u00e9tes\u00fclt az Elegant M\u00e1jus 1. Ruhagy\u00e1r Dorogon","og_description":"1967 nyar\u00e1n nyitotta meg dorogi telephely\u00e9t a f\u0151v\u00e1rosi sz\u00e9khely\u0171 Elegant M\u00e1jus 1. Ruhagy\u00e1r. A nemzetk\u00f6zi elismerts\u00e9g\u0171 v\u00e1llalat a magyar k\u00f6nny\u0171iparban bet\u00f6lt\u00f6tt szerepe igazi sikert\u00f6t\u00e9netnek sz\u00e1m\u00edtott. Az 1980-as\u20131990-es \u00e9vek fordul\u00f3j\u00e1n haz\u00e1nkban v\u00e9gbement v\u00e1ltoz\u00e1sok kedvez\u0151tlenn\u00e9 tette m\u0171k\u00f6d\u00e9s\u00e9t \u00e9s v\u00e9g\u00fcl 1994-ben sajn\u00e1latos m\u00f3don megsz\u0171nt. A M\u00e1jus 1. Ruhagy\u00e1r t\u00f6rt\u00e9net\u00e9nek gy\u00f6kerei a k\u00e9t vil\u00e1gh\u00e1bor\u00fa k\u00f6z\u00f6tti id\u0151szakig ny\u00falnak vissza. A","og_url":"https:\/\/dorogimedence.hu\/index.php\/2022\/08\/24\/55-eve-letesult-az-elegant-majus-1-ruhagyar-dorogon\/","og_site_name":"Dorogi-medence Region\u00e1lis H\u00edrport\u00e1l","article_publisher":"https:\/\/www.facebook.com\/dorogimedence\/","article_published_time":"2022-08-24T07:15:50+00:00","article_modified_time":"2022-08-25T00:57:10+00:00","og_image":[{"width":555,"height":405,"url":"https:\/\/i0.wp.com\/dorogimedence.hu\/wp-content\/uploads\/2022\/08\/Dorogi-ruhagyar-Boritokep.jpg?fit=555%2C405&ssl=1","type":"image\/jpeg"}],"author":"Szab\u00f3 Gyula","twitter_card":"summary_large_image","twitter_misc":{"Szerz\u0151:":"Szab\u00f3 Gyula","Becs\u00fclt olvas\u00e1si id\u0151":"8 perc"},"schema":{"@context":"https:\/\/schema.org","@graph":[{"@type":"Article","@id":"https:\/\/dorogimedence.hu\/index.php\/2022\/08\/24\/55-eve-letesult-az-elegant-majus-1-ruhagyar-dorogon\/#article","isPartOf":{"@id":"https:\/\/dorogimedence.hu\/index.php\/2022\/08\/24\/55-eve-letesult-az-elegant-majus-1-ruhagyar-dorogon\/"},"author":{"name":"Szab\u00f3 Gyula","@id":"https:\/\/dorogimedence.hu\/#\/schema\/person\/76605e8151ec1b7376385cd184ede973"},"headline":"55 \u00e9ve l\u00e9tes\u00fclt az Elegant M\u00e1jus 1. Ruhagy\u00e1r Dorogon","datePublished":"2022-08-24T07:15:50+00:00","dateModified":"2022-08-25T00:57:10+00:00","mainEntityOfPage":{"@id":"https:\/\/dorogimedence.hu\/index.php\/2022\/08\/24\/55-eve-letesult-az-elegant-majus-1-ruhagyar-dorogon\/"},"wordCount":1668,"publisher":{"@id":"https:\/\/dorogimedence.hu\/#organization"},"image":{"@id":"https:\/\/dorogimedence.hu\/index.php\/2022\/08\/24\/55-eve-letesult-az-elegant-majus-1-ruhagyar-dorogon\/#primaryimage"},"thumbnailUrl":"https:\/\/dorogimedence.hu\/wp-content\/uploads\/2022\/08\/Dorogi-ruhagyar-Boritokep.jpg","keywords":["Dorog","Elegant","M\u00e1jus 1 Ruhagy\u00e1r","ruhagy\u00e1r"],"articleSection":["Dorog","H\u00edrek","Kerek \u00e9vfordul\u00f3k"],"inLanguage":"hu"},{"@type":"WebPage","@id":"https:\/\/dorogimedence.hu\/index.php\/2022\/08\/24\/55-eve-letesult-az-elegant-majus-1-ruhagyar-dorogon\/","url":"https:\/\/dorogimedence.hu\/index.php\/2022\/08\/24\/55-eve-letesult-az-elegant-majus-1-ruhagyar-dorogon\/","name":"55 \u00e9ve l\u00e9tes\u00fclt az Elegant M\u00e1jus 1. Ruhagy\u00e1r Dorogon","isPartOf":{"@id":"https:\/\/dorogimedence.hu\/#website"},"primaryImageOfPage":{"@id":"https:\/\/dorogimedence.hu\/index.php\/2022\/08\/24\/55-eve-letesult-az-elegant-majus-1-ruhagyar-dorogon\/#primaryimage"},"image":{"@id":"https:\/\/dorogimedence.hu\/index.php\/2022\/08\/24\/55-eve-letesult-az-elegant-majus-1-ruhagyar-dorogon\/#primaryimage"},"thumbnailUrl":"https:\/\/dorogimedence.hu\/wp-content\/uploads\/2022\/08\/Dorogi-ruhagyar-Boritokep.jpg","datePublished":"2022-08-24T07:15:50+00:00","dateModified":"2022-08-25T00:57:10+00:00","breadcrumb":{"@id":"https:\/\/dorogimedence.hu\/index.php\/2022\/08\/24\/55-eve-letesult-az-elegant-majus-1-ruhagyar-dorogon\/#breadcrumb"},"inLanguage":"hu","potentialAction":[{"@type":"ReadAction","target":["https:\/\/dorogimedence.hu\/index.php\/2022\/08\/24\/55-eve-letesult-az-elegant-majus-1-ruhagyar-dorogon\/"]}]},{"@type":"ImageObject","inLanguage":"hu","@id":"https:\/\/dorogimedence.hu\/index.php\/2022\/08\/24\/55-eve-letesult-az-elegant-majus-1-ruhagyar-dorogon\/#primaryimage","url":"https:\/\/dorogimedence.hu\/wp-content\/uploads\/2022\/08\/Dorogi-ruhagyar-Boritokep.jpg","contentUrl":"https:\/\/dorogimedence.hu\/wp-content\/uploads\/2022\/08\/Dorogi-ruhagyar-Boritokep.jpg","width":555,"height":405},{"@type":"BreadcrumbList","@id":"https:\/\/dorogimedence.hu\/index.php\/2022\/08\/24\/55-eve-letesult-az-elegant-majus-1-ruhagyar-dorogon\/#breadcrumb","itemListElement":[{"@type":"ListItem","position":1,"name":"Kezd\u0151lap","item":"https:\/\/dorogimedence.hu\/"},{"@type":"ListItem","position":2,"name":"55 \u00e9ve l\u00e9tes\u00fclt az Elegant M\u00e1jus 1. Ruhagy\u00e1r Dorogon"}]},{"@type":"WebSite","@id":"https:\/\/dorogimedence.hu\/#website","url":"https:\/\/dorogimedence.hu\/","name":"Dorogi-medence Region\u00e1lis H\u00edrport\u00e1l","description":"Dorog, Keszt\u00f6lc, Le\u00e1nyv\u00e1r, Piliscs\u00e9v, Tokod, Tokodalt\u00e1r\u00f3, Csolnok, Esztergom-kertv\u00e1ros: h\u00edrek, programok","publisher":{"@id":"https:\/\/dorogimedence.hu\/#organization"},"potentialAction":[{"@type":"SearchAction","target":{"@type":"EntryPoint","urlTemplate":"https:\/\/dorogimedence.hu\/?s={search_term_string}"},"query-input":{"@type":"PropertyValueSpecification","valueRequired":true,"valueName":"search_term_string"}}],"inLanguage":"hu"},{"@type":"Organization","@id":"https:\/\/dorogimedence.hu\/#organization","name":"Dorogi-medence Region\u00e1lis H\u00edrport\u00e1l","url":"https:\/\/dorogimedence.hu\/","logo":{"@type":"ImageObject","inLanguage":"hu","@id":"https:\/\/dorogimedence.hu\/#\/schema\/logo\/image\/","url":"https:\/\/dorogimedence.hu\/wp-content\/uploads\/2021\/04\/logo-feher-600.png","contentUrl":"https:\/\/dorogimedence.hu\/wp-content\/uploads\/2021\/04\/logo-feher-600.png","width":600,"height":100,"caption":"Dorogi-medence Region\u00e1lis H\u00edrport\u00e1l"},"image":{"@id":"https:\/\/dorogimedence.hu\/#\/schema\/logo\/image\/"},"sameAs":["https:\/\/www.facebook.com\/dorogimedence\/"]},{"@type":"Person","@id":"https:\/\/dorogimedence.hu\/#\/schema\/person\/76605e8151ec1b7376385cd184ede973","name":"Szab\u00f3 Gyula","image":{"@type":"ImageObject","inLanguage":"hu","@id":"\/\/www.gravatar.com\/avatar\/3e44b6fb2ef9bcea3639958cc2a587cb?s=96&#038;r=g&#038;d=mm","url":"\/\/www.gravatar.com\/avatar\/3e44b6fb2ef9bcea3639958cc2a587cb?s=96&#038;r=g&#038;d=mm","contentUrl":"\/\/www.gravatar.com\/avatar\/3e44b6fb2ef9bcea3639958cc2a587cb?s=96&#038;r=g&#038;d=mm","caption":"Szab\u00f3 Gyula"}}]}},"_links":{"self":[{"href":"https:\/\/dorogimedence.hu\/index.php\/wp-json\/wp\/v2\/posts\/45784","targetHints":{"allow":["GET"]}}],"collection":[{"href":"https:\/\/dorogimedence.hu\/index.php\/wp-json\/wp\/v2\/posts"}],"about":[{"href":"https:\/\/dorogimedence.hu\/index.php\/wp-json\/wp\/v2\/types\/post"}],"author":[{"embeddable":true,"href":"https:\/\/dorogimedence.hu\/index.php\/wp-json\/wp\/v2\/users\/4"}],"replies":[{"embeddable":true,"href":"https:\/\/dorogimedence.hu\/index.php\/wp-json\/wp\/v2\/comments?post=45784"}],"version-history":[{"count":0,"href":"https:\/\/dorogimedence.hu\/index.php\/wp-json\/wp\/v2\/posts\/45784\/revisions"}],"wp:featuredmedia":[{"embeddable":true,"href":"https:\/\/dorogimedence.hu\/index.php\/wp-json\/wp\/v2\/media\/45788"}],"wp:attachment":[{"href":"https:\/\/dorogimedence.hu\/index.php\/wp-json\/wp\/v2\/media?parent=45784"}],"wp:term":[{"taxonomy":"category","embeddable":true,"href":"https:\/\/dorogimedence.hu\/index.php\/wp-json\/wp\/v2\/categories?post=45784"},{"taxonomy":"post_tag","embeddable":true,"href":"https:\/\/dorogimedence.hu\/index.php\/wp-json\/wp\/v2\/tags?post=45784"}],"curies":[{"name":"wp","href":"https:\/\/api.w.org\/{rel}","templated":true}]}}