{"id":45747,"date":"2022-08-19T12:07:15","date_gmt":"2022-08-19T10:07:15","guid":{"rendered":"https:\/\/dorogimedence.hu\/?p=45747"},"modified":"2022-08-19T12:07:32","modified_gmt":"2022-08-19T10:07:32","slug":"meteorologiai-szolgalat-zivatarok-is-befolyasolhatjak-az-unnepi-programokat","status":"publish","type":"post","link":"https:\/\/dorogimedence.hu\/index.php\/2022\/08\/19\/meteorologiai-szolgalat-zivatarok-is-befolyasolhatjak-az-unnepi-programokat\/","title":{"rendered":"Meteorol\u00f3giai szolg\u00e1lat: zivatarok is befoly\u00e1solhatj\u00e1k az \u00fcnnepi programokat"},"content":{"rendered":"<p><strong>Zivatarok is befoly\u00e1solhatj\u00e1k az augusztus 20-ai \u00fcnnepi programokat &#8211; k\u00f6z\u00f6lte p\u00e9nteken az MTI-vel az Orsz\u00e1gos Meteorol\u00f3giai Szolg\u00e1lat, amely azt k\u00e9ri: aki kil\u00e1togatna a rendezv\u00e9nyekre, k\u00f6vesse nyomon az id\u0151j\u00e1r\u00e1s alakul\u00e1s\u00e1t, a vesz\u00e9lyjelz\u00e9seket.<\/strong><\/p>\n<p>Kifejtett\u00e9k: Magyarorsz\u00e1got el\u00e9ri egy hidegfront, tov\u00e1bb\u00e1 egy ennek d\u00e9lebbi szakasz\u00e1n kialakul\u00f3 \u00f6n\u00e1ll\u00f3 l\u00e9g\u00f6rv\u00e9ny. Emiatt szombaton er\u0151sen felh\u0151s, illetve borult lesz az \u00e9g, n\u00e9mi sz\u0171rt naps\u00fct\u00e9s az orsz\u00e1g \u00e9szakkeleti megy\u00e9iben lehet. A Dun\u00e1nt\u00falon \u00e9s a Duna-Tisza k\u00f6z\u00e9n t\u00f6bbfel\u00e9, t\u00f6bb hull\u00e1mban v\u00e1rhat\u00f3 z\u00e1por, zivatar, n\u00e9hol tart\u00f3s es\u0151. Az \u00e9szakkeleti megy\u00e9kben kisebb a csapad\u00e9k es\u00e9lye, ott csak kev\u00e9s helyen fordulhat el\u0151 z\u00e1por, zivatar. A zivatarokat els\u0151sorban felh\u0151szakad\u00e1s (\u00e1ltal\u00e1ban 30-50 millim\u00e9ter, n\u00e9hol ann\u00e1l is t\u00f6bb es\u0151), helyenk\u00e9nt viha<span style=\"color: blue;\">r<\/span>os sz\u00e9l \u00e9s j\u00e9ges\u0151 k\u00eds\u00e9rheti. Az \u00e9szaki, \u00e9szaknyugati szelet \u00e9l\u00e9nk, a Nyugat-Dun\u00e1nt\u00falon er\u0151s sz\u00e9ll\u00f6k\u00e9sek k\u00eds\u00e9rik.<\/p>\n<p>A legalacsonyabb h\u0151m\u00e9rs\u00e9klet 16 \u00e9s 23 Celsius-fok k\u00f6z\u00f6tt alakul. Szombaton d\u00e9lut\u00e1n az orsz\u00e1g legnagyobb r\u00e9sz\u00e9n 25 \u00e9s 31 fok v\u00e1rhat\u00f3, a tart\u00f3san csapad\u00e9kos helyeken enn\u00e9l kiss\u00e9 h\u0171v\u00f6sebb lehet, m\u00edg az \u00e9szakkeleti megy\u00e9kben m\u00e9g 32-36 fokig melegszik fel a leveg\u0151.<\/p>\n<p>A f\u0151v\u00e1ros t\u00e9rs\u00e9g\u00e9ben is er\u0151sen felh\u0151s lesz az \u00e9g szombaton. A nap folyam\u00e1n b\u00e1rmikor, ak\u00e1r t\u00f6bb alkalommal is el\u0151fordulhatnak z\u00e1porok, zivatarok. Ezek a t\u0171zij\u00e1t\u00e9k tervezett id\u0151pontj\u00e1t is \u00e9rinthetik &#8211; \u00edrt\u00e1k. A zivatarokat els\u0151sorban felh\u0151szakad\u00e1s k\u00eds\u00e9rheti. Id\u0151nk\u00e9nt meg\u00e9l\u00e9nk\u00fcl az \u00e9szaknyugati sz\u00e9l.<\/p>\n<p>Az Orsz\u00e1gos Meteorol\u00f3giai Szolg\u00e1lat felh\u00edvta a figyelmet arra, hogy a vesz\u00e9lyelz\u00e9sek el\u00e9rhet\u0151k a <span style=\"text-decoration: underline; color: #0000ff;\"><a style=\"color: #0000ff; text-decoration: underline;\" title=\"Hely megnyit\u00e1sa\" href=\"http:\/\/www.met.hu\/idojaras\/veszelyjelzes\/\" target=\"_blank\" rel=\"noopener\">www.met.hu\/idojaras\/veszelyjelzes\/<\/a><\/span> linken, aj\u00e1nlj\u00e1k tov\u00e1bb\u00e1 a METEORA nev\u0171 alkalmaz\u00e1st is.<\/p>\n","protected":false},"excerpt":{"rendered":"<p>Zivatarok is befoly\u00e1solhatj\u00e1k az augusztus 20-ai \u00fcnnepi programokat &#8211; k\u00f6z\u00f6lte p\u00e9nteken az MTI-vel az Orsz\u00e1gos Meteorol\u00f3giai Szolg\u00e1lat, amely azt k\u00e9ri: aki kil\u00e1togatna a rendezv\u00e9nyekre, k\u00f6vesse nyomon az id\u0151j\u00e1r\u00e1s alakul\u00e1s\u00e1t, a vesz\u00e9lyjelz\u00e9seket. Kifejtett\u00e9k: Magyarorsz\u00e1got el\u00e9ri egy hidegfront, tov\u00e1bb\u00e1 egy ennek d\u00e9lebbi szakasz\u00e1n kialakul\u00f3 \u00f6n\u00e1ll\u00f3 l\u00e9g\u00f6rv\u00e9ny. Emiatt szombaton er\u0151sen felh\u0151s, illetve borult lesz az \u00e9g, n\u00e9mi sz\u0171rt<\/p>\n","protected":false},"author":1,"featured_media":45748,"comment_status":"closed","ping_status":"closed","sticky":false,"template":"","format":"standard","meta":{"ngg_post_thumbnail":0,"footnotes":""},"categories":[3],"tags":[1260,1565,1262,1317],"class_list":{"0":"post-45747","1":"post","2":"type-post","3":"status-publish","4":"format-standard","5":"has-post-thumbnail","7":"category-hirek","8":"tag-augusztus-20","9":"tag-eso","10":"tag-omsz","11":"tag-vihar"},"yoast_head":"<!-- This site is optimized with the Yoast SEO plugin v27.5 - https:\/\/yoast.com\/product\/yoast-seo-wordpress\/ -->\n<title>Meteorol\u00f3giai szolg\u00e1lat: zivatarok is befoly\u00e1solhatj\u00e1k az \u00fcnnepi programokat<\/title>\n<meta name=\"robots\" content=\"index, follow, max-snippet:-1, max-image-preview:large, max-video-preview:-1\" \/>\n<link rel=\"canonical\" href=\"https:\/\/dorogimedence.hu\/index.php\/2022\/08\/19\/meteorologiai-szolgalat-zivatarok-is-befolyasolhatjak-az-unnepi-programokat\/\" class=\"yoast-seo-meta-tag\" \/>\n<meta property=\"og:locale\" content=\"hu_HU\" class=\"yoast-seo-meta-tag\" \/>\n<meta property=\"og:type\" content=\"article\" class=\"yoast-seo-meta-tag\" \/>\n<meta property=\"og:title\" content=\"Meteorol\u00f3giai szolg\u00e1lat: zivatarok is befoly\u00e1solhatj\u00e1k az \u00fcnnepi programokat\" class=\"yoast-seo-meta-tag\" \/>\n<meta property=\"og:description\" content=\"Zivatarok is befoly\u00e1solhatj\u00e1k az augusztus 20-ai \u00fcnnepi programokat &#8211; k\u00f6z\u00f6lte p\u00e9nteken az MTI-vel az Orsz\u00e1gos Meteorol\u00f3giai Szolg\u00e1lat, amely azt k\u00e9ri: aki kil\u00e1togatna a rendezv\u00e9nyekre, k\u00f6vesse nyomon az id\u0151j\u00e1r\u00e1s alakul\u00e1s\u00e1t, a vesz\u00e9lyjelz\u00e9seket. Kifejtett\u00e9k: Magyarorsz\u00e1got el\u00e9ri egy hidegfront, tov\u00e1bb\u00e1 egy ennek d\u00e9lebbi szakasz\u00e1n kialakul\u00f3 \u00f6n\u00e1ll\u00f3 l\u00e9g\u00f6rv\u00e9ny. Emiatt szombaton er\u0151sen felh\u0151s, illetve borult lesz az \u00e9g, n\u00e9mi sz\u0171rt\" class=\"yoast-seo-meta-tag\" \/>\n<meta property=\"og:url\" content=\"https:\/\/dorogimedence.hu\/index.php\/2022\/08\/19\/meteorologiai-szolgalat-zivatarok-is-befolyasolhatjak-az-unnepi-programokat\/\" class=\"yoast-seo-meta-tag\" \/>\n<meta property=\"og:site_name\" content=\"Dorogi-medence Region\u00e1lis H\u00edrport\u00e1l\" class=\"yoast-seo-meta-tag\" \/>\n<meta property=\"article:publisher\" content=\"https:\/\/www.facebook.com\/dorogimedence\/\" class=\"yoast-seo-meta-tag\" \/>\n<meta property=\"article:published_time\" content=\"2022-08-19T10:07:15+00:00\" class=\"yoast-seo-meta-tag\" \/>\n<meta property=\"article:modified_time\" content=\"2022-08-19T10:07:32+00:00\" class=\"yoast-seo-meta-tag\" \/>\n<meta property=\"og:image\" content=\"https:\/\/i0.wp.com\/dorogimedence.hu\/wp-content\/uploads\/2022\/08\/rain-gb3e85f538_1920.jpg?fit=1920%2C1280&ssl=1\" class=\"yoast-seo-meta-tag\" \/>\n\t<meta property=\"og:image:width\" content=\"1920\" class=\"yoast-seo-meta-tag\" \/>\n\t<meta property=\"og:image:height\" content=\"1280\" class=\"yoast-seo-meta-tag\" \/>\n\t<meta property=\"og:image:type\" content=\"image\/jpeg\" class=\"yoast-seo-meta-tag\" \/>\n<meta name=\"author\" content=\"dorogimedence.hu\" class=\"yoast-seo-meta-tag\" \/>\n<meta name=\"twitter:card\" content=\"summary_large_image\" class=\"yoast-seo-meta-tag\" \/>\n<meta name=\"twitter:label1\" content=\"Szerz\u0151:\" class=\"yoast-seo-meta-tag\" \/>\n\t<meta name=\"twitter:data1\" content=\"dorogimedence.hu\" class=\"yoast-seo-meta-tag\" \/>\n\t<meta name=\"twitter:label2\" content=\"Becs\u00fclt olvas\u00e1si id\u0151\" class=\"yoast-seo-meta-tag\" \/>\n\t<meta name=\"twitter:data2\" content=\"2 perc\" class=\"yoast-seo-meta-tag\" \/>\n<script type=\"application\/ld+json\" class=\"yoast-schema-graph\">{\"@context\":\"https:\\\/\\\/schema.org\",\"@graph\":[{\"@type\":\"Article\",\"@id\":\"https:\\\/\\\/dorogimedence.hu\\\/index.php\\\/2022\\\/08\\\/19\\\/meteorologiai-szolgalat-zivatarok-is-befolyasolhatjak-az-unnepi-programokat\\\/#article\",\"isPartOf\":{\"@id\":\"https:\\\/\\\/dorogimedence.hu\\\/index.php\\\/2022\\\/08\\\/19\\\/meteorologiai-szolgalat-zivatarok-is-befolyasolhatjak-az-unnepi-programokat\\\/\"},\"author\":{\"name\":\"dorogimedence.hu\",\"@id\":\"https:\\\/\\\/dorogimedence.hu\\\/#\\\/schema\\\/person\\\/ce6091eeb7e95ecdc87890d6aa8e0fd4\"},\"headline\":\"Meteorol\u00f3giai szolg\u00e1lat: zivatarok is befoly\u00e1solhatj\u00e1k az \u00fcnnepi programokat\",\"datePublished\":\"2022-08-19T10:07:15+00:00\",\"dateModified\":\"2022-08-19T10:07:32+00:00\",\"mainEntityOfPage\":{\"@id\":\"https:\\\/\\\/dorogimedence.hu\\\/index.php\\\/2022\\\/08\\\/19\\\/meteorologiai-szolgalat-zivatarok-is-befolyasolhatjak-az-unnepi-programokat\\\/\"},\"wordCount\":368,\"publisher\":{\"@id\":\"https:\\\/\\\/dorogimedence.hu\\\/#organization\"},\"image\":{\"@id\":\"https:\\\/\\\/dorogimedence.hu\\\/index.php\\\/2022\\\/08\\\/19\\\/meteorologiai-szolgalat-zivatarok-is-befolyasolhatjak-az-unnepi-programokat\\\/#primaryimage\"},\"thumbnailUrl\":\"https:\\\/\\\/dorogimedence.hu\\\/wp-content\\\/uploads\\\/2022\\\/08\\\/rain-gb3e85f538_1920.jpg\",\"keywords\":[\"augusztus 20.\",\"es\u0151\",\"OMSZ\",\"vihar\"],\"articleSection\":[\"H\u00edrek\"],\"inLanguage\":\"hu\"},{\"@type\":\"WebPage\",\"@id\":\"https:\\\/\\\/dorogimedence.hu\\\/index.php\\\/2022\\\/08\\\/19\\\/meteorologiai-szolgalat-zivatarok-is-befolyasolhatjak-az-unnepi-programokat\\\/\",\"url\":\"https:\\\/\\\/dorogimedence.hu\\\/index.php\\\/2022\\\/08\\\/19\\\/meteorologiai-szolgalat-zivatarok-is-befolyasolhatjak-az-unnepi-programokat\\\/\",\"name\":\"Meteorol\u00f3giai szolg\u00e1lat: zivatarok is befoly\u00e1solhatj\u00e1k az \u00fcnnepi programokat\",\"isPartOf\":{\"@id\":\"https:\\\/\\\/dorogimedence.hu\\\/#website\"},\"primaryImageOfPage\":{\"@id\":\"https:\\\/\\\/dorogimedence.hu\\\/index.php\\\/2022\\\/08\\\/19\\\/meteorologiai-szolgalat-zivatarok-is-befolyasolhatjak-az-unnepi-programokat\\\/#primaryimage\"},\"image\":{\"@id\":\"https:\\\/\\\/dorogimedence.hu\\\/index.php\\\/2022\\\/08\\\/19\\\/meteorologiai-szolgalat-zivatarok-is-befolyasolhatjak-az-unnepi-programokat\\\/#primaryimage\"},\"thumbnailUrl\":\"https:\\\/\\\/dorogimedence.hu\\\/wp-content\\\/uploads\\\/2022\\\/08\\\/rain-gb3e85f538_1920.jpg\",\"datePublished\":\"2022-08-19T10:07:15+00:00\",\"dateModified\":\"2022-08-19T10:07:32+00:00\",\"breadcrumb\":{\"@id\":\"https:\\\/\\\/dorogimedence.hu\\\/index.php\\\/2022\\\/08\\\/19\\\/meteorologiai-szolgalat-zivatarok-is-befolyasolhatjak-az-unnepi-programokat\\\/#breadcrumb\"},\"inLanguage\":\"hu\",\"potentialAction\":[{\"@type\":\"ReadAction\",\"target\":[\"https:\\\/\\\/dorogimedence.hu\\\/index.php\\\/2022\\\/08\\\/19\\\/meteorologiai-szolgalat-zivatarok-is-befolyasolhatjak-az-unnepi-programokat\\\/\"]}]},{\"@type\":\"ImageObject\",\"inLanguage\":\"hu\",\"@id\":\"https:\\\/\\\/dorogimedence.hu\\\/index.php\\\/2022\\\/08\\\/19\\\/meteorologiai-szolgalat-zivatarok-is-befolyasolhatjak-az-unnepi-programokat\\\/#primaryimage\",\"url\":\"https:\\\/\\\/dorogimedence.hu\\\/wp-content\\\/uploads\\\/2022\\\/08\\\/rain-gb3e85f538_1920.jpg\",\"contentUrl\":\"https:\\\/\\\/dorogimedence.hu\\\/wp-content\\\/uploads\\\/2022\\\/08\\\/rain-gb3e85f538_1920.jpg\",\"width\":1920,\"height\":1280},{\"@type\":\"BreadcrumbList\",\"@id\":\"https:\\\/\\\/dorogimedence.hu\\\/index.php\\\/2022\\\/08\\\/19\\\/meteorologiai-szolgalat-zivatarok-is-befolyasolhatjak-az-unnepi-programokat\\\/#breadcrumb\",\"itemListElement\":[{\"@type\":\"ListItem\",\"position\":1,\"name\":\"Kezd\u0151lap\",\"item\":\"https:\\\/\\\/dorogimedence.hu\\\/\"},{\"@type\":\"ListItem\",\"position\":2,\"name\":\"Meteorol\u00f3giai szolg\u00e1lat: zivatarok is befoly\u00e1solhatj\u00e1k az \u00fcnnepi programokat\"}]},{\"@type\":\"WebSite\",\"@id\":\"https:\\\/\\\/dorogimedence.hu\\\/#website\",\"url\":\"https:\\\/\\\/dorogimedence.hu\\\/\",\"name\":\"Dorogi-medence Region\u00e1lis H\u00edrport\u00e1l\",\"description\":\"Dorog, Keszt\u00f6lc, Le\u00e1nyv\u00e1r, Piliscs\u00e9v, Tokod, Tokodalt\u00e1r\u00f3, Csolnok, Esztergom-kertv\u00e1ros: h\u00edrek, programok\",\"publisher\":{\"@id\":\"https:\\\/\\\/dorogimedence.hu\\\/#organization\"},\"potentialAction\":[{\"@type\":\"SearchAction\",\"target\":{\"@type\":\"EntryPoint\",\"urlTemplate\":\"https:\\\/\\\/dorogimedence.hu\\\/?s={search_term_string}\"},\"query-input\":{\"@type\":\"PropertyValueSpecification\",\"valueRequired\":true,\"valueName\":\"search_term_string\"}}],\"inLanguage\":\"hu\"},{\"@type\":\"Organization\",\"@id\":\"https:\\\/\\\/dorogimedence.hu\\\/#organization\",\"name\":\"Dorogi-medence Region\u00e1lis H\u00edrport\u00e1l\",\"url\":\"https:\\\/\\\/dorogimedence.hu\\\/\",\"logo\":{\"@type\":\"ImageObject\",\"inLanguage\":\"hu\",\"@id\":\"https:\\\/\\\/dorogimedence.hu\\\/#\\\/schema\\\/logo\\\/image\\\/\",\"url\":\"https:\\\/\\\/dorogimedence.hu\\\/wp-content\\\/uploads\\\/2021\\\/04\\\/logo-feher-600.png\",\"contentUrl\":\"https:\\\/\\\/dorogimedence.hu\\\/wp-content\\\/uploads\\\/2021\\\/04\\\/logo-feher-600.png\",\"width\":600,\"height\":100,\"caption\":\"Dorogi-medence Region\u00e1lis H\u00edrport\u00e1l\"},\"image\":{\"@id\":\"https:\\\/\\\/dorogimedence.hu\\\/#\\\/schema\\\/logo\\\/image\\\/\"},\"sameAs\":[\"https:\\\/\\\/www.facebook.com\\\/dorogimedence\\\/\"]},{\"@type\":\"Person\",\"@id\":\"https:\\\/\\\/dorogimedence.hu\\\/#\\\/schema\\\/person\\\/ce6091eeb7e95ecdc87890d6aa8e0fd4\",\"name\":\"dorogimedence.hu\",\"image\":{\"@type\":\"ImageObject\",\"inLanguage\":\"hu\",\"@id\":\"\\\/\\\/www.gravatar.com\\\/avatar\\\/d8d45f8901aadff40a4af72c0b826f1d?s=96&#038;r=g&#038;d=mm\",\"url\":\"\\\/\\\/www.gravatar.com\\\/avatar\\\/d8d45f8901aadff40a4af72c0b826f1d?s=96&#038;r=g&#038;d=mm\",\"contentUrl\":\"\\\/\\\/www.gravatar.com\\\/avatar\\\/d8d45f8901aadff40a4af72c0b826f1d?s=96&#038;r=g&#038;d=mm\",\"caption\":\"dorogimedence.hu\"}}]}<\/script>\n<!-- \/ Yoast SEO plugin. -->","yoast_head_json":{"title":"Meteorol\u00f3giai szolg\u00e1lat: zivatarok is befoly\u00e1solhatj\u00e1k az \u00fcnnepi programokat","robots":{"index":"index","follow":"follow","max-snippet":"max-snippet:-1","max-image-preview":"max-image-preview:large","max-video-preview":"max-video-preview:-1"},"canonical":"https:\/\/dorogimedence.hu\/index.php\/2022\/08\/19\/meteorologiai-szolgalat-zivatarok-is-befolyasolhatjak-az-unnepi-programokat\/","og_locale":"hu_HU","og_type":"article","og_title":"Meteorol\u00f3giai szolg\u00e1lat: zivatarok is befoly\u00e1solhatj\u00e1k az \u00fcnnepi programokat","og_description":"Zivatarok is befoly\u00e1solhatj\u00e1k az augusztus 20-ai \u00fcnnepi programokat &#8211; k\u00f6z\u00f6lte p\u00e9nteken az MTI-vel az Orsz\u00e1gos Meteorol\u00f3giai Szolg\u00e1lat, amely azt k\u00e9ri: aki kil\u00e1togatna a rendezv\u00e9nyekre, k\u00f6vesse nyomon az id\u0151j\u00e1r\u00e1s alakul\u00e1s\u00e1t, a vesz\u00e9lyjelz\u00e9seket. Kifejtett\u00e9k: Magyarorsz\u00e1got el\u00e9ri egy hidegfront, tov\u00e1bb\u00e1 egy ennek d\u00e9lebbi szakasz\u00e1n kialakul\u00f3 \u00f6n\u00e1ll\u00f3 l\u00e9g\u00f6rv\u00e9ny. Emiatt szombaton er\u0151sen felh\u0151s, illetve borult lesz az \u00e9g, n\u00e9mi sz\u0171rt","og_url":"https:\/\/dorogimedence.hu\/index.php\/2022\/08\/19\/meteorologiai-szolgalat-zivatarok-is-befolyasolhatjak-az-unnepi-programokat\/","og_site_name":"Dorogi-medence Region\u00e1lis H\u00edrport\u00e1l","article_publisher":"https:\/\/www.facebook.com\/dorogimedence\/","article_published_time":"2022-08-19T10:07:15+00:00","article_modified_time":"2022-08-19T10:07:32+00:00","og_image":[{"width":1920,"height":1280,"url":"https:\/\/i0.wp.com\/dorogimedence.hu\/wp-content\/uploads\/2022\/08\/rain-gb3e85f538_1920.jpg?fit=1920%2C1280&ssl=1","type":"image\/jpeg"}],"author":"dorogimedence.hu","twitter_card":"summary_large_image","twitter_misc":{"Szerz\u0151:":"dorogimedence.hu","Becs\u00fclt olvas\u00e1si id\u0151":"2 perc"},"schema":{"@context":"https:\/\/schema.org","@graph":[{"@type":"Article","@id":"https:\/\/dorogimedence.hu\/index.php\/2022\/08\/19\/meteorologiai-szolgalat-zivatarok-is-befolyasolhatjak-az-unnepi-programokat\/#article","isPartOf":{"@id":"https:\/\/dorogimedence.hu\/index.php\/2022\/08\/19\/meteorologiai-szolgalat-zivatarok-is-befolyasolhatjak-az-unnepi-programokat\/"},"author":{"name":"dorogimedence.hu","@id":"https:\/\/dorogimedence.hu\/#\/schema\/person\/ce6091eeb7e95ecdc87890d6aa8e0fd4"},"headline":"Meteorol\u00f3giai szolg\u00e1lat: zivatarok is befoly\u00e1solhatj\u00e1k az \u00fcnnepi programokat","datePublished":"2022-08-19T10:07:15+00:00","dateModified":"2022-08-19T10:07:32+00:00","mainEntityOfPage":{"@id":"https:\/\/dorogimedence.hu\/index.php\/2022\/08\/19\/meteorologiai-szolgalat-zivatarok-is-befolyasolhatjak-az-unnepi-programokat\/"},"wordCount":368,"publisher":{"@id":"https:\/\/dorogimedence.hu\/#organization"},"image":{"@id":"https:\/\/dorogimedence.hu\/index.php\/2022\/08\/19\/meteorologiai-szolgalat-zivatarok-is-befolyasolhatjak-az-unnepi-programokat\/#primaryimage"},"thumbnailUrl":"https:\/\/dorogimedence.hu\/wp-content\/uploads\/2022\/08\/rain-gb3e85f538_1920.jpg","keywords":["augusztus 20.","es\u0151","OMSZ","vihar"],"articleSection":["H\u00edrek"],"inLanguage":"hu"},{"@type":"WebPage","@id":"https:\/\/dorogimedence.hu\/index.php\/2022\/08\/19\/meteorologiai-szolgalat-zivatarok-is-befolyasolhatjak-az-unnepi-programokat\/","url":"https:\/\/dorogimedence.hu\/index.php\/2022\/08\/19\/meteorologiai-szolgalat-zivatarok-is-befolyasolhatjak-az-unnepi-programokat\/","name":"Meteorol\u00f3giai szolg\u00e1lat: zivatarok is befoly\u00e1solhatj\u00e1k az \u00fcnnepi programokat","isPartOf":{"@id":"https:\/\/dorogimedence.hu\/#website"},"primaryImageOfPage":{"@id":"https:\/\/dorogimedence.hu\/index.php\/2022\/08\/19\/meteorologiai-szolgalat-zivatarok-is-befolyasolhatjak-az-unnepi-programokat\/#primaryimage"},"image":{"@id":"https:\/\/dorogimedence.hu\/index.php\/2022\/08\/19\/meteorologiai-szolgalat-zivatarok-is-befolyasolhatjak-az-unnepi-programokat\/#primaryimage"},"thumbnailUrl":"https:\/\/dorogimedence.hu\/wp-content\/uploads\/2022\/08\/rain-gb3e85f538_1920.jpg","datePublished":"2022-08-19T10:07:15+00:00","dateModified":"2022-08-19T10:07:32+00:00","breadcrumb":{"@id":"https:\/\/dorogimedence.hu\/index.php\/2022\/08\/19\/meteorologiai-szolgalat-zivatarok-is-befolyasolhatjak-az-unnepi-programokat\/#breadcrumb"},"inLanguage":"hu","potentialAction":[{"@type":"ReadAction","target":["https:\/\/dorogimedence.hu\/index.php\/2022\/08\/19\/meteorologiai-szolgalat-zivatarok-is-befolyasolhatjak-az-unnepi-programokat\/"]}]},{"@type":"ImageObject","inLanguage":"hu","@id":"https:\/\/dorogimedence.hu\/index.php\/2022\/08\/19\/meteorologiai-szolgalat-zivatarok-is-befolyasolhatjak-az-unnepi-programokat\/#primaryimage","url":"https:\/\/dorogimedence.hu\/wp-content\/uploads\/2022\/08\/rain-gb3e85f538_1920.jpg","contentUrl":"https:\/\/dorogimedence.hu\/wp-content\/uploads\/2022\/08\/rain-gb3e85f538_1920.jpg","width":1920,"height":1280},{"@type":"BreadcrumbList","@id":"https:\/\/dorogimedence.hu\/index.php\/2022\/08\/19\/meteorologiai-szolgalat-zivatarok-is-befolyasolhatjak-az-unnepi-programokat\/#breadcrumb","itemListElement":[{"@type":"ListItem","position":1,"name":"Kezd\u0151lap","item":"https:\/\/dorogimedence.hu\/"},{"@type":"ListItem","position":2,"name":"Meteorol\u00f3giai szolg\u00e1lat: zivatarok is befoly\u00e1solhatj\u00e1k az \u00fcnnepi programokat"}]},{"@type":"WebSite","@id":"https:\/\/dorogimedence.hu\/#website","url":"https:\/\/dorogimedence.hu\/","name":"Dorogi-medence Region\u00e1lis H\u00edrport\u00e1l","description":"Dorog, Keszt\u00f6lc, Le\u00e1nyv\u00e1r, Piliscs\u00e9v, Tokod, Tokodalt\u00e1r\u00f3, Csolnok, Esztergom-kertv\u00e1ros: h\u00edrek, programok","publisher":{"@id":"https:\/\/dorogimedence.hu\/#organization"},"potentialAction":[{"@type":"SearchAction","target":{"@type":"EntryPoint","urlTemplate":"https:\/\/dorogimedence.hu\/?s={search_term_string}"},"query-input":{"@type":"PropertyValueSpecification","valueRequired":true,"valueName":"search_term_string"}}],"inLanguage":"hu"},{"@type":"Organization","@id":"https:\/\/dorogimedence.hu\/#organization","name":"Dorogi-medence Region\u00e1lis H\u00edrport\u00e1l","url":"https:\/\/dorogimedence.hu\/","logo":{"@type":"ImageObject","inLanguage":"hu","@id":"https:\/\/dorogimedence.hu\/#\/schema\/logo\/image\/","url":"https:\/\/dorogimedence.hu\/wp-content\/uploads\/2021\/04\/logo-feher-600.png","contentUrl":"https:\/\/dorogimedence.hu\/wp-content\/uploads\/2021\/04\/logo-feher-600.png","width":600,"height":100,"caption":"Dorogi-medence Region\u00e1lis H\u00edrport\u00e1l"},"image":{"@id":"https:\/\/dorogimedence.hu\/#\/schema\/logo\/image\/"},"sameAs":["https:\/\/www.facebook.com\/dorogimedence\/"]},{"@type":"Person","@id":"https:\/\/dorogimedence.hu\/#\/schema\/person\/ce6091eeb7e95ecdc87890d6aa8e0fd4","name":"dorogimedence.hu","image":{"@type":"ImageObject","inLanguage":"hu","@id":"\/\/www.gravatar.com\/avatar\/d8d45f8901aadff40a4af72c0b826f1d?s=96&#038;r=g&#038;d=mm","url":"\/\/www.gravatar.com\/avatar\/d8d45f8901aadff40a4af72c0b826f1d?s=96&#038;r=g&#038;d=mm","contentUrl":"\/\/www.gravatar.com\/avatar\/d8d45f8901aadff40a4af72c0b826f1d?s=96&#038;r=g&#038;d=mm","caption":"dorogimedence.hu"}}]}},"_links":{"self":[{"href":"https:\/\/dorogimedence.hu\/index.php\/wp-json\/wp\/v2\/posts\/45747","targetHints":{"allow":["GET"]}}],"collection":[{"href":"https:\/\/dorogimedence.hu\/index.php\/wp-json\/wp\/v2\/posts"}],"about":[{"href":"https:\/\/dorogimedence.hu\/index.php\/wp-json\/wp\/v2\/types\/post"}],"author":[{"embeddable":true,"href":"https:\/\/dorogimedence.hu\/index.php\/wp-json\/wp\/v2\/users\/1"}],"replies":[{"embeddable":true,"href":"https:\/\/dorogimedence.hu\/index.php\/wp-json\/wp\/v2\/comments?post=45747"}],"version-history":[{"count":0,"href":"https:\/\/dorogimedence.hu\/index.php\/wp-json\/wp\/v2\/posts\/45747\/revisions"}],"wp:featuredmedia":[{"embeddable":true,"href":"https:\/\/dorogimedence.hu\/index.php\/wp-json\/wp\/v2\/media\/45748"}],"wp:attachment":[{"href":"https:\/\/dorogimedence.hu\/index.php\/wp-json\/wp\/v2\/media?parent=45747"}],"wp:term":[{"taxonomy":"category","embeddable":true,"href":"https:\/\/dorogimedence.hu\/index.php\/wp-json\/wp\/v2\/categories?post=45747"},{"taxonomy":"post_tag","embeddable":true,"href":"https:\/\/dorogimedence.hu\/index.php\/wp-json\/wp\/v2\/tags?post=45747"}],"curies":[{"name":"wp","href":"https:\/\/api.w.org\/{rel}","templated":true}]}}