{"id":45650,"date":"2022-08-16T07:13:46","date_gmt":"2022-08-16T05:13:46","guid":{"rendered":"https:\/\/dorogimedence.hu\/?p=45650"},"modified":"2022-08-16T07:13:46","modified_gmt":"2022-08-16T05:13:46","slug":"szuz-maria-mennybevetelere-emlekeztek-esztergomban","status":"publish","type":"post","link":"https:\/\/dorogimedence.hu\/index.php\/2022\/08\/16\/szuz-maria-mennybevetelere-emlekeztek-esztergomban\/","title":{"rendered":"Sz\u0171z M\u00e1ria mennybev\u00e9tel\u00e9re eml\u00e9keztek Esztergomban"},"content":{"rendered":"<p><strong>Az esztergomi Nagyboldogasszony \u00e9s Szent Adalbert-f\u0151sz\u00e9kesegyh\u00e1zban mutatott be szentmis\u00e9t Erd\u0151 P\u00e9ter b\u00edboros, pr\u00edm\u00e1s h\u00e9tf\u0151n, Nagyboldogasszony \u00fcnnep\u00e9n. Az esem\u00e9nyen \u2013 melyre megtelt h\u00edvekkel a bazilika \u2013 r\u00e9szt vett Cserh\u00e1ti Ferenc esztergom-budapesti seg\u00e9dp\u00fcsp\u00f6k, valamint az esztergomi paps\u00e1g<\/strong> <em>&#8211; \u00edrja&nbsp; az Esztergom-Budapesti F\u0151egyh\u00e1zmegye a hivatalos honlapj\u00e1n.<\/em><\/p>\n<p>\u201eHogy a mennyben nagy \u00f6r\u00f6m van a mai napon, azon nem csod\u00e1lkozom, hiszen ennek ezernyi oka van\u201d \u2013 mondta szentbesz\u00e9d\u00e9ben a h\u00edvekkel teli esztergomi bazilik\u00e1ban Sz\u0171z M\u00e1ria mennybev\u00e9tel\u00e9nek \u00fcnnep\u00e9n Erd\u0151 P\u00e9ter b\u00edboros. \u201e\u00d6r\u00fclhet az Atyaisten, mert kedves le\u00e1ny\u00e1t a dics\u0151s\u00e9g koron\u00e1j\u00e1val koron\u00e1zza. \u00d6r\u00fclhet a Fi\u00faisten, mert \u00e9desanyj\u00e1t, aki \u0151t m\u00e9h\u00e9ben hordozta \u00e9s \u00e1ldozatos szeretettel nevelte, maga mell\u00e9 \u00fclteti az \u00f6r\u00f6k boldogs\u00e1g kir\u00e1lyi sz\u00e9k\u00e9be. \u00d6r\u00fclhet a Szentl\u00e9lek Isten, hiszen Sz\u0171z M\u00e1ri\u00e1t, akit a Szentl\u00e9lek m\u00e1tk\u00e1j\u00e1nak is nevez\u00fcnk, teljes f\u00e9nyess\u00e9g\u00e9ben fogadja\u201d \u2013 fogalmazott a F\u0151p\u00e1sztor.<\/p>\n<p><img fetchpriority=\"high\" decoding=\"async\" class=\"alignnone size-full wp-image-45652\" src=\"https:\/\/dorogimedence.hu\/wp-content\/uploads\/2022\/08\/c_dsc_0012.jpg\" alt=\"\" width=\"1024\" height=\"598\"><\/p>\n<p>De mi is \u00f6r\u00fcl\u00fcnk itt a f\u00f6ld\u00f6n \u2013 tette hozz\u00e1 \u2013 \u201eJ\u00e9zus felt\u00e1mad\u00e1s\u00e1val ugyanis emberi term\u00e9szet\u00fcnk m\u00e1r r\u00e9szes\u00fclt az isteni \u00e9let k\u00f6z\u00f6ss\u00e9g\u00e9ben\u201d. Erd\u0151 P\u00e9ter felh\u00edvta r\u00e1 a figyelmet: Krisztus egyszerre val\u00f3s\u00e1gos Isten \u00e9s val\u00f3s\u00e1gos ember, Sz\u0171z M\u00e1ria viszont csakis val\u00f3s\u00e1gos ember, akinek f\u00f6ldi \u00e9lete, Isten akarat\u00e1ra mondott igenje \u00e9s testest\u0151l-lelkest\u0151l val\u00f3 mennybev\u00e9tele igazi \u00e9s k\u00f6zvetlen p\u00e9lda a mi sz\u00e1munkra is: megmutatja utunkat \u00e9s hivat\u00e1sunkat.<\/p>\n<p>A b\u00edboros szentbesz\u00e9d\u00e9ben kit\u00e9rt az emberi \u00e9let\u00fcnk neh\u00e9zs\u00e9geire is: a h\u00e1bor\u00fara, a gazdas\u00e1gi neh\u00e9zs\u00e9gekre, az anyagi \u00e9s egzisztenci\u00e1lis bizonytalans\u00e1gra \u2013 amelyek azonban nem adnak okot a cs\u00fcgged\u00e9sre. Isten gondvisel\u0151 szeretete mellett ugyanis \u2013 fogalmazott Erd\u0151 P\u00e9ter \u2013 \u201emennyei \u00e9desany\u00e1nk, a Boldogs\u00e1gos Sz\u0171z M\u00e1ria p\u00e1rtfogolja nemzet\u00fcnket, csal\u00e1djainkat, Egyh\u00e1zunkat \u00e9s minket, magunkat is. K\u00fcl\u00f6n\u00f6sen \u00e9rezz\u00fck seg\u00edt\u0151 szeretet\u00e9t, ha \u00f6nmagunkat \u00e9s csal\u00e1dunkat k\u00fcl\u00f6n felaj\u00e1nl\u00e1s \u00e9s im\u00e1ds\u00e1g form\u00e1j\u00e1ban az \u0150 oltalm\u00e1ba aj\u00e1nljuk\u201d.<\/p>\n<p><img decoding=\"async\" class=\"alignnone size-full wp-image-45653\" src=\"https:\/\/dorogimedence.hu\/wp-content\/uploads\/2022\/08\/c_dsc_0042.jpg\" alt=\"\" width=\"1024\" height=\"745\"><\/p>\n<p>\u201eSz\u0171z M\u00e1ri\u00e1nak testest\u0151l-lelkest\u0151l val\u00f3 mennybev\u00e9rel\u00e9t \u00fcnnepelj\u00fck\u201d \u2013 ezt m\u00e1r a k\u00f6zszolg\u00e1lati telev\u00edzi\u00f3nak nyilatkozta Erd\u0151 P\u00e9ter az \u00fcnnep alkalm\u00e1b\u00f3l, kit\u00e9rve arra, hogy ezt a jelenetet \u00e1br\u00e1zolja p\u00e9ld\u00e1ul az esztergomi bazilika f\u0151olt\u00e1r\u00e1nak hatalmas festm\u00e9nye. Eml\u00e9keztetett arra is, milyen k\u00fcl\u00f6nlegesen sok templom van Magyarorsz\u00e1gon, amely a Nagyboldogasszonynak van szentelve.<\/p>\n<p>A F\u0151p\u00e1sztor szerint az \u00fcnnep megjelen\u00edt\u00e9se annak, amit a Hiszekegyben megvallunk: hiszem a test f\u00f6lt\u00e1mad\u00e1s\u00e1t \u00e9s az \u00f6r\u00f6k \u00e9letet. \u201eAz pedig, hogy Krisztus f\u00f6lt\u00e1madt test\u00e9ben megjelent, mutatja, hogy Isten t\u00f6bbet tartogat a sz\u00e1munkra, mint amit a saj\u00e1t fant\u00e1zi\u00e1nk el tudna k\u00e9pzelni. Sz\u0171z M\u00e1ria m\u00e1r ebben a boldgogs\u00e1gban, ebben az \u00f6r\u00f6k \u00e9letben van, test\u00e9vel \u00e9s lelk\u00e9vel egy\u00fctt.<\/p>\n<p>Szent Istv\u00e1n kir\u00e1ly a Nagyboldogasszonynak aj\u00e1nlotta f\u00f6l Magyarorsz\u00e1got \u2013 id\u00e9zte fel Erd\u0151 P\u00e9ter \u2013 \u201emert ennek a kis n\u00e9pnek a megmarad\u00e1sa, fejl\u0151d\u00e9se a t\u00f6rt\u00e9nelemben egy olyan csod\u00e1latos isteni gondoskod\u00e1st k\u00edv\u00e1n, mint amilyenre sz\u00fcks\u00e9g van ahhoz, hogy az ember a test f\u00f6lt\u00e1mad\u00e1s\u00e1t \u00e9s az \u00f6r\u00f6k \u00e9letet vallani tudja\u201d.<\/p>\n<p>Erd\u0151 P\u00e9ter szentbesz\u00e9d\u00e9t teljes terjedelm\u00e9ben <a href=\"https:\/\/www.esztergomi-ersekseg.hu\/hirek\/erdo-peter-mennyben-nagy-orom-van-ma\" target=\"_blank\" rel=\"noopener\"><span style=\"text-decoration: underline; color: #0000ff;\">ide kattintva<\/span><\/a> olvashatj\u00e1k el!<\/p>\n<p><em>R\u00e9gi\u00f3 TV Esztergom felv\u00e9tele:<\/em><\/p>\n<p><iframe title=\"Komment\u00e1r N\u00e9lk\u00fcl - 2022.08.15. - Nagyboldogasszony \u00fcnnepe az Esztergomi Bazilik\u00e1ban\" width=\"755\" height=\"425\" src=\"https:\/\/www.youtube.com\/embed\/HiBsxqxl2LI?feature=oembed\" frameborder=\"0\" allow=\"accelerometer; autoplay; clipboard-write; encrypted-media; gyroscope; picture-in-picture; web-share\" referrerpolicy=\"strict-origin-when-cross-origin\" allowfullscreen><\/iframe><\/p>\n<p><em>Forr\u00e1s: Esztergom-Budapesti F\u0151egyh\u00e1zmegye \u2013 sajt\u00f3iroda<\/em><br \/>\n<em>Fot\u00f3: M\u00e9sz\u00e1ros J\u00f3zsef<\/em><\/p>\n","protected":false},"excerpt":{"rendered":"<p>Az esztergomi Nagyboldogasszony \u00e9s Szent Adalbert-f\u0151sz\u00e9kesegyh\u00e1zban mutatott be szentmis\u00e9t Erd\u0151 P\u00e9ter b\u00edboros, pr\u00edm\u00e1s h\u00e9tf\u0151n, Nagyboldogasszony \u00fcnnep\u00e9n. Az esem\u00e9nyen \u2013 melyre megtelt h\u00edvekkel a bazilika \u2013 r\u00e9szt vett Cserh\u00e1ti Ferenc esztergom-budapesti seg\u00e9dp\u00fcsp\u00f6k, valamint az esztergomi paps\u00e1g &#8211; \u00edrja&nbsp; az Esztergom-Budapesti F\u0151egyh\u00e1zmegye a hivatalos honlapj\u00e1n. \u201eHogy a mennyben nagy \u00f6r\u00f6m van a mai napon, azon nem csod\u00e1lkozom,<\/p>\n","protected":false},"author":1,"featured_media":0,"comment_status":"closed","ping_status":"closed","sticky":false,"template":"","format":"standard","meta":{"ngg_post_thumbnail":0,"footnotes":""},"categories":[38,3],"tags":[1334,764,42,3163,762,6619],"class_list":{"0":"post-45650","1":"post","2":"type-post","3":"status-publish","4":"format-standard","6":"category-esztergom","7":"category-hirek","8":"tag-egyhaz","9":"tag-erdo-peter","10":"tag-esztergom","11":"tag-esztergomi-bazilika","12":"tag-katolikus-egyhaz","13":"tag-nagyboldogasszony-unnepe"},"yoast_head":"<!-- This site is optimized with the Yoast SEO plugin v27.4 - https:\/\/yoast.com\/product\/yoast-seo-wordpress\/ -->\n<title>Sz\u0171z M\u00e1ria mennybev\u00e9tel\u00e9re eml\u00e9keztek Esztergomban<\/title>\n<meta name=\"robots\" content=\"index, follow, max-snippet:-1, max-image-preview:large, max-video-preview:-1\" \/>\n<link rel=\"canonical\" href=\"https:\/\/dorogimedence.hu\/index.php\/2022\/08\/16\/szuz-maria-mennybevetelere-emlekeztek-esztergomban\/\" class=\"yoast-seo-meta-tag\" \/>\n<meta property=\"og:locale\" content=\"hu_HU\" class=\"yoast-seo-meta-tag\" \/>\n<meta property=\"og:type\" content=\"article\" class=\"yoast-seo-meta-tag\" \/>\n<meta property=\"og:title\" content=\"Sz\u0171z M\u00e1ria mennybev\u00e9tel\u00e9re eml\u00e9keztek Esztergomban\" class=\"yoast-seo-meta-tag\" \/>\n<meta property=\"og:description\" content=\"Az esztergomi Nagyboldogasszony \u00e9s Szent Adalbert-f\u0151sz\u00e9kesegyh\u00e1zban mutatott be szentmis\u00e9t Erd\u0151 P\u00e9ter b\u00edboros, pr\u00edm\u00e1s h\u00e9tf\u0151n, Nagyboldogasszony \u00fcnnep\u00e9n. Az esem\u00e9nyen \u2013 melyre megtelt h\u00edvekkel a bazilika \u2013 r\u00e9szt vett Cserh\u00e1ti Ferenc esztergom-budapesti seg\u00e9dp\u00fcsp\u00f6k, valamint az esztergomi paps\u00e1g &#8211; \u00edrja&nbsp; az Esztergom-Budapesti F\u0151egyh\u00e1zmegye a hivatalos honlapj\u00e1n. \u201eHogy a mennyben nagy \u00f6r\u00f6m van a mai napon, azon nem csod\u00e1lkozom,\" class=\"yoast-seo-meta-tag\" \/>\n<meta property=\"og:url\" content=\"https:\/\/dorogimedence.hu\/index.php\/2022\/08\/16\/szuz-maria-mennybevetelere-emlekeztek-esztergomban\/\" class=\"yoast-seo-meta-tag\" \/>\n<meta property=\"og:site_name\" content=\"Dorogi-medence Region\u00e1lis H\u00edrport\u00e1l\" class=\"yoast-seo-meta-tag\" \/>\n<meta property=\"article:publisher\" content=\"https:\/\/www.facebook.com\/dorogimedence\/\" class=\"yoast-seo-meta-tag\" \/>\n<meta property=\"article:published_time\" content=\"2022-08-16T05:13:46+00:00\" class=\"yoast-seo-meta-tag\" \/>\n<meta property=\"og:image\" content=\"https:\/\/i0.wp.com\/dorogimedence.hu\/wp-content\/uploads\/2022\/08\/c_dsc_0034.jpg?fit=1024%2C670&ssl=1\" class=\"yoast-seo-meta-tag\" \/>\n\t<meta property=\"og:image:width\" content=\"1024\" class=\"yoast-seo-meta-tag\" \/>\n\t<meta property=\"og:image:height\" content=\"670\" class=\"yoast-seo-meta-tag\" \/>\n\t<meta property=\"og:image:type\" content=\"image\/jpeg\" class=\"yoast-seo-meta-tag\" \/>\n<meta name=\"author\" content=\"dorogimedence.hu\" class=\"yoast-seo-meta-tag\" \/>\n<meta name=\"twitter:card\" content=\"summary_large_image\" class=\"yoast-seo-meta-tag\" \/>\n<meta name=\"twitter:label1\" content=\"Szerz\u0151:\" class=\"yoast-seo-meta-tag\" \/>\n\t<meta name=\"twitter:data1\" content=\"dorogimedence.hu\" class=\"yoast-seo-meta-tag\" \/>\n\t<meta name=\"twitter:label2\" content=\"Becs\u00fclt olvas\u00e1si id\u0151\" class=\"yoast-seo-meta-tag\" \/>\n\t<meta name=\"twitter:data2\" content=\"3 perc\" class=\"yoast-seo-meta-tag\" \/>\n<script type=\"application\/ld+json\" class=\"yoast-schema-graph\">{\"@context\":\"https:\\\/\\\/schema.org\",\"@graph\":[{\"@type\":\"Article\",\"@id\":\"https:\\\/\\\/dorogimedence.hu\\\/index.php\\\/2022\\\/08\\\/16\\\/szuz-maria-mennybevetelere-emlekeztek-esztergomban\\\/#article\",\"isPartOf\":{\"@id\":\"https:\\\/\\\/dorogimedence.hu\\\/index.php\\\/2022\\\/08\\\/16\\\/szuz-maria-mennybevetelere-emlekeztek-esztergomban\\\/\"},\"author\":{\"name\":\"dorogimedence.hu\",\"@id\":\"https:\\\/\\\/dorogimedence.hu\\\/#\\\/schema\\\/person\\\/ce6091eeb7e95ecdc87890d6aa8e0fd4\"},\"headline\":\"Sz\u0171z M\u00e1ria mennybev\u00e9tel\u00e9re eml\u00e9keztek Esztergomban\",\"datePublished\":\"2022-08-16T05:13:46+00:00\",\"mainEntityOfPage\":{\"@id\":\"https:\\\/\\\/dorogimedence.hu\\\/index.php\\\/2022\\\/08\\\/16\\\/szuz-maria-mennybevetelere-emlekeztek-esztergomban\\\/\"},\"wordCount\":671,\"publisher\":{\"@id\":\"https:\\\/\\\/dorogimedence.hu\\\/#organization\"},\"image\":{\"@id\":\"https:\\\/\\\/dorogimedence.hu\\\/index.php\\\/2022\\\/08\\\/16\\\/szuz-maria-mennybevetelere-emlekeztek-esztergomban\\\/#primaryimage\"},\"thumbnailUrl\":\"https:\\\/\\\/dorogimedence.hu\\\/wp-content\\\/uploads\\\/2022\\\/08\\\/c_dsc_0012.jpg\",\"keywords\":[\"egyh\u00e1z\",\"Erd\u0151 P\u00e9ter\",\"esztergom\",\"esztergomi bazilika\",\"katolikus egyh\u00e1z\",\"Nagyboldogasszony \u00fcnnepe\"],\"articleSection\":[\"Esztergom\",\"H\u00edrek\"],\"inLanguage\":\"hu\"},{\"@type\":\"WebPage\",\"@id\":\"https:\\\/\\\/dorogimedence.hu\\\/index.php\\\/2022\\\/08\\\/16\\\/szuz-maria-mennybevetelere-emlekeztek-esztergomban\\\/\",\"url\":\"https:\\\/\\\/dorogimedence.hu\\\/index.php\\\/2022\\\/08\\\/16\\\/szuz-maria-mennybevetelere-emlekeztek-esztergomban\\\/\",\"name\":\"Sz\u0171z M\u00e1ria mennybev\u00e9tel\u00e9re eml\u00e9keztek Esztergomban\",\"isPartOf\":{\"@id\":\"https:\\\/\\\/dorogimedence.hu\\\/#website\"},\"primaryImageOfPage\":{\"@id\":\"https:\\\/\\\/dorogimedence.hu\\\/index.php\\\/2022\\\/08\\\/16\\\/szuz-maria-mennybevetelere-emlekeztek-esztergomban\\\/#primaryimage\"},\"image\":{\"@id\":\"https:\\\/\\\/dorogimedence.hu\\\/index.php\\\/2022\\\/08\\\/16\\\/szuz-maria-mennybevetelere-emlekeztek-esztergomban\\\/#primaryimage\"},\"thumbnailUrl\":\"https:\\\/\\\/dorogimedence.hu\\\/wp-content\\\/uploads\\\/2022\\\/08\\\/c_dsc_0012.jpg\",\"datePublished\":\"2022-08-16T05:13:46+00:00\",\"breadcrumb\":{\"@id\":\"https:\\\/\\\/dorogimedence.hu\\\/index.php\\\/2022\\\/08\\\/16\\\/szuz-maria-mennybevetelere-emlekeztek-esztergomban\\\/#breadcrumb\"},\"inLanguage\":\"hu\",\"potentialAction\":[{\"@type\":\"ReadAction\",\"target\":[\"https:\\\/\\\/dorogimedence.hu\\\/index.php\\\/2022\\\/08\\\/16\\\/szuz-maria-mennybevetelere-emlekeztek-esztergomban\\\/\"]}]},{\"@type\":\"ImageObject\",\"inLanguage\":\"hu\",\"@id\":\"https:\\\/\\\/dorogimedence.hu\\\/index.php\\\/2022\\\/08\\\/16\\\/szuz-maria-mennybevetelere-emlekeztek-esztergomban\\\/#primaryimage\",\"url\":\"https:\\\/\\\/dorogimedence.hu\\\/wp-content\\\/uploads\\\/2022\\\/08\\\/c_dsc_0012.jpg\",\"contentUrl\":\"https:\\\/\\\/dorogimedence.hu\\\/wp-content\\\/uploads\\\/2022\\\/08\\\/c_dsc_0012.jpg\"},{\"@type\":\"BreadcrumbList\",\"@id\":\"https:\\\/\\\/dorogimedence.hu\\\/index.php\\\/2022\\\/08\\\/16\\\/szuz-maria-mennybevetelere-emlekeztek-esztergomban\\\/#breadcrumb\",\"itemListElement\":[{\"@type\":\"ListItem\",\"position\":1,\"name\":\"Kezd\u0151lap\",\"item\":\"https:\\\/\\\/dorogimedence.hu\\\/\"},{\"@type\":\"ListItem\",\"position\":2,\"name\":\"Sz\u0171z M\u00e1ria mennybev\u00e9tel\u00e9re eml\u00e9keztek Esztergomban\"}]},{\"@type\":\"WebSite\",\"@id\":\"https:\\\/\\\/dorogimedence.hu\\\/#website\",\"url\":\"https:\\\/\\\/dorogimedence.hu\\\/\",\"name\":\"Dorogi-medence Region\u00e1lis H\u00edrport\u00e1l\",\"description\":\"Dorog, Keszt\u00f6lc, Le\u00e1nyv\u00e1r, Piliscs\u00e9v, Tokod, Tokodalt\u00e1r\u00f3, Csolnok, Esztergom-kertv\u00e1ros: h\u00edrek, programok\",\"publisher\":{\"@id\":\"https:\\\/\\\/dorogimedence.hu\\\/#organization\"},\"potentialAction\":[{\"@type\":\"SearchAction\",\"target\":{\"@type\":\"EntryPoint\",\"urlTemplate\":\"https:\\\/\\\/dorogimedence.hu\\\/?s={search_term_string}\"},\"query-input\":{\"@type\":\"PropertyValueSpecification\",\"valueRequired\":true,\"valueName\":\"search_term_string\"}}],\"inLanguage\":\"hu\"},{\"@type\":\"Organization\",\"@id\":\"https:\\\/\\\/dorogimedence.hu\\\/#organization\",\"name\":\"Dorogi-medence Region\u00e1lis H\u00edrport\u00e1l\",\"url\":\"https:\\\/\\\/dorogimedence.hu\\\/\",\"logo\":{\"@type\":\"ImageObject\",\"inLanguage\":\"hu\",\"@id\":\"https:\\\/\\\/dorogimedence.hu\\\/#\\\/schema\\\/logo\\\/image\\\/\",\"url\":\"https:\\\/\\\/dorogimedence.hu\\\/wp-content\\\/uploads\\\/2021\\\/04\\\/logo-feher-600.png\",\"contentUrl\":\"https:\\\/\\\/dorogimedence.hu\\\/wp-content\\\/uploads\\\/2021\\\/04\\\/logo-feher-600.png\",\"width\":600,\"height\":100,\"caption\":\"Dorogi-medence Region\u00e1lis H\u00edrport\u00e1l\"},\"image\":{\"@id\":\"https:\\\/\\\/dorogimedence.hu\\\/#\\\/schema\\\/logo\\\/image\\\/\"},\"sameAs\":[\"https:\\\/\\\/www.facebook.com\\\/dorogimedence\\\/\"]},{\"@type\":\"Person\",\"@id\":\"https:\\\/\\\/dorogimedence.hu\\\/#\\\/schema\\\/person\\\/ce6091eeb7e95ecdc87890d6aa8e0fd4\",\"name\":\"dorogimedence.hu\",\"image\":{\"@type\":\"ImageObject\",\"inLanguage\":\"hu\",\"@id\":\"\\\/\\\/www.gravatar.com\\\/avatar\\\/d8d45f8901aadff40a4af72c0b826f1d?s=96&#038;r=g&#038;d=mm\",\"url\":\"\\\/\\\/www.gravatar.com\\\/avatar\\\/d8d45f8901aadff40a4af72c0b826f1d?s=96&#038;r=g&#038;d=mm\",\"contentUrl\":\"\\\/\\\/www.gravatar.com\\\/avatar\\\/d8d45f8901aadff40a4af72c0b826f1d?s=96&#038;r=g&#038;d=mm\",\"caption\":\"dorogimedence.hu\"}}]}<\/script>\n<!-- \/ Yoast SEO plugin. -->","yoast_head_json":{"title":"Sz\u0171z M\u00e1ria mennybev\u00e9tel\u00e9re eml\u00e9keztek Esztergomban","robots":{"index":"index","follow":"follow","max-snippet":"max-snippet:-1","max-image-preview":"max-image-preview:large","max-video-preview":"max-video-preview:-1"},"canonical":"https:\/\/dorogimedence.hu\/index.php\/2022\/08\/16\/szuz-maria-mennybevetelere-emlekeztek-esztergomban\/","og_locale":"hu_HU","og_type":"article","og_title":"Sz\u0171z M\u00e1ria mennybev\u00e9tel\u00e9re eml\u00e9keztek Esztergomban","og_description":"Az esztergomi Nagyboldogasszony \u00e9s Szent Adalbert-f\u0151sz\u00e9kesegyh\u00e1zban mutatott be szentmis\u00e9t Erd\u0151 P\u00e9ter b\u00edboros, pr\u00edm\u00e1s h\u00e9tf\u0151n, Nagyboldogasszony \u00fcnnep\u00e9n. Az esem\u00e9nyen \u2013 melyre megtelt h\u00edvekkel a bazilika \u2013 r\u00e9szt vett Cserh\u00e1ti Ferenc esztergom-budapesti seg\u00e9dp\u00fcsp\u00f6k, valamint az esztergomi paps\u00e1g &#8211; \u00edrja&nbsp; az Esztergom-Budapesti F\u0151egyh\u00e1zmegye a hivatalos honlapj\u00e1n. \u201eHogy a mennyben nagy \u00f6r\u00f6m van a mai napon, azon nem csod\u00e1lkozom,","og_url":"https:\/\/dorogimedence.hu\/index.php\/2022\/08\/16\/szuz-maria-mennybevetelere-emlekeztek-esztergomban\/","og_site_name":"Dorogi-medence Region\u00e1lis H\u00edrport\u00e1l","article_publisher":"https:\/\/www.facebook.com\/dorogimedence\/","article_published_time":"2022-08-16T05:13:46+00:00","og_image":[{"width":1024,"height":670,"url":"https:\/\/i0.wp.com\/dorogimedence.hu\/wp-content\/uploads\/2022\/08\/c_dsc_0034.jpg?fit=1024%2C670&ssl=1","type":"image\/jpeg"}],"author":"dorogimedence.hu","twitter_card":"summary_large_image","twitter_misc":{"Szerz\u0151:":"dorogimedence.hu","Becs\u00fclt olvas\u00e1si id\u0151":"3 perc"},"schema":{"@context":"https:\/\/schema.org","@graph":[{"@type":"Article","@id":"https:\/\/dorogimedence.hu\/index.php\/2022\/08\/16\/szuz-maria-mennybevetelere-emlekeztek-esztergomban\/#article","isPartOf":{"@id":"https:\/\/dorogimedence.hu\/index.php\/2022\/08\/16\/szuz-maria-mennybevetelere-emlekeztek-esztergomban\/"},"author":{"name":"dorogimedence.hu","@id":"https:\/\/dorogimedence.hu\/#\/schema\/person\/ce6091eeb7e95ecdc87890d6aa8e0fd4"},"headline":"Sz\u0171z M\u00e1ria mennybev\u00e9tel\u00e9re eml\u00e9keztek Esztergomban","datePublished":"2022-08-16T05:13:46+00:00","mainEntityOfPage":{"@id":"https:\/\/dorogimedence.hu\/index.php\/2022\/08\/16\/szuz-maria-mennybevetelere-emlekeztek-esztergomban\/"},"wordCount":671,"publisher":{"@id":"https:\/\/dorogimedence.hu\/#organization"},"image":{"@id":"https:\/\/dorogimedence.hu\/index.php\/2022\/08\/16\/szuz-maria-mennybevetelere-emlekeztek-esztergomban\/#primaryimage"},"thumbnailUrl":"https:\/\/dorogimedence.hu\/wp-content\/uploads\/2022\/08\/c_dsc_0012.jpg","keywords":["egyh\u00e1z","Erd\u0151 P\u00e9ter","esztergom","esztergomi bazilika","katolikus egyh\u00e1z","Nagyboldogasszony \u00fcnnepe"],"articleSection":["Esztergom","H\u00edrek"],"inLanguage":"hu"},{"@type":"WebPage","@id":"https:\/\/dorogimedence.hu\/index.php\/2022\/08\/16\/szuz-maria-mennybevetelere-emlekeztek-esztergomban\/","url":"https:\/\/dorogimedence.hu\/index.php\/2022\/08\/16\/szuz-maria-mennybevetelere-emlekeztek-esztergomban\/","name":"Sz\u0171z M\u00e1ria mennybev\u00e9tel\u00e9re eml\u00e9keztek Esztergomban","isPartOf":{"@id":"https:\/\/dorogimedence.hu\/#website"},"primaryImageOfPage":{"@id":"https:\/\/dorogimedence.hu\/index.php\/2022\/08\/16\/szuz-maria-mennybevetelere-emlekeztek-esztergomban\/#primaryimage"},"image":{"@id":"https:\/\/dorogimedence.hu\/index.php\/2022\/08\/16\/szuz-maria-mennybevetelere-emlekeztek-esztergomban\/#primaryimage"},"thumbnailUrl":"https:\/\/dorogimedence.hu\/wp-content\/uploads\/2022\/08\/c_dsc_0012.jpg","datePublished":"2022-08-16T05:13:46+00:00","breadcrumb":{"@id":"https:\/\/dorogimedence.hu\/index.php\/2022\/08\/16\/szuz-maria-mennybevetelere-emlekeztek-esztergomban\/#breadcrumb"},"inLanguage":"hu","potentialAction":[{"@type":"ReadAction","target":["https:\/\/dorogimedence.hu\/index.php\/2022\/08\/16\/szuz-maria-mennybevetelere-emlekeztek-esztergomban\/"]}]},{"@type":"ImageObject","inLanguage":"hu","@id":"https:\/\/dorogimedence.hu\/index.php\/2022\/08\/16\/szuz-maria-mennybevetelere-emlekeztek-esztergomban\/#primaryimage","url":"https:\/\/dorogimedence.hu\/wp-content\/uploads\/2022\/08\/c_dsc_0012.jpg","contentUrl":"https:\/\/dorogimedence.hu\/wp-content\/uploads\/2022\/08\/c_dsc_0012.jpg"},{"@type":"BreadcrumbList","@id":"https:\/\/dorogimedence.hu\/index.php\/2022\/08\/16\/szuz-maria-mennybevetelere-emlekeztek-esztergomban\/#breadcrumb","itemListElement":[{"@type":"ListItem","position":1,"name":"Kezd\u0151lap","item":"https:\/\/dorogimedence.hu\/"},{"@type":"ListItem","position":2,"name":"Sz\u0171z M\u00e1ria mennybev\u00e9tel\u00e9re eml\u00e9keztek Esztergomban"}]},{"@type":"WebSite","@id":"https:\/\/dorogimedence.hu\/#website","url":"https:\/\/dorogimedence.hu\/","name":"Dorogi-medence Region\u00e1lis H\u00edrport\u00e1l","description":"Dorog, Keszt\u00f6lc, Le\u00e1nyv\u00e1r, Piliscs\u00e9v, Tokod, Tokodalt\u00e1r\u00f3, Csolnok, Esztergom-kertv\u00e1ros: h\u00edrek, programok","publisher":{"@id":"https:\/\/dorogimedence.hu\/#organization"},"potentialAction":[{"@type":"SearchAction","target":{"@type":"EntryPoint","urlTemplate":"https:\/\/dorogimedence.hu\/?s={search_term_string}"},"query-input":{"@type":"PropertyValueSpecification","valueRequired":true,"valueName":"search_term_string"}}],"inLanguage":"hu"},{"@type":"Organization","@id":"https:\/\/dorogimedence.hu\/#organization","name":"Dorogi-medence Region\u00e1lis H\u00edrport\u00e1l","url":"https:\/\/dorogimedence.hu\/","logo":{"@type":"ImageObject","inLanguage":"hu","@id":"https:\/\/dorogimedence.hu\/#\/schema\/logo\/image\/","url":"https:\/\/dorogimedence.hu\/wp-content\/uploads\/2021\/04\/logo-feher-600.png","contentUrl":"https:\/\/dorogimedence.hu\/wp-content\/uploads\/2021\/04\/logo-feher-600.png","width":600,"height":100,"caption":"Dorogi-medence Region\u00e1lis H\u00edrport\u00e1l"},"image":{"@id":"https:\/\/dorogimedence.hu\/#\/schema\/logo\/image\/"},"sameAs":["https:\/\/www.facebook.com\/dorogimedence\/"]},{"@type":"Person","@id":"https:\/\/dorogimedence.hu\/#\/schema\/person\/ce6091eeb7e95ecdc87890d6aa8e0fd4","name":"dorogimedence.hu","image":{"@type":"ImageObject","inLanguage":"hu","@id":"\/\/www.gravatar.com\/avatar\/d8d45f8901aadff40a4af72c0b826f1d?s=96&#038;r=g&#038;d=mm","url":"\/\/www.gravatar.com\/avatar\/d8d45f8901aadff40a4af72c0b826f1d?s=96&#038;r=g&#038;d=mm","contentUrl":"\/\/www.gravatar.com\/avatar\/d8d45f8901aadff40a4af72c0b826f1d?s=96&#038;r=g&#038;d=mm","caption":"dorogimedence.hu"}}]}},"_links":{"self":[{"href":"https:\/\/dorogimedence.hu\/index.php\/wp-json\/wp\/v2\/posts\/45650","targetHints":{"allow":["GET"]}}],"collection":[{"href":"https:\/\/dorogimedence.hu\/index.php\/wp-json\/wp\/v2\/posts"}],"about":[{"href":"https:\/\/dorogimedence.hu\/index.php\/wp-json\/wp\/v2\/types\/post"}],"author":[{"embeddable":true,"href":"https:\/\/dorogimedence.hu\/index.php\/wp-json\/wp\/v2\/users\/1"}],"replies":[{"embeddable":true,"href":"https:\/\/dorogimedence.hu\/index.php\/wp-json\/wp\/v2\/comments?post=45650"}],"version-history":[{"count":0,"href":"https:\/\/dorogimedence.hu\/index.php\/wp-json\/wp\/v2\/posts\/45650\/revisions"}],"wp:attachment":[{"href":"https:\/\/dorogimedence.hu\/index.php\/wp-json\/wp\/v2\/media?parent=45650"}],"wp:term":[{"taxonomy":"category","embeddable":true,"href":"https:\/\/dorogimedence.hu\/index.php\/wp-json\/wp\/v2\/categories?post=45650"},{"taxonomy":"post_tag","embeddable":true,"href":"https:\/\/dorogimedence.hu\/index.php\/wp-json\/wp\/v2\/tags?post=45650"}],"curies":[{"name":"wp","href":"https:\/\/api.w.org\/{rel}","templated":true}]}}