{"id":45642,"date":"2022-08-15T15:04:13","date_gmt":"2022-08-15T13:04:13","guid":{"rendered":"https:\/\/dorogimedence.hu\/?p=45642"},"modified":"2022-08-15T15:14:04","modified_gmt":"2022-08-15T13:14:04","slug":"megalakult-a-mariahalmi-onkentes-polgaror-egyesulet","status":"publish","type":"post","link":"https:\/\/dorogimedence.hu\/index.php\/2022\/08\/15\/megalakult-a-mariahalmi-onkentes-polgaror-egyesulet\/","title":{"rendered":"Megalakult a M\u00e1riahalmi \u00d6nk\u00e9ntes Polg\u00e1r\u0151r Egyes\u00fclet"},"content":{"rendered":"<p><strong>Polg\u00e1r\u0151rs\u00e9g alakult M\u00e1riahalmon. Az egyes\u00fclet eln\u00f6k\u00e9vel, Hrncs\u00e1r Zsolttal besz\u00e9lgett\u00fcnk.<\/strong><\/p>\n<p>2022. augusztus 11-\u00e9n, 15 f\u0151vel alakult meg a M\u00e1riahalmi \u00d6nk\u00e9ntes Polg\u00e1r\u0151r Egyes\u00fclet. Az egyes\u00fclet eln\u00f6khelyettese Murczin Vivien, a titk\u00e1r pedig Hrncs\u00e1r-Kov\u00e1cs D\u00f3ra.<\/p>\n<p>\u201eM\u00e1sf\u00e9l \u00e9ve k\u00f6lt\u00f6ztem a csal\u00e1dommal M\u00e1riahalomra. Megtetszett a csend \u00e9s a nyugalom. Elhat\u00e1roztam, hogy a telep\u00fcl\u00e9sen ezt fenn szeretn\u00e9m tartani, ez\u00e9rt megkerestem Murczin K\u00e1lm\u00e1n polg\u00e1rmester urat, hogy tud-e ebben seg\u00edteni. T\u00f6bb egyeztet\u00e9st ut\u00e1n \u00fagy d\u00f6nt\u00f6tt\u00fcnk, hogy hivatalosan is l\u00e9trehozzuk a polg\u00e1r\u0151rs\u00e9get\u201d \u2013 jegyezte meg az egyes\u00fclet eln\u00f6ke, majd kifejtette, hogy els\u0151dleges c\u00e9ljuk a nyugalom fenntart\u00e1sa, a b\u0171nmegel\u0151z\u00e9s, j\u00e1r\u0151r\u00f6z\u00e9s, valamint a helyi rendezv\u00e9nyek biztos\u00edt\u00e1sa.<\/p>\n<p>Az egyes\u00fcletnek v\u00e1rhat\u00f3an a k\u00f6zelj\u00f6v\u0151ben egy sz\u00e9khelyet is biztos\u00edtanak majd a telep\u00fcl\u00e9s k\u00f6zpontj\u00e1ban. Tov\u00e1bb\u00e1 a lakoss\u00e1gt\u00f3l b\u00e1rmilyen nem\u0171 seg\u00edts\u00e9get elfogadnak, hamarosan pedig \u00f6nk\u00e9ntes polg\u00e1r\u0151r toborz\u00f3t is hirdetnek.<\/p>\n<p>Munk\u00e1jukhoz sok sikert k\u00edv\u00e1nunk!<\/p>\n<p><em>Bor\u00edt\u00f3k\u00e9p: illusztr\u00e1ci\u00f3 (Ujv\u00e1ri S\u00e1ndor&nbsp;\/ MTI \/ MTVA)<\/em><\/p>\n","protected":false},"excerpt":{"rendered":"<p>Polg\u00e1r\u0151rs\u00e9g alakult M\u00e1riahalmon. Az egyes\u00fclet eln\u00f6k\u00e9vel, Hrncs\u00e1r Zsolttal besz\u00e9lgett\u00fcnk. 2022. augusztus 11-\u00e9n, 15 f\u0151vel alakult meg a M\u00e1riahalmi \u00d6nk\u00e9ntes Polg\u00e1r\u0151r Egyes\u00fclet. Az egyes\u00fclet eln\u00f6khelyettese Murczin Vivien, a titk\u00e1r pedig Hrncs\u00e1r-Kov\u00e1cs D\u00f3ra. \u201eM\u00e1sf\u00e9l \u00e9ve k\u00f6lt\u00f6ztem a csal\u00e1dommal M\u00e1riahalomra. Megtetszett a csend \u00e9s a nyugalom. Elhat\u00e1roztam, hogy a telep\u00fcl\u00e9sen ezt fenn szeretn\u00e9m tartani, ez\u00e9rt megkerestem Murczin K\u00e1lm\u00e1n<\/p>\n","protected":false},"author":1,"featured_media":0,"comment_status":"closed","ping_status":"closed","sticky":false,"template":"","format":"standard","meta":{"ngg_post_thumbnail":0,"footnotes":""},"categories":[3],"tags":[5624,6618,360,1340],"class_list":{"0":"post-45642","1":"post","2":"type-post","3":"status-publish","4":"format-standard","6":"category-hirek","7":"tag-featured","8":"tag-mariahalmi-onkentes-polgaror-egyesulet","9":"tag-mariahalom","10":"tag-polgarorseg"},"yoast_head":"<!-- This site is optimized with the Yoast SEO plugin v27.5 - https:\/\/yoast.com\/product\/yoast-seo-wordpress\/ -->\n<title>Megalakult a M\u00e1riahalmi \u00d6nk\u00e9ntes Polg\u00e1r\u0151r Egyes\u00fclet<\/title>\n<meta name=\"robots\" content=\"index, follow, max-snippet:-1, max-image-preview:large, max-video-preview:-1\" \/>\n<link rel=\"canonical\" href=\"https:\/\/dorogimedence.hu\/index.php\/2022\/08\/15\/megalakult-a-mariahalmi-onkentes-polgaror-egyesulet\/\" class=\"yoast-seo-meta-tag\" \/>\n<meta property=\"og:locale\" content=\"hu_HU\" class=\"yoast-seo-meta-tag\" \/>\n<meta property=\"og:type\" content=\"article\" class=\"yoast-seo-meta-tag\" \/>\n<meta property=\"og:title\" content=\"Megalakult a M\u00e1riahalmi \u00d6nk\u00e9ntes Polg\u00e1r\u0151r Egyes\u00fclet\" class=\"yoast-seo-meta-tag\" \/>\n<meta property=\"og:description\" content=\"Polg\u00e1r\u0151rs\u00e9g alakult M\u00e1riahalmon. Az egyes\u00fclet eln\u00f6k\u00e9vel, Hrncs\u00e1r Zsolttal besz\u00e9lgett\u00fcnk. 2022. augusztus 11-\u00e9n, 15 f\u0151vel alakult meg a M\u00e1riahalmi \u00d6nk\u00e9ntes Polg\u00e1r\u0151r Egyes\u00fclet. Az egyes\u00fclet eln\u00f6khelyettese Murczin Vivien, a titk\u00e1r pedig Hrncs\u00e1r-Kov\u00e1cs D\u00f3ra. \u201eM\u00e1sf\u00e9l \u00e9ve k\u00f6lt\u00f6ztem a csal\u00e1dommal M\u00e1riahalomra. Megtetszett a csend \u00e9s a nyugalom. Elhat\u00e1roztam, hogy a telep\u00fcl\u00e9sen ezt fenn szeretn\u00e9m tartani, ez\u00e9rt megkerestem Murczin K\u00e1lm\u00e1n\" class=\"yoast-seo-meta-tag\" \/>\n<meta property=\"og:url\" content=\"https:\/\/dorogimedence.hu\/index.php\/2022\/08\/15\/megalakult-a-mariahalmi-onkentes-polgaror-egyesulet\/\" class=\"yoast-seo-meta-tag\" \/>\n<meta property=\"og:site_name\" content=\"Dorogi-medence Region\u00e1lis H\u00edrport\u00e1l\" class=\"yoast-seo-meta-tag\" \/>\n<meta property=\"article:publisher\" content=\"https:\/\/www.facebook.com\/dorogimedence\/\" class=\"yoast-seo-meta-tag\" \/>\n<meta property=\"article:published_time\" content=\"2022-08-15T13:04:13+00:00\" class=\"yoast-seo-meta-tag\" \/>\n<meta property=\"article:modified_time\" content=\"2022-08-15T13:14:04+00:00\" class=\"yoast-seo-meta-tag\" \/>\n<meta property=\"og:image\" content=\"https:\/\/i0.wp.com\/dorogimedence.hu\/wp-content\/uploads\/2022\/08\/polgarorseg-01.jpg?fit=1600%2C893&ssl=1\" class=\"yoast-seo-meta-tag\" \/>\n\t<meta property=\"og:image:width\" content=\"1600\" class=\"yoast-seo-meta-tag\" \/>\n\t<meta property=\"og:image:height\" content=\"893\" class=\"yoast-seo-meta-tag\" \/>\n\t<meta property=\"og:image:type\" content=\"image\/jpeg\" class=\"yoast-seo-meta-tag\" \/>\n<meta name=\"author\" content=\"dorogimedence.hu\" class=\"yoast-seo-meta-tag\" \/>\n<meta name=\"twitter:card\" content=\"summary_large_image\" class=\"yoast-seo-meta-tag\" \/>\n<meta name=\"twitter:label1\" content=\"Szerz\u0151:\" class=\"yoast-seo-meta-tag\" \/>\n\t<meta name=\"twitter:data1\" content=\"dorogimedence.hu\" class=\"yoast-seo-meta-tag\" \/>\n\t<meta name=\"twitter:label2\" content=\"Becs\u00fclt olvas\u00e1si id\u0151\" class=\"yoast-seo-meta-tag\" \/>\n\t<meta name=\"twitter:data2\" content=\"1 perc\" class=\"yoast-seo-meta-tag\" \/>\n<script type=\"application\/ld+json\" class=\"yoast-schema-graph\">{\"@context\":\"https:\\\/\\\/schema.org\",\"@graph\":[{\"@type\":\"Article\",\"@id\":\"https:\\\/\\\/dorogimedence.hu\\\/index.php\\\/2022\\\/08\\\/15\\\/megalakult-a-mariahalmi-onkentes-polgaror-egyesulet\\\/#article\",\"isPartOf\":{\"@id\":\"https:\\\/\\\/dorogimedence.hu\\\/index.php\\\/2022\\\/08\\\/15\\\/megalakult-a-mariahalmi-onkentes-polgaror-egyesulet\\\/\"},\"author\":{\"name\":\"dorogimedence.hu\",\"@id\":\"https:\\\/\\\/dorogimedence.hu\\\/#\\\/schema\\\/person\\\/ce6091eeb7e95ecdc87890d6aa8e0fd4\"},\"headline\":\"Megalakult a M\u00e1riahalmi \u00d6nk\u00e9ntes Polg\u00e1r\u0151r Egyes\u00fclet\",\"datePublished\":\"2022-08-15T13:04:13+00:00\",\"dateModified\":\"2022-08-15T13:14:04+00:00\",\"mainEntityOfPage\":{\"@id\":\"https:\\\/\\\/dorogimedence.hu\\\/index.php\\\/2022\\\/08\\\/15\\\/megalakult-a-mariahalmi-onkentes-polgaror-egyesulet\\\/\"},\"wordCount\":234,\"publisher\":{\"@id\":\"https:\\\/\\\/dorogimedence.hu\\\/#organization\"},\"keywords\":[\"featured\",\"M\u00e1riahalmi \u00d6nk\u00e9ntes Polg\u00e1r\u0151r Egyes\u00fclet\",\"M\u00e1riahalom\",\"polg\u00e1r\u0151rs\u00e9g\"],\"articleSection\":[\"H\u00edrek\"],\"inLanguage\":\"hu\"},{\"@type\":\"WebPage\",\"@id\":\"https:\\\/\\\/dorogimedence.hu\\\/index.php\\\/2022\\\/08\\\/15\\\/megalakult-a-mariahalmi-onkentes-polgaror-egyesulet\\\/\",\"url\":\"https:\\\/\\\/dorogimedence.hu\\\/index.php\\\/2022\\\/08\\\/15\\\/megalakult-a-mariahalmi-onkentes-polgaror-egyesulet\\\/\",\"name\":\"Megalakult a M\u00e1riahalmi \u00d6nk\u00e9ntes Polg\u00e1r\u0151r Egyes\u00fclet\",\"isPartOf\":{\"@id\":\"https:\\\/\\\/dorogimedence.hu\\\/#website\"},\"datePublished\":\"2022-08-15T13:04:13+00:00\",\"dateModified\":\"2022-08-15T13:14:04+00:00\",\"breadcrumb\":{\"@id\":\"https:\\\/\\\/dorogimedence.hu\\\/index.php\\\/2022\\\/08\\\/15\\\/megalakult-a-mariahalmi-onkentes-polgaror-egyesulet\\\/#breadcrumb\"},\"inLanguage\":\"hu\",\"potentialAction\":[{\"@type\":\"ReadAction\",\"target\":[\"https:\\\/\\\/dorogimedence.hu\\\/index.php\\\/2022\\\/08\\\/15\\\/megalakult-a-mariahalmi-onkentes-polgaror-egyesulet\\\/\"]}]},{\"@type\":\"BreadcrumbList\",\"@id\":\"https:\\\/\\\/dorogimedence.hu\\\/index.php\\\/2022\\\/08\\\/15\\\/megalakult-a-mariahalmi-onkentes-polgaror-egyesulet\\\/#breadcrumb\",\"itemListElement\":[{\"@type\":\"ListItem\",\"position\":1,\"name\":\"Kezd\u0151lap\",\"item\":\"https:\\\/\\\/dorogimedence.hu\\\/\"},{\"@type\":\"ListItem\",\"position\":2,\"name\":\"Megalakult a M\u00e1riahalmi \u00d6nk\u00e9ntes Polg\u00e1r\u0151r Egyes\u00fclet\"}]},{\"@type\":\"WebSite\",\"@id\":\"https:\\\/\\\/dorogimedence.hu\\\/#website\",\"url\":\"https:\\\/\\\/dorogimedence.hu\\\/\",\"name\":\"Dorogi-medence Region\u00e1lis H\u00edrport\u00e1l\",\"description\":\"Dorog, Keszt\u00f6lc, Le\u00e1nyv\u00e1r, Piliscs\u00e9v, Tokod, Tokodalt\u00e1r\u00f3, Csolnok, Esztergom-kertv\u00e1ros: h\u00edrek, programok\",\"publisher\":{\"@id\":\"https:\\\/\\\/dorogimedence.hu\\\/#organization\"},\"potentialAction\":[{\"@type\":\"SearchAction\",\"target\":{\"@type\":\"EntryPoint\",\"urlTemplate\":\"https:\\\/\\\/dorogimedence.hu\\\/?s={search_term_string}\"},\"query-input\":{\"@type\":\"PropertyValueSpecification\",\"valueRequired\":true,\"valueName\":\"search_term_string\"}}],\"inLanguage\":\"hu\"},{\"@type\":\"Organization\",\"@id\":\"https:\\\/\\\/dorogimedence.hu\\\/#organization\",\"name\":\"Dorogi-medence Region\u00e1lis H\u00edrport\u00e1l\",\"url\":\"https:\\\/\\\/dorogimedence.hu\\\/\",\"logo\":{\"@type\":\"ImageObject\",\"inLanguage\":\"hu\",\"@id\":\"https:\\\/\\\/dorogimedence.hu\\\/#\\\/schema\\\/logo\\\/image\\\/\",\"url\":\"https:\\\/\\\/dorogimedence.hu\\\/wp-content\\\/uploads\\\/2021\\\/04\\\/logo-feher-600.png\",\"contentUrl\":\"https:\\\/\\\/dorogimedence.hu\\\/wp-content\\\/uploads\\\/2021\\\/04\\\/logo-feher-600.png\",\"width\":600,\"height\":100,\"caption\":\"Dorogi-medence Region\u00e1lis H\u00edrport\u00e1l\"},\"image\":{\"@id\":\"https:\\\/\\\/dorogimedence.hu\\\/#\\\/schema\\\/logo\\\/image\\\/\"},\"sameAs\":[\"https:\\\/\\\/www.facebook.com\\\/dorogimedence\\\/\"]},{\"@type\":\"Person\",\"@id\":\"https:\\\/\\\/dorogimedence.hu\\\/#\\\/schema\\\/person\\\/ce6091eeb7e95ecdc87890d6aa8e0fd4\",\"name\":\"dorogimedence.hu\",\"image\":{\"@type\":\"ImageObject\",\"inLanguage\":\"hu\",\"@id\":\"\\\/\\\/www.gravatar.com\\\/avatar\\\/d8d45f8901aadff40a4af72c0b826f1d?s=96&#038;r=g&#038;d=mm\",\"url\":\"\\\/\\\/www.gravatar.com\\\/avatar\\\/d8d45f8901aadff40a4af72c0b826f1d?s=96&#038;r=g&#038;d=mm\",\"contentUrl\":\"\\\/\\\/www.gravatar.com\\\/avatar\\\/d8d45f8901aadff40a4af72c0b826f1d?s=96&#038;r=g&#038;d=mm\",\"caption\":\"dorogimedence.hu\"}}]}<\/script>\n<!-- \/ Yoast SEO plugin. -->","yoast_head_json":{"title":"Megalakult a M\u00e1riahalmi \u00d6nk\u00e9ntes Polg\u00e1r\u0151r Egyes\u00fclet","robots":{"index":"index","follow":"follow","max-snippet":"max-snippet:-1","max-image-preview":"max-image-preview:large","max-video-preview":"max-video-preview:-1"},"canonical":"https:\/\/dorogimedence.hu\/index.php\/2022\/08\/15\/megalakult-a-mariahalmi-onkentes-polgaror-egyesulet\/","og_locale":"hu_HU","og_type":"article","og_title":"Megalakult a M\u00e1riahalmi \u00d6nk\u00e9ntes Polg\u00e1r\u0151r Egyes\u00fclet","og_description":"Polg\u00e1r\u0151rs\u00e9g alakult M\u00e1riahalmon. Az egyes\u00fclet eln\u00f6k\u00e9vel, Hrncs\u00e1r Zsolttal besz\u00e9lgett\u00fcnk. 2022. augusztus 11-\u00e9n, 15 f\u0151vel alakult meg a M\u00e1riahalmi \u00d6nk\u00e9ntes Polg\u00e1r\u0151r Egyes\u00fclet. Az egyes\u00fclet eln\u00f6khelyettese Murczin Vivien, a titk\u00e1r pedig Hrncs\u00e1r-Kov\u00e1cs D\u00f3ra. \u201eM\u00e1sf\u00e9l \u00e9ve k\u00f6lt\u00f6ztem a csal\u00e1dommal M\u00e1riahalomra. Megtetszett a csend \u00e9s a nyugalom. Elhat\u00e1roztam, hogy a telep\u00fcl\u00e9sen ezt fenn szeretn\u00e9m tartani, ez\u00e9rt megkerestem Murczin K\u00e1lm\u00e1n","og_url":"https:\/\/dorogimedence.hu\/index.php\/2022\/08\/15\/megalakult-a-mariahalmi-onkentes-polgaror-egyesulet\/","og_site_name":"Dorogi-medence Region\u00e1lis H\u00edrport\u00e1l","article_publisher":"https:\/\/www.facebook.com\/dorogimedence\/","article_published_time":"2022-08-15T13:04:13+00:00","article_modified_time":"2022-08-15T13:14:04+00:00","og_image":[{"width":1600,"height":893,"url":"https:\/\/i0.wp.com\/dorogimedence.hu\/wp-content\/uploads\/2022\/08\/polgarorseg-01.jpg?fit=1600%2C893&ssl=1","type":"image\/jpeg"}],"author":"dorogimedence.hu","twitter_card":"summary_large_image","twitter_misc":{"Szerz\u0151:":"dorogimedence.hu","Becs\u00fclt olvas\u00e1si id\u0151":"1 perc"},"schema":{"@context":"https:\/\/schema.org","@graph":[{"@type":"Article","@id":"https:\/\/dorogimedence.hu\/index.php\/2022\/08\/15\/megalakult-a-mariahalmi-onkentes-polgaror-egyesulet\/#article","isPartOf":{"@id":"https:\/\/dorogimedence.hu\/index.php\/2022\/08\/15\/megalakult-a-mariahalmi-onkentes-polgaror-egyesulet\/"},"author":{"name":"dorogimedence.hu","@id":"https:\/\/dorogimedence.hu\/#\/schema\/person\/ce6091eeb7e95ecdc87890d6aa8e0fd4"},"headline":"Megalakult a M\u00e1riahalmi \u00d6nk\u00e9ntes Polg\u00e1r\u0151r Egyes\u00fclet","datePublished":"2022-08-15T13:04:13+00:00","dateModified":"2022-08-15T13:14:04+00:00","mainEntityOfPage":{"@id":"https:\/\/dorogimedence.hu\/index.php\/2022\/08\/15\/megalakult-a-mariahalmi-onkentes-polgaror-egyesulet\/"},"wordCount":234,"publisher":{"@id":"https:\/\/dorogimedence.hu\/#organization"},"keywords":["featured","M\u00e1riahalmi \u00d6nk\u00e9ntes Polg\u00e1r\u0151r Egyes\u00fclet","M\u00e1riahalom","polg\u00e1r\u0151rs\u00e9g"],"articleSection":["H\u00edrek"],"inLanguage":"hu"},{"@type":"WebPage","@id":"https:\/\/dorogimedence.hu\/index.php\/2022\/08\/15\/megalakult-a-mariahalmi-onkentes-polgaror-egyesulet\/","url":"https:\/\/dorogimedence.hu\/index.php\/2022\/08\/15\/megalakult-a-mariahalmi-onkentes-polgaror-egyesulet\/","name":"Megalakult a M\u00e1riahalmi \u00d6nk\u00e9ntes Polg\u00e1r\u0151r Egyes\u00fclet","isPartOf":{"@id":"https:\/\/dorogimedence.hu\/#website"},"datePublished":"2022-08-15T13:04:13+00:00","dateModified":"2022-08-15T13:14:04+00:00","breadcrumb":{"@id":"https:\/\/dorogimedence.hu\/index.php\/2022\/08\/15\/megalakult-a-mariahalmi-onkentes-polgaror-egyesulet\/#breadcrumb"},"inLanguage":"hu","potentialAction":[{"@type":"ReadAction","target":["https:\/\/dorogimedence.hu\/index.php\/2022\/08\/15\/megalakult-a-mariahalmi-onkentes-polgaror-egyesulet\/"]}]},{"@type":"BreadcrumbList","@id":"https:\/\/dorogimedence.hu\/index.php\/2022\/08\/15\/megalakult-a-mariahalmi-onkentes-polgaror-egyesulet\/#breadcrumb","itemListElement":[{"@type":"ListItem","position":1,"name":"Kezd\u0151lap","item":"https:\/\/dorogimedence.hu\/"},{"@type":"ListItem","position":2,"name":"Megalakult a M\u00e1riahalmi \u00d6nk\u00e9ntes Polg\u00e1r\u0151r Egyes\u00fclet"}]},{"@type":"WebSite","@id":"https:\/\/dorogimedence.hu\/#website","url":"https:\/\/dorogimedence.hu\/","name":"Dorogi-medence Region\u00e1lis H\u00edrport\u00e1l","description":"Dorog, Keszt\u00f6lc, Le\u00e1nyv\u00e1r, Piliscs\u00e9v, Tokod, Tokodalt\u00e1r\u00f3, Csolnok, Esztergom-kertv\u00e1ros: h\u00edrek, programok","publisher":{"@id":"https:\/\/dorogimedence.hu\/#organization"},"potentialAction":[{"@type":"SearchAction","target":{"@type":"EntryPoint","urlTemplate":"https:\/\/dorogimedence.hu\/?s={search_term_string}"},"query-input":{"@type":"PropertyValueSpecification","valueRequired":true,"valueName":"search_term_string"}}],"inLanguage":"hu"},{"@type":"Organization","@id":"https:\/\/dorogimedence.hu\/#organization","name":"Dorogi-medence Region\u00e1lis H\u00edrport\u00e1l","url":"https:\/\/dorogimedence.hu\/","logo":{"@type":"ImageObject","inLanguage":"hu","@id":"https:\/\/dorogimedence.hu\/#\/schema\/logo\/image\/","url":"https:\/\/dorogimedence.hu\/wp-content\/uploads\/2021\/04\/logo-feher-600.png","contentUrl":"https:\/\/dorogimedence.hu\/wp-content\/uploads\/2021\/04\/logo-feher-600.png","width":600,"height":100,"caption":"Dorogi-medence Region\u00e1lis H\u00edrport\u00e1l"},"image":{"@id":"https:\/\/dorogimedence.hu\/#\/schema\/logo\/image\/"},"sameAs":["https:\/\/www.facebook.com\/dorogimedence\/"]},{"@type":"Person","@id":"https:\/\/dorogimedence.hu\/#\/schema\/person\/ce6091eeb7e95ecdc87890d6aa8e0fd4","name":"dorogimedence.hu","image":{"@type":"ImageObject","inLanguage":"hu","@id":"\/\/www.gravatar.com\/avatar\/d8d45f8901aadff40a4af72c0b826f1d?s=96&#038;r=g&#038;d=mm","url":"\/\/www.gravatar.com\/avatar\/d8d45f8901aadff40a4af72c0b826f1d?s=96&#038;r=g&#038;d=mm","contentUrl":"\/\/www.gravatar.com\/avatar\/d8d45f8901aadff40a4af72c0b826f1d?s=96&#038;r=g&#038;d=mm","caption":"dorogimedence.hu"}}]}},"_links":{"self":[{"href":"https:\/\/dorogimedence.hu\/index.php\/wp-json\/wp\/v2\/posts\/45642","targetHints":{"allow":["GET"]}}],"collection":[{"href":"https:\/\/dorogimedence.hu\/index.php\/wp-json\/wp\/v2\/posts"}],"about":[{"href":"https:\/\/dorogimedence.hu\/index.php\/wp-json\/wp\/v2\/types\/post"}],"author":[{"embeddable":true,"href":"https:\/\/dorogimedence.hu\/index.php\/wp-json\/wp\/v2\/users\/1"}],"replies":[{"embeddable":true,"href":"https:\/\/dorogimedence.hu\/index.php\/wp-json\/wp\/v2\/comments?post=45642"}],"version-history":[{"count":0,"href":"https:\/\/dorogimedence.hu\/index.php\/wp-json\/wp\/v2\/posts\/45642\/revisions"}],"wp:attachment":[{"href":"https:\/\/dorogimedence.hu\/index.php\/wp-json\/wp\/v2\/media?parent=45642"}],"wp:term":[{"taxonomy":"category","embeddable":true,"href":"https:\/\/dorogimedence.hu\/index.php\/wp-json\/wp\/v2\/categories?post=45642"},{"taxonomy":"post_tag","embeddable":true,"href":"https:\/\/dorogimedence.hu\/index.php\/wp-json\/wp\/v2\/tags?post=45642"}],"curies":[{"name":"wp","href":"https:\/\/api.w.org\/{rel}","templated":true}]}}