{"id":45622,"date":"2022-08-15T07:09:22","date_gmt":"2022-08-15T05:09:22","guid":{"rendered":"https:\/\/dorogimedence.hu\/?p=45622"},"modified":"2022-08-15T15:29:12","modified_gmt":"2022-08-15T13:29:12","slug":"ketgolos-hatranybol-forditott-az-mtk-a-dorog-ellen","status":"publish","type":"post","link":"https:\/\/dorogimedence.hu\/index.php\/2022\/08\/15\/ketgolos-hatranybol-forditott-az-mtk-a-dorog-ellen\/","title":{"rendered":"K\u00e9tg\u00f3los h\u00e1tr\u00e1nyb\u00f3l ford\u00edtott az MTK a Dorog ellen"},"content":{"rendered":"<p><strong>A sereghajt\u00f3 Dorog alig negyed\u00f3ra ut\u00e1n m\u00e1r k\u00e9t g\u00f3llal vezetett az \u00daj Hidegkuti N\u00e1ndor Stadionban, \u00e1m az MTK a mesterh\u00e1rmast szerz\u0151 Fut\u00e1cs M\u00e1rk\u00f3 vez\u00e9rlet\u00e9vel ford\u00edtott, \u00e9s magabiztos, 5\u20132-es gy\u0151zelmet aratott a labdar\u00fag\u00f3 NB II 3. fordul\u00f3j\u00e1ban, augusztus 14-\u00e9n, vas\u00e1rnap <\/strong><em>&#8211; \u00edrja a Nemzeti Sport.<\/em><\/p>\n<p>Tov\u00e1bbra is a t\u00e1mad\u00f3futballra esk\u00fcszik Bogn\u00e1r Gy\u00f6rgy, aki az MTK szakmai igazgat\u00f3jak\u00e9nt is hasonl\u00f3an l\u00e1tv\u00e1nyos j\u00e1t\u00e9kot v\u00e1r el csapat\u00e1t\u00f3l, mint megel\u0151z\u0151 \u00e1llom\u00e1shely\u00e9n, Pakson. A Szeged ellen Fut\u00e1cs M\u00e1rk\u00f3 dupl\u00e1j\u00e1val tartott\u00e1k otthon a pontokat a f\u0151v\u00e1rosi k\u00e9k-feh\u00e9rek, \u00e1m Szentl\u0151rincen hi\u00e1ba tal\u00e1lt be h\u00e1romszor is az MTK, be kellett \u00e9rnie a d\u00f6ntetlennel. A legut\u00f3bbi id\u00e9nyt m\u00e9g az \u00e9lvonalban t\u00f6lt\u0151 egy\u00fcttesn\u00e9l az azonnali visszajut\u00e1st t\u0171zt\u00e9k ki c\u00e9lul, Bogn\u00e1r pedig a sereghajt\u00f3 Dorog elleni tal\u00e1lkoz\u00f3 el\u0151tt azt mondta, ehhez csapat\u00e1nak a v\u00e9dekez\u00e9st kellene megszil\u00e1rd\u00edtania.<\/p>\n<p>Nos, egyel\u0151re nem siker\u00fclt, ugyanis alig telt el negyed\u00f3ra a m\u00e9rk\u0151z\u00e9sb\u0151l, amikor a dorogiak m\u00e1r k\u00e9t g\u00f3llal vezettek a Hidegkuti-stadionban. <strong>Szerencsi Mikl\u00f3s<\/strong> el\u0151bb higgadtan \u00e9rt\u00e9kes\u00edtett a ziccer\u00e9t, majd \u00f6t percre r\u00e1 tan\u00e1ri g\u00f3lpasszt adott <strong>Szedl\u00e1r Zolt\u00e1nnak<\/strong>, aki l\u00e1tv\u00e1nyos mozdulattal dupl\u00e1zta meg a vend\u00e9gek el\u0151ny\u00e9t (<strong>0\u20132<\/strong>).&nbsp;S\u0151t, nem sokkal k\u00e9s\u0151bb le is z\u00e1rhatta volna a m\u00e9rk\u0151z\u00e9st a Dorog, ha a k\u00f6z\u00e9pen tiszt\u00e1n \u00e9rkez\u0151 Szerencsi pontosabban c\u00e9loz. Bal\u00e1zs J\u00f3zsef azonban nagyot v\u00e9dett, a h\u00e1zigazda pedig hi\u00e1ba ker\u00fclt harmadik id\u00e9nybeli m\u00e9rk\u0151z\u00e9s\u00e9n is h\u00e1tr\u00e1nyba, nem zuhant \u00f6ssze. <strong>Fut\u00e1cs M\u00e1rk\u00f3 <\/strong>el\u0151bb egy megpattan\u00f3 l\u00f6v\u00e9ssel sz\u00e9p\u00edtett, majd b\u00fcntet\u0151b\u0151l is betal\u00e1lt, \u00edgy a sz\u00fcnetben m\u00e1r eg\u00e1lra \u00e1lltak a felek (<strong>2\u20132<\/strong>).<\/p>\n<p>A t\u00e9rf\u00e9lcsere ut\u00e1n m\u00e1r nem tudott ritmust v\u00e1ltani a Dorog, \u00edgy csak id\u0151 k\u00e9rd\u00e9se volt, mikor t\u00f6ri fel ism\u00e9t a reteszt az MTK. Po\u00f3r Patrik fejese m\u00e9g a keresztl\u00e9cen csattant, \u00e1m k\u00e9t perccel k\u00e9s\u0151bb az ihletett form\u00e1ban futballoz\u00f3 <strong>Fut\u00e1cs M\u00e1rk\u00f3&nbsp;<\/strong>megszerezte saj\u00e1t maga \u00e9s csapata harmadik g\u00f3lj\u00e1t, ami neki m\u00e1r az \u00f6t\u00f6dik volt az id\u00e9nyben (<strong>3\u20132<\/strong>). Szinte azonnal v\u00e1laszolhattak volna vend\u00e9gek, \u00e1m Szalai J\u00f3zsef fejes\u00e9t brav\u00farral v\u00e9dte Bal\u00e1zs, majd gyors t\u00e1mad\u00e1s v\u00e9g\u00e9n a t\u00faloldalon <strong>N\u00e9meth Kriszti\u00e1n<\/strong> is bek\u00f6sz\u00f6nt, eld\u00f6ntve a nyitott k\u00e9rd\u00e9seket (<strong>4\u20132<\/strong>). A hajr\u00e1ban <strong>Barna Gerg\u0151<\/strong> ki\u00e1ll\u00edt\u00e1sa miatt megfogyatkozott a Dorog, az <strong>5\u20132<\/strong>-es v\u00e9geredm\u00e9nyt a sz\u00fcnetben becser\u00e9lt <strong>Kov\u00e1csr\u00e9ti M\u00e1rk<\/strong> \u00e1ll\u00edtotta be. Az MTK meg\u0151rizte veretlens\u00e9g\u00e9t, m\u00edg a dorogiak a j\u00f3 kezd\u00e9s ellen\u00e9re ez\u00fattal is pont n\u00e9lk\u00fcl maradtak, \u00edgy h\u00e1rom fordul\u00f3 ut\u00e1n tov\u00e1bbra is sereghajt\u00f3k.<\/p>\n<p><strong>LABDAR\u00daG\u00d3 NB II &#8211; <\/strong><strong>3. FORDUL\u00d3<br \/>\n<\/strong><span style=\"color: #ff0000;\"><strong>MTK BUDAPEST\u2013DOROGI FC 5\u20132 (<\/strong><strong>2\u20132)<\/strong><\/span><strong><br \/>\nBudapest,<\/strong> \u00daj Hidegkuti N\u00e1ndor Stadion, <strong>800<\/strong> n\u00e9z\u0151. <strong>Vezette:<\/strong> Tak\u00e1cs Tam\u00e1s (Albert Istv\u00e1n, Bertalan D\u00e1vid)<br \/>\n<strong>MTK:<\/strong> Bal\u00e1zs \u2013 Po\u00f3r, Sz\u00e9pe, Nagy Zs. \u2013 Mikny\u00f3czki (Kov\u00e1csr\u00e9ti, a sz\u00fcnetben), Kata, Bogn\u00e1r I. (Biben, 82.), Stieber Z. (Lehoczky, a sz\u00fcnetben), Medgyes S. (Nagy B., 85.) \u2013 N\u00e9meth K. (Kov\u00e1cs M., 80.), Fut\u00e1cs. <strong>Szakmai igazgat\u00f3:<\/strong> Bogn\u00e1r Gy\u00f6rgy<br \/>\n<strong>DOROG:<\/strong> Borsos V. \u2013 Sztojka (Szil\u00e1gyi Sz., 56.), Gyur\u00e1cz, Keresztes, Lakatos Cs. \u2013 Lustyik (T\u00f3th B., 56.), L\u00e9n\u00e1rth (Nagyh\u00e1zi, 77.) \u2013 Barna G., Szerencsi (Kapornai, 73.), Szedl\u00e1r \u2013 Magyari (Szalai J., 56.). <strong>Vezet\u0151edz\u0151:<\/strong> Fenyvesi L\u00e1szl\u00f3<br \/>\n<strong>G\u00f3lszerz\u0151<\/strong>: Szerencsi (<strong>0\u20131<\/strong>) a 11., Szedl\u00e1r (<strong>0\u20132<\/strong>) a 17., Fut\u00e1cs (<strong>1\u20132<\/strong>) a 29., Fut\u00e1cs (<strong>11-esb\u0151l, 2\u20132<\/strong>) a 36., Fut\u00e1cs (<strong>3\u20132<\/strong>) a 67., N\u00e9meth K. (<strong>4\u20132<\/strong>) a 76., Kov\u00e1csr\u00e9ti (<strong>5\u20132<\/strong>) a 85. percben<br \/>\n<strong>Ki\u00e1ll\u00edtva<\/strong>: Barna G. (m\u00e1sodik s\u00e1rga lap) a 79. percben<br \/>\n<strong>MESTERM\u00c9RLEG<\/strong><em><br \/>\n<\/em><strong>Fenyvesi L\u00e1szl\u00f3<\/strong>: \u2013 Ha k\u00e9tg\u00f3los el\u0151nyben g\u00f3lra v\u00e1ltjuk a helyzet\u00fcnket, eld\u00f6nthett\u00fck volna a m\u00e9rk\u0151z\u00e9st. Ehelyett az MTK m\u00e9g a sz\u00fcnet el\u0151tt egyenl\u00edtett, majd elker\u00fclhet\u0151 g\u00f3lokat kaptunk. Van mire \u00e9p\u00edten\u00fcnk, de bosszant\u00f3, hogy ism\u00e9t pont n\u00e9lk\u00fcl maradtunk.<\/p>\n<p><a href=\"https:\/\/www.nemzetisport.hu\/labdarugo_nb_ii\/nb-ii-mtk-dorogi-fc-2908195\" target=\"_blank\" rel=\"noopener\"><span style=\"text-decoration: underline; color: #0000ff;\">A m\u00e9rk\u0151z\u00e9s r\u00e9szletei&gt;&gt;<\/span><\/a><\/p>\n<p><em>Forr\u00e1s: nemzetisport.hu<\/em><br \/>\n<em>Bor\u00edt\u00f3k\u00e9p: F\u00f6ldi Imre \/ nemzetisport.hu<\/em><\/p>\n","protected":false},"excerpt":{"rendered":"<p>A sereghajt\u00f3 Dorog alig negyed\u00f3ra ut\u00e1n m\u00e1r k\u00e9t g\u00f3llal vezetett az \u00daj Hidegkuti N\u00e1ndor Stadionban, \u00e1m az MTK a mesterh\u00e1rmast szerz\u0151 Fut\u00e1cs M\u00e1rk\u00f3 vez\u00e9rlet\u00e9vel ford\u00edtott, \u00e9s magabiztos, 5\u20132-es gy\u0151zelmet aratott a labdar\u00fag\u00f3 NB II 3. fordul\u00f3j\u00e1ban, augusztus 14-\u00e9n, vas\u00e1rnap &#8211; \u00edrja a Nemzeti Sport. Tov\u00e1bbra is a t\u00e1mad\u00f3futballra esk\u00fcszik Bogn\u00e1r Gy\u00f6rgy, aki az MTK szakmai<\/p>\n","protected":false},"author":1,"featured_media":45623,"comment_status":"closed","ping_status":"closed","sticky":false,"template":"","format":"standard","meta":{"ngg_post_thumbnail":0,"footnotes":""},"categories":[2,3,5],"tags":[15,37,5624,70,69,72,1530,263,16],"class_list":{"0":"post-45622","1":"post","2":"type-post","3":"status-publish","4":"format-standard","5":"has-post-thumbnail","7":"category-dorog","8":"category-hirek","9":"category-sport","10":"tag-dorog","11":"tag-dorogi-fc","12":"tag-featured","13":"tag-foci","14":"tag-futball","15":"tag-labdarugas","16":"tag-mtk","17":"tag-nb-ii","18":"tag-sport"},"yoast_head":"<!-- This site is optimized with the Yoast SEO plugin v27.5 - https:\/\/yoast.com\/product\/yoast-seo-wordpress\/ -->\n<title>K\u00e9tg\u00f3los h\u00e1tr\u00e1nyb\u00f3l ford\u00edtott az MTK a Dorog ellen<\/title>\n<meta name=\"robots\" content=\"index, follow, max-snippet:-1, max-image-preview:large, max-video-preview:-1\" \/>\n<link rel=\"canonical\" href=\"https:\/\/dorogimedence.hu\/index.php\/2022\/08\/15\/ketgolos-hatranybol-forditott-az-mtk-a-dorog-ellen\/\" class=\"yoast-seo-meta-tag\" \/>\n<meta property=\"og:locale\" content=\"hu_HU\" class=\"yoast-seo-meta-tag\" \/>\n<meta property=\"og:type\" content=\"article\" class=\"yoast-seo-meta-tag\" \/>\n<meta property=\"og:title\" content=\"K\u00e9tg\u00f3los h\u00e1tr\u00e1nyb\u00f3l ford\u00edtott az MTK a Dorog ellen\" class=\"yoast-seo-meta-tag\" \/>\n<meta property=\"og:description\" content=\"A sereghajt\u00f3 Dorog alig negyed\u00f3ra ut\u00e1n m\u00e1r k\u00e9t g\u00f3llal vezetett az \u00daj Hidegkuti N\u00e1ndor Stadionban, \u00e1m az MTK a mesterh\u00e1rmast szerz\u0151 Fut\u00e1cs M\u00e1rk\u00f3 vez\u00e9rlet\u00e9vel ford\u00edtott, \u00e9s magabiztos, 5\u20132-es gy\u0151zelmet aratott a labdar\u00fag\u00f3 NB II 3. fordul\u00f3j\u00e1ban, augusztus 14-\u00e9n, vas\u00e1rnap &#8211; \u00edrja a Nemzeti Sport. Tov\u00e1bbra is a t\u00e1mad\u00f3futballra esk\u00fcszik Bogn\u00e1r Gy\u00f6rgy, aki az MTK szakmai\" class=\"yoast-seo-meta-tag\" \/>\n<meta property=\"og:url\" content=\"https:\/\/dorogimedence.hu\/index.php\/2022\/08\/15\/ketgolos-hatranybol-forditott-az-mtk-a-dorog-ellen\/\" class=\"yoast-seo-meta-tag\" \/>\n<meta property=\"og:site_name\" content=\"Dorogi-medence Region\u00e1lis H\u00edrport\u00e1l\" class=\"yoast-seo-meta-tag\" \/>\n<meta property=\"article:publisher\" content=\"https:\/\/www.facebook.com\/dorogimedence\/\" class=\"yoast-seo-meta-tag\" \/>\n<meta property=\"article:published_time\" content=\"2022-08-15T05:09:22+00:00\" class=\"yoast-seo-meta-tag\" \/>\n<meta property=\"article:modified_time\" content=\"2022-08-15T13:29:12+00:00\" class=\"yoast-seo-meta-tag\" \/>\n<meta property=\"og:image\" content=\"https:\/\/i0.wp.com\/dorogimedence.hu\/wp-content\/uploads\/2022\/08\/mtk-dorog.jpg?fit=960%2C575&ssl=1\" class=\"yoast-seo-meta-tag\" \/>\n\t<meta property=\"og:image:width\" content=\"960\" class=\"yoast-seo-meta-tag\" \/>\n\t<meta property=\"og:image:height\" content=\"575\" class=\"yoast-seo-meta-tag\" \/>\n\t<meta property=\"og:image:type\" content=\"image\/jpeg\" class=\"yoast-seo-meta-tag\" \/>\n<meta name=\"author\" content=\"dorogimedence.hu\" class=\"yoast-seo-meta-tag\" \/>\n<meta name=\"twitter:card\" content=\"summary_large_image\" class=\"yoast-seo-meta-tag\" \/>\n<meta name=\"twitter:label1\" content=\"Szerz\u0151:\" class=\"yoast-seo-meta-tag\" \/>\n\t<meta name=\"twitter:data1\" content=\"dorogimedence.hu\" class=\"yoast-seo-meta-tag\" \/>\n\t<meta name=\"twitter:label2\" content=\"Becs\u00fclt olvas\u00e1si id\u0151\" class=\"yoast-seo-meta-tag\" \/>\n\t<meta name=\"twitter:data2\" content=\"4 perc\" class=\"yoast-seo-meta-tag\" \/>\n<script type=\"application\/ld+json\" class=\"yoast-schema-graph\">{\"@context\":\"https:\\\/\\\/schema.org\",\"@graph\":[{\"@type\":\"Article\",\"@id\":\"https:\\\/\\\/dorogimedence.hu\\\/index.php\\\/2022\\\/08\\\/15\\\/ketgolos-hatranybol-forditott-az-mtk-a-dorog-ellen\\\/#article\",\"isPartOf\":{\"@id\":\"https:\\\/\\\/dorogimedence.hu\\\/index.php\\\/2022\\\/08\\\/15\\\/ketgolos-hatranybol-forditott-az-mtk-a-dorog-ellen\\\/\"},\"author\":{\"name\":\"dorogimedence.hu\",\"@id\":\"https:\\\/\\\/dorogimedence.hu\\\/#\\\/schema\\\/person\\\/ce6091eeb7e95ecdc87890d6aa8e0fd4\"},\"headline\":\"K\u00e9tg\u00f3los h\u00e1tr\u00e1nyb\u00f3l ford\u00edtott az MTK a Dorog ellen\",\"datePublished\":\"2022-08-15T05:09:22+00:00\",\"dateModified\":\"2022-08-15T13:29:12+00:00\",\"mainEntityOfPage\":{\"@id\":\"https:\\\/\\\/dorogimedence.hu\\\/index.php\\\/2022\\\/08\\\/15\\\/ketgolos-hatranybol-forditott-az-mtk-a-dorog-ellen\\\/\"},\"wordCount\":794,\"publisher\":{\"@id\":\"https:\\\/\\\/dorogimedence.hu\\\/#organization\"},\"image\":{\"@id\":\"https:\\\/\\\/dorogimedence.hu\\\/index.php\\\/2022\\\/08\\\/15\\\/ketgolos-hatranybol-forditott-az-mtk-a-dorog-ellen\\\/#primaryimage\"},\"thumbnailUrl\":\"https:\\\/\\\/dorogimedence.hu\\\/wp-content\\\/uploads\\\/2022\\\/08\\\/mtk-dorog.jpg\",\"keywords\":[\"Dorog\",\"Dorogi FC\",\"featured\",\"foci\",\"futball\",\"labdar\u00fag\u00e1s\",\"MTK\",\"NB II\",\"sport\"],\"articleSection\":[\"Dorog\",\"H\u00edrek\",\"Sport\"],\"inLanguage\":\"hu\"},{\"@type\":\"WebPage\",\"@id\":\"https:\\\/\\\/dorogimedence.hu\\\/index.php\\\/2022\\\/08\\\/15\\\/ketgolos-hatranybol-forditott-az-mtk-a-dorog-ellen\\\/\",\"url\":\"https:\\\/\\\/dorogimedence.hu\\\/index.php\\\/2022\\\/08\\\/15\\\/ketgolos-hatranybol-forditott-az-mtk-a-dorog-ellen\\\/\",\"name\":\"K\u00e9tg\u00f3los h\u00e1tr\u00e1nyb\u00f3l ford\u00edtott az MTK a Dorog ellen\",\"isPartOf\":{\"@id\":\"https:\\\/\\\/dorogimedence.hu\\\/#website\"},\"primaryImageOfPage\":{\"@id\":\"https:\\\/\\\/dorogimedence.hu\\\/index.php\\\/2022\\\/08\\\/15\\\/ketgolos-hatranybol-forditott-az-mtk-a-dorog-ellen\\\/#primaryimage\"},\"image\":{\"@id\":\"https:\\\/\\\/dorogimedence.hu\\\/index.php\\\/2022\\\/08\\\/15\\\/ketgolos-hatranybol-forditott-az-mtk-a-dorog-ellen\\\/#primaryimage\"},\"thumbnailUrl\":\"https:\\\/\\\/dorogimedence.hu\\\/wp-content\\\/uploads\\\/2022\\\/08\\\/mtk-dorog.jpg\",\"datePublished\":\"2022-08-15T05:09:22+00:00\",\"dateModified\":\"2022-08-15T13:29:12+00:00\",\"breadcrumb\":{\"@id\":\"https:\\\/\\\/dorogimedence.hu\\\/index.php\\\/2022\\\/08\\\/15\\\/ketgolos-hatranybol-forditott-az-mtk-a-dorog-ellen\\\/#breadcrumb\"},\"inLanguage\":\"hu\",\"potentialAction\":[{\"@type\":\"ReadAction\",\"target\":[\"https:\\\/\\\/dorogimedence.hu\\\/index.php\\\/2022\\\/08\\\/15\\\/ketgolos-hatranybol-forditott-az-mtk-a-dorog-ellen\\\/\"]}]},{\"@type\":\"ImageObject\",\"inLanguage\":\"hu\",\"@id\":\"https:\\\/\\\/dorogimedence.hu\\\/index.php\\\/2022\\\/08\\\/15\\\/ketgolos-hatranybol-forditott-az-mtk-a-dorog-ellen\\\/#primaryimage\",\"url\":\"https:\\\/\\\/dorogimedence.hu\\\/wp-content\\\/uploads\\\/2022\\\/08\\\/mtk-dorog.jpg\",\"contentUrl\":\"https:\\\/\\\/dorogimedence.hu\\\/wp-content\\\/uploads\\\/2022\\\/08\\\/mtk-dorog.jpg\",\"width\":960,\"height\":575},{\"@type\":\"BreadcrumbList\",\"@id\":\"https:\\\/\\\/dorogimedence.hu\\\/index.php\\\/2022\\\/08\\\/15\\\/ketgolos-hatranybol-forditott-az-mtk-a-dorog-ellen\\\/#breadcrumb\",\"itemListElement\":[{\"@type\":\"ListItem\",\"position\":1,\"name\":\"Kezd\u0151lap\",\"item\":\"https:\\\/\\\/dorogimedence.hu\\\/\"},{\"@type\":\"ListItem\",\"position\":2,\"name\":\"K\u00e9tg\u00f3los h\u00e1tr\u00e1nyb\u00f3l ford\u00edtott az MTK a Dorog ellen\"}]},{\"@type\":\"WebSite\",\"@id\":\"https:\\\/\\\/dorogimedence.hu\\\/#website\",\"url\":\"https:\\\/\\\/dorogimedence.hu\\\/\",\"name\":\"Dorogi-medence Region\u00e1lis H\u00edrport\u00e1l\",\"description\":\"Dorog, Keszt\u00f6lc, Le\u00e1nyv\u00e1r, Piliscs\u00e9v, Tokod, Tokodalt\u00e1r\u00f3, Csolnok, Esztergom-kertv\u00e1ros: h\u00edrek, programok\",\"publisher\":{\"@id\":\"https:\\\/\\\/dorogimedence.hu\\\/#organization\"},\"potentialAction\":[{\"@type\":\"SearchAction\",\"target\":{\"@type\":\"EntryPoint\",\"urlTemplate\":\"https:\\\/\\\/dorogimedence.hu\\\/?s={search_term_string}\"},\"query-input\":{\"@type\":\"PropertyValueSpecification\",\"valueRequired\":true,\"valueName\":\"search_term_string\"}}],\"inLanguage\":\"hu\"},{\"@type\":\"Organization\",\"@id\":\"https:\\\/\\\/dorogimedence.hu\\\/#organization\",\"name\":\"Dorogi-medence Region\u00e1lis H\u00edrport\u00e1l\",\"url\":\"https:\\\/\\\/dorogimedence.hu\\\/\",\"logo\":{\"@type\":\"ImageObject\",\"inLanguage\":\"hu\",\"@id\":\"https:\\\/\\\/dorogimedence.hu\\\/#\\\/schema\\\/logo\\\/image\\\/\",\"url\":\"https:\\\/\\\/dorogimedence.hu\\\/wp-content\\\/uploads\\\/2021\\\/04\\\/logo-feher-600.png\",\"contentUrl\":\"https:\\\/\\\/dorogimedence.hu\\\/wp-content\\\/uploads\\\/2021\\\/04\\\/logo-feher-600.png\",\"width\":600,\"height\":100,\"caption\":\"Dorogi-medence Region\u00e1lis H\u00edrport\u00e1l\"},\"image\":{\"@id\":\"https:\\\/\\\/dorogimedence.hu\\\/#\\\/schema\\\/logo\\\/image\\\/\"},\"sameAs\":[\"https:\\\/\\\/www.facebook.com\\\/dorogimedence\\\/\"]},{\"@type\":\"Person\",\"@id\":\"https:\\\/\\\/dorogimedence.hu\\\/#\\\/schema\\\/person\\\/ce6091eeb7e95ecdc87890d6aa8e0fd4\",\"name\":\"dorogimedence.hu\",\"image\":{\"@type\":\"ImageObject\",\"inLanguage\":\"hu\",\"@id\":\"\\\/\\\/www.gravatar.com\\\/avatar\\\/d8d45f8901aadff40a4af72c0b826f1d?s=96&#038;r=g&#038;d=mm\",\"url\":\"\\\/\\\/www.gravatar.com\\\/avatar\\\/d8d45f8901aadff40a4af72c0b826f1d?s=96&#038;r=g&#038;d=mm\",\"contentUrl\":\"\\\/\\\/www.gravatar.com\\\/avatar\\\/d8d45f8901aadff40a4af72c0b826f1d?s=96&#038;r=g&#038;d=mm\",\"caption\":\"dorogimedence.hu\"}}]}<\/script>\n<!-- \/ Yoast SEO plugin. -->","yoast_head_json":{"title":"K\u00e9tg\u00f3los h\u00e1tr\u00e1nyb\u00f3l ford\u00edtott az MTK a Dorog ellen","robots":{"index":"index","follow":"follow","max-snippet":"max-snippet:-1","max-image-preview":"max-image-preview:large","max-video-preview":"max-video-preview:-1"},"canonical":"https:\/\/dorogimedence.hu\/index.php\/2022\/08\/15\/ketgolos-hatranybol-forditott-az-mtk-a-dorog-ellen\/","og_locale":"hu_HU","og_type":"article","og_title":"K\u00e9tg\u00f3los h\u00e1tr\u00e1nyb\u00f3l ford\u00edtott az MTK a Dorog ellen","og_description":"A sereghajt\u00f3 Dorog alig negyed\u00f3ra ut\u00e1n m\u00e1r k\u00e9t g\u00f3llal vezetett az \u00daj Hidegkuti N\u00e1ndor Stadionban, \u00e1m az MTK a mesterh\u00e1rmast szerz\u0151 Fut\u00e1cs M\u00e1rk\u00f3 vez\u00e9rlet\u00e9vel ford\u00edtott, \u00e9s magabiztos, 5\u20132-es gy\u0151zelmet aratott a labdar\u00fag\u00f3 NB II 3. fordul\u00f3j\u00e1ban, augusztus 14-\u00e9n, vas\u00e1rnap &#8211; \u00edrja a Nemzeti Sport. Tov\u00e1bbra is a t\u00e1mad\u00f3futballra esk\u00fcszik Bogn\u00e1r Gy\u00f6rgy, aki az MTK szakmai","og_url":"https:\/\/dorogimedence.hu\/index.php\/2022\/08\/15\/ketgolos-hatranybol-forditott-az-mtk-a-dorog-ellen\/","og_site_name":"Dorogi-medence Region\u00e1lis H\u00edrport\u00e1l","article_publisher":"https:\/\/www.facebook.com\/dorogimedence\/","article_published_time":"2022-08-15T05:09:22+00:00","article_modified_time":"2022-08-15T13:29:12+00:00","og_image":[{"width":960,"height":575,"url":"https:\/\/i0.wp.com\/dorogimedence.hu\/wp-content\/uploads\/2022\/08\/mtk-dorog.jpg?fit=960%2C575&ssl=1","type":"image\/jpeg"}],"author":"dorogimedence.hu","twitter_card":"summary_large_image","twitter_misc":{"Szerz\u0151:":"dorogimedence.hu","Becs\u00fclt olvas\u00e1si id\u0151":"4 perc"},"schema":{"@context":"https:\/\/schema.org","@graph":[{"@type":"Article","@id":"https:\/\/dorogimedence.hu\/index.php\/2022\/08\/15\/ketgolos-hatranybol-forditott-az-mtk-a-dorog-ellen\/#article","isPartOf":{"@id":"https:\/\/dorogimedence.hu\/index.php\/2022\/08\/15\/ketgolos-hatranybol-forditott-az-mtk-a-dorog-ellen\/"},"author":{"name":"dorogimedence.hu","@id":"https:\/\/dorogimedence.hu\/#\/schema\/person\/ce6091eeb7e95ecdc87890d6aa8e0fd4"},"headline":"K\u00e9tg\u00f3los h\u00e1tr\u00e1nyb\u00f3l ford\u00edtott az MTK a Dorog ellen","datePublished":"2022-08-15T05:09:22+00:00","dateModified":"2022-08-15T13:29:12+00:00","mainEntityOfPage":{"@id":"https:\/\/dorogimedence.hu\/index.php\/2022\/08\/15\/ketgolos-hatranybol-forditott-az-mtk-a-dorog-ellen\/"},"wordCount":794,"publisher":{"@id":"https:\/\/dorogimedence.hu\/#organization"},"image":{"@id":"https:\/\/dorogimedence.hu\/index.php\/2022\/08\/15\/ketgolos-hatranybol-forditott-az-mtk-a-dorog-ellen\/#primaryimage"},"thumbnailUrl":"https:\/\/dorogimedence.hu\/wp-content\/uploads\/2022\/08\/mtk-dorog.jpg","keywords":["Dorog","Dorogi FC","featured","foci","futball","labdar\u00fag\u00e1s","MTK","NB II","sport"],"articleSection":["Dorog","H\u00edrek","Sport"],"inLanguage":"hu"},{"@type":"WebPage","@id":"https:\/\/dorogimedence.hu\/index.php\/2022\/08\/15\/ketgolos-hatranybol-forditott-az-mtk-a-dorog-ellen\/","url":"https:\/\/dorogimedence.hu\/index.php\/2022\/08\/15\/ketgolos-hatranybol-forditott-az-mtk-a-dorog-ellen\/","name":"K\u00e9tg\u00f3los h\u00e1tr\u00e1nyb\u00f3l ford\u00edtott az MTK a Dorog ellen","isPartOf":{"@id":"https:\/\/dorogimedence.hu\/#website"},"primaryImageOfPage":{"@id":"https:\/\/dorogimedence.hu\/index.php\/2022\/08\/15\/ketgolos-hatranybol-forditott-az-mtk-a-dorog-ellen\/#primaryimage"},"image":{"@id":"https:\/\/dorogimedence.hu\/index.php\/2022\/08\/15\/ketgolos-hatranybol-forditott-az-mtk-a-dorog-ellen\/#primaryimage"},"thumbnailUrl":"https:\/\/dorogimedence.hu\/wp-content\/uploads\/2022\/08\/mtk-dorog.jpg","datePublished":"2022-08-15T05:09:22+00:00","dateModified":"2022-08-15T13:29:12+00:00","breadcrumb":{"@id":"https:\/\/dorogimedence.hu\/index.php\/2022\/08\/15\/ketgolos-hatranybol-forditott-az-mtk-a-dorog-ellen\/#breadcrumb"},"inLanguage":"hu","potentialAction":[{"@type":"ReadAction","target":["https:\/\/dorogimedence.hu\/index.php\/2022\/08\/15\/ketgolos-hatranybol-forditott-az-mtk-a-dorog-ellen\/"]}]},{"@type":"ImageObject","inLanguage":"hu","@id":"https:\/\/dorogimedence.hu\/index.php\/2022\/08\/15\/ketgolos-hatranybol-forditott-az-mtk-a-dorog-ellen\/#primaryimage","url":"https:\/\/dorogimedence.hu\/wp-content\/uploads\/2022\/08\/mtk-dorog.jpg","contentUrl":"https:\/\/dorogimedence.hu\/wp-content\/uploads\/2022\/08\/mtk-dorog.jpg","width":960,"height":575},{"@type":"BreadcrumbList","@id":"https:\/\/dorogimedence.hu\/index.php\/2022\/08\/15\/ketgolos-hatranybol-forditott-az-mtk-a-dorog-ellen\/#breadcrumb","itemListElement":[{"@type":"ListItem","position":1,"name":"Kezd\u0151lap","item":"https:\/\/dorogimedence.hu\/"},{"@type":"ListItem","position":2,"name":"K\u00e9tg\u00f3los h\u00e1tr\u00e1nyb\u00f3l ford\u00edtott az MTK a Dorog ellen"}]},{"@type":"WebSite","@id":"https:\/\/dorogimedence.hu\/#website","url":"https:\/\/dorogimedence.hu\/","name":"Dorogi-medence Region\u00e1lis H\u00edrport\u00e1l","description":"Dorog, Keszt\u00f6lc, Le\u00e1nyv\u00e1r, Piliscs\u00e9v, Tokod, Tokodalt\u00e1r\u00f3, Csolnok, Esztergom-kertv\u00e1ros: h\u00edrek, programok","publisher":{"@id":"https:\/\/dorogimedence.hu\/#organization"},"potentialAction":[{"@type":"SearchAction","target":{"@type":"EntryPoint","urlTemplate":"https:\/\/dorogimedence.hu\/?s={search_term_string}"},"query-input":{"@type":"PropertyValueSpecification","valueRequired":true,"valueName":"search_term_string"}}],"inLanguage":"hu"},{"@type":"Organization","@id":"https:\/\/dorogimedence.hu\/#organization","name":"Dorogi-medence Region\u00e1lis H\u00edrport\u00e1l","url":"https:\/\/dorogimedence.hu\/","logo":{"@type":"ImageObject","inLanguage":"hu","@id":"https:\/\/dorogimedence.hu\/#\/schema\/logo\/image\/","url":"https:\/\/dorogimedence.hu\/wp-content\/uploads\/2021\/04\/logo-feher-600.png","contentUrl":"https:\/\/dorogimedence.hu\/wp-content\/uploads\/2021\/04\/logo-feher-600.png","width":600,"height":100,"caption":"Dorogi-medence Region\u00e1lis H\u00edrport\u00e1l"},"image":{"@id":"https:\/\/dorogimedence.hu\/#\/schema\/logo\/image\/"},"sameAs":["https:\/\/www.facebook.com\/dorogimedence\/"]},{"@type":"Person","@id":"https:\/\/dorogimedence.hu\/#\/schema\/person\/ce6091eeb7e95ecdc87890d6aa8e0fd4","name":"dorogimedence.hu","image":{"@type":"ImageObject","inLanguage":"hu","@id":"\/\/www.gravatar.com\/avatar\/d8d45f8901aadff40a4af72c0b826f1d?s=96&#038;r=g&#038;d=mm","url":"\/\/www.gravatar.com\/avatar\/d8d45f8901aadff40a4af72c0b826f1d?s=96&#038;r=g&#038;d=mm","contentUrl":"\/\/www.gravatar.com\/avatar\/d8d45f8901aadff40a4af72c0b826f1d?s=96&#038;r=g&#038;d=mm","caption":"dorogimedence.hu"}}]}},"_links":{"self":[{"href":"https:\/\/dorogimedence.hu\/index.php\/wp-json\/wp\/v2\/posts\/45622","targetHints":{"allow":["GET"]}}],"collection":[{"href":"https:\/\/dorogimedence.hu\/index.php\/wp-json\/wp\/v2\/posts"}],"about":[{"href":"https:\/\/dorogimedence.hu\/index.php\/wp-json\/wp\/v2\/types\/post"}],"author":[{"embeddable":true,"href":"https:\/\/dorogimedence.hu\/index.php\/wp-json\/wp\/v2\/users\/1"}],"replies":[{"embeddable":true,"href":"https:\/\/dorogimedence.hu\/index.php\/wp-json\/wp\/v2\/comments?post=45622"}],"version-history":[{"count":0,"href":"https:\/\/dorogimedence.hu\/index.php\/wp-json\/wp\/v2\/posts\/45622\/revisions"}],"wp:featuredmedia":[{"embeddable":true,"href":"https:\/\/dorogimedence.hu\/index.php\/wp-json\/wp\/v2\/media\/45623"}],"wp:attachment":[{"href":"https:\/\/dorogimedence.hu\/index.php\/wp-json\/wp\/v2\/media?parent=45622"}],"wp:term":[{"taxonomy":"category","embeddable":true,"href":"https:\/\/dorogimedence.hu\/index.php\/wp-json\/wp\/v2\/categories?post=45622"},{"taxonomy":"post_tag","embeddable":true,"href":"https:\/\/dorogimedence.hu\/index.php\/wp-json\/wp\/v2\/tags?post=45622"}],"curies":[{"name":"wp","href":"https:\/\/api.w.org\/{rel}","templated":true}]}}