{"id":4555,"date":"2017-07-20T15:24:48","date_gmt":"2017-07-20T13:24:48","guid":{"rendered":"http:\/\/dorogimedence.hu\/?p=4555"},"modified":"2017-07-20T15:24:48","modified_gmt":"2017-07-20T13:24:48","slug":"elkezdodott-a-miniverzum-epitese","status":"publish","type":"post","link":"https:\/\/dorogimedence.hu\/index.php\/2017\/07\/20\/elkezdodott-a-miniverzum-epitese\/","title":{"rendered":"Elkezd\u0151d\u00f6tt a Miniverzum \u00e9p\u00edt\u00e9se"},"content":{"rendered":"<p><strong><span id=\"ctl05_lbLead\">A Dorog k\u00f6zpontj\u00e1ban l\u00e9v\u0151 Reimann-alt\u00e1r\u00f3 szomsz\u00e9ds\u00e1g\u00e1ban a t\u00e9rs\u00e9g 230 \u00e9ves b\u00e1ny\u00e1szat\u00e1t \u00e9s ipart\u00f6rt\u00e9neti \u00f6r\u00f6ks\u00e9g\u00e9t bemutat\u00f3 ki\u00e1ll\u00edt\u00f3t\u00e9r \u00e9p\u00fcl 250 milli\u00f3 forintos uni\u00f3s t\u00e1mogat\u00e1s seg\u00edts\u00e9g\u00e9vel.<\/span><\/strong><\/p>\n<p><span id=\"ctl05_lbBody\">Tittmann J\u00e1nos az MTI-nek elmondta, hogy a l\u00e9tes\u00edtm\u00e9ny a 2014-ben m\u0171eml\u00e9ki v\u00e9detts\u00e9get elnyert Reimann-alt\u00e1r\u00f3 bej\u00e1rata mellett \u00e9p\u00fcl meg. Az \u00e9p\u00fcletben egy sz\u00e1z n\u00e9gyzetm\u00e9teres terepmodell seg\u00edts\u00e9g\u00e9vel interakt\u00edv \u00e9s hiteles k\u00f6rnyezetben mutatj\u00e1k be a dorogi sz\u00e9nmez\u0151kh\u00f6z kapcsol\u00f3d\u00f3 b\u00e1ny\u00e1szat t\u00f6rt\u00e9net\u00e9t, a telep\u00fcl\u00e9s szerkezet\u00e9nek v\u00e1ltoz\u00e1s\u00e1t \u00e9s a tev\u00e9kenys\u00e9g hat\u00e1s\u00e1t a k\u00f6rny\u00e9k lak\u00f3inak \u00e9letm\u00f3dj\u00e1ra, kult\u00far\u00e1j\u00e1ra.<\/span><\/p>\n<p><span id=\"ctl05_lbBody\">A k\u00e9t szinten megval\u00f3sul\u00f3 ki\u00e1ll\u00edt\u00f3t\u00e9r mellett inform\u00e1ci\u00f3s k\u00f6zpontot is kialak\u00edtanak, amely a k\u00f6rny\u00e9kbeli telep\u00fcl\u00e9sek turisztikai l\u00e1tnival\u00f3ir\u00f3l k\u00edn\u00e1l inform\u00e1ci\u00f3kat a l\u00e1togat\u00f3knak.<\/span><\/p>\n<p><span id=\"ctl05_lbBody\">A Reimann-alt\u00e1r\u00f3t 1915-ben kezdt\u00e9k kialak\u00edtani, 1918-ban hozt\u00e1k felsz\u00ednre az els\u0151 csille szenet f\u00f6ldalatti vas\u00fat seg\u00edts\u00e9g\u00e9vel. Az alt\u00e1r\u00f3 vas\u00fatj\u00e1t 1921-ben villamos\u00edtott\u00e1k, a v\u00e1gat \u00f6sszesen hetven \u00e9vig \u00fczemelt.<\/span><\/p>\n<p><span id=\"ctl05_lbBody\">Legnagyobb kiterjed\u00e9se idej\u00e9n hossza meghaladta a 36 kilom\u00e9tert, a Dorog, Csolnok, Annav\u00f6lgy, S\u00e1ris\u00e1p \u00e9s Tokod telep\u00fcl\u00e9sekhez tartoz\u00f3 b\u00e1ny\u00e1kat k\u00f6t\u00f6tte \u00f6ssze. A m\u00e1sodik vil\u00e1gh\u00e1bor\u00fa idej\u00e9n t\u00f6bb ezer ember sz\u00e1m\u00e1ra szolg\u00e1lt \u00f3v\u00f3hely\u00fcl.<\/span><\/p>\n<p><a href=\"http:\/\/dorog.hu\/index.php?oldal=65&amp;hir=2563\" target=\"_blank\" rel=\"noopener\"><span style=\"text-decoration: underline; color: #0000ff;\">A Miniverzum \u00e9p\u00edt\u00e9s\u00e9r\u0151l a telep\u00fcl\u00e9s is besz\u00e1mol a honlapj\u00e1n&gt;&gt;<\/span><\/a><\/p>\n<p><em>Forr\u00e1s: MTI<\/em><br \/>\n<em>Fot\u00f3: dorog.hu<\/em><\/p>\n","protected":false},"excerpt":{"rendered":"<p>A Dorog k\u00f6zpontj\u00e1ban l\u00e9v\u0151 Reimann-alt\u00e1r\u00f3 szomsz\u00e9ds\u00e1g\u00e1ban a t\u00e9rs\u00e9g 230 \u00e9ves b\u00e1ny\u00e1szat\u00e1t \u00e9s ipart\u00f6rt\u00e9neti \u00f6r\u00f6ks\u00e9g\u00e9t bemutat\u00f3 ki\u00e1ll\u00edt\u00f3t\u00e9r \u00e9p\u00fcl 250 milli\u00f3 forintos uni\u00f3s t\u00e1mogat\u00e1s seg\u00edts\u00e9g\u00e9vel. Tittmann J\u00e1nos az MTI-nek elmondta, hogy a l\u00e9tes\u00edtm\u00e9ny a 2014-ben m\u0171eml\u00e9ki v\u00e9detts\u00e9get elnyert Reimann-alt\u00e1r\u00f3 bej\u00e1rata mellett \u00e9p\u00fcl meg. Az \u00e9p\u00fcletben egy sz\u00e1z n\u00e9gyzetm\u00e9teres terepmodell seg\u00edts\u00e9g\u00e9vel interakt\u00edv \u00e9s hiteles k\u00f6rnyezetben mutatj\u00e1k be a<\/p>\n","protected":false},"author":1,"featured_media":4556,"comment_status":"closed","ping_status":"closed","sticky":false,"template":"","format":"standard","meta":{"ngg_post_thumbnail":0,"footnotes":""},"categories":[2,3],"tags":[1306,15,1305],"class_list":{"0":"post-4555","1":"post","2":"type-post","3":"status-publish","4":"format-standard","5":"has-post-thumbnail","7":"category-dorog","8":"category-hirek","9":"tag-banyasztorteneti-kiallitoter","10":"tag-dorog","11":"tag-miniverzum"},"yoast_head":"<!-- This site is optimized with the Yoast SEO plugin v27.4 - https:\/\/yoast.com\/product\/yoast-seo-wordpress\/ -->\n<title>Elkezd\u0151d\u00f6tt a Miniverzum \u00e9p\u00edt\u00e9se<\/title>\n<meta name=\"robots\" content=\"index, follow, max-snippet:-1, max-image-preview:large, max-video-preview:-1\" \/>\n<link rel=\"canonical\" href=\"https:\/\/dorogimedence.hu\/index.php\/2017\/07\/20\/elkezdodott-a-miniverzum-epitese\/\" class=\"yoast-seo-meta-tag\" \/>\n<meta property=\"og:locale\" content=\"hu_HU\" class=\"yoast-seo-meta-tag\" \/>\n<meta property=\"og:type\" content=\"article\" class=\"yoast-seo-meta-tag\" \/>\n<meta property=\"og:title\" content=\"Elkezd\u0151d\u00f6tt a Miniverzum \u00e9p\u00edt\u00e9se\" class=\"yoast-seo-meta-tag\" \/>\n<meta property=\"og:description\" content=\"A Dorog k\u00f6zpontj\u00e1ban l\u00e9v\u0151 Reimann-alt\u00e1r\u00f3 szomsz\u00e9ds\u00e1g\u00e1ban a t\u00e9rs\u00e9g 230 \u00e9ves b\u00e1ny\u00e1szat\u00e1t \u00e9s ipart\u00f6rt\u00e9neti \u00f6r\u00f6ks\u00e9g\u00e9t bemutat\u00f3 ki\u00e1ll\u00edt\u00f3t\u00e9r \u00e9p\u00fcl 250 milli\u00f3 forintos uni\u00f3s t\u00e1mogat\u00e1s seg\u00edts\u00e9g\u00e9vel. Tittmann J\u00e1nos az MTI-nek elmondta, hogy a l\u00e9tes\u00edtm\u00e9ny a 2014-ben m\u0171eml\u00e9ki v\u00e9detts\u00e9get elnyert Reimann-alt\u00e1r\u00f3 bej\u00e1rata mellett \u00e9p\u00fcl meg. Az \u00e9p\u00fcletben egy sz\u00e1z n\u00e9gyzetm\u00e9teres terepmodell seg\u00edts\u00e9g\u00e9vel interakt\u00edv \u00e9s hiteles k\u00f6rnyezetben mutatj\u00e1k be a\" class=\"yoast-seo-meta-tag\" \/>\n<meta property=\"og:url\" content=\"https:\/\/dorogimedence.hu\/index.php\/2017\/07\/20\/elkezdodott-a-miniverzum-epitese\/\" class=\"yoast-seo-meta-tag\" \/>\n<meta property=\"og:site_name\" content=\"Dorogi-medence Region\u00e1lis H\u00edrport\u00e1l\" class=\"yoast-seo-meta-tag\" \/>\n<meta property=\"article:publisher\" content=\"https:\/\/www.facebook.com\/dorogimedence\/\" class=\"yoast-seo-meta-tag\" \/>\n<meta property=\"article:published_time\" content=\"2017-07-20T13:24:48+00:00\" class=\"yoast-seo-meta-tag\" \/>\n<meta property=\"og:image\" content=\"https:\/\/i0.wp.com\/dorogimedence.hu\/wp-content\/uploads\/2017\/07\/banyasztorteneti-miniverzum.jpg?fit=670%2C365&ssl=1\" class=\"yoast-seo-meta-tag\" \/>\n\t<meta property=\"og:image:width\" content=\"670\" class=\"yoast-seo-meta-tag\" \/>\n\t<meta property=\"og:image:height\" content=\"365\" class=\"yoast-seo-meta-tag\" \/>\n\t<meta property=\"og:image:type\" content=\"image\/jpeg\" class=\"yoast-seo-meta-tag\" \/>\n<meta name=\"author\" content=\"dorogimedence.hu\" class=\"yoast-seo-meta-tag\" \/>\n<meta name=\"twitter:card\" content=\"summary_large_image\" class=\"yoast-seo-meta-tag\" \/>\n<meta name=\"twitter:label1\" content=\"Szerz\u0151:\" class=\"yoast-seo-meta-tag\" \/>\n\t<meta name=\"twitter:data1\" content=\"dorogimedence.hu\" class=\"yoast-seo-meta-tag\" \/>\n\t<meta name=\"twitter:label2\" content=\"Becs\u00fclt olvas\u00e1si id\u0151\" class=\"yoast-seo-meta-tag\" \/>\n\t<meta name=\"twitter:data2\" content=\"2 perc\" class=\"yoast-seo-meta-tag\" \/>\n<script type=\"application\/ld+json\" class=\"yoast-schema-graph\">{\"@context\":\"https:\\\/\\\/schema.org\",\"@graph\":[{\"@type\":\"Article\",\"@id\":\"https:\\\/\\\/dorogimedence.hu\\\/index.php\\\/2017\\\/07\\\/20\\\/elkezdodott-a-miniverzum-epitese\\\/#article\",\"isPartOf\":{\"@id\":\"https:\\\/\\\/dorogimedence.hu\\\/index.php\\\/2017\\\/07\\\/20\\\/elkezdodott-a-miniverzum-epitese\\\/\"},\"author\":{\"name\":\"dorogimedence.hu\",\"@id\":\"https:\\\/\\\/dorogimedence.hu\\\/#\\\/schema\\\/person\\\/ce6091eeb7e95ecdc87890d6aa8e0fd4\"},\"headline\":\"Elkezd\u0151d\u00f6tt a Miniverzum \u00e9p\u00edt\u00e9se\",\"datePublished\":\"2017-07-20T13:24:48+00:00\",\"mainEntityOfPage\":{\"@id\":\"https:\\\/\\\/dorogimedence.hu\\\/index.php\\\/2017\\\/07\\\/20\\\/elkezdodott-a-miniverzum-epitese\\\/\"},\"wordCount\":317,\"publisher\":{\"@id\":\"https:\\\/\\\/dorogimedence.hu\\\/#organization\"},\"image\":{\"@id\":\"https:\\\/\\\/dorogimedence.hu\\\/index.php\\\/2017\\\/07\\\/20\\\/elkezdodott-a-miniverzum-epitese\\\/#primaryimage\"},\"thumbnailUrl\":\"https:\\\/\\\/dorogimedence.hu\\\/wp-content\\\/uploads\\\/2017\\\/07\\\/banyasztorteneti-miniverzum.jpg\",\"keywords\":[\"b\u00e1ny\u00e1szt\u00f6rt\u00e9neti ki\u00e1ll\u00edt\u00f3t\u00e9r\",\"Dorog\",\"Miniverzum\"],\"articleSection\":[\"Dorog\",\"H\u00edrek\"],\"inLanguage\":\"hu\"},{\"@type\":\"WebPage\",\"@id\":\"https:\\\/\\\/dorogimedence.hu\\\/index.php\\\/2017\\\/07\\\/20\\\/elkezdodott-a-miniverzum-epitese\\\/\",\"url\":\"https:\\\/\\\/dorogimedence.hu\\\/index.php\\\/2017\\\/07\\\/20\\\/elkezdodott-a-miniverzum-epitese\\\/\",\"name\":\"Elkezd\u0151d\u00f6tt a Miniverzum \u00e9p\u00edt\u00e9se\",\"isPartOf\":{\"@id\":\"https:\\\/\\\/dorogimedence.hu\\\/#website\"},\"primaryImageOfPage\":{\"@id\":\"https:\\\/\\\/dorogimedence.hu\\\/index.php\\\/2017\\\/07\\\/20\\\/elkezdodott-a-miniverzum-epitese\\\/#primaryimage\"},\"image\":{\"@id\":\"https:\\\/\\\/dorogimedence.hu\\\/index.php\\\/2017\\\/07\\\/20\\\/elkezdodott-a-miniverzum-epitese\\\/#primaryimage\"},\"thumbnailUrl\":\"https:\\\/\\\/dorogimedence.hu\\\/wp-content\\\/uploads\\\/2017\\\/07\\\/banyasztorteneti-miniverzum.jpg\",\"datePublished\":\"2017-07-20T13:24:48+00:00\",\"breadcrumb\":{\"@id\":\"https:\\\/\\\/dorogimedence.hu\\\/index.php\\\/2017\\\/07\\\/20\\\/elkezdodott-a-miniverzum-epitese\\\/#breadcrumb\"},\"inLanguage\":\"hu\",\"potentialAction\":[{\"@type\":\"ReadAction\",\"target\":[\"https:\\\/\\\/dorogimedence.hu\\\/index.php\\\/2017\\\/07\\\/20\\\/elkezdodott-a-miniverzum-epitese\\\/\"]}]},{\"@type\":\"ImageObject\",\"inLanguage\":\"hu\",\"@id\":\"https:\\\/\\\/dorogimedence.hu\\\/index.php\\\/2017\\\/07\\\/20\\\/elkezdodott-a-miniverzum-epitese\\\/#primaryimage\",\"url\":\"https:\\\/\\\/dorogimedence.hu\\\/wp-content\\\/uploads\\\/2017\\\/07\\\/banyasztorteneti-miniverzum.jpg\",\"contentUrl\":\"https:\\\/\\\/dorogimedence.hu\\\/wp-content\\\/uploads\\\/2017\\\/07\\\/banyasztorteneti-miniverzum.jpg\",\"width\":670,\"height\":365},{\"@type\":\"BreadcrumbList\",\"@id\":\"https:\\\/\\\/dorogimedence.hu\\\/index.php\\\/2017\\\/07\\\/20\\\/elkezdodott-a-miniverzum-epitese\\\/#breadcrumb\",\"itemListElement\":[{\"@type\":\"ListItem\",\"position\":1,\"name\":\"Kezd\u0151lap\",\"item\":\"https:\\\/\\\/dorogimedence.hu\\\/\"},{\"@type\":\"ListItem\",\"position\":2,\"name\":\"Elkezd\u0151d\u00f6tt a Miniverzum \u00e9p\u00edt\u00e9se\"}]},{\"@type\":\"WebSite\",\"@id\":\"https:\\\/\\\/dorogimedence.hu\\\/#website\",\"url\":\"https:\\\/\\\/dorogimedence.hu\\\/\",\"name\":\"Dorogi-medence Region\u00e1lis H\u00edrport\u00e1l\",\"description\":\"Dorog, Keszt\u00f6lc, Le\u00e1nyv\u00e1r, Piliscs\u00e9v, Tokod, Tokodalt\u00e1r\u00f3, Csolnok, Esztergom-kertv\u00e1ros: h\u00edrek, programok\",\"publisher\":{\"@id\":\"https:\\\/\\\/dorogimedence.hu\\\/#organization\"},\"potentialAction\":[{\"@type\":\"SearchAction\",\"target\":{\"@type\":\"EntryPoint\",\"urlTemplate\":\"https:\\\/\\\/dorogimedence.hu\\\/?s={search_term_string}\"},\"query-input\":{\"@type\":\"PropertyValueSpecification\",\"valueRequired\":true,\"valueName\":\"search_term_string\"}}],\"inLanguage\":\"hu\"},{\"@type\":\"Organization\",\"@id\":\"https:\\\/\\\/dorogimedence.hu\\\/#organization\",\"name\":\"Dorogi-medence Region\u00e1lis H\u00edrport\u00e1l\",\"url\":\"https:\\\/\\\/dorogimedence.hu\\\/\",\"logo\":{\"@type\":\"ImageObject\",\"inLanguage\":\"hu\",\"@id\":\"https:\\\/\\\/dorogimedence.hu\\\/#\\\/schema\\\/logo\\\/image\\\/\",\"url\":\"https:\\\/\\\/dorogimedence.hu\\\/wp-content\\\/uploads\\\/2021\\\/04\\\/logo-feher-600.png\",\"contentUrl\":\"https:\\\/\\\/dorogimedence.hu\\\/wp-content\\\/uploads\\\/2021\\\/04\\\/logo-feher-600.png\",\"width\":600,\"height\":100,\"caption\":\"Dorogi-medence Region\u00e1lis H\u00edrport\u00e1l\"},\"image\":{\"@id\":\"https:\\\/\\\/dorogimedence.hu\\\/#\\\/schema\\\/logo\\\/image\\\/\"},\"sameAs\":[\"https:\\\/\\\/www.facebook.com\\\/dorogimedence\\\/\"]},{\"@type\":\"Person\",\"@id\":\"https:\\\/\\\/dorogimedence.hu\\\/#\\\/schema\\\/person\\\/ce6091eeb7e95ecdc87890d6aa8e0fd4\",\"name\":\"dorogimedence.hu\",\"image\":{\"@type\":\"ImageObject\",\"inLanguage\":\"hu\",\"@id\":\"\\\/\\\/www.gravatar.com\\\/avatar\\\/d8d45f8901aadff40a4af72c0b826f1d?s=96&#038;r=g&#038;d=mm\",\"url\":\"\\\/\\\/www.gravatar.com\\\/avatar\\\/d8d45f8901aadff40a4af72c0b826f1d?s=96&#038;r=g&#038;d=mm\",\"contentUrl\":\"\\\/\\\/www.gravatar.com\\\/avatar\\\/d8d45f8901aadff40a4af72c0b826f1d?s=96&#038;r=g&#038;d=mm\",\"caption\":\"dorogimedence.hu\"}}]}<\/script>\n<!-- \/ Yoast SEO plugin. -->","yoast_head_json":{"title":"Elkezd\u0151d\u00f6tt a Miniverzum \u00e9p\u00edt\u00e9se","robots":{"index":"index","follow":"follow","max-snippet":"max-snippet:-1","max-image-preview":"max-image-preview:large","max-video-preview":"max-video-preview:-1"},"canonical":"https:\/\/dorogimedence.hu\/index.php\/2017\/07\/20\/elkezdodott-a-miniverzum-epitese\/","og_locale":"hu_HU","og_type":"article","og_title":"Elkezd\u0151d\u00f6tt a Miniverzum \u00e9p\u00edt\u00e9se","og_description":"A Dorog k\u00f6zpontj\u00e1ban l\u00e9v\u0151 Reimann-alt\u00e1r\u00f3 szomsz\u00e9ds\u00e1g\u00e1ban a t\u00e9rs\u00e9g 230 \u00e9ves b\u00e1ny\u00e1szat\u00e1t \u00e9s ipart\u00f6rt\u00e9neti \u00f6r\u00f6ks\u00e9g\u00e9t bemutat\u00f3 ki\u00e1ll\u00edt\u00f3t\u00e9r \u00e9p\u00fcl 250 milli\u00f3 forintos uni\u00f3s t\u00e1mogat\u00e1s seg\u00edts\u00e9g\u00e9vel. Tittmann J\u00e1nos az MTI-nek elmondta, hogy a l\u00e9tes\u00edtm\u00e9ny a 2014-ben m\u0171eml\u00e9ki v\u00e9detts\u00e9get elnyert Reimann-alt\u00e1r\u00f3 bej\u00e1rata mellett \u00e9p\u00fcl meg. Az \u00e9p\u00fcletben egy sz\u00e1z n\u00e9gyzetm\u00e9teres terepmodell seg\u00edts\u00e9g\u00e9vel interakt\u00edv \u00e9s hiteles k\u00f6rnyezetben mutatj\u00e1k be a","og_url":"https:\/\/dorogimedence.hu\/index.php\/2017\/07\/20\/elkezdodott-a-miniverzum-epitese\/","og_site_name":"Dorogi-medence Region\u00e1lis H\u00edrport\u00e1l","article_publisher":"https:\/\/www.facebook.com\/dorogimedence\/","article_published_time":"2017-07-20T13:24:48+00:00","og_image":[{"width":670,"height":365,"url":"https:\/\/i0.wp.com\/dorogimedence.hu\/wp-content\/uploads\/2017\/07\/banyasztorteneti-miniverzum.jpg?fit=670%2C365&ssl=1","type":"image\/jpeg"}],"author":"dorogimedence.hu","twitter_card":"summary_large_image","twitter_misc":{"Szerz\u0151:":"dorogimedence.hu","Becs\u00fclt olvas\u00e1si id\u0151":"2 perc"},"schema":{"@context":"https:\/\/schema.org","@graph":[{"@type":"Article","@id":"https:\/\/dorogimedence.hu\/index.php\/2017\/07\/20\/elkezdodott-a-miniverzum-epitese\/#article","isPartOf":{"@id":"https:\/\/dorogimedence.hu\/index.php\/2017\/07\/20\/elkezdodott-a-miniverzum-epitese\/"},"author":{"name":"dorogimedence.hu","@id":"https:\/\/dorogimedence.hu\/#\/schema\/person\/ce6091eeb7e95ecdc87890d6aa8e0fd4"},"headline":"Elkezd\u0151d\u00f6tt a Miniverzum \u00e9p\u00edt\u00e9se","datePublished":"2017-07-20T13:24:48+00:00","mainEntityOfPage":{"@id":"https:\/\/dorogimedence.hu\/index.php\/2017\/07\/20\/elkezdodott-a-miniverzum-epitese\/"},"wordCount":317,"publisher":{"@id":"https:\/\/dorogimedence.hu\/#organization"},"image":{"@id":"https:\/\/dorogimedence.hu\/index.php\/2017\/07\/20\/elkezdodott-a-miniverzum-epitese\/#primaryimage"},"thumbnailUrl":"https:\/\/dorogimedence.hu\/wp-content\/uploads\/2017\/07\/banyasztorteneti-miniverzum.jpg","keywords":["b\u00e1ny\u00e1szt\u00f6rt\u00e9neti ki\u00e1ll\u00edt\u00f3t\u00e9r","Dorog","Miniverzum"],"articleSection":["Dorog","H\u00edrek"],"inLanguage":"hu"},{"@type":"WebPage","@id":"https:\/\/dorogimedence.hu\/index.php\/2017\/07\/20\/elkezdodott-a-miniverzum-epitese\/","url":"https:\/\/dorogimedence.hu\/index.php\/2017\/07\/20\/elkezdodott-a-miniverzum-epitese\/","name":"Elkezd\u0151d\u00f6tt a Miniverzum \u00e9p\u00edt\u00e9se","isPartOf":{"@id":"https:\/\/dorogimedence.hu\/#website"},"primaryImageOfPage":{"@id":"https:\/\/dorogimedence.hu\/index.php\/2017\/07\/20\/elkezdodott-a-miniverzum-epitese\/#primaryimage"},"image":{"@id":"https:\/\/dorogimedence.hu\/index.php\/2017\/07\/20\/elkezdodott-a-miniverzum-epitese\/#primaryimage"},"thumbnailUrl":"https:\/\/dorogimedence.hu\/wp-content\/uploads\/2017\/07\/banyasztorteneti-miniverzum.jpg","datePublished":"2017-07-20T13:24:48+00:00","breadcrumb":{"@id":"https:\/\/dorogimedence.hu\/index.php\/2017\/07\/20\/elkezdodott-a-miniverzum-epitese\/#breadcrumb"},"inLanguage":"hu","potentialAction":[{"@type":"ReadAction","target":["https:\/\/dorogimedence.hu\/index.php\/2017\/07\/20\/elkezdodott-a-miniverzum-epitese\/"]}]},{"@type":"ImageObject","inLanguage":"hu","@id":"https:\/\/dorogimedence.hu\/index.php\/2017\/07\/20\/elkezdodott-a-miniverzum-epitese\/#primaryimage","url":"https:\/\/dorogimedence.hu\/wp-content\/uploads\/2017\/07\/banyasztorteneti-miniverzum.jpg","contentUrl":"https:\/\/dorogimedence.hu\/wp-content\/uploads\/2017\/07\/banyasztorteneti-miniverzum.jpg","width":670,"height":365},{"@type":"BreadcrumbList","@id":"https:\/\/dorogimedence.hu\/index.php\/2017\/07\/20\/elkezdodott-a-miniverzum-epitese\/#breadcrumb","itemListElement":[{"@type":"ListItem","position":1,"name":"Kezd\u0151lap","item":"https:\/\/dorogimedence.hu\/"},{"@type":"ListItem","position":2,"name":"Elkezd\u0151d\u00f6tt a Miniverzum \u00e9p\u00edt\u00e9se"}]},{"@type":"WebSite","@id":"https:\/\/dorogimedence.hu\/#website","url":"https:\/\/dorogimedence.hu\/","name":"Dorogi-medence Region\u00e1lis H\u00edrport\u00e1l","description":"Dorog, Keszt\u00f6lc, Le\u00e1nyv\u00e1r, Piliscs\u00e9v, Tokod, Tokodalt\u00e1r\u00f3, Csolnok, Esztergom-kertv\u00e1ros: h\u00edrek, programok","publisher":{"@id":"https:\/\/dorogimedence.hu\/#organization"},"potentialAction":[{"@type":"SearchAction","target":{"@type":"EntryPoint","urlTemplate":"https:\/\/dorogimedence.hu\/?s={search_term_string}"},"query-input":{"@type":"PropertyValueSpecification","valueRequired":true,"valueName":"search_term_string"}}],"inLanguage":"hu"},{"@type":"Organization","@id":"https:\/\/dorogimedence.hu\/#organization","name":"Dorogi-medence Region\u00e1lis H\u00edrport\u00e1l","url":"https:\/\/dorogimedence.hu\/","logo":{"@type":"ImageObject","inLanguage":"hu","@id":"https:\/\/dorogimedence.hu\/#\/schema\/logo\/image\/","url":"https:\/\/dorogimedence.hu\/wp-content\/uploads\/2021\/04\/logo-feher-600.png","contentUrl":"https:\/\/dorogimedence.hu\/wp-content\/uploads\/2021\/04\/logo-feher-600.png","width":600,"height":100,"caption":"Dorogi-medence Region\u00e1lis H\u00edrport\u00e1l"},"image":{"@id":"https:\/\/dorogimedence.hu\/#\/schema\/logo\/image\/"},"sameAs":["https:\/\/www.facebook.com\/dorogimedence\/"]},{"@type":"Person","@id":"https:\/\/dorogimedence.hu\/#\/schema\/person\/ce6091eeb7e95ecdc87890d6aa8e0fd4","name":"dorogimedence.hu","image":{"@type":"ImageObject","inLanguage":"hu","@id":"\/\/www.gravatar.com\/avatar\/d8d45f8901aadff40a4af72c0b826f1d?s=96&#038;r=g&#038;d=mm","url":"\/\/www.gravatar.com\/avatar\/d8d45f8901aadff40a4af72c0b826f1d?s=96&#038;r=g&#038;d=mm","contentUrl":"\/\/www.gravatar.com\/avatar\/d8d45f8901aadff40a4af72c0b826f1d?s=96&#038;r=g&#038;d=mm","caption":"dorogimedence.hu"}}]}},"_links":{"self":[{"href":"https:\/\/dorogimedence.hu\/index.php\/wp-json\/wp\/v2\/posts\/4555","targetHints":{"allow":["GET"]}}],"collection":[{"href":"https:\/\/dorogimedence.hu\/index.php\/wp-json\/wp\/v2\/posts"}],"about":[{"href":"https:\/\/dorogimedence.hu\/index.php\/wp-json\/wp\/v2\/types\/post"}],"author":[{"embeddable":true,"href":"https:\/\/dorogimedence.hu\/index.php\/wp-json\/wp\/v2\/users\/1"}],"replies":[{"embeddable":true,"href":"https:\/\/dorogimedence.hu\/index.php\/wp-json\/wp\/v2\/comments?post=4555"}],"version-history":[{"count":0,"href":"https:\/\/dorogimedence.hu\/index.php\/wp-json\/wp\/v2\/posts\/4555\/revisions"}],"wp:featuredmedia":[{"embeddable":true,"href":"https:\/\/dorogimedence.hu\/index.php\/wp-json\/wp\/v2\/media\/4556"}],"wp:attachment":[{"href":"https:\/\/dorogimedence.hu\/index.php\/wp-json\/wp\/v2\/media?parent=4555"}],"wp:term":[{"taxonomy":"category","embeddable":true,"href":"https:\/\/dorogimedence.hu\/index.php\/wp-json\/wp\/v2\/categories?post=4555"},{"taxonomy":"post_tag","embeddable":true,"href":"https:\/\/dorogimedence.hu\/index.php\/wp-json\/wp\/v2\/tags?post=4555"}],"curies":[{"name":"wp","href":"https:\/\/api.w.org\/{rel}","templated":true}]}}