{"id":45410,"date":"2022-08-08T06:36:52","date_gmt":"2022-08-08T04:36:52","guid":{"rendered":"https:\/\/dorogimedence.hu\/?p=45410"},"modified":"2022-08-08T06:37:18","modified_gmt":"2022-08-08T04:37:18","slug":"gyirmottol-kapott-ki-a-dorog","status":"publish","type":"post","link":"https:\/\/dorogimedence.hu\/index.php\/2022\/08\/08\/gyirmottol-kapott-ki-a-dorog\/","title":{"rendered":"Gyirm\u00f3tt\u00f3l kapott ki a Dorog"},"content":{"rendered":"<p><strong>A labdar\u00fag\u00f3 NB II 2. fordul\u00f3j\u00e1ban az \u00fajonc Kazincbarcika elleni veres\u00e9ggel rajtol\u00f3 Dorog az els\u0151 fordul\u00f3ban par\u00e1d\u00e9z\u00f3 Gyirm\u00f3tot fogadta augusztus 7-\u00e9n, vas\u00e1rnap. A Gyirm\u00f3t hamar vezet\u00e9st szerzett, \u00e9s m\u00e1r a f\u00e9lid\u0151ben h\u00e1romg\u00f3los el\u0151nyben volt. A m\u00e1sodik j\u00e1t\u00e9kr\u00e9szben egy hazai \u00e9s egy vend\u00e9gtal\u00e1lat alak\u00edtotta ki az 1\u20134-es v\u00e9geredm\u00e9nyt<\/strong> <em>&#8211; \u00edrja a Nemzeti Sport.<\/em><\/p>\n<p>Gyors g\u00f3llal indult a tal\u00e1lkoz\u00f3: a Gyirm\u00f3t <strong>Cs\u00f6rg\u0151 Viktor<\/strong> fejes\u00e9vel m\u00e1r az \u00f6t\u00f6dik percben megszerezte a vezet\u00e9st (<strong>0\u20131<\/strong>). Foghatt\u00e1k a fej\u00fcket a dorogiak, hiszen az els\u0151 fordul\u00f3ban a Barcika ellen is k\u00e9t fejes g\u00f3l miatt kaptak ki. A folytat\u00e1sban nagyj\u00e1b\u00f3l kirajzol\u00f3dott, hogy a k\u00e9t csapat k\u00fcl\u00f6nb\u00f6z\u0151 c\u00e9lok\u00e9rt k\u00fczd majd a bajnoks\u00e1g sor\u00e1n. A Gyirm\u00f3t ir\u00e1ny\u00edtotta a j\u00e1t\u00e9kot, m\u00edg a dorogiak erej\u00e9b\u0151l csak er\u0151tlen kontr\u00e1kra futotta. A 20. percben \u00e9rkezett a m\u00e1sodik vend\u00e9gtal\u00e1lat, <strong>Nagy Patrik<\/strong> remek kiugrat\u00e1st k\u00f6vet\u0151en, 12 m\u00e9terr\u0151l vette be a dorogi kaput (<strong>0\u20132<\/strong>). A f\u00e9lid\u0151 v\u00e9g\u00e9re is maradt m\u00e9g egy g\u00f3l, szabadr\u00fag\u00e1sb\u00f3l a Gyirm\u00f3t balh\u00e1tv\u00e9dje, <strong>Helembai M\u00e1rk<\/strong> bomb\u00e1zott 18 m\u00e9terr\u0151l a kapuba (<strong>0\u20133<\/strong>).<\/p>\n<p>A sz\u00fcnetben a Dorog kapust cser\u00e9lt, Borsos Vilmos hely\u00e9re Moln\u00e1r Zsombor \u00e1llt be, a fiatal h\u00e1l\u00f3\u0151rnek azonban sok v\u00e9denival\u00f3ja nem volt a tal\u00e1lkoz\u00f3n. A 76. percben <strong>Herjeczki Krist\u00f3f <\/strong>sz\u00f3l\u00f3ja v\u00e9g\u00e9n \u0151 sem tudta megakad\u00e1lyozni a gyirm\u00f3tiak negyedik g\u00f3lj\u00e1t (<strong>0\u20134<\/strong>). Arr\u00f3l, hogy a Dorog is betal\u00e1ljon, <strong>T\u00f3th Barnab\u00e1s<\/strong> gondoskodott, aki a 80. percben 23 m\u00e9teres l\u00f6v\u00e9ssel szerezte meg a hazaiak els\u0151 bajnoki g\u00f3lj\u00e1t az \u00faj id\u00e9nyben. A folytat\u00e1sban nem v\u00e1ltozott az eredm\u00e9ny, a tal\u00e1lkoz\u00f3t a 91. percben Barna Gerg\u0151 z\u00fag\u00f3 kapuf\u00e1ja z\u00e1rta le. <strong>1\u20134<\/strong><\/p>\n<p><strong>LABDAR\u00daG\u00d3 NB II &#8211; <\/strong><strong>2. FORDUL\u00d3<br \/>\n<\/strong><strong><span style=\"color: #ff0000;\">DOROGI FC\u2013GYIRM\u00d3T FC GY\u0150R 1\u20134 (0\u20133)<\/span><br \/>\n<\/strong><strong>Dorog<\/strong>, <strong>500 <\/strong>n\u00e9z\u0151.<strong> Vezette: <\/strong>Nagy R\u00f3bert (Punyi Gyula, M\u00e1rkus P\u00e9ter)<br \/>\n<strong>DOROG<\/strong>: Borsos V. (Moln\u00e1r Zs., a sz\u00fcnetben) \u2013 Szil\u00e1gyi Sz. (Barna G., a sz\u00fcnetben), Berk\u00f3, Gyur\u00e1cz, Papp M. \u2013 R\u00e1cz F. (Szerencsi, a sz\u00fcnetben), T\u00f3th B., L\u00e9n\u00e1rth, Albert \u00c1. (Magyari, 68.), Szedl\u00e1r \u2013 Paudits (Szalai J., 77.).&nbsp;<strong>Vezet\u0151edz\u0151<\/strong>: Fenyvesi L\u00e1szl\u00f3<br \/>\n<strong>GYIRM\u00d3T<\/strong>: H\u00e1rsfalvi \u2013 Szegi (Major M., 69.), Cs\u00f6rg\u0151 V. (Hud\u00e1k D., 83.), Hajd\u00fa, Helembai \u2013 Vass \u00c1. (Polg\u00e1r, 83.) \u2013 Medgyes S., Kov\u00e1cs M., Nagy P., Solt\u00e9sz (Herjeczki, 65.) \u2013 Peth\u0151 (Simon A., 65.).&nbsp;<strong>Vezet\u0151edz\u0151<\/strong>: Csert\u0151i Aur\u00e9l<br \/>\n<strong>G\u00f3lszerz\u0151<\/strong>: T\u00f3th B. (80.), ill. Cs\u00f6rg\u0151 V. (5.), Nagy P. (20.), Helembai (45+1.), Herjeczki (76.)<br \/>\n<strong>MESTERM\u00c9RLEG<br \/>\nFenyvesi L\u00e1szl\u00f3<\/strong>: \u2013 Az els\u0151 f\u00e9lid\u0151ben t\u00f6bb nagy hib\u00e1t is v\u00e9tett\u00fcnk, \u00edgy h\u00e1romg\u00f3los h\u00e1tr\u00e1nyba ker\u00fclt\u00fcnk. Bosszant\u00f3ak voltak ezek a g\u00f3lok, mert k\u00e9sz\u00fclt\u00fcnk r\u00e1. A f\u00e9lid\u0151ben rendezt\u00fck a sorokat, \u00e9s a m\u00e1sodik f\u00e9lidei j\u00e1t\u00e9kunk m\u00e1r sokkal jobb volt, amelyre a j\u00f6v\u0151ben lehet \u00e9p\u00edteni.<br \/>\n<strong>Csert\u0151i Aur\u00e9l<\/strong>: \u2013 J\u00f3l indultunk, \u00e9s hamar g\u00f3lt is siker\u00fcl szerezn\u00fcnk. Az els\u0151 f\u00e9lid\u0151ben sok helyzet\u00fcnk volt, \u00e9s sok g\u00f3lt is r\u00fagtunk. A m\u00e1sodik f\u00e9lid\u0151ben viszont m\u00e1r egy kicsit r\u00e1\u00fclt\u00fcnk az eredm\u00e9nyre, de azt hiszem ez \u00e9rthet\u0151 volt. \u00c9n \u00fagy gondolom ennyivel jobbak voltunk az ellenf\u00e9ln\u00e9l.<\/p>\n<p><a href=\"https:\/\/www.nemzetisport.hu\/labdarugo_nb_ii\/nb-ii-dorogi-fc-gyirmot-2907169\" target=\"_blank\" rel=\"noopener\"><span style=\"text-decoration: underline; color: #0000ff;\">A m\u00e9rk\u0151z\u00e9s r\u00e9szletei&gt;&gt;<\/span><\/a><\/p>\n<p><em>Forr\u00e1s: nemzetisport.hu<\/em><br \/>\n<em>Bor\u00edt\u00f3k\u00e9p: Dorogi FC Facebook oldala<\/em><\/p>\n","protected":false},"excerpt":{"rendered":"<p>A labdar\u00fag\u00f3 NB II 2. fordul\u00f3j\u00e1ban az \u00fajonc Kazincbarcika elleni veres\u00e9ggel rajtol\u00f3 Dorog az els\u0151 fordul\u00f3ban par\u00e1d\u00e9z\u00f3 Gyirm\u00f3tot fogadta augusztus 7-\u00e9n, vas\u00e1rnap. A Gyirm\u00f3t hamar vezet\u00e9st szerzett, \u00e9s m\u00e1r a f\u00e9lid\u0151ben h\u00e1romg\u00f3los el\u0151nyben volt. A m\u00e1sodik j\u00e1t\u00e9kr\u00e9szben egy hazai \u00e9s egy vend\u00e9gtal\u00e1lat alak\u00edtotta ki az 1\u20134-es v\u00e9geredm\u00e9nyt &#8211; \u00edrja a Nemzeti Sport. Gyors g\u00f3llal indult<\/p>\n","protected":false},"author":1,"featured_media":45411,"comment_status":"closed","ping_status":"closed","sticky":false,"template":"","format":"standard","meta":{"ngg_post_thumbnail":0,"footnotes":""},"categories":[2,3,5],"tags":[15,37,70,69,3508,72,263,16],"class_list":{"0":"post-45410","1":"post","2":"type-post","3":"status-publish","4":"format-standard","5":"has-post-thumbnail","7":"category-dorog","8":"category-hirek","9":"category-sport","10":"tag-dorog","11":"tag-dorogi-fc","12":"tag-foci","13":"tag-futball","14":"tag-gyirmot","15":"tag-labdarugas","16":"tag-nb-ii","17":"tag-sport"},"yoast_head":"<!-- This site is optimized with the Yoast SEO plugin v27.5 - https:\/\/yoast.com\/product\/yoast-seo-wordpress\/ -->\n<title>Gyirm\u00f3tt\u00f3l kapott ki a Dorog<\/title>\n<meta name=\"robots\" content=\"index, follow, max-snippet:-1, max-image-preview:large, max-video-preview:-1\" \/>\n<link rel=\"canonical\" href=\"https:\/\/dorogimedence.hu\/index.php\/2022\/08\/08\/gyirmottol-kapott-ki-a-dorog\/\" class=\"yoast-seo-meta-tag\" \/>\n<meta property=\"og:locale\" content=\"hu_HU\" class=\"yoast-seo-meta-tag\" \/>\n<meta property=\"og:type\" content=\"article\" class=\"yoast-seo-meta-tag\" \/>\n<meta property=\"og:title\" content=\"Gyirm\u00f3tt\u00f3l kapott ki a Dorog\" class=\"yoast-seo-meta-tag\" \/>\n<meta property=\"og:description\" content=\"A labdar\u00fag\u00f3 NB II 2. fordul\u00f3j\u00e1ban az \u00fajonc Kazincbarcika elleni veres\u00e9ggel rajtol\u00f3 Dorog az els\u0151 fordul\u00f3ban par\u00e1d\u00e9z\u00f3 Gyirm\u00f3tot fogadta augusztus 7-\u00e9n, vas\u00e1rnap. A Gyirm\u00f3t hamar vezet\u00e9st szerzett, \u00e9s m\u00e1r a f\u00e9lid\u0151ben h\u00e1romg\u00f3los el\u0151nyben volt. A m\u00e1sodik j\u00e1t\u00e9kr\u00e9szben egy hazai \u00e9s egy vend\u00e9gtal\u00e1lat alak\u00edtotta ki az 1\u20134-es v\u00e9geredm\u00e9nyt &#8211; \u00edrja a Nemzeti Sport. Gyors g\u00f3llal indult\" class=\"yoast-seo-meta-tag\" \/>\n<meta property=\"og:url\" content=\"https:\/\/dorogimedence.hu\/index.php\/2022\/08\/08\/gyirmottol-kapott-ki-a-dorog\/\" class=\"yoast-seo-meta-tag\" \/>\n<meta property=\"og:site_name\" content=\"Dorogi-medence Region\u00e1lis H\u00edrport\u00e1l\" class=\"yoast-seo-meta-tag\" \/>\n<meta property=\"article:publisher\" content=\"https:\/\/www.facebook.com\/dorogimedence\/\" class=\"yoast-seo-meta-tag\" \/>\n<meta property=\"article:published_time\" content=\"2022-08-08T04:36:52+00:00\" class=\"yoast-seo-meta-tag\" \/>\n<meta property=\"article:modified_time\" content=\"2022-08-08T04:37:18+00:00\" class=\"yoast-seo-meta-tag\" \/>\n<meta property=\"og:image\" content=\"https:\/\/i0.wp.com\/dorogimedence.hu\/wp-content\/uploads\/2022\/08\/dorog-gyirmot.jpg?fit=1920%2C1131&ssl=1\" class=\"yoast-seo-meta-tag\" \/>\n\t<meta property=\"og:image:width\" content=\"1920\" class=\"yoast-seo-meta-tag\" \/>\n\t<meta property=\"og:image:height\" content=\"1131\" class=\"yoast-seo-meta-tag\" \/>\n\t<meta property=\"og:image:type\" content=\"image\/jpeg\" class=\"yoast-seo-meta-tag\" \/>\n<meta name=\"author\" content=\"dorogimedence.hu\" class=\"yoast-seo-meta-tag\" \/>\n<meta name=\"twitter:card\" content=\"summary_large_image\" class=\"yoast-seo-meta-tag\" \/>\n<meta name=\"twitter:label1\" content=\"Szerz\u0151:\" class=\"yoast-seo-meta-tag\" \/>\n\t<meta name=\"twitter:data1\" content=\"dorogimedence.hu\" class=\"yoast-seo-meta-tag\" \/>\n\t<meta name=\"twitter:label2\" content=\"Becs\u00fclt olvas\u00e1si id\u0151\" class=\"yoast-seo-meta-tag\" \/>\n\t<meta name=\"twitter:data2\" content=\"3 perc\" class=\"yoast-seo-meta-tag\" \/>\n<script type=\"application\/ld+json\" class=\"yoast-schema-graph\">{\"@context\":\"https:\\\/\\\/schema.org\",\"@graph\":[{\"@type\":\"Article\",\"@id\":\"https:\\\/\\\/dorogimedence.hu\\\/index.php\\\/2022\\\/08\\\/08\\\/gyirmottol-kapott-ki-a-dorog\\\/#article\",\"isPartOf\":{\"@id\":\"https:\\\/\\\/dorogimedence.hu\\\/index.php\\\/2022\\\/08\\\/08\\\/gyirmottol-kapott-ki-a-dorog\\\/\"},\"author\":{\"name\":\"dorogimedence.hu\",\"@id\":\"https:\\\/\\\/dorogimedence.hu\\\/#\\\/schema\\\/person\\\/ce6091eeb7e95ecdc87890d6aa8e0fd4\"},\"headline\":\"Gyirm\u00f3tt\u00f3l kapott ki a Dorog\",\"datePublished\":\"2022-08-08T04:36:52+00:00\",\"dateModified\":\"2022-08-08T04:37:18+00:00\",\"mainEntityOfPage\":{\"@id\":\"https:\\\/\\\/dorogimedence.hu\\\/index.php\\\/2022\\\/08\\\/08\\\/gyirmottol-kapott-ki-a-dorog\\\/\"},\"wordCount\":639,\"publisher\":{\"@id\":\"https:\\\/\\\/dorogimedence.hu\\\/#organization\"},\"image\":{\"@id\":\"https:\\\/\\\/dorogimedence.hu\\\/index.php\\\/2022\\\/08\\\/08\\\/gyirmottol-kapott-ki-a-dorog\\\/#primaryimage\"},\"thumbnailUrl\":\"https:\\\/\\\/dorogimedence.hu\\\/wp-content\\\/uploads\\\/2022\\\/08\\\/dorog-gyirmot.jpg\",\"keywords\":[\"Dorog\",\"Dorogi FC\",\"foci\",\"futball\",\"Gyirm\u00f3t\",\"labdar\u00fag\u00e1s\",\"NB II\",\"sport\"],\"articleSection\":[\"Dorog\",\"H\u00edrek\",\"Sport\"],\"inLanguage\":\"hu\"},{\"@type\":\"WebPage\",\"@id\":\"https:\\\/\\\/dorogimedence.hu\\\/index.php\\\/2022\\\/08\\\/08\\\/gyirmottol-kapott-ki-a-dorog\\\/\",\"url\":\"https:\\\/\\\/dorogimedence.hu\\\/index.php\\\/2022\\\/08\\\/08\\\/gyirmottol-kapott-ki-a-dorog\\\/\",\"name\":\"Gyirm\u00f3tt\u00f3l kapott ki a Dorog\",\"isPartOf\":{\"@id\":\"https:\\\/\\\/dorogimedence.hu\\\/#website\"},\"primaryImageOfPage\":{\"@id\":\"https:\\\/\\\/dorogimedence.hu\\\/index.php\\\/2022\\\/08\\\/08\\\/gyirmottol-kapott-ki-a-dorog\\\/#primaryimage\"},\"image\":{\"@id\":\"https:\\\/\\\/dorogimedence.hu\\\/index.php\\\/2022\\\/08\\\/08\\\/gyirmottol-kapott-ki-a-dorog\\\/#primaryimage\"},\"thumbnailUrl\":\"https:\\\/\\\/dorogimedence.hu\\\/wp-content\\\/uploads\\\/2022\\\/08\\\/dorog-gyirmot.jpg\",\"datePublished\":\"2022-08-08T04:36:52+00:00\",\"dateModified\":\"2022-08-08T04:37:18+00:00\",\"breadcrumb\":{\"@id\":\"https:\\\/\\\/dorogimedence.hu\\\/index.php\\\/2022\\\/08\\\/08\\\/gyirmottol-kapott-ki-a-dorog\\\/#breadcrumb\"},\"inLanguage\":\"hu\",\"potentialAction\":[{\"@type\":\"ReadAction\",\"target\":[\"https:\\\/\\\/dorogimedence.hu\\\/index.php\\\/2022\\\/08\\\/08\\\/gyirmottol-kapott-ki-a-dorog\\\/\"]}]},{\"@type\":\"ImageObject\",\"inLanguage\":\"hu\",\"@id\":\"https:\\\/\\\/dorogimedence.hu\\\/index.php\\\/2022\\\/08\\\/08\\\/gyirmottol-kapott-ki-a-dorog\\\/#primaryimage\",\"url\":\"https:\\\/\\\/dorogimedence.hu\\\/wp-content\\\/uploads\\\/2022\\\/08\\\/dorog-gyirmot.jpg\",\"contentUrl\":\"https:\\\/\\\/dorogimedence.hu\\\/wp-content\\\/uploads\\\/2022\\\/08\\\/dorog-gyirmot.jpg\",\"width\":1920,\"height\":1131},{\"@type\":\"BreadcrumbList\",\"@id\":\"https:\\\/\\\/dorogimedence.hu\\\/index.php\\\/2022\\\/08\\\/08\\\/gyirmottol-kapott-ki-a-dorog\\\/#breadcrumb\",\"itemListElement\":[{\"@type\":\"ListItem\",\"position\":1,\"name\":\"Kezd\u0151lap\",\"item\":\"https:\\\/\\\/dorogimedence.hu\\\/\"},{\"@type\":\"ListItem\",\"position\":2,\"name\":\"Gyirm\u00f3tt\u00f3l kapott ki a Dorog\"}]},{\"@type\":\"WebSite\",\"@id\":\"https:\\\/\\\/dorogimedence.hu\\\/#website\",\"url\":\"https:\\\/\\\/dorogimedence.hu\\\/\",\"name\":\"Dorogi-medence Region\u00e1lis H\u00edrport\u00e1l\",\"description\":\"Dorog, Keszt\u00f6lc, Le\u00e1nyv\u00e1r, Piliscs\u00e9v, Tokod, Tokodalt\u00e1r\u00f3, Csolnok, Esztergom-kertv\u00e1ros: h\u00edrek, programok\",\"publisher\":{\"@id\":\"https:\\\/\\\/dorogimedence.hu\\\/#organization\"},\"potentialAction\":[{\"@type\":\"SearchAction\",\"target\":{\"@type\":\"EntryPoint\",\"urlTemplate\":\"https:\\\/\\\/dorogimedence.hu\\\/?s={search_term_string}\"},\"query-input\":{\"@type\":\"PropertyValueSpecification\",\"valueRequired\":true,\"valueName\":\"search_term_string\"}}],\"inLanguage\":\"hu\"},{\"@type\":\"Organization\",\"@id\":\"https:\\\/\\\/dorogimedence.hu\\\/#organization\",\"name\":\"Dorogi-medence Region\u00e1lis H\u00edrport\u00e1l\",\"url\":\"https:\\\/\\\/dorogimedence.hu\\\/\",\"logo\":{\"@type\":\"ImageObject\",\"inLanguage\":\"hu\",\"@id\":\"https:\\\/\\\/dorogimedence.hu\\\/#\\\/schema\\\/logo\\\/image\\\/\",\"url\":\"https:\\\/\\\/dorogimedence.hu\\\/wp-content\\\/uploads\\\/2021\\\/04\\\/logo-feher-600.png\",\"contentUrl\":\"https:\\\/\\\/dorogimedence.hu\\\/wp-content\\\/uploads\\\/2021\\\/04\\\/logo-feher-600.png\",\"width\":600,\"height\":100,\"caption\":\"Dorogi-medence Region\u00e1lis H\u00edrport\u00e1l\"},\"image\":{\"@id\":\"https:\\\/\\\/dorogimedence.hu\\\/#\\\/schema\\\/logo\\\/image\\\/\"},\"sameAs\":[\"https:\\\/\\\/www.facebook.com\\\/dorogimedence\\\/\"]},{\"@type\":\"Person\",\"@id\":\"https:\\\/\\\/dorogimedence.hu\\\/#\\\/schema\\\/person\\\/ce6091eeb7e95ecdc87890d6aa8e0fd4\",\"name\":\"dorogimedence.hu\",\"image\":{\"@type\":\"ImageObject\",\"inLanguage\":\"hu\",\"@id\":\"\\\/\\\/www.gravatar.com\\\/avatar\\\/d8d45f8901aadff40a4af72c0b826f1d?s=96&#038;r=g&#038;d=mm\",\"url\":\"\\\/\\\/www.gravatar.com\\\/avatar\\\/d8d45f8901aadff40a4af72c0b826f1d?s=96&#038;r=g&#038;d=mm\",\"contentUrl\":\"\\\/\\\/www.gravatar.com\\\/avatar\\\/d8d45f8901aadff40a4af72c0b826f1d?s=96&#038;r=g&#038;d=mm\",\"caption\":\"dorogimedence.hu\"}}]}<\/script>\n<!-- \/ Yoast SEO plugin. -->","yoast_head_json":{"title":"Gyirm\u00f3tt\u00f3l kapott ki a Dorog","robots":{"index":"index","follow":"follow","max-snippet":"max-snippet:-1","max-image-preview":"max-image-preview:large","max-video-preview":"max-video-preview:-1"},"canonical":"https:\/\/dorogimedence.hu\/index.php\/2022\/08\/08\/gyirmottol-kapott-ki-a-dorog\/","og_locale":"hu_HU","og_type":"article","og_title":"Gyirm\u00f3tt\u00f3l kapott ki a Dorog","og_description":"A labdar\u00fag\u00f3 NB II 2. fordul\u00f3j\u00e1ban az \u00fajonc Kazincbarcika elleni veres\u00e9ggel rajtol\u00f3 Dorog az els\u0151 fordul\u00f3ban par\u00e1d\u00e9z\u00f3 Gyirm\u00f3tot fogadta augusztus 7-\u00e9n, vas\u00e1rnap. A Gyirm\u00f3t hamar vezet\u00e9st szerzett, \u00e9s m\u00e1r a f\u00e9lid\u0151ben h\u00e1romg\u00f3los el\u0151nyben volt. A m\u00e1sodik j\u00e1t\u00e9kr\u00e9szben egy hazai \u00e9s egy vend\u00e9gtal\u00e1lat alak\u00edtotta ki az 1\u20134-es v\u00e9geredm\u00e9nyt &#8211; \u00edrja a Nemzeti Sport. Gyors g\u00f3llal indult","og_url":"https:\/\/dorogimedence.hu\/index.php\/2022\/08\/08\/gyirmottol-kapott-ki-a-dorog\/","og_site_name":"Dorogi-medence Region\u00e1lis H\u00edrport\u00e1l","article_publisher":"https:\/\/www.facebook.com\/dorogimedence\/","article_published_time":"2022-08-08T04:36:52+00:00","article_modified_time":"2022-08-08T04:37:18+00:00","og_image":[{"width":1920,"height":1131,"url":"https:\/\/i0.wp.com\/dorogimedence.hu\/wp-content\/uploads\/2022\/08\/dorog-gyirmot.jpg?fit=1920%2C1131&ssl=1","type":"image\/jpeg"}],"author":"dorogimedence.hu","twitter_card":"summary_large_image","twitter_misc":{"Szerz\u0151:":"dorogimedence.hu","Becs\u00fclt olvas\u00e1si id\u0151":"3 perc"},"schema":{"@context":"https:\/\/schema.org","@graph":[{"@type":"Article","@id":"https:\/\/dorogimedence.hu\/index.php\/2022\/08\/08\/gyirmottol-kapott-ki-a-dorog\/#article","isPartOf":{"@id":"https:\/\/dorogimedence.hu\/index.php\/2022\/08\/08\/gyirmottol-kapott-ki-a-dorog\/"},"author":{"name":"dorogimedence.hu","@id":"https:\/\/dorogimedence.hu\/#\/schema\/person\/ce6091eeb7e95ecdc87890d6aa8e0fd4"},"headline":"Gyirm\u00f3tt\u00f3l kapott ki a Dorog","datePublished":"2022-08-08T04:36:52+00:00","dateModified":"2022-08-08T04:37:18+00:00","mainEntityOfPage":{"@id":"https:\/\/dorogimedence.hu\/index.php\/2022\/08\/08\/gyirmottol-kapott-ki-a-dorog\/"},"wordCount":639,"publisher":{"@id":"https:\/\/dorogimedence.hu\/#organization"},"image":{"@id":"https:\/\/dorogimedence.hu\/index.php\/2022\/08\/08\/gyirmottol-kapott-ki-a-dorog\/#primaryimage"},"thumbnailUrl":"https:\/\/dorogimedence.hu\/wp-content\/uploads\/2022\/08\/dorog-gyirmot.jpg","keywords":["Dorog","Dorogi FC","foci","futball","Gyirm\u00f3t","labdar\u00fag\u00e1s","NB II","sport"],"articleSection":["Dorog","H\u00edrek","Sport"],"inLanguage":"hu"},{"@type":"WebPage","@id":"https:\/\/dorogimedence.hu\/index.php\/2022\/08\/08\/gyirmottol-kapott-ki-a-dorog\/","url":"https:\/\/dorogimedence.hu\/index.php\/2022\/08\/08\/gyirmottol-kapott-ki-a-dorog\/","name":"Gyirm\u00f3tt\u00f3l kapott ki a Dorog","isPartOf":{"@id":"https:\/\/dorogimedence.hu\/#website"},"primaryImageOfPage":{"@id":"https:\/\/dorogimedence.hu\/index.php\/2022\/08\/08\/gyirmottol-kapott-ki-a-dorog\/#primaryimage"},"image":{"@id":"https:\/\/dorogimedence.hu\/index.php\/2022\/08\/08\/gyirmottol-kapott-ki-a-dorog\/#primaryimage"},"thumbnailUrl":"https:\/\/dorogimedence.hu\/wp-content\/uploads\/2022\/08\/dorog-gyirmot.jpg","datePublished":"2022-08-08T04:36:52+00:00","dateModified":"2022-08-08T04:37:18+00:00","breadcrumb":{"@id":"https:\/\/dorogimedence.hu\/index.php\/2022\/08\/08\/gyirmottol-kapott-ki-a-dorog\/#breadcrumb"},"inLanguage":"hu","potentialAction":[{"@type":"ReadAction","target":["https:\/\/dorogimedence.hu\/index.php\/2022\/08\/08\/gyirmottol-kapott-ki-a-dorog\/"]}]},{"@type":"ImageObject","inLanguage":"hu","@id":"https:\/\/dorogimedence.hu\/index.php\/2022\/08\/08\/gyirmottol-kapott-ki-a-dorog\/#primaryimage","url":"https:\/\/dorogimedence.hu\/wp-content\/uploads\/2022\/08\/dorog-gyirmot.jpg","contentUrl":"https:\/\/dorogimedence.hu\/wp-content\/uploads\/2022\/08\/dorog-gyirmot.jpg","width":1920,"height":1131},{"@type":"BreadcrumbList","@id":"https:\/\/dorogimedence.hu\/index.php\/2022\/08\/08\/gyirmottol-kapott-ki-a-dorog\/#breadcrumb","itemListElement":[{"@type":"ListItem","position":1,"name":"Kezd\u0151lap","item":"https:\/\/dorogimedence.hu\/"},{"@type":"ListItem","position":2,"name":"Gyirm\u00f3tt\u00f3l kapott ki a Dorog"}]},{"@type":"WebSite","@id":"https:\/\/dorogimedence.hu\/#website","url":"https:\/\/dorogimedence.hu\/","name":"Dorogi-medence Region\u00e1lis H\u00edrport\u00e1l","description":"Dorog, Keszt\u00f6lc, Le\u00e1nyv\u00e1r, Piliscs\u00e9v, Tokod, Tokodalt\u00e1r\u00f3, Csolnok, Esztergom-kertv\u00e1ros: h\u00edrek, programok","publisher":{"@id":"https:\/\/dorogimedence.hu\/#organization"},"potentialAction":[{"@type":"SearchAction","target":{"@type":"EntryPoint","urlTemplate":"https:\/\/dorogimedence.hu\/?s={search_term_string}"},"query-input":{"@type":"PropertyValueSpecification","valueRequired":true,"valueName":"search_term_string"}}],"inLanguage":"hu"},{"@type":"Organization","@id":"https:\/\/dorogimedence.hu\/#organization","name":"Dorogi-medence Region\u00e1lis H\u00edrport\u00e1l","url":"https:\/\/dorogimedence.hu\/","logo":{"@type":"ImageObject","inLanguage":"hu","@id":"https:\/\/dorogimedence.hu\/#\/schema\/logo\/image\/","url":"https:\/\/dorogimedence.hu\/wp-content\/uploads\/2021\/04\/logo-feher-600.png","contentUrl":"https:\/\/dorogimedence.hu\/wp-content\/uploads\/2021\/04\/logo-feher-600.png","width":600,"height":100,"caption":"Dorogi-medence Region\u00e1lis H\u00edrport\u00e1l"},"image":{"@id":"https:\/\/dorogimedence.hu\/#\/schema\/logo\/image\/"},"sameAs":["https:\/\/www.facebook.com\/dorogimedence\/"]},{"@type":"Person","@id":"https:\/\/dorogimedence.hu\/#\/schema\/person\/ce6091eeb7e95ecdc87890d6aa8e0fd4","name":"dorogimedence.hu","image":{"@type":"ImageObject","inLanguage":"hu","@id":"\/\/www.gravatar.com\/avatar\/d8d45f8901aadff40a4af72c0b826f1d?s=96&#038;r=g&#038;d=mm","url":"\/\/www.gravatar.com\/avatar\/d8d45f8901aadff40a4af72c0b826f1d?s=96&#038;r=g&#038;d=mm","contentUrl":"\/\/www.gravatar.com\/avatar\/d8d45f8901aadff40a4af72c0b826f1d?s=96&#038;r=g&#038;d=mm","caption":"dorogimedence.hu"}}]}},"_links":{"self":[{"href":"https:\/\/dorogimedence.hu\/index.php\/wp-json\/wp\/v2\/posts\/45410","targetHints":{"allow":["GET"]}}],"collection":[{"href":"https:\/\/dorogimedence.hu\/index.php\/wp-json\/wp\/v2\/posts"}],"about":[{"href":"https:\/\/dorogimedence.hu\/index.php\/wp-json\/wp\/v2\/types\/post"}],"author":[{"embeddable":true,"href":"https:\/\/dorogimedence.hu\/index.php\/wp-json\/wp\/v2\/users\/1"}],"replies":[{"embeddable":true,"href":"https:\/\/dorogimedence.hu\/index.php\/wp-json\/wp\/v2\/comments?post=45410"}],"version-history":[{"count":0,"href":"https:\/\/dorogimedence.hu\/index.php\/wp-json\/wp\/v2\/posts\/45410\/revisions"}],"wp:featuredmedia":[{"embeddable":true,"href":"https:\/\/dorogimedence.hu\/index.php\/wp-json\/wp\/v2\/media\/45411"}],"wp:attachment":[{"href":"https:\/\/dorogimedence.hu\/index.php\/wp-json\/wp\/v2\/media?parent=45410"}],"wp:term":[{"taxonomy":"category","embeddable":true,"href":"https:\/\/dorogimedence.hu\/index.php\/wp-json\/wp\/v2\/categories?post=45410"},{"taxonomy":"post_tag","embeddable":true,"href":"https:\/\/dorogimedence.hu\/index.php\/wp-json\/wp\/v2\/tags?post=45410"}],"curies":[{"name":"wp","href":"https:\/\/api.w.org\/{rel}","templated":true}]}}