{"id":45328,"date":"2022-08-04T09:06:05","date_gmt":"2022-08-04T07:06:05","guid":{"rendered":"https:\/\/dorogimedence.hu\/?p=45328"},"modified":"2022-08-04T09:06:44","modified_gmt":"2022-08-04T07:06:44","slug":"harmadfoku-hosegriasztas-lepett-eletbe","status":"publish","type":"post","link":"https:\/\/dorogimedence.hu\/index.php\/2022\/08\/04\/harmadfoku-hosegriasztas-lepett-eletbe\/","title":{"rendered":"Harmadfok\u00fa\u00a0h\u0151s\u00e9griaszt\u00e1s l\u00e9pett \u00e9letbe"},"content":{"rendered":"<p><strong>A Nemzeti N\u00e9peg\u00e9szs\u00e9g\u00fcgyi K\u00f6zpont aj\u00e1nl\u00e1s\u00e1ra az orsz\u00e1gos tisztif\u0151orvos cs\u00fct\u00f6rt\u00f6kt\u0151l szombat \u00e9jf\u00e9lig az orsz\u00e1g eg\u00e9sz ter\u00fclet\u00e9re harmadfok\u00fa h\u0151s\u00e9griaszt\u00e1st rendelt el.<\/strong><\/p>\n<p>A Nemzeti N\u00e9peg\u00e9szs\u00e9g\u00fcgyi K\u00f6zpont \u00e9s az Orsz\u00e1gos Katasztr\u00f3fav\u00e9delmi F\u0151igazgat\u00f3s\u00e1g felh\u00edvja az emberek figyelm\u00e9t, hogy a magas h\u0151m\u00e9rs\u00e9klet k\u00e1rosan befoly\u00e1solja eg\u00e9szs\u00e9gi \u00e1llapotunkat; kiemelten vesz\u00e9lyes a&nbsp;h\u0151s\u00e9g&nbsp;az id\u0151sekre, a gyermekekre \u00e9s a fizikai munk\u00e1t v\u00e9gz\u0151kre.<\/p>\n<p>Az id\u0151sek k\u00f6r\u00e9ben a magas h\u0151m\u00e9rs\u00e9klet sz\u00edv- \u00e9s \u00e9rrendszeri panaszokat okozhat, amelyek \u00e9szlel\u00e9sekor halad\u00e9ktalanul orvoshoz kell fordulniuk, tov\u00e1bb\u00e1 \u00e9rz\u00e9kenyen reag\u00e1lhatnak a gy\u00f3gyszereket szed\u0151 betegek is.<\/p>\n<p>Azt aj\u00e1nlj\u00e1k, hogy az emberek tart\u00f3zkodjanak h\u0171v\u00f6s helyen a k\u00e1nikula idej\u00e9n, els\u0151sorban 11 \u00e9s 15 \u00f3ra k\u00f6z\u00f6tt, ker\u00fclj\u00e9k a szervezet\u00fcket terhel\u0151 fizikai munk\u00e1t \u00e9s zuhanyozzanak naponta t\u00f6bbsz\u00f6r langyos v\u00edzzel.<\/p>\n<p>A munk\u00e1ba, bev\u00e1s\u00e1rl\u00e1sra indul\u00f3k vigyenek magukkal elegend\u0151 folyad\u00e9kot, \u00e9s ne feledkezzenek meg a napv\u00e9d\u0151 kr\u00e9mek haszn\u00e1lat\u00e1r\u00f3l, valamint a sapka, kalap visel\u00e9s\u00e9r\u0151l sem.<\/p>\n<p>Arra is felh\u00edvt\u00e1k a figyelmet, hogy a kritikus id\u0151szakban lehet\u0151s\u00e9g szerint a strandokon is \u00e1rny\u00e9kban tart\u00f3zkodjon mindenki, \u00e9s felhev\u00fclt testtel senki ne ugorjon v\u00edzbe.<\/p>\n<p>Szint\u00e9n fokozott \u00f3vatoss\u00e1gra intik a j\u00e1rm\u0171vel k\u00f6zleked\u0151ket. Azt aj\u00e1nlj\u00e1k, hogy vigyenek magukkal lehet\u0151leg h\u0171t\u00f6tt folyad\u00e9kot \u00e9s m\u00e9g n\u00e9h\u00e1ny percre se hagyj\u00e1k a gyermekeket, h\u00e1zi kedvenceket a parkol\u00f3 aut\u00f3ban.<\/p>\n<p>Ha b\u00e1rki napon \u00e1ll\u00f3 aut\u00f3ban hagyott gyermeket vagy h\u00e1zi\u00e1llatot l\u00e1t, azonnal h\u00edvja a 112-es seg\u00e9lyh\u00edv\u00f3 sz\u00e1mot!<\/p>\n<p>Azt is k\u00f6z\u00f6lt\u00e9k, hogy a nagy&nbsp;h\u0151s\u00e9gben a n\u00f6v\u00e9nyzet is sz\u00e1razabb, k\u00f6nnyebben meggyulladhat, egym\u00e1st \u00e9rik az esetenk\u00e9nt t\u00f6bb sz\u00e1z hekt\u00e1ros szabadt\u00e9ri t\u00fczek; a ny\u00e1ron eddig 3660 t\u0171z keletkezett a szabadban.<\/p>\n<p>A&nbsp;h\u0151s\u00e9griaszt\u00e1s ideje alatt a term\u00e9szetben ink\u00e1bb senki ne gy\u00fajtson t\u00fczet, \u00e9s kerti bogr\u00e1csoz\u00e1sn\u00e1l, grillez\u00e9sn\u00e9l se hagyja fel\u00fcgyelet n\u00e9lk\u00fcl a t\u00fczet senki!<\/p>\n<p>Mivel t\u0171zgy\u00fajt\u00e1si tilalom van \u00e9rv\u00e9nyben, az eg\u00e9sz orsz\u00e1gban tov\u00e1bbra is tilos tarl\u00f3t \u00e9getni, erd\u0151kben \u00e9s azok k\u00e9tsz\u00e1z m\u00e9teres k\u00f6rnyezet\u00e9ben sem szabad t\u00fczet gy\u00fajtani &#8211; olvashat\u00f3 a k\u00f6zlem\u00e9nyben.<\/p>\n<p><em>Forr\u00e1s: MTI \/ NNK<\/em><\/p>\n","protected":false},"excerpt":{"rendered":"<p>A Nemzeti N\u00e9peg\u00e9szs\u00e9g\u00fcgyi K\u00f6zpont aj\u00e1nl\u00e1s\u00e1ra az orsz\u00e1gos tisztif\u0151orvos cs\u00fct\u00f6rt\u00f6kt\u0151l szombat \u00e9jf\u00e9lig az orsz\u00e1g eg\u00e9sz ter\u00fclet\u00e9re harmadfok\u00fa h\u0151s\u00e9griaszt\u00e1st rendelt el. A Nemzeti N\u00e9peg\u00e9szs\u00e9g\u00fcgyi K\u00f6zpont \u00e9s az Orsz\u00e1gos Katasztr\u00f3fav\u00e9delmi F\u0151igazgat\u00f3s\u00e1g felh\u00edvja az emberek figyelm\u00e9t, hogy a magas h\u0151m\u00e9rs\u00e9klet k\u00e1rosan befoly\u00e1solja eg\u00e9szs\u00e9gi \u00e1llapotunkat; kiemelten vesz\u00e9lyes a&nbsp;h\u0151s\u00e9g&nbsp;az id\u0151sekre, a gyermekekre \u00e9s a fizikai munk\u00e1t v\u00e9gz\u0151kre. Az id\u0151sek k\u00f6r\u00e9ben a<\/p>\n","protected":false},"author":1,"featured_media":18662,"comment_status":"closed","ping_status":"closed","sticky":false,"template":"","format":"standard","meta":{"ngg_post_thumbnail":0,"footnotes":""},"categories":[3],"tags":[1173,2876,58],"class_list":{"0":"post-45328","1":"post","2":"type-post","3":"status-publish","4":"format-standard","5":"has-post-thumbnail","7":"category-hirek","8":"tag-hoseg","9":"tag-hosegriasztas","10":"tag-idojaras"},"yoast_head":"<!-- This site is optimized with the Yoast SEO plugin v27.5 - https:\/\/yoast.com\/product\/yoast-seo-wordpress\/ -->\n<title>Harmadfok\u00fa\u00a0h\u0151s\u00e9griaszt\u00e1s l\u00e9pett \u00e9letbe<\/title>\n<meta name=\"robots\" content=\"index, follow, max-snippet:-1, max-image-preview:large, max-video-preview:-1\" \/>\n<link rel=\"canonical\" href=\"https:\/\/dorogimedence.hu\/index.php\/2022\/08\/04\/harmadfoku-hosegriasztas-lepett-eletbe\/\" class=\"yoast-seo-meta-tag\" \/>\n<meta property=\"og:locale\" content=\"hu_HU\" class=\"yoast-seo-meta-tag\" \/>\n<meta property=\"og:type\" content=\"article\" class=\"yoast-seo-meta-tag\" \/>\n<meta property=\"og:title\" content=\"Harmadfok\u00fa\u00a0h\u0151s\u00e9griaszt\u00e1s l\u00e9pett \u00e9letbe\" class=\"yoast-seo-meta-tag\" \/>\n<meta property=\"og:description\" content=\"A Nemzeti N\u00e9peg\u00e9szs\u00e9g\u00fcgyi K\u00f6zpont aj\u00e1nl\u00e1s\u00e1ra az orsz\u00e1gos tisztif\u0151orvos cs\u00fct\u00f6rt\u00f6kt\u0151l szombat \u00e9jf\u00e9lig az orsz\u00e1g eg\u00e9sz ter\u00fclet\u00e9re harmadfok\u00fa h\u0151s\u00e9griaszt\u00e1st rendelt el. A Nemzeti N\u00e9peg\u00e9szs\u00e9g\u00fcgyi K\u00f6zpont \u00e9s az Orsz\u00e1gos Katasztr\u00f3fav\u00e9delmi F\u0151igazgat\u00f3s\u00e1g felh\u00edvja az emberek figyelm\u00e9t, hogy a magas h\u0151m\u00e9rs\u00e9klet k\u00e1rosan befoly\u00e1solja eg\u00e9szs\u00e9gi \u00e1llapotunkat; kiemelten vesz\u00e9lyes a&nbsp;h\u0151s\u00e9g&nbsp;az id\u0151sekre, a gyermekekre \u00e9s a fizikai munk\u00e1t v\u00e9gz\u0151kre. Az id\u0151sek k\u00f6r\u00e9ben a\" class=\"yoast-seo-meta-tag\" \/>\n<meta property=\"og:url\" content=\"https:\/\/dorogimedence.hu\/index.php\/2022\/08\/04\/harmadfoku-hosegriasztas-lepett-eletbe\/\" class=\"yoast-seo-meta-tag\" \/>\n<meta property=\"og:site_name\" content=\"Dorogi-medence Region\u00e1lis H\u00edrport\u00e1l\" class=\"yoast-seo-meta-tag\" \/>\n<meta property=\"article:publisher\" content=\"https:\/\/www.facebook.com\/dorogimedence\/\" class=\"yoast-seo-meta-tag\" \/>\n<meta property=\"article:published_time\" content=\"2022-08-04T07:06:05+00:00\" class=\"yoast-seo-meta-tag\" \/>\n<meta property=\"article:modified_time\" content=\"2022-08-04T07:06:44+00:00\" class=\"yoast-seo-meta-tag\" \/>\n<meta property=\"og:image\" content=\"https:\/\/i0.wp.com\/dorogimedence.hu\/wp-content\/uploads\/2019\/08\/hoseg.jpg?fit=670%2C365&ssl=1\" class=\"yoast-seo-meta-tag\" \/>\n\t<meta property=\"og:image:width\" content=\"670\" class=\"yoast-seo-meta-tag\" \/>\n\t<meta property=\"og:image:height\" content=\"365\" class=\"yoast-seo-meta-tag\" \/>\n\t<meta property=\"og:image:type\" content=\"image\/jpeg\" class=\"yoast-seo-meta-tag\" \/>\n<meta name=\"author\" content=\"dorogimedence.hu\" class=\"yoast-seo-meta-tag\" \/>\n<meta name=\"twitter:card\" content=\"summary_large_image\" class=\"yoast-seo-meta-tag\" \/>\n<meta name=\"twitter:label1\" content=\"Szerz\u0151:\" class=\"yoast-seo-meta-tag\" \/>\n\t<meta name=\"twitter:data1\" content=\"dorogimedence.hu\" class=\"yoast-seo-meta-tag\" \/>\n\t<meta name=\"twitter:label2\" content=\"Becs\u00fclt olvas\u00e1si id\u0151\" class=\"yoast-seo-meta-tag\" \/>\n\t<meta name=\"twitter:data2\" content=\"2 perc\" class=\"yoast-seo-meta-tag\" \/>\n<script type=\"application\/ld+json\" class=\"yoast-schema-graph\">{\"@context\":\"https:\\\/\\\/schema.org\",\"@graph\":[{\"@type\":\"Article\",\"@id\":\"https:\\\/\\\/dorogimedence.hu\\\/index.php\\\/2022\\\/08\\\/04\\\/harmadfoku-hosegriasztas-lepett-eletbe\\\/#article\",\"isPartOf\":{\"@id\":\"https:\\\/\\\/dorogimedence.hu\\\/index.php\\\/2022\\\/08\\\/04\\\/harmadfoku-hosegriasztas-lepett-eletbe\\\/\"},\"author\":{\"name\":\"dorogimedence.hu\",\"@id\":\"https:\\\/\\\/dorogimedence.hu\\\/#\\\/schema\\\/person\\\/ce6091eeb7e95ecdc87890d6aa8e0fd4\"},\"headline\":\"Harmadfok\u00fa\u00a0h\u0151s\u00e9griaszt\u00e1s l\u00e9pett \u00e9letbe\",\"datePublished\":\"2022-08-04T07:06:05+00:00\",\"dateModified\":\"2022-08-04T07:06:44+00:00\",\"mainEntityOfPage\":{\"@id\":\"https:\\\/\\\/dorogimedence.hu\\\/index.php\\\/2022\\\/08\\\/04\\\/harmadfoku-hosegriasztas-lepett-eletbe\\\/\"},\"wordCount\":470,\"publisher\":{\"@id\":\"https:\\\/\\\/dorogimedence.hu\\\/#organization\"},\"image\":{\"@id\":\"https:\\\/\\\/dorogimedence.hu\\\/index.php\\\/2022\\\/08\\\/04\\\/harmadfoku-hosegriasztas-lepett-eletbe\\\/#primaryimage\"},\"thumbnailUrl\":\"https:\\\/\\\/dorogimedence.hu\\\/wp-content\\\/uploads\\\/2019\\\/08\\\/hoseg.jpg\",\"keywords\":[\"h\u0151s\u00e9g\",\"h\u0151s\u00e9griaszt\u00e1s\",\"id\u0151j\u00e1r\u00e1s\"],\"articleSection\":[\"H\u00edrek\"],\"inLanguage\":\"hu\"},{\"@type\":\"WebPage\",\"@id\":\"https:\\\/\\\/dorogimedence.hu\\\/index.php\\\/2022\\\/08\\\/04\\\/harmadfoku-hosegriasztas-lepett-eletbe\\\/\",\"url\":\"https:\\\/\\\/dorogimedence.hu\\\/index.php\\\/2022\\\/08\\\/04\\\/harmadfoku-hosegriasztas-lepett-eletbe\\\/\",\"name\":\"Harmadfok\u00fa\u00a0h\u0151s\u00e9griaszt\u00e1s l\u00e9pett \u00e9letbe\",\"isPartOf\":{\"@id\":\"https:\\\/\\\/dorogimedence.hu\\\/#website\"},\"primaryImageOfPage\":{\"@id\":\"https:\\\/\\\/dorogimedence.hu\\\/index.php\\\/2022\\\/08\\\/04\\\/harmadfoku-hosegriasztas-lepett-eletbe\\\/#primaryimage\"},\"image\":{\"@id\":\"https:\\\/\\\/dorogimedence.hu\\\/index.php\\\/2022\\\/08\\\/04\\\/harmadfoku-hosegriasztas-lepett-eletbe\\\/#primaryimage\"},\"thumbnailUrl\":\"https:\\\/\\\/dorogimedence.hu\\\/wp-content\\\/uploads\\\/2019\\\/08\\\/hoseg.jpg\",\"datePublished\":\"2022-08-04T07:06:05+00:00\",\"dateModified\":\"2022-08-04T07:06:44+00:00\",\"breadcrumb\":{\"@id\":\"https:\\\/\\\/dorogimedence.hu\\\/index.php\\\/2022\\\/08\\\/04\\\/harmadfoku-hosegriasztas-lepett-eletbe\\\/#breadcrumb\"},\"inLanguage\":\"hu\",\"potentialAction\":[{\"@type\":\"ReadAction\",\"target\":[\"https:\\\/\\\/dorogimedence.hu\\\/index.php\\\/2022\\\/08\\\/04\\\/harmadfoku-hosegriasztas-lepett-eletbe\\\/\"]}]},{\"@type\":\"ImageObject\",\"inLanguage\":\"hu\",\"@id\":\"https:\\\/\\\/dorogimedence.hu\\\/index.php\\\/2022\\\/08\\\/04\\\/harmadfoku-hosegriasztas-lepett-eletbe\\\/#primaryimage\",\"url\":\"https:\\\/\\\/dorogimedence.hu\\\/wp-content\\\/uploads\\\/2019\\\/08\\\/hoseg.jpg\",\"contentUrl\":\"https:\\\/\\\/dorogimedence.hu\\\/wp-content\\\/uploads\\\/2019\\\/08\\\/hoseg.jpg\",\"width\":670,\"height\":365},{\"@type\":\"BreadcrumbList\",\"@id\":\"https:\\\/\\\/dorogimedence.hu\\\/index.php\\\/2022\\\/08\\\/04\\\/harmadfoku-hosegriasztas-lepett-eletbe\\\/#breadcrumb\",\"itemListElement\":[{\"@type\":\"ListItem\",\"position\":1,\"name\":\"Kezd\u0151lap\",\"item\":\"https:\\\/\\\/dorogimedence.hu\\\/\"},{\"@type\":\"ListItem\",\"position\":2,\"name\":\"Harmadfok\u00fa\u00a0h\u0151s\u00e9griaszt\u00e1s l\u00e9pett \u00e9letbe\"}]},{\"@type\":\"WebSite\",\"@id\":\"https:\\\/\\\/dorogimedence.hu\\\/#website\",\"url\":\"https:\\\/\\\/dorogimedence.hu\\\/\",\"name\":\"Dorogi-medence Region\u00e1lis H\u00edrport\u00e1l\",\"description\":\"Dorog, Keszt\u00f6lc, Le\u00e1nyv\u00e1r, Piliscs\u00e9v, Tokod, Tokodalt\u00e1r\u00f3, Csolnok, Esztergom-kertv\u00e1ros: h\u00edrek, programok\",\"publisher\":{\"@id\":\"https:\\\/\\\/dorogimedence.hu\\\/#organization\"},\"potentialAction\":[{\"@type\":\"SearchAction\",\"target\":{\"@type\":\"EntryPoint\",\"urlTemplate\":\"https:\\\/\\\/dorogimedence.hu\\\/?s={search_term_string}\"},\"query-input\":{\"@type\":\"PropertyValueSpecification\",\"valueRequired\":true,\"valueName\":\"search_term_string\"}}],\"inLanguage\":\"hu\"},{\"@type\":\"Organization\",\"@id\":\"https:\\\/\\\/dorogimedence.hu\\\/#organization\",\"name\":\"Dorogi-medence Region\u00e1lis H\u00edrport\u00e1l\",\"url\":\"https:\\\/\\\/dorogimedence.hu\\\/\",\"logo\":{\"@type\":\"ImageObject\",\"inLanguage\":\"hu\",\"@id\":\"https:\\\/\\\/dorogimedence.hu\\\/#\\\/schema\\\/logo\\\/image\\\/\",\"url\":\"https:\\\/\\\/dorogimedence.hu\\\/wp-content\\\/uploads\\\/2021\\\/04\\\/logo-feher-600.png\",\"contentUrl\":\"https:\\\/\\\/dorogimedence.hu\\\/wp-content\\\/uploads\\\/2021\\\/04\\\/logo-feher-600.png\",\"width\":600,\"height\":100,\"caption\":\"Dorogi-medence Region\u00e1lis H\u00edrport\u00e1l\"},\"image\":{\"@id\":\"https:\\\/\\\/dorogimedence.hu\\\/#\\\/schema\\\/logo\\\/image\\\/\"},\"sameAs\":[\"https:\\\/\\\/www.facebook.com\\\/dorogimedence\\\/\"]},{\"@type\":\"Person\",\"@id\":\"https:\\\/\\\/dorogimedence.hu\\\/#\\\/schema\\\/person\\\/ce6091eeb7e95ecdc87890d6aa8e0fd4\",\"name\":\"dorogimedence.hu\",\"image\":{\"@type\":\"ImageObject\",\"inLanguage\":\"hu\",\"@id\":\"\\\/\\\/www.gravatar.com\\\/avatar\\\/d8d45f8901aadff40a4af72c0b826f1d?s=96&#038;r=g&#038;d=mm\",\"url\":\"\\\/\\\/www.gravatar.com\\\/avatar\\\/d8d45f8901aadff40a4af72c0b826f1d?s=96&#038;r=g&#038;d=mm\",\"contentUrl\":\"\\\/\\\/www.gravatar.com\\\/avatar\\\/d8d45f8901aadff40a4af72c0b826f1d?s=96&#038;r=g&#038;d=mm\",\"caption\":\"dorogimedence.hu\"}}]}<\/script>\n<!-- \/ Yoast SEO plugin. -->","yoast_head_json":{"title":"Harmadfok\u00fa\u00a0h\u0151s\u00e9griaszt\u00e1s l\u00e9pett \u00e9letbe","robots":{"index":"index","follow":"follow","max-snippet":"max-snippet:-1","max-image-preview":"max-image-preview:large","max-video-preview":"max-video-preview:-1"},"canonical":"https:\/\/dorogimedence.hu\/index.php\/2022\/08\/04\/harmadfoku-hosegriasztas-lepett-eletbe\/","og_locale":"hu_HU","og_type":"article","og_title":"Harmadfok\u00fa\u00a0h\u0151s\u00e9griaszt\u00e1s l\u00e9pett \u00e9letbe","og_description":"A Nemzeti N\u00e9peg\u00e9szs\u00e9g\u00fcgyi K\u00f6zpont aj\u00e1nl\u00e1s\u00e1ra az orsz\u00e1gos tisztif\u0151orvos cs\u00fct\u00f6rt\u00f6kt\u0151l szombat \u00e9jf\u00e9lig az orsz\u00e1g eg\u00e9sz ter\u00fclet\u00e9re harmadfok\u00fa h\u0151s\u00e9griaszt\u00e1st rendelt el. A Nemzeti N\u00e9peg\u00e9szs\u00e9g\u00fcgyi K\u00f6zpont \u00e9s az Orsz\u00e1gos Katasztr\u00f3fav\u00e9delmi F\u0151igazgat\u00f3s\u00e1g felh\u00edvja az emberek figyelm\u00e9t, hogy a magas h\u0151m\u00e9rs\u00e9klet k\u00e1rosan befoly\u00e1solja eg\u00e9szs\u00e9gi \u00e1llapotunkat; kiemelten vesz\u00e9lyes a&nbsp;h\u0151s\u00e9g&nbsp;az id\u0151sekre, a gyermekekre \u00e9s a fizikai munk\u00e1t v\u00e9gz\u0151kre. Az id\u0151sek k\u00f6r\u00e9ben a","og_url":"https:\/\/dorogimedence.hu\/index.php\/2022\/08\/04\/harmadfoku-hosegriasztas-lepett-eletbe\/","og_site_name":"Dorogi-medence Region\u00e1lis H\u00edrport\u00e1l","article_publisher":"https:\/\/www.facebook.com\/dorogimedence\/","article_published_time":"2022-08-04T07:06:05+00:00","article_modified_time":"2022-08-04T07:06:44+00:00","og_image":[{"width":670,"height":365,"url":"https:\/\/i0.wp.com\/dorogimedence.hu\/wp-content\/uploads\/2019\/08\/hoseg.jpg?fit=670%2C365&ssl=1","type":"image\/jpeg"}],"author":"dorogimedence.hu","twitter_card":"summary_large_image","twitter_misc":{"Szerz\u0151:":"dorogimedence.hu","Becs\u00fclt olvas\u00e1si id\u0151":"2 perc"},"schema":{"@context":"https:\/\/schema.org","@graph":[{"@type":"Article","@id":"https:\/\/dorogimedence.hu\/index.php\/2022\/08\/04\/harmadfoku-hosegriasztas-lepett-eletbe\/#article","isPartOf":{"@id":"https:\/\/dorogimedence.hu\/index.php\/2022\/08\/04\/harmadfoku-hosegriasztas-lepett-eletbe\/"},"author":{"name":"dorogimedence.hu","@id":"https:\/\/dorogimedence.hu\/#\/schema\/person\/ce6091eeb7e95ecdc87890d6aa8e0fd4"},"headline":"Harmadfok\u00fa\u00a0h\u0151s\u00e9griaszt\u00e1s l\u00e9pett \u00e9letbe","datePublished":"2022-08-04T07:06:05+00:00","dateModified":"2022-08-04T07:06:44+00:00","mainEntityOfPage":{"@id":"https:\/\/dorogimedence.hu\/index.php\/2022\/08\/04\/harmadfoku-hosegriasztas-lepett-eletbe\/"},"wordCount":470,"publisher":{"@id":"https:\/\/dorogimedence.hu\/#organization"},"image":{"@id":"https:\/\/dorogimedence.hu\/index.php\/2022\/08\/04\/harmadfoku-hosegriasztas-lepett-eletbe\/#primaryimage"},"thumbnailUrl":"https:\/\/dorogimedence.hu\/wp-content\/uploads\/2019\/08\/hoseg.jpg","keywords":["h\u0151s\u00e9g","h\u0151s\u00e9griaszt\u00e1s","id\u0151j\u00e1r\u00e1s"],"articleSection":["H\u00edrek"],"inLanguage":"hu"},{"@type":"WebPage","@id":"https:\/\/dorogimedence.hu\/index.php\/2022\/08\/04\/harmadfoku-hosegriasztas-lepett-eletbe\/","url":"https:\/\/dorogimedence.hu\/index.php\/2022\/08\/04\/harmadfoku-hosegriasztas-lepett-eletbe\/","name":"Harmadfok\u00fa\u00a0h\u0151s\u00e9griaszt\u00e1s l\u00e9pett \u00e9letbe","isPartOf":{"@id":"https:\/\/dorogimedence.hu\/#website"},"primaryImageOfPage":{"@id":"https:\/\/dorogimedence.hu\/index.php\/2022\/08\/04\/harmadfoku-hosegriasztas-lepett-eletbe\/#primaryimage"},"image":{"@id":"https:\/\/dorogimedence.hu\/index.php\/2022\/08\/04\/harmadfoku-hosegriasztas-lepett-eletbe\/#primaryimage"},"thumbnailUrl":"https:\/\/dorogimedence.hu\/wp-content\/uploads\/2019\/08\/hoseg.jpg","datePublished":"2022-08-04T07:06:05+00:00","dateModified":"2022-08-04T07:06:44+00:00","breadcrumb":{"@id":"https:\/\/dorogimedence.hu\/index.php\/2022\/08\/04\/harmadfoku-hosegriasztas-lepett-eletbe\/#breadcrumb"},"inLanguage":"hu","potentialAction":[{"@type":"ReadAction","target":["https:\/\/dorogimedence.hu\/index.php\/2022\/08\/04\/harmadfoku-hosegriasztas-lepett-eletbe\/"]}]},{"@type":"ImageObject","inLanguage":"hu","@id":"https:\/\/dorogimedence.hu\/index.php\/2022\/08\/04\/harmadfoku-hosegriasztas-lepett-eletbe\/#primaryimage","url":"https:\/\/dorogimedence.hu\/wp-content\/uploads\/2019\/08\/hoseg.jpg","contentUrl":"https:\/\/dorogimedence.hu\/wp-content\/uploads\/2019\/08\/hoseg.jpg","width":670,"height":365},{"@type":"BreadcrumbList","@id":"https:\/\/dorogimedence.hu\/index.php\/2022\/08\/04\/harmadfoku-hosegriasztas-lepett-eletbe\/#breadcrumb","itemListElement":[{"@type":"ListItem","position":1,"name":"Kezd\u0151lap","item":"https:\/\/dorogimedence.hu\/"},{"@type":"ListItem","position":2,"name":"Harmadfok\u00fa\u00a0h\u0151s\u00e9griaszt\u00e1s l\u00e9pett \u00e9letbe"}]},{"@type":"WebSite","@id":"https:\/\/dorogimedence.hu\/#website","url":"https:\/\/dorogimedence.hu\/","name":"Dorogi-medence Region\u00e1lis H\u00edrport\u00e1l","description":"Dorog, Keszt\u00f6lc, Le\u00e1nyv\u00e1r, Piliscs\u00e9v, Tokod, Tokodalt\u00e1r\u00f3, Csolnok, Esztergom-kertv\u00e1ros: h\u00edrek, programok","publisher":{"@id":"https:\/\/dorogimedence.hu\/#organization"},"potentialAction":[{"@type":"SearchAction","target":{"@type":"EntryPoint","urlTemplate":"https:\/\/dorogimedence.hu\/?s={search_term_string}"},"query-input":{"@type":"PropertyValueSpecification","valueRequired":true,"valueName":"search_term_string"}}],"inLanguage":"hu"},{"@type":"Organization","@id":"https:\/\/dorogimedence.hu\/#organization","name":"Dorogi-medence Region\u00e1lis H\u00edrport\u00e1l","url":"https:\/\/dorogimedence.hu\/","logo":{"@type":"ImageObject","inLanguage":"hu","@id":"https:\/\/dorogimedence.hu\/#\/schema\/logo\/image\/","url":"https:\/\/dorogimedence.hu\/wp-content\/uploads\/2021\/04\/logo-feher-600.png","contentUrl":"https:\/\/dorogimedence.hu\/wp-content\/uploads\/2021\/04\/logo-feher-600.png","width":600,"height":100,"caption":"Dorogi-medence Region\u00e1lis H\u00edrport\u00e1l"},"image":{"@id":"https:\/\/dorogimedence.hu\/#\/schema\/logo\/image\/"},"sameAs":["https:\/\/www.facebook.com\/dorogimedence\/"]},{"@type":"Person","@id":"https:\/\/dorogimedence.hu\/#\/schema\/person\/ce6091eeb7e95ecdc87890d6aa8e0fd4","name":"dorogimedence.hu","image":{"@type":"ImageObject","inLanguage":"hu","@id":"\/\/www.gravatar.com\/avatar\/d8d45f8901aadff40a4af72c0b826f1d?s=96&#038;r=g&#038;d=mm","url":"\/\/www.gravatar.com\/avatar\/d8d45f8901aadff40a4af72c0b826f1d?s=96&#038;r=g&#038;d=mm","contentUrl":"\/\/www.gravatar.com\/avatar\/d8d45f8901aadff40a4af72c0b826f1d?s=96&#038;r=g&#038;d=mm","caption":"dorogimedence.hu"}}]}},"_links":{"self":[{"href":"https:\/\/dorogimedence.hu\/index.php\/wp-json\/wp\/v2\/posts\/45328","targetHints":{"allow":["GET"]}}],"collection":[{"href":"https:\/\/dorogimedence.hu\/index.php\/wp-json\/wp\/v2\/posts"}],"about":[{"href":"https:\/\/dorogimedence.hu\/index.php\/wp-json\/wp\/v2\/types\/post"}],"author":[{"embeddable":true,"href":"https:\/\/dorogimedence.hu\/index.php\/wp-json\/wp\/v2\/users\/1"}],"replies":[{"embeddable":true,"href":"https:\/\/dorogimedence.hu\/index.php\/wp-json\/wp\/v2\/comments?post=45328"}],"version-history":[{"count":0,"href":"https:\/\/dorogimedence.hu\/index.php\/wp-json\/wp\/v2\/posts\/45328\/revisions"}],"wp:featuredmedia":[{"embeddable":true,"href":"https:\/\/dorogimedence.hu\/index.php\/wp-json\/wp\/v2\/media\/18662"}],"wp:attachment":[{"href":"https:\/\/dorogimedence.hu\/index.php\/wp-json\/wp\/v2\/media?parent=45328"}],"wp:term":[{"taxonomy":"category","embeddable":true,"href":"https:\/\/dorogimedence.hu\/index.php\/wp-json\/wp\/v2\/categories?post=45328"},{"taxonomy":"post_tag","embeddable":true,"href":"https:\/\/dorogimedence.hu\/index.php\/wp-json\/wp\/v2\/tags?post=45328"}],"curies":[{"name":"wp","href":"https:\/\/api.w.org\/{rel}","templated":true}]}}