{"id":45247,"date":"2022-08-01T09:51:06","date_gmt":"2022-08-01T07:51:06","guid":{"rendered":"https:\/\/dorogimedence.hu\/?p=45247"},"modified":"2022-08-01T09:51:15","modified_gmt":"2022-08-01T07:51:15","slug":"az-mcc-feszt-a-legfrissebb-es-legerosebb-szakmai-kozeleti-es-konnyuzenei-fesztival","status":"publish","type":"post","link":"https:\/\/dorogimedence.hu\/index.php\/2022\/08\/01\/az-mcc-feszt-a-legfrissebb-es-legerosebb-szakmai-kozeleti-es-konnyuzenei-fesztival\/","title":{"rendered":"Az MCC Feszt a legfrissebb \u00e9s leger\u0151sebb szakmai-k\u00f6z\u00e9leti \u00e9s k\u00f6nny\u0171zenei fesztiv\u00e1l"},"content":{"rendered":"<p><strong>A szervez\u0151k v\u00e1rakoz\u00e1sait is fel\u00fclm\u00fal\u00f3 \u00e9rdekl\u0151d\u00e9s \u00f6vezte a Mathias Corvinus Collegium (MCC) m\u00e1sodik fesztiv\u00e1lj\u00e1t Esztergomban. A h\u00e1rom nap alatt mintegy 32 ezren l\u00e1togattak el az MCC Fesztre, hogy r\u00e9szt vegyenek a szakmai besz\u00e9lget\u00e9seken, koncerteken \u00e9s az interakt\u00edv programokon. A rendezv\u00e9nyen t\u00f6bb mint 50 k\u00fclf\u00f6ldi szaktekint\u00e9ly r\u00e9szv\u00e9tel\u00e9vel 70 szakmai esem\u00e9nyt val\u00f3s\u00edtottak meg, m\u00edg az \u00fagynevezett Edu s\u00e9t\u00e1nyon 48 ki\u00e1ll\u00edt\u00f3 k\u00edn\u00e1lt izgalmas csal\u00e1di, kultur\u00e1lis \u00e9s interakt\u00edv programot.<\/strong><\/p>\n<p><em>\u201eHangot adunk a tehets\u00e9gnek\u201d<\/em> mott\u00f3val m\u00e1sodj\u00e1ra szervezt\u00e9k meg az MCC Fesztet Esztergomban. A tavalyi tizenk\u00e9tezres l\u00e1togat\u00f3sz\u00e1m t\u00f6bb mint a dupl\u00e1j\u00e1ra n\u0151tt id\u00e9n. Alapvet\u0151en ingyenes volt a fesztiv\u00e1l, ugyanakkor az esti, karszalagk\u00f6teles koncertekre mindh\u00e1rom nap gyorsan elkeltek a jegyek.<\/p>\n<p><img fetchpriority=\"high\" decoding=\"async\" class=\"alignnone size-large wp-image-45190\" src=\"https:\/\/dorogimedence.hu\/wp-content\/uploads\/2022\/07\/MCCFeszt_Nyitopanel_20220728-1024x682.jpg\" alt=\"\" width=\"755\" height=\"503\" srcset=\"https:\/\/dorogimedence.hu\/wp-content\/uploads\/2022\/07\/MCCFeszt_Nyitopanel_20220728-1024x682.jpg 1024w, https:\/\/dorogimedence.hu\/wp-content\/uploads\/2022\/07\/MCCFeszt_Nyitopanel_20220728-300x200.jpg 300w, https:\/\/dorogimedence.hu\/wp-content\/uploads\/2022\/07\/MCCFeszt_Nyitopanel_20220728-768x512.jpg 768w, https:\/\/dorogimedence.hu\/wp-content\/uploads\/2022\/07\/MCCFeszt_Nyitopanel_20220728-1536x1023.jpg 1536w, https:\/\/dorogimedence.hu\/wp-content\/uploads\/2022\/07\/MCCFeszt_Nyitopanel_20220728-150x100.jpg 150w, https:\/\/dorogimedence.hu\/wp-content\/uploads\/2022\/07\/MCCFeszt_Nyitopanel_20220728-450x300.jpg 450w, https:\/\/dorogimedence.hu\/wp-content\/uploads\/2022\/07\/MCCFeszt_Nyitopanel_20220728-1200x800.jpg 1200w, https:\/\/dorogimedence.hu\/wp-content\/uploads\/2022\/07\/MCCFeszt_Nyitopanel_20220728-272x182.jpg 272w, https:\/\/dorogimedence.hu\/wp-content\/uploads\/2022\/07\/MCCFeszt_Nyitopanel_20220728.jpg 1600w\" sizes=\"(max-width: 755px) 100vw, 755px\" \/><\/p>\n<p>A fesztiv\u00e1l cs\u00fct\u00f6rt\u00f6k\u00f6n geopolitik\u00e1r\u00f3l sz\u00f3l\u00f3 vitaf\u00f3rummal \u00e9s megnyit\u00f3 \u00fcnneps\u00e9ggel indult. <em>\u201eEgyed\u00fcl az MCC Feszt az a fesztiv\u00e1l, amelyet csak \u00e9s kiz\u00e1r\u00f3lag a tehets\u00e9g jegy\u00e9ben szerveznek meg\u201d<\/em> \u2013 h\u00edvta fel a figyelmet megnyit\u00f3 besz\u00e9d\u00e9ben Szalai Zolt\u00e1n f\u0151igazgat\u00f3. A m\u00e1sodik napon felsz\u00f3lalt <strong>William Darlymple<\/strong>, vil\u00e1gh\u00edr\u0171 sk\u00f3t t\u00f6rt\u00e9n\u00e9sz, aki az \u00e9let \u00e9rtelm\u00e9r\u0151l \u00e9s kih\u00edv\u00e1sair\u00f3l osztotta meg gondolatait, t\u00f6rt\u00e9nelmi aspektusokat is ismertetve. <strong>Cs\u00e1k J\u00e1nos<\/strong> kult\u00far\u00e1\u00e9rt \u00e9s innov\u00e1ci\u00f3\u00e9rt felel\u0151s miniszter frissen megjelent k\u00f6tet\u00e9t mutatta be a Mindszenty t\u00e9ren, ahol <strong>Patrick Deneen<\/strong>, amerikai politol\u00f3gussal besz\u00e9lgettek.&nbsp; Az MCC Feszten megrendezett Mandiner Vita a Magyarorsz\u00e1g el\u0151tt \u00e1ll\u00f3 kih\u00edv\u00e1sokr\u00f3l, t\u00f6bbek k\u00f6z\u00f6tt az Eur\u00f3pai Bizotts\u00e1ggal val\u00f3 t\u00e1rgyal\u00e1sokr\u00f3l sz\u00f3lt. A t\u00e9ma kapcs\u00e1n <strong>Navracsics Tibor<\/strong> ter\u00fcletfejleszt\u00e9si miniszter <strong>Bal\u00e1zs P\u00e9ter<\/strong> volt k\u00fcl\u00fcgyminiszterrel folytatott vit\u00e1j\u00e1ban hangs\u00falyozta, az uni\u00f3s k\u00e9pvisel\u0151kkel zajl\u00f3 egyeztet\u00e9sek sor\u00e1n az id\u0151 a legnagyobb ellenf\u00e9l; id\u0151ben kell meg\u00e1llapod\u00e1sra jutni. A magyar bankrendszer j\u00f6v\u0151j\u00e9r\u0151l sz\u00f3l\u00f3 besz\u00e9lget\u00e9sen <strong>Cs\u00e1nyi S\u00e1ndor<\/strong>, az OTP eln\u00f6k-vez\u00e9rigazgat\u00f3ja pedig kiemelte, a bankrendszer nemzetk\u00f6zi \u00f6sszehasonl\u00edt\u00e1sban is rendk\u00edv\u00fcl stabil mind t\u0151keer\u0151, mind likvidit\u00e1s tekintet\u00e9ben. A rendezv\u00e9ny kiemelt szt\u00e1rvend\u00e9ge <strong>David Coulthard<\/strong>, volt Formula-1-es versenyz\u0151, tan\u00e1csad\u00f3 \u00e9s komment\u00e1tor, pedig a siker titkaira vil\u00e1g\u00edtott r\u00e1 di\u00e1koknak sz\u00f3l\u00f3 el\u0151ad\u00e1s\u00e1ban.<\/p>\n<p><img decoding=\"async\" class=\"alignnone size-full wp-image-45248\" src=\"https:\/\/dorogimedence.hu\/wp-content\/uploads\/2022\/08\/mccfeszt-02-1-1024x683-1.jpg\" alt=\"\" width=\"1024\" height=\"683\" srcset=\"https:\/\/dorogimedence.hu\/wp-content\/uploads\/2022\/08\/mccfeszt-02-1-1024x683-1.jpg 1024w, https:\/\/dorogimedence.hu\/wp-content\/uploads\/2022\/08\/mccfeszt-02-1-1024x683-1-300x200.jpg 300w, https:\/\/dorogimedence.hu\/wp-content\/uploads\/2022\/08\/mccfeszt-02-1-1024x683-1-768x512.jpg 768w, https:\/\/dorogimedence.hu\/wp-content\/uploads\/2022\/08\/mccfeszt-02-1-1024x683-1-150x100.jpg 150w, https:\/\/dorogimedence.hu\/wp-content\/uploads\/2022\/08\/mccfeszt-02-1-1024x683-1-450x300.jpg 450w, https:\/\/dorogimedence.hu\/wp-content\/uploads\/2022\/08\/mccfeszt-02-1-1024x683-1-272x182.jpg 272w\" sizes=\"(max-width: 1024px) 100vw, 1024px\" \/><\/p>\n<p>A fesztiv\u00e1l cs\u00facspontja a szombat volt, amikor a v\u00e1ltoz\u00e9kony id\u0151j\u00e1r\u00e1s ellen\u00e9re is telth\u00e1zzal m\u0171k\u00f6dtek az egyes programok.&nbsp; A sajt\u00f3szabads\u00e1g \u00e9s az \u00fajs\u00e1g\u00edr\u00f3i f\u00fcggetlens\u00e9g t\u00e9m\u00e1j\u00e1ban tartott, rendk\u00edv\u00fcl \u00e9rdekes vit\u00e1n r\u00e9szt vett <strong>Szalai Zolt\u00e1n,<\/strong> az MCC f\u0151igazgat\u00f3ja, a Mandiner lapigazgat\u00f3ja, tov\u00e1bb\u00e1 <strong>Dull Szabolcs,<\/strong> a Telex f\u0151szerkeszt\u0151je, <strong>R\u00f3nai Egon<\/strong> az ATV, valamint <strong>L\u00e1nczi Tam\u00e1s,<\/strong> a k\u00f6zm\u00e9dia m\u0171sorvezet\u0151i<strong>. A magyar felmen\u0151kkel is b\u00fcszk\u00e9lked\u0151 egykori n\u00e9met miniszter \u00e9s polg\u00e1rmester Klaus von Dohnanyi<\/strong>, online jelentkezett be az MCC Fesztre, ahol kifejtette, a kompromisszumokra jut\u00f3, egy\u00fcttm\u0171k\u00f6d\u0151 \u00e9s egym\u00e1s \u00e9rdekeit tiszteletben tart\u00f3 nemzetekben l\u00e1tja Eur\u00f3pa j\u00f6v\u0151j\u00e9t. \u201eHossz\u00fa t\u00e1von csak a b\u00e9ke jelenthet megold\u00e1st a gazdas\u00e1gi \u00e9s energetikai kih\u00edv\u00e1sokra\u201d \u2013 err\u0151l pedig m\u00e1r <strong>Szijj\u00e1rt\u00f3 P\u00e9ter<\/strong> k\u00fclgazdas\u00e1gi \u00e9s k\u00fcl\u00fcgyminiszter besz\u00e9lt t\u00f6bb sz\u00e1z \u00e9rdekl\u0151d\u0151 el\u0151tt Esztergom f\u0151ter\u00e9n. Par\u00e1zs vit\u00e1kban sem volt hi\u00e1ny a rendezv\u00e9nyen: Patrick Deneen konzervat\u00edv amerikai filoz\u00f3fus \u00e9s <strong>Radek Sikorski<\/strong>, az EU-USA eur\u00f3pai parlamenti deleg\u00e1ci\u00f3j\u00e1nak eln\u00f6ke, kor\u00e1bbi lengyel k\u00fcl\u00fcgyminiszter az emberis\u00e9g j\u00f6v\u0151j\u00e9r\u0151l folytatott eszmecser\u00e9t.<\/p>\n<p>Az MCC Feszten term\u00e9szetesen n\u00edv\u00f3s k\u00f6nny\u0171zen\u00e9b\u0151l sem volt hi\u00e1ny. Rengeteg di\u00e1k \u00e9s fiatal bulizott a Brains, az Irie Maffia, a Beatrice \u00e9s Valmar koncertjein. Az MCC m\u00e1sodj\u00e1ra adott hangot a tehets\u00e9gnek Esztergomban, megmutatva a tud\u00e1sban \u00e9s k\u00f6z\u00f6ss\u00e9gben rejl\u0151 er\u0151t \u00e9s sikert.<\/p>\n<p><em>Fot\u00f3k, forr\u00e1s: MCC Feszt<\/em><\/p>\n","protected":false},"excerpt":{"rendered":"<p>A szervez\u0151k v\u00e1rakoz\u00e1sait is fel\u00fclm\u00fal\u00f3 \u00e9rdekl\u0151d\u00e9s \u00f6vezte a Mathias Corvinus Collegium (MCC) m\u00e1sodik fesztiv\u00e1lj\u00e1t Esztergomban. A h\u00e1rom nap alatt mintegy 32 ezren l\u00e1togattak el az MCC Fesztre, hogy r\u00e9szt vegyenek a szakmai besz\u00e9lget\u00e9seken, koncerteken \u00e9s az interakt\u00edv programokon. A rendezv\u00e9nyen t\u00f6bb mint 50 k\u00fclf\u00f6ldi szaktekint\u00e9ly r\u00e9szv\u00e9tel\u00e9vel 70 szakmai esem\u00e9nyt val\u00f3s\u00edtottak meg, m\u00edg az \u00fagynevezett Edu<\/p>\n","protected":false},"author":1,"featured_media":45249,"comment_status":"closed","ping_status":"closed","sticky":false,"template":"","format":"standard","meta":{"ngg_post_thumbnail":0,"footnotes":""},"categories":[38,3],"tags":[42,5624,119,5858,101],"class_list":{"0":"post-45247","1":"post","2":"type-post","3":"status-publish","4":"format-standard","5":"has-post-thumbnail","7":"category-esztergom","8":"category-hirek","9":"tag-esztergom","10":"tag-featured","11":"tag-koncert","12":"tag-mcc-feszt","13":"tag-program"},"yoast_head":"<!-- This site is optimized with the Yoast SEO plugin v27.5 - https:\/\/yoast.com\/product\/yoast-seo-wordpress\/ -->\n<title>Az MCC Feszt a legfrissebb \u00e9s leger\u0151sebb szakmai-k\u00f6z\u00e9leti \u00e9s k\u00f6nny\u0171zenei fesztiv\u00e1l<\/title>\n<meta name=\"robots\" content=\"index, follow, max-snippet:-1, max-image-preview:large, max-video-preview:-1\" \/>\n<link rel=\"canonical\" href=\"https:\/\/dorogimedence.hu\/index.php\/2022\/08\/01\/az-mcc-feszt-a-legfrissebb-es-legerosebb-szakmai-kozeleti-es-konnyuzenei-fesztival\/\" class=\"yoast-seo-meta-tag\" \/>\n<meta property=\"og:locale\" content=\"hu_HU\" class=\"yoast-seo-meta-tag\" \/>\n<meta property=\"og:type\" content=\"article\" class=\"yoast-seo-meta-tag\" \/>\n<meta property=\"og:title\" content=\"Az MCC Feszt a legfrissebb \u00e9s leger\u0151sebb szakmai-k\u00f6z\u00e9leti \u00e9s k\u00f6nny\u0171zenei fesztiv\u00e1l\" class=\"yoast-seo-meta-tag\" \/>\n<meta property=\"og:description\" content=\"A szervez\u0151k v\u00e1rakoz\u00e1sait is fel\u00fclm\u00fal\u00f3 \u00e9rdekl\u0151d\u00e9s \u00f6vezte a Mathias Corvinus Collegium (MCC) m\u00e1sodik fesztiv\u00e1lj\u00e1t Esztergomban. A h\u00e1rom nap alatt mintegy 32 ezren l\u00e1togattak el az MCC Fesztre, hogy r\u00e9szt vegyenek a szakmai besz\u00e9lget\u00e9seken, koncerteken \u00e9s az interakt\u00edv programokon. A rendezv\u00e9nyen t\u00f6bb mint 50 k\u00fclf\u00f6ldi szaktekint\u00e9ly r\u00e9szv\u00e9tel\u00e9vel 70 szakmai esem\u00e9nyt val\u00f3s\u00edtottak meg, m\u00edg az \u00fagynevezett Edu\" class=\"yoast-seo-meta-tag\" \/>\n<meta property=\"og:url\" content=\"https:\/\/dorogimedence.hu\/index.php\/2022\/08\/01\/az-mcc-feszt-a-legfrissebb-es-legerosebb-szakmai-kozeleti-es-konnyuzenei-fesztival\/\" class=\"yoast-seo-meta-tag\" \/>\n<meta property=\"og:site_name\" content=\"Dorogi-medence Region\u00e1lis H\u00edrport\u00e1l\" class=\"yoast-seo-meta-tag\" \/>\n<meta property=\"article:publisher\" content=\"https:\/\/www.facebook.com\/dorogimedence\/\" class=\"yoast-seo-meta-tag\" \/>\n<meta property=\"article:published_time\" content=\"2022-08-01T07:51:06+00:00\" class=\"yoast-seo-meta-tag\" \/>\n<meta property=\"article:modified_time\" content=\"2022-08-01T07:51:15+00:00\" class=\"yoast-seo-meta-tag\" \/>\n<meta property=\"og:image\" content=\"https:\/\/i0.wp.com\/dorogimedence.hu\/wp-content\/uploads\/2022\/08\/mcc-01.jpg?fit=2000%2C1094&ssl=1\" class=\"yoast-seo-meta-tag\" \/>\n\t<meta property=\"og:image:width\" content=\"2000\" class=\"yoast-seo-meta-tag\" \/>\n\t<meta property=\"og:image:height\" content=\"1094\" class=\"yoast-seo-meta-tag\" \/>\n\t<meta property=\"og:image:type\" content=\"image\/jpeg\" class=\"yoast-seo-meta-tag\" \/>\n<meta name=\"author\" content=\"dorogimedence.hu\" class=\"yoast-seo-meta-tag\" \/>\n<meta name=\"twitter:card\" content=\"summary_large_image\" class=\"yoast-seo-meta-tag\" \/>\n<meta name=\"twitter:label1\" content=\"Szerz\u0151:\" class=\"yoast-seo-meta-tag\" \/>\n\t<meta name=\"twitter:data1\" content=\"dorogimedence.hu\" class=\"yoast-seo-meta-tag\" \/>\n\t<meta name=\"twitter:label2\" content=\"Becs\u00fclt olvas\u00e1si id\u0151\" class=\"yoast-seo-meta-tag\" \/>\n\t<meta name=\"twitter:data2\" content=\"4 perc\" class=\"yoast-seo-meta-tag\" \/>\n<script type=\"application\/ld+json\" class=\"yoast-schema-graph\">{\"@context\":\"https:\\\/\\\/schema.org\",\"@graph\":[{\"@type\":\"Article\",\"@id\":\"https:\\\/\\\/dorogimedence.hu\\\/index.php\\\/2022\\\/08\\\/01\\\/az-mcc-feszt-a-legfrissebb-es-legerosebb-szakmai-kozeleti-es-konnyuzenei-fesztival\\\/#article\",\"isPartOf\":{\"@id\":\"https:\\\/\\\/dorogimedence.hu\\\/index.php\\\/2022\\\/08\\\/01\\\/az-mcc-feszt-a-legfrissebb-es-legerosebb-szakmai-kozeleti-es-konnyuzenei-fesztival\\\/\"},\"author\":{\"name\":\"dorogimedence.hu\",\"@id\":\"https:\\\/\\\/dorogimedence.hu\\\/#\\\/schema\\\/person\\\/ce6091eeb7e95ecdc87890d6aa8e0fd4\"},\"headline\":\"Az MCC Feszt a legfrissebb \u00e9s leger\u0151sebb szakmai-k\u00f6z\u00e9leti \u00e9s k\u00f6nny\u0171zenei fesztiv\u00e1l\",\"datePublished\":\"2022-08-01T07:51:06+00:00\",\"dateModified\":\"2022-08-01T07:51:15+00:00\",\"mainEntityOfPage\":{\"@id\":\"https:\\\/\\\/dorogimedence.hu\\\/index.php\\\/2022\\\/08\\\/01\\\/az-mcc-feszt-a-legfrissebb-es-legerosebb-szakmai-kozeleti-es-konnyuzenei-fesztival\\\/\"},\"wordCount\":762,\"publisher\":{\"@id\":\"https:\\\/\\\/dorogimedence.hu\\\/#organization\"},\"image\":{\"@id\":\"https:\\\/\\\/dorogimedence.hu\\\/index.php\\\/2022\\\/08\\\/01\\\/az-mcc-feszt-a-legfrissebb-es-legerosebb-szakmai-kozeleti-es-konnyuzenei-fesztival\\\/#primaryimage\"},\"thumbnailUrl\":\"https:\\\/\\\/dorogimedence.hu\\\/wp-content\\\/uploads\\\/2022\\\/08\\\/mcc-01.jpg\",\"keywords\":[\"esztergom\",\"featured\",\"koncert\",\"MCC Feszt\",\"program\"],\"articleSection\":[\"Esztergom\",\"H\u00edrek\"],\"inLanguage\":\"hu\"},{\"@type\":\"WebPage\",\"@id\":\"https:\\\/\\\/dorogimedence.hu\\\/index.php\\\/2022\\\/08\\\/01\\\/az-mcc-feszt-a-legfrissebb-es-legerosebb-szakmai-kozeleti-es-konnyuzenei-fesztival\\\/\",\"url\":\"https:\\\/\\\/dorogimedence.hu\\\/index.php\\\/2022\\\/08\\\/01\\\/az-mcc-feszt-a-legfrissebb-es-legerosebb-szakmai-kozeleti-es-konnyuzenei-fesztival\\\/\",\"name\":\"Az MCC Feszt a legfrissebb \u00e9s leger\u0151sebb szakmai-k\u00f6z\u00e9leti \u00e9s k\u00f6nny\u0171zenei fesztiv\u00e1l\",\"isPartOf\":{\"@id\":\"https:\\\/\\\/dorogimedence.hu\\\/#website\"},\"primaryImageOfPage\":{\"@id\":\"https:\\\/\\\/dorogimedence.hu\\\/index.php\\\/2022\\\/08\\\/01\\\/az-mcc-feszt-a-legfrissebb-es-legerosebb-szakmai-kozeleti-es-konnyuzenei-fesztival\\\/#primaryimage\"},\"image\":{\"@id\":\"https:\\\/\\\/dorogimedence.hu\\\/index.php\\\/2022\\\/08\\\/01\\\/az-mcc-feszt-a-legfrissebb-es-legerosebb-szakmai-kozeleti-es-konnyuzenei-fesztival\\\/#primaryimage\"},\"thumbnailUrl\":\"https:\\\/\\\/dorogimedence.hu\\\/wp-content\\\/uploads\\\/2022\\\/08\\\/mcc-01.jpg\",\"datePublished\":\"2022-08-01T07:51:06+00:00\",\"dateModified\":\"2022-08-01T07:51:15+00:00\",\"breadcrumb\":{\"@id\":\"https:\\\/\\\/dorogimedence.hu\\\/index.php\\\/2022\\\/08\\\/01\\\/az-mcc-feszt-a-legfrissebb-es-legerosebb-szakmai-kozeleti-es-konnyuzenei-fesztival\\\/#breadcrumb\"},\"inLanguage\":\"hu\",\"potentialAction\":[{\"@type\":\"ReadAction\",\"target\":[\"https:\\\/\\\/dorogimedence.hu\\\/index.php\\\/2022\\\/08\\\/01\\\/az-mcc-feszt-a-legfrissebb-es-legerosebb-szakmai-kozeleti-es-konnyuzenei-fesztival\\\/\"]}]},{\"@type\":\"ImageObject\",\"inLanguage\":\"hu\",\"@id\":\"https:\\\/\\\/dorogimedence.hu\\\/index.php\\\/2022\\\/08\\\/01\\\/az-mcc-feszt-a-legfrissebb-es-legerosebb-szakmai-kozeleti-es-konnyuzenei-fesztival\\\/#primaryimage\",\"url\":\"https:\\\/\\\/dorogimedence.hu\\\/wp-content\\\/uploads\\\/2022\\\/08\\\/mcc-01.jpg\",\"contentUrl\":\"https:\\\/\\\/dorogimedence.hu\\\/wp-content\\\/uploads\\\/2022\\\/08\\\/mcc-01.jpg\",\"width\":2000,\"height\":1094},{\"@type\":\"BreadcrumbList\",\"@id\":\"https:\\\/\\\/dorogimedence.hu\\\/index.php\\\/2022\\\/08\\\/01\\\/az-mcc-feszt-a-legfrissebb-es-legerosebb-szakmai-kozeleti-es-konnyuzenei-fesztival\\\/#breadcrumb\",\"itemListElement\":[{\"@type\":\"ListItem\",\"position\":1,\"name\":\"Kezd\u0151lap\",\"item\":\"https:\\\/\\\/dorogimedence.hu\\\/\"},{\"@type\":\"ListItem\",\"position\":2,\"name\":\"Az MCC Feszt a legfrissebb \u00e9s leger\u0151sebb szakmai-k\u00f6z\u00e9leti \u00e9s k\u00f6nny\u0171zenei fesztiv\u00e1l\"}]},{\"@type\":\"WebSite\",\"@id\":\"https:\\\/\\\/dorogimedence.hu\\\/#website\",\"url\":\"https:\\\/\\\/dorogimedence.hu\\\/\",\"name\":\"Dorogi-medence Region\u00e1lis H\u00edrport\u00e1l\",\"description\":\"Dorog, Keszt\u00f6lc, Le\u00e1nyv\u00e1r, Piliscs\u00e9v, Tokod, Tokodalt\u00e1r\u00f3, Csolnok, Esztergom-kertv\u00e1ros: h\u00edrek, programok\",\"publisher\":{\"@id\":\"https:\\\/\\\/dorogimedence.hu\\\/#organization\"},\"potentialAction\":[{\"@type\":\"SearchAction\",\"target\":{\"@type\":\"EntryPoint\",\"urlTemplate\":\"https:\\\/\\\/dorogimedence.hu\\\/?s={search_term_string}\"},\"query-input\":{\"@type\":\"PropertyValueSpecification\",\"valueRequired\":true,\"valueName\":\"search_term_string\"}}],\"inLanguage\":\"hu\"},{\"@type\":\"Organization\",\"@id\":\"https:\\\/\\\/dorogimedence.hu\\\/#organization\",\"name\":\"Dorogi-medence Region\u00e1lis H\u00edrport\u00e1l\",\"url\":\"https:\\\/\\\/dorogimedence.hu\\\/\",\"logo\":{\"@type\":\"ImageObject\",\"inLanguage\":\"hu\",\"@id\":\"https:\\\/\\\/dorogimedence.hu\\\/#\\\/schema\\\/logo\\\/image\\\/\",\"url\":\"https:\\\/\\\/dorogimedence.hu\\\/wp-content\\\/uploads\\\/2021\\\/04\\\/logo-feher-600.png\",\"contentUrl\":\"https:\\\/\\\/dorogimedence.hu\\\/wp-content\\\/uploads\\\/2021\\\/04\\\/logo-feher-600.png\",\"width\":600,\"height\":100,\"caption\":\"Dorogi-medence Region\u00e1lis H\u00edrport\u00e1l\"},\"image\":{\"@id\":\"https:\\\/\\\/dorogimedence.hu\\\/#\\\/schema\\\/logo\\\/image\\\/\"},\"sameAs\":[\"https:\\\/\\\/www.facebook.com\\\/dorogimedence\\\/\"]},{\"@type\":\"Person\",\"@id\":\"https:\\\/\\\/dorogimedence.hu\\\/#\\\/schema\\\/person\\\/ce6091eeb7e95ecdc87890d6aa8e0fd4\",\"name\":\"dorogimedence.hu\",\"image\":{\"@type\":\"ImageObject\",\"inLanguage\":\"hu\",\"@id\":\"\\\/\\\/www.gravatar.com\\\/avatar\\\/d8d45f8901aadff40a4af72c0b826f1d?s=96&#038;r=g&#038;d=mm\",\"url\":\"\\\/\\\/www.gravatar.com\\\/avatar\\\/d8d45f8901aadff40a4af72c0b826f1d?s=96&#038;r=g&#038;d=mm\",\"contentUrl\":\"\\\/\\\/www.gravatar.com\\\/avatar\\\/d8d45f8901aadff40a4af72c0b826f1d?s=96&#038;r=g&#038;d=mm\",\"caption\":\"dorogimedence.hu\"}}]}<\/script>\n<!-- \/ Yoast SEO plugin. -->","yoast_head_json":{"title":"Az MCC Feszt a legfrissebb \u00e9s leger\u0151sebb szakmai-k\u00f6z\u00e9leti \u00e9s k\u00f6nny\u0171zenei fesztiv\u00e1l","robots":{"index":"index","follow":"follow","max-snippet":"max-snippet:-1","max-image-preview":"max-image-preview:large","max-video-preview":"max-video-preview:-1"},"canonical":"https:\/\/dorogimedence.hu\/index.php\/2022\/08\/01\/az-mcc-feszt-a-legfrissebb-es-legerosebb-szakmai-kozeleti-es-konnyuzenei-fesztival\/","og_locale":"hu_HU","og_type":"article","og_title":"Az MCC Feszt a legfrissebb \u00e9s leger\u0151sebb szakmai-k\u00f6z\u00e9leti \u00e9s k\u00f6nny\u0171zenei fesztiv\u00e1l","og_description":"A szervez\u0151k v\u00e1rakoz\u00e1sait is fel\u00fclm\u00fal\u00f3 \u00e9rdekl\u0151d\u00e9s \u00f6vezte a Mathias Corvinus Collegium (MCC) m\u00e1sodik fesztiv\u00e1lj\u00e1t Esztergomban. A h\u00e1rom nap alatt mintegy 32 ezren l\u00e1togattak el az MCC Fesztre, hogy r\u00e9szt vegyenek a szakmai besz\u00e9lget\u00e9seken, koncerteken \u00e9s az interakt\u00edv programokon. A rendezv\u00e9nyen t\u00f6bb mint 50 k\u00fclf\u00f6ldi szaktekint\u00e9ly r\u00e9szv\u00e9tel\u00e9vel 70 szakmai esem\u00e9nyt val\u00f3s\u00edtottak meg, m\u00edg az \u00fagynevezett Edu","og_url":"https:\/\/dorogimedence.hu\/index.php\/2022\/08\/01\/az-mcc-feszt-a-legfrissebb-es-legerosebb-szakmai-kozeleti-es-konnyuzenei-fesztival\/","og_site_name":"Dorogi-medence Region\u00e1lis H\u00edrport\u00e1l","article_publisher":"https:\/\/www.facebook.com\/dorogimedence\/","article_published_time":"2022-08-01T07:51:06+00:00","article_modified_time":"2022-08-01T07:51:15+00:00","og_image":[{"width":2000,"height":1094,"url":"https:\/\/i0.wp.com\/dorogimedence.hu\/wp-content\/uploads\/2022\/08\/mcc-01.jpg?fit=2000%2C1094&ssl=1","type":"image\/jpeg"}],"author":"dorogimedence.hu","twitter_card":"summary_large_image","twitter_misc":{"Szerz\u0151:":"dorogimedence.hu","Becs\u00fclt olvas\u00e1si id\u0151":"4 perc"},"schema":{"@context":"https:\/\/schema.org","@graph":[{"@type":"Article","@id":"https:\/\/dorogimedence.hu\/index.php\/2022\/08\/01\/az-mcc-feszt-a-legfrissebb-es-legerosebb-szakmai-kozeleti-es-konnyuzenei-fesztival\/#article","isPartOf":{"@id":"https:\/\/dorogimedence.hu\/index.php\/2022\/08\/01\/az-mcc-feszt-a-legfrissebb-es-legerosebb-szakmai-kozeleti-es-konnyuzenei-fesztival\/"},"author":{"name":"dorogimedence.hu","@id":"https:\/\/dorogimedence.hu\/#\/schema\/person\/ce6091eeb7e95ecdc87890d6aa8e0fd4"},"headline":"Az MCC Feszt a legfrissebb \u00e9s leger\u0151sebb szakmai-k\u00f6z\u00e9leti \u00e9s k\u00f6nny\u0171zenei fesztiv\u00e1l","datePublished":"2022-08-01T07:51:06+00:00","dateModified":"2022-08-01T07:51:15+00:00","mainEntityOfPage":{"@id":"https:\/\/dorogimedence.hu\/index.php\/2022\/08\/01\/az-mcc-feszt-a-legfrissebb-es-legerosebb-szakmai-kozeleti-es-konnyuzenei-fesztival\/"},"wordCount":762,"publisher":{"@id":"https:\/\/dorogimedence.hu\/#organization"},"image":{"@id":"https:\/\/dorogimedence.hu\/index.php\/2022\/08\/01\/az-mcc-feszt-a-legfrissebb-es-legerosebb-szakmai-kozeleti-es-konnyuzenei-fesztival\/#primaryimage"},"thumbnailUrl":"https:\/\/dorogimedence.hu\/wp-content\/uploads\/2022\/08\/mcc-01.jpg","keywords":["esztergom","featured","koncert","MCC Feszt","program"],"articleSection":["Esztergom","H\u00edrek"],"inLanguage":"hu"},{"@type":"WebPage","@id":"https:\/\/dorogimedence.hu\/index.php\/2022\/08\/01\/az-mcc-feszt-a-legfrissebb-es-legerosebb-szakmai-kozeleti-es-konnyuzenei-fesztival\/","url":"https:\/\/dorogimedence.hu\/index.php\/2022\/08\/01\/az-mcc-feszt-a-legfrissebb-es-legerosebb-szakmai-kozeleti-es-konnyuzenei-fesztival\/","name":"Az MCC Feszt a legfrissebb \u00e9s leger\u0151sebb szakmai-k\u00f6z\u00e9leti \u00e9s k\u00f6nny\u0171zenei fesztiv\u00e1l","isPartOf":{"@id":"https:\/\/dorogimedence.hu\/#website"},"primaryImageOfPage":{"@id":"https:\/\/dorogimedence.hu\/index.php\/2022\/08\/01\/az-mcc-feszt-a-legfrissebb-es-legerosebb-szakmai-kozeleti-es-konnyuzenei-fesztival\/#primaryimage"},"image":{"@id":"https:\/\/dorogimedence.hu\/index.php\/2022\/08\/01\/az-mcc-feszt-a-legfrissebb-es-legerosebb-szakmai-kozeleti-es-konnyuzenei-fesztival\/#primaryimage"},"thumbnailUrl":"https:\/\/dorogimedence.hu\/wp-content\/uploads\/2022\/08\/mcc-01.jpg","datePublished":"2022-08-01T07:51:06+00:00","dateModified":"2022-08-01T07:51:15+00:00","breadcrumb":{"@id":"https:\/\/dorogimedence.hu\/index.php\/2022\/08\/01\/az-mcc-feszt-a-legfrissebb-es-legerosebb-szakmai-kozeleti-es-konnyuzenei-fesztival\/#breadcrumb"},"inLanguage":"hu","potentialAction":[{"@type":"ReadAction","target":["https:\/\/dorogimedence.hu\/index.php\/2022\/08\/01\/az-mcc-feszt-a-legfrissebb-es-legerosebb-szakmai-kozeleti-es-konnyuzenei-fesztival\/"]}]},{"@type":"ImageObject","inLanguage":"hu","@id":"https:\/\/dorogimedence.hu\/index.php\/2022\/08\/01\/az-mcc-feszt-a-legfrissebb-es-legerosebb-szakmai-kozeleti-es-konnyuzenei-fesztival\/#primaryimage","url":"https:\/\/dorogimedence.hu\/wp-content\/uploads\/2022\/08\/mcc-01.jpg","contentUrl":"https:\/\/dorogimedence.hu\/wp-content\/uploads\/2022\/08\/mcc-01.jpg","width":2000,"height":1094},{"@type":"BreadcrumbList","@id":"https:\/\/dorogimedence.hu\/index.php\/2022\/08\/01\/az-mcc-feszt-a-legfrissebb-es-legerosebb-szakmai-kozeleti-es-konnyuzenei-fesztival\/#breadcrumb","itemListElement":[{"@type":"ListItem","position":1,"name":"Kezd\u0151lap","item":"https:\/\/dorogimedence.hu\/"},{"@type":"ListItem","position":2,"name":"Az MCC Feszt a legfrissebb \u00e9s leger\u0151sebb szakmai-k\u00f6z\u00e9leti \u00e9s k\u00f6nny\u0171zenei fesztiv\u00e1l"}]},{"@type":"WebSite","@id":"https:\/\/dorogimedence.hu\/#website","url":"https:\/\/dorogimedence.hu\/","name":"Dorogi-medence Region\u00e1lis H\u00edrport\u00e1l","description":"Dorog, Keszt\u00f6lc, Le\u00e1nyv\u00e1r, Piliscs\u00e9v, Tokod, Tokodalt\u00e1r\u00f3, Csolnok, Esztergom-kertv\u00e1ros: h\u00edrek, programok","publisher":{"@id":"https:\/\/dorogimedence.hu\/#organization"},"potentialAction":[{"@type":"SearchAction","target":{"@type":"EntryPoint","urlTemplate":"https:\/\/dorogimedence.hu\/?s={search_term_string}"},"query-input":{"@type":"PropertyValueSpecification","valueRequired":true,"valueName":"search_term_string"}}],"inLanguage":"hu"},{"@type":"Organization","@id":"https:\/\/dorogimedence.hu\/#organization","name":"Dorogi-medence Region\u00e1lis H\u00edrport\u00e1l","url":"https:\/\/dorogimedence.hu\/","logo":{"@type":"ImageObject","inLanguage":"hu","@id":"https:\/\/dorogimedence.hu\/#\/schema\/logo\/image\/","url":"https:\/\/dorogimedence.hu\/wp-content\/uploads\/2021\/04\/logo-feher-600.png","contentUrl":"https:\/\/dorogimedence.hu\/wp-content\/uploads\/2021\/04\/logo-feher-600.png","width":600,"height":100,"caption":"Dorogi-medence Region\u00e1lis H\u00edrport\u00e1l"},"image":{"@id":"https:\/\/dorogimedence.hu\/#\/schema\/logo\/image\/"},"sameAs":["https:\/\/www.facebook.com\/dorogimedence\/"]},{"@type":"Person","@id":"https:\/\/dorogimedence.hu\/#\/schema\/person\/ce6091eeb7e95ecdc87890d6aa8e0fd4","name":"dorogimedence.hu","image":{"@type":"ImageObject","inLanguage":"hu","@id":"\/\/www.gravatar.com\/avatar\/d8d45f8901aadff40a4af72c0b826f1d?s=96&#038;r=g&#038;d=mm","url":"\/\/www.gravatar.com\/avatar\/d8d45f8901aadff40a4af72c0b826f1d?s=96&#038;r=g&#038;d=mm","contentUrl":"\/\/www.gravatar.com\/avatar\/d8d45f8901aadff40a4af72c0b826f1d?s=96&#038;r=g&#038;d=mm","caption":"dorogimedence.hu"}}]}},"_links":{"self":[{"href":"https:\/\/dorogimedence.hu\/index.php\/wp-json\/wp\/v2\/posts\/45247","targetHints":{"allow":["GET"]}}],"collection":[{"href":"https:\/\/dorogimedence.hu\/index.php\/wp-json\/wp\/v2\/posts"}],"about":[{"href":"https:\/\/dorogimedence.hu\/index.php\/wp-json\/wp\/v2\/types\/post"}],"author":[{"embeddable":true,"href":"https:\/\/dorogimedence.hu\/index.php\/wp-json\/wp\/v2\/users\/1"}],"replies":[{"embeddable":true,"href":"https:\/\/dorogimedence.hu\/index.php\/wp-json\/wp\/v2\/comments?post=45247"}],"version-history":[{"count":0,"href":"https:\/\/dorogimedence.hu\/index.php\/wp-json\/wp\/v2\/posts\/45247\/revisions"}],"wp:featuredmedia":[{"embeddable":true,"href":"https:\/\/dorogimedence.hu\/index.php\/wp-json\/wp\/v2\/media\/45249"}],"wp:attachment":[{"href":"https:\/\/dorogimedence.hu\/index.php\/wp-json\/wp\/v2\/media?parent=45247"}],"wp:term":[{"taxonomy":"category","embeddable":true,"href":"https:\/\/dorogimedence.hu\/index.php\/wp-json\/wp\/v2\/categories?post=45247"},{"taxonomy":"post_tag","embeddable":true,"href":"https:\/\/dorogimedence.hu\/index.php\/wp-json\/wp\/v2\/tags?post=45247"}],"curies":[{"name":"wp","href":"https:\/\/api.w.org\/{rel}","templated":true}]}}