{"id":45136,"date":"2022-07-27T10:54:40","date_gmt":"2022-07-27T08:54:40","guid":{"rendered":"https:\/\/dorogimedence.hu\/?p=45136"},"modified":"2022-07-27T10:54:55","modified_gmt":"2022-07-27T08:54:55","slug":"apszisos-epulet-alapfalait-tartak-fel-a-regeszek-tokodon","status":"publish","type":"post","link":"https:\/\/dorogimedence.hu\/index.php\/2022\/07\/27\/apszisos-epulet-alapfalait-tartak-fel-a-regeszek-tokodon\/","title":{"rendered":"Apszisos \u00e9p\u00fclet alapfalait t\u00e1rt\u00e1k fel a r\u00e9g\u00e9szek Tokodon"},"content":{"rendered":"<p><strong>A P\u00e1zm\u00e1ny P\u00e9ter Katolikus Egyetem R\u00e9g\u00e9szettudom\u00e1nyi Int\u00e9zet\u00e9nek R\u00f3mai \u00e9s K\u00e9s\u0151 Antik R\u00e9g\u00e9szeti Tansz\u00e9ke id\u00e9n Tokodon, a k\u00e9s\u0151 r\u00f3mai er\u0151d ter\u00fclet\u00e9n szervezte meg tansz\u00e9ki \u00e1sat\u00e1s\u00e1t<\/strong> <em>\u2013 \u00edrja az int\u00e9zet a k\u00f6z\u00f6ss\u00e9gi oldal\u00e1n.<\/em><\/p>\n<p>Az idei felt\u00e1r\u00e1s k\u00f6zvetlen el\u0151zm\u00e9nye a T\u00e9rinformatikai Laborat\u00f3riumunk 2016-os talajradaros felm\u00e9r\u00e9se, amely t\u00f6bbek k\u00f6z\u00f6tt egy eddig nem ismert, apszissal z\u00e1r\u00f3d\u00f3 nagyobb k\u0151\u00e9p\u00fcletet jelzett a felsz\u00edn k\u00f6zel\u00e9ben. Ennek az \u00e9p\u00fcletnek a felt\u00e1r\u00e1s\u00e1t kezdt\u00e9k meg j\u00fanius v\u00e9g\u00e9n a Balassa B\u00e1lint M\u00fazeum r\u00e9g\u00e9szei, munkat\u00e1rsai, a P\u00e1zm\u00e1nyos hallgat\u00f3k, valamint lelkes \u00f6nk\u00e9ntesek k\u00f6zrem\u0171k\u00f6d\u00e9s\u00e9vel.<\/p>\n<p><img fetchpriority=\"high\" decoding=\"async\" class=\"alignnone size-large wp-image-45138\" src=\"https:\/\/dorogimedence.hu\/wp-content\/uploads\/2022\/07\/292617593_536462984939680_8442898692565807251_n-1024x768.jpg\" alt=\"\" width=\"755\" height=\"566\" srcset=\"https:\/\/dorogimedence.hu\/wp-content\/uploads\/2022\/07\/292617593_536462984939680_8442898692565807251_n-1024x768.jpg 1024w, https:\/\/dorogimedence.hu\/wp-content\/uploads\/2022\/07\/292617593_536462984939680_8442898692565807251_n-300x225.jpg 300w, https:\/\/dorogimedence.hu\/wp-content\/uploads\/2022\/07\/292617593_536462984939680_8442898692565807251_n-768x576.jpg 768w, https:\/\/dorogimedence.hu\/wp-content\/uploads\/2022\/07\/292617593_536462984939680_8442898692565807251_n-1536x1152.jpg 1536w, https:\/\/dorogimedence.hu\/wp-content\/uploads\/2022\/07\/292617593_536462984939680_8442898692565807251_n-150x113.jpg 150w, https:\/\/dorogimedence.hu\/wp-content\/uploads\/2022\/07\/292617593_536462984939680_8442898692565807251_n-450x338.jpg 450w, https:\/\/dorogimedence.hu\/wp-content\/uploads\/2022\/07\/292617593_536462984939680_8442898692565807251_n-1200x900.jpg 1200w, https:\/\/dorogimedence.hu\/wp-content\/uploads\/2022\/07\/292617593_536462984939680_8442898692565807251_n.jpg 2048w\" sizes=\"(max-width: 755px) 100vw, 755px\" \/><\/p>\n<p>A mintegy 3 h\u00e9tig tart\u00f3 \u00e1sat\u00e1s sor\u00e1n v\u00e1rakoz\u00e1saikat fel\u00fclm\u00fal\u00f3an, viszonylag \u00e9pen t\u00e1rultak fel a keresett apszisos \u00e9p\u00fclet alapfalainak, j\u00e1r\u00f3szintjeinek r\u00e9szletei, kisebb fel\u00fcleteken m\u00e9g fresk\u00f3k is el\u0151ker\u00fcltek.<\/p>\n<p>Az \u00e9p\u00fclet funkci\u00f3j\u00e1r\u00f3l (\u00f3kereszt\u00e9ny templom, k\u00e9s\u0151 r\u00f3mai gy\u0171l\u00e9sterem) m\u00e9g korai lenne a v\u00e9gleges sz\u00f3t kimondani, de az bizonyos, hogy a tokodi er\u0151d id\u0151rendj\u00e9t, \u00e9p\u00edt\u00e9s\u00e9nek t\u00f6rt\u00e9net\u00e9t m\u00f3dos\u00edtani kell.<\/p>\n<p><img decoding=\"async\" class=\"alignnone size-large wp-image-45139\" src=\"https:\/\/dorogimedence.hu\/wp-content\/uploads\/2022\/07\/292530710_536462848273027_1379439277267583848_n-1024x768.jpg\" alt=\"\" width=\"755\" height=\"566\" srcset=\"https:\/\/dorogimedence.hu\/wp-content\/uploads\/2022\/07\/292530710_536462848273027_1379439277267583848_n-1024x768.jpg 1024w, https:\/\/dorogimedence.hu\/wp-content\/uploads\/2022\/07\/292530710_536462848273027_1379439277267583848_n-300x225.jpg 300w, https:\/\/dorogimedence.hu\/wp-content\/uploads\/2022\/07\/292530710_536462848273027_1379439277267583848_n-768x576.jpg 768w, https:\/\/dorogimedence.hu\/wp-content\/uploads\/2022\/07\/292530710_536462848273027_1379439277267583848_n-1536x1152.jpg 1536w, https:\/\/dorogimedence.hu\/wp-content\/uploads\/2022\/07\/292530710_536462848273027_1379439277267583848_n-150x113.jpg 150w, https:\/\/dorogimedence.hu\/wp-content\/uploads\/2022\/07\/292530710_536462848273027_1379439277267583848_n-450x338.jpg 450w, https:\/\/dorogimedence.hu\/wp-content\/uploads\/2022\/07\/292530710_536462848273027_1379439277267583848_n-1200x900.jpg 1200w, https:\/\/dorogimedence.hu\/wp-content\/uploads\/2022\/07\/292530710_536462848273027_1379439277267583848_n.jpg 2048w\" sizes=\"(max-width: 755px) 100vw, 755px\" \/><\/p>\n<p>\u201eEbben az izgalmas r\u00e9g\u00e9szeti nyomoz\u00e1sban tov\u00e1bbra is sz\u00e1m\u00edtunk hallgat\u00f3ink \u00e9s a koll\u00e9g\u00e1k seg\u00edts\u00e9g\u00e9re, egy\u00fattal rem\u00e9lj\u00fck, hogy a megkezdett felt\u00e1r\u00f3 munk\u00e1t a lehet\u0151 leghamarabb folytatni tudjuk. Az \u00faj szakmai eredm\u00e9nyek mellett legal\u00e1bb ilyen fontos volt, hogy magyar \u00e9s k\u00fclf\u00f6ldi hallgat\u00f3ink sokat gyakorolhatt\u00e1k a terepi munk\u00e1hoz n\u00e9lk\u00fcl\u00f6zhetetlen ismereteket, mint pl. a szintez\u00e9st, rajzol\u00e1st, dokument\u00e1l\u00e1st, fot\u00f3z\u00e1st \u00e9s a visszajelz\u00e9sek azt mutatj\u00e1k, hogy \u0151k is v\u00e1rj\u00e1k a folytat\u00e1st\u201d \u2013 \u00edrta Besz\u00e9des J\u00f3zsef, a PPKE B\u00f6lcs\u00e9szet- \u00e9s T\u00e1rsadalomtudom\u00e1nyi Kar, R\u00e9g\u00e9szettudom\u00e1nyi Int\u00e9zet adjunktusa a k\u00f6z\u00f6ss\u00e9gi oldalukon.<\/p>\n<p><img decoding=\"async\" class=\"alignnone size-full wp-image-45140\" src=\"https:\/\/dorogimedence.hu\/wp-content\/uploads\/2022\/07\/292589064_536462708273041_4614123518654243133_n.jpg\" alt=\"\" width=\"960\" height=\"608\" srcset=\"https:\/\/dorogimedence.hu\/wp-content\/uploads\/2022\/07\/292589064_536462708273041_4614123518654243133_n.jpg 960w, https:\/\/dorogimedence.hu\/wp-content\/uploads\/2022\/07\/292589064_536462708273041_4614123518654243133_n-300x190.jpg 300w, https:\/\/dorogimedence.hu\/wp-content\/uploads\/2022\/07\/292589064_536462708273041_4614123518654243133_n-768x486.jpg 768w, https:\/\/dorogimedence.hu\/wp-content\/uploads\/2022\/07\/292589064_536462708273041_4614123518654243133_n-150x95.jpg 150w, https:\/\/dorogimedence.hu\/wp-content\/uploads\/2022\/07\/292589064_536462708273041_4614123518654243133_n-450x285.jpg 450w\" sizes=\"(max-width: 960px) 100vw, 960px\" \/><\/p>\n<p><em>Fot\u00f3k, forr\u00e1s: PPKE BTK R\u00e9g\u00e9szettudom\u00e1nyi Int\u00e9zet Facebook oldal<\/em><\/p>\n","protected":false},"excerpt":{"rendered":"<p>A P\u00e1zm\u00e1ny P\u00e9ter Katolikus Egyetem R\u00e9g\u00e9szettudom\u00e1nyi Int\u00e9zet\u00e9nek R\u00f3mai \u00e9s K\u00e9s\u0151 Antik R\u00e9g\u00e9szeti Tansz\u00e9ke id\u00e9n Tokodon, a k\u00e9s\u0151 r\u00f3mai er\u0151d ter\u00fclet\u00e9n szervezte meg tansz\u00e9ki \u00e1sat\u00e1s\u00e1t \u2013 \u00edrja az int\u00e9zet a k\u00f6z\u00f6ss\u00e9gi oldal\u00e1n. Az idei felt\u00e1r\u00e1s k\u00f6zvetlen el\u0151zm\u00e9nye a T\u00e9rinformatikai Laborat\u00f3riumunk 2016-os talajradaros felm\u00e9r\u00e9se, amely t\u00f6bbek k\u00f6z\u00f6tt egy eddig nem ismert, apszissal z\u00e1r\u00f3d\u00f3 nagyobb k\u0151\u00e9p\u00fcletet jelzett a<\/p>\n","protected":false},"author":1,"featured_media":45137,"comment_status":"closed","ping_status":"closed","sticky":false,"template":"","format":"standard","meta":{"ngg_post_thumbnail":0,"footnotes":""},"categories":[3,6],"tags":[6595,5624,1174,12],"class_list":{"0":"post-45136","1":"post","2":"type-post","3":"status-publish","4":"format-standard","5":"has-post-thumbnail","7":"category-hirek","8":"category-tokod","9":"tag-asatas","10":"tag-featured","11":"tag-regeszet","12":"tag-tokod"},"yoast_head":"<!-- This site is optimized with the Yoast SEO plugin v27.4 - https:\/\/yoast.com\/product\/yoast-seo-wordpress\/ -->\n<title>Apszisos \u00e9p\u00fclet alapfalait t\u00e1rt\u00e1k fel a r\u00e9g\u00e9szek Tokodon<\/title>\n<meta name=\"robots\" content=\"index, follow, max-snippet:-1, max-image-preview:large, max-video-preview:-1\" \/>\n<link rel=\"canonical\" href=\"https:\/\/dorogimedence.hu\/index.php\/2022\/07\/27\/apszisos-epulet-alapfalait-tartak-fel-a-regeszek-tokodon\/\" class=\"yoast-seo-meta-tag\" \/>\n<meta property=\"og:locale\" content=\"hu_HU\" class=\"yoast-seo-meta-tag\" \/>\n<meta property=\"og:type\" content=\"article\" class=\"yoast-seo-meta-tag\" \/>\n<meta property=\"og:title\" content=\"Apszisos \u00e9p\u00fclet alapfalait t\u00e1rt\u00e1k fel a r\u00e9g\u00e9szek Tokodon\" class=\"yoast-seo-meta-tag\" \/>\n<meta property=\"og:description\" content=\"A P\u00e1zm\u00e1ny P\u00e9ter Katolikus Egyetem R\u00e9g\u00e9szettudom\u00e1nyi Int\u00e9zet\u00e9nek R\u00f3mai \u00e9s K\u00e9s\u0151 Antik R\u00e9g\u00e9szeti Tansz\u00e9ke id\u00e9n Tokodon, a k\u00e9s\u0151 r\u00f3mai er\u0151d ter\u00fclet\u00e9n szervezte meg tansz\u00e9ki \u00e1sat\u00e1s\u00e1t \u2013 \u00edrja az int\u00e9zet a k\u00f6z\u00f6ss\u00e9gi oldal\u00e1n. Az idei felt\u00e1r\u00e1s k\u00f6zvetlen el\u0151zm\u00e9nye a T\u00e9rinformatikai Laborat\u00f3riumunk 2016-os talajradaros felm\u00e9r\u00e9se, amely t\u00f6bbek k\u00f6z\u00f6tt egy eddig nem ismert, apszissal z\u00e1r\u00f3d\u00f3 nagyobb k\u0151\u00e9p\u00fcletet jelzett a\" class=\"yoast-seo-meta-tag\" \/>\n<meta property=\"og:url\" content=\"https:\/\/dorogimedence.hu\/index.php\/2022\/07\/27\/apszisos-epulet-alapfalait-tartak-fel-a-regeszek-tokodon\/\" class=\"yoast-seo-meta-tag\" \/>\n<meta property=\"og:site_name\" content=\"Dorogi-medence Region\u00e1lis H\u00edrport\u00e1l\" class=\"yoast-seo-meta-tag\" \/>\n<meta property=\"article:publisher\" content=\"https:\/\/www.facebook.com\/dorogimedence\/\" class=\"yoast-seo-meta-tag\" \/>\n<meta property=\"article:published_time\" content=\"2022-07-27T08:54:40+00:00\" class=\"yoast-seo-meta-tag\" \/>\n<meta property=\"article:modified_time\" content=\"2022-07-27T08:54:55+00:00\" class=\"yoast-seo-meta-tag\" \/>\n<meta property=\"og:image\" content=\"https:\/\/i0.wp.com\/dorogimedence.hu\/wp-content\/uploads\/2022\/07\/asatas-01.jpg?fit=1280%2C784&ssl=1\" class=\"yoast-seo-meta-tag\" \/>\n\t<meta property=\"og:image:width\" content=\"1280\" class=\"yoast-seo-meta-tag\" \/>\n\t<meta property=\"og:image:height\" content=\"784\" class=\"yoast-seo-meta-tag\" \/>\n\t<meta property=\"og:image:type\" content=\"image\/jpeg\" class=\"yoast-seo-meta-tag\" \/>\n<meta name=\"author\" content=\"dorogimedence.hu\" class=\"yoast-seo-meta-tag\" \/>\n<meta name=\"twitter:card\" content=\"summary_large_image\" class=\"yoast-seo-meta-tag\" \/>\n<meta name=\"twitter:label1\" content=\"Szerz\u0151:\" class=\"yoast-seo-meta-tag\" \/>\n\t<meta name=\"twitter:data1\" content=\"dorogimedence.hu\" class=\"yoast-seo-meta-tag\" \/>\n\t<meta name=\"twitter:label2\" content=\"Becs\u00fclt olvas\u00e1si id\u0151\" class=\"yoast-seo-meta-tag\" \/>\n\t<meta name=\"twitter:data2\" content=\"2 perc\" class=\"yoast-seo-meta-tag\" \/>\n<script type=\"application\/ld+json\" class=\"yoast-schema-graph\">{\"@context\":\"https:\\\/\\\/schema.org\",\"@graph\":[{\"@type\":\"Article\",\"@id\":\"https:\\\/\\\/dorogimedence.hu\\\/index.php\\\/2022\\\/07\\\/27\\\/apszisos-epulet-alapfalait-tartak-fel-a-regeszek-tokodon\\\/#article\",\"isPartOf\":{\"@id\":\"https:\\\/\\\/dorogimedence.hu\\\/index.php\\\/2022\\\/07\\\/27\\\/apszisos-epulet-alapfalait-tartak-fel-a-regeszek-tokodon\\\/\"},\"author\":{\"name\":\"dorogimedence.hu\",\"@id\":\"https:\\\/\\\/dorogimedence.hu\\\/#\\\/schema\\\/person\\\/ce6091eeb7e95ecdc87890d6aa8e0fd4\"},\"headline\":\"Apszisos \u00e9p\u00fclet alapfalait t\u00e1rt\u00e1k fel a r\u00e9g\u00e9szek Tokodon\",\"datePublished\":\"2022-07-27T08:54:40+00:00\",\"dateModified\":\"2022-07-27T08:54:55+00:00\",\"mainEntityOfPage\":{\"@id\":\"https:\\\/\\\/dorogimedence.hu\\\/index.php\\\/2022\\\/07\\\/27\\\/apszisos-epulet-alapfalait-tartak-fel-a-regeszek-tokodon\\\/\"},\"wordCount\":396,\"publisher\":{\"@id\":\"https:\\\/\\\/dorogimedence.hu\\\/#organization\"},\"image\":{\"@id\":\"https:\\\/\\\/dorogimedence.hu\\\/index.php\\\/2022\\\/07\\\/27\\\/apszisos-epulet-alapfalait-tartak-fel-a-regeszek-tokodon\\\/#primaryimage\"},\"thumbnailUrl\":\"https:\\\/\\\/dorogimedence.hu\\\/wp-content\\\/uploads\\\/2022\\\/07\\\/asatas-01.jpg\",\"keywords\":[\"\u00e1sat\u00e1s\",\"featured\",\"r\u00e9g\u00e9szet\",\"Tokod\"],\"articleSection\":[\"H\u00edrek\",\"Tokod\"],\"inLanguage\":\"hu\"},{\"@type\":\"WebPage\",\"@id\":\"https:\\\/\\\/dorogimedence.hu\\\/index.php\\\/2022\\\/07\\\/27\\\/apszisos-epulet-alapfalait-tartak-fel-a-regeszek-tokodon\\\/\",\"url\":\"https:\\\/\\\/dorogimedence.hu\\\/index.php\\\/2022\\\/07\\\/27\\\/apszisos-epulet-alapfalait-tartak-fel-a-regeszek-tokodon\\\/\",\"name\":\"Apszisos \u00e9p\u00fclet alapfalait t\u00e1rt\u00e1k fel a r\u00e9g\u00e9szek Tokodon\",\"isPartOf\":{\"@id\":\"https:\\\/\\\/dorogimedence.hu\\\/#website\"},\"primaryImageOfPage\":{\"@id\":\"https:\\\/\\\/dorogimedence.hu\\\/index.php\\\/2022\\\/07\\\/27\\\/apszisos-epulet-alapfalait-tartak-fel-a-regeszek-tokodon\\\/#primaryimage\"},\"image\":{\"@id\":\"https:\\\/\\\/dorogimedence.hu\\\/index.php\\\/2022\\\/07\\\/27\\\/apszisos-epulet-alapfalait-tartak-fel-a-regeszek-tokodon\\\/#primaryimage\"},\"thumbnailUrl\":\"https:\\\/\\\/dorogimedence.hu\\\/wp-content\\\/uploads\\\/2022\\\/07\\\/asatas-01.jpg\",\"datePublished\":\"2022-07-27T08:54:40+00:00\",\"dateModified\":\"2022-07-27T08:54:55+00:00\",\"breadcrumb\":{\"@id\":\"https:\\\/\\\/dorogimedence.hu\\\/index.php\\\/2022\\\/07\\\/27\\\/apszisos-epulet-alapfalait-tartak-fel-a-regeszek-tokodon\\\/#breadcrumb\"},\"inLanguage\":\"hu\",\"potentialAction\":[{\"@type\":\"ReadAction\",\"target\":[\"https:\\\/\\\/dorogimedence.hu\\\/index.php\\\/2022\\\/07\\\/27\\\/apszisos-epulet-alapfalait-tartak-fel-a-regeszek-tokodon\\\/\"]}]},{\"@type\":\"ImageObject\",\"inLanguage\":\"hu\",\"@id\":\"https:\\\/\\\/dorogimedence.hu\\\/index.php\\\/2022\\\/07\\\/27\\\/apszisos-epulet-alapfalait-tartak-fel-a-regeszek-tokodon\\\/#primaryimage\",\"url\":\"https:\\\/\\\/dorogimedence.hu\\\/wp-content\\\/uploads\\\/2022\\\/07\\\/asatas-01.jpg\",\"contentUrl\":\"https:\\\/\\\/dorogimedence.hu\\\/wp-content\\\/uploads\\\/2022\\\/07\\\/asatas-01.jpg\",\"width\":1280,\"height\":784},{\"@type\":\"BreadcrumbList\",\"@id\":\"https:\\\/\\\/dorogimedence.hu\\\/index.php\\\/2022\\\/07\\\/27\\\/apszisos-epulet-alapfalait-tartak-fel-a-regeszek-tokodon\\\/#breadcrumb\",\"itemListElement\":[{\"@type\":\"ListItem\",\"position\":1,\"name\":\"Kezd\u0151lap\",\"item\":\"https:\\\/\\\/dorogimedence.hu\\\/\"},{\"@type\":\"ListItem\",\"position\":2,\"name\":\"Apszisos \u00e9p\u00fclet alapfalait t\u00e1rt\u00e1k fel a r\u00e9g\u00e9szek Tokodon\"}]},{\"@type\":\"WebSite\",\"@id\":\"https:\\\/\\\/dorogimedence.hu\\\/#website\",\"url\":\"https:\\\/\\\/dorogimedence.hu\\\/\",\"name\":\"Dorogi-medence Region\u00e1lis H\u00edrport\u00e1l\",\"description\":\"Dorog, Keszt\u00f6lc, Le\u00e1nyv\u00e1r, Piliscs\u00e9v, Tokod, Tokodalt\u00e1r\u00f3, Csolnok, Esztergom-kertv\u00e1ros: h\u00edrek, programok\",\"publisher\":{\"@id\":\"https:\\\/\\\/dorogimedence.hu\\\/#organization\"},\"potentialAction\":[{\"@type\":\"SearchAction\",\"target\":{\"@type\":\"EntryPoint\",\"urlTemplate\":\"https:\\\/\\\/dorogimedence.hu\\\/?s={search_term_string}\"},\"query-input\":{\"@type\":\"PropertyValueSpecification\",\"valueRequired\":true,\"valueName\":\"search_term_string\"}}],\"inLanguage\":\"hu\"},{\"@type\":\"Organization\",\"@id\":\"https:\\\/\\\/dorogimedence.hu\\\/#organization\",\"name\":\"Dorogi-medence Region\u00e1lis H\u00edrport\u00e1l\",\"url\":\"https:\\\/\\\/dorogimedence.hu\\\/\",\"logo\":{\"@type\":\"ImageObject\",\"inLanguage\":\"hu\",\"@id\":\"https:\\\/\\\/dorogimedence.hu\\\/#\\\/schema\\\/logo\\\/image\\\/\",\"url\":\"https:\\\/\\\/dorogimedence.hu\\\/wp-content\\\/uploads\\\/2021\\\/04\\\/logo-feher-600.png\",\"contentUrl\":\"https:\\\/\\\/dorogimedence.hu\\\/wp-content\\\/uploads\\\/2021\\\/04\\\/logo-feher-600.png\",\"width\":600,\"height\":100,\"caption\":\"Dorogi-medence Region\u00e1lis H\u00edrport\u00e1l\"},\"image\":{\"@id\":\"https:\\\/\\\/dorogimedence.hu\\\/#\\\/schema\\\/logo\\\/image\\\/\"},\"sameAs\":[\"https:\\\/\\\/www.facebook.com\\\/dorogimedence\\\/\"]},{\"@type\":\"Person\",\"@id\":\"https:\\\/\\\/dorogimedence.hu\\\/#\\\/schema\\\/person\\\/ce6091eeb7e95ecdc87890d6aa8e0fd4\",\"name\":\"dorogimedence.hu\",\"image\":{\"@type\":\"ImageObject\",\"inLanguage\":\"hu\",\"@id\":\"\\\/\\\/www.gravatar.com\\\/avatar\\\/d8d45f8901aadff40a4af72c0b826f1d?s=96&#038;r=g&#038;d=mm\",\"url\":\"\\\/\\\/www.gravatar.com\\\/avatar\\\/d8d45f8901aadff40a4af72c0b826f1d?s=96&#038;r=g&#038;d=mm\",\"contentUrl\":\"\\\/\\\/www.gravatar.com\\\/avatar\\\/d8d45f8901aadff40a4af72c0b826f1d?s=96&#038;r=g&#038;d=mm\",\"caption\":\"dorogimedence.hu\"}}]}<\/script>\n<!-- \/ Yoast SEO plugin. -->","yoast_head_json":{"title":"Apszisos \u00e9p\u00fclet alapfalait t\u00e1rt\u00e1k fel a r\u00e9g\u00e9szek Tokodon","robots":{"index":"index","follow":"follow","max-snippet":"max-snippet:-1","max-image-preview":"max-image-preview:large","max-video-preview":"max-video-preview:-1"},"canonical":"https:\/\/dorogimedence.hu\/index.php\/2022\/07\/27\/apszisos-epulet-alapfalait-tartak-fel-a-regeszek-tokodon\/","og_locale":"hu_HU","og_type":"article","og_title":"Apszisos \u00e9p\u00fclet alapfalait t\u00e1rt\u00e1k fel a r\u00e9g\u00e9szek Tokodon","og_description":"A P\u00e1zm\u00e1ny P\u00e9ter Katolikus Egyetem R\u00e9g\u00e9szettudom\u00e1nyi Int\u00e9zet\u00e9nek R\u00f3mai \u00e9s K\u00e9s\u0151 Antik R\u00e9g\u00e9szeti Tansz\u00e9ke id\u00e9n Tokodon, a k\u00e9s\u0151 r\u00f3mai er\u0151d ter\u00fclet\u00e9n szervezte meg tansz\u00e9ki \u00e1sat\u00e1s\u00e1t \u2013 \u00edrja az int\u00e9zet a k\u00f6z\u00f6ss\u00e9gi oldal\u00e1n. Az idei felt\u00e1r\u00e1s k\u00f6zvetlen el\u0151zm\u00e9nye a T\u00e9rinformatikai Laborat\u00f3riumunk 2016-os talajradaros felm\u00e9r\u00e9se, amely t\u00f6bbek k\u00f6z\u00f6tt egy eddig nem ismert, apszissal z\u00e1r\u00f3d\u00f3 nagyobb k\u0151\u00e9p\u00fcletet jelzett a","og_url":"https:\/\/dorogimedence.hu\/index.php\/2022\/07\/27\/apszisos-epulet-alapfalait-tartak-fel-a-regeszek-tokodon\/","og_site_name":"Dorogi-medence Region\u00e1lis H\u00edrport\u00e1l","article_publisher":"https:\/\/www.facebook.com\/dorogimedence\/","article_published_time":"2022-07-27T08:54:40+00:00","article_modified_time":"2022-07-27T08:54:55+00:00","og_image":[{"width":1280,"height":784,"url":"https:\/\/i0.wp.com\/dorogimedence.hu\/wp-content\/uploads\/2022\/07\/asatas-01.jpg?fit=1280%2C784&ssl=1","type":"image\/jpeg"}],"author":"dorogimedence.hu","twitter_card":"summary_large_image","twitter_misc":{"Szerz\u0151:":"dorogimedence.hu","Becs\u00fclt olvas\u00e1si id\u0151":"2 perc"},"schema":{"@context":"https:\/\/schema.org","@graph":[{"@type":"Article","@id":"https:\/\/dorogimedence.hu\/index.php\/2022\/07\/27\/apszisos-epulet-alapfalait-tartak-fel-a-regeszek-tokodon\/#article","isPartOf":{"@id":"https:\/\/dorogimedence.hu\/index.php\/2022\/07\/27\/apszisos-epulet-alapfalait-tartak-fel-a-regeszek-tokodon\/"},"author":{"name":"dorogimedence.hu","@id":"https:\/\/dorogimedence.hu\/#\/schema\/person\/ce6091eeb7e95ecdc87890d6aa8e0fd4"},"headline":"Apszisos \u00e9p\u00fclet alapfalait t\u00e1rt\u00e1k fel a r\u00e9g\u00e9szek Tokodon","datePublished":"2022-07-27T08:54:40+00:00","dateModified":"2022-07-27T08:54:55+00:00","mainEntityOfPage":{"@id":"https:\/\/dorogimedence.hu\/index.php\/2022\/07\/27\/apszisos-epulet-alapfalait-tartak-fel-a-regeszek-tokodon\/"},"wordCount":396,"publisher":{"@id":"https:\/\/dorogimedence.hu\/#organization"},"image":{"@id":"https:\/\/dorogimedence.hu\/index.php\/2022\/07\/27\/apszisos-epulet-alapfalait-tartak-fel-a-regeszek-tokodon\/#primaryimage"},"thumbnailUrl":"https:\/\/dorogimedence.hu\/wp-content\/uploads\/2022\/07\/asatas-01.jpg","keywords":["\u00e1sat\u00e1s","featured","r\u00e9g\u00e9szet","Tokod"],"articleSection":["H\u00edrek","Tokod"],"inLanguage":"hu"},{"@type":"WebPage","@id":"https:\/\/dorogimedence.hu\/index.php\/2022\/07\/27\/apszisos-epulet-alapfalait-tartak-fel-a-regeszek-tokodon\/","url":"https:\/\/dorogimedence.hu\/index.php\/2022\/07\/27\/apszisos-epulet-alapfalait-tartak-fel-a-regeszek-tokodon\/","name":"Apszisos \u00e9p\u00fclet alapfalait t\u00e1rt\u00e1k fel a r\u00e9g\u00e9szek Tokodon","isPartOf":{"@id":"https:\/\/dorogimedence.hu\/#website"},"primaryImageOfPage":{"@id":"https:\/\/dorogimedence.hu\/index.php\/2022\/07\/27\/apszisos-epulet-alapfalait-tartak-fel-a-regeszek-tokodon\/#primaryimage"},"image":{"@id":"https:\/\/dorogimedence.hu\/index.php\/2022\/07\/27\/apszisos-epulet-alapfalait-tartak-fel-a-regeszek-tokodon\/#primaryimage"},"thumbnailUrl":"https:\/\/dorogimedence.hu\/wp-content\/uploads\/2022\/07\/asatas-01.jpg","datePublished":"2022-07-27T08:54:40+00:00","dateModified":"2022-07-27T08:54:55+00:00","breadcrumb":{"@id":"https:\/\/dorogimedence.hu\/index.php\/2022\/07\/27\/apszisos-epulet-alapfalait-tartak-fel-a-regeszek-tokodon\/#breadcrumb"},"inLanguage":"hu","potentialAction":[{"@type":"ReadAction","target":["https:\/\/dorogimedence.hu\/index.php\/2022\/07\/27\/apszisos-epulet-alapfalait-tartak-fel-a-regeszek-tokodon\/"]}]},{"@type":"ImageObject","inLanguage":"hu","@id":"https:\/\/dorogimedence.hu\/index.php\/2022\/07\/27\/apszisos-epulet-alapfalait-tartak-fel-a-regeszek-tokodon\/#primaryimage","url":"https:\/\/dorogimedence.hu\/wp-content\/uploads\/2022\/07\/asatas-01.jpg","contentUrl":"https:\/\/dorogimedence.hu\/wp-content\/uploads\/2022\/07\/asatas-01.jpg","width":1280,"height":784},{"@type":"BreadcrumbList","@id":"https:\/\/dorogimedence.hu\/index.php\/2022\/07\/27\/apszisos-epulet-alapfalait-tartak-fel-a-regeszek-tokodon\/#breadcrumb","itemListElement":[{"@type":"ListItem","position":1,"name":"Kezd\u0151lap","item":"https:\/\/dorogimedence.hu\/"},{"@type":"ListItem","position":2,"name":"Apszisos \u00e9p\u00fclet alapfalait t\u00e1rt\u00e1k fel a r\u00e9g\u00e9szek Tokodon"}]},{"@type":"WebSite","@id":"https:\/\/dorogimedence.hu\/#website","url":"https:\/\/dorogimedence.hu\/","name":"Dorogi-medence Region\u00e1lis H\u00edrport\u00e1l","description":"Dorog, Keszt\u00f6lc, Le\u00e1nyv\u00e1r, Piliscs\u00e9v, Tokod, Tokodalt\u00e1r\u00f3, Csolnok, Esztergom-kertv\u00e1ros: h\u00edrek, programok","publisher":{"@id":"https:\/\/dorogimedence.hu\/#organization"},"potentialAction":[{"@type":"SearchAction","target":{"@type":"EntryPoint","urlTemplate":"https:\/\/dorogimedence.hu\/?s={search_term_string}"},"query-input":{"@type":"PropertyValueSpecification","valueRequired":true,"valueName":"search_term_string"}}],"inLanguage":"hu"},{"@type":"Organization","@id":"https:\/\/dorogimedence.hu\/#organization","name":"Dorogi-medence Region\u00e1lis H\u00edrport\u00e1l","url":"https:\/\/dorogimedence.hu\/","logo":{"@type":"ImageObject","inLanguage":"hu","@id":"https:\/\/dorogimedence.hu\/#\/schema\/logo\/image\/","url":"https:\/\/dorogimedence.hu\/wp-content\/uploads\/2021\/04\/logo-feher-600.png","contentUrl":"https:\/\/dorogimedence.hu\/wp-content\/uploads\/2021\/04\/logo-feher-600.png","width":600,"height":100,"caption":"Dorogi-medence Region\u00e1lis H\u00edrport\u00e1l"},"image":{"@id":"https:\/\/dorogimedence.hu\/#\/schema\/logo\/image\/"},"sameAs":["https:\/\/www.facebook.com\/dorogimedence\/"]},{"@type":"Person","@id":"https:\/\/dorogimedence.hu\/#\/schema\/person\/ce6091eeb7e95ecdc87890d6aa8e0fd4","name":"dorogimedence.hu","image":{"@type":"ImageObject","inLanguage":"hu","@id":"\/\/www.gravatar.com\/avatar\/d8d45f8901aadff40a4af72c0b826f1d?s=96&#038;r=g&#038;d=mm","url":"\/\/www.gravatar.com\/avatar\/d8d45f8901aadff40a4af72c0b826f1d?s=96&#038;r=g&#038;d=mm","contentUrl":"\/\/www.gravatar.com\/avatar\/d8d45f8901aadff40a4af72c0b826f1d?s=96&#038;r=g&#038;d=mm","caption":"dorogimedence.hu"}}]}},"_links":{"self":[{"href":"https:\/\/dorogimedence.hu\/index.php\/wp-json\/wp\/v2\/posts\/45136","targetHints":{"allow":["GET"]}}],"collection":[{"href":"https:\/\/dorogimedence.hu\/index.php\/wp-json\/wp\/v2\/posts"}],"about":[{"href":"https:\/\/dorogimedence.hu\/index.php\/wp-json\/wp\/v2\/types\/post"}],"author":[{"embeddable":true,"href":"https:\/\/dorogimedence.hu\/index.php\/wp-json\/wp\/v2\/users\/1"}],"replies":[{"embeddable":true,"href":"https:\/\/dorogimedence.hu\/index.php\/wp-json\/wp\/v2\/comments?post=45136"}],"version-history":[{"count":0,"href":"https:\/\/dorogimedence.hu\/index.php\/wp-json\/wp\/v2\/posts\/45136\/revisions"}],"wp:featuredmedia":[{"embeddable":true,"href":"https:\/\/dorogimedence.hu\/index.php\/wp-json\/wp\/v2\/media\/45137"}],"wp:attachment":[{"href":"https:\/\/dorogimedence.hu\/index.php\/wp-json\/wp\/v2\/media?parent=45136"}],"wp:term":[{"taxonomy":"category","embeddable":true,"href":"https:\/\/dorogimedence.hu\/index.php\/wp-json\/wp\/v2\/categories?post=45136"},{"taxonomy":"post_tag","embeddable":true,"href":"https:\/\/dorogimedence.hu\/index.php\/wp-json\/wp\/v2\/tags?post=45136"}],"curies":[{"name":"wp","href":"https:\/\/api.w.org\/{rel}","templated":true}]}}