{"id":4500,"date":"2017-07-18T16:07:29","date_gmt":"2017-07-18T14:07:29","guid":{"rendered":"http:\/\/dorogimedence.hu\/?p=4500"},"modified":"2017-07-18T16:07:29","modified_gmt":"2017-07-18T14:07:29","slug":"ismet-lesz-kutyas-verseny-piliscseven","status":"publish","type":"post","link":"https:\/\/dorogimedence.hu\/index.php\/2017\/07\/18\/ismet-lesz-kutyas-verseny-piliscseven\/","title":{"rendered":"Ism\u00e9t lesz kuty\u00e1s verseny Piliscs\u00e9ven"},"content":{"rendered":"<p><strong>Szeptember 2-\u00e1n rendezik meg Piliscs\u00e9ven az els\u0151 Hard Dog Race Wild-ot, amely 12 kilom\u00e9teres, \u00e9s 22 akad\u00e1lyt kell lek\u00fczdeni\u00fck a versenyz\u0151knek. Augusztus 14-ig jelent\u0151s kedvezm\u00e9nnyel lehet jelentkezni.<br \/>\n<\/strong><\/p>\n<p>\u201eChurchillel sz\u00f3lva, nem \u00edg\u00e9rhet\u00fcnk m\u00e1st, mint er\u0151fesz\u00edt\u00e9st, ver\u00edt\u00e9ket \u00e9s k\u00f6nnyeket.\u201d \u2013 figyelmezteti j\u00f3 el\u0151re a nevez\u0151ket P\u00faza Andr\u00e1s, a verseny \u00f6tletgazd\u00e1ja. Mivel a t\u00e1v k\u00e9tszer olyan hossz\u00fa \u00e9s az akad\u00e1lyok is nehezebbek, mint a HDR Base volt, ez\u00e9rt nagyon fontos, hogy a versenyz\u0151k j\u00f3l m\u00e9rj\u00e9k fel a saj\u00e1t \u00e9s kuty\u00e1juk teljes\u00edt\u0151k\u00e9pess\u00e9g\u00e9t, \u00e9s tervszer\u0171 felk\u00e9sz\u00fcl\u00e9s ut\u00e1n \u00e1lljanak a rajthoz.<\/p>\n<p>A nagy sikerrel megtartott j\u00faniusi Base ut\u00e1n \u2013 melyre majdnem 800 versenyz\u0151 nevezett \u2013 egy szinttel nagyobb kih\u00edv\u00e1st k\u00edn\u00e1l az indul\u00f3knak a HDR Wild. Ugyanakkor speci\u00e1lis k\u00e9pzetts\u00e9get ez a verseny sem ig\u00e9nyel a kuty\u00e1t\u00f3l vagy az embert\u0151l. A HDR Wild abban megegyezik a t\u00f6bbi HDR form\u00e1tummal, hogy ez is id\u0151m\u00e9r\u00e9ses akad\u00e1lyfut\u00e1s, melyet kuty\u00e1s fut\u00f3k teljes\u00edthetnek. A kutya-ember p\u00e1ros egy versenyz\u0151nek sz\u00e1m\u00edt, eredm\u00e9ny\u00fck k\u00f6z\u00f6s. \u00c9ppen ez\u00e9rt a j\u00f3 eredm\u00e9nyhez, mind a k\u00e9t versenyz\u0151nek j\u00f3 form\u00e1ban kell lennie. P\u00e1rosok mellett 6 f\u0151s csapatok nevez\u00e9s\u00e9re is van lehet\u0151s\u00e9g minimum 4 kuty\u00e1val.<\/p>\n<p>A versenyz\u0151knek meg kell k\u00fczdeni\u00fck a meredek lejt\u0151kkel, melyek felfel\u00e9 \u00e9s lefel\u00e9 is pr\u00f3b\u00e1ra teszik \u0151ket. A terepet term\u00e9szetes \u00e9s \u00e9p\u00edtett akad\u00e1lyok nehez\u00edtik. Ezek k\u00f6z\u00f6tt lesznek vizes \u00e1rkok, l\u00e9pcs\u0151k, k\u00fasz\u00f3, m\u00e1sz\u00f3 feladatok. A Wild eset\u00e9ben is \u00e9rv\u00e9nyes az a szab\u00e1ly, hogy ha valaki nem tudja szab\u00e1lyosan teljes\u00edteni az akad\u00e1lyt, 30 guggol\u00e1ssal kiv\u00e1lthatja azt.<\/p>\n<p>A versenyen b\u00e1rmilyen fajt\u00e1j\u00fa, m\u00e9ret\u0171, 12 h\u00f3naposn\u00e1l id\u0151sebb, beoltott, chippel ell\u00e1tott, f\u00e9reghajtott, eg\u00e9szs\u00e9ges, szoci\u00e1lis, nem t\u00fczel\u0151 kutya r\u00e9szt vehet. A helysz\u00edni regisztr\u00e1ci\u00f3n\u00e1l \u00e1llatorvos vizsg\u00e1lja meg \u0151ket. A p\u00f3r\u00e1z haszn\u00e1lata k\u00f6telez\u0151, a szervez\u0151k javasolj\u00e1k a fut\u00f3\u00f6vvel kombin\u00e1lt h\u00e1mot. A kutya agressz\u00edv viselked\u00e9se eset\u00e9n el\u0151\u00edrhatj\u00e1k a sz\u00e1jkos\u00e1r haszn\u00e1lat\u00e1t is.<\/p>\n<p>Ugyan a Wild j\u00f3val kem\u00e9nyebb kih\u00edv\u00e1s, mint a Base volt, de a szervez\u0151k szeretn\u00e9k meg\u0151rizni a HDR versenyek szellemis\u00e9g\u00e9t. Ez egyr\u00e9szt azt jelenti, hogy nem csak az objekt\u00edv gy\u0151zelem sz\u00e1m\u00edt dics\u0151s\u00e9gnek, hanem a kih\u00edv\u00e1s teljes\u00edt\u00e9se \u00f6nmag\u00e1ban. Az is elismer\u00e9sre m\u00e9lt\u00f3, ha valaki \u00f6nmag\u00e1t legy\u0151zi, mag\u00e1b\u00f3l hozza ki a legjobbat, mik\u00f6zben odafigyel a t\u00e1rsa, a kutya ig\u00e9nyire is. M\u00e1sr\u00e9szt ez a verseny is el\u0151t\u00e9rbe helyezi a kutyatart\u00e1si kult\u00fara n\u00e9pszer\u0171s\u00edt\u00e9s\u00e9t, mely szerint az \u00e1llattart\u00f3 az \u00e1llattal \u00e9s a k\u00f6rnyezettel harmonikus viszonyra t\u00f6rekszik. Ezt t\u00e1mogatj\u00e1k a szponzorok \u2013 a Zoetis, a Hill\u2019s, a Julius-K9, a SINB Kennel \u2013 \u00e1ltal biztos\u00edtott ismeretterjeszt\u0151 programok is. A verseny ut\u00e1n pedig a Gallica term\u00e9keivel is \u00e9rdemes megismerkedni.<\/p>\n<p><strong>A nevez\u00e9s m\u00e1r j\u00fanius k\u00f6zep\u00e9n elindult, de augusztus 14-ig m\u00e9g jelent\u0151s kedvezm\u00e9nnyel lehet jelentkezni. A nevez\u00e9s el\u0151tt t\u00e1j\u00e9koz\u00f3djon a verseny tov\u00e1bbi <a href=\"http:\/\/harddograce.hu\/nevezes\/versenyszabalyzat\/\" target=\"_blank\" rel=\"noopener\"><span style=\"text-decoration: underline; color: #0000ff;\">szab\u00e1lyair\u00f3l \u00e9s felt\u00e9teleir\u0151l<\/span><\/a>.<\/strong><\/p>\n<p>Azoknak, akik azonban \u00fagy \u00e9rzik, hogy szintj\u00fcknek ink\u00e1bb a r\u00f6videbb t\u00e1v a megfelel\u0151, azoknak a HDR Base Lengyelorsz\u00e1got aj\u00e1nlj\u00e1k a szervez\u0151k, mely a bel\u00e9p\u0151 szintet jelenti a HDR versenyekhez. Ezt a 450 kilom\u00e9terre l\u00e9v\u0151 lengyel D\u0105browa g\u00f3rniczai MXDG Motocross p\u00e1ly\u00e1n rendezik meg szeptember 23-\u00e1n.<\/p>\n<p><em><strong>Hat l\u00e1b, k\u00e9t sz\u00edv, egy b\u00fcszkes\u00e9g<\/strong><\/em><\/p>\n<p><em>Forr\u00e1s: Kurucz Zsuzsa<br \/>\nFot\u00f3: CyberCat Photo<br \/>\n<\/em><\/p>\n","protected":false},"excerpt":{"rendered":"<p>Szeptember 2-\u00e1n rendezik meg Piliscs\u00e9ven az els\u0151 Hard Dog Race Wild-ot, amely 12 kilom\u00e9teres, \u00e9s 22 akad\u00e1lyt kell lek\u00fczdeni\u00fck a versenyz\u0151knek. Augusztus 14-ig jelent\u0151s kedvezm\u00e9nnyel lehet jelentkezni. \u201eChurchillel sz\u00f3lva, nem \u00edg\u00e9rhet\u00fcnk m\u00e1st, mint er\u0151fesz\u00edt\u00e9st, ver\u00edt\u00e9ket \u00e9s k\u00f6nnyeket.\u201d \u2013 figyelmezteti j\u00f3 el\u0151re a nevez\u0151ket P\u00faza Andr\u00e1s, a verseny \u00f6tletgazd\u00e1ja. Mivel a t\u00e1v k\u00e9tszer olyan hossz\u00fa \u00e9s<\/p>\n","protected":false},"author":1,"featured_media":4501,"comment_status":"closed","ping_status":"closed","sticky":false,"template":"","format":"standard","meta":{"ngg_post_thumbnail":0,"footnotes":""},"categories":[3,11,5],"tags":[1038,971,1100,970,91,16],"class_list":{"0":"post-4500","1":"post","2":"type-post","3":"status-publish","4":"format-standard","5":"has-post-thumbnail","7":"category-hirek","8":"category-piliscsev","9":"category-sport","10":"tag-akadalyverseny","11":"tag-hard-dog-race","12":"tag-kutya","13":"tag-kutyas-verseny","14":"tag-piliscsev","15":"tag-sport"},"yoast_head":"<!-- This site is optimized with the Yoast SEO plugin v27.5 - https:\/\/yoast.com\/product\/yoast-seo-wordpress\/ -->\n<title>Ism\u00e9t lesz kuty\u00e1s verseny Piliscs\u00e9ven<\/title>\n<meta name=\"robots\" content=\"index, follow, max-snippet:-1, max-image-preview:large, max-video-preview:-1\" \/>\n<link rel=\"canonical\" href=\"https:\/\/dorogimedence.hu\/index.php\/2017\/07\/18\/ismet-lesz-kutyas-verseny-piliscseven\/\" class=\"yoast-seo-meta-tag\" \/>\n<meta property=\"og:locale\" content=\"hu_HU\" class=\"yoast-seo-meta-tag\" \/>\n<meta property=\"og:type\" content=\"article\" class=\"yoast-seo-meta-tag\" \/>\n<meta property=\"og:title\" content=\"Ism\u00e9t lesz kuty\u00e1s verseny Piliscs\u00e9ven\" class=\"yoast-seo-meta-tag\" \/>\n<meta property=\"og:description\" content=\"Szeptember 2-\u00e1n rendezik meg Piliscs\u00e9ven az els\u0151 Hard Dog Race Wild-ot, amely 12 kilom\u00e9teres, \u00e9s 22 akad\u00e1lyt kell lek\u00fczdeni\u00fck a versenyz\u0151knek. Augusztus 14-ig jelent\u0151s kedvezm\u00e9nnyel lehet jelentkezni. \u201eChurchillel sz\u00f3lva, nem \u00edg\u00e9rhet\u00fcnk m\u00e1st, mint er\u0151fesz\u00edt\u00e9st, ver\u00edt\u00e9ket \u00e9s k\u00f6nnyeket.\u201d \u2013 figyelmezteti j\u00f3 el\u0151re a nevez\u0151ket P\u00faza Andr\u00e1s, a verseny \u00f6tletgazd\u00e1ja. Mivel a t\u00e1v k\u00e9tszer olyan hossz\u00fa \u00e9s\" class=\"yoast-seo-meta-tag\" \/>\n<meta property=\"og:url\" content=\"https:\/\/dorogimedence.hu\/index.php\/2017\/07\/18\/ismet-lesz-kutyas-verseny-piliscseven\/\" class=\"yoast-seo-meta-tag\" \/>\n<meta property=\"og:site_name\" content=\"Dorogi-medence Region\u00e1lis H\u00edrport\u00e1l\" class=\"yoast-seo-meta-tag\" \/>\n<meta property=\"article:publisher\" content=\"https:\/\/www.facebook.com\/dorogimedence\/\" class=\"yoast-seo-meta-tag\" \/>\n<meta property=\"article:published_time\" content=\"2017-07-18T14:07:29+00:00\" class=\"yoast-seo-meta-tag\" \/>\n<meta property=\"og:image\" content=\"https:\/\/i0.wp.com\/dorogimedence.hu\/wp-content\/uploads\/2017\/07\/hdr-01.jpg?fit=670%2C365&ssl=1\" class=\"yoast-seo-meta-tag\" \/>\n\t<meta property=\"og:image:width\" content=\"670\" class=\"yoast-seo-meta-tag\" \/>\n\t<meta property=\"og:image:height\" content=\"365\" class=\"yoast-seo-meta-tag\" \/>\n\t<meta property=\"og:image:type\" content=\"image\/jpeg\" class=\"yoast-seo-meta-tag\" \/>\n<meta name=\"author\" content=\"dorogimedence.hu\" class=\"yoast-seo-meta-tag\" \/>\n<meta name=\"twitter:card\" content=\"summary_large_image\" class=\"yoast-seo-meta-tag\" \/>\n<meta name=\"twitter:label1\" content=\"Szerz\u0151:\" class=\"yoast-seo-meta-tag\" \/>\n\t<meta name=\"twitter:data1\" content=\"dorogimedence.hu\" class=\"yoast-seo-meta-tag\" \/>\n\t<meta name=\"twitter:label2\" content=\"Becs\u00fclt olvas\u00e1si id\u0151\" class=\"yoast-seo-meta-tag\" \/>\n\t<meta name=\"twitter:data2\" content=\"3 perc\" class=\"yoast-seo-meta-tag\" \/>\n<script type=\"application\/ld+json\" class=\"yoast-schema-graph\">{\"@context\":\"https:\\\/\\\/schema.org\",\"@graph\":[{\"@type\":\"Article\",\"@id\":\"https:\\\/\\\/dorogimedence.hu\\\/index.php\\\/2017\\\/07\\\/18\\\/ismet-lesz-kutyas-verseny-piliscseven\\\/#article\",\"isPartOf\":{\"@id\":\"https:\\\/\\\/dorogimedence.hu\\\/index.php\\\/2017\\\/07\\\/18\\\/ismet-lesz-kutyas-verseny-piliscseven\\\/\"},\"author\":{\"name\":\"dorogimedence.hu\",\"@id\":\"https:\\\/\\\/dorogimedence.hu\\\/#\\\/schema\\\/person\\\/ce6091eeb7e95ecdc87890d6aa8e0fd4\"},\"headline\":\"Ism\u00e9t lesz kuty\u00e1s verseny Piliscs\u00e9ven\",\"datePublished\":\"2017-07-18T14:07:29+00:00\",\"mainEntityOfPage\":{\"@id\":\"https:\\\/\\\/dorogimedence.hu\\\/index.php\\\/2017\\\/07\\\/18\\\/ismet-lesz-kutyas-verseny-piliscseven\\\/\"},\"wordCount\":694,\"publisher\":{\"@id\":\"https:\\\/\\\/dorogimedence.hu\\\/#organization\"},\"image\":{\"@id\":\"https:\\\/\\\/dorogimedence.hu\\\/index.php\\\/2017\\\/07\\\/18\\\/ismet-lesz-kutyas-verseny-piliscseven\\\/#primaryimage\"},\"thumbnailUrl\":\"https:\\\/\\\/dorogimedence.hu\\\/wp-content\\\/uploads\\\/2017\\\/07\\\/hdr-01.jpg\",\"keywords\":[\"akad\u00e1lyverseny\",\"Hard Dog Race\",\"kutya\",\"kuty\u00e1s verseny\",\"Piliscs\u00e9v\",\"sport\"],\"articleSection\":[\"H\u00edrek\",\"Piliscs\u00e9v\",\"Sport\"],\"inLanguage\":\"hu\"},{\"@type\":\"WebPage\",\"@id\":\"https:\\\/\\\/dorogimedence.hu\\\/index.php\\\/2017\\\/07\\\/18\\\/ismet-lesz-kutyas-verseny-piliscseven\\\/\",\"url\":\"https:\\\/\\\/dorogimedence.hu\\\/index.php\\\/2017\\\/07\\\/18\\\/ismet-lesz-kutyas-verseny-piliscseven\\\/\",\"name\":\"Ism\u00e9t lesz kuty\u00e1s verseny Piliscs\u00e9ven\",\"isPartOf\":{\"@id\":\"https:\\\/\\\/dorogimedence.hu\\\/#website\"},\"primaryImageOfPage\":{\"@id\":\"https:\\\/\\\/dorogimedence.hu\\\/index.php\\\/2017\\\/07\\\/18\\\/ismet-lesz-kutyas-verseny-piliscseven\\\/#primaryimage\"},\"image\":{\"@id\":\"https:\\\/\\\/dorogimedence.hu\\\/index.php\\\/2017\\\/07\\\/18\\\/ismet-lesz-kutyas-verseny-piliscseven\\\/#primaryimage\"},\"thumbnailUrl\":\"https:\\\/\\\/dorogimedence.hu\\\/wp-content\\\/uploads\\\/2017\\\/07\\\/hdr-01.jpg\",\"datePublished\":\"2017-07-18T14:07:29+00:00\",\"breadcrumb\":{\"@id\":\"https:\\\/\\\/dorogimedence.hu\\\/index.php\\\/2017\\\/07\\\/18\\\/ismet-lesz-kutyas-verseny-piliscseven\\\/#breadcrumb\"},\"inLanguage\":\"hu\",\"potentialAction\":[{\"@type\":\"ReadAction\",\"target\":[\"https:\\\/\\\/dorogimedence.hu\\\/index.php\\\/2017\\\/07\\\/18\\\/ismet-lesz-kutyas-verseny-piliscseven\\\/\"]}]},{\"@type\":\"ImageObject\",\"inLanguage\":\"hu\",\"@id\":\"https:\\\/\\\/dorogimedence.hu\\\/index.php\\\/2017\\\/07\\\/18\\\/ismet-lesz-kutyas-verseny-piliscseven\\\/#primaryimage\",\"url\":\"https:\\\/\\\/dorogimedence.hu\\\/wp-content\\\/uploads\\\/2017\\\/07\\\/hdr-01.jpg\",\"contentUrl\":\"https:\\\/\\\/dorogimedence.hu\\\/wp-content\\\/uploads\\\/2017\\\/07\\\/hdr-01.jpg\",\"width\":670,\"height\":365},{\"@type\":\"BreadcrumbList\",\"@id\":\"https:\\\/\\\/dorogimedence.hu\\\/index.php\\\/2017\\\/07\\\/18\\\/ismet-lesz-kutyas-verseny-piliscseven\\\/#breadcrumb\",\"itemListElement\":[{\"@type\":\"ListItem\",\"position\":1,\"name\":\"Kezd\u0151lap\",\"item\":\"https:\\\/\\\/dorogimedence.hu\\\/\"},{\"@type\":\"ListItem\",\"position\":2,\"name\":\"Ism\u00e9t lesz kuty\u00e1s verseny Piliscs\u00e9ven\"}]},{\"@type\":\"WebSite\",\"@id\":\"https:\\\/\\\/dorogimedence.hu\\\/#website\",\"url\":\"https:\\\/\\\/dorogimedence.hu\\\/\",\"name\":\"Dorogi-medence Region\u00e1lis H\u00edrport\u00e1l\",\"description\":\"Dorog, Keszt\u00f6lc, Le\u00e1nyv\u00e1r, Piliscs\u00e9v, Tokod, Tokodalt\u00e1r\u00f3, Csolnok, Esztergom-kertv\u00e1ros: h\u00edrek, programok\",\"publisher\":{\"@id\":\"https:\\\/\\\/dorogimedence.hu\\\/#organization\"},\"potentialAction\":[{\"@type\":\"SearchAction\",\"target\":{\"@type\":\"EntryPoint\",\"urlTemplate\":\"https:\\\/\\\/dorogimedence.hu\\\/?s={search_term_string}\"},\"query-input\":{\"@type\":\"PropertyValueSpecification\",\"valueRequired\":true,\"valueName\":\"search_term_string\"}}],\"inLanguage\":\"hu\"},{\"@type\":\"Organization\",\"@id\":\"https:\\\/\\\/dorogimedence.hu\\\/#organization\",\"name\":\"Dorogi-medence Region\u00e1lis H\u00edrport\u00e1l\",\"url\":\"https:\\\/\\\/dorogimedence.hu\\\/\",\"logo\":{\"@type\":\"ImageObject\",\"inLanguage\":\"hu\",\"@id\":\"https:\\\/\\\/dorogimedence.hu\\\/#\\\/schema\\\/logo\\\/image\\\/\",\"url\":\"https:\\\/\\\/dorogimedence.hu\\\/wp-content\\\/uploads\\\/2021\\\/04\\\/logo-feher-600.png\",\"contentUrl\":\"https:\\\/\\\/dorogimedence.hu\\\/wp-content\\\/uploads\\\/2021\\\/04\\\/logo-feher-600.png\",\"width\":600,\"height\":100,\"caption\":\"Dorogi-medence Region\u00e1lis H\u00edrport\u00e1l\"},\"image\":{\"@id\":\"https:\\\/\\\/dorogimedence.hu\\\/#\\\/schema\\\/logo\\\/image\\\/\"},\"sameAs\":[\"https:\\\/\\\/www.facebook.com\\\/dorogimedence\\\/\"]},{\"@type\":\"Person\",\"@id\":\"https:\\\/\\\/dorogimedence.hu\\\/#\\\/schema\\\/person\\\/ce6091eeb7e95ecdc87890d6aa8e0fd4\",\"name\":\"dorogimedence.hu\",\"image\":{\"@type\":\"ImageObject\",\"inLanguage\":\"hu\",\"@id\":\"\\\/\\\/www.gravatar.com\\\/avatar\\\/d8d45f8901aadff40a4af72c0b826f1d?s=96&#038;r=g&#038;d=mm\",\"url\":\"\\\/\\\/www.gravatar.com\\\/avatar\\\/d8d45f8901aadff40a4af72c0b826f1d?s=96&#038;r=g&#038;d=mm\",\"contentUrl\":\"\\\/\\\/www.gravatar.com\\\/avatar\\\/d8d45f8901aadff40a4af72c0b826f1d?s=96&#038;r=g&#038;d=mm\",\"caption\":\"dorogimedence.hu\"}}]}<\/script>\n<!-- \/ Yoast SEO plugin. -->","yoast_head_json":{"title":"Ism\u00e9t lesz kuty\u00e1s verseny Piliscs\u00e9ven","robots":{"index":"index","follow":"follow","max-snippet":"max-snippet:-1","max-image-preview":"max-image-preview:large","max-video-preview":"max-video-preview:-1"},"canonical":"https:\/\/dorogimedence.hu\/index.php\/2017\/07\/18\/ismet-lesz-kutyas-verseny-piliscseven\/","og_locale":"hu_HU","og_type":"article","og_title":"Ism\u00e9t lesz kuty\u00e1s verseny Piliscs\u00e9ven","og_description":"Szeptember 2-\u00e1n rendezik meg Piliscs\u00e9ven az els\u0151 Hard Dog Race Wild-ot, amely 12 kilom\u00e9teres, \u00e9s 22 akad\u00e1lyt kell lek\u00fczdeni\u00fck a versenyz\u0151knek. Augusztus 14-ig jelent\u0151s kedvezm\u00e9nnyel lehet jelentkezni. \u201eChurchillel sz\u00f3lva, nem \u00edg\u00e9rhet\u00fcnk m\u00e1st, mint er\u0151fesz\u00edt\u00e9st, ver\u00edt\u00e9ket \u00e9s k\u00f6nnyeket.\u201d \u2013 figyelmezteti j\u00f3 el\u0151re a nevez\u0151ket P\u00faza Andr\u00e1s, a verseny \u00f6tletgazd\u00e1ja. Mivel a t\u00e1v k\u00e9tszer olyan hossz\u00fa \u00e9s","og_url":"https:\/\/dorogimedence.hu\/index.php\/2017\/07\/18\/ismet-lesz-kutyas-verseny-piliscseven\/","og_site_name":"Dorogi-medence Region\u00e1lis H\u00edrport\u00e1l","article_publisher":"https:\/\/www.facebook.com\/dorogimedence\/","article_published_time":"2017-07-18T14:07:29+00:00","og_image":[{"width":670,"height":365,"url":"https:\/\/i0.wp.com\/dorogimedence.hu\/wp-content\/uploads\/2017\/07\/hdr-01.jpg?fit=670%2C365&ssl=1","type":"image\/jpeg"}],"author":"dorogimedence.hu","twitter_card":"summary_large_image","twitter_misc":{"Szerz\u0151:":"dorogimedence.hu","Becs\u00fclt olvas\u00e1si id\u0151":"3 perc"},"schema":{"@context":"https:\/\/schema.org","@graph":[{"@type":"Article","@id":"https:\/\/dorogimedence.hu\/index.php\/2017\/07\/18\/ismet-lesz-kutyas-verseny-piliscseven\/#article","isPartOf":{"@id":"https:\/\/dorogimedence.hu\/index.php\/2017\/07\/18\/ismet-lesz-kutyas-verseny-piliscseven\/"},"author":{"name":"dorogimedence.hu","@id":"https:\/\/dorogimedence.hu\/#\/schema\/person\/ce6091eeb7e95ecdc87890d6aa8e0fd4"},"headline":"Ism\u00e9t lesz kuty\u00e1s verseny Piliscs\u00e9ven","datePublished":"2017-07-18T14:07:29+00:00","mainEntityOfPage":{"@id":"https:\/\/dorogimedence.hu\/index.php\/2017\/07\/18\/ismet-lesz-kutyas-verseny-piliscseven\/"},"wordCount":694,"publisher":{"@id":"https:\/\/dorogimedence.hu\/#organization"},"image":{"@id":"https:\/\/dorogimedence.hu\/index.php\/2017\/07\/18\/ismet-lesz-kutyas-verseny-piliscseven\/#primaryimage"},"thumbnailUrl":"https:\/\/dorogimedence.hu\/wp-content\/uploads\/2017\/07\/hdr-01.jpg","keywords":["akad\u00e1lyverseny","Hard Dog Race","kutya","kuty\u00e1s verseny","Piliscs\u00e9v","sport"],"articleSection":["H\u00edrek","Piliscs\u00e9v","Sport"],"inLanguage":"hu"},{"@type":"WebPage","@id":"https:\/\/dorogimedence.hu\/index.php\/2017\/07\/18\/ismet-lesz-kutyas-verseny-piliscseven\/","url":"https:\/\/dorogimedence.hu\/index.php\/2017\/07\/18\/ismet-lesz-kutyas-verseny-piliscseven\/","name":"Ism\u00e9t lesz kuty\u00e1s verseny Piliscs\u00e9ven","isPartOf":{"@id":"https:\/\/dorogimedence.hu\/#website"},"primaryImageOfPage":{"@id":"https:\/\/dorogimedence.hu\/index.php\/2017\/07\/18\/ismet-lesz-kutyas-verseny-piliscseven\/#primaryimage"},"image":{"@id":"https:\/\/dorogimedence.hu\/index.php\/2017\/07\/18\/ismet-lesz-kutyas-verseny-piliscseven\/#primaryimage"},"thumbnailUrl":"https:\/\/dorogimedence.hu\/wp-content\/uploads\/2017\/07\/hdr-01.jpg","datePublished":"2017-07-18T14:07:29+00:00","breadcrumb":{"@id":"https:\/\/dorogimedence.hu\/index.php\/2017\/07\/18\/ismet-lesz-kutyas-verseny-piliscseven\/#breadcrumb"},"inLanguage":"hu","potentialAction":[{"@type":"ReadAction","target":["https:\/\/dorogimedence.hu\/index.php\/2017\/07\/18\/ismet-lesz-kutyas-verseny-piliscseven\/"]}]},{"@type":"ImageObject","inLanguage":"hu","@id":"https:\/\/dorogimedence.hu\/index.php\/2017\/07\/18\/ismet-lesz-kutyas-verseny-piliscseven\/#primaryimage","url":"https:\/\/dorogimedence.hu\/wp-content\/uploads\/2017\/07\/hdr-01.jpg","contentUrl":"https:\/\/dorogimedence.hu\/wp-content\/uploads\/2017\/07\/hdr-01.jpg","width":670,"height":365},{"@type":"BreadcrumbList","@id":"https:\/\/dorogimedence.hu\/index.php\/2017\/07\/18\/ismet-lesz-kutyas-verseny-piliscseven\/#breadcrumb","itemListElement":[{"@type":"ListItem","position":1,"name":"Kezd\u0151lap","item":"https:\/\/dorogimedence.hu\/"},{"@type":"ListItem","position":2,"name":"Ism\u00e9t lesz kuty\u00e1s verseny Piliscs\u00e9ven"}]},{"@type":"WebSite","@id":"https:\/\/dorogimedence.hu\/#website","url":"https:\/\/dorogimedence.hu\/","name":"Dorogi-medence Region\u00e1lis H\u00edrport\u00e1l","description":"Dorog, Keszt\u00f6lc, Le\u00e1nyv\u00e1r, Piliscs\u00e9v, Tokod, Tokodalt\u00e1r\u00f3, Csolnok, Esztergom-kertv\u00e1ros: h\u00edrek, programok","publisher":{"@id":"https:\/\/dorogimedence.hu\/#organization"},"potentialAction":[{"@type":"SearchAction","target":{"@type":"EntryPoint","urlTemplate":"https:\/\/dorogimedence.hu\/?s={search_term_string}"},"query-input":{"@type":"PropertyValueSpecification","valueRequired":true,"valueName":"search_term_string"}}],"inLanguage":"hu"},{"@type":"Organization","@id":"https:\/\/dorogimedence.hu\/#organization","name":"Dorogi-medence Region\u00e1lis H\u00edrport\u00e1l","url":"https:\/\/dorogimedence.hu\/","logo":{"@type":"ImageObject","inLanguage":"hu","@id":"https:\/\/dorogimedence.hu\/#\/schema\/logo\/image\/","url":"https:\/\/dorogimedence.hu\/wp-content\/uploads\/2021\/04\/logo-feher-600.png","contentUrl":"https:\/\/dorogimedence.hu\/wp-content\/uploads\/2021\/04\/logo-feher-600.png","width":600,"height":100,"caption":"Dorogi-medence Region\u00e1lis H\u00edrport\u00e1l"},"image":{"@id":"https:\/\/dorogimedence.hu\/#\/schema\/logo\/image\/"},"sameAs":["https:\/\/www.facebook.com\/dorogimedence\/"]},{"@type":"Person","@id":"https:\/\/dorogimedence.hu\/#\/schema\/person\/ce6091eeb7e95ecdc87890d6aa8e0fd4","name":"dorogimedence.hu","image":{"@type":"ImageObject","inLanguage":"hu","@id":"\/\/www.gravatar.com\/avatar\/d8d45f8901aadff40a4af72c0b826f1d?s=96&#038;r=g&#038;d=mm","url":"\/\/www.gravatar.com\/avatar\/d8d45f8901aadff40a4af72c0b826f1d?s=96&#038;r=g&#038;d=mm","contentUrl":"\/\/www.gravatar.com\/avatar\/d8d45f8901aadff40a4af72c0b826f1d?s=96&#038;r=g&#038;d=mm","caption":"dorogimedence.hu"}}]}},"_links":{"self":[{"href":"https:\/\/dorogimedence.hu\/index.php\/wp-json\/wp\/v2\/posts\/4500","targetHints":{"allow":["GET"]}}],"collection":[{"href":"https:\/\/dorogimedence.hu\/index.php\/wp-json\/wp\/v2\/posts"}],"about":[{"href":"https:\/\/dorogimedence.hu\/index.php\/wp-json\/wp\/v2\/types\/post"}],"author":[{"embeddable":true,"href":"https:\/\/dorogimedence.hu\/index.php\/wp-json\/wp\/v2\/users\/1"}],"replies":[{"embeddable":true,"href":"https:\/\/dorogimedence.hu\/index.php\/wp-json\/wp\/v2\/comments?post=4500"}],"version-history":[{"count":0,"href":"https:\/\/dorogimedence.hu\/index.php\/wp-json\/wp\/v2\/posts\/4500\/revisions"}],"wp:featuredmedia":[{"embeddable":true,"href":"https:\/\/dorogimedence.hu\/index.php\/wp-json\/wp\/v2\/media\/4501"}],"wp:attachment":[{"href":"https:\/\/dorogimedence.hu\/index.php\/wp-json\/wp\/v2\/media?parent=4500"}],"wp:term":[{"taxonomy":"category","embeddable":true,"href":"https:\/\/dorogimedence.hu\/index.php\/wp-json\/wp\/v2\/categories?post=4500"},{"taxonomy":"post_tag","embeddable":true,"href":"https:\/\/dorogimedence.hu\/index.php\/wp-json\/wp\/v2\/tags?post=4500"}],"curies":[{"name":"wp","href":"https:\/\/api.w.org\/{rel}","templated":true}]}}