{"id":44974,"date":"2022-07-22T11:33:09","date_gmt":"2022-07-22T09:33:09","guid":{"rendered":"https:\/\/dorogimedence.hu\/?p=44974"},"modified":"2022-07-22T11:53:04","modified_gmt":"2022-07-22T09:53:04","slug":"korhu-romai-hajo-erkezik-esztergomba","status":"publish","type":"post","link":"https:\/\/dorogimedence.hu\/index.php\/2022\/07\/22\/korhu-romai-hajo-erkezik-esztergomba\/","title":{"rendered":"Korh\u0171 r\u00f3mai haj\u00f3 \u00e9rkezik Esztergomba"},"content":{"rendered":"<p><strong>Augusztusban egy korh\u0171 r\u00f3mai folyami haj\u00f3 \u00e9rkezik Esztergomba, melyen 24 f\u0151s leg\u00e9nys\u00e9g evez a Dun\u00e1n Ingolstadtt\u00f3l (N\u00e9metorsz\u00e1g) a Fekete-tengerig (Rom\u00e1nia).<\/strong><\/p>\n<p>A haj\u00f3 a Living Danube Limes Interreg projekt keret\u00e9ben megval\u00f3sul\u00f3 orsz\u00e1gokon \u00e1t\u00edvel\u0151 program r\u00e9sze, melynek els\u0151dleges c\u00e9lja, hogy felh\u00edvja a figyelmet a r\u00f3mai limes \u00fatvonal\u00e1nak eml\u00e9keire, egy\u00fattal el\u0151h\u00edvja \u00e9s t\u00e1mogassa az egy\u00fcttm\u0171k\u00f6d\u00e9st az \u00e9rintett dunamenti telep\u00fcl\u00e9sek k\u00f6z\u00f6tt. A r\u00f3mai haj\u00f3 egy val\u00f3s r\u00e9g\u00e9szeti lelet alapj\u00e1n, korh\u0171 eszk\u00f6z\u00f6kkel k\u00e9sz\u00fclt el n\u00e9met egyetemi kutat\u00f3k k\u00f6zrem\u0171k\u00f6d\u00e9s\u00e9vel.<\/p>\n<p>Augusztus 10-\u00e9n a r\u00e9sztvev\u0151k Esztergomban is megcsod\u00e1lhatj\u00e1k a r\u00f3mai dunai \u0151rhaj\u00f3t, megismerhetik az \u00fat r\u00e9szleteit, valamint tal\u00e1lkozhatnak a kapit\u00e1nnyal \u00e9s a leg\u00e9nys\u00e9ggel, akik a kalandjaikr\u00f3l mes\u00e9lnek majd.<\/p>\n<p>A haj\u00f3 f\u0151bb param\u00e9terei:<\/p>\n<ul>\n<li>Danuvina Alacris nev\u0171, a Mainz ter\u00fclet\u00e9n felt\u00e1rt leletek alapj\u00e1n hitelesen rekonstru\u00e1lt 4. sz\u00e1zadi dunai lusoria-t\u00edpus\u00fa haj\u00f3<\/li>\n<li>anyaga: t\u00f6lgyfa<\/li>\n<li>hossz: 18 m hossz\u00fa, sz\u00e9less\u00e9g: 2,8 m<\/li>\n<li>s\u00faly: 6 tonna<\/li>\n<li>mer\u00fcl\u00e9s: 70 cm<\/li>\n<li>motor n\u00e9lk\u00fcli, evez\u0151kkel hajtott<\/li>\n<li>nemzetk\u00f6zi szem\u00e9lyzet: 1 kapit\u00e1ny, 24 f\u0151 evez\u0151 leg\u00e9nys\u00e9g \u00e9s 3 f\u0151 k\u00eds\u00e9r\u0151 g\u00e9pkocsiban<\/li>\n<\/ul>\n<p><img fetchpriority=\"high\" decoding=\"async\" class=\"alignnone size-large wp-image-44977\" src=\"https:\/\/dorogimedence.hu\/wp-content\/uploads\/2022\/07\/ldl_hun_trip_22_aug_jav-1024x563.jpg\" alt=\"\" width=\"755\" height=\"415\" srcset=\"https:\/\/dorogimedence.hu\/wp-content\/uploads\/2022\/07\/ldl_hun_trip_22_aug_jav-1024x563.jpg 1024w, https:\/\/dorogimedence.hu\/wp-content\/uploads\/2022\/07\/ldl_hun_trip_22_aug_jav-300x165.jpg 300w, https:\/\/dorogimedence.hu\/wp-content\/uploads\/2022\/07\/ldl_hun_trip_22_aug_jav-768x422.jpg 768w, https:\/\/dorogimedence.hu\/wp-content\/uploads\/2022\/07\/ldl_hun_trip_22_aug_jav-1536x845.jpg 1536w, https:\/\/dorogimedence.hu\/wp-content\/uploads\/2022\/07\/ldl_hun_trip_22_aug_jav-150x83.jpg 150w, https:\/\/dorogimedence.hu\/wp-content\/uploads\/2022\/07\/ldl_hun_trip_22_aug_jav-450x248.jpg 450w, https:\/\/dorogimedence.hu\/wp-content\/uploads\/2022\/07\/ldl_hun_trip_22_aug_jav-1200x660.jpg 1200w, https:\/\/dorogimedence.hu\/wp-content\/uploads\/2022\/07\/ldl_hun_trip_22_aug_jav.jpg 1920w\" sizes=\"(max-width: 755px) 100vw, 755px\" \/><\/p>\n<p><em>Bor\u00edt\u00f3k\u00e9p, forr\u00e1s: esztergom.hu<\/em><\/p>\n","protected":false},"excerpt":{"rendered":"<p>Augusztusban egy korh\u0171 r\u00f3mai folyami haj\u00f3 \u00e9rkezik Esztergomba, melyen 24 f\u0151s leg\u00e9nys\u00e9g evez a Dun\u00e1n Ingolstadtt\u00f3l (N\u00e9metorsz\u00e1g) a Fekete-tengerig (Rom\u00e1nia). A haj\u00f3 a Living Danube Limes Interreg projekt keret\u00e9ben megval\u00f3sul\u00f3 orsz\u00e1gokon \u00e1t\u00edvel\u0151 program r\u00e9sze, melynek els\u0151dleges c\u00e9lja, hogy felh\u00edvja a figyelmet a r\u00f3mai limes \u00fatvonal\u00e1nak eml\u00e9keire, egy\u00fattal el\u0151h\u00edvja \u00e9s t\u00e1mogassa az egy\u00fcttm\u0171k\u00f6d\u00e9st az \u00e9rintett dunamenti<\/p>\n","protected":false},"author":1,"featured_media":44975,"comment_status":"closed","ping_status":"closed","sticky":false,"template":"","format":"standard","meta":{"ngg_post_thumbnail":0,"footnotes":""},"categories":[38,3],"tags":[42,747],"class_list":{"0":"post-44974","1":"post","2":"type-post","3":"status-publish","4":"format-standard","5":"has-post-thumbnail","7":"category-esztergom","8":"category-hirek","9":"tag-esztergom","10":"tag-hajo"},"yoast_head":"<!-- This site is optimized with the Yoast SEO plugin v27.4 - https:\/\/yoast.com\/product\/yoast-seo-wordpress\/ -->\n<title>Korh\u0171 r\u00f3mai haj\u00f3 \u00e9rkezik Esztergomba<\/title>\n<meta name=\"robots\" content=\"index, follow, max-snippet:-1, max-image-preview:large, max-video-preview:-1\" \/>\n<link rel=\"canonical\" href=\"https:\/\/dorogimedence.hu\/index.php\/2022\/07\/22\/korhu-romai-hajo-erkezik-esztergomba\/\" class=\"yoast-seo-meta-tag\" \/>\n<meta property=\"og:locale\" content=\"hu_HU\" class=\"yoast-seo-meta-tag\" \/>\n<meta property=\"og:type\" content=\"article\" class=\"yoast-seo-meta-tag\" \/>\n<meta property=\"og:title\" content=\"Korh\u0171 r\u00f3mai haj\u00f3 \u00e9rkezik Esztergomba\" class=\"yoast-seo-meta-tag\" \/>\n<meta property=\"og:description\" content=\"Augusztusban egy korh\u0171 r\u00f3mai folyami haj\u00f3 \u00e9rkezik Esztergomba, melyen 24 f\u0151s leg\u00e9nys\u00e9g evez a Dun\u00e1n Ingolstadtt\u00f3l (N\u00e9metorsz\u00e1g) a Fekete-tengerig (Rom\u00e1nia). A haj\u00f3 a Living Danube Limes Interreg projekt keret\u00e9ben megval\u00f3sul\u00f3 orsz\u00e1gokon \u00e1t\u00edvel\u0151 program r\u00e9sze, melynek els\u0151dleges c\u00e9lja, hogy felh\u00edvja a figyelmet a r\u00f3mai limes \u00fatvonal\u00e1nak eml\u00e9keire, egy\u00fattal el\u0151h\u00edvja \u00e9s t\u00e1mogassa az egy\u00fcttm\u0171k\u00f6d\u00e9st az \u00e9rintett dunamenti\" class=\"yoast-seo-meta-tag\" \/>\n<meta property=\"og:url\" content=\"https:\/\/dorogimedence.hu\/index.php\/2022\/07\/22\/korhu-romai-hajo-erkezik-esztergomba\/\" class=\"yoast-seo-meta-tag\" \/>\n<meta property=\"og:site_name\" content=\"Dorogi-medence Region\u00e1lis H\u00edrport\u00e1l\" class=\"yoast-seo-meta-tag\" \/>\n<meta property=\"article:publisher\" content=\"https:\/\/www.facebook.com\/dorogimedence\/\" class=\"yoast-seo-meta-tag\" \/>\n<meta property=\"article:published_time\" content=\"2022-07-22T09:33:09+00:00\" class=\"yoast-seo-meta-tag\" \/>\n<meta property=\"article:modified_time\" content=\"2022-07-22T09:53:04+00:00\" class=\"yoast-seo-meta-tag\" \/>\n<meta property=\"og:image\" content=\"https:\/\/i0.wp.com\/dorogimedence.hu\/wp-content\/uploads\/2022\/07\/4-szazadi-hajo.jpg?fit=1080%2C628&ssl=1\" class=\"yoast-seo-meta-tag\" \/>\n\t<meta property=\"og:image:width\" content=\"1080\" class=\"yoast-seo-meta-tag\" \/>\n\t<meta property=\"og:image:height\" content=\"628\" class=\"yoast-seo-meta-tag\" \/>\n\t<meta property=\"og:image:type\" content=\"image\/jpeg\" class=\"yoast-seo-meta-tag\" \/>\n<meta name=\"author\" content=\"dorogimedence.hu\" class=\"yoast-seo-meta-tag\" \/>\n<meta name=\"twitter:card\" content=\"summary_large_image\" class=\"yoast-seo-meta-tag\" \/>\n<meta name=\"twitter:label1\" content=\"Szerz\u0151:\" class=\"yoast-seo-meta-tag\" \/>\n\t<meta name=\"twitter:data1\" content=\"dorogimedence.hu\" class=\"yoast-seo-meta-tag\" \/>\n\t<meta name=\"twitter:label2\" content=\"Becs\u00fclt olvas\u00e1si id\u0151\" class=\"yoast-seo-meta-tag\" \/>\n\t<meta name=\"twitter:data2\" content=\"1 perc\" class=\"yoast-seo-meta-tag\" \/>\n<script type=\"application\/ld+json\" class=\"yoast-schema-graph\">{\"@context\":\"https:\\\/\\\/schema.org\",\"@graph\":[{\"@type\":\"Article\",\"@id\":\"https:\\\/\\\/dorogimedence.hu\\\/index.php\\\/2022\\\/07\\\/22\\\/korhu-romai-hajo-erkezik-esztergomba\\\/#article\",\"isPartOf\":{\"@id\":\"https:\\\/\\\/dorogimedence.hu\\\/index.php\\\/2022\\\/07\\\/22\\\/korhu-romai-hajo-erkezik-esztergomba\\\/\"},\"author\":{\"name\":\"dorogimedence.hu\",\"@id\":\"https:\\\/\\\/dorogimedence.hu\\\/#\\\/schema\\\/person\\\/ce6091eeb7e95ecdc87890d6aa8e0fd4\"},\"headline\":\"Korh\u0171 r\u00f3mai haj\u00f3 \u00e9rkezik Esztergomba\",\"datePublished\":\"2022-07-22T09:33:09+00:00\",\"dateModified\":\"2022-07-22T09:53:04+00:00\",\"mainEntityOfPage\":{\"@id\":\"https:\\\/\\\/dorogimedence.hu\\\/index.php\\\/2022\\\/07\\\/22\\\/korhu-romai-hajo-erkezik-esztergomba\\\/\"},\"wordCount\":245,\"publisher\":{\"@id\":\"https:\\\/\\\/dorogimedence.hu\\\/#organization\"},\"image\":{\"@id\":\"https:\\\/\\\/dorogimedence.hu\\\/index.php\\\/2022\\\/07\\\/22\\\/korhu-romai-hajo-erkezik-esztergomba\\\/#primaryimage\"},\"thumbnailUrl\":\"https:\\\/\\\/dorogimedence.hu\\\/wp-content\\\/uploads\\\/2022\\\/07\\\/4-szazadi-hajo.jpg\",\"keywords\":[\"esztergom\",\"haj\u00f3\"],\"articleSection\":[\"Esztergom\",\"H\u00edrek\"],\"inLanguage\":\"hu\"},{\"@type\":\"WebPage\",\"@id\":\"https:\\\/\\\/dorogimedence.hu\\\/index.php\\\/2022\\\/07\\\/22\\\/korhu-romai-hajo-erkezik-esztergomba\\\/\",\"url\":\"https:\\\/\\\/dorogimedence.hu\\\/index.php\\\/2022\\\/07\\\/22\\\/korhu-romai-hajo-erkezik-esztergomba\\\/\",\"name\":\"Korh\u0171 r\u00f3mai haj\u00f3 \u00e9rkezik Esztergomba\",\"isPartOf\":{\"@id\":\"https:\\\/\\\/dorogimedence.hu\\\/#website\"},\"primaryImageOfPage\":{\"@id\":\"https:\\\/\\\/dorogimedence.hu\\\/index.php\\\/2022\\\/07\\\/22\\\/korhu-romai-hajo-erkezik-esztergomba\\\/#primaryimage\"},\"image\":{\"@id\":\"https:\\\/\\\/dorogimedence.hu\\\/index.php\\\/2022\\\/07\\\/22\\\/korhu-romai-hajo-erkezik-esztergomba\\\/#primaryimage\"},\"thumbnailUrl\":\"https:\\\/\\\/dorogimedence.hu\\\/wp-content\\\/uploads\\\/2022\\\/07\\\/4-szazadi-hajo.jpg\",\"datePublished\":\"2022-07-22T09:33:09+00:00\",\"dateModified\":\"2022-07-22T09:53:04+00:00\",\"breadcrumb\":{\"@id\":\"https:\\\/\\\/dorogimedence.hu\\\/index.php\\\/2022\\\/07\\\/22\\\/korhu-romai-hajo-erkezik-esztergomba\\\/#breadcrumb\"},\"inLanguage\":\"hu\",\"potentialAction\":[{\"@type\":\"ReadAction\",\"target\":[\"https:\\\/\\\/dorogimedence.hu\\\/index.php\\\/2022\\\/07\\\/22\\\/korhu-romai-hajo-erkezik-esztergomba\\\/\"]}]},{\"@type\":\"ImageObject\",\"inLanguage\":\"hu\",\"@id\":\"https:\\\/\\\/dorogimedence.hu\\\/index.php\\\/2022\\\/07\\\/22\\\/korhu-romai-hajo-erkezik-esztergomba\\\/#primaryimage\",\"url\":\"https:\\\/\\\/dorogimedence.hu\\\/wp-content\\\/uploads\\\/2022\\\/07\\\/4-szazadi-hajo.jpg\",\"contentUrl\":\"https:\\\/\\\/dorogimedence.hu\\\/wp-content\\\/uploads\\\/2022\\\/07\\\/4-szazadi-hajo.jpg\",\"width\":1080,\"height\":628},{\"@type\":\"BreadcrumbList\",\"@id\":\"https:\\\/\\\/dorogimedence.hu\\\/index.php\\\/2022\\\/07\\\/22\\\/korhu-romai-hajo-erkezik-esztergomba\\\/#breadcrumb\",\"itemListElement\":[{\"@type\":\"ListItem\",\"position\":1,\"name\":\"Kezd\u0151lap\",\"item\":\"https:\\\/\\\/dorogimedence.hu\\\/\"},{\"@type\":\"ListItem\",\"position\":2,\"name\":\"Korh\u0171 r\u00f3mai haj\u00f3 \u00e9rkezik Esztergomba\"}]},{\"@type\":\"WebSite\",\"@id\":\"https:\\\/\\\/dorogimedence.hu\\\/#website\",\"url\":\"https:\\\/\\\/dorogimedence.hu\\\/\",\"name\":\"Dorogi-medence Region\u00e1lis H\u00edrport\u00e1l\",\"description\":\"Dorog, Keszt\u00f6lc, Le\u00e1nyv\u00e1r, Piliscs\u00e9v, Tokod, Tokodalt\u00e1r\u00f3, Csolnok, Esztergom-kertv\u00e1ros: h\u00edrek, programok\",\"publisher\":{\"@id\":\"https:\\\/\\\/dorogimedence.hu\\\/#organization\"},\"potentialAction\":[{\"@type\":\"SearchAction\",\"target\":{\"@type\":\"EntryPoint\",\"urlTemplate\":\"https:\\\/\\\/dorogimedence.hu\\\/?s={search_term_string}\"},\"query-input\":{\"@type\":\"PropertyValueSpecification\",\"valueRequired\":true,\"valueName\":\"search_term_string\"}}],\"inLanguage\":\"hu\"},{\"@type\":\"Organization\",\"@id\":\"https:\\\/\\\/dorogimedence.hu\\\/#organization\",\"name\":\"Dorogi-medence Region\u00e1lis H\u00edrport\u00e1l\",\"url\":\"https:\\\/\\\/dorogimedence.hu\\\/\",\"logo\":{\"@type\":\"ImageObject\",\"inLanguage\":\"hu\",\"@id\":\"https:\\\/\\\/dorogimedence.hu\\\/#\\\/schema\\\/logo\\\/image\\\/\",\"url\":\"https:\\\/\\\/dorogimedence.hu\\\/wp-content\\\/uploads\\\/2021\\\/04\\\/logo-feher-600.png\",\"contentUrl\":\"https:\\\/\\\/dorogimedence.hu\\\/wp-content\\\/uploads\\\/2021\\\/04\\\/logo-feher-600.png\",\"width\":600,\"height\":100,\"caption\":\"Dorogi-medence Region\u00e1lis H\u00edrport\u00e1l\"},\"image\":{\"@id\":\"https:\\\/\\\/dorogimedence.hu\\\/#\\\/schema\\\/logo\\\/image\\\/\"},\"sameAs\":[\"https:\\\/\\\/www.facebook.com\\\/dorogimedence\\\/\"]},{\"@type\":\"Person\",\"@id\":\"https:\\\/\\\/dorogimedence.hu\\\/#\\\/schema\\\/person\\\/ce6091eeb7e95ecdc87890d6aa8e0fd4\",\"name\":\"dorogimedence.hu\",\"image\":{\"@type\":\"ImageObject\",\"inLanguage\":\"hu\",\"@id\":\"\\\/\\\/www.gravatar.com\\\/avatar\\\/d8d45f8901aadff40a4af72c0b826f1d?s=96&#038;r=g&#038;d=mm\",\"url\":\"\\\/\\\/www.gravatar.com\\\/avatar\\\/d8d45f8901aadff40a4af72c0b826f1d?s=96&#038;r=g&#038;d=mm\",\"contentUrl\":\"\\\/\\\/www.gravatar.com\\\/avatar\\\/d8d45f8901aadff40a4af72c0b826f1d?s=96&#038;r=g&#038;d=mm\",\"caption\":\"dorogimedence.hu\"}}]}<\/script>\n<!-- \/ Yoast SEO plugin. -->","yoast_head_json":{"title":"Korh\u0171 r\u00f3mai haj\u00f3 \u00e9rkezik Esztergomba","robots":{"index":"index","follow":"follow","max-snippet":"max-snippet:-1","max-image-preview":"max-image-preview:large","max-video-preview":"max-video-preview:-1"},"canonical":"https:\/\/dorogimedence.hu\/index.php\/2022\/07\/22\/korhu-romai-hajo-erkezik-esztergomba\/","og_locale":"hu_HU","og_type":"article","og_title":"Korh\u0171 r\u00f3mai haj\u00f3 \u00e9rkezik Esztergomba","og_description":"Augusztusban egy korh\u0171 r\u00f3mai folyami haj\u00f3 \u00e9rkezik Esztergomba, melyen 24 f\u0151s leg\u00e9nys\u00e9g evez a Dun\u00e1n Ingolstadtt\u00f3l (N\u00e9metorsz\u00e1g) a Fekete-tengerig (Rom\u00e1nia). A haj\u00f3 a Living Danube Limes Interreg projekt keret\u00e9ben megval\u00f3sul\u00f3 orsz\u00e1gokon \u00e1t\u00edvel\u0151 program r\u00e9sze, melynek els\u0151dleges c\u00e9lja, hogy felh\u00edvja a figyelmet a r\u00f3mai limes \u00fatvonal\u00e1nak eml\u00e9keire, egy\u00fattal el\u0151h\u00edvja \u00e9s t\u00e1mogassa az egy\u00fcttm\u0171k\u00f6d\u00e9st az \u00e9rintett dunamenti","og_url":"https:\/\/dorogimedence.hu\/index.php\/2022\/07\/22\/korhu-romai-hajo-erkezik-esztergomba\/","og_site_name":"Dorogi-medence Region\u00e1lis H\u00edrport\u00e1l","article_publisher":"https:\/\/www.facebook.com\/dorogimedence\/","article_published_time":"2022-07-22T09:33:09+00:00","article_modified_time":"2022-07-22T09:53:04+00:00","og_image":[{"width":1080,"height":628,"url":"https:\/\/i0.wp.com\/dorogimedence.hu\/wp-content\/uploads\/2022\/07\/4-szazadi-hajo.jpg?fit=1080%2C628&ssl=1","type":"image\/jpeg"}],"author":"dorogimedence.hu","twitter_card":"summary_large_image","twitter_misc":{"Szerz\u0151:":"dorogimedence.hu","Becs\u00fclt olvas\u00e1si id\u0151":"1 perc"},"schema":{"@context":"https:\/\/schema.org","@graph":[{"@type":"Article","@id":"https:\/\/dorogimedence.hu\/index.php\/2022\/07\/22\/korhu-romai-hajo-erkezik-esztergomba\/#article","isPartOf":{"@id":"https:\/\/dorogimedence.hu\/index.php\/2022\/07\/22\/korhu-romai-hajo-erkezik-esztergomba\/"},"author":{"name":"dorogimedence.hu","@id":"https:\/\/dorogimedence.hu\/#\/schema\/person\/ce6091eeb7e95ecdc87890d6aa8e0fd4"},"headline":"Korh\u0171 r\u00f3mai haj\u00f3 \u00e9rkezik Esztergomba","datePublished":"2022-07-22T09:33:09+00:00","dateModified":"2022-07-22T09:53:04+00:00","mainEntityOfPage":{"@id":"https:\/\/dorogimedence.hu\/index.php\/2022\/07\/22\/korhu-romai-hajo-erkezik-esztergomba\/"},"wordCount":245,"publisher":{"@id":"https:\/\/dorogimedence.hu\/#organization"},"image":{"@id":"https:\/\/dorogimedence.hu\/index.php\/2022\/07\/22\/korhu-romai-hajo-erkezik-esztergomba\/#primaryimage"},"thumbnailUrl":"https:\/\/dorogimedence.hu\/wp-content\/uploads\/2022\/07\/4-szazadi-hajo.jpg","keywords":["esztergom","haj\u00f3"],"articleSection":["Esztergom","H\u00edrek"],"inLanguage":"hu"},{"@type":"WebPage","@id":"https:\/\/dorogimedence.hu\/index.php\/2022\/07\/22\/korhu-romai-hajo-erkezik-esztergomba\/","url":"https:\/\/dorogimedence.hu\/index.php\/2022\/07\/22\/korhu-romai-hajo-erkezik-esztergomba\/","name":"Korh\u0171 r\u00f3mai haj\u00f3 \u00e9rkezik Esztergomba","isPartOf":{"@id":"https:\/\/dorogimedence.hu\/#website"},"primaryImageOfPage":{"@id":"https:\/\/dorogimedence.hu\/index.php\/2022\/07\/22\/korhu-romai-hajo-erkezik-esztergomba\/#primaryimage"},"image":{"@id":"https:\/\/dorogimedence.hu\/index.php\/2022\/07\/22\/korhu-romai-hajo-erkezik-esztergomba\/#primaryimage"},"thumbnailUrl":"https:\/\/dorogimedence.hu\/wp-content\/uploads\/2022\/07\/4-szazadi-hajo.jpg","datePublished":"2022-07-22T09:33:09+00:00","dateModified":"2022-07-22T09:53:04+00:00","breadcrumb":{"@id":"https:\/\/dorogimedence.hu\/index.php\/2022\/07\/22\/korhu-romai-hajo-erkezik-esztergomba\/#breadcrumb"},"inLanguage":"hu","potentialAction":[{"@type":"ReadAction","target":["https:\/\/dorogimedence.hu\/index.php\/2022\/07\/22\/korhu-romai-hajo-erkezik-esztergomba\/"]}]},{"@type":"ImageObject","inLanguage":"hu","@id":"https:\/\/dorogimedence.hu\/index.php\/2022\/07\/22\/korhu-romai-hajo-erkezik-esztergomba\/#primaryimage","url":"https:\/\/dorogimedence.hu\/wp-content\/uploads\/2022\/07\/4-szazadi-hajo.jpg","contentUrl":"https:\/\/dorogimedence.hu\/wp-content\/uploads\/2022\/07\/4-szazadi-hajo.jpg","width":1080,"height":628},{"@type":"BreadcrumbList","@id":"https:\/\/dorogimedence.hu\/index.php\/2022\/07\/22\/korhu-romai-hajo-erkezik-esztergomba\/#breadcrumb","itemListElement":[{"@type":"ListItem","position":1,"name":"Kezd\u0151lap","item":"https:\/\/dorogimedence.hu\/"},{"@type":"ListItem","position":2,"name":"Korh\u0171 r\u00f3mai haj\u00f3 \u00e9rkezik Esztergomba"}]},{"@type":"WebSite","@id":"https:\/\/dorogimedence.hu\/#website","url":"https:\/\/dorogimedence.hu\/","name":"Dorogi-medence Region\u00e1lis H\u00edrport\u00e1l","description":"Dorog, Keszt\u00f6lc, Le\u00e1nyv\u00e1r, Piliscs\u00e9v, Tokod, Tokodalt\u00e1r\u00f3, Csolnok, Esztergom-kertv\u00e1ros: h\u00edrek, programok","publisher":{"@id":"https:\/\/dorogimedence.hu\/#organization"},"potentialAction":[{"@type":"SearchAction","target":{"@type":"EntryPoint","urlTemplate":"https:\/\/dorogimedence.hu\/?s={search_term_string}"},"query-input":{"@type":"PropertyValueSpecification","valueRequired":true,"valueName":"search_term_string"}}],"inLanguage":"hu"},{"@type":"Organization","@id":"https:\/\/dorogimedence.hu\/#organization","name":"Dorogi-medence Region\u00e1lis H\u00edrport\u00e1l","url":"https:\/\/dorogimedence.hu\/","logo":{"@type":"ImageObject","inLanguage":"hu","@id":"https:\/\/dorogimedence.hu\/#\/schema\/logo\/image\/","url":"https:\/\/dorogimedence.hu\/wp-content\/uploads\/2021\/04\/logo-feher-600.png","contentUrl":"https:\/\/dorogimedence.hu\/wp-content\/uploads\/2021\/04\/logo-feher-600.png","width":600,"height":100,"caption":"Dorogi-medence Region\u00e1lis H\u00edrport\u00e1l"},"image":{"@id":"https:\/\/dorogimedence.hu\/#\/schema\/logo\/image\/"},"sameAs":["https:\/\/www.facebook.com\/dorogimedence\/"]},{"@type":"Person","@id":"https:\/\/dorogimedence.hu\/#\/schema\/person\/ce6091eeb7e95ecdc87890d6aa8e0fd4","name":"dorogimedence.hu","image":{"@type":"ImageObject","inLanguage":"hu","@id":"\/\/www.gravatar.com\/avatar\/d8d45f8901aadff40a4af72c0b826f1d?s=96&#038;r=g&#038;d=mm","url":"\/\/www.gravatar.com\/avatar\/d8d45f8901aadff40a4af72c0b826f1d?s=96&#038;r=g&#038;d=mm","contentUrl":"\/\/www.gravatar.com\/avatar\/d8d45f8901aadff40a4af72c0b826f1d?s=96&#038;r=g&#038;d=mm","caption":"dorogimedence.hu"}}]}},"_links":{"self":[{"href":"https:\/\/dorogimedence.hu\/index.php\/wp-json\/wp\/v2\/posts\/44974","targetHints":{"allow":["GET"]}}],"collection":[{"href":"https:\/\/dorogimedence.hu\/index.php\/wp-json\/wp\/v2\/posts"}],"about":[{"href":"https:\/\/dorogimedence.hu\/index.php\/wp-json\/wp\/v2\/types\/post"}],"author":[{"embeddable":true,"href":"https:\/\/dorogimedence.hu\/index.php\/wp-json\/wp\/v2\/users\/1"}],"replies":[{"embeddable":true,"href":"https:\/\/dorogimedence.hu\/index.php\/wp-json\/wp\/v2\/comments?post=44974"}],"version-history":[{"count":0,"href":"https:\/\/dorogimedence.hu\/index.php\/wp-json\/wp\/v2\/posts\/44974\/revisions"}],"wp:featuredmedia":[{"embeddable":true,"href":"https:\/\/dorogimedence.hu\/index.php\/wp-json\/wp\/v2\/media\/44975"}],"wp:attachment":[{"href":"https:\/\/dorogimedence.hu\/index.php\/wp-json\/wp\/v2\/media?parent=44974"}],"wp:term":[{"taxonomy":"category","embeddable":true,"href":"https:\/\/dorogimedence.hu\/index.php\/wp-json\/wp\/v2\/categories?post=44974"},{"taxonomy":"post_tag","embeddable":true,"href":"https:\/\/dorogimedence.hu\/index.php\/wp-json\/wp\/v2\/tags?post=44974"}],"curies":[{"name":"wp","href":"https:\/\/api.w.org\/{rel}","templated":true}]}}