{"id":44954,"date":"2020-10-21T15:22:15","date_gmt":"2020-10-21T13:22:15","guid":{"rendered":"https:\/\/dorogimedence.hu\/?p=44954"},"modified":"2022-08-24T15:10:25","modified_gmt":"2022-08-24T13:10:25","slug":"paudits-patrik-ismet-a-dorogi-fc-jatekosa","status":"publish","type":"post","link":"https:\/\/dorogimedence.hu\/index.php\/2020\/10\/21\/paudits-patrik-ismet-a-dorogi-fc-jatekosa\/","title":{"rendered":"Paudits Patrik ism\u00e9t a Dorogi FC j\u00e1t\u00e9kosa"},"content":{"rendered":"<p class=\"p3\"><strong>Paudits Patrik, 28 \u00e9ves labdar\u00fag\u00f3 j\u00e1t\u00e9kos, t\u00e1mad\u00f3 poz\u00edci\u00f3t t\u00f6lt be jelenleg a Dorogi FC-n\u00e9l.<\/strong><\/p>\n<p class=\"p3\">P\u00e1lyafut\u00e1s\u00e1t igaz\u00e1n a Pusk\u00e1s Akad\u00e9mia FC Yth.-ban kezdte meg, k\u00e9s\u0151bb 2010 j\u00falius\u00e1ban m\u00e1r Videoton U17 csapat\u00e1hoz tartozott. Paudits ezekben a csapatokban folytatta tud\u00e1s\u00e1nak gyarap\u00edt\u00e1s\u00e1t \u00e9s a labdar\u00fag\u00e1sban val\u00f3 gyakorlat\u00e1t. A Videoton-t\u00f3l el\u0151sz\u00f6r 2016 febru\u00e1rj\u00e1ban v\u00e1lt el, amikor is \u00e1tment a BFC Si\u00f3fokhoz. Innen Paudits \u00fatja visszavezetett a Videoton-hoz egy p\u00e1r alkalommal. Majd Cs\u00e1kv\u00e1r csapat\u00e1hoz is eljutott, illetve Zalaegerszegbe is. Egy\u00e9bk\u00e9nt k\u00fcl\u00f6nb\u00f6z\u0151 labdar\u00fag\u00f3 csapatokr\u00f3l \u00e9s meccsekr\u0151l b\u0151vebb inform\u00e1ci\u00f3t tal\u00e1lhatunk a <a href=\"https:\/\/www.xn--bnuszkd-l0af.com\/bet365-regisztracio\/\" target=\"_blank\" rel=\"noopener\"><span class=\"s1\"><span style=\"text-decoration: underline; color: #0000ff;\">https:\/\/www.xn--bnuszkd-l0af.com\/bet365-regisztracio\/<\/span><\/span><\/a> <span class=\"s3\">oldal\u00e1n. Mindenesetre \u00edgy <\/span>alakult Paudits Patrik p\u00e1lyafut\u00e1sa eg\u00e9szen 2018 j\u00falius\u00e1ig, amikor is a Dorog csapat\u00e1hoz el\u0151sz\u00f6r meg\u00e9rkezett. Itt jelent\u0151s g\u00f3lokat k\u00f6sz\u00f6nhetett a csapat Paudits Patriknak. Abban az \u00e9vben, 2018 december\u00e9ben, Paudits k\u00f6z\u00f6ss\u00e9gi oldal\u00e1n a k\u00f6vetkez\u0151 gondolatok voltak megfogalmazva egy labdar\u00fag\u00f3s meccsen k\u00e9sz\u00fclt k\u00e9p alatt:<span class=\"Apple-converted-space\">&nbsp; <\/span><span class=\"s4\">\u201e<\/span>Nem \u00e9rdekel, j\u00f3-e vagy rossz, amit teszek. Nem sz\u00e1m\u00edt, hogy mit rejt sz\u00e1momra a j\u00f6v\u0151. Ez az \u00e9n utam.\u201d<\/p>\n<p class=\"p3\">Ezek alapj\u00e1n \u00fagy t\u0171nik, hogy Paudits el\u00e9gedett volt \u00fatj\u00e1nak \u00edr\u00e1ny\u00e1val \u00e9s igazgat\u00e1s\u00e1val. Ez abban is megl\u00e1tszik, hogy k\u00e9t \u00e9vet a Dorogi FC-n\u00e9l maradt \u00e9s csak azt k\u00f6vet\u0151en 2020 J\u00falius\u00e1ban szerz\u0151d\u00f6tt \u00e1t a B\u00e9k\u00e9scsabai csapathoz. Itt m\u00e1sik nem eg\u00e9szen k\u00e9t \u00e9vet leh\u00fazott, 2022 febru\u00e1rj\u00e1ban azonban a Kecskem\u00e9ti csapathoz \u00e1tigazolt, amelyr\u0151l nagyon v\u00edgan nyilatkozott a Kecskem\u00e9ti TE: <a href=\"https:\/\/www.kecskemetite.hu\/hirek\/archivum\/golvago-erkezett-paudits-patrik-szemelyeben\" target=\"_blank\" rel=\"noopener\"><span class=\"s5\"><span style=\"text-decoration: underline; color: #0000ff;\">G\u00f3lv\u00e1g\u00f3 \u00e9rkezett Paudits Patrik szem\u00e9ly\u00e9ben<\/span><\/span><\/a>. Onnan viszont nem eg\u00e9szen hat h\u00f3nappal k\u00e9s\u0151bb kil\u00e9pett Paudits, hogy most 2022 j\u00falius\u00e1ban visszat\u00e9rjen a Dorogi FC-hez. Err\u0151l nagy lelkesed\u00e9ssel \u00edrt a Dorogi FC saj\u00e1t oldal\u00e1n, \u00e9s a k\u00f6vetkez\u0151 biztat\u00e1ssal fogadta ism\u00e9t a csapatban: <span class=\"s4\">\u201ehajr\u00e1 Pau, hajr\u00e1 Dorog!\u201d<\/span>, kiemelve a t\u00e9nyt hogy Paudits Patrik a k\u00e9t kor\u00e1bbi \u00e9v sor\u00e1n mikor a Dorogi FC-n\u00e9l j\u00e1tszott nem kevesebb mint 20 g\u00f3llal seg\u00edtette a csapatot m\u00e1sodoszt\u00e1lyban. Az eltelt k\u00e9t \u00e9v alatt am\u00edg m\u00e1shol j\u00e1tszott is zsebelt be sikereket, t\u00f6bbek k\u00f6z\u00f6tt az NB2 ez\u00fcst\u00e9rmese lett. M\u00e9g <a href=\"https:\/\/dorogifc.hu\/paudits-itt-megbecsultek-es-szerettek\/\" target=\"_blank\" rel=\"noopener\"><span class=\"s5\"><span style=\"text-decoration: underline; color: #0000ff;\">egy interj\u00fa is k\u00e9sz\u00fclt a dorogifc.hu \u00e1ltal<\/span><\/span><\/a> melyben Paudits kifejti, hogy milyen j\u00f3\u00e9rz\u00e9sekkel t\u00e9r vissza Dorogba, ugyan Kecskem\u00e9ten is remek \u00e9lmenyeket szerzett \u00e9s embereket ismert meg.<\/p>\n<p class=\"p3\">\u00cdgy h\u00e1t van bizony ok arra, hogy azt rem\u00e9lj\u00fck a Dorogi FC csapat\u00e1ban mint csat\u00e1r ism\u00e9t j\u00f3 eredm\u00e9nyeket hozzon a csapatnak Paudits, elmond\u00e1sa szerint saj\u00e1t neki is ez lenne a c\u00e9lja, hogy ak\u00e1r m\u00e9g jobban teljes\u00edtsen mint az azt megel\u0151z\u0151 \u00e9vekben. Egy\u00e9bk\u00e9nt V\u00edgh \u00c1d\u00e1m valamint Magyari Szil\u00e1rd mellett ker\u00fclt be harmadikk\u00e9nt t\u00e1mad\u00f3nak Paudits 9-es sz\u00e1m\u00fa mezzel. Az edz\u00e9sek sz\u00e1m\u00e1ra is megkezd\u0151dtek j\u00falius elej\u00e9t\u0151l \u00e9s hamar m\u00e1r j\u00falius 9.-\u00e9n bizony\u00edtani is tudott a csapatnak mikoris a szlov\u00e1k m\u00e1sodvonalb\u00f3l \u00e9rkez\u0151 ellenf\u00e9llel szemben k\u00e9tg\u00f3los h\u00e1tr\u00e1nyb\u00f3l ford\u00edtott a Dorogi FC, ebb\u0151l Magyari Szil\u00e1rd dupl\u00e1t, k\u00f6z\u00e9pp\u00e1ly\u00e1s Albert \u00c1d\u00e1m, Paudits Patrik szimpl\u00e1t v\u00e1llalt \u00e9s \u00edgy nyerte meg a meccset 4-3-ra Dorog. Az els\u0151 g\u00f3lja \u00edgy Pauditsnak meg is lett, de nem az utols\u00f3 ami a j\u00falius 16.-ai meccsen ki is der\u00fclt. Ezen a napon a dorogi csapat k\u00e9t meccset is megv\u00edvott. Az els\u0151 igaz\u00e1b\u00f3l edz\u0151m\u00e9rk\u0151z\u00e9sen az NB3-as tatab\u00e1nyai csapatot gy\u0151zte le Dorog 0-1-re. Az ezt k\u00f6vet\u0151 <span class=\"s4\">Dru\u017estevn\u00edk Ve\u013ek\u00e9 Ludince csapat ellen aratott gy\u0151zelmet Szedl\u00e1r Zolt\u00e1n illetve Paudits g\u00f3lja hozta meg a csapatnak. Ha m\u00e1r ilyen hamar g\u00f3lokat szerez Paudits, k\u00edv\u00e1ncsiak vagyunk mit \u00e9rhet el a csapat m\u00e9g k\u00f6z\u00f6sen a tov\u00e1bbi meccseken!<\/span><\/p>\n<p><em>Bor\u00edt\u00f3k\u00e9p: dorogifc.hu<\/em><\/p>\n<p><em>Felh\u00edvjuk az olvas\u00f3k figyelm\u00e9t, hogy Magyarorsz\u00e1gon a 18 \u00e9v alattiak \u2013 a nem folyamatosan szervezett sorsol\u00e1sos j\u00e1t\u00e9k (tombola) kiv\u00e9tel\u00e9vel \u2013 szerencsej\u00e1t\u00e9kban nem vehetnek r\u00e9szt. A t\u00falz\u00e1sba vitt szerencsej\u00e1t\u00e9k pedig \u00e1rtalmas, szenved\u00e9lybetegs\u00e9g kialakul\u00e1s\u00e1hoz vezethet!<\/em><\/p>\n","protected":false},"excerpt":{"rendered":"<p>Paudits Patrik, 28 \u00e9ves labdar\u00fag\u00f3 j\u00e1t\u00e9kos, t\u00e1mad\u00f3 poz\u00edci\u00f3t t\u00f6lt be jelenleg a Dorogi FC-n\u00e9l. P\u00e1lyafut\u00e1s\u00e1t igaz\u00e1n a Pusk\u00e1s Akad\u00e9mia FC Yth.-ban kezdte meg, k\u00e9s\u0151bb 2010 j\u00falius\u00e1ban m\u00e1r Videoton U17 csapat\u00e1hoz tartozott. Paudits ezekben a csapatokban folytatta tud\u00e1s\u00e1nak gyarap\u00edt\u00e1s\u00e1t \u00e9s a labdar\u00fag\u00e1sban val\u00f3 gyakorlat\u00e1t. A Videoton-t\u00f3l el\u0151sz\u00f6r 2016 febru\u00e1rj\u00e1ban v\u00e1lt el, amikor is \u00e1tment a BFC<\/p>\n","protected":false},"author":1,"featured_media":44955,"comment_status":"closed","ping_status":"closed","sticky":false,"template":"","format":"standard","meta":{"ngg_post_thumbnail":0,"footnotes":""},"categories":[2,3,5],"tags":[15,37,70,69,72,478,16],"class_list":{"0":"post-44954","1":"post","2":"type-post","3":"status-publish","4":"format-standard","5":"has-post-thumbnail","7":"category-dorog","8":"category-hirek","9":"category-sport","10":"tag-dorog","11":"tag-dorogi-fc","12":"tag-foci","13":"tag-futball","14":"tag-labdarugas","15":"tag-nbii","16":"tag-sport"},"yoast_head":"<!-- This site is optimized with the Yoast SEO plugin v27.5 - https:\/\/yoast.com\/product\/yoast-seo-wordpress\/ -->\n<title>Paudits Patrik ism\u00e9t a Dorogi FC j\u00e1t\u00e9kosa<\/title>\n<meta name=\"robots\" content=\"index, follow, max-snippet:-1, max-image-preview:large, max-video-preview:-1\" \/>\n<link rel=\"canonical\" href=\"https:\/\/dorogimedence.hu\/index.php\/2020\/10\/21\/paudits-patrik-ismet-a-dorogi-fc-jatekosa\/\" class=\"yoast-seo-meta-tag\" \/>\n<meta property=\"og:locale\" content=\"hu_HU\" class=\"yoast-seo-meta-tag\" \/>\n<meta property=\"og:type\" content=\"article\" class=\"yoast-seo-meta-tag\" \/>\n<meta property=\"og:title\" content=\"Paudits Patrik ism\u00e9t a Dorogi FC j\u00e1t\u00e9kosa\" class=\"yoast-seo-meta-tag\" \/>\n<meta property=\"og:description\" content=\"Paudits Patrik, 28 \u00e9ves labdar\u00fag\u00f3 j\u00e1t\u00e9kos, t\u00e1mad\u00f3 poz\u00edci\u00f3t t\u00f6lt be jelenleg a Dorogi FC-n\u00e9l. P\u00e1lyafut\u00e1s\u00e1t igaz\u00e1n a Pusk\u00e1s Akad\u00e9mia FC Yth.-ban kezdte meg, k\u00e9s\u0151bb 2010 j\u00falius\u00e1ban m\u00e1r Videoton U17 csapat\u00e1hoz tartozott. Paudits ezekben a csapatokban folytatta tud\u00e1s\u00e1nak gyarap\u00edt\u00e1s\u00e1t \u00e9s a labdar\u00fag\u00e1sban val\u00f3 gyakorlat\u00e1t. A Videoton-t\u00f3l el\u0151sz\u00f6r 2016 febru\u00e1rj\u00e1ban v\u00e1lt el, amikor is \u00e1tment a BFC\" class=\"yoast-seo-meta-tag\" \/>\n<meta property=\"og:url\" content=\"https:\/\/dorogimedence.hu\/index.php\/2020\/10\/21\/paudits-patrik-ismet-a-dorogi-fc-jatekosa\/\" class=\"yoast-seo-meta-tag\" \/>\n<meta property=\"og:site_name\" content=\"Dorogi-medence Region\u00e1lis H\u00edrport\u00e1l\" class=\"yoast-seo-meta-tag\" \/>\n<meta property=\"article:publisher\" content=\"https:\/\/www.facebook.com\/dorogimedence\/\" class=\"yoast-seo-meta-tag\" \/>\n<meta property=\"article:published_time\" content=\"2020-10-21T13:22:15+00:00\" class=\"yoast-seo-meta-tag\" \/>\n<meta property=\"article:modified_time\" content=\"2022-08-24T13:10:25+00:00\" class=\"yoast-seo-meta-tag\" \/>\n<meta property=\"og:image\" content=\"https:\/\/i0.wp.com\/dorogimedence.hu\/wp-content\/uploads\/2022\/07\/IMG_4034-1536x1024-1.jpg?fit=1536%2C1024&ssl=1\" class=\"yoast-seo-meta-tag\" \/>\n\t<meta property=\"og:image:width\" content=\"1536\" class=\"yoast-seo-meta-tag\" \/>\n\t<meta property=\"og:image:height\" content=\"1024\" class=\"yoast-seo-meta-tag\" \/>\n\t<meta property=\"og:image:type\" content=\"image\/jpeg\" class=\"yoast-seo-meta-tag\" \/>\n<meta name=\"author\" content=\"dorogimedence.hu\" class=\"yoast-seo-meta-tag\" \/>\n<meta name=\"twitter:card\" content=\"summary_large_image\" class=\"yoast-seo-meta-tag\" \/>\n<meta name=\"twitter:label1\" content=\"Szerz\u0151:\" class=\"yoast-seo-meta-tag\" \/>\n\t<meta name=\"twitter:data1\" content=\"dorogimedence.hu\" class=\"yoast-seo-meta-tag\" \/>\n\t<meta name=\"twitter:label2\" content=\"Becs\u00fclt olvas\u00e1si id\u0151\" class=\"yoast-seo-meta-tag\" \/>\n\t<meta name=\"twitter:data2\" content=\"4 perc\" class=\"yoast-seo-meta-tag\" \/>\n<script type=\"application\/ld+json\" class=\"yoast-schema-graph\">{\"@context\":\"https:\\\/\\\/schema.org\",\"@graph\":[{\"@type\":\"Article\",\"@id\":\"https:\\\/\\\/dorogimedence.hu\\\/index.php\\\/2020\\\/10\\\/21\\\/paudits-patrik-ismet-a-dorogi-fc-jatekosa\\\/#article\",\"isPartOf\":{\"@id\":\"https:\\\/\\\/dorogimedence.hu\\\/index.php\\\/2020\\\/10\\\/21\\\/paudits-patrik-ismet-a-dorogi-fc-jatekosa\\\/\"},\"author\":{\"name\":\"dorogimedence.hu\",\"@id\":\"https:\\\/\\\/dorogimedence.hu\\\/#\\\/schema\\\/person\\\/ce6091eeb7e95ecdc87890d6aa8e0fd4\"},\"headline\":\"Paudits Patrik ism\u00e9t a Dorogi FC j\u00e1t\u00e9kosa\",\"datePublished\":\"2020-10-21T13:22:15+00:00\",\"dateModified\":\"2022-08-24T13:10:25+00:00\",\"mainEntityOfPage\":{\"@id\":\"https:\\\/\\\/dorogimedence.hu\\\/index.php\\\/2020\\\/10\\\/21\\\/paudits-patrik-ismet-a-dorogi-fc-jatekosa\\\/\"},\"wordCount\":808,\"publisher\":{\"@id\":\"https:\\\/\\\/dorogimedence.hu\\\/#organization\"},\"image\":{\"@id\":\"https:\\\/\\\/dorogimedence.hu\\\/index.php\\\/2020\\\/10\\\/21\\\/paudits-patrik-ismet-a-dorogi-fc-jatekosa\\\/#primaryimage\"},\"thumbnailUrl\":\"https:\\\/\\\/dorogimedence.hu\\\/wp-content\\\/uploads\\\/2022\\\/07\\\/IMG_4034-1536x1024-1.jpg\",\"keywords\":[\"Dorog\",\"Dorogi FC\",\"foci\",\"futball\",\"labdar\u00fag\u00e1s\",\"NBII\",\"sport\"],\"articleSection\":[\"Dorog\",\"H\u00edrek\",\"Sport\"],\"inLanguage\":\"hu\"},{\"@type\":\"WebPage\",\"@id\":\"https:\\\/\\\/dorogimedence.hu\\\/index.php\\\/2020\\\/10\\\/21\\\/paudits-patrik-ismet-a-dorogi-fc-jatekosa\\\/\",\"url\":\"https:\\\/\\\/dorogimedence.hu\\\/index.php\\\/2020\\\/10\\\/21\\\/paudits-patrik-ismet-a-dorogi-fc-jatekosa\\\/\",\"name\":\"Paudits Patrik ism\u00e9t a Dorogi FC j\u00e1t\u00e9kosa\",\"isPartOf\":{\"@id\":\"https:\\\/\\\/dorogimedence.hu\\\/#website\"},\"primaryImageOfPage\":{\"@id\":\"https:\\\/\\\/dorogimedence.hu\\\/index.php\\\/2020\\\/10\\\/21\\\/paudits-patrik-ismet-a-dorogi-fc-jatekosa\\\/#primaryimage\"},\"image\":{\"@id\":\"https:\\\/\\\/dorogimedence.hu\\\/index.php\\\/2020\\\/10\\\/21\\\/paudits-patrik-ismet-a-dorogi-fc-jatekosa\\\/#primaryimage\"},\"thumbnailUrl\":\"https:\\\/\\\/dorogimedence.hu\\\/wp-content\\\/uploads\\\/2022\\\/07\\\/IMG_4034-1536x1024-1.jpg\",\"datePublished\":\"2020-10-21T13:22:15+00:00\",\"dateModified\":\"2022-08-24T13:10:25+00:00\",\"breadcrumb\":{\"@id\":\"https:\\\/\\\/dorogimedence.hu\\\/index.php\\\/2020\\\/10\\\/21\\\/paudits-patrik-ismet-a-dorogi-fc-jatekosa\\\/#breadcrumb\"},\"inLanguage\":\"hu\",\"potentialAction\":[{\"@type\":\"ReadAction\",\"target\":[\"https:\\\/\\\/dorogimedence.hu\\\/index.php\\\/2020\\\/10\\\/21\\\/paudits-patrik-ismet-a-dorogi-fc-jatekosa\\\/\"]}]},{\"@type\":\"ImageObject\",\"inLanguage\":\"hu\",\"@id\":\"https:\\\/\\\/dorogimedence.hu\\\/index.php\\\/2020\\\/10\\\/21\\\/paudits-patrik-ismet-a-dorogi-fc-jatekosa\\\/#primaryimage\",\"url\":\"https:\\\/\\\/dorogimedence.hu\\\/wp-content\\\/uploads\\\/2022\\\/07\\\/IMG_4034-1536x1024-1.jpg\",\"contentUrl\":\"https:\\\/\\\/dorogimedence.hu\\\/wp-content\\\/uploads\\\/2022\\\/07\\\/IMG_4034-1536x1024-1.jpg\",\"width\":1536,\"height\":1024},{\"@type\":\"BreadcrumbList\",\"@id\":\"https:\\\/\\\/dorogimedence.hu\\\/index.php\\\/2020\\\/10\\\/21\\\/paudits-patrik-ismet-a-dorogi-fc-jatekosa\\\/#breadcrumb\",\"itemListElement\":[{\"@type\":\"ListItem\",\"position\":1,\"name\":\"Kezd\u0151lap\",\"item\":\"https:\\\/\\\/dorogimedence.hu\\\/\"},{\"@type\":\"ListItem\",\"position\":2,\"name\":\"Paudits Patrik ism\u00e9t a Dorogi FC j\u00e1t\u00e9kosa\"}]},{\"@type\":\"WebSite\",\"@id\":\"https:\\\/\\\/dorogimedence.hu\\\/#website\",\"url\":\"https:\\\/\\\/dorogimedence.hu\\\/\",\"name\":\"Dorogi-medence Region\u00e1lis H\u00edrport\u00e1l\",\"description\":\"Dorog, Keszt\u00f6lc, Le\u00e1nyv\u00e1r, Piliscs\u00e9v, Tokod, Tokodalt\u00e1r\u00f3, Csolnok, Esztergom-kertv\u00e1ros: h\u00edrek, programok\",\"publisher\":{\"@id\":\"https:\\\/\\\/dorogimedence.hu\\\/#organization\"},\"potentialAction\":[{\"@type\":\"SearchAction\",\"target\":{\"@type\":\"EntryPoint\",\"urlTemplate\":\"https:\\\/\\\/dorogimedence.hu\\\/?s={search_term_string}\"},\"query-input\":{\"@type\":\"PropertyValueSpecification\",\"valueRequired\":true,\"valueName\":\"search_term_string\"}}],\"inLanguage\":\"hu\"},{\"@type\":\"Organization\",\"@id\":\"https:\\\/\\\/dorogimedence.hu\\\/#organization\",\"name\":\"Dorogi-medence Region\u00e1lis H\u00edrport\u00e1l\",\"url\":\"https:\\\/\\\/dorogimedence.hu\\\/\",\"logo\":{\"@type\":\"ImageObject\",\"inLanguage\":\"hu\",\"@id\":\"https:\\\/\\\/dorogimedence.hu\\\/#\\\/schema\\\/logo\\\/image\\\/\",\"url\":\"https:\\\/\\\/dorogimedence.hu\\\/wp-content\\\/uploads\\\/2021\\\/04\\\/logo-feher-600.png\",\"contentUrl\":\"https:\\\/\\\/dorogimedence.hu\\\/wp-content\\\/uploads\\\/2021\\\/04\\\/logo-feher-600.png\",\"width\":600,\"height\":100,\"caption\":\"Dorogi-medence Region\u00e1lis H\u00edrport\u00e1l\"},\"image\":{\"@id\":\"https:\\\/\\\/dorogimedence.hu\\\/#\\\/schema\\\/logo\\\/image\\\/\"},\"sameAs\":[\"https:\\\/\\\/www.facebook.com\\\/dorogimedence\\\/\"]},{\"@type\":\"Person\",\"@id\":\"https:\\\/\\\/dorogimedence.hu\\\/#\\\/schema\\\/person\\\/ce6091eeb7e95ecdc87890d6aa8e0fd4\",\"name\":\"dorogimedence.hu\",\"image\":{\"@type\":\"ImageObject\",\"inLanguage\":\"hu\",\"@id\":\"\\\/\\\/www.gravatar.com\\\/avatar\\\/d8d45f8901aadff40a4af72c0b826f1d?s=96&#038;r=g&#038;d=mm\",\"url\":\"\\\/\\\/www.gravatar.com\\\/avatar\\\/d8d45f8901aadff40a4af72c0b826f1d?s=96&#038;r=g&#038;d=mm\",\"contentUrl\":\"\\\/\\\/www.gravatar.com\\\/avatar\\\/d8d45f8901aadff40a4af72c0b826f1d?s=96&#038;r=g&#038;d=mm\",\"caption\":\"dorogimedence.hu\"}}]}<\/script>\n<!-- \/ Yoast SEO plugin. -->","yoast_head_json":{"title":"Paudits Patrik ism\u00e9t a Dorogi FC j\u00e1t\u00e9kosa","robots":{"index":"index","follow":"follow","max-snippet":"max-snippet:-1","max-image-preview":"max-image-preview:large","max-video-preview":"max-video-preview:-1"},"canonical":"https:\/\/dorogimedence.hu\/index.php\/2020\/10\/21\/paudits-patrik-ismet-a-dorogi-fc-jatekosa\/","og_locale":"hu_HU","og_type":"article","og_title":"Paudits Patrik ism\u00e9t a Dorogi FC j\u00e1t\u00e9kosa","og_description":"Paudits Patrik, 28 \u00e9ves labdar\u00fag\u00f3 j\u00e1t\u00e9kos, t\u00e1mad\u00f3 poz\u00edci\u00f3t t\u00f6lt be jelenleg a Dorogi FC-n\u00e9l. P\u00e1lyafut\u00e1s\u00e1t igaz\u00e1n a Pusk\u00e1s Akad\u00e9mia FC Yth.-ban kezdte meg, k\u00e9s\u0151bb 2010 j\u00falius\u00e1ban m\u00e1r Videoton U17 csapat\u00e1hoz tartozott. Paudits ezekben a csapatokban folytatta tud\u00e1s\u00e1nak gyarap\u00edt\u00e1s\u00e1t \u00e9s a labdar\u00fag\u00e1sban val\u00f3 gyakorlat\u00e1t. A Videoton-t\u00f3l el\u0151sz\u00f6r 2016 febru\u00e1rj\u00e1ban v\u00e1lt el, amikor is \u00e1tment a BFC","og_url":"https:\/\/dorogimedence.hu\/index.php\/2020\/10\/21\/paudits-patrik-ismet-a-dorogi-fc-jatekosa\/","og_site_name":"Dorogi-medence Region\u00e1lis H\u00edrport\u00e1l","article_publisher":"https:\/\/www.facebook.com\/dorogimedence\/","article_published_time":"2020-10-21T13:22:15+00:00","article_modified_time":"2022-08-24T13:10:25+00:00","og_image":[{"width":1536,"height":1024,"url":"https:\/\/i0.wp.com\/dorogimedence.hu\/wp-content\/uploads\/2022\/07\/IMG_4034-1536x1024-1.jpg?fit=1536%2C1024&ssl=1","type":"image\/jpeg"}],"author":"dorogimedence.hu","twitter_card":"summary_large_image","twitter_misc":{"Szerz\u0151:":"dorogimedence.hu","Becs\u00fclt olvas\u00e1si id\u0151":"4 perc"},"schema":{"@context":"https:\/\/schema.org","@graph":[{"@type":"Article","@id":"https:\/\/dorogimedence.hu\/index.php\/2020\/10\/21\/paudits-patrik-ismet-a-dorogi-fc-jatekosa\/#article","isPartOf":{"@id":"https:\/\/dorogimedence.hu\/index.php\/2020\/10\/21\/paudits-patrik-ismet-a-dorogi-fc-jatekosa\/"},"author":{"name":"dorogimedence.hu","@id":"https:\/\/dorogimedence.hu\/#\/schema\/person\/ce6091eeb7e95ecdc87890d6aa8e0fd4"},"headline":"Paudits Patrik ism\u00e9t a Dorogi FC j\u00e1t\u00e9kosa","datePublished":"2020-10-21T13:22:15+00:00","dateModified":"2022-08-24T13:10:25+00:00","mainEntityOfPage":{"@id":"https:\/\/dorogimedence.hu\/index.php\/2020\/10\/21\/paudits-patrik-ismet-a-dorogi-fc-jatekosa\/"},"wordCount":808,"publisher":{"@id":"https:\/\/dorogimedence.hu\/#organization"},"image":{"@id":"https:\/\/dorogimedence.hu\/index.php\/2020\/10\/21\/paudits-patrik-ismet-a-dorogi-fc-jatekosa\/#primaryimage"},"thumbnailUrl":"https:\/\/dorogimedence.hu\/wp-content\/uploads\/2022\/07\/IMG_4034-1536x1024-1.jpg","keywords":["Dorog","Dorogi FC","foci","futball","labdar\u00fag\u00e1s","NBII","sport"],"articleSection":["Dorog","H\u00edrek","Sport"],"inLanguage":"hu"},{"@type":"WebPage","@id":"https:\/\/dorogimedence.hu\/index.php\/2020\/10\/21\/paudits-patrik-ismet-a-dorogi-fc-jatekosa\/","url":"https:\/\/dorogimedence.hu\/index.php\/2020\/10\/21\/paudits-patrik-ismet-a-dorogi-fc-jatekosa\/","name":"Paudits Patrik ism\u00e9t a Dorogi FC j\u00e1t\u00e9kosa","isPartOf":{"@id":"https:\/\/dorogimedence.hu\/#website"},"primaryImageOfPage":{"@id":"https:\/\/dorogimedence.hu\/index.php\/2020\/10\/21\/paudits-patrik-ismet-a-dorogi-fc-jatekosa\/#primaryimage"},"image":{"@id":"https:\/\/dorogimedence.hu\/index.php\/2020\/10\/21\/paudits-patrik-ismet-a-dorogi-fc-jatekosa\/#primaryimage"},"thumbnailUrl":"https:\/\/dorogimedence.hu\/wp-content\/uploads\/2022\/07\/IMG_4034-1536x1024-1.jpg","datePublished":"2020-10-21T13:22:15+00:00","dateModified":"2022-08-24T13:10:25+00:00","breadcrumb":{"@id":"https:\/\/dorogimedence.hu\/index.php\/2020\/10\/21\/paudits-patrik-ismet-a-dorogi-fc-jatekosa\/#breadcrumb"},"inLanguage":"hu","potentialAction":[{"@type":"ReadAction","target":["https:\/\/dorogimedence.hu\/index.php\/2020\/10\/21\/paudits-patrik-ismet-a-dorogi-fc-jatekosa\/"]}]},{"@type":"ImageObject","inLanguage":"hu","@id":"https:\/\/dorogimedence.hu\/index.php\/2020\/10\/21\/paudits-patrik-ismet-a-dorogi-fc-jatekosa\/#primaryimage","url":"https:\/\/dorogimedence.hu\/wp-content\/uploads\/2022\/07\/IMG_4034-1536x1024-1.jpg","contentUrl":"https:\/\/dorogimedence.hu\/wp-content\/uploads\/2022\/07\/IMG_4034-1536x1024-1.jpg","width":1536,"height":1024},{"@type":"BreadcrumbList","@id":"https:\/\/dorogimedence.hu\/index.php\/2020\/10\/21\/paudits-patrik-ismet-a-dorogi-fc-jatekosa\/#breadcrumb","itemListElement":[{"@type":"ListItem","position":1,"name":"Kezd\u0151lap","item":"https:\/\/dorogimedence.hu\/"},{"@type":"ListItem","position":2,"name":"Paudits Patrik ism\u00e9t a Dorogi FC j\u00e1t\u00e9kosa"}]},{"@type":"WebSite","@id":"https:\/\/dorogimedence.hu\/#website","url":"https:\/\/dorogimedence.hu\/","name":"Dorogi-medence Region\u00e1lis H\u00edrport\u00e1l","description":"Dorog, Keszt\u00f6lc, Le\u00e1nyv\u00e1r, Piliscs\u00e9v, Tokod, Tokodalt\u00e1r\u00f3, Csolnok, Esztergom-kertv\u00e1ros: h\u00edrek, programok","publisher":{"@id":"https:\/\/dorogimedence.hu\/#organization"},"potentialAction":[{"@type":"SearchAction","target":{"@type":"EntryPoint","urlTemplate":"https:\/\/dorogimedence.hu\/?s={search_term_string}"},"query-input":{"@type":"PropertyValueSpecification","valueRequired":true,"valueName":"search_term_string"}}],"inLanguage":"hu"},{"@type":"Organization","@id":"https:\/\/dorogimedence.hu\/#organization","name":"Dorogi-medence Region\u00e1lis H\u00edrport\u00e1l","url":"https:\/\/dorogimedence.hu\/","logo":{"@type":"ImageObject","inLanguage":"hu","@id":"https:\/\/dorogimedence.hu\/#\/schema\/logo\/image\/","url":"https:\/\/dorogimedence.hu\/wp-content\/uploads\/2021\/04\/logo-feher-600.png","contentUrl":"https:\/\/dorogimedence.hu\/wp-content\/uploads\/2021\/04\/logo-feher-600.png","width":600,"height":100,"caption":"Dorogi-medence Region\u00e1lis H\u00edrport\u00e1l"},"image":{"@id":"https:\/\/dorogimedence.hu\/#\/schema\/logo\/image\/"},"sameAs":["https:\/\/www.facebook.com\/dorogimedence\/"]},{"@type":"Person","@id":"https:\/\/dorogimedence.hu\/#\/schema\/person\/ce6091eeb7e95ecdc87890d6aa8e0fd4","name":"dorogimedence.hu","image":{"@type":"ImageObject","inLanguage":"hu","@id":"\/\/www.gravatar.com\/avatar\/d8d45f8901aadff40a4af72c0b826f1d?s=96&#038;r=g&#038;d=mm","url":"\/\/www.gravatar.com\/avatar\/d8d45f8901aadff40a4af72c0b826f1d?s=96&#038;r=g&#038;d=mm","contentUrl":"\/\/www.gravatar.com\/avatar\/d8d45f8901aadff40a4af72c0b826f1d?s=96&#038;r=g&#038;d=mm","caption":"dorogimedence.hu"}}]}},"_links":{"self":[{"href":"https:\/\/dorogimedence.hu\/index.php\/wp-json\/wp\/v2\/posts\/44954","targetHints":{"allow":["GET"]}}],"collection":[{"href":"https:\/\/dorogimedence.hu\/index.php\/wp-json\/wp\/v2\/posts"}],"about":[{"href":"https:\/\/dorogimedence.hu\/index.php\/wp-json\/wp\/v2\/types\/post"}],"author":[{"embeddable":true,"href":"https:\/\/dorogimedence.hu\/index.php\/wp-json\/wp\/v2\/users\/1"}],"replies":[{"embeddable":true,"href":"https:\/\/dorogimedence.hu\/index.php\/wp-json\/wp\/v2\/comments?post=44954"}],"version-history":[{"count":0,"href":"https:\/\/dorogimedence.hu\/index.php\/wp-json\/wp\/v2\/posts\/44954\/revisions"}],"wp:featuredmedia":[{"embeddable":true,"href":"https:\/\/dorogimedence.hu\/index.php\/wp-json\/wp\/v2\/media\/44955"}],"wp:attachment":[{"href":"https:\/\/dorogimedence.hu\/index.php\/wp-json\/wp\/v2\/media?parent=44954"}],"wp:term":[{"taxonomy":"category","embeddable":true,"href":"https:\/\/dorogimedence.hu\/index.php\/wp-json\/wp\/v2\/categories?post=44954"},{"taxonomy":"post_tag","embeddable":true,"href":"https:\/\/dorogimedence.hu\/index.php\/wp-json\/wp\/v2\/tags?post=44954"}],"curies":[{"name":"wp","href":"https:\/\/api.w.org\/{rel}","templated":true}]}}