{"id":44814,"date":"2022-07-18T11:53:08","date_gmt":"2022-07-18T09:53:08","guid":{"rendered":"https:\/\/dorogimedence.hu\/?p=44814"},"modified":"2022-07-18T11:55:34","modified_gmt":"2022-07-18T09:55:34","slug":"esovizgyujtes-kezdoknek-es-haladoknak","status":"publish","type":"post","link":"https:\/\/dorogimedence.hu\/index.php\/2022\/07\/18\/esovizgyujtes-kezdoknek-es-haladoknak\/","title":{"rendered":"Es\u0151v\u00edzgy\u0171jt\u00e9s kezd\u0151knek \u00e9s halad\u00f3knak"},"content":{"rendered":"<p><strong>Tal\u00e1n m\u00e9g soha ennyire nem \u00e9rezt\u00fck a saj\u00e1t b\u0151r\u00fcnk\u00f6n a kl\u00edmav\u00e1ltoz\u00e1s ny\u00e1ri id\u0151j\u00e1r\u00e1sra gyakorolt hat\u00e1s\u00e1t, mint id\u00e9n. A napokig, hetekig tart\u00f3 forr\u00f3s\u00e1g nemcsak embert pr\u00f3b\u00e1l\u00f3, de felveti a v\u00edztakar\u00e9koss\u00e1g, a tudatos v\u00edzhaszn\u00e1lat k\u00e9rd\u00e9s\u00e9t is. &nbsp;<\/strong><\/p>\n<p>A v\u00edzfogyaszt\u00e1s m\u00e9rs\u00e9kl\u00e9s\u00e9re ma m\u00e1r nem csak takar\u00e9koss\u00e1gi okokb\u00f3l kell odafigyeln\u00fcnk \u2013 enn\u00e9l is fontosabb, hogy felel\u0151ss\u00e9ggel haszn\u00e1ljunk egy olyan \u00e9rt\u00e9ket, amelyb\u0151l ilyen kev\u00e9s \u00e1ll rendelkez\u00e9sre. Az otthoni v\u00edzfogyaszt\u00e1st cs\u00f6kkent\u0151 m\u00f3dszereket m\u00e1r a legt\u00f6bben pontosan ismerik \u00e9s alkalmazz\u00e1k is, \u00e1m egy kertes h\u00e1zban enn\u00e9l j\u00f3val t\u00f6bbet kell tenn\u00fcnk. A cserj\u00e9k, f\u00e1k, vir\u00e1gok, vagy \u00e9pp a vetem\u00e9nyes locsol\u00e1sa, a kerti utak tiszt\u00e1n tart\u00e1sa, a kerti t\u00f3 felt\u00f6lt\u00e9se mind-mind vizet ig\u00e9nyel \u2013 mindezt a konyhai csapb\u00f3l kifolyatni sem gazdas\u00e1gosnak, sem k\u00f6rnyezettudatosnak nem nevezhet\u0151.<\/p>\n<p>Term\u00e9szetesen vannak egyszer\u0171 m\u00f3dszerek, amellyel a sz\u00fcrkev\u00edz (az a szennyv\u00edz, ami csak n\u00e9mi tiszt\u00edt\u00f3szert tartalmaz, p\u00e9ld\u00e1ul a mos\u00e1sb\u00f3l, k\u00e9zmos\u00e1sb\u00f3l \u00e9s f\u00fcrd\u00e9sb\u0151l sz\u00e1rmaz\u00f3 v\u00edz) hasznos\u00edthat\u00f3. V\u00e9c\u00e9\u00f6bl\u00edt\u00e9sre ak\u00e1r tiszt\u00edt\u00e1s n\u00e9lk\u00fcl is megfelel, de n\u00e9mi sz\u0171r\u00e9st k\u00f6vet\u0151en a kertben is nyugodtan felhaszn\u00e1lhatjuk. Ha nincs \u00e1sott kerti kutunk \u2013 ami egy\u00e9bk\u00e9nt szint\u00e9n \u00f3ri\u00e1si \u00e9rt\u00e9k, \u00fagyhogy tartsuk karban! \u2013 a legjobb \u00e9s leglogikusabb m\u00f3dszer az es\u0151v\u00edz \u00f6sszegy\u0171jt\u00e9se.<\/p>\n<p><img fetchpriority=\"high\" decoding=\"async\" class=\"alignnone size-full wp-image-44816\" src=\"https:\/\/dorogimedence.hu\/wp-content\/uploads\/2022\/07\/barkacs_esovizgyujto-hordo.jpg\" alt=\"\" width=\"849\" height=\"564\"><\/p>\n<p><strong>Hogyan gy\u0171jts\u00fcnk es\u0151vizet? <\/strong><\/p>\n<p>Kisebb kertekben az es\u0151v\u00edzgy\u0171jt\u0151 hord\u00f3 lehet az els\u0151, legk\u00f6nnyebben megval\u00f3s\u00edthat\u00f3 l\u00e9p\u00e9s. Ennek legnagyobb el\u0151nye, hogy olcs\u00f3 \u00e9s gyorsan telep\u00edthet\u0151: egyszer\u0171en tegy\u00fck az ereszcsatorna al\u00e1 az \u00e1ltal\u00e1ban m\u0171anyagb\u00f3l, ritk\u00e1bban f\u00e9mb\u0151l k\u00e9sz\u00fclt hord\u00f3t. H\u00e1tr\u00e1nya, hogy a v\u00edz k\u00f6nnyen megalg\u00e1sodhat benne \u00e9s a sz\u00fanyogok is t\u00fals\u00e1gosan j\u00f3 lakhelynek gondolhatj\u00e1k. Locsolni hagyom\u00e1nyos \u00f6nt\u00f6z\u0151kann\u00e1val lehet bel\u0151le, ami alacsony v\u00edz\u00e1ll\u00e1s eset\u00e9n m\u00e1r k\u00e9nyelmetlen lehet.<\/p>\n<p>Eggyel eleg\u00e1nsabb megold\u00e1s az es\u0151v\u00edzgy\u0171jt\u0151 tart\u00e1ly: ilyenkor az ereszcsatorn\u00e1t \u00e9s a tart\u00e1lyt egy speci\u00e1lis cs\u0151 k\u00f6ti \u00f6ssze (ezt nevezik ereszcsatorna v\u00edzgy\u0171jt\u0151 szettnek), a be\u00fczemel\u00e9se azonban m\u00e9g ennek sem \u00f6rd\u00f6ng\u00f6ss\u00e9g. T\u00f6bb m\u00e9retben kaphat\u00f3, r\u00e1ad\u00e1sul tov\u00e1bbi el\u0151ny, hogy ezeket ak\u00e1r rendszerbe is k\u00f6thetj\u00fck, \u00edgy, ha az egyik megtelik, a v\u00edz tov\u00e1bb tud \u00e1ramolni a k\u00f6vetkez\u0151be \u2013 mondja, Taba Barbara Borb\u00e1la, a Praktiker szortiment menedzsere. &nbsp;A k\u00e9s\u0151bbi haszn\u00e1lta is praktikusabb, mint a hord\u00f3nak, ugyanis van rajta egy csap, amire csatlakoztathat\u00f3 a slag is. Fontos, hogy az igaz\u00e1n k\u00e9nyelmes \u00f6nt\u00f6z\u00e9shez nagyobb v\u00edznyom\u00e1s kell, ehhez pedig szivatty\u00fara lesz sz\u00fcks\u00e9g\u00fcnk.<\/p>\n<p>A legkomplexebb megold\u00e1s a f\u00f6ld alatti es\u0151v\u00edzgy\u0171jt\u0151 \u00e9s -t\u00e1rol\u00f3 rendszer kialak\u00edt\u00e1sa \u2013 ennek el\u0151nye, hogy szinte l\u00e1thatatlan, nem foglal helyet a kertben, r\u00e1ad\u00e1sul rengeteg v\u00edz t\u00e1rol\u00e1s\u00e1t megoldhatjuk \u00e1ltala. H\u00e1tr\u00e1nya viszont, hogy m\u00e9g a komolyabb kertrendez\u00e9s el\u0151tt \u00e9rdemes kialak\u00edtani, k\u00fcl\u00f6nben nagy felfordul\u00e1ssal, sok f\u00f6ldmunk\u00e1val j\u00e1r a telep\u00edt\u00e9s. Ennek megfelel\u0151en el\u00e9g k\u00f6lts\u00e9ges is, egy\u00e9rtelm\u0171 haszna miatt azonban \u00e9rdemes lehet belev\u00e1gni, f\u0151leg egy nagym\u00e9ret\u0171 kert eset\u00e9n.<\/p>\n<p>Az es\u0151v\u00edz gy\u0171jt\u00e9se \u00e9s felhaszn\u00e1l\u00e1sa ter\u00e9n egyre nagyobb tudatoss\u00e1g figyelhet\u0151 meg a v\u00e1s\u00e1rl\u00f3k r\u00e9sz\u00e9r\u0151l is. Bizony\u00edtja ezt az is, hogy a tavalyi \u00e9vhez k\u00e9pest majdnem a dupl\u00e1j\u00e1ra n\u0151tt a kereslet az es\u0151v\u00edz-gy\u0171jt\u0151 tart\u00e1lyok, hord\u00f3k \u00e9s tartoz\u00e9kok ir\u00e1nt, valamint az is a tudatoss\u00e1got igazolja, hogy m\u00e9g a nagy sz\u00e1razs\u00e1g el\u0151tt mutatkozott legink\u00e1bb \u00e9rdekl\u0151d\u00e9s az es\u0151v\u00edz-gy\u0171jt\u0151 megold\u00e1sok ir\u00e1nt \u2013 hangs\u00falyozza Taba Barbara Borb\u00e1la, a Praktiker szortiment menedzsere.<\/p>\n<figure id=\"attachment_44817\" aria-describedby=\"caption-attachment-44817\" style=\"width: 871px\" class=\"wp-caption alignnone\"><img decoding=\"async\" class=\"size-full wp-image-44817\" src=\"https:\/\/dorogimedence.hu\/wp-content\/uploads\/2022\/07\/barkacs_fold-alatti-esovizgyujto-tartaly.jpg\" alt=\"\" width=\"871\" height=\"550\"><figcaption id=\"caption-attachment-44817\" class=\"wp-caption-text\">Two plastic underground storage tanks placed below ground for harvesting a rainwater.<\/figcaption><\/figure>\n<p><strong>Mekkora tart\u00e1lyt vegy\u00fcnk? <\/strong><\/p>\n<p>Az es\u0151v\u00edzgy\u0171jt\u0151 megv\u00e1s\u00e1rl\u00e1sa el\u0151tt gyakran felmer\u00fcl a k\u00e9rd\u00e9s, hogy mekkor\u00e1t v\u00e1lasszunk. Ez els\u0151sorban a tet\u0151 m\u00e9ret\u00e9t\u0151l \u00e9s a t\u00e1jegy\u00e9g csapad\u00e9koss\u00e1g\u00e1t\u00f3l f\u00fcgg \u2013 no meg persze azt is sz\u00e1m\u00edt\u00e1sba kell venni, hogy nagyj\u00e1b\u00f3l mekkora kertet szeretn\u00e9nk locsolni \u2013 sorolja a szakember. Hasznos tudni, hogy egy 40 n\u00e9gyzetm\u00e9teres tet\u0151r\u0151l egy es\u0151sebb id\u0151szakban ak\u00e1r 600\u2013700 liter v\u00edz is \u00f6sszegy\u0171jthet\u0151.<\/p>\n<p>B\u00e1r Magyarorsz\u00e1gon m\u00e9g kev\u00e9sb\u00e9 sz\u00e1m\u00edt \u00e1ltal\u00e1nosnak az es\u0151v\u00edz gy\u0171jt\u00e9se, a felfoghat\u00f3 csapad\u00e9kv\u00edz mennyis\u00e9ge sz\u00e1mottev\u0151: a sz\u00e1m\u00edt\u00e1sok szerint megfelel\u0151en ki\u00e9p\u00edtett rendszer eset\u00e9n az \u00e9vi csapad\u00e9k fele az \u00e9p\u00fcletek tet\u0151szerkezet\u00e9r\u0151l a tart\u00e1lyokba ker\u00fclhetne. Ez a v\u00edz nemcsak szinte ingyen van, hanem m\u00e9g a n\u00f6v\u00e9nyeinknek is kimondottan j\u00f3t tesz, hiszen l\u00e1gy \u00e9s szennyez\u0151d\u00e9sekt\u0151l, vegyi anyagokt\u00f3l mentes.<\/p>\n<p><em>Fot\u00f3k: Praktiker<\/em><\/p>\n","protected":false},"excerpt":{"rendered":"<p>Tal\u00e1n m\u00e9g soha ennyire nem \u00e9rezt\u00fck a saj\u00e1t b\u0151r\u00fcnk\u00f6n a kl\u00edmav\u00e1ltoz\u00e1s ny\u00e1ri id\u0151j\u00e1r\u00e1sra gyakorolt hat\u00e1s\u00e1t, mint id\u00e9n. A napokig, hetekig tart\u00f3 forr\u00f3s\u00e1g nemcsak embert pr\u00f3b\u00e1l\u00f3, de felveti a v\u00edztakar\u00e9koss\u00e1g, a tudatos v\u00edzhaszn\u00e1lat k\u00e9rd\u00e9s\u00e9t is. &nbsp; A v\u00edzfogyaszt\u00e1s m\u00e9rs\u00e9kl\u00e9s\u00e9re ma m\u00e1r nem csak takar\u00e9koss\u00e1gi okokb\u00f3l kell odafigyeln\u00fcnk \u2013 enn\u00e9l is fontosabb, hogy felel\u0151ss\u00e9ggel haszn\u00e1ljunk egy olyan<\/p>\n","protected":false},"author":1,"featured_media":0,"comment_status":"closed","ping_status":"closed","sticky":false,"template":"","format":"standard","meta":{"ngg_post_thumbnail":0,"footnotes":""},"categories":[3],"tags":[5766,6577],"class_list":{"0":"post-44814","1":"post","2":"type-post","3":"status-publish","4":"format-standard","6":"category-hirek","7":"tag-esoviz","8":"tag-esovizgyujtes"},"yoast_head":"<!-- This site is optimized with the Yoast SEO plugin v27.5 - https:\/\/yoast.com\/product\/yoast-seo-wordpress\/ -->\n<title>Es\u0151v\u00edzgy\u0171jt\u00e9s kezd\u0151knek \u00e9s halad\u00f3knak<\/title>\n<meta name=\"robots\" content=\"index, follow, max-snippet:-1, max-image-preview:large, max-video-preview:-1\" \/>\n<link rel=\"canonical\" href=\"https:\/\/dorogimedence.hu\/index.php\/2022\/07\/18\/esovizgyujtes-kezdoknek-es-haladoknak\/\" class=\"yoast-seo-meta-tag\" \/>\n<meta property=\"og:locale\" content=\"hu_HU\" class=\"yoast-seo-meta-tag\" \/>\n<meta property=\"og:type\" content=\"article\" class=\"yoast-seo-meta-tag\" \/>\n<meta property=\"og:title\" content=\"Es\u0151v\u00edzgy\u0171jt\u00e9s kezd\u0151knek \u00e9s halad\u00f3knak\" class=\"yoast-seo-meta-tag\" \/>\n<meta property=\"og:description\" content=\"Tal\u00e1n m\u00e9g soha ennyire nem \u00e9rezt\u00fck a saj\u00e1t b\u0151r\u00fcnk\u00f6n a kl\u00edmav\u00e1ltoz\u00e1s ny\u00e1ri id\u0151j\u00e1r\u00e1sra gyakorolt hat\u00e1s\u00e1t, mint id\u00e9n. A napokig, hetekig tart\u00f3 forr\u00f3s\u00e1g nemcsak embert pr\u00f3b\u00e1l\u00f3, de felveti a v\u00edztakar\u00e9koss\u00e1g, a tudatos v\u00edzhaszn\u00e1lat k\u00e9rd\u00e9s\u00e9t is. &nbsp; A v\u00edzfogyaszt\u00e1s m\u00e9rs\u00e9kl\u00e9s\u00e9re ma m\u00e1r nem csak takar\u00e9koss\u00e1gi okokb\u00f3l kell odafigyeln\u00fcnk \u2013 enn\u00e9l is fontosabb, hogy felel\u0151ss\u00e9ggel haszn\u00e1ljunk egy olyan\" class=\"yoast-seo-meta-tag\" \/>\n<meta property=\"og:url\" content=\"https:\/\/dorogimedence.hu\/index.php\/2022\/07\/18\/esovizgyujtes-kezdoknek-es-haladoknak\/\" class=\"yoast-seo-meta-tag\" \/>\n<meta property=\"og:site_name\" content=\"Dorogi-medence Region\u00e1lis H\u00edrport\u00e1l\" class=\"yoast-seo-meta-tag\" \/>\n<meta property=\"article:publisher\" content=\"https:\/\/www.facebook.com\/dorogimedence\/\" class=\"yoast-seo-meta-tag\" \/>\n<meta property=\"article:published_time\" content=\"2022-07-18T09:53:08+00:00\" class=\"yoast-seo-meta-tag\" \/>\n<meta property=\"article:modified_time\" content=\"2022-07-18T09:55:34+00:00\" class=\"yoast-seo-meta-tag\" \/>\n<meta property=\"og:image\" content=\"https:\/\/i0.wp.com\/dorogimedence.hu\/wp-content\/uploads\/2022\/07\/barkacs_esovizgyujto.jpg?fit=848%2C565&ssl=1\" class=\"yoast-seo-meta-tag\" \/>\n\t<meta property=\"og:image:width\" content=\"848\" class=\"yoast-seo-meta-tag\" \/>\n\t<meta property=\"og:image:height\" content=\"565\" class=\"yoast-seo-meta-tag\" \/>\n\t<meta property=\"og:image:type\" content=\"image\/jpeg\" class=\"yoast-seo-meta-tag\" \/>\n<meta name=\"author\" content=\"dorogimedence.hu\" class=\"yoast-seo-meta-tag\" \/>\n<meta name=\"twitter:card\" content=\"summary_large_image\" class=\"yoast-seo-meta-tag\" \/>\n<meta name=\"twitter:label1\" content=\"Szerz\u0151:\" class=\"yoast-seo-meta-tag\" \/>\n\t<meta name=\"twitter:data1\" content=\"dorogimedence.hu\" class=\"yoast-seo-meta-tag\" \/>\n\t<meta name=\"twitter:label2\" content=\"Becs\u00fclt olvas\u00e1si id\u0151\" class=\"yoast-seo-meta-tag\" \/>\n\t<meta name=\"twitter:data2\" content=\"5 perc\" class=\"yoast-seo-meta-tag\" \/>\n<script type=\"application\/ld+json\" class=\"yoast-schema-graph\">{\"@context\":\"https:\\\/\\\/schema.org\",\"@graph\":[{\"@type\":\"Article\",\"@id\":\"https:\\\/\\\/dorogimedence.hu\\\/index.php\\\/2022\\\/07\\\/18\\\/esovizgyujtes-kezdoknek-es-haladoknak\\\/#article\",\"isPartOf\":{\"@id\":\"https:\\\/\\\/dorogimedence.hu\\\/index.php\\\/2022\\\/07\\\/18\\\/esovizgyujtes-kezdoknek-es-haladoknak\\\/\"},\"author\":{\"name\":\"dorogimedence.hu\",\"@id\":\"https:\\\/\\\/dorogimedence.hu\\\/#\\\/schema\\\/person\\\/ce6091eeb7e95ecdc87890d6aa8e0fd4\"},\"headline\":\"Es\u0151v\u00edzgy\u0171jt\u00e9s kezd\u0151knek \u00e9s halad\u00f3knak\",\"datePublished\":\"2022-07-18T09:53:08+00:00\",\"dateModified\":\"2022-07-18T09:55:34+00:00\",\"mainEntityOfPage\":{\"@id\":\"https:\\\/\\\/dorogimedence.hu\\\/index.php\\\/2022\\\/07\\\/18\\\/esovizgyujtes-kezdoknek-es-haladoknak\\\/\"},\"wordCount\":963,\"publisher\":{\"@id\":\"https:\\\/\\\/dorogimedence.hu\\\/#organization\"},\"image\":{\"@id\":\"https:\\\/\\\/dorogimedence.hu\\\/index.php\\\/2022\\\/07\\\/18\\\/esovizgyujtes-kezdoknek-es-haladoknak\\\/#primaryimage\"},\"thumbnailUrl\":\"https:\\\/\\\/dorogimedence.hu\\\/wp-content\\\/uploads\\\/2022\\\/07\\\/barkacs_esovizgyujto-hordo.jpg\",\"keywords\":[\"es\u0151v\u00edz\",\"es\u0151v\u00edzgy\u0171jt\u00e9s\"],\"articleSection\":[\"H\u00edrek\"],\"inLanguage\":\"hu\"},{\"@type\":\"WebPage\",\"@id\":\"https:\\\/\\\/dorogimedence.hu\\\/index.php\\\/2022\\\/07\\\/18\\\/esovizgyujtes-kezdoknek-es-haladoknak\\\/\",\"url\":\"https:\\\/\\\/dorogimedence.hu\\\/index.php\\\/2022\\\/07\\\/18\\\/esovizgyujtes-kezdoknek-es-haladoknak\\\/\",\"name\":\"Es\u0151v\u00edzgy\u0171jt\u00e9s kezd\u0151knek \u00e9s halad\u00f3knak\",\"isPartOf\":{\"@id\":\"https:\\\/\\\/dorogimedence.hu\\\/#website\"},\"primaryImageOfPage\":{\"@id\":\"https:\\\/\\\/dorogimedence.hu\\\/index.php\\\/2022\\\/07\\\/18\\\/esovizgyujtes-kezdoknek-es-haladoknak\\\/#primaryimage\"},\"image\":{\"@id\":\"https:\\\/\\\/dorogimedence.hu\\\/index.php\\\/2022\\\/07\\\/18\\\/esovizgyujtes-kezdoknek-es-haladoknak\\\/#primaryimage\"},\"thumbnailUrl\":\"https:\\\/\\\/dorogimedence.hu\\\/wp-content\\\/uploads\\\/2022\\\/07\\\/barkacs_esovizgyujto-hordo.jpg\",\"datePublished\":\"2022-07-18T09:53:08+00:00\",\"dateModified\":\"2022-07-18T09:55:34+00:00\",\"breadcrumb\":{\"@id\":\"https:\\\/\\\/dorogimedence.hu\\\/index.php\\\/2022\\\/07\\\/18\\\/esovizgyujtes-kezdoknek-es-haladoknak\\\/#breadcrumb\"},\"inLanguage\":\"hu\",\"potentialAction\":[{\"@type\":\"ReadAction\",\"target\":[\"https:\\\/\\\/dorogimedence.hu\\\/index.php\\\/2022\\\/07\\\/18\\\/esovizgyujtes-kezdoknek-es-haladoknak\\\/\"]}]},{\"@type\":\"ImageObject\",\"inLanguage\":\"hu\",\"@id\":\"https:\\\/\\\/dorogimedence.hu\\\/index.php\\\/2022\\\/07\\\/18\\\/esovizgyujtes-kezdoknek-es-haladoknak\\\/#primaryimage\",\"url\":\"https:\\\/\\\/dorogimedence.hu\\\/wp-content\\\/uploads\\\/2022\\\/07\\\/barkacs_esovizgyujto-hordo.jpg\",\"contentUrl\":\"https:\\\/\\\/dorogimedence.hu\\\/wp-content\\\/uploads\\\/2022\\\/07\\\/barkacs_esovizgyujto-hordo.jpg\"},{\"@type\":\"BreadcrumbList\",\"@id\":\"https:\\\/\\\/dorogimedence.hu\\\/index.php\\\/2022\\\/07\\\/18\\\/esovizgyujtes-kezdoknek-es-haladoknak\\\/#breadcrumb\",\"itemListElement\":[{\"@type\":\"ListItem\",\"position\":1,\"name\":\"Kezd\u0151lap\",\"item\":\"https:\\\/\\\/dorogimedence.hu\\\/\"},{\"@type\":\"ListItem\",\"position\":2,\"name\":\"Es\u0151v\u00edzgy\u0171jt\u00e9s kezd\u0151knek \u00e9s halad\u00f3knak\"}]},{\"@type\":\"WebSite\",\"@id\":\"https:\\\/\\\/dorogimedence.hu\\\/#website\",\"url\":\"https:\\\/\\\/dorogimedence.hu\\\/\",\"name\":\"Dorogi-medence Region\u00e1lis H\u00edrport\u00e1l\",\"description\":\"Dorog, Keszt\u00f6lc, Le\u00e1nyv\u00e1r, Piliscs\u00e9v, Tokod, Tokodalt\u00e1r\u00f3, Csolnok, Esztergom-kertv\u00e1ros: h\u00edrek, programok\",\"publisher\":{\"@id\":\"https:\\\/\\\/dorogimedence.hu\\\/#organization\"},\"potentialAction\":[{\"@type\":\"SearchAction\",\"target\":{\"@type\":\"EntryPoint\",\"urlTemplate\":\"https:\\\/\\\/dorogimedence.hu\\\/?s={search_term_string}\"},\"query-input\":{\"@type\":\"PropertyValueSpecification\",\"valueRequired\":true,\"valueName\":\"search_term_string\"}}],\"inLanguage\":\"hu\"},{\"@type\":\"Organization\",\"@id\":\"https:\\\/\\\/dorogimedence.hu\\\/#organization\",\"name\":\"Dorogi-medence Region\u00e1lis H\u00edrport\u00e1l\",\"url\":\"https:\\\/\\\/dorogimedence.hu\\\/\",\"logo\":{\"@type\":\"ImageObject\",\"inLanguage\":\"hu\",\"@id\":\"https:\\\/\\\/dorogimedence.hu\\\/#\\\/schema\\\/logo\\\/image\\\/\",\"url\":\"https:\\\/\\\/dorogimedence.hu\\\/wp-content\\\/uploads\\\/2021\\\/04\\\/logo-feher-600.png\",\"contentUrl\":\"https:\\\/\\\/dorogimedence.hu\\\/wp-content\\\/uploads\\\/2021\\\/04\\\/logo-feher-600.png\",\"width\":600,\"height\":100,\"caption\":\"Dorogi-medence Region\u00e1lis H\u00edrport\u00e1l\"},\"image\":{\"@id\":\"https:\\\/\\\/dorogimedence.hu\\\/#\\\/schema\\\/logo\\\/image\\\/\"},\"sameAs\":[\"https:\\\/\\\/www.facebook.com\\\/dorogimedence\\\/\"]},{\"@type\":\"Person\",\"@id\":\"https:\\\/\\\/dorogimedence.hu\\\/#\\\/schema\\\/person\\\/ce6091eeb7e95ecdc87890d6aa8e0fd4\",\"name\":\"dorogimedence.hu\",\"image\":{\"@type\":\"ImageObject\",\"inLanguage\":\"hu\",\"@id\":\"\\\/\\\/www.gravatar.com\\\/avatar\\\/d8d45f8901aadff40a4af72c0b826f1d?s=96&#038;r=g&#038;d=mm\",\"url\":\"\\\/\\\/www.gravatar.com\\\/avatar\\\/d8d45f8901aadff40a4af72c0b826f1d?s=96&#038;r=g&#038;d=mm\",\"contentUrl\":\"\\\/\\\/www.gravatar.com\\\/avatar\\\/d8d45f8901aadff40a4af72c0b826f1d?s=96&#038;r=g&#038;d=mm\",\"caption\":\"dorogimedence.hu\"}}]}<\/script>\n<!-- \/ Yoast SEO plugin. -->","yoast_head_json":{"title":"Es\u0151v\u00edzgy\u0171jt\u00e9s kezd\u0151knek \u00e9s halad\u00f3knak","robots":{"index":"index","follow":"follow","max-snippet":"max-snippet:-1","max-image-preview":"max-image-preview:large","max-video-preview":"max-video-preview:-1"},"canonical":"https:\/\/dorogimedence.hu\/index.php\/2022\/07\/18\/esovizgyujtes-kezdoknek-es-haladoknak\/","og_locale":"hu_HU","og_type":"article","og_title":"Es\u0151v\u00edzgy\u0171jt\u00e9s kezd\u0151knek \u00e9s halad\u00f3knak","og_description":"Tal\u00e1n m\u00e9g soha ennyire nem \u00e9rezt\u00fck a saj\u00e1t b\u0151r\u00fcnk\u00f6n a kl\u00edmav\u00e1ltoz\u00e1s ny\u00e1ri id\u0151j\u00e1r\u00e1sra gyakorolt hat\u00e1s\u00e1t, mint id\u00e9n. A napokig, hetekig tart\u00f3 forr\u00f3s\u00e1g nemcsak embert pr\u00f3b\u00e1l\u00f3, de felveti a v\u00edztakar\u00e9koss\u00e1g, a tudatos v\u00edzhaszn\u00e1lat k\u00e9rd\u00e9s\u00e9t is. &nbsp; A v\u00edzfogyaszt\u00e1s m\u00e9rs\u00e9kl\u00e9s\u00e9re ma m\u00e1r nem csak takar\u00e9koss\u00e1gi okokb\u00f3l kell odafigyeln\u00fcnk \u2013 enn\u00e9l is fontosabb, hogy felel\u0151ss\u00e9ggel haszn\u00e1ljunk egy olyan","og_url":"https:\/\/dorogimedence.hu\/index.php\/2022\/07\/18\/esovizgyujtes-kezdoknek-es-haladoknak\/","og_site_name":"Dorogi-medence Region\u00e1lis H\u00edrport\u00e1l","article_publisher":"https:\/\/www.facebook.com\/dorogimedence\/","article_published_time":"2022-07-18T09:53:08+00:00","article_modified_time":"2022-07-18T09:55:34+00:00","og_image":[{"width":848,"height":565,"url":"https:\/\/i0.wp.com\/dorogimedence.hu\/wp-content\/uploads\/2022\/07\/barkacs_esovizgyujto.jpg?fit=848%2C565&ssl=1","type":"image\/jpeg"}],"author":"dorogimedence.hu","twitter_card":"summary_large_image","twitter_misc":{"Szerz\u0151:":"dorogimedence.hu","Becs\u00fclt olvas\u00e1si id\u0151":"5 perc"},"schema":{"@context":"https:\/\/schema.org","@graph":[{"@type":"Article","@id":"https:\/\/dorogimedence.hu\/index.php\/2022\/07\/18\/esovizgyujtes-kezdoknek-es-haladoknak\/#article","isPartOf":{"@id":"https:\/\/dorogimedence.hu\/index.php\/2022\/07\/18\/esovizgyujtes-kezdoknek-es-haladoknak\/"},"author":{"name":"dorogimedence.hu","@id":"https:\/\/dorogimedence.hu\/#\/schema\/person\/ce6091eeb7e95ecdc87890d6aa8e0fd4"},"headline":"Es\u0151v\u00edzgy\u0171jt\u00e9s kezd\u0151knek \u00e9s halad\u00f3knak","datePublished":"2022-07-18T09:53:08+00:00","dateModified":"2022-07-18T09:55:34+00:00","mainEntityOfPage":{"@id":"https:\/\/dorogimedence.hu\/index.php\/2022\/07\/18\/esovizgyujtes-kezdoknek-es-haladoknak\/"},"wordCount":963,"publisher":{"@id":"https:\/\/dorogimedence.hu\/#organization"},"image":{"@id":"https:\/\/dorogimedence.hu\/index.php\/2022\/07\/18\/esovizgyujtes-kezdoknek-es-haladoknak\/#primaryimage"},"thumbnailUrl":"https:\/\/dorogimedence.hu\/wp-content\/uploads\/2022\/07\/barkacs_esovizgyujto-hordo.jpg","keywords":["es\u0151v\u00edz","es\u0151v\u00edzgy\u0171jt\u00e9s"],"articleSection":["H\u00edrek"],"inLanguage":"hu"},{"@type":"WebPage","@id":"https:\/\/dorogimedence.hu\/index.php\/2022\/07\/18\/esovizgyujtes-kezdoknek-es-haladoknak\/","url":"https:\/\/dorogimedence.hu\/index.php\/2022\/07\/18\/esovizgyujtes-kezdoknek-es-haladoknak\/","name":"Es\u0151v\u00edzgy\u0171jt\u00e9s kezd\u0151knek \u00e9s halad\u00f3knak","isPartOf":{"@id":"https:\/\/dorogimedence.hu\/#website"},"primaryImageOfPage":{"@id":"https:\/\/dorogimedence.hu\/index.php\/2022\/07\/18\/esovizgyujtes-kezdoknek-es-haladoknak\/#primaryimage"},"image":{"@id":"https:\/\/dorogimedence.hu\/index.php\/2022\/07\/18\/esovizgyujtes-kezdoknek-es-haladoknak\/#primaryimage"},"thumbnailUrl":"https:\/\/dorogimedence.hu\/wp-content\/uploads\/2022\/07\/barkacs_esovizgyujto-hordo.jpg","datePublished":"2022-07-18T09:53:08+00:00","dateModified":"2022-07-18T09:55:34+00:00","breadcrumb":{"@id":"https:\/\/dorogimedence.hu\/index.php\/2022\/07\/18\/esovizgyujtes-kezdoknek-es-haladoknak\/#breadcrumb"},"inLanguage":"hu","potentialAction":[{"@type":"ReadAction","target":["https:\/\/dorogimedence.hu\/index.php\/2022\/07\/18\/esovizgyujtes-kezdoknek-es-haladoknak\/"]}]},{"@type":"ImageObject","inLanguage":"hu","@id":"https:\/\/dorogimedence.hu\/index.php\/2022\/07\/18\/esovizgyujtes-kezdoknek-es-haladoknak\/#primaryimage","url":"https:\/\/dorogimedence.hu\/wp-content\/uploads\/2022\/07\/barkacs_esovizgyujto-hordo.jpg","contentUrl":"https:\/\/dorogimedence.hu\/wp-content\/uploads\/2022\/07\/barkacs_esovizgyujto-hordo.jpg"},{"@type":"BreadcrumbList","@id":"https:\/\/dorogimedence.hu\/index.php\/2022\/07\/18\/esovizgyujtes-kezdoknek-es-haladoknak\/#breadcrumb","itemListElement":[{"@type":"ListItem","position":1,"name":"Kezd\u0151lap","item":"https:\/\/dorogimedence.hu\/"},{"@type":"ListItem","position":2,"name":"Es\u0151v\u00edzgy\u0171jt\u00e9s kezd\u0151knek \u00e9s halad\u00f3knak"}]},{"@type":"WebSite","@id":"https:\/\/dorogimedence.hu\/#website","url":"https:\/\/dorogimedence.hu\/","name":"Dorogi-medence Region\u00e1lis H\u00edrport\u00e1l","description":"Dorog, Keszt\u00f6lc, Le\u00e1nyv\u00e1r, Piliscs\u00e9v, Tokod, Tokodalt\u00e1r\u00f3, Csolnok, Esztergom-kertv\u00e1ros: h\u00edrek, programok","publisher":{"@id":"https:\/\/dorogimedence.hu\/#organization"},"potentialAction":[{"@type":"SearchAction","target":{"@type":"EntryPoint","urlTemplate":"https:\/\/dorogimedence.hu\/?s={search_term_string}"},"query-input":{"@type":"PropertyValueSpecification","valueRequired":true,"valueName":"search_term_string"}}],"inLanguage":"hu"},{"@type":"Organization","@id":"https:\/\/dorogimedence.hu\/#organization","name":"Dorogi-medence Region\u00e1lis H\u00edrport\u00e1l","url":"https:\/\/dorogimedence.hu\/","logo":{"@type":"ImageObject","inLanguage":"hu","@id":"https:\/\/dorogimedence.hu\/#\/schema\/logo\/image\/","url":"https:\/\/dorogimedence.hu\/wp-content\/uploads\/2021\/04\/logo-feher-600.png","contentUrl":"https:\/\/dorogimedence.hu\/wp-content\/uploads\/2021\/04\/logo-feher-600.png","width":600,"height":100,"caption":"Dorogi-medence Region\u00e1lis H\u00edrport\u00e1l"},"image":{"@id":"https:\/\/dorogimedence.hu\/#\/schema\/logo\/image\/"},"sameAs":["https:\/\/www.facebook.com\/dorogimedence\/"]},{"@type":"Person","@id":"https:\/\/dorogimedence.hu\/#\/schema\/person\/ce6091eeb7e95ecdc87890d6aa8e0fd4","name":"dorogimedence.hu","image":{"@type":"ImageObject","inLanguage":"hu","@id":"\/\/www.gravatar.com\/avatar\/d8d45f8901aadff40a4af72c0b826f1d?s=96&#038;r=g&#038;d=mm","url":"\/\/www.gravatar.com\/avatar\/d8d45f8901aadff40a4af72c0b826f1d?s=96&#038;r=g&#038;d=mm","contentUrl":"\/\/www.gravatar.com\/avatar\/d8d45f8901aadff40a4af72c0b826f1d?s=96&#038;r=g&#038;d=mm","caption":"dorogimedence.hu"}}]}},"_links":{"self":[{"href":"https:\/\/dorogimedence.hu\/index.php\/wp-json\/wp\/v2\/posts\/44814","targetHints":{"allow":["GET"]}}],"collection":[{"href":"https:\/\/dorogimedence.hu\/index.php\/wp-json\/wp\/v2\/posts"}],"about":[{"href":"https:\/\/dorogimedence.hu\/index.php\/wp-json\/wp\/v2\/types\/post"}],"author":[{"embeddable":true,"href":"https:\/\/dorogimedence.hu\/index.php\/wp-json\/wp\/v2\/users\/1"}],"replies":[{"embeddable":true,"href":"https:\/\/dorogimedence.hu\/index.php\/wp-json\/wp\/v2\/comments?post=44814"}],"version-history":[{"count":0,"href":"https:\/\/dorogimedence.hu\/index.php\/wp-json\/wp\/v2\/posts\/44814\/revisions"}],"wp:attachment":[{"href":"https:\/\/dorogimedence.hu\/index.php\/wp-json\/wp\/v2\/media?parent=44814"}],"wp:term":[{"taxonomy":"category","embeddable":true,"href":"https:\/\/dorogimedence.hu\/index.php\/wp-json\/wp\/v2\/categories?post=44814"},{"taxonomy":"post_tag","embeddable":true,"href":"https:\/\/dorogimedence.hu\/index.php\/wp-json\/wp\/v2\/tags?post=44814"}],"curies":[{"name":"wp","href":"https:\/\/api.w.org\/{rel}","templated":true}]}}