{"id":44809,"date":"2022-07-18T11:46:30","date_gmt":"2022-07-18T09:46:30","guid":{"rendered":"https:\/\/dorogimedence.hu\/?p=44809"},"modified":"2022-07-18T11:48:04","modified_gmt":"2022-07-18T09:48:04","slug":"fesztivalra-keszul-fogadja-meg-a-rendorseg-tanacsait","status":"publish","type":"post","link":"https:\/\/dorogimedence.hu\/index.php\/2022\/07\/18\/fesztivalra-keszul-fogadja-meg-a-rendorseg-tanacsait\/","title":{"rendered":"Fesztiv\u00e1lra k\u00e9sz\u00fcl? Fogadja meg a rend\u0151rs\u00e9g tan\u00e1csait!"},"content":{"rendered":"<p><strong>A ny\u00e1ri szezonban sok a fesztiv\u00e1l, szabadt\u00e9ri rendezv\u00e9ny, ami nagyobb t\u00f6meget vonz. A rend\u0151rs\u00e9g k\u00e9ri, hogy az \u00e1ldozatt\u00e1 v\u00e1l\u00e1s megel\u0151z\u00e9se \u00e9rdek\u00e9ben fogadj\u00e1k meg al\u00e1bbi tan\u00e1csaikat!<\/strong><\/p>\n<ul>\n<li>Sz\u00f3rakoz\u00f3helyeken, fesztiv\u00e1lokon lehet\u0151leg palackozott, el\u0151tt\u00fcnk felbontott italokat fogyasszanak! Ne tegy\u00e9k le poharukat, ne hagyj\u00e1k \u0151rizetlen\u00fcl, am\u00edg meg nem itt\u00e1k annak tartalm\u00e1t!<\/li>\n<li>Javasoljuk, hogy t\u00e1sk\u00e1jukat lehet\u0151s\u00e9g szerint tarts\u00e1k maguk el\u0151tt, \u00e9rt\u00e9keiket ne tarts\u00e1k a farzseb\u00e9ben, ne adjanak lehet\u0151s\u00e9get a zsebtolvajoknak!&nbsp;&nbsp;<\/li>\n<li>Ne fogadjanak el bontott italt idegenekt\u0151l!<\/li>\n<li>Aut\u00f3jukban,&nbsp;az utast\u00e9rben ne hagyjanak \u00e9rt\u00e9ket, m\u00e9g \u00fcres t\u00e1sk\u00e1t sem. A csomagtart\u00f3 sem ny\u00fajt 100% biztons\u00e1got.<\/li>\n<li>M\u00e9g&nbsp;r\u00f6vid id\u0151re se hagyjanak gyermeket vagy h\u00e1zi\u00e1llatot a parkol\u00f3 j\u00e1rm\u0171ben, mert a g\u00e9pj\u00e1rm\u0171 belsej\u00e9ben nagyon r\u00f6vid id\u0151 alatt kialakul\u00f3 magas h\u0151m\u00e9rs\u00e9klet ak\u00e1r hal\u00e1lhoz vezethet!<\/li>\n<li>A parton vagy a medence sz\u00e9l\u00e9n&nbsp;t\u00f6r\u00f6lk\u00f6z\u0151 al\u00e1 rejtett&nbsp;p\u00e9nz, telefon, slusszkulcs&nbsp;nincs biztons\u00e1gban.&nbsp;El\u0151fordulhat, hogy ez az els\u0151 hely, ahol a tolvaj \u00e9rt\u00e9kek ut\u00e1n kutat. \u00c9rt\u00e9keinek v\u00e9delme \u00e9rdek\u00e9ben vegye ig\u00e9nybe&nbsp;a strand&nbsp;\u00e9rt\u00e9kmeg\u0151rz\u0151j\u00e9t!<\/li>\n<li>Fesztiv\u00e1lra, kultur\u00e1lis rendezv\u00e9nyre jegyet online csak megb\u00edzhat\u00f3 forr\u00e1sb\u00f3l v\u00e1s\u00e1roljanak!<\/li>\n<\/ul>\n<p>J\u00f3 pihen\u00e9st, valamint b\u0171n- \u00e9s balesetmentes nyarat k\u00edv\u00e1n a Kom\u00e1rom-Esztergom Megyei Rend\u0151r-f\u0151kapit\u00e1nys\u00e1g!<\/p>\n<p><em>Forr\u00e1s: Kom\u00e1rom-Esztergom Megyei Rend\u0151r-f\u0151kapit\u00e1nys\u00e1g<\/em><\/p>\n","protected":false},"excerpt":{"rendered":"<p>A ny\u00e1ri szezonban sok a fesztiv\u00e1l, szabadt\u00e9ri rendezv\u00e9ny, ami nagyobb t\u00f6meget vonz. A rend\u0151rs\u00e9g k\u00e9ri, hogy az \u00e1ldozatt\u00e1 v\u00e1l\u00e1s megel\u0151z\u00e9se \u00e9rdek\u00e9ben fogadj\u00e1k meg al\u00e1bbi tan\u00e1csaikat! Sz\u00f3rakoz\u00f3helyeken, fesztiv\u00e1lokon lehet\u0151leg palackozott, el\u0151tt\u00fcnk felbontott italokat fogyasszanak! Ne tegy\u00e9k le poharukat, ne hagyj\u00e1k \u0151rizetlen\u00fcl, am\u00edg meg nem itt\u00e1k annak tartalm\u00e1t! Javasoljuk, hogy t\u00e1sk\u00e1jukat lehet\u0151s\u00e9g szerint tarts\u00e1k maguk el\u0151tt, \u00e9rt\u00e9keiket<\/p>\n","protected":false},"author":1,"featured_media":44810,"comment_status":"closed","ping_status":"closed","sticky":false,"template":"","format":"standard","meta":{"ngg_post_thumbnail":0,"footnotes":""},"categories":[3],"tags":[77,660,505],"class_list":{"0":"post-44809","1":"post","2":"type-post","3":"status-publish","4":"format-standard","5":"has-post-thumbnail","7":"category-hirek","8":"tag-felhivas","9":"tag-fesztival","10":"tag-rendorsegi-felhivas"},"yoast_head":"<!-- This site is optimized with the Yoast SEO plugin v27.5 - https:\/\/yoast.com\/product\/yoast-seo-wordpress\/ -->\n<title>Fesztiv\u00e1lra k\u00e9sz\u00fcl? Fogadja meg a rend\u0151rs\u00e9g tan\u00e1csait!<\/title>\n<meta name=\"robots\" content=\"index, follow, max-snippet:-1, max-image-preview:large, max-video-preview:-1\" \/>\n<link rel=\"canonical\" href=\"https:\/\/dorogimedence.hu\/index.php\/2022\/07\/18\/fesztivalra-keszul-fogadja-meg-a-rendorseg-tanacsait\/\" class=\"yoast-seo-meta-tag\" \/>\n<meta property=\"og:locale\" content=\"hu_HU\" class=\"yoast-seo-meta-tag\" \/>\n<meta property=\"og:type\" content=\"article\" class=\"yoast-seo-meta-tag\" \/>\n<meta property=\"og:title\" content=\"Fesztiv\u00e1lra k\u00e9sz\u00fcl? Fogadja meg a rend\u0151rs\u00e9g tan\u00e1csait!\" class=\"yoast-seo-meta-tag\" \/>\n<meta property=\"og:description\" content=\"A ny\u00e1ri szezonban sok a fesztiv\u00e1l, szabadt\u00e9ri rendezv\u00e9ny, ami nagyobb t\u00f6meget vonz. A rend\u0151rs\u00e9g k\u00e9ri, hogy az \u00e1ldozatt\u00e1 v\u00e1l\u00e1s megel\u0151z\u00e9se \u00e9rdek\u00e9ben fogadj\u00e1k meg al\u00e1bbi tan\u00e1csaikat! Sz\u00f3rakoz\u00f3helyeken, fesztiv\u00e1lokon lehet\u0151leg palackozott, el\u0151tt\u00fcnk felbontott italokat fogyasszanak! Ne tegy\u00e9k le poharukat, ne hagyj\u00e1k \u0151rizetlen\u00fcl, am\u00edg meg nem itt\u00e1k annak tartalm\u00e1t! Javasoljuk, hogy t\u00e1sk\u00e1jukat lehet\u0151s\u00e9g szerint tarts\u00e1k maguk el\u0151tt, \u00e9rt\u00e9keiket\" class=\"yoast-seo-meta-tag\" \/>\n<meta property=\"og:url\" content=\"https:\/\/dorogimedence.hu\/index.php\/2022\/07\/18\/fesztivalra-keszul-fogadja-meg-a-rendorseg-tanacsait\/\" class=\"yoast-seo-meta-tag\" \/>\n<meta property=\"og:site_name\" content=\"Dorogi-medence Region\u00e1lis H\u00edrport\u00e1l\" class=\"yoast-seo-meta-tag\" \/>\n<meta property=\"article:publisher\" content=\"https:\/\/www.facebook.com\/dorogimedence\/\" class=\"yoast-seo-meta-tag\" \/>\n<meta property=\"article:published_time\" content=\"2022-07-18T09:46:30+00:00\" class=\"yoast-seo-meta-tag\" \/>\n<meta property=\"article:modified_time\" content=\"2022-07-18T09:48:04+00:00\" class=\"yoast-seo-meta-tag\" \/>\n<meta property=\"og:image\" content=\"https:\/\/i0.wp.com\/dorogimedence.hu\/wp-content\/uploads\/2022\/07\/concert-3084876_1920.jpg?fit=1920%2C1281&ssl=1\" class=\"yoast-seo-meta-tag\" \/>\n\t<meta property=\"og:image:width\" content=\"1920\" class=\"yoast-seo-meta-tag\" \/>\n\t<meta property=\"og:image:height\" content=\"1281\" class=\"yoast-seo-meta-tag\" \/>\n\t<meta property=\"og:image:type\" content=\"image\/jpeg\" class=\"yoast-seo-meta-tag\" \/>\n<meta name=\"author\" content=\"dorogimedence.hu\" class=\"yoast-seo-meta-tag\" \/>\n<meta name=\"twitter:card\" content=\"summary_large_image\" class=\"yoast-seo-meta-tag\" \/>\n<meta name=\"twitter:label1\" content=\"Szerz\u0151:\" class=\"yoast-seo-meta-tag\" \/>\n\t<meta name=\"twitter:data1\" content=\"dorogimedence.hu\" class=\"yoast-seo-meta-tag\" \/>\n\t<meta name=\"twitter:label2\" content=\"Becs\u00fclt olvas\u00e1si id\u0151\" class=\"yoast-seo-meta-tag\" \/>\n\t<meta name=\"twitter:data2\" content=\"1 perc\" class=\"yoast-seo-meta-tag\" \/>\n<script type=\"application\/ld+json\" class=\"yoast-schema-graph\">{\"@context\":\"https:\\\/\\\/schema.org\",\"@graph\":[{\"@type\":\"Article\",\"@id\":\"https:\\\/\\\/dorogimedence.hu\\\/index.php\\\/2022\\\/07\\\/18\\\/fesztivalra-keszul-fogadja-meg-a-rendorseg-tanacsait\\\/#article\",\"isPartOf\":{\"@id\":\"https:\\\/\\\/dorogimedence.hu\\\/index.php\\\/2022\\\/07\\\/18\\\/fesztivalra-keszul-fogadja-meg-a-rendorseg-tanacsait\\\/\"},\"author\":{\"name\":\"dorogimedence.hu\",\"@id\":\"https:\\\/\\\/dorogimedence.hu\\\/#\\\/schema\\\/person\\\/ce6091eeb7e95ecdc87890d6aa8e0fd4\"},\"headline\":\"Fesztiv\u00e1lra k\u00e9sz\u00fcl? Fogadja meg a rend\u0151rs\u00e9g tan\u00e1csait!\",\"datePublished\":\"2022-07-18T09:46:30+00:00\",\"dateModified\":\"2022-07-18T09:48:04+00:00\",\"mainEntityOfPage\":{\"@id\":\"https:\\\/\\\/dorogimedence.hu\\\/index.php\\\/2022\\\/07\\\/18\\\/fesztivalra-keszul-fogadja-meg-a-rendorseg-tanacsait\\\/\"},\"wordCount\":297,\"publisher\":{\"@id\":\"https:\\\/\\\/dorogimedence.hu\\\/#organization\"},\"image\":{\"@id\":\"https:\\\/\\\/dorogimedence.hu\\\/index.php\\\/2022\\\/07\\\/18\\\/fesztivalra-keszul-fogadja-meg-a-rendorseg-tanacsait\\\/#primaryimage\"},\"thumbnailUrl\":\"https:\\\/\\\/dorogimedence.hu\\\/wp-content\\\/uploads\\\/2022\\\/07\\\/concert-3084876_1920.jpg\",\"keywords\":[\"felh\u00edv\u00e1s\",\"fesztiv\u00e1l\",\"rend\u0151rs\u00e9gi felh\u00edv\u00e1s\"],\"articleSection\":[\"H\u00edrek\"],\"inLanguage\":\"hu\"},{\"@type\":\"WebPage\",\"@id\":\"https:\\\/\\\/dorogimedence.hu\\\/index.php\\\/2022\\\/07\\\/18\\\/fesztivalra-keszul-fogadja-meg-a-rendorseg-tanacsait\\\/\",\"url\":\"https:\\\/\\\/dorogimedence.hu\\\/index.php\\\/2022\\\/07\\\/18\\\/fesztivalra-keszul-fogadja-meg-a-rendorseg-tanacsait\\\/\",\"name\":\"Fesztiv\u00e1lra k\u00e9sz\u00fcl? Fogadja meg a rend\u0151rs\u00e9g tan\u00e1csait!\",\"isPartOf\":{\"@id\":\"https:\\\/\\\/dorogimedence.hu\\\/#website\"},\"primaryImageOfPage\":{\"@id\":\"https:\\\/\\\/dorogimedence.hu\\\/index.php\\\/2022\\\/07\\\/18\\\/fesztivalra-keszul-fogadja-meg-a-rendorseg-tanacsait\\\/#primaryimage\"},\"image\":{\"@id\":\"https:\\\/\\\/dorogimedence.hu\\\/index.php\\\/2022\\\/07\\\/18\\\/fesztivalra-keszul-fogadja-meg-a-rendorseg-tanacsait\\\/#primaryimage\"},\"thumbnailUrl\":\"https:\\\/\\\/dorogimedence.hu\\\/wp-content\\\/uploads\\\/2022\\\/07\\\/concert-3084876_1920.jpg\",\"datePublished\":\"2022-07-18T09:46:30+00:00\",\"dateModified\":\"2022-07-18T09:48:04+00:00\",\"breadcrumb\":{\"@id\":\"https:\\\/\\\/dorogimedence.hu\\\/index.php\\\/2022\\\/07\\\/18\\\/fesztivalra-keszul-fogadja-meg-a-rendorseg-tanacsait\\\/#breadcrumb\"},\"inLanguage\":\"hu\",\"potentialAction\":[{\"@type\":\"ReadAction\",\"target\":[\"https:\\\/\\\/dorogimedence.hu\\\/index.php\\\/2022\\\/07\\\/18\\\/fesztivalra-keszul-fogadja-meg-a-rendorseg-tanacsait\\\/\"]}]},{\"@type\":\"ImageObject\",\"inLanguage\":\"hu\",\"@id\":\"https:\\\/\\\/dorogimedence.hu\\\/index.php\\\/2022\\\/07\\\/18\\\/fesztivalra-keszul-fogadja-meg-a-rendorseg-tanacsait\\\/#primaryimage\",\"url\":\"https:\\\/\\\/dorogimedence.hu\\\/wp-content\\\/uploads\\\/2022\\\/07\\\/concert-3084876_1920.jpg\",\"contentUrl\":\"https:\\\/\\\/dorogimedence.hu\\\/wp-content\\\/uploads\\\/2022\\\/07\\\/concert-3084876_1920.jpg\",\"width\":1920,\"height\":1281},{\"@type\":\"BreadcrumbList\",\"@id\":\"https:\\\/\\\/dorogimedence.hu\\\/index.php\\\/2022\\\/07\\\/18\\\/fesztivalra-keszul-fogadja-meg-a-rendorseg-tanacsait\\\/#breadcrumb\",\"itemListElement\":[{\"@type\":\"ListItem\",\"position\":1,\"name\":\"Kezd\u0151lap\",\"item\":\"https:\\\/\\\/dorogimedence.hu\\\/\"},{\"@type\":\"ListItem\",\"position\":2,\"name\":\"Fesztiv\u00e1lra k\u00e9sz\u00fcl? Fogadja meg a rend\u0151rs\u00e9g tan\u00e1csait!\"}]},{\"@type\":\"WebSite\",\"@id\":\"https:\\\/\\\/dorogimedence.hu\\\/#website\",\"url\":\"https:\\\/\\\/dorogimedence.hu\\\/\",\"name\":\"Dorogi-medence Region\u00e1lis H\u00edrport\u00e1l\",\"description\":\"Dorog, Keszt\u00f6lc, Le\u00e1nyv\u00e1r, Piliscs\u00e9v, Tokod, Tokodalt\u00e1r\u00f3, Csolnok, Esztergom-kertv\u00e1ros: h\u00edrek, programok\",\"publisher\":{\"@id\":\"https:\\\/\\\/dorogimedence.hu\\\/#organization\"},\"potentialAction\":[{\"@type\":\"SearchAction\",\"target\":{\"@type\":\"EntryPoint\",\"urlTemplate\":\"https:\\\/\\\/dorogimedence.hu\\\/?s={search_term_string}\"},\"query-input\":{\"@type\":\"PropertyValueSpecification\",\"valueRequired\":true,\"valueName\":\"search_term_string\"}}],\"inLanguage\":\"hu\"},{\"@type\":\"Organization\",\"@id\":\"https:\\\/\\\/dorogimedence.hu\\\/#organization\",\"name\":\"Dorogi-medence Region\u00e1lis H\u00edrport\u00e1l\",\"url\":\"https:\\\/\\\/dorogimedence.hu\\\/\",\"logo\":{\"@type\":\"ImageObject\",\"inLanguage\":\"hu\",\"@id\":\"https:\\\/\\\/dorogimedence.hu\\\/#\\\/schema\\\/logo\\\/image\\\/\",\"url\":\"https:\\\/\\\/dorogimedence.hu\\\/wp-content\\\/uploads\\\/2021\\\/04\\\/logo-feher-600.png\",\"contentUrl\":\"https:\\\/\\\/dorogimedence.hu\\\/wp-content\\\/uploads\\\/2021\\\/04\\\/logo-feher-600.png\",\"width\":600,\"height\":100,\"caption\":\"Dorogi-medence Region\u00e1lis H\u00edrport\u00e1l\"},\"image\":{\"@id\":\"https:\\\/\\\/dorogimedence.hu\\\/#\\\/schema\\\/logo\\\/image\\\/\"},\"sameAs\":[\"https:\\\/\\\/www.facebook.com\\\/dorogimedence\\\/\"]},{\"@type\":\"Person\",\"@id\":\"https:\\\/\\\/dorogimedence.hu\\\/#\\\/schema\\\/person\\\/ce6091eeb7e95ecdc87890d6aa8e0fd4\",\"name\":\"dorogimedence.hu\",\"image\":{\"@type\":\"ImageObject\",\"inLanguage\":\"hu\",\"@id\":\"\\\/\\\/www.gravatar.com\\\/avatar\\\/d8d45f8901aadff40a4af72c0b826f1d?s=96&#038;r=g&#038;d=mm\",\"url\":\"\\\/\\\/www.gravatar.com\\\/avatar\\\/d8d45f8901aadff40a4af72c0b826f1d?s=96&#038;r=g&#038;d=mm\",\"contentUrl\":\"\\\/\\\/www.gravatar.com\\\/avatar\\\/d8d45f8901aadff40a4af72c0b826f1d?s=96&#038;r=g&#038;d=mm\",\"caption\":\"dorogimedence.hu\"}}]}<\/script>\n<!-- \/ Yoast SEO plugin. -->","yoast_head_json":{"title":"Fesztiv\u00e1lra k\u00e9sz\u00fcl? Fogadja meg a rend\u0151rs\u00e9g tan\u00e1csait!","robots":{"index":"index","follow":"follow","max-snippet":"max-snippet:-1","max-image-preview":"max-image-preview:large","max-video-preview":"max-video-preview:-1"},"canonical":"https:\/\/dorogimedence.hu\/index.php\/2022\/07\/18\/fesztivalra-keszul-fogadja-meg-a-rendorseg-tanacsait\/","og_locale":"hu_HU","og_type":"article","og_title":"Fesztiv\u00e1lra k\u00e9sz\u00fcl? Fogadja meg a rend\u0151rs\u00e9g tan\u00e1csait!","og_description":"A ny\u00e1ri szezonban sok a fesztiv\u00e1l, szabadt\u00e9ri rendezv\u00e9ny, ami nagyobb t\u00f6meget vonz. A rend\u0151rs\u00e9g k\u00e9ri, hogy az \u00e1ldozatt\u00e1 v\u00e1l\u00e1s megel\u0151z\u00e9se \u00e9rdek\u00e9ben fogadj\u00e1k meg al\u00e1bbi tan\u00e1csaikat! Sz\u00f3rakoz\u00f3helyeken, fesztiv\u00e1lokon lehet\u0151leg palackozott, el\u0151tt\u00fcnk felbontott italokat fogyasszanak! Ne tegy\u00e9k le poharukat, ne hagyj\u00e1k \u0151rizetlen\u00fcl, am\u00edg meg nem itt\u00e1k annak tartalm\u00e1t! Javasoljuk, hogy t\u00e1sk\u00e1jukat lehet\u0151s\u00e9g szerint tarts\u00e1k maguk el\u0151tt, \u00e9rt\u00e9keiket","og_url":"https:\/\/dorogimedence.hu\/index.php\/2022\/07\/18\/fesztivalra-keszul-fogadja-meg-a-rendorseg-tanacsait\/","og_site_name":"Dorogi-medence Region\u00e1lis H\u00edrport\u00e1l","article_publisher":"https:\/\/www.facebook.com\/dorogimedence\/","article_published_time":"2022-07-18T09:46:30+00:00","article_modified_time":"2022-07-18T09:48:04+00:00","og_image":[{"width":1920,"height":1281,"url":"https:\/\/i0.wp.com\/dorogimedence.hu\/wp-content\/uploads\/2022\/07\/concert-3084876_1920.jpg?fit=1920%2C1281&ssl=1","type":"image\/jpeg"}],"author":"dorogimedence.hu","twitter_card":"summary_large_image","twitter_misc":{"Szerz\u0151:":"dorogimedence.hu","Becs\u00fclt olvas\u00e1si id\u0151":"1 perc"},"schema":{"@context":"https:\/\/schema.org","@graph":[{"@type":"Article","@id":"https:\/\/dorogimedence.hu\/index.php\/2022\/07\/18\/fesztivalra-keszul-fogadja-meg-a-rendorseg-tanacsait\/#article","isPartOf":{"@id":"https:\/\/dorogimedence.hu\/index.php\/2022\/07\/18\/fesztivalra-keszul-fogadja-meg-a-rendorseg-tanacsait\/"},"author":{"name":"dorogimedence.hu","@id":"https:\/\/dorogimedence.hu\/#\/schema\/person\/ce6091eeb7e95ecdc87890d6aa8e0fd4"},"headline":"Fesztiv\u00e1lra k\u00e9sz\u00fcl? Fogadja meg a rend\u0151rs\u00e9g tan\u00e1csait!","datePublished":"2022-07-18T09:46:30+00:00","dateModified":"2022-07-18T09:48:04+00:00","mainEntityOfPage":{"@id":"https:\/\/dorogimedence.hu\/index.php\/2022\/07\/18\/fesztivalra-keszul-fogadja-meg-a-rendorseg-tanacsait\/"},"wordCount":297,"publisher":{"@id":"https:\/\/dorogimedence.hu\/#organization"},"image":{"@id":"https:\/\/dorogimedence.hu\/index.php\/2022\/07\/18\/fesztivalra-keszul-fogadja-meg-a-rendorseg-tanacsait\/#primaryimage"},"thumbnailUrl":"https:\/\/dorogimedence.hu\/wp-content\/uploads\/2022\/07\/concert-3084876_1920.jpg","keywords":["felh\u00edv\u00e1s","fesztiv\u00e1l","rend\u0151rs\u00e9gi felh\u00edv\u00e1s"],"articleSection":["H\u00edrek"],"inLanguage":"hu"},{"@type":"WebPage","@id":"https:\/\/dorogimedence.hu\/index.php\/2022\/07\/18\/fesztivalra-keszul-fogadja-meg-a-rendorseg-tanacsait\/","url":"https:\/\/dorogimedence.hu\/index.php\/2022\/07\/18\/fesztivalra-keszul-fogadja-meg-a-rendorseg-tanacsait\/","name":"Fesztiv\u00e1lra k\u00e9sz\u00fcl? Fogadja meg a rend\u0151rs\u00e9g tan\u00e1csait!","isPartOf":{"@id":"https:\/\/dorogimedence.hu\/#website"},"primaryImageOfPage":{"@id":"https:\/\/dorogimedence.hu\/index.php\/2022\/07\/18\/fesztivalra-keszul-fogadja-meg-a-rendorseg-tanacsait\/#primaryimage"},"image":{"@id":"https:\/\/dorogimedence.hu\/index.php\/2022\/07\/18\/fesztivalra-keszul-fogadja-meg-a-rendorseg-tanacsait\/#primaryimage"},"thumbnailUrl":"https:\/\/dorogimedence.hu\/wp-content\/uploads\/2022\/07\/concert-3084876_1920.jpg","datePublished":"2022-07-18T09:46:30+00:00","dateModified":"2022-07-18T09:48:04+00:00","breadcrumb":{"@id":"https:\/\/dorogimedence.hu\/index.php\/2022\/07\/18\/fesztivalra-keszul-fogadja-meg-a-rendorseg-tanacsait\/#breadcrumb"},"inLanguage":"hu","potentialAction":[{"@type":"ReadAction","target":["https:\/\/dorogimedence.hu\/index.php\/2022\/07\/18\/fesztivalra-keszul-fogadja-meg-a-rendorseg-tanacsait\/"]}]},{"@type":"ImageObject","inLanguage":"hu","@id":"https:\/\/dorogimedence.hu\/index.php\/2022\/07\/18\/fesztivalra-keszul-fogadja-meg-a-rendorseg-tanacsait\/#primaryimage","url":"https:\/\/dorogimedence.hu\/wp-content\/uploads\/2022\/07\/concert-3084876_1920.jpg","contentUrl":"https:\/\/dorogimedence.hu\/wp-content\/uploads\/2022\/07\/concert-3084876_1920.jpg","width":1920,"height":1281},{"@type":"BreadcrumbList","@id":"https:\/\/dorogimedence.hu\/index.php\/2022\/07\/18\/fesztivalra-keszul-fogadja-meg-a-rendorseg-tanacsait\/#breadcrumb","itemListElement":[{"@type":"ListItem","position":1,"name":"Kezd\u0151lap","item":"https:\/\/dorogimedence.hu\/"},{"@type":"ListItem","position":2,"name":"Fesztiv\u00e1lra k\u00e9sz\u00fcl? Fogadja meg a rend\u0151rs\u00e9g tan\u00e1csait!"}]},{"@type":"WebSite","@id":"https:\/\/dorogimedence.hu\/#website","url":"https:\/\/dorogimedence.hu\/","name":"Dorogi-medence Region\u00e1lis H\u00edrport\u00e1l","description":"Dorog, Keszt\u00f6lc, Le\u00e1nyv\u00e1r, Piliscs\u00e9v, Tokod, Tokodalt\u00e1r\u00f3, Csolnok, Esztergom-kertv\u00e1ros: h\u00edrek, programok","publisher":{"@id":"https:\/\/dorogimedence.hu\/#organization"},"potentialAction":[{"@type":"SearchAction","target":{"@type":"EntryPoint","urlTemplate":"https:\/\/dorogimedence.hu\/?s={search_term_string}"},"query-input":{"@type":"PropertyValueSpecification","valueRequired":true,"valueName":"search_term_string"}}],"inLanguage":"hu"},{"@type":"Organization","@id":"https:\/\/dorogimedence.hu\/#organization","name":"Dorogi-medence Region\u00e1lis H\u00edrport\u00e1l","url":"https:\/\/dorogimedence.hu\/","logo":{"@type":"ImageObject","inLanguage":"hu","@id":"https:\/\/dorogimedence.hu\/#\/schema\/logo\/image\/","url":"https:\/\/dorogimedence.hu\/wp-content\/uploads\/2021\/04\/logo-feher-600.png","contentUrl":"https:\/\/dorogimedence.hu\/wp-content\/uploads\/2021\/04\/logo-feher-600.png","width":600,"height":100,"caption":"Dorogi-medence Region\u00e1lis H\u00edrport\u00e1l"},"image":{"@id":"https:\/\/dorogimedence.hu\/#\/schema\/logo\/image\/"},"sameAs":["https:\/\/www.facebook.com\/dorogimedence\/"]},{"@type":"Person","@id":"https:\/\/dorogimedence.hu\/#\/schema\/person\/ce6091eeb7e95ecdc87890d6aa8e0fd4","name":"dorogimedence.hu","image":{"@type":"ImageObject","inLanguage":"hu","@id":"\/\/www.gravatar.com\/avatar\/d8d45f8901aadff40a4af72c0b826f1d?s=96&#038;r=g&#038;d=mm","url":"\/\/www.gravatar.com\/avatar\/d8d45f8901aadff40a4af72c0b826f1d?s=96&#038;r=g&#038;d=mm","contentUrl":"\/\/www.gravatar.com\/avatar\/d8d45f8901aadff40a4af72c0b826f1d?s=96&#038;r=g&#038;d=mm","caption":"dorogimedence.hu"}}]}},"_links":{"self":[{"href":"https:\/\/dorogimedence.hu\/index.php\/wp-json\/wp\/v2\/posts\/44809","targetHints":{"allow":["GET"]}}],"collection":[{"href":"https:\/\/dorogimedence.hu\/index.php\/wp-json\/wp\/v2\/posts"}],"about":[{"href":"https:\/\/dorogimedence.hu\/index.php\/wp-json\/wp\/v2\/types\/post"}],"author":[{"embeddable":true,"href":"https:\/\/dorogimedence.hu\/index.php\/wp-json\/wp\/v2\/users\/1"}],"replies":[{"embeddable":true,"href":"https:\/\/dorogimedence.hu\/index.php\/wp-json\/wp\/v2\/comments?post=44809"}],"version-history":[{"count":0,"href":"https:\/\/dorogimedence.hu\/index.php\/wp-json\/wp\/v2\/posts\/44809\/revisions"}],"wp:featuredmedia":[{"embeddable":true,"href":"https:\/\/dorogimedence.hu\/index.php\/wp-json\/wp\/v2\/media\/44810"}],"wp:attachment":[{"href":"https:\/\/dorogimedence.hu\/index.php\/wp-json\/wp\/v2\/media?parent=44809"}],"wp:term":[{"taxonomy":"category","embeddable":true,"href":"https:\/\/dorogimedence.hu\/index.php\/wp-json\/wp\/v2\/categories?post=44809"},{"taxonomy":"post_tag","embeddable":true,"href":"https:\/\/dorogimedence.hu\/index.php\/wp-json\/wp\/v2\/tags?post=44809"}],"curies":[{"name":"wp","href":"https:\/\/api.w.org\/{rel}","templated":true}]}}