{"id":44588,"date":"2022-07-11T16:53:19","date_gmt":"2022-07-11T14:53:19","guid":{"rendered":"https:\/\/dorogimedence.hu\/?p=44588"},"modified":"2022-07-11T16:53:31","modified_gmt":"2022-07-11T14:53:31","slug":"megyenkben-is-megkezdodik-a-szunyoggyerites","status":"publish","type":"post","link":"https:\/\/dorogimedence.hu\/index.php\/2022\/07\/11\/megyenkben-is-megkezdodik-a-szunyoggyerites\/","title":{"rendered":"Megy\u00e9nkben is megkezd\u0151dik a sz\u00fanyoggy\u00e9r\u00edt\u00e9s"},"content":{"rendered":"<p><strong>J\u00falius 13-\u00e1n, szerd\u00e1n Neszm\u00e9lyen, Dunaalm\u00e1son, Alm\u00e1sf\u00fczit\u0151n \u00e9s Kom\u00e1romban v\u00e9geznek f\u00f6ldi sz\u00fanyoggy\u00e9r\u00edt\u00e9st.<\/strong><\/p>\n<p>A foly\u00f3k v\u00edzszintje ny\u00e1r eleje \u00f3ta szinte minden\u00fctt alacsony, \u00e1rt\u00e9ri sz\u00fanyogteny\u00e9sz\u0151helyek jelenleg sehol nincsenek. Az orsz\u00e1gos sz\u00fanyog\u00e1rtalmat emiatt els\u0151sorban a csapad\u00e9kviszonyok hat\u00e1rozz\u00e1k meg. A Nyugat-Dun\u00e1nt\u00falon, valamint a k\u00f6z\u00e9ps\u0151 orsz\u00e1gr\u00e9sz egyes ter\u00fcletein elegend\u0151 csapad\u00e9k hullott az ideiglenes \u00e9l\u0151helyek l\u00e9trej\u00f6tt\u00e9hez, m\u00edg az Alf\u00f6ld\u00f6n az elm\u00falt hetekben t\u00f6bbnyire asz\u00e1lyos volt a helyzet. Ebb\u0151l k\u00f6vetkez\u0151en a cs\u00edp\u0151sz\u00fanyogok \u00e1ltal t\u00f6bbnyire er\u0151sen \u00e9rintett ter\u00fcleteken, \u00edgy a Szolnok k\u00f6rny\u00e9ki telep\u00fcl\u00e9seken, Csongr\u00e1d-Csan\u00e1d megy\u00e9ben \u00e9s a K\u00f6r\u00f6s\u00f6k ment\u00e9n csak elv\u00e9tve tal\u00e1lkozhatunk zavar\u00f3 mennyis\u00e9g\u0171 sz\u00fanyoggal. Az orsz\u00e1g t\u00f6bbi ter\u00fclet\u00e9n szak\u00e9rt\u0151i monitoring alapj\u00e1n hat\u00e1rozz\u00e1k meg a kezel\u00e9sek \u00fctemez\u00e9s\u00e9t.<\/p>\n<p>Az el\u0151z\u0151 h\u00e9t szeles id\u0151j\u00e1r\u00e1sa miatt t\u00f6bb t\u00e9rs\u00e9gben, \u00edgy p\u00e9ld\u00e1ul Duna\u00fajv\u00e1ros \u00e9s Szeksz\u00e1rd k\u00f6rny\u00e9k\u00e9n, illetve Fej\u00e9r, valamint Vas megye t\u00f6bb telep\u00fcl\u00e9s\u00e9n elmaradtak a kezel\u00e9sek. Ezeken a ter\u00fcleteken a h\u00e9ten v\u00e9gzik el a munk\u00e1latokat. A kifejlett sz\u00fanyogok ellen f\u00f6ldi elj\u00e1r\u00e1ssal v\u00e9dekeznek tov\u00e1bb\u00e1 Baranya megy\u00e9ben, a f\u0151v\u00e1rosban, a Tisza-t\u00f3n\u00e1l, a Dr\u00e1va \u00e9s az Ipoly ment\u00e9n, a Szigetk\u00f6zben, valamint Kom\u00e1rom t\u00e9rs\u00e9g\u00e9ben. \u00d6sszesen 304 telep\u00fcl\u00e9sen, valamint a f\u0151v\u00e1ros nyolc ker\u00fclet\u00e9ben lesznek kezel\u00e9sek. Ezeket napnyugta ut\u00e1n v\u00e9gzik el, \u00edgy a m\u00e9heket \u00e9s m\u00e1s, nappal akt\u00edv beporz\u00f3 rovarokat nem \u00e9rintik. A tervezett gy\u00e9r\u00edt\u00e9sek \u00fctemterve megtal\u00e1lhat\u00f3 a&nbsp;<span style=\"text-decoration: underline; color: #0000ff;\"><a style=\"color: #0000ff; text-decoration: underline;\" href=\"https:\/\/katasztrofavedelem.hu\/43\/heti-programok\" target=\"_blank\" rel=\"noopener\">katasztr\u00f3fav\u00e9delem honlapj\u00e1n<\/a><\/span>, tov\u00e1bb\u00e1 az \u00e9rintett telep\u00fcl\u00e9sek \u00f6nkorm\u00e1nyzatai saj\u00e1t m\u00e9diafel\u00fclet\u00fck\u00f6n is k\u00f6zz\u00e9teszik azt a lakoss\u00e1g t\u00e1j\u00e9koztat\u00e1sa c\u00e9lj\u00e1b\u00f3l.<\/p>\n<p>A kifejlett sz\u00fanyogok gy\u00e9r\u00edt\u00e9s\u00e9re szolg\u00e1l\u00f3 k\u00e9sz\u00edtm\u00e9nyt f\u00f6ldi \u00faton, plat\u00f3s terepj\u00e1r\u00f3ra vagy kisteheraut\u00f3ra szerelt berendez\u00e9sek seg\u00edts\u00e9g\u00e9vel juttatj\u00e1k ki.&nbsp;A gy\u00e9r\u00edt\u00e9s a <strong>napnyugta ut\u00e1ni \u00f3r\u00e1kban t\u00f6rt\u00e9nik<\/strong>. Rossz id\u0151 eset\u00e9n a v\u00e9dekez\u00e9st m\u00e1snap, vagy harmadnap v\u00e9gzik el.<\/p>\n<p><strong>Alkalmazott k\u00e9sz\u00edtm\u00e9ny:<\/strong> Deltasect Plus 1,2 ULV sz\u00fanyogirt\u00f3 szer.<\/p>\n<p>A k\u00e9sz\u00edtm\u00e9ny a kijuttatott csek\u00e9ly mennyis\u00e9gben (0,6 liter\/hekt\u00e1r) kiz\u00e1r\u00f3lag az \u00e9rz\u00e9kenyebb rovarokat puszt\u00edtja el, melegv\u00e9r\u0171 \u00e1llatokra, emberre nem vesz\u00e9lyes, hat\u00f3anyaga n\u00e9h\u00e1ny \u00f3ra alatt lebomlik.<\/p>\n<p><em>Forr\u00e1s: Katasztr\u00f3fav\u00e9delem<br \/>\nBor\u00edt\u00f3k\u00e9p: Sz\u0151ke P\u00e9ter &#8211; BM OKF<\/em><\/p>\n","protected":false},"excerpt":{"rendered":"<p>J\u00falius 13-\u00e1n, szerd\u00e1n Neszm\u00e9lyen, Dunaalm\u00e1son, Alm\u00e1sf\u00fczit\u0151n \u00e9s Kom\u00e1romban v\u00e9geznek f\u00f6ldi sz\u00fanyoggy\u00e9r\u00edt\u00e9st. A foly\u00f3k v\u00edzszintje ny\u00e1r eleje \u00f3ta szinte minden\u00fctt alacsony, \u00e1rt\u00e9ri sz\u00fanyogteny\u00e9sz\u0151helyek jelenleg sehol nincsenek. Az orsz\u00e1gos sz\u00fanyog\u00e1rtalmat emiatt els\u0151sorban a csapad\u00e9kviszonyok hat\u00e1rozz\u00e1k meg. A Nyugat-Dun\u00e1nt\u00falon, valamint a k\u00f6z\u00e9ps\u0151 orsz\u00e1gr\u00e9sz egyes ter\u00fcletein elegend\u0151 csapad\u00e9k hullott az ideiglenes \u00e9l\u0151helyek l\u00e9trej\u00f6tt\u00e9hez, m\u00edg az Alf\u00f6ld\u00f6n az elm\u00falt hetekben<\/p>\n","protected":false},"author":1,"featured_media":44589,"comment_status":"closed","ping_status":"closed","sticky":false,"template":"","format":"standard","meta":{"ngg_post_thumbnail":0,"footnotes":""},"categories":[3],"tags":[175,1084,1085],"class_list":{"0":"post-44588","1":"post","2":"type-post","3":"status-publish","4":"format-standard","5":"has-post-thumbnail","7":"category-hirek","8":"tag-katasztrofavedelem","9":"tag-szunyoggyerites","10":"tag-szunyogirtas"},"yoast_head":"<!-- This site is optimized with the Yoast SEO plugin v27.4 - https:\/\/yoast.com\/product\/yoast-seo-wordpress\/ -->\n<title>Megy\u00e9nkben is megkezd\u0151dik a sz\u00fanyoggy\u00e9r\u00edt\u00e9s<\/title>\n<meta name=\"robots\" content=\"index, follow, max-snippet:-1, max-image-preview:large, max-video-preview:-1\" \/>\n<link rel=\"canonical\" href=\"https:\/\/dorogimedence.hu\/index.php\/2022\/07\/11\/megyenkben-is-megkezdodik-a-szunyoggyerites\/\" class=\"yoast-seo-meta-tag\" \/>\n<meta property=\"og:locale\" content=\"hu_HU\" class=\"yoast-seo-meta-tag\" \/>\n<meta property=\"og:type\" content=\"article\" class=\"yoast-seo-meta-tag\" \/>\n<meta property=\"og:title\" content=\"Megy\u00e9nkben is megkezd\u0151dik a sz\u00fanyoggy\u00e9r\u00edt\u00e9s\" class=\"yoast-seo-meta-tag\" \/>\n<meta property=\"og:description\" content=\"J\u00falius 13-\u00e1n, szerd\u00e1n Neszm\u00e9lyen, Dunaalm\u00e1son, Alm\u00e1sf\u00fczit\u0151n \u00e9s Kom\u00e1romban v\u00e9geznek f\u00f6ldi sz\u00fanyoggy\u00e9r\u00edt\u00e9st. A foly\u00f3k v\u00edzszintje ny\u00e1r eleje \u00f3ta szinte minden\u00fctt alacsony, \u00e1rt\u00e9ri sz\u00fanyogteny\u00e9sz\u0151helyek jelenleg sehol nincsenek. Az orsz\u00e1gos sz\u00fanyog\u00e1rtalmat emiatt els\u0151sorban a csapad\u00e9kviszonyok hat\u00e1rozz\u00e1k meg. A Nyugat-Dun\u00e1nt\u00falon, valamint a k\u00f6z\u00e9ps\u0151 orsz\u00e1gr\u00e9sz egyes ter\u00fcletein elegend\u0151 csapad\u00e9k hullott az ideiglenes \u00e9l\u0151helyek l\u00e9trej\u00f6tt\u00e9hez, m\u00edg az Alf\u00f6ld\u00f6n az elm\u00falt hetekben\" class=\"yoast-seo-meta-tag\" \/>\n<meta property=\"og:url\" content=\"https:\/\/dorogimedence.hu\/index.php\/2022\/07\/11\/megyenkben-is-megkezdodik-a-szunyoggyerites\/\" class=\"yoast-seo-meta-tag\" \/>\n<meta property=\"og:site_name\" content=\"Dorogi-medence Region\u00e1lis H\u00edrport\u00e1l\" class=\"yoast-seo-meta-tag\" \/>\n<meta property=\"article:publisher\" content=\"https:\/\/www.facebook.com\/dorogimedence\/\" class=\"yoast-seo-meta-tag\" \/>\n<meta property=\"article:published_time\" content=\"2022-07-11T14:53:19+00:00\" class=\"yoast-seo-meta-tag\" \/>\n<meta property=\"article:modified_time\" content=\"2022-07-11T14:53:31+00:00\" class=\"yoast-seo-meta-tag\" \/>\n<meta property=\"og:image\" content=\"https:\/\/i0.wp.com\/dorogimedence.hu\/wp-content\/uploads\/2022\/07\/katasztrofavedelem.jpg?fit=1024%2C682&ssl=1\" class=\"yoast-seo-meta-tag\" \/>\n\t<meta property=\"og:image:width\" content=\"1024\" class=\"yoast-seo-meta-tag\" \/>\n\t<meta property=\"og:image:height\" content=\"682\" class=\"yoast-seo-meta-tag\" \/>\n\t<meta property=\"og:image:type\" content=\"image\/jpeg\" class=\"yoast-seo-meta-tag\" \/>\n<meta name=\"author\" content=\"dorogimedence.hu\" class=\"yoast-seo-meta-tag\" \/>\n<meta name=\"twitter:card\" content=\"summary_large_image\" class=\"yoast-seo-meta-tag\" \/>\n<meta name=\"twitter:label1\" content=\"Szerz\u0151:\" class=\"yoast-seo-meta-tag\" \/>\n\t<meta name=\"twitter:data1\" content=\"dorogimedence.hu\" class=\"yoast-seo-meta-tag\" \/>\n\t<meta name=\"twitter:label2\" content=\"Becs\u00fclt olvas\u00e1si id\u0151\" class=\"yoast-seo-meta-tag\" \/>\n\t<meta name=\"twitter:data2\" content=\"3 perc\" class=\"yoast-seo-meta-tag\" \/>\n<script type=\"application\/ld+json\" class=\"yoast-schema-graph\">{\"@context\":\"https:\\\/\\\/schema.org\",\"@graph\":[{\"@type\":\"Article\",\"@id\":\"https:\\\/\\\/dorogimedence.hu\\\/index.php\\\/2022\\\/07\\\/11\\\/megyenkben-is-megkezdodik-a-szunyoggyerites\\\/#article\",\"isPartOf\":{\"@id\":\"https:\\\/\\\/dorogimedence.hu\\\/index.php\\\/2022\\\/07\\\/11\\\/megyenkben-is-megkezdodik-a-szunyoggyerites\\\/\"},\"author\":{\"name\":\"dorogimedence.hu\",\"@id\":\"https:\\\/\\\/dorogimedence.hu\\\/#\\\/schema\\\/person\\\/ce6091eeb7e95ecdc87890d6aa8e0fd4\"},\"headline\":\"Megy\u00e9nkben is megkezd\u0151dik a sz\u00fanyoggy\u00e9r\u00edt\u00e9s\",\"datePublished\":\"2022-07-11T14:53:19+00:00\",\"dateModified\":\"2022-07-11T14:53:31+00:00\",\"mainEntityOfPage\":{\"@id\":\"https:\\\/\\\/dorogimedence.hu\\\/index.php\\\/2022\\\/07\\\/11\\\/megyenkben-is-megkezdodik-a-szunyoggyerites\\\/\"},\"wordCount\":512,\"publisher\":{\"@id\":\"https:\\\/\\\/dorogimedence.hu\\\/#organization\"},\"image\":{\"@id\":\"https:\\\/\\\/dorogimedence.hu\\\/index.php\\\/2022\\\/07\\\/11\\\/megyenkben-is-megkezdodik-a-szunyoggyerites\\\/#primaryimage\"},\"thumbnailUrl\":\"https:\\\/\\\/dorogimedence.hu\\\/wp-content\\\/uploads\\\/2022\\\/07\\\/katasztrofavedelem.jpg\",\"keywords\":[\"katasztr\u00f3fav\u00e9delem\",\"sz\u00fanyoggy\u00e9r\u00edt\u00e9s\",\"sz\u00fanyog\u00edrt\u00e1s\"],\"articleSection\":[\"H\u00edrek\"],\"inLanguage\":\"hu\"},{\"@type\":\"WebPage\",\"@id\":\"https:\\\/\\\/dorogimedence.hu\\\/index.php\\\/2022\\\/07\\\/11\\\/megyenkben-is-megkezdodik-a-szunyoggyerites\\\/\",\"url\":\"https:\\\/\\\/dorogimedence.hu\\\/index.php\\\/2022\\\/07\\\/11\\\/megyenkben-is-megkezdodik-a-szunyoggyerites\\\/\",\"name\":\"Megy\u00e9nkben is megkezd\u0151dik a sz\u00fanyoggy\u00e9r\u00edt\u00e9s\",\"isPartOf\":{\"@id\":\"https:\\\/\\\/dorogimedence.hu\\\/#website\"},\"primaryImageOfPage\":{\"@id\":\"https:\\\/\\\/dorogimedence.hu\\\/index.php\\\/2022\\\/07\\\/11\\\/megyenkben-is-megkezdodik-a-szunyoggyerites\\\/#primaryimage\"},\"image\":{\"@id\":\"https:\\\/\\\/dorogimedence.hu\\\/index.php\\\/2022\\\/07\\\/11\\\/megyenkben-is-megkezdodik-a-szunyoggyerites\\\/#primaryimage\"},\"thumbnailUrl\":\"https:\\\/\\\/dorogimedence.hu\\\/wp-content\\\/uploads\\\/2022\\\/07\\\/katasztrofavedelem.jpg\",\"datePublished\":\"2022-07-11T14:53:19+00:00\",\"dateModified\":\"2022-07-11T14:53:31+00:00\",\"breadcrumb\":{\"@id\":\"https:\\\/\\\/dorogimedence.hu\\\/index.php\\\/2022\\\/07\\\/11\\\/megyenkben-is-megkezdodik-a-szunyoggyerites\\\/#breadcrumb\"},\"inLanguage\":\"hu\",\"potentialAction\":[{\"@type\":\"ReadAction\",\"target\":[\"https:\\\/\\\/dorogimedence.hu\\\/index.php\\\/2022\\\/07\\\/11\\\/megyenkben-is-megkezdodik-a-szunyoggyerites\\\/\"]}]},{\"@type\":\"ImageObject\",\"inLanguage\":\"hu\",\"@id\":\"https:\\\/\\\/dorogimedence.hu\\\/index.php\\\/2022\\\/07\\\/11\\\/megyenkben-is-megkezdodik-a-szunyoggyerites\\\/#primaryimage\",\"url\":\"https:\\\/\\\/dorogimedence.hu\\\/wp-content\\\/uploads\\\/2022\\\/07\\\/katasztrofavedelem.jpg\",\"contentUrl\":\"https:\\\/\\\/dorogimedence.hu\\\/wp-content\\\/uploads\\\/2022\\\/07\\\/katasztrofavedelem.jpg\",\"width\":1024,\"height\":682},{\"@type\":\"BreadcrumbList\",\"@id\":\"https:\\\/\\\/dorogimedence.hu\\\/index.php\\\/2022\\\/07\\\/11\\\/megyenkben-is-megkezdodik-a-szunyoggyerites\\\/#breadcrumb\",\"itemListElement\":[{\"@type\":\"ListItem\",\"position\":1,\"name\":\"Kezd\u0151lap\",\"item\":\"https:\\\/\\\/dorogimedence.hu\\\/\"},{\"@type\":\"ListItem\",\"position\":2,\"name\":\"Megy\u00e9nkben is megkezd\u0151dik a sz\u00fanyoggy\u00e9r\u00edt\u00e9s\"}]},{\"@type\":\"WebSite\",\"@id\":\"https:\\\/\\\/dorogimedence.hu\\\/#website\",\"url\":\"https:\\\/\\\/dorogimedence.hu\\\/\",\"name\":\"Dorogi-medence Region\u00e1lis H\u00edrport\u00e1l\",\"description\":\"Dorog, Keszt\u00f6lc, Le\u00e1nyv\u00e1r, Piliscs\u00e9v, Tokod, Tokodalt\u00e1r\u00f3, Csolnok, Esztergom-kertv\u00e1ros: h\u00edrek, programok\",\"publisher\":{\"@id\":\"https:\\\/\\\/dorogimedence.hu\\\/#organization\"},\"potentialAction\":[{\"@type\":\"SearchAction\",\"target\":{\"@type\":\"EntryPoint\",\"urlTemplate\":\"https:\\\/\\\/dorogimedence.hu\\\/?s={search_term_string}\"},\"query-input\":{\"@type\":\"PropertyValueSpecification\",\"valueRequired\":true,\"valueName\":\"search_term_string\"}}],\"inLanguage\":\"hu\"},{\"@type\":\"Organization\",\"@id\":\"https:\\\/\\\/dorogimedence.hu\\\/#organization\",\"name\":\"Dorogi-medence Region\u00e1lis H\u00edrport\u00e1l\",\"url\":\"https:\\\/\\\/dorogimedence.hu\\\/\",\"logo\":{\"@type\":\"ImageObject\",\"inLanguage\":\"hu\",\"@id\":\"https:\\\/\\\/dorogimedence.hu\\\/#\\\/schema\\\/logo\\\/image\\\/\",\"url\":\"https:\\\/\\\/dorogimedence.hu\\\/wp-content\\\/uploads\\\/2021\\\/04\\\/logo-feher-600.png\",\"contentUrl\":\"https:\\\/\\\/dorogimedence.hu\\\/wp-content\\\/uploads\\\/2021\\\/04\\\/logo-feher-600.png\",\"width\":600,\"height\":100,\"caption\":\"Dorogi-medence Region\u00e1lis H\u00edrport\u00e1l\"},\"image\":{\"@id\":\"https:\\\/\\\/dorogimedence.hu\\\/#\\\/schema\\\/logo\\\/image\\\/\"},\"sameAs\":[\"https:\\\/\\\/www.facebook.com\\\/dorogimedence\\\/\"]},{\"@type\":\"Person\",\"@id\":\"https:\\\/\\\/dorogimedence.hu\\\/#\\\/schema\\\/person\\\/ce6091eeb7e95ecdc87890d6aa8e0fd4\",\"name\":\"dorogimedence.hu\",\"image\":{\"@type\":\"ImageObject\",\"inLanguage\":\"hu\",\"@id\":\"\\\/\\\/www.gravatar.com\\\/avatar\\\/d8d45f8901aadff40a4af72c0b826f1d?s=96&#038;r=g&#038;d=mm\",\"url\":\"\\\/\\\/www.gravatar.com\\\/avatar\\\/d8d45f8901aadff40a4af72c0b826f1d?s=96&#038;r=g&#038;d=mm\",\"contentUrl\":\"\\\/\\\/www.gravatar.com\\\/avatar\\\/d8d45f8901aadff40a4af72c0b826f1d?s=96&#038;r=g&#038;d=mm\",\"caption\":\"dorogimedence.hu\"}}]}<\/script>\n<!-- \/ Yoast SEO plugin. -->","yoast_head_json":{"title":"Megy\u00e9nkben is megkezd\u0151dik a sz\u00fanyoggy\u00e9r\u00edt\u00e9s","robots":{"index":"index","follow":"follow","max-snippet":"max-snippet:-1","max-image-preview":"max-image-preview:large","max-video-preview":"max-video-preview:-1"},"canonical":"https:\/\/dorogimedence.hu\/index.php\/2022\/07\/11\/megyenkben-is-megkezdodik-a-szunyoggyerites\/","og_locale":"hu_HU","og_type":"article","og_title":"Megy\u00e9nkben is megkezd\u0151dik a sz\u00fanyoggy\u00e9r\u00edt\u00e9s","og_description":"J\u00falius 13-\u00e1n, szerd\u00e1n Neszm\u00e9lyen, Dunaalm\u00e1son, Alm\u00e1sf\u00fczit\u0151n \u00e9s Kom\u00e1romban v\u00e9geznek f\u00f6ldi sz\u00fanyoggy\u00e9r\u00edt\u00e9st. A foly\u00f3k v\u00edzszintje ny\u00e1r eleje \u00f3ta szinte minden\u00fctt alacsony, \u00e1rt\u00e9ri sz\u00fanyogteny\u00e9sz\u0151helyek jelenleg sehol nincsenek. Az orsz\u00e1gos sz\u00fanyog\u00e1rtalmat emiatt els\u0151sorban a csapad\u00e9kviszonyok hat\u00e1rozz\u00e1k meg. A Nyugat-Dun\u00e1nt\u00falon, valamint a k\u00f6z\u00e9ps\u0151 orsz\u00e1gr\u00e9sz egyes ter\u00fcletein elegend\u0151 csapad\u00e9k hullott az ideiglenes \u00e9l\u0151helyek l\u00e9trej\u00f6tt\u00e9hez, m\u00edg az Alf\u00f6ld\u00f6n az elm\u00falt hetekben","og_url":"https:\/\/dorogimedence.hu\/index.php\/2022\/07\/11\/megyenkben-is-megkezdodik-a-szunyoggyerites\/","og_site_name":"Dorogi-medence Region\u00e1lis H\u00edrport\u00e1l","article_publisher":"https:\/\/www.facebook.com\/dorogimedence\/","article_published_time":"2022-07-11T14:53:19+00:00","article_modified_time":"2022-07-11T14:53:31+00:00","og_image":[{"width":1024,"height":682,"url":"https:\/\/i0.wp.com\/dorogimedence.hu\/wp-content\/uploads\/2022\/07\/katasztrofavedelem.jpg?fit=1024%2C682&ssl=1","type":"image\/jpeg"}],"author":"dorogimedence.hu","twitter_card":"summary_large_image","twitter_misc":{"Szerz\u0151:":"dorogimedence.hu","Becs\u00fclt olvas\u00e1si id\u0151":"3 perc"},"schema":{"@context":"https:\/\/schema.org","@graph":[{"@type":"Article","@id":"https:\/\/dorogimedence.hu\/index.php\/2022\/07\/11\/megyenkben-is-megkezdodik-a-szunyoggyerites\/#article","isPartOf":{"@id":"https:\/\/dorogimedence.hu\/index.php\/2022\/07\/11\/megyenkben-is-megkezdodik-a-szunyoggyerites\/"},"author":{"name":"dorogimedence.hu","@id":"https:\/\/dorogimedence.hu\/#\/schema\/person\/ce6091eeb7e95ecdc87890d6aa8e0fd4"},"headline":"Megy\u00e9nkben is megkezd\u0151dik a sz\u00fanyoggy\u00e9r\u00edt\u00e9s","datePublished":"2022-07-11T14:53:19+00:00","dateModified":"2022-07-11T14:53:31+00:00","mainEntityOfPage":{"@id":"https:\/\/dorogimedence.hu\/index.php\/2022\/07\/11\/megyenkben-is-megkezdodik-a-szunyoggyerites\/"},"wordCount":512,"publisher":{"@id":"https:\/\/dorogimedence.hu\/#organization"},"image":{"@id":"https:\/\/dorogimedence.hu\/index.php\/2022\/07\/11\/megyenkben-is-megkezdodik-a-szunyoggyerites\/#primaryimage"},"thumbnailUrl":"https:\/\/dorogimedence.hu\/wp-content\/uploads\/2022\/07\/katasztrofavedelem.jpg","keywords":["katasztr\u00f3fav\u00e9delem","sz\u00fanyoggy\u00e9r\u00edt\u00e9s","sz\u00fanyog\u00edrt\u00e1s"],"articleSection":["H\u00edrek"],"inLanguage":"hu"},{"@type":"WebPage","@id":"https:\/\/dorogimedence.hu\/index.php\/2022\/07\/11\/megyenkben-is-megkezdodik-a-szunyoggyerites\/","url":"https:\/\/dorogimedence.hu\/index.php\/2022\/07\/11\/megyenkben-is-megkezdodik-a-szunyoggyerites\/","name":"Megy\u00e9nkben is megkezd\u0151dik a sz\u00fanyoggy\u00e9r\u00edt\u00e9s","isPartOf":{"@id":"https:\/\/dorogimedence.hu\/#website"},"primaryImageOfPage":{"@id":"https:\/\/dorogimedence.hu\/index.php\/2022\/07\/11\/megyenkben-is-megkezdodik-a-szunyoggyerites\/#primaryimage"},"image":{"@id":"https:\/\/dorogimedence.hu\/index.php\/2022\/07\/11\/megyenkben-is-megkezdodik-a-szunyoggyerites\/#primaryimage"},"thumbnailUrl":"https:\/\/dorogimedence.hu\/wp-content\/uploads\/2022\/07\/katasztrofavedelem.jpg","datePublished":"2022-07-11T14:53:19+00:00","dateModified":"2022-07-11T14:53:31+00:00","breadcrumb":{"@id":"https:\/\/dorogimedence.hu\/index.php\/2022\/07\/11\/megyenkben-is-megkezdodik-a-szunyoggyerites\/#breadcrumb"},"inLanguage":"hu","potentialAction":[{"@type":"ReadAction","target":["https:\/\/dorogimedence.hu\/index.php\/2022\/07\/11\/megyenkben-is-megkezdodik-a-szunyoggyerites\/"]}]},{"@type":"ImageObject","inLanguage":"hu","@id":"https:\/\/dorogimedence.hu\/index.php\/2022\/07\/11\/megyenkben-is-megkezdodik-a-szunyoggyerites\/#primaryimage","url":"https:\/\/dorogimedence.hu\/wp-content\/uploads\/2022\/07\/katasztrofavedelem.jpg","contentUrl":"https:\/\/dorogimedence.hu\/wp-content\/uploads\/2022\/07\/katasztrofavedelem.jpg","width":1024,"height":682},{"@type":"BreadcrumbList","@id":"https:\/\/dorogimedence.hu\/index.php\/2022\/07\/11\/megyenkben-is-megkezdodik-a-szunyoggyerites\/#breadcrumb","itemListElement":[{"@type":"ListItem","position":1,"name":"Kezd\u0151lap","item":"https:\/\/dorogimedence.hu\/"},{"@type":"ListItem","position":2,"name":"Megy\u00e9nkben is megkezd\u0151dik a sz\u00fanyoggy\u00e9r\u00edt\u00e9s"}]},{"@type":"WebSite","@id":"https:\/\/dorogimedence.hu\/#website","url":"https:\/\/dorogimedence.hu\/","name":"Dorogi-medence Region\u00e1lis H\u00edrport\u00e1l","description":"Dorog, Keszt\u00f6lc, Le\u00e1nyv\u00e1r, Piliscs\u00e9v, Tokod, Tokodalt\u00e1r\u00f3, Csolnok, Esztergom-kertv\u00e1ros: h\u00edrek, programok","publisher":{"@id":"https:\/\/dorogimedence.hu\/#organization"},"potentialAction":[{"@type":"SearchAction","target":{"@type":"EntryPoint","urlTemplate":"https:\/\/dorogimedence.hu\/?s={search_term_string}"},"query-input":{"@type":"PropertyValueSpecification","valueRequired":true,"valueName":"search_term_string"}}],"inLanguage":"hu"},{"@type":"Organization","@id":"https:\/\/dorogimedence.hu\/#organization","name":"Dorogi-medence Region\u00e1lis H\u00edrport\u00e1l","url":"https:\/\/dorogimedence.hu\/","logo":{"@type":"ImageObject","inLanguage":"hu","@id":"https:\/\/dorogimedence.hu\/#\/schema\/logo\/image\/","url":"https:\/\/dorogimedence.hu\/wp-content\/uploads\/2021\/04\/logo-feher-600.png","contentUrl":"https:\/\/dorogimedence.hu\/wp-content\/uploads\/2021\/04\/logo-feher-600.png","width":600,"height":100,"caption":"Dorogi-medence Region\u00e1lis H\u00edrport\u00e1l"},"image":{"@id":"https:\/\/dorogimedence.hu\/#\/schema\/logo\/image\/"},"sameAs":["https:\/\/www.facebook.com\/dorogimedence\/"]},{"@type":"Person","@id":"https:\/\/dorogimedence.hu\/#\/schema\/person\/ce6091eeb7e95ecdc87890d6aa8e0fd4","name":"dorogimedence.hu","image":{"@type":"ImageObject","inLanguage":"hu","@id":"\/\/www.gravatar.com\/avatar\/d8d45f8901aadff40a4af72c0b826f1d?s=96&#038;r=g&#038;d=mm","url":"\/\/www.gravatar.com\/avatar\/d8d45f8901aadff40a4af72c0b826f1d?s=96&#038;r=g&#038;d=mm","contentUrl":"\/\/www.gravatar.com\/avatar\/d8d45f8901aadff40a4af72c0b826f1d?s=96&#038;r=g&#038;d=mm","caption":"dorogimedence.hu"}}]}},"_links":{"self":[{"href":"https:\/\/dorogimedence.hu\/index.php\/wp-json\/wp\/v2\/posts\/44588","targetHints":{"allow":["GET"]}}],"collection":[{"href":"https:\/\/dorogimedence.hu\/index.php\/wp-json\/wp\/v2\/posts"}],"about":[{"href":"https:\/\/dorogimedence.hu\/index.php\/wp-json\/wp\/v2\/types\/post"}],"author":[{"embeddable":true,"href":"https:\/\/dorogimedence.hu\/index.php\/wp-json\/wp\/v2\/users\/1"}],"replies":[{"embeddable":true,"href":"https:\/\/dorogimedence.hu\/index.php\/wp-json\/wp\/v2\/comments?post=44588"}],"version-history":[{"count":0,"href":"https:\/\/dorogimedence.hu\/index.php\/wp-json\/wp\/v2\/posts\/44588\/revisions"}],"wp:featuredmedia":[{"embeddable":true,"href":"https:\/\/dorogimedence.hu\/index.php\/wp-json\/wp\/v2\/media\/44589"}],"wp:attachment":[{"href":"https:\/\/dorogimedence.hu\/index.php\/wp-json\/wp\/v2\/media?parent=44588"}],"wp:term":[{"taxonomy":"category","embeddable":true,"href":"https:\/\/dorogimedence.hu\/index.php\/wp-json\/wp\/v2\/categories?post=44588"},{"taxonomy":"post_tag","embeddable":true,"href":"https:\/\/dorogimedence.hu\/index.php\/wp-json\/wp\/v2\/tags?post=44588"}],"curies":[{"name":"wp","href":"https:\/\/api.w.org\/{rel}","templated":true}]}}