{"id":44539,"date":"2022-07-08T11:10:59","date_gmt":"2022-07-08T09:10:59","guid":{"rendered":"https:\/\/dorogimedence.hu\/?p=44539"},"modified":"2022-07-08T11:11:09","modified_gmt":"2022-07-08T09:11:09","slug":"fuss-az-erdesz-szemevel-instant-terepfuto-kihivas-a-pilisben","status":"publish","type":"post","link":"https:\/\/dorogimedence.hu\/index.php\/2022\/07\/08\/fuss-az-erdesz-szemevel-instant-terepfuto-kihivas-a-pilisben\/","title":{"rendered":"Fuss az erd\u00e9sz szem\u00e9vel: instant terepfut\u00f3-kih\u00edv\u00e1s a Pilisben"},"content":{"rendered":"<p><strong>Az Orsz\u00e1gos Erd\u00e9szeti Egyes\u00fclet \u201eSportolj tudatosan az erd\u0151ben!\u201d nev\u0171 programsorozat\u00e1nak c\u00e9lja, hogy az outdoor tev\u00e9kenys\u00e9gek kedvel\u0151i sportol\u00e1s k\u00f6zben olyan \u00e9rdekess\u00e9geket figyeljenek meg \u00e9s \u00f6sszef\u00fcgg\u00e9seket vegyenek \u00e9szre, amelyek r\u00e9v\u00e9n jobban elmer\u00fclhetnek az erdei \u00f6kosziszt\u00e9m\u00e1ban. A program r\u00e9sze a \u201eFuss az erd\u00e9sz szem\u00e9vel\u201d c\u00edm\u0171 terepfut\u00f3-kih\u00edv\u00e1ssorozat. Ennek \u00f6t\u00f6dik, ny\u00e1ri \u00e1llom\u00e1sa visszat\u00e9r a Pilis \u00e9s Visegr\u00e1di-hegys\u00e9g erdeibe, \u00e9s a Pilisi Parkerd\u0151 \u00e1ltal gondozott ter\u00fcleten mutatja be a ny\u00e1ri erd\u0151 titkos \u00f6sszef\u00fcgg\u00e9seit. A kih\u00edv\u00e1s j\u00fanius 27. \u00e9s augusztus 31. k\u00f6z\u00f6tt teljes\u00edthet\u0151.<\/strong><\/p>\n<p>Az elm\u00falt \u00e9vekben kiugr\u00f3an megn\u0151tt az erdei sportok \u00e9s outdoor tev\u00e9kenys\u00e9gek n\u00e9pszer\u0171s\u00e9ge. A terepfut\u00e1s is igen elterjedt sport\u00e1gg\u00e1 v\u00e1lt. Az Orsz\u00e1gos Erd\u00e9szeti Egyes\u00fclet az Agr\u00e1rminiszt\u00e9rium t\u00e1mogat\u00e1s\u00e1val \u00e9ppen ez\u00e9rt ind\u00edtotta \u00fatj\u00e1ra a \u201eSportolj tudatosan az erd\u0151ben!\u201d sorozatot, melynek keret\u00e9ben minden \u00e9vszakban egy-egy erdei \u00fatvonal, track k\u00f6vethet\u0151 v\u00e9gig, b\u00e1rmikor teljes\u00edthet\u0151, \u00fagynevezett \u201einstant\u201d kih\u00edv\u00e1s form\u00e1j\u00e1ban. Az el\u0151re megadott \u00fatvonalon v\u00e9gigfutva, a kieg\u00e9sz\u00edt\u0151 inform\u00e1ci\u00f3kat elolvasva egy ismeretterjeszt\u0151 erdei fut\u00f3kalandban vehetnek r\u00e9szt a v\u00e1llalkoz\u00f3 kedv\u0171 sportol\u00f3k.<\/p>\n<p><strong>\u201eFuss az erd\u00e9sz szem\u00e9vel\u201d 5. kih\u00edv\u00e1s<\/strong><\/p>\n<p>A sorozat aktu\u00e1lis, \u00f6t\u00f6dik kih\u00edv\u00e1sa a k\u00e9t el\u0151z\u0151h\u00f6z hasonl\u00f3an a Pilisbe (\u00e9s r\u00e9szben a Visegr\u00e1di-hegys\u00e9gbe) invit\u00e1lja a fut\u00f3kat. A 11,5 kilom\u00e9ter hossz\u00fa, 380 m\u00e9ter szintemelked\u00e9st tartalmaz\u00f3 k\u00f6r\u00fat a hegys\u00e9g legn\u00e9pszer\u0171bb turisztikai k\u00f6zpontj\u00e1b\u00f3l, Dobog\u00f3k\u0151r\u0151l, a Sri Chinmoy szobor el\u0151l indul. (<span style=\"text-decoration: underline; color: #0000ff;\"><a style=\"color: #0000ff; text-decoration: underline;\" href=\"https:\/\/www.alltrails.com\/explore\/map\/fuss-az-erdesz-szemevel-nyar-00430c0\" target=\"_blank\" rel=\"noopener\">A kiz\u00e1r\u00f3lag jelzett turistautakon halad\u00f3 \u00fatvonalat innen lehet let\u00f6lteni.<\/a><\/span>) Innen a sokak \u00e1ltal j\u00e1rt z\u00f6ld + jelz\u00e9sen ereszkedik al\u00e1 K\u00e9t-b\u00fckkfa-nyeregbe, amely a vulkanikus eredet\u0171 Visegr\u00e1di-hegys\u00e9g \u00e9s az \u00fcled\u00e9kes, dachsteini m\u00e9szk\u0151b\u0151l fel\u00e9p\u00fcl\u0151 Pilis hat\u00e1ra.<\/p>\n<p>Az \u00fatvonal ezut\u00e1n nagy f\u00e9lk\u00f6rrel \u00f6leli k\u00f6rbe a Nagy-Szopl\u00e1k t\u00f6mbj\u00e9t, gy\u00f6ny\u00f6r\u0171 egykor\u00fa b\u00fckk\u00f6sben haladva, majd az egykori rak\u00e9tab\u00e1zisra vezet\u0151 aszfaltutat el\u00e9rve \u00e9les balkanyarral ereszkedik al\u00e1 a Vaskapu-v\u00f6lgybe. Ez a r\u00e9sz a hegys\u00e9g fokozottan v\u00e9dett ter\u00fcletei k\u00f6z\u00e9 tartozik, ez\u00e9rt \u00fcgyelj\u00fcnk arra, hogy ne hagyjuk el a kijel\u00f6lt turistautakat, ez ugyanis tilos. A m\u00e9szk\u0151be m\u00e9lyen bev\u00e1g\u00f3dott, szurdokszer\u0171 v\u00f6lgy k\u00fcl\u00f6nleges mikrokl\u00edm\u00e1val \u00e9s ennek megfelel\u0151en egyedi \u00e9l\u0151vil\u00e1ggal b\u00edr.<\/p>\n<p>A v\u00f6lgy v\u00e9g\u00e9n a M\u00e1ria-pad pihen\u0151hely\u00e9n\u00e9l szusszanhat egyet a fut\u00f3, miel\u0151tt nekiv\u00e1g a Dobog\u00f3k\u0151re visszavezet\u0151 kaptat\u00f3nak. Innen p\u00e1r m\u00e9ter a K\u00e9t-b\u00fckkfa-nyeregbe vezet\u0151 z\u00f6ld s\u00e1v bal oldal\u00e1n a k\u00f6rny\u00e9k k\u00fcl\u00f6nlegess\u00e9ge, a Szopl\u00e1ki-\u00f6rd\u00f6glyuk. A viszonylag nagym\u00e9ret\u0171, 430 m\u00e9ter hossz\u00fa \u00e9s sz\u00e1z m\u00e9tern\u00e9l m\u00e9lyebb barlang jelenleg inakt\u00edv v\u00edznyel\u0151je a Pilis legnagyobb denev\u00e9r-\u00e9l\u0151helye, \u00e9ppen ez\u00e9rt a barlang\u00e1szok is csak szezon\u00e1lisan l\u00e1togathatj\u00e1k.<\/p>\n<p>Az \u00fatvonal k\u00e9s\u0151bb jobbra r\u00e1t\u00e9r a s\u00e1rga + jelz\u00e9sre, amely visszakanyarodik a Visegr\u00e1di-hegys\u00e9gbe, \u00e9s eg\u00e9szen a Zsiv\u00e1ny-szikl\u00e1kig vezeti a fut\u00f3t. E hatalmas k\u0151t\u00f6mb\u00f6k sz\u00fcrk\u00e9s-oml\u00e9kony andezitje \u00e9lesen elk\u00fcl\u00f6n\u00fcl a Vaskapu kor\u00e1bban l\u00e1tott, vak\u00edt\u00f3an feh\u00e9r m\u00e9szk\u00f6v\u00e9t\u0151l. A monda szerint IV. B\u00e9la rejtette itt el kincseinek egy r\u00e9sz\u00e9t, illetve a v\u00e1rszer\u0171, barlangokkal \u00e9s bev\u00e1g\u00e1sokkal kereszt\u00fcl-kasul tagolt sziklarendszer ide\u00e1lis b\u00fav\u00f3hely\u00fcl szolg\u00e1lhatott a t\u00f6rv\u00e9nyen k\u00edv\u00fclieknek.<\/p>\n<p>A Zsiv\u00e1ny-szikl\u00e1kt\u00f3l m\u00e1r csak p\u00e1r sz\u00e1z m\u00e9ter, \u00e9s az utunk visszat\u00e9r Dobog\u00f3k\u0151re.<\/p>\n<p><em>Bor\u00edt\u00f3k\u00e9p, forr\u00e1s: Pilisi Parkerd\u0151 Zrt.<\/em><\/p>\n","protected":false},"excerpt":{"rendered":"<p>Az Orsz\u00e1gos Erd\u00e9szeti Egyes\u00fclet \u201eSportolj tudatosan az erd\u0151ben!\u201d nev\u0171 programsorozat\u00e1nak c\u00e9lja, hogy az outdoor tev\u00e9kenys\u00e9gek kedvel\u0151i sportol\u00e1s k\u00f6zben olyan \u00e9rdekess\u00e9geket figyeljenek meg \u00e9s \u00f6sszef\u00fcgg\u00e9seket vegyenek \u00e9szre, amelyek r\u00e9v\u00e9n jobban elmer\u00fclhetnek az erdei \u00f6kosziszt\u00e9m\u00e1ban. A program r\u00e9sze a \u201eFuss az erd\u00e9sz szem\u00e9vel\u201d c\u00edm\u0171 terepfut\u00f3-kih\u00edv\u00e1ssorozat. Ennek \u00f6t\u00f6dik, ny\u00e1ri \u00e1llom\u00e1sa visszat\u00e9r a Pilis \u00e9s Visegr\u00e1di-hegys\u00e9g erdeibe, \u00e9s a<\/p>\n","protected":false},"author":1,"featured_media":44540,"comment_status":"closed","ping_status":"closed","sticky":false,"template":"","format":"standard","meta":{"ngg_post_thumbnail":0,"footnotes":""},"categories":[3,5],"tags":[287,151,122,101,16],"class_list":{"0":"post-44539","1":"post","2":"type-post","3":"status-publish","4":"format-standard","5":"has-post-thumbnail","7":"category-hirek","8":"category-sport","9":"tag-futas","10":"tag-pilis","11":"tag-pilisi-parkerdo","12":"tag-program","13":"tag-sport"},"yoast_head":"<!-- This site is optimized with the Yoast SEO plugin v27.5 - https:\/\/yoast.com\/product\/yoast-seo-wordpress\/ -->\n<title>Fuss az erd\u00e9sz szem\u00e9vel: instant terepfut\u00f3-kih\u00edv\u00e1s a Pilisben<\/title>\n<meta name=\"robots\" content=\"index, follow, max-snippet:-1, max-image-preview:large, max-video-preview:-1\" \/>\n<link rel=\"canonical\" href=\"https:\/\/dorogimedence.hu\/index.php\/2022\/07\/08\/fuss-az-erdesz-szemevel-instant-terepfuto-kihivas-a-pilisben\/\" class=\"yoast-seo-meta-tag\" \/>\n<meta property=\"og:locale\" content=\"hu_HU\" class=\"yoast-seo-meta-tag\" \/>\n<meta property=\"og:type\" content=\"article\" class=\"yoast-seo-meta-tag\" \/>\n<meta property=\"og:title\" content=\"Fuss az erd\u00e9sz szem\u00e9vel: instant terepfut\u00f3-kih\u00edv\u00e1s a Pilisben\" class=\"yoast-seo-meta-tag\" \/>\n<meta property=\"og:description\" content=\"Az Orsz\u00e1gos Erd\u00e9szeti Egyes\u00fclet \u201eSportolj tudatosan az erd\u0151ben!\u201d nev\u0171 programsorozat\u00e1nak c\u00e9lja, hogy az outdoor tev\u00e9kenys\u00e9gek kedvel\u0151i sportol\u00e1s k\u00f6zben olyan \u00e9rdekess\u00e9geket figyeljenek meg \u00e9s \u00f6sszef\u00fcgg\u00e9seket vegyenek \u00e9szre, amelyek r\u00e9v\u00e9n jobban elmer\u00fclhetnek az erdei \u00f6kosziszt\u00e9m\u00e1ban. A program r\u00e9sze a \u201eFuss az erd\u00e9sz szem\u00e9vel\u201d c\u00edm\u0171 terepfut\u00f3-kih\u00edv\u00e1ssorozat. Ennek \u00f6t\u00f6dik, ny\u00e1ri \u00e1llom\u00e1sa visszat\u00e9r a Pilis \u00e9s Visegr\u00e1di-hegys\u00e9g erdeibe, \u00e9s a\" class=\"yoast-seo-meta-tag\" \/>\n<meta property=\"og:url\" content=\"https:\/\/dorogimedence.hu\/index.php\/2022\/07\/08\/fuss-az-erdesz-szemevel-instant-terepfuto-kihivas-a-pilisben\/\" class=\"yoast-seo-meta-tag\" \/>\n<meta property=\"og:site_name\" content=\"Dorogi-medence Region\u00e1lis H\u00edrport\u00e1l\" class=\"yoast-seo-meta-tag\" \/>\n<meta property=\"article:publisher\" content=\"https:\/\/www.facebook.com\/dorogimedence\/\" class=\"yoast-seo-meta-tag\" \/>\n<meta property=\"article:published_time\" content=\"2022-07-08T09:10:59+00:00\" class=\"yoast-seo-meta-tag\" \/>\n<meta property=\"article:modified_time\" content=\"2022-07-08T09:11:09+00:00\" class=\"yoast-seo-meta-tag\" \/>\n<meta property=\"og:image\" content=\"https:\/\/i0.wp.com\/dorogimedence.hu\/wp-content\/uploads\/2022\/07\/fuss-az-erdesz-szemevel.jpg?fit=1920%2C1005&ssl=1\" class=\"yoast-seo-meta-tag\" \/>\n\t<meta property=\"og:image:width\" content=\"1920\" class=\"yoast-seo-meta-tag\" \/>\n\t<meta property=\"og:image:height\" content=\"1005\" class=\"yoast-seo-meta-tag\" \/>\n\t<meta property=\"og:image:type\" content=\"image\/jpeg\" class=\"yoast-seo-meta-tag\" \/>\n<meta name=\"author\" content=\"dorogimedence.hu\" class=\"yoast-seo-meta-tag\" \/>\n<meta name=\"twitter:card\" content=\"summary_large_image\" class=\"yoast-seo-meta-tag\" \/>\n<meta name=\"twitter:label1\" content=\"Szerz\u0151:\" class=\"yoast-seo-meta-tag\" \/>\n\t<meta name=\"twitter:data1\" content=\"dorogimedence.hu\" class=\"yoast-seo-meta-tag\" \/>\n\t<meta name=\"twitter:label2\" content=\"Becs\u00fclt olvas\u00e1si id\u0151\" class=\"yoast-seo-meta-tag\" \/>\n\t<meta name=\"twitter:data2\" content=\"3 perc\" class=\"yoast-seo-meta-tag\" \/>\n<script type=\"application\/ld+json\" class=\"yoast-schema-graph\">{\"@context\":\"https:\\\/\\\/schema.org\",\"@graph\":[{\"@type\":\"Article\",\"@id\":\"https:\\\/\\\/dorogimedence.hu\\\/index.php\\\/2022\\\/07\\\/08\\\/fuss-az-erdesz-szemevel-instant-terepfuto-kihivas-a-pilisben\\\/#article\",\"isPartOf\":{\"@id\":\"https:\\\/\\\/dorogimedence.hu\\\/index.php\\\/2022\\\/07\\\/08\\\/fuss-az-erdesz-szemevel-instant-terepfuto-kihivas-a-pilisben\\\/\"},\"author\":{\"name\":\"dorogimedence.hu\",\"@id\":\"https:\\\/\\\/dorogimedence.hu\\\/#\\\/schema\\\/person\\\/ce6091eeb7e95ecdc87890d6aa8e0fd4\"},\"headline\":\"Fuss az erd\u00e9sz szem\u00e9vel: instant terepfut\u00f3-kih\u00edv\u00e1s a Pilisben\",\"datePublished\":\"2022-07-08T09:10:59+00:00\",\"dateModified\":\"2022-07-08T09:11:09+00:00\",\"mainEntityOfPage\":{\"@id\":\"https:\\\/\\\/dorogimedence.hu\\\/index.php\\\/2022\\\/07\\\/08\\\/fuss-az-erdesz-szemevel-instant-terepfuto-kihivas-a-pilisben\\\/\"},\"wordCount\":703,\"publisher\":{\"@id\":\"https:\\\/\\\/dorogimedence.hu\\\/#organization\"},\"image\":{\"@id\":\"https:\\\/\\\/dorogimedence.hu\\\/index.php\\\/2022\\\/07\\\/08\\\/fuss-az-erdesz-szemevel-instant-terepfuto-kihivas-a-pilisben\\\/#primaryimage\"},\"thumbnailUrl\":\"https:\\\/\\\/dorogimedence.hu\\\/wp-content\\\/uploads\\\/2022\\\/07\\\/fuss-az-erdesz-szemevel.jpg\",\"keywords\":[\"fut\u00e1s\",\"Pilis\",\"Pilisi Parkerd\u0151\",\"program\",\"sport\"],\"articleSection\":[\"H\u00edrek\",\"Sport\"],\"inLanguage\":\"hu\"},{\"@type\":\"WebPage\",\"@id\":\"https:\\\/\\\/dorogimedence.hu\\\/index.php\\\/2022\\\/07\\\/08\\\/fuss-az-erdesz-szemevel-instant-terepfuto-kihivas-a-pilisben\\\/\",\"url\":\"https:\\\/\\\/dorogimedence.hu\\\/index.php\\\/2022\\\/07\\\/08\\\/fuss-az-erdesz-szemevel-instant-terepfuto-kihivas-a-pilisben\\\/\",\"name\":\"Fuss az erd\u00e9sz szem\u00e9vel: instant terepfut\u00f3-kih\u00edv\u00e1s a Pilisben\",\"isPartOf\":{\"@id\":\"https:\\\/\\\/dorogimedence.hu\\\/#website\"},\"primaryImageOfPage\":{\"@id\":\"https:\\\/\\\/dorogimedence.hu\\\/index.php\\\/2022\\\/07\\\/08\\\/fuss-az-erdesz-szemevel-instant-terepfuto-kihivas-a-pilisben\\\/#primaryimage\"},\"image\":{\"@id\":\"https:\\\/\\\/dorogimedence.hu\\\/index.php\\\/2022\\\/07\\\/08\\\/fuss-az-erdesz-szemevel-instant-terepfuto-kihivas-a-pilisben\\\/#primaryimage\"},\"thumbnailUrl\":\"https:\\\/\\\/dorogimedence.hu\\\/wp-content\\\/uploads\\\/2022\\\/07\\\/fuss-az-erdesz-szemevel.jpg\",\"datePublished\":\"2022-07-08T09:10:59+00:00\",\"dateModified\":\"2022-07-08T09:11:09+00:00\",\"breadcrumb\":{\"@id\":\"https:\\\/\\\/dorogimedence.hu\\\/index.php\\\/2022\\\/07\\\/08\\\/fuss-az-erdesz-szemevel-instant-terepfuto-kihivas-a-pilisben\\\/#breadcrumb\"},\"inLanguage\":\"hu\",\"potentialAction\":[{\"@type\":\"ReadAction\",\"target\":[\"https:\\\/\\\/dorogimedence.hu\\\/index.php\\\/2022\\\/07\\\/08\\\/fuss-az-erdesz-szemevel-instant-terepfuto-kihivas-a-pilisben\\\/\"]}]},{\"@type\":\"ImageObject\",\"inLanguage\":\"hu\",\"@id\":\"https:\\\/\\\/dorogimedence.hu\\\/index.php\\\/2022\\\/07\\\/08\\\/fuss-az-erdesz-szemevel-instant-terepfuto-kihivas-a-pilisben\\\/#primaryimage\",\"url\":\"https:\\\/\\\/dorogimedence.hu\\\/wp-content\\\/uploads\\\/2022\\\/07\\\/fuss-az-erdesz-szemevel.jpg\",\"contentUrl\":\"https:\\\/\\\/dorogimedence.hu\\\/wp-content\\\/uploads\\\/2022\\\/07\\\/fuss-az-erdesz-szemevel.jpg\",\"width\":1920,\"height\":1005},{\"@type\":\"BreadcrumbList\",\"@id\":\"https:\\\/\\\/dorogimedence.hu\\\/index.php\\\/2022\\\/07\\\/08\\\/fuss-az-erdesz-szemevel-instant-terepfuto-kihivas-a-pilisben\\\/#breadcrumb\",\"itemListElement\":[{\"@type\":\"ListItem\",\"position\":1,\"name\":\"Kezd\u0151lap\",\"item\":\"https:\\\/\\\/dorogimedence.hu\\\/\"},{\"@type\":\"ListItem\",\"position\":2,\"name\":\"Fuss az erd\u00e9sz szem\u00e9vel: instant terepfut\u00f3-kih\u00edv\u00e1s a Pilisben\"}]},{\"@type\":\"WebSite\",\"@id\":\"https:\\\/\\\/dorogimedence.hu\\\/#website\",\"url\":\"https:\\\/\\\/dorogimedence.hu\\\/\",\"name\":\"Dorogi-medence Region\u00e1lis H\u00edrport\u00e1l\",\"description\":\"Dorog, Keszt\u00f6lc, Le\u00e1nyv\u00e1r, Piliscs\u00e9v, Tokod, Tokodalt\u00e1r\u00f3, Csolnok, Esztergom-kertv\u00e1ros: h\u00edrek, programok\",\"publisher\":{\"@id\":\"https:\\\/\\\/dorogimedence.hu\\\/#organization\"},\"potentialAction\":[{\"@type\":\"SearchAction\",\"target\":{\"@type\":\"EntryPoint\",\"urlTemplate\":\"https:\\\/\\\/dorogimedence.hu\\\/?s={search_term_string}\"},\"query-input\":{\"@type\":\"PropertyValueSpecification\",\"valueRequired\":true,\"valueName\":\"search_term_string\"}}],\"inLanguage\":\"hu\"},{\"@type\":\"Organization\",\"@id\":\"https:\\\/\\\/dorogimedence.hu\\\/#organization\",\"name\":\"Dorogi-medence Region\u00e1lis H\u00edrport\u00e1l\",\"url\":\"https:\\\/\\\/dorogimedence.hu\\\/\",\"logo\":{\"@type\":\"ImageObject\",\"inLanguage\":\"hu\",\"@id\":\"https:\\\/\\\/dorogimedence.hu\\\/#\\\/schema\\\/logo\\\/image\\\/\",\"url\":\"https:\\\/\\\/dorogimedence.hu\\\/wp-content\\\/uploads\\\/2021\\\/04\\\/logo-feher-600.png\",\"contentUrl\":\"https:\\\/\\\/dorogimedence.hu\\\/wp-content\\\/uploads\\\/2021\\\/04\\\/logo-feher-600.png\",\"width\":600,\"height\":100,\"caption\":\"Dorogi-medence Region\u00e1lis H\u00edrport\u00e1l\"},\"image\":{\"@id\":\"https:\\\/\\\/dorogimedence.hu\\\/#\\\/schema\\\/logo\\\/image\\\/\"},\"sameAs\":[\"https:\\\/\\\/www.facebook.com\\\/dorogimedence\\\/\"]},{\"@type\":\"Person\",\"@id\":\"https:\\\/\\\/dorogimedence.hu\\\/#\\\/schema\\\/person\\\/ce6091eeb7e95ecdc87890d6aa8e0fd4\",\"name\":\"dorogimedence.hu\",\"image\":{\"@type\":\"ImageObject\",\"inLanguage\":\"hu\",\"@id\":\"\\\/\\\/www.gravatar.com\\\/avatar\\\/d8d45f8901aadff40a4af72c0b826f1d?s=96&#038;r=g&#038;d=mm\",\"url\":\"\\\/\\\/www.gravatar.com\\\/avatar\\\/d8d45f8901aadff40a4af72c0b826f1d?s=96&#038;r=g&#038;d=mm\",\"contentUrl\":\"\\\/\\\/www.gravatar.com\\\/avatar\\\/d8d45f8901aadff40a4af72c0b826f1d?s=96&#038;r=g&#038;d=mm\",\"caption\":\"dorogimedence.hu\"}}]}<\/script>\n<!-- \/ Yoast SEO plugin. -->","yoast_head_json":{"title":"Fuss az erd\u00e9sz szem\u00e9vel: instant terepfut\u00f3-kih\u00edv\u00e1s a Pilisben","robots":{"index":"index","follow":"follow","max-snippet":"max-snippet:-1","max-image-preview":"max-image-preview:large","max-video-preview":"max-video-preview:-1"},"canonical":"https:\/\/dorogimedence.hu\/index.php\/2022\/07\/08\/fuss-az-erdesz-szemevel-instant-terepfuto-kihivas-a-pilisben\/","og_locale":"hu_HU","og_type":"article","og_title":"Fuss az erd\u00e9sz szem\u00e9vel: instant terepfut\u00f3-kih\u00edv\u00e1s a Pilisben","og_description":"Az Orsz\u00e1gos Erd\u00e9szeti Egyes\u00fclet \u201eSportolj tudatosan az erd\u0151ben!\u201d nev\u0171 programsorozat\u00e1nak c\u00e9lja, hogy az outdoor tev\u00e9kenys\u00e9gek kedvel\u0151i sportol\u00e1s k\u00f6zben olyan \u00e9rdekess\u00e9geket figyeljenek meg \u00e9s \u00f6sszef\u00fcgg\u00e9seket vegyenek \u00e9szre, amelyek r\u00e9v\u00e9n jobban elmer\u00fclhetnek az erdei \u00f6kosziszt\u00e9m\u00e1ban. A program r\u00e9sze a \u201eFuss az erd\u00e9sz szem\u00e9vel\u201d c\u00edm\u0171 terepfut\u00f3-kih\u00edv\u00e1ssorozat. Ennek \u00f6t\u00f6dik, ny\u00e1ri \u00e1llom\u00e1sa visszat\u00e9r a Pilis \u00e9s Visegr\u00e1di-hegys\u00e9g erdeibe, \u00e9s a","og_url":"https:\/\/dorogimedence.hu\/index.php\/2022\/07\/08\/fuss-az-erdesz-szemevel-instant-terepfuto-kihivas-a-pilisben\/","og_site_name":"Dorogi-medence Region\u00e1lis H\u00edrport\u00e1l","article_publisher":"https:\/\/www.facebook.com\/dorogimedence\/","article_published_time":"2022-07-08T09:10:59+00:00","article_modified_time":"2022-07-08T09:11:09+00:00","og_image":[{"width":1920,"height":1005,"url":"https:\/\/i0.wp.com\/dorogimedence.hu\/wp-content\/uploads\/2022\/07\/fuss-az-erdesz-szemevel.jpg?fit=1920%2C1005&ssl=1","type":"image\/jpeg"}],"author":"dorogimedence.hu","twitter_card":"summary_large_image","twitter_misc":{"Szerz\u0151:":"dorogimedence.hu","Becs\u00fclt olvas\u00e1si id\u0151":"3 perc"},"schema":{"@context":"https:\/\/schema.org","@graph":[{"@type":"Article","@id":"https:\/\/dorogimedence.hu\/index.php\/2022\/07\/08\/fuss-az-erdesz-szemevel-instant-terepfuto-kihivas-a-pilisben\/#article","isPartOf":{"@id":"https:\/\/dorogimedence.hu\/index.php\/2022\/07\/08\/fuss-az-erdesz-szemevel-instant-terepfuto-kihivas-a-pilisben\/"},"author":{"name":"dorogimedence.hu","@id":"https:\/\/dorogimedence.hu\/#\/schema\/person\/ce6091eeb7e95ecdc87890d6aa8e0fd4"},"headline":"Fuss az erd\u00e9sz szem\u00e9vel: instant terepfut\u00f3-kih\u00edv\u00e1s a Pilisben","datePublished":"2022-07-08T09:10:59+00:00","dateModified":"2022-07-08T09:11:09+00:00","mainEntityOfPage":{"@id":"https:\/\/dorogimedence.hu\/index.php\/2022\/07\/08\/fuss-az-erdesz-szemevel-instant-terepfuto-kihivas-a-pilisben\/"},"wordCount":703,"publisher":{"@id":"https:\/\/dorogimedence.hu\/#organization"},"image":{"@id":"https:\/\/dorogimedence.hu\/index.php\/2022\/07\/08\/fuss-az-erdesz-szemevel-instant-terepfuto-kihivas-a-pilisben\/#primaryimage"},"thumbnailUrl":"https:\/\/dorogimedence.hu\/wp-content\/uploads\/2022\/07\/fuss-az-erdesz-szemevel.jpg","keywords":["fut\u00e1s","Pilis","Pilisi Parkerd\u0151","program","sport"],"articleSection":["H\u00edrek","Sport"],"inLanguage":"hu"},{"@type":"WebPage","@id":"https:\/\/dorogimedence.hu\/index.php\/2022\/07\/08\/fuss-az-erdesz-szemevel-instant-terepfuto-kihivas-a-pilisben\/","url":"https:\/\/dorogimedence.hu\/index.php\/2022\/07\/08\/fuss-az-erdesz-szemevel-instant-terepfuto-kihivas-a-pilisben\/","name":"Fuss az erd\u00e9sz szem\u00e9vel: instant terepfut\u00f3-kih\u00edv\u00e1s a Pilisben","isPartOf":{"@id":"https:\/\/dorogimedence.hu\/#website"},"primaryImageOfPage":{"@id":"https:\/\/dorogimedence.hu\/index.php\/2022\/07\/08\/fuss-az-erdesz-szemevel-instant-terepfuto-kihivas-a-pilisben\/#primaryimage"},"image":{"@id":"https:\/\/dorogimedence.hu\/index.php\/2022\/07\/08\/fuss-az-erdesz-szemevel-instant-terepfuto-kihivas-a-pilisben\/#primaryimage"},"thumbnailUrl":"https:\/\/dorogimedence.hu\/wp-content\/uploads\/2022\/07\/fuss-az-erdesz-szemevel.jpg","datePublished":"2022-07-08T09:10:59+00:00","dateModified":"2022-07-08T09:11:09+00:00","breadcrumb":{"@id":"https:\/\/dorogimedence.hu\/index.php\/2022\/07\/08\/fuss-az-erdesz-szemevel-instant-terepfuto-kihivas-a-pilisben\/#breadcrumb"},"inLanguage":"hu","potentialAction":[{"@type":"ReadAction","target":["https:\/\/dorogimedence.hu\/index.php\/2022\/07\/08\/fuss-az-erdesz-szemevel-instant-terepfuto-kihivas-a-pilisben\/"]}]},{"@type":"ImageObject","inLanguage":"hu","@id":"https:\/\/dorogimedence.hu\/index.php\/2022\/07\/08\/fuss-az-erdesz-szemevel-instant-terepfuto-kihivas-a-pilisben\/#primaryimage","url":"https:\/\/dorogimedence.hu\/wp-content\/uploads\/2022\/07\/fuss-az-erdesz-szemevel.jpg","contentUrl":"https:\/\/dorogimedence.hu\/wp-content\/uploads\/2022\/07\/fuss-az-erdesz-szemevel.jpg","width":1920,"height":1005},{"@type":"BreadcrumbList","@id":"https:\/\/dorogimedence.hu\/index.php\/2022\/07\/08\/fuss-az-erdesz-szemevel-instant-terepfuto-kihivas-a-pilisben\/#breadcrumb","itemListElement":[{"@type":"ListItem","position":1,"name":"Kezd\u0151lap","item":"https:\/\/dorogimedence.hu\/"},{"@type":"ListItem","position":2,"name":"Fuss az erd\u00e9sz szem\u00e9vel: instant terepfut\u00f3-kih\u00edv\u00e1s a Pilisben"}]},{"@type":"WebSite","@id":"https:\/\/dorogimedence.hu\/#website","url":"https:\/\/dorogimedence.hu\/","name":"Dorogi-medence Region\u00e1lis H\u00edrport\u00e1l","description":"Dorog, Keszt\u00f6lc, Le\u00e1nyv\u00e1r, Piliscs\u00e9v, Tokod, Tokodalt\u00e1r\u00f3, Csolnok, Esztergom-kertv\u00e1ros: h\u00edrek, programok","publisher":{"@id":"https:\/\/dorogimedence.hu\/#organization"},"potentialAction":[{"@type":"SearchAction","target":{"@type":"EntryPoint","urlTemplate":"https:\/\/dorogimedence.hu\/?s={search_term_string}"},"query-input":{"@type":"PropertyValueSpecification","valueRequired":true,"valueName":"search_term_string"}}],"inLanguage":"hu"},{"@type":"Organization","@id":"https:\/\/dorogimedence.hu\/#organization","name":"Dorogi-medence Region\u00e1lis H\u00edrport\u00e1l","url":"https:\/\/dorogimedence.hu\/","logo":{"@type":"ImageObject","inLanguage":"hu","@id":"https:\/\/dorogimedence.hu\/#\/schema\/logo\/image\/","url":"https:\/\/dorogimedence.hu\/wp-content\/uploads\/2021\/04\/logo-feher-600.png","contentUrl":"https:\/\/dorogimedence.hu\/wp-content\/uploads\/2021\/04\/logo-feher-600.png","width":600,"height":100,"caption":"Dorogi-medence Region\u00e1lis H\u00edrport\u00e1l"},"image":{"@id":"https:\/\/dorogimedence.hu\/#\/schema\/logo\/image\/"},"sameAs":["https:\/\/www.facebook.com\/dorogimedence\/"]},{"@type":"Person","@id":"https:\/\/dorogimedence.hu\/#\/schema\/person\/ce6091eeb7e95ecdc87890d6aa8e0fd4","name":"dorogimedence.hu","image":{"@type":"ImageObject","inLanguage":"hu","@id":"\/\/www.gravatar.com\/avatar\/d8d45f8901aadff40a4af72c0b826f1d?s=96&#038;r=g&#038;d=mm","url":"\/\/www.gravatar.com\/avatar\/d8d45f8901aadff40a4af72c0b826f1d?s=96&#038;r=g&#038;d=mm","contentUrl":"\/\/www.gravatar.com\/avatar\/d8d45f8901aadff40a4af72c0b826f1d?s=96&#038;r=g&#038;d=mm","caption":"dorogimedence.hu"}}]}},"_links":{"self":[{"href":"https:\/\/dorogimedence.hu\/index.php\/wp-json\/wp\/v2\/posts\/44539","targetHints":{"allow":["GET"]}}],"collection":[{"href":"https:\/\/dorogimedence.hu\/index.php\/wp-json\/wp\/v2\/posts"}],"about":[{"href":"https:\/\/dorogimedence.hu\/index.php\/wp-json\/wp\/v2\/types\/post"}],"author":[{"embeddable":true,"href":"https:\/\/dorogimedence.hu\/index.php\/wp-json\/wp\/v2\/users\/1"}],"replies":[{"embeddable":true,"href":"https:\/\/dorogimedence.hu\/index.php\/wp-json\/wp\/v2\/comments?post=44539"}],"version-history":[{"count":0,"href":"https:\/\/dorogimedence.hu\/index.php\/wp-json\/wp\/v2\/posts\/44539\/revisions"}],"wp:featuredmedia":[{"embeddable":true,"href":"https:\/\/dorogimedence.hu\/index.php\/wp-json\/wp\/v2\/media\/44540"}],"wp:attachment":[{"href":"https:\/\/dorogimedence.hu\/index.php\/wp-json\/wp\/v2\/media?parent=44539"}],"wp:term":[{"taxonomy":"category","embeddable":true,"href":"https:\/\/dorogimedence.hu\/index.php\/wp-json\/wp\/v2\/categories?post=44539"},{"taxonomy":"post_tag","embeddable":true,"href":"https:\/\/dorogimedence.hu\/index.php\/wp-json\/wp\/v2\/tags?post=44539"}],"curies":[{"name":"wp","href":"https:\/\/api.w.org\/{rel}","templated":true}]}}