{"id":44512,"date":"2022-07-07T12:08:05","date_gmt":"2022-07-07T10:08:05","guid":{"rendered":"https:\/\/dorogimedence.hu\/?p=44512"},"modified":"2022-07-07T12:08:23","modified_gmt":"2022-07-07T10:08:23","slug":"onkenyesen-bekoltozott-es-meg-az-aramot-is-lopta","status":"publish","type":"post","link":"https:\/\/dorogimedence.hu\/index.php\/2022\/07\/07\/onkenyesen-bekoltozott-es-meg-az-aramot-is-lopta\/","title":{"rendered":"\u00d6nk\u00e9nyesen bek\u00f6lt\u00f6z\u00f6tt \u00e9s m\u00e9g az \u00e1ramot is lopta"},"content":{"rendered":"<p><strong>Az esztergomi nyomoz\u00f3k v\u00e1demel\u00e9si javaslattal lez\u00e1rt\u00e1k az elj\u00e1r\u00e1st azzal a 34 \u00e9ves f\u00e9rfival szemben, aki csal\u00e1dj\u00e1val egy lakatlan h\u00e1zba, a tulaj enged\u00e9lye n\u00e9lk\u00fcl bek\u00f6lt\u00f6z\u00f6tt.<\/strong><\/p>\n<p>A rend\u0151r\u00f6k gyan\u00fas\u00edtottk\u00e9nt hallgatt\u00e1k ki azt a helyi lakost, aki egy c\u00e9g tulajdon\u00e1ban l\u00e9v\u0151 ingatlanba 2019-ben \u00f6nk\u00e9nyesen bek\u00f6lt\u00f6z\u00f6tt. A lak\u00e1shoz tartoz\u00f3 villany\u00f3ra le lett szerelve, de hogy az lakhat\u00f3 \u00e9s komfortos legyen az elk\u00f6vet\u0151 az \u00e1ramot lopta. Hosszabb\u00edtok seg\u00edts\u00e9g\u00e9vel illeg\u00e1lisan vezette be az \u00e1ramot, \u00edgy m\u0171k\u00f6dtette az elektromos eszk\u00f6zeit. Az elektromos h\u00e1l\u00f3zat t\u00falterhel\u00e9se, \u00e9s a szakszer\u0171tlen \u00e1ramfogyaszt\u00e1s miatt t\u0171z keletkezett, a sorh\u00e1z t\u00f6bb lak\u00e1sa is ki\u00e9gett. K\u00e9s\u0151bb a sorh\u00e1z lebont\u00e1sra ker\u00fclt.<\/p>\n<p><img fetchpriority=\"high\" decoding=\"async\" class=\"alignnone size-full wp-image-44514\" src=\"https:\/\/dorogimedence.hu\/wp-content\/uploads\/2022\/07\/N3450870.jpg\" alt=\"\" width=\"750\" height=\"500\" srcset=\"https:\/\/dorogimedence.hu\/wp-content\/uploads\/2022\/07\/N3450870.jpg 750w, https:\/\/dorogimedence.hu\/wp-content\/uploads\/2022\/07\/N3450870-300x200.jpg 300w, https:\/\/dorogimedence.hu\/wp-content\/uploads\/2022\/07\/N3450870-150x100.jpg 150w, https:\/\/dorogimedence.hu\/wp-content\/uploads\/2022\/07\/N3450870-450x300.jpg 450w, https:\/\/dorogimedence.hu\/wp-content\/uploads\/2022\/07\/N3450870-272x182.jpg 272w\" sizes=\"(max-width: 750px) 100vw, 750px\" \/><\/p>\n<p>A gyan\u00fas\u00edtott szem\u00e9ly ellen k\u00f6zvesz\u00e9ly gondatlan okoz\u00e1sa, valamint nagyobb \u00e9rt\u00e9kre elk\u00f6vetett lop\u00e1s b\u0171ncselekm\u00e9nyek elk\u00f6vet\u00e9se miatt indult b\u00fcntet\u0151elj\u00e1r\u00e1s. Az \u00fcgyben a rend\u0151rs\u00e9g a sz\u00fcks\u00e9ges elj\u00e1r\u00e1si cselekm\u00e9nyeket elv\u00e9gezte, \u00e9s az iratokat v\u00e1demel\u00e9si javaslattal k\u00fcldte meg a Tatab\u00e1nyai J\u00e1r\u00e1si \u00dcgy\u00e9szs\u00e9gnek.<\/p>\n<p><em>Fot\u00f3k, forr\u00e1s: police.hu<\/em><\/p>\n","protected":false},"excerpt":{"rendered":"<p>Az esztergomi nyomoz\u00f3k v\u00e1demel\u00e9si javaslattal lez\u00e1rt\u00e1k az elj\u00e1r\u00e1st azzal a 34 \u00e9ves f\u00e9rfival szemben, aki csal\u00e1dj\u00e1val egy lakatlan h\u00e1zba, a tulaj enged\u00e9lye n\u00e9lk\u00fcl bek\u00f6lt\u00f6z\u00f6tt. A rend\u0151r\u00f6k gyan\u00fas\u00edtottk\u00e9nt hallgatt\u00e1k ki azt a helyi lakost, aki egy c\u00e9g tulajdon\u00e1ban l\u00e9v\u0151 ingatlanba 2019-ben \u00f6nk\u00e9nyesen bek\u00f6lt\u00f6z\u00f6tt. A lak\u00e1shoz tartoz\u00f3 villany\u00f3ra le lett szerelve, de hogy az lakhat\u00f3 \u00e9s komfortos<\/p>\n","protected":false},"author":1,"featured_media":44513,"comment_status":"closed","ping_status":"closed","sticky":false,"template":"","format":"standard","meta":{"ngg_post_thumbnail":0,"footnotes":""},"categories":[38,3,39],"tags":[42,61],"class_list":{"0":"post-44512","1":"post","2":"type-post","3":"status-publish","4":"format-standard","5":"has-post-thumbnail","7":"category-esztergom","8":"category-hirek","9":"category-kek-hirek","10":"tag-esztergom","11":"tag-rendorsegi-hirek"},"yoast_head":"<!-- This site is optimized with the Yoast SEO plugin v27.5 - https:\/\/yoast.com\/product\/yoast-seo-wordpress\/ -->\n<title>\u00d6nk\u00e9nyesen bek\u00f6lt\u00f6z\u00f6tt \u00e9s m\u00e9g az \u00e1ramot is lopta<\/title>\n<meta name=\"robots\" content=\"index, follow, max-snippet:-1, max-image-preview:large, max-video-preview:-1\" \/>\n<link rel=\"canonical\" href=\"https:\/\/dorogimedence.hu\/index.php\/2022\/07\/07\/onkenyesen-bekoltozott-es-meg-az-aramot-is-lopta\/\" class=\"yoast-seo-meta-tag\" \/>\n<meta property=\"og:locale\" content=\"hu_HU\" class=\"yoast-seo-meta-tag\" \/>\n<meta property=\"og:type\" content=\"article\" class=\"yoast-seo-meta-tag\" \/>\n<meta property=\"og:title\" content=\"\u00d6nk\u00e9nyesen bek\u00f6lt\u00f6z\u00f6tt \u00e9s m\u00e9g az \u00e1ramot is lopta\" class=\"yoast-seo-meta-tag\" \/>\n<meta property=\"og:description\" content=\"Az esztergomi nyomoz\u00f3k v\u00e1demel\u00e9si javaslattal lez\u00e1rt\u00e1k az elj\u00e1r\u00e1st azzal a 34 \u00e9ves f\u00e9rfival szemben, aki csal\u00e1dj\u00e1val egy lakatlan h\u00e1zba, a tulaj enged\u00e9lye n\u00e9lk\u00fcl bek\u00f6lt\u00f6z\u00f6tt. A rend\u0151r\u00f6k gyan\u00fas\u00edtottk\u00e9nt hallgatt\u00e1k ki azt a helyi lakost, aki egy c\u00e9g tulajdon\u00e1ban l\u00e9v\u0151 ingatlanba 2019-ben \u00f6nk\u00e9nyesen bek\u00f6lt\u00f6z\u00f6tt. A lak\u00e1shoz tartoz\u00f3 villany\u00f3ra le lett szerelve, de hogy az lakhat\u00f3 \u00e9s komfortos\" class=\"yoast-seo-meta-tag\" \/>\n<meta property=\"og:url\" content=\"https:\/\/dorogimedence.hu\/index.php\/2022\/07\/07\/onkenyesen-bekoltozott-es-meg-az-aramot-is-lopta\/\" class=\"yoast-seo-meta-tag\" \/>\n<meta property=\"og:site_name\" content=\"Dorogi-medence Region\u00e1lis H\u00edrport\u00e1l\" class=\"yoast-seo-meta-tag\" \/>\n<meta property=\"article:publisher\" content=\"https:\/\/www.facebook.com\/dorogimedence\/\" class=\"yoast-seo-meta-tag\" \/>\n<meta property=\"article:published_time\" content=\"2022-07-07T10:08:05+00:00\" class=\"yoast-seo-meta-tag\" \/>\n<meta property=\"article:modified_time\" content=\"2022-07-07T10:08:23+00:00\" class=\"yoast-seo-meta-tag\" \/>\n<meta property=\"og:image\" content=\"https:\/\/i0.wp.com\/dorogimedence.hu\/wp-content\/uploads\/2022\/07\/N3450883.jpg?fit=751%2C500&ssl=1\" class=\"yoast-seo-meta-tag\" \/>\n\t<meta property=\"og:image:width\" content=\"751\" class=\"yoast-seo-meta-tag\" \/>\n\t<meta property=\"og:image:height\" content=\"500\" class=\"yoast-seo-meta-tag\" \/>\n\t<meta property=\"og:image:type\" content=\"image\/jpeg\" class=\"yoast-seo-meta-tag\" \/>\n<meta name=\"author\" content=\"dorogimedence.hu\" class=\"yoast-seo-meta-tag\" \/>\n<meta name=\"twitter:card\" content=\"summary_large_image\" class=\"yoast-seo-meta-tag\" \/>\n<meta name=\"twitter:label1\" content=\"Szerz\u0151:\" class=\"yoast-seo-meta-tag\" \/>\n\t<meta name=\"twitter:data1\" content=\"dorogimedence.hu\" class=\"yoast-seo-meta-tag\" \/>\n\t<meta name=\"twitter:label2\" content=\"Becs\u00fclt olvas\u00e1si id\u0151\" class=\"yoast-seo-meta-tag\" \/>\n\t<meta name=\"twitter:data2\" content=\"1 perc\" class=\"yoast-seo-meta-tag\" \/>\n<script type=\"application\/ld+json\" class=\"yoast-schema-graph\">{\"@context\":\"https:\\\/\\\/schema.org\",\"@graph\":[{\"@type\":\"Article\",\"@id\":\"https:\\\/\\\/dorogimedence.hu\\\/index.php\\\/2022\\\/07\\\/07\\\/onkenyesen-bekoltozott-es-meg-az-aramot-is-lopta\\\/#article\",\"isPartOf\":{\"@id\":\"https:\\\/\\\/dorogimedence.hu\\\/index.php\\\/2022\\\/07\\\/07\\\/onkenyesen-bekoltozott-es-meg-az-aramot-is-lopta\\\/\"},\"author\":{\"name\":\"dorogimedence.hu\",\"@id\":\"https:\\\/\\\/dorogimedence.hu\\\/#\\\/schema\\\/person\\\/ce6091eeb7e95ecdc87890d6aa8e0fd4\"},\"headline\":\"\u00d6nk\u00e9nyesen bek\u00f6lt\u00f6z\u00f6tt \u00e9s m\u00e9g az \u00e1ramot is lopta\",\"datePublished\":\"2022-07-07T10:08:05+00:00\",\"dateModified\":\"2022-07-07T10:08:23+00:00\",\"mainEntityOfPage\":{\"@id\":\"https:\\\/\\\/dorogimedence.hu\\\/index.php\\\/2022\\\/07\\\/07\\\/onkenyesen-bekoltozott-es-meg-az-aramot-is-lopta\\\/\"},\"wordCount\":240,\"publisher\":{\"@id\":\"https:\\\/\\\/dorogimedence.hu\\\/#organization\"},\"image\":{\"@id\":\"https:\\\/\\\/dorogimedence.hu\\\/index.php\\\/2022\\\/07\\\/07\\\/onkenyesen-bekoltozott-es-meg-az-aramot-is-lopta\\\/#primaryimage\"},\"thumbnailUrl\":\"https:\\\/\\\/dorogimedence.hu\\\/wp-content\\\/uploads\\\/2022\\\/07\\\/N3450883.jpg\",\"keywords\":[\"esztergom\",\"rend\u0151rs\u00e9gi h\u00edrek\"],\"articleSection\":[\"Esztergom\",\"H\u00edrek\",\"K\u00e9k h\u00edrek\"],\"inLanguage\":\"hu\"},{\"@type\":\"WebPage\",\"@id\":\"https:\\\/\\\/dorogimedence.hu\\\/index.php\\\/2022\\\/07\\\/07\\\/onkenyesen-bekoltozott-es-meg-az-aramot-is-lopta\\\/\",\"url\":\"https:\\\/\\\/dorogimedence.hu\\\/index.php\\\/2022\\\/07\\\/07\\\/onkenyesen-bekoltozott-es-meg-az-aramot-is-lopta\\\/\",\"name\":\"\u00d6nk\u00e9nyesen bek\u00f6lt\u00f6z\u00f6tt \u00e9s m\u00e9g az \u00e1ramot is lopta\",\"isPartOf\":{\"@id\":\"https:\\\/\\\/dorogimedence.hu\\\/#website\"},\"primaryImageOfPage\":{\"@id\":\"https:\\\/\\\/dorogimedence.hu\\\/index.php\\\/2022\\\/07\\\/07\\\/onkenyesen-bekoltozott-es-meg-az-aramot-is-lopta\\\/#primaryimage\"},\"image\":{\"@id\":\"https:\\\/\\\/dorogimedence.hu\\\/index.php\\\/2022\\\/07\\\/07\\\/onkenyesen-bekoltozott-es-meg-az-aramot-is-lopta\\\/#primaryimage\"},\"thumbnailUrl\":\"https:\\\/\\\/dorogimedence.hu\\\/wp-content\\\/uploads\\\/2022\\\/07\\\/N3450883.jpg\",\"datePublished\":\"2022-07-07T10:08:05+00:00\",\"dateModified\":\"2022-07-07T10:08:23+00:00\",\"breadcrumb\":{\"@id\":\"https:\\\/\\\/dorogimedence.hu\\\/index.php\\\/2022\\\/07\\\/07\\\/onkenyesen-bekoltozott-es-meg-az-aramot-is-lopta\\\/#breadcrumb\"},\"inLanguage\":\"hu\",\"potentialAction\":[{\"@type\":\"ReadAction\",\"target\":[\"https:\\\/\\\/dorogimedence.hu\\\/index.php\\\/2022\\\/07\\\/07\\\/onkenyesen-bekoltozott-es-meg-az-aramot-is-lopta\\\/\"]}]},{\"@type\":\"ImageObject\",\"inLanguage\":\"hu\",\"@id\":\"https:\\\/\\\/dorogimedence.hu\\\/index.php\\\/2022\\\/07\\\/07\\\/onkenyesen-bekoltozott-es-meg-az-aramot-is-lopta\\\/#primaryimage\",\"url\":\"https:\\\/\\\/dorogimedence.hu\\\/wp-content\\\/uploads\\\/2022\\\/07\\\/N3450883.jpg\",\"contentUrl\":\"https:\\\/\\\/dorogimedence.hu\\\/wp-content\\\/uploads\\\/2022\\\/07\\\/N3450883.jpg\",\"width\":751,\"height\":500},{\"@type\":\"BreadcrumbList\",\"@id\":\"https:\\\/\\\/dorogimedence.hu\\\/index.php\\\/2022\\\/07\\\/07\\\/onkenyesen-bekoltozott-es-meg-az-aramot-is-lopta\\\/#breadcrumb\",\"itemListElement\":[{\"@type\":\"ListItem\",\"position\":1,\"name\":\"Kezd\u0151lap\",\"item\":\"https:\\\/\\\/dorogimedence.hu\\\/\"},{\"@type\":\"ListItem\",\"position\":2,\"name\":\"\u00d6nk\u00e9nyesen bek\u00f6lt\u00f6z\u00f6tt \u00e9s m\u00e9g az \u00e1ramot is lopta\"}]},{\"@type\":\"WebSite\",\"@id\":\"https:\\\/\\\/dorogimedence.hu\\\/#website\",\"url\":\"https:\\\/\\\/dorogimedence.hu\\\/\",\"name\":\"Dorogi-medence Region\u00e1lis H\u00edrport\u00e1l\",\"description\":\"Dorog, Keszt\u00f6lc, Le\u00e1nyv\u00e1r, Piliscs\u00e9v, Tokod, Tokodalt\u00e1r\u00f3, Csolnok, Esztergom-kertv\u00e1ros: h\u00edrek, programok\",\"publisher\":{\"@id\":\"https:\\\/\\\/dorogimedence.hu\\\/#organization\"},\"potentialAction\":[{\"@type\":\"SearchAction\",\"target\":{\"@type\":\"EntryPoint\",\"urlTemplate\":\"https:\\\/\\\/dorogimedence.hu\\\/?s={search_term_string}\"},\"query-input\":{\"@type\":\"PropertyValueSpecification\",\"valueRequired\":true,\"valueName\":\"search_term_string\"}}],\"inLanguage\":\"hu\"},{\"@type\":\"Organization\",\"@id\":\"https:\\\/\\\/dorogimedence.hu\\\/#organization\",\"name\":\"Dorogi-medence Region\u00e1lis H\u00edrport\u00e1l\",\"url\":\"https:\\\/\\\/dorogimedence.hu\\\/\",\"logo\":{\"@type\":\"ImageObject\",\"inLanguage\":\"hu\",\"@id\":\"https:\\\/\\\/dorogimedence.hu\\\/#\\\/schema\\\/logo\\\/image\\\/\",\"url\":\"https:\\\/\\\/dorogimedence.hu\\\/wp-content\\\/uploads\\\/2021\\\/04\\\/logo-feher-600.png\",\"contentUrl\":\"https:\\\/\\\/dorogimedence.hu\\\/wp-content\\\/uploads\\\/2021\\\/04\\\/logo-feher-600.png\",\"width\":600,\"height\":100,\"caption\":\"Dorogi-medence Region\u00e1lis H\u00edrport\u00e1l\"},\"image\":{\"@id\":\"https:\\\/\\\/dorogimedence.hu\\\/#\\\/schema\\\/logo\\\/image\\\/\"},\"sameAs\":[\"https:\\\/\\\/www.facebook.com\\\/dorogimedence\\\/\"]},{\"@type\":\"Person\",\"@id\":\"https:\\\/\\\/dorogimedence.hu\\\/#\\\/schema\\\/person\\\/ce6091eeb7e95ecdc87890d6aa8e0fd4\",\"name\":\"dorogimedence.hu\",\"image\":{\"@type\":\"ImageObject\",\"inLanguage\":\"hu\",\"@id\":\"\\\/\\\/www.gravatar.com\\\/avatar\\\/d8d45f8901aadff40a4af72c0b826f1d?s=96&#038;r=g&#038;d=mm\",\"url\":\"\\\/\\\/www.gravatar.com\\\/avatar\\\/d8d45f8901aadff40a4af72c0b826f1d?s=96&#038;r=g&#038;d=mm\",\"contentUrl\":\"\\\/\\\/www.gravatar.com\\\/avatar\\\/d8d45f8901aadff40a4af72c0b826f1d?s=96&#038;r=g&#038;d=mm\",\"caption\":\"dorogimedence.hu\"}}]}<\/script>\n<!-- \/ Yoast SEO plugin. -->","yoast_head_json":{"title":"\u00d6nk\u00e9nyesen bek\u00f6lt\u00f6z\u00f6tt \u00e9s m\u00e9g az \u00e1ramot is lopta","robots":{"index":"index","follow":"follow","max-snippet":"max-snippet:-1","max-image-preview":"max-image-preview:large","max-video-preview":"max-video-preview:-1"},"canonical":"https:\/\/dorogimedence.hu\/index.php\/2022\/07\/07\/onkenyesen-bekoltozott-es-meg-az-aramot-is-lopta\/","og_locale":"hu_HU","og_type":"article","og_title":"\u00d6nk\u00e9nyesen bek\u00f6lt\u00f6z\u00f6tt \u00e9s m\u00e9g az \u00e1ramot is lopta","og_description":"Az esztergomi nyomoz\u00f3k v\u00e1demel\u00e9si javaslattal lez\u00e1rt\u00e1k az elj\u00e1r\u00e1st azzal a 34 \u00e9ves f\u00e9rfival szemben, aki csal\u00e1dj\u00e1val egy lakatlan h\u00e1zba, a tulaj enged\u00e9lye n\u00e9lk\u00fcl bek\u00f6lt\u00f6z\u00f6tt. A rend\u0151r\u00f6k gyan\u00fas\u00edtottk\u00e9nt hallgatt\u00e1k ki azt a helyi lakost, aki egy c\u00e9g tulajdon\u00e1ban l\u00e9v\u0151 ingatlanba 2019-ben \u00f6nk\u00e9nyesen bek\u00f6lt\u00f6z\u00f6tt. A lak\u00e1shoz tartoz\u00f3 villany\u00f3ra le lett szerelve, de hogy az lakhat\u00f3 \u00e9s komfortos","og_url":"https:\/\/dorogimedence.hu\/index.php\/2022\/07\/07\/onkenyesen-bekoltozott-es-meg-az-aramot-is-lopta\/","og_site_name":"Dorogi-medence Region\u00e1lis H\u00edrport\u00e1l","article_publisher":"https:\/\/www.facebook.com\/dorogimedence\/","article_published_time":"2022-07-07T10:08:05+00:00","article_modified_time":"2022-07-07T10:08:23+00:00","og_image":[{"width":751,"height":500,"url":"https:\/\/i0.wp.com\/dorogimedence.hu\/wp-content\/uploads\/2022\/07\/N3450883.jpg?fit=751%2C500&ssl=1","type":"image\/jpeg"}],"author":"dorogimedence.hu","twitter_card":"summary_large_image","twitter_misc":{"Szerz\u0151:":"dorogimedence.hu","Becs\u00fclt olvas\u00e1si id\u0151":"1 perc"},"schema":{"@context":"https:\/\/schema.org","@graph":[{"@type":"Article","@id":"https:\/\/dorogimedence.hu\/index.php\/2022\/07\/07\/onkenyesen-bekoltozott-es-meg-az-aramot-is-lopta\/#article","isPartOf":{"@id":"https:\/\/dorogimedence.hu\/index.php\/2022\/07\/07\/onkenyesen-bekoltozott-es-meg-az-aramot-is-lopta\/"},"author":{"name":"dorogimedence.hu","@id":"https:\/\/dorogimedence.hu\/#\/schema\/person\/ce6091eeb7e95ecdc87890d6aa8e0fd4"},"headline":"\u00d6nk\u00e9nyesen bek\u00f6lt\u00f6z\u00f6tt \u00e9s m\u00e9g az \u00e1ramot is lopta","datePublished":"2022-07-07T10:08:05+00:00","dateModified":"2022-07-07T10:08:23+00:00","mainEntityOfPage":{"@id":"https:\/\/dorogimedence.hu\/index.php\/2022\/07\/07\/onkenyesen-bekoltozott-es-meg-az-aramot-is-lopta\/"},"wordCount":240,"publisher":{"@id":"https:\/\/dorogimedence.hu\/#organization"},"image":{"@id":"https:\/\/dorogimedence.hu\/index.php\/2022\/07\/07\/onkenyesen-bekoltozott-es-meg-az-aramot-is-lopta\/#primaryimage"},"thumbnailUrl":"https:\/\/dorogimedence.hu\/wp-content\/uploads\/2022\/07\/N3450883.jpg","keywords":["esztergom","rend\u0151rs\u00e9gi h\u00edrek"],"articleSection":["Esztergom","H\u00edrek","K\u00e9k h\u00edrek"],"inLanguage":"hu"},{"@type":"WebPage","@id":"https:\/\/dorogimedence.hu\/index.php\/2022\/07\/07\/onkenyesen-bekoltozott-es-meg-az-aramot-is-lopta\/","url":"https:\/\/dorogimedence.hu\/index.php\/2022\/07\/07\/onkenyesen-bekoltozott-es-meg-az-aramot-is-lopta\/","name":"\u00d6nk\u00e9nyesen bek\u00f6lt\u00f6z\u00f6tt \u00e9s m\u00e9g az \u00e1ramot is lopta","isPartOf":{"@id":"https:\/\/dorogimedence.hu\/#website"},"primaryImageOfPage":{"@id":"https:\/\/dorogimedence.hu\/index.php\/2022\/07\/07\/onkenyesen-bekoltozott-es-meg-az-aramot-is-lopta\/#primaryimage"},"image":{"@id":"https:\/\/dorogimedence.hu\/index.php\/2022\/07\/07\/onkenyesen-bekoltozott-es-meg-az-aramot-is-lopta\/#primaryimage"},"thumbnailUrl":"https:\/\/dorogimedence.hu\/wp-content\/uploads\/2022\/07\/N3450883.jpg","datePublished":"2022-07-07T10:08:05+00:00","dateModified":"2022-07-07T10:08:23+00:00","breadcrumb":{"@id":"https:\/\/dorogimedence.hu\/index.php\/2022\/07\/07\/onkenyesen-bekoltozott-es-meg-az-aramot-is-lopta\/#breadcrumb"},"inLanguage":"hu","potentialAction":[{"@type":"ReadAction","target":["https:\/\/dorogimedence.hu\/index.php\/2022\/07\/07\/onkenyesen-bekoltozott-es-meg-az-aramot-is-lopta\/"]}]},{"@type":"ImageObject","inLanguage":"hu","@id":"https:\/\/dorogimedence.hu\/index.php\/2022\/07\/07\/onkenyesen-bekoltozott-es-meg-az-aramot-is-lopta\/#primaryimage","url":"https:\/\/dorogimedence.hu\/wp-content\/uploads\/2022\/07\/N3450883.jpg","contentUrl":"https:\/\/dorogimedence.hu\/wp-content\/uploads\/2022\/07\/N3450883.jpg","width":751,"height":500},{"@type":"BreadcrumbList","@id":"https:\/\/dorogimedence.hu\/index.php\/2022\/07\/07\/onkenyesen-bekoltozott-es-meg-az-aramot-is-lopta\/#breadcrumb","itemListElement":[{"@type":"ListItem","position":1,"name":"Kezd\u0151lap","item":"https:\/\/dorogimedence.hu\/"},{"@type":"ListItem","position":2,"name":"\u00d6nk\u00e9nyesen bek\u00f6lt\u00f6z\u00f6tt \u00e9s m\u00e9g az \u00e1ramot is lopta"}]},{"@type":"WebSite","@id":"https:\/\/dorogimedence.hu\/#website","url":"https:\/\/dorogimedence.hu\/","name":"Dorogi-medence Region\u00e1lis H\u00edrport\u00e1l","description":"Dorog, Keszt\u00f6lc, Le\u00e1nyv\u00e1r, Piliscs\u00e9v, Tokod, Tokodalt\u00e1r\u00f3, Csolnok, Esztergom-kertv\u00e1ros: h\u00edrek, programok","publisher":{"@id":"https:\/\/dorogimedence.hu\/#organization"},"potentialAction":[{"@type":"SearchAction","target":{"@type":"EntryPoint","urlTemplate":"https:\/\/dorogimedence.hu\/?s={search_term_string}"},"query-input":{"@type":"PropertyValueSpecification","valueRequired":true,"valueName":"search_term_string"}}],"inLanguage":"hu"},{"@type":"Organization","@id":"https:\/\/dorogimedence.hu\/#organization","name":"Dorogi-medence Region\u00e1lis H\u00edrport\u00e1l","url":"https:\/\/dorogimedence.hu\/","logo":{"@type":"ImageObject","inLanguage":"hu","@id":"https:\/\/dorogimedence.hu\/#\/schema\/logo\/image\/","url":"https:\/\/dorogimedence.hu\/wp-content\/uploads\/2021\/04\/logo-feher-600.png","contentUrl":"https:\/\/dorogimedence.hu\/wp-content\/uploads\/2021\/04\/logo-feher-600.png","width":600,"height":100,"caption":"Dorogi-medence Region\u00e1lis H\u00edrport\u00e1l"},"image":{"@id":"https:\/\/dorogimedence.hu\/#\/schema\/logo\/image\/"},"sameAs":["https:\/\/www.facebook.com\/dorogimedence\/"]},{"@type":"Person","@id":"https:\/\/dorogimedence.hu\/#\/schema\/person\/ce6091eeb7e95ecdc87890d6aa8e0fd4","name":"dorogimedence.hu","image":{"@type":"ImageObject","inLanguage":"hu","@id":"\/\/www.gravatar.com\/avatar\/d8d45f8901aadff40a4af72c0b826f1d?s=96&#038;r=g&#038;d=mm","url":"\/\/www.gravatar.com\/avatar\/d8d45f8901aadff40a4af72c0b826f1d?s=96&#038;r=g&#038;d=mm","contentUrl":"\/\/www.gravatar.com\/avatar\/d8d45f8901aadff40a4af72c0b826f1d?s=96&#038;r=g&#038;d=mm","caption":"dorogimedence.hu"}}]}},"_links":{"self":[{"href":"https:\/\/dorogimedence.hu\/index.php\/wp-json\/wp\/v2\/posts\/44512","targetHints":{"allow":["GET"]}}],"collection":[{"href":"https:\/\/dorogimedence.hu\/index.php\/wp-json\/wp\/v2\/posts"}],"about":[{"href":"https:\/\/dorogimedence.hu\/index.php\/wp-json\/wp\/v2\/types\/post"}],"author":[{"embeddable":true,"href":"https:\/\/dorogimedence.hu\/index.php\/wp-json\/wp\/v2\/users\/1"}],"replies":[{"embeddable":true,"href":"https:\/\/dorogimedence.hu\/index.php\/wp-json\/wp\/v2\/comments?post=44512"}],"version-history":[{"count":0,"href":"https:\/\/dorogimedence.hu\/index.php\/wp-json\/wp\/v2\/posts\/44512\/revisions"}],"wp:featuredmedia":[{"embeddable":true,"href":"https:\/\/dorogimedence.hu\/index.php\/wp-json\/wp\/v2\/media\/44513"}],"wp:attachment":[{"href":"https:\/\/dorogimedence.hu\/index.php\/wp-json\/wp\/v2\/media?parent=44512"}],"wp:term":[{"taxonomy":"category","embeddable":true,"href":"https:\/\/dorogimedence.hu\/index.php\/wp-json\/wp\/v2\/categories?post=44512"},{"taxonomy":"post_tag","embeddable":true,"href":"https:\/\/dorogimedence.hu\/index.php\/wp-json\/wp\/v2\/tags?post=44512"}],"curies":[{"name":"wp","href":"https:\/\/api.w.org\/{rel}","templated":true}]}}