{"id":44405,"date":"2022-07-05T07:11:53","date_gmt":"2022-07-05T05:11:53","guid":{"rendered":"https:\/\/dorogimedence.hu\/?p=44405"},"modified":"2022-07-05T07:12:12","modified_gmt":"2022-07-05T05:12:12","slug":"letartoztatasban-marad-a-no-aki-megolte-majd-felgyujtotta-a-ferjet","status":"publish","type":"post","link":"https:\/\/dorogimedence.hu\/index.php\/2022\/07\/05\/letartoztatasban-marad-a-no-aki-megolte-majd-felgyujtotta-a-ferjet\/","title":{"rendered":"Letart\u00f3ztat\u00e1sban marad a n\u0151, aki meg\u00f6lte, majd felgy\u00fajtotta a f\u00e9rj\u00e9t"},"content":{"rendered":"<p><strong>Meghosszabb\u00edtott\u00e1k az el\u0151zetes letart\u00f3ztat\u00e1s\u00e1t annak a baj\u00f3ti n\u0151nek, aki az \u00e9lett\u00e1rs\u00e1t egy k\u00e1lyh\u00e1nak l\u00f6kte, balt\u00e1val \u00fctlegelte, majd felgy\u00fajtotta. A s\u00e9rtett a helysz\u00ednen az \u00e9let\u00e9t vesztette.<\/strong><\/p>\n<p>A megalapozott gyan\u00fa szerint a gyan\u00fas\u00edtott n\u0151 \u00e9s a s\u00e9rtett egy baj\u00f3ti ingatlan felett tal\u00e1lhat\u00f3 pinc\u00e9ben \u00e9ltek \u00e9lett\u00e1rsakk\u00e9nt, k\u00f6z\u00f6tt\u00fck rendszeresek voltak a veszeked\u00e9sek.<\/p>\n<p>A gyan\u00fas\u00edtott n\u0151 2022. janu\u00e1r 1-j\u00e9n este ittas \u00e1llapotban t\u00e9rt haza \u00e9s veszekedni kezdett a s\u00e9rtettel. A vita hev\u00e9ben nagy er\u0151vel megl\u00f6kte a s\u00e9rtettet, aki emiatt fejjel h\u00e1trafel\u00e9 a m\u00f6g\u00f6tte l\u00e9v\u0151 vask\u00e1lyh\u00e1nak esett, majd a f\u00f6ld\u00f6n fekve maradt. A gyan\u00fas\u00edtott ekkor odal\u00e9pett hozz\u00e1 \u00e9s d\u00fch\u00e9ben \u00f6k\u00f6llel t\u00f6bb alkalommal meg\u00fct\u00f6tte, megrugdosta a s\u00e9rtett fej\u00e9t, majd mag\u00e1hoz vette a k\u00f6zelben l\u00e9v\u0151 balt\u00e1t \u00e9s azzal t\u00f6bb \u00edzben meg\u00fct\u00f6tte a s\u00e9rtett kopony\u00e1j\u00e1t \u00e9s a fels\u0151test\u00e9t. A gyan\u00fas\u00edtott ezt k\u00f6vet\u0151en felgy\u00fajtotta a m\u00e1r eszm\u00e9let\u00e9n\u00e9l nem l\u00e9v\u0151 \u00e9s nem mozdul\u00f3 s\u00e9rtettet, v\u00e9g\u00fcl elhagyta a helysz\u00ednt. A s\u00e9rtett a helysz\u00ednen elhal\u00e1lozott.<\/p>\n<p>A letart\u00f3ztat\u00e1s elrendel\u00e9s\u00e9re, majd meghosszabb\u00edt\u00e1s\u00e1ra a b\u0171ncselekm\u00e9ny jelleg\u00e9re, a nyomoz\u00e1s \u00e9rdekeire tekintettel ker\u00fclt sor, illetve megalapozottan feltehet\u0151 az is, hogy a gyan\u00fas\u00edtott szabadl\u00e1bon hagy\u00e1sa eset\u00e9n a hat\u00f3s\u00e1gok el\u0151l megsz\u00f6kne, elrejt\u0151zne. A Tatab\u00e1nyai J\u00e1r\u00e1sb\u00edr\u00f3s\u00e1g letart\u00f3ztat\u00e1st meghosszabb\u00edt\u00f3 v\u00e9gz\u00e9s\u00e9t az \u00fcgy\u00e9sz \u00e9s a gyan\u00fas\u00edtott tudom\u00e1sul vette, azonban az nem v\u00e9gleges, mivel a v\u00e9d\u0151 az \u00fcl\u00e9sen nem volt jelen.<\/p>\n<p>A Tatab\u00e1nyai J\u00e1r\u00e1sb\u00edr\u00f3s\u00e1g nyomoz\u00e1si b\u00edr\u00e1ja a 2022. j\u00falius 4. napj\u00e1n tartott \u00fcl\u00e9sen, 3 h\u00f3nappal \u2013 2022. okt\u00f3ber 7. napj\u00e1ig \u2013 meghosszabb\u00edtotta a v\u00e1dlott letart\u00f3ztat\u00e1s\u00e1t.<\/p>\n<p><em>Forr\u00e1s: Kom\u00e1rom-Esztergom Megyei F\u0151\u00fcgy\u00e9szs\u00e9g \/ Tatab\u00e1nyai T\u00f6rv\u00e9nysz\u00e9k<\/em><\/p>\n","protected":false},"excerpt":{"rendered":"<p>Meghosszabb\u00edtott\u00e1k az el\u0151zetes letart\u00f3ztat\u00e1s\u00e1t annak a baj\u00f3ti n\u0151nek, aki az \u00e9lett\u00e1rs\u00e1t egy k\u00e1lyh\u00e1nak l\u00f6kte, balt\u00e1val \u00fctlegelte, majd felgy\u00fajtotta. A s\u00e9rtett a helysz\u00ednen az \u00e9let\u00e9t vesztette. A megalapozott gyan\u00fa szerint a gyan\u00fas\u00edtott n\u0151 \u00e9s a s\u00e9rtett egy baj\u00f3ti ingatlan felett tal\u00e1lhat\u00f3 pinc\u00e9ben \u00e9ltek \u00e9lett\u00e1rsakk\u00e9nt, k\u00f6z\u00f6tt\u00fck rendszeresek voltak a veszeked\u00e9sek. A gyan\u00fas\u00edtott n\u0151 2022. janu\u00e1r 1-j\u00e9n este<\/p>\n","protected":false},"author":1,"featured_media":39622,"comment_status":"closed","ping_status":"closed","sticky":false,"template":"","format":"standard","meta":{"ngg_post_thumbnail":0,"footnotes":""},"categories":[3,39],"tags":[334,1042,899,61,326],"class_list":{"0":"post-44405","1":"post","2":"type-post","3":"status-publish","4":"format-standard","5":"has-post-thumbnail","7":"category-hirek","8":"category-kek-hirek","9":"tag-bajot","10":"tag-birosag","11":"tag-gyilkossag","12":"tag-rendorsegi-hirek","13":"tag-ugyeszseg"},"yoast_head":"<!-- This site is optimized with the Yoast SEO plugin v27.5 - https:\/\/yoast.com\/product\/yoast-seo-wordpress\/ -->\n<title>Letart\u00f3ztat\u00e1sban marad a n\u0151, aki meg\u00f6lte, majd felgy\u00fajtotta a f\u00e9rj\u00e9t<\/title>\n<meta name=\"robots\" content=\"index, follow, max-snippet:-1, max-image-preview:large, max-video-preview:-1\" \/>\n<link rel=\"canonical\" href=\"https:\/\/dorogimedence.hu\/index.php\/2022\/07\/05\/letartoztatasban-marad-a-no-aki-megolte-majd-felgyujtotta-a-ferjet\/\" class=\"yoast-seo-meta-tag\" \/>\n<meta property=\"og:locale\" content=\"hu_HU\" class=\"yoast-seo-meta-tag\" \/>\n<meta property=\"og:type\" content=\"article\" class=\"yoast-seo-meta-tag\" \/>\n<meta property=\"og:title\" content=\"Letart\u00f3ztat\u00e1sban marad a n\u0151, aki meg\u00f6lte, majd felgy\u00fajtotta a f\u00e9rj\u00e9t\" class=\"yoast-seo-meta-tag\" \/>\n<meta property=\"og:description\" content=\"Meghosszabb\u00edtott\u00e1k az el\u0151zetes letart\u00f3ztat\u00e1s\u00e1t annak a baj\u00f3ti n\u0151nek, aki az \u00e9lett\u00e1rs\u00e1t egy k\u00e1lyh\u00e1nak l\u00f6kte, balt\u00e1val \u00fctlegelte, majd felgy\u00fajtotta. A s\u00e9rtett a helysz\u00ednen az \u00e9let\u00e9t vesztette. A megalapozott gyan\u00fa szerint a gyan\u00fas\u00edtott n\u0151 \u00e9s a s\u00e9rtett egy baj\u00f3ti ingatlan felett tal\u00e1lhat\u00f3 pinc\u00e9ben \u00e9ltek \u00e9lett\u00e1rsakk\u00e9nt, k\u00f6z\u00f6tt\u00fck rendszeresek voltak a veszeked\u00e9sek. A gyan\u00fas\u00edtott n\u0151 2022. janu\u00e1r 1-j\u00e9n este\" class=\"yoast-seo-meta-tag\" \/>\n<meta property=\"og:url\" content=\"https:\/\/dorogimedence.hu\/index.php\/2022\/07\/05\/letartoztatasban-marad-a-no-aki-megolte-majd-felgyujtotta-a-ferjet\/\" class=\"yoast-seo-meta-tag\" \/>\n<meta property=\"og:site_name\" content=\"Dorogi-medence Region\u00e1lis H\u00edrport\u00e1l\" class=\"yoast-seo-meta-tag\" \/>\n<meta property=\"article:publisher\" content=\"https:\/\/www.facebook.com\/dorogimedence\/\" class=\"yoast-seo-meta-tag\" \/>\n<meta property=\"article:published_time\" content=\"2022-07-05T05:11:53+00:00\" class=\"yoast-seo-meta-tag\" \/>\n<meta property=\"article:modified_time\" content=\"2022-07-05T05:12:12+00:00\" class=\"yoast-seo-meta-tag\" \/>\n<meta property=\"og:image\" content=\"https:\/\/i0.wp.com\/dorogimedence.hu\/wp-content\/uploads\/2022\/01\/bajot-gyilkossag.jpg?fit=1897%2C1022&ssl=1\" class=\"yoast-seo-meta-tag\" \/>\n\t<meta property=\"og:image:width\" content=\"1897\" class=\"yoast-seo-meta-tag\" \/>\n\t<meta property=\"og:image:height\" content=\"1022\" class=\"yoast-seo-meta-tag\" \/>\n\t<meta property=\"og:image:type\" content=\"image\/jpeg\" class=\"yoast-seo-meta-tag\" \/>\n<meta name=\"author\" content=\"dorogimedence.hu\" class=\"yoast-seo-meta-tag\" \/>\n<meta name=\"twitter:card\" content=\"summary_large_image\" class=\"yoast-seo-meta-tag\" \/>\n<meta name=\"twitter:label1\" content=\"Szerz\u0151:\" class=\"yoast-seo-meta-tag\" \/>\n\t<meta name=\"twitter:data1\" content=\"dorogimedence.hu\" class=\"yoast-seo-meta-tag\" \/>\n\t<meta name=\"twitter:label2\" content=\"Becs\u00fclt olvas\u00e1si id\u0151\" class=\"yoast-seo-meta-tag\" \/>\n\t<meta name=\"twitter:data2\" content=\"2 perc\" class=\"yoast-seo-meta-tag\" \/>\n<script type=\"application\/ld+json\" class=\"yoast-schema-graph\">{\"@context\":\"https:\\\/\\\/schema.org\",\"@graph\":[{\"@type\":\"Article\",\"@id\":\"https:\\\/\\\/dorogimedence.hu\\\/index.php\\\/2022\\\/07\\\/05\\\/letartoztatasban-marad-a-no-aki-megolte-majd-felgyujtotta-a-ferjet\\\/#article\",\"isPartOf\":{\"@id\":\"https:\\\/\\\/dorogimedence.hu\\\/index.php\\\/2022\\\/07\\\/05\\\/letartoztatasban-marad-a-no-aki-megolte-majd-felgyujtotta-a-ferjet\\\/\"},\"author\":{\"name\":\"dorogimedence.hu\",\"@id\":\"https:\\\/\\\/dorogimedence.hu\\\/#\\\/schema\\\/person\\\/ce6091eeb7e95ecdc87890d6aa8e0fd4\"},\"headline\":\"Letart\u00f3ztat\u00e1sban marad a n\u0151, aki meg\u00f6lte, majd felgy\u00fajtotta a f\u00e9rj\u00e9t\",\"datePublished\":\"2022-07-05T05:11:53+00:00\",\"dateModified\":\"2022-07-05T05:12:12+00:00\",\"mainEntityOfPage\":{\"@id\":\"https:\\\/\\\/dorogimedence.hu\\\/index.php\\\/2022\\\/07\\\/05\\\/letartoztatasban-marad-a-no-aki-megolte-majd-felgyujtotta-a-ferjet\\\/\"},\"wordCount\":393,\"publisher\":{\"@id\":\"https:\\\/\\\/dorogimedence.hu\\\/#organization\"},\"image\":{\"@id\":\"https:\\\/\\\/dorogimedence.hu\\\/index.php\\\/2022\\\/07\\\/05\\\/letartoztatasban-marad-a-no-aki-megolte-majd-felgyujtotta-a-ferjet\\\/#primaryimage\"},\"thumbnailUrl\":\"https:\\\/\\\/dorogimedence.hu\\\/wp-content\\\/uploads\\\/2022\\\/01\\\/bajot-gyilkossag.jpg\",\"keywords\":[\"Baj\u00f3t\",\"b\u00edr\u00f3s\u00e1g\",\"gyilkoss\u00e1g\",\"rend\u0151rs\u00e9gi h\u00edrek\",\"\u00fcgy\u00e9szs\u00e9g\"],\"articleSection\":[\"H\u00edrek\",\"K\u00e9k h\u00edrek\"],\"inLanguage\":\"hu\"},{\"@type\":\"WebPage\",\"@id\":\"https:\\\/\\\/dorogimedence.hu\\\/index.php\\\/2022\\\/07\\\/05\\\/letartoztatasban-marad-a-no-aki-megolte-majd-felgyujtotta-a-ferjet\\\/\",\"url\":\"https:\\\/\\\/dorogimedence.hu\\\/index.php\\\/2022\\\/07\\\/05\\\/letartoztatasban-marad-a-no-aki-megolte-majd-felgyujtotta-a-ferjet\\\/\",\"name\":\"Letart\u00f3ztat\u00e1sban marad a n\u0151, aki meg\u00f6lte, majd felgy\u00fajtotta a f\u00e9rj\u00e9t\",\"isPartOf\":{\"@id\":\"https:\\\/\\\/dorogimedence.hu\\\/#website\"},\"primaryImageOfPage\":{\"@id\":\"https:\\\/\\\/dorogimedence.hu\\\/index.php\\\/2022\\\/07\\\/05\\\/letartoztatasban-marad-a-no-aki-megolte-majd-felgyujtotta-a-ferjet\\\/#primaryimage\"},\"image\":{\"@id\":\"https:\\\/\\\/dorogimedence.hu\\\/index.php\\\/2022\\\/07\\\/05\\\/letartoztatasban-marad-a-no-aki-megolte-majd-felgyujtotta-a-ferjet\\\/#primaryimage\"},\"thumbnailUrl\":\"https:\\\/\\\/dorogimedence.hu\\\/wp-content\\\/uploads\\\/2022\\\/01\\\/bajot-gyilkossag.jpg\",\"datePublished\":\"2022-07-05T05:11:53+00:00\",\"dateModified\":\"2022-07-05T05:12:12+00:00\",\"breadcrumb\":{\"@id\":\"https:\\\/\\\/dorogimedence.hu\\\/index.php\\\/2022\\\/07\\\/05\\\/letartoztatasban-marad-a-no-aki-megolte-majd-felgyujtotta-a-ferjet\\\/#breadcrumb\"},\"inLanguage\":\"hu\",\"potentialAction\":[{\"@type\":\"ReadAction\",\"target\":[\"https:\\\/\\\/dorogimedence.hu\\\/index.php\\\/2022\\\/07\\\/05\\\/letartoztatasban-marad-a-no-aki-megolte-majd-felgyujtotta-a-ferjet\\\/\"]}]},{\"@type\":\"ImageObject\",\"inLanguage\":\"hu\",\"@id\":\"https:\\\/\\\/dorogimedence.hu\\\/index.php\\\/2022\\\/07\\\/05\\\/letartoztatasban-marad-a-no-aki-megolte-majd-felgyujtotta-a-ferjet\\\/#primaryimage\",\"url\":\"https:\\\/\\\/dorogimedence.hu\\\/wp-content\\\/uploads\\\/2022\\\/01\\\/bajot-gyilkossag.jpg\",\"contentUrl\":\"https:\\\/\\\/dorogimedence.hu\\\/wp-content\\\/uploads\\\/2022\\\/01\\\/bajot-gyilkossag.jpg\",\"width\":1897,\"height\":1022},{\"@type\":\"BreadcrumbList\",\"@id\":\"https:\\\/\\\/dorogimedence.hu\\\/index.php\\\/2022\\\/07\\\/05\\\/letartoztatasban-marad-a-no-aki-megolte-majd-felgyujtotta-a-ferjet\\\/#breadcrumb\",\"itemListElement\":[{\"@type\":\"ListItem\",\"position\":1,\"name\":\"Kezd\u0151lap\",\"item\":\"https:\\\/\\\/dorogimedence.hu\\\/\"},{\"@type\":\"ListItem\",\"position\":2,\"name\":\"Letart\u00f3ztat\u00e1sban marad a n\u0151, aki meg\u00f6lte, majd felgy\u00fajtotta a f\u00e9rj\u00e9t\"}]},{\"@type\":\"WebSite\",\"@id\":\"https:\\\/\\\/dorogimedence.hu\\\/#website\",\"url\":\"https:\\\/\\\/dorogimedence.hu\\\/\",\"name\":\"Dorogi-medence Region\u00e1lis H\u00edrport\u00e1l\",\"description\":\"Dorog, Keszt\u00f6lc, Le\u00e1nyv\u00e1r, Piliscs\u00e9v, Tokod, Tokodalt\u00e1r\u00f3, Csolnok, Esztergom-kertv\u00e1ros: h\u00edrek, programok\",\"publisher\":{\"@id\":\"https:\\\/\\\/dorogimedence.hu\\\/#organization\"},\"potentialAction\":[{\"@type\":\"SearchAction\",\"target\":{\"@type\":\"EntryPoint\",\"urlTemplate\":\"https:\\\/\\\/dorogimedence.hu\\\/?s={search_term_string}\"},\"query-input\":{\"@type\":\"PropertyValueSpecification\",\"valueRequired\":true,\"valueName\":\"search_term_string\"}}],\"inLanguage\":\"hu\"},{\"@type\":\"Organization\",\"@id\":\"https:\\\/\\\/dorogimedence.hu\\\/#organization\",\"name\":\"Dorogi-medence Region\u00e1lis H\u00edrport\u00e1l\",\"url\":\"https:\\\/\\\/dorogimedence.hu\\\/\",\"logo\":{\"@type\":\"ImageObject\",\"inLanguage\":\"hu\",\"@id\":\"https:\\\/\\\/dorogimedence.hu\\\/#\\\/schema\\\/logo\\\/image\\\/\",\"url\":\"https:\\\/\\\/dorogimedence.hu\\\/wp-content\\\/uploads\\\/2021\\\/04\\\/logo-feher-600.png\",\"contentUrl\":\"https:\\\/\\\/dorogimedence.hu\\\/wp-content\\\/uploads\\\/2021\\\/04\\\/logo-feher-600.png\",\"width\":600,\"height\":100,\"caption\":\"Dorogi-medence Region\u00e1lis H\u00edrport\u00e1l\"},\"image\":{\"@id\":\"https:\\\/\\\/dorogimedence.hu\\\/#\\\/schema\\\/logo\\\/image\\\/\"},\"sameAs\":[\"https:\\\/\\\/www.facebook.com\\\/dorogimedence\\\/\"]},{\"@type\":\"Person\",\"@id\":\"https:\\\/\\\/dorogimedence.hu\\\/#\\\/schema\\\/person\\\/ce6091eeb7e95ecdc87890d6aa8e0fd4\",\"name\":\"dorogimedence.hu\",\"image\":{\"@type\":\"ImageObject\",\"inLanguage\":\"hu\",\"@id\":\"\\\/\\\/www.gravatar.com\\\/avatar\\\/d8d45f8901aadff40a4af72c0b826f1d?s=96&#038;r=g&#038;d=mm\",\"url\":\"\\\/\\\/www.gravatar.com\\\/avatar\\\/d8d45f8901aadff40a4af72c0b826f1d?s=96&#038;r=g&#038;d=mm\",\"contentUrl\":\"\\\/\\\/www.gravatar.com\\\/avatar\\\/d8d45f8901aadff40a4af72c0b826f1d?s=96&#038;r=g&#038;d=mm\",\"caption\":\"dorogimedence.hu\"}}]}<\/script>\n<!-- \/ Yoast SEO plugin. -->","yoast_head_json":{"title":"Letart\u00f3ztat\u00e1sban marad a n\u0151, aki meg\u00f6lte, majd felgy\u00fajtotta a f\u00e9rj\u00e9t","robots":{"index":"index","follow":"follow","max-snippet":"max-snippet:-1","max-image-preview":"max-image-preview:large","max-video-preview":"max-video-preview:-1"},"canonical":"https:\/\/dorogimedence.hu\/index.php\/2022\/07\/05\/letartoztatasban-marad-a-no-aki-megolte-majd-felgyujtotta-a-ferjet\/","og_locale":"hu_HU","og_type":"article","og_title":"Letart\u00f3ztat\u00e1sban marad a n\u0151, aki meg\u00f6lte, majd felgy\u00fajtotta a f\u00e9rj\u00e9t","og_description":"Meghosszabb\u00edtott\u00e1k az el\u0151zetes letart\u00f3ztat\u00e1s\u00e1t annak a baj\u00f3ti n\u0151nek, aki az \u00e9lett\u00e1rs\u00e1t egy k\u00e1lyh\u00e1nak l\u00f6kte, balt\u00e1val \u00fctlegelte, majd felgy\u00fajtotta. A s\u00e9rtett a helysz\u00ednen az \u00e9let\u00e9t vesztette. A megalapozott gyan\u00fa szerint a gyan\u00fas\u00edtott n\u0151 \u00e9s a s\u00e9rtett egy baj\u00f3ti ingatlan felett tal\u00e1lhat\u00f3 pinc\u00e9ben \u00e9ltek \u00e9lett\u00e1rsakk\u00e9nt, k\u00f6z\u00f6tt\u00fck rendszeresek voltak a veszeked\u00e9sek. A gyan\u00fas\u00edtott n\u0151 2022. janu\u00e1r 1-j\u00e9n este","og_url":"https:\/\/dorogimedence.hu\/index.php\/2022\/07\/05\/letartoztatasban-marad-a-no-aki-megolte-majd-felgyujtotta-a-ferjet\/","og_site_name":"Dorogi-medence Region\u00e1lis H\u00edrport\u00e1l","article_publisher":"https:\/\/www.facebook.com\/dorogimedence\/","article_published_time":"2022-07-05T05:11:53+00:00","article_modified_time":"2022-07-05T05:12:12+00:00","og_image":[{"width":1897,"height":1022,"url":"https:\/\/i0.wp.com\/dorogimedence.hu\/wp-content\/uploads\/2022\/01\/bajot-gyilkossag.jpg?fit=1897%2C1022&ssl=1","type":"image\/jpeg"}],"author":"dorogimedence.hu","twitter_card":"summary_large_image","twitter_misc":{"Szerz\u0151:":"dorogimedence.hu","Becs\u00fclt olvas\u00e1si id\u0151":"2 perc"},"schema":{"@context":"https:\/\/schema.org","@graph":[{"@type":"Article","@id":"https:\/\/dorogimedence.hu\/index.php\/2022\/07\/05\/letartoztatasban-marad-a-no-aki-megolte-majd-felgyujtotta-a-ferjet\/#article","isPartOf":{"@id":"https:\/\/dorogimedence.hu\/index.php\/2022\/07\/05\/letartoztatasban-marad-a-no-aki-megolte-majd-felgyujtotta-a-ferjet\/"},"author":{"name":"dorogimedence.hu","@id":"https:\/\/dorogimedence.hu\/#\/schema\/person\/ce6091eeb7e95ecdc87890d6aa8e0fd4"},"headline":"Letart\u00f3ztat\u00e1sban marad a n\u0151, aki meg\u00f6lte, majd felgy\u00fajtotta a f\u00e9rj\u00e9t","datePublished":"2022-07-05T05:11:53+00:00","dateModified":"2022-07-05T05:12:12+00:00","mainEntityOfPage":{"@id":"https:\/\/dorogimedence.hu\/index.php\/2022\/07\/05\/letartoztatasban-marad-a-no-aki-megolte-majd-felgyujtotta-a-ferjet\/"},"wordCount":393,"publisher":{"@id":"https:\/\/dorogimedence.hu\/#organization"},"image":{"@id":"https:\/\/dorogimedence.hu\/index.php\/2022\/07\/05\/letartoztatasban-marad-a-no-aki-megolte-majd-felgyujtotta-a-ferjet\/#primaryimage"},"thumbnailUrl":"https:\/\/dorogimedence.hu\/wp-content\/uploads\/2022\/01\/bajot-gyilkossag.jpg","keywords":["Baj\u00f3t","b\u00edr\u00f3s\u00e1g","gyilkoss\u00e1g","rend\u0151rs\u00e9gi h\u00edrek","\u00fcgy\u00e9szs\u00e9g"],"articleSection":["H\u00edrek","K\u00e9k h\u00edrek"],"inLanguage":"hu"},{"@type":"WebPage","@id":"https:\/\/dorogimedence.hu\/index.php\/2022\/07\/05\/letartoztatasban-marad-a-no-aki-megolte-majd-felgyujtotta-a-ferjet\/","url":"https:\/\/dorogimedence.hu\/index.php\/2022\/07\/05\/letartoztatasban-marad-a-no-aki-megolte-majd-felgyujtotta-a-ferjet\/","name":"Letart\u00f3ztat\u00e1sban marad a n\u0151, aki meg\u00f6lte, majd felgy\u00fajtotta a f\u00e9rj\u00e9t","isPartOf":{"@id":"https:\/\/dorogimedence.hu\/#website"},"primaryImageOfPage":{"@id":"https:\/\/dorogimedence.hu\/index.php\/2022\/07\/05\/letartoztatasban-marad-a-no-aki-megolte-majd-felgyujtotta-a-ferjet\/#primaryimage"},"image":{"@id":"https:\/\/dorogimedence.hu\/index.php\/2022\/07\/05\/letartoztatasban-marad-a-no-aki-megolte-majd-felgyujtotta-a-ferjet\/#primaryimage"},"thumbnailUrl":"https:\/\/dorogimedence.hu\/wp-content\/uploads\/2022\/01\/bajot-gyilkossag.jpg","datePublished":"2022-07-05T05:11:53+00:00","dateModified":"2022-07-05T05:12:12+00:00","breadcrumb":{"@id":"https:\/\/dorogimedence.hu\/index.php\/2022\/07\/05\/letartoztatasban-marad-a-no-aki-megolte-majd-felgyujtotta-a-ferjet\/#breadcrumb"},"inLanguage":"hu","potentialAction":[{"@type":"ReadAction","target":["https:\/\/dorogimedence.hu\/index.php\/2022\/07\/05\/letartoztatasban-marad-a-no-aki-megolte-majd-felgyujtotta-a-ferjet\/"]}]},{"@type":"ImageObject","inLanguage":"hu","@id":"https:\/\/dorogimedence.hu\/index.php\/2022\/07\/05\/letartoztatasban-marad-a-no-aki-megolte-majd-felgyujtotta-a-ferjet\/#primaryimage","url":"https:\/\/dorogimedence.hu\/wp-content\/uploads\/2022\/01\/bajot-gyilkossag.jpg","contentUrl":"https:\/\/dorogimedence.hu\/wp-content\/uploads\/2022\/01\/bajot-gyilkossag.jpg","width":1897,"height":1022},{"@type":"BreadcrumbList","@id":"https:\/\/dorogimedence.hu\/index.php\/2022\/07\/05\/letartoztatasban-marad-a-no-aki-megolte-majd-felgyujtotta-a-ferjet\/#breadcrumb","itemListElement":[{"@type":"ListItem","position":1,"name":"Kezd\u0151lap","item":"https:\/\/dorogimedence.hu\/"},{"@type":"ListItem","position":2,"name":"Letart\u00f3ztat\u00e1sban marad a n\u0151, aki meg\u00f6lte, majd felgy\u00fajtotta a f\u00e9rj\u00e9t"}]},{"@type":"WebSite","@id":"https:\/\/dorogimedence.hu\/#website","url":"https:\/\/dorogimedence.hu\/","name":"Dorogi-medence Region\u00e1lis H\u00edrport\u00e1l","description":"Dorog, Keszt\u00f6lc, Le\u00e1nyv\u00e1r, Piliscs\u00e9v, Tokod, Tokodalt\u00e1r\u00f3, Csolnok, Esztergom-kertv\u00e1ros: h\u00edrek, programok","publisher":{"@id":"https:\/\/dorogimedence.hu\/#organization"},"potentialAction":[{"@type":"SearchAction","target":{"@type":"EntryPoint","urlTemplate":"https:\/\/dorogimedence.hu\/?s={search_term_string}"},"query-input":{"@type":"PropertyValueSpecification","valueRequired":true,"valueName":"search_term_string"}}],"inLanguage":"hu"},{"@type":"Organization","@id":"https:\/\/dorogimedence.hu\/#organization","name":"Dorogi-medence Region\u00e1lis H\u00edrport\u00e1l","url":"https:\/\/dorogimedence.hu\/","logo":{"@type":"ImageObject","inLanguage":"hu","@id":"https:\/\/dorogimedence.hu\/#\/schema\/logo\/image\/","url":"https:\/\/dorogimedence.hu\/wp-content\/uploads\/2021\/04\/logo-feher-600.png","contentUrl":"https:\/\/dorogimedence.hu\/wp-content\/uploads\/2021\/04\/logo-feher-600.png","width":600,"height":100,"caption":"Dorogi-medence Region\u00e1lis H\u00edrport\u00e1l"},"image":{"@id":"https:\/\/dorogimedence.hu\/#\/schema\/logo\/image\/"},"sameAs":["https:\/\/www.facebook.com\/dorogimedence\/"]},{"@type":"Person","@id":"https:\/\/dorogimedence.hu\/#\/schema\/person\/ce6091eeb7e95ecdc87890d6aa8e0fd4","name":"dorogimedence.hu","image":{"@type":"ImageObject","inLanguage":"hu","@id":"\/\/www.gravatar.com\/avatar\/d8d45f8901aadff40a4af72c0b826f1d?s=96&#038;r=g&#038;d=mm","url":"\/\/www.gravatar.com\/avatar\/d8d45f8901aadff40a4af72c0b826f1d?s=96&#038;r=g&#038;d=mm","contentUrl":"\/\/www.gravatar.com\/avatar\/d8d45f8901aadff40a4af72c0b826f1d?s=96&#038;r=g&#038;d=mm","caption":"dorogimedence.hu"}}]}},"_links":{"self":[{"href":"https:\/\/dorogimedence.hu\/index.php\/wp-json\/wp\/v2\/posts\/44405","targetHints":{"allow":["GET"]}}],"collection":[{"href":"https:\/\/dorogimedence.hu\/index.php\/wp-json\/wp\/v2\/posts"}],"about":[{"href":"https:\/\/dorogimedence.hu\/index.php\/wp-json\/wp\/v2\/types\/post"}],"author":[{"embeddable":true,"href":"https:\/\/dorogimedence.hu\/index.php\/wp-json\/wp\/v2\/users\/1"}],"replies":[{"embeddable":true,"href":"https:\/\/dorogimedence.hu\/index.php\/wp-json\/wp\/v2\/comments?post=44405"}],"version-history":[{"count":0,"href":"https:\/\/dorogimedence.hu\/index.php\/wp-json\/wp\/v2\/posts\/44405\/revisions"}],"wp:featuredmedia":[{"embeddable":true,"href":"https:\/\/dorogimedence.hu\/index.php\/wp-json\/wp\/v2\/media\/39622"}],"wp:attachment":[{"href":"https:\/\/dorogimedence.hu\/index.php\/wp-json\/wp\/v2\/media?parent=44405"}],"wp:term":[{"taxonomy":"category","embeddable":true,"href":"https:\/\/dorogimedence.hu\/index.php\/wp-json\/wp\/v2\/categories?post=44405"},{"taxonomy":"post_tag","embeddable":true,"href":"https:\/\/dorogimedence.hu\/index.php\/wp-json\/wp\/v2\/tags?post=44405"}],"curies":[{"name":"wp","href":"https:\/\/api.w.org\/{rel}","templated":true}]}}