{"id":44330,"date":"2022-07-05T12:54:39","date_gmt":"2022-07-05T10:54:39","guid":{"rendered":"https:\/\/dorogimedence.hu\/?p=44330"},"modified":"2022-07-05T12:54:46","modified_gmt":"2022-07-05T10:54:46","slug":"25-eve-tortent-bajnoki-cimet-nyert-es-az-nb-i-b-be-jutott-a-dorogi-se-noi-kezilabda-csapata","status":"publish","type":"post","link":"https:\/\/dorogimedence.hu\/index.php\/2022\/07\/05\/25-eve-tortent-bajnoki-cimet-nyert-es-az-nb-i-b-be-jutott-a-dorogi-se-noi-kezilabda-csapata\/","title":{"rendered":"25 \u00e9ve t\u00f6rt\u00e9nt: Bajnoki c\u00edmet nyert \u00e9s az NB I\/B-be jutott a Dorogi SE n\u0151i k\u00e9zilabda csapata"},"content":{"rendered":"<p style=\"text-align: justify;\"><strong>Dorog labdar\u00fag\u00f3 csapat\u00e1nak sikere mellett 1997 nyara m\u00e9g egy hasonl\u00f3 f\u00e9nyes diadalt hozott. Nevezetesen, a helyi n\u0151i k\u00e9zilabda csapat is bajnoki c\u00edmet szerzett \u00e9s feljutott az NB I\/B-be, amely egyben a szakoszt\u00e1ly addigi t\u00f6rt\u00e9net\u00e9nek legnagyobb sikere volt.<\/strong><\/p>\n<p style=\"text-align: justify;\">A dorogi k\u00e9zilabda sport sz\u00e9p eredm\u00e9nyekkel b\u00fcszk\u00e9lkedhetett a kor\u00e1bbiak sor\u00e1n, noha id\u0151k\u00f6z\u00f6nk\u00e9nt olykor k\u00eds\u00e9rt\u00e9k hull\u00e1mv\u00f6lgyek is. Az 1988-ban t\u00f6rt\u00e9n\u0151 NB II-be val\u00f3 jut\u00e1sukat k\u00f6vet\u0151en viszont hossz\u00fa id\u0151n \u00e1t igen stabil \u00e9s sikeres g\u00e1rda tudott lenni. 1993-ban m\u00e9g nem siker\u00fclt az addigi legnagyobb brav\u00far, az NB II-es bajnoki c\u00edm, pedig sok\u00e1ig listavezet\u0151k voltak, azonban a szezon hajr\u00e1j\u00e1ban kics\u00faszott kez\u00fckb\u0151l a v\u00e9gs\u0151 gy\u0151zelem.<\/p>\n<p><img fetchpriority=\"high\" decoding=\"async\" class=\"aligncenter wp-image-44402 \" src=\"https:\/\/dorogimedence.hu\/wp-content\/uploads\/2022\/07\/ujsagcikk2-1996-1.jpg\" alt=\"\" width=\"652\" height=\"123\" srcset=\"https:\/\/dorogimedence.hu\/wp-content\/uploads\/2022\/07\/ujsagcikk2-1996-1.jpg 658w, https:\/\/dorogimedence.hu\/wp-content\/uploads\/2022\/07\/ujsagcikk2-1996-1-300x57.jpg 300w, https:\/\/dorogimedence.hu\/wp-content\/uploads\/2022\/07\/ujsagcikk2-1996-1-150x28.jpg 150w, https:\/\/dorogimedence.hu\/wp-content\/uploads\/2022\/07\/ujsagcikk2-1996-1-450x85.jpg 450w\" sizes=\"(max-width: 652px) 100vw, 652px\" \/><\/p>\n<p style=\"text-align: center;\"><span style=\"font-size: 10pt;\"><em>A sportrovat egyik f\u0151c\u00edme 1996 \u0151sz\u00e9n&nbsp;<\/em><\/span><\/p>\n<p style=\"text-align: justify;\">Az 1996-97-es \u00e9vadban viszont \u00fajra megcsillant a nagy lehet\u0151s\u00e9g. A dorogi l\u00e1nyok mindv\u00e9gig csoportjuk, az NB II. \u00c9szaki csoport favoritjainak sz\u00e1m\u00edtottak \u00e9s v\u00e9g\u00fcl impon\u00e1l\u00f3 teljes\u00edtm\u00e9nnyel \u2013 <span class=\"selected\" data-canvas-width=\"37.99905155359013\">13 gy\u0151zelem, <\/span><span class=\"selected\" data-canvas-width=\"11.530123356220178\">2 d\u00f6ntetlen, <\/span><span class=\"selected\" data-canvas-width=\"10.148574421040381\">5 veres\u00e9g; <\/span><span class=\"selected\" data-canvas-width=\"54.074083556383094\">436 : 395-\u00f6s g\u00f3lar\u00e1nnyal <\/span><span class=\"selected\" data-canvas-width=\"12.911672291399977\">28 ponttal \u2013 <\/span> az \u00e9len v\u00e9geztek, 2 ponttal megel\u0151zve a nagy riv\u00e1lis, Eger csapat\u00e1t. A megnyert NB II-es&nbsp; bajnoki c\u00edm t\u00f6rt\u00e9net\u00fck legnagyobb siker\u00e9t hozta, amely egyben az NB I\/B-be val\u00f3 ker\u00fcl\u00e9st is jelentette. Kiemelend\u0151, hogy a csapat hazai m\u00e9rk\u0151z\u00e9seit rendszerint telth\u00e1z el\u0151tt j\u00e1tszotta.<\/p>\n<p><img decoding=\"async\" class=\"aligncenter wp-image-44401 \" src=\"https:\/\/dorogimedence.hu\/wp-content\/uploads\/2022\/07\/ujsagcikk-1996-1-1024x1000.jpg\" alt=\"\" width=\"650\" height=\"634\" srcset=\"https:\/\/dorogimedence.hu\/wp-content\/uploads\/2022\/07\/ujsagcikk-1996-1-1024x1000.jpg 1024w, https:\/\/dorogimedence.hu\/wp-content\/uploads\/2022\/07\/ujsagcikk-1996-1-300x293.jpg 300w, https:\/\/dorogimedence.hu\/wp-content\/uploads\/2022\/07\/ujsagcikk-1996-1-768x750.jpg 768w, https:\/\/dorogimedence.hu\/wp-content\/uploads\/2022\/07\/ujsagcikk-1996-1-150x146.jpg 150w, https:\/\/dorogimedence.hu\/wp-content\/uploads\/2022\/07\/ujsagcikk-1996-1-450x439.jpg 450w, https:\/\/dorogimedence.hu\/wp-content\/uploads\/2022\/07\/ujsagcikk-1996-1-1200x1171.jpg 1200w, https:\/\/dorogimedence.hu\/wp-content\/uploads\/2022\/07\/ujsagcikk-1996-1.jpg 1262w\" sizes=\"(max-width: 650px) 100vw, 650px\" \/><\/p>\n<p style=\"text-align: center;\"><span style=\"font-size: 10pt;\"><em>A szezonz\u00e1r\u00f3t k\u00f6vet\u0151 \u00f6sszefoglal\u00f3 a megyai \u00fajs\u00e1gban<\/em><\/span><\/p>\n<p style=\"text-align: justify;\">Csoportellenfeleik k\u00f6z\u00fcl az egri csapat \u00e9s a Goldberger sz\u00e1m\u00edtott a legnagyobb vet\u00e9lyt\u00e1rsnak, de j\u00f3 er\u0151t k\u00e9pviselt a Kispest, a Gy\u00f6ngy\u00f6s \u00e9s a L\u00e1ng Vasas is. A mez\u0151nyben k\u00e9t egri csapat is k\u00fczd\u00f6tt, m\u00e9gpedig a fentebb m\u00e1r eml\u00edtett dobog\u00f3s helyen v\u00e9gzett Eger Eszterh\u00e1zy Szabadid\u0151 \u00e9s Sportegyes\u00fclet g\u00e1rd\u00e1ja, valamint a HC Eger egy\u00fcttese. A dorogiak a tabella el\u0151kel\u0151 helyezettjeivel szemben biztosan hozt\u00e1k a m\u00e9rk\u0151z\u00e9seket \u00e9s \u00e9ppen az als\u00f3h\u00e1zi csapatok ellen vesztettek pontokat.<\/p>\n<p><img decoding=\"async\" class=\"aligncenter wp-image-44400 \" src=\"https:\/\/dorogimedence.hu\/wp-content\/uploads\/2022\/07\/dorogicikk-1.jpg\" alt=\"\" width=\"649\" height=\"731\" srcset=\"https:\/\/dorogimedence.hu\/wp-content\/uploads\/2022\/07\/dorogicikk-1.jpg 852w, https:\/\/dorogimedence.hu\/wp-content\/uploads\/2022\/07\/dorogicikk-1-266x300.jpg 266w, https:\/\/dorogimedence.hu\/wp-content\/uploads\/2022\/07\/dorogicikk-1-768x865.jpg 768w, https:\/\/dorogimedence.hu\/wp-content\/uploads\/2022\/07\/dorogicikk-1-150x169.jpg 150w, https:\/\/dorogimedence.hu\/wp-content\/uploads\/2022\/07\/dorogicikk-1-450x507.jpg 450w\" sizes=\"(max-width: 649px) 100vw, 649px\" \/><\/p>\n<p style=\"text-align: center;\"><em>A bajnokcsapatot m\u00e9ltat\u00f3 cikk<\/em><\/p>\n<p style=\"text-align: justify;\">A mindent eld\u00f6nt\u0151 tal\u00e1lkoz\u00f3n 26 : 21 ar\u00e1nyban vert\u00e9k a Hevesi SE g\u00e1rd\u00e1j\u00e1t. M\u00e1r a f\u00e9lid\u0151ben k\u00e9tszer annyi g\u00f3lt szereztek, mint ellenfel\u00fck, miut\u00e1n 14 : 7-es \u00e1ll\u00e1ssal fordultak. A gy\u0151zelemb\u0151l Dob\u00e1ny Annam\u00e1ria 7 g\u00f3llal vette ki r\u00e9sz\u00e9t, amellyel a mez\u0151ny legeredm\u00e9nyesebb dob\u00f3ja lett. Az eg\u00e9sz bajnoks\u00e1g sor\u00e1n a dorogiak nyertek a legt\u00f6bbsz\u00f6r, egyben legkevesebb alkalommal szenvedtek veres\u00e9get. A csapategys\u00e9get mutatja, hogy nem egy-egy kimagasl\u00f3an g\u00f3ler\u0151s j\u00e1t\u00e9kos volt a h\u00faz\u00f3er\u0151, hiszen a legeredm\u00e9nyesebb 10 g\u00f3lszerz\u0151 k\u00f6z\u00f6tt nem volt dorogi, hanem valamennyien kivett\u00e9k r\u00e9sz\u00fcket a tal\u00e1latokb\u00f3l. A j\u00e1t\u00e9ktud\u00e1s mellett nagyban hozz\u00e1j\u00e1rult a kimagasl\u00f3 siker el\u00e9r\u00e9s\u00e9hez a kiv\u00e1l\u00f3 csapatszellem. A j\u00e1t\u00e9kosok p\u00e1ly\u00e1n k\u00edv\u00fcl is szoros bar\u00e1ts\u00e1gban is \u00e1lltak egym\u00e1ssal.<\/p>\n<p style=\"text-align: center;\"><span style=\"text-decoration: underline;\"><strong>A dorogi bajnokcsapat:<\/strong><\/span><\/p>\n<p><em><span class=\"selected\" data-canvas-width=\"62.03929760128544\">Andorfer Zsuzsa, Arat\u00f3 Vera, Aub\u00e9li M\u00f3nika, Bartalos \u00c1gota, Bartalos Edina, Bartucz M\u00e1ria, Buza Mariann, Dob\u00e1ny Annam\u00e1ria, <\/span><span class=\"selected\" data-canvas-width=\"12.195386204521979\">Falusi Ivett, Hidv\u00e9gi Be\u00e1ta, <\/span><span class=\"selected\" data-canvas-width=\"57.65885458510273\">Keser\u00fc M\u00f3nika<\/span><span class=\"selected\" data-canvas-width=\"10.91472512337886\">,<\/span> <span class=\"selected\" data-canvas-width=\"45.08509124297028\">Kottesz Gabriella, <\/span><span class=\"selected\" data-canvas-width=\"34.374107655227824\">Kohl M\u00f3nika,<\/span><span class=\"selected\" data-canvas-width=\"40.19529438769655\"> Nebehaj Katalin, Pralovszki Melinda, <\/span><span class=\"selected\" data-canvas-width=\"61.12246069092162\">T\u00f6r\u0151csik Zs\u00f3fia,<\/span> <span class=\"selected\" data-canvas-width=\"41.63603810398256\">Vajda Titanilla, Waldinger Ren\u00e1ta. Vezet\u0151edz\u0151: Buz\u00e1si J\u00f3zsef.<\/span><\/em><\/p>\n<p style=\"text-align: justify;\">A keretben k\u00e9t testv\u00e9rp\u00e1r is szerepelt, m\u00e9gpedig a Bartalos \u00e9s a Dob\u00e1ny testv\u00e9rek. Ut\u00f3bbiak k\u00f6z\u00fcl Dob\u00e1ny T\u00edmea Egerben v\u00e9gezte f\u0151iskolai tanulm\u00e1nyait, \u00edgy az iskolai \u00e9vei sor\u00e1n az egri csapathoz igazolt. A diploma megszerz\u00e9s\u00e9t k\u00f6vet\u0151en, 1995 nyar\u00e1n igazolt vissza Dorogra, ahol oszlopos tagja volt a csapatnak az 1995\u201396-os \u00e9vadban. Ezt k\u00f6vet\u0151en anyai \u00f6r\u00f6m\u00f6k el\u00e9 n\u00e9zett, ez\u00e9rt j\u00f3 id\u0151re fel kellett hagynia a versenysporttal, \u00edgy a bajnoki c\u00edmet szerzett csapatb\u00f3l hi\u00e1nyzott.<\/p>\n<p>N\u00e9h\u00e1ny hete az egykori dorogi k\u00e9zisek nosztalgia tal\u00e1lkoz\u00f3t szerveztek, amelynek egyik aprop\u00f3jak\u00e9nt r\u00e9szben ez a sz\u00e9peml\u00e9k\u0171 negyed \u00e9vsz\u00e1zados \u00e9vfordul\u00f3 is szolg\u00e1lt.<\/p>\n<p><span style=\"font-size: 10pt;\"><em><img loading=\"lazy\" decoding=\"async\" class=\"wp-image-44335 aligncenter\" src=\"https:\/\/dorogimedence.hu\/wp-content\/uploads\/2022\/07\/Dorogi-kezisek-1024x768.jpg\" alt=\"\" width=\"681\" height=\"511\" srcset=\"https:\/\/dorogimedence.hu\/wp-content\/uploads\/2022\/07\/Dorogi-kezisek-1024x768.jpg 1024w, https:\/\/dorogimedence.hu\/wp-content\/uploads\/2022\/07\/Dorogi-kezisek-300x225.jpg 300w, https:\/\/dorogimedence.hu\/wp-content\/uploads\/2022\/07\/Dorogi-kezisek-768x576.jpg 768w, https:\/\/dorogimedence.hu\/wp-content\/uploads\/2022\/07\/Dorogi-kezisek-1536x1152.jpg 1536w, https:\/\/dorogimedence.hu\/wp-content\/uploads\/2022\/07\/Dorogi-kezisek-150x113.jpg 150w, https:\/\/dorogimedence.hu\/wp-content\/uploads\/2022\/07\/Dorogi-kezisek-450x338.jpg 450w, https:\/\/dorogimedence.hu\/wp-content\/uploads\/2022\/07\/Dorogi-kezisek-1200x900.jpg 1200w, https:\/\/dorogimedence.hu\/wp-content\/uploads\/2022\/07\/Dorogi-kezisek.jpg 2000w\" sizes=\"(max-width: 681px) 100vw, 681px\" \/><\/em><\/span><\/p>\n<p style=\"text-align: center;\"><span style=\"font-size: 10pt;\"><em>A k\u00e9zilabd\u00e1s h\u00f6lgyek id\u00e9n ny\u00e1ron rendezett nosztalgia-tal\u00e1lkoz\u00f3ja Dorogon, a Kacs\u00e1ban<\/em><\/span><\/p>\n<p><span style=\"text-decoration: underline;\"><em>Bor\u00edt\u00f3k\u00e9p<\/em><\/span>: A bajnoki c\u00edm megszerzes\u00e9t k\u00f6vet\u0151 cikk fejl\u00e9ce 1997-b\u0151l.<\/p>\n<p>Illusztr\u00e1ci\u00f3k: Az cikkben szerepl\u0151 \u00fajs\u00e1gmell\u00e9kletek a 24 \u00d3ra Kom\u00e1rom-Esztergom megyai napilap 1996 \u00e9s 1997-es sz\u00e1maib\u00f3l sz\u00e1rmaznak.<\/p>\n<p><em><strong>Szab\u00f3 Gyula<\/strong><\/em><\/p>\n","protected":false},"excerpt":{"rendered":"<p>Dorog labdar\u00fag\u00f3 csapat\u00e1nak sikere mellett 1997 nyara m\u00e9g egy hasonl\u00f3 f\u00e9nyes diadalt hozott. Nevezetesen, a helyi n\u0151i k\u00e9zilabda csapat is bajnoki c\u00edmet szerzett \u00e9s feljutott az NB I\/B-be, amely egyben a szakoszt\u00e1ly addigi t\u00f6rt\u00e9net\u00e9nek legnagyobb sikere volt. A dorogi k\u00e9zilabda sport sz\u00e9p eredm\u00e9nyekkel b\u00fcszk\u00e9lkedhetett a kor\u00e1bbiak sor\u00e1n, noha id\u0151k\u00f6z\u00f6nk\u00e9nt olykor k\u00eds\u00e9rt\u00e9k hull\u00e1mv\u00f6lgyek is. Az 1988-ban<\/p>\n","protected":false},"author":4,"featured_media":44399,"comment_status":"closed","ping_status":"closed","sticky":false,"template":"","format":"standard","meta":{"ngg_post_thumbnail":0,"footnotes":""},"categories":[2,3,6031,5],"tags":[15,355,16],"class_list":{"0":"post-44330","1":"post","2":"type-post","3":"status-publish","4":"format-standard","5":"has-post-thumbnail","7":"category-dorog","8":"category-hirek","9":"category-kerek-evfordulok","10":"category-sport","11":"tag-dorog","12":"tag-kezilabda","13":"tag-sport"},"yoast_head":"<!-- This site is optimized with the Yoast SEO plugin v27.4 - https:\/\/yoast.com\/product\/yoast-seo-wordpress\/ -->\n<title>25 \u00e9ve t\u00f6rt\u00e9nt: Bajnoki c\u00edmet nyert \u00e9s az NB I\/B-be jutott a Dorogi SE n\u0151i k\u00e9zilabda csapata<\/title>\n<meta name=\"robots\" content=\"index, follow, max-snippet:-1, max-image-preview:large, max-video-preview:-1\" \/>\n<link rel=\"canonical\" href=\"https:\/\/dorogimedence.hu\/index.php\/2022\/07\/05\/25-eve-tortent-bajnoki-cimet-nyert-es-az-nb-i-b-be-jutott-a-dorogi-se-noi-kezilabda-csapata\/\" class=\"yoast-seo-meta-tag\" \/>\n<meta property=\"og:locale\" content=\"hu_HU\" class=\"yoast-seo-meta-tag\" \/>\n<meta property=\"og:type\" content=\"article\" class=\"yoast-seo-meta-tag\" \/>\n<meta property=\"og:title\" content=\"25 \u00e9ve t\u00f6rt\u00e9nt: Bajnoki c\u00edmet nyert \u00e9s az NB I\/B-be jutott a Dorogi SE n\u0151i k\u00e9zilabda csapata\" class=\"yoast-seo-meta-tag\" \/>\n<meta property=\"og:description\" content=\"Dorog labdar\u00fag\u00f3 csapat\u00e1nak sikere mellett 1997 nyara m\u00e9g egy hasonl\u00f3 f\u00e9nyes diadalt hozott. Nevezetesen, a helyi n\u0151i k\u00e9zilabda csapat is bajnoki c\u00edmet szerzett \u00e9s feljutott az NB I\/B-be, amely egyben a szakoszt\u00e1ly addigi t\u00f6rt\u00e9net\u00e9nek legnagyobb sikere volt. A dorogi k\u00e9zilabda sport sz\u00e9p eredm\u00e9nyekkel b\u00fcszk\u00e9lkedhetett a kor\u00e1bbiak sor\u00e1n, noha id\u0151k\u00f6z\u00f6nk\u00e9nt olykor k\u00eds\u00e9rt\u00e9k hull\u00e1mv\u00f6lgyek is. Az 1988-ban\" class=\"yoast-seo-meta-tag\" \/>\n<meta property=\"og:url\" content=\"https:\/\/dorogimedence.hu\/index.php\/2022\/07\/05\/25-eve-tortent-bajnoki-cimet-nyert-es-az-nb-i-b-be-jutott-a-dorogi-se-noi-kezilabda-csapata\/\" class=\"yoast-seo-meta-tag\" \/>\n<meta property=\"og:site_name\" content=\"Dorogi-medence Region\u00e1lis H\u00edrport\u00e1l\" class=\"yoast-seo-meta-tag\" \/>\n<meta property=\"article:publisher\" content=\"https:\/\/www.facebook.com\/dorogimedence\/\" class=\"yoast-seo-meta-tag\" \/>\n<meta property=\"article:published_time\" content=\"2022-07-05T10:54:39+00:00\" class=\"yoast-seo-meta-tag\" \/>\n<meta property=\"article:modified_time\" content=\"2022-07-05T10:54:46+00:00\" class=\"yoast-seo-meta-tag\" \/>\n<meta property=\"og:image\" content=\"https:\/\/i0.wp.com\/dorogimedence.hu\/wp-content\/uploads\/2022\/07\/cimlap-1.jpg?fit=1418%2C858&ssl=1\" class=\"yoast-seo-meta-tag\" \/>\n\t<meta property=\"og:image:width\" content=\"1418\" class=\"yoast-seo-meta-tag\" \/>\n\t<meta property=\"og:image:height\" content=\"858\" class=\"yoast-seo-meta-tag\" \/>\n\t<meta property=\"og:image:type\" content=\"image\/jpeg\" class=\"yoast-seo-meta-tag\" \/>\n<meta name=\"author\" content=\"Szab\u00f3 Gyula\" class=\"yoast-seo-meta-tag\" \/>\n<meta name=\"twitter:card\" content=\"summary_large_image\" class=\"yoast-seo-meta-tag\" \/>\n<meta name=\"twitter:label1\" content=\"Szerz\u0151:\" class=\"yoast-seo-meta-tag\" \/>\n\t<meta name=\"twitter:data1\" content=\"Szab\u00f3 Gyula\" class=\"yoast-seo-meta-tag\" \/>\n\t<meta name=\"twitter:label2\" content=\"Becs\u00fclt olvas\u00e1si id\u0151\" class=\"yoast-seo-meta-tag\" \/>\n\t<meta name=\"twitter:data2\" content=\"4 perc\" class=\"yoast-seo-meta-tag\" \/>\n<script type=\"application\/ld+json\" class=\"yoast-schema-graph\">{\"@context\":\"https:\\\/\\\/schema.org\",\"@graph\":[{\"@type\":\"Article\",\"@id\":\"https:\\\/\\\/dorogimedence.hu\\\/index.php\\\/2022\\\/07\\\/05\\\/25-eve-tortent-bajnoki-cimet-nyert-es-az-nb-i-b-be-jutott-a-dorogi-se-noi-kezilabda-csapata\\\/#article\",\"isPartOf\":{\"@id\":\"https:\\\/\\\/dorogimedence.hu\\\/index.php\\\/2022\\\/07\\\/05\\\/25-eve-tortent-bajnoki-cimet-nyert-es-az-nb-i-b-be-jutott-a-dorogi-se-noi-kezilabda-csapata\\\/\"},\"author\":{\"name\":\"Szab\u00f3 Gyula\",\"@id\":\"https:\\\/\\\/dorogimedence.hu\\\/#\\\/schema\\\/person\\\/76605e8151ec1b7376385cd184ede973\"},\"headline\":\"25 \u00e9ve t\u00f6rt\u00e9nt: Bajnoki c\u00edmet nyert \u00e9s az NB I\\\/B-be jutott a Dorogi SE n\u0151i k\u00e9zilabda csapata\",\"datePublished\":\"2022-07-05T10:54:39+00:00\",\"dateModified\":\"2022-07-05T10:54:46+00:00\",\"mainEntityOfPage\":{\"@id\":\"https:\\\/\\\/dorogimedence.hu\\\/index.php\\\/2022\\\/07\\\/05\\\/25-eve-tortent-bajnoki-cimet-nyert-es-az-nb-i-b-be-jutott-a-dorogi-se-noi-kezilabda-csapata\\\/\"},\"wordCount\":815,\"publisher\":{\"@id\":\"https:\\\/\\\/dorogimedence.hu\\\/#organization\"},\"image\":{\"@id\":\"https:\\\/\\\/dorogimedence.hu\\\/index.php\\\/2022\\\/07\\\/05\\\/25-eve-tortent-bajnoki-cimet-nyert-es-az-nb-i-b-be-jutott-a-dorogi-se-noi-kezilabda-csapata\\\/#primaryimage\"},\"thumbnailUrl\":\"https:\\\/\\\/dorogimedence.hu\\\/wp-content\\\/uploads\\\/2022\\\/07\\\/cimlap-1.jpg\",\"keywords\":[\"Dorog\",\"k\u00e9zilabda\",\"sport\"],\"articleSection\":[\"Dorog\",\"H\u00edrek\",\"Kerek \u00e9vfordul\u00f3k\",\"Sport\"],\"inLanguage\":\"hu\"},{\"@type\":\"WebPage\",\"@id\":\"https:\\\/\\\/dorogimedence.hu\\\/index.php\\\/2022\\\/07\\\/05\\\/25-eve-tortent-bajnoki-cimet-nyert-es-az-nb-i-b-be-jutott-a-dorogi-se-noi-kezilabda-csapata\\\/\",\"url\":\"https:\\\/\\\/dorogimedence.hu\\\/index.php\\\/2022\\\/07\\\/05\\\/25-eve-tortent-bajnoki-cimet-nyert-es-az-nb-i-b-be-jutott-a-dorogi-se-noi-kezilabda-csapata\\\/\",\"name\":\"25 \u00e9ve t\u00f6rt\u00e9nt: Bajnoki c\u00edmet nyert \u00e9s az NB I\\\/B-be jutott a Dorogi SE n\u0151i k\u00e9zilabda csapata\",\"isPartOf\":{\"@id\":\"https:\\\/\\\/dorogimedence.hu\\\/#website\"},\"primaryImageOfPage\":{\"@id\":\"https:\\\/\\\/dorogimedence.hu\\\/index.php\\\/2022\\\/07\\\/05\\\/25-eve-tortent-bajnoki-cimet-nyert-es-az-nb-i-b-be-jutott-a-dorogi-se-noi-kezilabda-csapata\\\/#primaryimage\"},\"image\":{\"@id\":\"https:\\\/\\\/dorogimedence.hu\\\/index.php\\\/2022\\\/07\\\/05\\\/25-eve-tortent-bajnoki-cimet-nyert-es-az-nb-i-b-be-jutott-a-dorogi-se-noi-kezilabda-csapata\\\/#primaryimage\"},\"thumbnailUrl\":\"https:\\\/\\\/dorogimedence.hu\\\/wp-content\\\/uploads\\\/2022\\\/07\\\/cimlap-1.jpg\",\"datePublished\":\"2022-07-05T10:54:39+00:00\",\"dateModified\":\"2022-07-05T10:54:46+00:00\",\"breadcrumb\":{\"@id\":\"https:\\\/\\\/dorogimedence.hu\\\/index.php\\\/2022\\\/07\\\/05\\\/25-eve-tortent-bajnoki-cimet-nyert-es-az-nb-i-b-be-jutott-a-dorogi-se-noi-kezilabda-csapata\\\/#breadcrumb\"},\"inLanguage\":\"hu\",\"potentialAction\":[{\"@type\":\"ReadAction\",\"target\":[\"https:\\\/\\\/dorogimedence.hu\\\/index.php\\\/2022\\\/07\\\/05\\\/25-eve-tortent-bajnoki-cimet-nyert-es-az-nb-i-b-be-jutott-a-dorogi-se-noi-kezilabda-csapata\\\/\"]}]},{\"@type\":\"ImageObject\",\"inLanguage\":\"hu\",\"@id\":\"https:\\\/\\\/dorogimedence.hu\\\/index.php\\\/2022\\\/07\\\/05\\\/25-eve-tortent-bajnoki-cimet-nyert-es-az-nb-i-b-be-jutott-a-dorogi-se-noi-kezilabda-csapata\\\/#primaryimage\",\"url\":\"https:\\\/\\\/dorogimedence.hu\\\/wp-content\\\/uploads\\\/2022\\\/07\\\/cimlap-1.jpg\",\"contentUrl\":\"https:\\\/\\\/dorogimedence.hu\\\/wp-content\\\/uploads\\\/2022\\\/07\\\/cimlap-1.jpg\",\"width\":1418,\"height\":858},{\"@type\":\"BreadcrumbList\",\"@id\":\"https:\\\/\\\/dorogimedence.hu\\\/index.php\\\/2022\\\/07\\\/05\\\/25-eve-tortent-bajnoki-cimet-nyert-es-az-nb-i-b-be-jutott-a-dorogi-se-noi-kezilabda-csapata\\\/#breadcrumb\",\"itemListElement\":[{\"@type\":\"ListItem\",\"position\":1,\"name\":\"Kezd\u0151lap\",\"item\":\"https:\\\/\\\/dorogimedence.hu\\\/\"},{\"@type\":\"ListItem\",\"position\":2,\"name\":\"25 \u00e9ve t\u00f6rt\u00e9nt: Bajnoki c\u00edmet nyert \u00e9s az NB I\\\/B-be jutott a Dorogi SE n\u0151i k\u00e9zilabda csapata\"}]},{\"@type\":\"WebSite\",\"@id\":\"https:\\\/\\\/dorogimedence.hu\\\/#website\",\"url\":\"https:\\\/\\\/dorogimedence.hu\\\/\",\"name\":\"Dorogi-medence Region\u00e1lis H\u00edrport\u00e1l\",\"description\":\"Dorog, Keszt\u00f6lc, Le\u00e1nyv\u00e1r, Piliscs\u00e9v, Tokod, Tokodalt\u00e1r\u00f3, Csolnok, Esztergom-kertv\u00e1ros: h\u00edrek, programok\",\"publisher\":{\"@id\":\"https:\\\/\\\/dorogimedence.hu\\\/#organization\"},\"potentialAction\":[{\"@type\":\"SearchAction\",\"target\":{\"@type\":\"EntryPoint\",\"urlTemplate\":\"https:\\\/\\\/dorogimedence.hu\\\/?s={search_term_string}\"},\"query-input\":{\"@type\":\"PropertyValueSpecification\",\"valueRequired\":true,\"valueName\":\"search_term_string\"}}],\"inLanguage\":\"hu\"},{\"@type\":\"Organization\",\"@id\":\"https:\\\/\\\/dorogimedence.hu\\\/#organization\",\"name\":\"Dorogi-medence Region\u00e1lis H\u00edrport\u00e1l\",\"url\":\"https:\\\/\\\/dorogimedence.hu\\\/\",\"logo\":{\"@type\":\"ImageObject\",\"inLanguage\":\"hu\",\"@id\":\"https:\\\/\\\/dorogimedence.hu\\\/#\\\/schema\\\/logo\\\/image\\\/\",\"url\":\"https:\\\/\\\/dorogimedence.hu\\\/wp-content\\\/uploads\\\/2021\\\/04\\\/logo-feher-600.png\",\"contentUrl\":\"https:\\\/\\\/dorogimedence.hu\\\/wp-content\\\/uploads\\\/2021\\\/04\\\/logo-feher-600.png\",\"width\":600,\"height\":100,\"caption\":\"Dorogi-medence Region\u00e1lis H\u00edrport\u00e1l\"},\"image\":{\"@id\":\"https:\\\/\\\/dorogimedence.hu\\\/#\\\/schema\\\/logo\\\/image\\\/\"},\"sameAs\":[\"https:\\\/\\\/www.facebook.com\\\/dorogimedence\\\/\"]},{\"@type\":\"Person\",\"@id\":\"https:\\\/\\\/dorogimedence.hu\\\/#\\\/schema\\\/person\\\/76605e8151ec1b7376385cd184ede973\",\"name\":\"Szab\u00f3 Gyula\",\"image\":{\"@type\":\"ImageObject\",\"inLanguage\":\"hu\",\"@id\":\"\\\/\\\/www.gravatar.com\\\/avatar\\\/3e44b6fb2ef9bcea3639958cc2a587cb?s=96&#038;r=g&#038;d=mm\",\"url\":\"\\\/\\\/www.gravatar.com\\\/avatar\\\/3e44b6fb2ef9bcea3639958cc2a587cb?s=96&#038;r=g&#038;d=mm\",\"contentUrl\":\"\\\/\\\/www.gravatar.com\\\/avatar\\\/3e44b6fb2ef9bcea3639958cc2a587cb?s=96&#038;r=g&#038;d=mm\",\"caption\":\"Szab\u00f3 Gyula\"}}]}<\/script>\n<!-- \/ Yoast SEO plugin. -->","yoast_head_json":{"title":"25 \u00e9ve t\u00f6rt\u00e9nt: Bajnoki c\u00edmet nyert \u00e9s az NB I\/B-be jutott a Dorogi SE n\u0151i k\u00e9zilabda csapata","robots":{"index":"index","follow":"follow","max-snippet":"max-snippet:-1","max-image-preview":"max-image-preview:large","max-video-preview":"max-video-preview:-1"},"canonical":"https:\/\/dorogimedence.hu\/index.php\/2022\/07\/05\/25-eve-tortent-bajnoki-cimet-nyert-es-az-nb-i-b-be-jutott-a-dorogi-se-noi-kezilabda-csapata\/","og_locale":"hu_HU","og_type":"article","og_title":"25 \u00e9ve t\u00f6rt\u00e9nt: Bajnoki c\u00edmet nyert \u00e9s az NB I\/B-be jutott a Dorogi SE n\u0151i k\u00e9zilabda csapata","og_description":"Dorog labdar\u00fag\u00f3 csapat\u00e1nak sikere mellett 1997 nyara m\u00e9g egy hasonl\u00f3 f\u00e9nyes diadalt hozott. Nevezetesen, a helyi n\u0151i k\u00e9zilabda csapat is bajnoki c\u00edmet szerzett \u00e9s feljutott az NB I\/B-be, amely egyben a szakoszt\u00e1ly addigi t\u00f6rt\u00e9net\u00e9nek legnagyobb sikere volt. A dorogi k\u00e9zilabda sport sz\u00e9p eredm\u00e9nyekkel b\u00fcszk\u00e9lkedhetett a kor\u00e1bbiak sor\u00e1n, noha id\u0151k\u00f6z\u00f6nk\u00e9nt olykor k\u00eds\u00e9rt\u00e9k hull\u00e1mv\u00f6lgyek is. Az 1988-ban","og_url":"https:\/\/dorogimedence.hu\/index.php\/2022\/07\/05\/25-eve-tortent-bajnoki-cimet-nyert-es-az-nb-i-b-be-jutott-a-dorogi-se-noi-kezilabda-csapata\/","og_site_name":"Dorogi-medence Region\u00e1lis H\u00edrport\u00e1l","article_publisher":"https:\/\/www.facebook.com\/dorogimedence\/","article_published_time":"2022-07-05T10:54:39+00:00","article_modified_time":"2022-07-05T10:54:46+00:00","og_image":[{"width":1418,"height":858,"url":"https:\/\/i0.wp.com\/dorogimedence.hu\/wp-content\/uploads\/2022\/07\/cimlap-1.jpg?fit=1418%2C858&ssl=1","type":"image\/jpeg"}],"author":"Szab\u00f3 Gyula","twitter_card":"summary_large_image","twitter_misc":{"Szerz\u0151:":"Szab\u00f3 Gyula","Becs\u00fclt olvas\u00e1si id\u0151":"4 perc"},"schema":{"@context":"https:\/\/schema.org","@graph":[{"@type":"Article","@id":"https:\/\/dorogimedence.hu\/index.php\/2022\/07\/05\/25-eve-tortent-bajnoki-cimet-nyert-es-az-nb-i-b-be-jutott-a-dorogi-se-noi-kezilabda-csapata\/#article","isPartOf":{"@id":"https:\/\/dorogimedence.hu\/index.php\/2022\/07\/05\/25-eve-tortent-bajnoki-cimet-nyert-es-az-nb-i-b-be-jutott-a-dorogi-se-noi-kezilabda-csapata\/"},"author":{"name":"Szab\u00f3 Gyula","@id":"https:\/\/dorogimedence.hu\/#\/schema\/person\/76605e8151ec1b7376385cd184ede973"},"headline":"25 \u00e9ve t\u00f6rt\u00e9nt: Bajnoki c\u00edmet nyert \u00e9s az NB I\/B-be jutott a Dorogi SE n\u0151i k\u00e9zilabda csapata","datePublished":"2022-07-05T10:54:39+00:00","dateModified":"2022-07-05T10:54:46+00:00","mainEntityOfPage":{"@id":"https:\/\/dorogimedence.hu\/index.php\/2022\/07\/05\/25-eve-tortent-bajnoki-cimet-nyert-es-az-nb-i-b-be-jutott-a-dorogi-se-noi-kezilabda-csapata\/"},"wordCount":815,"publisher":{"@id":"https:\/\/dorogimedence.hu\/#organization"},"image":{"@id":"https:\/\/dorogimedence.hu\/index.php\/2022\/07\/05\/25-eve-tortent-bajnoki-cimet-nyert-es-az-nb-i-b-be-jutott-a-dorogi-se-noi-kezilabda-csapata\/#primaryimage"},"thumbnailUrl":"https:\/\/dorogimedence.hu\/wp-content\/uploads\/2022\/07\/cimlap-1.jpg","keywords":["Dorog","k\u00e9zilabda","sport"],"articleSection":["Dorog","H\u00edrek","Kerek \u00e9vfordul\u00f3k","Sport"],"inLanguage":"hu"},{"@type":"WebPage","@id":"https:\/\/dorogimedence.hu\/index.php\/2022\/07\/05\/25-eve-tortent-bajnoki-cimet-nyert-es-az-nb-i-b-be-jutott-a-dorogi-se-noi-kezilabda-csapata\/","url":"https:\/\/dorogimedence.hu\/index.php\/2022\/07\/05\/25-eve-tortent-bajnoki-cimet-nyert-es-az-nb-i-b-be-jutott-a-dorogi-se-noi-kezilabda-csapata\/","name":"25 \u00e9ve t\u00f6rt\u00e9nt: Bajnoki c\u00edmet nyert \u00e9s az NB I\/B-be jutott a Dorogi SE n\u0151i k\u00e9zilabda csapata","isPartOf":{"@id":"https:\/\/dorogimedence.hu\/#website"},"primaryImageOfPage":{"@id":"https:\/\/dorogimedence.hu\/index.php\/2022\/07\/05\/25-eve-tortent-bajnoki-cimet-nyert-es-az-nb-i-b-be-jutott-a-dorogi-se-noi-kezilabda-csapata\/#primaryimage"},"image":{"@id":"https:\/\/dorogimedence.hu\/index.php\/2022\/07\/05\/25-eve-tortent-bajnoki-cimet-nyert-es-az-nb-i-b-be-jutott-a-dorogi-se-noi-kezilabda-csapata\/#primaryimage"},"thumbnailUrl":"https:\/\/dorogimedence.hu\/wp-content\/uploads\/2022\/07\/cimlap-1.jpg","datePublished":"2022-07-05T10:54:39+00:00","dateModified":"2022-07-05T10:54:46+00:00","breadcrumb":{"@id":"https:\/\/dorogimedence.hu\/index.php\/2022\/07\/05\/25-eve-tortent-bajnoki-cimet-nyert-es-az-nb-i-b-be-jutott-a-dorogi-se-noi-kezilabda-csapata\/#breadcrumb"},"inLanguage":"hu","potentialAction":[{"@type":"ReadAction","target":["https:\/\/dorogimedence.hu\/index.php\/2022\/07\/05\/25-eve-tortent-bajnoki-cimet-nyert-es-az-nb-i-b-be-jutott-a-dorogi-se-noi-kezilabda-csapata\/"]}]},{"@type":"ImageObject","inLanguage":"hu","@id":"https:\/\/dorogimedence.hu\/index.php\/2022\/07\/05\/25-eve-tortent-bajnoki-cimet-nyert-es-az-nb-i-b-be-jutott-a-dorogi-se-noi-kezilabda-csapata\/#primaryimage","url":"https:\/\/dorogimedence.hu\/wp-content\/uploads\/2022\/07\/cimlap-1.jpg","contentUrl":"https:\/\/dorogimedence.hu\/wp-content\/uploads\/2022\/07\/cimlap-1.jpg","width":1418,"height":858},{"@type":"BreadcrumbList","@id":"https:\/\/dorogimedence.hu\/index.php\/2022\/07\/05\/25-eve-tortent-bajnoki-cimet-nyert-es-az-nb-i-b-be-jutott-a-dorogi-se-noi-kezilabda-csapata\/#breadcrumb","itemListElement":[{"@type":"ListItem","position":1,"name":"Kezd\u0151lap","item":"https:\/\/dorogimedence.hu\/"},{"@type":"ListItem","position":2,"name":"25 \u00e9ve t\u00f6rt\u00e9nt: Bajnoki c\u00edmet nyert \u00e9s az NB I\/B-be jutott a Dorogi SE n\u0151i k\u00e9zilabda csapata"}]},{"@type":"WebSite","@id":"https:\/\/dorogimedence.hu\/#website","url":"https:\/\/dorogimedence.hu\/","name":"Dorogi-medence Region\u00e1lis H\u00edrport\u00e1l","description":"Dorog, Keszt\u00f6lc, Le\u00e1nyv\u00e1r, Piliscs\u00e9v, Tokod, Tokodalt\u00e1r\u00f3, Csolnok, Esztergom-kertv\u00e1ros: h\u00edrek, programok","publisher":{"@id":"https:\/\/dorogimedence.hu\/#organization"},"potentialAction":[{"@type":"SearchAction","target":{"@type":"EntryPoint","urlTemplate":"https:\/\/dorogimedence.hu\/?s={search_term_string}"},"query-input":{"@type":"PropertyValueSpecification","valueRequired":true,"valueName":"search_term_string"}}],"inLanguage":"hu"},{"@type":"Organization","@id":"https:\/\/dorogimedence.hu\/#organization","name":"Dorogi-medence Region\u00e1lis H\u00edrport\u00e1l","url":"https:\/\/dorogimedence.hu\/","logo":{"@type":"ImageObject","inLanguage":"hu","@id":"https:\/\/dorogimedence.hu\/#\/schema\/logo\/image\/","url":"https:\/\/dorogimedence.hu\/wp-content\/uploads\/2021\/04\/logo-feher-600.png","contentUrl":"https:\/\/dorogimedence.hu\/wp-content\/uploads\/2021\/04\/logo-feher-600.png","width":600,"height":100,"caption":"Dorogi-medence Region\u00e1lis H\u00edrport\u00e1l"},"image":{"@id":"https:\/\/dorogimedence.hu\/#\/schema\/logo\/image\/"},"sameAs":["https:\/\/www.facebook.com\/dorogimedence\/"]},{"@type":"Person","@id":"https:\/\/dorogimedence.hu\/#\/schema\/person\/76605e8151ec1b7376385cd184ede973","name":"Szab\u00f3 Gyula","image":{"@type":"ImageObject","inLanguage":"hu","@id":"\/\/www.gravatar.com\/avatar\/3e44b6fb2ef9bcea3639958cc2a587cb?s=96&#038;r=g&#038;d=mm","url":"\/\/www.gravatar.com\/avatar\/3e44b6fb2ef9bcea3639958cc2a587cb?s=96&#038;r=g&#038;d=mm","contentUrl":"\/\/www.gravatar.com\/avatar\/3e44b6fb2ef9bcea3639958cc2a587cb?s=96&#038;r=g&#038;d=mm","caption":"Szab\u00f3 Gyula"}}]}},"_links":{"self":[{"href":"https:\/\/dorogimedence.hu\/index.php\/wp-json\/wp\/v2\/posts\/44330","targetHints":{"allow":["GET"]}}],"collection":[{"href":"https:\/\/dorogimedence.hu\/index.php\/wp-json\/wp\/v2\/posts"}],"about":[{"href":"https:\/\/dorogimedence.hu\/index.php\/wp-json\/wp\/v2\/types\/post"}],"author":[{"embeddable":true,"href":"https:\/\/dorogimedence.hu\/index.php\/wp-json\/wp\/v2\/users\/4"}],"replies":[{"embeddable":true,"href":"https:\/\/dorogimedence.hu\/index.php\/wp-json\/wp\/v2\/comments?post=44330"}],"version-history":[{"count":0,"href":"https:\/\/dorogimedence.hu\/index.php\/wp-json\/wp\/v2\/posts\/44330\/revisions"}],"wp:featuredmedia":[{"embeddable":true,"href":"https:\/\/dorogimedence.hu\/index.php\/wp-json\/wp\/v2\/media\/44399"}],"wp:attachment":[{"href":"https:\/\/dorogimedence.hu\/index.php\/wp-json\/wp\/v2\/media?parent=44330"}],"wp:term":[{"taxonomy":"category","embeddable":true,"href":"https:\/\/dorogimedence.hu\/index.php\/wp-json\/wp\/v2\/categories?post=44330"},{"taxonomy":"post_tag","embeddable":true,"href":"https:\/\/dorogimedence.hu\/index.php\/wp-json\/wp\/v2\/tags?post=44330"}],"curies":[{"name":"wp","href":"https:\/\/api.w.org\/{rel}","templated":true}]}}