{"id":44260,"date":"2022-06-30T10:39:34","date_gmt":"2022-06-30T08:39:34","guid":{"rendered":"https:\/\/dorogimedence.hu\/?p=44260"},"modified":"2022-06-30T10:39:45","modified_gmt":"2022-06-30T08:39:45","slug":"akadt-boven-dolguk-az-esztergomi-rendoroknek","status":"publish","type":"post","link":"https:\/\/dorogimedence.hu\/index.php\/2022\/06\/30\/akadt-boven-dolguk-az-esztergomi-rendoroknek\/","title":{"rendered":"Akadt b\u0151ven dolguk az esztergomi rend\u0151r\u00f6knek"},"content":{"rendered":"<p><strong>Az este folyam\u00e1n az esztergomi rend\u0151r\u00f6k t\u00f6bb int\u00e9zked\u00e9sn\u00e9l kiv\u00e1l\u00f3 helyt\u00e1ll\u00e1sukr\u00f3l tettek tan\u00fabizonys\u00e1got.<\/strong><\/p>\n<p>Az egyenruh\u00e1sok 2022. j\u00fanius 28-\u00e1n, kedden d\u00e9lel\u0151tt ellen\u0151rz\u00e9s al\u00e1 vontak egy 27 \u00e9ves helyi lakost, akir\u0151l kider\u00fclt, hogy az Esztergomi J\u00e1r\u00e1sb\u00edr\u00f3s\u00e1g a k\u00f6r\u00f6z\u00e9s\u00e9t rendelte el gar\u00e1zdas\u00e1g b\u0171ncselekm\u00e9ny elk\u00f6vet\u00e9se miatt. A k\u00f6r\u00f6z\u00f6tt szem\u00e9lyt a rend\u0151r\u00f6k elfogt\u00e1k \u00e9s el\u0151\u00e1ll\u00edtott\u00e1k a b\u00edr\u00f3s\u00e1gra.<\/p>\n<p>Fenti esem\u00e9nyt k\u00f6vet\u0151en a koll\u00e9g\u00e1k az esztergomi k\u00f3rh\u00e1z Pszichi\u00e1triai Oszt\u00e1ly\u00e1n is seg\u00e9dkeztek, mivel egy beteg nem volt hajland\u00f3 mag\u00e1t al\u00e1vetni a k\u00e9nyszergy\u00f3gykezel\u00e9snek, s\u0151t \u00e1ggyal egy\u00fctt kitolta mag\u00e1t a folyos\u00f3ra.<\/p>\n<p>A reggeli \u00f3r\u00e1kban harmadj\u00e1ra is megjelent egy 29 \u00e9ves f\u00e9rfi \u00e9lett\u00e1rs\u00e1val egy\u00fctt az Esztergomi Rend\u0151rkapit\u00e1nys\u00e1gon inform\u00e1ci\u00f3 k\u00e9r\u00e9s c\u00e9lj\u00e1b\u00f3l. A f\u00e9rfi mindegyik alkalommal teljes k\u00f6r\u0171 felvil\u00e1gos\u00edt\u00e1st kapott, azonban visszat\u00e9r\u00e9sei el\u0151tt egyre t\u00f6bb szeszes italt fogyasztott. Kider\u00fclt, hogy el\u0151tte val\u00f3 nap este a rend\u0151r\u00f6k int\u00e9zkedtek vele szemben gar\u00e1zda magatart\u00e1sa miatt. Az egyenruh\u00e1sok az ittas f\u00e9rfihez ment\u0151t h\u00edvtak, akik \u0151t k\u00f3rh\u00e1zba vitt\u00e9k.<\/p>\n<p>D\u00e9lut\u00e1n Esztergomban a Pozsonyi utc\u00e1ban igazoltattak egy n\u0151t a rend\u0151r\u00f6k, aki a szomsz\u00e9d telk\u00e9re enged\u00e9ly n\u00e9lk\u00fcl bement. A h\u00f6lgy elmondta, hogy csak a cigaretta csikkeket k\u00edv\u00e1nta \u00f6sszeszedni. Szem\u00e9lyazonos\u00edt\u00e1s\u00e1t k\u00f6vet\u0151en meg\u00e1llap\u00edtott\u00e1k, hogy ellene szab\u00e1lys\u00e9rt\u00e9si k\u00f6r\u00f6z\u00e9s van \u00e9rv\u00e9nyben, mivel a kor\u00e1bban kiszabott 10 ezer forintos b\u00edrs\u00e1got nem fizette meg.<\/p>\n<p>Az este folyam\u00e1n Esztergom, B\u00e1nfi Luk\u00e1cs utc\u00e1ban is megjelentek a rend\u0151r\u00f6k, mivel onnan ker\u00e9kp\u00e1rral t\u00f6rt\u00e9n\u0151 balesetr\u0151l \u00e9rkezett bejelent\u00e9s. A ker\u00e9kp\u00e1ros a helysz\u00ednen elmondta, hogy ker\u00e9kp\u00e1rj\u00e1t tolva elesett a meredek lejt\u0151n. Az \u00fattestr\u0151l a j\u00e1rd\u00e1ra k\u00edv\u00e1nt lejutni, elvesztette az egyens\u00faly\u00e1t. A j\u00e1rda el\u0151tt l\u00e9v\u0151 v\u00edzelvezet\u0151 csatorn\u00e1ban a ker\u00e9kp\u00e1rja els\u0151 kereke elakadt, \u00edgy azon \u00e1tfordulva a h\u00e1z fal\u00e1nak esett. Az 51 \u00e9ves f\u00e9rfi az es\u00e9st k\u00f6vet\u0151en s\u00falyos s\u00e9r\u00fcl\u00e9st szenvedett, r\u00e1ad\u00e1sul k\u00f6r\u00f6z\u00e9s volt elrendelve ellene, \u00edgy rend\u0151ri k\u00eds\u00e9rettel ker\u00fclt besz\u00e1ll\u00edt\u00e1sra a k\u00f3rh\u00e1zba.<\/p>\n<p>Szint\u00e9n ezen a napon a rend\u0151rs\u00e9gre az esti \u00f3r\u00e1kban \u00e9rkezett m\u00e9g egy bejelent\u00e9s, hogy egy szem\u00e9ly a ker\u00e9kp\u00e1rja mellett \u00fcl, felt\u00e9telezhet\u0151en megs\u00e9r\u00fclt. A rend\u0151r\u00f6k a helysz\u00ednre \u00e9rve meghallgatt\u00e1k a f\u00f6ld\u00f6n \u00fcl\u0151 szem\u00e9lyt, aki elmondta, hogy ittass\u00e1g\u00e1b\u00f3l kifoly\u00f3lag rosszul \u00e9rezte mag\u00e1t, \u00edgy meg\u00e1llt pihenni, azonban s\u00e9r\u00fcl\u00e9se nem keletkezett. A j\u00f3t akar\u00f3 bejelent\u0151 iratainak ellen\u0151rz\u00e9sekor azonban kider\u00fclt, hogy ellene szab\u00e1lys\u00e9rt\u00e9si k\u00f6r\u00f6z\u00e9s van \u00e9rv\u00e9nyben, mivel a t\u00f6rv\u00e9nyes hat\u00e1rid\u0151n bel\u00fcl nem fizette meg a kiszabott p\u00e9nzb\u00edrs\u00e1got. A seg\u00edt\u0151 sz\u00e1nd\u00e9k\u00fa helyi lakost a rend\u0151r\u00f6k elfogt\u00e1k, majd a p\u00e9nzb\u00edrs\u00e1g megfizet\u00e9se ut\u00e1n szabadon bocs\u00e1tott\u00e1k.<\/p>\n<p>2022. j\u00fanius 28-\u00e1n 23 \u00f3ra 57 perckor \u00e9rkezett a bejelent\u00e9s az esztergomi k\u00f3rh\u00e1zb\u00f3l, hogy egy s\u00e9r\u00fclt szem\u00e9ly enged\u00e9ly n\u00e9lk\u00fcl elt\u00e1vozott a k\u00f3rh\u00e1zb\u00f3l. K\u00f6z\u00f6lt\u00e9k azt is, hogy sz\u00fcks\u00e9ges a mihamarabbi felkutat\u00e1sa \u00e9s az eg\u00e9szs\u00e9g\u00fcgyi int\u00e9zm\u00e9nybe t\u00f6rt\u00e9n\u0151 visszasz\u00e1ll\u00edt\u00e1sa. Az esztergomi rend\u0151r\u00f6k \u00e1tkutatt\u00e1k a k\u00f3rh\u00e1z k\u00f6zvetlen k\u00f6rnyezet\u00e9t, majd 20 perc alatt a Kossuth Lajos utc\u00e1ban megtal\u00e1lt\u00e1k az orvosi ell\u00e1t\u00e1sra szorul\u00f3 f\u00e9rfit, akit ment\u0151 sz\u00e1ll\u00edtott vissza.<\/p>\n<p><em>Forr\u00e1s: police.hu<\/em><\/p>\n","protected":false},"excerpt":{"rendered":"<p>Az este folyam\u00e1n az esztergomi rend\u0151r\u00f6k t\u00f6bb int\u00e9zked\u00e9sn\u00e9l kiv\u00e1l\u00f3 helyt\u00e1ll\u00e1sukr\u00f3l tettek tan\u00fabizonys\u00e1got. Az egyenruh\u00e1sok 2022. j\u00fanius 28-\u00e1n, kedden d\u00e9lel\u0151tt ellen\u0151rz\u00e9s al\u00e1 vontak egy 27 \u00e9ves helyi lakost, akir\u0151l kider\u00fclt, hogy az Esztergomi J\u00e1r\u00e1sb\u00edr\u00f3s\u00e1g a k\u00f6r\u00f6z\u00e9s\u00e9t rendelte el gar\u00e1zdas\u00e1g b\u0171ncselekm\u00e9ny elk\u00f6vet\u00e9se miatt. A k\u00f6r\u00f6z\u00f6tt szem\u00e9lyt a rend\u0151r\u00f6k elfogt\u00e1k \u00e9s el\u0151\u00e1ll\u00edtott\u00e1k a b\u00edr\u00f3s\u00e1gra. Fenti esem\u00e9nyt k\u00f6vet\u0151en a<\/p>\n","protected":false},"author":1,"featured_media":25646,"comment_status":"closed","ping_status":"closed","sticky":false,"template":"","format":"standard","meta":{"ngg_post_thumbnail":0,"footnotes":""},"categories":[38,7,3,39],"tags":[42,169,61],"class_list":{"0":"post-44260","1":"post","2":"type-post","3":"status-publish","4":"format-standard","5":"has-post-thumbnail","7":"category-esztergom","8":"category-esztergom_kertvaros","9":"category-hirek","10":"category-kek-hirek","11":"tag-esztergom","12":"tag-esztergom-kertvaros","13":"tag-rendorsegi-hirek"},"yoast_head":"<!-- This site is optimized with the Yoast SEO plugin v27.5 - https:\/\/yoast.com\/product\/yoast-seo-wordpress\/ -->\n<title>Akadt b\u0151ven dolguk az esztergomi rend\u0151r\u00f6knek<\/title>\n<meta name=\"robots\" content=\"index, follow, max-snippet:-1, max-image-preview:large, max-video-preview:-1\" \/>\n<link rel=\"canonical\" href=\"https:\/\/dorogimedence.hu\/index.php\/2022\/06\/30\/akadt-boven-dolguk-az-esztergomi-rendoroknek\/\" class=\"yoast-seo-meta-tag\" \/>\n<meta property=\"og:locale\" content=\"hu_HU\" class=\"yoast-seo-meta-tag\" \/>\n<meta property=\"og:type\" content=\"article\" class=\"yoast-seo-meta-tag\" \/>\n<meta property=\"og:title\" content=\"Akadt b\u0151ven dolguk az esztergomi rend\u0151r\u00f6knek\" class=\"yoast-seo-meta-tag\" \/>\n<meta property=\"og:description\" content=\"Az este folyam\u00e1n az esztergomi rend\u0151r\u00f6k t\u00f6bb int\u00e9zked\u00e9sn\u00e9l kiv\u00e1l\u00f3 helyt\u00e1ll\u00e1sukr\u00f3l tettek tan\u00fabizonys\u00e1got. Az egyenruh\u00e1sok 2022. j\u00fanius 28-\u00e1n, kedden d\u00e9lel\u0151tt ellen\u0151rz\u00e9s al\u00e1 vontak egy 27 \u00e9ves helyi lakost, akir\u0151l kider\u00fclt, hogy az Esztergomi J\u00e1r\u00e1sb\u00edr\u00f3s\u00e1g a k\u00f6r\u00f6z\u00e9s\u00e9t rendelte el gar\u00e1zdas\u00e1g b\u0171ncselekm\u00e9ny elk\u00f6vet\u00e9se miatt. A k\u00f6r\u00f6z\u00f6tt szem\u00e9lyt a rend\u0151r\u00f6k elfogt\u00e1k \u00e9s el\u0151\u00e1ll\u00edtott\u00e1k a b\u00edr\u00f3s\u00e1gra. Fenti esem\u00e9nyt k\u00f6vet\u0151en a\" class=\"yoast-seo-meta-tag\" \/>\n<meta property=\"og:url\" content=\"https:\/\/dorogimedence.hu\/index.php\/2022\/06\/30\/akadt-boven-dolguk-az-esztergomi-rendoroknek\/\" class=\"yoast-seo-meta-tag\" \/>\n<meta property=\"og:site_name\" content=\"Dorogi-medence Region\u00e1lis H\u00edrport\u00e1l\" class=\"yoast-seo-meta-tag\" \/>\n<meta property=\"article:publisher\" content=\"https:\/\/www.facebook.com\/dorogimedence\/\" class=\"yoast-seo-meta-tag\" \/>\n<meta property=\"article:published_time\" content=\"2022-06-30T08:39:34+00:00\" class=\"yoast-seo-meta-tag\" \/>\n<meta property=\"article:modified_time\" content=\"2022-06-30T08:39:45+00:00\" class=\"yoast-seo-meta-tag\" \/>\n<meta property=\"og:image\" content=\"https:\/\/i0.wp.com\/dorogimedence.hu\/wp-content\/uploads\/2020\/06\/rendorauto.jpg?fit=830%2C450&ssl=1\" class=\"yoast-seo-meta-tag\" \/>\n\t<meta property=\"og:image:width\" content=\"830\" class=\"yoast-seo-meta-tag\" \/>\n\t<meta property=\"og:image:height\" content=\"450\" class=\"yoast-seo-meta-tag\" \/>\n\t<meta property=\"og:image:type\" content=\"image\/jpeg\" class=\"yoast-seo-meta-tag\" \/>\n<meta name=\"author\" content=\"dorogimedence.hu\" class=\"yoast-seo-meta-tag\" \/>\n<meta name=\"twitter:card\" content=\"summary_large_image\" class=\"yoast-seo-meta-tag\" \/>\n<meta name=\"twitter:label1\" content=\"Szerz\u0151:\" class=\"yoast-seo-meta-tag\" \/>\n\t<meta name=\"twitter:data1\" content=\"dorogimedence.hu\" class=\"yoast-seo-meta-tag\" \/>\n\t<meta name=\"twitter:label2\" content=\"Becs\u00fclt olvas\u00e1si id\u0151\" class=\"yoast-seo-meta-tag\" \/>\n\t<meta name=\"twitter:data2\" content=\"4 perc\" class=\"yoast-seo-meta-tag\" \/>\n<script type=\"application\/ld+json\" class=\"yoast-schema-graph\">{\"@context\":\"https:\\\/\\\/schema.org\",\"@graph\":[{\"@type\":\"Article\",\"@id\":\"https:\\\/\\\/dorogimedence.hu\\\/index.php\\\/2022\\\/06\\\/30\\\/akadt-boven-dolguk-az-esztergomi-rendoroknek\\\/#article\",\"isPartOf\":{\"@id\":\"https:\\\/\\\/dorogimedence.hu\\\/index.php\\\/2022\\\/06\\\/30\\\/akadt-boven-dolguk-az-esztergomi-rendoroknek\\\/\"},\"author\":{\"name\":\"dorogimedence.hu\",\"@id\":\"https:\\\/\\\/dorogimedence.hu\\\/#\\\/schema\\\/person\\\/ce6091eeb7e95ecdc87890d6aa8e0fd4\"},\"headline\":\"Akadt b\u0151ven dolguk az esztergomi rend\u0151r\u00f6knek\",\"datePublished\":\"2022-06-30T08:39:34+00:00\",\"dateModified\":\"2022-06-30T08:39:45+00:00\",\"mainEntityOfPage\":{\"@id\":\"https:\\\/\\\/dorogimedence.hu\\\/index.php\\\/2022\\\/06\\\/30\\\/akadt-boven-dolguk-az-esztergomi-rendoroknek\\\/\"},\"wordCount\":725,\"publisher\":{\"@id\":\"https:\\\/\\\/dorogimedence.hu\\\/#organization\"},\"image\":{\"@id\":\"https:\\\/\\\/dorogimedence.hu\\\/index.php\\\/2022\\\/06\\\/30\\\/akadt-boven-dolguk-az-esztergomi-rendoroknek\\\/#primaryimage\"},\"thumbnailUrl\":\"https:\\\/\\\/dorogimedence.hu\\\/wp-content\\\/uploads\\\/2020\\\/06\\\/rendorauto.jpg\",\"keywords\":[\"esztergom\",\"Esztergom-kertv\u00e1ros\",\"rend\u0151rs\u00e9gi h\u00edrek\"],\"articleSection\":[\"Esztergom\",\"Esztergom-kertv\u00e1ros\",\"H\u00edrek\",\"K\u00e9k h\u00edrek\"],\"inLanguage\":\"hu\"},{\"@type\":\"WebPage\",\"@id\":\"https:\\\/\\\/dorogimedence.hu\\\/index.php\\\/2022\\\/06\\\/30\\\/akadt-boven-dolguk-az-esztergomi-rendoroknek\\\/\",\"url\":\"https:\\\/\\\/dorogimedence.hu\\\/index.php\\\/2022\\\/06\\\/30\\\/akadt-boven-dolguk-az-esztergomi-rendoroknek\\\/\",\"name\":\"Akadt b\u0151ven dolguk az esztergomi rend\u0151r\u00f6knek\",\"isPartOf\":{\"@id\":\"https:\\\/\\\/dorogimedence.hu\\\/#website\"},\"primaryImageOfPage\":{\"@id\":\"https:\\\/\\\/dorogimedence.hu\\\/index.php\\\/2022\\\/06\\\/30\\\/akadt-boven-dolguk-az-esztergomi-rendoroknek\\\/#primaryimage\"},\"image\":{\"@id\":\"https:\\\/\\\/dorogimedence.hu\\\/index.php\\\/2022\\\/06\\\/30\\\/akadt-boven-dolguk-az-esztergomi-rendoroknek\\\/#primaryimage\"},\"thumbnailUrl\":\"https:\\\/\\\/dorogimedence.hu\\\/wp-content\\\/uploads\\\/2020\\\/06\\\/rendorauto.jpg\",\"datePublished\":\"2022-06-30T08:39:34+00:00\",\"dateModified\":\"2022-06-30T08:39:45+00:00\",\"breadcrumb\":{\"@id\":\"https:\\\/\\\/dorogimedence.hu\\\/index.php\\\/2022\\\/06\\\/30\\\/akadt-boven-dolguk-az-esztergomi-rendoroknek\\\/#breadcrumb\"},\"inLanguage\":\"hu\",\"potentialAction\":[{\"@type\":\"ReadAction\",\"target\":[\"https:\\\/\\\/dorogimedence.hu\\\/index.php\\\/2022\\\/06\\\/30\\\/akadt-boven-dolguk-az-esztergomi-rendoroknek\\\/\"]}]},{\"@type\":\"ImageObject\",\"inLanguage\":\"hu\",\"@id\":\"https:\\\/\\\/dorogimedence.hu\\\/index.php\\\/2022\\\/06\\\/30\\\/akadt-boven-dolguk-az-esztergomi-rendoroknek\\\/#primaryimage\",\"url\":\"https:\\\/\\\/dorogimedence.hu\\\/wp-content\\\/uploads\\\/2020\\\/06\\\/rendorauto.jpg\",\"contentUrl\":\"https:\\\/\\\/dorogimedence.hu\\\/wp-content\\\/uploads\\\/2020\\\/06\\\/rendorauto.jpg\",\"width\":830,\"height\":450},{\"@type\":\"BreadcrumbList\",\"@id\":\"https:\\\/\\\/dorogimedence.hu\\\/index.php\\\/2022\\\/06\\\/30\\\/akadt-boven-dolguk-az-esztergomi-rendoroknek\\\/#breadcrumb\",\"itemListElement\":[{\"@type\":\"ListItem\",\"position\":1,\"name\":\"Kezd\u0151lap\",\"item\":\"https:\\\/\\\/dorogimedence.hu\\\/\"},{\"@type\":\"ListItem\",\"position\":2,\"name\":\"Akadt b\u0151ven dolguk az esztergomi rend\u0151r\u00f6knek\"}]},{\"@type\":\"WebSite\",\"@id\":\"https:\\\/\\\/dorogimedence.hu\\\/#website\",\"url\":\"https:\\\/\\\/dorogimedence.hu\\\/\",\"name\":\"Dorogi-medence Region\u00e1lis H\u00edrport\u00e1l\",\"description\":\"Dorog, Keszt\u00f6lc, Le\u00e1nyv\u00e1r, Piliscs\u00e9v, Tokod, Tokodalt\u00e1r\u00f3, Csolnok, Esztergom-kertv\u00e1ros: h\u00edrek, programok\",\"publisher\":{\"@id\":\"https:\\\/\\\/dorogimedence.hu\\\/#organization\"},\"potentialAction\":[{\"@type\":\"SearchAction\",\"target\":{\"@type\":\"EntryPoint\",\"urlTemplate\":\"https:\\\/\\\/dorogimedence.hu\\\/?s={search_term_string}\"},\"query-input\":{\"@type\":\"PropertyValueSpecification\",\"valueRequired\":true,\"valueName\":\"search_term_string\"}}],\"inLanguage\":\"hu\"},{\"@type\":\"Organization\",\"@id\":\"https:\\\/\\\/dorogimedence.hu\\\/#organization\",\"name\":\"Dorogi-medence Region\u00e1lis H\u00edrport\u00e1l\",\"url\":\"https:\\\/\\\/dorogimedence.hu\\\/\",\"logo\":{\"@type\":\"ImageObject\",\"inLanguage\":\"hu\",\"@id\":\"https:\\\/\\\/dorogimedence.hu\\\/#\\\/schema\\\/logo\\\/image\\\/\",\"url\":\"https:\\\/\\\/dorogimedence.hu\\\/wp-content\\\/uploads\\\/2021\\\/04\\\/logo-feher-600.png\",\"contentUrl\":\"https:\\\/\\\/dorogimedence.hu\\\/wp-content\\\/uploads\\\/2021\\\/04\\\/logo-feher-600.png\",\"width\":600,\"height\":100,\"caption\":\"Dorogi-medence Region\u00e1lis H\u00edrport\u00e1l\"},\"image\":{\"@id\":\"https:\\\/\\\/dorogimedence.hu\\\/#\\\/schema\\\/logo\\\/image\\\/\"},\"sameAs\":[\"https:\\\/\\\/www.facebook.com\\\/dorogimedence\\\/\"]},{\"@type\":\"Person\",\"@id\":\"https:\\\/\\\/dorogimedence.hu\\\/#\\\/schema\\\/person\\\/ce6091eeb7e95ecdc87890d6aa8e0fd4\",\"name\":\"dorogimedence.hu\",\"image\":{\"@type\":\"ImageObject\",\"inLanguage\":\"hu\",\"@id\":\"\\\/\\\/www.gravatar.com\\\/avatar\\\/d8d45f8901aadff40a4af72c0b826f1d?s=96&#038;r=g&#038;d=mm\",\"url\":\"\\\/\\\/www.gravatar.com\\\/avatar\\\/d8d45f8901aadff40a4af72c0b826f1d?s=96&#038;r=g&#038;d=mm\",\"contentUrl\":\"\\\/\\\/www.gravatar.com\\\/avatar\\\/d8d45f8901aadff40a4af72c0b826f1d?s=96&#038;r=g&#038;d=mm\",\"caption\":\"dorogimedence.hu\"}}]}<\/script>\n<!-- \/ Yoast SEO plugin. -->","yoast_head_json":{"title":"Akadt b\u0151ven dolguk az esztergomi rend\u0151r\u00f6knek","robots":{"index":"index","follow":"follow","max-snippet":"max-snippet:-1","max-image-preview":"max-image-preview:large","max-video-preview":"max-video-preview:-1"},"canonical":"https:\/\/dorogimedence.hu\/index.php\/2022\/06\/30\/akadt-boven-dolguk-az-esztergomi-rendoroknek\/","og_locale":"hu_HU","og_type":"article","og_title":"Akadt b\u0151ven dolguk az esztergomi rend\u0151r\u00f6knek","og_description":"Az este folyam\u00e1n az esztergomi rend\u0151r\u00f6k t\u00f6bb int\u00e9zked\u00e9sn\u00e9l kiv\u00e1l\u00f3 helyt\u00e1ll\u00e1sukr\u00f3l tettek tan\u00fabizonys\u00e1got. Az egyenruh\u00e1sok 2022. j\u00fanius 28-\u00e1n, kedden d\u00e9lel\u0151tt ellen\u0151rz\u00e9s al\u00e1 vontak egy 27 \u00e9ves helyi lakost, akir\u0151l kider\u00fclt, hogy az Esztergomi J\u00e1r\u00e1sb\u00edr\u00f3s\u00e1g a k\u00f6r\u00f6z\u00e9s\u00e9t rendelte el gar\u00e1zdas\u00e1g b\u0171ncselekm\u00e9ny elk\u00f6vet\u00e9se miatt. A k\u00f6r\u00f6z\u00f6tt szem\u00e9lyt a rend\u0151r\u00f6k elfogt\u00e1k \u00e9s el\u0151\u00e1ll\u00edtott\u00e1k a b\u00edr\u00f3s\u00e1gra. Fenti esem\u00e9nyt k\u00f6vet\u0151en a","og_url":"https:\/\/dorogimedence.hu\/index.php\/2022\/06\/30\/akadt-boven-dolguk-az-esztergomi-rendoroknek\/","og_site_name":"Dorogi-medence Region\u00e1lis H\u00edrport\u00e1l","article_publisher":"https:\/\/www.facebook.com\/dorogimedence\/","article_published_time":"2022-06-30T08:39:34+00:00","article_modified_time":"2022-06-30T08:39:45+00:00","og_image":[{"width":830,"height":450,"url":"https:\/\/i0.wp.com\/dorogimedence.hu\/wp-content\/uploads\/2020\/06\/rendorauto.jpg?fit=830%2C450&ssl=1","type":"image\/jpeg"}],"author":"dorogimedence.hu","twitter_card":"summary_large_image","twitter_misc":{"Szerz\u0151:":"dorogimedence.hu","Becs\u00fclt olvas\u00e1si id\u0151":"4 perc"},"schema":{"@context":"https:\/\/schema.org","@graph":[{"@type":"Article","@id":"https:\/\/dorogimedence.hu\/index.php\/2022\/06\/30\/akadt-boven-dolguk-az-esztergomi-rendoroknek\/#article","isPartOf":{"@id":"https:\/\/dorogimedence.hu\/index.php\/2022\/06\/30\/akadt-boven-dolguk-az-esztergomi-rendoroknek\/"},"author":{"name":"dorogimedence.hu","@id":"https:\/\/dorogimedence.hu\/#\/schema\/person\/ce6091eeb7e95ecdc87890d6aa8e0fd4"},"headline":"Akadt b\u0151ven dolguk az esztergomi rend\u0151r\u00f6knek","datePublished":"2022-06-30T08:39:34+00:00","dateModified":"2022-06-30T08:39:45+00:00","mainEntityOfPage":{"@id":"https:\/\/dorogimedence.hu\/index.php\/2022\/06\/30\/akadt-boven-dolguk-az-esztergomi-rendoroknek\/"},"wordCount":725,"publisher":{"@id":"https:\/\/dorogimedence.hu\/#organization"},"image":{"@id":"https:\/\/dorogimedence.hu\/index.php\/2022\/06\/30\/akadt-boven-dolguk-az-esztergomi-rendoroknek\/#primaryimage"},"thumbnailUrl":"https:\/\/dorogimedence.hu\/wp-content\/uploads\/2020\/06\/rendorauto.jpg","keywords":["esztergom","Esztergom-kertv\u00e1ros","rend\u0151rs\u00e9gi h\u00edrek"],"articleSection":["Esztergom","Esztergom-kertv\u00e1ros","H\u00edrek","K\u00e9k h\u00edrek"],"inLanguage":"hu"},{"@type":"WebPage","@id":"https:\/\/dorogimedence.hu\/index.php\/2022\/06\/30\/akadt-boven-dolguk-az-esztergomi-rendoroknek\/","url":"https:\/\/dorogimedence.hu\/index.php\/2022\/06\/30\/akadt-boven-dolguk-az-esztergomi-rendoroknek\/","name":"Akadt b\u0151ven dolguk az esztergomi rend\u0151r\u00f6knek","isPartOf":{"@id":"https:\/\/dorogimedence.hu\/#website"},"primaryImageOfPage":{"@id":"https:\/\/dorogimedence.hu\/index.php\/2022\/06\/30\/akadt-boven-dolguk-az-esztergomi-rendoroknek\/#primaryimage"},"image":{"@id":"https:\/\/dorogimedence.hu\/index.php\/2022\/06\/30\/akadt-boven-dolguk-az-esztergomi-rendoroknek\/#primaryimage"},"thumbnailUrl":"https:\/\/dorogimedence.hu\/wp-content\/uploads\/2020\/06\/rendorauto.jpg","datePublished":"2022-06-30T08:39:34+00:00","dateModified":"2022-06-30T08:39:45+00:00","breadcrumb":{"@id":"https:\/\/dorogimedence.hu\/index.php\/2022\/06\/30\/akadt-boven-dolguk-az-esztergomi-rendoroknek\/#breadcrumb"},"inLanguage":"hu","potentialAction":[{"@type":"ReadAction","target":["https:\/\/dorogimedence.hu\/index.php\/2022\/06\/30\/akadt-boven-dolguk-az-esztergomi-rendoroknek\/"]}]},{"@type":"ImageObject","inLanguage":"hu","@id":"https:\/\/dorogimedence.hu\/index.php\/2022\/06\/30\/akadt-boven-dolguk-az-esztergomi-rendoroknek\/#primaryimage","url":"https:\/\/dorogimedence.hu\/wp-content\/uploads\/2020\/06\/rendorauto.jpg","contentUrl":"https:\/\/dorogimedence.hu\/wp-content\/uploads\/2020\/06\/rendorauto.jpg","width":830,"height":450},{"@type":"BreadcrumbList","@id":"https:\/\/dorogimedence.hu\/index.php\/2022\/06\/30\/akadt-boven-dolguk-az-esztergomi-rendoroknek\/#breadcrumb","itemListElement":[{"@type":"ListItem","position":1,"name":"Kezd\u0151lap","item":"https:\/\/dorogimedence.hu\/"},{"@type":"ListItem","position":2,"name":"Akadt b\u0151ven dolguk az esztergomi rend\u0151r\u00f6knek"}]},{"@type":"WebSite","@id":"https:\/\/dorogimedence.hu\/#website","url":"https:\/\/dorogimedence.hu\/","name":"Dorogi-medence Region\u00e1lis H\u00edrport\u00e1l","description":"Dorog, Keszt\u00f6lc, Le\u00e1nyv\u00e1r, Piliscs\u00e9v, Tokod, Tokodalt\u00e1r\u00f3, Csolnok, Esztergom-kertv\u00e1ros: h\u00edrek, programok","publisher":{"@id":"https:\/\/dorogimedence.hu\/#organization"},"potentialAction":[{"@type":"SearchAction","target":{"@type":"EntryPoint","urlTemplate":"https:\/\/dorogimedence.hu\/?s={search_term_string}"},"query-input":{"@type":"PropertyValueSpecification","valueRequired":true,"valueName":"search_term_string"}}],"inLanguage":"hu"},{"@type":"Organization","@id":"https:\/\/dorogimedence.hu\/#organization","name":"Dorogi-medence Region\u00e1lis H\u00edrport\u00e1l","url":"https:\/\/dorogimedence.hu\/","logo":{"@type":"ImageObject","inLanguage":"hu","@id":"https:\/\/dorogimedence.hu\/#\/schema\/logo\/image\/","url":"https:\/\/dorogimedence.hu\/wp-content\/uploads\/2021\/04\/logo-feher-600.png","contentUrl":"https:\/\/dorogimedence.hu\/wp-content\/uploads\/2021\/04\/logo-feher-600.png","width":600,"height":100,"caption":"Dorogi-medence Region\u00e1lis H\u00edrport\u00e1l"},"image":{"@id":"https:\/\/dorogimedence.hu\/#\/schema\/logo\/image\/"},"sameAs":["https:\/\/www.facebook.com\/dorogimedence\/"]},{"@type":"Person","@id":"https:\/\/dorogimedence.hu\/#\/schema\/person\/ce6091eeb7e95ecdc87890d6aa8e0fd4","name":"dorogimedence.hu","image":{"@type":"ImageObject","inLanguage":"hu","@id":"\/\/www.gravatar.com\/avatar\/d8d45f8901aadff40a4af72c0b826f1d?s=96&#038;r=g&#038;d=mm","url":"\/\/www.gravatar.com\/avatar\/d8d45f8901aadff40a4af72c0b826f1d?s=96&#038;r=g&#038;d=mm","contentUrl":"\/\/www.gravatar.com\/avatar\/d8d45f8901aadff40a4af72c0b826f1d?s=96&#038;r=g&#038;d=mm","caption":"dorogimedence.hu"}}]}},"_links":{"self":[{"href":"https:\/\/dorogimedence.hu\/index.php\/wp-json\/wp\/v2\/posts\/44260","targetHints":{"allow":["GET"]}}],"collection":[{"href":"https:\/\/dorogimedence.hu\/index.php\/wp-json\/wp\/v2\/posts"}],"about":[{"href":"https:\/\/dorogimedence.hu\/index.php\/wp-json\/wp\/v2\/types\/post"}],"author":[{"embeddable":true,"href":"https:\/\/dorogimedence.hu\/index.php\/wp-json\/wp\/v2\/users\/1"}],"replies":[{"embeddable":true,"href":"https:\/\/dorogimedence.hu\/index.php\/wp-json\/wp\/v2\/comments?post=44260"}],"version-history":[{"count":0,"href":"https:\/\/dorogimedence.hu\/index.php\/wp-json\/wp\/v2\/posts\/44260\/revisions"}],"wp:featuredmedia":[{"embeddable":true,"href":"https:\/\/dorogimedence.hu\/index.php\/wp-json\/wp\/v2\/media\/25646"}],"wp:attachment":[{"href":"https:\/\/dorogimedence.hu\/index.php\/wp-json\/wp\/v2\/media?parent=44260"}],"wp:term":[{"taxonomy":"category","embeddable":true,"href":"https:\/\/dorogimedence.hu\/index.php\/wp-json\/wp\/v2\/categories?post=44260"},{"taxonomy":"post_tag","embeddable":true,"href":"https:\/\/dorogimedence.hu\/index.php\/wp-json\/wp\/v2\/tags?post=44260"}],"curies":[{"name":"wp","href":"https:\/\/api.w.org\/{rel}","templated":true}]}}