{"id":44178,"date":"2022-06-27T14:10:21","date_gmt":"2022-06-27T12:10:21","guid":{"rendered":"https:\/\/dorogimedence.hu\/?p=44178"},"modified":"2022-06-27T14:10:36","modified_gmt":"2022-06-27T12:10:36","slug":"elethu-mufenyo-igen-sokkal-szebbek-mint-regen","status":"publish","type":"post","link":"https:\/\/dorogimedence.hu\/index.php\/2022\/06\/27\/elethu-mufenyo-igen-sokkal-szebbek-mint-regen\/","title":{"rendered":"\u00c9leth\u0171 m\u0171feny\u0151? Igen, sokkal szebbek, mint r\u00e9gen"},"content":{"rendered":"<p><strong>A m\u0171feny\u0151b\u0151l v\u00e1lasztott kar\u00e1csonyf\u00e1knak sz\u00e1mos el\u0151ny\u00fck van az \u00e9l\u0151 f\u00e1kkal szemben. Kezdve azzal a t\u00e9nnyel, hogy a beszerz\u00e9s\u00e9hez nem sz\u00fcks\u00e9ges \u00e9l\u0151 fa kiv\u00e1g\u00e1sa, \u00e1gainak fura k\u00f6rbeteker\u00e9se \u00e9s neh\u00e9zkes hazasz\u00e1ll\u00edt\u00e1sa. De val\u00f3j\u00e1ban milyen m\u0171feny\u0151k k\u00f6z\u00fcl v\u00e1laszthatunk manaps\u00e1g? \u00d6ssze\u00e1ll\u00edtottuk a legfontosabb okokat, amelyek alapj\u00e1n a mostani m\u0171feny\u0151k jelentik a legjobb v\u00e1laszt\u00e1st az \u00fcnnepi szezonban!<\/strong><\/p>\n<h2>M\u00faltunk kezdetleges m\u0171feny\u0151i<\/h2>\n<p>Eml\u00e9ksz\u00fcnk m\u00e9g a nagyn\u00e9ni poros, csenev\u00e9sz, 10 \u00e9ves, fura s\u00f6t\u00e9tz\u00f6ld m\u0171f\u00e1j\u00e1ra, ami \u00fagy n\u00e9zett ki, mintha egy m\u00e1sik \u00e9vezredb\u0151l maradt volna r\u00e1nk? R\u00e9gen \u00e1gank\u00e9nt kellett \u00f6sszerakni a f\u00e1t, ami olykor kicsit szerte\u00e1gaz\u00f3 lett \u00e9s egy\u00e1ltal\u00e1n nem volt \u00e9leth\u0171 a form\u00e1ja. Gondolom mindenkinek vannak ilyen sz\u00f6rny\u0171 m\u0171anyag f\u00e1s kar\u00e1csonyi eml\u00e9kei. Ez a mai vil\u00e1gban m\u00e1r megengedhetetlen!<\/p>\n<h2>A modern, <a href=\"https:\/\/karacsonyfavilag.hu\/termekkategoria\/3d-mufenyo\/full-3d-mufenyo\/\" target=\"_blank\" rel=\"dofollow noopener\"><span style=\"text-decoration: underline; color: #0000ff;\">\u00e9leth\u0171 m\u0171feny\u0151<\/span><\/a><\/h2>\n<p>A m\u0171feny\u0151k \u00e1ltal\u00e1ban kompakt kartondobozban \u00e9rkeznek, amely k\u00f6nnyen elf\u00e9r az aut\u00f3ban, vagy a legt\u00f6bb kar\u00e1csonyi webshopb\u00f3l ak\u00e1r k\u00f6zvetlen\u00fcl h\u00e1zhoz is sz\u00e1ll\u00edtj\u00e1k. A modern, 21. sz\u00e1zadi, karacsonyfavilag.hu webshopon \u00e9rt\u00e9kes\u00edtett m\u0171feny\u0151k a r\u00e9giekkel ellent\u00e9tben k\u00f6nnyen fel\u00e1ll\u00edthat\u00f3k, mert szinte egy mozdulattal eserny\u0151szer\u0171en kinyithat\u00f3k. Sokkal jobb anyagb\u00f3l k\u00e9sz\u00fclnek \u00e9s val\u00f3di feny\u0151kr\u0151l mint\u00e1zt\u00e1k \u0151ket. A FULL 3D m\u0171feny\u0151 kiviteln\u00e9l pedig k\u00f6zelr\u0151l sem mondhat\u00f3 meg, hogy a f\u00e1k nem igaziak. A m\u00e9g nagyobb k\u00e9nyelem \u00e9rdek\u00e9ben v\u00e1laszthat f\u00e9nyf\u00fcz\u00e9rrel, vagy LED-ekkel ell\u00e1tott f\u00e1t. Ezzel a kar\u00e1csonyi dekor\u00e1l\u00e1s legid\u0151ig\u00e9nyesebb r\u00e9sz\u00e9t, az \u00e9g\u0151sor felhelyez\u00e9s\u00e9t sp\u00f3rolhatja meg. K\u00f6vetkezzen helyette az izgalmas r\u00e9sz, k\u00fcl\u00f6nf\u00e9le kedvenc d\u00edszek, szaloncukor, saj\u00e1t k\u00e9sz\u00edt\u00e9s\u0171 dekor\u00e1ci\u00f3k felaggat\u00e1sa a f\u00e1ra.<\/p>\n<p>\u00dagy t\u0171nhet, hogy egy m\u0171feny\u0151 t\u00f6bbe ker\u00fcl, mint egy val\u00f3di fa, azonban csak akkor, ha mind\u00f6ssze egy \u00e9vben vizsg\u00e1lja meg a k\u00f6lts\u00e9geit. Egy olyan m\u0171feny\u0151, mint ami n\u00e1lunk is kaphat\u00f3, k\u00f6nnyed\u00e9n kitart t\u00f6bb t\u00edz \u00e9vig, m\u00edg egy kiv\u00e1gott fa k\u00e9t-h\u00e1rom h\u00e9t eltelt\u00e9vel a szem\u00e9tben v\u00e9gzi. Ennek ment\u00e9n csup\u00e1n n\u00e9h\u00e1ny \u00e9vre van sz\u00fcks\u00e9ge ahhoz, hogy a befektet\u00e9se megt\u00e9r\u00fclj\u00f6n. Tov\u00e1bb\u00e1 m\u0171feny\u0151inkhez \u00e1llv\u00e1ny vagy v\u00e1laszt\u00e1sa szerint LED vil\u00e1g\u00edt\u00e1s is tartozik. Ez\u00e9rt ezeket sem kell k\u00fcl\u00f6n megvenni, p\u00e9nzt kiadni \u00e9rt\u00fck, hogy azt\u00e1n sok helyet elfoglalva k\u00fcl\u00f6n kelljen t\u00e1rolni \u0151ket. A m\u0171feny\u0151k helyes t\u00e1rol\u00e1sa nagyon egyszer\u0171. A r\u00e9gi m\u0171feny\u0151kkel szemben a mai modern t\u00e1rsaik m\u00e1r nem esnek sz\u00e9t, nem borul\u00e9konyak. Ugyan\u00edgy formatart\u00e1suk is sokat fejl\u0151d\u00f6tt az \u00e9vek sor\u00e1n, m\u00e1r nem kell att\u00f3l tartani, hogy a dobozban t\u00e1rol\u00e1s ut\u00e1n ne pomp\u00e1zn\u00e1nak eredeti f\u00e9ny\u00fckben.<\/p>\n<p>Az \u00e9l\u0151 feny\u0151f\u00e1kat a term\u00e9szet szabja meg, ez\u00e9rt korl\u00e1tozott m\u00e9retben, form\u00e1ban \u00e9s sz\u00ednben kaphat\u00f3k. A m\u0171feny\u0151k ezzel szemben manaps\u00e1g m\u00e1r sokf\u00e9le sz\u00ednben, form\u00e1ban, m\u00e9retben \u00e9s st\u00edlusban kaphat\u00f3k, biztos\u00edtva, hogy mindenki megtal\u00e1lja az \u00edzl\u00e9s\u00e9nek megfelel\u0151t. Ez sokszoros v\u00e1laszt\u00e1si lehet\u0151s\u00e9get jelenet kor\u00e1bbi m\u0171feny\u0151k k\u00edn\u00e1lat\u00e1hoz k\u00e9pest. Ma m\u00e1r v\u00e1laszthatunk ak\u00e1r h\u00f3f\u00f6dte, <a href=\"https:\/\/karacsonyfavilag.hu\/termekkategoria\/feher-havas-mufenyok\/\" target=\"_blank\" rel=\"dofollow noopener\"><span style=\"text-decoration: underline; color: #0000ff;\">feh\u00e9r m\u0171feny\u0151<\/span><\/a>, fagyos, <a href=\"https:\/\/karacsonyfavilag.hu\/termekkategoria\/kismeretu-mufenyo-60cm-110cm\/\" target=\"_blank\" rel=\"dofollow noopener\"><span style=\"text-decoration: underline; color: #0000ff;\">mini m\u0171feny\u0151<\/span><\/a> vagy sz\u0171k t\u00e9rre tervezett extra keskeny verzi\u00f3kat is. Ezenk\u00edv\u00fcl a m\u0171feny\u0151 fajt\u00e1j\u00e1nak megfelel\u0151n k\u00e9sz\u00fclhetnek bel\u0151le koszor\u00fak vagy girlandok is, amelyek seg\u00edtenek az \u00f6sszehangolt kar\u00e1csonyi megjelen\u00e9s kialak\u00edt\u00e1s\u00e1ban az otthon\u00e1ban.<\/p>\n<p>A legszebb kar\u00e1csonyi dekor\u00e1ci\u00f3 a <a href=\"https:\/\/karacsonyfavilag.hu\/termekkategoria\/adventi-koszoruk\/\" target=\"_blank\" rel=\"dofollow noopener\"><span style=\"text-decoration: underline; color: #0000ff;\">kar\u00e1csonyi koszor\u00fa<\/span><\/a> elk\u00e9sz\u00edt\u00e9s\u00e9hez adventi koszor\u00fat, <a href=\"https:\/\/karacsonyfavilag.hu\/termekkategoria\/karacsonyi-girlandok\/\" target=\"_blank\" rel=\"dofollow noopener\"><span style=\"text-decoration: underline; color: #0000ff;\">feny\u0151 girland<\/span><\/a>okat, \u00e9s LED-es f\u00e9nyf\u00fcz\u00e9rt is tal\u00e1l web\u00e1ruh\u00e1zunkban.<\/p>\n<h3>Egy\u00e9b szempontok: t\u0171z\u00e1ll\u00f3s\u00e1g, tart\u00f3ss\u00e1g<\/h3>\n<p>Nem utols\u00f3 szempont egy h\u00e1ztart\u00e1sban a biztons\u00e1g. A r\u00e9gi m\u0171feny\u0151k a h\u0151t termel\u0151 kar\u00e1csonyi \u00e9g\u0151sorokkal p\u00e1ros\u00edtva komoly t\u0171zvesz\u00e9lyt jelenthetnek. Ezzel szemben n\u00e1lunk minden feny\u0151fa \u2013 legyen az a legapr\u00f3bb, vagy a legextravag\u00e1nsabb hatalmas fa, nem gy\u00fal\u00e9kony anyagb\u00f3l k\u00e9sz\u00fclt, \u00edgy sokkal biztons\u00e1gosabb \u00d6n \u00e9s a csal\u00e1dja sz\u00e1m\u00e1ra. Emellett feny\u0151f\u00e1ink stabil talppal vannak ell\u00e1tva, \u00edgy nem jelentenek vesz\u00e9lyt gyerekekre, h\u00e1zi\u00e1llatokra sem.<\/p>\n<p>Kar\u00e1csonykor a csal\u00e1d \u00e9s a meghitt egy\u00fcttl\u00e9t az, ami igaz\u00e1n a fontos. Mi\u00e9rt vesztegetne h\u00e1t t\u00f6bb id\u0151t a kar\u00e1csonyfaj\u00e1ra ann\u00e1l, mint hogy el\u0151vegye minden \u00e9vben a m\u00e1r kiv\u00e1lasztott, beszerzett \u00e9s j\u00f3l bev\u00e1lt m\u0171feny\u0151j\u00e9t? Modern, korszer\u0171, minden ig\u00e9nyt kiel\u00e9g\u00edt\u0151 m\u0171feny\u0151inkkel egy\u00e9rtelm\u0171en csak j\u00f3l j\u00e1rhat, csapjon le kedvenc\u00e9re miel\u0151bb! Seg\u00edt\u00fcnk v\u00e1lasztani!<\/p>\n","protected":false},"excerpt":{"rendered":"<p>A m\u0171feny\u0151b\u0151l v\u00e1lasztott kar\u00e1csonyf\u00e1knak sz\u00e1mos el\u0151ny\u00fck van az \u00e9l\u0151 f\u00e1kkal szemben. Kezdve azzal a t\u00e9nnyel, hogy a beszerz\u00e9s\u00e9hez nem sz\u00fcks\u00e9ges \u00e9l\u0151 fa kiv\u00e1g\u00e1sa, \u00e1gainak fura k\u00f6rbeteker\u00e9se \u00e9s neh\u00e9zkes hazasz\u00e1ll\u00edt\u00e1sa. De val\u00f3j\u00e1ban milyen m\u0171feny\u0151k k\u00f6z\u00fcl v\u00e1laszthatunk manaps\u00e1g? \u00d6ssze\u00e1ll\u00edtottuk a legfontosabb okokat, amelyek alapj\u00e1n a mostani m\u0171feny\u0151k jelentik a legjobb v\u00e1laszt\u00e1st az \u00fcnnepi szezonban! M\u00faltunk kezdetleges m\u0171feny\u0151i<\/p>\n","protected":false},"author":1,"featured_media":0,"comment_status":"closed","ping_status":"closed","sticky":false,"template":"","format":"standard","meta":{"ngg_post_thumbnail":0,"footnotes":""},"categories":[3],"tags":[4533,1787,2035,6538],"class_list":{"0":"post-44178","1":"post","2":"type-post","3":"status-publish","4":"format-standard","6":"category-hirek","7":"tag-fenyofa","8":"tag-karacsony","9":"tag-karacsonyfa","10":"tag-mufenyo"},"yoast_head":"<!-- This site is optimized with the Yoast SEO plugin v27.4 - https:\/\/yoast.com\/product\/yoast-seo-wordpress\/ -->\n<title>\u00c9leth\u0171 m\u0171feny\u0151? Igen, sokkal szebbek, mint r\u00e9gen<\/title>\n<meta name=\"robots\" content=\"index, follow, max-snippet:-1, max-image-preview:large, max-video-preview:-1\" \/>\n<link rel=\"canonical\" href=\"https:\/\/dorogimedence.hu\/index.php\/2022\/06\/27\/elethu-mufenyo-igen-sokkal-szebbek-mint-regen\/\" class=\"yoast-seo-meta-tag\" \/>\n<meta property=\"og:locale\" content=\"hu_HU\" class=\"yoast-seo-meta-tag\" \/>\n<meta property=\"og:type\" content=\"article\" class=\"yoast-seo-meta-tag\" \/>\n<meta property=\"og:title\" content=\"\u00c9leth\u0171 m\u0171feny\u0151? Igen, sokkal szebbek, mint r\u00e9gen\" class=\"yoast-seo-meta-tag\" \/>\n<meta property=\"og:description\" content=\"A m\u0171feny\u0151b\u0151l v\u00e1lasztott kar\u00e1csonyf\u00e1knak sz\u00e1mos el\u0151ny\u00fck van az \u00e9l\u0151 f\u00e1kkal szemben. Kezdve azzal a t\u00e9nnyel, hogy a beszerz\u00e9s\u00e9hez nem sz\u00fcks\u00e9ges \u00e9l\u0151 fa kiv\u00e1g\u00e1sa, \u00e1gainak fura k\u00f6rbeteker\u00e9se \u00e9s neh\u00e9zkes hazasz\u00e1ll\u00edt\u00e1sa. De val\u00f3j\u00e1ban milyen m\u0171feny\u0151k k\u00f6z\u00fcl v\u00e1laszthatunk manaps\u00e1g? \u00d6ssze\u00e1ll\u00edtottuk a legfontosabb okokat, amelyek alapj\u00e1n a mostani m\u0171feny\u0151k jelentik a legjobb v\u00e1laszt\u00e1st az \u00fcnnepi szezonban! M\u00faltunk kezdetleges m\u0171feny\u0151i\" class=\"yoast-seo-meta-tag\" \/>\n<meta property=\"og:url\" content=\"https:\/\/dorogimedence.hu\/index.php\/2022\/06\/27\/elethu-mufenyo-igen-sokkal-szebbek-mint-regen\/\" class=\"yoast-seo-meta-tag\" \/>\n<meta property=\"og:site_name\" content=\"Dorogi-medence Region\u00e1lis H\u00edrport\u00e1l\" class=\"yoast-seo-meta-tag\" \/>\n<meta property=\"article:publisher\" content=\"https:\/\/www.facebook.com\/dorogimedence\/\" class=\"yoast-seo-meta-tag\" \/>\n<meta property=\"article:published_time\" content=\"2022-06-27T12:10:21+00:00\" class=\"yoast-seo-meta-tag\" \/>\n<meta property=\"article:modified_time\" content=\"2022-06-27T12:10:36+00:00\" class=\"yoast-seo-meta-tag\" \/>\n<meta property=\"og:image\" content=\"https:\/\/i0.wp.com\/dorogimedence.hu\/wp-content\/uploads\/2022\/06\/fmv5dexkgjs6hhm.jpg?fit=1920%2C1280&ssl=1\" class=\"yoast-seo-meta-tag\" \/>\n\t<meta property=\"og:image:width\" content=\"1920\" class=\"yoast-seo-meta-tag\" \/>\n\t<meta property=\"og:image:height\" content=\"1280\" class=\"yoast-seo-meta-tag\" \/>\n\t<meta property=\"og:image:type\" content=\"image\/jpeg\" class=\"yoast-seo-meta-tag\" \/>\n<meta name=\"author\" content=\"dorogimedence.hu\" class=\"yoast-seo-meta-tag\" \/>\n<meta name=\"twitter:card\" content=\"summary_large_image\" class=\"yoast-seo-meta-tag\" \/>\n<meta name=\"twitter:label1\" content=\"Szerz\u0151:\" class=\"yoast-seo-meta-tag\" \/>\n\t<meta name=\"twitter:data1\" content=\"dorogimedence.hu\" class=\"yoast-seo-meta-tag\" \/>\n\t<meta name=\"twitter:label2\" content=\"Becs\u00fclt olvas\u00e1si id\u0151\" class=\"yoast-seo-meta-tag\" \/>\n\t<meta name=\"twitter:data2\" content=\"5 perc\" class=\"yoast-seo-meta-tag\" \/>\n<script type=\"application\/ld+json\" class=\"yoast-schema-graph\">{\"@context\":\"https:\\\/\\\/schema.org\",\"@graph\":[{\"@type\":\"Article\",\"@id\":\"https:\\\/\\\/dorogimedence.hu\\\/index.php\\\/2022\\\/06\\\/27\\\/elethu-mufenyo-igen-sokkal-szebbek-mint-regen\\\/#article\",\"isPartOf\":{\"@id\":\"https:\\\/\\\/dorogimedence.hu\\\/index.php\\\/2022\\\/06\\\/27\\\/elethu-mufenyo-igen-sokkal-szebbek-mint-regen\\\/\"},\"author\":{\"name\":\"dorogimedence.hu\",\"@id\":\"https:\\\/\\\/dorogimedence.hu\\\/#\\\/schema\\\/person\\\/ce6091eeb7e95ecdc87890d6aa8e0fd4\"},\"headline\":\"\u00c9leth\u0171 m\u0171feny\u0151? Igen, sokkal szebbek, mint r\u00e9gen\",\"datePublished\":\"2022-06-27T12:10:21+00:00\",\"dateModified\":\"2022-06-27T12:10:36+00:00\",\"mainEntityOfPage\":{\"@id\":\"https:\\\/\\\/dorogimedence.hu\\\/index.php\\\/2022\\\/06\\\/27\\\/elethu-mufenyo-igen-sokkal-szebbek-mint-regen\\\/\"},\"wordCount\":935,\"publisher\":{\"@id\":\"https:\\\/\\\/dorogimedence.hu\\\/#organization\"},\"keywords\":[\"feny\u0151fa\",\"kar\u00e1csony\",\"kar\u00e1csonyfa\",\"m\u0171feny\u0151\"],\"articleSection\":[\"H\u00edrek\"],\"inLanguage\":\"hu\"},{\"@type\":\"WebPage\",\"@id\":\"https:\\\/\\\/dorogimedence.hu\\\/index.php\\\/2022\\\/06\\\/27\\\/elethu-mufenyo-igen-sokkal-szebbek-mint-regen\\\/\",\"url\":\"https:\\\/\\\/dorogimedence.hu\\\/index.php\\\/2022\\\/06\\\/27\\\/elethu-mufenyo-igen-sokkal-szebbek-mint-regen\\\/\",\"name\":\"\u00c9leth\u0171 m\u0171feny\u0151? Igen, sokkal szebbek, mint r\u00e9gen\",\"isPartOf\":{\"@id\":\"https:\\\/\\\/dorogimedence.hu\\\/#website\"},\"datePublished\":\"2022-06-27T12:10:21+00:00\",\"dateModified\":\"2022-06-27T12:10:36+00:00\",\"breadcrumb\":{\"@id\":\"https:\\\/\\\/dorogimedence.hu\\\/index.php\\\/2022\\\/06\\\/27\\\/elethu-mufenyo-igen-sokkal-szebbek-mint-regen\\\/#breadcrumb\"},\"inLanguage\":\"hu\",\"potentialAction\":[{\"@type\":\"ReadAction\",\"target\":[\"https:\\\/\\\/dorogimedence.hu\\\/index.php\\\/2022\\\/06\\\/27\\\/elethu-mufenyo-igen-sokkal-szebbek-mint-regen\\\/\"]}]},{\"@type\":\"BreadcrumbList\",\"@id\":\"https:\\\/\\\/dorogimedence.hu\\\/index.php\\\/2022\\\/06\\\/27\\\/elethu-mufenyo-igen-sokkal-szebbek-mint-regen\\\/#breadcrumb\",\"itemListElement\":[{\"@type\":\"ListItem\",\"position\":1,\"name\":\"Kezd\u0151lap\",\"item\":\"https:\\\/\\\/dorogimedence.hu\\\/\"},{\"@type\":\"ListItem\",\"position\":2,\"name\":\"\u00c9leth\u0171 m\u0171feny\u0151? Igen, sokkal szebbek, mint r\u00e9gen\"}]},{\"@type\":\"WebSite\",\"@id\":\"https:\\\/\\\/dorogimedence.hu\\\/#website\",\"url\":\"https:\\\/\\\/dorogimedence.hu\\\/\",\"name\":\"Dorogi-medence Region\u00e1lis H\u00edrport\u00e1l\",\"description\":\"Dorog, Keszt\u00f6lc, Le\u00e1nyv\u00e1r, Piliscs\u00e9v, Tokod, Tokodalt\u00e1r\u00f3, Csolnok, Esztergom-kertv\u00e1ros: h\u00edrek, programok\",\"publisher\":{\"@id\":\"https:\\\/\\\/dorogimedence.hu\\\/#organization\"},\"potentialAction\":[{\"@type\":\"SearchAction\",\"target\":{\"@type\":\"EntryPoint\",\"urlTemplate\":\"https:\\\/\\\/dorogimedence.hu\\\/?s={search_term_string}\"},\"query-input\":{\"@type\":\"PropertyValueSpecification\",\"valueRequired\":true,\"valueName\":\"search_term_string\"}}],\"inLanguage\":\"hu\"},{\"@type\":\"Organization\",\"@id\":\"https:\\\/\\\/dorogimedence.hu\\\/#organization\",\"name\":\"Dorogi-medence Region\u00e1lis H\u00edrport\u00e1l\",\"url\":\"https:\\\/\\\/dorogimedence.hu\\\/\",\"logo\":{\"@type\":\"ImageObject\",\"inLanguage\":\"hu\",\"@id\":\"https:\\\/\\\/dorogimedence.hu\\\/#\\\/schema\\\/logo\\\/image\\\/\",\"url\":\"https:\\\/\\\/dorogimedence.hu\\\/wp-content\\\/uploads\\\/2021\\\/04\\\/logo-feher-600.png\",\"contentUrl\":\"https:\\\/\\\/dorogimedence.hu\\\/wp-content\\\/uploads\\\/2021\\\/04\\\/logo-feher-600.png\",\"width\":600,\"height\":100,\"caption\":\"Dorogi-medence Region\u00e1lis H\u00edrport\u00e1l\"},\"image\":{\"@id\":\"https:\\\/\\\/dorogimedence.hu\\\/#\\\/schema\\\/logo\\\/image\\\/\"},\"sameAs\":[\"https:\\\/\\\/www.facebook.com\\\/dorogimedence\\\/\"]},{\"@type\":\"Person\",\"@id\":\"https:\\\/\\\/dorogimedence.hu\\\/#\\\/schema\\\/person\\\/ce6091eeb7e95ecdc87890d6aa8e0fd4\",\"name\":\"dorogimedence.hu\",\"image\":{\"@type\":\"ImageObject\",\"inLanguage\":\"hu\",\"@id\":\"\\\/\\\/www.gravatar.com\\\/avatar\\\/d8d45f8901aadff40a4af72c0b826f1d?s=96&#038;r=g&#038;d=mm\",\"url\":\"\\\/\\\/www.gravatar.com\\\/avatar\\\/d8d45f8901aadff40a4af72c0b826f1d?s=96&#038;r=g&#038;d=mm\",\"contentUrl\":\"\\\/\\\/www.gravatar.com\\\/avatar\\\/d8d45f8901aadff40a4af72c0b826f1d?s=96&#038;r=g&#038;d=mm\",\"caption\":\"dorogimedence.hu\"}}]}<\/script>\n<!-- \/ Yoast SEO plugin. -->","yoast_head_json":{"title":"\u00c9leth\u0171 m\u0171feny\u0151? Igen, sokkal szebbek, mint r\u00e9gen","robots":{"index":"index","follow":"follow","max-snippet":"max-snippet:-1","max-image-preview":"max-image-preview:large","max-video-preview":"max-video-preview:-1"},"canonical":"https:\/\/dorogimedence.hu\/index.php\/2022\/06\/27\/elethu-mufenyo-igen-sokkal-szebbek-mint-regen\/","og_locale":"hu_HU","og_type":"article","og_title":"\u00c9leth\u0171 m\u0171feny\u0151? Igen, sokkal szebbek, mint r\u00e9gen","og_description":"A m\u0171feny\u0151b\u0151l v\u00e1lasztott kar\u00e1csonyf\u00e1knak sz\u00e1mos el\u0151ny\u00fck van az \u00e9l\u0151 f\u00e1kkal szemben. Kezdve azzal a t\u00e9nnyel, hogy a beszerz\u00e9s\u00e9hez nem sz\u00fcks\u00e9ges \u00e9l\u0151 fa kiv\u00e1g\u00e1sa, \u00e1gainak fura k\u00f6rbeteker\u00e9se \u00e9s neh\u00e9zkes hazasz\u00e1ll\u00edt\u00e1sa. De val\u00f3j\u00e1ban milyen m\u0171feny\u0151k k\u00f6z\u00fcl v\u00e1laszthatunk manaps\u00e1g? \u00d6ssze\u00e1ll\u00edtottuk a legfontosabb okokat, amelyek alapj\u00e1n a mostani m\u0171feny\u0151k jelentik a legjobb v\u00e1laszt\u00e1st az \u00fcnnepi szezonban! M\u00faltunk kezdetleges m\u0171feny\u0151i","og_url":"https:\/\/dorogimedence.hu\/index.php\/2022\/06\/27\/elethu-mufenyo-igen-sokkal-szebbek-mint-regen\/","og_site_name":"Dorogi-medence Region\u00e1lis H\u00edrport\u00e1l","article_publisher":"https:\/\/www.facebook.com\/dorogimedence\/","article_published_time":"2022-06-27T12:10:21+00:00","article_modified_time":"2022-06-27T12:10:36+00:00","og_image":[{"width":1920,"height":1280,"url":"https:\/\/i0.wp.com\/dorogimedence.hu\/wp-content\/uploads\/2022\/06\/fmv5dexkgjs6hhm.jpg?fit=1920%2C1280&ssl=1","type":"image\/jpeg"}],"author":"dorogimedence.hu","twitter_card":"summary_large_image","twitter_misc":{"Szerz\u0151:":"dorogimedence.hu","Becs\u00fclt olvas\u00e1si id\u0151":"5 perc"},"schema":{"@context":"https:\/\/schema.org","@graph":[{"@type":"Article","@id":"https:\/\/dorogimedence.hu\/index.php\/2022\/06\/27\/elethu-mufenyo-igen-sokkal-szebbek-mint-regen\/#article","isPartOf":{"@id":"https:\/\/dorogimedence.hu\/index.php\/2022\/06\/27\/elethu-mufenyo-igen-sokkal-szebbek-mint-regen\/"},"author":{"name":"dorogimedence.hu","@id":"https:\/\/dorogimedence.hu\/#\/schema\/person\/ce6091eeb7e95ecdc87890d6aa8e0fd4"},"headline":"\u00c9leth\u0171 m\u0171feny\u0151? Igen, sokkal szebbek, mint r\u00e9gen","datePublished":"2022-06-27T12:10:21+00:00","dateModified":"2022-06-27T12:10:36+00:00","mainEntityOfPage":{"@id":"https:\/\/dorogimedence.hu\/index.php\/2022\/06\/27\/elethu-mufenyo-igen-sokkal-szebbek-mint-regen\/"},"wordCount":935,"publisher":{"@id":"https:\/\/dorogimedence.hu\/#organization"},"keywords":["feny\u0151fa","kar\u00e1csony","kar\u00e1csonyfa","m\u0171feny\u0151"],"articleSection":["H\u00edrek"],"inLanguage":"hu"},{"@type":"WebPage","@id":"https:\/\/dorogimedence.hu\/index.php\/2022\/06\/27\/elethu-mufenyo-igen-sokkal-szebbek-mint-regen\/","url":"https:\/\/dorogimedence.hu\/index.php\/2022\/06\/27\/elethu-mufenyo-igen-sokkal-szebbek-mint-regen\/","name":"\u00c9leth\u0171 m\u0171feny\u0151? Igen, sokkal szebbek, mint r\u00e9gen","isPartOf":{"@id":"https:\/\/dorogimedence.hu\/#website"},"datePublished":"2022-06-27T12:10:21+00:00","dateModified":"2022-06-27T12:10:36+00:00","breadcrumb":{"@id":"https:\/\/dorogimedence.hu\/index.php\/2022\/06\/27\/elethu-mufenyo-igen-sokkal-szebbek-mint-regen\/#breadcrumb"},"inLanguage":"hu","potentialAction":[{"@type":"ReadAction","target":["https:\/\/dorogimedence.hu\/index.php\/2022\/06\/27\/elethu-mufenyo-igen-sokkal-szebbek-mint-regen\/"]}]},{"@type":"BreadcrumbList","@id":"https:\/\/dorogimedence.hu\/index.php\/2022\/06\/27\/elethu-mufenyo-igen-sokkal-szebbek-mint-regen\/#breadcrumb","itemListElement":[{"@type":"ListItem","position":1,"name":"Kezd\u0151lap","item":"https:\/\/dorogimedence.hu\/"},{"@type":"ListItem","position":2,"name":"\u00c9leth\u0171 m\u0171feny\u0151? Igen, sokkal szebbek, mint r\u00e9gen"}]},{"@type":"WebSite","@id":"https:\/\/dorogimedence.hu\/#website","url":"https:\/\/dorogimedence.hu\/","name":"Dorogi-medence Region\u00e1lis H\u00edrport\u00e1l","description":"Dorog, Keszt\u00f6lc, Le\u00e1nyv\u00e1r, Piliscs\u00e9v, Tokod, Tokodalt\u00e1r\u00f3, Csolnok, Esztergom-kertv\u00e1ros: h\u00edrek, programok","publisher":{"@id":"https:\/\/dorogimedence.hu\/#organization"},"potentialAction":[{"@type":"SearchAction","target":{"@type":"EntryPoint","urlTemplate":"https:\/\/dorogimedence.hu\/?s={search_term_string}"},"query-input":{"@type":"PropertyValueSpecification","valueRequired":true,"valueName":"search_term_string"}}],"inLanguage":"hu"},{"@type":"Organization","@id":"https:\/\/dorogimedence.hu\/#organization","name":"Dorogi-medence Region\u00e1lis H\u00edrport\u00e1l","url":"https:\/\/dorogimedence.hu\/","logo":{"@type":"ImageObject","inLanguage":"hu","@id":"https:\/\/dorogimedence.hu\/#\/schema\/logo\/image\/","url":"https:\/\/dorogimedence.hu\/wp-content\/uploads\/2021\/04\/logo-feher-600.png","contentUrl":"https:\/\/dorogimedence.hu\/wp-content\/uploads\/2021\/04\/logo-feher-600.png","width":600,"height":100,"caption":"Dorogi-medence Region\u00e1lis H\u00edrport\u00e1l"},"image":{"@id":"https:\/\/dorogimedence.hu\/#\/schema\/logo\/image\/"},"sameAs":["https:\/\/www.facebook.com\/dorogimedence\/"]},{"@type":"Person","@id":"https:\/\/dorogimedence.hu\/#\/schema\/person\/ce6091eeb7e95ecdc87890d6aa8e0fd4","name":"dorogimedence.hu","image":{"@type":"ImageObject","inLanguage":"hu","@id":"\/\/www.gravatar.com\/avatar\/d8d45f8901aadff40a4af72c0b826f1d?s=96&#038;r=g&#038;d=mm","url":"\/\/www.gravatar.com\/avatar\/d8d45f8901aadff40a4af72c0b826f1d?s=96&#038;r=g&#038;d=mm","contentUrl":"\/\/www.gravatar.com\/avatar\/d8d45f8901aadff40a4af72c0b826f1d?s=96&#038;r=g&#038;d=mm","caption":"dorogimedence.hu"}}]}},"_links":{"self":[{"href":"https:\/\/dorogimedence.hu\/index.php\/wp-json\/wp\/v2\/posts\/44178","targetHints":{"allow":["GET"]}}],"collection":[{"href":"https:\/\/dorogimedence.hu\/index.php\/wp-json\/wp\/v2\/posts"}],"about":[{"href":"https:\/\/dorogimedence.hu\/index.php\/wp-json\/wp\/v2\/types\/post"}],"author":[{"embeddable":true,"href":"https:\/\/dorogimedence.hu\/index.php\/wp-json\/wp\/v2\/users\/1"}],"replies":[{"embeddable":true,"href":"https:\/\/dorogimedence.hu\/index.php\/wp-json\/wp\/v2\/comments?post=44178"}],"version-history":[{"count":0,"href":"https:\/\/dorogimedence.hu\/index.php\/wp-json\/wp\/v2\/posts\/44178\/revisions"}],"wp:attachment":[{"href":"https:\/\/dorogimedence.hu\/index.php\/wp-json\/wp\/v2\/media?parent=44178"}],"wp:term":[{"taxonomy":"category","embeddable":true,"href":"https:\/\/dorogimedence.hu\/index.php\/wp-json\/wp\/v2\/categories?post=44178"},{"taxonomy":"post_tag","embeddable":true,"href":"https:\/\/dorogimedence.hu\/index.php\/wp-json\/wp\/v2\/tags?post=44178"}],"curies":[{"name":"wp","href":"https:\/\/api.w.org\/{rel}","templated":true}]}}