{"id":44066,"date":"2022-06-25T09:51:08","date_gmt":"2022-06-25T07:51:08","guid":{"rendered":"https:\/\/dorogimedence.hu\/?p=44066"},"modified":"2022-06-25T09:51:34","modified_gmt":"2022-06-25T07:51:34","slug":"atadtak-a-dorogi-bringapalyat","status":"publish","type":"post","link":"https:\/\/dorogimedence.hu\/index.php\/2022\/06\/25\/atadtak-a-dorogi-bringapalyat\/","title":{"rendered":"\u00c1tadt\u00e1k a dorogi bringap\u00e1ly\u00e1t"},"content":{"rendered":"<p><strong>J\u00fanius 24-\u00e9n, p\u00e9nteken d\u00e9lut\u00e1n \u00e1tadt\u00e1k a 185 m\u00e9ter hossz\u00fa pumpap\u00e1ly\u00e1t a dorogi intermod\u00e1lis csom\u00f3pontn\u00e1l, amely mellett a tervek szerint egy McDonald\u2019s \u00e9tterem kap majd helyet.<\/strong><\/p>\n<p>Az elm\u00falt \u00e9vek tudatos v\u00e1rosfejleszt\u00e9si koncepci\u00f3j\u00e1t k\u00f6vetve \u00faj v\u00e1rosr\u00e9sz fejl\u0151d\u00e9s\u00e9nek lehet\u00fcnk tan\u00fai, a v\u00e1ros k\u00f6zleked\u00e9si csom\u00f3pontj\u00e1ban, Dorog k\u00f6zep\u00e9n. Az orsz\u00e1gosan is egyed\u00fcl\u00e1ll\u00f3 intermod\u00e1lis csom\u00f3pont kialak\u00edt\u00e1s\u00e1t k\u00f6vet\u0151en k\u00e9sz\u00fclt el az extr\u00e9m bringap\u00e1lya.<\/p>\n<p><img fetchpriority=\"high\" decoding=\"async\" class=\"alignnone size-large wp-image-44071\" src=\"https:\/\/dorogimedence.hu\/wp-content\/uploads\/2022\/06\/bringapalya-05-1024x683.jpg\" alt=\"\" width=\"755\" height=\"504\" srcset=\"https:\/\/dorogimedence.hu\/wp-content\/uploads\/2022\/06\/bringapalya-05-1024x683.jpg 1024w, https:\/\/dorogimedence.hu\/wp-content\/uploads\/2022\/06\/bringapalya-05-300x200.jpg 300w, https:\/\/dorogimedence.hu\/wp-content\/uploads\/2022\/06\/bringapalya-05-768x512.jpg 768w, https:\/\/dorogimedence.hu\/wp-content\/uploads\/2022\/06\/bringapalya-05-1536x1024.jpg 1536w, https:\/\/dorogimedence.hu\/wp-content\/uploads\/2022\/06\/bringapalya-05-150x100.jpg 150w, https:\/\/dorogimedence.hu\/wp-content\/uploads\/2022\/06\/bringapalya-05-450x300.jpg 450w, https:\/\/dorogimedence.hu\/wp-content\/uploads\/2022\/06\/bringapalya-05-1200x800.jpg 1200w, https:\/\/dorogimedence.hu\/wp-content\/uploads\/2022\/06\/bringapalya-05-272x182.jpg 272w, https:\/\/dorogimedence.hu\/wp-content\/uploads\/2022\/06\/bringapalya-05.jpg 1920w\" sizes=\"(max-width: 755px) 100vw, 755px\" \/><\/p>\n<p>A 185 m\u00e9ter hossz\u00fa, hull\u00e1moztatott p\u00e1lyatest mellett t\u00e9rk\u00f6ves j\u00e1rd\u00e1kat k\u00e9sz\u00edtettek, padokat \u00e9s napelemes vil\u00e1g\u00edt\u00f3rendszert \u00e9p\u00edtettek ki a ter\u00fcleten, illetve a r\u00e9zs\u00fck be\u00fcltet\u00e9se is megt\u00f6rt\u00e9nt. A fejleszt\u00e9s csaknem 60 milli\u00f3 Ft-b\u00f3l, Magyarorsz\u00e1g Korm\u00e1nya t\u00e1mogat\u00e1s\u00e1val, az Akt\u00edv Magyarorsz\u00e1g Program r\u00e9szek\u00e9nt, \u00f6nkorm\u00e1nyzati \u00f6nr\u00e9sszel kieg\u00e9sz\u00edtve val\u00f3sult meg az extr\u00e9m sport kedvel\u0151inek legnagyobb \u00f6r\u00f6m\u00e9re.<\/p>\n<p>Az \u00e1tad\u00f3 \u00fcnneps\u00e9gen Er\u0151s G\u00e1bor, t\u00e9rs\u00e9g\u00fcnk orsz\u00e1ggy\u0171l\u00e9si k\u00e9pvisel\u0151je elmondta, hogy mennyire fontos a gyerekek, fiatalok sz\u00e1m\u00e1ra a sport, amely ez\u00fattal \u00faj, k\u00fcl\u00f6nleges teret kapott a vas\u00fat\u00e1llom\u00e1s \u00e9s a focip\u00e1lya mellett. \u201eEz az extr\u00e9m p\u00e1lya \u2013 Esztergom \u00e9s Tarj\u00e1n ut\u00e1n \u2013 imm\u00e1r a harmadik a t\u00e9rs\u00e9gben\u201d \u2013 jegyezte meg.<\/p>\n<p><img decoding=\"async\" class=\"alignnone size-large wp-image-44068\" src=\"https:\/\/dorogimedence.hu\/wp-content\/uploads\/2022\/06\/bringapalya-02-1024x683.jpg\" alt=\"\" width=\"755\" height=\"504\" srcset=\"https:\/\/dorogimedence.hu\/wp-content\/uploads\/2022\/06\/bringapalya-02-1024x683.jpg 1024w, https:\/\/dorogimedence.hu\/wp-content\/uploads\/2022\/06\/bringapalya-02-300x200.jpg 300w, https:\/\/dorogimedence.hu\/wp-content\/uploads\/2022\/06\/bringapalya-02-768x512.jpg 768w, https:\/\/dorogimedence.hu\/wp-content\/uploads\/2022\/06\/bringapalya-02-1536x1024.jpg 1536w, https:\/\/dorogimedence.hu\/wp-content\/uploads\/2022\/06\/bringapalya-02-150x100.jpg 150w, https:\/\/dorogimedence.hu\/wp-content\/uploads\/2022\/06\/bringapalya-02-450x300.jpg 450w, https:\/\/dorogimedence.hu\/wp-content\/uploads\/2022\/06\/bringapalya-02-1200x800.jpg 1200w, https:\/\/dorogimedence.hu\/wp-content\/uploads\/2022\/06\/bringapalya-02-272x182.jpg 272w, https:\/\/dorogimedence.hu\/wp-content\/uploads\/2022\/06\/bringapalya-02.jpg 1920w\" sizes=\"(max-width: 755px) 100vw, 755px\" \/><\/p>\n<p>Dr. Tittmann J\u00e1nos, Dorog polg\u00e1rmester kiemelte, hogy a vas\u00fat\u00e1llom\u00e1s mellett kialakult, sz\u00e9p\u00fcl\u0151 v\u00e1rosr\u00e9szben az extr\u00e9m p\u00e1lya az eg\u00e9szs\u00e9gmeg\u0151rz\u00e9s, sportol\u00e1s \u00fajabb lehet\u0151s\u00e9g\u00e9nek megteremt\u00e9se mellett a bar\u00e1ti tal\u00e1lkoz\u00e1sok helysz\u00ednek\u00e9nt kiv\u00e1l\u00f3an alkalmas a k\u00f6z\u00f6ss\u00e9gszervez\u00e9sre. Hangs\u00falyozta, hogy az \u00faj v\u00e1rosr\u00e9sz fejleszt\u00e9se m\u00e1r az \u00fath\u00e1l\u00f3zat b\u0151v\u00edt\u00e9s\u00e9vel megkezd\u0151d\u00f6tt, a most \u00e1tadott bringap\u00e1lya pedig egy k\u00f6z\u00f6ss\u00e9gszervez\u0151, k\u00f6z\u00f6ss\u00e9g\u00e9p\u00edt\u0151 csom\u00f3pont lesz. Hozz\u00e1tette, hogy a keresztez\u0151d\u00e9s m\u00e1sik oldal\u00e1n egy McDonald\u2019s \u00e9tterem tervez\u00e9se zajlik.<\/p>\n<p><img decoding=\"async\" class=\"alignnone size-large wp-image-44069\" src=\"https:\/\/dorogimedence.hu\/wp-content\/uploads\/2022\/06\/bringapalya-03-1024x683.jpg\" alt=\"\" width=\"755\" height=\"504\" srcset=\"https:\/\/dorogimedence.hu\/wp-content\/uploads\/2022\/06\/bringapalya-03-1024x683.jpg 1024w, https:\/\/dorogimedence.hu\/wp-content\/uploads\/2022\/06\/bringapalya-03-300x200.jpg 300w, https:\/\/dorogimedence.hu\/wp-content\/uploads\/2022\/06\/bringapalya-03-768x512.jpg 768w, https:\/\/dorogimedence.hu\/wp-content\/uploads\/2022\/06\/bringapalya-03-1536x1024.jpg 1536w, https:\/\/dorogimedence.hu\/wp-content\/uploads\/2022\/06\/bringapalya-03-150x100.jpg 150w, https:\/\/dorogimedence.hu\/wp-content\/uploads\/2022\/06\/bringapalya-03-450x300.jpg 450w, https:\/\/dorogimedence.hu\/wp-content\/uploads\/2022\/06\/bringapalya-03-1200x800.jpg 1200w, https:\/\/dorogimedence.hu\/wp-content\/uploads\/2022\/06\/bringapalya-03-272x182.jpg 272w, https:\/\/dorogimedence.hu\/wp-content\/uploads\/2022\/06\/bringapalya-03.jpg 1920w\" sizes=\"(max-width: 755px) 100vw, 755px\" \/><\/p>\n<p>A besz\u00e9dek ut\u00e1n \u00e1tadt\u00e1k a Dorog V\u00e1ros \u00d6nkorm\u00e1nyzat\u00e1nak K\u00e9pvisel\u0151-test\u00fclet \u00e1ltal alap\u00edtott \u00e9s adom\u00e1nyozott d\u00edjakat. Az \u00c9v K\u00f6ztisztvisel\u0151je elismer\u00e9st Kozlik Ferenc, m\u00edg az \u00c9v Pedag\u00f3gusa D\u00edjat Harmat Eszter, a Zsigmondy Vilmos Gimn\u00e1zium tan\u00e1ra \u00e9rdemelte ki. Harmat Eszter t\u00e1voll\u00e9t\u00e9ben a d\u00edjat nagyapja, dr. Bartalos J\u00f3zsef vette \u00e1t. Ezt k\u00f6vet\u0151en a Pedag\u00f3gus Szolg\u00e1lati Eml\u00e9k\u00e9rmek \u00e1tad\u00e1sa k\u00f6vetkezett. Eml\u00e9k\u00e9rmet vehetett \u00e1t kiemelked\u0151 szakmai tev\u00e9kenys\u00e9g\u00fck elismer\u00e9sek\u00e9nt Antal Ibolya, Rittling Antaln\u00e9 \u00e9s Kucsera Istv\u00e1nn\u00e9.<\/p>\n<p><img loading=\"lazy\" decoding=\"async\" class=\"alignnone size-large wp-image-44070\" src=\"https:\/\/dorogimedence.hu\/wp-content\/uploads\/2022\/06\/bringapalya-04-1024x683.jpg\" alt=\"\" width=\"755\" height=\"504\" srcset=\"https:\/\/dorogimedence.hu\/wp-content\/uploads\/2022\/06\/bringapalya-04-1024x683.jpg 1024w, https:\/\/dorogimedence.hu\/wp-content\/uploads\/2022\/06\/bringapalya-04-300x200.jpg 300w, https:\/\/dorogimedence.hu\/wp-content\/uploads\/2022\/06\/bringapalya-04-768x512.jpg 768w, https:\/\/dorogimedence.hu\/wp-content\/uploads\/2022\/06\/bringapalya-04-150x100.jpg 150w, https:\/\/dorogimedence.hu\/wp-content\/uploads\/2022\/06\/bringapalya-04-450x300.jpg 450w, https:\/\/dorogimedence.hu\/wp-content\/uploads\/2022\/06\/bringapalya-04-272x182.jpg 272w, https:\/\/dorogimedence.hu\/wp-content\/uploads\/2022\/06\/bringapalya-04.jpg 1200w\" sizes=\"(max-width: 755px) 100vw, 755px\" \/><\/p>\n<p>Az \u00e1tad\u00f3 \u00fcnneps\u00e9g z\u00e1r\u00e1sak\u00e9nt extr\u00e9m ker\u00e9kp\u00e1ros bemutat\u00f3t tartottak, ahol t\u00f6bbek k\u00f6z\u00f6tt a Dorogi Atl\u00e9tikai Club \u00faj szakoszt\u00e1lya, a FreeStyle is bemutatkozott, v\u00e9gezet\u00fcl pedig a gyerekek ker\u00e9kp\u00e1rokkal \u00e9s rollerekkel kipr\u00f3b\u00e1lhatt\u00e1k a hull\u00e1mz\u00f3an izgalmas p\u00e1ly\u00e1t.<\/p>\n<p><img loading=\"lazy\" decoding=\"async\" class=\"alignnone size-large wp-image-44072\" src=\"https:\/\/dorogimedence.hu\/wp-content\/uploads\/2022\/06\/bringapalya-06-1024x683.jpg\" alt=\"\" width=\"755\" height=\"504\" srcset=\"https:\/\/dorogimedence.hu\/wp-content\/uploads\/2022\/06\/bringapalya-06-1024x683.jpg 1024w, https:\/\/dorogimedence.hu\/wp-content\/uploads\/2022\/06\/bringapalya-06-300x200.jpg 300w, https:\/\/dorogimedence.hu\/wp-content\/uploads\/2022\/06\/bringapalya-06-768x512.jpg 768w, https:\/\/dorogimedence.hu\/wp-content\/uploads\/2022\/06\/bringapalya-06-1536x1024.jpg 1536w, https:\/\/dorogimedence.hu\/wp-content\/uploads\/2022\/06\/bringapalya-06-150x100.jpg 150w, https:\/\/dorogimedence.hu\/wp-content\/uploads\/2022\/06\/bringapalya-06-450x300.jpg 450w, https:\/\/dorogimedence.hu\/wp-content\/uploads\/2022\/06\/bringapalya-06-1200x800.jpg 1200w, https:\/\/dorogimedence.hu\/wp-content\/uploads\/2022\/06\/bringapalya-06-272x182.jpg 272w, https:\/\/dorogimedence.hu\/wp-content\/uploads\/2022\/06\/bringapalya-06.jpg 1920w\" sizes=\"(max-width: 755px) 100vw, 755px\" \/><\/p>\n<p><img loading=\"lazy\" decoding=\"async\" class=\"alignnone size-large wp-image-44073\" src=\"https:\/\/dorogimedence.hu\/wp-content\/uploads\/2022\/06\/bringapalya-07-1024x683.jpg\" alt=\"\" width=\"755\" height=\"504\" srcset=\"https:\/\/dorogimedence.hu\/wp-content\/uploads\/2022\/06\/bringapalya-07-1024x683.jpg 1024w, https:\/\/dorogimedence.hu\/wp-content\/uploads\/2022\/06\/bringapalya-07-300x200.jpg 300w, https:\/\/dorogimedence.hu\/wp-content\/uploads\/2022\/06\/bringapalya-07-768x512.jpg 768w, https:\/\/dorogimedence.hu\/wp-content\/uploads\/2022\/06\/bringapalya-07-1536x1024.jpg 1536w, https:\/\/dorogimedence.hu\/wp-content\/uploads\/2022\/06\/bringapalya-07-150x100.jpg 150w, https:\/\/dorogimedence.hu\/wp-content\/uploads\/2022\/06\/bringapalya-07-450x300.jpg 450w, https:\/\/dorogimedence.hu\/wp-content\/uploads\/2022\/06\/bringapalya-07-1200x800.jpg 1200w, https:\/\/dorogimedence.hu\/wp-content\/uploads\/2022\/06\/bringapalya-07-272x182.jpg 272w, https:\/\/dorogimedence.hu\/wp-content\/uploads\/2022\/06\/bringapalya-07.jpg 1920w\" sizes=\"(max-width: 755px) 100vw, 755px\" \/><\/p>\n","protected":false},"excerpt":{"rendered":"<p>J\u00fanius 24-\u00e9n, p\u00e9nteken d\u00e9lut\u00e1n \u00e1tadt\u00e1k a 185 m\u00e9ter hossz\u00fa pumpap\u00e1ly\u00e1t a dorogi intermod\u00e1lis csom\u00f3pontn\u00e1l, amely mellett a tervek szerint egy McDonald\u2019s \u00e9tterem kap majd helyet. Az elm\u00falt \u00e9vek tudatos v\u00e1rosfejleszt\u00e9si koncepci\u00f3j\u00e1t k\u00f6vetve \u00faj v\u00e1rosr\u00e9sz fejl\u0151d\u00e9s\u00e9nek lehet\u00fcnk tan\u00fai, a v\u00e1ros k\u00f6zleked\u00e9si csom\u00f3pontj\u00e1ban, Dorog k\u00f6zep\u00e9n. Az orsz\u00e1gosan is egyed\u00fcl\u00e1ll\u00f3 intermod\u00e1lis csom\u00f3pont kialak\u00edt\u00e1s\u00e1t k\u00f6vet\u0151en k\u00e9sz\u00fclt el az extr\u00e9m<\/p>\n","protected":false},"author":1,"featured_media":44067,"comment_status":"closed","ping_status":"closed","sticky":false,"template":"","format":"standard","meta":{"ngg_post_thumbnail":0,"footnotes":""},"categories":[2,3,5],"tags":[2814,6533,15,5624,16],"class_list":{"0":"post-44066","1":"post","2":"type-post","3":"status-publish","4":"format-standard","5":"has-post-thumbnail","7":"category-dorog","8":"category-hirek","9":"category-sport","10":"tag-atado","11":"tag-bringapalya","12":"tag-dorog","13":"tag-featured","14":"tag-sport"},"yoast_head":"<!-- This site is optimized with the Yoast SEO plugin v27.5 - https:\/\/yoast.com\/product\/yoast-seo-wordpress\/ -->\n<title>\u00c1tadt\u00e1k a dorogi bringap\u00e1ly\u00e1t<\/title>\n<meta name=\"robots\" content=\"index, follow, max-snippet:-1, max-image-preview:large, max-video-preview:-1\" \/>\n<link rel=\"canonical\" href=\"https:\/\/dorogimedence.hu\/index.php\/2022\/06\/25\/atadtak-a-dorogi-bringapalyat\/\" class=\"yoast-seo-meta-tag\" \/>\n<meta property=\"og:locale\" content=\"hu_HU\" class=\"yoast-seo-meta-tag\" \/>\n<meta property=\"og:type\" content=\"article\" class=\"yoast-seo-meta-tag\" \/>\n<meta property=\"og:title\" content=\"\u00c1tadt\u00e1k a dorogi bringap\u00e1ly\u00e1t\" class=\"yoast-seo-meta-tag\" \/>\n<meta property=\"og:description\" content=\"J\u00fanius 24-\u00e9n, p\u00e9nteken d\u00e9lut\u00e1n \u00e1tadt\u00e1k a 185 m\u00e9ter hossz\u00fa pumpap\u00e1ly\u00e1t a dorogi intermod\u00e1lis csom\u00f3pontn\u00e1l, amely mellett a tervek szerint egy McDonald\u2019s \u00e9tterem kap majd helyet. Az elm\u00falt \u00e9vek tudatos v\u00e1rosfejleszt\u00e9si koncepci\u00f3j\u00e1t k\u00f6vetve \u00faj v\u00e1rosr\u00e9sz fejl\u0151d\u00e9s\u00e9nek lehet\u00fcnk tan\u00fai, a v\u00e1ros k\u00f6zleked\u00e9si csom\u00f3pontj\u00e1ban, Dorog k\u00f6zep\u00e9n. Az orsz\u00e1gosan is egyed\u00fcl\u00e1ll\u00f3 intermod\u00e1lis csom\u00f3pont kialak\u00edt\u00e1s\u00e1t k\u00f6vet\u0151en k\u00e9sz\u00fclt el az extr\u00e9m\" class=\"yoast-seo-meta-tag\" \/>\n<meta property=\"og:url\" content=\"https:\/\/dorogimedence.hu\/index.php\/2022\/06\/25\/atadtak-a-dorogi-bringapalyat\/\" class=\"yoast-seo-meta-tag\" \/>\n<meta property=\"og:site_name\" content=\"Dorogi-medence Region\u00e1lis H\u00edrport\u00e1l\" class=\"yoast-seo-meta-tag\" \/>\n<meta property=\"article:publisher\" content=\"https:\/\/www.facebook.com\/dorogimedence\/\" class=\"yoast-seo-meta-tag\" \/>\n<meta property=\"article:published_time\" content=\"2022-06-25T07:51:08+00:00\" class=\"yoast-seo-meta-tag\" \/>\n<meta property=\"article:modified_time\" content=\"2022-06-25T07:51:34+00:00\" class=\"yoast-seo-meta-tag\" \/>\n<meta property=\"og:image\" content=\"https:\/\/i0.wp.com\/dorogimedence.hu\/wp-content\/uploads\/2022\/06\/bringapalya-01.jpg?fit=1920%2C1280&ssl=1\" class=\"yoast-seo-meta-tag\" \/>\n\t<meta property=\"og:image:width\" content=\"1920\" class=\"yoast-seo-meta-tag\" \/>\n\t<meta property=\"og:image:height\" content=\"1280\" class=\"yoast-seo-meta-tag\" \/>\n\t<meta property=\"og:image:type\" content=\"image\/jpeg\" class=\"yoast-seo-meta-tag\" \/>\n<meta name=\"author\" content=\"dorogimedence.hu\" class=\"yoast-seo-meta-tag\" \/>\n<meta name=\"twitter:card\" content=\"summary_large_image\" class=\"yoast-seo-meta-tag\" \/>\n<meta name=\"twitter:label1\" content=\"Szerz\u0151:\" class=\"yoast-seo-meta-tag\" \/>\n\t<meta name=\"twitter:data1\" content=\"dorogimedence.hu\" class=\"yoast-seo-meta-tag\" \/>\n\t<meta name=\"twitter:label2\" content=\"Becs\u00fclt olvas\u00e1si id\u0151\" class=\"yoast-seo-meta-tag\" \/>\n\t<meta name=\"twitter:data2\" content=\"3 perc\" class=\"yoast-seo-meta-tag\" \/>\n<script type=\"application\/ld+json\" class=\"yoast-schema-graph\">{\"@context\":\"https:\\\/\\\/schema.org\",\"@graph\":[{\"@type\":\"Article\",\"@id\":\"https:\\\/\\\/dorogimedence.hu\\\/index.php\\\/2022\\\/06\\\/25\\\/atadtak-a-dorogi-bringapalyat\\\/#article\",\"isPartOf\":{\"@id\":\"https:\\\/\\\/dorogimedence.hu\\\/index.php\\\/2022\\\/06\\\/25\\\/atadtak-a-dorogi-bringapalyat\\\/\"},\"author\":{\"name\":\"dorogimedence.hu\",\"@id\":\"https:\\\/\\\/dorogimedence.hu\\\/#\\\/schema\\\/person\\\/ce6091eeb7e95ecdc87890d6aa8e0fd4\"},\"headline\":\"\u00c1tadt\u00e1k a dorogi bringap\u00e1ly\u00e1t\",\"datePublished\":\"2022-06-25T07:51:08+00:00\",\"dateModified\":\"2022-06-25T07:51:34+00:00\",\"mainEntityOfPage\":{\"@id\":\"https:\\\/\\\/dorogimedence.hu\\\/index.php\\\/2022\\\/06\\\/25\\\/atadtak-a-dorogi-bringapalyat\\\/\"},\"wordCount\":557,\"publisher\":{\"@id\":\"https:\\\/\\\/dorogimedence.hu\\\/#organization\"},\"image\":{\"@id\":\"https:\\\/\\\/dorogimedence.hu\\\/index.php\\\/2022\\\/06\\\/25\\\/atadtak-a-dorogi-bringapalyat\\\/#primaryimage\"},\"thumbnailUrl\":\"https:\\\/\\\/dorogimedence.hu\\\/wp-content\\\/uploads\\\/2022\\\/06\\\/bringapalya-01.jpg\",\"keywords\":[\"\u00e1tad\u00f3\",\"bringap\u00e1lya\",\"Dorog\",\"featured\",\"sport\"],\"articleSection\":[\"Dorog\",\"H\u00edrek\",\"Sport\"],\"inLanguage\":\"hu\"},{\"@type\":\"WebPage\",\"@id\":\"https:\\\/\\\/dorogimedence.hu\\\/index.php\\\/2022\\\/06\\\/25\\\/atadtak-a-dorogi-bringapalyat\\\/\",\"url\":\"https:\\\/\\\/dorogimedence.hu\\\/index.php\\\/2022\\\/06\\\/25\\\/atadtak-a-dorogi-bringapalyat\\\/\",\"name\":\"\u00c1tadt\u00e1k a dorogi bringap\u00e1ly\u00e1t\",\"isPartOf\":{\"@id\":\"https:\\\/\\\/dorogimedence.hu\\\/#website\"},\"primaryImageOfPage\":{\"@id\":\"https:\\\/\\\/dorogimedence.hu\\\/index.php\\\/2022\\\/06\\\/25\\\/atadtak-a-dorogi-bringapalyat\\\/#primaryimage\"},\"image\":{\"@id\":\"https:\\\/\\\/dorogimedence.hu\\\/index.php\\\/2022\\\/06\\\/25\\\/atadtak-a-dorogi-bringapalyat\\\/#primaryimage\"},\"thumbnailUrl\":\"https:\\\/\\\/dorogimedence.hu\\\/wp-content\\\/uploads\\\/2022\\\/06\\\/bringapalya-01.jpg\",\"datePublished\":\"2022-06-25T07:51:08+00:00\",\"dateModified\":\"2022-06-25T07:51:34+00:00\",\"breadcrumb\":{\"@id\":\"https:\\\/\\\/dorogimedence.hu\\\/index.php\\\/2022\\\/06\\\/25\\\/atadtak-a-dorogi-bringapalyat\\\/#breadcrumb\"},\"inLanguage\":\"hu\",\"potentialAction\":[{\"@type\":\"ReadAction\",\"target\":[\"https:\\\/\\\/dorogimedence.hu\\\/index.php\\\/2022\\\/06\\\/25\\\/atadtak-a-dorogi-bringapalyat\\\/\"]}]},{\"@type\":\"ImageObject\",\"inLanguage\":\"hu\",\"@id\":\"https:\\\/\\\/dorogimedence.hu\\\/index.php\\\/2022\\\/06\\\/25\\\/atadtak-a-dorogi-bringapalyat\\\/#primaryimage\",\"url\":\"https:\\\/\\\/dorogimedence.hu\\\/wp-content\\\/uploads\\\/2022\\\/06\\\/bringapalya-01.jpg\",\"contentUrl\":\"https:\\\/\\\/dorogimedence.hu\\\/wp-content\\\/uploads\\\/2022\\\/06\\\/bringapalya-01.jpg\",\"width\":1920,\"height\":1280},{\"@type\":\"BreadcrumbList\",\"@id\":\"https:\\\/\\\/dorogimedence.hu\\\/index.php\\\/2022\\\/06\\\/25\\\/atadtak-a-dorogi-bringapalyat\\\/#breadcrumb\",\"itemListElement\":[{\"@type\":\"ListItem\",\"position\":1,\"name\":\"Kezd\u0151lap\",\"item\":\"https:\\\/\\\/dorogimedence.hu\\\/\"},{\"@type\":\"ListItem\",\"position\":2,\"name\":\"\u00c1tadt\u00e1k a dorogi bringap\u00e1ly\u00e1t\"}]},{\"@type\":\"WebSite\",\"@id\":\"https:\\\/\\\/dorogimedence.hu\\\/#website\",\"url\":\"https:\\\/\\\/dorogimedence.hu\\\/\",\"name\":\"Dorogi-medence Region\u00e1lis H\u00edrport\u00e1l\",\"description\":\"Dorog, Keszt\u00f6lc, Le\u00e1nyv\u00e1r, Piliscs\u00e9v, Tokod, Tokodalt\u00e1r\u00f3, Csolnok, Esztergom-kertv\u00e1ros: h\u00edrek, programok\",\"publisher\":{\"@id\":\"https:\\\/\\\/dorogimedence.hu\\\/#organization\"},\"potentialAction\":[{\"@type\":\"SearchAction\",\"target\":{\"@type\":\"EntryPoint\",\"urlTemplate\":\"https:\\\/\\\/dorogimedence.hu\\\/?s={search_term_string}\"},\"query-input\":{\"@type\":\"PropertyValueSpecification\",\"valueRequired\":true,\"valueName\":\"search_term_string\"}}],\"inLanguage\":\"hu\"},{\"@type\":\"Organization\",\"@id\":\"https:\\\/\\\/dorogimedence.hu\\\/#organization\",\"name\":\"Dorogi-medence Region\u00e1lis H\u00edrport\u00e1l\",\"url\":\"https:\\\/\\\/dorogimedence.hu\\\/\",\"logo\":{\"@type\":\"ImageObject\",\"inLanguage\":\"hu\",\"@id\":\"https:\\\/\\\/dorogimedence.hu\\\/#\\\/schema\\\/logo\\\/image\\\/\",\"url\":\"https:\\\/\\\/dorogimedence.hu\\\/wp-content\\\/uploads\\\/2021\\\/04\\\/logo-feher-600.png\",\"contentUrl\":\"https:\\\/\\\/dorogimedence.hu\\\/wp-content\\\/uploads\\\/2021\\\/04\\\/logo-feher-600.png\",\"width\":600,\"height\":100,\"caption\":\"Dorogi-medence Region\u00e1lis H\u00edrport\u00e1l\"},\"image\":{\"@id\":\"https:\\\/\\\/dorogimedence.hu\\\/#\\\/schema\\\/logo\\\/image\\\/\"},\"sameAs\":[\"https:\\\/\\\/www.facebook.com\\\/dorogimedence\\\/\"]},{\"@type\":\"Person\",\"@id\":\"https:\\\/\\\/dorogimedence.hu\\\/#\\\/schema\\\/person\\\/ce6091eeb7e95ecdc87890d6aa8e0fd4\",\"name\":\"dorogimedence.hu\",\"image\":{\"@type\":\"ImageObject\",\"inLanguage\":\"hu\",\"@id\":\"\\\/\\\/www.gravatar.com\\\/avatar\\\/d8d45f8901aadff40a4af72c0b826f1d?s=96&#038;r=g&#038;d=mm\",\"url\":\"\\\/\\\/www.gravatar.com\\\/avatar\\\/d8d45f8901aadff40a4af72c0b826f1d?s=96&#038;r=g&#038;d=mm\",\"contentUrl\":\"\\\/\\\/www.gravatar.com\\\/avatar\\\/d8d45f8901aadff40a4af72c0b826f1d?s=96&#038;r=g&#038;d=mm\",\"caption\":\"dorogimedence.hu\"}}]}<\/script>\n<!-- \/ Yoast SEO plugin. -->","yoast_head_json":{"title":"\u00c1tadt\u00e1k a dorogi bringap\u00e1ly\u00e1t","robots":{"index":"index","follow":"follow","max-snippet":"max-snippet:-1","max-image-preview":"max-image-preview:large","max-video-preview":"max-video-preview:-1"},"canonical":"https:\/\/dorogimedence.hu\/index.php\/2022\/06\/25\/atadtak-a-dorogi-bringapalyat\/","og_locale":"hu_HU","og_type":"article","og_title":"\u00c1tadt\u00e1k a dorogi bringap\u00e1ly\u00e1t","og_description":"J\u00fanius 24-\u00e9n, p\u00e9nteken d\u00e9lut\u00e1n \u00e1tadt\u00e1k a 185 m\u00e9ter hossz\u00fa pumpap\u00e1ly\u00e1t a dorogi intermod\u00e1lis csom\u00f3pontn\u00e1l, amely mellett a tervek szerint egy McDonald\u2019s \u00e9tterem kap majd helyet. Az elm\u00falt \u00e9vek tudatos v\u00e1rosfejleszt\u00e9si koncepci\u00f3j\u00e1t k\u00f6vetve \u00faj v\u00e1rosr\u00e9sz fejl\u0151d\u00e9s\u00e9nek lehet\u00fcnk tan\u00fai, a v\u00e1ros k\u00f6zleked\u00e9si csom\u00f3pontj\u00e1ban, Dorog k\u00f6zep\u00e9n. Az orsz\u00e1gosan is egyed\u00fcl\u00e1ll\u00f3 intermod\u00e1lis csom\u00f3pont kialak\u00edt\u00e1s\u00e1t k\u00f6vet\u0151en k\u00e9sz\u00fclt el az extr\u00e9m","og_url":"https:\/\/dorogimedence.hu\/index.php\/2022\/06\/25\/atadtak-a-dorogi-bringapalyat\/","og_site_name":"Dorogi-medence Region\u00e1lis H\u00edrport\u00e1l","article_publisher":"https:\/\/www.facebook.com\/dorogimedence\/","article_published_time":"2022-06-25T07:51:08+00:00","article_modified_time":"2022-06-25T07:51:34+00:00","og_image":[{"width":1920,"height":1280,"url":"https:\/\/i0.wp.com\/dorogimedence.hu\/wp-content\/uploads\/2022\/06\/bringapalya-01.jpg?fit=1920%2C1280&ssl=1","type":"image\/jpeg"}],"author":"dorogimedence.hu","twitter_card":"summary_large_image","twitter_misc":{"Szerz\u0151:":"dorogimedence.hu","Becs\u00fclt olvas\u00e1si id\u0151":"3 perc"},"schema":{"@context":"https:\/\/schema.org","@graph":[{"@type":"Article","@id":"https:\/\/dorogimedence.hu\/index.php\/2022\/06\/25\/atadtak-a-dorogi-bringapalyat\/#article","isPartOf":{"@id":"https:\/\/dorogimedence.hu\/index.php\/2022\/06\/25\/atadtak-a-dorogi-bringapalyat\/"},"author":{"name":"dorogimedence.hu","@id":"https:\/\/dorogimedence.hu\/#\/schema\/person\/ce6091eeb7e95ecdc87890d6aa8e0fd4"},"headline":"\u00c1tadt\u00e1k a dorogi bringap\u00e1ly\u00e1t","datePublished":"2022-06-25T07:51:08+00:00","dateModified":"2022-06-25T07:51:34+00:00","mainEntityOfPage":{"@id":"https:\/\/dorogimedence.hu\/index.php\/2022\/06\/25\/atadtak-a-dorogi-bringapalyat\/"},"wordCount":557,"publisher":{"@id":"https:\/\/dorogimedence.hu\/#organization"},"image":{"@id":"https:\/\/dorogimedence.hu\/index.php\/2022\/06\/25\/atadtak-a-dorogi-bringapalyat\/#primaryimage"},"thumbnailUrl":"https:\/\/dorogimedence.hu\/wp-content\/uploads\/2022\/06\/bringapalya-01.jpg","keywords":["\u00e1tad\u00f3","bringap\u00e1lya","Dorog","featured","sport"],"articleSection":["Dorog","H\u00edrek","Sport"],"inLanguage":"hu"},{"@type":"WebPage","@id":"https:\/\/dorogimedence.hu\/index.php\/2022\/06\/25\/atadtak-a-dorogi-bringapalyat\/","url":"https:\/\/dorogimedence.hu\/index.php\/2022\/06\/25\/atadtak-a-dorogi-bringapalyat\/","name":"\u00c1tadt\u00e1k a dorogi bringap\u00e1ly\u00e1t","isPartOf":{"@id":"https:\/\/dorogimedence.hu\/#website"},"primaryImageOfPage":{"@id":"https:\/\/dorogimedence.hu\/index.php\/2022\/06\/25\/atadtak-a-dorogi-bringapalyat\/#primaryimage"},"image":{"@id":"https:\/\/dorogimedence.hu\/index.php\/2022\/06\/25\/atadtak-a-dorogi-bringapalyat\/#primaryimage"},"thumbnailUrl":"https:\/\/dorogimedence.hu\/wp-content\/uploads\/2022\/06\/bringapalya-01.jpg","datePublished":"2022-06-25T07:51:08+00:00","dateModified":"2022-06-25T07:51:34+00:00","breadcrumb":{"@id":"https:\/\/dorogimedence.hu\/index.php\/2022\/06\/25\/atadtak-a-dorogi-bringapalyat\/#breadcrumb"},"inLanguage":"hu","potentialAction":[{"@type":"ReadAction","target":["https:\/\/dorogimedence.hu\/index.php\/2022\/06\/25\/atadtak-a-dorogi-bringapalyat\/"]}]},{"@type":"ImageObject","inLanguage":"hu","@id":"https:\/\/dorogimedence.hu\/index.php\/2022\/06\/25\/atadtak-a-dorogi-bringapalyat\/#primaryimage","url":"https:\/\/dorogimedence.hu\/wp-content\/uploads\/2022\/06\/bringapalya-01.jpg","contentUrl":"https:\/\/dorogimedence.hu\/wp-content\/uploads\/2022\/06\/bringapalya-01.jpg","width":1920,"height":1280},{"@type":"BreadcrumbList","@id":"https:\/\/dorogimedence.hu\/index.php\/2022\/06\/25\/atadtak-a-dorogi-bringapalyat\/#breadcrumb","itemListElement":[{"@type":"ListItem","position":1,"name":"Kezd\u0151lap","item":"https:\/\/dorogimedence.hu\/"},{"@type":"ListItem","position":2,"name":"\u00c1tadt\u00e1k a dorogi bringap\u00e1ly\u00e1t"}]},{"@type":"WebSite","@id":"https:\/\/dorogimedence.hu\/#website","url":"https:\/\/dorogimedence.hu\/","name":"Dorogi-medence Region\u00e1lis H\u00edrport\u00e1l","description":"Dorog, Keszt\u00f6lc, Le\u00e1nyv\u00e1r, Piliscs\u00e9v, Tokod, Tokodalt\u00e1r\u00f3, Csolnok, Esztergom-kertv\u00e1ros: h\u00edrek, programok","publisher":{"@id":"https:\/\/dorogimedence.hu\/#organization"},"potentialAction":[{"@type":"SearchAction","target":{"@type":"EntryPoint","urlTemplate":"https:\/\/dorogimedence.hu\/?s={search_term_string}"},"query-input":{"@type":"PropertyValueSpecification","valueRequired":true,"valueName":"search_term_string"}}],"inLanguage":"hu"},{"@type":"Organization","@id":"https:\/\/dorogimedence.hu\/#organization","name":"Dorogi-medence Region\u00e1lis H\u00edrport\u00e1l","url":"https:\/\/dorogimedence.hu\/","logo":{"@type":"ImageObject","inLanguage":"hu","@id":"https:\/\/dorogimedence.hu\/#\/schema\/logo\/image\/","url":"https:\/\/dorogimedence.hu\/wp-content\/uploads\/2021\/04\/logo-feher-600.png","contentUrl":"https:\/\/dorogimedence.hu\/wp-content\/uploads\/2021\/04\/logo-feher-600.png","width":600,"height":100,"caption":"Dorogi-medence Region\u00e1lis H\u00edrport\u00e1l"},"image":{"@id":"https:\/\/dorogimedence.hu\/#\/schema\/logo\/image\/"},"sameAs":["https:\/\/www.facebook.com\/dorogimedence\/"]},{"@type":"Person","@id":"https:\/\/dorogimedence.hu\/#\/schema\/person\/ce6091eeb7e95ecdc87890d6aa8e0fd4","name":"dorogimedence.hu","image":{"@type":"ImageObject","inLanguage":"hu","@id":"\/\/www.gravatar.com\/avatar\/d8d45f8901aadff40a4af72c0b826f1d?s=96&#038;r=g&#038;d=mm","url":"\/\/www.gravatar.com\/avatar\/d8d45f8901aadff40a4af72c0b826f1d?s=96&#038;r=g&#038;d=mm","contentUrl":"\/\/www.gravatar.com\/avatar\/d8d45f8901aadff40a4af72c0b826f1d?s=96&#038;r=g&#038;d=mm","caption":"dorogimedence.hu"}}]}},"_links":{"self":[{"href":"https:\/\/dorogimedence.hu\/index.php\/wp-json\/wp\/v2\/posts\/44066","targetHints":{"allow":["GET"]}}],"collection":[{"href":"https:\/\/dorogimedence.hu\/index.php\/wp-json\/wp\/v2\/posts"}],"about":[{"href":"https:\/\/dorogimedence.hu\/index.php\/wp-json\/wp\/v2\/types\/post"}],"author":[{"embeddable":true,"href":"https:\/\/dorogimedence.hu\/index.php\/wp-json\/wp\/v2\/users\/1"}],"replies":[{"embeddable":true,"href":"https:\/\/dorogimedence.hu\/index.php\/wp-json\/wp\/v2\/comments?post=44066"}],"version-history":[{"count":0,"href":"https:\/\/dorogimedence.hu\/index.php\/wp-json\/wp\/v2\/posts\/44066\/revisions"}],"wp:featuredmedia":[{"embeddable":true,"href":"https:\/\/dorogimedence.hu\/index.php\/wp-json\/wp\/v2\/media\/44067"}],"wp:attachment":[{"href":"https:\/\/dorogimedence.hu\/index.php\/wp-json\/wp\/v2\/media?parent=44066"}],"wp:term":[{"taxonomy":"category","embeddable":true,"href":"https:\/\/dorogimedence.hu\/index.php\/wp-json\/wp\/v2\/categories?post=44066"},{"taxonomy":"post_tag","embeddable":true,"href":"https:\/\/dorogimedence.hu\/index.php\/wp-json\/wp\/v2\/tags?post=44066"}],"curies":[{"name":"wp","href":"https:\/\/api.w.org\/{rel}","templated":true}]}}