{"id":44044,"date":"2022-06-24T10:43:47","date_gmt":"2022-06-24T08:43:47","guid":{"rendered":"https:\/\/dorogimedence.hu\/?p=44044"},"modified":"2022-06-24T10:44:11","modified_gmt":"2022-06-24T08:44:11","slug":"rendorsegi-felhivas-a-motorosok-vedelmeben","status":"publish","type":"post","link":"https:\/\/dorogimedence.hu\/index.php\/2022\/06\/24\/rendorsegi-felhivas-a-motorosok-vedelmeben\/","title":{"rendered":"Rend\u0151rs\u00e9gi felh\u00edv\u00e1s: a motorosok v\u00e9delm\u00e9ben"},"content":{"rendered":"<p><strong>A kedvez\u0151 id\u0151j\u00e1r\u00e1si k\u00f6r\u00fclm\u00e9nyek miatt egyre t\u00f6bb motoros k\u00f6zleked\u0151re lehet sz\u00e1m\u00edtani a k\u00f6zutakon. A motorosok rendszeres megjelen\u00e9s\u00e9re a k\u00f6z\u00fati k\u00f6zleked\u00e9s valamennyi r\u00e9sztvev\u0151j\u00e9nek sz\u00e1m\u00edtania kell.<\/strong><\/p>\n<p>Az id\u0151j\u00e1r\u00e1s kedvez\u0151 v\u00e1ltoz\u00e1s\u00e1val egyre t\u00f6bben veszik el\u0151 motorker\u00e9kp\u00e1rjukat \u00e9s csatlakoznak be k\u00e9tkerek\u0171j\u00fckkel a k\u00f6z\u00fati k\u00f6zleked\u00e9sbe. A motorosok \u00e9s a ker\u00e9kp\u00e1rosok \u2013 mint a k\u00f6zleked\u00e9s legv\u00e9dtelenebb r\u00e9sztvev\u0151i \u2013 nagyobb kock\u00e1zatnak vannak kit\u00e9ve. A j\u00e1rm\u0171vezet\u0151knek az \u00e1tlagosn\u00e1l is nagyobb \u00f3vatoss\u00e1ggal kell figyelni\u00fck r\u00e1juk.<\/p>\n<p>A motoros balesetek elker\u00fcl\u00e9s\u00e9re, megel\u0151z\u00e9s\u00e9re minden k\u00f6zleked\u0151nek t\u00f6rekednie kell. A g\u00e9pkocsivezet\u0151k mellett persze a motorosok is sokat tehetnek az\u00e9rt, hogy ne v\u00e1ljanak baleset r\u00e9szes\u00e9v\u00e9, illetve \u00e1ldozat\u00e1v\u00e1. A l\u00e1that\u00f3s\u00e1g-\u00e9szlelhet\u0151s\u00e9g biztos\u00edt\u00e1s\u00e1val, a kisz\u00e1m\u00edthat\u00f3s\u00e1ggal, a megfelel\u0151 v\u00e9d\u0151ruh\u00e1zat visel\u00e9s\u00e9vel \u00e9s a KRESZ el\u0151\u00edr\u00e1sainak betart\u00e1s\u00e1val sok baleset elker\u00fclhet\u0151 lenne, vagy a baleset bek\u00f6vetkez\u00e9sekor a s\u00e9r\u00fcl\u00e9s s\u00falyoss\u00e1ga lenne enyh\u00e9bb.<\/p>\n<p>A motorker\u00e9kp\u00e1rosokat a g\u00e9pkocsikban jellemz\u0151 passz\u00edv biztons\u00e1gi megold\u00e1sok nem v\u00e9dik, \u00edgy k\u00f6zleked\u00e9si baleset eset\u00e9n test\u00fck k\u00f6zvetlen fizikai behat\u00e1soknak van kit\u00e9ve. A motorosok emellett kev\u00e9sb\u00e9 \u00e9szlelhet\u0151k, mint a nagyobb m\u00e9ret\u0171 j\u00e1rm\u0171vek.<\/p>\n<p>Az egy\u00e9ni biztons\u00e1g egyik legalapvet\u0151bb m\u00f3dja, hogy a motorker\u00e9kp\u00e1r vezet\u0151je \u00e9s utasa mindig viselje a buk\u00f3sisakot. Nem l\u00e9tezik olyan r\u00f6vid t\u00e1vols\u00e1g, mely indokolhatn\u00e1 ennek mell\u0151z\u00e9s\u00e9t. Haz\u00e1nkban a \u201enagymotorokat\u201d vezet\u0151k \u00e1ltal\u00e1ban viselik a fejv\u00e9d\u0151t, a seg\u00e9dmotor-ker\u00e9kp\u00e1rral k\u00f6zleked\u0151k azonban gyakran hanyagolj\u00e1k a hord\u00e1s\u00e1t. A ker\u00e9kp\u00e1ros fejv\u00e9d\u0151 haszn\u00e1lata ker\u00e9kp\u00e1roz\u00e1s k\u00f6zben mindenk\u00e9ppen aj\u00e1nlott gyermekeknek \u00e9s feln\u0151tteknek egyar\u00e1nt. A sisak v\u00e9di visel\u0151je fej\u00e9t, hiszen elnyeli az esetleges baleset, illetve \u00fctk\u00f6z\u00e9s sor\u00e1n keletkez\u0151 energia jelent\u0151s r\u00e9sz\u00e9t. A balesetek sor\u00e1n szerzett tapasztalatok azt mutatj\u00e1k, hogy a ker\u00e9kp\u00e1ros trag\u00e9di\u00e1k t\u00f6bbs\u00e9ge az\u00e9rt k\u00f6vetkezik be, mert el\u00fct\u00e9s k\u00f6vetkezt\u00e9ben a ker\u00e9kp\u00e1ros feje nagy er\u0151vel \u00fctk\u00f6zik j\u00e1rm\u0171nek, vagy az \u00fattestnek. Ez esetben a fejv\u00e9d\u0151 hat\u00e1sos v\u00e9delmet ny\u00fajthat.<\/p>\n<p>Kom\u00e1rom-Esztergom megy\u00e9ben a passz\u00edv biztons\u00e1gi eszk\u00f6z\u00f6k haszn\u00e1lat\u00e1t fokozottan ellen\u0151rzik a rend\u0151r\u00f6k \u00e9s folyamatos sebess\u00e9gellen\u0151rz\u00e9sre is sz\u00e1m\u00edthatnak a j\u00e1rm\u0171vezet\u0151k a megye teljes ter\u00fclet\u00e9n. Az egyenruh\u00e1sok az ellen\u0151rz\u00e9sek alkalm\u00e1val minden esetben felh\u00edvj\u00e1k a j\u00e1rm\u0171vezet\u0151k figyelm\u00e9t, hogy k\u00f6zleked\u00e9s\u00fck sor\u00e1n tartsanak kell\u0151 oldalt\u00e1vols\u00e1got, ha motorost ker\u00fclnek ki \u00e9s lass\u00edtsanak, ha a k\u00f6zel\u00fckbe \u00e9rnek.<\/p>\n<p><em>Forr\u00e1s: Kom\u00e1rom-Esztergom Megyei Rend\u0151r-f\u0151kapit\u00e1nys\u00e1g<\/em><\/p>\n","protected":false},"excerpt":{"rendered":"<p>A kedvez\u0151 id\u0151j\u00e1r\u00e1si k\u00f6r\u00fclm\u00e9nyek miatt egyre t\u00f6bb motoros k\u00f6zleked\u0151re lehet sz\u00e1m\u00edtani a k\u00f6zutakon. A motorosok rendszeres megjelen\u00e9s\u00e9re a k\u00f6z\u00fati k\u00f6zleked\u00e9s valamennyi r\u00e9sztvev\u0151j\u00e9nek sz\u00e1m\u00edtania kell. Az id\u0151j\u00e1r\u00e1s kedvez\u0151 v\u00e1ltoz\u00e1s\u00e1val egyre t\u00f6bben veszik el\u0151 motorker\u00e9kp\u00e1rjukat \u00e9s csatlakoznak be k\u00e9tkerek\u0171j\u00fckkel a k\u00f6z\u00fati k\u00f6zleked\u00e9sbe. A motorosok \u00e9s a ker\u00e9kp\u00e1rosok \u2013 mint a k\u00f6zleked\u00e9s legv\u00e9dtelenebb r\u00e9sztvev\u0151i \u2013 nagyobb kock\u00e1zatnak vannak<\/p>\n","protected":false},"author":1,"featured_media":44045,"comment_status":"closed","ping_status":"closed","sticky":false,"template":"","format":"standard","meta":{"ngg_post_thumbnail":0,"footnotes":""},"categories":[3],"tags":[4385,505],"class_list":{"0":"post-44044","1":"post","2":"type-post","3":"status-publish","4":"format-standard","5":"has-post-thumbnail","7":"category-hirek","8":"tag-motorosok","9":"tag-rendorsegi-felhivas"},"yoast_head":"<!-- This site is optimized with the Yoast SEO plugin v27.4 - https:\/\/yoast.com\/product\/yoast-seo-wordpress\/ -->\n<title>Rend\u0151rs\u00e9gi felh\u00edv\u00e1s: a motorosok v\u00e9delm\u00e9ben<\/title>\n<meta name=\"robots\" content=\"index, follow, max-snippet:-1, max-image-preview:large, max-video-preview:-1\" \/>\n<link rel=\"canonical\" href=\"https:\/\/dorogimedence.hu\/index.php\/2022\/06\/24\/rendorsegi-felhivas-a-motorosok-vedelmeben\/\" class=\"yoast-seo-meta-tag\" \/>\n<meta property=\"og:locale\" content=\"hu_HU\" class=\"yoast-seo-meta-tag\" \/>\n<meta property=\"og:type\" content=\"article\" class=\"yoast-seo-meta-tag\" \/>\n<meta property=\"og:title\" content=\"Rend\u0151rs\u00e9gi felh\u00edv\u00e1s: a motorosok v\u00e9delm\u00e9ben\" class=\"yoast-seo-meta-tag\" \/>\n<meta property=\"og:description\" content=\"A kedvez\u0151 id\u0151j\u00e1r\u00e1si k\u00f6r\u00fclm\u00e9nyek miatt egyre t\u00f6bb motoros k\u00f6zleked\u0151re lehet sz\u00e1m\u00edtani a k\u00f6zutakon. A motorosok rendszeres megjelen\u00e9s\u00e9re a k\u00f6z\u00fati k\u00f6zleked\u00e9s valamennyi r\u00e9sztvev\u0151j\u00e9nek sz\u00e1m\u00edtania kell. Az id\u0151j\u00e1r\u00e1s kedvez\u0151 v\u00e1ltoz\u00e1s\u00e1val egyre t\u00f6bben veszik el\u0151 motorker\u00e9kp\u00e1rjukat \u00e9s csatlakoznak be k\u00e9tkerek\u0171j\u00fckkel a k\u00f6z\u00fati k\u00f6zleked\u00e9sbe. A motorosok \u00e9s a ker\u00e9kp\u00e1rosok \u2013 mint a k\u00f6zleked\u00e9s legv\u00e9dtelenebb r\u00e9sztvev\u0151i \u2013 nagyobb kock\u00e1zatnak vannak\" class=\"yoast-seo-meta-tag\" \/>\n<meta property=\"og:url\" content=\"https:\/\/dorogimedence.hu\/index.php\/2022\/06\/24\/rendorsegi-felhivas-a-motorosok-vedelmeben\/\" class=\"yoast-seo-meta-tag\" \/>\n<meta property=\"og:site_name\" content=\"Dorogi-medence Region\u00e1lis H\u00edrport\u00e1l\" class=\"yoast-seo-meta-tag\" \/>\n<meta property=\"article:publisher\" content=\"https:\/\/www.facebook.com\/dorogimedence\/\" class=\"yoast-seo-meta-tag\" \/>\n<meta property=\"article:published_time\" content=\"2022-06-24T08:43:47+00:00\" class=\"yoast-seo-meta-tag\" \/>\n<meta property=\"article:modified_time\" content=\"2022-06-24T08:44:11+00:00\" class=\"yoast-seo-meta-tag\" \/>\n<meta property=\"og:image\" content=\"https:\/\/i0.wp.com\/dorogimedence.hu\/wp-content\/uploads\/2022\/06\/motorcycle-2186589_1920.jpg?fit=1920%2C1280&ssl=1\" class=\"yoast-seo-meta-tag\" \/>\n\t<meta property=\"og:image:width\" content=\"1920\" class=\"yoast-seo-meta-tag\" \/>\n\t<meta property=\"og:image:height\" content=\"1280\" class=\"yoast-seo-meta-tag\" \/>\n\t<meta property=\"og:image:type\" content=\"image\/jpeg\" class=\"yoast-seo-meta-tag\" \/>\n<meta name=\"author\" content=\"dorogimedence.hu\" class=\"yoast-seo-meta-tag\" \/>\n<meta name=\"twitter:card\" content=\"summary_large_image\" class=\"yoast-seo-meta-tag\" \/>\n<meta name=\"twitter:label1\" content=\"Szerz\u0151:\" class=\"yoast-seo-meta-tag\" \/>\n\t<meta name=\"twitter:data1\" content=\"dorogimedence.hu\" class=\"yoast-seo-meta-tag\" \/>\n\t<meta name=\"twitter:label2\" content=\"Becs\u00fclt olvas\u00e1si id\u0151\" class=\"yoast-seo-meta-tag\" \/>\n\t<meta name=\"twitter:data2\" content=\"3 perc\" class=\"yoast-seo-meta-tag\" \/>\n<script type=\"application\/ld+json\" class=\"yoast-schema-graph\">{\"@context\":\"https:\\\/\\\/schema.org\",\"@graph\":[{\"@type\":\"Article\",\"@id\":\"https:\\\/\\\/dorogimedence.hu\\\/index.php\\\/2022\\\/06\\\/24\\\/rendorsegi-felhivas-a-motorosok-vedelmeben\\\/#article\",\"isPartOf\":{\"@id\":\"https:\\\/\\\/dorogimedence.hu\\\/index.php\\\/2022\\\/06\\\/24\\\/rendorsegi-felhivas-a-motorosok-vedelmeben\\\/\"},\"author\":{\"name\":\"dorogimedence.hu\",\"@id\":\"https:\\\/\\\/dorogimedence.hu\\\/#\\\/schema\\\/person\\\/ce6091eeb7e95ecdc87890d6aa8e0fd4\"},\"headline\":\"Rend\u0151rs\u00e9gi felh\u00edv\u00e1s: a motorosok v\u00e9delm\u00e9ben\",\"datePublished\":\"2022-06-24T08:43:47+00:00\",\"dateModified\":\"2022-06-24T08:44:11+00:00\",\"mainEntityOfPage\":{\"@id\":\"https:\\\/\\\/dorogimedence.hu\\\/index.php\\\/2022\\\/06\\\/24\\\/rendorsegi-felhivas-a-motorosok-vedelmeben\\\/\"},\"wordCount\":557,\"publisher\":{\"@id\":\"https:\\\/\\\/dorogimedence.hu\\\/#organization\"},\"image\":{\"@id\":\"https:\\\/\\\/dorogimedence.hu\\\/index.php\\\/2022\\\/06\\\/24\\\/rendorsegi-felhivas-a-motorosok-vedelmeben\\\/#primaryimage\"},\"thumbnailUrl\":\"https:\\\/\\\/dorogimedence.hu\\\/wp-content\\\/uploads\\\/2022\\\/06\\\/motorcycle-2186589_1920.jpg\",\"keywords\":[\"motorosok\",\"rend\u0151rs\u00e9gi felh\u00edv\u00e1s\"],\"articleSection\":[\"H\u00edrek\"],\"inLanguage\":\"hu\"},{\"@type\":\"WebPage\",\"@id\":\"https:\\\/\\\/dorogimedence.hu\\\/index.php\\\/2022\\\/06\\\/24\\\/rendorsegi-felhivas-a-motorosok-vedelmeben\\\/\",\"url\":\"https:\\\/\\\/dorogimedence.hu\\\/index.php\\\/2022\\\/06\\\/24\\\/rendorsegi-felhivas-a-motorosok-vedelmeben\\\/\",\"name\":\"Rend\u0151rs\u00e9gi felh\u00edv\u00e1s: a motorosok v\u00e9delm\u00e9ben\",\"isPartOf\":{\"@id\":\"https:\\\/\\\/dorogimedence.hu\\\/#website\"},\"primaryImageOfPage\":{\"@id\":\"https:\\\/\\\/dorogimedence.hu\\\/index.php\\\/2022\\\/06\\\/24\\\/rendorsegi-felhivas-a-motorosok-vedelmeben\\\/#primaryimage\"},\"image\":{\"@id\":\"https:\\\/\\\/dorogimedence.hu\\\/index.php\\\/2022\\\/06\\\/24\\\/rendorsegi-felhivas-a-motorosok-vedelmeben\\\/#primaryimage\"},\"thumbnailUrl\":\"https:\\\/\\\/dorogimedence.hu\\\/wp-content\\\/uploads\\\/2022\\\/06\\\/motorcycle-2186589_1920.jpg\",\"datePublished\":\"2022-06-24T08:43:47+00:00\",\"dateModified\":\"2022-06-24T08:44:11+00:00\",\"breadcrumb\":{\"@id\":\"https:\\\/\\\/dorogimedence.hu\\\/index.php\\\/2022\\\/06\\\/24\\\/rendorsegi-felhivas-a-motorosok-vedelmeben\\\/#breadcrumb\"},\"inLanguage\":\"hu\",\"potentialAction\":[{\"@type\":\"ReadAction\",\"target\":[\"https:\\\/\\\/dorogimedence.hu\\\/index.php\\\/2022\\\/06\\\/24\\\/rendorsegi-felhivas-a-motorosok-vedelmeben\\\/\"]}]},{\"@type\":\"ImageObject\",\"inLanguage\":\"hu\",\"@id\":\"https:\\\/\\\/dorogimedence.hu\\\/index.php\\\/2022\\\/06\\\/24\\\/rendorsegi-felhivas-a-motorosok-vedelmeben\\\/#primaryimage\",\"url\":\"https:\\\/\\\/dorogimedence.hu\\\/wp-content\\\/uploads\\\/2022\\\/06\\\/motorcycle-2186589_1920.jpg\",\"contentUrl\":\"https:\\\/\\\/dorogimedence.hu\\\/wp-content\\\/uploads\\\/2022\\\/06\\\/motorcycle-2186589_1920.jpg\",\"width\":1920,\"height\":1280},{\"@type\":\"BreadcrumbList\",\"@id\":\"https:\\\/\\\/dorogimedence.hu\\\/index.php\\\/2022\\\/06\\\/24\\\/rendorsegi-felhivas-a-motorosok-vedelmeben\\\/#breadcrumb\",\"itemListElement\":[{\"@type\":\"ListItem\",\"position\":1,\"name\":\"Kezd\u0151lap\",\"item\":\"https:\\\/\\\/dorogimedence.hu\\\/\"},{\"@type\":\"ListItem\",\"position\":2,\"name\":\"Rend\u0151rs\u00e9gi felh\u00edv\u00e1s: a motorosok v\u00e9delm\u00e9ben\"}]},{\"@type\":\"WebSite\",\"@id\":\"https:\\\/\\\/dorogimedence.hu\\\/#website\",\"url\":\"https:\\\/\\\/dorogimedence.hu\\\/\",\"name\":\"Dorogi-medence Region\u00e1lis H\u00edrport\u00e1l\",\"description\":\"Dorog, Keszt\u00f6lc, Le\u00e1nyv\u00e1r, Piliscs\u00e9v, Tokod, Tokodalt\u00e1r\u00f3, Csolnok, Esztergom-kertv\u00e1ros: h\u00edrek, programok\",\"publisher\":{\"@id\":\"https:\\\/\\\/dorogimedence.hu\\\/#organization\"},\"potentialAction\":[{\"@type\":\"SearchAction\",\"target\":{\"@type\":\"EntryPoint\",\"urlTemplate\":\"https:\\\/\\\/dorogimedence.hu\\\/?s={search_term_string}\"},\"query-input\":{\"@type\":\"PropertyValueSpecification\",\"valueRequired\":true,\"valueName\":\"search_term_string\"}}],\"inLanguage\":\"hu\"},{\"@type\":\"Organization\",\"@id\":\"https:\\\/\\\/dorogimedence.hu\\\/#organization\",\"name\":\"Dorogi-medence Region\u00e1lis H\u00edrport\u00e1l\",\"url\":\"https:\\\/\\\/dorogimedence.hu\\\/\",\"logo\":{\"@type\":\"ImageObject\",\"inLanguage\":\"hu\",\"@id\":\"https:\\\/\\\/dorogimedence.hu\\\/#\\\/schema\\\/logo\\\/image\\\/\",\"url\":\"https:\\\/\\\/dorogimedence.hu\\\/wp-content\\\/uploads\\\/2021\\\/04\\\/logo-feher-600.png\",\"contentUrl\":\"https:\\\/\\\/dorogimedence.hu\\\/wp-content\\\/uploads\\\/2021\\\/04\\\/logo-feher-600.png\",\"width\":600,\"height\":100,\"caption\":\"Dorogi-medence Region\u00e1lis H\u00edrport\u00e1l\"},\"image\":{\"@id\":\"https:\\\/\\\/dorogimedence.hu\\\/#\\\/schema\\\/logo\\\/image\\\/\"},\"sameAs\":[\"https:\\\/\\\/www.facebook.com\\\/dorogimedence\\\/\"]},{\"@type\":\"Person\",\"@id\":\"https:\\\/\\\/dorogimedence.hu\\\/#\\\/schema\\\/person\\\/ce6091eeb7e95ecdc87890d6aa8e0fd4\",\"name\":\"dorogimedence.hu\",\"image\":{\"@type\":\"ImageObject\",\"inLanguage\":\"hu\",\"@id\":\"\\\/\\\/www.gravatar.com\\\/avatar\\\/d8d45f8901aadff40a4af72c0b826f1d?s=96&#038;r=g&#038;d=mm\",\"url\":\"\\\/\\\/www.gravatar.com\\\/avatar\\\/d8d45f8901aadff40a4af72c0b826f1d?s=96&#038;r=g&#038;d=mm\",\"contentUrl\":\"\\\/\\\/www.gravatar.com\\\/avatar\\\/d8d45f8901aadff40a4af72c0b826f1d?s=96&#038;r=g&#038;d=mm\",\"caption\":\"dorogimedence.hu\"}}]}<\/script>\n<!-- \/ Yoast SEO plugin. -->","yoast_head_json":{"title":"Rend\u0151rs\u00e9gi felh\u00edv\u00e1s: a motorosok v\u00e9delm\u00e9ben","robots":{"index":"index","follow":"follow","max-snippet":"max-snippet:-1","max-image-preview":"max-image-preview:large","max-video-preview":"max-video-preview:-1"},"canonical":"https:\/\/dorogimedence.hu\/index.php\/2022\/06\/24\/rendorsegi-felhivas-a-motorosok-vedelmeben\/","og_locale":"hu_HU","og_type":"article","og_title":"Rend\u0151rs\u00e9gi felh\u00edv\u00e1s: a motorosok v\u00e9delm\u00e9ben","og_description":"A kedvez\u0151 id\u0151j\u00e1r\u00e1si k\u00f6r\u00fclm\u00e9nyek miatt egyre t\u00f6bb motoros k\u00f6zleked\u0151re lehet sz\u00e1m\u00edtani a k\u00f6zutakon. A motorosok rendszeres megjelen\u00e9s\u00e9re a k\u00f6z\u00fati k\u00f6zleked\u00e9s valamennyi r\u00e9sztvev\u0151j\u00e9nek sz\u00e1m\u00edtania kell. Az id\u0151j\u00e1r\u00e1s kedvez\u0151 v\u00e1ltoz\u00e1s\u00e1val egyre t\u00f6bben veszik el\u0151 motorker\u00e9kp\u00e1rjukat \u00e9s csatlakoznak be k\u00e9tkerek\u0171j\u00fckkel a k\u00f6z\u00fati k\u00f6zleked\u00e9sbe. A motorosok \u00e9s a ker\u00e9kp\u00e1rosok \u2013 mint a k\u00f6zleked\u00e9s legv\u00e9dtelenebb r\u00e9sztvev\u0151i \u2013 nagyobb kock\u00e1zatnak vannak","og_url":"https:\/\/dorogimedence.hu\/index.php\/2022\/06\/24\/rendorsegi-felhivas-a-motorosok-vedelmeben\/","og_site_name":"Dorogi-medence Region\u00e1lis H\u00edrport\u00e1l","article_publisher":"https:\/\/www.facebook.com\/dorogimedence\/","article_published_time":"2022-06-24T08:43:47+00:00","article_modified_time":"2022-06-24T08:44:11+00:00","og_image":[{"width":1920,"height":1280,"url":"https:\/\/i0.wp.com\/dorogimedence.hu\/wp-content\/uploads\/2022\/06\/motorcycle-2186589_1920.jpg?fit=1920%2C1280&ssl=1","type":"image\/jpeg"}],"author":"dorogimedence.hu","twitter_card":"summary_large_image","twitter_misc":{"Szerz\u0151:":"dorogimedence.hu","Becs\u00fclt olvas\u00e1si id\u0151":"3 perc"},"schema":{"@context":"https:\/\/schema.org","@graph":[{"@type":"Article","@id":"https:\/\/dorogimedence.hu\/index.php\/2022\/06\/24\/rendorsegi-felhivas-a-motorosok-vedelmeben\/#article","isPartOf":{"@id":"https:\/\/dorogimedence.hu\/index.php\/2022\/06\/24\/rendorsegi-felhivas-a-motorosok-vedelmeben\/"},"author":{"name":"dorogimedence.hu","@id":"https:\/\/dorogimedence.hu\/#\/schema\/person\/ce6091eeb7e95ecdc87890d6aa8e0fd4"},"headline":"Rend\u0151rs\u00e9gi felh\u00edv\u00e1s: a motorosok v\u00e9delm\u00e9ben","datePublished":"2022-06-24T08:43:47+00:00","dateModified":"2022-06-24T08:44:11+00:00","mainEntityOfPage":{"@id":"https:\/\/dorogimedence.hu\/index.php\/2022\/06\/24\/rendorsegi-felhivas-a-motorosok-vedelmeben\/"},"wordCount":557,"publisher":{"@id":"https:\/\/dorogimedence.hu\/#organization"},"image":{"@id":"https:\/\/dorogimedence.hu\/index.php\/2022\/06\/24\/rendorsegi-felhivas-a-motorosok-vedelmeben\/#primaryimage"},"thumbnailUrl":"https:\/\/dorogimedence.hu\/wp-content\/uploads\/2022\/06\/motorcycle-2186589_1920.jpg","keywords":["motorosok","rend\u0151rs\u00e9gi felh\u00edv\u00e1s"],"articleSection":["H\u00edrek"],"inLanguage":"hu"},{"@type":"WebPage","@id":"https:\/\/dorogimedence.hu\/index.php\/2022\/06\/24\/rendorsegi-felhivas-a-motorosok-vedelmeben\/","url":"https:\/\/dorogimedence.hu\/index.php\/2022\/06\/24\/rendorsegi-felhivas-a-motorosok-vedelmeben\/","name":"Rend\u0151rs\u00e9gi felh\u00edv\u00e1s: a motorosok v\u00e9delm\u00e9ben","isPartOf":{"@id":"https:\/\/dorogimedence.hu\/#website"},"primaryImageOfPage":{"@id":"https:\/\/dorogimedence.hu\/index.php\/2022\/06\/24\/rendorsegi-felhivas-a-motorosok-vedelmeben\/#primaryimage"},"image":{"@id":"https:\/\/dorogimedence.hu\/index.php\/2022\/06\/24\/rendorsegi-felhivas-a-motorosok-vedelmeben\/#primaryimage"},"thumbnailUrl":"https:\/\/dorogimedence.hu\/wp-content\/uploads\/2022\/06\/motorcycle-2186589_1920.jpg","datePublished":"2022-06-24T08:43:47+00:00","dateModified":"2022-06-24T08:44:11+00:00","breadcrumb":{"@id":"https:\/\/dorogimedence.hu\/index.php\/2022\/06\/24\/rendorsegi-felhivas-a-motorosok-vedelmeben\/#breadcrumb"},"inLanguage":"hu","potentialAction":[{"@type":"ReadAction","target":["https:\/\/dorogimedence.hu\/index.php\/2022\/06\/24\/rendorsegi-felhivas-a-motorosok-vedelmeben\/"]}]},{"@type":"ImageObject","inLanguage":"hu","@id":"https:\/\/dorogimedence.hu\/index.php\/2022\/06\/24\/rendorsegi-felhivas-a-motorosok-vedelmeben\/#primaryimage","url":"https:\/\/dorogimedence.hu\/wp-content\/uploads\/2022\/06\/motorcycle-2186589_1920.jpg","contentUrl":"https:\/\/dorogimedence.hu\/wp-content\/uploads\/2022\/06\/motorcycle-2186589_1920.jpg","width":1920,"height":1280},{"@type":"BreadcrumbList","@id":"https:\/\/dorogimedence.hu\/index.php\/2022\/06\/24\/rendorsegi-felhivas-a-motorosok-vedelmeben\/#breadcrumb","itemListElement":[{"@type":"ListItem","position":1,"name":"Kezd\u0151lap","item":"https:\/\/dorogimedence.hu\/"},{"@type":"ListItem","position":2,"name":"Rend\u0151rs\u00e9gi felh\u00edv\u00e1s: a motorosok v\u00e9delm\u00e9ben"}]},{"@type":"WebSite","@id":"https:\/\/dorogimedence.hu\/#website","url":"https:\/\/dorogimedence.hu\/","name":"Dorogi-medence Region\u00e1lis H\u00edrport\u00e1l","description":"Dorog, Keszt\u00f6lc, Le\u00e1nyv\u00e1r, Piliscs\u00e9v, Tokod, Tokodalt\u00e1r\u00f3, Csolnok, Esztergom-kertv\u00e1ros: h\u00edrek, programok","publisher":{"@id":"https:\/\/dorogimedence.hu\/#organization"},"potentialAction":[{"@type":"SearchAction","target":{"@type":"EntryPoint","urlTemplate":"https:\/\/dorogimedence.hu\/?s={search_term_string}"},"query-input":{"@type":"PropertyValueSpecification","valueRequired":true,"valueName":"search_term_string"}}],"inLanguage":"hu"},{"@type":"Organization","@id":"https:\/\/dorogimedence.hu\/#organization","name":"Dorogi-medence Region\u00e1lis H\u00edrport\u00e1l","url":"https:\/\/dorogimedence.hu\/","logo":{"@type":"ImageObject","inLanguage":"hu","@id":"https:\/\/dorogimedence.hu\/#\/schema\/logo\/image\/","url":"https:\/\/dorogimedence.hu\/wp-content\/uploads\/2021\/04\/logo-feher-600.png","contentUrl":"https:\/\/dorogimedence.hu\/wp-content\/uploads\/2021\/04\/logo-feher-600.png","width":600,"height":100,"caption":"Dorogi-medence Region\u00e1lis H\u00edrport\u00e1l"},"image":{"@id":"https:\/\/dorogimedence.hu\/#\/schema\/logo\/image\/"},"sameAs":["https:\/\/www.facebook.com\/dorogimedence\/"]},{"@type":"Person","@id":"https:\/\/dorogimedence.hu\/#\/schema\/person\/ce6091eeb7e95ecdc87890d6aa8e0fd4","name":"dorogimedence.hu","image":{"@type":"ImageObject","inLanguage":"hu","@id":"\/\/www.gravatar.com\/avatar\/d8d45f8901aadff40a4af72c0b826f1d?s=96&#038;r=g&#038;d=mm","url":"\/\/www.gravatar.com\/avatar\/d8d45f8901aadff40a4af72c0b826f1d?s=96&#038;r=g&#038;d=mm","contentUrl":"\/\/www.gravatar.com\/avatar\/d8d45f8901aadff40a4af72c0b826f1d?s=96&#038;r=g&#038;d=mm","caption":"dorogimedence.hu"}}]}},"_links":{"self":[{"href":"https:\/\/dorogimedence.hu\/index.php\/wp-json\/wp\/v2\/posts\/44044","targetHints":{"allow":["GET"]}}],"collection":[{"href":"https:\/\/dorogimedence.hu\/index.php\/wp-json\/wp\/v2\/posts"}],"about":[{"href":"https:\/\/dorogimedence.hu\/index.php\/wp-json\/wp\/v2\/types\/post"}],"author":[{"embeddable":true,"href":"https:\/\/dorogimedence.hu\/index.php\/wp-json\/wp\/v2\/users\/1"}],"replies":[{"embeddable":true,"href":"https:\/\/dorogimedence.hu\/index.php\/wp-json\/wp\/v2\/comments?post=44044"}],"version-history":[{"count":0,"href":"https:\/\/dorogimedence.hu\/index.php\/wp-json\/wp\/v2\/posts\/44044\/revisions"}],"wp:featuredmedia":[{"embeddable":true,"href":"https:\/\/dorogimedence.hu\/index.php\/wp-json\/wp\/v2\/media\/44045"}],"wp:attachment":[{"href":"https:\/\/dorogimedence.hu\/index.php\/wp-json\/wp\/v2\/media?parent=44044"}],"wp:term":[{"taxonomy":"category","embeddable":true,"href":"https:\/\/dorogimedence.hu\/index.php\/wp-json\/wp\/v2\/categories?post=44044"},{"taxonomy":"post_tag","embeddable":true,"href":"https:\/\/dorogimedence.hu\/index.php\/wp-json\/wp\/v2\/tags?post=44044"}],"curies":[{"name":"wp","href":"https:\/\/api.w.org\/{rel}","templated":true}]}}