{"id":43899,"date":"2022-06-20T11:26:04","date_gmt":"2022-06-20T09:26:04","guid":{"rendered":"https:\/\/dorogimedence.hu\/?p=43899"},"modified":"2022-06-20T11:31:17","modified_gmt":"2022-06-20T09:31:17","slug":"papszenteleseket-tartottak-esztergomban","status":"publish","type":"post","link":"https:\/\/dorogimedence.hu\/index.php\/2022\/06\/20\/papszenteleseket-tartottak-esztergomban\/","title":{"rendered":"Papszentel\u00e9seket tartottak Esztergomban"},"content":{"rendered":"<p><strong>H\u00e1rom papot \u00e9s k\u00e9t diak\u00f3nust szentelt fel a f\u0151egyh\u00e1zmegye szolg\u00e1lat\u00e1ra j\u00fanius 18-\u00e1n, szombaton az Esztergomi Bazilik\u00e1ban Erd\u0151 P\u00e9ter b\u00edboros, pr\u00edm\u00e1s. Az esem\u00e9nyen sz\u00e1mos egyh\u00e1zi m\u00e9lt\u00f3s\u00e1g megjelent, k\u00f6zt\u00fck jubil\u00e1ns papok is<\/strong> <em>\u2013 \u00edrja az Esztergom-Budapesti F\u0151egyh\u00e1zmegye a honlapj\u00e1n.<\/em><\/p>\n<p>\u00c1ldoz\u00f3papp\u00e1 szentelte szombaton Erd\u0151 P\u00e9ter b\u00edboros, pr\u00edm\u00e1s B\u00e1rsony \u00c1rp\u00e1d, Farkas Ferenc \u00c1kos \u00e9s Sz\u0171cs B\u00e1lint G\u00e9za diak\u00f3nusokat, illetve diak\u00f3nuss\u00e1 Farag\u00f3 Andr\u00e1s \u00e9s H\u00e9ray M\u00e1rton (FSO) akolitusokat.<\/p>\n<p>A pap- illetve a diak\u00f3nusszentel\u00e9s \u00fcnnep\u00e9lyes aktusa el\u0151tt mondott szentbesz\u00e9d\u00e9ben Erd\u0151 P\u00e9ter b\u00edboros, pr\u00edm\u00e1s h\u00e1l\u00e1t adott Istennek a paps\u00e1g\u00e9rt, az egyh\u00e1zirend szents\u00e9g\u00e9\u00e9rt, amelyet \u2013 mint fogalmazott \u2013 Krisztus Egyh\u00e1z\u00e1nak aj\u00e1nd\u00e9kozott. \u201eH\u00e1l\u00e1t adunk\u201d \u2013 folytatta a f\u0151p\u00e1sztor \u2013 \u201eegyh\u00e1zmegy\u00e9nk \u00faj papi \u00e9s diak\u00f3nusi hivat\u00e1sai\u00e9rt. Az\u00e9rt, hogy a legnagyobb t\u00f6rt\u00e9nelmi ellensz\u00e9lben sem alszik ki az a l\u00e1ng, amit a kereszt\u00e9ny hit els\u0151 hirdet\u0151i \u00e9s a szents\u00e9gek els\u0151 kiszolg\u00e1ltat\u00f3i haz\u00e1nkban is fellobbantottak.\u201d<\/p>\n<p>A f\u0151p\u00e1sztor k\u00f6sz\u00f6netet mondott a jubil\u00e1ns papok szolg\u00e1lat\u00e1\u00e9rt, akik k\u00f6z\u00fcl t\u00f6bben ma is fontos papi feladatokat l\u00e1tnak el \u00e9s \u201eak\u00e1r m\u00e9g nyugd\u00edjask\u00e9nt is gyakorolj\u00e1k azt a szent rendet, amit valamikor a felszentel\u00e9sben kaptak\u201d.<\/p>\n<p>Szentbesz\u00e9d\u00e9ben M\u00e1t\u00e9 evang\u00e9lium\u00e1b\u00f3l id\u00e9zte a j\u00e9zusi figyelmeztet\u00e9st Erd\u0151 P\u00e9ter azzal, hogy az \u201ek\u00fcl\u00f6n\u00f6sen is hozz\u00e1nk sz\u00f3l\u201d: senki nem szolg\u00e1lhat k\u00e9t \u00farnak, Istennek \u00e9s e vil\u00e1g szellem\u00e9nek.<\/p>\n<p><img fetchpriority=\"high\" decoding=\"async\" class=\"alignnone size-large wp-image-43901\" src=\"https:\/\/dorogimedence.hu\/wp-content\/uploads\/2022\/06\/o_img_09160-1024x683.jpg\" alt=\"\" width=\"755\" height=\"504\" srcset=\"https:\/\/dorogimedence.hu\/wp-content\/uploads\/2022\/06\/o_img_09160-1024x683.jpg 1024w, https:\/\/dorogimedence.hu\/wp-content\/uploads\/2022\/06\/o_img_09160-300x200.jpg 300w, https:\/\/dorogimedence.hu\/wp-content\/uploads\/2022\/06\/o_img_09160-768x512.jpg 768w, https:\/\/dorogimedence.hu\/wp-content\/uploads\/2022\/06\/o_img_09160-150x100.jpg 150w, https:\/\/dorogimedence.hu\/wp-content\/uploads\/2022\/06\/o_img_09160-450x300.jpg 450w, https:\/\/dorogimedence.hu\/wp-content\/uploads\/2022\/06\/o_img_09160-1200x800.jpg 1200w, https:\/\/dorogimedence.hu\/wp-content\/uploads\/2022\/06\/o_img_09160-272x182.jpg 272w, https:\/\/dorogimedence.hu\/wp-content\/uploads\/2022\/06\/o_img_09160.jpg 1500w\" sizes=\"(max-width: 755px) 100vw, 755px\" \/><\/p>\n<p>A papi hivat\u00e1sr\u00f3l elm\u00e9lkedve \u00edgy folytatta szentbesz\u00e9d\u00e9t: sokszor provokat\u00edv m\u00f3don \u201ek\u00e9rdezik t\u0151l\u00fcnk, hogy a mindennapi \u00e9let, a politika, a gazdas\u00e1g egy-egy k\u00e9rd\u00e9s\u00e9ben mi a v\u00e9lem\u00e9ny\u00fcnk, vagy \u00e9ppen mi\u00e9rt nem sz\u00f3lunk hangosabban. M\u00e1sok testi orvost, pszichol\u00f3gust, vagy esetleg ideggy\u00f3gy\u00e1szt keresnek a szem\u00e9ly\u00fcnkben. Pedig a sok sz\u00e9p \u00e9s fontos hivat\u00e1s k\u00f6z\u00fcl kiemelkedik az evang\u00e9lium hirdet\u00e9se a f\u00f6lszentel\u00e9sben kapott kegyelem seg\u00edts\u00e9g\u00e9vel, a L\u00e9lek erej\u00e9ben.\u201d<\/p>\n<p>A szentel\u00e9s el\u0151tt \u00e1ll\u00f3khoz fordulva a f\u0151p\u00e1sztor arr\u00f3l besz\u00e9lt: az Eucharisztikus Kongresszuson \u201emeg\u00e9rezt\u00fck, hogy a Szentl\u00e9lek nem hagyta el az Egyh\u00e1zat, Krisztus \u00e9let\u00fcnk \u00e9s rem\u00e9ny\u00fcnk k\u00f6z\u00e9ppontja\u201d, a papi k\u00fcldet\u00e9s teh\u00e1t n\u00e9lk\u00fcl\u00f6zhetetlen a vil\u00e1g sz\u00e1m\u00e1ra. Ez pedig \u2013 sz\u00f6gezte le \u2013 m\u00e1r itt a f\u00f6ld\u00f6n minden neh\u00e9zs\u00e9g ellen\u00e9re is nagy \u00f6r\u00f6met jelent \u00e9s k\u00e9pes arra, hogy \u201ebenn\u00fcnket, papokat k\u00f6z\u00f6ss\u00e9g\u00e9 forrasszon \u00f6ssze. Ez\u00e9rt olyan fontos, hogy ilyenkor egyh\u00e1zmegy\u00e9nk paps\u00e1ga \u00f6sszetal\u00e1lkozik itt, a szentel\u00e9si olt\u00e1r k\u00f6r\u00fcl. Tisztelj\u00fck egym\u00e1sban a pr\u00f3f\u00e9t\u00e1t \u00e9s Krisztus megjelen\u00edt\u0151j\u00e9t! Tartsunk \u00f6ssze bar\u00e1ti \u00e9s testv\u00e9ri szeretetben a mindennapokban is! \u00c9s akkor megtapasztaljuk, hogy a krisztusi k\u00fcldet\u00e9sben aj\u00e1nd\u00e9k \u00e9s kegyelem az eg\u00e9sz \u00e9let\u00fcnk\u201d \u2013 z\u00e1rta szentbesz\u00e9d\u00e9t Erd\u0151 P\u00e9ter b\u00edboros, pr\u00edm\u00e1s.<\/p>\n<p><img decoding=\"async\" class=\"alignnone size-large wp-image-43902\" src=\"https:\/\/dorogimedence.hu\/wp-content\/uploads\/2022\/06\/o_img_09008-1024x683.jpg\" alt=\"\" width=\"755\" height=\"504\" srcset=\"https:\/\/dorogimedence.hu\/wp-content\/uploads\/2022\/06\/o_img_09008-1024x683.jpg 1024w, https:\/\/dorogimedence.hu\/wp-content\/uploads\/2022\/06\/o_img_09008-300x200.jpg 300w, https:\/\/dorogimedence.hu\/wp-content\/uploads\/2022\/06\/o_img_09008-768x512.jpg 768w, https:\/\/dorogimedence.hu\/wp-content\/uploads\/2022\/06\/o_img_09008-150x100.jpg 150w, https:\/\/dorogimedence.hu\/wp-content\/uploads\/2022\/06\/o_img_09008-450x300.jpg 450w, https:\/\/dorogimedence.hu\/wp-content\/uploads\/2022\/06\/o_img_09008-1200x800.jpg 1200w, https:\/\/dorogimedence.hu\/wp-content\/uploads\/2022\/06\/o_img_09008-272x182.jpg 272w, https:\/\/dorogimedence.hu\/wp-content\/uploads\/2022\/06\/o_img_09008.jpg 1500w\" sizes=\"(max-width: 755px) 100vw, 755px\" \/><\/p>\n<p><em>Forr\u00e1s: Esztergom-Budapesti F\u0151egyh\u00e1zmegye<br \/>\nFot\u00f3k: Csap\u00f3 J\u00f3zsef<\/em><\/p>\n","protected":false},"excerpt":{"rendered":"<p>H\u00e1rom papot \u00e9s k\u00e9t diak\u00f3nust szentelt fel a f\u0151egyh\u00e1zmegye szolg\u00e1lat\u00e1ra j\u00fanius 18-\u00e1n, szombaton az Esztergomi Bazilik\u00e1ban Erd\u0151 P\u00e9ter b\u00edboros, pr\u00edm\u00e1s. Az esem\u00e9nyen sz\u00e1mos egyh\u00e1zi m\u00e9lt\u00f3s\u00e1g megjelent, k\u00f6zt\u00fck jubil\u00e1ns papok is \u2013 \u00edrja az Esztergom-Budapesti F\u0151egyh\u00e1zmegye a honlapj\u00e1n. \u00c1ldoz\u00f3papp\u00e1 szentelte szombaton Erd\u0151 P\u00e9ter b\u00edboros, pr\u00edm\u00e1s B\u00e1rsony \u00c1rp\u00e1d, Farkas Ferenc \u00c1kos \u00e9s Sz\u0171cs B\u00e1lint G\u00e9za diak\u00f3nusokat, illetve<\/p>\n","protected":false},"author":1,"featured_media":43900,"comment_status":"closed","ping_status":"closed","sticky":false,"template":"","format":"standard","meta":{"ngg_post_thumbnail":0,"footnotes":""},"categories":[38,3],"tags":[764,42,3163,5624,762,5775],"class_list":{"0":"post-43899","1":"post","2":"type-post","3":"status-publish","4":"format-standard","5":"has-post-thumbnail","7":"category-esztergom","8":"category-hirek","9":"tag-erdo-peter","10":"tag-esztergom","11":"tag-esztergomi-bazilika","12":"tag-featured","13":"tag-katolikus-egyhaz","14":"tag-papszenteles"},"yoast_head":"<!-- This site is optimized with the Yoast SEO plugin v27.4 - https:\/\/yoast.com\/product\/yoast-seo-wordpress\/ -->\n<title>Papszentel\u00e9seket tartottak Esztergomban<\/title>\n<meta name=\"robots\" content=\"index, follow, max-snippet:-1, max-image-preview:large, max-video-preview:-1\" \/>\n<link rel=\"canonical\" href=\"https:\/\/dorogimedence.hu\/index.php\/2022\/06\/20\/papszenteleseket-tartottak-esztergomban\/\" class=\"yoast-seo-meta-tag\" \/>\n<meta property=\"og:locale\" content=\"hu_HU\" class=\"yoast-seo-meta-tag\" \/>\n<meta property=\"og:type\" content=\"article\" class=\"yoast-seo-meta-tag\" \/>\n<meta property=\"og:title\" content=\"Papszentel\u00e9seket tartottak Esztergomban\" class=\"yoast-seo-meta-tag\" \/>\n<meta property=\"og:description\" content=\"H\u00e1rom papot \u00e9s k\u00e9t diak\u00f3nust szentelt fel a f\u0151egyh\u00e1zmegye szolg\u00e1lat\u00e1ra j\u00fanius 18-\u00e1n, szombaton az Esztergomi Bazilik\u00e1ban Erd\u0151 P\u00e9ter b\u00edboros, pr\u00edm\u00e1s. Az esem\u00e9nyen sz\u00e1mos egyh\u00e1zi m\u00e9lt\u00f3s\u00e1g megjelent, k\u00f6zt\u00fck jubil\u00e1ns papok is \u2013 \u00edrja az Esztergom-Budapesti F\u0151egyh\u00e1zmegye a honlapj\u00e1n. \u00c1ldoz\u00f3papp\u00e1 szentelte szombaton Erd\u0151 P\u00e9ter b\u00edboros, pr\u00edm\u00e1s B\u00e1rsony \u00c1rp\u00e1d, Farkas Ferenc \u00c1kos \u00e9s Sz\u0171cs B\u00e1lint G\u00e9za diak\u00f3nusokat, illetve\" class=\"yoast-seo-meta-tag\" \/>\n<meta property=\"og:url\" content=\"https:\/\/dorogimedence.hu\/index.php\/2022\/06\/20\/papszenteleseket-tartottak-esztergomban\/\" class=\"yoast-seo-meta-tag\" \/>\n<meta property=\"og:site_name\" content=\"Dorogi-medence Region\u00e1lis H\u00edrport\u00e1l\" class=\"yoast-seo-meta-tag\" \/>\n<meta property=\"article:publisher\" content=\"https:\/\/www.facebook.com\/dorogimedence\/\" class=\"yoast-seo-meta-tag\" \/>\n<meta property=\"article:published_time\" content=\"2022-06-20T09:26:04+00:00\" class=\"yoast-seo-meta-tag\" \/>\n<meta property=\"article:modified_time\" content=\"2022-06-20T09:31:17+00:00\" class=\"yoast-seo-meta-tag\" \/>\n<meta property=\"og:image\" content=\"https:\/\/i0.wp.com\/dorogimedence.hu\/wp-content\/uploads\/2022\/06\/papszenteles-01.jpg?fit=1500%2C856&ssl=1\" class=\"yoast-seo-meta-tag\" \/>\n\t<meta property=\"og:image:width\" content=\"1500\" class=\"yoast-seo-meta-tag\" \/>\n\t<meta property=\"og:image:height\" content=\"856\" class=\"yoast-seo-meta-tag\" \/>\n\t<meta property=\"og:image:type\" content=\"image\/jpeg\" class=\"yoast-seo-meta-tag\" \/>\n<meta name=\"author\" content=\"dorogimedence.hu\" class=\"yoast-seo-meta-tag\" \/>\n<meta name=\"twitter:card\" content=\"summary_large_image\" class=\"yoast-seo-meta-tag\" \/>\n<meta name=\"twitter:label1\" content=\"Szerz\u0151:\" class=\"yoast-seo-meta-tag\" \/>\n\t<meta name=\"twitter:data1\" content=\"dorogimedence.hu\" class=\"yoast-seo-meta-tag\" \/>\n\t<meta name=\"twitter:label2\" content=\"Becs\u00fclt olvas\u00e1si id\u0151\" class=\"yoast-seo-meta-tag\" \/>\n\t<meta name=\"twitter:data2\" content=\"3 perc\" class=\"yoast-seo-meta-tag\" \/>\n<script type=\"application\/ld+json\" class=\"yoast-schema-graph\">{\"@context\":\"https:\\\/\\\/schema.org\",\"@graph\":[{\"@type\":\"Article\",\"@id\":\"https:\\\/\\\/dorogimedence.hu\\\/index.php\\\/2022\\\/06\\\/20\\\/papszenteleseket-tartottak-esztergomban\\\/#article\",\"isPartOf\":{\"@id\":\"https:\\\/\\\/dorogimedence.hu\\\/index.php\\\/2022\\\/06\\\/20\\\/papszenteleseket-tartottak-esztergomban\\\/\"},\"author\":{\"name\":\"dorogimedence.hu\",\"@id\":\"https:\\\/\\\/dorogimedence.hu\\\/#\\\/schema\\\/person\\\/ce6091eeb7e95ecdc87890d6aa8e0fd4\"},\"headline\":\"Papszentel\u00e9seket tartottak Esztergomban\",\"datePublished\":\"2022-06-20T09:26:04+00:00\",\"dateModified\":\"2022-06-20T09:31:17+00:00\",\"mainEntityOfPage\":{\"@id\":\"https:\\\/\\\/dorogimedence.hu\\\/index.php\\\/2022\\\/06\\\/20\\\/papszenteleseket-tartottak-esztergomban\\\/\"},\"wordCount\":594,\"publisher\":{\"@id\":\"https:\\\/\\\/dorogimedence.hu\\\/#organization\"},\"image\":{\"@id\":\"https:\\\/\\\/dorogimedence.hu\\\/index.php\\\/2022\\\/06\\\/20\\\/papszenteleseket-tartottak-esztergomban\\\/#primaryimage\"},\"thumbnailUrl\":\"https:\\\/\\\/dorogimedence.hu\\\/wp-content\\\/uploads\\\/2022\\\/06\\\/papszenteles-01.jpg\",\"keywords\":[\"Erd\u0151 P\u00e9ter\",\"esztergom\",\"esztergomi bazilika\",\"featured\",\"katolikus egyh\u00e1z\",\"papszentel\u00e9s\"],\"articleSection\":[\"Esztergom\",\"H\u00edrek\"],\"inLanguage\":\"hu\"},{\"@type\":\"WebPage\",\"@id\":\"https:\\\/\\\/dorogimedence.hu\\\/index.php\\\/2022\\\/06\\\/20\\\/papszenteleseket-tartottak-esztergomban\\\/\",\"url\":\"https:\\\/\\\/dorogimedence.hu\\\/index.php\\\/2022\\\/06\\\/20\\\/papszenteleseket-tartottak-esztergomban\\\/\",\"name\":\"Papszentel\u00e9seket tartottak Esztergomban\",\"isPartOf\":{\"@id\":\"https:\\\/\\\/dorogimedence.hu\\\/#website\"},\"primaryImageOfPage\":{\"@id\":\"https:\\\/\\\/dorogimedence.hu\\\/index.php\\\/2022\\\/06\\\/20\\\/papszenteleseket-tartottak-esztergomban\\\/#primaryimage\"},\"image\":{\"@id\":\"https:\\\/\\\/dorogimedence.hu\\\/index.php\\\/2022\\\/06\\\/20\\\/papszenteleseket-tartottak-esztergomban\\\/#primaryimage\"},\"thumbnailUrl\":\"https:\\\/\\\/dorogimedence.hu\\\/wp-content\\\/uploads\\\/2022\\\/06\\\/papszenteles-01.jpg\",\"datePublished\":\"2022-06-20T09:26:04+00:00\",\"dateModified\":\"2022-06-20T09:31:17+00:00\",\"breadcrumb\":{\"@id\":\"https:\\\/\\\/dorogimedence.hu\\\/index.php\\\/2022\\\/06\\\/20\\\/papszenteleseket-tartottak-esztergomban\\\/#breadcrumb\"},\"inLanguage\":\"hu\",\"potentialAction\":[{\"@type\":\"ReadAction\",\"target\":[\"https:\\\/\\\/dorogimedence.hu\\\/index.php\\\/2022\\\/06\\\/20\\\/papszenteleseket-tartottak-esztergomban\\\/\"]}]},{\"@type\":\"ImageObject\",\"inLanguage\":\"hu\",\"@id\":\"https:\\\/\\\/dorogimedence.hu\\\/index.php\\\/2022\\\/06\\\/20\\\/papszenteleseket-tartottak-esztergomban\\\/#primaryimage\",\"url\":\"https:\\\/\\\/dorogimedence.hu\\\/wp-content\\\/uploads\\\/2022\\\/06\\\/papszenteles-01.jpg\",\"contentUrl\":\"https:\\\/\\\/dorogimedence.hu\\\/wp-content\\\/uploads\\\/2022\\\/06\\\/papszenteles-01.jpg\",\"width\":1500,\"height\":856},{\"@type\":\"BreadcrumbList\",\"@id\":\"https:\\\/\\\/dorogimedence.hu\\\/index.php\\\/2022\\\/06\\\/20\\\/papszenteleseket-tartottak-esztergomban\\\/#breadcrumb\",\"itemListElement\":[{\"@type\":\"ListItem\",\"position\":1,\"name\":\"Kezd\u0151lap\",\"item\":\"https:\\\/\\\/dorogimedence.hu\\\/\"},{\"@type\":\"ListItem\",\"position\":2,\"name\":\"Papszentel\u00e9seket tartottak Esztergomban\"}]},{\"@type\":\"WebSite\",\"@id\":\"https:\\\/\\\/dorogimedence.hu\\\/#website\",\"url\":\"https:\\\/\\\/dorogimedence.hu\\\/\",\"name\":\"Dorogi-medence Region\u00e1lis H\u00edrport\u00e1l\",\"description\":\"Dorog, Keszt\u00f6lc, Le\u00e1nyv\u00e1r, Piliscs\u00e9v, Tokod, Tokodalt\u00e1r\u00f3, Csolnok, Esztergom-kertv\u00e1ros: h\u00edrek, programok\",\"publisher\":{\"@id\":\"https:\\\/\\\/dorogimedence.hu\\\/#organization\"},\"potentialAction\":[{\"@type\":\"SearchAction\",\"target\":{\"@type\":\"EntryPoint\",\"urlTemplate\":\"https:\\\/\\\/dorogimedence.hu\\\/?s={search_term_string}\"},\"query-input\":{\"@type\":\"PropertyValueSpecification\",\"valueRequired\":true,\"valueName\":\"search_term_string\"}}],\"inLanguage\":\"hu\"},{\"@type\":\"Organization\",\"@id\":\"https:\\\/\\\/dorogimedence.hu\\\/#organization\",\"name\":\"Dorogi-medence Region\u00e1lis H\u00edrport\u00e1l\",\"url\":\"https:\\\/\\\/dorogimedence.hu\\\/\",\"logo\":{\"@type\":\"ImageObject\",\"inLanguage\":\"hu\",\"@id\":\"https:\\\/\\\/dorogimedence.hu\\\/#\\\/schema\\\/logo\\\/image\\\/\",\"url\":\"https:\\\/\\\/dorogimedence.hu\\\/wp-content\\\/uploads\\\/2021\\\/04\\\/logo-feher-600.png\",\"contentUrl\":\"https:\\\/\\\/dorogimedence.hu\\\/wp-content\\\/uploads\\\/2021\\\/04\\\/logo-feher-600.png\",\"width\":600,\"height\":100,\"caption\":\"Dorogi-medence Region\u00e1lis H\u00edrport\u00e1l\"},\"image\":{\"@id\":\"https:\\\/\\\/dorogimedence.hu\\\/#\\\/schema\\\/logo\\\/image\\\/\"},\"sameAs\":[\"https:\\\/\\\/www.facebook.com\\\/dorogimedence\\\/\"]},{\"@type\":\"Person\",\"@id\":\"https:\\\/\\\/dorogimedence.hu\\\/#\\\/schema\\\/person\\\/ce6091eeb7e95ecdc87890d6aa8e0fd4\",\"name\":\"dorogimedence.hu\",\"image\":{\"@type\":\"ImageObject\",\"inLanguage\":\"hu\",\"@id\":\"\\\/\\\/www.gravatar.com\\\/avatar\\\/d8d45f8901aadff40a4af72c0b826f1d?s=96&#038;r=g&#038;d=mm\",\"url\":\"\\\/\\\/www.gravatar.com\\\/avatar\\\/d8d45f8901aadff40a4af72c0b826f1d?s=96&#038;r=g&#038;d=mm\",\"contentUrl\":\"\\\/\\\/www.gravatar.com\\\/avatar\\\/d8d45f8901aadff40a4af72c0b826f1d?s=96&#038;r=g&#038;d=mm\",\"caption\":\"dorogimedence.hu\"}}]}<\/script>\n<!-- \/ Yoast SEO plugin. -->","yoast_head_json":{"title":"Papszentel\u00e9seket tartottak Esztergomban","robots":{"index":"index","follow":"follow","max-snippet":"max-snippet:-1","max-image-preview":"max-image-preview:large","max-video-preview":"max-video-preview:-1"},"canonical":"https:\/\/dorogimedence.hu\/index.php\/2022\/06\/20\/papszenteleseket-tartottak-esztergomban\/","og_locale":"hu_HU","og_type":"article","og_title":"Papszentel\u00e9seket tartottak Esztergomban","og_description":"H\u00e1rom papot \u00e9s k\u00e9t diak\u00f3nust szentelt fel a f\u0151egyh\u00e1zmegye szolg\u00e1lat\u00e1ra j\u00fanius 18-\u00e1n, szombaton az Esztergomi Bazilik\u00e1ban Erd\u0151 P\u00e9ter b\u00edboros, pr\u00edm\u00e1s. Az esem\u00e9nyen sz\u00e1mos egyh\u00e1zi m\u00e9lt\u00f3s\u00e1g megjelent, k\u00f6zt\u00fck jubil\u00e1ns papok is \u2013 \u00edrja az Esztergom-Budapesti F\u0151egyh\u00e1zmegye a honlapj\u00e1n. \u00c1ldoz\u00f3papp\u00e1 szentelte szombaton Erd\u0151 P\u00e9ter b\u00edboros, pr\u00edm\u00e1s B\u00e1rsony \u00c1rp\u00e1d, Farkas Ferenc \u00c1kos \u00e9s Sz\u0171cs B\u00e1lint G\u00e9za diak\u00f3nusokat, illetve","og_url":"https:\/\/dorogimedence.hu\/index.php\/2022\/06\/20\/papszenteleseket-tartottak-esztergomban\/","og_site_name":"Dorogi-medence Region\u00e1lis H\u00edrport\u00e1l","article_publisher":"https:\/\/www.facebook.com\/dorogimedence\/","article_published_time":"2022-06-20T09:26:04+00:00","article_modified_time":"2022-06-20T09:31:17+00:00","og_image":[{"width":1500,"height":856,"url":"https:\/\/i0.wp.com\/dorogimedence.hu\/wp-content\/uploads\/2022\/06\/papszenteles-01.jpg?fit=1500%2C856&ssl=1","type":"image\/jpeg"}],"author":"dorogimedence.hu","twitter_card":"summary_large_image","twitter_misc":{"Szerz\u0151:":"dorogimedence.hu","Becs\u00fclt olvas\u00e1si id\u0151":"3 perc"},"schema":{"@context":"https:\/\/schema.org","@graph":[{"@type":"Article","@id":"https:\/\/dorogimedence.hu\/index.php\/2022\/06\/20\/papszenteleseket-tartottak-esztergomban\/#article","isPartOf":{"@id":"https:\/\/dorogimedence.hu\/index.php\/2022\/06\/20\/papszenteleseket-tartottak-esztergomban\/"},"author":{"name":"dorogimedence.hu","@id":"https:\/\/dorogimedence.hu\/#\/schema\/person\/ce6091eeb7e95ecdc87890d6aa8e0fd4"},"headline":"Papszentel\u00e9seket tartottak Esztergomban","datePublished":"2022-06-20T09:26:04+00:00","dateModified":"2022-06-20T09:31:17+00:00","mainEntityOfPage":{"@id":"https:\/\/dorogimedence.hu\/index.php\/2022\/06\/20\/papszenteleseket-tartottak-esztergomban\/"},"wordCount":594,"publisher":{"@id":"https:\/\/dorogimedence.hu\/#organization"},"image":{"@id":"https:\/\/dorogimedence.hu\/index.php\/2022\/06\/20\/papszenteleseket-tartottak-esztergomban\/#primaryimage"},"thumbnailUrl":"https:\/\/dorogimedence.hu\/wp-content\/uploads\/2022\/06\/papszenteles-01.jpg","keywords":["Erd\u0151 P\u00e9ter","esztergom","esztergomi bazilika","featured","katolikus egyh\u00e1z","papszentel\u00e9s"],"articleSection":["Esztergom","H\u00edrek"],"inLanguage":"hu"},{"@type":"WebPage","@id":"https:\/\/dorogimedence.hu\/index.php\/2022\/06\/20\/papszenteleseket-tartottak-esztergomban\/","url":"https:\/\/dorogimedence.hu\/index.php\/2022\/06\/20\/papszenteleseket-tartottak-esztergomban\/","name":"Papszentel\u00e9seket tartottak Esztergomban","isPartOf":{"@id":"https:\/\/dorogimedence.hu\/#website"},"primaryImageOfPage":{"@id":"https:\/\/dorogimedence.hu\/index.php\/2022\/06\/20\/papszenteleseket-tartottak-esztergomban\/#primaryimage"},"image":{"@id":"https:\/\/dorogimedence.hu\/index.php\/2022\/06\/20\/papszenteleseket-tartottak-esztergomban\/#primaryimage"},"thumbnailUrl":"https:\/\/dorogimedence.hu\/wp-content\/uploads\/2022\/06\/papszenteles-01.jpg","datePublished":"2022-06-20T09:26:04+00:00","dateModified":"2022-06-20T09:31:17+00:00","breadcrumb":{"@id":"https:\/\/dorogimedence.hu\/index.php\/2022\/06\/20\/papszenteleseket-tartottak-esztergomban\/#breadcrumb"},"inLanguage":"hu","potentialAction":[{"@type":"ReadAction","target":["https:\/\/dorogimedence.hu\/index.php\/2022\/06\/20\/papszenteleseket-tartottak-esztergomban\/"]}]},{"@type":"ImageObject","inLanguage":"hu","@id":"https:\/\/dorogimedence.hu\/index.php\/2022\/06\/20\/papszenteleseket-tartottak-esztergomban\/#primaryimage","url":"https:\/\/dorogimedence.hu\/wp-content\/uploads\/2022\/06\/papszenteles-01.jpg","contentUrl":"https:\/\/dorogimedence.hu\/wp-content\/uploads\/2022\/06\/papszenteles-01.jpg","width":1500,"height":856},{"@type":"BreadcrumbList","@id":"https:\/\/dorogimedence.hu\/index.php\/2022\/06\/20\/papszenteleseket-tartottak-esztergomban\/#breadcrumb","itemListElement":[{"@type":"ListItem","position":1,"name":"Kezd\u0151lap","item":"https:\/\/dorogimedence.hu\/"},{"@type":"ListItem","position":2,"name":"Papszentel\u00e9seket tartottak Esztergomban"}]},{"@type":"WebSite","@id":"https:\/\/dorogimedence.hu\/#website","url":"https:\/\/dorogimedence.hu\/","name":"Dorogi-medence Region\u00e1lis H\u00edrport\u00e1l","description":"Dorog, Keszt\u00f6lc, Le\u00e1nyv\u00e1r, Piliscs\u00e9v, Tokod, Tokodalt\u00e1r\u00f3, Csolnok, Esztergom-kertv\u00e1ros: h\u00edrek, programok","publisher":{"@id":"https:\/\/dorogimedence.hu\/#organization"},"potentialAction":[{"@type":"SearchAction","target":{"@type":"EntryPoint","urlTemplate":"https:\/\/dorogimedence.hu\/?s={search_term_string}"},"query-input":{"@type":"PropertyValueSpecification","valueRequired":true,"valueName":"search_term_string"}}],"inLanguage":"hu"},{"@type":"Organization","@id":"https:\/\/dorogimedence.hu\/#organization","name":"Dorogi-medence Region\u00e1lis H\u00edrport\u00e1l","url":"https:\/\/dorogimedence.hu\/","logo":{"@type":"ImageObject","inLanguage":"hu","@id":"https:\/\/dorogimedence.hu\/#\/schema\/logo\/image\/","url":"https:\/\/dorogimedence.hu\/wp-content\/uploads\/2021\/04\/logo-feher-600.png","contentUrl":"https:\/\/dorogimedence.hu\/wp-content\/uploads\/2021\/04\/logo-feher-600.png","width":600,"height":100,"caption":"Dorogi-medence Region\u00e1lis H\u00edrport\u00e1l"},"image":{"@id":"https:\/\/dorogimedence.hu\/#\/schema\/logo\/image\/"},"sameAs":["https:\/\/www.facebook.com\/dorogimedence\/"]},{"@type":"Person","@id":"https:\/\/dorogimedence.hu\/#\/schema\/person\/ce6091eeb7e95ecdc87890d6aa8e0fd4","name":"dorogimedence.hu","image":{"@type":"ImageObject","inLanguage":"hu","@id":"\/\/www.gravatar.com\/avatar\/d8d45f8901aadff40a4af72c0b826f1d?s=96&#038;r=g&#038;d=mm","url":"\/\/www.gravatar.com\/avatar\/d8d45f8901aadff40a4af72c0b826f1d?s=96&#038;r=g&#038;d=mm","contentUrl":"\/\/www.gravatar.com\/avatar\/d8d45f8901aadff40a4af72c0b826f1d?s=96&#038;r=g&#038;d=mm","caption":"dorogimedence.hu"}}]}},"_links":{"self":[{"href":"https:\/\/dorogimedence.hu\/index.php\/wp-json\/wp\/v2\/posts\/43899","targetHints":{"allow":["GET"]}}],"collection":[{"href":"https:\/\/dorogimedence.hu\/index.php\/wp-json\/wp\/v2\/posts"}],"about":[{"href":"https:\/\/dorogimedence.hu\/index.php\/wp-json\/wp\/v2\/types\/post"}],"author":[{"embeddable":true,"href":"https:\/\/dorogimedence.hu\/index.php\/wp-json\/wp\/v2\/users\/1"}],"replies":[{"embeddable":true,"href":"https:\/\/dorogimedence.hu\/index.php\/wp-json\/wp\/v2\/comments?post=43899"}],"version-history":[{"count":0,"href":"https:\/\/dorogimedence.hu\/index.php\/wp-json\/wp\/v2\/posts\/43899\/revisions"}],"wp:featuredmedia":[{"embeddable":true,"href":"https:\/\/dorogimedence.hu\/index.php\/wp-json\/wp\/v2\/media\/43900"}],"wp:attachment":[{"href":"https:\/\/dorogimedence.hu\/index.php\/wp-json\/wp\/v2\/media?parent=43899"}],"wp:term":[{"taxonomy":"category","embeddable":true,"href":"https:\/\/dorogimedence.hu\/index.php\/wp-json\/wp\/v2\/categories?post=43899"},{"taxonomy":"post_tag","embeddable":true,"href":"https:\/\/dorogimedence.hu\/index.php\/wp-json\/wp\/v2\/tags?post=43899"}],"curies":[{"name":"wp","href":"https:\/\/api.w.org\/{rel}","templated":true}]}}