{"id":43849,"date":"2022-06-20T07:01:01","date_gmt":"2022-06-20T05:01:01","guid":{"rendered":"https:\/\/dorogimedence.hu\/?p=43849"},"modified":"2022-06-20T17:00:19","modified_gmt":"2022-06-20T15:00:19","slug":"10-eve-tortent-180-fokos-fordulatot-veve-bajnoki-ezustermes-lett-a-dorogi-fc","status":"publish","type":"post","link":"https:\/\/dorogimedence.hu\/index.php\/2022\/06\/20\/10-eve-tortent-180-fokos-fordulatot-veve-bajnoki-ezustermes-lett-a-dorogi-fc\/","title":{"rendered":"10 \u00e9ve t\u00f6rt\u00e9nt: 180 fokos fordulatot v\u00e9ve bajnoki ez\u00fcst\u00e9rmes lett a Dorogi FC"},"content":{"rendered":"<p style=\"text-align: justify;\"><strong>Ritk\u00e1n fordul el\u0151 egy nagym\u00falt\u00fa, komoly \u00e9lvonalbeli \u00e9s nemzetk\u00f6zi sikereket el\u00e9rt klubn\u00e1l, hogy kiemelten eml\u00e9kezzen meg egy harmadoszt\u00e1lyban szerzett bajnoki m\u00e1sodik helyez\u00e9s\u00e9r\u0151l. Ez minden bizonnyal Dorogon sem t\u00f6rt\u00e9nne \u00edgy, amennyiben nem annyira m\u00e9lyr\u0151l kellett volna \u00e9p\u00edtkezni\u00fck. A Dorogi FC kerek egy \u00e9vtizeden \u00e1t tart\u00f3 k\u00ednl\u00f3d\u00e1sa \u00e9s veget\u00e1l\u00e1sa ut\u00e1n azonban \u00fajra felragyogott a piros-feket\u00e9k csillaga, amely egyben megalapozta a sikeresnek mondhat\u00f3 jelent is.<\/strong><\/p>\n<p style=\"text-align: justify;\">2002-ben elb\u00facs\u00fazott a dorogi labdar\u00fag\u00f3 csapat a m\u00e1sodoszt\u00e1lyt\u00f3l, amelynek els\u0151sorban anyagi okai voltak. A helyzet tov\u00e1bb romlott, hiszen 2003-ban a tabell\u00e1n egy\u00e9bk\u00e9nt el\u0151kel\u0151 helyen v\u00e9gzett g\u00e1rda vezet\u0151s\u00e9ge maga k\u00e9rte a Sz\u00f6vets\u00e9gt\u0151l az egy oszt\u00e1llyal lejebb t\u00f6rt\u00e9n\u0151 besorol\u00e1s\u00e1t. Ezzel t\u00f6rt\u00e9net\u00e9nek m\u00e9lypontj\u00e1t \u00e9rte el a dorogik klub, amely a fenntarthat\u00f3s\u00e1ga miatt k\u00e9nytelen volt mag\u00e1t sz\u00e1m\u0171zetettni a honi labdar\u00fag\u00e1s negyedik vonal\u00e1ba, ahol k\u00e9t \u00e9vadot h\u00fazott le. Az \u00e1tszervez\u00e9seknek k\u00f6sz\u00f6nhet\u0151en val\u00f3di oszt\u00e1lyv\u00e1lt\u00e1s n\u00e9lk\u00fcl is 2005-t\u0151l az NB III-ban folytathatt\u00e1k, ahol a 2006\u20132007-es \u00e9vadot lesz\u00e1m\u00edtva, rendre a mez\u0151ny als\u00f3 r\u00e9gi\u00f3j\u00e1hoz tartozott. Keserves \u00e9vek voltak, minim\u00e1lis siker\u00e9lm\u00e9nnyel, majd a 2010\u201311-es \u00e9vad v\u00e9g\u00e9n pap\u00edron ki is esett volna a harmadoszt\u00e1lyb\u00f3l, azonban visszal\u00e9p\u00e9sek miatt m\u00e9gis maradhatott. Az egyes\u00fclet viszont \u00e9lt a lehet\u0151s\u00e9ggel \u00e9s szinte var\u00e1zs\u00fct\u00e9sre minden megv\u00e1ltozott a piros-feket\u00e9k h\u00e1za t\u00e1j\u00e1n.<\/p>\n<p><img fetchpriority=\"high\" decoding=\"async\" class=\"aligncenter wp-image-43854 \" src=\"https:\/\/dorogimedence.hu\/wp-content\/uploads\/2022\/06\/FC_Dorog_2011-12..jpg\" alt=\"\" width=\"669\" height=\"445\" srcset=\"https:\/\/dorogimedence.hu\/wp-content\/uploads\/2022\/06\/FC_Dorog_2011-12..jpg 520w, https:\/\/dorogimedence.hu\/wp-content\/uploads\/2022\/06\/FC_Dorog_2011-12.-300x200.jpg 300w, https:\/\/dorogimedence.hu\/wp-content\/uploads\/2022\/06\/FC_Dorog_2011-12.-150x100.jpg 150w, https:\/\/dorogimedence.hu\/wp-content\/uploads\/2022\/06\/FC_Dorog_2011-12.-450x299.jpg 450w, https:\/\/dorogimedence.hu\/wp-content\/uploads\/2022\/06\/FC_Dorog_2011-12.-272x182.jpg 272w\" sizes=\"(max-width: 669px) 100vw, 669px\" \/><\/p>\n<p style=\"text-align: center;\"><span style=\"font-size: 10pt;\"><em>A 2011\u201312-es \u00e9vad dorogi csapata az \u0151szi szezonkezdet el\u0151tt 2011 augusztus\u00e1ban<\/em><\/span><\/p>\n<p style=\"text-align: justify;\">2011 nyar\u00e1n a klub aleln\u00f6ke, Mayer L\u00e1szl\u00f3 ind\u00edtv\u00e1nyozott egy \u00e1ltal\u00e1nos felemelked\u00e9shez sz\u00fcks\u00e9ges koncepci\u00f3v\u00e1lt\u00e1st. A klub \u00e9let\u00e9ben sok minden \u00faj alapokra helyez\u0151d\u00f6tt \u00e9s megkezd\u0151d\u00f6tt a tudatos j\u00f6v\u0151 ki\u00e9p\u00edt\u00e9se. A kor\u00e1bban Dorogon is j\u00e1tszott, majd akt\u00edv labdar\u00fag\u00f3 p\u00e1lyafut\u00e1s\u00e1t k\u00f6vet\u0151en T\u00f6r\u00f6kb\u00e1linton edz\u0151sk\u00f6d\u0151 Miskei Attil\u00e1t h\u00edvt\u00e1k a csapat \u00e9l\u00e9re vezet\u0151edz\u0151k\u00e9nt, aki n\u00e9h\u00e1ny j\u00e1t\u00e9kos\u00e1t is mag\u00e1val hozott. A dorogi csapat magja v\u00e1ltozatlanul megmaradt, k\u00f6zt\u00fck t\u00f6bben is \u00e9vek \u00f3ta Dorogon j\u00e1tszottak, s az \u00fajonan \u00e9rkez\u0151kkel kialakult a v\u00e9gleges keret. A koreln\u00f6k \u00e9s nagy id\u0151szakot \u00e1t\u00f6lel\u0151, \u00f6sszek\u00f6t\u0151 labdar\u00fag\u00f3k\u00e9nt, Farag\u00f3 Szabolcs, aki egyben a csapatkapit\u00e1ny is volt, 1996 \u00f3ta j\u00e1tszott Dorogon.<\/p>\n<p><img decoding=\"async\" class=\"aligncenter wp-image-43855 \" src=\"https:\/\/dorogimedence.hu\/wp-content\/uploads\/2022\/06\/Dorogi_ultrak.jpg\" alt=\"\" width=\"670\" height=\"502\" srcset=\"https:\/\/dorogimedence.hu\/wp-content\/uploads\/2022\/06\/Dorogi_ultrak.jpg 960w, https:\/\/dorogimedence.hu\/wp-content\/uploads\/2022\/06\/Dorogi_ultrak-300x225.jpg 300w, https:\/\/dorogimedence.hu\/wp-content\/uploads\/2022\/06\/Dorogi_ultrak-768x576.jpg 768w, https:\/\/dorogimedence.hu\/wp-content\/uploads\/2022\/06\/Dorogi_ultrak-150x113.jpg 150w, https:\/\/dorogimedence.hu\/wp-content\/uploads\/2022\/06\/Dorogi_ultrak-450x338.jpg 450w\" sizes=\"(max-width: 670px) 100vw, 670px\" \/><\/p>\n<p style=\"text-align: center;\"><span style=\"font-size: 10pt;\"><em>A dorogi kem\u00e9nymag mindig, mindenhol ott volt \u00e9s b\u00edztatta a csapatot. Itt \u00e9ppen T\u00f6r\u00f6kb\u00e1linton<\/em><\/span><\/p>\n<p style=\"text-align: justify;\">A 2011. augusztus 21-\u00e9n indul\u00f3 bajnoki nyit\u00e1nyon a r\u00e9gi ellenl\u00e1bas, mindig kem\u00e9ny ellenf\u00e9lnek sz\u00e1m\u00edt\u00f3 ESMTK vend\u00e9gek\u00e9nt g\u00f3l n\u00e9lk\u00fcli d\u00f6ntetlent \u00e9rtek el, majd k\u00e9t nagyszer\u0171 gy\u0151zelemmel folytatva igaz\u00e1n sikeres rajtot vettek, r\u00e1ad\u00e1sul m\u00e9g g\u00f3lt sem kaptak. Mindez kiv\u00e1l\u00f3 alapot teremtett a tov\u00e1bbi rem\u00e9nyteljes folytat\u00e1shoz, amely olyannyira sikeresnek bizonyult, hogy a 12. fordul\u00f3val bez\u00e1r\u00f3an nem csak veretlenek maradtak, de a m\u00e9rk\u0151z\u00e9sek d\u00f6nt\u0151 r\u00e9sz\u00e9t meg is nyert\u00e9k. Ennek megfelel\u0151en mindv\u00e9gig az \u00e9lbolyban tany\u00e1ztak, s\u0151t a 10. fordul\u00f3t\u00f3l az \u00e9lre ugrottak, mik\u00f6zben mind\u00f6ssze 5 g\u00f3lt kaptak. A szezon sor\u00e1n az \u00c9rd sz\u00e1m\u00edtott a legnagyobb riv\u00e1lisnak, amely szint\u00e9n \u00e9llovas is volt. Az egym\u00e1s elleni dorogi rangad\u00f3n, a 13. fordul\u00f3ban kaptak ki Miskei tan\u00edtv\u00e1nyai el\u0151sz\u00f6r, egyben utolj\u00e1ra az \u0151szi id\u0151szakban. Ez is csak egy minim\u00e1lis 1\u20130-\u00e1s veres\u00e9g volt egy olyan m\u00e9rk\u0151z\u00e9sen, ahol fej-fej melletti k\u00fczdelemben, t\u00f6bb dorogi helyzet \u00e9s egy kapufa ellen\u00e9re, a szerencs\u00e9sebb csapat ker\u00fclt ki gy\u0151ztesen. A becs\u00faszott veres\u00e9g cseppet sem jelentett kisikl\u00e1st, ugyanis a soronl\u00e9v\u0151 fordul\u00f3kat is sikerrel vett\u00e9k \u00e9s a 3. helyen \u00e1llva t\u00e9rtek a t\u00e9li sz\u00fcnetre.<\/p>\n<p><img decoding=\"async\" class=\"aligncenter wp-image-43858 \" src=\"https:\/\/dorogimedence.hu\/wp-content\/uploads\/2022\/06\/Dorog_in_2011-1024x671.jpg\" alt=\"\" width=\"663\" height=\"434\" srcset=\"https:\/\/dorogimedence.hu\/wp-content\/uploads\/2022\/06\/Dorog_in_2011-1024x671.jpg 1024w, https:\/\/dorogimedence.hu\/wp-content\/uploads\/2022\/06\/Dorog_in_2011-300x197.jpg 300w, https:\/\/dorogimedence.hu\/wp-content\/uploads\/2022\/06\/Dorog_in_2011-768x503.jpg 768w, https:\/\/dorogimedence.hu\/wp-content\/uploads\/2022\/06\/Dorog_in_2011-1536x1006.jpg 1536w, https:\/\/dorogimedence.hu\/wp-content\/uploads\/2022\/06\/Dorog_in_2011-150x98.jpg 150w, https:\/\/dorogimedence.hu\/wp-content\/uploads\/2022\/06\/Dorog_in_2011-450x295.jpg 450w, https:\/\/dorogimedence.hu\/wp-content\/uploads\/2022\/06\/Dorog_in_2011-1200x786.jpg 1200w, https:\/\/dorogimedence.hu\/wp-content\/uploads\/2022\/06\/Dorog_in_2011.jpg 1636w\" sizes=\"(max-width: 663px) 100vw, 663px\" \/><\/p>\n<p style=\"text-align: center;\"><span style=\"font-size: 10pt;\">Kiv\u00e1l\u00f3 \u00e9s er\u0151s csapategys\u00e9g jellemezte a dorogiakat az eg\u00e9sz \u00e9vad sor\u00e1n<\/span><\/p>\n<p style=\"text-align: justify;\">A tavaszi folytat\u00e1st megel\u0151z\u0151en visszat\u00e9rt a kor\u00e1bban m\u00e1r Dorogon j\u00e1tsz\u00f3 Vigh \u00c1d\u00e1m, aki j\u00f3p\u00e1r \u00e9vet Ausztri\u00e1ban l\u00e9gi\u00f3skodott. A kiv\u00e1l\u00f3 fizikai adotts\u00e1gokkal rendelkez\u0151 \u00e9s gyors t\u00e1mad\u00f3 igen g\u00f3l\u00e9rz\u00e9keny volt. Ontotta a g\u00f3lokat az osztr\u00e1k harmadoszt\u00e1lyban, amelyet Dorogon is folytatni k\u00edv\u00e1nt \u00e9s a vez\u00e9rkar is ezt v\u00e1rta t\u0151le. Szint\u00e9n a t\u00e9li sz\u00fcnetben \u00e9rkezett az NB I-es m\u00falttal is rendelkezett T\u00f3th Zolt\u00e1n, aki kor\u00e1bban j\u00e1tszott Zalaegerszegen \u00e9s Tatab\u00e1ny\u00e1n. Ugyanakkor az edz\u0151meccsek sor\u00e1n sajn\u00e1latos s\u00e9r\u00fcl\u00e9st szenvedett N\u00e1sz Szil\u00e1rd, aki meghat\u00e1roz\u00f3 tagja volt a csapatnak \u0151sszel, a tavaszi szezont viszont jobb\u00e1ra ki kellett hagynia.<\/p>\n<p><img loading=\"lazy\" decoding=\"async\" class=\"aligncenter wp-image-43862 \" src=\"https:\/\/dorogimedence.hu\/wp-content\/uploads\/2022\/06\/ujsagcikk-1-1024x677.jpg\" alt=\"\" width=\"661\" height=\"437\" srcset=\"https:\/\/dorogimedence.hu\/wp-content\/uploads\/2022\/06\/ujsagcikk-1-1024x677.jpg 1024w, https:\/\/dorogimedence.hu\/wp-content\/uploads\/2022\/06\/ujsagcikk-1-300x198.jpg 300w, https:\/\/dorogimedence.hu\/wp-content\/uploads\/2022\/06\/ujsagcikk-1-768x508.jpg 768w, https:\/\/dorogimedence.hu\/wp-content\/uploads\/2022\/06\/ujsagcikk-1-150x99.jpg 150w, https:\/\/dorogimedence.hu\/wp-content\/uploads\/2022\/06\/ujsagcikk-1-450x298.jpg 450w, https:\/\/dorogimedence.hu\/wp-content\/uploads\/2022\/06\/ujsagcikk-1-1200x794.jpg 1200w, https:\/\/dorogimedence.hu\/wp-content\/uploads\/2022\/06\/ujsagcikk-1.jpg 1382w\" sizes=\"(max-width: 661px) 100vw, 661px\" \/><\/p>\n<p style=\"text-align: center;\"><em><span style=\"font-size: 10pt;\">A tavaszi szezonra k\u00e9sz\u00fcl\u0151 dorogiakr\u00f3l sz\u00f3l\u00f3 \u00fajs\u00e1gcikk-r\u00e9szlet<\/span><\/em><\/p>\n<p style=\"text-align: justify;\">A szezonnak m\u00e1r \u00fagy v\u00e1gott neki a csapat, mint a mez\u0151ny egyik legnagyobb favoritja. Az eredm\u00e9nyess\u00e9g ez\u00fattal sem maradt el, szinte megism\u00e9telte a kiv\u00e1l\u00f3 \u0151szi teljesjtm\u00e9ny\u00e9t a g\u00e1rda, s\u0151t m\u00e9g j\u00f3n\u00e9h\u00e1ny ponttal t\u00fal is sz\u00e1rnyalta. Azonban nem csak az eredm\u00e9nyess\u00e9g ter\u00e9n t\u00f6rt\u00e9nt \u00f6sszehasonl\u00edthatatlanul nagy el\u0151rel\u00e9p\u00e9s az elm\u00falt \u00e9vekhez k\u00e9pest, de a mutatott j\u00e1t\u00e9k ter\u00e9n rengeteget fejl\u0151dtek. Minden csapatr\u00e9sz biztosan funkcion\u00e1lt. A v\u00e9dekez\u00e9sben \u00e9s t\u00e1mad\u00e1sban egyar\u00e1nt javult m\u00e9g a sikeres \u0151szi produkci\u00f3hoz k\u00e9pest is. Csapatilag is nagyon egy\u00fctt volt a g\u00e1rda \u00e9s sz\u00edvvel-l\u00e9lekkel k\u00fczd\u00f6ttek. Fazont kapott \u00e9s \u00e9lvezhet\u0151 st\u00edlusa lett a csapatnak, amely minden m\u00e9rk\u0151z\u00e9s\u00e9n t\u00e1mad\u00f3lag \u00e9s gy\u0151zelemre t\u00f6rve l\u00e9pett fel. A tavaszi szezon 4. fordul\u00f3j\u00e1t\u00f3l egy h\u00e9t egym\u00e1st k\u00f6vet\u0151 nagyszer\u0171 gy\u0151zelmi sorozatot produk\u00e1ltak, k\u00f6zben mindv\u00e9gig szorosan a listavezet\u0151 \u00c9rddel l\u00e9p\u00e9st tartva, a bajnoki c\u00edmre is es\u00e9lyesek voltak.<\/p>\n<p><img loading=\"lazy\" decoding=\"async\" class=\"aligncenter wp-image-43868 \" src=\"https:\/\/dorogimedence.hu\/wp-content\/uploads\/2022\/06\/Meccsplakat-746x1024.jpg\" alt=\"\" width=\"581\" height=\"798\" srcset=\"https:\/\/dorogimedence.hu\/wp-content\/uploads\/2022\/06\/Meccsplakat-746x1024.jpg 746w, https:\/\/dorogimedence.hu\/wp-content\/uploads\/2022\/06\/Meccsplakat-219x300.jpg 219w, https:\/\/dorogimedence.hu\/wp-content\/uploads\/2022\/06\/Meccsplakat-768x1054.jpg 768w, https:\/\/dorogimedence.hu\/wp-content\/uploads\/2022\/06\/Meccsplakat-150x206.jpg 150w, https:\/\/dorogimedence.hu\/wp-content\/uploads\/2022\/06\/Meccsplakat-450x618.jpg 450w, https:\/\/dorogimedence.hu\/wp-content\/uploads\/2022\/06\/Meccsplakat.jpg 800w\" sizes=\"(max-width: 581px) 100vw, 581px\" \/><\/p>\n<p style=\"text-align: center;\"><em><span style=\"font-size: 10pt;\">Hazai meccsplak\u00e1t ebb\u0151l az \u00e9vadb\u00f3l<\/span><\/em><\/p>\n<p style=\"text-align: justify;\">Ak\u00e1rcsak \u0151sszel, ez\u00fattal is csak az \u00c9rd ellen kaptak ki, s most is csak 1 : 0 ar\u00e1nyban egy igazi rangad\u00f3t hoz\u00f3 meccsen. Az utols\u00f3 el\u0151tti fordul\u00f3ban, a T\u00f6r\u00f6kb\u00e1lint legy\u0151z\u00e9s\u00e9vel biztos\u00edtott\u00e1k be a 2. hely\u00fcket, r\u00e1ad\u00e1sk\u00e9nt pedig a z\u00e1r\u00f3fordul\u00f3ban is nyertek idegenben, a Biatorb\u00e1gy vend\u00e9gek\u00e9nt. V\u00e9g\u00fcl 7 ponttal a bajnok \u00c9rd m\u00f6g\u00f6tt l\u00e9phettek fel a dobog\u00f3 m\u00e1sodik fok\u00e1ra, a 2012. j\u00fanius 16-\u00e1n lej\u00e1tszott z\u00e1r\u00f3fordul\u00f3t k\u00f6vet\u0151en. A vet\u00e9lyt\u00e1rssal szembeni pontk\u00fcl\u00f6nbs\u00e9g gyakorlatilag az \u00e9rdiek kett\u0151s gy\u0151zelm\u00e9b\u0151l fakadt. Azonban a dorogiak szenvedt\u00e9k el a legkevesebb veres\u00e9get &#8211; az eml\u00edtett k\u00e9t tal\u00e1lkoz\u00f3 sor\u00e1n &#8211; \u00e9s ugyancsak messze a legkevesebb, mind\u00f6ssze 14 g\u00f3lt kaptak az 51 szerzett tal\u00e1latuk mellett. A m\u00e9rk\u0151z\u00e9sek k\u00e9tharmad\u00e1t megnyert\u00e9k. Kereken 20 alkalommal hagyt\u00e1k el gy\u0151ztesen a j\u00e1t\u00e9kteret a 30 fordul\u00f3 sor\u00e1n \u00e9s tov\u00e1bbi 8 tal\u00e1lkoz\u00f3juk v\u00e9gz\u0151d\u00f6tt d\u00f6ntetlenre. Mindk\u00e9t szezonban hazai p\u00e1ly\u00e1n egyar\u00e1nt csak egy d\u00f6ntetlenj\u00fck volt, a t\u00f6bbit megnyert\u00e9k, de idegenben is sikeresek voltak. \u00d6sszesen nyolc ellenfel\u00fck otthon\u00e1ban siker\u00fclt gy\u0151zni\u00fck. T\u00f6bbsz\u00f6r is 3 : 0 ar\u00e1ny\u00fa gy\u0151zelmet aratott a csapat, egy \u00edzben pedig 4 g\u00f3lig jutott odahaza, a legt\u00f6bb r\u00fagott g\u00f3lja pedig idegenben sz\u00fcletett a III. Ker\u00fcleti TVE ellen, ahol \u00f6t g\u00f3lt v\u00e1gtak a dorogiak. Vigh remek\u00fcl t\u00e9rt vissza, aki f\u00e9l szezon alatt is h\u00e1zi g\u00f3lkir\u00e1ly lett. A hazai m\u00e9rk\u0151z\u00e9seit szombatonk\u00e9nt j\u00e1tszott\u00e1k. Az \u00e9vadhoz tartozott egy rendk\u00edv\u00fcl sportszer\u0171tlen esem\u00e9ny is. A Tatab\u00e1ny\u00e1n rendezett S\u00e1ris\u00e1p-TASK elleni megyei rangad\u00f3t k\u00f6vet\u0151en az egyik ellenf\u00e9l szurkol\u00f3 lefejelte v\u00e9d\u0151nket, Csirinyi Zsoltot, akinek k\u00e9t helyen is elt\u00f6rt az orrcsontja. Az incidenset k\u00f6vet\u0151en a dorogi szurkol\u00f3k el\u00e9gt\u00e9telt akartak venni, s lincshangulatban t\u00e1madtak a hazai drukkerek fel\u00e9, \u00e1m a rend\u0151rs\u00e9g m\u00e9g id\u0151ben k\u00f6zbel\u00e9pett. A nagyobb botr\u00e1ny \u00edgy elmaradt, Csirinyi viszont a h\u00e1tral\u00e9v\u0151 n\u00e9gy fordul\u00f3ban nem l\u00e9phetett p\u00e1ly\u00e1ra.<\/p>\n<p><img loading=\"lazy\" decoding=\"async\" class=\"aligncenter wp-image-43857 \" src=\"https:\/\/dorogimedence.hu\/wp-content\/uploads\/2022\/06\/Dorog_szurk-1.jpg\" alt=\"\" width=\"667\" height=\"500\" srcset=\"https:\/\/dorogimedence.hu\/wp-content\/uploads\/2022\/06\/Dorog_szurk-1.jpg 960w, https:\/\/dorogimedence.hu\/wp-content\/uploads\/2022\/06\/Dorog_szurk-1-300x225.jpg 300w, https:\/\/dorogimedence.hu\/wp-content\/uploads\/2022\/06\/Dorog_szurk-1-768x576.jpg 768w, https:\/\/dorogimedence.hu\/wp-content\/uploads\/2022\/06\/Dorog_szurk-1-150x113.jpg 150w, https:\/\/dorogimedence.hu\/wp-content\/uploads\/2022\/06\/Dorog_szurk-1-450x338.jpg 450w\" sizes=\"(max-width: 667px) 100vw, 667px\" \/><\/p>\n<p style=\"text-align: center;\"><span style=\"font-size: 10pt;\"><em>A dorogi szurkol\u00f3k \u00c9rden\u00a0<\/em><\/span><\/p>\n<p style=\"text-align: justify;\">Az \u00e9vadban el\u00e9rt eredm\u00e9ny \u00e9s a mutatott j\u00e1t\u00e9k \u00f3ri\u00e1si el\u0151rel\u00e9p\u00e9s volt a kor\u00e1bbi kerek egy \u00e9vtizedes id\u0151szakban megszokott szerepl\u00e9shez k\u00e9pest. Az egy \u00e9vvel kor\u00e1bbi kies\u0151jel\u00f6lt g\u00e1rda ez\u00fattal a bajnoki c\u00edm\u00e9rt volt versenyben. Egy\u00e9bk\u00e9nt a bajnok \u00c9rd nem tudta v\u00e1llani az NB II-es indul\u00e1st, \u00edgy a k\u00f6vetkez\u0151 \u00e9vadot tov\u00e1bbra is a harmadoszt\u00e1lyban kezdte. A sikeres \u00e9vadhoz egy sor egy\u00e9b pozit\u00edv v\u00e1ltoz\u00e1s, el\u0151rel\u00e9p\u00e9s is tartozott. A klub vezet\u0151s\u00e9ge a r\u00e9gi hagyom\u00e1nyok ment\u00e9n k\u00edv\u00e1nta korm\u00e1nyozni az egyes\u00fcletet, visszaszerezve \u00e9s hozva olyan k\u00f6r\u00edt\u00e9seket, amelyek r\u00e9gen is jellemezt\u00e9k a dorogi klubot \u00e9s emelve j\u00e1rultak hozz\u00e1 a m\u00e9rk\u0151z\u00e9sek lebonyol\u00edt\u00e1s\u00e1hoz. \u00dajra elindult a klub \u00e1ltal megjelentetett m\u0171sorf\u00fczet, amely imm\u00e1r igaz\u00e1n ig\u00e9nyes, sz\u00ednes form\u00e1ban l\u00e1tott napvil\u00e1got, tov\u00e1bb\u00e1 megint lehetett Dorog-z\u00e1szl\u00f3kat, s\u00e1lakat \u00e9s egy\u00e9b apr\u00f3bb szurkol\u00f3i erekly\u00e9ket v\u00e1s\u00e1rolni a stadionban fel\u00e1ll\u00edtott standokon. Szint\u00e9n emelte a hangulatot, hogy minden hazai m\u00e9rk\u0151z\u00e9s kezd\u0151r\u00fag\u00e1s\u00e1t egy-egy r\u00e9gi neves j\u00e1t\u00e9kosunk v\u00e9gzett el, Monostori Tivadart\u00f3l, Tak\u00e1cs Tibort\u00f3l \u00e9s Bartalos J\u00f3zseft\u0151l kezdve, Farszki Tiboron, Kiss Rudolfon, Ecker R\u00f3berten \u00e1t Borsos Zsoltig &#8211; egyetlen m\u00e9rk\u0151z\u00e9st\u0151l eltekintve &#8211; egym\u00e1st k\u00f6vett\u00e9k soron, amely mindannyiszor nagy ov\u00e1c\u00f3t v\u00e1ltott ki a k\u00f6z\u00f6ns\u00e9g soraiban. S ha m\u00e1r sz\u00f3ba ker\u00fclt, mindj\u00e1t ezen gondolatok ment\u00e9n \u00e9rdemes megjegyezni, hogy a drukkerek sz\u00e1ma is fokozatosan emelkedett, szinte meccsr\u0151l-meccsr\u0151l t\u00f6bben l\u00e1togattak el a m\u00e9rk\u0151z\u00e9sekre, \u00e1m nem csak a hazai, de az idegenbeli tal\u00e1lkoz\u00f3kra is igen sokan elk\u00eds\u00e9rt\u00e9k a csapatot. A szurkol\u00f3i kem\u00e9nymagb\u00f3l \u00faj ultra-csoport is szervez\u0151d\u00f6tt, m\u00e9gpedig Rosso-Nero Martelli n\u00e9ven, amely k\u00fcl\u00f6n kiemelten is hozz\u00e1j\u00e1rult a ragyog\u00f3 meccshangulathoz. Ezen fel\u00fcl a drukkerek is k\u00e9t kor\u00e1bbi szurkol\u00f3i hagyom\u00e1nyt \u00e9lesztettek \u00fajj\u00e1: Ism\u00e9t megv\u00e1lasztott\u00e1k a szezon legjobb dorogi j\u00e1t\u00e9kos\u00e1t &#8211; az \u0151sszel Frank Tam\u00e1s, tavasszal pedig Vigh \u00c1d\u00e1m szolg\u00e1lt r\u00e1 -, valamint a hazai m\u00e9rk\u0151z\u00e9sek sz\u00fcnet\u00e9ben \u00fajra volt 11-es r\u00fag\u00f3 p\u00e1rbaj a szurkol\u00f3knak. Tov\u00e1bbi, egyben kiemelked\u0151 pozit\u00edv v\u00e1ltoz\u00e1s volt a j\u00e1t\u00e9kt\u00e9r \u00fajraf\u00fcves\u00edt\u00e9se 2011 nyar\u00e1n, amely nagyon j\u00f3l siker\u00fclt.<\/p>\n<p><img loading=\"lazy\" decoding=\"async\" class=\"aligncenter wp-image-43863 \" src=\"https:\/\/dorogimedence.hu\/wp-content\/uploads\/2022\/06\/Kiss-Laci.jpg\" alt=\"\" width=\"559\" height=\"622\" srcset=\"https:\/\/dorogimedence.hu\/wp-content\/uploads\/2022\/06\/Kiss-Laci.jpg 549w, https:\/\/dorogimedence.hu\/wp-content\/uploads\/2022\/06\/Kiss-Laci-270x300.jpg 270w, https:\/\/dorogimedence.hu\/wp-content\/uploads\/2022\/06\/Kiss-Laci-150x167.jpg 150w, https:\/\/dorogimedence.hu\/wp-content\/uploads\/2022\/06\/Kiss-Laci-450x501.jpg 450w\" sizes=\"(max-width: 559px) 100vw, 559px\" \/><\/p>\n<p style=\"text-align: center;\"><span style=\"font-size: 10pt;\"><em>Kiss L\u00e1szl\u00f3 b\u00facs\u00faztat\u00e1sa az \u00e9vad utols\u00f3 hazai meccs\u00e9nek kezdet\u00e9n, aki csal\u00e1dj\u00e1val &#8211; k\u00f6zte a kisunok\u00e1j\u00e1val &#8211; egy\u00fctt vonult ki a gyepre.\u00a0<\/em><\/span><\/p>\n<p style=\"text-align: justify;\">Az \u00e9vad v\u00e9gezt\u00e9vel vonult vissza az akt\u00edv egyes\u00fcleti munk\u00e1t\u00f3l Kiss L\u00e1szl\u00f3, aki 1998 \u00f3ta folyamatosan t\u00f6lt\u00f6tt be meghat\u00e1roz\u00f3 tiszts\u00e9geket a dorogi klubn\u00e1l. Egykori kiv\u00e1l\u00f3 labdar\u00fag\u00f3nk ut\u00e1np\u00f3tl\u00e1s edz\u0151k\u00e9nt is tev\u00e9kenykedett a kor\u00e1bbi id\u0151szakokban, azonban a kilencvenes \u00e9vek utols\u00f3 \u00e9veit\u0151l kezdve 15 \u00e9vadon \u00e1t megszak\u00edt\u00e1s n\u00e9lk\u00fcl a klub\u00e9rt szorgoskodott. Technikai vezet\u0151k\u00e9nt kezdte 1998-ban, majd lett \u00fcgyvezet\u0151 igazgat\u00f3 is \u00e9s v\u00e9g\u00fcl szint\u00e9n technikai vezet\u0151k\u00e9nt fejezte be akt\u00edv szerepk\u00f6r\u00e9t a klubn\u00e1l. Az utols\u00f3 hazai meccs sor\u00e1n ker\u00fclt sor az \u00fcnnep\u00e9lyes b\u00facs\u00faztat\u00e1s\u00e1ra nyugd\u00edjba vonul\u00e1s\u00e1nak alkalm\u00e1b\u00f3l. Kiss L\u00e1szl\u00f3, azaz Cinci szem\u00e9lye kiemelked\u0151 \u00e9s meghat\u00e1roz\u00f3 volt a dorogi klub \u00e9let\u00e9ben \u00e9vtizedeken kereszt\u00fcl. Feladat\u00e1t mindig nagy odaad\u00e1ssal v\u00e9gezte, de azon fel\u00fcl is a rokonszenves emberi mentualit\u00e1sa a klub elismer\u00e9s\u00e9t, megbecs\u00fcl\u00e9s\u00e9t az ellenfelek \u00e9s magyar labdar\u00fag\u00e1s hivatalos k\u00f6reiben is tov\u00e1bb emelte. Sajn\u00e1latos m\u00f3don 2019 janu\u00e1rj\u00e1ban elhunyt, \u00edgy ez a cikk eml\u00e9ke el\u0151tt k\u00fcl\u00f6n is tiszteleg.<\/p>\n<p><img loading=\"lazy\" decoding=\"async\" class=\"aligncenter wp-image-43865 \" src=\"https:\/\/dorogimedence.hu\/wp-content\/uploads\/2022\/06\/lanyommal.jpg.crdownload-1-1024x632.jpg\" alt=\"\" width=\"668\" height=\"412\" srcset=\"https:\/\/dorogimedence.hu\/wp-content\/uploads\/2022\/06\/lanyommal.jpg.crdownload-1-1024x632.jpg 1024w, https:\/\/dorogimedence.hu\/wp-content\/uploads\/2022\/06\/lanyommal.jpg.crdownload-1-300x185.jpg 300w, https:\/\/dorogimedence.hu\/wp-content\/uploads\/2022\/06\/lanyommal.jpg.crdownload-1-768x474.jpg 768w, https:\/\/dorogimedence.hu\/wp-content\/uploads\/2022\/06\/lanyommal.jpg.crdownload-1-1536x948.jpg 1536w, https:\/\/dorogimedence.hu\/wp-content\/uploads\/2022\/06\/lanyommal.jpg.crdownload-1-150x93.jpg 150w, https:\/\/dorogimedence.hu\/wp-content\/uploads\/2022\/06\/lanyommal.jpg.crdownload-1-450x278.jpg 450w, https:\/\/dorogimedence.hu\/wp-content\/uploads\/2022\/06\/lanyommal.jpg.crdownload-1-1200x741.jpg 1200w, https:\/\/dorogimedence.hu\/wp-content\/uploads\/2022\/06\/lanyommal.jpg.crdownload-1.jpg 1698w\" sizes=\"(max-width: 668px) 100vw, 668px\" \/><\/p>\n<p style=\"text-align: center;\"><span style=\"font-size: 10pt;\"><em>A kezd\u0151r\u00fag\u00e1sunk elv\u00e9gz\u00e9se le\u00e1nyommal a RAFC elleni bajnokin 2012. \u00e1prilis 28<\/em>-\u00e1n<\/span><\/p>\n<p style=\"text-align: justify;\">Ritk\u00e1n fordul el\u0151, ha egy cikk\u00edr\u00f3 saj\u00e1t szem\u00e9ly\u00e9t k\u00fcl\u00f6n is belesz\u00f6vi a kordokument\u00e1ci\u00f3s dolgozat\u00e1ba. Tekintve, hogy id\u0151vel nagyon messze ker\u00fcltem haz\u00e1mt\u00f3l, \u00edgy tal\u00e1n megengedhet\u0151, hogy kiv\u00e9telt tegyek \u00e9s eln\u00e9zz\u00e9k nekem. Az Egyes\u00fclt \u00c1llamok nyugati partj\u00e1r\u00f3l t\u00e9rtem haza l\u00e1togat\u00f3ba 2012 tavasz\u00e1n, \u00f6t teljes h\u00e9tre. Ez \u00e9ppen arra az id\u0151szakra esett, amikor a csapat zsin\u00f3rban nyerte meccseit. Valamennyi otthon t\u00f6lt\u00f6tt id\u0151szakomban zajlott m\u00e9rk\u0151z\u00e9sre ell\u00e1togattam, amelyek rendre gy\u0151zelemmel z\u00e1rultak. A RAFC elleni hazai tal\u00e1lkoz\u00f3n pedig engem \u00e9rt az a megtiszteltet\u00e9s, hogy a m\u00e9rk\u0151z\u00e9s kezd\u0151r\u00fag\u00e1s\u00e1t elv\u00e9gezzem. Az m\u00e1r csak hab volt a tort\u00e1n, hogy kiv\u00e1l\u00f3 meccs volt, sz\u00e9p g\u00f3lokkal \u00e9s felejthetetlen hangulattal.<\/p>\n<p style=\"text-align: center;\"><span style=\"text-decoration: underline;\"><em>A 2011\u201312-es \u00e9vad ez\u00fcst\u00e9rmet nyert csapata:<\/em><\/span><\/p>\n<p style=\"text-align: justify;\"><em>Ambrus Tam\u00e1s, Bed\u0151 B\u00e9la, Csirinyi Zsolt, Farag\u00f3 Szabolcs, Frank Tam\u00e1s, Gebei Rich\u00e1rd, Gr\u00f3sz Gergely, Hauser D\u00e1niel, H\u00e9ray L\u00e1szl\u00f3, Horv\u00e1th \u00c1d\u00e1m, Horv\u00e1th D\u00e1niel, Kincses \u00c1d\u00e1m, Kinyik \u00c1d\u00e1m, Kop\u00e1nyi \u00c1d\u00e1m, Janetka Zolt\u00e1n, M\u00e1j G\u00e1bor, N\u00e1sz Szil\u00e1rd, Papes Ferenc, S\u00e1ndor P\u00e9ter, Sebesty\u00e9n D\u00e1vid, Sibalin Robin, Szab\u00f3 P\u00e1l, T\u00f3th Kriszti\u00e1n, T\u00f3th Zolt\u00e1n, Vigh \u00c1d\u00e1m. Vezet\u0151edz\u0151: Miskei Attila. P\u00e1lyaedz\u0151: Harmat J\u00f3zsef.<\/em><\/p>\n<p style=\"text-align: justify;\">Ez bajnoki ez\u00fcst fontos m\u00e9rf\u00f6ldk\u00f6ve lett a dorogi labdar\u00fag\u00e1s t\u00f6rt\u00e9net\u00e9nek, amely biztos alapot teremtett a m\u00e9g sikeresebb j\u00f6v\u0151h\u00f6z. Ez\u00e9rt is \u00e9rt\u00e9kel\u0151d\u00f6tt fel ez az id\u00e9ny \u00e9s val\u00f3ban hihetetlen gyorsas\u00e1ggal indult az egyes\u00fclet felfel\u00e9.<\/p>\n<p><em><span style=\"text-decoration: underline;\">Bor\u00edt\u00f3k\u00e9p<\/span><\/em>: Az ez\u00fcst\u00e9rem \u00fcnnepl\u00e9se 2012 j\u00fanius\u00e1ban<\/p>\n<p><strong><em>Szab\u00f3 Gyula<\/em><\/strong><\/p>\n","protected":false},"excerpt":{"rendered":"<p>Ritk\u00e1n fordul el\u0151 egy nagym\u00falt\u00fa, komoly \u00e9lvonalbeli \u00e9s nemzetk\u00f6zi sikereket el\u00e9rt klubn\u00e1l, hogy kiemelten eml\u00e9kezzen meg egy harmadoszt\u00e1lyban szerzett bajnoki m\u00e1sodik helyez\u00e9s\u00e9r\u0151l. Ez minden bizonnyal Dorogon sem t\u00f6rt\u00e9nne \u00edgy, amennyiben nem annyira m\u00e9lyr\u0151l kellett volna \u00e9p\u00edtkezni\u00fck. A Dorogi FC kerek egy \u00e9vtizeden \u00e1t tart\u00f3 k\u00ednl\u00f3d\u00e1sa \u00e9s veget\u00e1l\u00e1sa ut\u00e1n azonban \u00fajra felragyogott a piros-feket\u00e9k csillaga, amely<\/p>\n","protected":false},"author":4,"featured_media":43853,"comment_status":"closed","ping_status":"closed","sticky":false,"template":"","format":"standard","meta":{"ngg_post_thumbnail":0,"footnotes":""},"categories":[2,3,6031,5],"tags":[15,37,70,69,72,16],"class_list":{"0":"post-43849","1":"post","2":"type-post","3":"status-publish","4":"format-standard","5":"has-post-thumbnail","7":"category-dorog","8":"category-hirek","9":"category-kerek-evfordulok","10":"category-sport","11":"tag-dorog","12":"tag-dorogi-fc","13":"tag-foci","14":"tag-futball","15":"tag-labdarugas","16":"tag-sport"},"yoast_head":"<!-- This site is optimized with the Yoast SEO plugin v27.5 - https:\/\/yoast.com\/product\/yoast-seo-wordpress\/ -->\n<title>10 \u00e9ve t\u00f6rt\u00e9nt: 180 fokos fordulatot v\u00e9ve bajnoki ez\u00fcst\u00e9rmes lett a Dorogi FC<\/title>\n<meta name=\"robots\" content=\"index, follow, max-snippet:-1, max-image-preview:large, max-video-preview:-1\" \/>\n<link rel=\"canonical\" href=\"https:\/\/dorogimedence.hu\/index.php\/2022\/06\/20\/10-eve-tortent-180-fokos-fordulatot-veve-bajnoki-ezustermes-lett-a-dorogi-fc\/\" class=\"yoast-seo-meta-tag\" \/>\n<meta property=\"og:locale\" content=\"hu_HU\" class=\"yoast-seo-meta-tag\" \/>\n<meta property=\"og:type\" content=\"article\" class=\"yoast-seo-meta-tag\" \/>\n<meta property=\"og:title\" content=\"10 \u00e9ve t\u00f6rt\u00e9nt: 180 fokos fordulatot v\u00e9ve bajnoki ez\u00fcst\u00e9rmes lett a Dorogi FC\" class=\"yoast-seo-meta-tag\" \/>\n<meta property=\"og:description\" content=\"Ritk\u00e1n fordul el\u0151 egy nagym\u00falt\u00fa, komoly \u00e9lvonalbeli \u00e9s nemzetk\u00f6zi sikereket el\u00e9rt klubn\u00e1l, hogy kiemelten eml\u00e9kezzen meg egy harmadoszt\u00e1lyban szerzett bajnoki m\u00e1sodik helyez\u00e9s\u00e9r\u0151l. Ez minden bizonnyal Dorogon sem t\u00f6rt\u00e9nne \u00edgy, amennyiben nem annyira m\u00e9lyr\u0151l kellett volna \u00e9p\u00edtkezni\u00fck. A Dorogi FC kerek egy \u00e9vtizeden \u00e1t tart\u00f3 k\u00ednl\u00f3d\u00e1sa \u00e9s veget\u00e1l\u00e1sa ut\u00e1n azonban \u00fajra felragyogott a piros-feket\u00e9k csillaga, amely\" class=\"yoast-seo-meta-tag\" \/>\n<meta property=\"og:url\" content=\"https:\/\/dorogimedence.hu\/index.php\/2022\/06\/20\/10-eve-tortent-180-fokos-fordulatot-veve-bajnoki-ezustermes-lett-a-dorogi-fc\/\" class=\"yoast-seo-meta-tag\" \/>\n<meta property=\"og:site_name\" content=\"Dorogi-medence Region\u00e1lis H\u00edrport\u00e1l\" class=\"yoast-seo-meta-tag\" \/>\n<meta property=\"article:publisher\" content=\"https:\/\/www.facebook.com\/dorogimedence\/\" class=\"yoast-seo-meta-tag\" \/>\n<meta property=\"article:published_time\" content=\"2022-06-20T05:01:01+00:00\" class=\"yoast-seo-meta-tag\" \/>\n<meta property=\"article:modified_time\" content=\"2022-06-20T15:00:19+00:00\" class=\"yoast-seo-meta-tag\" \/>\n<meta property=\"og:image\" content=\"https:\/\/i0.wp.com\/dorogimedence.hu\/wp-content\/uploads\/2022\/06\/Ultrak.jpg?fit=950%2C572&ssl=1\" class=\"yoast-seo-meta-tag\" \/>\n\t<meta property=\"og:image:width\" content=\"950\" class=\"yoast-seo-meta-tag\" \/>\n\t<meta property=\"og:image:height\" content=\"572\" class=\"yoast-seo-meta-tag\" \/>\n\t<meta property=\"og:image:type\" content=\"image\/jpeg\" class=\"yoast-seo-meta-tag\" \/>\n<meta name=\"author\" content=\"Szab\u00f3 Gyula\" class=\"yoast-seo-meta-tag\" \/>\n<meta name=\"twitter:card\" content=\"summary_large_image\" class=\"yoast-seo-meta-tag\" \/>\n<meta name=\"twitter:label1\" content=\"Szerz\u0151:\" class=\"yoast-seo-meta-tag\" \/>\n\t<meta name=\"twitter:data1\" content=\"Szab\u00f3 Gyula\" class=\"yoast-seo-meta-tag\" \/>\n\t<meta name=\"twitter:label2\" content=\"Becs\u00fclt olvas\u00e1si id\u0151\" class=\"yoast-seo-meta-tag\" \/>\n\t<meta name=\"twitter:data2\" content=\"13 perc\" class=\"yoast-seo-meta-tag\" \/>\n<script type=\"application\/ld+json\" class=\"yoast-schema-graph\">{\"@context\":\"https:\\\/\\\/schema.org\",\"@graph\":[{\"@type\":\"Article\",\"@id\":\"https:\\\/\\\/dorogimedence.hu\\\/index.php\\\/2022\\\/06\\\/20\\\/10-eve-tortent-180-fokos-fordulatot-veve-bajnoki-ezustermes-lett-a-dorogi-fc\\\/#article\",\"isPartOf\":{\"@id\":\"https:\\\/\\\/dorogimedence.hu\\\/index.php\\\/2022\\\/06\\\/20\\\/10-eve-tortent-180-fokos-fordulatot-veve-bajnoki-ezustermes-lett-a-dorogi-fc\\\/\"},\"author\":{\"name\":\"Szab\u00f3 Gyula\",\"@id\":\"https:\\\/\\\/dorogimedence.hu\\\/#\\\/schema\\\/person\\\/76605e8151ec1b7376385cd184ede973\"},\"headline\":\"10 \u00e9ve t\u00f6rt\u00e9nt: 180 fokos fordulatot v\u00e9ve bajnoki ez\u00fcst\u00e9rmes lett a Dorogi FC\",\"datePublished\":\"2022-06-20T05:01:01+00:00\",\"dateModified\":\"2022-06-20T15:00:19+00:00\",\"mainEntityOfPage\":{\"@id\":\"https:\\\/\\\/dorogimedence.hu\\\/index.php\\\/2022\\\/06\\\/20\\\/10-eve-tortent-180-fokos-fordulatot-veve-bajnoki-ezustermes-lett-a-dorogi-fc\\\/\"},\"wordCount\":2545,\"publisher\":{\"@id\":\"https:\\\/\\\/dorogimedence.hu\\\/#organization\"},\"image\":{\"@id\":\"https:\\\/\\\/dorogimedence.hu\\\/index.php\\\/2022\\\/06\\\/20\\\/10-eve-tortent-180-fokos-fordulatot-veve-bajnoki-ezustermes-lett-a-dorogi-fc\\\/#primaryimage\"},\"thumbnailUrl\":\"https:\\\/\\\/dorogimedence.hu\\\/wp-content\\\/uploads\\\/2022\\\/06\\\/Ultrak.jpg\",\"keywords\":[\"Dorog\",\"Dorogi FC\",\"foci\",\"futball\",\"labdar\u00fag\u00e1s\",\"sport\"],\"articleSection\":[\"Dorog\",\"H\u00edrek\",\"Kerek \u00e9vfordul\u00f3k\",\"Sport\"],\"inLanguage\":\"hu\"},{\"@type\":\"WebPage\",\"@id\":\"https:\\\/\\\/dorogimedence.hu\\\/index.php\\\/2022\\\/06\\\/20\\\/10-eve-tortent-180-fokos-fordulatot-veve-bajnoki-ezustermes-lett-a-dorogi-fc\\\/\",\"url\":\"https:\\\/\\\/dorogimedence.hu\\\/index.php\\\/2022\\\/06\\\/20\\\/10-eve-tortent-180-fokos-fordulatot-veve-bajnoki-ezustermes-lett-a-dorogi-fc\\\/\",\"name\":\"10 \u00e9ve t\u00f6rt\u00e9nt: 180 fokos fordulatot v\u00e9ve bajnoki ez\u00fcst\u00e9rmes lett a Dorogi FC\",\"isPartOf\":{\"@id\":\"https:\\\/\\\/dorogimedence.hu\\\/#website\"},\"primaryImageOfPage\":{\"@id\":\"https:\\\/\\\/dorogimedence.hu\\\/index.php\\\/2022\\\/06\\\/20\\\/10-eve-tortent-180-fokos-fordulatot-veve-bajnoki-ezustermes-lett-a-dorogi-fc\\\/#primaryimage\"},\"image\":{\"@id\":\"https:\\\/\\\/dorogimedence.hu\\\/index.php\\\/2022\\\/06\\\/20\\\/10-eve-tortent-180-fokos-fordulatot-veve-bajnoki-ezustermes-lett-a-dorogi-fc\\\/#primaryimage\"},\"thumbnailUrl\":\"https:\\\/\\\/dorogimedence.hu\\\/wp-content\\\/uploads\\\/2022\\\/06\\\/Ultrak.jpg\",\"datePublished\":\"2022-06-20T05:01:01+00:00\",\"dateModified\":\"2022-06-20T15:00:19+00:00\",\"breadcrumb\":{\"@id\":\"https:\\\/\\\/dorogimedence.hu\\\/index.php\\\/2022\\\/06\\\/20\\\/10-eve-tortent-180-fokos-fordulatot-veve-bajnoki-ezustermes-lett-a-dorogi-fc\\\/#breadcrumb\"},\"inLanguage\":\"hu\",\"potentialAction\":[{\"@type\":\"ReadAction\",\"target\":[\"https:\\\/\\\/dorogimedence.hu\\\/index.php\\\/2022\\\/06\\\/20\\\/10-eve-tortent-180-fokos-fordulatot-veve-bajnoki-ezustermes-lett-a-dorogi-fc\\\/\"]}]},{\"@type\":\"ImageObject\",\"inLanguage\":\"hu\",\"@id\":\"https:\\\/\\\/dorogimedence.hu\\\/index.php\\\/2022\\\/06\\\/20\\\/10-eve-tortent-180-fokos-fordulatot-veve-bajnoki-ezustermes-lett-a-dorogi-fc\\\/#primaryimage\",\"url\":\"https:\\\/\\\/dorogimedence.hu\\\/wp-content\\\/uploads\\\/2022\\\/06\\\/Ultrak.jpg\",\"contentUrl\":\"https:\\\/\\\/dorogimedence.hu\\\/wp-content\\\/uploads\\\/2022\\\/06\\\/Ultrak.jpg\",\"width\":950,\"height\":572},{\"@type\":\"BreadcrumbList\",\"@id\":\"https:\\\/\\\/dorogimedence.hu\\\/index.php\\\/2022\\\/06\\\/20\\\/10-eve-tortent-180-fokos-fordulatot-veve-bajnoki-ezustermes-lett-a-dorogi-fc\\\/#breadcrumb\",\"itemListElement\":[{\"@type\":\"ListItem\",\"position\":1,\"name\":\"Kezd\u0151lap\",\"item\":\"https:\\\/\\\/dorogimedence.hu\\\/\"},{\"@type\":\"ListItem\",\"position\":2,\"name\":\"10 \u00e9ve t\u00f6rt\u00e9nt: 180 fokos fordulatot v\u00e9ve bajnoki ez\u00fcst\u00e9rmes lett a Dorogi FC\"}]},{\"@type\":\"WebSite\",\"@id\":\"https:\\\/\\\/dorogimedence.hu\\\/#website\",\"url\":\"https:\\\/\\\/dorogimedence.hu\\\/\",\"name\":\"Dorogi-medence Region\u00e1lis H\u00edrport\u00e1l\",\"description\":\"Dorog, Keszt\u00f6lc, Le\u00e1nyv\u00e1r, Piliscs\u00e9v, Tokod, Tokodalt\u00e1r\u00f3, Csolnok, Esztergom-kertv\u00e1ros: h\u00edrek, programok\",\"publisher\":{\"@id\":\"https:\\\/\\\/dorogimedence.hu\\\/#organization\"},\"potentialAction\":[{\"@type\":\"SearchAction\",\"target\":{\"@type\":\"EntryPoint\",\"urlTemplate\":\"https:\\\/\\\/dorogimedence.hu\\\/?s={search_term_string}\"},\"query-input\":{\"@type\":\"PropertyValueSpecification\",\"valueRequired\":true,\"valueName\":\"search_term_string\"}}],\"inLanguage\":\"hu\"},{\"@type\":\"Organization\",\"@id\":\"https:\\\/\\\/dorogimedence.hu\\\/#organization\",\"name\":\"Dorogi-medence Region\u00e1lis H\u00edrport\u00e1l\",\"url\":\"https:\\\/\\\/dorogimedence.hu\\\/\",\"logo\":{\"@type\":\"ImageObject\",\"inLanguage\":\"hu\",\"@id\":\"https:\\\/\\\/dorogimedence.hu\\\/#\\\/schema\\\/logo\\\/image\\\/\",\"url\":\"https:\\\/\\\/dorogimedence.hu\\\/wp-content\\\/uploads\\\/2021\\\/04\\\/logo-feher-600.png\",\"contentUrl\":\"https:\\\/\\\/dorogimedence.hu\\\/wp-content\\\/uploads\\\/2021\\\/04\\\/logo-feher-600.png\",\"width\":600,\"height\":100,\"caption\":\"Dorogi-medence Region\u00e1lis H\u00edrport\u00e1l\"},\"image\":{\"@id\":\"https:\\\/\\\/dorogimedence.hu\\\/#\\\/schema\\\/logo\\\/image\\\/\"},\"sameAs\":[\"https:\\\/\\\/www.facebook.com\\\/dorogimedence\\\/\"]},{\"@type\":\"Person\",\"@id\":\"https:\\\/\\\/dorogimedence.hu\\\/#\\\/schema\\\/person\\\/76605e8151ec1b7376385cd184ede973\",\"name\":\"Szab\u00f3 Gyula\",\"image\":{\"@type\":\"ImageObject\",\"inLanguage\":\"hu\",\"@id\":\"\\\/\\\/www.gravatar.com\\\/avatar\\\/3e44b6fb2ef9bcea3639958cc2a587cb?s=96&#038;r=g&#038;d=mm\",\"url\":\"\\\/\\\/www.gravatar.com\\\/avatar\\\/3e44b6fb2ef9bcea3639958cc2a587cb?s=96&#038;r=g&#038;d=mm\",\"contentUrl\":\"\\\/\\\/www.gravatar.com\\\/avatar\\\/3e44b6fb2ef9bcea3639958cc2a587cb?s=96&#038;r=g&#038;d=mm\",\"caption\":\"Szab\u00f3 Gyula\"}}]}<\/script>\n<!-- \/ Yoast SEO plugin. -->","yoast_head_json":{"title":"10 \u00e9ve t\u00f6rt\u00e9nt: 180 fokos fordulatot v\u00e9ve bajnoki ez\u00fcst\u00e9rmes lett a Dorogi FC","robots":{"index":"index","follow":"follow","max-snippet":"max-snippet:-1","max-image-preview":"max-image-preview:large","max-video-preview":"max-video-preview:-1"},"canonical":"https:\/\/dorogimedence.hu\/index.php\/2022\/06\/20\/10-eve-tortent-180-fokos-fordulatot-veve-bajnoki-ezustermes-lett-a-dorogi-fc\/","og_locale":"hu_HU","og_type":"article","og_title":"10 \u00e9ve t\u00f6rt\u00e9nt: 180 fokos fordulatot v\u00e9ve bajnoki ez\u00fcst\u00e9rmes lett a Dorogi FC","og_description":"Ritk\u00e1n fordul el\u0151 egy nagym\u00falt\u00fa, komoly \u00e9lvonalbeli \u00e9s nemzetk\u00f6zi sikereket el\u00e9rt klubn\u00e1l, hogy kiemelten eml\u00e9kezzen meg egy harmadoszt\u00e1lyban szerzett bajnoki m\u00e1sodik helyez\u00e9s\u00e9r\u0151l. Ez minden bizonnyal Dorogon sem t\u00f6rt\u00e9nne \u00edgy, amennyiben nem annyira m\u00e9lyr\u0151l kellett volna \u00e9p\u00edtkezni\u00fck. A Dorogi FC kerek egy \u00e9vtizeden \u00e1t tart\u00f3 k\u00ednl\u00f3d\u00e1sa \u00e9s veget\u00e1l\u00e1sa ut\u00e1n azonban \u00fajra felragyogott a piros-feket\u00e9k csillaga, amely","og_url":"https:\/\/dorogimedence.hu\/index.php\/2022\/06\/20\/10-eve-tortent-180-fokos-fordulatot-veve-bajnoki-ezustermes-lett-a-dorogi-fc\/","og_site_name":"Dorogi-medence Region\u00e1lis H\u00edrport\u00e1l","article_publisher":"https:\/\/www.facebook.com\/dorogimedence\/","article_published_time":"2022-06-20T05:01:01+00:00","article_modified_time":"2022-06-20T15:00:19+00:00","og_image":[{"width":950,"height":572,"url":"https:\/\/i0.wp.com\/dorogimedence.hu\/wp-content\/uploads\/2022\/06\/Ultrak.jpg?fit=950%2C572&ssl=1","type":"image\/jpeg"}],"author":"Szab\u00f3 Gyula","twitter_card":"summary_large_image","twitter_misc":{"Szerz\u0151:":"Szab\u00f3 Gyula","Becs\u00fclt olvas\u00e1si id\u0151":"13 perc"},"schema":{"@context":"https:\/\/schema.org","@graph":[{"@type":"Article","@id":"https:\/\/dorogimedence.hu\/index.php\/2022\/06\/20\/10-eve-tortent-180-fokos-fordulatot-veve-bajnoki-ezustermes-lett-a-dorogi-fc\/#article","isPartOf":{"@id":"https:\/\/dorogimedence.hu\/index.php\/2022\/06\/20\/10-eve-tortent-180-fokos-fordulatot-veve-bajnoki-ezustermes-lett-a-dorogi-fc\/"},"author":{"name":"Szab\u00f3 Gyula","@id":"https:\/\/dorogimedence.hu\/#\/schema\/person\/76605e8151ec1b7376385cd184ede973"},"headline":"10 \u00e9ve t\u00f6rt\u00e9nt: 180 fokos fordulatot v\u00e9ve bajnoki ez\u00fcst\u00e9rmes lett a Dorogi FC","datePublished":"2022-06-20T05:01:01+00:00","dateModified":"2022-06-20T15:00:19+00:00","mainEntityOfPage":{"@id":"https:\/\/dorogimedence.hu\/index.php\/2022\/06\/20\/10-eve-tortent-180-fokos-fordulatot-veve-bajnoki-ezustermes-lett-a-dorogi-fc\/"},"wordCount":2545,"publisher":{"@id":"https:\/\/dorogimedence.hu\/#organization"},"image":{"@id":"https:\/\/dorogimedence.hu\/index.php\/2022\/06\/20\/10-eve-tortent-180-fokos-fordulatot-veve-bajnoki-ezustermes-lett-a-dorogi-fc\/#primaryimage"},"thumbnailUrl":"https:\/\/dorogimedence.hu\/wp-content\/uploads\/2022\/06\/Ultrak.jpg","keywords":["Dorog","Dorogi FC","foci","futball","labdar\u00fag\u00e1s","sport"],"articleSection":["Dorog","H\u00edrek","Kerek \u00e9vfordul\u00f3k","Sport"],"inLanguage":"hu"},{"@type":"WebPage","@id":"https:\/\/dorogimedence.hu\/index.php\/2022\/06\/20\/10-eve-tortent-180-fokos-fordulatot-veve-bajnoki-ezustermes-lett-a-dorogi-fc\/","url":"https:\/\/dorogimedence.hu\/index.php\/2022\/06\/20\/10-eve-tortent-180-fokos-fordulatot-veve-bajnoki-ezustermes-lett-a-dorogi-fc\/","name":"10 \u00e9ve t\u00f6rt\u00e9nt: 180 fokos fordulatot v\u00e9ve bajnoki ez\u00fcst\u00e9rmes lett a Dorogi FC","isPartOf":{"@id":"https:\/\/dorogimedence.hu\/#website"},"primaryImageOfPage":{"@id":"https:\/\/dorogimedence.hu\/index.php\/2022\/06\/20\/10-eve-tortent-180-fokos-fordulatot-veve-bajnoki-ezustermes-lett-a-dorogi-fc\/#primaryimage"},"image":{"@id":"https:\/\/dorogimedence.hu\/index.php\/2022\/06\/20\/10-eve-tortent-180-fokos-fordulatot-veve-bajnoki-ezustermes-lett-a-dorogi-fc\/#primaryimage"},"thumbnailUrl":"https:\/\/dorogimedence.hu\/wp-content\/uploads\/2022\/06\/Ultrak.jpg","datePublished":"2022-06-20T05:01:01+00:00","dateModified":"2022-06-20T15:00:19+00:00","breadcrumb":{"@id":"https:\/\/dorogimedence.hu\/index.php\/2022\/06\/20\/10-eve-tortent-180-fokos-fordulatot-veve-bajnoki-ezustermes-lett-a-dorogi-fc\/#breadcrumb"},"inLanguage":"hu","potentialAction":[{"@type":"ReadAction","target":["https:\/\/dorogimedence.hu\/index.php\/2022\/06\/20\/10-eve-tortent-180-fokos-fordulatot-veve-bajnoki-ezustermes-lett-a-dorogi-fc\/"]}]},{"@type":"ImageObject","inLanguage":"hu","@id":"https:\/\/dorogimedence.hu\/index.php\/2022\/06\/20\/10-eve-tortent-180-fokos-fordulatot-veve-bajnoki-ezustermes-lett-a-dorogi-fc\/#primaryimage","url":"https:\/\/dorogimedence.hu\/wp-content\/uploads\/2022\/06\/Ultrak.jpg","contentUrl":"https:\/\/dorogimedence.hu\/wp-content\/uploads\/2022\/06\/Ultrak.jpg","width":950,"height":572},{"@type":"BreadcrumbList","@id":"https:\/\/dorogimedence.hu\/index.php\/2022\/06\/20\/10-eve-tortent-180-fokos-fordulatot-veve-bajnoki-ezustermes-lett-a-dorogi-fc\/#breadcrumb","itemListElement":[{"@type":"ListItem","position":1,"name":"Kezd\u0151lap","item":"https:\/\/dorogimedence.hu\/"},{"@type":"ListItem","position":2,"name":"10 \u00e9ve t\u00f6rt\u00e9nt: 180 fokos fordulatot v\u00e9ve bajnoki ez\u00fcst\u00e9rmes lett a Dorogi FC"}]},{"@type":"WebSite","@id":"https:\/\/dorogimedence.hu\/#website","url":"https:\/\/dorogimedence.hu\/","name":"Dorogi-medence Region\u00e1lis H\u00edrport\u00e1l","description":"Dorog, Keszt\u00f6lc, Le\u00e1nyv\u00e1r, Piliscs\u00e9v, Tokod, Tokodalt\u00e1r\u00f3, Csolnok, Esztergom-kertv\u00e1ros: h\u00edrek, programok","publisher":{"@id":"https:\/\/dorogimedence.hu\/#organization"},"potentialAction":[{"@type":"SearchAction","target":{"@type":"EntryPoint","urlTemplate":"https:\/\/dorogimedence.hu\/?s={search_term_string}"},"query-input":{"@type":"PropertyValueSpecification","valueRequired":true,"valueName":"search_term_string"}}],"inLanguage":"hu"},{"@type":"Organization","@id":"https:\/\/dorogimedence.hu\/#organization","name":"Dorogi-medence Region\u00e1lis H\u00edrport\u00e1l","url":"https:\/\/dorogimedence.hu\/","logo":{"@type":"ImageObject","inLanguage":"hu","@id":"https:\/\/dorogimedence.hu\/#\/schema\/logo\/image\/","url":"https:\/\/dorogimedence.hu\/wp-content\/uploads\/2021\/04\/logo-feher-600.png","contentUrl":"https:\/\/dorogimedence.hu\/wp-content\/uploads\/2021\/04\/logo-feher-600.png","width":600,"height":100,"caption":"Dorogi-medence Region\u00e1lis H\u00edrport\u00e1l"},"image":{"@id":"https:\/\/dorogimedence.hu\/#\/schema\/logo\/image\/"},"sameAs":["https:\/\/www.facebook.com\/dorogimedence\/"]},{"@type":"Person","@id":"https:\/\/dorogimedence.hu\/#\/schema\/person\/76605e8151ec1b7376385cd184ede973","name":"Szab\u00f3 Gyula","image":{"@type":"ImageObject","inLanguage":"hu","@id":"\/\/www.gravatar.com\/avatar\/3e44b6fb2ef9bcea3639958cc2a587cb?s=96&#038;r=g&#038;d=mm","url":"\/\/www.gravatar.com\/avatar\/3e44b6fb2ef9bcea3639958cc2a587cb?s=96&#038;r=g&#038;d=mm","contentUrl":"\/\/www.gravatar.com\/avatar\/3e44b6fb2ef9bcea3639958cc2a587cb?s=96&#038;r=g&#038;d=mm","caption":"Szab\u00f3 Gyula"}}]}},"_links":{"self":[{"href":"https:\/\/dorogimedence.hu\/index.php\/wp-json\/wp\/v2\/posts\/43849","targetHints":{"allow":["GET"]}}],"collection":[{"href":"https:\/\/dorogimedence.hu\/index.php\/wp-json\/wp\/v2\/posts"}],"about":[{"href":"https:\/\/dorogimedence.hu\/index.php\/wp-json\/wp\/v2\/types\/post"}],"author":[{"embeddable":true,"href":"https:\/\/dorogimedence.hu\/index.php\/wp-json\/wp\/v2\/users\/4"}],"replies":[{"embeddable":true,"href":"https:\/\/dorogimedence.hu\/index.php\/wp-json\/wp\/v2\/comments?post=43849"}],"version-history":[{"count":0,"href":"https:\/\/dorogimedence.hu\/index.php\/wp-json\/wp\/v2\/posts\/43849\/revisions"}],"wp:featuredmedia":[{"embeddable":true,"href":"https:\/\/dorogimedence.hu\/index.php\/wp-json\/wp\/v2\/media\/43853"}],"wp:attachment":[{"href":"https:\/\/dorogimedence.hu\/index.php\/wp-json\/wp\/v2\/media?parent=43849"}],"wp:term":[{"taxonomy":"category","embeddable":true,"href":"https:\/\/dorogimedence.hu\/index.php\/wp-json\/wp\/v2\/categories?post=43849"},{"taxonomy":"post_tag","embeddable":true,"href":"https:\/\/dorogimedence.hu\/index.php\/wp-json\/wp\/v2\/tags?post=43849"}],"curies":[{"name":"wp","href":"https:\/\/api.w.org\/{rel}","templated":true}]}}