{"id":43840,"date":"2022-06-17T11:41:54","date_gmt":"2022-06-17T09:41:54","guid":{"rendered":"https:\/\/dorogimedence.hu\/?p=43840"},"modified":"2022-06-17T11:42:21","modified_gmt":"2022-06-17T09:42:21","slug":"gulyas-a-gazembargo-veszelyeztetne-europa-egeszenek-ellatasat","status":"publish","type":"post","link":"https:\/\/dorogimedence.hu\/index.php\/2022\/06\/17\/gulyas-a-gazembargo-veszelyeztetne-europa-egeszenek-ellatasat\/","title":{"rendered":"Guly\u00e1s: a g\u00e1zembarg\u00f3 vesz\u00e9lyeztetn\u00e9 Eur\u00f3pa eg\u00e9sz\u00e9nek ell\u00e1t\u00e1s\u00e1t"},"content":{"rendered":"<p><strong>A magyar korm\u00e1ny tov\u00e1bbra is csak olyan szankci\u00f3kat t\u00e1mogat, amelyek nem f\u00e1jnak jobban Magyarorsz\u00e1gnak \u00e9s Eur\u00f3p\u00e1nak, mint Oroszorsz\u00e1gnak, a g\u00e1zembarg\u00f3 eset\u00e9n viszont Eur\u00f3pa eg\u00e9sz\u00e9nek ell\u00e1t\u00e1sa ker\u00fclne vesz\u00e9lybe<\/strong> <em>&#8211; jelentette ki Guly\u00e1s Gergely Minisztereln\u00f6ks\u00e9get vezet\u0151 miniszter j\u00fanius 17-\u00e9n, p\u00e9nteken a&nbsp;Korm\u00e1nyinf\u00f3n.<\/em><\/p>\n<p>Guly\u00e1s Gergely elmondta, hogy a h\u00e1bor\u00fas \u00e9s gazdas\u00e1gi helyzetet \u00e9rt\u00e9kelte a kabinet. Soha nem volt akkora infl\u00e1ci\u00f3 az eur\u00f3\u00f6vezetben, mint a m\u00f6g\u00f6tt\u00fcnk hagyott h\u00f3napban. A h\u00e1bor\u00fa miatt drasztikusan emelkedtek az energia\u00e1rak &#8211; tette hozz\u00e1. Min\u00e9l k\u00f6zelebb van valaki a h\u00e1bor\u00fas \u00f6vezethez, ann\u00e1l nagyobb az infl\u00e1ci\u00f3. A h\u00e1bor\u00fas infl\u00e1ci\u00f3 akkor sz\u0171nik meg, ha b\u00e9ke lesz &#8211; mondta. Magyarorsz\u00e1gon a korm\u00e1ny a lehet\u0151 legt\u00f6bbet teszi az infl\u00e1ci\u00f3 elleni k\u00fczdelemben.<\/p>\n<p>Guly\u00e1s Gergely a j\u00f6v\u0151 h\u00e9ti EU-s cs\u00facstal\u00e1lkoz\u00f3val kapcsolatban azt mondta: a magyar korm\u00e1ny \u00e1ll\u00e1spontja tov\u00e1bbra is az, hogy az Eur\u00f3pai Uni\u00f3 egys\u00e9ge fontos, de csak olyan d\u00f6nt\u00e9seket, szankci\u00f3kat t\u00e1mogatnak, amelyek nem f\u00e1jnak jobban Magyarorsz\u00e1gnak \u00e9s Eur\u00f3p\u00e1nak, mint annak, akit szankcion\u00e1lni akarnak. Kijelentette: az eddigi br\u00fcsszeli d\u00f6nt\u00e9sek hozz\u00e1j\u00e1rultak ahhoz, hogy az infl\u00e1ci\u00f3 ilyen rekordmagas legyen, a g\u00e1zembarg\u00f3 bevezet\u00e9se eset\u00e9n pedig Eur\u00f3pa eg\u00e9sz\u00e9nek ell\u00e1t\u00e1sa ker\u00fclne vesz\u00e9lybe, ezt nem csak a magyar, hanem az eg\u00e9sz eur\u00f3pai gazdas\u00e1g megszenvedn\u00e9. K\u00f6z\u00f6lte azt is: a glob\u00e1lis minimumad\u00f3t nem t\u00e1mogatja a korm\u00e1ny, \u00edgy az eur\u00f3pai p\u00e9nz\u00fcgyminiszterek p\u00e9nteki \u00fcl\u00e9s\u00e9re a magyar p\u00e9nz\u00fcgyminiszter ezzel a &#8222;k\u00f6t\u00f6tt mand\u00e1tummal&#8221; \u00e9rkezik.<\/p>\n<p>Az \u00fczemanyag\u00e1rstoppal kapcsolatban a miniszter elmondta, hogy azok, akik magyar forgalmi rendsz\u00e1mmal tankolnak, tov\u00e1bbra is 480 forinton vehetnek benzint \u00e9s d\u00edzelt. Br\u00fcsszelb\u0151l \u00e9rkezett egy lev\u00e9l az int\u00e9zked\u00e9s visszavon\u00e1s\u00e1ra &#8211; tette hozz\u00e1. Ebben a helyzetben t\u00f6bb \u00e9rv sz\u00f3l a beavatkoz\u00e1s mellett, mint a piaci folyamatok szabadon enged\u00e9se mellett. A versenyt nem s\u00e9rti ez a l\u00e9p\u00e9s, mert a fuvaroz\u00f3k rendes \u00e1ron tankolnak &#8211; mondta a miniszter.<\/p>\n<p>Guly\u00e1s Gergely a dug\u00f3d\u00edjjal kapcsolatban azt mondta, hogy a korm\u00e1ny szerint nem kell anyagilag ellehetetlen\u00edteni azokat, akik aut\u00f3val j\u00e1rnak, &#8222;ha m\u00e1r a f\u0151v\u00e1ros \u00fagyis minden eszk\u00f6zzel, \u00faton \u00e9s m\u00f3don ellehetetlen\u00edteni igyekszik \u0151ket&#8221;. Hozz\u00e1tette: sem a korm\u00e1nynak, sem polg\u00e1rmestereknek, &#8222;m\u00e9g liber\u00e1lis polg\u00e1rmestereknek sem&#8221; javasolja, hogy \u00e9letvezet\u00e9si tan\u00e1csokat adjanak. Mindenki a jogszab\u00e1lyok betart\u00e1sa mellett \u00fagy \u00e9l, ahogy neki k\u00e9nyelmes. Szabads\u00e1g van &#8211; jelentette ki. A miniszter megjegyezte: Eur\u00f3p\u00e1ban ugyan a 21. sz\u00e1zadi liberalizmus szembefordult a szabads\u00e1ggal, de ezt nem \u00e9rdemes Magyarorsz\u00e1gon is \u00e1tvenni. A korm\u00e1ny szerinte csup\u00e1n \u00f6szt\u00f6nz\u0151ket adhat.<\/p>\n<p><em>Forr\u00e1s: MTI \/ origo.hu<br \/>\nBor\u00edt\u00f3k\u00e9p: MTI\/So\u00f3s Lajos<\/em><\/p>\n","protected":false},"excerpt":{"rendered":"<p>A magyar korm\u00e1ny tov\u00e1bbra is csak olyan szankci\u00f3kat t\u00e1mogat, amelyek nem f\u00e1jnak jobban Magyarorsz\u00e1gnak \u00e9s Eur\u00f3p\u00e1nak, mint Oroszorsz\u00e1gnak, a g\u00e1zembarg\u00f3 eset\u00e9n viszont Eur\u00f3pa eg\u00e9sz\u00e9nek ell\u00e1t\u00e1sa ker\u00fclne vesz\u00e9lybe &#8211; jelentette ki Guly\u00e1s Gergely Minisztereln\u00f6ks\u00e9get vezet\u0151 miniszter j\u00fanius 17-\u00e9n, p\u00e9nteken a&nbsp;Korm\u00e1nyinf\u00f3n. Guly\u00e1s Gergely elmondta, hogy a h\u00e1bor\u00fas \u00e9s gazdas\u00e1gi helyzetet \u00e9rt\u00e9kelte a kabinet. Soha nem volt akkora<\/p>\n","protected":false},"author":1,"featured_media":0,"comment_status":"closed","ping_status":"closed","sticky":false,"template":"","format":"standard","meta":{"ngg_post_thumbnail":0,"footnotes":""},"categories":[3],"tags":[3740,4342,5038],"class_list":{"0":"post-43840","1":"post","2":"type-post","3":"status-publish","4":"format-standard","6":"category-hirek","7":"tag-energia","8":"tag-gulyas-gergely","9":"tag-kormanyinfo"},"yoast_head":"<!-- This site is optimized with the Yoast SEO plugin v27.4 - https:\/\/yoast.com\/product\/yoast-seo-wordpress\/ -->\n<title>Guly\u00e1s: a g\u00e1zembarg\u00f3 vesz\u00e9lyeztetn\u00e9 Eur\u00f3pa eg\u00e9sz\u00e9nek ell\u00e1t\u00e1s\u00e1t<\/title>\n<meta name=\"robots\" content=\"index, follow, max-snippet:-1, max-image-preview:large, max-video-preview:-1\" \/>\n<link rel=\"canonical\" href=\"https:\/\/dorogimedence.hu\/index.php\/2022\/06\/17\/gulyas-a-gazembargo-veszelyeztetne-europa-egeszenek-ellatasat\/\" class=\"yoast-seo-meta-tag\" \/>\n<meta property=\"og:locale\" content=\"hu_HU\" class=\"yoast-seo-meta-tag\" \/>\n<meta property=\"og:type\" content=\"article\" class=\"yoast-seo-meta-tag\" \/>\n<meta property=\"og:title\" content=\"Guly\u00e1s: a g\u00e1zembarg\u00f3 vesz\u00e9lyeztetn\u00e9 Eur\u00f3pa eg\u00e9sz\u00e9nek ell\u00e1t\u00e1s\u00e1t\" class=\"yoast-seo-meta-tag\" \/>\n<meta property=\"og:description\" content=\"A magyar korm\u00e1ny tov\u00e1bbra is csak olyan szankci\u00f3kat t\u00e1mogat, amelyek nem f\u00e1jnak jobban Magyarorsz\u00e1gnak \u00e9s Eur\u00f3p\u00e1nak, mint Oroszorsz\u00e1gnak, a g\u00e1zembarg\u00f3 eset\u00e9n viszont Eur\u00f3pa eg\u00e9sz\u00e9nek ell\u00e1t\u00e1sa ker\u00fclne vesz\u00e9lybe &#8211; jelentette ki Guly\u00e1s Gergely Minisztereln\u00f6ks\u00e9get vezet\u0151 miniszter j\u00fanius 17-\u00e9n, p\u00e9nteken a&nbsp;Korm\u00e1nyinf\u00f3n. Guly\u00e1s Gergely elmondta, hogy a h\u00e1bor\u00fas \u00e9s gazdas\u00e1gi helyzetet \u00e9rt\u00e9kelte a kabinet. Soha nem volt akkora\" class=\"yoast-seo-meta-tag\" \/>\n<meta property=\"og:url\" content=\"https:\/\/dorogimedence.hu\/index.php\/2022\/06\/17\/gulyas-a-gazembargo-veszelyeztetne-europa-egeszenek-ellatasat\/\" class=\"yoast-seo-meta-tag\" \/>\n<meta property=\"og:site_name\" content=\"Dorogi-medence Region\u00e1lis H\u00edrport\u00e1l\" class=\"yoast-seo-meta-tag\" \/>\n<meta property=\"article:publisher\" content=\"https:\/\/www.facebook.com\/dorogimedence\/\" class=\"yoast-seo-meta-tag\" \/>\n<meta property=\"article:published_time\" content=\"2022-06-17T09:41:54+00:00\" class=\"yoast-seo-meta-tag\" \/>\n<meta property=\"article:modified_time\" content=\"2022-06-17T09:42:21+00:00\" class=\"yoast-seo-meta-tag\" \/>\n<meta property=\"og:image\" content=\"https:\/\/i0.wp.com\/dorogimedence.hu\/wp-content\/uploads\/2022\/06\/kormanyinfo.jpg?fit=1920%2C1072&ssl=1\" class=\"yoast-seo-meta-tag\" \/>\n\t<meta property=\"og:image:width\" content=\"1920\" class=\"yoast-seo-meta-tag\" \/>\n\t<meta property=\"og:image:height\" content=\"1072\" class=\"yoast-seo-meta-tag\" \/>\n\t<meta property=\"og:image:type\" content=\"image\/jpeg\" class=\"yoast-seo-meta-tag\" \/>\n<meta name=\"author\" content=\"dorogimedence.hu\" class=\"yoast-seo-meta-tag\" \/>\n<meta name=\"twitter:card\" content=\"summary_large_image\" class=\"yoast-seo-meta-tag\" \/>\n<meta name=\"twitter:label1\" content=\"Szerz\u0151:\" class=\"yoast-seo-meta-tag\" \/>\n\t<meta name=\"twitter:data1\" content=\"dorogimedence.hu\" class=\"yoast-seo-meta-tag\" \/>\n\t<meta name=\"twitter:label2\" content=\"Becs\u00fclt olvas\u00e1si id\u0151\" class=\"yoast-seo-meta-tag\" \/>\n\t<meta name=\"twitter:data2\" content=\"3 perc\" class=\"yoast-seo-meta-tag\" \/>\n<script type=\"application\/ld+json\" class=\"yoast-schema-graph\">{\"@context\":\"https:\\\/\\\/schema.org\",\"@graph\":[{\"@type\":\"Article\",\"@id\":\"https:\\\/\\\/dorogimedence.hu\\\/index.php\\\/2022\\\/06\\\/17\\\/gulyas-a-gazembargo-veszelyeztetne-europa-egeszenek-ellatasat\\\/#article\",\"isPartOf\":{\"@id\":\"https:\\\/\\\/dorogimedence.hu\\\/index.php\\\/2022\\\/06\\\/17\\\/gulyas-a-gazembargo-veszelyeztetne-europa-egeszenek-ellatasat\\\/\"},\"author\":{\"name\":\"dorogimedence.hu\",\"@id\":\"https:\\\/\\\/dorogimedence.hu\\\/#\\\/schema\\\/person\\\/ce6091eeb7e95ecdc87890d6aa8e0fd4\"},\"headline\":\"Guly\u00e1s: a g\u00e1zembarg\u00f3 vesz\u00e9lyeztetn\u00e9 Eur\u00f3pa eg\u00e9sz\u00e9nek ell\u00e1t\u00e1s\u00e1t\",\"datePublished\":\"2022-06-17T09:41:54+00:00\",\"dateModified\":\"2022-06-17T09:42:21+00:00\",\"mainEntityOfPage\":{\"@id\":\"https:\\\/\\\/dorogimedence.hu\\\/index.php\\\/2022\\\/06\\\/17\\\/gulyas-a-gazembargo-veszelyeztetne-europa-egeszenek-ellatasat\\\/\"},\"wordCount\":549,\"publisher\":{\"@id\":\"https:\\\/\\\/dorogimedence.hu\\\/#organization\"},\"keywords\":[\"energia\",\"Guly\u00e1s Gergely\",\"korm\u00e1nyinf\u00f3\"],\"articleSection\":[\"H\u00edrek\"],\"inLanguage\":\"hu\"},{\"@type\":\"WebPage\",\"@id\":\"https:\\\/\\\/dorogimedence.hu\\\/index.php\\\/2022\\\/06\\\/17\\\/gulyas-a-gazembargo-veszelyeztetne-europa-egeszenek-ellatasat\\\/\",\"url\":\"https:\\\/\\\/dorogimedence.hu\\\/index.php\\\/2022\\\/06\\\/17\\\/gulyas-a-gazembargo-veszelyeztetne-europa-egeszenek-ellatasat\\\/\",\"name\":\"Guly\u00e1s: a g\u00e1zembarg\u00f3 vesz\u00e9lyeztetn\u00e9 Eur\u00f3pa eg\u00e9sz\u00e9nek ell\u00e1t\u00e1s\u00e1t\",\"isPartOf\":{\"@id\":\"https:\\\/\\\/dorogimedence.hu\\\/#website\"},\"datePublished\":\"2022-06-17T09:41:54+00:00\",\"dateModified\":\"2022-06-17T09:42:21+00:00\",\"breadcrumb\":{\"@id\":\"https:\\\/\\\/dorogimedence.hu\\\/index.php\\\/2022\\\/06\\\/17\\\/gulyas-a-gazembargo-veszelyeztetne-europa-egeszenek-ellatasat\\\/#breadcrumb\"},\"inLanguage\":\"hu\",\"potentialAction\":[{\"@type\":\"ReadAction\",\"target\":[\"https:\\\/\\\/dorogimedence.hu\\\/index.php\\\/2022\\\/06\\\/17\\\/gulyas-a-gazembargo-veszelyeztetne-europa-egeszenek-ellatasat\\\/\"]}]},{\"@type\":\"BreadcrumbList\",\"@id\":\"https:\\\/\\\/dorogimedence.hu\\\/index.php\\\/2022\\\/06\\\/17\\\/gulyas-a-gazembargo-veszelyeztetne-europa-egeszenek-ellatasat\\\/#breadcrumb\",\"itemListElement\":[{\"@type\":\"ListItem\",\"position\":1,\"name\":\"Kezd\u0151lap\",\"item\":\"https:\\\/\\\/dorogimedence.hu\\\/\"},{\"@type\":\"ListItem\",\"position\":2,\"name\":\"Guly\u00e1s: a g\u00e1zembarg\u00f3 vesz\u00e9lyeztetn\u00e9 Eur\u00f3pa eg\u00e9sz\u00e9nek ell\u00e1t\u00e1s\u00e1t\"}]},{\"@type\":\"WebSite\",\"@id\":\"https:\\\/\\\/dorogimedence.hu\\\/#website\",\"url\":\"https:\\\/\\\/dorogimedence.hu\\\/\",\"name\":\"Dorogi-medence Region\u00e1lis H\u00edrport\u00e1l\",\"description\":\"Dorog, Keszt\u00f6lc, Le\u00e1nyv\u00e1r, Piliscs\u00e9v, Tokod, Tokodalt\u00e1r\u00f3, Csolnok, Esztergom-kertv\u00e1ros: h\u00edrek, programok\",\"publisher\":{\"@id\":\"https:\\\/\\\/dorogimedence.hu\\\/#organization\"},\"potentialAction\":[{\"@type\":\"SearchAction\",\"target\":{\"@type\":\"EntryPoint\",\"urlTemplate\":\"https:\\\/\\\/dorogimedence.hu\\\/?s={search_term_string}\"},\"query-input\":{\"@type\":\"PropertyValueSpecification\",\"valueRequired\":true,\"valueName\":\"search_term_string\"}}],\"inLanguage\":\"hu\"},{\"@type\":\"Organization\",\"@id\":\"https:\\\/\\\/dorogimedence.hu\\\/#organization\",\"name\":\"Dorogi-medence Region\u00e1lis H\u00edrport\u00e1l\",\"url\":\"https:\\\/\\\/dorogimedence.hu\\\/\",\"logo\":{\"@type\":\"ImageObject\",\"inLanguage\":\"hu\",\"@id\":\"https:\\\/\\\/dorogimedence.hu\\\/#\\\/schema\\\/logo\\\/image\\\/\",\"url\":\"https:\\\/\\\/dorogimedence.hu\\\/wp-content\\\/uploads\\\/2021\\\/04\\\/logo-feher-600.png\",\"contentUrl\":\"https:\\\/\\\/dorogimedence.hu\\\/wp-content\\\/uploads\\\/2021\\\/04\\\/logo-feher-600.png\",\"width\":600,\"height\":100,\"caption\":\"Dorogi-medence Region\u00e1lis H\u00edrport\u00e1l\"},\"image\":{\"@id\":\"https:\\\/\\\/dorogimedence.hu\\\/#\\\/schema\\\/logo\\\/image\\\/\"},\"sameAs\":[\"https:\\\/\\\/www.facebook.com\\\/dorogimedence\\\/\"]},{\"@type\":\"Person\",\"@id\":\"https:\\\/\\\/dorogimedence.hu\\\/#\\\/schema\\\/person\\\/ce6091eeb7e95ecdc87890d6aa8e0fd4\",\"name\":\"dorogimedence.hu\",\"image\":{\"@type\":\"ImageObject\",\"inLanguage\":\"hu\",\"@id\":\"\\\/\\\/www.gravatar.com\\\/avatar\\\/d8d45f8901aadff40a4af72c0b826f1d?s=96&#038;r=g&#038;d=mm\",\"url\":\"\\\/\\\/www.gravatar.com\\\/avatar\\\/d8d45f8901aadff40a4af72c0b826f1d?s=96&#038;r=g&#038;d=mm\",\"contentUrl\":\"\\\/\\\/www.gravatar.com\\\/avatar\\\/d8d45f8901aadff40a4af72c0b826f1d?s=96&#038;r=g&#038;d=mm\",\"caption\":\"dorogimedence.hu\"}}]}<\/script>\n<!-- \/ Yoast SEO plugin. -->","yoast_head_json":{"title":"Guly\u00e1s: a g\u00e1zembarg\u00f3 vesz\u00e9lyeztetn\u00e9 Eur\u00f3pa eg\u00e9sz\u00e9nek ell\u00e1t\u00e1s\u00e1t","robots":{"index":"index","follow":"follow","max-snippet":"max-snippet:-1","max-image-preview":"max-image-preview:large","max-video-preview":"max-video-preview:-1"},"canonical":"https:\/\/dorogimedence.hu\/index.php\/2022\/06\/17\/gulyas-a-gazembargo-veszelyeztetne-europa-egeszenek-ellatasat\/","og_locale":"hu_HU","og_type":"article","og_title":"Guly\u00e1s: a g\u00e1zembarg\u00f3 vesz\u00e9lyeztetn\u00e9 Eur\u00f3pa eg\u00e9sz\u00e9nek ell\u00e1t\u00e1s\u00e1t","og_description":"A magyar korm\u00e1ny tov\u00e1bbra is csak olyan szankci\u00f3kat t\u00e1mogat, amelyek nem f\u00e1jnak jobban Magyarorsz\u00e1gnak \u00e9s Eur\u00f3p\u00e1nak, mint Oroszorsz\u00e1gnak, a g\u00e1zembarg\u00f3 eset\u00e9n viszont Eur\u00f3pa eg\u00e9sz\u00e9nek ell\u00e1t\u00e1sa ker\u00fclne vesz\u00e9lybe &#8211; jelentette ki Guly\u00e1s Gergely Minisztereln\u00f6ks\u00e9get vezet\u0151 miniszter j\u00fanius 17-\u00e9n, p\u00e9nteken a&nbsp;Korm\u00e1nyinf\u00f3n. Guly\u00e1s Gergely elmondta, hogy a h\u00e1bor\u00fas \u00e9s gazdas\u00e1gi helyzetet \u00e9rt\u00e9kelte a kabinet. Soha nem volt akkora","og_url":"https:\/\/dorogimedence.hu\/index.php\/2022\/06\/17\/gulyas-a-gazembargo-veszelyeztetne-europa-egeszenek-ellatasat\/","og_site_name":"Dorogi-medence Region\u00e1lis H\u00edrport\u00e1l","article_publisher":"https:\/\/www.facebook.com\/dorogimedence\/","article_published_time":"2022-06-17T09:41:54+00:00","article_modified_time":"2022-06-17T09:42:21+00:00","og_image":[{"width":1920,"height":1072,"url":"https:\/\/i0.wp.com\/dorogimedence.hu\/wp-content\/uploads\/2022\/06\/kormanyinfo.jpg?fit=1920%2C1072&ssl=1","type":"image\/jpeg"}],"author":"dorogimedence.hu","twitter_card":"summary_large_image","twitter_misc":{"Szerz\u0151:":"dorogimedence.hu","Becs\u00fclt olvas\u00e1si id\u0151":"3 perc"},"schema":{"@context":"https:\/\/schema.org","@graph":[{"@type":"Article","@id":"https:\/\/dorogimedence.hu\/index.php\/2022\/06\/17\/gulyas-a-gazembargo-veszelyeztetne-europa-egeszenek-ellatasat\/#article","isPartOf":{"@id":"https:\/\/dorogimedence.hu\/index.php\/2022\/06\/17\/gulyas-a-gazembargo-veszelyeztetne-europa-egeszenek-ellatasat\/"},"author":{"name":"dorogimedence.hu","@id":"https:\/\/dorogimedence.hu\/#\/schema\/person\/ce6091eeb7e95ecdc87890d6aa8e0fd4"},"headline":"Guly\u00e1s: a g\u00e1zembarg\u00f3 vesz\u00e9lyeztetn\u00e9 Eur\u00f3pa eg\u00e9sz\u00e9nek ell\u00e1t\u00e1s\u00e1t","datePublished":"2022-06-17T09:41:54+00:00","dateModified":"2022-06-17T09:42:21+00:00","mainEntityOfPage":{"@id":"https:\/\/dorogimedence.hu\/index.php\/2022\/06\/17\/gulyas-a-gazembargo-veszelyeztetne-europa-egeszenek-ellatasat\/"},"wordCount":549,"publisher":{"@id":"https:\/\/dorogimedence.hu\/#organization"},"keywords":["energia","Guly\u00e1s Gergely","korm\u00e1nyinf\u00f3"],"articleSection":["H\u00edrek"],"inLanguage":"hu"},{"@type":"WebPage","@id":"https:\/\/dorogimedence.hu\/index.php\/2022\/06\/17\/gulyas-a-gazembargo-veszelyeztetne-europa-egeszenek-ellatasat\/","url":"https:\/\/dorogimedence.hu\/index.php\/2022\/06\/17\/gulyas-a-gazembargo-veszelyeztetne-europa-egeszenek-ellatasat\/","name":"Guly\u00e1s: a g\u00e1zembarg\u00f3 vesz\u00e9lyeztetn\u00e9 Eur\u00f3pa eg\u00e9sz\u00e9nek ell\u00e1t\u00e1s\u00e1t","isPartOf":{"@id":"https:\/\/dorogimedence.hu\/#website"},"datePublished":"2022-06-17T09:41:54+00:00","dateModified":"2022-06-17T09:42:21+00:00","breadcrumb":{"@id":"https:\/\/dorogimedence.hu\/index.php\/2022\/06\/17\/gulyas-a-gazembargo-veszelyeztetne-europa-egeszenek-ellatasat\/#breadcrumb"},"inLanguage":"hu","potentialAction":[{"@type":"ReadAction","target":["https:\/\/dorogimedence.hu\/index.php\/2022\/06\/17\/gulyas-a-gazembargo-veszelyeztetne-europa-egeszenek-ellatasat\/"]}]},{"@type":"BreadcrumbList","@id":"https:\/\/dorogimedence.hu\/index.php\/2022\/06\/17\/gulyas-a-gazembargo-veszelyeztetne-europa-egeszenek-ellatasat\/#breadcrumb","itemListElement":[{"@type":"ListItem","position":1,"name":"Kezd\u0151lap","item":"https:\/\/dorogimedence.hu\/"},{"@type":"ListItem","position":2,"name":"Guly\u00e1s: a g\u00e1zembarg\u00f3 vesz\u00e9lyeztetn\u00e9 Eur\u00f3pa eg\u00e9sz\u00e9nek ell\u00e1t\u00e1s\u00e1t"}]},{"@type":"WebSite","@id":"https:\/\/dorogimedence.hu\/#website","url":"https:\/\/dorogimedence.hu\/","name":"Dorogi-medence Region\u00e1lis H\u00edrport\u00e1l","description":"Dorog, Keszt\u00f6lc, Le\u00e1nyv\u00e1r, Piliscs\u00e9v, Tokod, Tokodalt\u00e1r\u00f3, Csolnok, Esztergom-kertv\u00e1ros: h\u00edrek, programok","publisher":{"@id":"https:\/\/dorogimedence.hu\/#organization"},"potentialAction":[{"@type":"SearchAction","target":{"@type":"EntryPoint","urlTemplate":"https:\/\/dorogimedence.hu\/?s={search_term_string}"},"query-input":{"@type":"PropertyValueSpecification","valueRequired":true,"valueName":"search_term_string"}}],"inLanguage":"hu"},{"@type":"Organization","@id":"https:\/\/dorogimedence.hu\/#organization","name":"Dorogi-medence Region\u00e1lis H\u00edrport\u00e1l","url":"https:\/\/dorogimedence.hu\/","logo":{"@type":"ImageObject","inLanguage":"hu","@id":"https:\/\/dorogimedence.hu\/#\/schema\/logo\/image\/","url":"https:\/\/dorogimedence.hu\/wp-content\/uploads\/2021\/04\/logo-feher-600.png","contentUrl":"https:\/\/dorogimedence.hu\/wp-content\/uploads\/2021\/04\/logo-feher-600.png","width":600,"height":100,"caption":"Dorogi-medence Region\u00e1lis H\u00edrport\u00e1l"},"image":{"@id":"https:\/\/dorogimedence.hu\/#\/schema\/logo\/image\/"},"sameAs":["https:\/\/www.facebook.com\/dorogimedence\/"]},{"@type":"Person","@id":"https:\/\/dorogimedence.hu\/#\/schema\/person\/ce6091eeb7e95ecdc87890d6aa8e0fd4","name":"dorogimedence.hu","image":{"@type":"ImageObject","inLanguage":"hu","@id":"\/\/www.gravatar.com\/avatar\/d8d45f8901aadff40a4af72c0b826f1d?s=96&#038;r=g&#038;d=mm","url":"\/\/www.gravatar.com\/avatar\/d8d45f8901aadff40a4af72c0b826f1d?s=96&#038;r=g&#038;d=mm","contentUrl":"\/\/www.gravatar.com\/avatar\/d8d45f8901aadff40a4af72c0b826f1d?s=96&#038;r=g&#038;d=mm","caption":"dorogimedence.hu"}}]}},"_links":{"self":[{"href":"https:\/\/dorogimedence.hu\/index.php\/wp-json\/wp\/v2\/posts\/43840","targetHints":{"allow":["GET"]}}],"collection":[{"href":"https:\/\/dorogimedence.hu\/index.php\/wp-json\/wp\/v2\/posts"}],"about":[{"href":"https:\/\/dorogimedence.hu\/index.php\/wp-json\/wp\/v2\/types\/post"}],"author":[{"embeddable":true,"href":"https:\/\/dorogimedence.hu\/index.php\/wp-json\/wp\/v2\/users\/1"}],"replies":[{"embeddable":true,"href":"https:\/\/dorogimedence.hu\/index.php\/wp-json\/wp\/v2\/comments?post=43840"}],"version-history":[{"count":0,"href":"https:\/\/dorogimedence.hu\/index.php\/wp-json\/wp\/v2\/posts\/43840\/revisions"}],"wp:attachment":[{"href":"https:\/\/dorogimedence.hu\/index.php\/wp-json\/wp\/v2\/media?parent=43840"}],"wp:term":[{"taxonomy":"category","embeddable":true,"href":"https:\/\/dorogimedence.hu\/index.php\/wp-json\/wp\/v2\/categories?post=43840"},{"taxonomy":"post_tag","embeddable":true,"href":"https:\/\/dorogimedence.hu\/index.php\/wp-json\/wp\/v2\/tags?post=43840"}],"curies":[{"name":"wp","href":"https:\/\/api.w.org\/{rel}","templated":true}]}}