{"id":43766,"date":"2022-06-16T09:08:27","date_gmt":"2022-06-16T07:08:27","guid":{"rendered":"https:\/\/dorogimedence.hu\/?p=43766"},"modified":"2022-06-16T09:08:49","modified_gmt":"2022-06-16T07:08:49","slug":"megyei-uszos-bajnok-lett-csoregi-ferenc","status":"publish","type":"post","link":"https:\/\/dorogimedence.hu\/index.php\/2022\/06\/16\/megyei-uszos-bajnok-lett-csoregi-ferenc\/","title":{"rendered":"Megyei \u00fasz\u00f3s bajnok lett Cs\u0151regi Ferenc"},"content":{"rendered":"<p><strong>A Kom\u00e1rom-Esztergom Megyei Horg\u00e1szegyes\u00fcletek Sz\u00f6vets\u00e9ge a h\u00e9tv\u00e9g\u00e9n a T\u00e1ti tavon rendezte meg a Megyei Egy\u00e9ni k\u00f6nny\u0171 \u00fasz\u00f3s Bajnoks\u00e1got, melynek c\u00e9lja az \u00fasz\u00f3s horg\u00e1sz szak\u00e1g n\u00e9pszer\u0171s\u00edt\u00e9se. Az \u00fasz\u00f3s bajnoks\u00e1g egy igaz\u00e1n j\u00f3 lehet\u0151s\u00e9g a megyei horg\u00e1szoknak megm\u00e9rettetni magukat egy er\u0151s mez\u0151nyben.<\/strong><\/p>\n<p>A versenyen 12 finom szerel\u00e9kes horg\u00e1sz indult. Az els\u0151 helyet Cs\u00f6regi Ferenc szerezte meg 46 kilogrammos fog\u00e1ssal, m\u00e1sodik lett T\u00f3th Szalkai Zolt\u00e1n 36 kilogrammal, \u0151k mindketten az esztergomi Vasas Horg\u00e1sz Egyes\u00fclet tagjai. A dobog\u00f3 harmadik hely\u00e9re F\u00fcl\u00f6p S\u00e1ndor, a T\u00e1ti Horg\u00e1sz \u00e9s K\u00f6rnyezetv\u00e9d\u0151 Egyes\u00fclet versenyz\u0151je \u00e1llhatott fel, 33 kilogrammos fog\u00e1ssal.<\/p>\n<p>Hamarosan szurkolhatunk a KEMHESZ csapat\u00e1nak a Tagsz\u00f6vets\u00e9gi Csapatok Orsz\u00e1gos Bajnoks\u00e1g\u00e1n, melyet j\u00falius 09-10-\u00e9n Szegeden a Maty-\u00e9ri versenyp\u00e1ly\u00e1n rendeznek.<\/p>\n<p><img fetchpriority=\"high\" decoding=\"async\" class=\"alignnone size-large wp-image-43768\" src=\"https:\/\/dorogimedence.hu\/wp-content\/uploads\/2022\/06\/0615MegyeiUszos2022Foto2-1024x709.jpg\" alt=\"\" width=\"755\" height=\"523\" srcset=\"https:\/\/dorogimedence.hu\/wp-content\/uploads\/2022\/06\/0615MegyeiUszos2022Foto2-1024x709.jpg 1024w, https:\/\/dorogimedence.hu\/wp-content\/uploads\/2022\/06\/0615MegyeiUszos2022Foto2-300x208.jpg 300w, https:\/\/dorogimedence.hu\/wp-content\/uploads\/2022\/06\/0615MegyeiUszos2022Foto2-768x532.jpg 768w, https:\/\/dorogimedence.hu\/wp-content\/uploads\/2022\/06\/0615MegyeiUszos2022Foto2-1536x1063.jpg 1536w, https:\/\/dorogimedence.hu\/wp-content\/uploads\/2022\/06\/0615MegyeiUszos2022Foto2-2048x1418.jpg 2048w, https:\/\/dorogimedence.hu\/wp-content\/uploads\/2022\/06\/0615MegyeiUszos2022Foto2-150x104.jpg 150w, https:\/\/dorogimedence.hu\/wp-content\/uploads\/2022\/06\/0615MegyeiUszos2022Foto2-450x312.jpg 450w, https:\/\/dorogimedence.hu\/wp-content\/uploads\/2022\/06\/0615MegyeiUszos2022Foto2-1200x831.jpg 1200w\" sizes=\"(max-width: 755px) 100vw, 755px\" \/><\/p>\n<p><img decoding=\"async\" class=\"alignnone size-large wp-image-43769\" src=\"https:\/\/dorogimedence.hu\/wp-content\/uploads\/2022\/06\/0615MegyeiUszos2022Foto3-1024x709.jpg\" alt=\"\" width=\"755\" height=\"523\" srcset=\"https:\/\/dorogimedence.hu\/wp-content\/uploads\/2022\/06\/0615MegyeiUszos2022Foto3-1024x709.jpg 1024w, https:\/\/dorogimedence.hu\/wp-content\/uploads\/2022\/06\/0615MegyeiUszos2022Foto3-300x208.jpg 300w, https:\/\/dorogimedence.hu\/wp-content\/uploads\/2022\/06\/0615MegyeiUszos2022Foto3-768x532.jpg 768w, https:\/\/dorogimedence.hu\/wp-content\/uploads\/2022\/06\/0615MegyeiUszos2022Foto3-1536x1063.jpg 1536w, https:\/\/dorogimedence.hu\/wp-content\/uploads\/2022\/06\/0615MegyeiUszos2022Foto3-2048x1418.jpg 2048w, https:\/\/dorogimedence.hu\/wp-content\/uploads\/2022\/06\/0615MegyeiUszos2022Foto3-150x104.jpg 150w, https:\/\/dorogimedence.hu\/wp-content\/uploads\/2022\/06\/0615MegyeiUszos2022Foto3-450x312.jpg 450w, https:\/\/dorogimedence.hu\/wp-content\/uploads\/2022\/06\/0615MegyeiUszos2022Foto3-1200x831.jpg 1200w\" sizes=\"(max-width: 755px) 100vw, 755px\" \/><\/p>\n<p><em>Fot\u00f3k, forr\u00e1s: KEMHESZ<\/em><\/p>\n","protected":false},"excerpt":{"rendered":"<p>A Kom\u00e1rom-Esztergom Megyei Horg\u00e1szegyes\u00fcletek Sz\u00f6vets\u00e9ge a h\u00e9tv\u00e9g\u00e9n a T\u00e1ti tavon rendezte meg a Megyei Egy\u00e9ni k\u00f6nny\u0171 \u00fasz\u00f3s Bajnoks\u00e1got, melynek c\u00e9lja az \u00fasz\u00f3s horg\u00e1sz szak\u00e1g n\u00e9pszer\u0171s\u00edt\u00e9se. Az \u00fasz\u00f3s bajnoks\u00e1g egy igaz\u00e1n j\u00f3 lehet\u0151s\u00e9g a megyei horg\u00e1szoknak megm\u00e9rettetni magukat egy er\u0151s mez\u0151nyben. A versenyen 12 finom szerel\u00e9kes horg\u00e1sz indult. Az els\u0151 helyet Cs\u00f6regi Ferenc szerezte meg 46<\/p>\n","protected":false},"author":1,"featured_media":43767,"comment_status":"closed","ping_status":"closed","sticky":false,"template":"","format":"standard","meta":{"ngg_post_thumbnail":0,"footnotes":""},"categories":[3,56,5],"tags":[4825,598,4398,5347,16],"class_list":{"0":"post-43766","1":"post","2":"type-post","3":"status-publish","4":"format-standard","5":"has-post-thumbnail","7":"category-hirek","8":"category-komarom-esztergom","9":"category-sport","10":"tag-horgasz","11":"tag-horgaszat","12":"tag-kemhesz","13":"tag-komarom-esztergom-megyei-horgaszegyesuletek-szovetsege","14":"tag-sport"},"yoast_head":"<!-- This site is optimized with the Yoast SEO plugin v27.5 - https:\/\/yoast.com\/product\/yoast-seo-wordpress\/ -->\n<title>Megyei \u00fasz\u00f3s bajnok lett Cs\u0151regi Ferenc<\/title>\n<meta name=\"robots\" content=\"index, follow, max-snippet:-1, max-image-preview:large, max-video-preview:-1\" \/>\n<link rel=\"canonical\" href=\"https:\/\/dorogimedence.hu\/index.php\/2022\/06\/16\/megyei-uszos-bajnok-lett-csoregi-ferenc\/\" class=\"yoast-seo-meta-tag\" \/>\n<meta property=\"og:locale\" content=\"hu_HU\" class=\"yoast-seo-meta-tag\" \/>\n<meta property=\"og:type\" content=\"article\" class=\"yoast-seo-meta-tag\" \/>\n<meta property=\"og:title\" content=\"Megyei \u00fasz\u00f3s bajnok lett Cs\u0151regi Ferenc\" class=\"yoast-seo-meta-tag\" \/>\n<meta property=\"og:description\" content=\"A Kom\u00e1rom-Esztergom Megyei Horg\u00e1szegyes\u00fcletek Sz\u00f6vets\u00e9ge a h\u00e9tv\u00e9g\u00e9n a T\u00e1ti tavon rendezte meg a Megyei Egy\u00e9ni k\u00f6nny\u0171 \u00fasz\u00f3s Bajnoks\u00e1got, melynek c\u00e9lja az \u00fasz\u00f3s horg\u00e1sz szak\u00e1g n\u00e9pszer\u0171s\u00edt\u00e9se. Az \u00fasz\u00f3s bajnoks\u00e1g egy igaz\u00e1n j\u00f3 lehet\u0151s\u00e9g a megyei horg\u00e1szoknak megm\u00e9rettetni magukat egy er\u0151s mez\u0151nyben. A versenyen 12 finom szerel\u00e9kes horg\u00e1sz indult. Az els\u0151 helyet Cs\u00f6regi Ferenc szerezte meg 46\" class=\"yoast-seo-meta-tag\" \/>\n<meta property=\"og:url\" content=\"https:\/\/dorogimedence.hu\/index.php\/2022\/06\/16\/megyei-uszos-bajnok-lett-csoregi-ferenc\/\" class=\"yoast-seo-meta-tag\" \/>\n<meta property=\"og:site_name\" content=\"Dorogi-medence Region\u00e1lis H\u00edrport\u00e1l\" class=\"yoast-seo-meta-tag\" \/>\n<meta property=\"article:publisher\" content=\"https:\/\/www.facebook.com\/dorogimedence\/\" class=\"yoast-seo-meta-tag\" \/>\n<meta property=\"article:published_time\" content=\"2022-06-16T07:08:27+00:00\" class=\"yoast-seo-meta-tag\" \/>\n<meta property=\"article:modified_time\" content=\"2022-06-16T07:08:49+00:00\" class=\"yoast-seo-meta-tag\" \/>\n<meta property=\"og:image\" content=\"https:\/\/i0.wp.com\/dorogimedence.hu\/wp-content\/uploads\/2022\/06\/csoregi-01.jpg?fit=1920%2C1161&ssl=1\" class=\"yoast-seo-meta-tag\" \/>\n\t<meta property=\"og:image:width\" content=\"1920\" class=\"yoast-seo-meta-tag\" \/>\n\t<meta property=\"og:image:height\" content=\"1161\" class=\"yoast-seo-meta-tag\" \/>\n\t<meta property=\"og:image:type\" content=\"image\/jpeg\" class=\"yoast-seo-meta-tag\" \/>\n<meta name=\"author\" content=\"dorogimedence.hu\" class=\"yoast-seo-meta-tag\" \/>\n<meta name=\"twitter:card\" content=\"summary_large_image\" class=\"yoast-seo-meta-tag\" \/>\n<meta name=\"twitter:label1\" content=\"Szerz\u0151:\" class=\"yoast-seo-meta-tag\" \/>\n\t<meta name=\"twitter:data1\" content=\"dorogimedence.hu\" class=\"yoast-seo-meta-tag\" \/>\n\t<meta name=\"twitter:label2\" content=\"Becs\u00fclt olvas\u00e1si id\u0151\" class=\"yoast-seo-meta-tag\" \/>\n\t<meta name=\"twitter:data2\" content=\"1 perc\" class=\"yoast-seo-meta-tag\" \/>\n<script type=\"application\/ld+json\" class=\"yoast-schema-graph\">{\"@context\":\"https:\\\/\\\/schema.org\",\"@graph\":[{\"@type\":\"Article\",\"@id\":\"https:\\\/\\\/dorogimedence.hu\\\/index.php\\\/2022\\\/06\\\/16\\\/megyei-uszos-bajnok-lett-csoregi-ferenc\\\/#article\",\"isPartOf\":{\"@id\":\"https:\\\/\\\/dorogimedence.hu\\\/index.php\\\/2022\\\/06\\\/16\\\/megyei-uszos-bajnok-lett-csoregi-ferenc\\\/\"},\"author\":{\"name\":\"dorogimedence.hu\",\"@id\":\"https:\\\/\\\/dorogimedence.hu\\\/#\\\/schema\\\/person\\\/ce6091eeb7e95ecdc87890d6aa8e0fd4\"},\"headline\":\"Megyei \u00fasz\u00f3s bajnok lett Cs\u0151regi Ferenc\",\"datePublished\":\"2022-06-16T07:08:27+00:00\",\"dateModified\":\"2022-06-16T07:08:49+00:00\",\"mainEntityOfPage\":{\"@id\":\"https:\\\/\\\/dorogimedence.hu\\\/index.php\\\/2022\\\/06\\\/16\\\/megyei-uszos-bajnok-lett-csoregi-ferenc\\\/\"},\"wordCount\":179,\"publisher\":{\"@id\":\"https:\\\/\\\/dorogimedence.hu\\\/#organization\"},\"image\":{\"@id\":\"https:\\\/\\\/dorogimedence.hu\\\/index.php\\\/2022\\\/06\\\/16\\\/megyei-uszos-bajnok-lett-csoregi-ferenc\\\/#primaryimage\"},\"thumbnailUrl\":\"https:\\\/\\\/dorogimedence.hu\\\/wp-content\\\/uploads\\\/2022\\\/06\\\/csoregi-01.jpg\",\"keywords\":[\"horg\u00e1sz\",\"horg\u00e1szat\",\"KEMHESZ\",\"Kom\u00e1rom-Esztergom Megyei Horg\u00e1szegyes\u00fcletek Sz\u00f6vets\u00e9ge\",\"sport\"],\"articleSection\":[\"H\u00edrek\",\"Kom\u00e1rom-Esztergom\",\"Sport\"],\"inLanguage\":\"hu\"},{\"@type\":\"WebPage\",\"@id\":\"https:\\\/\\\/dorogimedence.hu\\\/index.php\\\/2022\\\/06\\\/16\\\/megyei-uszos-bajnok-lett-csoregi-ferenc\\\/\",\"url\":\"https:\\\/\\\/dorogimedence.hu\\\/index.php\\\/2022\\\/06\\\/16\\\/megyei-uszos-bajnok-lett-csoregi-ferenc\\\/\",\"name\":\"Megyei \u00fasz\u00f3s bajnok lett Cs\u0151regi Ferenc\",\"isPartOf\":{\"@id\":\"https:\\\/\\\/dorogimedence.hu\\\/#website\"},\"primaryImageOfPage\":{\"@id\":\"https:\\\/\\\/dorogimedence.hu\\\/index.php\\\/2022\\\/06\\\/16\\\/megyei-uszos-bajnok-lett-csoregi-ferenc\\\/#primaryimage\"},\"image\":{\"@id\":\"https:\\\/\\\/dorogimedence.hu\\\/index.php\\\/2022\\\/06\\\/16\\\/megyei-uszos-bajnok-lett-csoregi-ferenc\\\/#primaryimage\"},\"thumbnailUrl\":\"https:\\\/\\\/dorogimedence.hu\\\/wp-content\\\/uploads\\\/2022\\\/06\\\/csoregi-01.jpg\",\"datePublished\":\"2022-06-16T07:08:27+00:00\",\"dateModified\":\"2022-06-16T07:08:49+00:00\",\"breadcrumb\":{\"@id\":\"https:\\\/\\\/dorogimedence.hu\\\/index.php\\\/2022\\\/06\\\/16\\\/megyei-uszos-bajnok-lett-csoregi-ferenc\\\/#breadcrumb\"},\"inLanguage\":\"hu\",\"potentialAction\":[{\"@type\":\"ReadAction\",\"target\":[\"https:\\\/\\\/dorogimedence.hu\\\/index.php\\\/2022\\\/06\\\/16\\\/megyei-uszos-bajnok-lett-csoregi-ferenc\\\/\"]}]},{\"@type\":\"ImageObject\",\"inLanguage\":\"hu\",\"@id\":\"https:\\\/\\\/dorogimedence.hu\\\/index.php\\\/2022\\\/06\\\/16\\\/megyei-uszos-bajnok-lett-csoregi-ferenc\\\/#primaryimage\",\"url\":\"https:\\\/\\\/dorogimedence.hu\\\/wp-content\\\/uploads\\\/2022\\\/06\\\/csoregi-01.jpg\",\"contentUrl\":\"https:\\\/\\\/dorogimedence.hu\\\/wp-content\\\/uploads\\\/2022\\\/06\\\/csoregi-01.jpg\",\"width\":1920,\"height\":1161},{\"@type\":\"BreadcrumbList\",\"@id\":\"https:\\\/\\\/dorogimedence.hu\\\/index.php\\\/2022\\\/06\\\/16\\\/megyei-uszos-bajnok-lett-csoregi-ferenc\\\/#breadcrumb\",\"itemListElement\":[{\"@type\":\"ListItem\",\"position\":1,\"name\":\"Kezd\u0151lap\",\"item\":\"https:\\\/\\\/dorogimedence.hu\\\/\"},{\"@type\":\"ListItem\",\"position\":2,\"name\":\"Megyei \u00fasz\u00f3s bajnok lett Cs\u0151regi Ferenc\"}]},{\"@type\":\"WebSite\",\"@id\":\"https:\\\/\\\/dorogimedence.hu\\\/#website\",\"url\":\"https:\\\/\\\/dorogimedence.hu\\\/\",\"name\":\"Dorogi-medence Region\u00e1lis H\u00edrport\u00e1l\",\"description\":\"Dorog, Keszt\u00f6lc, Le\u00e1nyv\u00e1r, Piliscs\u00e9v, Tokod, Tokodalt\u00e1r\u00f3, Csolnok, Esztergom-kertv\u00e1ros: h\u00edrek, programok\",\"publisher\":{\"@id\":\"https:\\\/\\\/dorogimedence.hu\\\/#organization\"},\"potentialAction\":[{\"@type\":\"SearchAction\",\"target\":{\"@type\":\"EntryPoint\",\"urlTemplate\":\"https:\\\/\\\/dorogimedence.hu\\\/?s={search_term_string}\"},\"query-input\":{\"@type\":\"PropertyValueSpecification\",\"valueRequired\":true,\"valueName\":\"search_term_string\"}}],\"inLanguage\":\"hu\"},{\"@type\":\"Organization\",\"@id\":\"https:\\\/\\\/dorogimedence.hu\\\/#organization\",\"name\":\"Dorogi-medence Region\u00e1lis H\u00edrport\u00e1l\",\"url\":\"https:\\\/\\\/dorogimedence.hu\\\/\",\"logo\":{\"@type\":\"ImageObject\",\"inLanguage\":\"hu\",\"@id\":\"https:\\\/\\\/dorogimedence.hu\\\/#\\\/schema\\\/logo\\\/image\\\/\",\"url\":\"https:\\\/\\\/dorogimedence.hu\\\/wp-content\\\/uploads\\\/2021\\\/04\\\/logo-feher-600.png\",\"contentUrl\":\"https:\\\/\\\/dorogimedence.hu\\\/wp-content\\\/uploads\\\/2021\\\/04\\\/logo-feher-600.png\",\"width\":600,\"height\":100,\"caption\":\"Dorogi-medence Region\u00e1lis H\u00edrport\u00e1l\"},\"image\":{\"@id\":\"https:\\\/\\\/dorogimedence.hu\\\/#\\\/schema\\\/logo\\\/image\\\/\"},\"sameAs\":[\"https:\\\/\\\/www.facebook.com\\\/dorogimedence\\\/\"]},{\"@type\":\"Person\",\"@id\":\"https:\\\/\\\/dorogimedence.hu\\\/#\\\/schema\\\/person\\\/ce6091eeb7e95ecdc87890d6aa8e0fd4\",\"name\":\"dorogimedence.hu\",\"image\":{\"@type\":\"ImageObject\",\"inLanguage\":\"hu\",\"@id\":\"\\\/\\\/www.gravatar.com\\\/avatar\\\/d8d45f8901aadff40a4af72c0b826f1d?s=96&#038;r=g&#038;d=mm\",\"url\":\"\\\/\\\/www.gravatar.com\\\/avatar\\\/d8d45f8901aadff40a4af72c0b826f1d?s=96&#038;r=g&#038;d=mm\",\"contentUrl\":\"\\\/\\\/www.gravatar.com\\\/avatar\\\/d8d45f8901aadff40a4af72c0b826f1d?s=96&#038;r=g&#038;d=mm\",\"caption\":\"dorogimedence.hu\"}}]}<\/script>\n<!-- \/ Yoast SEO plugin. -->","yoast_head_json":{"title":"Megyei \u00fasz\u00f3s bajnok lett Cs\u0151regi Ferenc","robots":{"index":"index","follow":"follow","max-snippet":"max-snippet:-1","max-image-preview":"max-image-preview:large","max-video-preview":"max-video-preview:-1"},"canonical":"https:\/\/dorogimedence.hu\/index.php\/2022\/06\/16\/megyei-uszos-bajnok-lett-csoregi-ferenc\/","og_locale":"hu_HU","og_type":"article","og_title":"Megyei \u00fasz\u00f3s bajnok lett Cs\u0151regi Ferenc","og_description":"A Kom\u00e1rom-Esztergom Megyei Horg\u00e1szegyes\u00fcletek Sz\u00f6vets\u00e9ge a h\u00e9tv\u00e9g\u00e9n a T\u00e1ti tavon rendezte meg a Megyei Egy\u00e9ni k\u00f6nny\u0171 \u00fasz\u00f3s Bajnoks\u00e1got, melynek c\u00e9lja az \u00fasz\u00f3s horg\u00e1sz szak\u00e1g n\u00e9pszer\u0171s\u00edt\u00e9se. Az \u00fasz\u00f3s bajnoks\u00e1g egy igaz\u00e1n j\u00f3 lehet\u0151s\u00e9g a megyei horg\u00e1szoknak megm\u00e9rettetni magukat egy er\u0151s mez\u0151nyben. A versenyen 12 finom szerel\u00e9kes horg\u00e1sz indult. Az els\u0151 helyet Cs\u00f6regi Ferenc szerezte meg 46","og_url":"https:\/\/dorogimedence.hu\/index.php\/2022\/06\/16\/megyei-uszos-bajnok-lett-csoregi-ferenc\/","og_site_name":"Dorogi-medence Region\u00e1lis H\u00edrport\u00e1l","article_publisher":"https:\/\/www.facebook.com\/dorogimedence\/","article_published_time":"2022-06-16T07:08:27+00:00","article_modified_time":"2022-06-16T07:08:49+00:00","og_image":[{"width":1920,"height":1161,"url":"https:\/\/i0.wp.com\/dorogimedence.hu\/wp-content\/uploads\/2022\/06\/csoregi-01.jpg?fit=1920%2C1161&ssl=1","type":"image\/jpeg"}],"author":"dorogimedence.hu","twitter_card":"summary_large_image","twitter_misc":{"Szerz\u0151:":"dorogimedence.hu","Becs\u00fclt olvas\u00e1si id\u0151":"1 perc"},"schema":{"@context":"https:\/\/schema.org","@graph":[{"@type":"Article","@id":"https:\/\/dorogimedence.hu\/index.php\/2022\/06\/16\/megyei-uszos-bajnok-lett-csoregi-ferenc\/#article","isPartOf":{"@id":"https:\/\/dorogimedence.hu\/index.php\/2022\/06\/16\/megyei-uszos-bajnok-lett-csoregi-ferenc\/"},"author":{"name":"dorogimedence.hu","@id":"https:\/\/dorogimedence.hu\/#\/schema\/person\/ce6091eeb7e95ecdc87890d6aa8e0fd4"},"headline":"Megyei \u00fasz\u00f3s bajnok lett Cs\u0151regi Ferenc","datePublished":"2022-06-16T07:08:27+00:00","dateModified":"2022-06-16T07:08:49+00:00","mainEntityOfPage":{"@id":"https:\/\/dorogimedence.hu\/index.php\/2022\/06\/16\/megyei-uszos-bajnok-lett-csoregi-ferenc\/"},"wordCount":179,"publisher":{"@id":"https:\/\/dorogimedence.hu\/#organization"},"image":{"@id":"https:\/\/dorogimedence.hu\/index.php\/2022\/06\/16\/megyei-uszos-bajnok-lett-csoregi-ferenc\/#primaryimage"},"thumbnailUrl":"https:\/\/dorogimedence.hu\/wp-content\/uploads\/2022\/06\/csoregi-01.jpg","keywords":["horg\u00e1sz","horg\u00e1szat","KEMHESZ","Kom\u00e1rom-Esztergom Megyei Horg\u00e1szegyes\u00fcletek Sz\u00f6vets\u00e9ge","sport"],"articleSection":["H\u00edrek","Kom\u00e1rom-Esztergom","Sport"],"inLanguage":"hu"},{"@type":"WebPage","@id":"https:\/\/dorogimedence.hu\/index.php\/2022\/06\/16\/megyei-uszos-bajnok-lett-csoregi-ferenc\/","url":"https:\/\/dorogimedence.hu\/index.php\/2022\/06\/16\/megyei-uszos-bajnok-lett-csoregi-ferenc\/","name":"Megyei \u00fasz\u00f3s bajnok lett Cs\u0151regi Ferenc","isPartOf":{"@id":"https:\/\/dorogimedence.hu\/#website"},"primaryImageOfPage":{"@id":"https:\/\/dorogimedence.hu\/index.php\/2022\/06\/16\/megyei-uszos-bajnok-lett-csoregi-ferenc\/#primaryimage"},"image":{"@id":"https:\/\/dorogimedence.hu\/index.php\/2022\/06\/16\/megyei-uszos-bajnok-lett-csoregi-ferenc\/#primaryimage"},"thumbnailUrl":"https:\/\/dorogimedence.hu\/wp-content\/uploads\/2022\/06\/csoregi-01.jpg","datePublished":"2022-06-16T07:08:27+00:00","dateModified":"2022-06-16T07:08:49+00:00","breadcrumb":{"@id":"https:\/\/dorogimedence.hu\/index.php\/2022\/06\/16\/megyei-uszos-bajnok-lett-csoregi-ferenc\/#breadcrumb"},"inLanguage":"hu","potentialAction":[{"@type":"ReadAction","target":["https:\/\/dorogimedence.hu\/index.php\/2022\/06\/16\/megyei-uszos-bajnok-lett-csoregi-ferenc\/"]}]},{"@type":"ImageObject","inLanguage":"hu","@id":"https:\/\/dorogimedence.hu\/index.php\/2022\/06\/16\/megyei-uszos-bajnok-lett-csoregi-ferenc\/#primaryimage","url":"https:\/\/dorogimedence.hu\/wp-content\/uploads\/2022\/06\/csoregi-01.jpg","contentUrl":"https:\/\/dorogimedence.hu\/wp-content\/uploads\/2022\/06\/csoregi-01.jpg","width":1920,"height":1161},{"@type":"BreadcrumbList","@id":"https:\/\/dorogimedence.hu\/index.php\/2022\/06\/16\/megyei-uszos-bajnok-lett-csoregi-ferenc\/#breadcrumb","itemListElement":[{"@type":"ListItem","position":1,"name":"Kezd\u0151lap","item":"https:\/\/dorogimedence.hu\/"},{"@type":"ListItem","position":2,"name":"Megyei \u00fasz\u00f3s bajnok lett Cs\u0151regi Ferenc"}]},{"@type":"WebSite","@id":"https:\/\/dorogimedence.hu\/#website","url":"https:\/\/dorogimedence.hu\/","name":"Dorogi-medence Region\u00e1lis H\u00edrport\u00e1l","description":"Dorog, Keszt\u00f6lc, Le\u00e1nyv\u00e1r, Piliscs\u00e9v, Tokod, Tokodalt\u00e1r\u00f3, Csolnok, Esztergom-kertv\u00e1ros: h\u00edrek, programok","publisher":{"@id":"https:\/\/dorogimedence.hu\/#organization"},"potentialAction":[{"@type":"SearchAction","target":{"@type":"EntryPoint","urlTemplate":"https:\/\/dorogimedence.hu\/?s={search_term_string}"},"query-input":{"@type":"PropertyValueSpecification","valueRequired":true,"valueName":"search_term_string"}}],"inLanguage":"hu"},{"@type":"Organization","@id":"https:\/\/dorogimedence.hu\/#organization","name":"Dorogi-medence Region\u00e1lis H\u00edrport\u00e1l","url":"https:\/\/dorogimedence.hu\/","logo":{"@type":"ImageObject","inLanguage":"hu","@id":"https:\/\/dorogimedence.hu\/#\/schema\/logo\/image\/","url":"https:\/\/dorogimedence.hu\/wp-content\/uploads\/2021\/04\/logo-feher-600.png","contentUrl":"https:\/\/dorogimedence.hu\/wp-content\/uploads\/2021\/04\/logo-feher-600.png","width":600,"height":100,"caption":"Dorogi-medence Region\u00e1lis H\u00edrport\u00e1l"},"image":{"@id":"https:\/\/dorogimedence.hu\/#\/schema\/logo\/image\/"},"sameAs":["https:\/\/www.facebook.com\/dorogimedence\/"]},{"@type":"Person","@id":"https:\/\/dorogimedence.hu\/#\/schema\/person\/ce6091eeb7e95ecdc87890d6aa8e0fd4","name":"dorogimedence.hu","image":{"@type":"ImageObject","inLanguage":"hu","@id":"\/\/www.gravatar.com\/avatar\/d8d45f8901aadff40a4af72c0b826f1d?s=96&#038;r=g&#038;d=mm","url":"\/\/www.gravatar.com\/avatar\/d8d45f8901aadff40a4af72c0b826f1d?s=96&#038;r=g&#038;d=mm","contentUrl":"\/\/www.gravatar.com\/avatar\/d8d45f8901aadff40a4af72c0b826f1d?s=96&#038;r=g&#038;d=mm","caption":"dorogimedence.hu"}}]}},"_links":{"self":[{"href":"https:\/\/dorogimedence.hu\/index.php\/wp-json\/wp\/v2\/posts\/43766","targetHints":{"allow":["GET"]}}],"collection":[{"href":"https:\/\/dorogimedence.hu\/index.php\/wp-json\/wp\/v2\/posts"}],"about":[{"href":"https:\/\/dorogimedence.hu\/index.php\/wp-json\/wp\/v2\/types\/post"}],"author":[{"embeddable":true,"href":"https:\/\/dorogimedence.hu\/index.php\/wp-json\/wp\/v2\/users\/1"}],"replies":[{"embeddable":true,"href":"https:\/\/dorogimedence.hu\/index.php\/wp-json\/wp\/v2\/comments?post=43766"}],"version-history":[{"count":0,"href":"https:\/\/dorogimedence.hu\/index.php\/wp-json\/wp\/v2\/posts\/43766\/revisions"}],"wp:featuredmedia":[{"embeddable":true,"href":"https:\/\/dorogimedence.hu\/index.php\/wp-json\/wp\/v2\/media\/43767"}],"wp:attachment":[{"href":"https:\/\/dorogimedence.hu\/index.php\/wp-json\/wp\/v2\/media?parent=43766"}],"wp:term":[{"taxonomy":"category","embeddable":true,"href":"https:\/\/dorogimedence.hu\/index.php\/wp-json\/wp\/v2\/categories?post=43766"},{"taxonomy":"post_tag","embeddable":true,"href":"https:\/\/dorogimedence.hu\/index.php\/wp-json\/wp\/v2\/tags?post=43766"}],"curies":[{"name":"wp","href":"https:\/\/api.w.org\/{rel}","templated":true}]}}