{"id":43713,"date":"2022-06-15T14:37:48","date_gmt":"2022-06-15T12:37:48","guid":{"rendered":"https:\/\/dorogimedence.hu\/?p=43713"},"modified":"2022-06-15T14:37:58","modified_gmt":"2022-06-15T12:37:58","slug":"termeszetmuveszet-talalkozot-rendeznek-esztergomban","status":"publish","type":"post","link":"https:\/\/dorogimedence.hu\/index.php\/2022\/06\/15\/termeszetmuveszet-talalkozot-rendeznek-esztergomban\/","title":{"rendered":"Term\u00e9szetm\u0171v\u00e9szet tal\u00e1lkoz\u00f3t rendeznek Esztergomban"},"content":{"rendered":"<p><strong>J\u00fanius 17. \u00e9s 19. k\u00f6z\u00f6tt \u201eAz erd\u0151 m\u0171v\u00e9szete\u201d c\u00edmen term\u00e9szetm\u0171v\u00e9szet tal\u00e1lkoz\u00f3t rendeznek az esztergomi Pr\u00edm\u00e1s-szigeten.<\/strong><\/p>\n<p>Egy h\u00e9tv\u00e9ge, ahol a k\u00f6zpontban a term\u00e9szet \u00e1ll: a Duna, a mes\u00e9s Pr\u00edm\u00e1s-szigeti \u00e1rt\u00e9ri erd\u0151, az alkot\u00e1s \u00f6r\u00f6me, a kikapcsol\u00f3d\u00e1s \u00e9s felt\u00f6lt\u0151d\u00e9s, a term\u00e9szet tisztelete \u00e9s csod\u00e1lata.<\/p>\n<p>A rendezv\u00e9nyre szeretettel v\u00e1rnak minden alkot\u00f3t, illetve a term\u00e9szetkedvel\u0151t:<\/p>\n<ul>\n<li>k\u00f6z\u00f6s term\u00e9szetm\u0171v\u00e9szet \/ Nature Art \u2013 azaz term\u00e9szeti t\u00e1rgyakb\u00f3l kincsekb\u0151l t\u00f6rt\u00e9n\u0151 \u2013alkot\u00e1sra,<\/li>\n<li>erd\u0151f\u00fcrd\u0151s\u00e9t\u00e1kra,<\/li>\n<li>besz\u00e9lget\u00e9sekre,<\/li>\n<li>j\u00f3g\u00e1ra, mozg\u00e1sra,<\/li>\n<li>n\u00f6v\u00e9nyismereti \u00e9s egy\u00e9b s\u00e9t\u00e1kra,<\/li>\n<li>ismerkedni a f\u00e1k testbesz\u00e9d\u00e9vel,<\/li>\n<li>v\u00e9gigj\u00e1rni egy labirintust, \u00f6sv\u00e9nyeket,<\/li>\n<li>a term\u00e9szetben felt\u00f6lt\u0151dni,<\/li>\n<li>h\u00f3dok \u00e9s egy\u00e9b \u00e9l\u0151l\u00e9nyek nyom\u00e1ba eredni,<\/li>\n<li>kapcsol\u00f3dni: a term\u00e9szethez, egym\u00e1shoz, \u00f6nmagunkhoz.<\/li>\n<\/ul>\n<p>Az ERD\u0150 M\u0170V\u00c9SZETE tal\u00e1lkoz\u00f3n val\u00f3 R\u00c9SZV\u00c9TEL ingyenes, viszont az egyes programok megval\u00f3s\u00edt\u00e1s\u00e1t \u00f6nk\u00e9ntes hozz\u00e1j\u00e1rul\u00e1ssal lehet t\u00e1mogatni.<\/p>\n<p><a href=\"http:\/\/www.erdofurdo.org\/termeszetmuveszet-talalkozo-az-erdo-muveszete\/\" target=\"_blank\" rel=\"noopener\"><span style=\"text-decoration: underline; color: #0000ff;\">Tov\u00e1bbi inform\u00e1ci\u00f3&gt;&gt;<\/span><\/a><\/p>\n<p><span style=\"text-decoration: underline; color: #0000ff;\"><a style=\"color: #0000ff;\" href=\"https:\/\/www.facebook.com\/events\/1151660948725273\" target=\"_blank\" rel=\"noopener\">Facebook esem\u00e9ny&gt;&gt;<\/a><\/span><\/p>\n<p><img fetchpriority=\"high\" decoding=\"async\" class=\"alignnone size-large wp-image-43714\" src=\"https:\/\/dorogimedence.hu\/wp-content\/uploads\/2022\/06\/287846838_403776344998180_3341202036463127956_n-724x1024.png\" alt=\"\" width=\"724\" height=\"1024\" srcset=\"https:\/\/dorogimedence.hu\/wp-content\/uploads\/2022\/06\/287846838_403776344998180_3341202036463127956_n-724x1024.png 724w, https:\/\/dorogimedence.hu\/wp-content\/uploads\/2022\/06\/287846838_403776344998180_3341202036463127956_n-212x300.png 212w, https:\/\/dorogimedence.hu\/wp-content\/uploads\/2022\/06\/287846838_403776344998180_3341202036463127956_n-768x1086.png 768w, https:\/\/dorogimedence.hu\/wp-content\/uploads\/2022\/06\/287846838_403776344998180_3341202036463127956_n-1086x1536.png 1086w, https:\/\/dorogimedence.hu\/wp-content\/uploads\/2022\/06\/287846838_403776344998180_3341202036463127956_n-1448x2048.png 1448w, https:\/\/dorogimedence.hu\/wp-content\/uploads\/2022\/06\/287846838_403776344998180_3341202036463127956_n-150x212.png 150w, https:\/\/dorogimedence.hu\/wp-content\/uploads\/2022\/06\/287846838_403776344998180_3341202036463127956_n-450x637.png 450w, https:\/\/dorogimedence.hu\/wp-content\/uploads\/2022\/06\/287846838_403776344998180_3341202036463127956_n-1200x1698.png 1200w, https:\/\/dorogimedence.hu\/wp-content\/uploads\/2022\/06\/287846838_403776344998180_3341202036463127956_n.png 1587w\" sizes=\"(max-width: 724px) 100vw, 724px\" \/><\/p>\n<p><em>Bor\u00edt\u00f3k\u00e9p: Hajd\u00fa L\u00f3r\u00e1nd<\/em><\/p>\n","protected":false},"excerpt":{"rendered":"<p>J\u00fanius 17. \u00e9s 19. k\u00f6z\u00f6tt \u201eAz erd\u0151 m\u0171v\u00e9szete\u201d c\u00edmen term\u00e9szetm\u0171v\u00e9szet tal\u00e1lkoz\u00f3t rendeznek az esztergomi Pr\u00edm\u00e1s-szigeten. Egy h\u00e9tv\u00e9ge, ahol a k\u00f6zpontban a term\u00e9szet \u00e1ll: a Duna, a mes\u00e9s Pr\u00edm\u00e1s-szigeti \u00e1rt\u00e9ri erd\u0151, az alkot\u00e1s \u00f6r\u00f6me, a kikapcsol\u00f3d\u00e1s \u00e9s felt\u00f6lt\u0151d\u00e9s, a term\u00e9szet tisztelete \u00e9s csod\u00e1lata. A rendezv\u00e9nyre szeretettel v\u00e1rnak minden alkot\u00f3t, illetve a term\u00e9szetkedvel\u0151t: k\u00f6z\u00f6s term\u00e9szetm\u0171v\u00e9szet \/ Nature<\/p>\n","protected":false},"author":1,"featured_media":0,"comment_status":"closed","ping_status":"closed","sticky":false,"template":"","format":"standard","meta":{"ngg_post_thumbnail":0,"footnotes":""},"categories":[38,3,3561],"tags":[42,101,3026,6509],"class_list":{"0":"post-43713","1":"post","2":"type-post","3":"status-publish","4":"format-standard","6":"category-esztergom","7":"category-hirek","8":"category-programok","9":"tag-esztergom","10":"tag-program","11":"tag-termeszet","12":"tag-termeszetmuveszet"},"yoast_head":"<!-- This site is optimized with the Yoast SEO plugin v27.4 - https:\/\/yoast.com\/product\/yoast-seo-wordpress\/ -->\n<title>Term\u00e9szetm\u0171v\u00e9szet tal\u00e1lkoz\u00f3t rendeznek Esztergomban<\/title>\n<meta name=\"robots\" content=\"index, follow, max-snippet:-1, max-image-preview:large, max-video-preview:-1\" \/>\n<link rel=\"canonical\" href=\"https:\/\/dorogimedence.hu\/index.php\/2022\/06\/15\/termeszetmuveszet-talalkozot-rendeznek-esztergomban\/\" class=\"yoast-seo-meta-tag\" \/>\n<meta property=\"og:locale\" content=\"hu_HU\" class=\"yoast-seo-meta-tag\" \/>\n<meta property=\"og:type\" content=\"article\" class=\"yoast-seo-meta-tag\" \/>\n<meta property=\"og:title\" content=\"Term\u00e9szetm\u0171v\u00e9szet tal\u00e1lkoz\u00f3t rendeznek Esztergomban\" class=\"yoast-seo-meta-tag\" \/>\n<meta property=\"og:description\" content=\"J\u00fanius 17. \u00e9s 19. k\u00f6z\u00f6tt \u201eAz erd\u0151 m\u0171v\u00e9szete\u201d c\u00edmen term\u00e9szetm\u0171v\u00e9szet tal\u00e1lkoz\u00f3t rendeznek az esztergomi Pr\u00edm\u00e1s-szigeten. Egy h\u00e9tv\u00e9ge, ahol a k\u00f6zpontban a term\u00e9szet \u00e1ll: a Duna, a mes\u00e9s Pr\u00edm\u00e1s-szigeti \u00e1rt\u00e9ri erd\u0151, az alkot\u00e1s \u00f6r\u00f6me, a kikapcsol\u00f3d\u00e1s \u00e9s felt\u00f6lt\u0151d\u00e9s, a term\u00e9szet tisztelete \u00e9s csod\u00e1lata. A rendezv\u00e9nyre szeretettel v\u00e1rnak minden alkot\u00f3t, illetve a term\u00e9szetkedvel\u0151t: k\u00f6z\u00f6s term\u00e9szetm\u0171v\u00e9szet \/ Nature\" class=\"yoast-seo-meta-tag\" \/>\n<meta property=\"og:url\" content=\"https:\/\/dorogimedence.hu\/index.php\/2022\/06\/15\/termeszetmuveszet-talalkozot-rendeznek-esztergomban\/\" class=\"yoast-seo-meta-tag\" \/>\n<meta property=\"og:site_name\" content=\"Dorogi-medence Region\u00e1lis H\u00edrport\u00e1l\" class=\"yoast-seo-meta-tag\" \/>\n<meta property=\"article:publisher\" content=\"https:\/\/www.facebook.com\/dorogimedence\/\" class=\"yoast-seo-meta-tag\" \/>\n<meta property=\"article:published_time\" content=\"2022-06-15T12:37:48+00:00\" class=\"yoast-seo-meta-tag\" \/>\n<meta property=\"article:modified_time\" content=\"2022-06-15T12:37:58+00:00\" class=\"yoast-seo-meta-tag\" \/>\n<meta property=\"og:image\" content=\"https:\/\/i0.wp.com\/dorogimedence.hu\/wp-content\/uploads\/2022\/06\/termeszetmuveszet.jpg?fit=1440%2C872&ssl=1\" class=\"yoast-seo-meta-tag\" \/>\n\t<meta property=\"og:image:width\" content=\"1440\" class=\"yoast-seo-meta-tag\" \/>\n\t<meta property=\"og:image:height\" content=\"872\" class=\"yoast-seo-meta-tag\" \/>\n\t<meta property=\"og:image:type\" content=\"image\/jpeg\" class=\"yoast-seo-meta-tag\" \/>\n<meta name=\"author\" content=\"dorogimedence.hu\" class=\"yoast-seo-meta-tag\" \/>\n<meta name=\"twitter:card\" content=\"summary_large_image\" class=\"yoast-seo-meta-tag\" \/>\n<meta name=\"twitter:label1\" content=\"Szerz\u0151:\" class=\"yoast-seo-meta-tag\" \/>\n\t<meta name=\"twitter:data1\" content=\"dorogimedence.hu\" class=\"yoast-seo-meta-tag\" \/>\n\t<meta name=\"twitter:label2\" content=\"Becs\u00fclt olvas\u00e1si id\u0151\" class=\"yoast-seo-meta-tag\" \/>\n\t<meta name=\"twitter:data2\" content=\"1 perc\" class=\"yoast-seo-meta-tag\" \/>\n<script type=\"application\/ld+json\" class=\"yoast-schema-graph\">{\"@context\":\"https:\\\/\\\/schema.org\",\"@graph\":[{\"@type\":\"Article\",\"@id\":\"https:\\\/\\\/dorogimedence.hu\\\/index.php\\\/2022\\\/06\\\/15\\\/termeszetmuveszet-talalkozot-rendeznek-esztergomban\\\/#article\",\"isPartOf\":{\"@id\":\"https:\\\/\\\/dorogimedence.hu\\\/index.php\\\/2022\\\/06\\\/15\\\/termeszetmuveszet-talalkozot-rendeznek-esztergomban\\\/\"},\"author\":{\"name\":\"dorogimedence.hu\",\"@id\":\"https:\\\/\\\/dorogimedence.hu\\\/#\\\/schema\\\/person\\\/ce6091eeb7e95ecdc87890d6aa8e0fd4\"},\"headline\":\"Term\u00e9szetm\u0171v\u00e9szet tal\u00e1lkoz\u00f3t rendeznek Esztergomban\",\"datePublished\":\"2022-06-15T12:37:48+00:00\",\"dateModified\":\"2022-06-15T12:37:58+00:00\",\"mainEntityOfPage\":{\"@id\":\"https:\\\/\\\/dorogimedence.hu\\\/index.php\\\/2022\\\/06\\\/15\\\/termeszetmuveszet-talalkozot-rendeznek-esztergomban\\\/\"},\"wordCount\":227,\"publisher\":{\"@id\":\"https:\\\/\\\/dorogimedence.hu\\\/#organization\"},\"image\":{\"@id\":\"https:\\\/\\\/dorogimedence.hu\\\/index.php\\\/2022\\\/06\\\/15\\\/termeszetmuveszet-talalkozot-rendeznek-esztergomban\\\/#primaryimage\"},\"thumbnailUrl\":\"https:\\\/\\\/dorogimedence.hu\\\/wp-content\\\/uploads\\\/2022\\\/06\\\/287846838_403776344998180_3341202036463127956_n-724x1024.png\",\"keywords\":[\"esztergom\",\"program\",\"term\u00e9szet\",\"term\u00e9szetm\u0171v\u00e9szet\"],\"articleSection\":[\"Esztergom\",\"H\u00edrek\",\"Programok\"],\"inLanguage\":\"hu\"},{\"@type\":\"WebPage\",\"@id\":\"https:\\\/\\\/dorogimedence.hu\\\/index.php\\\/2022\\\/06\\\/15\\\/termeszetmuveszet-talalkozot-rendeznek-esztergomban\\\/\",\"url\":\"https:\\\/\\\/dorogimedence.hu\\\/index.php\\\/2022\\\/06\\\/15\\\/termeszetmuveszet-talalkozot-rendeznek-esztergomban\\\/\",\"name\":\"Term\u00e9szetm\u0171v\u00e9szet tal\u00e1lkoz\u00f3t rendeznek Esztergomban\",\"isPartOf\":{\"@id\":\"https:\\\/\\\/dorogimedence.hu\\\/#website\"},\"primaryImageOfPage\":{\"@id\":\"https:\\\/\\\/dorogimedence.hu\\\/index.php\\\/2022\\\/06\\\/15\\\/termeszetmuveszet-talalkozot-rendeznek-esztergomban\\\/#primaryimage\"},\"image\":{\"@id\":\"https:\\\/\\\/dorogimedence.hu\\\/index.php\\\/2022\\\/06\\\/15\\\/termeszetmuveszet-talalkozot-rendeznek-esztergomban\\\/#primaryimage\"},\"thumbnailUrl\":\"https:\\\/\\\/dorogimedence.hu\\\/wp-content\\\/uploads\\\/2022\\\/06\\\/287846838_403776344998180_3341202036463127956_n-724x1024.png\",\"datePublished\":\"2022-06-15T12:37:48+00:00\",\"dateModified\":\"2022-06-15T12:37:58+00:00\",\"breadcrumb\":{\"@id\":\"https:\\\/\\\/dorogimedence.hu\\\/index.php\\\/2022\\\/06\\\/15\\\/termeszetmuveszet-talalkozot-rendeznek-esztergomban\\\/#breadcrumb\"},\"inLanguage\":\"hu\",\"potentialAction\":[{\"@type\":\"ReadAction\",\"target\":[\"https:\\\/\\\/dorogimedence.hu\\\/index.php\\\/2022\\\/06\\\/15\\\/termeszetmuveszet-talalkozot-rendeznek-esztergomban\\\/\"]}]},{\"@type\":\"ImageObject\",\"inLanguage\":\"hu\",\"@id\":\"https:\\\/\\\/dorogimedence.hu\\\/index.php\\\/2022\\\/06\\\/15\\\/termeszetmuveszet-talalkozot-rendeznek-esztergomban\\\/#primaryimage\",\"url\":\"https:\\\/\\\/dorogimedence.hu\\\/wp-content\\\/uploads\\\/2022\\\/06\\\/287846838_403776344998180_3341202036463127956_n.png\",\"contentUrl\":\"https:\\\/\\\/dorogimedence.hu\\\/wp-content\\\/uploads\\\/2022\\\/06\\\/287846838_403776344998180_3341202036463127956_n.png\",\"width\":1587,\"height\":2245},{\"@type\":\"BreadcrumbList\",\"@id\":\"https:\\\/\\\/dorogimedence.hu\\\/index.php\\\/2022\\\/06\\\/15\\\/termeszetmuveszet-talalkozot-rendeznek-esztergomban\\\/#breadcrumb\",\"itemListElement\":[{\"@type\":\"ListItem\",\"position\":1,\"name\":\"Kezd\u0151lap\",\"item\":\"https:\\\/\\\/dorogimedence.hu\\\/\"},{\"@type\":\"ListItem\",\"position\":2,\"name\":\"Term\u00e9szetm\u0171v\u00e9szet tal\u00e1lkoz\u00f3t rendeznek Esztergomban\"}]},{\"@type\":\"WebSite\",\"@id\":\"https:\\\/\\\/dorogimedence.hu\\\/#website\",\"url\":\"https:\\\/\\\/dorogimedence.hu\\\/\",\"name\":\"Dorogi-medence Region\u00e1lis H\u00edrport\u00e1l\",\"description\":\"Dorog, Keszt\u00f6lc, Le\u00e1nyv\u00e1r, Piliscs\u00e9v, Tokod, Tokodalt\u00e1r\u00f3, Csolnok, Esztergom-kertv\u00e1ros: h\u00edrek, programok\",\"publisher\":{\"@id\":\"https:\\\/\\\/dorogimedence.hu\\\/#organization\"},\"potentialAction\":[{\"@type\":\"SearchAction\",\"target\":{\"@type\":\"EntryPoint\",\"urlTemplate\":\"https:\\\/\\\/dorogimedence.hu\\\/?s={search_term_string}\"},\"query-input\":{\"@type\":\"PropertyValueSpecification\",\"valueRequired\":true,\"valueName\":\"search_term_string\"}}],\"inLanguage\":\"hu\"},{\"@type\":\"Organization\",\"@id\":\"https:\\\/\\\/dorogimedence.hu\\\/#organization\",\"name\":\"Dorogi-medence Region\u00e1lis H\u00edrport\u00e1l\",\"url\":\"https:\\\/\\\/dorogimedence.hu\\\/\",\"logo\":{\"@type\":\"ImageObject\",\"inLanguage\":\"hu\",\"@id\":\"https:\\\/\\\/dorogimedence.hu\\\/#\\\/schema\\\/logo\\\/image\\\/\",\"url\":\"https:\\\/\\\/dorogimedence.hu\\\/wp-content\\\/uploads\\\/2021\\\/04\\\/logo-feher-600.png\",\"contentUrl\":\"https:\\\/\\\/dorogimedence.hu\\\/wp-content\\\/uploads\\\/2021\\\/04\\\/logo-feher-600.png\",\"width\":600,\"height\":100,\"caption\":\"Dorogi-medence Region\u00e1lis H\u00edrport\u00e1l\"},\"image\":{\"@id\":\"https:\\\/\\\/dorogimedence.hu\\\/#\\\/schema\\\/logo\\\/image\\\/\"},\"sameAs\":[\"https:\\\/\\\/www.facebook.com\\\/dorogimedence\\\/\"]},{\"@type\":\"Person\",\"@id\":\"https:\\\/\\\/dorogimedence.hu\\\/#\\\/schema\\\/person\\\/ce6091eeb7e95ecdc87890d6aa8e0fd4\",\"name\":\"dorogimedence.hu\",\"image\":{\"@type\":\"ImageObject\",\"inLanguage\":\"hu\",\"@id\":\"\\\/\\\/www.gravatar.com\\\/avatar\\\/d8d45f8901aadff40a4af72c0b826f1d?s=96&#038;r=g&#038;d=mm\",\"url\":\"\\\/\\\/www.gravatar.com\\\/avatar\\\/d8d45f8901aadff40a4af72c0b826f1d?s=96&#038;r=g&#038;d=mm\",\"contentUrl\":\"\\\/\\\/www.gravatar.com\\\/avatar\\\/d8d45f8901aadff40a4af72c0b826f1d?s=96&#038;r=g&#038;d=mm\",\"caption\":\"dorogimedence.hu\"}}]}<\/script>\n<!-- \/ Yoast SEO plugin. -->","yoast_head_json":{"title":"Term\u00e9szetm\u0171v\u00e9szet tal\u00e1lkoz\u00f3t rendeznek Esztergomban","robots":{"index":"index","follow":"follow","max-snippet":"max-snippet:-1","max-image-preview":"max-image-preview:large","max-video-preview":"max-video-preview:-1"},"canonical":"https:\/\/dorogimedence.hu\/index.php\/2022\/06\/15\/termeszetmuveszet-talalkozot-rendeznek-esztergomban\/","og_locale":"hu_HU","og_type":"article","og_title":"Term\u00e9szetm\u0171v\u00e9szet tal\u00e1lkoz\u00f3t rendeznek Esztergomban","og_description":"J\u00fanius 17. \u00e9s 19. k\u00f6z\u00f6tt \u201eAz erd\u0151 m\u0171v\u00e9szete\u201d c\u00edmen term\u00e9szetm\u0171v\u00e9szet tal\u00e1lkoz\u00f3t rendeznek az esztergomi Pr\u00edm\u00e1s-szigeten. Egy h\u00e9tv\u00e9ge, ahol a k\u00f6zpontban a term\u00e9szet \u00e1ll: a Duna, a mes\u00e9s Pr\u00edm\u00e1s-szigeti \u00e1rt\u00e9ri erd\u0151, az alkot\u00e1s \u00f6r\u00f6me, a kikapcsol\u00f3d\u00e1s \u00e9s felt\u00f6lt\u0151d\u00e9s, a term\u00e9szet tisztelete \u00e9s csod\u00e1lata. A rendezv\u00e9nyre szeretettel v\u00e1rnak minden alkot\u00f3t, illetve a term\u00e9szetkedvel\u0151t: k\u00f6z\u00f6s term\u00e9szetm\u0171v\u00e9szet \/ Nature","og_url":"https:\/\/dorogimedence.hu\/index.php\/2022\/06\/15\/termeszetmuveszet-talalkozot-rendeznek-esztergomban\/","og_site_name":"Dorogi-medence Region\u00e1lis H\u00edrport\u00e1l","article_publisher":"https:\/\/www.facebook.com\/dorogimedence\/","article_published_time":"2022-06-15T12:37:48+00:00","article_modified_time":"2022-06-15T12:37:58+00:00","og_image":[{"width":1440,"height":872,"url":"https:\/\/i0.wp.com\/dorogimedence.hu\/wp-content\/uploads\/2022\/06\/termeszetmuveszet.jpg?fit=1440%2C872&ssl=1","type":"image\/jpeg"}],"author":"dorogimedence.hu","twitter_card":"summary_large_image","twitter_misc":{"Szerz\u0151:":"dorogimedence.hu","Becs\u00fclt olvas\u00e1si id\u0151":"1 perc"},"schema":{"@context":"https:\/\/schema.org","@graph":[{"@type":"Article","@id":"https:\/\/dorogimedence.hu\/index.php\/2022\/06\/15\/termeszetmuveszet-talalkozot-rendeznek-esztergomban\/#article","isPartOf":{"@id":"https:\/\/dorogimedence.hu\/index.php\/2022\/06\/15\/termeszetmuveszet-talalkozot-rendeznek-esztergomban\/"},"author":{"name":"dorogimedence.hu","@id":"https:\/\/dorogimedence.hu\/#\/schema\/person\/ce6091eeb7e95ecdc87890d6aa8e0fd4"},"headline":"Term\u00e9szetm\u0171v\u00e9szet tal\u00e1lkoz\u00f3t rendeznek Esztergomban","datePublished":"2022-06-15T12:37:48+00:00","dateModified":"2022-06-15T12:37:58+00:00","mainEntityOfPage":{"@id":"https:\/\/dorogimedence.hu\/index.php\/2022\/06\/15\/termeszetmuveszet-talalkozot-rendeznek-esztergomban\/"},"wordCount":227,"publisher":{"@id":"https:\/\/dorogimedence.hu\/#organization"},"image":{"@id":"https:\/\/dorogimedence.hu\/index.php\/2022\/06\/15\/termeszetmuveszet-talalkozot-rendeznek-esztergomban\/#primaryimage"},"thumbnailUrl":"https:\/\/dorogimedence.hu\/wp-content\/uploads\/2022\/06\/287846838_403776344998180_3341202036463127956_n-724x1024.png","keywords":["esztergom","program","term\u00e9szet","term\u00e9szetm\u0171v\u00e9szet"],"articleSection":["Esztergom","H\u00edrek","Programok"],"inLanguage":"hu"},{"@type":"WebPage","@id":"https:\/\/dorogimedence.hu\/index.php\/2022\/06\/15\/termeszetmuveszet-talalkozot-rendeznek-esztergomban\/","url":"https:\/\/dorogimedence.hu\/index.php\/2022\/06\/15\/termeszetmuveszet-talalkozot-rendeznek-esztergomban\/","name":"Term\u00e9szetm\u0171v\u00e9szet tal\u00e1lkoz\u00f3t rendeznek Esztergomban","isPartOf":{"@id":"https:\/\/dorogimedence.hu\/#website"},"primaryImageOfPage":{"@id":"https:\/\/dorogimedence.hu\/index.php\/2022\/06\/15\/termeszetmuveszet-talalkozot-rendeznek-esztergomban\/#primaryimage"},"image":{"@id":"https:\/\/dorogimedence.hu\/index.php\/2022\/06\/15\/termeszetmuveszet-talalkozot-rendeznek-esztergomban\/#primaryimage"},"thumbnailUrl":"https:\/\/dorogimedence.hu\/wp-content\/uploads\/2022\/06\/287846838_403776344998180_3341202036463127956_n-724x1024.png","datePublished":"2022-06-15T12:37:48+00:00","dateModified":"2022-06-15T12:37:58+00:00","breadcrumb":{"@id":"https:\/\/dorogimedence.hu\/index.php\/2022\/06\/15\/termeszetmuveszet-talalkozot-rendeznek-esztergomban\/#breadcrumb"},"inLanguage":"hu","potentialAction":[{"@type":"ReadAction","target":["https:\/\/dorogimedence.hu\/index.php\/2022\/06\/15\/termeszetmuveszet-talalkozot-rendeznek-esztergomban\/"]}]},{"@type":"ImageObject","inLanguage":"hu","@id":"https:\/\/dorogimedence.hu\/index.php\/2022\/06\/15\/termeszetmuveszet-talalkozot-rendeznek-esztergomban\/#primaryimage","url":"https:\/\/dorogimedence.hu\/wp-content\/uploads\/2022\/06\/287846838_403776344998180_3341202036463127956_n.png","contentUrl":"https:\/\/dorogimedence.hu\/wp-content\/uploads\/2022\/06\/287846838_403776344998180_3341202036463127956_n.png","width":1587,"height":2245},{"@type":"BreadcrumbList","@id":"https:\/\/dorogimedence.hu\/index.php\/2022\/06\/15\/termeszetmuveszet-talalkozot-rendeznek-esztergomban\/#breadcrumb","itemListElement":[{"@type":"ListItem","position":1,"name":"Kezd\u0151lap","item":"https:\/\/dorogimedence.hu\/"},{"@type":"ListItem","position":2,"name":"Term\u00e9szetm\u0171v\u00e9szet tal\u00e1lkoz\u00f3t rendeznek Esztergomban"}]},{"@type":"WebSite","@id":"https:\/\/dorogimedence.hu\/#website","url":"https:\/\/dorogimedence.hu\/","name":"Dorogi-medence Region\u00e1lis H\u00edrport\u00e1l","description":"Dorog, Keszt\u00f6lc, Le\u00e1nyv\u00e1r, Piliscs\u00e9v, Tokod, Tokodalt\u00e1r\u00f3, Csolnok, Esztergom-kertv\u00e1ros: h\u00edrek, programok","publisher":{"@id":"https:\/\/dorogimedence.hu\/#organization"},"potentialAction":[{"@type":"SearchAction","target":{"@type":"EntryPoint","urlTemplate":"https:\/\/dorogimedence.hu\/?s={search_term_string}"},"query-input":{"@type":"PropertyValueSpecification","valueRequired":true,"valueName":"search_term_string"}}],"inLanguage":"hu"},{"@type":"Organization","@id":"https:\/\/dorogimedence.hu\/#organization","name":"Dorogi-medence Region\u00e1lis H\u00edrport\u00e1l","url":"https:\/\/dorogimedence.hu\/","logo":{"@type":"ImageObject","inLanguage":"hu","@id":"https:\/\/dorogimedence.hu\/#\/schema\/logo\/image\/","url":"https:\/\/dorogimedence.hu\/wp-content\/uploads\/2021\/04\/logo-feher-600.png","contentUrl":"https:\/\/dorogimedence.hu\/wp-content\/uploads\/2021\/04\/logo-feher-600.png","width":600,"height":100,"caption":"Dorogi-medence Region\u00e1lis H\u00edrport\u00e1l"},"image":{"@id":"https:\/\/dorogimedence.hu\/#\/schema\/logo\/image\/"},"sameAs":["https:\/\/www.facebook.com\/dorogimedence\/"]},{"@type":"Person","@id":"https:\/\/dorogimedence.hu\/#\/schema\/person\/ce6091eeb7e95ecdc87890d6aa8e0fd4","name":"dorogimedence.hu","image":{"@type":"ImageObject","inLanguage":"hu","@id":"\/\/www.gravatar.com\/avatar\/d8d45f8901aadff40a4af72c0b826f1d?s=96&#038;r=g&#038;d=mm","url":"\/\/www.gravatar.com\/avatar\/d8d45f8901aadff40a4af72c0b826f1d?s=96&#038;r=g&#038;d=mm","contentUrl":"\/\/www.gravatar.com\/avatar\/d8d45f8901aadff40a4af72c0b826f1d?s=96&#038;r=g&#038;d=mm","caption":"dorogimedence.hu"}}]}},"_links":{"self":[{"href":"https:\/\/dorogimedence.hu\/index.php\/wp-json\/wp\/v2\/posts\/43713","targetHints":{"allow":["GET"]}}],"collection":[{"href":"https:\/\/dorogimedence.hu\/index.php\/wp-json\/wp\/v2\/posts"}],"about":[{"href":"https:\/\/dorogimedence.hu\/index.php\/wp-json\/wp\/v2\/types\/post"}],"author":[{"embeddable":true,"href":"https:\/\/dorogimedence.hu\/index.php\/wp-json\/wp\/v2\/users\/1"}],"replies":[{"embeddable":true,"href":"https:\/\/dorogimedence.hu\/index.php\/wp-json\/wp\/v2\/comments?post=43713"}],"version-history":[{"count":0,"href":"https:\/\/dorogimedence.hu\/index.php\/wp-json\/wp\/v2\/posts\/43713\/revisions"}],"wp:attachment":[{"href":"https:\/\/dorogimedence.hu\/index.php\/wp-json\/wp\/v2\/media?parent=43713"}],"wp:term":[{"taxonomy":"category","embeddable":true,"href":"https:\/\/dorogimedence.hu\/index.php\/wp-json\/wp\/v2\/categories?post=43713"},{"taxonomy":"post_tag","embeddable":true,"href":"https:\/\/dorogimedence.hu\/index.php\/wp-json\/wp\/v2\/tags?post=43713"}],"curies":[{"name":"wp","href":"https:\/\/api.w.org\/{rel}","templated":true}]}}