{"id":43598,"date":"2022-06-11T15:06:19","date_gmt":"2022-06-11T13:06:19","guid":{"rendered":"https:\/\/dorogimedence.hu\/?p=43598"},"modified":"2022-06-13T07:25:07","modified_gmt":"2022-06-13T05:25:07","slug":"augusztus-kozepen-indulhat-ujra-a-vonatkozlekedes-szob-es-nagymaros-kozott","status":"publish","type":"post","link":"https:\/\/dorogimedence.hu\/index.php\/2022\/06\/11\/augusztus-kozepen-indulhat-ujra-a-vonatkozlekedes-szob-es-nagymaros-kozott\/","title":{"rendered":"Augusztus k\u00f6zep\u00e9n indulhat \u00fajra a vonatk\u00f6zleked\u00e9s Szob \u00e9s Nagymaros k\u00f6z\u00f6tt"},"content":{"rendered":"<p><strong>V\u00e1rhat\u00f3an augusztus k\u00f6zep\u00e9n indulhat meg a vonatk\u00f6zleked\u00e9s egy v\u00e1g\u00e1nyon Nagymaros \u00e9s Szob k\u00f6z\u00f6tt, ahol mintegy t\u00edzezer k\u00f6bm\u00e9ternyi s\u00e1r \u00e9s k\u0151lavina \u00f6nt\u00f6tte el a vas\u00fati p\u00e1lya 1700 m\u00e9teres szakasz\u00e1t a cs\u00fct\u00f6rt\u00f6k d\u00e9lut\u00e1ni es\u0151z\u00e9sben &#8211; k\u00f6z\u00f6lte a M\u00c1VINFORM.<\/strong><\/p>\n<p>K\u00f6zlem\u00e9ny\u00fckben azt \u00edrt\u00e1k: m\u00e1r megkezdt\u00e9k a helyre\u00e1ll\u00edt\u00e1si munk\u00e1kat, \u00e9s c\u00e9ljuk az, hogy a szeptemberi iskolakezd\u00e9st\u0151l m\u00e1r mindk\u00e9t v\u00e1g\u00e1nyon biztos\u00edts\u00e1k a vonatforgalmat.<\/p>\n<h3><strong>Vonatok \u00e9s p\u00f3tl\u00f3buszok<\/strong><\/h3>\n<ul>\n<li>A&nbsp;<strong>Nyugati p\u00e1lyaudvar \u00e9s Szob k\u00f6z\u00f6tti&nbsp;<\/strong><strong>Z70-es \u00e9s G70-es, valamint az \u00e9jszakai S70-es&nbsp;vonatok helyett Kismaros \u00e9s Szob&nbsp;k\u00f6z\u00f6tt p\u00f3tl\u00f3buszok<\/strong>&nbsp;k\u00f6zlekednek, a vonatok a Nyugati p\u00e1lyaudvar \u00e9s Nagymaros k\u00f6z\u00f6tt az eredeti menetrendj\u00fck szerint j\u00e1rnak.<\/li>\n<li>A Kismaros-Szob k\u00f6z\u00f6tti p\u00f3tl\u00f3buszok ker\u00fcl\u0151 \u00fatvonalon,&nbsp;<strong>K\u00f3spallag\u2013M\u00e1rianosztra fel\u00e9<\/strong>&nbsp;k\u00f6zlekednek a&nbsp;12-es f\u0151\u00fat lez\u00e1r\u00e1sa miatt. M\u00e1rianosztra, \u0150ri telep aut\u00f3busz-meg\u00e1ll\u00f3ban is meg\u00e1llnak. A&nbsp;menetidej\u00fck ir\u00e1nyonk\u00e9nt \u00e1ltal\u00e1ban 35-40 perc&nbsp;ezen a szakaszon, de a k\u00f6z\u00fati torl\u00f3d\u00e1sok&nbsp;miatt esetenk\u00e9nt enn\u00e9l hosszabb is lehet. <strong>A buszok Szobr\u00f3l a megszokott vonatindul\u00e1sokhoz k\u00e9pest \u00e1ltal\u00e1ban 20 perccel kor\u00e1bban indulnak, illetve k\u00e9s\u0151bb \u00e9rkeznek meg oda. A buszok&nbsp;Szobon a vas\u00fat\u00e1llom\u00e1s el\u0151l indulnak,&nbsp;D\u00f6m\u00f6si \u00e1tkel\u00e9s, Zebeg\u00e9ny \u00e9s Szob als\u00f3 meg\u00e1ll\u00f3helyet nem \u00e9rintik.&nbsp;Kismarosr\u00f3l&nbsp;a vas\u00fati meg\u00e1ll\u00f3hely aut\u00f3busz-meg\u00e1ll\u00f3t\u00f3l indulnak a p\u00f3tl\u00f3buszok.<\/strong><\/li>\n<li><strong>Szob \u00e9s Zebeg\u00e9ny<\/strong>&nbsp;<strong>k\u00f6z\u00f6tt k\u00fcl\u00f6n<\/strong>&nbsp;<strong>p\u00f3tl\u00f3j\u00e1rat&nbsp;<\/strong>k\u00f6zlekedik, Szob als\u00f3n\u00e1l a k\u00f6zeli Vol\u00e1n buszmeg\u00e1ll\u00f3ban (Szob SZTK), Zebeg\u00e9nyben a vas\u00fati meg\u00e1ll\u00f3 melletti parkol\u00f3ban \u00e1llnak meg. Ezek a p\u00f3tl\u00f3buszok mindk\u00e9t ir\u00e1nyban csatlakoznak a szobi vas\u00fat\u00e1llom\u00e1sn\u00e1l a kismarosi p\u00f3tl\u00f3buszokhoz.<\/li>\n<li>A Szob \u00e9s Fony\u00f3d k\u00f6z\u00f6tti h\u00e9tv\u00e9gi <a tabindex=\"0\" href=\"https:\/\/www.mavcsoport.hu\/mavinform\/valtozas-hetvegi-jegmadar-expressznel\">J\u00e9gmad\u00e1r expressz<\/a> utasainak is Szob \u00e9s Kismaros k\u00f6z\u00f6tt p\u00f3tl\u00f3busszal kell utazniuk, a J\u00e9gmad\u00e1r expressz Nagymaros \u00e9s Fony\u00f3d k\u00f6ztt az eredeti menetrendje szerint k\u00f6zlekedik mindk\u00e9t ir\u00e1nyban.<\/li>\n<\/ul>\n<h3>Haj\u00f3j\u00e1ratok<\/h3>\n<ul>\n<li>A haj\u00f3j\u00e1ratok a reggeli cs\u00facsid\u0151szakban a<strong>&nbsp;zebeg\u00e9nyi \u00e9s a nagymarosi kik\u00f6t\u0151kb\u0151l<\/strong>&nbsp;is&nbsp;<strong>6, 7&nbsp;\u00e9s 8 \u00f3rakor<\/strong>&nbsp;indulnak&nbsp;(a nagymarosi kik\u00f6t\u0151 Nagymaros-Visegr\u00e1d vas\u00fati meg\u00e1ll\u00f3helyt\u0151l \u00e9rhet\u0151 el).<\/li>\n<li>Napk\u00f6zben a&nbsp;<strong>nagymarosi&nbsp;<\/strong>kik\u00f6t\u0151b\u0151l&nbsp;<strong>10:10-kor, 12:10-kor, 14:10-kor \u00e9s 16:10-kor&nbsp;<\/strong>indul menetrend szerinti&nbsp;haj\u00f3 Zebeg\u00e9nybe.<\/li>\n<li><strong>Zebeg\u00e9nyb\u0151l<\/strong>&nbsp;menetrend szerinti&nbsp;haj\u00f3 indul Nagymaros \u00e9rint\u00e9s\u00e9vel Visegr\u00e1dra:&nbsp;<strong>11, 13, 15&nbsp;\u00e9s 17 \u00f3rakor.&nbsp; &nbsp;<\/strong>&nbsp;&nbsp; &nbsp;<\/li>\n<li>Az esti cs\u00facsid\u0151szakban a haj\u00f3j\u00e1ratok a<strong>&nbsp;zebeg\u00e9nyi kik\u00f6t\u0151b\u0151l \u00e9s a nagymarosi&nbsp;<\/strong>kik\u00f6t\u0151b\u0151l is <strong>18, 19&nbsp;\u00e9s 20 \u00f3rakor<\/strong>&nbsp;indulnak.<\/li>\n<li>A haj\u00f3j\u00e1ratok&nbsp;menetideje 30-35 perc&nbsp;a k\u00e9t kik\u00f6t\u0151&nbsp;k\u00f6z\u00f6tt. A vonatp\u00f3tl\u00f3 haj\u00f3j\u00e1ratokon a&nbsp;vas\u00fati b\u00e9rleteket, igazolv\u00e1nyokat \u00e9s menetjegyeket elfogadj\u00e1k.&nbsp;&nbsp;<\/li>\n<\/ul>\n<h3>Nemzetk\u00f6zi vonatok<\/h3>\n<ul>\n<li>A&nbsp;Szob, P\u00e1rk\u00e1ny hat\u00e1r\u00e1llom\u00e1son ki- \u00e9s bel\u00e9p\u0151&nbsp;<strong>nemzetk\u00f6zi vonatok<\/strong>&nbsp;<strong>ker\u00fcl\u0151 \u00fatvonalon<\/strong>&nbsp;k\u00f6zlekednek&nbsp;Rajka&nbsp;\u00e9rint\u00e9s\u00e9vel, az utasoknak&nbsp;<strong>hosszabb menetid\u0151vel<\/strong>&nbsp;kell sz\u00e1molniuk. Tov\u00e1bbra is a&nbsp;<strong>Nyugati p\u00e1lyaudvarr\u00f3l indulnak az eredeti indul\u00e1si id\u0151pontban&nbsp;\u00e9s k\u00e9s\u00e9ssel oda is \u00e9rkeznek meg<\/strong>. (A magyarorsz\u00e1gi szakaszon nem \u00e9rintik a szobi vonal \u00e1llom\u00e1sait.)<\/li>\n<\/ul>\n<hr>\n<p><em>El\u0151zm\u00e9ny:<\/em><\/p>\n<p>A cs\u00fct\u00f6rt\u00f6k d\u00e9lut\u00e1ni es\u0151z\u00e9s k\u00f6vetkezt\u00e9ben 1700 m\u00e9teres szakaszon, soha nem l\u00e1tott mennyis\u00e9g\u0171, 10 ezer k\u00f6bm\u00e9ternyi s\u00e1r- \u00e9s k\u0151lavina \u00f6nt\u00f6tte el a vas\u00fati p\u00e1ly\u00e1t Nagymaros \u00e9s Szob k\u00f6z\u00f6tt, a D\u00f6m\u00f6si \u00e1tkel\u00e9sn\u00e9l. A M\u00c1V szakemberei d\u00e9lel\u0151tt felm\u00e9rt\u00e9k a k\u00e1rokat, a M\u00c1V FKG m\u00e9g ma \u00e9jjel megkezdi a helyre\u00e1ll\u00edt\u00e1st.<\/p>\n<div class=\"yellowbox\">V\u00e1rhat\u00f3an augusztus k\u00f6zep\u00e9n indulhat meg a vonatk\u00f6zleked\u00e9s egy v\u00e1g\u00e1nyon. A c\u00e9l, hogy a szeptemberi iskolakezd\u00e9st\u0151l m\u00e1r mindk\u00e9t v\u00e1g\u00e1nyon biztos\u00edts\u00e1k a vonatforgalmat. Addig a Budapest\u2013Szob vonal Nagymarost\u00f3l \u00e9szakra l\u00e9v\u0151 szakasz\u00e1ra utaz\u00f3k p\u00f3tl\u00f3buszokat, illetve vonatp\u00f3tl\u00f3 haj\u00f3kat vehetnek ig\u00e9nybe. A 12-es sz\u00e1m\u00fa f\u0151\u00fat lez\u00e1r\u00e1sa miatt a Nagymaros \u00e9s Szob k\u00f6z\u00f6tti p\u00f3tl\u00f3buszok ker\u00fcl\u0151 \u00faton, K\u00f3spallag\u2013M\u00e1rianosztra fel\u00e9 k\u00f6zlekednek.<\/div>\n<p>A Szob als\u00f3 \u00e9s Zebeg\u00e9ny meg\u00e1ll\u00f3helyekre utaz\u00f3k a Szob\u2013Zebeg\u00e9ny k\u00f6z\u00f6tt k\u00f6zleked\u0151 p\u00f3tl\u00f3buszt vehetik ig\u00e9nybe. Nagymaros \u00e9s Zebeg\u00e9ny k\u00f6z\u00f6tt pedig vonatp\u00f3tl\u00f3 haj\u00f3k j\u00e1rnak.<\/p>\n<div class=\"bluebox\">P\u00e9nteken kora d\u00e9lut\u00e1nt\u00f3l a mai napon v\u00e1ltozott a p\u00f3tl\u00f3buszok v\u00e9g\u00e1llom\u00e1sa, Kismaros \u00e9s Szob k\u00f6z\u00f6tt k\u00f6zlekednek az al\u00e1bbiak szerint:<\/div>\n<ul>\n<li>A <strong>Nyugati p\u00e1lyaudvarr\u00f3l 12:08-t\u00f3l indul\u00f3<\/strong>, Kismarosra 12:43-kor \u00e9rkez\u0151 vonatt\u00f3l kezd\u0151d\u0151en (2334) a <strong>Z70-es \u00e9s G70-es vonatok helyett Kismaros \u00e9s Szob<\/strong> k\u00f6z\u00f6tt sz\u00e1ll\u00edtj\u00e1k <strong>p\u00f3tl\u00f3buszok<\/strong> a Szobra utaz\u00f3kat.<\/li>\n<li>A <strong>Szobr\u00f3l <\/strong>12:56-t\u00f3l 19:56-ig \u00f3r\u00e1nk\u00e9nt <strong>indul\u00f3 Z70-es<\/strong>, valamint a 21:01, 22:01 \u00e9s 23:01-kor indul\u00f3 <strong>S70-es<\/strong> vonatok helyett <strong>Szob \u00e9s Kismaros<\/strong> k\u00f6z\u00f6tt k\u00f6zlekednek a <strong>p\u00f3tl\u00f3buszok.<\/strong><\/li>\n<li>A buszok ker\u00fcl\u0151 \u00fatvonalon, <strong>K\u00f3spallag\u2013M\u00e1rianosztra fel\u00e9<\/strong> k\u00f6zlekednek a <strong>12-es f\u0151\u00fat lez\u00e1r\u00e1sa miatt<\/strong>. M\u00e1rianosztra, \u0150ri telep aut\u00f3busz-meg\u00e1ll\u00f3ban is meg\u00e1llnak. A <strong>menetidej\u00fck ir\u00e1nyonk\u00e9nt \u00e1ltal\u00e1ban 30-40 perc<\/strong> ezen a szakaszon, de a k\u00f6z\u00fati torl\u00f3d\u00e1sok, \u00e1llapotok miatt esetenk\u00e9nt enn\u00e9l hosszabb is lehet. A buszok Szobr\u00f3l a megszokott vonatindul\u00e1sokhoz k\u00e9pest \u00e1ltal\u00e1ban 20 perccel kor\u00e1bban indulnak.<\/li>\n<li>A buszok <strong>Szobon a vas\u00fat\u00e1llom\u00e1s el\u0151l indulnak<\/strong>, <strong>D\u00f6m\u00f6si \u00e1tkel\u00e9s, Zebeg\u00e9ny \u00e9s Szob als\u00f3 meg\u00e1ll\u00f3helyet nem \u00e9rintik<\/strong>. <strong>Kismarosr\u00f3l<\/strong> a vas\u00fati meg\u00e1ll\u00f3hely aut\u00f3busz-meg\u00e1ll\u00f3t\u00f3l indulnak a p\u00f3tl\u00f3buszok.<\/li>\n<li><strong>Szob \u00e9s Zebeg\u00e9ny<\/strong> k\u00f6z\u00f6tt k\u00fcl\u00f6n <strong>p\u00f3tl\u00f3j\u00e1rat <\/strong>k\u00f6zlekedik, Szob als\u00f3n\u00e1l a k\u00f6zeli Vol\u00e1n buszmeg\u00e1ll\u00f3ban (Szob SZTK), Zebeg\u00e9nyben a vas\u00fati meg\u00e1ll\u00f3 melletti parkol\u00f3ban \u00e1llnak meg. Ezek a p\u00f3tl\u00f3buszok csatlakoznak a szobi vas\u00fat\u00e1llom\u00e1sn\u00e1l a kismarosi p\u00f3tl\u00f3buszokhoz.<\/li>\n<\/ul>\n<p>A vonatok <strong>Nagymaros \u00e9s a Nyugati p\u00e1lyaudvar<\/strong> k\u00f6z\u00f6tt <strong>menetrend szerint<\/strong> k\u00f6zlekednek. A <strong>Nagymaroson t\u00falra utaz\u00f3knak<\/strong> c\u00e9lszer\u0171 Kismaros \u00e1llom\u00e1son \u00e1tsz\u00e1llni p\u00f3tl\u00f3buszra, a <strong>Zebeg\u00e9nybe haj\u00f3val utaz\u00f3k<\/strong> pedig Nagymaros-Visegr\u00e1d vas\u00fati meg\u00e1ll\u00f3helyt\u0151l k\u00f6zel\u00edthetik meg&nbsp;leggyorsabban a haj\u00f3\u00e1llom\u00e1st.<\/p>\n<p>A vonalon k\u00f6zleked\u0151 Szob, P\u00e1rk\u00e1ny hat\u00e1r\u00e1llom\u00e1son ki- \u00e9s bel\u00e9p\u0151&nbsp;<strong>nemzetk\u00f6zi vonatok<\/strong>&nbsp;<strong>ker\u00fcl\u0151 \u00faton<\/strong> k\u00f6zlekednek&nbsp;Rajka&nbsp;\u00e9rint\u00e9s\u00e9vel, az utasoknak <strong>hosszabb menetid\u0151vel<\/strong> kell sz\u00e1molni. Tov\u00e1bbra is a <strong>Nyugati p\u00e1lyaudvarr\u00f3l indulnak \u00e9s oda \u00e9rkeznek<\/strong>.<\/p>\n<div class=\"bluebox\"><strong>Nagymaros-Visegr\u00e1d \u00e9s Zebeg\u00e9ny k\u00f6z\u00f6tt j\u00fanius 10-t\u0151l vonatp\u00f3tl\u00f3 haj\u00f3 is seg\u00edti az utasok eljut\u00e1s\u00e1t:<\/strong><\/div>\n<ul>\n<li>A haj\u00f3j\u00e1ratok a reggeli cs\u00facsid\u0151szakban a<strong>&nbsp;zebeg\u00e9nyi \u00e9s a nagymarosi kik\u00f6t\u0151kb\u0151l<\/strong>&nbsp;is (a vas\u00fati meg\u00e1ll\u00f3 Nagymaros-Visegr\u00e1d)&nbsp;<strong>6:00, 7:00&nbsp;\u00e9s 8:00-kor<\/strong>&nbsp;indulnak.<\/li>\n<li>Napk\u00f6zben a&nbsp;<strong>nagymarosi&nbsp;<\/strong>kik\u00f6t\u0151b\u0151l&nbsp;<strong>10:10-kor, 12:10-kor, 14:10-kor \u00e9s 16:10-kor&nbsp;<\/strong>indul menetrend szerinti&nbsp;haj\u00f3 Zebeg\u00e9nybe.<\/li>\n<li><strong>Zebeg\u00e9nyb\u0151l<\/strong>&nbsp;menetrend szerinti&nbsp;haj\u00f3 k\u00f6zlekedik&nbsp;Nagymaros \u00e9rint\u00e9s\u00e9vel Visegr\u00e1dra:&nbsp;<strong>11:00, 13:00, 15:00 \u00e9s 17:00-kor.&nbsp; &nbsp;<\/strong>&nbsp;&nbsp; &nbsp;<\/li>\n<li>Az esti cs\u00facsid\u0151szakban a haj\u00f3j\u00e1ratok a<strong>&nbsp;zebeg\u00e9nyi kik\u00f6t\u0151b\u0151l \u00e9s a nagymarosi&nbsp;<\/strong>kik\u00f6t\u0151b\u0151l is (a vas\u00fati meg\u00e1ll\u00f3 Nagymaros-Visegr\u00e1d)&nbsp;<strong>18:00, 19:00&nbsp;\u00e9s 20:00-kor<\/strong>&nbsp;indulnak.<\/li>\n<\/ul>\n<p>A haj\u00f3j\u00e1ratok&nbsp;<strong>menetideje 30-35 perc<\/strong>&nbsp;a k\u00e9t kik\u00f6t\u0151&nbsp;k\u00f6z\u00f6tt. A vonatp\u00f3tl\u00f3 haj\u00f3j\u00e1ratokon a&nbsp;<strong>vas\u00fati b\u00e9rleteket, igazolv\u00e1nyokat \u00e9s vas\u00fati menetjegyeket elfogadj\u00e1k<\/strong>. &nbsp;<\/p>\n<p><strong>Nagymaros haj\u00f3\u00e1llom\u00e1s Nagymaros-Visegr\u00e1d vas\u00fati meg\u00e1ll\u00f3helyt\u0151l k\u00f6zel\u00edthet\u0151 meg<\/strong>&nbsp;r\u00f6videbb \u00faton.<\/p>\n<p>T\u00e9rk\u00e9pek:<\/p>\n<p><a class=\"colorbox init-colorbox-processed cboxElement\" tabindex=\"0\" title=\"T\u00e9rk\u00e9p - p\u00f3tl\u00f3busz, haj\u00f3j\u00e1rat\" href=\"https:\/\/www.mavcsoport.hu\/sites\/default\/files\/styles\/width_1260\/public\/upload\/terkep_70v_potlobusz_20220610.png?itok=Rw1pIGeY\" data-colorbox-gallery=\"\" data-cbox-img-attrs=\"{&quot;title&quot;: &quot;T\u00e9rk\u00e9p - p\u00f3tl\u00f3busz, haj\u00f3j\u00e1rat&quot;, &quot;alt&quot;: &quot;T\u00e9rk\u00e9p - p\u00f3tl\u00f3busz, haj\u00f3j\u00e1rat&quot;}\"><img fetchpriority=\"high\" decoding=\"async\" class=\"media-element file-width-680-colorbox\" title=\"T\u00e9rk\u00e9p - p\u00f3tl\u00f3busz, haj\u00f3j\u00e1rat\" src=\"https:\/\/www.mavcsoport.hu\/sites\/default\/files\/styles\/width_680\/public\/upload\/terkep_70v_potlobusz_20220610.png?itok=f8iPyNC8\" alt=\"T\u00e9rk\u00e9p - p\u00f3tl\u00f3busz, haj\u00f3j\u00e1rat\" data-delta=\"6\" width=\"680\" height=\"623\"><\/a><\/p>\n<p><a class=\"colorbox init-colorbox-processed cboxElement\" tabindex=\"0\" title=\"T\u00e9rk\u00e9p, menetrend - haj\u00f3j\u00e1rat \" href=\"https:\/\/www.mavcsoport.hu\/sites\/default\/files\/styles\/width_1260\/public\/upload\/70_hvr_2206_hrdt_hajo_a3_01-2_2022-06-10.png?itok=P3ftZlvB\" data-colorbox-gallery=\"\" data-cbox-img-attrs=\"{&quot;title&quot;: &quot;T\u00e9rk\u00e9p, menetrend - haj\u00f3j\u00e1rat &quot;, &quot;alt&quot;: &quot;T\u00e9rk\u00e9p, menetrend - haj\u00f3j\u00e1rat &quot;}\"><img decoding=\"async\" class=\"media-element file-width-680-colorbox\" title=\"T\u00e9rk\u00e9p, menetrend - haj\u00f3j\u00e1rat \" src=\"https:\/\/www.mavcsoport.hu\/sites\/default\/files\/styles\/width_680\/public\/upload\/70_hvr_2206_hrdt_hajo_a3_01-2_2022-06-10.png?itok=ctEDXArq\" alt=\"T\u00e9rk\u00e9p, menetrend - haj\u00f3j\u00e1rat \" data-delta=\"8\" width=\"680\" height=\"481\"><\/a><\/p>\n<p><a class=\"colorbox init-colorbox-processed cboxElement\" tabindex=\"0\" title=\"Nemzetk\u00f6zi vonatok ker\u00fcl\u0151 \u00fatvonala\" href=\"https:\/\/www.mavcsoport.hu\/sites\/default\/files\/styles\/width_1260\/public\/upload\/70_hvr_2206_hrdt_int_a3_01-1_2022-06-10.png?itok=lLLl68Im\" data-colorbox-gallery=\"\" data-cbox-img-attrs=\"{&quot;title&quot;: &quot;Nemzetk\u00f6zi vonatok ker\u00fcl\u0151 \u00fatvonala&quot;, &quot;alt&quot;: &quot;Nemzetk\u00f6zi vonatok ker\u00fcl\u0151 \u00fatvonala&quot;}\"><img decoding=\"async\" class=\"media-element file-width-680-colorbox\" title=\"Nemzetk\u00f6zi vonatok ker\u00fcl\u0151 \u00fatvonala\" src=\"https:\/\/www.mavcsoport.hu\/sites\/default\/files\/styles\/width_680\/public\/upload\/70_hvr_2206_hrdt_int_a3_01-1_2022-06-10.png?itok=mxXX6e1l\" alt=\"Nemzetk\u00f6zi vonatok ker\u00fcl\u0151 \u00fatvonala\" data-delta=\"10\" width=\"680\" height=\"386\"><\/a><\/p>\n<p>A M\u00c1VINFORM Facebook oldal\u00e1n, a M\u00c1V mobilapplik\u00e1ci\u00f3ban \u00e9s a vas\u00fatt\u00e1rsas\u00e1g honlapj\u00e1n t\u00e1j\u00e9koz\u00f3dhatnak az utasok az aktu\u00e1lis helyzetr\u0151l \u00e9s a v\u00e1ltoz\u00e1sokr\u00f3l.<\/p>\n<p><em>Fot\u00f3k, forr\u00e1s: M\u00c1V Zrt. Kommunik\u00e1ci\u00f3s Igazgat\u00f3s\u00e1g<\/em><\/p>\n","protected":false},"excerpt":{"rendered":"<p>V\u00e1rhat\u00f3an augusztus k\u00f6zep\u00e9n indulhat meg a vonatk\u00f6zleked\u00e9s egy v\u00e1g\u00e1nyon Nagymaros \u00e9s Szob k\u00f6z\u00f6tt, ahol mintegy t\u00edzezer k\u00f6bm\u00e9ternyi s\u00e1r \u00e9s k\u0151lavina \u00f6nt\u00f6tte el a vas\u00fati p\u00e1lya 1700 m\u00e9teres szakasz\u00e1t a cs\u00fct\u00f6rt\u00f6k d\u00e9lut\u00e1ni es\u0151z\u00e9sben &#8211; k\u00f6z\u00f6lte a M\u00c1VINFORM. K\u00f6zlem\u00e9ny\u00fckben azt \u00edrt\u00e1k: m\u00e1r megkezdt\u00e9k a helyre\u00e1ll\u00edt\u00e1si munk\u00e1kat, \u00e9s c\u00e9ljuk az, hogy a szeptemberi iskolakezd\u00e9st\u0151l m\u00e1r mindk\u00e9t v\u00e1g\u00e1nyon biztos\u00edts\u00e1k<\/p>\n","protected":false},"author":1,"featured_media":43599,"comment_status":"closed","ping_status":"closed","sticky":false,"template":"","format":"standard","meta":{"ngg_post_thumbnail":0,"footnotes":""},"categories":[3],"tags":[5624,279,3743,381,291,2551],"class_list":{"0":"post-43598","1":"post","2":"type-post","3":"status-publish","4":"format-standard","5":"has-post-thumbnail","7":"category-hirek","8":"tag-featured","9":"tag-kozlekedes","10":"tag-nagymaros","11":"tag-vasut","12":"tag-vonat","13":"tag-zebegeny"},"yoast_head":"<!-- This site is optimized with the Yoast SEO plugin v27.4 - https:\/\/yoast.com\/product\/yoast-seo-wordpress\/ -->\n<title>Augusztus k\u00f6zep\u00e9n indulhat \u00fajra a vonatk\u00f6zleked\u00e9s Szob \u00e9s Nagymaros k\u00f6z\u00f6tt<\/title>\n<meta name=\"robots\" content=\"index, follow, max-snippet:-1, max-image-preview:large, max-video-preview:-1\" \/>\n<link rel=\"canonical\" href=\"https:\/\/dorogimedence.hu\/index.php\/2022\/06\/11\/augusztus-kozepen-indulhat-ujra-a-vonatkozlekedes-szob-es-nagymaros-kozott\/\" class=\"yoast-seo-meta-tag\" \/>\n<meta property=\"og:locale\" content=\"hu_HU\" class=\"yoast-seo-meta-tag\" \/>\n<meta property=\"og:type\" content=\"article\" class=\"yoast-seo-meta-tag\" \/>\n<meta property=\"og:title\" content=\"Augusztus k\u00f6zep\u00e9n indulhat \u00fajra a vonatk\u00f6zleked\u00e9s Szob \u00e9s Nagymaros k\u00f6z\u00f6tt\" class=\"yoast-seo-meta-tag\" \/>\n<meta property=\"og:description\" content=\"V\u00e1rhat\u00f3an augusztus k\u00f6zep\u00e9n indulhat meg a vonatk\u00f6zleked\u00e9s egy v\u00e1g\u00e1nyon Nagymaros \u00e9s Szob k\u00f6z\u00f6tt, ahol mintegy t\u00edzezer k\u00f6bm\u00e9ternyi s\u00e1r \u00e9s k\u0151lavina \u00f6nt\u00f6tte el a vas\u00fati p\u00e1lya 1700 m\u00e9teres szakasz\u00e1t a cs\u00fct\u00f6rt\u00f6k d\u00e9lut\u00e1ni es\u0151z\u00e9sben &#8211; k\u00f6z\u00f6lte a M\u00c1VINFORM. K\u00f6zlem\u00e9ny\u00fckben azt \u00edrt\u00e1k: m\u00e1r megkezdt\u00e9k a helyre\u00e1ll\u00edt\u00e1si munk\u00e1kat, \u00e9s c\u00e9ljuk az, hogy a szeptemberi iskolakezd\u00e9st\u0151l m\u00e1r mindk\u00e9t v\u00e1g\u00e1nyon biztos\u00edts\u00e1k\" class=\"yoast-seo-meta-tag\" \/>\n<meta property=\"og:url\" content=\"https:\/\/dorogimedence.hu\/index.php\/2022\/06\/11\/augusztus-kozepen-indulhat-ujra-a-vonatkozlekedes-szob-es-nagymaros-kozott\/\" class=\"yoast-seo-meta-tag\" \/>\n<meta property=\"og:site_name\" content=\"Dorogi-medence Region\u00e1lis H\u00edrport\u00e1l\" class=\"yoast-seo-meta-tag\" \/>\n<meta property=\"article:publisher\" content=\"https:\/\/www.facebook.com\/dorogimedence\/\" class=\"yoast-seo-meta-tag\" \/>\n<meta property=\"article:published_time\" content=\"2022-06-11T13:06:19+00:00\" class=\"yoast-seo-meta-tag\" \/>\n<meta property=\"article:modified_time\" content=\"2022-06-13T05:25:07+00:00\" class=\"yoast-seo-meta-tag\" \/>\n<meta property=\"og:image\" content=\"https:\/\/i0.wp.com\/dorogimedence.hu\/wp-content\/uploads\/2022\/06\/mav_70v_domos_atkeles_koomlas3_20220610.jpeg?fit=1260%2C840&ssl=1\" class=\"yoast-seo-meta-tag\" \/>\n\t<meta property=\"og:image:width\" content=\"1260\" class=\"yoast-seo-meta-tag\" \/>\n\t<meta property=\"og:image:height\" content=\"840\" class=\"yoast-seo-meta-tag\" \/>\n\t<meta property=\"og:image:type\" content=\"image\/jpeg\" class=\"yoast-seo-meta-tag\" \/>\n<meta name=\"author\" content=\"dorogimedence.hu\" class=\"yoast-seo-meta-tag\" \/>\n<meta name=\"twitter:card\" content=\"summary_large_image\" class=\"yoast-seo-meta-tag\" \/>\n<meta name=\"twitter:label1\" content=\"Szerz\u0151:\" class=\"yoast-seo-meta-tag\" \/>\n\t<meta name=\"twitter:data1\" content=\"dorogimedence.hu\" class=\"yoast-seo-meta-tag\" \/>\n\t<meta name=\"twitter:label2\" content=\"Becs\u00fclt olvas\u00e1si id\u0151\" class=\"yoast-seo-meta-tag\" \/>\n\t<meta name=\"twitter:data2\" content=\"8 perc\" class=\"yoast-seo-meta-tag\" \/>\n<script type=\"application\/ld+json\" class=\"yoast-schema-graph\">{\"@context\":\"https:\\\/\\\/schema.org\",\"@graph\":[{\"@type\":\"Article\",\"@id\":\"https:\\\/\\\/dorogimedence.hu\\\/index.php\\\/2022\\\/06\\\/11\\\/augusztus-kozepen-indulhat-ujra-a-vonatkozlekedes-szob-es-nagymaros-kozott\\\/#article\",\"isPartOf\":{\"@id\":\"https:\\\/\\\/dorogimedence.hu\\\/index.php\\\/2022\\\/06\\\/11\\\/augusztus-kozepen-indulhat-ujra-a-vonatkozlekedes-szob-es-nagymaros-kozott\\\/\"},\"author\":{\"name\":\"dorogimedence.hu\",\"@id\":\"https:\\\/\\\/dorogimedence.hu\\\/#\\\/schema\\\/person\\\/ce6091eeb7e95ecdc87890d6aa8e0fd4\"},\"headline\":\"Augusztus k\u00f6zep\u00e9n indulhat \u00fajra a vonatk\u00f6zleked\u00e9s Szob \u00e9s Nagymaros k\u00f6z\u00f6tt\",\"datePublished\":\"2022-06-11T13:06:19+00:00\",\"dateModified\":\"2022-06-13T05:25:07+00:00\",\"mainEntityOfPage\":{\"@id\":\"https:\\\/\\\/dorogimedence.hu\\\/index.php\\\/2022\\\/06\\\/11\\\/augusztus-kozepen-indulhat-ujra-a-vonatkozlekedes-szob-es-nagymaros-kozott\\\/\"},\"wordCount\":1554,\"publisher\":{\"@id\":\"https:\\\/\\\/dorogimedence.hu\\\/#organization\"},\"image\":{\"@id\":\"https:\\\/\\\/dorogimedence.hu\\\/index.php\\\/2022\\\/06\\\/11\\\/augusztus-kozepen-indulhat-ujra-a-vonatkozlekedes-szob-es-nagymaros-kozott\\\/#primaryimage\"},\"thumbnailUrl\":\"https:\\\/\\\/dorogimedence.hu\\\/wp-content\\\/uploads\\\/2022\\\/06\\\/mav_70v_domos_atkeles_koomlas3_20220610.jpeg\",\"keywords\":[\"featured\",\"k\u00f6zleked\u00e9s\",\"Nagymaros\",\"vas\u00fat\",\"vonat\",\"Zebeg\u00e9ny\"],\"articleSection\":[\"H\u00edrek\"],\"inLanguage\":\"hu\"},{\"@type\":\"WebPage\",\"@id\":\"https:\\\/\\\/dorogimedence.hu\\\/index.php\\\/2022\\\/06\\\/11\\\/augusztus-kozepen-indulhat-ujra-a-vonatkozlekedes-szob-es-nagymaros-kozott\\\/\",\"url\":\"https:\\\/\\\/dorogimedence.hu\\\/index.php\\\/2022\\\/06\\\/11\\\/augusztus-kozepen-indulhat-ujra-a-vonatkozlekedes-szob-es-nagymaros-kozott\\\/\",\"name\":\"Augusztus k\u00f6zep\u00e9n indulhat \u00fajra a vonatk\u00f6zleked\u00e9s Szob \u00e9s Nagymaros k\u00f6z\u00f6tt\",\"isPartOf\":{\"@id\":\"https:\\\/\\\/dorogimedence.hu\\\/#website\"},\"primaryImageOfPage\":{\"@id\":\"https:\\\/\\\/dorogimedence.hu\\\/index.php\\\/2022\\\/06\\\/11\\\/augusztus-kozepen-indulhat-ujra-a-vonatkozlekedes-szob-es-nagymaros-kozott\\\/#primaryimage\"},\"image\":{\"@id\":\"https:\\\/\\\/dorogimedence.hu\\\/index.php\\\/2022\\\/06\\\/11\\\/augusztus-kozepen-indulhat-ujra-a-vonatkozlekedes-szob-es-nagymaros-kozott\\\/#primaryimage\"},\"thumbnailUrl\":\"https:\\\/\\\/dorogimedence.hu\\\/wp-content\\\/uploads\\\/2022\\\/06\\\/mav_70v_domos_atkeles_koomlas3_20220610.jpeg\",\"datePublished\":\"2022-06-11T13:06:19+00:00\",\"dateModified\":\"2022-06-13T05:25:07+00:00\",\"breadcrumb\":{\"@id\":\"https:\\\/\\\/dorogimedence.hu\\\/index.php\\\/2022\\\/06\\\/11\\\/augusztus-kozepen-indulhat-ujra-a-vonatkozlekedes-szob-es-nagymaros-kozott\\\/#breadcrumb\"},\"inLanguage\":\"hu\",\"potentialAction\":[{\"@type\":\"ReadAction\",\"target\":[\"https:\\\/\\\/dorogimedence.hu\\\/index.php\\\/2022\\\/06\\\/11\\\/augusztus-kozepen-indulhat-ujra-a-vonatkozlekedes-szob-es-nagymaros-kozott\\\/\"]}]},{\"@type\":\"ImageObject\",\"inLanguage\":\"hu\",\"@id\":\"https:\\\/\\\/dorogimedence.hu\\\/index.php\\\/2022\\\/06\\\/11\\\/augusztus-kozepen-indulhat-ujra-a-vonatkozlekedes-szob-es-nagymaros-kozott\\\/#primaryimage\",\"url\":\"https:\\\/\\\/dorogimedence.hu\\\/wp-content\\\/uploads\\\/2022\\\/06\\\/mav_70v_domos_atkeles_koomlas3_20220610.jpeg\",\"contentUrl\":\"https:\\\/\\\/dorogimedence.hu\\\/wp-content\\\/uploads\\\/2022\\\/06\\\/mav_70v_domos_atkeles_koomlas3_20220610.jpeg\",\"width\":1260,\"height\":840},{\"@type\":\"BreadcrumbList\",\"@id\":\"https:\\\/\\\/dorogimedence.hu\\\/index.php\\\/2022\\\/06\\\/11\\\/augusztus-kozepen-indulhat-ujra-a-vonatkozlekedes-szob-es-nagymaros-kozott\\\/#breadcrumb\",\"itemListElement\":[{\"@type\":\"ListItem\",\"position\":1,\"name\":\"Kezd\u0151lap\",\"item\":\"https:\\\/\\\/dorogimedence.hu\\\/\"},{\"@type\":\"ListItem\",\"position\":2,\"name\":\"Augusztus k\u00f6zep\u00e9n indulhat \u00fajra a vonatk\u00f6zleked\u00e9s Szob \u00e9s Nagymaros k\u00f6z\u00f6tt\"}]},{\"@type\":\"WebSite\",\"@id\":\"https:\\\/\\\/dorogimedence.hu\\\/#website\",\"url\":\"https:\\\/\\\/dorogimedence.hu\\\/\",\"name\":\"Dorogi-medence Region\u00e1lis H\u00edrport\u00e1l\",\"description\":\"Dorog, Keszt\u00f6lc, Le\u00e1nyv\u00e1r, Piliscs\u00e9v, Tokod, Tokodalt\u00e1r\u00f3, Csolnok, Esztergom-kertv\u00e1ros: h\u00edrek, programok\",\"publisher\":{\"@id\":\"https:\\\/\\\/dorogimedence.hu\\\/#organization\"},\"potentialAction\":[{\"@type\":\"SearchAction\",\"target\":{\"@type\":\"EntryPoint\",\"urlTemplate\":\"https:\\\/\\\/dorogimedence.hu\\\/?s={search_term_string}\"},\"query-input\":{\"@type\":\"PropertyValueSpecification\",\"valueRequired\":true,\"valueName\":\"search_term_string\"}}],\"inLanguage\":\"hu\"},{\"@type\":\"Organization\",\"@id\":\"https:\\\/\\\/dorogimedence.hu\\\/#organization\",\"name\":\"Dorogi-medence Region\u00e1lis H\u00edrport\u00e1l\",\"url\":\"https:\\\/\\\/dorogimedence.hu\\\/\",\"logo\":{\"@type\":\"ImageObject\",\"inLanguage\":\"hu\",\"@id\":\"https:\\\/\\\/dorogimedence.hu\\\/#\\\/schema\\\/logo\\\/image\\\/\",\"url\":\"https:\\\/\\\/dorogimedence.hu\\\/wp-content\\\/uploads\\\/2021\\\/04\\\/logo-feher-600.png\",\"contentUrl\":\"https:\\\/\\\/dorogimedence.hu\\\/wp-content\\\/uploads\\\/2021\\\/04\\\/logo-feher-600.png\",\"width\":600,\"height\":100,\"caption\":\"Dorogi-medence Region\u00e1lis H\u00edrport\u00e1l\"},\"image\":{\"@id\":\"https:\\\/\\\/dorogimedence.hu\\\/#\\\/schema\\\/logo\\\/image\\\/\"},\"sameAs\":[\"https:\\\/\\\/www.facebook.com\\\/dorogimedence\\\/\"]},{\"@type\":\"Person\",\"@id\":\"https:\\\/\\\/dorogimedence.hu\\\/#\\\/schema\\\/person\\\/ce6091eeb7e95ecdc87890d6aa8e0fd4\",\"name\":\"dorogimedence.hu\",\"image\":{\"@type\":\"ImageObject\",\"inLanguage\":\"hu\",\"@id\":\"\\\/\\\/www.gravatar.com\\\/avatar\\\/d8d45f8901aadff40a4af72c0b826f1d?s=96&#038;r=g&#038;d=mm\",\"url\":\"\\\/\\\/www.gravatar.com\\\/avatar\\\/d8d45f8901aadff40a4af72c0b826f1d?s=96&#038;r=g&#038;d=mm\",\"contentUrl\":\"\\\/\\\/www.gravatar.com\\\/avatar\\\/d8d45f8901aadff40a4af72c0b826f1d?s=96&#038;r=g&#038;d=mm\",\"caption\":\"dorogimedence.hu\"}}]}<\/script>\n<!-- \/ Yoast SEO plugin. -->","yoast_head_json":{"title":"Augusztus k\u00f6zep\u00e9n indulhat \u00fajra a vonatk\u00f6zleked\u00e9s Szob \u00e9s Nagymaros k\u00f6z\u00f6tt","robots":{"index":"index","follow":"follow","max-snippet":"max-snippet:-1","max-image-preview":"max-image-preview:large","max-video-preview":"max-video-preview:-1"},"canonical":"https:\/\/dorogimedence.hu\/index.php\/2022\/06\/11\/augusztus-kozepen-indulhat-ujra-a-vonatkozlekedes-szob-es-nagymaros-kozott\/","og_locale":"hu_HU","og_type":"article","og_title":"Augusztus k\u00f6zep\u00e9n indulhat \u00fajra a vonatk\u00f6zleked\u00e9s Szob \u00e9s Nagymaros k\u00f6z\u00f6tt","og_description":"V\u00e1rhat\u00f3an augusztus k\u00f6zep\u00e9n indulhat meg a vonatk\u00f6zleked\u00e9s egy v\u00e1g\u00e1nyon Nagymaros \u00e9s Szob k\u00f6z\u00f6tt, ahol mintegy t\u00edzezer k\u00f6bm\u00e9ternyi s\u00e1r \u00e9s k\u0151lavina \u00f6nt\u00f6tte el a vas\u00fati p\u00e1lya 1700 m\u00e9teres szakasz\u00e1t a cs\u00fct\u00f6rt\u00f6k d\u00e9lut\u00e1ni es\u0151z\u00e9sben &#8211; k\u00f6z\u00f6lte a M\u00c1VINFORM. K\u00f6zlem\u00e9ny\u00fckben azt \u00edrt\u00e1k: m\u00e1r megkezdt\u00e9k a helyre\u00e1ll\u00edt\u00e1si munk\u00e1kat, \u00e9s c\u00e9ljuk az, hogy a szeptemberi iskolakezd\u00e9st\u0151l m\u00e1r mindk\u00e9t v\u00e1g\u00e1nyon biztos\u00edts\u00e1k","og_url":"https:\/\/dorogimedence.hu\/index.php\/2022\/06\/11\/augusztus-kozepen-indulhat-ujra-a-vonatkozlekedes-szob-es-nagymaros-kozott\/","og_site_name":"Dorogi-medence Region\u00e1lis H\u00edrport\u00e1l","article_publisher":"https:\/\/www.facebook.com\/dorogimedence\/","article_published_time":"2022-06-11T13:06:19+00:00","article_modified_time":"2022-06-13T05:25:07+00:00","og_image":[{"width":1260,"height":840,"url":"https:\/\/i0.wp.com\/dorogimedence.hu\/wp-content\/uploads\/2022\/06\/mav_70v_domos_atkeles_koomlas3_20220610.jpeg?fit=1260%2C840&ssl=1","type":"image\/jpeg"}],"author":"dorogimedence.hu","twitter_card":"summary_large_image","twitter_misc":{"Szerz\u0151:":"dorogimedence.hu","Becs\u00fclt olvas\u00e1si id\u0151":"8 perc"},"schema":{"@context":"https:\/\/schema.org","@graph":[{"@type":"Article","@id":"https:\/\/dorogimedence.hu\/index.php\/2022\/06\/11\/augusztus-kozepen-indulhat-ujra-a-vonatkozlekedes-szob-es-nagymaros-kozott\/#article","isPartOf":{"@id":"https:\/\/dorogimedence.hu\/index.php\/2022\/06\/11\/augusztus-kozepen-indulhat-ujra-a-vonatkozlekedes-szob-es-nagymaros-kozott\/"},"author":{"name":"dorogimedence.hu","@id":"https:\/\/dorogimedence.hu\/#\/schema\/person\/ce6091eeb7e95ecdc87890d6aa8e0fd4"},"headline":"Augusztus k\u00f6zep\u00e9n indulhat \u00fajra a vonatk\u00f6zleked\u00e9s Szob \u00e9s Nagymaros k\u00f6z\u00f6tt","datePublished":"2022-06-11T13:06:19+00:00","dateModified":"2022-06-13T05:25:07+00:00","mainEntityOfPage":{"@id":"https:\/\/dorogimedence.hu\/index.php\/2022\/06\/11\/augusztus-kozepen-indulhat-ujra-a-vonatkozlekedes-szob-es-nagymaros-kozott\/"},"wordCount":1554,"publisher":{"@id":"https:\/\/dorogimedence.hu\/#organization"},"image":{"@id":"https:\/\/dorogimedence.hu\/index.php\/2022\/06\/11\/augusztus-kozepen-indulhat-ujra-a-vonatkozlekedes-szob-es-nagymaros-kozott\/#primaryimage"},"thumbnailUrl":"https:\/\/dorogimedence.hu\/wp-content\/uploads\/2022\/06\/mav_70v_domos_atkeles_koomlas3_20220610.jpeg","keywords":["featured","k\u00f6zleked\u00e9s","Nagymaros","vas\u00fat","vonat","Zebeg\u00e9ny"],"articleSection":["H\u00edrek"],"inLanguage":"hu"},{"@type":"WebPage","@id":"https:\/\/dorogimedence.hu\/index.php\/2022\/06\/11\/augusztus-kozepen-indulhat-ujra-a-vonatkozlekedes-szob-es-nagymaros-kozott\/","url":"https:\/\/dorogimedence.hu\/index.php\/2022\/06\/11\/augusztus-kozepen-indulhat-ujra-a-vonatkozlekedes-szob-es-nagymaros-kozott\/","name":"Augusztus k\u00f6zep\u00e9n indulhat \u00fajra a vonatk\u00f6zleked\u00e9s Szob \u00e9s Nagymaros k\u00f6z\u00f6tt","isPartOf":{"@id":"https:\/\/dorogimedence.hu\/#website"},"primaryImageOfPage":{"@id":"https:\/\/dorogimedence.hu\/index.php\/2022\/06\/11\/augusztus-kozepen-indulhat-ujra-a-vonatkozlekedes-szob-es-nagymaros-kozott\/#primaryimage"},"image":{"@id":"https:\/\/dorogimedence.hu\/index.php\/2022\/06\/11\/augusztus-kozepen-indulhat-ujra-a-vonatkozlekedes-szob-es-nagymaros-kozott\/#primaryimage"},"thumbnailUrl":"https:\/\/dorogimedence.hu\/wp-content\/uploads\/2022\/06\/mav_70v_domos_atkeles_koomlas3_20220610.jpeg","datePublished":"2022-06-11T13:06:19+00:00","dateModified":"2022-06-13T05:25:07+00:00","breadcrumb":{"@id":"https:\/\/dorogimedence.hu\/index.php\/2022\/06\/11\/augusztus-kozepen-indulhat-ujra-a-vonatkozlekedes-szob-es-nagymaros-kozott\/#breadcrumb"},"inLanguage":"hu","potentialAction":[{"@type":"ReadAction","target":["https:\/\/dorogimedence.hu\/index.php\/2022\/06\/11\/augusztus-kozepen-indulhat-ujra-a-vonatkozlekedes-szob-es-nagymaros-kozott\/"]}]},{"@type":"ImageObject","inLanguage":"hu","@id":"https:\/\/dorogimedence.hu\/index.php\/2022\/06\/11\/augusztus-kozepen-indulhat-ujra-a-vonatkozlekedes-szob-es-nagymaros-kozott\/#primaryimage","url":"https:\/\/dorogimedence.hu\/wp-content\/uploads\/2022\/06\/mav_70v_domos_atkeles_koomlas3_20220610.jpeg","contentUrl":"https:\/\/dorogimedence.hu\/wp-content\/uploads\/2022\/06\/mav_70v_domos_atkeles_koomlas3_20220610.jpeg","width":1260,"height":840},{"@type":"BreadcrumbList","@id":"https:\/\/dorogimedence.hu\/index.php\/2022\/06\/11\/augusztus-kozepen-indulhat-ujra-a-vonatkozlekedes-szob-es-nagymaros-kozott\/#breadcrumb","itemListElement":[{"@type":"ListItem","position":1,"name":"Kezd\u0151lap","item":"https:\/\/dorogimedence.hu\/"},{"@type":"ListItem","position":2,"name":"Augusztus k\u00f6zep\u00e9n indulhat \u00fajra a vonatk\u00f6zleked\u00e9s Szob \u00e9s Nagymaros k\u00f6z\u00f6tt"}]},{"@type":"WebSite","@id":"https:\/\/dorogimedence.hu\/#website","url":"https:\/\/dorogimedence.hu\/","name":"Dorogi-medence Region\u00e1lis H\u00edrport\u00e1l","description":"Dorog, Keszt\u00f6lc, Le\u00e1nyv\u00e1r, Piliscs\u00e9v, Tokod, Tokodalt\u00e1r\u00f3, Csolnok, Esztergom-kertv\u00e1ros: h\u00edrek, programok","publisher":{"@id":"https:\/\/dorogimedence.hu\/#organization"},"potentialAction":[{"@type":"SearchAction","target":{"@type":"EntryPoint","urlTemplate":"https:\/\/dorogimedence.hu\/?s={search_term_string}"},"query-input":{"@type":"PropertyValueSpecification","valueRequired":true,"valueName":"search_term_string"}}],"inLanguage":"hu"},{"@type":"Organization","@id":"https:\/\/dorogimedence.hu\/#organization","name":"Dorogi-medence Region\u00e1lis H\u00edrport\u00e1l","url":"https:\/\/dorogimedence.hu\/","logo":{"@type":"ImageObject","inLanguage":"hu","@id":"https:\/\/dorogimedence.hu\/#\/schema\/logo\/image\/","url":"https:\/\/dorogimedence.hu\/wp-content\/uploads\/2021\/04\/logo-feher-600.png","contentUrl":"https:\/\/dorogimedence.hu\/wp-content\/uploads\/2021\/04\/logo-feher-600.png","width":600,"height":100,"caption":"Dorogi-medence Region\u00e1lis H\u00edrport\u00e1l"},"image":{"@id":"https:\/\/dorogimedence.hu\/#\/schema\/logo\/image\/"},"sameAs":["https:\/\/www.facebook.com\/dorogimedence\/"]},{"@type":"Person","@id":"https:\/\/dorogimedence.hu\/#\/schema\/person\/ce6091eeb7e95ecdc87890d6aa8e0fd4","name":"dorogimedence.hu","image":{"@type":"ImageObject","inLanguage":"hu","@id":"\/\/www.gravatar.com\/avatar\/d8d45f8901aadff40a4af72c0b826f1d?s=96&#038;r=g&#038;d=mm","url":"\/\/www.gravatar.com\/avatar\/d8d45f8901aadff40a4af72c0b826f1d?s=96&#038;r=g&#038;d=mm","contentUrl":"\/\/www.gravatar.com\/avatar\/d8d45f8901aadff40a4af72c0b826f1d?s=96&#038;r=g&#038;d=mm","caption":"dorogimedence.hu"}}]}},"_links":{"self":[{"href":"https:\/\/dorogimedence.hu\/index.php\/wp-json\/wp\/v2\/posts\/43598","targetHints":{"allow":["GET"]}}],"collection":[{"href":"https:\/\/dorogimedence.hu\/index.php\/wp-json\/wp\/v2\/posts"}],"about":[{"href":"https:\/\/dorogimedence.hu\/index.php\/wp-json\/wp\/v2\/types\/post"}],"author":[{"embeddable":true,"href":"https:\/\/dorogimedence.hu\/index.php\/wp-json\/wp\/v2\/users\/1"}],"replies":[{"embeddable":true,"href":"https:\/\/dorogimedence.hu\/index.php\/wp-json\/wp\/v2\/comments?post=43598"}],"version-history":[{"count":0,"href":"https:\/\/dorogimedence.hu\/index.php\/wp-json\/wp\/v2\/posts\/43598\/revisions"}],"wp:featuredmedia":[{"embeddable":true,"href":"https:\/\/dorogimedence.hu\/index.php\/wp-json\/wp\/v2\/media\/43599"}],"wp:attachment":[{"href":"https:\/\/dorogimedence.hu\/index.php\/wp-json\/wp\/v2\/media?parent=43598"}],"wp:term":[{"taxonomy":"category","embeddable":true,"href":"https:\/\/dorogimedence.hu\/index.php\/wp-json\/wp\/v2\/categories?post=43598"},{"taxonomy":"post_tag","embeddable":true,"href":"https:\/\/dorogimedence.hu\/index.php\/wp-json\/wp\/v2\/tags?post=43598"}],"curies":[{"name":"wp","href":"https:\/\/api.w.org\/{rel}","templated":true}]}}