{"id":43553,"date":"2022-06-10T10:41:38","date_gmt":"2022-06-10T08:41:38","guid":{"rendered":"https:\/\/dorogimedence.hu\/?p=43553"},"modified":"2022-06-10T11:14:05","modified_gmt":"2022-06-10T09:14:05","slug":"sok-munkat-adott-a-tuzoltoknak-a-felhoszakadas","status":"publish","type":"post","link":"https:\/\/dorogimedence.hu\/index.php\/2022\/06\/10\/sok-munkat-adott-a-tuzoltoknak-a-felhoszakadas\/","title":{"rendered":"Sok munk\u00e1t adott a t\u0171zolt\u00f3knak a felh\u0151szakad\u00e1s"},"content":{"rendered":"<p><strong>A cs\u00fct\u00f6rt\u00f6ki vihar miatt orsz\u00e1gszerte mintegy k\u00e9tsz\u00e1z helysz\u00ednre riasztott\u00e1k a t\u0171zolt\u00f3kat. A felh\u0151szakad\u00e1sok, zivatarok k\u00f6vetkezt\u00e9ben kialakult helyzet f\u0151k\u00e9nt Esztergomban adott munk\u00e1t a l\u00e1nglovagoknak Kom\u00e1rom-Esztergom megy\u00e9ben.<\/strong><\/p>\n<p>Esztergomban, az \u00c1rok utc\u00e1ban k\u00e9t fa az \u00fattestre d\u0151lt, f\u00e9lp\u00e1ly\u00e1s forgalmi akad\u00e1lyt k\u00e9pezett. Az esztergomi hivat\u00e1sos t\u0171zolt\u00f3k k\u00e9zier\u0151vel megsz\u00fcntett\u00e9k a forgalmi akad\u00e1lyt.<\/p>\n<p>A Malonyai utc\u00e1ban egy nagy fa kett\u00e9hasadt. Az egyik fele az \u00fattestre, a m\u00e1sik fele egy csal\u00e1di h\u00e1z tetej\u00e9re d\u0151lt. Az esztergomi hivat\u00e1sos t\u0171zolt\u00f3k az \u00fattestre d\u0151lt f\u00e1t k\u00e9zier\u0151vel, a h\u00e1z tetej\u00e9re d\u0151lt r\u00e9szt motoros l\u00e1ncf\u0171r\u00e9sz seg\u00edts\u00e9g\u00e9vel t\u00e1vol\u00edtott\u00e1k el a tet\u0151r\u0151l, \u00edgy sz\u00fcntetve meg a vesz\u00e9lyt.<\/p>\n<p>A Kis Duna s\u00e9t\u00e1nyon egy lak\u00e1s szuter\u00e9nj\u00e9be folyt be a v\u00edz az udvarr\u00f3l, a Bart\u00f3k B\u00e9la utc\u00e1ban k\u00e9t pinc\u00e9ben \u00e1llt az es\u0151v\u00edz. Az esztergomi hivat\u00e1sos t\u0171zolt\u00f3k kiszivatty\u00fazt\u00e1k a vizet a helyis\u00e9gekb\u0151l.<\/p>\n<p><em>Forr\u00e1s: Katasztr\u00f3fav\u00e9delem<br \/>\nBor\u00edt\u00f3k\u00e9p: az Irinyi \u00fatn\u00e1l is kid\u0151lt egy fa (Esztergom Facebook csoport \u2013 M\u00e1ria Bori)<\/em><\/p>\n","protected":false},"excerpt":{"rendered":"<p>A cs\u00fct\u00f6rt\u00f6ki vihar miatt orsz\u00e1gszerte mintegy k\u00e9tsz\u00e1z helysz\u00ednre riasztott\u00e1k a t\u0171zolt\u00f3kat. A felh\u0151szakad\u00e1sok, zivatarok k\u00f6vetkezt\u00e9ben kialakult helyzet f\u0151k\u00e9nt Esztergomban adott munk\u00e1t a l\u00e1nglovagoknak Kom\u00e1rom-Esztergom megy\u00e9ben. Esztergomban, az \u00c1rok utc\u00e1ban k\u00e9t fa az \u00fattestre d\u0151lt, f\u00e9lp\u00e1ly\u00e1s forgalmi akad\u00e1lyt k\u00e9pezett. Az esztergomi hivat\u00e1sos t\u0171zolt\u00f3k k\u00e9zier\u0151vel megsz\u00fcntett\u00e9k a forgalmi akad\u00e1lyt. A Malonyai utc\u00e1ban egy nagy fa kett\u00e9hasadt. Az<\/p>\n","protected":false},"author":1,"featured_media":43554,"comment_status":"closed","ping_status":"closed","sticky":false,"template":"","format":"standard","meta":{"ngg_post_thumbnail":0,"footnotes":""},"categories":[38,3,39],"tags":[42,2524,175,65,1317],"class_list":{"0":"post-43553","1":"post","2":"type-post","3":"status-publish","4":"format-standard","5":"has-post-thumbnail","7":"category-esztergom","8":"category-hirek","9":"category-kek-hirek","10":"tag-esztergom","11":"tag-felhoszakadas","12":"tag-katasztrofavedelem","13":"tag-tuzoltosag","14":"tag-vihar"},"yoast_head":"<!-- This site is optimized with the Yoast SEO plugin v27.4 - https:\/\/yoast.com\/product\/yoast-seo-wordpress\/ -->\n<title>Sok munk\u00e1t adott a t\u0171zolt\u00f3knak a felh\u0151szakad\u00e1s<\/title>\n<meta name=\"robots\" content=\"index, follow, max-snippet:-1, max-image-preview:large, max-video-preview:-1\" \/>\n<link rel=\"canonical\" href=\"https:\/\/dorogimedence.hu\/index.php\/2022\/06\/10\/sok-munkat-adott-a-tuzoltoknak-a-felhoszakadas\/\" class=\"yoast-seo-meta-tag\" \/>\n<meta property=\"og:locale\" content=\"hu_HU\" class=\"yoast-seo-meta-tag\" \/>\n<meta property=\"og:type\" content=\"article\" class=\"yoast-seo-meta-tag\" \/>\n<meta property=\"og:title\" content=\"Sok munk\u00e1t adott a t\u0171zolt\u00f3knak a felh\u0151szakad\u00e1s\" class=\"yoast-seo-meta-tag\" \/>\n<meta property=\"og:description\" content=\"A cs\u00fct\u00f6rt\u00f6ki vihar miatt orsz\u00e1gszerte mintegy k\u00e9tsz\u00e1z helysz\u00ednre riasztott\u00e1k a t\u0171zolt\u00f3kat. A felh\u0151szakad\u00e1sok, zivatarok k\u00f6vetkezt\u00e9ben kialakult helyzet f\u0151k\u00e9nt Esztergomban adott munk\u00e1t a l\u00e1nglovagoknak Kom\u00e1rom-Esztergom megy\u00e9ben. Esztergomban, az \u00c1rok utc\u00e1ban k\u00e9t fa az \u00fattestre d\u0151lt, f\u00e9lp\u00e1ly\u00e1s forgalmi akad\u00e1lyt k\u00e9pezett. Az esztergomi hivat\u00e1sos t\u0171zolt\u00f3k k\u00e9zier\u0151vel megsz\u00fcntett\u00e9k a forgalmi akad\u00e1lyt. A Malonyai utc\u00e1ban egy nagy fa kett\u00e9hasadt. Az\" class=\"yoast-seo-meta-tag\" \/>\n<meta property=\"og:url\" content=\"https:\/\/dorogimedence.hu\/index.php\/2022\/06\/10\/sok-munkat-adott-a-tuzoltoknak-a-felhoszakadas\/\" class=\"yoast-seo-meta-tag\" \/>\n<meta property=\"og:site_name\" content=\"Dorogi-medence Region\u00e1lis H\u00edrport\u00e1l\" class=\"yoast-seo-meta-tag\" \/>\n<meta property=\"article:publisher\" content=\"https:\/\/www.facebook.com\/dorogimedence\/\" class=\"yoast-seo-meta-tag\" \/>\n<meta property=\"article:published_time\" content=\"2022-06-10T08:41:38+00:00\" class=\"yoast-seo-meta-tag\" \/>\n<meta property=\"article:modified_time\" content=\"2022-06-10T09:14:05+00:00\" class=\"yoast-seo-meta-tag\" \/>\n<meta property=\"og:image\" content=\"https:\/\/i0.wp.com\/dorogimedence.hu\/wp-content\/uploads\/2022\/06\/285140939_5267744099960891_6108141305295403004_n.jpg?fit=2048%2C1536&ssl=1\" class=\"yoast-seo-meta-tag\" \/>\n\t<meta property=\"og:image:width\" content=\"2048\" class=\"yoast-seo-meta-tag\" \/>\n\t<meta property=\"og:image:height\" content=\"1536\" class=\"yoast-seo-meta-tag\" \/>\n\t<meta property=\"og:image:type\" content=\"image\/jpeg\" class=\"yoast-seo-meta-tag\" \/>\n<meta name=\"author\" content=\"dorogimedence.hu\" class=\"yoast-seo-meta-tag\" \/>\n<meta name=\"twitter:card\" content=\"summary_large_image\" class=\"yoast-seo-meta-tag\" \/>\n<meta name=\"twitter:label1\" content=\"Szerz\u0151:\" class=\"yoast-seo-meta-tag\" \/>\n\t<meta name=\"twitter:data1\" content=\"dorogimedence.hu\" class=\"yoast-seo-meta-tag\" \/>\n\t<meta name=\"twitter:label2\" content=\"Becs\u00fclt olvas\u00e1si id\u0151\" class=\"yoast-seo-meta-tag\" \/>\n\t<meta name=\"twitter:data2\" content=\"1 perc\" class=\"yoast-seo-meta-tag\" \/>\n<script type=\"application\/ld+json\" class=\"yoast-schema-graph\">{\"@context\":\"https:\\\/\\\/schema.org\",\"@graph\":[{\"@type\":\"Article\",\"@id\":\"https:\\\/\\\/dorogimedence.hu\\\/index.php\\\/2022\\\/06\\\/10\\\/sok-munkat-adott-a-tuzoltoknak-a-felhoszakadas\\\/#article\",\"isPartOf\":{\"@id\":\"https:\\\/\\\/dorogimedence.hu\\\/index.php\\\/2022\\\/06\\\/10\\\/sok-munkat-adott-a-tuzoltoknak-a-felhoszakadas\\\/\"},\"author\":{\"name\":\"dorogimedence.hu\",\"@id\":\"https:\\\/\\\/dorogimedence.hu\\\/#\\\/schema\\\/person\\\/ce6091eeb7e95ecdc87890d6aa8e0fd4\"},\"headline\":\"Sok munk\u00e1t adott a t\u0171zolt\u00f3knak a felh\u0151szakad\u00e1s\",\"datePublished\":\"2022-06-10T08:41:38+00:00\",\"dateModified\":\"2022-06-10T09:14:05+00:00\",\"mainEntityOfPage\":{\"@id\":\"https:\\\/\\\/dorogimedence.hu\\\/index.php\\\/2022\\\/06\\\/10\\\/sok-munkat-adott-a-tuzoltoknak-a-felhoszakadas\\\/\"},\"wordCount\":248,\"publisher\":{\"@id\":\"https:\\\/\\\/dorogimedence.hu\\\/#organization\"},\"image\":{\"@id\":\"https:\\\/\\\/dorogimedence.hu\\\/index.php\\\/2022\\\/06\\\/10\\\/sok-munkat-adott-a-tuzoltoknak-a-felhoszakadas\\\/#primaryimage\"},\"thumbnailUrl\":\"https:\\\/\\\/dorogimedence.hu\\\/wp-content\\\/uploads\\\/2022\\\/06\\\/285140939_5267744099960891_6108141305295403004_n.jpg\",\"keywords\":[\"esztergom\",\"felh\u0151szakad\u00e1s\",\"katasztr\u00f3fav\u00e9delem\",\"t\u0171zolt\u00f3s\u00e1g\",\"vihar\"],\"articleSection\":[\"Esztergom\",\"H\u00edrek\",\"K\u00e9k h\u00edrek\"],\"inLanguage\":\"hu\"},{\"@type\":\"WebPage\",\"@id\":\"https:\\\/\\\/dorogimedence.hu\\\/index.php\\\/2022\\\/06\\\/10\\\/sok-munkat-adott-a-tuzoltoknak-a-felhoszakadas\\\/\",\"url\":\"https:\\\/\\\/dorogimedence.hu\\\/index.php\\\/2022\\\/06\\\/10\\\/sok-munkat-adott-a-tuzoltoknak-a-felhoszakadas\\\/\",\"name\":\"Sok munk\u00e1t adott a t\u0171zolt\u00f3knak a felh\u0151szakad\u00e1s\",\"isPartOf\":{\"@id\":\"https:\\\/\\\/dorogimedence.hu\\\/#website\"},\"primaryImageOfPage\":{\"@id\":\"https:\\\/\\\/dorogimedence.hu\\\/index.php\\\/2022\\\/06\\\/10\\\/sok-munkat-adott-a-tuzoltoknak-a-felhoszakadas\\\/#primaryimage\"},\"image\":{\"@id\":\"https:\\\/\\\/dorogimedence.hu\\\/index.php\\\/2022\\\/06\\\/10\\\/sok-munkat-adott-a-tuzoltoknak-a-felhoszakadas\\\/#primaryimage\"},\"thumbnailUrl\":\"https:\\\/\\\/dorogimedence.hu\\\/wp-content\\\/uploads\\\/2022\\\/06\\\/285140939_5267744099960891_6108141305295403004_n.jpg\",\"datePublished\":\"2022-06-10T08:41:38+00:00\",\"dateModified\":\"2022-06-10T09:14:05+00:00\",\"breadcrumb\":{\"@id\":\"https:\\\/\\\/dorogimedence.hu\\\/index.php\\\/2022\\\/06\\\/10\\\/sok-munkat-adott-a-tuzoltoknak-a-felhoszakadas\\\/#breadcrumb\"},\"inLanguage\":\"hu\",\"potentialAction\":[{\"@type\":\"ReadAction\",\"target\":[\"https:\\\/\\\/dorogimedence.hu\\\/index.php\\\/2022\\\/06\\\/10\\\/sok-munkat-adott-a-tuzoltoknak-a-felhoszakadas\\\/\"]}]},{\"@type\":\"ImageObject\",\"inLanguage\":\"hu\",\"@id\":\"https:\\\/\\\/dorogimedence.hu\\\/index.php\\\/2022\\\/06\\\/10\\\/sok-munkat-adott-a-tuzoltoknak-a-felhoszakadas\\\/#primaryimage\",\"url\":\"https:\\\/\\\/dorogimedence.hu\\\/wp-content\\\/uploads\\\/2022\\\/06\\\/285140939_5267744099960891_6108141305295403004_n.jpg\",\"contentUrl\":\"https:\\\/\\\/dorogimedence.hu\\\/wp-content\\\/uploads\\\/2022\\\/06\\\/285140939_5267744099960891_6108141305295403004_n.jpg\",\"width\":2048,\"height\":1536},{\"@type\":\"BreadcrumbList\",\"@id\":\"https:\\\/\\\/dorogimedence.hu\\\/index.php\\\/2022\\\/06\\\/10\\\/sok-munkat-adott-a-tuzoltoknak-a-felhoszakadas\\\/#breadcrumb\",\"itemListElement\":[{\"@type\":\"ListItem\",\"position\":1,\"name\":\"Kezd\u0151lap\",\"item\":\"https:\\\/\\\/dorogimedence.hu\\\/\"},{\"@type\":\"ListItem\",\"position\":2,\"name\":\"Sok munk\u00e1t adott a t\u0171zolt\u00f3knak a felh\u0151szakad\u00e1s\"}]},{\"@type\":\"WebSite\",\"@id\":\"https:\\\/\\\/dorogimedence.hu\\\/#website\",\"url\":\"https:\\\/\\\/dorogimedence.hu\\\/\",\"name\":\"Dorogi-medence Region\u00e1lis H\u00edrport\u00e1l\",\"description\":\"Dorog, Keszt\u00f6lc, Le\u00e1nyv\u00e1r, Piliscs\u00e9v, Tokod, Tokodalt\u00e1r\u00f3, Csolnok, Esztergom-kertv\u00e1ros: h\u00edrek, programok\",\"publisher\":{\"@id\":\"https:\\\/\\\/dorogimedence.hu\\\/#organization\"},\"potentialAction\":[{\"@type\":\"SearchAction\",\"target\":{\"@type\":\"EntryPoint\",\"urlTemplate\":\"https:\\\/\\\/dorogimedence.hu\\\/?s={search_term_string}\"},\"query-input\":{\"@type\":\"PropertyValueSpecification\",\"valueRequired\":true,\"valueName\":\"search_term_string\"}}],\"inLanguage\":\"hu\"},{\"@type\":\"Organization\",\"@id\":\"https:\\\/\\\/dorogimedence.hu\\\/#organization\",\"name\":\"Dorogi-medence Region\u00e1lis H\u00edrport\u00e1l\",\"url\":\"https:\\\/\\\/dorogimedence.hu\\\/\",\"logo\":{\"@type\":\"ImageObject\",\"inLanguage\":\"hu\",\"@id\":\"https:\\\/\\\/dorogimedence.hu\\\/#\\\/schema\\\/logo\\\/image\\\/\",\"url\":\"https:\\\/\\\/dorogimedence.hu\\\/wp-content\\\/uploads\\\/2021\\\/04\\\/logo-feher-600.png\",\"contentUrl\":\"https:\\\/\\\/dorogimedence.hu\\\/wp-content\\\/uploads\\\/2021\\\/04\\\/logo-feher-600.png\",\"width\":600,\"height\":100,\"caption\":\"Dorogi-medence Region\u00e1lis H\u00edrport\u00e1l\"},\"image\":{\"@id\":\"https:\\\/\\\/dorogimedence.hu\\\/#\\\/schema\\\/logo\\\/image\\\/\"},\"sameAs\":[\"https:\\\/\\\/www.facebook.com\\\/dorogimedence\\\/\"]},{\"@type\":\"Person\",\"@id\":\"https:\\\/\\\/dorogimedence.hu\\\/#\\\/schema\\\/person\\\/ce6091eeb7e95ecdc87890d6aa8e0fd4\",\"name\":\"dorogimedence.hu\",\"image\":{\"@type\":\"ImageObject\",\"inLanguage\":\"hu\",\"@id\":\"\\\/\\\/www.gravatar.com\\\/avatar\\\/d8d45f8901aadff40a4af72c0b826f1d?s=96&#038;r=g&#038;d=mm\",\"url\":\"\\\/\\\/www.gravatar.com\\\/avatar\\\/d8d45f8901aadff40a4af72c0b826f1d?s=96&#038;r=g&#038;d=mm\",\"contentUrl\":\"\\\/\\\/www.gravatar.com\\\/avatar\\\/d8d45f8901aadff40a4af72c0b826f1d?s=96&#038;r=g&#038;d=mm\",\"caption\":\"dorogimedence.hu\"}}]}<\/script>\n<!-- \/ Yoast SEO plugin. -->","yoast_head_json":{"title":"Sok munk\u00e1t adott a t\u0171zolt\u00f3knak a felh\u0151szakad\u00e1s","robots":{"index":"index","follow":"follow","max-snippet":"max-snippet:-1","max-image-preview":"max-image-preview:large","max-video-preview":"max-video-preview:-1"},"canonical":"https:\/\/dorogimedence.hu\/index.php\/2022\/06\/10\/sok-munkat-adott-a-tuzoltoknak-a-felhoszakadas\/","og_locale":"hu_HU","og_type":"article","og_title":"Sok munk\u00e1t adott a t\u0171zolt\u00f3knak a felh\u0151szakad\u00e1s","og_description":"A cs\u00fct\u00f6rt\u00f6ki vihar miatt orsz\u00e1gszerte mintegy k\u00e9tsz\u00e1z helysz\u00ednre riasztott\u00e1k a t\u0171zolt\u00f3kat. A felh\u0151szakad\u00e1sok, zivatarok k\u00f6vetkezt\u00e9ben kialakult helyzet f\u0151k\u00e9nt Esztergomban adott munk\u00e1t a l\u00e1nglovagoknak Kom\u00e1rom-Esztergom megy\u00e9ben. Esztergomban, az \u00c1rok utc\u00e1ban k\u00e9t fa az \u00fattestre d\u0151lt, f\u00e9lp\u00e1ly\u00e1s forgalmi akad\u00e1lyt k\u00e9pezett. Az esztergomi hivat\u00e1sos t\u0171zolt\u00f3k k\u00e9zier\u0151vel megsz\u00fcntett\u00e9k a forgalmi akad\u00e1lyt. A Malonyai utc\u00e1ban egy nagy fa kett\u00e9hasadt. Az","og_url":"https:\/\/dorogimedence.hu\/index.php\/2022\/06\/10\/sok-munkat-adott-a-tuzoltoknak-a-felhoszakadas\/","og_site_name":"Dorogi-medence Region\u00e1lis H\u00edrport\u00e1l","article_publisher":"https:\/\/www.facebook.com\/dorogimedence\/","article_published_time":"2022-06-10T08:41:38+00:00","article_modified_time":"2022-06-10T09:14:05+00:00","og_image":[{"width":2048,"height":1536,"url":"https:\/\/i0.wp.com\/dorogimedence.hu\/wp-content\/uploads\/2022\/06\/285140939_5267744099960891_6108141305295403004_n.jpg?fit=2048%2C1536&ssl=1","type":"image\/jpeg"}],"author":"dorogimedence.hu","twitter_card":"summary_large_image","twitter_misc":{"Szerz\u0151:":"dorogimedence.hu","Becs\u00fclt olvas\u00e1si id\u0151":"1 perc"},"schema":{"@context":"https:\/\/schema.org","@graph":[{"@type":"Article","@id":"https:\/\/dorogimedence.hu\/index.php\/2022\/06\/10\/sok-munkat-adott-a-tuzoltoknak-a-felhoszakadas\/#article","isPartOf":{"@id":"https:\/\/dorogimedence.hu\/index.php\/2022\/06\/10\/sok-munkat-adott-a-tuzoltoknak-a-felhoszakadas\/"},"author":{"name":"dorogimedence.hu","@id":"https:\/\/dorogimedence.hu\/#\/schema\/person\/ce6091eeb7e95ecdc87890d6aa8e0fd4"},"headline":"Sok munk\u00e1t adott a t\u0171zolt\u00f3knak a felh\u0151szakad\u00e1s","datePublished":"2022-06-10T08:41:38+00:00","dateModified":"2022-06-10T09:14:05+00:00","mainEntityOfPage":{"@id":"https:\/\/dorogimedence.hu\/index.php\/2022\/06\/10\/sok-munkat-adott-a-tuzoltoknak-a-felhoszakadas\/"},"wordCount":248,"publisher":{"@id":"https:\/\/dorogimedence.hu\/#organization"},"image":{"@id":"https:\/\/dorogimedence.hu\/index.php\/2022\/06\/10\/sok-munkat-adott-a-tuzoltoknak-a-felhoszakadas\/#primaryimage"},"thumbnailUrl":"https:\/\/dorogimedence.hu\/wp-content\/uploads\/2022\/06\/285140939_5267744099960891_6108141305295403004_n.jpg","keywords":["esztergom","felh\u0151szakad\u00e1s","katasztr\u00f3fav\u00e9delem","t\u0171zolt\u00f3s\u00e1g","vihar"],"articleSection":["Esztergom","H\u00edrek","K\u00e9k h\u00edrek"],"inLanguage":"hu"},{"@type":"WebPage","@id":"https:\/\/dorogimedence.hu\/index.php\/2022\/06\/10\/sok-munkat-adott-a-tuzoltoknak-a-felhoszakadas\/","url":"https:\/\/dorogimedence.hu\/index.php\/2022\/06\/10\/sok-munkat-adott-a-tuzoltoknak-a-felhoszakadas\/","name":"Sok munk\u00e1t adott a t\u0171zolt\u00f3knak a felh\u0151szakad\u00e1s","isPartOf":{"@id":"https:\/\/dorogimedence.hu\/#website"},"primaryImageOfPage":{"@id":"https:\/\/dorogimedence.hu\/index.php\/2022\/06\/10\/sok-munkat-adott-a-tuzoltoknak-a-felhoszakadas\/#primaryimage"},"image":{"@id":"https:\/\/dorogimedence.hu\/index.php\/2022\/06\/10\/sok-munkat-adott-a-tuzoltoknak-a-felhoszakadas\/#primaryimage"},"thumbnailUrl":"https:\/\/dorogimedence.hu\/wp-content\/uploads\/2022\/06\/285140939_5267744099960891_6108141305295403004_n.jpg","datePublished":"2022-06-10T08:41:38+00:00","dateModified":"2022-06-10T09:14:05+00:00","breadcrumb":{"@id":"https:\/\/dorogimedence.hu\/index.php\/2022\/06\/10\/sok-munkat-adott-a-tuzoltoknak-a-felhoszakadas\/#breadcrumb"},"inLanguage":"hu","potentialAction":[{"@type":"ReadAction","target":["https:\/\/dorogimedence.hu\/index.php\/2022\/06\/10\/sok-munkat-adott-a-tuzoltoknak-a-felhoszakadas\/"]}]},{"@type":"ImageObject","inLanguage":"hu","@id":"https:\/\/dorogimedence.hu\/index.php\/2022\/06\/10\/sok-munkat-adott-a-tuzoltoknak-a-felhoszakadas\/#primaryimage","url":"https:\/\/dorogimedence.hu\/wp-content\/uploads\/2022\/06\/285140939_5267744099960891_6108141305295403004_n.jpg","contentUrl":"https:\/\/dorogimedence.hu\/wp-content\/uploads\/2022\/06\/285140939_5267744099960891_6108141305295403004_n.jpg","width":2048,"height":1536},{"@type":"BreadcrumbList","@id":"https:\/\/dorogimedence.hu\/index.php\/2022\/06\/10\/sok-munkat-adott-a-tuzoltoknak-a-felhoszakadas\/#breadcrumb","itemListElement":[{"@type":"ListItem","position":1,"name":"Kezd\u0151lap","item":"https:\/\/dorogimedence.hu\/"},{"@type":"ListItem","position":2,"name":"Sok munk\u00e1t adott a t\u0171zolt\u00f3knak a felh\u0151szakad\u00e1s"}]},{"@type":"WebSite","@id":"https:\/\/dorogimedence.hu\/#website","url":"https:\/\/dorogimedence.hu\/","name":"Dorogi-medence Region\u00e1lis H\u00edrport\u00e1l","description":"Dorog, Keszt\u00f6lc, Le\u00e1nyv\u00e1r, Piliscs\u00e9v, Tokod, Tokodalt\u00e1r\u00f3, Csolnok, Esztergom-kertv\u00e1ros: h\u00edrek, programok","publisher":{"@id":"https:\/\/dorogimedence.hu\/#organization"},"potentialAction":[{"@type":"SearchAction","target":{"@type":"EntryPoint","urlTemplate":"https:\/\/dorogimedence.hu\/?s={search_term_string}"},"query-input":{"@type":"PropertyValueSpecification","valueRequired":true,"valueName":"search_term_string"}}],"inLanguage":"hu"},{"@type":"Organization","@id":"https:\/\/dorogimedence.hu\/#organization","name":"Dorogi-medence Region\u00e1lis H\u00edrport\u00e1l","url":"https:\/\/dorogimedence.hu\/","logo":{"@type":"ImageObject","inLanguage":"hu","@id":"https:\/\/dorogimedence.hu\/#\/schema\/logo\/image\/","url":"https:\/\/dorogimedence.hu\/wp-content\/uploads\/2021\/04\/logo-feher-600.png","contentUrl":"https:\/\/dorogimedence.hu\/wp-content\/uploads\/2021\/04\/logo-feher-600.png","width":600,"height":100,"caption":"Dorogi-medence Region\u00e1lis H\u00edrport\u00e1l"},"image":{"@id":"https:\/\/dorogimedence.hu\/#\/schema\/logo\/image\/"},"sameAs":["https:\/\/www.facebook.com\/dorogimedence\/"]},{"@type":"Person","@id":"https:\/\/dorogimedence.hu\/#\/schema\/person\/ce6091eeb7e95ecdc87890d6aa8e0fd4","name":"dorogimedence.hu","image":{"@type":"ImageObject","inLanguage":"hu","@id":"\/\/www.gravatar.com\/avatar\/d8d45f8901aadff40a4af72c0b826f1d?s=96&#038;r=g&#038;d=mm","url":"\/\/www.gravatar.com\/avatar\/d8d45f8901aadff40a4af72c0b826f1d?s=96&#038;r=g&#038;d=mm","contentUrl":"\/\/www.gravatar.com\/avatar\/d8d45f8901aadff40a4af72c0b826f1d?s=96&#038;r=g&#038;d=mm","caption":"dorogimedence.hu"}}]}},"_links":{"self":[{"href":"https:\/\/dorogimedence.hu\/index.php\/wp-json\/wp\/v2\/posts\/43553","targetHints":{"allow":["GET"]}}],"collection":[{"href":"https:\/\/dorogimedence.hu\/index.php\/wp-json\/wp\/v2\/posts"}],"about":[{"href":"https:\/\/dorogimedence.hu\/index.php\/wp-json\/wp\/v2\/types\/post"}],"author":[{"embeddable":true,"href":"https:\/\/dorogimedence.hu\/index.php\/wp-json\/wp\/v2\/users\/1"}],"replies":[{"embeddable":true,"href":"https:\/\/dorogimedence.hu\/index.php\/wp-json\/wp\/v2\/comments?post=43553"}],"version-history":[{"count":0,"href":"https:\/\/dorogimedence.hu\/index.php\/wp-json\/wp\/v2\/posts\/43553\/revisions"}],"wp:featuredmedia":[{"embeddable":true,"href":"https:\/\/dorogimedence.hu\/index.php\/wp-json\/wp\/v2\/media\/43554"}],"wp:attachment":[{"href":"https:\/\/dorogimedence.hu\/index.php\/wp-json\/wp\/v2\/media?parent=43553"}],"wp:term":[{"taxonomy":"category","embeddable":true,"href":"https:\/\/dorogimedence.hu\/index.php\/wp-json\/wp\/v2\/categories?post=43553"},{"taxonomy":"post_tag","embeddable":true,"href":"https:\/\/dorogimedence.hu\/index.php\/wp-json\/wp\/v2\/tags?post=43553"}],"curies":[{"name":"wp","href":"https:\/\/api.w.org\/{rel}","templated":true}]}}