{"id":43351,"date":"2022-06-03T07:11:43","date_gmt":"2022-06-03T05:11:43","guid":{"rendered":"https:\/\/dorogimedence.hu\/?p=43351"},"modified":"2022-06-03T07:11:43","modified_gmt":"2022-06-03T05:11:43","slug":"uj-szakmai-igazgatoja-lett-a-dorogi-fc-nek","status":"publish","type":"post","link":"https:\/\/dorogimedence.hu\/index.php\/2022\/06\/03\/uj-szakmai-igazgatoja-lett-a-dorogi-fc-nek\/","title":{"rendered":"\u00daj szakmai igazgat\u00f3ja lett a Dorogi FC-nek"},"content":{"rendered":"<p><strong>Ifj. Bene Ferenc lett a Dorogi FC szakmai igazgat\u00f3ja<\/strong> <em>\u2013 sz\u00e1molt be r\u00f3la a klub honlapja, meg\u00edrv\u00e1n azt is, hogy t\u00e1vozik a csapatt\u00f3l Ny\u00edri Vince T\u00f3bi\u00e1s.<\/em><\/p>\n<p>Ny\u00edri Vince T\u00f3bi\u00e1s, a 20 \u00e9ves jobbh\u00e1tv\u00e9d 2019 nyar\u00e1n \u00e9rkezett Dorogra az Ill\u00e9s Akad\u00e9mi\u00e1t\u00f3l, az elm\u00falt h\u00e1rom bajnoki id\u00e9nyben 85 alkalommal l\u00e9pett p\u00e1ly\u00e1ra az egy\u00fcttesben, \u00e9s n\u00e9gy g\u00f3lt szerzett. A m\u00e1jusban v\u00e9get \u00e9r\u0151 2021\u20132022-es ki\u00edr\u00e1sban Ny\u00edri 27 NB II-es bajnokin szerepelt, \u00e9s egyszer tal\u00e1lt a h\u00e1l\u00f3ba.<\/p>\n<p>&#8222;&#8221;Sziasztok Dorogiak! Szeretn\u00e9m megk\u00f6sz\u00f6nni mindenkinek a sok t\u00e1mogat\u00e1st, amit kaptam illetve az egy\u00fctt elt\u00f6lt\u00f6tt id\u0151t mind a p\u00e1ly\u00e1n \u00e9s azon k\u00edv\u00fcl! \u00d6sszess\u00e9g\u00e9ben j\u00f3 eml\u00e9kekkel t\u00e1vozok Dorogr\u00f3l. Sikeres szezont k\u00edv\u00e1nok mind a j\u00e1t\u00e9kosoknak, mind a klubnak!&#8221; \u2013 nyilatkozta Ny\u00edri Vince T\u00f3bi\u00e1s.<\/p>\n<p>A dorogiak bejelentett\u00e9k azt is, hogy nem hosszabb\u00edtj\u00e1k meg Balogh P\u00e1l szakmai igazgat\u00f3 \u00e9s Antal G\u00e1bor asszisztens edz\u0151 lej\u00e1r\u00f3 szerz\u0151d\u00e9s\u00e9t, egy\u00fattal nyilv\u00e1noss\u00e1gra hozt\u00e1k, hogy az \u00faj szakmai igazgat\u00f3 ifj. Bene Ferenc. A 43 \u00e9ves, UEFA pro licences Bene az 1998\u20131999-es id\u00e9nyben j\u00e1t\u00e9kosk\u00e9nt, a 2016\u20132017-es \u00e9vadban sportigazgat\u00f3k\u00e9nt dolgozott a Dorogn\u00e1l.<\/p>\n<p><a href=\"https:\/\/dorogifc.hu\/bene-ferenc-az-elso-interju\/\" target=\"_blank\" rel=\"noopener\"><span style=\"text-decoration: underline; color: #0000ff;\">Interj\u00fa ifj. Bene Ferenccel&gt;&gt;<\/span><\/a><\/p>\n<p><em>Forr\u00e1s: dorogifc.hu\/nemzetisport.hu<\/em><br \/>\n<em>Bor\u00edt\u00f3k\u00e9p: dorogifc.hu<\/em><\/p>\n","protected":false},"excerpt":{"rendered":"<p>Ifj. Bene Ferenc lett a Dorogi FC szakmai igazgat\u00f3ja \u2013 sz\u00e1molt be r\u00f3la a klub honlapja, meg\u00edrv\u00e1n azt is, hogy t\u00e1vozik a csapatt\u00f3l Ny\u00edri Vince T\u00f3bi\u00e1s. Ny\u00edri Vince T\u00f3bi\u00e1s, a 20 \u00e9ves jobbh\u00e1tv\u00e9d 2019 nyar\u00e1n \u00e9rkezett Dorogra az Ill\u00e9s Akad\u00e9mi\u00e1t\u00f3l, az elm\u00falt h\u00e1rom bajnoki id\u00e9nyben 85 alkalommal l\u00e9pett p\u00e1ly\u00e1ra az egy\u00fcttesben, \u00e9s n\u00e9gy g\u00f3lt szerzett.<\/p>\n","protected":false},"author":1,"featured_media":43352,"comment_status":"closed","ping_status":"closed","sticky":false,"template":"","format":"standard","meta":{"ngg_post_thumbnail":0,"footnotes":""},"categories":[2,3,5],"tags":[15,37,70,69,72,263,16],"class_list":{"0":"post-43351","1":"post","2":"type-post","3":"status-publish","4":"format-standard","5":"has-post-thumbnail","7":"category-dorog","8":"category-hirek","9":"category-sport","10":"tag-dorog","11":"tag-dorogi-fc","12":"tag-foci","13":"tag-futball","14":"tag-labdarugas","15":"tag-nb-ii","16":"tag-sport"},"yoast_head":"<!-- This site is optimized with the Yoast SEO plugin v27.5 - https:\/\/yoast.com\/product\/yoast-seo-wordpress\/ -->\n<title>\u00daj szakmai igazgat\u00f3ja lett a Dorogi FC-nek<\/title>\n<meta name=\"robots\" content=\"index, follow, max-snippet:-1, max-image-preview:large, max-video-preview:-1\" \/>\n<link rel=\"canonical\" href=\"https:\/\/dorogimedence.hu\/index.php\/2022\/06\/03\/uj-szakmai-igazgatoja-lett-a-dorogi-fc-nek\/\" class=\"yoast-seo-meta-tag\" \/>\n<meta property=\"og:locale\" content=\"hu_HU\" class=\"yoast-seo-meta-tag\" \/>\n<meta property=\"og:type\" content=\"article\" class=\"yoast-seo-meta-tag\" \/>\n<meta property=\"og:title\" content=\"\u00daj szakmai igazgat\u00f3ja lett a Dorogi FC-nek\" class=\"yoast-seo-meta-tag\" \/>\n<meta property=\"og:description\" content=\"Ifj. Bene Ferenc lett a Dorogi FC szakmai igazgat\u00f3ja \u2013 sz\u00e1molt be r\u00f3la a klub honlapja, meg\u00edrv\u00e1n azt is, hogy t\u00e1vozik a csapatt\u00f3l Ny\u00edri Vince T\u00f3bi\u00e1s. Ny\u00edri Vince T\u00f3bi\u00e1s, a 20 \u00e9ves jobbh\u00e1tv\u00e9d 2019 nyar\u00e1n \u00e9rkezett Dorogra az Ill\u00e9s Akad\u00e9mi\u00e1t\u00f3l, az elm\u00falt h\u00e1rom bajnoki id\u00e9nyben 85 alkalommal l\u00e9pett p\u00e1ly\u00e1ra az egy\u00fcttesben, \u00e9s n\u00e9gy g\u00f3lt szerzett.\" class=\"yoast-seo-meta-tag\" \/>\n<meta property=\"og:url\" content=\"https:\/\/dorogimedence.hu\/index.php\/2022\/06\/03\/uj-szakmai-igazgatoja-lett-a-dorogi-fc-nek\/\" class=\"yoast-seo-meta-tag\" \/>\n<meta property=\"og:site_name\" content=\"Dorogi-medence Region\u00e1lis H\u00edrport\u00e1l\" class=\"yoast-seo-meta-tag\" \/>\n<meta property=\"article:publisher\" content=\"https:\/\/www.facebook.com\/dorogimedence\/\" class=\"yoast-seo-meta-tag\" \/>\n<meta property=\"article:published_time\" content=\"2022-06-03T05:11:43+00:00\" class=\"yoast-seo-meta-tag\" \/>\n<meta property=\"og:image\" content=\"https:\/\/i0.wp.com\/dorogimedence.hu\/wp-content\/uploads\/2022\/06\/bene-ferenc.jpg?fit=1920%2C1193&ssl=1\" class=\"yoast-seo-meta-tag\" \/>\n\t<meta property=\"og:image:width\" content=\"1920\" class=\"yoast-seo-meta-tag\" \/>\n\t<meta property=\"og:image:height\" content=\"1193\" class=\"yoast-seo-meta-tag\" \/>\n\t<meta property=\"og:image:type\" content=\"image\/jpeg\" class=\"yoast-seo-meta-tag\" \/>\n<meta name=\"author\" content=\"dorogimedence.hu\" class=\"yoast-seo-meta-tag\" \/>\n<meta name=\"twitter:card\" content=\"summary_large_image\" class=\"yoast-seo-meta-tag\" \/>\n<meta name=\"twitter:label1\" content=\"Szerz\u0151:\" class=\"yoast-seo-meta-tag\" \/>\n\t<meta name=\"twitter:data1\" content=\"dorogimedence.hu\" class=\"yoast-seo-meta-tag\" \/>\n\t<meta name=\"twitter:label2\" content=\"Becs\u00fclt olvas\u00e1si id\u0151\" class=\"yoast-seo-meta-tag\" \/>\n\t<meta name=\"twitter:data2\" content=\"1 perc\" class=\"yoast-seo-meta-tag\" \/>\n<script type=\"application\/ld+json\" class=\"yoast-schema-graph\">{\"@context\":\"https:\\\/\\\/schema.org\",\"@graph\":[{\"@type\":\"Article\",\"@id\":\"https:\\\/\\\/dorogimedence.hu\\\/index.php\\\/2022\\\/06\\\/03\\\/uj-szakmai-igazgatoja-lett-a-dorogi-fc-nek\\\/#article\",\"isPartOf\":{\"@id\":\"https:\\\/\\\/dorogimedence.hu\\\/index.php\\\/2022\\\/06\\\/03\\\/uj-szakmai-igazgatoja-lett-a-dorogi-fc-nek\\\/\"},\"author\":{\"name\":\"dorogimedence.hu\",\"@id\":\"https:\\\/\\\/dorogimedence.hu\\\/#\\\/schema\\\/person\\\/ce6091eeb7e95ecdc87890d6aa8e0fd4\"},\"headline\":\"\u00daj szakmai igazgat\u00f3ja lett a Dorogi FC-nek\",\"datePublished\":\"2022-06-03T05:11:43+00:00\",\"mainEntityOfPage\":{\"@id\":\"https:\\\/\\\/dorogimedence.hu\\\/index.php\\\/2022\\\/06\\\/03\\\/uj-szakmai-igazgatoja-lett-a-dorogi-fc-nek\\\/\"},\"wordCount\":262,\"publisher\":{\"@id\":\"https:\\\/\\\/dorogimedence.hu\\\/#organization\"},\"image\":{\"@id\":\"https:\\\/\\\/dorogimedence.hu\\\/index.php\\\/2022\\\/06\\\/03\\\/uj-szakmai-igazgatoja-lett-a-dorogi-fc-nek\\\/#primaryimage\"},\"thumbnailUrl\":\"https:\\\/\\\/dorogimedence.hu\\\/wp-content\\\/uploads\\\/2022\\\/06\\\/bene-ferenc.jpg\",\"keywords\":[\"Dorog\",\"Dorogi FC\",\"foci\",\"futball\",\"labdar\u00fag\u00e1s\",\"NB II\",\"sport\"],\"articleSection\":[\"Dorog\",\"H\u00edrek\",\"Sport\"],\"inLanguage\":\"hu\"},{\"@type\":\"WebPage\",\"@id\":\"https:\\\/\\\/dorogimedence.hu\\\/index.php\\\/2022\\\/06\\\/03\\\/uj-szakmai-igazgatoja-lett-a-dorogi-fc-nek\\\/\",\"url\":\"https:\\\/\\\/dorogimedence.hu\\\/index.php\\\/2022\\\/06\\\/03\\\/uj-szakmai-igazgatoja-lett-a-dorogi-fc-nek\\\/\",\"name\":\"\u00daj szakmai igazgat\u00f3ja lett a Dorogi FC-nek\",\"isPartOf\":{\"@id\":\"https:\\\/\\\/dorogimedence.hu\\\/#website\"},\"primaryImageOfPage\":{\"@id\":\"https:\\\/\\\/dorogimedence.hu\\\/index.php\\\/2022\\\/06\\\/03\\\/uj-szakmai-igazgatoja-lett-a-dorogi-fc-nek\\\/#primaryimage\"},\"image\":{\"@id\":\"https:\\\/\\\/dorogimedence.hu\\\/index.php\\\/2022\\\/06\\\/03\\\/uj-szakmai-igazgatoja-lett-a-dorogi-fc-nek\\\/#primaryimage\"},\"thumbnailUrl\":\"https:\\\/\\\/dorogimedence.hu\\\/wp-content\\\/uploads\\\/2022\\\/06\\\/bene-ferenc.jpg\",\"datePublished\":\"2022-06-03T05:11:43+00:00\",\"breadcrumb\":{\"@id\":\"https:\\\/\\\/dorogimedence.hu\\\/index.php\\\/2022\\\/06\\\/03\\\/uj-szakmai-igazgatoja-lett-a-dorogi-fc-nek\\\/#breadcrumb\"},\"inLanguage\":\"hu\",\"potentialAction\":[{\"@type\":\"ReadAction\",\"target\":[\"https:\\\/\\\/dorogimedence.hu\\\/index.php\\\/2022\\\/06\\\/03\\\/uj-szakmai-igazgatoja-lett-a-dorogi-fc-nek\\\/\"]}]},{\"@type\":\"ImageObject\",\"inLanguage\":\"hu\",\"@id\":\"https:\\\/\\\/dorogimedence.hu\\\/index.php\\\/2022\\\/06\\\/03\\\/uj-szakmai-igazgatoja-lett-a-dorogi-fc-nek\\\/#primaryimage\",\"url\":\"https:\\\/\\\/dorogimedence.hu\\\/wp-content\\\/uploads\\\/2022\\\/06\\\/bene-ferenc.jpg\",\"contentUrl\":\"https:\\\/\\\/dorogimedence.hu\\\/wp-content\\\/uploads\\\/2022\\\/06\\\/bene-ferenc.jpg\",\"width\":1920,\"height\":1193},{\"@type\":\"BreadcrumbList\",\"@id\":\"https:\\\/\\\/dorogimedence.hu\\\/index.php\\\/2022\\\/06\\\/03\\\/uj-szakmai-igazgatoja-lett-a-dorogi-fc-nek\\\/#breadcrumb\",\"itemListElement\":[{\"@type\":\"ListItem\",\"position\":1,\"name\":\"Kezd\u0151lap\",\"item\":\"https:\\\/\\\/dorogimedence.hu\\\/\"},{\"@type\":\"ListItem\",\"position\":2,\"name\":\"\u00daj szakmai igazgat\u00f3ja lett a Dorogi FC-nek\"}]},{\"@type\":\"WebSite\",\"@id\":\"https:\\\/\\\/dorogimedence.hu\\\/#website\",\"url\":\"https:\\\/\\\/dorogimedence.hu\\\/\",\"name\":\"Dorogi-medence Region\u00e1lis H\u00edrport\u00e1l\",\"description\":\"Dorog, Keszt\u00f6lc, Le\u00e1nyv\u00e1r, Piliscs\u00e9v, Tokod, Tokodalt\u00e1r\u00f3, Csolnok, Esztergom-kertv\u00e1ros: h\u00edrek, programok\",\"publisher\":{\"@id\":\"https:\\\/\\\/dorogimedence.hu\\\/#organization\"},\"potentialAction\":[{\"@type\":\"SearchAction\",\"target\":{\"@type\":\"EntryPoint\",\"urlTemplate\":\"https:\\\/\\\/dorogimedence.hu\\\/?s={search_term_string}\"},\"query-input\":{\"@type\":\"PropertyValueSpecification\",\"valueRequired\":true,\"valueName\":\"search_term_string\"}}],\"inLanguage\":\"hu\"},{\"@type\":\"Organization\",\"@id\":\"https:\\\/\\\/dorogimedence.hu\\\/#organization\",\"name\":\"Dorogi-medence Region\u00e1lis H\u00edrport\u00e1l\",\"url\":\"https:\\\/\\\/dorogimedence.hu\\\/\",\"logo\":{\"@type\":\"ImageObject\",\"inLanguage\":\"hu\",\"@id\":\"https:\\\/\\\/dorogimedence.hu\\\/#\\\/schema\\\/logo\\\/image\\\/\",\"url\":\"https:\\\/\\\/dorogimedence.hu\\\/wp-content\\\/uploads\\\/2021\\\/04\\\/logo-feher-600.png\",\"contentUrl\":\"https:\\\/\\\/dorogimedence.hu\\\/wp-content\\\/uploads\\\/2021\\\/04\\\/logo-feher-600.png\",\"width\":600,\"height\":100,\"caption\":\"Dorogi-medence Region\u00e1lis H\u00edrport\u00e1l\"},\"image\":{\"@id\":\"https:\\\/\\\/dorogimedence.hu\\\/#\\\/schema\\\/logo\\\/image\\\/\"},\"sameAs\":[\"https:\\\/\\\/www.facebook.com\\\/dorogimedence\\\/\"]},{\"@type\":\"Person\",\"@id\":\"https:\\\/\\\/dorogimedence.hu\\\/#\\\/schema\\\/person\\\/ce6091eeb7e95ecdc87890d6aa8e0fd4\",\"name\":\"dorogimedence.hu\",\"image\":{\"@type\":\"ImageObject\",\"inLanguage\":\"hu\",\"@id\":\"\\\/\\\/www.gravatar.com\\\/avatar\\\/d8d45f8901aadff40a4af72c0b826f1d?s=96&#038;r=g&#038;d=mm\",\"url\":\"\\\/\\\/www.gravatar.com\\\/avatar\\\/d8d45f8901aadff40a4af72c0b826f1d?s=96&#038;r=g&#038;d=mm\",\"contentUrl\":\"\\\/\\\/www.gravatar.com\\\/avatar\\\/d8d45f8901aadff40a4af72c0b826f1d?s=96&#038;r=g&#038;d=mm\",\"caption\":\"dorogimedence.hu\"}}]}<\/script>\n<!-- \/ Yoast SEO plugin. -->","yoast_head_json":{"title":"\u00daj szakmai igazgat\u00f3ja lett a Dorogi FC-nek","robots":{"index":"index","follow":"follow","max-snippet":"max-snippet:-1","max-image-preview":"max-image-preview:large","max-video-preview":"max-video-preview:-1"},"canonical":"https:\/\/dorogimedence.hu\/index.php\/2022\/06\/03\/uj-szakmai-igazgatoja-lett-a-dorogi-fc-nek\/","og_locale":"hu_HU","og_type":"article","og_title":"\u00daj szakmai igazgat\u00f3ja lett a Dorogi FC-nek","og_description":"Ifj. Bene Ferenc lett a Dorogi FC szakmai igazgat\u00f3ja \u2013 sz\u00e1molt be r\u00f3la a klub honlapja, meg\u00edrv\u00e1n azt is, hogy t\u00e1vozik a csapatt\u00f3l Ny\u00edri Vince T\u00f3bi\u00e1s. Ny\u00edri Vince T\u00f3bi\u00e1s, a 20 \u00e9ves jobbh\u00e1tv\u00e9d 2019 nyar\u00e1n \u00e9rkezett Dorogra az Ill\u00e9s Akad\u00e9mi\u00e1t\u00f3l, az elm\u00falt h\u00e1rom bajnoki id\u00e9nyben 85 alkalommal l\u00e9pett p\u00e1ly\u00e1ra az egy\u00fcttesben, \u00e9s n\u00e9gy g\u00f3lt szerzett.","og_url":"https:\/\/dorogimedence.hu\/index.php\/2022\/06\/03\/uj-szakmai-igazgatoja-lett-a-dorogi-fc-nek\/","og_site_name":"Dorogi-medence Region\u00e1lis H\u00edrport\u00e1l","article_publisher":"https:\/\/www.facebook.com\/dorogimedence\/","article_published_time":"2022-06-03T05:11:43+00:00","og_image":[{"width":1920,"height":1193,"url":"https:\/\/i0.wp.com\/dorogimedence.hu\/wp-content\/uploads\/2022\/06\/bene-ferenc.jpg?fit=1920%2C1193&ssl=1","type":"image\/jpeg"}],"author":"dorogimedence.hu","twitter_card":"summary_large_image","twitter_misc":{"Szerz\u0151:":"dorogimedence.hu","Becs\u00fclt olvas\u00e1si id\u0151":"1 perc"},"schema":{"@context":"https:\/\/schema.org","@graph":[{"@type":"Article","@id":"https:\/\/dorogimedence.hu\/index.php\/2022\/06\/03\/uj-szakmai-igazgatoja-lett-a-dorogi-fc-nek\/#article","isPartOf":{"@id":"https:\/\/dorogimedence.hu\/index.php\/2022\/06\/03\/uj-szakmai-igazgatoja-lett-a-dorogi-fc-nek\/"},"author":{"name":"dorogimedence.hu","@id":"https:\/\/dorogimedence.hu\/#\/schema\/person\/ce6091eeb7e95ecdc87890d6aa8e0fd4"},"headline":"\u00daj szakmai igazgat\u00f3ja lett a Dorogi FC-nek","datePublished":"2022-06-03T05:11:43+00:00","mainEntityOfPage":{"@id":"https:\/\/dorogimedence.hu\/index.php\/2022\/06\/03\/uj-szakmai-igazgatoja-lett-a-dorogi-fc-nek\/"},"wordCount":262,"publisher":{"@id":"https:\/\/dorogimedence.hu\/#organization"},"image":{"@id":"https:\/\/dorogimedence.hu\/index.php\/2022\/06\/03\/uj-szakmai-igazgatoja-lett-a-dorogi-fc-nek\/#primaryimage"},"thumbnailUrl":"https:\/\/dorogimedence.hu\/wp-content\/uploads\/2022\/06\/bene-ferenc.jpg","keywords":["Dorog","Dorogi FC","foci","futball","labdar\u00fag\u00e1s","NB II","sport"],"articleSection":["Dorog","H\u00edrek","Sport"],"inLanguage":"hu"},{"@type":"WebPage","@id":"https:\/\/dorogimedence.hu\/index.php\/2022\/06\/03\/uj-szakmai-igazgatoja-lett-a-dorogi-fc-nek\/","url":"https:\/\/dorogimedence.hu\/index.php\/2022\/06\/03\/uj-szakmai-igazgatoja-lett-a-dorogi-fc-nek\/","name":"\u00daj szakmai igazgat\u00f3ja lett a Dorogi FC-nek","isPartOf":{"@id":"https:\/\/dorogimedence.hu\/#website"},"primaryImageOfPage":{"@id":"https:\/\/dorogimedence.hu\/index.php\/2022\/06\/03\/uj-szakmai-igazgatoja-lett-a-dorogi-fc-nek\/#primaryimage"},"image":{"@id":"https:\/\/dorogimedence.hu\/index.php\/2022\/06\/03\/uj-szakmai-igazgatoja-lett-a-dorogi-fc-nek\/#primaryimage"},"thumbnailUrl":"https:\/\/dorogimedence.hu\/wp-content\/uploads\/2022\/06\/bene-ferenc.jpg","datePublished":"2022-06-03T05:11:43+00:00","breadcrumb":{"@id":"https:\/\/dorogimedence.hu\/index.php\/2022\/06\/03\/uj-szakmai-igazgatoja-lett-a-dorogi-fc-nek\/#breadcrumb"},"inLanguage":"hu","potentialAction":[{"@type":"ReadAction","target":["https:\/\/dorogimedence.hu\/index.php\/2022\/06\/03\/uj-szakmai-igazgatoja-lett-a-dorogi-fc-nek\/"]}]},{"@type":"ImageObject","inLanguage":"hu","@id":"https:\/\/dorogimedence.hu\/index.php\/2022\/06\/03\/uj-szakmai-igazgatoja-lett-a-dorogi-fc-nek\/#primaryimage","url":"https:\/\/dorogimedence.hu\/wp-content\/uploads\/2022\/06\/bene-ferenc.jpg","contentUrl":"https:\/\/dorogimedence.hu\/wp-content\/uploads\/2022\/06\/bene-ferenc.jpg","width":1920,"height":1193},{"@type":"BreadcrumbList","@id":"https:\/\/dorogimedence.hu\/index.php\/2022\/06\/03\/uj-szakmai-igazgatoja-lett-a-dorogi-fc-nek\/#breadcrumb","itemListElement":[{"@type":"ListItem","position":1,"name":"Kezd\u0151lap","item":"https:\/\/dorogimedence.hu\/"},{"@type":"ListItem","position":2,"name":"\u00daj szakmai igazgat\u00f3ja lett a Dorogi FC-nek"}]},{"@type":"WebSite","@id":"https:\/\/dorogimedence.hu\/#website","url":"https:\/\/dorogimedence.hu\/","name":"Dorogi-medence Region\u00e1lis H\u00edrport\u00e1l","description":"Dorog, Keszt\u00f6lc, Le\u00e1nyv\u00e1r, Piliscs\u00e9v, Tokod, Tokodalt\u00e1r\u00f3, Csolnok, Esztergom-kertv\u00e1ros: h\u00edrek, programok","publisher":{"@id":"https:\/\/dorogimedence.hu\/#organization"},"potentialAction":[{"@type":"SearchAction","target":{"@type":"EntryPoint","urlTemplate":"https:\/\/dorogimedence.hu\/?s={search_term_string}"},"query-input":{"@type":"PropertyValueSpecification","valueRequired":true,"valueName":"search_term_string"}}],"inLanguage":"hu"},{"@type":"Organization","@id":"https:\/\/dorogimedence.hu\/#organization","name":"Dorogi-medence Region\u00e1lis H\u00edrport\u00e1l","url":"https:\/\/dorogimedence.hu\/","logo":{"@type":"ImageObject","inLanguage":"hu","@id":"https:\/\/dorogimedence.hu\/#\/schema\/logo\/image\/","url":"https:\/\/dorogimedence.hu\/wp-content\/uploads\/2021\/04\/logo-feher-600.png","contentUrl":"https:\/\/dorogimedence.hu\/wp-content\/uploads\/2021\/04\/logo-feher-600.png","width":600,"height":100,"caption":"Dorogi-medence Region\u00e1lis H\u00edrport\u00e1l"},"image":{"@id":"https:\/\/dorogimedence.hu\/#\/schema\/logo\/image\/"},"sameAs":["https:\/\/www.facebook.com\/dorogimedence\/"]},{"@type":"Person","@id":"https:\/\/dorogimedence.hu\/#\/schema\/person\/ce6091eeb7e95ecdc87890d6aa8e0fd4","name":"dorogimedence.hu","image":{"@type":"ImageObject","inLanguage":"hu","@id":"\/\/www.gravatar.com\/avatar\/d8d45f8901aadff40a4af72c0b826f1d?s=96&#038;r=g&#038;d=mm","url":"\/\/www.gravatar.com\/avatar\/d8d45f8901aadff40a4af72c0b826f1d?s=96&#038;r=g&#038;d=mm","contentUrl":"\/\/www.gravatar.com\/avatar\/d8d45f8901aadff40a4af72c0b826f1d?s=96&#038;r=g&#038;d=mm","caption":"dorogimedence.hu"}}]}},"_links":{"self":[{"href":"https:\/\/dorogimedence.hu\/index.php\/wp-json\/wp\/v2\/posts\/43351","targetHints":{"allow":["GET"]}}],"collection":[{"href":"https:\/\/dorogimedence.hu\/index.php\/wp-json\/wp\/v2\/posts"}],"about":[{"href":"https:\/\/dorogimedence.hu\/index.php\/wp-json\/wp\/v2\/types\/post"}],"author":[{"embeddable":true,"href":"https:\/\/dorogimedence.hu\/index.php\/wp-json\/wp\/v2\/users\/1"}],"replies":[{"embeddable":true,"href":"https:\/\/dorogimedence.hu\/index.php\/wp-json\/wp\/v2\/comments?post=43351"}],"version-history":[{"count":0,"href":"https:\/\/dorogimedence.hu\/index.php\/wp-json\/wp\/v2\/posts\/43351\/revisions"}],"wp:featuredmedia":[{"embeddable":true,"href":"https:\/\/dorogimedence.hu\/index.php\/wp-json\/wp\/v2\/media\/43352"}],"wp:attachment":[{"href":"https:\/\/dorogimedence.hu\/index.php\/wp-json\/wp\/v2\/media?parent=43351"}],"wp:term":[{"taxonomy":"category","embeddable":true,"href":"https:\/\/dorogimedence.hu\/index.php\/wp-json\/wp\/v2\/categories?post=43351"},{"taxonomy":"post_tag","embeddable":true,"href":"https:\/\/dorogimedence.hu\/index.php\/wp-json\/wp\/v2\/tags?post=43351"}],"curies":[{"name":"wp","href":"https:\/\/api.w.org\/{rel}","templated":true}]}}