{"id":43260,"date":"2022-05-31T10:50:57","date_gmt":"2022-05-31T08:50:57","guid":{"rendered":"https:\/\/dorogimedence.hu\/?p=43260"},"modified":"2022-05-31T10:51:23","modified_gmt":"2022-05-31T08:51:23","slug":"simaszkkal-alcaztak-magukat-a-tolvajok","status":"publish","type":"post","link":"https:\/\/dorogimedence.hu\/index.php\/2022\/05\/31\/simaszkkal-alcaztak-magukat-a-tolvajok\/","title":{"rendered":"S\u00edmaszkkal \u00e1lc\u00e1zt\u00e1k magukat a tolvajok"},"content":{"rendered":"<p><strong>Az Esztergomi J\u00e1r\u00e1si \u00dcgy\u00e9szs\u00e9g v\u00e1diratot ny\u00fajtott be n\u00e9gy f\u00e9rfival szemben, akik k\u00f6z\u00fcl ketten a lop\u00e1s elk\u00f6vet\u00e9sekor s\u00edmaszkban m\u00e1sztak be az esztergomi \u00fczembe.<\/strong><\/p>\n<p>A v\u00e1dirat szerint h\u00e1rom f\u00e9rfi az esztergomi \u00fczemb\u0151l aut\u00f3gy\u00e1rt\u00e1shoz haszn\u00e1lt szelepeket lopott 2019. november 2-\u00e1n az esti \u00f3r\u00e1kban. Mindannyian s\u00f6t\u00e9t ruh\u00e1zatot, saj\u00e1t k\u00e9sz\u00edt\u00e9s\u0171 s\u00edmaszkot, valamint kapucnit viseltek. A gy\u00e1rat k\u00f6r\u00fclvev\u0151 ker\u00edt\u00e9st k\u00e9t elk\u00f6vet\u0151 cs\u00edp\u0151fog\u00f3val \u00e1tv\u00e1gta. A f\u00e9rfiak a ker\u00edt\u00e9sen keletkezett r\u00e9sen kereszt\u00fcl bejutottak a telephelyre, majd a ker\u00e9kszerel\u0151 \u00fczem \u00e9tkez\u0151j\u00e9nek ablak\u00e1t egyik\u00fck egy k\u0151vel bet\u00f6rte. Az \u00e9p\u00fcletbe k\u00e9t f\u00e9rfi m\u00e1szott be, ut\u00f3bbi \u00fagy, hogy az els\u0151nek bejut\u00f3 elk\u00f6vet\u0151 az ablakon kiadott egy sz\u00e9ket, amelyet az ablak al\u00e1 \u00e1ll\u00edtottak, hogy a nagyobb s\u00faly\u00fa t\u00e1rsa&nbsp;is be tudjon m\u00e1szni az ablakon kereszt\u00fcl. &nbsp;Egy f\u00e9rfi az \u00e9p\u00fcleten k\u00edv\u00fcl maradt, figyel\u00e9ssel biztos\u00edtotta t\u00e1rsai tev\u00e9kenys\u00e9g\u00e9t. Az \u00e9p\u00fcleten bel\u00fcl az egyik f\u00e9rfi l\u00e9tra seg\u00edts\u00e9g\u00e9vel felm\u00e1szott a polcrendszer fels\u0151 r\u00e9sz\u00e9re, \u00e9s az ott tal\u00e1lhat\u00f3 dobozok k\u00f6z\u00fcl t\u00f6bbet leadott a t\u00e1rs\u00e1nak, egy-egy doboz szelepet pedig mag\u00e1hoz vett, \u00e9s mindketten a kit\u00f6rt ablakhoz mentek, a dobozokat a p\u00e1rk\u00e1nyra tett\u00e9k. Az elk\u00f6vet\u0151k a dobozokat elrejtett\u00e9k a ker\u00edt\u00e9s melletti bokrok k\u00f6z\u00e9, ahonnan&nbsp;g\u00e9pkocsival vitt\u00e9k el az \u00f6sszesen 2.825.503 Ft \u00e9rt\u00e9k\u0171 szelepeket, a lop\u00e1ssal okozott k\u00e1r az elj\u00e1r\u00e1s sor\u00e1n megt\u00e9r\u00fclt.<\/p>\n<p>A lopott szelepek egy r\u00e9sz\u00e9t a tolvajok egy negyedik, az \u00fcgy\u00e9szs\u00e9g \u00e1ltal p\u00e9nzmos\u00e1s b\u0171ntett\u00e9vel v\u00e1dolt f\u00e9rfinak \u00e9rt\u00e9kes\u00edtett\u00e9k.<\/p>\n<p>A lop\u00e1st megel\u0151z\u0151en az egyik elk\u00f6vet\u0151, aki a s\u00e9rtett c\u00e9g munkav\u00e1llal\u00f3ja volt, az ismeretlen elk\u00f6vet\u0151 \u00e1ltal ellopott 600 darab, \u00f6sszesen 1.053.600 Ft \u00e9rt\u00e9k\u0171&nbsp;szelepeket megszerezte, \u00e9s tizen\u00f6t alkalommal, \u00f6sszesen 900.000 Ft-\u00e9rt \u00e9rt\u00e9kes\u00edtette annak a f\u00e9rfinak, aki a bet\u00f6r\u00e9sb\u0151l sz\u00e1rmaz\u00f3 szelepek egy r\u00e9sz\u00e9t is megvette.<\/p>\n<p>Az \u00fcgy\u00e9szs\u00e9g a v\u00e1diratban arra tett ind\u00edtv\u00e1nyt, hogy az Esztergomi J\u00e1r\u00e1si \u00dcgy\u00e9szs\u00e9g az elk\u00f6vet\u0151ket v\u00e9grehajt\u00e1s\u00e1ban felf\u00fcggesztett b\u00f6rt\u00f6nb\u00fcntet\u00e9sre, \u00e9s p\u00e9nzb\u00fcntet\u00e9sre \u00edt\u00e9lje, a pr\u00f3baid\u0151 tartam\u00e1ra rendelje el mind a n\u00e9gy f\u00e9rfi p\u00e1rtfog\u00f3 fel\u00fcgyelet\u00e9t, k\u00e9t f\u00e9rfit egyar\u00e1nt 120.000 Ft a harmadik f\u00e9rfit 100.000 Ft, a negyedik f\u00e9rfit 560.000 Ft vagyonelkobz\u00e1ssal s\u00fajtsa.<\/p>\n<p><iframe title=\"S\u00edmaszkban loptak\" width=\"755\" height=\"425\" src=\"https:\/\/www.youtube.com\/embed\/sRklsJqFhmw?feature=oembed\" frameborder=\"0\" allow=\"accelerometer; autoplay; clipboard-write; encrypted-media; gyroscope; picture-in-picture; web-share\" referrerpolicy=\"strict-origin-when-cross-origin\" allowfullscreen><\/iframe><\/p>\n<p><em>Fot\u00f3, forr\u00e1s: Kom\u00e1rom-Esztergom Megyei F\u0151\u00fcgy\u00e9szs\u00e9g<\/em><\/p>\n","protected":false},"excerpt":{"rendered":"<p>Az Esztergomi J\u00e1r\u00e1si \u00dcgy\u00e9szs\u00e9g v\u00e1diratot ny\u00fajtott be n\u00e9gy f\u00e9rfival szemben, akik k\u00f6z\u00fcl ketten a lop\u00e1s elk\u00f6vet\u00e9sekor s\u00edmaszkban m\u00e1sztak be az esztergomi \u00fczembe. A v\u00e1dirat szerint h\u00e1rom f\u00e9rfi az esztergomi \u00fczemb\u0151l aut\u00f3gy\u00e1rt\u00e1shoz haszn\u00e1lt szelepeket lopott 2019. november 2-\u00e1n az esti \u00f3r\u00e1kban. Mindannyian s\u00f6t\u00e9t ruh\u00e1zatot, saj\u00e1t k\u00e9sz\u00edt\u00e9s\u0171 s\u00edmaszkot, valamint kapucnit viseltek. A gy\u00e1rat k\u00f6r\u00fclvev\u0151 ker\u00edt\u00e9st k\u00e9t elk\u00f6vet\u0151<\/p>\n","protected":false},"author":1,"featured_media":43261,"comment_status":"closed","ping_status":"closed","sticky":false,"template":"","format":"standard","meta":{"ngg_post_thumbnail":0,"footnotes":""},"categories":[38,3,39],"tags":[1042,63,447,61,326],"class_list":{"0":"post-43260","1":"post","2":"type-post","3":"status-publish","4":"format-standard","5":"has-post-thumbnail","7":"category-esztergom","8":"category-hirek","9":"category-kek-hirek","10":"tag-birosag","11":"tag-buncselekmeny","12":"tag-lopas","13":"tag-rendorsegi-hirek","14":"tag-ugyeszseg"},"yoast_head":"<!-- This site is optimized with the Yoast SEO plugin v27.5 - https:\/\/yoast.com\/product\/yoast-seo-wordpress\/ -->\n<title>S\u00edmaszkkal \u00e1lc\u00e1zt\u00e1k magukat a tolvajok<\/title>\n<meta name=\"robots\" content=\"index, follow, max-snippet:-1, max-image-preview:large, max-video-preview:-1\" \/>\n<link rel=\"canonical\" href=\"https:\/\/dorogimedence.hu\/index.php\/2022\/05\/31\/simaszkkal-alcaztak-magukat-a-tolvajok\/\" class=\"yoast-seo-meta-tag\" \/>\n<meta property=\"og:locale\" content=\"hu_HU\" class=\"yoast-seo-meta-tag\" \/>\n<meta property=\"og:type\" content=\"article\" class=\"yoast-seo-meta-tag\" \/>\n<meta property=\"og:title\" content=\"S\u00edmaszkkal \u00e1lc\u00e1zt\u00e1k magukat a tolvajok\" class=\"yoast-seo-meta-tag\" \/>\n<meta property=\"og:description\" content=\"Az Esztergomi J\u00e1r\u00e1si \u00dcgy\u00e9szs\u00e9g v\u00e1diratot ny\u00fajtott be n\u00e9gy f\u00e9rfival szemben, akik k\u00f6z\u00fcl ketten a lop\u00e1s elk\u00f6vet\u00e9sekor s\u00edmaszkban m\u00e1sztak be az esztergomi \u00fczembe. A v\u00e1dirat szerint h\u00e1rom f\u00e9rfi az esztergomi \u00fczemb\u0151l aut\u00f3gy\u00e1rt\u00e1shoz haszn\u00e1lt szelepeket lopott 2019. november 2-\u00e1n az esti \u00f3r\u00e1kban. Mindannyian s\u00f6t\u00e9t ruh\u00e1zatot, saj\u00e1t k\u00e9sz\u00edt\u00e9s\u0171 s\u00edmaszkot, valamint kapucnit viseltek. A gy\u00e1rat k\u00f6r\u00fclvev\u0151 ker\u00edt\u00e9st k\u00e9t elk\u00f6vet\u0151\" class=\"yoast-seo-meta-tag\" \/>\n<meta property=\"og:url\" content=\"https:\/\/dorogimedence.hu\/index.php\/2022\/05\/31\/simaszkkal-alcaztak-magukat-a-tolvajok\/\" class=\"yoast-seo-meta-tag\" \/>\n<meta property=\"og:site_name\" content=\"Dorogi-medence Region\u00e1lis H\u00edrport\u00e1l\" class=\"yoast-seo-meta-tag\" \/>\n<meta property=\"article:publisher\" content=\"https:\/\/www.facebook.com\/dorogimedence\/\" class=\"yoast-seo-meta-tag\" \/>\n<meta property=\"article:published_time\" content=\"2022-05-31T08:50:57+00:00\" class=\"yoast-seo-meta-tag\" \/>\n<meta property=\"article:modified_time\" content=\"2022-05-31T08:51:23+00:00\" class=\"yoast-seo-meta-tag\" \/>\n<meta property=\"og:image\" content=\"https:\/\/i0.wp.com\/dorogimedence.hu\/wp-content\/uploads\/2022\/05\/lopas-esztergom.jpg?fit=1358%2C760&ssl=1\" class=\"yoast-seo-meta-tag\" \/>\n\t<meta property=\"og:image:width\" content=\"1358\" class=\"yoast-seo-meta-tag\" \/>\n\t<meta property=\"og:image:height\" content=\"760\" class=\"yoast-seo-meta-tag\" \/>\n\t<meta property=\"og:image:type\" content=\"image\/jpeg\" class=\"yoast-seo-meta-tag\" \/>\n<meta name=\"author\" content=\"dorogimedence.hu\" class=\"yoast-seo-meta-tag\" \/>\n<meta name=\"twitter:card\" content=\"summary_large_image\" class=\"yoast-seo-meta-tag\" \/>\n<meta name=\"twitter:label1\" content=\"Szerz\u0151:\" class=\"yoast-seo-meta-tag\" \/>\n\t<meta name=\"twitter:data1\" content=\"dorogimedence.hu\" class=\"yoast-seo-meta-tag\" \/>\n\t<meta name=\"twitter:label2\" content=\"Becs\u00fclt olvas\u00e1si id\u0151\" class=\"yoast-seo-meta-tag\" \/>\n\t<meta name=\"twitter:data2\" content=\"2 perc\" class=\"yoast-seo-meta-tag\" \/>\n<script type=\"application\/ld+json\" class=\"yoast-schema-graph\">{\"@context\":\"https:\\\/\\\/schema.org\",\"@graph\":[{\"@type\":\"Article\",\"@id\":\"https:\\\/\\\/dorogimedence.hu\\\/index.php\\\/2022\\\/05\\\/31\\\/simaszkkal-alcaztak-magukat-a-tolvajok\\\/#article\",\"isPartOf\":{\"@id\":\"https:\\\/\\\/dorogimedence.hu\\\/index.php\\\/2022\\\/05\\\/31\\\/simaszkkal-alcaztak-magukat-a-tolvajok\\\/\"},\"author\":{\"name\":\"dorogimedence.hu\",\"@id\":\"https:\\\/\\\/dorogimedence.hu\\\/#\\\/schema\\\/person\\\/ce6091eeb7e95ecdc87890d6aa8e0fd4\"},\"headline\":\"S\u00edmaszkkal \u00e1lc\u00e1zt\u00e1k magukat a tolvajok\",\"datePublished\":\"2022-05-31T08:50:57+00:00\",\"dateModified\":\"2022-05-31T08:51:23+00:00\",\"mainEntityOfPage\":{\"@id\":\"https:\\\/\\\/dorogimedence.hu\\\/index.php\\\/2022\\\/05\\\/31\\\/simaszkkal-alcaztak-magukat-a-tolvajok\\\/\"},\"wordCount\":507,\"publisher\":{\"@id\":\"https:\\\/\\\/dorogimedence.hu\\\/#organization\"},\"image\":{\"@id\":\"https:\\\/\\\/dorogimedence.hu\\\/index.php\\\/2022\\\/05\\\/31\\\/simaszkkal-alcaztak-magukat-a-tolvajok\\\/#primaryimage\"},\"thumbnailUrl\":\"https:\\\/\\\/dorogimedence.hu\\\/wp-content\\\/uploads\\\/2022\\\/05\\\/lopas-esztergom.jpg\",\"keywords\":[\"b\u00edr\u00f3s\u00e1g\",\"b\u0171ncselekm\u00e9ny\",\"lop\u00e1s\",\"rend\u0151rs\u00e9gi h\u00edrek\",\"\u00fcgy\u00e9szs\u00e9g\"],\"articleSection\":[\"Esztergom\",\"H\u00edrek\",\"K\u00e9k h\u00edrek\"],\"inLanguage\":\"hu\"},{\"@type\":\"WebPage\",\"@id\":\"https:\\\/\\\/dorogimedence.hu\\\/index.php\\\/2022\\\/05\\\/31\\\/simaszkkal-alcaztak-magukat-a-tolvajok\\\/\",\"url\":\"https:\\\/\\\/dorogimedence.hu\\\/index.php\\\/2022\\\/05\\\/31\\\/simaszkkal-alcaztak-magukat-a-tolvajok\\\/\",\"name\":\"S\u00edmaszkkal \u00e1lc\u00e1zt\u00e1k magukat a tolvajok\",\"isPartOf\":{\"@id\":\"https:\\\/\\\/dorogimedence.hu\\\/#website\"},\"primaryImageOfPage\":{\"@id\":\"https:\\\/\\\/dorogimedence.hu\\\/index.php\\\/2022\\\/05\\\/31\\\/simaszkkal-alcaztak-magukat-a-tolvajok\\\/#primaryimage\"},\"image\":{\"@id\":\"https:\\\/\\\/dorogimedence.hu\\\/index.php\\\/2022\\\/05\\\/31\\\/simaszkkal-alcaztak-magukat-a-tolvajok\\\/#primaryimage\"},\"thumbnailUrl\":\"https:\\\/\\\/dorogimedence.hu\\\/wp-content\\\/uploads\\\/2022\\\/05\\\/lopas-esztergom.jpg\",\"datePublished\":\"2022-05-31T08:50:57+00:00\",\"dateModified\":\"2022-05-31T08:51:23+00:00\",\"breadcrumb\":{\"@id\":\"https:\\\/\\\/dorogimedence.hu\\\/index.php\\\/2022\\\/05\\\/31\\\/simaszkkal-alcaztak-magukat-a-tolvajok\\\/#breadcrumb\"},\"inLanguage\":\"hu\",\"potentialAction\":[{\"@type\":\"ReadAction\",\"target\":[\"https:\\\/\\\/dorogimedence.hu\\\/index.php\\\/2022\\\/05\\\/31\\\/simaszkkal-alcaztak-magukat-a-tolvajok\\\/\"]}]},{\"@type\":\"ImageObject\",\"inLanguage\":\"hu\",\"@id\":\"https:\\\/\\\/dorogimedence.hu\\\/index.php\\\/2022\\\/05\\\/31\\\/simaszkkal-alcaztak-magukat-a-tolvajok\\\/#primaryimage\",\"url\":\"https:\\\/\\\/dorogimedence.hu\\\/wp-content\\\/uploads\\\/2022\\\/05\\\/lopas-esztergom.jpg\",\"contentUrl\":\"https:\\\/\\\/dorogimedence.hu\\\/wp-content\\\/uploads\\\/2022\\\/05\\\/lopas-esztergom.jpg\",\"width\":1358,\"height\":760},{\"@type\":\"BreadcrumbList\",\"@id\":\"https:\\\/\\\/dorogimedence.hu\\\/index.php\\\/2022\\\/05\\\/31\\\/simaszkkal-alcaztak-magukat-a-tolvajok\\\/#breadcrumb\",\"itemListElement\":[{\"@type\":\"ListItem\",\"position\":1,\"name\":\"Kezd\u0151lap\",\"item\":\"https:\\\/\\\/dorogimedence.hu\\\/\"},{\"@type\":\"ListItem\",\"position\":2,\"name\":\"S\u00edmaszkkal \u00e1lc\u00e1zt\u00e1k magukat a tolvajok\"}]},{\"@type\":\"WebSite\",\"@id\":\"https:\\\/\\\/dorogimedence.hu\\\/#website\",\"url\":\"https:\\\/\\\/dorogimedence.hu\\\/\",\"name\":\"Dorogi-medence Region\u00e1lis H\u00edrport\u00e1l\",\"description\":\"Dorog, Keszt\u00f6lc, Le\u00e1nyv\u00e1r, Piliscs\u00e9v, Tokod, Tokodalt\u00e1r\u00f3, Csolnok, Esztergom-kertv\u00e1ros: h\u00edrek, programok\",\"publisher\":{\"@id\":\"https:\\\/\\\/dorogimedence.hu\\\/#organization\"},\"potentialAction\":[{\"@type\":\"SearchAction\",\"target\":{\"@type\":\"EntryPoint\",\"urlTemplate\":\"https:\\\/\\\/dorogimedence.hu\\\/?s={search_term_string}\"},\"query-input\":{\"@type\":\"PropertyValueSpecification\",\"valueRequired\":true,\"valueName\":\"search_term_string\"}}],\"inLanguage\":\"hu\"},{\"@type\":\"Organization\",\"@id\":\"https:\\\/\\\/dorogimedence.hu\\\/#organization\",\"name\":\"Dorogi-medence Region\u00e1lis H\u00edrport\u00e1l\",\"url\":\"https:\\\/\\\/dorogimedence.hu\\\/\",\"logo\":{\"@type\":\"ImageObject\",\"inLanguage\":\"hu\",\"@id\":\"https:\\\/\\\/dorogimedence.hu\\\/#\\\/schema\\\/logo\\\/image\\\/\",\"url\":\"https:\\\/\\\/dorogimedence.hu\\\/wp-content\\\/uploads\\\/2021\\\/04\\\/logo-feher-600.png\",\"contentUrl\":\"https:\\\/\\\/dorogimedence.hu\\\/wp-content\\\/uploads\\\/2021\\\/04\\\/logo-feher-600.png\",\"width\":600,\"height\":100,\"caption\":\"Dorogi-medence Region\u00e1lis H\u00edrport\u00e1l\"},\"image\":{\"@id\":\"https:\\\/\\\/dorogimedence.hu\\\/#\\\/schema\\\/logo\\\/image\\\/\"},\"sameAs\":[\"https:\\\/\\\/www.facebook.com\\\/dorogimedence\\\/\"]},{\"@type\":\"Person\",\"@id\":\"https:\\\/\\\/dorogimedence.hu\\\/#\\\/schema\\\/person\\\/ce6091eeb7e95ecdc87890d6aa8e0fd4\",\"name\":\"dorogimedence.hu\",\"image\":{\"@type\":\"ImageObject\",\"inLanguage\":\"hu\",\"@id\":\"\\\/\\\/www.gravatar.com\\\/avatar\\\/d8d45f8901aadff40a4af72c0b826f1d?s=96&#038;r=g&#038;d=mm\",\"url\":\"\\\/\\\/www.gravatar.com\\\/avatar\\\/d8d45f8901aadff40a4af72c0b826f1d?s=96&#038;r=g&#038;d=mm\",\"contentUrl\":\"\\\/\\\/www.gravatar.com\\\/avatar\\\/d8d45f8901aadff40a4af72c0b826f1d?s=96&#038;r=g&#038;d=mm\",\"caption\":\"dorogimedence.hu\"}}]}<\/script>\n<!-- \/ Yoast SEO plugin. -->","yoast_head_json":{"title":"S\u00edmaszkkal \u00e1lc\u00e1zt\u00e1k magukat a tolvajok","robots":{"index":"index","follow":"follow","max-snippet":"max-snippet:-1","max-image-preview":"max-image-preview:large","max-video-preview":"max-video-preview:-1"},"canonical":"https:\/\/dorogimedence.hu\/index.php\/2022\/05\/31\/simaszkkal-alcaztak-magukat-a-tolvajok\/","og_locale":"hu_HU","og_type":"article","og_title":"S\u00edmaszkkal \u00e1lc\u00e1zt\u00e1k magukat a tolvajok","og_description":"Az Esztergomi J\u00e1r\u00e1si \u00dcgy\u00e9szs\u00e9g v\u00e1diratot ny\u00fajtott be n\u00e9gy f\u00e9rfival szemben, akik k\u00f6z\u00fcl ketten a lop\u00e1s elk\u00f6vet\u00e9sekor s\u00edmaszkban m\u00e1sztak be az esztergomi \u00fczembe. A v\u00e1dirat szerint h\u00e1rom f\u00e9rfi az esztergomi \u00fczemb\u0151l aut\u00f3gy\u00e1rt\u00e1shoz haszn\u00e1lt szelepeket lopott 2019. november 2-\u00e1n az esti \u00f3r\u00e1kban. Mindannyian s\u00f6t\u00e9t ruh\u00e1zatot, saj\u00e1t k\u00e9sz\u00edt\u00e9s\u0171 s\u00edmaszkot, valamint kapucnit viseltek. A gy\u00e1rat k\u00f6r\u00fclvev\u0151 ker\u00edt\u00e9st k\u00e9t elk\u00f6vet\u0151","og_url":"https:\/\/dorogimedence.hu\/index.php\/2022\/05\/31\/simaszkkal-alcaztak-magukat-a-tolvajok\/","og_site_name":"Dorogi-medence Region\u00e1lis H\u00edrport\u00e1l","article_publisher":"https:\/\/www.facebook.com\/dorogimedence\/","article_published_time":"2022-05-31T08:50:57+00:00","article_modified_time":"2022-05-31T08:51:23+00:00","og_image":[{"width":1358,"height":760,"url":"https:\/\/i0.wp.com\/dorogimedence.hu\/wp-content\/uploads\/2022\/05\/lopas-esztergom.jpg?fit=1358%2C760&ssl=1","type":"image\/jpeg"}],"author":"dorogimedence.hu","twitter_card":"summary_large_image","twitter_misc":{"Szerz\u0151:":"dorogimedence.hu","Becs\u00fclt olvas\u00e1si id\u0151":"2 perc"},"schema":{"@context":"https:\/\/schema.org","@graph":[{"@type":"Article","@id":"https:\/\/dorogimedence.hu\/index.php\/2022\/05\/31\/simaszkkal-alcaztak-magukat-a-tolvajok\/#article","isPartOf":{"@id":"https:\/\/dorogimedence.hu\/index.php\/2022\/05\/31\/simaszkkal-alcaztak-magukat-a-tolvajok\/"},"author":{"name":"dorogimedence.hu","@id":"https:\/\/dorogimedence.hu\/#\/schema\/person\/ce6091eeb7e95ecdc87890d6aa8e0fd4"},"headline":"S\u00edmaszkkal \u00e1lc\u00e1zt\u00e1k magukat a tolvajok","datePublished":"2022-05-31T08:50:57+00:00","dateModified":"2022-05-31T08:51:23+00:00","mainEntityOfPage":{"@id":"https:\/\/dorogimedence.hu\/index.php\/2022\/05\/31\/simaszkkal-alcaztak-magukat-a-tolvajok\/"},"wordCount":507,"publisher":{"@id":"https:\/\/dorogimedence.hu\/#organization"},"image":{"@id":"https:\/\/dorogimedence.hu\/index.php\/2022\/05\/31\/simaszkkal-alcaztak-magukat-a-tolvajok\/#primaryimage"},"thumbnailUrl":"https:\/\/dorogimedence.hu\/wp-content\/uploads\/2022\/05\/lopas-esztergom.jpg","keywords":["b\u00edr\u00f3s\u00e1g","b\u0171ncselekm\u00e9ny","lop\u00e1s","rend\u0151rs\u00e9gi h\u00edrek","\u00fcgy\u00e9szs\u00e9g"],"articleSection":["Esztergom","H\u00edrek","K\u00e9k h\u00edrek"],"inLanguage":"hu"},{"@type":"WebPage","@id":"https:\/\/dorogimedence.hu\/index.php\/2022\/05\/31\/simaszkkal-alcaztak-magukat-a-tolvajok\/","url":"https:\/\/dorogimedence.hu\/index.php\/2022\/05\/31\/simaszkkal-alcaztak-magukat-a-tolvajok\/","name":"S\u00edmaszkkal \u00e1lc\u00e1zt\u00e1k magukat a tolvajok","isPartOf":{"@id":"https:\/\/dorogimedence.hu\/#website"},"primaryImageOfPage":{"@id":"https:\/\/dorogimedence.hu\/index.php\/2022\/05\/31\/simaszkkal-alcaztak-magukat-a-tolvajok\/#primaryimage"},"image":{"@id":"https:\/\/dorogimedence.hu\/index.php\/2022\/05\/31\/simaszkkal-alcaztak-magukat-a-tolvajok\/#primaryimage"},"thumbnailUrl":"https:\/\/dorogimedence.hu\/wp-content\/uploads\/2022\/05\/lopas-esztergom.jpg","datePublished":"2022-05-31T08:50:57+00:00","dateModified":"2022-05-31T08:51:23+00:00","breadcrumb":{"@id":"https:\/\/dorogimedence.hu\/index.php\/2022\/05\/31\/simaszkkal-alcaztak-magukat-a-tolvajok\/#breadcrumb"},"inLanguage":"hu","potentialAction":[{"@type":"ReadAction","target":["https:\/\/dorogimedence.hu\/index.php\/2022\/05\/31\/simaszkkal-alcaztak-magukat-a-tolvajok\/"]}]},{"@type":"ImageObject","inLanguage":"hu","@id":"https:\/\/dorogimedence.hu\/index.php\/2022\/05\/31\/simaszkkal-alcaztak-magukat-a-tolvajok\/#primaryimage","url":"https:\/\/dorogimedence.hu\/wp-content\/uploads\/2022\/05\/lopas-esztergom.jpg","contentUrl":"https:\/\/dorogimedence.hu\/wp-content\/uploads\/2022\/05\/lopas-esztergom.jpg","width":1358,"height":760},{"@type":"BreadcrumbList","@id":"https:\/\/dorogimedence.hu\/index.php\/2022\/05\/31\/simaszkkal-alcaztak-magukat-a-tolvajok\/#breadcrumb","itemListElement":[{"@type":"ListItem","position":1,"name":"Kezd\u0151lap","item":"https:\/\/dorogimedence.hu\/"},{"@type":"ListItem","position":2,"name":"S\u00edmaszkkal \u00e1lc\u00e1zt\u00e1k magukat a tolvajok"}]},{"@type":"WebSite","@id":"https:\/\/dorogimedence.hu\/#website","url":"https:\/\/dorogimedence.hu\/","name":"Dorogi-medence Region\u00e1lis H\u00edrport\u00e1l","description":"Dorog, Keszt\u00f6lc, Le\u00e1nyv\u00e1r, Piliscs\u00e9v, Tokod, Tokodalt\u00e1r\u00f3, Csolnok, Esztergom-kertv\u00e1ros: h\u00edrek, programok","publisher":{"@id":"https:\/\/dorogimedence.hu\/#organization"},"potentialAction":[{"@type":"SearchAction","target":{"@type":"EntryPoint","urlTemplate":"https:\/\/dorogimedence.hu\/?s={search_term_string}"},"query-input":{"@type":"PropertyValueSpecification","valueRequired":true,"valueName":"search_term_string"}}],"inLanguage":"hu"},{"@type":"Organization","@id":"https:\/\/dorogimedence.hu\/#organization","name":"Dorogi-medence Region\u00e1lis H\u00edrport\u00e1l","url":"https:\/\/dorogimedence.hu\/","logo":{"@type":"ImageObject","inLanguage":"hu","@id":"https:\/\/dorogimedence.hu\/#\/schema\/logo\/image\/","url":"https:\/\/dorogimedence.hu\/wp-content\/uploads\/2021\/04\/logo-feher-600.png","contentUrl":"https:\/\/dorogimedence.hu\/wp-content\/uploads\/2021\/04\/logo-feher-600.png","width":600,"height":100,"caption":"Dorogi-medence Region\u00e1lis H\u00edrport\u00e1l"},"image":{"@id":"https:\/\/dorogimedence.hu\/#\/schema\/logo\/image\/"},"sameAs":["https:\/\/www.facebook.com\/dorogimedence\/"]},{"@type":"Person","@id":"https:\/\/dorogimedence.hu\/#\/schema\/person\/ce6091eeb7e95ecdc87890d6aa8e0fd4","name":"dorogimedence.hu","image":{"@type":"ImageObject","inLanguage":"hu","@id":"\/\/www.gravatar.com\/avatar\/d8d45f8901aadff40a4af72c0b826f1d?s=96&#038;r=g&#038;d=mm","url":"\/\/www.gravatar.com\/avatar\/d8d45f8901aadff40a4af72c0b826f1d?s=96&#038;r=g&#038;d=mm","contentUrl":"\/\/www.gravatar.com\/avatar\/d8d45f8901aadff40a4af72c0b826f1d?s=96&#038;r=g&#038;d=mm","caption":"dorogimedence.hu"}}]}},"_links":{"self":[{"href":"https:\/\/dorogimedence.hu\/index.php\/wp-json\/wp\/v2\/posts\/43260","targetHints":{"allow":["GET"]}}],"collection":[{"href":"https:\/\/dorogimedence.hu\/index.php\/wp-json\/wp\/v2\/posts"}],"about":[{"href":"https:\/\/dorogimedence.hu\/index.php\/wp-json\/wp\/v2\/types\/post"}],"author":[{"embeddable":true,"href":"https:\/\/dorogimedence.hu\/index.php\/wp-json\/wp\/v2\/users\/1"}],"replies":[{"embeddable":true,"href":"https:\/\/dorogimedence.hu\/index.php\/wp-json\/wp\/v2\/comments?post=43260"}],"version-history":[{"count":0,"href":"https:\/\/dorogimedence.hu\/index.php\/wp-json\/wp\/v2\/posts\/43260\/revisions"}],"wp:featuredmedia":[{"embeddable":true,"href":"https:\/\/dorogimedence.hu\/index.php\/wp-json\/wp\/v2\/media\/43261"}],"wp:attachment":[{"href":"https:\/\/dorogimedence.hu\/index.php\/wp-json\/wp\/v2\/media?parent=43260"}],"wp:term":[{"taxonomy":"category","embeddable":true,"href":"https:\/\/dorogimedence.hu\/index.php\/wp-json\/wp\/v2\/categories?post=43260"},{"taxonomy":"post_tag","embeddable":true,"href":"https:\/\/dorogimedence.hu\/index.php\/wp-json\/wp\/v2\/tags?post=43260"}],"curies":[{"name":"wp","href":"https:\/\/api.w.org\/{rel}","templated":true}]}}