{"id":43245,"date":"2022-06-05T09:09:03","date_gmt":"2022-06-05T07:09:03","guid":{"rendered":"https:\/\/dorogimedence.hu\/?p=43245"},"modified":"2022-06-05T17:38:19","modified_gmt":"2022-06-05T15:38:19","slug":"40-eve-tortent-a-dorog-bajnoki-bronzeremmel-tette-teljesse-a-sikeres-nb-ii-es-kvalifikaciot","status":"publish","type":"post","link":"https:\/\/dorogimedence.hu\/index.php\/2022\/06\/05\/40-eve-tortent-a-dorog-bajnoki-bronzeremmel-tette-teljesse-a-sikeres-nb-ii-es-kvalifikaciot\/","title":{"rendered":"40 \u00e9ve t\u00f6rt\u00e9nt \u2013 A Dorog bajnoki bronz\u00e9remmel tette teljess\u00e9 a sikeres NB II-es kvalifik\u00e1ci\u00f3t"},"content":{"rendered":"<p style=\"text-align: justify;\"><strong>Az 1981\u201382-es bajnoki \u00e9vadban az MLSZ szigor\u00fa l\u00e9tsz\u00e1mcs\u00f6kkent\u00e9se miatt csak az els\u0151 \u00f6t helyezett csapat harcolhatta ki a m\u00e1sodoszt\u00e1ly\u00fa tags\u00e1g\u00e1t a k\u00f6vetkez\u0151 id\u00e9nyre. A dorogi csapat magabiztosan teljes\u00edtette a neh\u00e9z felt\u00e9teleket, amelyet megfejelt a dobog\u00f3 harmadik fok\u00e1nak megszerz\u00e9s\u00e9vel \u00fagy, hogy sok\u00e1ig az MTK legnagyobb vet\u00e9lyt\u00e1rsa tudott lenni a bajnoki c\u00edm\u00e9rt val\u00f3 k\u00fczdelemben.<\/strong><\/p>\n<p style=\"text-align: justify;\">A Magyar Labdar\u00fag\u00f3 Sz\u00f6vets\u00e9g 1980-ban drasztikus m\u00e9rt\u00e9k\u0171 l\u00e9tsz\u00e1mcs\u00f6kkent\u00e9st ir\u00e1nyzott el\u0151 a m\u00e1sod\u2013 \u00e9s harmadoszt\u00e1lyban, amelyet k\u00e9t l\u00e9pcs\u0151ben k\u00edv\u00e1nt megval\u00f3s\u00edtani. Els\u0151 k\u00f6rben a h\u00e1rom csoportos, csoportonk\u00e9nt 20 csapatb\u00f3l \u00e1ll\u00f3 NB II-es mez\u0151nyt 16-osra sz\u0171k\u00edtette az 1981\u201382-es \u00e9vadra. Ez azt jelentette, hogy az 1980\u201381-es \u00e9vadot k\u00f6vet\u0151en minden csoportb\u00f3l a 17\u201320. helyezett n\u00e9gy csapat automatikusan kiesett. Ezt k\u00f6vet\u0151en, a m\u00e1sodik k\u00f6r m\u00e9g kem\u00e9nyebb rost\u00e1ja k\u00f6vetkezett, ugyanis minden csoportb\u00f3l csak az els\u0151 \u00f6t csapat \u0151rizhette meg m\u00e1sodoszt\u00e1ly\u00fa tags\u00e1g\u00e1t, m\u00edg az NB III hat csoportj\u00e1ban, a csoportonk\u00e9nti 16 csapat k\u00f6z\u00fcl az els\u0151 10-ben v\u00e9gzettek maradhattak a harmadoszt\u00e1lyban, a t\u00f6bbiek kiestek a megyei szint\u0171 bajnoks\u00e1gba.<\/p>\n<p style=\"text-align: justify;\">\u00c9rthet\u0151en minden klub er\u0151sen \u00e9rdekelve volt, hogy a sz\u0171r\u0151n sikeresen jusson \u00e1t. Ami a dorogiakat illeti, nem is volt k\u00e9rd\u00e9s, hogy egy\u00e9rtelm\u0171 elv\u00e1r\u00e1s a csapattal szemben, hogy a legjobb \u00f6t k\u00f6z\u00f6tt v\u00e9gezzen, azonban a Dorogi AC az el\u0151z\u0151 n\u00e9gy NB II-es \u00e9vada sor\u00e1n meglehet\u0151sen hull\u00e1mz\u00f3 teljes\u00edtm\u00e9nyt ny\u00fajtott, r\u00e1ad\u00e1sul egyszer sem tudta a tabell\u00e1n m\u00e9gcsak megk\u00f6zel\u00edteni sem az 5. helyet. Ennek ellen\u00e9re bizakod\u00f3 \u00e9s elsz\u00e1nt hangulat uralkodott az egyes\u00fclet h\u00e1za t\u00e1j\u00e1n. A dorogi csapat az elm\u00falt \u00e9vad tavaszi szezon\u00e1ban egyre kezdett er\u0151s\u00f6dni \u00e9s nem egy brav\u00farra is k\u00e9pes volt. T\u00f6bbek k\u00f6z\u00f6tt legy\u0151zte a bajnok Szegedi EOL g\u00e1rd\u00e1j\u00e1t \u00e9s el\u00fct\u00f6tte a bajnoki bronzt\u00f3l a Balassagyarmatot. A keret gyakorlatilag egy\u00fcttmaradt az \u00faj \u00e9vadra is, ez\u00e1ltal m\u00e9g \u00f6sszeszokottabb \u00e9s \u00fct\u0151k\u00e9pesebb alakulatt\u00e1 form\u00e1l\u00f3dott.<\/p>\n<p style=\"text-align: justify;\">A feladat a mez\u0151ny valamennyi tagj\u00e1nak hasonl\u00f3an neh\u00e9znek \u00edg\u00e9rkezett, ahol a csapatok z\u00f6me igen er\u0151teljes \u00e9s j\u00f3l k\u00e9pzett volt. Ehhez j\u00f6tt m\u00e9g az NB I-b\u0151l kiesett MTK, amelyet \u00e9rthet\u0151en a legnagyobb favoritnak ki\u00e1ltottak ki. Egy\u00e9bk\u00e9nt \u00f3ri\u00e1si meglepet\u00e9st keltett annak idej\u00e9n a k\u00e9k-feh\u00e9rek kies\u00e9se az \u00e9lvonalb\u00f3l, hiszen gyakorlatilag az 1903-ban t\u00f6rt\u00e9nt legels\u0151 NB I-es \u00e9vaduk \u00f3ta mondhatni folyamatosan az els\u0151 oszt\u00e1ly tagjai voltak, nem besz\u00e9lve arr\u00f3l, hogy a Fradi mellett sok\u00e1ig az orsz\u00e1g legeredm\u00e9nyesebb csapat\u00e1nak sz\u00e1m\u00edtott.<\/p>\n<p><span style=\"font-size: 10pt;\"><img fetchpriority=\"high\" decoding=\"async\" class=\"wp-image-43397 aligncenter\" src=\"https:\/\/dorogimedence.hu\/wp-content\/uploads\/2022\/06\/kmeccsitthon.jpg\" alt=\"\" width=\"640\" height=\"340\" srcset=\"https:\/\/dorogimedence.hu\/wp-content\/uploads\/2022\/06\/kmeccsitthon.jpg 846w, https:\/\/dorogimedence.hu\/wp-content\/uploads\/2022\/06\/kmeccsitthon-300x160.jpg 300w, https:\/\/dorogimedence.hu\/wp-content\/uploads\/2022\/06\/kmeccsitthon-768x409.jpg 768w, https:\/\/dorogimedence.hu\/wp-content\/uploads\/2022\/06\/kmeccsitthon-150x80.jpg 150w, https:\/\/dorogimedence.hu\/wp-content\/uploads\/2022\/06\/kmeccsitthon-450x239.jpg 450w\" sizes=\"(max-width: 640px) 100vw, 640px\" \/><\/span><\/p>\n<p style=\"text-align: center;\"><em><span style=\"font-size: 10pt;\">Az \u0151szi szezon legnagyobb hazai p\u00e1ly\u00e1n rendezett rangad\u00f3j\u00e1n k\u00e9sz\u00fclt felv\u00e9tel a Kecskem\u00e9t ellen (forr\u00e1s: Labdar\u00fag\u00e1s magazin, 1981)<\/span><\/em><\/p>\n<p style=\"text-align: justify;\">A sorsol\u00e1s els\u0151re igen mostoh\u00e1nak tetszett, mivel az els\u0151 n\u00e9gy fordul\u00f3ban a mez\u0151ny kr\u00e9mje ellen kellett megk\u00fczdeni. Az \u00f3vatosabb v\u00e9lem\u00e9nyek szerint ak\u00e1r pont n\u00e9lk\u00fcl is maradhat a dorogi csapat. A piros-feket\u00e9k azonban alaposan bekezdtek \u00e9s az 1981 augusztus k\u00f6zep\u00e9n t\u00f6rt\u00e9nt bajnoki rajton a 22. sz\u00e1m\u00fa Vol\u00e1n ellen idegenben magabiztosan nyertek, m\u00e9gpedig 3 : 2 ar\u00e1nyban. A folytat\u00e1saban a kit\u0171n\u0151 Ganz M\u00e1vag ellen otthon is gy\u0151ztek, amellyel a tabella \u00e9l\u00e9re ugrottak, m\u00e9gpedig egyed\u00fcli pontvesztes\u00e9g n\u00e9lk\u00fcli g\u00e1rdak\u00e9nt. A harmadik fordul\u00f3 az MTK elleni rangad\u00f3t hozta idegenben, ahol ugyan minim\u00e1lis 1 : 0 ar\u00e1ny\u00fa veres\u00e9get szenvedtek, azonban mindv\u00e9gig teljesen egyenrag\u00fa ellenfelei voltak a nagynev\u0171 h\u00e1zigazd\u00e1knak. Arr\u00f3l nem is besz\u00e9lve, hogy Csizmazia szab\u00e1lyos g\u00f3lj\u00e1t nem adta meg a j\u00e9t\u00e9kvezet\u0151. Ezut\u00e1n k\u00f6vetkezett a Kecskem\u00e9t elleni meg\u00e9rdemelt hazai gy\u0151zelem, \u00edgy a roppant er\u0151s bajnoki rajt eredm\u00e9nyess\u00e9ge messze t\u00falsz\u00e1rnyalta a legszebb v\u00e1rakoz\u00e1sokat is.<\/p>\n<p><img decoding=\"async\" class=\"aligncenter wp-image-43393 \" src=\"https:\/\/dorogimedence.hu\/wp-content\/uploads\/2022\/06\/idokapszula_nb_i_1980_81_12_fordulo_nb_ii_4.jpg\" alt=\"\" width=\"636\" height=\"435\" srcset=\"https:\/\/dorogimedence.hu\/wp-content\/uploads\/2022\/06\/idokapszula_nb_i_1980_81_12_fordulo_nb_ii_4.jpg 948w, https:\/\/dorogimedence.hu\/wp-content\/uploads\/2022\/06\/idokapszula_nb_i_1980_81_12_fordulo_nb_ii_4-300x205.jpg 300w, https:\/\/dorogimedence.hu\/wp-content\/uploads\/2022\/06\/idokapszula_nb_i_1980_81_12_fordulo_nb_ii_4-768x525.jpg 768w, https:\/\/dorogimedence.hu\/wp-content\/uploads\/2022\/06\/idokapszula_nb_i_1980_81_12_fordulo_nb_ii_4-150x103.jpg 150w, https:\/\/dorogimedence.hu\/wp-content\/uploads\/2022\/06\/idokapszula_nb_i_1980_81_12_fordulo_nb_ii_4-450x308.jpg 450w\" sizes=\"(max-width: 636px) 100vw, 636px\" \/><\/p>\n<p style=\"text-align: center;\"><em><span style=\"font-size: 10pt;\">Andrusch mer\u00e9sz el\u0151revet\u0151d\u00e9ssel tiszt\u00e1z a BVSC elleni idegenbeli meccsen. Mellette a feh\u00e9r fels\u0151 mezben l\u00e9v\u0151 Goldschmidt biztos\u00edt,\u00a0 a h\u00e1tt\u00e9rben pedig Arany l\u00e1tszik. (forr\u00e1s: valogatott.blog.hu &#8211; Id\u0151kapszula)<\/span><\/em><\/p>\n<p style=\"text-align: justify;\">A teljes \u0151szi szezon kiegyens\u00falyozott j\u00f3 szerepl\u00e9st hozott \u00e9s senkiben sem mer\u00fclt fel az, hogy a dorogiak ne legyenek benne az \u00e1lom \u00f6t\u00f6sben a v\u00e9gelsz\u00e1mol\u00e1sn\u00e1l. Mi t\u00f6bb, menetk\u00f6zben a dorogiak bajnokes\u00e9lyess\u00e9 is el\u0151l\u00e9ptek, s bizony \u00f6t \u00e9v eltelt\u00e9vel megcsillant az NB I-be ker\u00fcl\u00e9s lehet\u0151s\u00e9ge is. A csapat az MTK nyom\u00e1ban szorosan a 2. helyen z\u00e1rta a szezont \u00e9s a tavaszi folytat\u00e1sban m\u00e1r a csoport egyik f\u0151 favoritjak\u00e9nt sz\u00e1moltak a Doroggal. A g\u00e1rda v\u00e9delme \u00e9s t\u00e1mad\u00f3 alakzata tov\u00e1bb er\u0151s\u00f6d\u00f6tt az elm\u00falt \u00e9vihez k\u00e9pest. T\u00f6bb m\u00e9rk\u0151z\u00e9st is kapott g\u00f3l n\u00e9lk\u00fcl hoztak le, de a nyit\u00f3fordul\u00f3t lesz\u00e1m\u00edtva, egyszer sem kaptak egy meccsen egyn\u00e9l t\u00f6bb g\u00f3lt. De nem csak a mutat\u00f3k alapj\u00e1n remekletek a dorogiak, hanem a mutatott j\u00e1t\u00e9kuk is kifejezetten \u00e9lvezetes \u00e9s sz\u00f3rakoztat\u00f3 volt. T\u00e1mad\u00f3 felfog\u00e1sban j\u00e1tszott\u00e1k valamennyi meccs\u00fcket \u00fagy, hogy a h\u00e1ts\u00f3 alakzatuk megelehet\u0151sen massz\u00edvan z\u00e1rt.<\/p>\n<p><img decoding=\"async\" class=\"aligncenter wp-image-43398 \" src=\"https:\/\/dorogimedence.hu\/wp-content\/uploads\/2022\/06\/mtk-ellen-1024x848.jpg\" alt=\"\" width=\"638\" height=\"528\" srcset=\"https:\/\/dorogimedence.hu\/wp-content\/uploads\/2022\/06\/mtk-ellen-1024x848.jpg 1024w, https:\/\/dorogimedence.hu\/wp-content\/uploads\/2022\/06\/mtk-ellen-300x248.jpg 300w, https:\/\/dorogimedence.hu\/wp-content\/uploads\/2022\/06\/mtk-ellen-768x636.jpg 768w, https:\/\/dorogimedence.hu\/wp-content\/uploads\/2022\/06\/mtk-ellen-150x124.jpg 150w, https:\/\/dorogimedence.hu\/wp-content\/uploads\/2022\/06\/mtk-ellen-450x373.jpg 450w, https:\/\/dorogimedence.hu\/wp-content\/uploads\/2022\/06\/mtk-ellen.jpg 1080w\" sizes=\"(max-width: 638px) 100vw, 638px\" \/><\/p>\n<p style=\"text-align: center;\"><em><span style=\"font-size: 10pt;\">A N\u00e9psport kiemelt cikke az \u00e9vad rangad\u00f3j\u00e1r\u00f3l<\/span><\/em><\/p>\n<p style=\"text-align: justify;\">A tavaszi id\u00e9ny is hasonl\u00f3k\u00e9ppen alakult, azonban az MTK ellen nagy csat\u00e1ban 2\u20131-re elvesztett meccs ut\u00e1n m\u00e1r kevesen gondolt\u00e1k komolyan, hogy a f\u0151v\u00e1rosiakt\u00f3l el lehet h\u00f3d\u00edtani az els\u0151s\u00e9get. A listavezet\u0151t lesz\u00e1m\u00edtva a legnagyobb vet\u00e9lyt\u00e1rsak k\u00f6z\u00fcl egyik sem tudta a mieinket legy\u0151zni. A 22. sz\u00e1m\u00fa Vol\u00e1n ellen magabiztosan nyert a csapat a dorogi visszav\u00e1g\u00f3n is, a Ganz M\u00e1vag \u00e9s Kecskem\u00e9t vend\u00e9geik\u00e9nt is ponttal t\u00e1voztak a piros-feket\u00e9k. Egyetlen szer\u00e9nyebb teljes\u00edtm\u00e9ny\u0171 id\u0151szakot a szezon k\u00f6zepe t\u00e1j\u00e1n h\u00e1rom olyan hazai meccs jelentette, amely k\u00f6z\u00fcl mind d\u00f6ntetlent hozott &#8211; sorrendben a Sz\u00e9kesfeh\u00e9rv\u00e1ri M\u00c1V El\u0151re, a BKV El\u0151re \u00e9s a P\u00e9nz\u00fcgy\u0151r -, majd a V\u00e1c elleni idegenben 3 : 1 ar\u00e1nyban szerencs\u00e9tlen\u00fcl elvesztett tal\u00e1lkoz\u00f3. R\u00e1ad\u00e1sul ez volt az eg\u00e9sz \u00e9vad egyetlen olyan meccse, ahol h\u00e1rom g\u00f3lt kapott a csapat. Ezen n\u00e9gy meccs sor\u00e1n legal\u00e1bb h\u00e1rom pont \u00faszott el, amellyel joggal sz\u00e1molhattak volna. Mint kider\u00fclt, ennyi m\u00e1ris el\u00e9g volt ahhoz, hogy v\u00e9g\u00fcl a sok\u00e1ig biztosan tartott 2. helyr\u0151l le kellett mondaniuk.<\/p>\n<p><img loading=\"lazy\" decoding=\"async\" class=\"aligncenter wp-image-43388 \" src=\"https:\/\/dorogimedence.hu\/wp-content\/uploads\/2022\/06\/1982.jpg\" alt=\"\" width=\"626\" height=\"281\" srcset=\"https:\/\/dorogimedence.hu\/wp-content\/uploads\/2022\/06\/1982.jpg 777w, https:\/\/dorogimedence.hu\/wp-content\/uploads\/2022\/06\/1982-300x135.jpg 300w, https:\/\/dorogimedence.hu\/wp-content\/uploads\/2022\/06\/1982-768x345.jpg 768w, https:\/\/dorogimedence.hu\/wp-content\/uploads\/2022\/06\/1982-150x67.jpg 150w, https:\/\/dorogimedence.hu\/wp-content\/uploads\/2022\/06\/1982-450x202.jpg 450w\" sizes=\"(max-width: 626px) 100vw, 626px\" \/><\/p>\n<p style=\"text-align: center;\"><em><span style=\"font-size: 10pt;\">Az \u00e9vad egyik legszebb eml\u00e9k\u0171 m\u00e9rk\u0151z\u00e9s\u00e9nek f\u0151c\u00edme a megyei \u00fajs\u00e1g oldal\u00e1n (forr\u00e1s: Dolgoz\u00f3k Lapja)<\/span><\/em><\/p>\n<p style=\"text-align: justify;\">A V\u00e1c elleni fordul\u00f3t k\u00f6vet\u0151en viszont a szezon legjobb j\u00e1t\u00e9k\u00e1val el\u0151rukkolva 5\u20130-ra vert\u00e9k a Kossuth KFSE egy\u00fcttes\u00e9t, amellyel h\u00e1rom fordul\u00f3val a befejez\u00e9s el\u0151tt m\u00e1r biztos\u00edtott\u00e1k hely\u00fcket az els\u0151 \u00f6t k\u00f6z\u00f6tt. A h\u00e1tral\u00e9v\u0151 meccsek t\u00e9tje m\u00e1rcsak arr\u00f3l sz\u00f3lt, hogy siker\u00fcl-e dobog\u00f3n v\u00e9gezni\u00fck? El\u0151bb Balassagyarmaton nyertek, majd otthon a Szegedi D\u00f3zsa ellen, amellyel a bajnoki bronz is meg lett. Viszont a z\u00e1r\u00f3fordul\u00f3ban m\u00e9g tov\u00e1bb is l\u00e9phettek volna, amennyiben Budafokon legal\u00e1bb d\u00f6ntetlent j\u00e1tszanak. Nagy k\u00fczdelemben v\u00e9g\u00fcl 2 : 1 ar\u00e1nyban alulmaradtak, m\u00edg az ellenl\u00e1bas 22. sz\u00e1m\u00fa Vol\u00e1n a csoport rangad\u00f3j\u00e1n 5\u20134-re verte a Kecskem\u00e9tet, amellyel egy ponttal beel\u0151zve a dorogiakat, v\u00e9g\u00fcl az ez\u00fcst\u00e9rmet is megszerezt\u00e9k. A bajnok MTK pedig 6 ponttal megel\u0151zve a mieinket v\u00e9gzett az \u00e9len, majd a h\u00e1rom NB II-es bajnok k\u00f6z\u00fcl egyed\u00fclik\u00e9nt vette sikeresen az oszt\u00e1lyoz\u00f3t \u00e9s jutott fel az NB I-be.<\/p>\n<p><img loading=\"lazy\" decoding=\"async\" class=\"aligncenter wp-image-43390 \" src=\"https:\/\/dorogimedence.hu\/wp-content\/uploads\/2022\/06\/bajnoki-erem.jpg\" alt=\"\" width=\"213\" height=\"351\" \/><\/p>\n<p style=\"text-align: justify;\">\u00d6sszess\u00e9g\u00e9ben az id\u0151szak legjobb eredm\u00e9ny\u00e9t \u00e9rte el a csapat, amely val\u00f3ban j\u00e1tszotta a focit. A sikerek mellett \u00e9ppen a k\u00f6z\u00f6ns\u00e9gsz\u00f3rakoztat\u00f3 j\u00e1t\u00e9k\u00e1nak is k\u00f6sz\u00f6nhet\u0151en a hazai n\u00e9z\u0151sz\u00e1m a legkevesebb 2 ezret mindig el\u00e9rte. Ezen k\u00edv\u00fcl pedig kiugr\u00f3 l\u00e1togatotts\u00e1g is t\u00f6rt\u00e9nt Dorogon, m\u00e9gpedig a Kecskem\u00e9t ellen 6 ezren, m\u00edg az MTK ellen 7 ezren foglaltak helyet a lel\u00e1t\u00f3kon. Az MTK elleni rangad\u00f3t a vil\u00e1gh\u00edr\u0171 FIFA j\u00e1t\u00e9kvezet\u0151, Palotai K\u00e1roly vezette.<\/p>\n<p style=\"text-align: center;\"><span style=\"text-decoration: underline;\">Az 1981\u201382-es \u00e9vad dorogi csapata:<\/span><\/p>\n<p style=\"text-align: justify;\"><em><strong>Andrusch J\u00f3zsef, Arany Mih\u00e1ly, Borsos Zsolt, Csizmazia Istv\u00e1n, Engelbrecht Zolt\u00e1n, Goldschmidt Gyula, Haraszti J\u00e1nos, Koll\u00e1r L\u00e1szl\u00f3, Knapik Istv\u00e1n, Laczk\u00f3 Istv\u00e1n, Luk\u00e1cs II. L\u00e1szl\u00f3, Marosv\u00f6lgyi J\u00f3zsef, Mer\u00e9nyi Lip\u00f3t, M\u00e9sz\u00e1ros Tibor, P\u00e9ntek B\u00e9la,\u00a0 Schalk K\u00e1roly, T\u00f6r\u00f6k L\u00e1szl\u00f3, Varga J\u00e1nos, Varga S\u00e1ndor. Vezet\u0151edz\u0151: dr. Magyar Gy\u00f6rgy.<\/strong><\/em><\/p>\n<p>A keret tagjai voltak, de nem l\u00e9ptek p\u00e1ly\u00e1ra az \u00e9v sor\u00e1n: Szab\u00f3 Istv\u00e1n kapus, Sikesdi G\u00e1bor \u00e9s Guzsik Gy\u00f6rgy (katonai szolg\u00e1latot teljes\u00edtett), valamint Michna Istv\u00e1n.<\/p>\n<p style=\"text-align: justify;\">A sikeres \u00e9vadhoz kapcsol\u00f3dik, hogy ekkor mutatkozott be el\u0151sz\u00f6r a feln\u0151ttek k\u00f6z\u00f6tt Borsos Zsolt, aki ezt k\u00f6vet\u0151en 20 \u00e9ven \u00e1t meghat\u00e1roz\u00f3 j\u00e1t\u00e9kos volt Dorogon. Els\u0151 bajnoki m\u00e9rk\u0151z\u00e9se 1982 \u00e1prilis els\u0151 vas\u00e1rnapj\u00e1n t\u00f6rt\u00e9nt, a Bp. \u00c9p\u00edt\u0151k elleni 2\u20130-ra megnyert \u00f6sszecsap\u00e1son.<\/p>\n<p><img loading=\"lazy\" decoding=\"async\" class=\"aligncenter wp-image-43399 size-full\" src=\"https:\/\/dorogimedence.hu\/wp-content\/uploads\/2022\/06\/playmakerstats.com_jozsef_andrusch.jpg\" alt=\"\" width=\"202\" height=\"300\" srcset=\"https:\/\/dorogimedence.hu\/wp-content\/uploads\/2022\/06\/playmakerstats.com_jozsef_andrusch.jpg 202w, https:\/\/dorogimedence.hu\/wp-content\/uploads\/2022\/06\/playmakerstats.com_jozsef_andrusch-150x223.jpg 150w\" sizes=\"(max-width: 202px) 100vw, 202px\" \/><\/p>\n<p style=\"text-align: center;\"><span style=\"font-size: 10pt;\"><em>A nyolcvanas \u00e9vtized egyik legkiv\u00e1l\u00f3bb kapus\u00e1v\u00e1 v\u00e1lt Andrusch J\u00f3zsef (forr\u00e1s:playmarkerstats.com)<\/em><\/span><\/p>\n<p style=\"text-align: justify;\">\u00c9rdemes kiemelni az \u00e9vad kapcs\u00e1n Andrusch J\u00f3zsefet, aki az \u00f6sszes bajnokin \u00e9s kupam\u00e9rk\u0151z\u00e9sen az eg\u00e9sz \u00e9vben v\u00e9dte a dorogi kaput. 1982 H\u00fasv\u00e9tj\u00e1n jelentett\u00e9k be hivatalosan is, hogy a kiv\u00e1l\u00f3 h\u00e1l\u00f3\u0151rt a Bp. Honv\u00e9d k\u00edv\u00e1nja leigazolni a k\u00f6vetkez\u0151 \u00e9vadt\u00f3l. Andrusch k\u00e9t \u00e9vvel k\u00e9s\u0151bb, 1984-ben m\u00e1r a v\u00e1logatott els\u0151 sz\u00e1m\u00fa kapusa is volt \u00e9s nagy \u00e9rdemeket szerzett az 1984\u201385-ben zajl\u00f3 sikeres vb-selejtez\u0151k\u00f6n, majd r\u00e9szt vett az 1986-os Mexik\u00f3i vil\u00e1gbajnoks\u00e1gon. Egy \u00e9vvel k\u00e9s\u0151bb, 1983-ban pedig Sikesdi G\u00e1bort is elvitte a Honv\u00e9d Dorogr\u00f3l \u00e9s Andrsusch kapussal \u00e9veken \u00e1t csapatt\u00e1rsak voltak a f\u0151v\u00e1rosi g\u00e1rda egyik legsikeresebb id\u0151szak\u00e1ban. Mindketten meghat\u00e1roz\u00f3 j\u00e1t\u00e9kosai lettek a kispesti g\u00e1rd\u00e1nak \u00e9s id\u0151vel Sikesdi is v\u00e1logatott-keret tag lett, majd szerepelt a magyar olimpiai v\u00e1logatottban. Andrusch akt\u00edv p\u00e1lyafut\u00e1s\u00e1t k\u00f6vet\u0151en a v\u00e1logott kapusedz\u0151je lett.<\/p>\n<p><img loading=\"lazy\" decoding=\"async\" class=\"aligncenter wp-image-38503 \" src=\"https:\/\/dorogimedence.hu\/wp-content\/uploads\/2021\/11\/idokapszula_nb_i_1981_82_5_fordulo_nb_ii_4_dorog_kecskemet_arany.jpg\" alt=\"\" width=\"412\" height=\"604\" srcset=\"https:\/\/dorogimedence.hu\/wp-content\/uploads\/2021\/11\/idokapszula_nb_i_1981_82_5_fordulo_nb_ii_4_dorog_kecskemet_arany.jpg 458w, https:\/\/dorogimedence.hu\/wp-content\/uploads\/2021\/11\/idokapszula_nb_i_1981_82_5_fordulo_nb_ii_4_dorog_kecskemet_arany-205x300.jpg 205w, https:\/\/dorogimedence.hu\/wp-content\/uploads\/2021\/11\/idokapszula_nb_i_1981_82_5_fordulo_nb_ii_4_dorog_kecskemet_arany-150x220.jpg 150w, https:\/\/dorogimedence.hu\/wp-content\/uploads\/2021\/11\/idokapszula_nb_i_1981_82_5_fordulo_nb_ii_4_dorog_kecskemet_arany-450x659.jpg 450w\" sizes=\"(max-width: 412px) 100vw, 412px\" \/><\/p>\n<p style=\"text-align: center;\"><em><span style=\"font-size: 10pt;\">A kiv\u00e1l\u00f3 ir\u00e1ny\u00edt\u00f3, Arany Mih\u00e1ly a legt\u00f6bb fejp\u00e1rbajb\u00f3l is gy\u0151ztesen j\u00f6tt ki. A h\u00e1tt\u00e9rben Laczk\u00f3 l\u00e1that\u00f3. (forr\u00e1s: Labdar\u00fag\u00e1s magazin, 1981)<\/span><\/em><\/p>\n<p style=\"text-align: justify;\">Az MLSZ \u00e1ltali nagy v\u00e1logat\u00e1snak \u00e9s tisztogat\u00e1snak sz\u00e1mos nagym\u00falt\u00fa csapat esett \u00e1ldozatul. A dorogiak csoportj\u00e1b\u00f3l kiesett a V\u00e1c, a Sz\u00e9kesfeh\u00e9rv\u00e1ri M\u00c1V El\u0151re, a Balassagyarmat, a BVSC \u00e9s a Budafok, tov\u00e1bb\u00e1 t\u00f6bb, sok\u00e1ig massz\u00edv m\u00e1sodoszt\u00e1ly\u00fa j\u00f3 nev\u0171 egyes\u00fclet, mint a BKV El\u0151re, a Bp. \u00c9p\u00edt\u0151k SC \u00e9s a P\u00e9nz\u00fcgy\u0151r. A m\u00e1sik k\u00e9t csoportban is hullottak a nagy skalpok, kiemelten a Kaposv\u00e1ri R\u00e1k\u00f3czi, amely \u00e9ppen egy \u00e9vvel kor\u00e1bban m\u00e9g NB I-es volt, tov\u00e1bb\u00e1 a Sabaria, a Veszpr\u00e9m, a M\u00c1V DAC, a Koml\u00f3, a P\u00e9csi VSK, a V\u00e1rpalota, a Moh\u00e1cs, az Ajka, a Duna\u00fajv\u00e1ros, a Szolnoki M\u00c1V, vagy a Cegl\u00e9d.<\/p>\n<p>K\u00e9ts\u00e9gtelen, hogy a k\u00f6vetkez\u0151 \u00e9vadra az egy csoportra olvasztott h\u00fasz csapatos NB II bivaly er\u0151ss\u00e9 v\u00e1lt.<\/p>\n<p style=\"text-align: justify;\">Id\u00e9n janu\u00e1rban hunyt el Arany Mih\u00e1ly, az 1981-82 \u00e9vad csapat oszlopos tagja, tov\u00e1bb\u00e1 a kor\u00e1bban az \u00e9gi futballp\u00e1ly\u00e1ra t\u00e1voz\u00f3 Haraszti J\u00e1nos sz\u00fclet\u00e9si \u00e9vfordul\u00f3ja a mai napra esik. Rajtuk k\u00edv\u00fcl sajnos ugyancsak nem lehett m\u00e1r k\u00f6z\u00f6tt\u00fcnk Csizmazia Istv\u00e1n, Goldschmidt Gyula \u00e9s Varga S\u00e1ndor sem. Ezt az \u00e9vfordul\u00f3s cikket egyben Mindannyiuk eml\u00e9k\u00e9nek is aj\u00e1nlom.<\/p>\n<p><em><span style=\"text-decoration: underline;\">Bor\u00edt\u00f3k\u00e9p<\/span><\/em><strong><span style=\"text-decoration: underline;\">:<\/span><\/strong> A dorogi csapat 1981-ben egy hazai m\u00e9rk\u0151z\u00e9st k\u00f6vet\u0151en.<\/p>\n<p><em><strong>Szab\u00f3 Gyula<\/strong><\/em><\/p>\n","protected":false},"excerpt":{"rendered":"<p>Az 1981\u201382-es bajnoki \u00e9vadban az MLSZ szigor\u00fa l\u00e9tsz\u00e1mcs\u00f6kkent\u00e9se miatt csak az els\u0151 \u00f6t helyezett csapat harcolhatta ki a m\u00e1sodoszt\u00e1ly\u00fa tags\u00e1g\u00e1t a k\u00f6vetkez\u0151 id\u00e9nyre. A dorogi csapat magabiztosan teljes\u00edtette a neh\u00e9z felt\u00e9teleket, amelyet megfejelt a dobog\u00f3 harmadik fok\u00e1nak megszerz\u00e9s\u00e9vel \u00fagy, hogy sok\u00e1ig az MTK legnagyobb vet\u00e9lyt\u00e1rsa tudott lenni a bajnoki c\u00edm\u00e9rt val\u00f3 k\u00fczdelemben. A Magyar Labdar\u00fag\u00f3<\/p>\n","protected":false},"author":4,"featured_media":43389,"comment_status":"closed","ping_status":"closed","sticky":false,"template":"","format":"standard","meta":{"ngg_post_thumbnail":0,"footnotes":""},"categories":[2,3,6031,5],"tags":[15,37,70,69,72,16],"class_list":{"0":"post-43245","1":"post","2":"type-post","3":"status-publish","4":"format-standard","5":"has-post-thumbnail","7":"category-dorog","8":"category-hirek","9":"category-kerek-evfordulok","10":"category-sport","11":"tag-dorog","12":"tag-dorogi-fc","13":"tag-foci","14":"tag-futball","15":"tag-labdarugas","16":"tag-sport"},"yoast_head":"<!-- This site is optimized with the Yoast SEO plugin v27.5 - https:\/\/yoast.com\/product\/yoast-seo-wordpress\/ -->\n<title>40 \u00e9ve t\u00f6rt\u00e9nt \u2013 A Dorog bajnoki bronz\u00e9remmel tette teljess\u00e9 a sikeres NB II-es kvalifik\u00e1ci\u00f3t<\/title>\n<meta name=\"robots\" content=\"index, follow, max-snippet:-1, max-image-preview:large, max-video-preview:-1\" \/>\n<link rel=\"canonical\" href=\"https:\/\/dorogimedence.hu\/index.php\/2022\/06\/05\/40-eve-tortent-a-dorog-bajnoki-bronzeremmel-tette-teljesse-a-sikeres-nb-ii-es-kvalifikaciot\/\" class=\"yoast-seo-meta-tag\" \/>\n<meta property=\"og:locale\" content=\"hu_HU\" class=\"yoast-seo-meta-tag\" \/>\n<meta property=\"og:type\" content=\"article\" class=\"yoast-seo-meta-tag\" \/>\n<meta property=\"og:title\" content=\"40 \u00e9ve t\u00f6rt\u00e9nt \u2013 A Dorog bajnoki bronz\u00e9remmel tette teljess\u00e9 a sikeres NB II-es kvalifik\u00e1ci\u00f3t\" class=\"yoast-seo-meta-tag\" \/>\n<meta property=\"og:description\" content=\"Az 1981\u201382-es bajnoki \u00e9vadban az MLSZ szigor\u00fa l\u00e9tsz\u00e1mcs\u00f6kkent\u00e9se miatt csak az els\u0151 \u00f6t helyezett csapat harcolhatta ki a m\u00e1sodoszt\u00e1ly\u00fa tags\u00e1g\u00e1t a k\u00f6vetkez\u0151 id\u00e9nyre. A dorogi csapat magabiztosan teljes\u00edtette a neh\u00e9z felt\u00e9teleket, amelyet megfejelt a dobog\u00f3 harmadik fok\u00e1nak megszerz\u00e9s\u00e9vel \u00fagy, hogy sok\u00e1ig az MTK legnagyobb vet\u00e9lyt\u00e1rsa tudott lenni a bajnoki c\u00edm\u00e9rt val\u00f3 k\u00fczdelemben. A Magyar Labdar\u00fag\u00f3\" class=\"yoast-seo-meta-tag\" \/>\n<meta property=\"og:url\" content=\"https:\/\/dorogimedence.hu\/index.php\/2022\/06\/05\/40-eve-tortent-a-dorog-bajnoki-bronzeremmel-tette-teljesse-a-sikeres-nb-ii-es-kvalifikaciot\/\" class=\"yoast-seo-meta-tag\" \/>\n<meta property=\"og:site_name\" content=\"Dorogi-medence Region\u00e1lis H\u00edrport\u00e1l\" class=\"yoast-seo-meta-tag\" \/>\n<meta property=\"article:publisher\" content=\"https:\/\/www.facebook.com\/dorogimedence\/\" class=\"yoast-seo-meta-tag\" \/>\n<meta property=\"article:published_time\" content=\"2022-06-05T07:09:03+00:00\" class=\"yoast-seo-meta-tag\" \/>\n<meta property=\"article:modified_time\" content=\"2022-06-05T15:38:19+00:00\" class=\"yoast-seo-meta-tag\" \/>\n<meta property=\"og:image\" content=\"https:\/\/i0.wp.com\/dorogimedence.hu\/wp-content\/uploads\/2022\/06\/169216_4995627217603_1746520676_o.jpg?fit=1632%2C1040&ssl=1\" class=\"yoast-seo-meta-tag\" \/>\n\t<meta property=\"og:image:width\" content=\"1632\" class=\"yoast-seo-meta-tag\" \/>\n\t<meta property=\"og:image:height\" content=\"1040\" class=\"yoast-seo-meta-tag\" \/>\n\t<meta property=\"og:image:type\" content=\"image\/jpeg\" class=\"yoast-seo-meta-tag\" \/>\n<meta name=\"author\" content=\"Szab\u00f3 Gyula\" class=\"yoast-seo-meta-tag\" \/>\n<meta name=\"twitter:card\" content=\"summary_large_image\" class=\"yoast-seo-meta-tag\" \/>\n<meta name=\"twitter:label1\" content=\"Szerz\u0151:\" class=\"yoast-seo-meta-tag\" \/>\n\t<meta name=\"twitter:data1\" content=\"Szab\u00f3 Gyula\" class=\"yoast-seo-meta-tag\" \/>\n\t<meta name=\"twitter:label2\" content=\"Becs\u00fclt olvas\u00e1si id\u0151\" class=\"yoast-seo-meta-tag\" \/>\n\t<meta name=\"twitter:data2\" content=\"11 perc\" class=\"yoast-seo-meta-tag\" \/>\n<script type=\"application\/ld+json\" class=\"yoast-schema-graph\">{\"@context\":\"https:\\\/\\\/schema.org\",\"@graph\":[{\"@type\":\"Article\",\"@id\":\"https:\\\/\\\/dorogimedence.hu\\\/index.php\\\/2022\\\/06\\\/05\\\/40-eve-tortent-a-dorog-bajnoki-bronzeremmel-tette-teljesse-a-sikeres-nb-ii-es-kvalifikaciot\\\/#article\",\"isPartOf\":{\"@id\":\"https:\\\/\\\/dorogimedence.hu\\\/index.php\\\/2022\\\/06\\\/05\\\/40-eve-tortent-a-dorog-bajnoki-bronzeremmel-tette-teljesse-a-sikeres-nb-ii-es-kvalifikaciot\\\/\"},\"author\":{\"name\":\"Szab\u00f3 Gyula\",\"@id\":\"https:\\\/\\\/dorogimedence.hu\\\/#\\\/schema\\\/person\\\/76605e8151ec1b7376385cd184ede973\"},\"headline\":\"40 \u00e9ve t\u00f6rt\u00e9nt \u2013 A Dorog bajnoki bronz\u00e9remmel tette teljess\u00e9 a sikeres NB II-es kvalifik\u00e1ci\u00f3t\",\"datePublished\":\"2022-06-05T07:09:03+00:00\",\"dateModified\":\"2022-06-05T15:38:19+00:00\",\"mainEntityOfPage\":{\"@id\":\"https:\\\/\\\/dorogimedence.hu\\\/index.php\\\/2022\\\/06\\\/05\\\/40-eve-tortent-a-dorog-bajnoki-bronzeremmel-tette-teljesse-a-sikeres-nb-ii-es-kvalifikaciot\\\/\"},\"wordCount\":2181,\"publisher\":{\"@id\":\"https:\\\/\\\/dorogimedence.hu\\\/#organization\"},\"image\":{\"@id\":\"https:\\\/\\\/dorogimedence.hu\\\/index.php\\\/2022\\\/06\\\/05\\\/40-eve-tortent-a-dorog-bajnoki-bronzeremmel-tette-teljesse-a-sikeres-nb-ii-es-kvalifikaciot\\\/#primaryimage\"},\"thumbnailUrl\":\"https:\\\/\\\/dorogimedence.hu\\\/wp-content\\\/uploads\\\/2022\\\/06\\\/169216_4995627217603_1746520676_o.jpg\",\"keywords\":[\"Dorog\",\"Dorogi FC\",\"foci\",\"futball\",\"labdar\u00fag\u00e1s\",\"sport\"],\"articleSection\":[\"Dorog\",\"H\u00edrek\",\"Kerek \u00e9vfordul\u00f3k\",\"Sport\"],\"inLanguage\":\"hu\"},{\"@type\":\"WebPage\",\"@id\":\"https:\\\/\\\/dorogimedence.hu\\\/index.php\\\/2022\\\/06\\\/05\\\/40-eve-tortent-a-dorog-bajnoki-bronzeremmel-tette-teljesse-a-sikeres-nb-ii-es-kvalifikaciot\\\/\",\"url\":\"https:\\\/\\\/dorogimedence.hu\\\/index.php\\\/2022\\\/06\\\/05\\\/40-eve-tortent-a-dorog-bajnoki-bronzeremmel-tette-teljesse-a-sikeres-nb-ii-es-kvalifikaciot\\\/\",\"name\":\"40 \u00e9ve t\u00f6rt\u00e9nt \u2013 A Dorog bajnoki bronz\u00e9remmel tette teljess\u00e9 a sikeres NB II-es kvalifik\u00e1ci\u00f3t\",\"isPartOf\":{\"@id\":\"https:\\\/\\\/dorogimedence.hu\\\/#website\"},\"primaryImageOfPage\":{\"@id\":\"https:\\\/\\\/dorogimedence.hu\\\/index.php\\\/2022\\\/06\\\/05\\\/40-eve-tortent-a-dorog-bajnoki-bronzeremmel-tette-teljesse-a-sikeres-nb-ii-es-kvalifikaciot\\\/#primaryimage\"},\"image\":{\"@id\":\"https:\\\/\\\/dorogimedence.hu\\\/index.php\\\/2022\\\/06\\\/05\\\/40-eve-tortent-a-dorog-bajnoki-bronzeremmel-tette-teljesse-a-sikeres-nb-ii-es-kvalifikaciot\\\/#primaryimage\"},\"thumbnailUrl\":\"https:\\\/\\\/dorogimedence.hu\\\/wp-content\\\/uploads\\\/2022\\\/06\\\/169216_4995627217603_1746520676_o.jpg\",\"datePublished\":\"2022-06-05T07:09:03+00:00\",\"dateModified\":\"2022-06-05T15:38:19+00:00\",\"breadcrumb\":{\"@id\":\"https:\\\/\\\/dorogimedence.hu\\\/index.php\\\/2022\\\/06\\\/05\\\/40-eve-tortent-a-dorog-bajnoki-bronzeremmel-tette-teljesse-a-sikeres-nb-ii-es-kvalifikaciot\\\/#breadcrumb\"},\"inLanguage\":\"hu\",\"potentialAction\":[{\"@type\":\"ReadAction\",\"target\":[\"https:\\\/\\\/dorogimedence.hu\\\/index.php\\\/2022\\\/06\\\/05\\\/40-eve-tortent-a-dorog-bajnoki-bronzeremmel-tette-teljesse-a-sikeres-nb-ii-es-kvalifikaciot\\\/\"]}]},{\"@type\":\"ImageObject\",\"inLanguage\":\"hu\",\"@id\":\"https:\\\/\\\/dorogimedence.hu\\\/index.php\\\/2022\\\/06\\\/05\\\/40-eve-tortent-a-dorog-bajnoki-bronzeremmel-tette-teljesse-a-sikeres-nb-ii-es-kvalifikaciot\\\/#primaryimage\",\"url\":\"https:\\\/\\\/dorogimedence.hu\\\/wp-content\\\/uploads\\\/2022\\\/06\\\/169216_4995627217603_1746520676_o.jpg\",\"contentUrl\":\"https:\\\/\\\/dorogimedence.hu\\\/wp-content\\\/uploads\\\/2022\\\/06\\\/169216_4995627217603_1746520676_o.jpg\",\"width\":1632,\"height\":1040},{\"@type\":\"BreadcrumbList\",\"@id\":\"https:\\\/\\\/dorogimedence.hu\\\/index.php\\\/2022\\\/06\\\/05\\\/40-eve-tortent-a-dorog-bajnoki-bronzeremmel-tette-teljesse-a-sikeres-nb-ii-es-kvalifikaciot\\\/#breadcrumb\",\"itemListElement\":[{\"@type\":\"ListItem\",\"position\":1,\"name\":\"Kezd\u0151lap\",\"item\":\"https:\\\/\\\/dorogimedence.hu\\\/\"},{\"@type\":\"ListItem\",\"position\":2,\"name\":\"40 \u00e9ve t\u00f6rt\u00e9nt \u2013 A Dorog bajnoki bronz\u00e9remmel tette teljess\u00e9 a sikeres NB II-es kvalifik\u00e1ci\u00f3t\"}]},{\"@type\":\"WebSite\",\"@id\":\"https:\\\/\\\/dorogimedence.hu\\\/#website\",\"url\":\"https:\\\/\\\/dorogimedence.hu\\\/\",\"name\":\"Dorogi-medence Region\u00e1lis H\u00edrport\u00e1l\",\"description\":\"Dorog, Keszt\u00f6lc, Le\u00e1nyv\u00e1r, Piliscs\u00e9v, Tokod, Tokodalt\u00e1r\u00f3, Csolnok, Esztergom-kertv\u00e1ros: h\u00edrek, programok\",\"publisher\":{\"@id\":\"https:\\\/\\\/dorogimedence.hu\\\/#organization\"},\"potentialAction\":[{\"@type\":\"SearchAction\",\"target\":{\"@type\":\"EntryPoint\",\"urlTemplate\":\"https:\\\/\\\/dorogimedence.hu\\\/?s={search_term_string}\"},\"query-input\":{\"@type\":\"PropertyValueSpecification\",\"valueRequired\":true,\"valueName\":\"search_term_string\"}}],\"inLanguage\":\"hu\"},{\"@type\":\"Organization\",\"@id\":\"https:\\\/\\\/dorogimedence.hu\\\/#organization\",\"name\":\"Dorogi-medence Region\u00e1lis H\u00edrport\u00e1l\",\"url\":\"https:\\\/\\\/dorogimedence.hu\\\/\",\"logo\":{\"@type\":\"ImageObject\",\"inLanguage\":\"hu\",\"@id\":\"https:\\\/\\\/dorogimedence.hu\\\/#\\\/schema\\\/logo\\\/image\\\/\",\"url\":\"https:\\\/\\\/dorogimedence.hu\\\/wp-content\\\/uploads\\\/2021\\\/04\\\/logo-feher-600.png\",\"contentUrl\":\"https:\\\/\\\/dorogimedence.hu\\\/wp-content\\\/uploads\\\/2021\\\/04\\\/logo-feher-600.png\",\"width\":600,\"height\":100,\"caption\":\"Dorogi-medence Region\u00e1lis H\u00edrport\u00e1l\"},\"image\":{\"@id\":\"https:\\\/\\\/dorogimedence.hu\\\/#\\\/schema\\\/logo\\\/image\\\/\"},\"sameAs\":[\"https:\\\/\\\/www.facebook.com\\\/dorogimedence\\\/\"]},{\"@type\":\"Person\",\"@id\":\"https:\\\/\\\/dorogimedence.hu\\\/#\\\/schema\\\/person\\\/76605e8151ec1b7376385cd184ede973\",\"name\":\"Szab\u00f3 Gyula\",\"image\":{\"@type\":\"ImageObject\",\"inLanguage\":\"hu\",\"@id\":\"\\\/\\\/www.gravatar.com\\\/avatar\\\/3e44b6fb2ef9bcea3639958cc2a587cb?s=96&#038;r=g&#038;d=mm\",\"url\":\"\\\/\\\/www.gravatar.com\\\/avatar\\\/3e44b6fb2ef9bcea3639958cc2a587cb?s=96&#038;r=g&#038;d=mm\",\"contentUrl\":\"\\\/\\\/www.gravatar.com\\\/avatar\\\/3e44b6fb2ef9bcea3639958cc2a587cb?s=96&#038;r=g&#038;d=mm\",\"caption\":\"Szab\u00f3 Gyula\"}}]}<\/script>\n<!-- \/ Yoast SEO plugin. -->","yoast_head_json":{"title":"40 \u00e9ve t\u00f6rt\u00e9nt \u2013 A Dorog bajnoki bronz\u00e9remmel tette teljess\u00e9 a sikeres NB II-es kvalifik\u00e1ci\u00f3t","robots":{"index":"index","follow":"follow","max-snippet":"max-snippet:-1","max-image-preview":"max-image-preview:large","max-video-preview":"max-video-preview:-1"},"canonical":"https:\/\/dorogimedence.hu\/index.php\/2022\/06\/05\/40-eve-tortent-a-dorog-bajnoki-bronzeremmel-tette-teljesse-a-sikeres-nb-ii-es-kvalifikaciot\/","og_locale":"hu_HU","og_type":"article","og_title":"40 \u00e9ve t\u00f6rt\u00e9nt \u2013 A Dorog bajnoki bronz\u00e9remmel tette teljess\u00e9 a sikeres NB II-es kvalifik\u00e1ci\u00f3t","og_description":"Az 1981\u201382-es bajnoki \u00e9vadban az MLSZ szigor\u00fa l\u00e9tsz\u00e1mcs\u00f6kkent\u00e9se miatt csak az els\u0151 \u00f6t helyezett csapat harcolhatta ki a m\u00e1sodoszt\u00e1ly\u00fa tags\u00e1g\u00e1t a k\u00f6vetkez\u0151 id\u00e9nyre. A dorogi csapat magabiztosan teljes\u00edtette a neh\u00e9z felt\u00e9teleket, amelyet megfejelt a dobog\u00f3 harmadik fok\u00e1nak megszerz\u00e9s\u00e9vel \u00fagy, hogy sok\u00e1ig az MTK legnagyobb vet\u00e9lyt\u00e1rsa tudott lenni a bajnoki c\u00edm\u00e9rt val\u00f3 k\u00fczdelemben. A Magyar Labdar\u00fag\u00f3","og_url":"https:\/\/dorogimedence.hu\/index.php\/2022\/06\/05\/40-eve-tortent-a-dorog-bajnoki-bronzeremmel-tette-teljesse-a-sikeres-nb-ii-es-kvalifikaciot\/","og_site_name":"Dorogi-medence Region\u00e1lis H\u00edrport\u00e1l","article_publisher":"https:\/\/www.facebook.com\/dorogimedence\/","article_published_time":"2022-06-05T07:09:03+00:00","article_modified_time":"2022-06-05T15:38:19+00:00","og_image":[{"width":1632,"height":1040,"url":"https:\/\/i0.wp.com\/dorogimedence.hu\/wp-content\/uploads\/2022\/06\/169216_4995627217603_1746520676_o.jpg?fit=1632%2C1040&ssl=1","type":"image\/jpeg"}],"author":"Szab\u00f3 Gyula","twitter_card":"summary_large_image","twitter_misc":{"Szerz\u0151:":"Szab\u00f3 Gyula","Becs\u00fclt olvas\u00e1si id\u0151":"11 perc"},"schema":{"@context":"https:\/\/schema.org","@graph":[{"@type":"Article","@id":"https:\/\/dorogimedence.hu\/index.php\/2022\/06\/05\/40-eve-tortent-a-dorog-bajnoki-bronzeremmel-tette-teljesse-a-sikeres-nb-ii-es-kvalifikaciot\/#article","isPartOf":{"@id":"https:\/\/dorogimedence.hu\/index.php\/2022\/06\/05\/40-eve-tortent-a-dorog-bajnoki-bronzeremmel-tette-teljesse-a-sikeres-nb-ii-es-kvalifikaciot\/"},"author":{"name":"Szab\u00f3 Gyula","@id":"https:\/\/dorogimedence.hu\/#\/schema\/person\/76605e8151ec1b7376385cd184ede973"},"headline":"40 \u00e9ve t\u00f6rt\u00e9nt \u2013 A Dorog bajnoki bronz\u00e9remmel tette teljess\u00e9 a sikeres NB II-es kvalifik\u00e1ci\u00f3t","datePublished":"2022-06-05T07:09:03+00:00","dateModified":"2022-06-05T15:38:19+00:00","mainEntityOfPage":{"@id":"https:\/\/dorogimedence.hu\/index.php\/2022\/06\/05\/40-eve-tortent-a-dorog-bajnoki-bronzeremmel-tette-teljesse-a-sikeres-nb-ii-es-kvalifikaciot\/"},"wordCount":2181,"publisher":{"@id":"https:\/\/dorogimedence.hu\/#organization"},"image":{"@id":"https:\/\/dorogimedence.hu\/index.php\/2022\/06\/05\/40-eve-tortent-a-dorog-bajnoki-bronzeremmel-tette-teljesse-a-sikeres-nb-ii-es-kvalifikaciot\/#primaryimage"},"thumbnailUrl":"https:\/\/dorogimedence.hu\/wp-content\/uploads\/2022\/06\/169216_4995627217603_1746520676_o.jpg","keywords":["Dorog","Dorogi FC","foci","futball","labdar\u00fag\u00e1s","sport"],"articleSection":["Dorog","H\u00edrek","Kerek \u00e9vfordul\u00f3k","Sport"],"inLanguage":"hu"},{"@type":"WebPage","@id":"https:\/\/dorogimedence.hu\/index.php\/2022\/06\/05\/40-eve-tortent-a-dorog-bajnoki-bronzeremmel-tette-teljesse-a-sikeres-nb-ii-es-kvalifikaciot\/","url":"https:\/\/dorogimedence.hu\/index.php\/2022\/06\/05\/40-eve-tortent-a-dorog-bajnoki-bronzeremmel-tette-teljesse-a-sikeres-nb-ii-es-kvalifikaciot\/","name":"40 \u00e9ve t\u00f6rt\u00e9nt \u2013 A Dorog bajnoki bronz\u00e9remmel tette teljess\u00e9 a sikeres NB II-es kvalifik\u00e1ci\u00f3t","isPartOf":{"@id":"https:\/\/dorogimedence.hu\/#website"},"primaryImageOfPage":{"@id":"https:\/\/dorogimedence.hu\/index.php\/2022\/06\/05\/40-eve-tortent-a-dorog-bajnoki-bronzeremmel-tette-teljesse-a-sikeres-nb-ii-es-kvalifikaciot\/#primaryimage"},"image":{"@id":"https:\/\/dorogimedence.hu\/index.php\/2022\/06\/05\/40-eve-tortent-a-dorog-bajnoki-bronzeremmel-tette-teljesse-a-sikeres-nb-ii-es-kvalifikaciot\/#primaryimage"},"thumbnailUrl":"https:\/\/dorogimedence.hu\/wp-content\/uploads\/2022\/06\/169216_4995627217603_1746520676_o.jpg","datePublished":"2022-06-05T07:09:03+00:00","dateModified":"2022-06-05T15:38:19+00:00","breadcrumb":{"@id":"https:\/\/dorogimedence.hu\/index.php\/2022\/06\/05\/40-eve-tortent-a-dorog-bajnoki-bronzeremmel-tette-teljesse-a-sikeres-nb-ii-es-kvalifikaciot\/#breadcrumb"},"inLanguage":"hu","potentialAction":[{"@type":"ReadAction","target":["https:\/\/dorogimedence.hu\/index.php\/2022\/06\/05\/40-eve-tortent-a-dorog-bajnoki-bronzeremmel-tette-teljesse-a-sikeres-nb-ii-es-kvalifikaciot\/"]}]},{"@type":"ImageObject","inLanguage":"hu","@id":"https:\/\/dorogimedence.hu\/index.php\/2022\/06\/05\/40-eve-tortent-a-dorog-bajnoki-bronzeremmel-tette-teljesse-a-sikeres-nb-ii-es-kvalifikaciot\/#primaryimage","url":"https:\/\/dorogimedence.hu\/wp-content\/uploads\/2022\/06\/169216_4995627217603_1746520676_o.jpg","contentUrl":"https:\/\/dorogimedence.hu\/wp-content\/uploads\/2022\/06\/169216_4995627217603_1746520676_o.jpg","width":1632,"height":1040},{"@type":"BreadcrumbList","@id":"https:\/\/dorogimedence.hu\/index.php\/2022\/06\/05\/40-eve-tortent-a-dorog-bajnoki-bronzeremmel-tette-teljesse-a-sikeres-nb-ii-es-kvalifikaciot\/#breadcrumb","itemListElement":[{"@type":"ListItem","position":1,"name":"Kezd\u0151lap","item":"https:\/\/dorogimedence.hu\/"},{"@type":"ListItem","position":2,"name":"40 \u00e9ve t\u00f6rt\u00e9nt \u2013 A Dorog bajnoki bronz\u00e9remmel tette teljess\u00e9 a sikeres NB II-es kvalifik\u00e1ci\u00f3t"}]},{"@type":"WebSite","@id":"https:\/\/dorogimedence.hu\/#website","url":"https:\/\/dorogimedence.hu\/","name":"Dorogi-medence Region\u00e1lis H\u00edrport\u00e1l","description":"Dorog, Keszt\u00f6lc, Le\u00e1nyv\u00e1r, Piliscs\u00e9v, Tokod, Tokodalt\u00e1r\u00f3, Csolnok, Esztergom-kertv\u00e1ros: h\u00edrek, programok","publisher":{"@id":"https:\/\/dorogimedence.hu\/#organization"},"potentialAction":[{"@type":"SearchAction","target":{"@type":"EntryPoint","urlTemplate":"https:\/\/dorogimedence.hu\/?s={search_term_string}"},"query-input":{"@type":"PropertyValueSpecification","valueRequired":true,"valueName":"search_term_string"}}],"inLanguage":"hu"},{"@type":"Organization","@id":"https:\/\/dorogimedence.hu\/#organization","name":"Dorogi-medence Region\u00e1lis H\u00edrport\u00e1l","url":"https:\/\/dorogimedence.hu\/","logo":{"@type":"ImageObject","inLanguage":"hu","@id":"https:\/\/dorogimedence.hu\/#\/schema\/logo\/image\/","url":"https:\/\/dorogimedence.hu\/wp-content\/uploads\/2021\/04\/logo-feher-600.png","contentUrl":"https:\/\/dorogimedence.hu\/wp-content\/uploads\/2021\/04\/logo-feher-600.png","width":600,"height":100,"caption":"Dorogi-medence Region\u00e1lis H\u00edrport\u00e1l"},"image":{"@id":"https:\/\/dorogimedence.hu\/#\/schema\/logo\/image\/"},"sameAs":["https:\/\/www.facebook.com\/dorogimedence\/"]},{"@type":"Person","@id":"https:\/\/dorogimedence.hu\/#\/schema\/person\/76605e8151ec1b7376385cd184ede973","name":"Szab\u00f3 Gyula","image":{"@type":"ImageObject","inLanguage":"hu","@id":"\/\/www.gravatar.com\/avatar\/3e44b6fb2ef9bcea3639958cc2a587cb?s=96&#038;r=g&#038;d=mm","url":"\/\/www.gravatar.com\/avatar\/3e44b6fb2ef9bcea3639958cc2a587cb?s=96&#038;r=g&#038;d=mm","contentUrl":"\/\/www.gravatar.com\/avatar\/3e44b6fb2ef9bcea3639958cc2a587cb?s=96&#038;r=g&#038;d=mm","caption":"Szab\u00f3 Gyula"}}]}},"_links":{"self":[{"href":"https:\/\/dorogimedence.hu\/index.php\/wp-json\/wp\/v2\/posts\/43245","targetHints":{"allow":["GET"]}}],"collection":[{"href":"https:\/\/dorogimedence.hu\/index.php\/wp-json\/wp\/v2\/posts"}],"about":[{"href":"https:\/\/dorogimedence.hu\/index.php\/wp-json\/wp\/v2\/types\/post"}],"author":[{"embeddable":true,"href":"https:\/\/dorogimedence.hu\/index.php\/wp-json\/wp\/v2\/users\/4"}],"replies":[{"embeddable":true,"href":"https:\/\/dorogimedence.hu\/index.php\/wp-json\/wp\/v2\/comments?post=43245"}],"version-history":[{"count":0,"href":"https:\/\/dorogimedence.hu\/index.php\/wp-json\/wp\/v2\/posts\/43245\/revisions"}],"wp:featuredmedia":[{"embeddable":true,"href":"https:\/\/dorogimedence.hu\/index.php\/wp-json\/wp\/v2\/media\/43389"}],"wp:attachment":[{"href":"https:\/\/dorogimedence.hu\/index.php\/wp-json\/wp\/v2\/media?parent=43245"}],"wp:term":[{"taxonomy":"category","embeddable":true,"href":"https:\/\/dorogimedence.hu\/index.php\/wp-json\/wp\/v2\/categories?post=43245"},{"taxonomy":"post_tag","embeddable":true,"href":"https:\/\/dorogimedence.hu\/index.php\/wp-json\/wp\/v2\/tags?post=43245"}],"curies":[{"name":"wp","href":"https:\/\/api.w.org\/{rel}","templated":true}]}}