{"id":43082,"date":"2022-05-26T10:18:48","date_gmt":"2022-05-26T08:18:48","guid":{"rendered":"https:\/\/dorogimedence.hu\/?p=43082"},"modified":"2022-05-26T10:21:43","modified_gmt":"2022-05-26T08:21:43","slug":"szabadteri-installacioval-hivja-fel-a-figyelmet-vizeink-vedelmere-a-magyar-suzuki","status":"publish","type":"post","link":"https:\/\/dorogimedence.hu\/index.php\/2022\/05\/26\/szabadteri-installacioval-hivja-fel-a-figyelmet-vizeink-vedelmere-a-magyar-suzuki\/","title":{"rendered":"Szabadt\u00e9ri install\u00e1ci\u00f3val h\u00edvja fel a figyelmet vizeink v\u00e9delm\u00e9re a Magyar Suzuki"},"content":{"rendered":"<p><strong>Szeptember v\u00e9g\u00e9ig lesz l\u00e1that\u00f3 az esztergomi Erzs\u00e9bet parkban az a k\u00fcl\u00f6nleges fot\u00f3install\u00e1ci\u00f3, amellyel a vizeink tisztas\u00e1g\u00e1nak meg\u0151rz\u00e9s\u00e9re h\u00edvja fel a figyelmet a Magyar Suzuki. A fot\u00f3t\u00f6rt\u00e9neti k\u00e9palkot\u00e1si m\u00f3dszert id\u00e9z\u0151 k\u00f6zt\u00e9ri alkot\u00e1s 12 fot\u00f3j\u00e1t a nap f\u00e9nye vil\u00e1g\u00edtja \u00e1t, \u00edgy k\u00fcl\u00f6nb\u00f6z\u0151 napszakban \u00e9s id\u0151j\u00e1r\u00e1si k\u00f6r\u00fclm\u00e9nyek k\u00f6z\u00f6tt m\u00e1s-m\u00e1s atmoszf\u00e9r\u00e1t teremtve k\u00f6zvet\u00edti a Duna menti term\u00e9szet p\u00e1ratlan sz\u00e9ps\u00e9g\u00e9t.<\/strong><\/p>\n<p>A Magyar Suzuki a Paradigma Ariadn\u00e9 \u00e9p\u00edt\u00e9szirod\u00e1t k\u00e9rte fel a \u201eK\u00f6z\u00f6s kincs\u00fcnk a Duna\u201d c\u00edm\u0171 alkot\u00e1s megtervez\u00e9s\u00e9re, a fot\u00f3kat Guly\u00e1s Attila term\u00e9szetfot\u00f3s k\u00e9sz\u00edtette. A tervez\u0151ket a klasszikus fot\u00f3t\u00f6rt\u00e9neti m\u00f3dszerek, mint a f\u00e9nyk\u00fap \u00e9s a camera obscura inspir\u00e1lta \u2013 ezek k\u00e9palkot\u00e1si elj\u00e1r\u00e1s\u00e1t id\u00e9zi az az alulr\u00f3l nyitott, \u00e9l\u00e9re ford\u00edtott g\u00fala, amelynek homlokfel\u00fclet\u00e9n 12, a Duna magyarorsz\u00e1gi szakasz\u00e1n k\u00e9sz\u00fclt fot\u00f3 kapott helyet. A g\u00fala v\u00f6r\u00f6sre festett deszkaburkolata Esztergom c\u00edmer\u00e9nek sz\u00edn\u00e9t k\u00f6veti, m\u00edg a g\u00fal\u00e1t t\u00e1maszt\u00f3 uszad\u00e9kfa a foly\u00f3 el\u0151tt tiszteleg. A fot\u00f3kat olyan plexilapra nyomt\u00e1k, amelyek engedik \u00e1tsz\u0171r\u0151dni a nap f\u00e9ny\u00e9t, \u00edgy az alkot\u00e1s a nap minden szakasz\u00e1ban, illetve elt\u00e9r\u0151 id\u0151j\u00e1r\u00e1si viszonyok k\u00f6z\u00f6tt is k\u00fcl\u00f6nb\u00f6z\u0151 hangulatot, l\u00e1tv\u00e1nyt k\u00f6zvet\u00edt.<\/p>\n<p>\u201eAz Erzs\u00e9bet parkba tervezett install\u00e1ci\u00f3val a k\u00f6zt\u00e9ri ki\u00e1ll\u00edt\u00e1s m\u0171faji hat\u00e1rait szerett\u00fck volna kit\u00e1g\u00edtani. A c\u00e9l az volt, hogy a v\u00e1ros k\u00f6ztereit haszn\u00e1l\u00f3kat kiz\u00f6kkents\u00fck a megszokott rutinjukb\u00f3l egy olyan alkot\u00e1ssal, amely azonnal mag\u00e1ra vonja a figyelmet, felkelti a k\u00edv\u00e1ncsis\u00e1got, m\u00e9gsem idegen a k\u00f6rnyezet\u00e9t\u0151l\u201d \u2013 emelte ki Cs\u00f3ka Attila, a nemzetk\u00f6zi \u00e9p\u00edt\u00e9szeti ki\u00e1ll\u00edt\u00e1sok \u00e9s bienn\u00e1l\u00e9k rendszeres szerepl\u0151j\u00e9nek sz\u00e1m\u00edt\u00f3 Paradigma Ariadn\u00e9 \u00e9p\u00edt\u00e9sze az install\u00e1ci\u00f3 megnyit\u00f3j\u00e1n.<\/p>\n<p><img fetchpriority=\"high\" decoding=\"async\" class=\"alignnone size-large wp-image-43084\" src=\"https:\/\/dorogimedence.hu\/wp-content\/uploads\/2022\/05\/Suzuki-Clean-Up-2-1024x682.jpg\" alt=\"\" width=\"755\" height=\"503\" srcset=\"https:\/\/dorogimedence.hu\/wp-content\/uploads\/2022\/05\/Suzuki-Clean-Up-2-1024x682.jpg 1024w, https:\/\/dorogimedence.hu\/wp-content\/uploads\/2022\/05\/Suzuki-Clean-Up-2-300x200.jpg 300w, https:\/\/dorogimedence.hu\/wp-content\/uploads\/2022\/05\/Suzuki-Clean-Up-2-768x512.jpg 768w, https:\/\/dorogimedence.hu\/wp-content\/uploads\/2022\/05\/Suzuki-Clean-Up-2-150x100.jpg 150w, https:\/\/dorogimedence.hu\/wp-content\/uploads\/2022\/05\/Suzuki-Clean-Up-2-450x300.jpg 450w, https:\/\/dorogimedence.hu\/wp-content\/uploads\/2022\/05\/Suzuki-Clean-Up-2-272x182.jpg 272w, https:\/\/dorogimedence.hu\/wp-content\/uploads\/2022\/05\/Suzuki-Clean-Up-2.jpg 1153w\" sizes=\"(max-width: 755px) 100vw, 755px\" \/><\/p>\n<p>Guly\u00e1s Attila fot\u00f3s felk\u00e9r\u00e9s\u00e9t is ugyanaz a k\u00eds\u00e9rletez\u0151 szeml\u00e9let indokolta, mint a tervez\u0151k\u00e9t. A fotogr\u00e1fus el\u0151szeretettel keresi a geometriai form\u00e1kat, ritmusokat fot\u00f3iban. A k\u00e9pek k\u00e9sz\u00edt\u00e9sekor arra t\u00f6rekedett, hogy v\u00e9letlenszer\u0171 helyeket felfedezve mutassa meg az \u00e1rterek \u00e9s \u00f6bl\u00f6zetek ismeretlen csod\u00e1it a Duna ment\u00e9n.<\/p>\n<p>A ki\u00e1ll\u00edt\u00e1s \u00fczenet\u00e9\u00e9rt \u00e9s kreat\u00edv koncepci\u00f3j\u00e1\u00e9rt a Cluso Kreat\u00edv \u00fcgyn\u00f6ks\u00e9g felelt. A sz\u00f6veges inform\u00e1ci\u00f3inak \u00f6ssze\u00e1ll\u00edt\u00e1s\u00e1ban a Duna M\u00fazeum ny\u00fajtott szakmai seg\u00edts\u00e9get.<\/p>\n<p>Bonn\u00e1r-Csonka Zsuzsanna, a Magyar Suzuki Zrt. v\u00e1llalati kommunik\u00e1ci\u00f3s vezet\u0151je az esztergomi v\u00e1llalat szerepv\u00e1llal\u00e1s\u00e1t hangs\u00falyozta. \u201eAnyav\u00e1llalatunk, a Suzuki Motor Corporation hagyom\u00e1nyosan sokat tesz a F\u00f6ld vizeinek meg\u00f3v\u00e1s\u00e1\u00e9rt. A Jap\u00e1nb\u00f3l t\u00f6bb mint t\u00edz \u00e9vvel ezel\u0151tt indult nemzetk\u00f6zi Clean Up the World kezdem\u00e9nyez\u00e9s c\u00e9lja a vizek tisztas\u00e1g\u00e1nak meg\u0151rz\u00e9se. A nemzetk\u00f6zi projekthez kapcsol\u00f3dva legut\u00f3bb marine \u00fczlet\u00e1gunk az esztergomi Palatinus-t\u00f3 partj\u00e1t szabad\u00edtotta meg mintegy 1 kont\u00e9nernyi hullad\u00e9kt\u00f3l. Az install\u00e1ci\u00f3val c\u00e9lunk a figyelemfelkelt\u00e9s, hogy min\u00e9l t\u00f6bbekben tudatos\u00edtsuk, k\u00f6z\u00f6s felel\u0151ss\u00e9g\u00fcnk meg\u00f3vni vizeinket illetve k\u00f6rnyezet\u00fcnket.\u201d<\/p>\n<p>A \u201eK\u00f6z\u00f6s kincs\u00fcnk a Duna\u201d install\u00e1ci\u00f3 \u00e9s ki\u00e1ll\u00edt\u00e1s 2022. m\u00e1jus 25-\u00e9t\u0151l szeptember v\u00e9g\u00e9ig l\u00e1togathat\u00f3 az esztergomi Erzs\u00e9bet-parkban. Lebont\u00e1sa ut\u00e1n az alkot\u00f3k a felhaszn\u00e1lt anyagokat \u00fajrahasznos\u00edtj\u00e1k.<\/p>\n<p><strong><u>K\u00d6Z\u00d6S KINCS\u00dcNK, A DUNA <\/u><\/strong><\/p>\n<p>MEGRENDEL\u0150: MAGYAR SUZUKI ZRT.<br \/>\nKONCEPCI\u00d3: CLUSO<br \/>\nMENEDZSMENT: BALKA<br \/>\nINSTALL\u00c1CI\u00d3: PARADIGMA ARIADN\u00c9<br \/>\nFOT\u00d3: GULY\u00c1S ATTILA<br \/>\nGRAFIKA: NAGYILL\u00c9S AM\u00c1LIA<br \/>\nNYOMDA: GRAVUS<br \/>\nSZAKMAI PARTNER: DUNA M\u00daZEUM<\/p>\n","protected":false},"excerpt":{"rendered":"<p>Szeptember v\u00e9g\u00e9ig lesz l\u00e1that\u00f3 az esztergomi Erzs\u00e9bet parkban az a k\u00fcl\u00f6nleges fot\u00f3install\u00e1ci\u00f3, amellyel a vizeink tisztas\u00e1g\u00e1nak meg\u0151rz\u00e9s\u00e9re h\u00edvja fel a figyelmet a Magyar Suzuki. A fot\u00f3t\u00f6rt\u00e9neti k\u00e9palkot\u00e1si m\u00f3dszert id\u00e9z\u0151 k\u00f6zt\u00e9ri alkot\u00e1s 12 fot\u00f3j\u00e1t a nap f\u00e9nye vil\u00e1g\u00edtja \u00e1t, \u00edgy k\u00fcl\u00f6nb\u00f6z\u0151 napszakban \u00e9s id\u0151j\u00e1r\u00e1si k\u00f6r\u00fclm\u00e9nyek k\u00f6z\u00f6tt m\u00e1s-m\u00e1s atmoszf\u00e9r\u00e1t teremtve k\u00f6zvet\u00edti a Duna menti term\u00e9szet p\u00e1ratlan sz\u00e9ps\u00e9g\u00e9t.<\/p>\n","protected":false},"author":1,"featured_media":43083,"comment_status":"closed","ping_status":"closed","sticky":false,"template":"","format":"standard","meta":{"ngg_post_thumbnail":0,"footnotes":""},"categories":[38,3],"tags":[42,5624,6476,194,4792,261],"class_list":{"0":"post-43082","1":"post","2":"type-post","3":"status-publish","4":"format-standard","5":"has-post-thumbnail","7":"category-esztergom","8":"category-hirek","9":"tag-esztergom","10":"tag-featured","11":"tag-installacio","12":"tag-kiallitas","13":"tag-magyar-suzuki","14":"tag-suzuki"},"yoast_head":"<!-- This site is optimized with the Yoast SEO plugin v27.5 - https:\/\/yoast.com\/product\/yoast-seo-wordpress\/ -->\n<title>Szabadt\u00e9ri install\u00e1ci\u00f3val h\u00edvja fel a figyelmet vizeink v\u00e9delm\u00e9re a Magyar Suzuki<\/title>\n<meta name=\"robots\" content=\"index, follow, max-snippet:-1, max-image-preview:large, max-video-preview:-1\" \/>\n<link rel=\"canonical\" href=\"https:\/\/dorogimedence.hu\/index.php\/2022\/05\/26\/szabadteri-installacioval-hivja-fel-a-figyelmet-vizeink-vedelmere-a-magyar-suzuki\/\" class=\"yoast-seo-meta-tag\" \/>\n<meta property=\"og:locale\" content=\"hu_HU\" class=\"yoast-seo-meta-tag\" \/>\n<meta property=\"og:type\" content=\"article\" class=\"yoast-seo-meta-tag\" \/>\n<meta property=\"og:title\" content=\"Szabadt\u00e9ri install\u00e1ci\u00f3val h\u00edvja fel a figyelmet vizeink v\u00e9delm\u00e9re a Magyar Suzuki\" class=\"yoast-seo-meta-tag\" \/>\n<meta property=\"og:description\" content=\"Szeptember v\u00e9g\u00e9ig lesz l\u00e1that\u00f3 az esztergomi Erzs\u00e9bet parkban az a k\u00fcl\u00f6nleges fot\u00f3install\u00e1ci\u00f3, amellyel a vizeink tisztas\u00e1g\u00e1nak meg\u0151rz\u00e9s\u00e9re h\u00edvja fel a figyelmet a Magyar Suzuki. A fot\u00f3t\u00f6rt\u00e9neti k\u00e9palkot\u00e1si m\u00f3dszert id\u00e9z\u0151 k\u00f6zt\u00e9ri alkot\u00e1s 12 fot\u00f3j\u00e1t a nap f\u00e9nye vil\u00e1g\u00edtja \u00e1t, \u00edgy k\u00fcl\u00f6nb\u00f6z\u0151 napszakban \u00e9s id\u0151j\u00e1r\u00e1si k\u00f6r\u00fclm\u00e9nyek k\u00f6z\u00f6tt m\u00e1s-m\u00e1s atmoszf\u00e9r\u00e1t teremtve k\u00f6zvet\u00edti a Duna menti term\u00e9szet p\u00e1ratlan sz\u00e9ps\u00e9g\u00e9t.\" class=\"yoast-seo-meta-tag\" \/>\n<meta property=\"og:url\" content=\"https:\/\/dorogimedence.hu\/index.php\/2022\/05\/26\/szabadteri-installacioval-hivja-fel-a-figyelmet-vizeink-vedelmere-a-magyar-suzuki\/\" class=\"yoast-seo-meta-tag\" \/>\n<meta property=\"og:site_name\" content=\"Dorogi-medence Region\u00e1lis H\u00edrport\u00e1l\" class=\"yoast-seo-meta-tag\" \/>\n<meta property=\"article:publisher\" content=\"https:\/\/www.facebook.com\/dorogimedence\/\" class=\"yoast-seo-meta-tag\" \/>\n<meta property=\"article:published_time\" content=\"2022-05-26T08:18:48+00:00\" class=\"yoast-seo-meta-tag\" \/>\n<meta property=\"article:modified_time\" content=\"2022-05-26T08:21:43+00:00\" class=\"yoast-seo-meta-tag\" \/>\n<meta property=\"og:image\" content=\"https:\/\/i0.wp.com\/dorogimedence.hu\/wp-content\/uploads\/2022\/05\/Suzuki-Clean-Up.jpg?fit=1392%2C928&ssl=1\" class=\"yoast-seo-meta-tag\" \/>\n\t<meta property=\"og:image:width\" content=\"1392\" class=\"yoast-seo-meta-tag\" \/>\n\t<meta property=\"og:image:height\" content=\"928\" class=\"yoast-seo-meta-tag\" \/>\n\t<meta property=\"og:image:type\" content=\"image\/jpeg\" class=\"yoast-seo-meta-tag\" \/>\n<meta name=\"author\" content=\"dorogimedence.hu\" class=\"yoast-seo-meta-tag\" \/>\n<meta name=\"twitter:card\" content=\"summary_large_image\" class=\"yoast-seo-meta-tag\" \/>\n<meta name=\"twitter:label1\" content=\"Szerz\u0151:\" class=\"yoast-seo-meta-tag\" \/>\n\t<meta name=\"twitter:data1\" content=\"dorogimedence.hu\" class=\"yoast-seo-meta-tag\" \/>\n\t<meta name=\"twitter:label2\" content=\"Becs\u00fclt olvas\u00e1si id\u0151\" class=\"yoast-seo-meta-tag\" \/>\n\t<meta name=\"twitter:data2\" content=\"4 perc\" class=\"yoast-seo-meta-tag\" \/>\n<script type=\"application\/ld+json\" class=\"yoast-schema-graph\">{\"@context\":\"https:\\\/\\\/schema.org\",\"@graph\":[{\"@type\":\"Article\",\"@id\":\"https:\\\/\\\/dorogimedence.hu\\\/index.php\\\/2022\\\/05\\\/26\\\/szabadteri-installacioval-hivja-fel-a-figyelmet-vizeink-vedelmere-a-magyar-suzuki\\\/#article\",\"isPartOf\":{\"@id\":\"https:\\\/\\\/dorogimedence.hu\\\/index.php\\\/2022\\\/05\\\/26\\\/szabadteri-installacioval-hivja-fel-a-figyelmet-vizeink-vedelmere-a-magyar-suzuki\\\/\"},\"author\":{\"name\":\"dorogimedence.hu\",\"@id\":\"https:\\\/\\\/dorogimedence.hu\\\/#\\\/schema\\\/person\\\/ce6091eeb7e95ecdc87890d6aa8e0fd4\"},\"headline\":\"Szabadt\u00e9ri install\u00e1ci\u00f3val h\u00edvja fel a figyelmet vizeink v\u00e9delm\u00e9re a Magyar Suzuki\",\"datePublished\":\"2022-05-26T08:18:48+00:00\",\"dateModified\":\"2022-05-26T08:21:43+00:00\",\"mainEntityOfPage\":{\"@id\":\"https:\\\/\\\/dorogimedence.hu\\\/index.php\\\/2022\\\/05\\\/26\\\/szabadteri-installacioval-hivja-fel-a-figyelmet-vizeink-vedelmere-a-magyar-suzuki\\\/\"},\"wordCount\":726,\"publisher\":{\"@id\":\"https:\\\/\\\/dorogimedence.hu\\\/#organization\"},\"image\":{\"@id\":\"https:\\\/\\\/dorogimedence.hu\\\/index.php\\\/2022\\\/05\\\/26\\\/szabadteri-installacioval-hivja-fel-a-figyelmet-vizeink-vedelmere-a-magyar-suzuki\\\/#primaryimage\"},\"thumbnailUrl\":\"https:\\\/\\\/dorogimedence.hu\\\/wp-content\\\/uploads\\\/2022\\\/05\\\/Suzuki-Clean-Up.jpg\",\"keywords\":[\"esztergom\",\"featured\",\"install\u00e1ci\u00f3\",\"ki\u00e1ll\u00edt\u00e1s\",\"Magyar Suzuki\",\"Suzuki\"],\"articleSection\":[\"Esztergom\",\"H\u00edrek\"],\"inLanguage\":\"hu\"},{\"@type\":\"WebPage\",\"@id\":\"https:\\\/\\\/dorogimedence.hu\\\/index.php\\\/2022\\\/05\\\/26\\\/szabadteri-installacioval-hivja-fel-a-figyelmet-vizeink-vedelmere-a-magyar-suzuki\\\/\",\"url\":\"https:\\\/\\\/dorogimedence.hu\\\/index.php\\\/2022\\\/05\\\/26\\\/szabadteri-installacioval-hivja-fel-a-figyelmet-vizeink-vedelmere-a-magyar-suzuki\\\/\",\"name\":\"Szabadt\u00e9ri install\u00e1ci\u00f3val h\u00edvja fel a figyelmet vizeink v\u00e9delm\u00e9re a Magyar Suzuki\",\"isPartOf\":{\"@id\":\"https:\\\/\\\/dorogimedence.hu\\\/#website\"},\"primaryImageOfPage\":{\"@id\":\"https:\\\/\\\/dorogimedence.hu\\\/index.php\\\/2022\\\/05\\\/26\\\/szabadteri-installacioval-hivja-fel-a-figyelmet-vizeink-vedelmere-a-magyar-suzuki\\\/#primaryimage\"},\"image\":{\"@id\":\"https:\\\/\\\/dorogimedence.hu\\\/index.php\\\/2022\\\/05\\\/26\\\/szabadteri-installacioval-hivja-fel-a-figyelmet-vizeink-vedelmere-a-magyar-suzuki\\\/#primaryimage\"},\"thumbnailUrl\":\"https:\\\/\\\/dorogimedence.hu\\\/wp-content\\\/uploads\\\/2022\\\/05\\\/Suzuki-Clean-Up.jpg\",\"datePublished\":\"2022-05-26T08:18:48+00:00\",\"dateModified\":\"2022-05-26T08:21:43+00:00\",\"breadcrumb\":{\"@id\":\"https:\\\/\\\/dorogimedence.hu\\\/index.php\\\/2022\\\/05\\\/26\\\/szabadteri-installacioval-hivja-fel-a-figyelmet-vizeink-vedelmere-a-magyar-suzuki\\\/#breadcrumb\"},\"inLanguage\":\"hu\",\"potentialAction\":[{\"@type\":\"ReadAction\",\"target\":[\"https:\\\/\\\/dorogimedence.hu\\\/index.php\\\/2022\\\/05\\\/26\\\/szabadteri-installacioval-hivja-fel-a-figyelmet-vizeink-vedelmere-a-magyar-suzuki\\\/\"]}]},{\"@type\":\"ImageObject\",\"inLanguage\":\"hu\",\"@id\":\"https:\\\/\\\/dorogimedence.hu\\\/index.php\\\/2022\\\/05\\\/26\\\/szabadteri-installacioval-hivja-fel-a-figyelmet-vizeink-vedelmere-a-magyar-suzuki\\\/#primaryimage\",\"url\":\"https:\\\/\\\/dorogimedence.hu\\\/wp-content\\\/uploads\\\/2022\\\/05\\\/Suzuki-Clean-Up.jpg\",\"contentUrl\":\"https:\\\/\\\/dorogimedence.hu\\\/wp-content\\\/uploads\\\/2022\\\/05\\\/Suzuki-Clean-Up.jpg\",\"width\":1392,\"height\":928},{\"@type\":\"BreadcrumbList\",\"@id\":\"https:\\\/\\\/dorogimedence.hu\\\/index.php\\\/2022\\\/05\\\/26\\\/szabadteri-installacioval-hivja-fel-a-figyelmet-vizeink-vedelmere-a-magyar-suzuki\\\/#breadcrumb\",\"itemListElement\":[{\"@type\":\"ListItem\",\"position\":1,\"name\":\"Kezd\u0151lap\",\"item\":\"https:\\\/\\\/dorogimedence.hu\\\/\"},{\"@type\":\"ListItem\",\"position\":2,\"name\":\"Szabadt\u00e9ri install\u00e1ci\u00f3val h\u00edvja fel a figyelmet vizeink v\u00e9delm\u00e9re a Magyar Suzuki\"}]},{\"@type\":\"WebSite\",\"@id\":\"https:\\\/\\\/dorogimedence.hu\\\/#website\",\"url\":\"https:\\\/\\\/dorogimedence.hu\\\/\",\"name\":\"Dorogi-medence Region\u00e1lis H\u00edrport\u00e1l\",\"description\":\"Dorog, Keszt\u00f6lc, Le\u00e1nyv\u00e1r, Piliscs\u00e9v, Tokod, Tokodalt\u00e1r\u00f3, Csolnok, Esztergom-kertv\u00e1ros: h\u00edrek, programok\",\"publisher\":{\"@id\":\"https:\\\/\\\/dorogimedence.hu\\\/#organization\"},\"potentialAction\":[{\"@type\":\"SearchAction\",\"target\":{\"@type\":\"EntryPoint\",\"urlTemplate\":\"https:\\\/\\\/dorogimedence.hu\\\/?s={search_term_string}\"},\"query-input\":{\"@type\":\"PropertyValueSpecification\",\"valueRequired\":true,\"valueName\":\"search_term_string\"}}],\"inLanguage\":\"hu\"},{\"@type\":\"Organization\",\"@id\":\"https:\\\/\\\/dorogimedence.hu\\\/#organization\",\"name\":\"Dorogi-medence Region\u00e1lis H\u00edrport\u00e1l\",\"url\":\"https:\\\/\\\/dorogimedence.hu\\\/\",\"logo\":{\"@type\":\"ImageObject\",\"inLanguage\":\"hu\",\"@id\":\"https:\\\/\\\/dorogimedence.hu\\\/#\\\/schema\\\/logo\\\/image\\\/\",\"url\":\"https:\\\/\\\/dorogimedence.hu\\\/wp-content\\\/uploads\\\/2021\\\/04\\\/logo-feher-600.png\",\"contentUrl\":\"https:\\\/\\\/dorogimedence.hu\\\/wp-content\\\/uploads\\\/2021\\\/04\\\/logo-feher-600.png\",\"width\":600,\"height\":100,\"caption\":\"Dorogi-medence Region\u00e1lis H\u00edrport\u00e1l\"},\"image\":{\"@id\":\"https:\\\/\\\/dorogimedence.hu\\\/#\\\/schema\\\/logo\\\/image\\\/\"},\"sameAs\":[\"https:\\\/\\\/www.facebook.com\\\/dorogimedence\\\/\"]},{\"@type\":\"Person\",\"@id\":\"https:\\\/\\\/dorogimedence.hu\\\/#\\\/schema\\\/person\\\/ce6091eeb7e95ecdc87890d6aa8e0fd4\",\"name\":\"dorogimedence.hu\",\"image\":{\"@type\":\"ImageObject\",\"inLanguage\":\"hu\",\"@id\":\"\\\/\\\/www.gravatar.com\\\/avatar\\\/d8d45f8901aadff40a4af72c0b826f1d?s=96&#038;r=g&#038;d=mm\",\"url\":\"\\\/\\\/www.gravatar.com\\\/avatar\\\/d8d45f8901aadff40a4af72c0b826f1d?s=96&#038;r=g&#038;d=mm\",\"contentUrl\":\"\\\/\\\/www.gravatar.com\\\/avatar\\\/d8d45f8901aadff40a4af72c0b826f1d?s=96&#038;r=g&#038;d=mm\",\"caption\":\"dorogimedence.hu\"}}]}<\/script>\n<!-- \/ Yoast SEO plugin. -->","yoast_head_json":{"title":"Szabadt\u00e9ri install\u00e1ci\u00f3val h\u00edvja fel a figyelmet vizeink v\u00e9delm\u00e9re a Magyar Suzuki","robots":{"index":"index","follow":"follow","max-snippet":"max-snippet:-1","max-image-preview":"max-image-preview:large","max-video-preview":"max-video-preview:-1"},"canonical":"https:\/\/dorogimedence.hu\/index.php\/2022\/05\/26\/szabadteri-installacioval-hivja-fel-a-figyelmet-vizeink-vedelmere-a-magyar-suzuki\/","og_locale":"hu_HU","og_type":"article","og_title":"Szabadt\u00e9ri install\u00e1ci\u00f3val h\u00edvja fel a figyelmet vizeink v\u00e9delm\u00e9re a Magyar Suzuki","og_description":"Szeptember v\u00e9g\u00e9ig lesz l\u00e1that\u00f3 az esztergomi Erzs\u00e9bet parkban az a k\u00fcl\u00f6nleges fot\u00f3install\u00e1ci\u00f3, amellyel a vizeink tisztas\u00e1g\u00e1nak meg\u0151rz\u00e9s\u00e9re h\u00edvja fel a figyelmet a Magyar Suzuki. A fot\u00f3t\u00f6rt\u00e9neti k\u00e9palkot\u00e1si m\u00f3dszert id\u00e9z\u0151 k\u00f6zt\u00e9ri alkot\u00e1s 12 fot\u00f3j\u00e1t a nap f\u00e9nye vil\u00e1g\u00edtja \u00e1t, \u00edgy k\u00fcl\u00f6nb\u00f6z\u0151 napszakban \u00e9s id\u0151j\u00e1r\u00e1si k\u00f6r\u00fclm\u00e9nyek k\u00f6z\u00f6tt m\u00e1s-m\u00e1s atmoszf\u00e9r\u00e1t teremtve k\u00f6zvet\u00edti a Duna menti term\u00e9szet p\u00e1ratlan sz\u00e9ps\u00e9g\u00e9t.","og_url":"https:\/\/dorogimedence.hu\/index.php\/2022\/05\/26\/szabadteri-installacioval-hivja-fel-a-figyelmet-vizeink-vedelmere-a-magyar-suzuki\/","og_site_name":"Dorogi-medence Region\u00e1lis H\u00edrport\u00e1l","article_publisher":"https:\/\/www.facebook.com\/dorogimedence\/","article_published_time":"2022-05-26T08:18:48+00:00","article_modified_time":"2022-05-26T08:21:43+00:00","og_image":[{"width":1392,"height":928,"url":"https:\/\/i0.wp.com\/dorogimedence.hu\/wp-content\/uploads\/2022\/05\/Suzuki-Clean-Up.jpg?fit=1392%2C928&ssl=1","type":"image\/jpeg"}],"author":"dorogimedence.hu","twitter_card":"summary_large_image","twitter_misc":{"Szerz\u0151:":"dorogimedence.hu","Becs\u00fclt olvas\u00e1si id\u0151":"4 perc"},"schema":{"@context":"https:\/\/schema.org","@graph":[{"@type":"Article","@id":"https:\/\/dorogimedence.hu\/index.php\/2022\/05\/26\/szabadteri-installacioval-hivja-fel-a-figyelmet-vizeink-vedelmere-a-magyar-suzuki\/#article","isPartOf":{"@id":"https:\/\/dorogimedence.hu\/index.php\/2022\/05\/26\/szabadteri-installacioval-hivja-fel-a-figyelmet-vizeink-vedelmere-a-magyar-suzuki\/"},"author":{"name":"dorogimedence.hu","@id":"https:\/\/dorogimedence.hu\/#\/schema\/person\/ce6091eeb7e95ecdc87890d6aa8e0fd4"},"headline":"Szabadt\u00e9ri install\u00e1ci\u00f3val h\u00edvja fel a figyelmet vizeink v\u00e9delm\u00e9re a Magyar Suzuki","datePublished":"2022-05-26T08:18:48+00:00","dateModified":"2022-05-26T08:21:43+00:00","mainEntityOfPage":{"@id":"https:\/\/dorogimedence.hu\/index.php\/2022\/05\/26\/szabadteri-installacioval-hivja-fel-a-figyelmet-vizeink-vedelmere-a-magyar-suzuki\/"},"wordCount":726,"publisher":{"@id":"https:\/\/dorogimedence.hu\/#organization"},"image":{"@id":"https:\/\/dorogimedence.hu\/index.php\/2022\/05\/26\/szabadteri-installacioval-hivja-fel-a-figyelmet-vizeink-vedelmere-a-magyar-suzuki\/#primaryimage"},"thumbnailUrl":"https:\/\/dorogimedence.hu\/wp-content\/uploads\/2022\/05\/Suzuki-Clean-Up.jpg","keywords":["esztergom","featured","install\u00e1ci\u00f3","ki\u00e1ll\u00edt\u00e1s","Magyar Suzuki","Suzuki"],"articleSection":["Esztergom","H\u00edrek"],"inLanguage":"hu"},{"@type":"WebPage","@id":"https:\/\/dorogimedence.hu\/index.php\/2022\/05\/26\/szabadteri-installacioval-hivja-fel-a-figyelmet-vizeink-vedelmere-a-magyar-suzuki\/","url":"https:\/\/dorogimedence.hu\/index.php\/2022\/05\/26\/szabadteri-installacioval-hivja-fel-a-figyelmet-vizeink-vedelmere-a-magyar-suzuki\/","name":"Szabadt\u00e9ri install\u00e1ci\u00f3val h\u00edvja fel a figyelmet vizeink v\u00e9delm\u00e9re a Magyar Suzuki","isPartOf":{"@id":"https:\/\/dorogimedence.hu\/#website"},"primaryImageOfPage":{"@id":"https:\/\/dorogimedence.hu\/index.php\/2022\/05\/26\/szabadteri-installacioval-hivja-fel-a-figyelmet-vizeink-vedelmere-a-magyar-suzuki\/#primaryimage"},"image":{"@id":"https:\/\/dorogimedence.hu\/index.php\/2022\/05\/26\/szabadteri-installacioval-hivja-fel-a-figyelmet-vizeink-vedelmere-a-magyar-suzuki\/#primaryimage"},"thumbnailUrl":"https:\/\/dorogimedence.hu\/wp-content\/uploads\/2022\/05\/Suzuki-Clean-Up.jpg","datePublished":"2022-05-26T08:18:48+00:00","dateModified":"2022-05-26T08:21:43+00:00","breadcrumb":{"@id":"https:\/\/dorogimedence.hu\/index.php\/2022\/05\/26\/szabadteri-installacioval-hivja-fel-a-figyelmet-vizeink-vedelmere-a-magyar-suzuki\/#breadcrumb"},"inLanguage":"hu","potentialAction":[{"@type":"ReadAction","target":["https:\/\/dorogimedence.hu\/index.php\/2022\/05\/26\/szabadteri-installacioval-hivja-fel-a-figyelmet-vizeink-vedelmere-a-magyar-suzuki\/"]}]},{"@type":"ImageObject","inLanguage":"hu","@id":"https:\/\/dorogimedence.hu\/index.php\/2022\/05\/26\/szabadteri-installacioval-hivja-fel-a-figyelmet-vizeink-vedelmere-a-magyar-suzuki\/#primaryimage","url":"https:\/\/dorogimedence.hu\/wp-content\/uploads\/2022\/05\/Suzuki-Clean-Up.jpg","contentUrl":"https:\/\/dorogimedence.hu\/wp-content\/uploads\/2022\/05\/Suzuki-Clean-Up.jpg","width":1392,"height":928},{"@type":"BreadcrumbList","@id":"https:\/\/dorogimedence.hu\/index.php\/2022\/05\/26\/szabadteri-installacioval-hivja-fel-a-figyelmet-vizeink-vedelmere-a-magyar-suzuki\/#breadcrumb","itemListElement":[{"@type":"ListItem","position":1,"name":"Kezd\u0151lap","item":"https:\/\/dorogimedence.hu\/"},{"@type":"ListItem","position":2,"name":"Szabadt\u00e9ri install\u00e1ci\u00f3val h\u00edvja fel a figyelmet vizeink v\u00e9delm\u00e9re a Magyar Suzuki"}]},{"@type":"WebSite","@id":"https:\/\/dorogimedence.hu\/#website","url":"https:\/\/dorogimedence.hu\/","name":"Dorogi-medence Region\u00e1lis H\u00edrport\u00e1l","description":"Dorog, Keszt\u00f6lc, Le\u00e1nyv\u00e1r, Piliscs\u00e9v, Tokod, Tokodalt\u00e1r\u00f3, Csolnok, Esztergom-kertv\u00e1ros: h\u00edrek, programok","publisher":{"@id":"https:\/\/dorogimedence.hu\/#organization"},"potentialAction":[{"@type":"SearchAction","target":{"@type":"EntryPoint","urlTemplate":"https:\/\/dorogimedence.hu\/?s={search_term_string}"},"query-input":{"@type":"PropertyValueSpecification","valueRequired":true,"valueName":"search_term_string"}}],"inLanguage":"hu"},{"@type":"Organization","@id":"https:\/\/dorogimedence.hu\/#organization","name":"Dorogi-medence Region\u00e1lis H\u00edrport\u00e1l","url":"https:\/\/dorogimedence.hu\/","logo":{"@type":"ImageObject","inLanguage":"hu","@id":"https:\/\/dorogimedence.hu\/#\/schema\/logo\/image\/","url":"https:\/\/dorogimedence.hu\/wp-content\/uploads\/2021\/04\/logo-feher-600.png","contentUrl":"https:\/\/dorogimedence.hu\/wp-content\/uploads\/2021\/04\/logo-feher-600.png","width":600,"height":100,"caption":"Dorogi-medence Region\u00e1lis H\u00edrport\u00e1l"},"image":{"@id":"https:\/\/dorogimedence.hu\/#\/schema\/logo\/image\/"},"sameAs":["https:\/\/www.facebook.com\/dorogimedence\/"]},{"@type":"Person","@id":"https:\/\/dorogimedence.hu\/#\/schema\/person\/ce6091eeb7e95ecdc87890d6aa8e0fd4","name":"dorogimedence.hu","image":{"@type":"ImageObject","inLanguage":"hu","@id":"\/\/www.gravatar.com\/avatar\/d8d45f8901aadff40a4af72c0b826f1d?s=96&#038;r=g&#038;d=mm","url":"\/\/www.gravatar.com\/avatar\/d8d45f8901aadff40a4af72c0b826f1d?s=96&#038;r=g&#038;d=mm","contentUrl":"\/\/www.gravatar.com\/avatar\/d8d45f8901aadff40a4af72c0b826f1d?s=96&#038;r=g&#038;d=mm","caption":"dorogimedence.hu"}}]}},"_links":{"self":[{"href":"https:\/\/dorogimedence.hu\/index.php\/wp-json\/wp\/v2\/posts\/43082","targetHints":{"allow":["GET"]}}],"collection":[{"href":"https:\/\/dorogimedence.hu\/index.php\/wp-json\/wp\/v2\/posts"}],"about":[{"href":"https:\/\/dorogimedence.hu\/index.php\/wp-json\/wp\/v2\/types\/post"}],"author":[{"embeddable":true,"href":"https:\/\/dorogimedence.hu\/index.php\/wp-json\/wp\/v2\/users\/1"}],"replies":[{"embeddable":true,"href":"https:\/\/dorogimedence.hu\/index.php\/wp-json\/wp\/v2\/comments?post=43082"}],"version-history":[{"count":0,"href":"https:\/\/dorogimedence.hu\/index.php\/wp-json\/wp\/v2\/posts\/43082\/revisions"}],"wp:featuredmedia":[{"embeddable":true,"href":"https:\/\/dorogimedence.hu\/index.php\/wp-json\/wp\/v2\/media\/43083"}],"wp:attachment":[{"href":"https:\/\/dorogimedence.hu\/index.php\/wp-json\/wp\/v2\/media?parent=43082"}],"wp:term":[{"taxonomy":"category","embeddable":true,"href":"https:\/\/dorogimedence.hu\/index.php\/wp-json\/wp\/v2\/categories?post=43082"},{"taxonomy":"post_tag","embeddable":true,"href":"https:\/\/dorogimedence.hu\/index.php\/wp-json\/wp\/v2\/tags?post=43082"}],"curies":[{"name":"wp","href":"https:\/\/api.w.org\/{rel}","templated":true}]}}