{"id":43043,"date":"2022-05-24T15:52:17","date_gmt":"2022-05-24T13:52:17","guid":{"rendered":"https:\/\/dorogimedence.hu\/?p=43043"},"modified":"2022-05-24T15:54:26","modified_gmt":"2022-05-24T13:54:26","slug":"2023-ev-elejere-keszulhet-el-esztergom-uj-piaca","status":"publish","type":"post","link":"https:\/\/dorogimedence.hu\/index.php\/2022\/05\/24\/2023-ev-elejere-keszulhet-el-esztergom-uj-piaca\/","title":{"rendered":"2023 \u00e9v elej\u00e9re k\u00e9sz\u00fclhet el Esztergom \u00faj piaca"},"content":{"rendered":"<p><strong>A TOP-1.1.3-16-K01-2017-00001 azonos\u00edt\u00f3 sz\u00e1m\u00fa \u201eEsztergom, v\u00e1rosi piac kialak\u00edt\u00e1sa\u201d c\u00edm\u0171 projekthez kapcsol\u00f3d\u00f3an az \u00e9p\u00fcl\u0151 v\u00e1rosi piac sajt\u00f3nyilv\u00e1nos helysz\u00edni bej\u00e1r\u00e1s\u00e1t tartott\u00e1k meg m\u00e1jus 24-\u00e9n, kedden.<\/strong><\/p>\n<p>Az esem\u00e9nyen Hern\u00e1di \u00c1d\u00e1m, Esztergom polg\u00e1rmestere, Popovics Gy\u00f6rgy, a megyei k\u00f6zgy\u0171l\u00e9s eln\u00f6ke, \u00e9s G\u00e9czi Arnold, a kivitelez\u0151 konzorcium projektvezet\u0151je ismertette a beruh\u00e1z\u00e1s r\u00e9szleteit.<\/p>\n<p><img fetchpriority=\"high\" decoding=\"async\" class=\"alignnone size-large wp-image-43046\" src=\"https:\/\/dorogimedence.hu\/wp-content\/uploads\/2022\/05\/IMG_1387-1024x683.jpg\" alt=\"\" width=\"755\" height=\"504\" srcset=\"https:\/\/dorogimedence.hu\/wp-content\/uploads\/2022\/05\/IMG_1387-1024x683.jpg 1024w, https:\/\/dorogimedence.hu\/wp-content\/uploads\/2022\/05\/IMG_1387-300x200.jpg 300w, https:\/\/dorogimedence.hu\/wp-content\/uploads\/2022\/05\/IMG_1387-768x512.jpg 768w, https:\/\/dorogimedence.hu\/wp-content\/uploads\/2022\/05\/IMG_1387-1536x1024.jpg 1536w, https:\/\/dorogimedence.hu\/wp-content\/uploads\/2022\/05\/IMG_1387-150x100.jpg 150w, https:\/\/dorogimedence.hu\/wp-content\/uploads\/2022\/05\/IMG_1387-450x300.jpg 450w, https:\/\/dorogimedence.hu\/wp-content\/uploads\/2022\/05\/IMG_1387-1200x800.jpg 1200w, https:\/\/dorogimedence.hu\/wp-content\/uploads\/2022\/05\/IMG_1387-272x182.jpg 272w, https:\/\/dorogimedence.hu\/wp-content\/uploads\/2022\/05\/IMG_1387.jpg 1920w\" sizes=\"(max-width: 755px) 100vw, 755px\" \/><\/p>\n<p>A sajt\u00f3t\u00e1j\u00e9koztat\u00f3n elhangzott, hogy 2023 \u00e9v elej\u00e9re k\u00e9sz\u00fclhet el Esztergom \u00faj piaca, melyet t\u00f6bb mint egymilli\u00e1rd forintb\u00f3l alak\u00edtanak ki. A mintegy 3100 n\u00e9gyzetm\u00e9teres ter\u00fcleten, h\u00e9t \u00e9p\u00fcletben 28 \u00fczlet lesz, mindemellett egy fedett \u0151stermel\u0151i csarnok is \u00e9p\u00fcl, ahol 58 \u00e1rus\u00edt\u00f3 asztal kap majd helyet. A piact\u00e9ren hentes\u00e1ru, aj\u00e1nd\u00e9k, ruh\u00e1zat, z\u00f6lds\u00e9ges, gy\u00fcm\u00f6lcs\u00f6s, valamint savany\u00fas\u00e1g bolt is lesz korszer\u0171 vizesblokkal.<\/p>\n<p><img decoding=\"async\" class=\"alignnone size-large wp-image-43047\" src=\"https:\/\/dorogimedence.hu\/wp-content\/uploads\/2022\/05\/IMG_1429-1024x683.jpg\" alt=\"\" width=\"755\" height=\"504\" srcset=\"https:\/\/dorogimedence.hu\/wp-content\/uploads\/2022\/05\/IMG_1429-1024x683.jpg 1024w, https:\/\/dorogimedence.hu\/wp-content\/uploads\/2022\/05\/IMG_1429-300x200.jpg 300w, https:\/\/dorogimedence.hu\/wp-content\/uploads\/2022\/05\/IMG_1429-768x512.jpg 768w, https:\/\/dorogimedence.hu\/wp-content\/uploads\/2022\/05\/IMG_1429-1536x1024.jpg 1536w, https:\/\/dorogimedence.hu\/wp-content\/uploads\/2022\/05\/IMG_1429-150x100.jpg 150w, https:\/\/dorogimedence.hu\/wp-content\/uploads\/2022\/05\/IMG_1429-450x300.jpg 450w, https:\/\/dorogimedence.hu\/wp-content\/uploads\/2022\/05\/IMG_1429-1200x800.jpg 1200w, https:\/\/dorogimedence.hu\/wp-content\/uploads\/2022\/05\/IMG_1429-272x182.jpg 272w, https:\/\/dorogimedence.hu\/wp-content\/uploads\/2022\/05\/IMG_1429.jpg 1920w\" sizes=\"(max-width: 755px) 100vw, 755px\" \/><\/p>\n<p>K\u00f6zel egy \u00e9ve adta \u00e1t az \u00f6nkorm\u00e1nyzat a ter\u00fcletet a v\u00e1llalkoz\u00f3knak. Hern\u00e1di \u00c1d\u00e1m arr\u00f3l besz\u00e9lt, hogy Esztergom s\u00falyponti telep\u00fcl\u00e9s, megyei jog\u00fa v\u00e1rosk\u00e9nt pedig m\u00e9ltatlan a jelenlegi piac. A piac meg\u00e9p\u00edt\u00e9se nem volt egyszer\u0171 feladat. A beruh\u00e1z\u00e1snak szinte m\u00e1r t\u00f6rt\u00e9nelme van \u2013 err\u0151l m\u00e1r Popovics Gy\u00f6rgy besz\u00e9lt.<\/p>\n<p>Jelenleg g\u0151zer\u0151vel dolgoznak a munkater\u00fcleten, az \u00e9p\u00fcletek szerkezetei t\u00f6bbnyire m\u00e1r elk\u00e9sz\u00fcltek. Most a termel\u0151i csarnok alapoz\u00e1s\u00e1n \u00e9s a f\u00f6d\u00e9m betonoz\u00e1s\u00e1n dolgoznak a szakemberek, a g\u00e9p\u00e9szeti \u00e9s villamos alapszerel\u00e9s pedig m\u00e1r kor\u00e1bban elk\u00e9sz\u00fclt \u2013 tudtuk meg G\u00e9czi Arnoldt\u00f3l.<\/p>\n<p><img decoding=\"async\" class=\"alignnone size-large wp-image-43048\" src=\"https:\/\/dorogimedence.hu\/wp-content\/uploads\/2022\/05\/IMG_1412-1024x683.jpg\" alt=\"\" width=\"755\" height=\"504\" srcset=\"https:\/\/dorogimedence.hu\/wp-content\/uploads\/2022\/05\/IMG_1412-1024x683.jpg 1024w, https:\/\/dorogimedence.hu\/wp-content\/uploads\/2022\/05\/IMG_1412-300x200.jpg 300w, https:\/\/dorogimedence.hu\/wp-content\/uploads\/2022\/05\/IMG_1412-768x512.jpg 768w, https:\/\/dorogimedence.hu\/wp-content\/uploads\/2022\/05\/IMG_1412-1536x1024.jpg 1536w, https:\/\/dorogimedence.hu\/wp-content\/uploads\/2022\/05\/IMG_1412-150x100.jpg 150w, https:\/\/dorogimedence.hu\/wp-content\/uploads\/2022\/05\/IMG_1412-450x300.jpg 450w, https:\/\/dorogimedence.hu\/wp-content\/uploads\/2022\/05\/IMG_1412-1200x800.jpg 1200w, https:\/\/dorogimedence.hu\/wp-content\/uploads\/2022\/05\/IMG_1412-272x182.jpg 272w, https:\/\/dorogimedence.hu\/wp-content\/uploads\/2022\/05\/IMG_1412.jpg 1920w\" sizes=\"(max-width: 755px) 100vw, 755px\" \/><\/p>\n<p><img loading=\"lazy\" decoding=\"async\" class=\"alignnone size-large wp-image-43045\" src=\"https:\/\/dorogimedence.hu\/wp-content\/uploads\/2022\/05\/IMG_1401-1024x683.jpg\" alt=\"\" width=\"755\" height=\"504\" srcset=\"https:\/\/dorogimedence.hu\/wp-content\/uploads\/2022\/05\/IMG_1401-1024x683.jpg 1024w, https:\/\/dorogimedence.hu\/wp-content\/uploads\/2022\/05\/IMG_1401-300x200.jpg 300w, https:\/\/dorogimedence.hu\/wp-content\/uploads\/2022\/05\/IMG_1401-768x512.jpg 768w, https:\/\/dorogimedence.hu\/wp-content\/uploads\/2022\/05\/IMG_1401-1536x1024.jpg 1536w, https:\/\/dorogimedence.hu\/wp-content\/uploads\/2022\/05\/IMG_1401-150x100.jpg 150w, https:\/\/dorogimedence.hu\/wp-content\/uploads\/2022\/05\/IMG_1401-450x300.jpg 450w, https:\/\/dorogimedence.hu\/wp-content\/uploads\/2022\/05\/IMG_1401-1200x800.jpg 1200w, https:\/\/dorogimedence.hu\/wp-content\/uploads\/2022\/05\/IMG_1401-272x182.jpg 272w, https:\/\/dorogimedence.hu\/wp-content\/uploads\/2022\/05\/IMG_1401.jpg 1920w\" sizes=\"(max-width: 755px) 100vw, 755px\" \/><\/p>\n","protected":false},"excerpt":{"rendered":"<p>A TOP-1.1.3-16-K01-2017-00001 azonos\u00edt\u00f3 sz\u00e1m\u00fa \u201eEsztergom, v\u00e1rosi piac kialak\u00edt\u00e1sa\u201d c\u00edm\u0171 projekthez kapcsol\u00f3d\u00f3an az \u00e9p\u00fcl\u0151 v\u00e1rosi piac sajt\u00f3nyilv\u00e1nos helysz\u00edni bej\u00e1r\u00e1s\u00e1t tartott\u00e1k meg m\u00e1jus 24-\u00e9n, kedden. Az esem\u00e9nyen Hern\u00e1di \u00c1d\u00e1m, Esztergom polg\u00e1rmestere, Popovics Gy\u00f6rgy, a megyei k\u00f6zgy\u0171l\u00e9s eln\u00f6ke, \u00e9s G\u00e9czi Arnold, a kivitelez\u0151 konzorcium projektvezet\u0151je ismertette a beruh\u00e1z\u00e1s r\u00e9szleteit. A sajt\u00f3t\u00e1j\u00e9koztat\u00f3n elhangzott, hogy 2023 \u00e9v elej\u00e9re k\u00e9sz\u00fclhet el<\/p>\n","protected":false},"author":1,"featured_media":43044,"comment_status":"closed","ping_status":"closed","sticky":false,"template":"","format":"standard","meta":{"ngg_post_thumbnail":0,"footnotes":""},"categories":[38,3],"tags":[42,6072,5624,1006],"class_list":{"0":"post-43043","1":"post","2":"type-post","3":"status-publish","4":"format-standard","5":"has-post-thumbnail","7":"category-esztergom","8":"category-hirek","9":"tag-esztergom","10":"tag-esztergomi-piac","11":"tag-featured","12":"tag-piac"},"yoast_head":"<!-- This site is optimized with the Yoast SEO plugin v27.4 - https:\/\/yoast.com\/product\/yoast-seo-wordpress\/ -->\n<title>2023 \u00e9v elej\u00e9re k\u00e9sz\u00fclhet el Esztergom \u00faj piaca<\/title>\n<meta name=\"robots\" content=\"index, follow, max-snippet:-1, max-image-preview:large, max-video-preview:-1\" \/>\n<link rel=\"canonical\" href=\"https:\/\/dorogimedence.hu\/index.php\/2022\/05\/24\/2023-ev-elejere-keszulhet-el-esztergom-uj-piaca\/\" class=\"yoast-seo-meta-tag\" \/>\n<meta property=\"og:locale\" content=\"hu_HU\" class=\"yoast-seo-meta-tag\" \/>\n<meta property=\"og:type\" content=\"article\" class=\"yoast-seo-meta-tag\" \/>\n<meta property=\"og:title\" content=\"2023 \u00e9v elej\u00e9re k\u00e9sz\u00fclhet el Esztergom \u00faj piaca\" class=\"yoast-seo-meta-tag\" \/>\n<meta property=\"og:description\" content=\"A TOP-1.1.3-16-K01-2017-00001 azonos\u00edt\u00f3 sz\u00e1m\u00fa \u201eEsztergom, v\u00e1rosi piac kialak\u00edt\u00e1sa\u201d c\u00edm\u0171 projekthez kapcsol\u00f3d\u00f3an az \u00e9p\u00fcl\u0151 v\u00e1rosi piac sajt\u00f3nyilv\u00e1nos helysz\u00edni bej\u00e1r\u00e1s\u00e1t tartott\u00e1k meg m\u00e1jus 24-\u00e9n, kedden. Az esem\u00e9nyen Hern\u00e1di \u00c1d\u00e1m, Esztergom polg\u00e1rmestere, Popovics Gy\u00f6rgy, a megyei k\u00f6zgy\u0171l\u00e9s eln\u00f6ke, \u00e9s G\u00e9czi Arnold, a kivitelez\u0151 konzorcium projektvezet\u0151je ismertette a beruh\u00e1z\u00e1s r\u00e9szleteit. A sajt\u00f3t\u00e1j\u00e9koztat\u00f3n elhangzott, hogy 2023 \u00e9v elej\u00e9re k\u00e9sz\u00fclhet el\" class=\"yoast-seo-meta-tag\" \/>\n<meta property=\"og:url\" content=\"https:\/\/dorogimedence.hu\/index.php\/2022\/05\/24\/2023-ev-elejere-keszulhet-el-esztergom-uj-piaca\/\" class=\"yoast-seo-meta-tag\" \/>\n<meta property=\"og:site_name\" content=\"Dorogi-medence Region\u00e1lis H\u00edrport\u00e1l\" class=\"yoast-seo-meta-tag\" \/>\n<meta property=\"article:publisher\" content=\"https:\/\/www.facebook.com\/dorogimedence\/\" class=\"yoast-seo-meta-tag\" \/>\n<meta property=\"article:published_time\" content=\"2022-05-24T13:52:17+00:00\" class=\"yoast-seo-meta-tag\" \/>\n<meta property=\"article:modified_time\" content=\"2022-05-24T13:54:26+00:00\" class=\"yoast-seo-meta-tag\" \/>\n<meta property=\"og:image\" content=\"https:\/\/i0.wp.com\/dorogimedence.hu\/wp-content\/uploads\/2022\/05\/piac-01.jpg?fit=1920%2C1131&ssl=1\" class=\"yoast-seo-meta-tag\" \/>\n\t<meta property=\"og:image:width\" content=\"1920\" class=\"yoast-seo-meta-tag\" \/>\n\t<meta property=\"og:image:height\" content=\"1131\" class=\"yoast-seo-meta-tag\" \/>\n\t<meta property=\"og:image:type\" content=\"image\/jpeg\" class=\"yoast-seo-meta-tag\" \/>\n<meta name=\"author\" content=\"dorogimedence.hu\" class=\"yoast-seo-meta-tag\" \/>\n<meta name=\"twitter:card\" content=\"summary_large_image\" class=\"yoast-seo-meta-tag\" \/>\n<meta name=\"twitter:label1\" content=\"Szerz\u0151:\" class=\"yoast-seo-meta-tag\" \/>\n\t<meta name=\"twitter:data1\" content=\"dorogimedence.hu\" class=\"yoast-seo-meta-tag\" \/>\n\t<meta name=\"twitter:label2\" content=\"Becs\u00fclt olvas\u00e1si id\u0151\" class=\"yoast-seo-meta-tag\" \/>\n\t<meta name=\"twitter:data2\" content=\"1 perc\" class=\"yoast-seo-meta-tag\" \/>\n<script type=\"application\/ld+json\" class=\"yoast-schema-graph\">{\"@context\":\"https:\\\/\\\/schema.org\",\"@graph\":[{\"@type\":\"Article\",\"@id\":\"https:\\\/\\\/dorogimedence.hu\\\/index.php\\\/2022\\\/05\\\/24\\\/2023-ev-elejere-keszulhet-el-esztergom-uj-piaca\\\/#article\",\"isPartOf\":{\"@id\":\"https:\\\/\\\/dorogimedence.hu\\\/index.php\\\/2022\\\/05\\\/24\\\/2023-ev-elejere-keszulhet-el-esztergom-uj-piaca\\\/\"},\"author\":{\"name\":\"dorogimedence.hu\",\"@id\":\"https:\\\/\\\/dorogimedence.hu\\\/#\\\/schema\\\/person\\\/ce6091eeb7e95ecdc87890d6aa8e0fd4\"},\"headline\":\"2023 \u00e9v elej\u00e9re k\u00e9sz\u00fclhet el Esztergom \u00faj piaca\",\"datePublished\":\"2022-05-24T13:52:17+00:00\",\"dateModified\":\"2022-05-24T13:54:26+00:00\",\"mainEntityOfPage\":{\"@id\":\"https:\\\/\\\/dorogimedence.hu\\\/index.php\\\/2022\\\/05\\\/24\\\/2023-ev-elejere-keszulhet-el-esztergom-uj-piaca\\\/\"},\"wordCount\":309,\"publisher\":{\"@id\":\"https:\\\/\\\/dorogimedence.hu\\\/#organization\"},\"image\":{\"@id\":\"https:\\\/\\\/dorogimedence.hu\\\/index.php\\\/2022\\\/05\\\/24\\\/2023-ev-elejere-keszulhet-el-esztergom-uj-piaca\\\/#primaryimage\"},\"thumbnailUrl\":\"https:\\\/\\\/dorogimedence.hu\\\/wp-content\\\/uploads\\\/2022\\\/05\\\/piac-01.jpg\",\"keywords\":[\"esztergom\",\"esztergomi piac\",\"featured\",\"piac\"],\"articleSection\":[\"Esztergom\",\"H\u00edrek\"],\"inLanguage\":\"hu\"},{\"@type\":\"WebPage\",\"@id\":\"https:\\\/\\\/dorogimedence.hu\\\/index.php\\\/2022\\\/05\\\/24\\\/2023-ev-elejere-keszulhet-el-esztergom-uj-piaca\\\/\",\"url\":\"https:\\\/\\\/dorogimedence.hu\\\/index.php\\\/2022\\\/05\\\/24\\\/2023-ev-elejere-keszulhet-el-esztergom-uj-piaca\\\/\",\"name\":\"2023 \u00e9v elej\u00e9re k\u00e9sz\u00fclhet el Esztergom \u00faj piaca\",\"isPartOf\":{\"@id\":\"https:\\\/\\\/dorogimedence.hu\\\/#website\"},\"primaryImageOfPage\":{\"@id\":\"https:\\\/\\\/dorogimedence.hu\\\/index.php\\\/2022\\\/05\\\/24\\\/2023-ev-elejere-keszulhet-el-esztergom-uj-piaca\\\/#primaryimage\"},\"image\":{\"@id\":\"https:\\\/\\\/dorogimedence.hu\\\/index.php\\\/2022\\\/05\\\/24\\\/2023-ev-elejere-keszulhet-el-esztergom-uj-piaca\\\/#primaryimage\"},\"thumbnailUrl\":\"https:\\\/\\\/dorogimedence.hu\\\/wp-content\\\/uploads\\\/2022\\\/05\\\/piac-01.jpg\",\"datePublished\":\"2022-05-24T13:52:17+00:00\",\"dateModified\":\"2022-05-24T13:54:26+00:00\",\"breadcrumb\":{\"@id\":\"https:\\\/\\\/dorogimedence.hu\\\/index.php\\\/2022\\\/05\\\/24\\\/2023-ev-elejere-keszulhet-el-esztergom-uj-piaca\\\/#breadcrumb\"},\"inLanguage\":\"hu\",\"potentialAction\":[{\"@type\":\"ReadAction\",\"target\":[\"https:\\\/\\\/dorogimedence.hu\\\/index.php\\\/2022\\\/05\\\/24\\\/2023-ev-elejere-keszulhet-el-esztergom-uj-piaca\\\/\"]}]},{\"@type\":\"ImageObject\",\"inLanguage\":\"hu\",\"@id\":\"https:\\\/\\\/dorogimedence.hu\\\/index.php\\\/2022\\\/05\\\/24\\\/2023-ev-elejere-keszulhet-el-esztergom-uj-piaca\\\/#primaryimage\",\"url\":\"https:\\\/\\\/dorogimedence.hu\\\/wp-content\\\/uploads\\\/2022\\\/05\\\/piac-01.jpg\",\"contentUrl\":\"https:\\\/\\\/dorogimedence.hu\\\/wp-content\\\/uploads\\\/2022\\\/05\\\/piac-01.jpg\",\"width\":1920,\"height\":1131},{\"@type\":\"BreadcrumbList\",\"@id\":\"https:\\\/\\\/dorogimedence.hu\\\/index.php\\\/2022\\\/05\\\/24\\\/2023-ev-elejere-keszulhet-el-esztergom-uj-piaca\\\/#breadcrumb\",\"itemListElement\":[{\"@type\":\"ListItem\",\"position\":1,\"name\":\"Kezd\u0151lap\",\"item\":\"https:\\\/\\\/dorogimedence.hu\\\/\"},{\"@type\":\"ListItem\",\"position\":2,\"name\":\"2023 \u00e9v elej\u00e9re k\u00e9sz\u00fclhet el Esztergom \u00faj piaca\"}]},{\"@type\":\"WebSite\",\"@id\":\"https:\\\/\\\/dorogimedence.hu\\\/#website\",\"url\":\"https:\\\/\\\/dorogimedence.hu\\\/\",\"name\":\"Dorogi-medence Region\u00e1lis H\u00edrport\u00e1l\",\"description\":\"Dorog, Keszt\u00f6lc, Le\u00e1nyv\u00e1r, Piliscs\u00e9v, Tokod, Tokodalt\u00e1r\u00f3, Csolnok, Esztergom-kertv\u00e1ros: h\u00edrek, programok\",\"publisher\":{\"@id\":\"https:\\\/\\\/dorogimedence.hu\\\/#organization\"},\"potentialAction\":[{\"@type\":\"SearchAction\",\"target\":{\"@type\":\"EntryPoint\",\"urlTemplate\":\"https:\\\/\\\/dorogimedence.hu\\\/?s={search_term_string}\"},\"query-input\":{\"@type\":\"PropertyValueSpecification\",\"valueRequired\":true,\"valueName\":\"search_term_string\"}}],\"inLanguage\":\"hu\"},{\"@type\":\"Organization\",\"@id\":\"https:\\\/\\\/dorogimedence.hu\\\/#organization\",\"name\":\"Dorogi-medence Region\u00e1lis H\u00edrport\u00e1l\",\"url\":\"https:\\\/\\\/dorogimedence.hu\\\/\",\"logo\":{\"@type\":\"ImageObject\",\"inLanguage\":\"hu\",\"@id\":\"https:\\\/\\\/dorogimedence.hu\\\/#\\\/schema\\\/logo\\\/image\\\/\",\"url\":\"https:\\\/\\\/dorogimedence.hu\\\/wp-content\\\/uploads\\\/2021\\\/04\\\/logo-feher-600.png\",\"contentUrl\":\"https:\\\/\\\/dorogimedence.hu\\\/wp-content\\\/uploads\\\/2021\\\/04\\\/logo-feher-600.png\",\"width\":600,\"height\":100,\"caption\":\"Dorogi-medence Region\u00e1lis H\u00edrport\u00e1l\"},\"image\":{\"@id\":\"https:\\\/\\\/dorogimedence.hu\\\/#\\\/schema\\\/logo\\\/image\\\/\"},\"sameAs\":[\"https:\\\/\\\/www.facebook.com\\\/dorogimedence\\\/\"]},{\"@type\":\"Person\",\"@id\":\"https:\\\/\\\/dorogimedence.hu\\\/#\\\/schema\\\/person\\\/ce6091eeb7e95ecdc87890d6aa8e0fd4\",\"name\":\"dorogimedence.hu\",\"image\":{\"@type\":\"ImageObject\",\"inLanguage\":\"hu\",\"@id\":\"\\\/\\\/www.gravatar.com\\\/avatar\\\/d8d45f8901aadff40a4af72c0b826f1d?s=96&#038;r=g&#038;d=mm\",\"url\":\"\\\/\\\/www.gravatar.com\\\/avatar\\\/d8d45f8901aadff40a4af72c0b826f1d?s=96&#038;r=g&#038;d=mm\",\"contentUrl\":\"\\\/\\\/www.gravatar.com\\\/avatar\\\/d8d45f8901aadff40a4af72c0b826f1d?s=96&#038;r=g&#038;d=mm\",\"caption\":\"dorogimedence.hu\"}}]}<\/script>\n<!-- \/ Yoast SEO plugin. -->","yoast_head_json":{"title":"2023 \u00e9v elej\u00e9re k\u00e9sz\u00fclhet el Esztergom \u00faj piaca","robots":{"index":"index","follow":"follow","max-snippet":"max-snippet:-1","max-image-preview":"max-image-preview:large","max-video-preview":"max-video-preview:-1"},"canonical":"https:\/\/dorogimedence.hu\/index.php\/2022\/05\/24\/2023-ev-elejere-keszulhet-el-esztergom-uj-piaca\/","og_locale":"hu_HU","og_type":"article","og_title":"2023 \u00e9v elej\u00e9re k\u00e9sz\u00fclhet el Esztergom \u00faj piaca","og_description":"A TOP-1.1.3-16-K01-2017-00001 azonos\u00edt\u00f3 sz\u00e1m\u00fa \u201eEsztergom, v\u00e1rosi piac kialak\u00edt\u00e1sa\u201d c\u00edm\u0171 projekthez kapcsol\u00f3d\u00f3an az \u00e9p\u00fcl\u0151 v\u00e1rosi piac sajt\u00f3nyilv\u00e1nos helysz\u00edni bej\u00e1r\u00e1s\u00e1t tartott\u00e1k meg m\u00e1jus 24-\u00e9n, kedden. Az esem\u00e9nyen Hern\u00e1di \u00c1d\u00e1m, Esztergom polg\u00e1rmestere, Popovics Gy\u00f6rgy, a megyei k\u00f6zgy\u0171l\u00e9s eln\u00f6ke, \u00e9s G\u00e9czi Arnold, a kivitelez\u0151 konzorcium projektvezet\u0151je ismertette a beruh\u00e1z\u00e1s r\u00e9szleteit. A sajt\u00f3t\u00e1j\u00e9koztat\u00f3n elhangzott, hogy 2023 \u00e9v elej\u00e9re k\u00e9sz\u00fclhet el","og_url":"https:\/\/dorogimedence.hu\/index.php\/2022\/05\/24\/2023-ev-elejere-keszulhet-el-esztergom-uj-piaca\/","og_site_name":"Dorogi-medence Region\u00e1lis H\u00edrport\u00e1l","article_publisher":"https:\/\/www.facebook.com\/dorogimedence\/","article_published_time":"2022-05-24T13:52:17+00:00","article_modified_time":"2022-05-24T13:54:26+00:00","og_image":[{"width":1920,"height":1131,"url":"https:\/\/i0.wp.com\/dorogimedence.hu\/wp-content\/uploads\/2022\/05\/piac-01.jpg?fit=1920%2C1131&ssl=1","type":"image\/jpeg"}],"author":"dorogimedence.hu","twitter_card":"summary_large_image","twitter_misc":{"Szerz\u0151:":"dorogimedence.hu","Becs\u00fclt olvas\u00e1si id\u0151":"1 perc"},"schema":{"@context":"https:\/\/schema.org","@graph":[{"@type":"Article","@id":"https:\/\/dorogimedence.hu\/index.php\/2022\/05\/24\/2023-ev-elejere-keszulhet-el-esztergom-uj-piaca\/#article","isPartOf":{"@id":"https:\/\/dorogimedence.hu\/index.php\/2022\/05\/24\/2023-ev-elejere-keszulhet-el-esztergom-uj-piaca\/"},"author":{"name":"dorogimedence.hu","@id":"https:\/\/dorogimedence.hu\/#\/schema\/person\/ce6091eeb7e95ecdc87890d6aa8e0fd4"},"headline":"2023 \u00e9v elej\u00e9re k\u00e9sz\u00fclhet el Esztergom \u00faj piaca","datePublished":"2022-05-24T13:52:17+00:00","dateModified":"2022-05-24T13:54:26+00:00","mainEntityOfPage":{"@id":"https:\/\/dorogimedence.hu\/index.php\/2022\/05\/24\/2023-ev-elejere-keszulhet-el-esztergom-uj-piaca\/"},"wordCount":309,"publisher":{"@id":"https:\/\/dorogimedence.hu\/#organization"},"image":{"@id":"https:\/\/dorogimedence.hu\/index.php\/2022\/05\/24\/2023-ev-elejere-keszulhet-el-esztergom-uj-piaca\/#primaryimage"},"thumbnailUrl":"https:\/\/dorogimedence.hu\/wp-content\/uploads\/2022\/05\/piac-01.jpg","keywords":["esztergom","esztergomi piac","featured","piac"],"articleSection":["Esztergom","H\u00edrek"],"inLanguage":"hu"},{"@type":"WebPage","@id":"https:\/\/dorogimedence.hu\/index.php\/2022\/05\/24\/2023-ev-elejere-keszulhet-el-esztergom-uj-piaca\/","url":"https:\/\/dorogimedence.hu\/index.php\/2022\/05\/24\/2023-ev-elejere-keszulhet-el-esztergom-uj-piaca\/","name":"2023 \u00e9v elej\u00e9re k\u00e9sz\u00fclhet el Esztergom \u00faj piaca","isPartOf":{"@id":"https:\/\/dorogimedence.hu\/#website"},"primaryImageOfPage":{"@id":"https:\/\/dorogimedence.hu\/index.php\/2022\/05\/24\/2023-ev-elejere-keszulhet-el-esztergom-uj-piaca\/#primaryimage"},"image":{"@id":"https:\/\/dorogimedence.hu\/index.php\/2022\/05\/24\/2023-ev-elejere-keszulhet-el-esztergom-uj-piaca\/#primaryimage"},"thumbnailUrl":"https:\/\/dorogimedence.hu\/wp-content\/uploads\/2022\/05\/piac-01.jpg","datePublished":"2022-05-24T13:52:17+00:00","dateModified":"2022-05-24T13:54:26+00:00","breadcrumb":{"@id":"https:\/\/dorogimedence.hu\/index.php\/2022\/05\/24\/2023-ev-elejere-keszulhet-el-esztergom-uj-piaca\/#breadcrumb"},"inLanguage":"hu","potentialAction":[{"@type":"ReadAction","target":["https:\/\/dorogimedence.hu\/index.php\/2022\/05\/24\/2023-ev-elejere-keszulhet-el-esztergom-uj-piaca\/"]}]},{"@type":"ImageObject","inLanguage":"hu","@id":"https:\/\/dorogimedence.hu\/index.php\/2022\/05\/24\/2023-ev-elejere-keszulhet-el-esztergom-uj-piaca\/#primaryimage","url":"https:\/\/dorogimedence.hu\/wp-content\/uploads\/2022\/05\/piac-01.jpg","contentUrl":"https:\/\/dorogimedence.hu\/wp-content\/uploads\/2022\/05\/piac-01.jpg","width":1920,"height":1131},{"@type":"BreadcrumbList","@id":"https:\/\/dorogimedence.hu\/index.php\/2022\/05\/24\/2023-ev-elejere-keszulhet-el-esztergom-uj-piaca\/#breadcrumb","itemListElement":[{"@type":"ListItem","position":1,"name":"Kezd\u0151lap","item":"https:\/\/dorogimedence.hu\/"},{"@type":"ListItem","position":2,"name":"2023 \u00e9v elej\u00e9re k\u00e9sz\u00fclhet el Esztergom \u00faj piaca"}]},{"@type":"WebSite","@id":"https:\/\/dorogimedence.hu\/#website","url":"https:\/\/dorogimedence.hu\/","name":"Dorogi-medence Region\u00e1lis H\u00edrport\u00e1l","description":"Dorog, Keszt\u00f6lc, Le\u00e1nyv\u00e1r, Piliscs\u00e9v, Tokod, Tokodalt\u00e1r\u00f3, Csolnok, Esztergom-kertv\u00e1ros: h\u00edrek, programok","publisher":{"@id":"https:\/\/dorogimedence.hu\/#organization"},"potentialAction":[{"@type":"SearchAction","target":{"@type":"EntryPoint","urlTemplate":"https:\/\/dorogimedence.hu\/?s={search_term_string}"},"query-input":{"@type":"PropertyValueSpecification","valueRequired":true,"valueName":"search_term_string"}}],"inLanguage":"hu"},{"@type":"Organization","@id":"https:\/\/dorogimedence.hu\/#organization","name":"Dorogi-medence Region\u00e1lis H\u00edrport\u00e1l","url":"https:\/\/dorogimedence.hu\/","logo":{"@type":"ImageObject","inLanguage":"hu","@id":"https:\/\/dorogimedence.hu\/#\/schema\/logo\/image\/","url":"https:\/\/dorogimedence.hu\/wp-content\/uploads\/2021\/04\/logo-feher-600.png","contentUrl":"https:\/\/dorogimedence.hu\/wp-content\/uploads\/2021\/04\/logo-feher-600.png","width":600,"height":100,"caption":"Dorogi-medence Region\u00e1lis H\u00edrport\u00e1l"},"image":{"@id":"https:\/\/dorogimedence.hu\/#\/schema\/logo\/image\/"},"sameAs":["https:\/\/www.facebook.com\/dorogimedence\/"]},{"@type":"Person","@id":"https:\/\/dorogimedence.hu\/#\/schema\/person\/ce6091eeb7e95ecdc87890d6aa8e0fd4","name":"dorogimedence.hu","image":{"@type":"ImageObject","inLanguage":"hu","@id":"\/\/www.gravatar.com\/avatar\/d8d45f8901aadff40a4af72c0b826f1d?s=96&#038;r=g&#038;d=mm","url":"\/\/www.gravatar.com\/avatar\/d8d45f8901aadff40a4af72c0b826f1d?s=96&#038;r=g&#038;d=mm","contentUrl":"\/\/www.gravatar.com\/avatar\/d8d45f8901aadff40a4af72c0b826f1d?s=96&#038;r=g&#038;d=mm","caption":"dorogimedence.hu"}}]}},"_links":{"self":[{"href":"https:\/\/dorogimedence.hu\/index.php\/wp-json\/wp\/v2\/posts\/43043","targetHints":{"allow":["GET"]}}],"collection":[{"href":"https:\/\/dorogimedence.hu\/index.php\/wp-json\/wp\/v2\/posts"}],"about":[{"href":"https:\/\/dorogimedence.hu\/index.php\/wp-json\/wp\/v2\/types\/post"}],"author":[{"embeddable":true,"href":"https:\/\/dorogimedence.hu\/index.php\/wp-json\/wp\/v2\/users\/1"}],"replies":[{"embeddable":true,"href":"https:\/\/dorogimedence.hu\/index.php\/wp-json\/wp\/v2\/comments?post=43043"}],"version-history":[{"count":0,"href":"https:\/\/dorogimedence.hu\/index.php\/wp-json\/wp\/v2\/posts\/43043\/revisions"}],"wp:featuredmedia":[{"embeddable":true,"href":"https:\/\/dorogimedence.hu\/index.php\/wp-json\/wp\/v2\/media\/43044"}],"wp:attachment":[{"href":"https:\/\/dorogimedence.hu\/index.php\/wp-json\/wp\/v2\/media?parent=43043"}],"wp:term":[{"taxonomy":"category","embeddable":true,"href":"https:\/\/dorogimedence.hu\/index.php\/wp-json\/wp\/v2\/categories?post=43043"},{"taxonomy":"post_tag","embeddable":true,"href":"https:\/\/dorogimedence.hu\/index.php\/wp-json\/wp\/v2\/tags?post=43043"}],"curies":[{"name":"wp","href":"https:\/\/api.w.org\/{rel}","templated":true}]}}