{"id":43030,"date":"2022-05-24T11:40:02","date_gmt":"2022-05-24T09:40:02","guid":{"rendered":"https:\/\/dorogimedence.hu\/?p=43030"},"modified":"2022-05-24T11:40:11","modified_gmt":"2022-05-24T09:40:11","slug":"a-tavolsagi-forgalomban-is-folytatodik-az-allami-autobuszpark-megujitasa","status":"publish","type":"post","link":"https:\/\/dorogimedence.hu\/index.php\/2022\/05\/24\/a-tavolsagi-forgalomban-is-folytatodik-az-allami-autobuszpark-megujitasa\/","title":{"rendered":"A t\u00e1vols\u00e1gi forgalomban is folytat\u00f3dik az \u00e1llami aut\u00f3buszpark meg\u00faj\u00edt\u00e1sa"},"content":{"rendered":"<p><strong>25 \u00faj, korszer\u0171, EURO 6 k\u00f6rnyezetv\u00e9delmi besorol\u00e1snak megfelel\u0151 motorral felszerelt, k\u00e9ttengelyes, sz\u00f3l\u00f3 aut\u00f3busz beszerz\u00e9s\u00e9re \u00edrt ki k\u00f6zbeszerz\u00e9si elj\u00e1r\u00e1st a Vol\u00e1nbusz. A k\u00e9nyelmes \u00e9s biztons\u00e1gos utaz\u00e1s biztos\u00edt\u00e1sa mellett a k\u00f6z\u00fati k\u00f6zleked\u00e9si t\u00e1rsas\u00e1g kiemelt c\u00e9lja tov\u00e1bbra is az utasig\u00e9nyek min\u00e9l magasabb szint\u0171 kiszolg\u00e1l\u00e1sa, a szolg\u00e1ltat\u00e1si sz\u00ednvonal emel\u00e9se.<\/strong><\/p>\n<p>A Vol\u00e1nbusz felel\u0151s szolg\u00e1ltat\u00f3k\u00e9nt az \u00faj j\u00e1rm\u0171vek beszerz\u00e9s\u00e9vel is arra t\u00f6rekszik, hogy az egy\u00e9ni k\u00f6zleked\u00e9ssel szemben vonz\u00f3 alternat\u00edv\u00e1t ny\u00fajtson az utasoknak. A most megjelent p\u00e1ly\u00e1zaton t\u00e1vols\u00e1gi kivitel\u0171, minimum 49 f\u0151 sz\u00e1ll\u00edt\u00e1s\u00e1ra alkalmas, l\u00e9gkondicion\u00e1lt, elektronikus utast\u00e1j\u00e9koztat\u00e1si rendszerrel, az \u00fcl\u00e9sek felett egyedileg szab\u00e1lyozhat\u00f3 l\u00e1mpa- \u00e9s l\u00e9gbef\u00fav\u00f3szettekkel, d\u00f6nthet\u0151 \u00e9s sz\u00e9les\u00edthet\u0151, fejt\u00e1ml\u00e1val \u00e9s \u00e1ll\u00edthat\u00f3 l\u00e1btart\u00f3val, biztons\u00e1gi \u00f6vvel \u00e9s kart\u00e1masszal rendelkez\u0151 utas\u00fcl\u00e9sekkel felszerelt, valamint legal\u00e1bb EURO 6 k\u00f6rnyezetv\u00e9delmi el\u0151\u00edr\u00e1soknak megfelel\u0151, minimum 320 kW teljes\u00edtm\u00e9ny\u0171 motorral rendelkez\u0151 aut\u00f3buszok gy\u00e1rt\u00f3inak aj\u00e1nlatait v\u00e1rja a k\u00f6zleked\u00e9si t\u00e1rsas\u00e1g 2022. j\u00fanius 20-ig.<\/p>\n<p>A M\u00c1V\u2013Vol\u00e1n-csoport egys\u00e9ges strat\u00e9giai ir\u00e1ny\u00edt\u00e1s\u00e1nak is k\u00f6sz\u00f6nhet\u0151en egyre sz\u00ednvonalasabb, korszer\u0171bb \u00e9s k\u00f6rnyezetk\u00edm\u00e9l\u0151bb k\u00f6z\u00f6ss\u00e9gi k\u00f6zleked\u00e9si szolg\u00e1ltat\u00e1sok v\u00e1rj\u00e1k az utasokat. A Vol\u00e1nbusz 2018-ban indult j\u00e1rm\u0171-fiatal\u00edt\u00e1si programja keret\u00e9ben \u2013 a 2021 v\u00e9g\u00e9ig lez\u00e1rt beszerz\u00e9seknek k\u00f6sz\u00f6nhet\u0151en \u2013 csaknem 1800 \u00faj \u00e9s \u00fajszer\u0171 aut\u00f3busz \u00e1llt, illetve \u00e1ll forgalomba. A t\u00e1rsas\u00e1g id\u00e9n tov\u00e1bbi 1000 \u00faj j\u00e1rm\u0171 beszerz\u00e9s\u00e9t tervezi. A nagyar\u00e1ny\u00fa j\u00e1rm\u0171-fiatal\u00edt\u00e1s eredm\u00e9nyek\u00e9nt az \u00e9v v\u00e9g\u00e9ig a v\u00e1llalat teljes aut\u00f3busz-\u00e1llom\u00e1ny\u00e1nak 45 sz\u00e1zal\u00e9ka meg\u00fajulhat, \u00e9s a flotta \u00e1tlag\u00e9letkora 8 \u00e9vre cs\u00f6kkenhet.<\/p>\n<p><em>Forr\u00e1s: Vol\u00e1nbusz Zrt. Kommunik\u00e1ci\u00f3s Igazgat\u00f3s\u00e1g<\/em><\/p>\n","protected":false},"excerpt":{"rendered":"<p>25 \u00faj, korszer\u0171, EURO 6 k\u00f6rnyezetv\u00e9delmi besorol\u00e1snak megfelel\u0151 motorral felszerelt, k\u00e9ttengelyes, sz\u00f3l\u00f3 aut\u00f3busz beszerz\u00e9s\u00e9re \u00edrt ki k\u00f6zbeszerz\u00e9si elj\u00e1r\u00e1st a Vol\u00e1nbusz. A k\u00e9nyelmes \u00e9s biztons\u00e1gos utaz\u00e1s biztos\u00edt\u00e1sa mellett a k\u00f6z\u00fati k\u00f6zleked\u00e9si t\u00e1rsas\u00e1g kiemelt c\u00e9lja tov\u00e1bbra is az utasig\u00e9nyek min\u00e9l magasabb szint\u0171 kiszolg\u00e1l\u00e1sa, a szolg\u00e1ltat\u00e1si sz\u00ednvonal emel\u00e9se. A Vol\u00e1nbusz felel\u0151s szolg\u00e1ltat\u00f3k\u00e9nt az \u00faj j\u00e1rm\u0171vek beszerz\u00e9s\u00e9vel is arra<\/p>\n","protected":false},"author":1,"featured_media":34005,"comment_status":"closed","ping_status":"closed","sticky":false,"template":"","format":"standard","meta":{"ngg_post_thumbnail":0,"footnotes":""},"categories":[3],"tags":[458,4450,1015],"class_list":{"0":"post-43030","1":"post","2":"type-post","3":"status-publish","4":"format-standard","5":"has-post-thumbnail","7":"category-hirek","8":"tag-autobusz","9":"tag-autobuszpark","10":"tag-volanbusz"},"yoast_head":"<!-- This site is optimized with the Yoast SEO plugin v27.5 - https:\/\/yoast.com\/product\/yoast-seo-wordpress\/ -->\n<title>A t\u00e1vols\u00e1gi forgalomban is folytat\u00f3dik az \u00e1llami aut\u00f3buszpark meg\u00faj\u00edt\u00e1sa<\/title>\n<meta name=\"robots\" content=\"index, follow, max-snippet:-1, max-image-preview:large, max-video-preview:-1\" \/>\n<link rel=\"canonical\" href=\"https:\/\/dorogimedence.hu\/index.php\/2022\/05\/24\/a-tavolsagi-forgalomban-is-folytatodik-az-allami-autobuszpark-megujitasa\/\" class=\"yoast-seo-meta-tag\" \/>\n<meta property=\"og:locale\" content=\"hu_HU\" class=\"yoast-seo-meta-tag\" \/>\n<meta property=\"og:type\" content=\"article\" class=\"yoast-seo-meta-tag\" \/>\n<meta property=\"og:title\" content=\"A t\u00e1vols\u00e1gi forgalomban is folytat\u00f3dik az \u00e1llami aut\u00f3buszpark meg\u00faj\u00edt\u00e1sa\" class=\"yoast-seo-meta-tag\" \/>\n<meta property=\"og:description\" content=\"25 \u00faj, korszer\u0171, EURO 6 k\u00f6rnyezetv\u00e9delmi besorol\u00e1snak megfelel\u0151 motorral felszerelt, k\u00e9ttengelyes, sz\u00f3l\u00f3 aut\u00f3busz beszerz\u00e9s\u00e9re \u00edrt ki k\u00f6zbeszerz\u00e9si elj\u00e1r\u00e1st a Vol\u00e1nbusz. A k\u00e9nyelmes \u00e9s biztons\u00e1gos utaz\u00e1s biztos\u00edt\u00e1sa mellett a k\u00f6z\u00fati k\u00f6zleked\u00e9si t\u00e1rsas\u00e1g kiemelt c\u00e9lja tov\u00e1bbra is az utasig\u00e9nyek min\u00e9l magasabb szint\u0171 kiszolg\u00e1l\u00e1sa, a szolg\u00e1ltat\u00e1si sz\u00ednvonal emel\u00e9se. A Vol\u00e1nbusz felel\u0151s szolg\u00e1ltat\u00f3k\u00e9nt az \u00faj j\u00e1rm\u0171vek beszerz\u00e9s\u00e9vel is arra\" class=\"yoast-seo-meta-tag\" \/>\n<meta property=\"og:url\" content=\"https:\/\/dorogimedence.hu\/index.php\/2022\/05\/24\/a-tavolsagi-forgalomban-is-folytatodik-az-allami-autobuszpark-megujitasa\/\" class=\"yoast-seo-meta-tag\" \/>\n<meta property=\"og:site_name\" content=\"Dorogi-medence Region\u00e1lis H\u00edrport\u00e1l\" class=\"yoast-seo-meta-tag\" \/>\n<meta property=\"article:publisher\" content=\"https:\/\/www.facebook.com\/dorogimedence\/\" class=\"yoast-seo-meta-tag\" \/>\n<meta property=\"article:published_time\" content=\"2022-05-24T09:40:02+00:00\" class=\"yoast-seo-meta-tag\" \/>\n<meta property=\"article:modified_time\" content=\"2022-05-24T09:40:11+00:00\" class=\"yoast-seo-meta-tag\" \/>\n<meta property=\"og:image\" content=\"https:\/\/i0.wp.com\/dorogimedence.hu\/wp-content\/uploads\/2021\/06\/buszatado-09.jpg?fit=1200%2C800&ssl=1\" class=\"yoast-seo-meta-tag\" \/>\n\t<meta property=\"og:image:width\" content=\"1200\" class=\"yoast-seo-meta-tag\" \/>\n\t<meta property=\"og:image:height\" content=\"800\" class=\"yoast-seo-meta-tag\" \/>\n\t<meta property=\"og:image:type\" content=\"image\/jpeg\" class=\"yoast-seo-meta-tag\" \/>\n<meta name=\"author\" content=\"dorogimedence.hu\" class=\"yoast-seo-meta-tag\" \/>\n<meta name=\"twitter:card\" content=\"summary_large_image\" class=\"yoast-seo-meta-tag\" \/>\n<meta name=\"twitter:label1\" content=\"Szerz\u0151:\" class=\"yoast-seo-meta-tag\" \/>\n\t<meta name=\"twitter:data1\" content=\"dorogimedence.hu\" class=\"yoast-seo-meta-tag\" \/>\n\t<meta name=\"twitter:label2\" content=\"Becs\u00fclt olvas\u00e1si id\u0151\" class=\"yoast-seo-meta-tag\" \/>\n\t<meta name=\"twitter:data2\" content=\"2 perc\" class=\"yoast-seo-meta-tag\" \/>\n<script type=\"application\/ld+json\" class=\"yoast-schema-graph\">{\"@context\":\"https:\\\/\\\/schema.org\",\"@graph\":[{\"@type\":\"Article\",\"@id\":\"https:\\\/\\\/dorogimedence.hu\\\/index.php\\\/2022\\\/05\\\/24\\\/a-tavolsagi-forgalomban-is-folytatodik-az-allami-autobuszpark-megujitasa\\\/#article\",\"isPartOf\":{\"@id\":\"https:\\\/\\\/dorogimedence.hu\\\/index.php\\\/2022\\\/05\\\/24\\\/a-tavolsagi-forgalomban-is-folytatodik-az-allami-autobuszpark-megujitasa\\\/\"},\"author\":{\"name\":\"dorogimedence.hu\",\"@id\":\"https:\\\/\\\/dorogimedence.hu\\\/#\\\/schema\\\/person\\\/ce6091eeb7e95ecdc87890d6aa8e0fd4\"},\"headline\":\"A t\u00e1vols\u00e1gi forgalomban is folytat\u00f3dik az \u00e1llami aut\u00f3buszpark meg\u00faj\u00edt\u00e1sa\",\"datePublished\":\"2022-05-24T09:40:02+00:00\",\"dateModified\":\"2022-05-24T09:40:11+00:00\",\"mainEntityOfPage\":{\"@id\":\"https:\\\/\\\/dorogimedence.hu\\\/index.php\\\/2022\\\/05\\\/24\\\/a-tavolsagi-forgalomban-is-folytatodik-az-allami-autobuszpark-megujitasa\\\/\"},\"wordCount\":378,\"publisher\":{\"@id\":\"https:\\\/\\\/dorogimedence.hu\\\/#organization\"},\"image\":{\"@id\":\"https:\\\/\\\/dorogimedence.hu\\\/index.php\\\/2022\\\/05\\\/24\\\/a-tavolsagi-forgalomban-is-folytatodik-az-allami-autobuszpark-megujitasa\\\/#primaryimage\"},\"thumbnailUrl\":\"https:\\\/\\\/dorogimedence.hu\\\/wp-content\\\/uploads\\\/2021\\\/06\\\/buszatado-09.jpg\",\"keywords\":[\"aut\u00f3busz\",\"aut\u00f3buszpark\",\"vol\u00e1nbusz\"],\"articleSection\":[\"H\u00edrek\"],\"inLanguage\":\"hu\"},{\"@type\":\"WebPage\",\"@id\":\"https:\\\/\\\/dorogimedence.hu\\\/index.php\\\/2022\\\/05\\\/24\\\/a-tavolsagi-forgalomban-is-folytatodik-az-allami-autobuszpark-megujitasa\\\/\",\"url\":\"https:\\\/\\\/dorogimedence.hu\\\/index.php\\\/2022\\\/05\\\/24\\\/a-tavolsagi-forgalomban-is-folytatodik-az-allami-autobuszpark-megujitasa\\\/\",\"name\":\"A t\u00e1vols\u00e1gi forgalomban is folytat\u00f3dik az \u00e1llami aut\u00f3buszpark meg\u00faj\u00edt\u00e1sa\",\"isPartOf\":{\"@id\":\"https:\\\/\\\/dorogimedence.hu\\\/#website\"},\"primaryImageOfPage\":{\"@id\":\"https:\\\/\\\/dorogimedence.hu\\\/index.php\\\/2022\\\/05\\\/24\\\/a-tavolsagi-forgalomban-is-folytatodik-az-allami-autobuszpark-megujitasa\\\/#primaryimage\"},\"image\":{\"@id\":\"https:\\\/\\\/dorogimedence.hu\\\/index.php\\\/2022\\\/05\\\/24\\\/a-tavolsagi-forgalomban-is-folytatodik-az-allami-autobuszpark-megujitasa\\\/#primaryimage\"},\"thumbnailUrl\":\"https:\\\/\\\/dorogimedence.hu\\\/wp-content\\\/uploads\\\/2021\\\/06\\\/buszatado-09.jpg\",\"datePublished\":\"2022-05-24T09:40:02+00:00\",\"dateModified\":\"2022-05-24T09:40:11+00:00\",\"breadcrumb\":{\"@id\":\"https:\\\/\\\/dorogimedence.hu\\\/index.php\\\/2022\\\/05\\\/24\\\/a-tavolsagi-forgalomban-is-folytatodik-az-allami-autobuszpark-megujitasa\\\/#breadcrumb\"},\"inLanguage\":\"hu\",\"potentialAction\":[{\"@type\":\"ReadAction\",\"target\":[\"https:\\\/\\\/dorogimedence.hu\\\/index.php\\\/2022\\\/05\\\/24\\\/a-tavolsagi-forgalomban-is-folytatodik-az-allami-autobuszpark-megujitasa\\\/\"]}]},{\"@type\":\"ImageObject\",\"inLanguage\":\"hu\",\"@id\":\"https:\\\/\\\/dorogimedence.hu\\\/index.php\\\/2022\\\/05\\\/24\\\/a-tavolsagi-forgalomban-is-folytatodik-az-allami-autobuszpark-megujitasa\\\/#primaryimage\",\"url\":\"https:\\\/\\\/dorogimedence.hu\\\/wp-content\\\/uploads\\\/2021\\\/06\\\/buszatado-09.jpg\",\"contentUrl\":\"https:\\\/\\\/dorogimedence.hu\\\/wp-content\\\/uploads\\\/2021\\\/06\\\/buszatado-09.jpg\",\"width\":1200,\"height\":800},{\"@type\":\"BreadcrumbList\",\"@id\":\"https:\\\/\\\/dorogimedence.hu\\\/index.php\\\/2022\\\/05\\\/24\\\/a-tavolsagi-forgalomban-is-folytatodik-az-allami-autobuszpark-megujitasa\\\/#breadcrumb\",\"itemListElement\":[{\"@type\":\"ListItem\",\"position\":1,\"name\":\"Kezd\u0151lap\",\"item\":\"https:\\\/\\\/dorogimedence.hu\\\/\"},{\"@type\":\"ListItem\",\"position\":2,\"name\":\"A t\u00e1vols\u00e1gi forgalomban is folytat\u00f3dik az \u00e1llami aut\u00f3buszpark meg\u00faj\u00edt\u00e1sa\"}]},{\"@type\":\"WebSite\",\"@id\":\"https:\\\/\\\/dorogimedence.hu\\\/#website\",\"url\":\"https:\\\/\\\/dorogimedence.hu\\\/\",\"name\":\"Dorogi-medence Region\u00e1lis H\u00edrport\u00e1l\",\"description\":\"Dorog, Keszt\u00f6lc, Le\u00e1nyv\u00e1r, Piliscs\u00e9v, Tokod, Tokodalt\u00e1r\u00f3, Csolnok, Esztergom-kertv\u00e1ros: h\u00edrek, programok\",\"publisher\":{\"@id\":\"https:\\\/\\\/dorogimedence.hu\\\/#organization\"},\"potentialAction\":[{\"@type\":\"SearchAction\",\"target\":{\"@type\":\"EntryPoint\",\"urlTemplate\":\"https:\\\/\\\/dorogimedence.hu\\\/?s={search_term_string}\"},\"query-input\":{\"@type\":\"PropertyValueSpecification\",\"valueRequired\":true,\"valueName\":\"search_term_string\"}}],\"inLanguage\":\"hu\"},{\"@type\":\"Organization\",\"@id\":\"https:\\\/\\\/dorogimedence.hu\\\/#organization\",\"name\":\"Dorogi-medence Region\u00e1lis H\u00edrport\u00e1l\",\"url\":\"https:\\\/\\\/dorogimedence.hu\\\/\",\"logo\":{\"@type\":\"ImageObject\",\"inLanguage\":\"hu\",\"@id\":\"https:\\\/\\\/dorogimedence.hu\\\/#\\\/schema\\\/logo\\\/image\\\/\",\"url\":\"https:\\\/\\\/dorogimedence.hu\\\/wp-content\\\/uploads\\\/2021\\\/04\\\/logo-feher-600.png\",\"contentUrl\":\"https:\\\/\\\/dorogimedence.hu\\\/wp-content\\\/uploads\\\/2021\\\/04\\\/logo-feher-600.png\",\"width\":600,\"height\":100,\"caption\":\"Dorogi-medence Region\u00e1lis H\u00edrport\u00e1l\"},\"image\":{\"@id\":\"https:\\\/\\\/dorogimedence.hu\\\/#\\\/schema\\\/logo\\\/image\\\/\"},\"sameAs\":[\"https:\\\/\\\/www.facebook.com\\\/dorogimedence\\\/\"]},{\"@type\":\"Person\",\"@id\":\"https:\\\/\\\/dorogimedence.hu\\\/#\\\/schema\\\/person\\\/ce6091eeb7e95ecdc87890d6aa8e0fd4\",\"name\":\"dorogimedence.hu\",\"image\":{\"@type\":\"ImageObject\",\"inLanguage\":\"hu\",\"@id\":\"\\\/\\\/www.gravatar.com\\\/avatar\\\/d8d45f8901aadff40a4af72c0b826f1d?s=96&#038;r=g&#038;d=mm\",\"url\":\"\\\/\\\/www.gravatar.com\\\/avatar\\\/d8d45f8901aadff40a4af72c0b826f1d?s=96&#038;r=g&#038;d=mm\",\"contentUrl\":\"\\\/\\\/www.gravatar.com\\\/avatar\\\/d8d45f8901aadff40a4af72c0b826f1d?s=96&#038;r=g&#038;d=mm\",\"caption\":\"dorogimedence.hu\"}}]}<\/script>\n<!-- \/ Yoast SEO plugin. -->","yoast_head_json":{"title":"A t\u00e1vols\u00e1gi forgalomban is folytat\u00f3dik az \u00e1llami aut\u00f3buszpark meg\u00faj\u00edt\u00e1sa","robots":{"index":"index","follow":"follow","max-snippet":"max-snippet:-1","max-image-preview":"max-image-preview:large","max-video-preview":"max-video-preview:-1"},"canonical":"https:\/\/dorogimedence.hu\/index.php\/2022\/05\/24\/a-tavolsagi-forgalomban-is-folytatodik-az-allami-autobuszpark-megujitasa\/","og_locale":"hu_HU","og_type":"article","og_title":"A t\u00e1vols\u00e1gi forgalomban is folytat\u00f3dik az \u00e1llami aut\u00f3buszpark meg\u00faj\u00edt\u00e1sa","og_description":"25 \u00faj, korszer\u0171, EURO 6 k\u00f6rnyezetv\u00e9delmi besorol\u00e1snak megfelel\u0151 motorral felszerelt, k\u00e9ttengelyes, sz\u00f3l\u00f3 aut\u00f3busz beszerz\u00e9s\u00e9re \u00edrt ki k\u00f6zbeszerz\u00e9si elj\u00e1r\u00e1st a Vol\u00e1nbusz. A k\u00e9nyelmes \u00e9s biztons\u00e1gos utaz\u00e1s biztos\u00edt\u00e1sa mellett a k\u00f6z\u00fati k\u00f6zleked\u00e9si t\u00e1rsas\u00e1g kiemelt c\u00e9lja tov\u00e1bbra is az utasig\u00e9nyek min\u00e9l magasabb szint\u0171 kiszolg\u00e1l\u00e1sa, a szolg\u00e1ltat\u00e1si sz\u00ednvonal emel\u00e9se. A Vol\u00e1nbusz felel\u0151s szolg\u00e1ltat\u00f3k\u00e9nt az \u00faj j\u00e1rm\u0171vek beszerz\u00e9s\u00e9vel is arra","og_url":"https:\/\/dorogimedence.hu\/index.php\/2022\/05\/24\/a-tavolsagi-forgalomban-is-folytatodik-az-allami-autobuszpark-megujitasa\/","og_site_name":"Dorogi-medence Region\u00e1lis H\u00edrport\u00e1l","article_publisher":"https:\/\/www.facebook.com\/dorogimedence\/","article_published_time":"2022-05-24T09:40:02+00:00","article_modified_time":"2022-05-24T09:40:11+00:00","og_image":[{"width":1200,"height":800,"url":"https:\/\/i0.wp.com\/dorogimedence.hu\/wp-content\/uploads\/2021\/06\/buszatado-09.jpg?fit=1200%2C800&ssl=1","type":"image\/jpeg"}],"author":"dorogimedence.hu","twitter_card":"summary_large_image","twitter_misc":{"Szerz\u0151:":"dorogimedence.hu","Becs\u00fclt olvas\u00e1si id\u0151":"2 perc"},"schema":{"@context":"https:\/\/schema.org","@graph":[{"@type":"Article","@id":"https:\/\/dorogimedence.hu\/index.php\/2022\/05\/24\/a-tavolsagi-forgalomban-is-folytatodik-az-allami-autobuszpark-megujitasa\/#article","isPartOf":{"@id":"https:\/\/dorogimedence.hu\/index.php\/2022\/05\/24\/a-tavolsagi-forgalomban-is-folytatodik-az-allami-autobuszpark-megujitasa\/"},"author":{"name":"dorogimedence.hu","@id":"https:\/\/dorogimedence.hu\/#\/schema\/person\/ce6091eeb7e95ecdc87890d6aa8e0fd4"},"headline":"A t\u00e1vols\u00e1gi forgalomban is folytat\u00f3dik az \u00e1llami aut\u00f3buszpark meg\u00faj\u00edt\u00e1sa","datePublished":"2022-05-24T09:40:02+00:00","dateModified":"2022-05-24T09:40:11+00:00","mainEntityOfPage":{"@id":"https:\/\/dorogimedence.hu\/index.php\/2022\/05\/24\/a-tavolsagi-forgalomban-is-folytatodik-az-allami-autobuszpark-megujitasa\/"},"wordCount":378,"publisher":{"@id":"https:\/\/dorogimedence.hu\/#organization"},"image":{"@id":"https:\/\/dorogimedence.hu\/index.php\/2022\/05\/24\/a-tavolsagi-forgalomban-is-folytatodik-az-allami-autobuszpark-megujitasa\/#primaryimage"},"thumbnailUrl":"https:\/\/dorogimedence.hu\/wp-content\/uploads\/2021\/06\/buszatado-09.jpg","keywords":["aut\u00f3busz","aut\u00f3buszpark","vol\u00e1nbusz"],"articleSection":["H\u00edrek"],"inLanguage":"hu"},{"@type":"WebPage","@id":"https:\/\/dorogimedence.hu\/index.php\/2022\/05\/24\/a-tavolsagi-forgalomban-is-folytatodik-az-allami-autobuszpark-megujitasa\/","url":"https:\/\/dorogimedence.hu\/index.php\/2022\/05\/24\/a-tavolsagi-forgalomban-is-folytatodik-az-allami-autobuszpark-megujitasa\/","name":"A t\u00e1vols\u00e1gi forgalomban is folytat\u00f3dik az \u00e1llami aut\u00f3buszpark meg\u00faj\u00edt\u00e1sa","isPartOf":{"@id":"https:\/\/dorogimedence.hu\/#website"},"primaryImageOfPage":{"@id":"https:\/\/dorogimedence.hu\/index.php\/2022\/05\/24\/a-tavolsagi-forgalomban-is-folytatodik-az-allami-autobuszpark-megujitasa\/#primaryimage"},"image":{"@id":"https:\/\/dorogimedence.hu\/index.php\/2022\/05\/24\/a-tavolsagi-forgalomban-is-folytatodik-az-allami-autobuszpark-megujitasa\/#primaryimage"},"thumbnailUrl":"https:\/\/dorogimedence.hu\/wp-content\/uploads\/2021\/06\/buszatado-09.jpg","datePublished":"2022-05-24T09:40:02+00:00","dateModified":"2022-05-24T09:40:11+00:00","breadcrumb":{"@id":"https:\/\/dorogimedence.hu\/index.php\/2022\/05\/24\/a-tavolsagi-forgalomban-is-folytatodik-az-allami-autobuszpark-megujitasa\/#breadcrumb"},"inLanguage":"hu","potentialAction":[{"@type":"ReadAction","target":["https:\/\/dorogimedence.hu\/index.php\/2022\/05\/24\/a-tavolsagi-forgalomban-is-folytatodik-az-allami-autobuszpark-megujitasa\/"]}]},{"@type":"ImageObject","inLanguage":"hu","@id":"https:\/\/dorogimedence.hu\/index.php\/2022\/05\/24\/a-tavolsagi-forgalomban-is-folytatodik-az-allami-autobuszpark-megujitasa\/#primaryimage","url":"https:\/\/dorogimedence.hu\/wp-content\/uploads\/2021\/06\/buszatado-09.jpg","contentUrl":"https:\/\/dorogimedence.hu\/wp-content\/uploads\/2021\/06\/buszatado-09.jpg","width":1200,"height":800},{"@type":"BreadcrumbList","@id":"https:\/\/dorogimedence.hu\/index.php\/2022\/05\/24\/a-tavolsagi-forgalomban-is-folytatodik-az-allami-autobuszpark-megujitasa\/#breadcrumb","itemListElement":[{"@type":"ListItem","position":1,"name":"Kezd\u0151lap","item":"https:\/\/dorogimedence.hu\/"},{"@type":"ListItem","position":2,"name":"A t\u00e1vols\u00e1gi forgalomban is folytat\u00f3dik az \u00e1llami aut\u00f3buszpark meg\u00faj\u00edt\u00e1sa"}]},{"@type":"WebSite","@id":"https:\/\/dorogimedence.hu\/#website","url":"https:\/\/dorogimedence.hu\/","name":"Dorogi-medence Region\u00e1lis H\u00edrport\u00e1l","description":"Dorog, Keszt\u00f6lc, Le\u00e1nyv\u00e1r, Piliscs\u00e9v, Tokod, Tokodalt\u00e1r\u00f3, Csolnok, Esztergom-kertv\u00e1ros: h\u00edrek, programok","publisher":{"@id":"https:\/\/dorogimedence.hu\/#organization"},"potentialAction":[{"@type":"SearchAction","target":{"@type":"EntryPoint","urlTemplate":"https:\/\/dorogimedence.hu\/?s={search_term_string}"},"query-input":{"@type":"PropertyValueSpecification","valueRequired":true,"valueName":"search_term_string"}}],"inLanguage":"hu"},{"@type":"Organization","@id":"https:\/\/dorogimedence.hu\/#organization","name":"Dorogi-medence Region\u00e1lis H\u00edrport\u00e1l","url":"https:\/\/dorogimedence.hu\/","logo":{"@type":"ImageObject","inLanguage":"hu","@id":"https:\/\/dorogimedence.hu\/#\/schema\/logo\/image\/","url":"https:\/\/dorogimedence.hu\/wp-content\/uploads\/2021\/04\/logo-feher-600.png","contentUrl":"https:\/\/dorogimedence.hu\/wp-content\/uploads\/2021\/04\/logo-feher-600.png","width":600,"height":100,"caption":"Dorogi-medence Region\u00e1lis H\u00edrport\u00e1l"},"image":{"@id":"https:\/\/dorogimedence.hu\/#\/schema\/logo\/image\/"},"sameAs":["https:\/\/www.facebook.com\/dorogimedence\/"]},{"@type":"Person","@id":"https:\/\/dorogimedence.hu\/#\/schema\/person\/ce6091eeb7e95ecdc87890d6aa8e0fd4","name":"dorogimedence.hu","image":{"@type":"ImageObject","inLanguage":"hu","@id":"\/\/www.gravatar.com\/avatar\/d8d45f8901aadff40a4af72c0b826f1d?s=96&#038;r=g&#038;d=mm","url":"\/\/www.gravatar.com\/avatar\/d8d45f8901aadff40a4af72c0b826f1d?s=96&#038;r=g&#038;d=mm","contentUrl":"\/\/www.gravatar.com\/avatar\/d8d45f8901aadff40a4af72c0b826f1d?s=96&#038;r=g&#038;d=mm","caption":"dorogimedence.hu"}}]}},"_links":{"self":[{"href":"https:\/\/dorogimedence.hu\/index.php\/wp-json\/wp\/v2\/posts\/43030","targetHints":{"allow":["GET"]}}],"collection":[{"href":"https:\/\/dorogimedence.hu\/index.php\/wp-json\/wp\/v2\/posts"}],"about":[{"href":"https:\/\/dorogimedence.hu\/index.php\/wp-json\/wp\/v2\/types\/post"}],"author":[{"embeddable":true,"href":"https:\/\/dorogimedence.hu\/index.php\/wp-json\/wp\/v2\/users\/1"}],"replies":[{"embeddable":true,"href":"https:\/\/dorogimedence.hu\/index.php\/wp-json\/wp\/v2\/comments?post=43030"}],"version-history":[{"count":0,"href":"https:\/\/dorogimedence.hu\/index.php\/wp-json\/wp\/v2\/posts\/43030\/revisions"}],"wp:featuredmedia":[{"embeddable":true,"href":"https:\/\/dorogimedence.hu\/index.php\/wp-json\/wp\/v2\/media\/34005"}],"wp:attachment":[{"href":"https:\/\/dorogimedence.hu\/index.php\/wp-json\/wp\/v2\/media?parent=43030"}],"wp:term":[{"taxonomy":"category","embeddable":true,"href":"https:\/\/dorogimedence.hu\/index.php\/wp-json\/wp\/v2\/categories?post=43030"},{"taxonomy":"post_tag","embeddable":true,"href":"https:\/\/dorogimedence.hu\/index.php\/wp-json\/wp\/v2\/tags?post=43030"}],"curies":[{"name":"wp","href":"https:\/\/api.w.org\/{rel}","templated":true}]}}