{"id":42975,"date":"2022-05-22T07:25:31","date_gmt":"2022-05-22T05:25:31","guid":{"rendered":"https:\/\/dorogimedence.hu\/?p=42975"},"modified":"2022-05-22T07:28:06","modified_gmt":"2022-05-22T05:28:06","slug":"kamarakiallitas-es-emlekerme-az-aranybulla-kiadasanak-800-evfordulojara","status":"publish","type":"post","link":"https:\/\/dorogimedence.hu\/index.php\/2022\/05\/22\/kamarakiallitas-es-emlekerme-az-aranybulla-kiadasanak-800-evfordulojara\/","title":{"rendered":"Kamaraki\u00e1ll\u00edt\u00e1s \u00e9s eml\u00e9k\u00e9rme az Aranybulla kiad\u00e1s\u00e1nak 800. \u00e9vfordul\u00f3j\u00e1ra"},"content":{"rendered":"<p><strong>Kamaraki\u00e1ll\u00edt\u00e1s ny\u00edlt az Aranybulla kiad\u00e1s\u00e1nak 800. \u00e9vfordul\u00f3ja alkalm\u00e1b\u00f3l m\u00e1jus 20-\u00e1n, p\u00e9nteken az Esztergomi Bazilika kincst\u00e1r\u00e1ban, a Magyar Nemzeti Bank pedig &#8222;II. Andr\u00e1s Aranybull\u00e1ja&#8221; n\u00e9vvel t\u00edzezer forint n\u00e9v\u00e9rt\u00e9k\u0171 arany \u00e9s \u00f6tezer forint n\u00e9v\u00e9rt\u00e9k\u0171 sz\u00ednesf\u00e9m eml\u00e9k\u00e9rm\u00e9t bocs\u00e1tott ki.<\/strong><\/p>\n<p>Erd\u0151 P\u00e9ter b\u00edboros a ki\u00e1ll\u00edt\u00e1s megnyit\u00f3j\u00e1n kiemelte, az Aranybull\u00e1ban az alkotm\u00e1ny jelk\u00e9p\u00e9t tisztelj\u00fck, \u00e9s az egyh\u00e1z szerep\u00e9nek jelent\u0151s\u00e9g\u00e9t n\u00f6velte, hogy a pr\u00edm\u00e1s k\u00fcldet\u00e9se volt a kir\u00e1ly figyelm\u00e9nek felh\u00edv\u00e1sa a kereszt\u00e9ny \u00e9rt\u00e9kekre.<\/p>\n<p>T\u00f6r\u00f6k Csaba, a f\u0151sz\u00e9kesegyh\u00e1zi kincst\u00e1r igazgat\u00f3ja eml\u00e9keztetett arra, hogy az Aranybull\u00e1b\u00f3l kiad\u00e1sa idej\u00e9n h\u00e9t m\u00e1solat k\u00e9sz\u00fclt, ezek k\u00f6z\u00fcl egyet Esztergomban \u0151riztek, de ez megsemmis\u00fclt. K\u00e9s\u0151bb csal\u00e1di adom\u00e1nyb\u00f3l kaptak egy 1318-ban k\u00e9sz\u00fclt m\u00e1solatot, amely az okirat legkor\u00e1bbi el\u0151fordul\u00e1s\u00e1nak sz\u00e1m\u00edt, mivel a kiad\u00e1skori m\u00e1solatok is elt\u0171ntek.<\/p>\n<p><img fetchpriority=\"high\" decoding=\"async\" class=\"alignnone size-large wp-image-42977\" src=\"https:\/\/dorogimedence.hu\/wp-content\/uploads\/2022\/05\/aranybulla-02-1024x682.jpg\" alt=\"\" width=\"755\" height=\"503\"><\/p>\n<p>Kandr\u00e1cs Csaba, a Magyar Nemzeti Bank (MNB) aleln\u00f6ke elmondta, a most kiadott nagyobbik eml\u00e9k\u00e9rme az Aranybulla pecs\u00e9tj\u00e9nek eredeti m\u00e9ret\u00e9vel azonos. Az arany eml\u00e9k\u00e9rme a sz\u00ednesf\u00e9m eml\u00e9k\u00e9rme el\u0151oldal\u00e1ra r\u00e1illeszthet\u0151, ez egyed\u00fcl\u00e1ll\u00f3 k\u00fcl\u00f6nlegess\u00e9g a magyar eml\u00e9k\u00e9rme-kibocs\u00e1t\u00e1sok k\u00f6r\u00e9ben. Az \u00e9rm\u00e9ket Endr\u0151dy Zolt\u00e1n iparm\u0171v\u00e9sz tervezte. Ismertet\u00e9se szerint az arany eml\u00e9k\u00e9rme el\u0151lapj\u00e1n a kiz\u00e1r\u00f3lag II. Andr\u00e1s kir\u00e1ly aranybull\u00e1j\u00e1n haszn\u00e1lt orsz\u00e1gc\u00edmer modern \u00e1br\u00e1zol\u00e1sa, a h\u00e1tlapj\u00e1n pedig az Aranybulla modern kivitel\u0171, k\u00f6rirat n\u00e9lk\u00fcli uralkod\u00f3\u00e1br\u00e1zol\u00e1sa l\u00e1that\u00f3.<\/p>\n<p><img decoding=\"async\" class=\"alignnone size-full wp-image-42978\" src=\"https:\/\/dorogimedence.hu\/wp-content\/uploads\/2022\/05\/aranybulla-04.jpg\" alt=\"\" width=\"818\" height=\"339\" srcset=\"https:\/\/dorogimedence.hu\/wp-content\/uploads\/2022\/05\/aranybulla-04.jpg 818w, https:\/\/dorogimedence.hu\/wp-content\/uploads\/2022\/05\/aranybulla-04-300x124.jpg 300w, https:\/\/dorogimedence.hu\/wp-content\/uploads\/2022\/05\/aranybulla-04-768x318.jpg 768w, https:\/\/dorogimedence.hu\/wp-content\/uploads\/2022\/05\/aranybulla-04-150x62.jpg 150w, https:\/\/dorogimedence.hu\/wp-content\/uploads\/2022\/05\/aranybulla-04-450x186.jpg 450w\" sizes=\"(max-width: 818px) 100vw, 818px\" \/><\/p>\n<p>Az arany eml\u00e9k\u00e9rme 999 ezrel\u00e9k finoms\u00e1g\u00fa aranyb\u00f3l k\u00e9sz\u00fclt, s\u00falya 0,50 gramm, \u00e1tm\u00e9r\u0151je 11 millim\u00e9ter, sz\u00e9le sima, ebb\u0151l t\u00edzezer darab k\u00e9sz\u00edthet\u0151 verdef\u00e9nyes kivitelben. A sz\u00ednesf\u00e9m eml\u00e9k\u00e9rme el\u0151lapj\u00e1n oklev\u00e9l\u00e1br\u00e1zol\u00e1s l\u00e1that\u00f3, a megsemmis\u00fclt Aranybulla legkor\u00e1bbi hiteles\u00edtett m\u00e1solat\u00e1nak sz\u00f6vegr\u00e9szlet\u00e9vel \u00e9s az eredeti Aranybulla orsz\u00e1gc\u00edmeres oldalt megjelen\u00edt\u0151 f\u00fcgg\u0151pecs\u00e9tj\u00e9vel. H\u00e1tlapj\u00e1n az eredeti Aranybulla f\u00fcgg\u0151pecs\u00e9tj\u00e9nek az uralkod\u00f3t \u00e1br\u00e1zol\u00f3 oldala jelenik meg. A sz\u00ednesf\u00e9m eml\u00e9k\u00e9rme r\u00e9z (63%) \u00e9s nikkel (37%) \u00f6tv\u00f6zet\u00e9b\u0151l k\u00e9sz\u00fclt, s\u00falya 117,5 gramm, \u00e1tm\u00e9r\u0151je 67 mm (az Aranybulla eredeti pecs\u00e9tj\u00e9nek m\u00e9ret\u00e9vel azonos \u00e1tm\u00e9r\u0151j\u0171), sz\u00e9le sima, \u00f6sszesen 10000 darab patin\u00e1zott kivitelben k\u00e9sz\u00edthet\u0151.<\/p>\n<p><img decoding=\"async\" class=\"alignnone size-large wp-image-42979\" src=\"https:\/\/dorogimedence.hu\/wp-content\/uploads\/2022\/05\/aranybulla-03-1024x682.jpg\" alt=\"\" width=\"755\" height=\"503\" srcset=\"https:\/\/dorogimedence.hu\/wp-content\/uploads\/2022\/05\/aranybulla-03-1024x682.jpg 1024w, https:\/\/dorogimedence.hu\/wp-content\/uploads\/2022\/05\/aranybulla-03-300x200.jpg 300w, https:\/\/dorogimedence.hu\/wp-content\/uploads\/2022\/05\/aranybulla-03-768x511.jpg 768w, https:\/\/dorogimedence.hu\/wp-content\/uploads\/2022\/05\/aranybulla-03-1536x1022.jpg 1536w, https:\/\/dorogimedence.hu\/wp-content\/uploads\/2022\/05\/aranybulla-03-150x100.jpg 150w, https:\/\/dorogimedence.hu\/wp-content\/uploads\/2022\/05\/aranybulla-03-450x300.jpg 450w, https:\/\/dorogimedence.hu\/wp-content\/uploads\/2022\/05\/aranybulla-03-1200x799.jpg 1200w, https:\/\/dorogimedence.hu\/wp-content\/uploads\/2022\/05\/aranybulla-03-272x182.jpg 272w, https:\/\/dorogimedence.hu\/wp-content\/uploads\/2022\/05\/aranybulla-03.jpg 1920w\" sizes=\"(max-width: 755px) 100vw, 755px\" \/><\/p>\n<p>Az Aranybulla a magyar t\u00f6rt\u00e9nelem egyik legismertebb dokumentuma, nev\u00e9t aranypecs\u00e9tj\u00e9r\u0151l kapta. Jelent\u0151s\u00e9ge nem saj\u00e1t kor\u00e1hoz, hanem ut\u00f3\u00e9let\u00e9hez kapcsol\u00f3dik. Azt k\u00f6vet\u0151en ugyanis, hogy Nagy Lajos kir\u00e1ly 1351-ben meger\u0151s\u00edtette \u00e9s t\u00f6rv\u00e9nybe foglalta az 1222. \u00e9vi oklev\u00e9l sz\u00f6veg\u00e9t, \u00e9vsz\u00e1zadokon \u00e1t a magyar nemesi kiv\u00e1lts\u00e1gok foglalat\u00e1nak tekintett\u00e9k &#8211; \u00edrta \u00f6sszegz\u00e9s\u00e9ben az MNB. Hozz\u00e1tett\u00e9k: \u00edgy ker\u00fclt be az Aranybulla Werb\u0151czy Istv\u00e1nnak a k\u00f6z\u00e9pkori magyar jogot \u00f6sszefoglal\u00f3 tekint\u00e9lyes m\u0171v\u00e9be, az 1517-ben kiadott H\u00e1rmask\u00f6nyvbe. Werb\u0151czy r\u00e9v\u00e9n pedig eg\u00e9szen 1848-ig az Aranybulla volt a magyar rendi ellen\u00e1ll\u00e1s, a magyar f\u00fcggetlens\u00e9gi t\u00f6rekv\u00e9sek egyik sarokk\u00f6ve.<\/p>\n<p>Az arany \u00e9s sz\u00ednesf\u00e9m eml\u00e9k\u00e9rm\u00e9k p\u00e9ntekt\u0151l megv\u00e1s\u00e1rolhat\u00f3k az \u00e9rm\u00e9ket gy\u00e1rt\u00f3 \u00e9s forgalmaz\u00f3 Magyar P\u00e9nzver\u0151 Zrt. \u00fczlet\u00e9ben, valamint web\u00e1ruh\u00e1z\u00e1ban.<\/p>\n<p><em>Forr\u00e1s: MTI<br \/>\nFot\u00f3k: MTI\/Kov\u00e1cs Attila<br \/>\nA t\u00edzezer forint n\u00e9v\u00e9rt\u00e9k\u0171 arany \u00e9rm\u00e9r\u0151l k\u00e9sz\u00fclt fot\u00f3: penzvero.hu<\/em><\/p>\n","protected":false},"excerpt":{"rendered":"<p>Kamaraki\u00e1ll\u00edt\u00e1s ny\u00edlt az Aranybulla kiad\u00e1s\u00e1nak 800. \u00e9vfordul\u00f3ja alkalm\u00e1b\u00f3l m\u00e1jus 20-\u00e1n, p\u00e9nteken az Esztergomi Bazilika kincst\u00e1r\u00e1ban, a Magyar Nemzeti Bank pedig &#8222;II. Andr\u00e1s Aranybull\u00e1ja&#8221; n\u00e9vvel t\u00edzezer forint n\u00e9v\u00e9rt\u00e9k\u0171 arany \u00e9s \u00f6tezer forint n\u00e9v\u00e9rt\u00e9k\u0171 sz\u00ednesf\u00e9m eml\u00e9k\u00e9rm\u00e9t bocs\u00e1tott ki. Erd\u0151 P\u00e9ter b\u00edboros a ki\u00e1ll\u00edt\u00e1s megnyit\u00f3j\u00e1n kiemelte, az Aranybull\u00e1ban az alkotm\u00e1ny jelk\u00e9p\u00e9t tisztelj\u00fck, \u00e9s az egyh\u00e1z szerep\u00e9nek jelent\u0151s\u00e9g\u00e9t n\u00f6velte,<\/p>\n","protected":false},"author":1,"featured_media":0,"comment_status":"closed","ping_status":"closed","sticky":false,"template":"","format":"standard","meta":{"ngg_post_thumbnail":0,"footnotes":""},"categories":[38,3],"tags":[6468,6469,42,5624,194],"class_list":{"0":"post-42975","1":"post","2":"type-post","3":"status-publish","4":"format-standard","6":"category-esztergom","7":"category-hirek","8":"tag-aranybulla","9":"tag-emlekerme","10":"tag-esztergom","11":"tag-featured","12":"tag-kiallitas"},"yoast_head":"<!-- This site is optimized with the Yoast SEO plugin v27.5 - https:\/\/yoast.com\/product\/yoast-seo-wordpress\/ -->\n<title>Kamaraki\u00e1ll\u00edt\u00e1s \u00e9s eml\u00e9k\u00e9rme az Aranybulla kiad\u00e1s\u00e1nak 800. \u00e9vfordul\u00f3j\u00e1ra<\/title>\n<meta name=\"robots\" content=\"index, follow, max-snippet:-1, max-image-preview:large, max-video-preview:-1\" \/>\n<link rel=\"canonical\" href=\"https:\/\/dorogimedence.hu\/index.php\/2022\/05\/22\/kamarakiallitas-es-emlekerme-az-aranybulla-kiadasanak-800-evfordulojara\/\" class=\"yoast-seo-meta-tag\" \/>\n<meta property=\"og:locale\" content=\"hu_HU\" class=\"yoast-seo-meta-tag\" \/>\n<meta property=\"og:type\" content=\"article\" class=\"yoast-seo-meta-tag\" \/>\n<meta property=\"og:title\" content=\"Kamaraki\u00e1ll\u00edt\u00e1s \u00e9s eml\u00e9k\u00e9rme az Aranybulla kiad\u00e1s\u00e1nak 800. \u00e9vfordul\u00f3j\u00e1ra\" class=\"yoast-seo-meta-tag\" \/>\n<meta property=\"og:description\" content=\"Kamaraki\u00e1ll\u00edt\u00e1s ny\u00edlt az Aranybulla kiad\u00e1s\u00e1nak 800. \u00e9vfordul\u00f3ja alkalm\u00e1b\u00f3l m\u00e1jus 20-\u00e1n, p\u00e9nteken az Esztergomi Bazilika kincst\u00e1r\u00e1ban, a Magyar Nemzeti Bank pedig &#8222;II. Andr\u00e1s Aranybull\u00e1ja&#8221; n\u00e9vvel t\u00edzezer forint n\u00e9v\u00e9rt\u00e9k\u0171 arany \u00e9s \u00f6tezer forint n\u00e9v\u00e9rt\u00e9k\u0171 sz\u00ednesf\u00e9m eml\u00e9k\u00e9rm\u00e9t bocs\u00e1tott ki. Erd\u0151 P\u00e9ter b\u00edboros a ki\u00e1ll\u00edt\u00e1s megnyit\u00f3j\u00e1n kiemelte, az Aranybull\u00e1ban az alkotm\u00e1ny jelk\u00e9p\u00e9t tisztelj\u00fck, \u00e9s az egyh\u00e1z szerep\u00e9nek jelent\u0151s\u00e9g\u00e9t n\u00f6velte,\" class=\"yoast-seo-meta-tag\" \/>\n<meta property=\"og:url\" content=\"https:\/\/dorogimedence.hu\/index.php\/2022\/05\/22\/kamarakiallitas-es-emlekerme-az-aranybulla-kiadasanak-800-evfordulojara\/\" class=\"yoast-seo-meta-tag\" \/>\n<meta property=\"og:site_name\" content=\"Dorogi-medence Region\u00e1lis H\u00edrport\u00e1l\" class=\"yoast-seo-meta-tag\" \/>\n<meta property=\"article:publisher\" content=\"https:\/\/www.facebook.com\/dorogimedence\/\" class=\"yoast-seo-meta-tag\" \/>\n<meta property=\"article:published_time\" content=\"2022-05-22T05:25:31+00:00\" class=\"yoast-seo-meta-tag\" \/>\n<meta property=\"article:modified_time\" content=\"2022-05-22T05:28:06+00:00\" class=\"yoast-seo-meta-tag\" \/>\n<meta property=\"og:image\" content=\"https:\/\/i0.wp.com\/dorogimedence.hu\/wp-content\/uploads\/2022\/05\/aranybulla-05.jpg?fit=1920%2C1172&ssl=1\" class=\"yoast-seo-meta-tag\" \/>\n\t<meta property=\"og:image:width\" content=\"1920\" class=\"yoast-seo-meta-tag\" \/>\n\t<meta property=\"og:image:height\" content=\"1172\" class=\"yoast-seo-meta-tag\" \/>\n\t<meta property=\"og:image:type\" content=\"image\/jpeg\" class=\"yoast-seo-meta-tag\" \/>\n<meta name=\"author\" content=\"dorogimedence.hu\" class=\"yoast-seo-meta-tag\" \/>\n<meta name=\"twitter:card\" content=\"summary_large_image\" class=\"yoast-seo-meta-tag\" \/>\n<meta name=\"twitter:label1\" content=\"Szerz\u0151:\" class=\"yoast-seo-meta-tag\" \/>\n\t<meta name=\"twitter:data1\" content=\"dorogimedence.hu\" class=\"yoast-seo-meta-tag\" \/>\n\t<meta name=\"twitter:label2\" content=\"Becs\u00fclt olvas\u00e1si id\u0151\" class=\"yoast-seo-meta-tag\" \/>\n\t<meta name=\"twitter:data2\" content=\"3 perc\" class=\"yoast-seo-meta-tag\" \/>\n<script type=\"application\/ld+json\" class=\"yoast-schema-graph\">{\"@context\":\"https:\\\/\\\/schema.org\",\"@graph\":[{\"@type\":\"Article\",\"@id\":\"https:\\\/\\\/dorogimedence.hu\\\/index.php\\\/2022\\\/05\\\/22\\\/kamarakiallitas-es-emlekerme-az-aranybulla-kiadasanak-800-evfordulojara\\\/#article\",\"isPartOf\":{\"@id\":\"https:\\\/\\\/dorogimedence.hu\\\/index.php\\\/2022\\\/05\\\/22\\\/kamarakiallitas-es-emlekerme-az-aranybulla-kiadasanak-800-evfordulojara\\\/\"},\"author\":{\"name\":\"dorogimedence.hu\",\"@id\":\"https:\\\/\\\/dorogimedence.hu\\\/#\\\/schema\\\/person\\\/ce6091eeb7e95ecdc87890d6aa8e0fd4\"},\"headline\":\"Kamaraki\u00e1ll\u00edt\u00e1s \u00e9s eml\u00e9k\u00e9rme az Aranybulla kiad\u00e1s\u00e1nak 800. \u00e9vfordul\u00f3j\u00e1ra\",\"datePublished\":\"2022-05-22T05:25:31+00:00\",\"dateModified\":\"2022-05-22T05:28:06+00:00\",\"mainEntityOfPage\":{\"@id\":\"https:\\\/\\\/dorogimedence.hu\\\/index.php\\\/2022\\\/05\\\/22\\\/kamarakiallitas-es-emlekerme-az-aranybulla-kiadasanak-800-evfordulojara\\\/\"},\"wordCount\":696,\"publisher\":{\"@id\":\"https:\\\/\\\/dorogimedence.hu\\\/#organization\"},\"image\":{\"@id\":\"https:\\\/\\\/dorogimedence.hu\\\/index.php\\\/2022\\\/05\\\/22\\\/kamarakiallitas-es-emlekerme-az-aranybulla-kiadasanak-800-evfordulojara\\\/#primaryimage\"},\"thumbnailUrl\":\"https:\\\/\\\/dorogimedence.hu\\\/wp-content\\\/uploads\\\/2022\\\/05\\\/aranybulla-02-1024x682.jpg\",\"keywords\":[\"Aranybulla\",\"eml\u00e9k\u00e9rme\",\"esztergom\",\"featured\",\"ki\u00e1ll\u00edt\u00e1s\"],\"articleSection\":[\"Esztergom\",\"H\u00edrek\"],\"inLanguage\":\"hu\"},{\"@type\":\"WebPage\",\"@id\":\"https:\\\/\\\/dorogimedence.hu\\\/index.php\\\/2022\\\/05\\\/22\\\/kamarakiallitas-es-emlekerme-az-aranybulla-kiadasanak-800-evfordulojara\\\/\",\"url\":\"https:\\\/\\\/dorogimedence.hu\\\/index.php\\\/2022\\\/05\\\/22\\\/kamarakiallitas-es-emlekerme-az-aranybulla-kiadasanak-800-evfordulojara\\\/\",\"name\":\"Kamaraki\u00e1ll\u00edt\u00e1s \u00e9s eml\u00e9k\u00e9rme az Aranybulla kiad\u00e1s\u00e1nak 800. \u00e9vfordul\u00f3j\u00e1ra\",\"isPartOf\":{\"@id\":\"https:\\\/\\\/dorogimedence.hu\\\/#website\"},\"primaryImageOfPage\":{\"@id\":\"https:\\\/\\\/dorogimedence.hu\\\/index.php\\\/2022\\\/05\\\/22\\\/kamarakiallitas-es-emlekerme-az-aranybulla-kiadasanak-800-evfordulojara\\\/#primaryimage\"},\"image\":{\"@id\":\"https:\\\/\\\/dorogimedence.hu\\\/index.php\\\/2022\\\/05\\\/22\\\/kamarakiallitas-es-emlekerme-az-aranybulla-kiadasanak-800-evfordulojara\\\/#primaryimage\"},\"thumbnailUrl\":\"https:\\\/\\\/dorogimedence.hu\\\/wp-content\\\/uploads\\\/2022\\\/05\\\/aranybulla-02-1024x682.jpg\",\"datePublished\":\"2022-05-22T05:25:31+00:00\",\"dateModified\":\"2022-05-22T05:28:06+00:00\",\"breadcrumb\":{\"@id\":\"https:\\\/\\\/dorogimedence.hu\\\/index.php\\\/2022\\\/05\\\/22\\\/kamarakiallitas-es-emlekerme-az-aranybulla-kiadasanak-800-evfordulojara\\\/#breadcrumb\"},\"inLanguage\":\"hu\",\"potentialAction\":[{\"@type\":\"ReadAction\",\"target\":[\"https:\\\/\\\/dorogimedence.hu\\\/index.php\\\/2022\\\/05\\\/22\\\/kamarakiallitas-es-emlekerme-az-aranybulla-kiadasanak-800-evfordulojara\\\/\"]}]},{\"@type\":\"ImageObject\",\"inLanguage\":\"hu\",\"@id\":\"https:\\\/\\\/dorogimedence.hu\\\/index.php\\\/2022\\\/05\\\/22\\\/kamarakiallitas-es-emlekerme-az-aranybulla-kiadasanak-800-evfordulojara\\\/#primaryimage\",\"url\":\"https:\\\/\\\/dorogimedence.hu\\\/wp-content\\\/uploads\\\/2022\\\/05\\\/aranybulla-02-1024x682.jpg\",\"contentUrl\":\"https:\\\/\\\/dorogimedence.hu\\\/wp-content\\\/uploads\\\/2022\\\/05\\\/aranybulla-02-1024x682.jpg\"},{\"@type\":\"BreadcrumbList\",\"@id\":\"https:\\\/\\\/dorogimedence.hu\\\/index.php\\\/2022\\\/05\\\/22\\\/kamarakiallitas-es-emlekerme-az-aranybulla-kiadasanak-800-evfordulojara\\\/#breadcrumb\",\"itemListElement\":[{\"@type\":\"ListItem\",\"position\":1,\"name\":\"Kezd\u0151lap\",\"item\":\"https:\\\/\\\/dorogimedence.hu\\\/\"},{\"@type\":\"ListItem\",\"position\":2,\"name\":\"Kamaraki\u00e1ll\u00edt\u00e1s \u00e9s eml\u00e9k\u00e9rme az Aranybulla kiad\u00e1s\u00e1nak 800. \u00e9vfordul\u00f3j\u00e1ra\"}]},{\"@type\":\"WebSite\",\"@id\":\"https:\\\/\\\/dorogimedence.hu\\\/#website\",\"url\":\"https:\\\/\\\/dorogimedence.hu\\\/\",\"name\":\"Dorogi-medence Region\u00e1lis H\u00edrport\u00e1l\",\"description\":\"Dorog, Keszt\u00f6lc, Le\u00e1nyv\u00e1r, Piliscs\u00e9v, Tokod, Tokodalt\u00e1r\u00f3, Csolnok, Esztergom-kertv\u00e1ros: h\u00edrek, programok\",\"publisher\":{\"@id\":\"https:\\\/\\\/dorogimedence.hu\\\/#organization\"},\"potentialAction\":[{\"@type\":\"SearchAction\",\"target\":{\"@type\":\"EntryPoint\",\"urlTemplate\":\"https:\\\/\\\/dorogimedence.hu\\\/?s={search_term_string}\"},\"query-input\":{\"@type\":\"PropertyValueSpecification\",\"valueRequired\":true,\"valueName\":\"search_term_string\"}}],\"inLanguage\":\"hu\"},{\"@type\":\"Organization\",\"@id\":\"https:\\\/\\\/dorogimedence.hu\\\/#organization\",\"name\":\"Dorogi-medence Region\u00e1lis H\u00edrport\u00e1l\",\"url\":\"https:\\\/\\\/dorogimedence.hu\\\/\",\"logo\":{\"@type\":\"ImageObject\",\"inLanguage\":\"hu\",\"@id\":\"https:\\\/\\\/dorogimedence.hu\\\/#\\\/schema\\\/logo\\\/image\\\/\",\"url\":\"https:\\\/\\\/dorogimedence.hu\\\/wp-content\\\/uploads\\\/2021\\\/04\\\/logo-feher-600.png\",\"contentUrl\":\"https:\\\/\\\/dorogimedence.hu\\\/wp-content\\\/uploads\\\/2021\\\/04\\\/logo-feher-600.png\",\"width\":600,\"height\":100,\"caption\":\"Dorogi-medence Region\u00e1lis H\u00edrport\u00e1l\"},\"image\":{\"@id\":\"https:\\\/\\\/dorogimedence.hu\\\/#\\\/schema\\\/logo\\\/image\\\/\"},\"sameAs\":[\"https:\\\/\\\/www.facebook.com\\\/dorogimedence\\\/\"]},{\"@type\":\"Person\",\"@id\":\"https:\\\/\\\/dorogimedence.hu\\\/#\\\/schema\\\/person\\\/ce6091eeb7e95ecdc87890d6aa8e0fd4\",\"name\":\"dorogimedence.hu\",\"image\":{\"@type\":\"ImageObject\",\"inLanguage\":\"hu\",\"@id\":\"\\\/\\\/www.gravatar.com\\\/avatar\\\/d8d45f8901aadff40a4af72c0b826f1d?s=96&#038;r=g&#038;d=mm\",\"url\":\"\\\/\\\/www.gravatar.com\\\/avatar\\\/d8d45f8901aadff40a4af72c0b826f1d?s=96&#038;r=g&#038;d=mm\",\"contentUrl\":\"\\\/\\\/www.gravatar.com\\\/avatar\\\/d8d45f8901aadff40a4af72c0b826f1d?s=96&#038;r=g&#038;d=mm\",\"caption\":\"dorogimedence.hu\"}}]}<\/script>\n<!-- \/ Yoast SEO plugin. -->","yoast_head_json":{"title":"Kamaraki\u00e1ll\u00edt\u00e1s \u00e9s eml\u00e9k\u00e9rme az Aranybulla kiad\u00e1s\u00e1nak 800. \u00e9vfordul\u00f3j\u00e1ra","robots":{"index":"index","follow":"follow","max-snippet":"max-snippet:-1","max-image-preview":"max-image-preview:large","max-video-preview":"max-video-preview:-1"},"canonical":"https:\/\/dorogimedence.hu\/index.php\/2022\/05\/22\/kamarakiallitas-es-emlekerme-az-aranybulla-kiadasanak-800-evfordulojara\/","og_locale":"hu_HU","og_type":"article","og_title":"Kamaraki\u00e1ll\u00edt\u00e1s \u00e9s eml\u00e9k\u00e9rme az Aranybulla kiad\u00e1s\u00e1nak 800. \u00e9vfordul\u00f3j\u00e1ra","og_description":"Kamaraki\u00e1ll\u00edt\u00e1s ny\u00edlt az Aranybulla kiad\u00e1s\u00e1nak 800. \u00e9vfordul\u00f3ja alkalm\u00e1b\u00f3l m\u00e1jus 20-\u00e1n, p\u00e9nteken az Esztergomi Bazilika kincst\u00e1r\u00e1ban, a Magyar Nemzeti Bank pedig &#8222;II. Andr\u00e1s Aranybull\u00e1ja&#8221; n\u00e9vvel t\u00edzezer forint n\u00e9v\u00e9rt\u00e9k\u0171 arany \u00e9s \u00f6tezer forint n\u00e9v\u00e9rt\u00e9k\u0171 sz\u00ednesf\u00e9m eml\u00e9k\u00e9rm\u00e9t bocs\u00e1tott ki. Erd\u0151 P\u00e9ter b\u00edboros a ki\u00e1ll\u00edt\u00e1s megnyit\u00f3j\u00e1n kiemelte, az Aranybull\u00e1ban az alkotm\u00e1ny jelk\u00e9p\u00e9t tisztelj\u00fck, \u00e9s az egyh\u00e1z szerep\u00e9nek jelent\u0151s\u00e9g\u00e9t n\u00f6velte,","og_url":"https:\/\/dorogimedence.hu\/index.php\/2022\/05\/22\/kamarakiallitas-es-emlekerme-az-aranybulla-kiadasanak-800-evfordulojara\/","og_site_name":"Dorogi-medence Region\u00e1lis H\u00edrport\u00e1l","article_publisher":"https:\/\/www.facebook.com\/dorogimedence\/","article_published_time":"2022-05-22T05:25:31+00:00","article_modified_time":"2022-05-22T05:28:06+00:00","og_image":[{"width":1920,"height":1172,"url":"https:\/\/i0.wp.com\/dorogimedence.hu\/wp-content\/uploads\/2022\/05\/aranybulla-05.jpg?fit=1920%2C1172&ssl=1","type":"image\/jpeg"}],"author":"dorogimedence.hu","twitter_card":"summary_large_image","twitter_misc":{"Szerz\u0151:":"dorogimedence.hu","Becs\u00fclt olvas\u00e1si id\u0151":"3 perc"},"schema":{"@context":"https:\/\/schema.org","@graph":[{"@type":"Article","@id":"https:\/\/dorogimedence.hu\/index.php\/2022\/05\/22\/kamarakiallitas-es-emlekerme-az-aranybulla-kiadasanak-800-evfordulojara\/#article","isPartOf":{"@id":"https:\/\/dorogimedence.hu\/index.php\/2022\/05\/22\/kamarakiallitas-es-emlekerme-az-aranybulla-kiadasanak-800-evfordulojara\/"},"author":{"name":"dorogimedence.hu","@id":"https:\/\/dorogimedence.hu\/#\/schema\/person\/ce6091eeb7e95ecdc87890d6aa8e0fd4"},"headline":"Kamaraki\u00e1ll\u00edt\u00e1s \u00e9s eml\u00e9k\u00e9rme az Aranybulla kiad\u00e1s\u00e1nak 800. \u00e9vfordul\u00f3j\u00e1ra","datePublished":"2022-05-22T05:25:31+00:00","dateModified":"2022-05-22T05:28:06+00:00","mainEntityOfPage":{"@id":"https:\/\/dorogimedence.hu\/index.php\/2022\/05\/22\/kamarakiallitas-es-emlekerme-az-aranybulla-kiadasanak-800-evfordulojara\/"},"wordCount":696,"publisher":{"@id":"https:\/\/dorogimedence.hu\/#organization"},"image":{"@id":"https:\/\/dorogimedence.hu\/index.php\/2022\/05\/22\/kamarakiallitas-es-emlekerme-az-aranybulla-kiadasanak-800-evfordulojara\/#primaryimage"},"thumbnailUrl":"https:\/\/dorogimedence.hu\/wp-content\/uploads\/2022\/05\/aranybulla-02-1024x682.jpg","keywords":["Aranybulla","eml\u00e9k\u00e9rme","esztergom","featured","ki\u00e1ll\u00edt\u00e1s"],"articleSection":["Esztergom","H\u00edrek"],"inLanguage":"hu"},{"@type":"WebPage","@id":"https:\/\/dorogimedence.hu\/index.php\/2022\/05\/22\/kamarakiallitas-es-emlekerme-az-aranybulla-kiadasanak-800-evfordulojara\/","url":"https:\/\/dorogimedence.hu\/index.php\/2022\/05\/22\/kamarakiallitas-es-emlekerme-az-aranybulla-kiadasanak-800-evfordulojara\/","name":"Kamaraki\u00e1ll\u00edt\u00e1s \u00e9s eml\u00e9k\u00e9rme az Aranybulla kiad\u00e1s\u00e1nak 800. \u00e9vfordul\u00f3j\u00e1ra","isPartOf":{"@id":"https:\/\/dorogimedence.hu\/#website"},"primaryImageOfPage":{"@id":"https:\/\/dorogimedence.hu\/index.php\/2022\/05\/22\/kamarakiallitas-es-emlekerme-az-aranybulla-kiadasanak-800-evfordulojara\/#primaryimage"},"image":{"@id":"https:\/\/dorogimedence.hu\/index.php\/2022\/05\/22\/kamarakiallitas-es-emlekerme-az-aranybulla-kiadasanak-800-evfordulojara\/#primaryimage"},"thumbnailUrl":"https:\/\/dorogimedence.hu\/wp-content\/uploads\/2022\/05\/aranybulla-02-1024x682.jpg","datePublished":"2022-05-22T05:25:31+00:00","dateModified":"2022-05-22T05:28:06+00:00","breadcrumb":{"@id":"https:\/\/dorogimedence.hu\/index.php\/2022\/05\/22\/kamarakiallitas-es-emlekerme-az-aranybulla-kiadasanak-800-evfordulojara\/#breadcrumb"},"inLanguage":"hu","potentialAction":[{"@type":"ReadAction","target":["https:\/\/dorogimedence.hu\/index.php\/2022\/05\/22\/kamarakiallitas-es-emlekerme-az-aranybulla-kiadasanak-800-evfordulojara\/"]}]},{"@type":"ImageObject","inLanguage":"hu","@id":"https:\/\/dorogimedence.hu\/index.php\/2022\/05\/22\/kamarakiallitas-es-emlekerme-az-aranybulla-kiadasanak-800-evfordulojara\/#primaryimage","url":"https:\/\/dorogimedence.hu\/wp-content\/uploads\/2022\/05\/aranybulla-02-1024x682.jpg","contentUrl":"https:\/\/dorogimedence.hu\/wp-content\/uploads\/2022\/05\/aranybulla-02-1024x682.jpg"},{"@type":"BreadcrumbList","@id":"https:\/\/dorogimedence.hu\/index.php\/2022\/05\/22\/kamarakiallitas-es-emlekerme-az-aranybulla-kiadasanak-800-evfordulojara\/#breadcrumb","itemListElement":[{"@type":"ListItem","position":1,"name":"Kezd\u0151lap","item":"https:\/\/dorogimedence.hu\/"},{"@type":"ListItem","position":2,"name":"Kamaraki\u00e1ll\u00edt\u00e1s \u00e9s eml\u00e9k\u00e9rme az Aranybulla kiad\u00e1s\u00e1nak 800. \u00e9vfordul\u00f3j\u00e1ra"}]},{"@type":"WebSite","@id":"https:\/\/dorogimedence.hu\/#website","url":"https:\/\/dorogimedence.hu\/","name":"Dorogi-medence Region\u00e1lis H\u00edrport\u00e1l","description":"Dorog, Keszt\u00f6lc, Le\u00e1nyv\u00e1r, Piliscs\u00e9v, Tokod, Tokodalt\u00e1r\u00f3, Csolnok, Esztergom-kertv\u00e1ros: h\u00edrek, programok","publisher":{"@id":"https:\/\/dorogimedence.hu\/#organization"},"potentialAction":[{"@type":"SearchAction","target":{"@type":"EntryPoint","urlTemplate":"https:\/\/dorogimedence.hu\/?s={search_term_string}"},"query-input":{"@type":"PropertyValueSpecification","valueRequired":true,"valueName":"search_term_string"}}],"inLanguage":"hu"},{"@type":"Organization","@id":"https:\/\/dorogimedence.hu\/#organization","name":"Dorogi-medence Region\u00e1lis H\u00edrport\u00e1l","url":"https:\/\/dorogimedence.hu\/","logo":{"@type":"ImageObject","inLanguage":"hu","@id":"https:\/\/dorogimedence.hu\/#\/schema\/logo\/image\/","url":"https:\/\/dorogimedence.hu\/wp-content\/uploads\/2021\/04\/logo-feher-600.png","contentUrl":"https:\/\/dorogimedence.hu\/wp-content\/uploads\/2021\/04\/logo-feher-600.png","width":600,"height":100,"caption":"Dorogi-medence Region\u00e1lis H\u00edrport\u00e1l"},"image":{"@id":"https:\/\/dorogimedence.hu\/#\/schema\/logo\/image\/"},"sameAs":["https:\/\/www.facebook.com\/dorogimedence\/"]},{"@type":"Person","@id":"https:\/\/dorogimedence.hu\/#\/schema\/person\/ce6091eeb7e95ecdc87890d6aa8e0fd4","name":"dorogimedence.hu","image":{"@type":"ImageObject","inLanguage":"hu","@id":"\/\/www.gravatar.com\/avatar\/d8d45f8901aadff40a4af72c0b826f1d?s=96&#038;r=g&#038;d=mm","url":"\/\/www.gravatar.com\/avatar\/d8d45f8901aadff40a4af72c0b826f1d?s=96&#038;r=g&#038;d=mm","contentUrl":"\/\/www.gravatar.com\/avatar\/d8d45f8901aadff40a4af72c0b826f1d?s=96&#038;r=g&#038;d=mm","caption":"dorogimedence.hu"}}]}},"_links":{"self":[{"href":"https:\/\/dorogimedence.hu\/index.php\/wp-json\/wp\/v2\/posts\/42975","targetHints":{"allow":["GET"]}}],"collection":[{"href":"https:\/\/dorogimedence.hu\/index.php\/wp-json\/wp\/v2\/posts"}],"about":[{"href":"https:\/\/dorogimedence.hu\/index.php\/wp-json\/wp\/v2\/types\/post"}],"author":[{"embeddable":true,"href":"https:\/\/dorogimedence.hu\/index.php\/wp-json\/wp\/v2\/users\/1"}],"replies":[{"embeddable":true,"href":"https:\/\/dorogimedence.hu\/index.php\/wp-json\/wp\/v2\/comments?post=42975"}],"version-history":[{"count":0,"href":"https:\/\/dorogimedence.hu\/index.php\/wp-json\/wp\/v2\/posts\/42975\/revisions"}],"wp:attachment":[{"href":"https:\/\/dorogimedence.hu\/index.php\/wp-json\/wp\/v2\/media?parent=42975"}],"wp:term":[{"taxonomy":"category","embeddable":true,"href":"https:\/\/dorogimedence.hu\/index.php\/wp-json\/wp\/v2\/categories?post=42975"},{"taxonomy":"post_tag","embeddable":true,"href":"https:\/\/dorogimedence.hu\/index.php\/wp-json\/wp\/v2\/tags?post=42975"}],"curies":[{"name":"wp","href":"https:\/\/api.w.org\/{rel}","templated":true}]}}