{"id":42754,"date":"2022-05-13T13:40:51","date_gmt":"2022-05-13T11:40:51","guid":{"rendered":"https:\/\/dorogimedence.hu\/?p=42754"},"modified":"2022-05-13T13:48:19","modified_gmt":"2022-05-13T11:48:19","slug":"a-legszebb-konyhakertek-esztergomban","status":"publish","type":"post","link":"https:\/\/dorogimedence.hu\/index.php\/2022\/05\/13\/a-legszebb-konyhakertek-esztergomban\/","title":{"rendered":"A legszebb konyhakertek Esztergomban"},"content":{"rendered":"<p><strong>Hern\u00e1di \u00c1d\u00e1m polg\u00e1rmester, Esztergom Megyei Jog\u00fa V\u00e1ros \u00d6nkorm\u00e1nyzata k\u00e9pviselet\u00e9ben \u2013 csatlakozva S\u00e1ri Kov\u00e1cs Szilvila programigazgat\u00f3, Karcag v\u00e1ros alpolg\u00e1rmestere \u00e1ltal l\u00e9trehozott \u201eA legszebb konyhakertek\u201d \u2013 Magyarorsz\u00e1g legszebb konyhakertjei Magyar \u00d6r\u00f6ks\u00e9g d\u00edjas orsz\u00e1gos programhoz meghirdeti Esztergomban \u201eA legszebb konyhakertek\u201d programot.<\/strong><\/p>\n<p>A program c\u00e9lja: elismerni a kertm\u0171vel\u0151k munk\u00e1j\u00e1t, \u00e9s ezzel \u00f6szt\u00f6n\u00f6zni a lakoss\u00e1got arra, hogy saj\u00e1t, rokonai vagy bar\u00e1tai udvar\u00e1n, kertj\u00e9ben alak\u00edtson ki konyhakerteket, gondozza azt, termesszen benne maga \u00e9s csal\u00e1dja sz\u00e1m\u00e1ra min\u00e9l t\u00f6bb konyhakerti n\u00f6v\u00e9nyt, z\u00f6lds\u00e9get, f\u0171szert, gy\u00f3gyn\u00f6v\u00e9nyeket, gy\u00fcm\u00f6lcs\u00f6t.<\/p>\n<p>Az idei \u00e9v t\u00e9m\u00e1ja a K\u00f6rnyezettudatos kert.<\/p>\n<p>A programban r\u00e9szt vehet mindenki, aki konyhakerti n\u00f6v\u00e9nyeket\/gy\u00fcm\u00f6lcs\u00f6ket termeszt saj\u00e1t vagy b\u00e9relt f\u00f6ldter\u00fclet\u00e9n.<\/p>\n<p><strong>Nevezni 7 kateg\u00f3ri\u00e1ban lehet:<\/strong><\/p>\n<ul>\n<li>Balkon (erk\u00e9lyen kialak\u00edtott)<\/li>\n<li>Mini (50 m<sup>2<\/sup> alatti)<\/li>\n<li>Norm\u00e1l (50 m<sup>2<\/sup> feletti)<\/li>\n<li>K\u00f6z\u00f6ss\u00e9gi (csoportok, \u00f3vod\u00e1k, iskol\u00e1k, szervezetek \u00e1ltal megm\u0171velt kertek)<\/li>\n<li>Z\u00e1rtkert 1. (z\u00f6lds\u00e9ges)<\/li>\n<li>Z\u00e1rtkert 2. (gy\u00fcm\u00f6lcs\u00f6s)<\/li>\n<li>Z\u00e1rtkert 3. (vegyes \u2013 z\u00f6lds\u00e9g \u00e9s gy\u00fcm\u00f6lcs)<\/li>\n<\/ul>\n<p><span style=\"color: #ff0000;\">Jelentkezni 2022. j\u00fanius 15-ig lehet a jelentkez\u00e9si lap kit\u00f6lt\u00e9s\u00e9vel \u00e9s lead\u00e1s\u00e1val.<\/span><\/p>\n<p>Jelentkez\u00e9si lap let\u00f6lthet\u0151 <span style=\"text-decoration: underline; color: #0000ff;\"><a style=\"color: #0000ff; text-decoration: underline;\" href=\"https:\/\/esztergom.hu\/items\/cikk2022\/Esztergom_Jelentkezesi_lap_2022.pdf\" target=\"_blank\" rel=\"noopener\">ITT<\/a><\/span> vagy a lead\u00e1s helysz\u00edn\u00e9n, Esztergom V\u00e1ros \u00d6nkorm\u00e1nyzata Port\u00e1j\u00e1n (2500 Esztergom, Sz\u00e9chenyi t\u00e9r 1.) k\u00e9rhet\u0151.<\/p>\n<p>A kertek megtekint\u00e9se el\u0151zetes egyeztet\u00e9s alapj\u00e1n 2 alkalommal t\u00f6rt\u00e9nik m\u00e1jus 15 \u00e9s augusztus 15 k\u00f6z\u00f6tt.<\/p>\n<p>Eredm\u00e9nyhirdet\u00e9s: 2022. augusztus 20.<\/p>\n<p><img fetchpriority=\"high\" decoding=\"async\" class=\"alignnone size-large wp-image-42755\" src=\"https:\/\/dorogimedence.hu\/wp-content\/uploads\/2022\/05\/Esztergom_Megh_plakat_2022_11-724x1024.jpg\" alt=\"\" width=\"724\" height=\"1024\" srcset=\"https:\/\/dorogimedence.hu\/wp-content\/uploads\/2022\/05\/Esztergom_Megh_plakat_2022_11-724x1024.jpg 724w, https:\/\/dorogimedence.hu\/wp-content\/uploads\/2022\/05\/Esztergom_Megh_plakat_2022_11-212x300.jpg 212w, https:\/\/dorogimedence.hu\/wp-content\/uploads\/2022\/05\/Esztergom_Megh_plakat_2022_11-768x1087.jpg 768w, https:\/\/dorogimedence.hu\/wp-content\/uploads\/2022\/05\/Esztergom_Megh_plakat_2022_11-1086x1536.jpg 1086w, https:\/\/dorogimedence.hu\/wp-content\/uploads\/2022\/05\/Esztergom_Megh_plakat_2022_11-150x212.jpg 150w, https:\/\/dorogimedence.hu\/wp-content\/uploads\/2022\/05\/Esztergom_Megh_plakat_2022_11-450x637.jpg 450w, https:\/\/dorogimedence.hu\/wp-content\/uploads\/2022\/05\/Esztergom_Megh_plakat_2022_11-1200x1698.jpg 1200w, https:\/\/dorogimedence.hu\/wp-content\/uploads\/2022\/05\/Esztergom_Megh_plakat_2022_11.jpg 1357w\" sizes=\"(max-width: 724px) 100vw, 724px\" \/><\/p>\n<p><em>Forr\u00e1s: esztergom.hu<\/em><\/p>\n","protected":false},"excerpt":{"rendered":"<p>Hern\u00e1di \u00c1d\u00e1m polg\u00e1rmester, Esztergom Megyei Jog\u00fa V\u00e1ros \u00d6nkorm\u00e1nyzata k\u00e9pviselet\u00e9ben \u2013 csatlakozva S\u00e1ri Kov\u00e1cs Szilvila programigazgat\u00f3, Karcag v\u00e1ros alpolg\u00e1rmestere \u00e1ltal l\u00e9trehozott \u201eA legszebb konyhakertek\u201d \u2013 Magyarorsz\u00e1g legszebb konyhakertjei Magyar \u00d6r\u00f6ks\u00e9g d\u00edjas orsz\u00e1gos programhoz meghirdeti Esztergomban \u201eA legszebb konyhakertek\u201d programot. A program c\u00e9lja: elismerni a kertm\u0171vel\u0151k munk\u00e1j\u00e1t, \u00e9s ezzel \u00f6szt\u00f6n\u00f6zni a lakoss\u00e1got arra, hogy saj\u00e1t, rokonai vagy<\/p>\n","protected":false},"author":1,"featured_media":42756,"comment_status":"closed","ping_status":"closed","sticky":false,"template":"","format":"standard","meta":{"ngg_post_thumbnail":0,"footnotes":""},"categories":[38,3],"tags":[42,2446],"class_list":{"0":"post-42754","1":"post","2":"type-post","3":"status-publish","4":"format-standard","5":"has-post-thumbnail","7":"category-esztergom","8":"category-hirek","9":"tag-esztergom","10":"tag-konyhakert"},"yoast_head":"<!-- This site is optimized with the Yoast SEO plugin v27.5 - https:\/\/yoast.com\/product\/yoast-seo-wordpress\/ -->\n<title>A legszebb konyhakertek Esztergomban<\/title>\n<meta name=\"robots\" content=\"index, follow, max-snippet:-1, max-image-preview:large, max-video-preview:-1\" \/>\n<link rel=\"canonical\" href=\"https:\/\/dorogimedence.hu\/index.php\/2022\/05\/13\/a-legszebb-konyhakertek-esztergomban\/\" class=\"yoast-seo-meta-tag\" \/>\n<meta property=\"og:locale\" content=\"hu_HU\" class=\"yoast-seo-meta-tag\" \/>\n<meta property=\"og:type\" content=\"article\" class=\"yoast-seo-meta-tag\" \/>\n<meta property=\"og:title\" content=\"A legszebb konyhakertek Esztergomban\" class=\"yoast-seo-meta-tag\" \/>\n<meta property=\"og:description\" content=\"Hern\u00e1di \u00c1d\u00e1m polg\u00e1rmester, Esztergom Megyei Jog\u00fa V\u00e1ros \u00d6nkorm\u00e1nyzata k\u00e9pviselet\u00e9ben \u2013 csatlakozva S\u00e1ri Kov\u00e1cs Szilvila programigazgat\u00f3, Karcag v\u00e1ros alpolg\u00e1rmestere \u00e1ltal l\u00e9trehozott \u201eA legszebb konyhakertek\u201d \u2013 Magyarorsz\u00e1g legszebb konyhakertjei Magyar \u00d6r\u00f6ks\u00e9g d\u00edjas orsz\u00e1gos programhoz meghirdeti Esztergomban \u201eA legszebb konyhakertek\u201d programot. A program c\u00e9lja: elismerni a kertm\u0171vel\u0151k munk\u00e1j\u00e1t, \u00e9s ezzel \u00f6szt\u00f6n\u00f6zni a lakoss\u00e1got arra, hogy saj\u00e1t, rokonai vagy\" class=\"yoast-seo-meta-tag\" \/>\n<meta property=\"og:url\" content=\"https:\/\/dorogimedence.hu\/index.php\/2022\/05\/13\/a-legszebb-konyhakertek-esztergomban\/\" class=\"yoast-seo-meta-tag\" \/>\n<meta property=\"og:site_name\" content=\"Dorogi-medence Region\u00e1lis H\u00edrport\u00e1l\" class=\"yoast-seo-meta-tag\" \/>\n<meta property=\"article:publisher\" content=\"https:\/\/www.facebook.com\/dorogimedence\/\" class=\"yoast-seo-meta-tag\" \/>\n<meta property=\"article:published_time\" content=\"2022-05-13T11:40:51+00:00\" class=\"yoast-seo-meta-tag\" \/>\n<meta property=\"article:modified_time\" content=\"2022-05-13T11:48:19+00:00\" class=\"yoast-seo-meta-tag\" \/>\n<meta property=\"og:image\" content=\"https:\/\/i0.wp.com\/dorogimedence.hu\/wp-content\/uploads\/2022\/05\/kohlrabi-1595302_1920.jpg?fit=1920%2C1279&ssl=1\" class=\"yoast-seo-meta-tag\" \/>\n\t<meta property=\"og:image:width\" content=\"1920\" class=\"yoast-seo-meta-tag\" \/>\n\t<meta property=\"og:image:height\" content=\"1279\" class=\"yoast-seo-meta-tag\" \/>\n\t<meta property=\"og:image:type\" content=\"image\/jpeg\" class=\"yoast-seo-meta-tag\" \/>\n<meta name=\"author\" content=\"dorogimedence.hu\" class=\"yoast-seo-meta-tag\" \/>\n<meta name=\"twitter:card\" content=\"summary_large_image\" class=\"yoast-seo-meta-tag\" \/>\n<meta name=\"twitter:label1\" content=\"Szerz\u0151:\" class=\"yoast-seo-meta-tag\" \/>\n\t<meta name=\"twitter:data1\" content=\"dorogimedence.hu\" class=\"yoast-seo-meta-tag\" \/>\n\t<meta name=\"twitter:label2\" content=\"Becs\u00fclt olvas\u00e1si id\u0151\" class=\"yoast-seo-meta-tag\" \/>\n\t<meta name=\"twitter:data2\" content=\"1 perc\" class=\"yoast-seo-meta-tag\" \/>\n<script type=\"application\/ld+json\" class=\"yoast-schema-graph\">{\"@context\":\"https:\\\/\\\/schema.org\",\"@graph\":[{\"@type\":\"Article\",\"@id\":\"https:\\\/\\\/dorogimedence.hu\\\/index.php\\\/2022\\\/05\\\/13\\\/a-legszebb-konyhakertek-esztergomban\\\/#article\",\"isPartOf\":{\"@id\":\"https:\\\/\\\/dorogimedence.hu\\\/index.php\\\/2022\\\/05\\\/13\\\/a-legszebb-konyhakertek-esztergomban\\\/\"},\"author\":{\"name\":\"dorogimedence.hu\",\"@id\":\"https:\\\/\\\/dorogimedence.hu\\\/#\\\/schema\\\/person\\\/ce6091eeb7e95ecdc87890d6aa8e0fd4\"},\"headline\":\"A legszebb konyhakertek Esztergomban\",\"datePublished\":\"2022-05-13T11:40:51+00:00\",\"dateModified\":\"2022-05-13T11:48:19+00:00\",\"mainEntityOfPage\":{\"@id\":\"https:\\\/\\\/dorogimedence.hu\\\/index.php\\\/2022\\\/05\\\/13\\\/a-legszebb-konyhakertek-esztergomban\\\/\"},\"wordCount\":286,\"publisher\":{\"@id\":\"https:\\\/\\\/dorogimedence.hu\\\/#organization\"},\"image\":{\"@id\":\"https:\\\/\\\/dorogimedence.hu\\\/index.php\\\/2022\\\/05\\\/13\\\/a-legszebb-konyhakertek-esztergomban\\\/#primaryimage\"},\"thumbnailUrl\":\"https:\\\/\\\/dorogimedence.hu\\\/wp-content\\\/uploads\\\/2022\\\/05\\\/kohlrabi-1595302_1920.jpg\",\"keywords\":[\"esztergom\",\"konyhakert\"],\"articleSection\":[\"Esztergom\",\"H\u00edrek\"],\"inLanguage\":\"hu\"},{\"@type\":\"WebPage\",\"@id\":\"https:\\\/\\\/dorogimedence.hu\\\/index.php\\\/2022\\\/05\\\/13\\\/a-legszebb-konyhakertek-esztergomban\\\/\",\"url\":\"https:\\\/\\\/dorogimedence.hu\\\/index.php\\\/2022\\\/05\\\/13\\\/a-legszebb-konyhakertek-esztergomban\\\/\",\"name\":\"A legszebb konyhakertek Esztergomban\",\"isPartOf\":{\"@id\":\"https:\\\/\\\/dorogimedence.hu\\\/#website\"},\"primaryImageOfPage\":{\"@id\":\"https:\\\/\\\/dorogimedence.hu\\\/index.php\\\/2022\\\/05\\\/13\\\/a-legszebb-konyhakertek-esztergomban\\\/#primaryimage\"},\"image\":{\"@id\":\"https:\\\/\\\/dorogimedence.hu\\\/index.php\\\/2022\\\/05\\\/13\\\/a-legszebb-konyhakertek-esztergomban\\\/#primaryimage\"},\"thumbnailUrl\":\"https:\\\/\\\/dorogimedence.hu\\\/wp-content\\\/uploads\\\/2022\\\/05\\\/kohlrabi-1595302_1920.jpg\",\"datePublished\":\"2022-05-13T11:40:51+00:00\",\"dateModified\":\"2022-05-13T11:48:19+00:00\",\"breadcrumb\":{\"@id\":\"https:\\\/\\\/dorogimedence.hu\\\/index.php\\\/2022\\\/05\\\/13\\\/a-legszebb-konyhakertek-esztergomban\\\/#breadcrumb\"},\"inLanguage\":\"hu\",\"potentialAction\":[{\"@type\":\"ReadAction\",\"target\":[\"https:\\\/\\\/dorogimedence.hu\\\/index.php\\\/2022\\\/05\\\/13\\\/a-legszebb-konyhakertek-esztergomban\\\/\"]}]},{\"@type\":\"ImageObject\",\"inLanguage\":\"hu\",\"@id\":\"https:\\\/\\\/dorogimedence.hu\\\/index.php\\\/2022\\\/05\\\/13\\\/a-legszebb-konyhakertek-esztergomban\\\/#primaryimage\",\"url\":\"https:\\\/\\\/dorogimedence.hu\\\/wp-content\\\/uploads\\\/2022\\\/05\\\/kohlrabi-1595302_1920.jpg\",\"contentUrl\":\"https:\\\/\\\/dorogimedence.hu\\\/wp-content\\\/uploads\\\/2022\\\/05\\\/kohlrabi-1595302_1920.jpg\",\"width\":1920,\"height\":1279},{\"@type\":\"BreadcrumbList\",\"@id\":\"https:\\\/\\\/dorogimedence.hu\\\/index.php\\\/2022\\\/05\\\/13\\\/a-legszebb-konyhakertek-esztergomban\\\/#breadcrumb\",\"itemListElement\":[{\"@type\":\"ListItem\",\"position\":1,\"name\":\"Kezd\u0151lap\",\"item\":\"https:\\\/\\\/dorogimedence.hu\\\/\"},{\"@type\":\"ListItem\",\"position\":2,\"name\":\"A legszebb konyhakertek Esztergomban\"}]},{\"@type\":\"WebSite\",\"@id\":\"https:\\\/\\\/dorogimedence.hu\\\/#website\",\"url\":\"https:\\\/\\\/dorogimedence.hu\\\/\",\"name\":\"Dorogi-medence Region\u00e1lis H\u00edrport\u00e1l\",\"description\":\"Dorog, Keszt\u00f6lc, Le\u00e1nyv\u00e1r, Piliscs\u00e9v, Tokod, Tokodalt\u00e1r\u00f3, Csolnok, Esztergom-kertv\u00e1ros: h\u00edrek, programok\",\"publisher\":{\"@id\":\"https:\\\/\\\/dorogimedence.hu\\\/#organization\"},\"potentialAction\":[{\"@type\":\"SearchAction\",\"target\":{\"@type\":\"EntryPoint\",\"urlTemplate\":\"https:\\\/\\\/dorogimedence.hu\\\/?s={search_term_string}\"},\"query-input\":{\"@type\":\"PropertyValueSpecification\",\"valueRequired\":true,\"valueName\":\"search_term_string\"}}],\"inLanguage\":\"hu\"},{\"@type\":\"Organization\",\"@id\":\"https:\\\/\\\/dorogimedence.hu\\\/#organization\",\"name\":\"Dorogi-medence Region\u00e1lis H\u00edrport\u00e1l\",\"url\":\"https:\\\/\\\/dorogimedence.hu\\\/\",\"logo\":{\"@type\":\"ImageObject\",\"inLanguage\":\"hu\",\"@id\":\"https:\\\/\\\/dorogimedence.hu\\\/#\\\/schema\\\/logo\\\/image\\\/\",\"url\":\"https:\\\/\\\/dorogimedence.hu\\\/wp-content\\\/uploads\\\/2021\\\/04\\\/logo-feher-600.png\",\"contentUrl\":\"https:\\\/\\\/dorogimedence.hu\\\/wp-content\\\/uploads\\\/2021\\\/04\\\/logo-feher-600.png\",\"width\":600,\"height\":100,\"caption\":\"Dorogi-medence Region\u00e1lis H\u00edrport\u00e1l\"},\"image\":{\"@id\":\"https:\\\/\\\/dorogimedence.hu\\\/#\\\/schema\\\/logo\\\/image\\\/\"},\"sameAs\":[\"https:\\\/\\\/www.facebook.com\\\/dorogimedence\\\/\"]},{\"@type\":\"Person\",\"@id\":\"https:\\\/\\\/dorogimedence.hu\\\/#\\\/schema\\\/person\\\/ce6091eeb7e95ecdc87890d6aa8e0fd4\",\"name\":\"dorogimedence.hu\",\"image\":{\"@type\":\"ImageObject\",\"inLanguage\":\"hu\",\"@id\":\"\\\/\\\/www.gravatar.com\\\/avatar\\\/d8d45f8901aadff40a4af72c0b826f1d?s=96&#038;r=g&#038;d=mm\",\"url\":\"\\\/\\\/www.gravatar.com\\\/avatar\\\/d8d45f8901aadff40a4af72c0b826f1d?s=96&#038;r=g&#038;d=mm\",\"contentUrl\":\"\\\/\\\/www.gravatar.com\\\/avatar\\\/d8d45f8901aadff40a4af72c0b826f1d?s=96&#038;r=g&#038;d=mm\",\"caption\":\"dorogimedence.hu\"}}]}<\/script>\n<!-- \/ Yoast SEO plugin. -->","yoast_head_json":{"title":"A legszebb konyhakertek Esztergomban","robots":{"index":"index","follow":"follow","max-snippet":"max-snippet:-1","max-image-preview":"max-image-preview:large","max-video-preview":"max-video-preview:-1"},"canonical":"https:\/\/dorogimedence.hu\/index.php\/2022\/05\/13\/a-legszebb-konyhakertek-esztergomban\/","og_locale":"hu_HU","og_type":"article","og_title":"A legszebb konyhakertek Esztergomban","og_description":"Hern\u00e1di \u00c1d\u00e1m polg\u00e1rmester, Esztergom Megyei Jog\u00fa V\u00e1ros \u00d6nkorm\u00e1nyzata k\u00e9pviselet\u00e9ben \u2013 csatlakozva S\u00e1ri Kov\u00e1cs Szilvila programigazgat\u00f3, Karcag v\u00e1ros alpolg\u00e1rmestere \u00e1ltal l\u00e9trehozott \u201eA legszebb konyhakertek\u201d \u2013 Magyarorsz\u00e1g legszebb konyhakertjei Magyar \u00d6r\u00f6ks\u00e9g d\u00edjas orsz\u00e1gos programhoz meghirdeti Esztergomban \u201eA legszebb konyhakertek\u201d programot. A program c\u00e9lja: elismerni a kertm\u0171vel\u0151k munk\u00e1j\u00e1t, \u00e9s ezzel \u00f6szt\u00f6n\u00f6zni a lakoss\u00e1got arra, hogy saj\u00e1t, rokonai vagy","og_url":"https:\/\/dorogimedence.hu\/index.php\/2022\/05\/13\/a-legszebb-konyhakertek-esztergomban\/","og_site_name":"Dorogi-medence Region\u00e1lis H\u00edrport\u00e1l","article_publisher":"https:\/\/www.facebook.com\/dorogimedence\/","article_published_time":"2022-05-13T11:40:51+00:00","article_modified_time":"2022-05-13T11:48:19+00:00","og_image":[{"width":1920,"height":1279,"url":"https:\/\/i0.wp.com\/dorogimedence.hu\/wp-content\/uploads\/2022\/05\/kohlrabi-1595302_1920.jpg?fit=1920%2C1279&ssl=1","type":"image\/jpeg"}],"author":"dorogimedence.hu","twitter_card":"summary_large_image","twitter_misc":{"Szerz\u0151:":"dorogimedence.hu","Becs\u00fclt olvas\u00e1si id\u0151":"1 perc"},"schema":{"@context":"https:\/\/schema.org","@graph":[{"@type":"Article","@id":"https:\/\/dorogimedence.hu\/index.php\/2022\/05\/13\/a-legszebb-konyhakertek-esztergomban\/#article","isPartOf":{"@id":"https:\/\/dorogimedence.hu\/index.php\/2022\/05\/13\/a-legszebb-konyhakertek-esztergomban\/"},"author":{"name":"dorogimedence.hu","@id":"https:\/\/dorogimedence.hu\/#\/schema\/person\/ce6091eeb7e95ecdc87890d6aa8e0fd4"},"headline":"A legszebb konyhakertek Esztergomban","datePublished":"2022-05-13T11:40:51+00:00","dateModified":"2022-05-13T11:48:19+00:00","mainEntityOfPage":{"@id":"https:\/\/dorogimedence.hu\/index.php\/2022\/05\/13\/a-legszebb-konyhakertek-esztergomban\/"},"wordCount":286,"publisher":{"@id":"https:\/\/dorogimedence.hu\/#organization"},"image":{"@id":"https:\/\/dorogimedence.hu\/index.php\/2022\/05\/13\/a-legszebb-konyhakertek-esztergomban\/#primaryimage"},"thumbnailUrl":"https:\/\/dorogimedence.hu\/wp-content\/uploads\/2022\/05\/kohlrabi-1595302_1920.jpg","keywords":["esztergom","konyhakert"],"articleSection":["Esztergom","H\u00edrek"],"inLanguage":"hu"},{"@type":"WebPage","@id":"https:\/\/dorogimedence.hu\/index.php\/2022\/05\/13\/a-legszebb-konyhakertek-esztergomban\/","url":"https:\/\/dorogimedence.hu\/index.php\/2022\/05\/13\/a-legszebb-konyhakertek-esztergomban\/","name":"A legszebb konyhakertek Esztergomban","isPartOf":{"@id":"https:\/\/dorogimedence.hu\/#website"},"primaryImageOfPage":{"@id":"https:\/\/dorogimedence.hu\/index.php\/2022\/05\/13\/a-legszebb-konyhakertek-esztergomban\/#primaryimage"},"image":{"@id":"https:\/\/dorogimedence.hu\/index.php\/2022\/05\/13\/a-legszebb-konyhakertek-esztergomban\/#primaryimage"},"thumbnailUrl":"https:\/\/dorogimedence.hu\/wp-content\/uploads\/2022\/05\/kohlrabi-1595302_1920.jpg","datePublished":"2022-05-13T11:40:51+00:00","dateModified":"2022-05-13T11:48:19+00:00","breadcrumb":{"@id":"https:\/\/dorogimedence.hu\/index.php\/2022\/05\/13\/a-legszebb-konyhakertek-esztergomban\/#breadcrumb"},"inLanguage":"hu","potentialAction":[{"@type":"ReadAction","target":["https:\/\/dorogimedence.hu\/index.php\/2022\/05\/13\/a-legszebb-konyhakertek-esztergomban\/"]}]},{"@type":"ImageObject","inLanguage":"hu","@id":"https:\/\/dorogimedence.hu\/index.php\/2022\/05\/13\/a-legszebb-konyhakertek-esztergomban\/#primaryimage","url":"https:\/\/dorogimedence.hu\/wp-content\/uploads\/2022\/05\/kohlrabi-1595302_1920.jpg","contentUrl":"https:\/\/dorogimedence.hu\/wp-content\/uploads\/2022\/05\/kohlrabi-1595302_1920.jpg","width":1920,"height":1279},{"@type":"BreadcrumbList","@id":"https:\/\/dorogimedence.hu\/index.php\/2022\/05\/13\/a-legszebb-konyhakertek-esztergomban\/#breadcrumb","itemListElement":[{"@type":"ListItem","position":1,"name":"Kezd\u0151lap","item":"https:\/\/dorogimedence.hu\/"},{"@type":"ListItem","position":2,"name":"A legszebb konyhakertek Esztergomban"}]},{"@type":"WebSite","@id":"https:\/\/dorogimedence.hu\/#website","url":"https:\/\/dorogimedence.hu\/","name":"Dorogi-medence Region\u00e1lis H\u00edrport\u00e1l","description":"Dorog, Keszt\u00f6lc, Le\u00e1nyv\u00e1r, Piliscs\u00e9v, Tokod, Tokodalt\u00e1r\u00f3, Csolnok, Esztergom-kertv\u00e1ros: h\u00edrek, programok","publisher":{"@id":"https:\/\/dorogimedence.hu\/#organization"},"potentialAction":[{"@type":"SearchAction","target":{"@type":"EntryPoint","urlTemplate":"https:\/\/dorogimedence.hu\/?s={search_term_string}"},"query-input":{"@type":"PropertyValueSpecification","valueRequired":true,"valueName":"search_term_string"}}],"inLanguage":"hu"},{"@type":"Organization","@id":"https:\/\/dorogimedence.hu\/#organization","name":"Dorogi-medence Region\u00e1lis H\u00edrport\u00e1l","url":"https:\/\/dorogimedence.hu\/","logo":{"@type":"ImageObject","inLanguage":"hu","@id":"https:\/\/dorogimedence.hu\/#\/schema\/logo\/image\/","url":"https:\/\/dorogimedence.hu\/wp-content\/uploads\/2021\/04\/logo-feher-600.png","contentUrl":"https:\/\/dorogimedence.hu\/wp-content\/uploads\/2021\/04\/logo-feher-600.png","width":600,"height":100,"caption":"Dorogi-medence Region\u00e1lis H\u00edrport\u00e1l"},"image":{"@id":"https:\/\/dorogimedence.hu\/#\/schema\/logo\/image\/"},"sameAs":["https:\/\/www.facebook.com\/dorogimedence\/"]},{"@type":"Person","@id":"https:\/\/dorogimedence.hu\/#\/schema\/person\/ce6091eeb7e95ecdc87890d6aa8e0fd4","name":"dorogimedence.hu","image":{"@type":"ImageObject","inLanguage":"hu","@id":"\/\/www.gravatar.com\/avatar\/d8d45f8901aadff40a4af72c0b826f1d?s=96&#038;r=g&#038;d=mm","url":"\/\/www.gravatar.com\/avatar\/d8d45f8901aadff40a4af72c0b826f1d?s=96&#038;r=g&#038;d=mm","contentUrl":"\/\/www.gravatar.com\/avatar\/d8d45f8901aadff40a4af72c0b826f1d?s=96&#038;r=g&#038;d=mm","caption":"dorogimedence.hu"}}]}},"_links":{"self":[{"href":"https:\/\/dorogimedence.hu\/index.php\/wp-json\/wp\/v2\/posts\/42754","targetHints":{"allow":["GET"]}}],"collection":[{"href":"https:\/\/dorogimedence.hu\/index.php\/wp-json\/wp\/v2\/posts"}],"about":[{"href":"https:\/\/dorogimedence.hu\/index.php\/wp-json\/wp\/v2\/types\/post"}],"author":[{"embeddable":true,"href":"https:\/\/dorogimedence.hu\/index.php\/wp-json\/wp\/v2\/users\/1"}],"replies":[{"embeddable":true,"href":"https:\/\/dorogimedence.hu\/index.php\/wp-json\/wp\/v2\/comments?post=42754"}],"version-history":[{"count":0,"href":"https:\/\/dorogimedence.hu\/index.php\/wp-json\/wp\/v2\/posts\/42754\/revisions"}],"wp:featuredmedia":[{"embeddable":true,"href":"https:\/\/dorogimedence.hu\/index.php\/wp-json\/wp\/v2\/media\/42756"}],"wp:attachment":[{"href":"https:\/\/dorogimedence.hu\/index.php\/wp-json\/wp\/v2\/media?parent=42754"}],"wp:term":[{"taxonomy":"category","embeddable":true,"href":"https:\/\/dorogimedence.hu\/index.php\/wp-json\/wp\/v2\/categories?post=42754"},{"taxonomy":"post_tag","embeddable":true,"href":"https:\/\/dorogimedence.hu\/index.php\/wp-json\/wp\/v2\/tags?post=42754"}],"curies":[{"name":"wp","href":"https:\/\/api.w.org\/{rel}","templated":true}]}}