{"id":42710,"date":"2022-05-12T09:50:48","date_gmt":"2022-05-12T07:50:48","guid":{"rendered":"https:\/\/dorogimedence.hu\/?p=42710"},"modified":"2022-05-12T09:51:02","modified_gmt":"2022-05-12T07:51:02","slug":"350-tonna-szemetet-gyujtott-ossze-a-magyar-kozut","status":"publish","type":"post","link":"https:\/\/dorogimedence.hu\/index.php\/2022\/05\/12\/350-tonna-szemetet-gyujtott-ossze-a-magyar-kozut\/","title":{"rendered":"350 tonna szemetet gy\u0171jt\u00f6tt \u00f6ssze a Magyar K\u00f6z\u00fat"},"content":{"rendered":"<p><strong>K\u00e9t szem\u00e9tgy\u0171jt\u00e9si akci\u00f3napot is tartott a Magyar K\u00f6z\u00fat Nonprofit Zrt. id\u00e9n tavasszal. A F\u00f6ld Napja alkalm\u00e1b\u00f3l \u00e9s a TeSzedd kamp\u00e1nyhoz kapcsol\u00f3dva orsz\u00e1gszerte \u00f6sszesen 367 helysz\u00ednen t\u00f6bb ezer k\u00f6zutas munkav\u00e1llal\u00f3 350 tonna szemetet gy\u0171jt\u00f6tt \u00f6ssze a t\u00e1rsas\u00e1g kezel\u00e9s\u00e9ben l\u00e9v\u0151 utak \u00e9s pihen\u0151helyek k\u00f6rnyezet\u00e9ben \u00e1prilis 22-\u00e9n \u00e9s m\u00e1jus 4-\u00e9n.<\/strong><\/p>\n<p>A Magyar K\u00f6z\u00fat Nonprofit Zrt. az orsz\u00e1gos, 32 ezer kilom\u00e9teres k\u00f6z\u00fath\u00e1l\u00f3zathoz tartoz\u00f3 ter\u00fcleteken eg\u00e9sz \u00e9vben folyamatosan, \u00fctemezetten v\u00e9gzi a szem\u00e9tgy\u0171jt\u00e9si munk\u00e1kat. \u00c1ltal\u00e1nos tapasztalat, hogy az orsz\u00e1gos k\u00f6zutak menti pihen\u0151helyekben tal\u00e1lhat\u00f3, az utaz\u00e1s sor\u00e1n k\u00e9pz\u0151d\u0151 kis mennyis\u00e9g\u0171 hullad\u00e9k gy\u0171jt\u00e9s\u00e9re szolg\u00e1l\u00f3 kont\u00e9nerek \u00e9s kuk\u00e1k mell\u00e9 gyakran helyeznek ki b\u00fatort, h\u0171t\u0151ket, h\u00e1ztart\u00e1si hullad\u00e9kot. Nagyon sok, f\u0151leg erd\u0151s ter\u00fcleten tal\u00e1lnak a szakemberek illeg\u00e1lisan kidobott sittet, elektronikai, de ak\u00e1r vesz\u00e9lyes hullad\u00e9kokat is.<\/p>\n<p>A t\u00e1rsas\u00e1g 95 m\u00e9rn\u00f6ks\u00e9g\u00e9nek szem\u00e9tszed\u00e9si tev\u00e9kenys\u00e9ge sor\u00e1n \u00e9vente egy kisebb megyesz\u00e9khely \u00e9ves kommun\u00e1lis hullad\u00e9k\u00e1nak megfelel\u0151 mennyis\u00e9g\u0171 szemetet gy\u0171jt \u00f6ssze az orsz\u00e1gos k\u00f6zutak mell\u0151l, ez \u00e9vi 1-1,5 milli\u00e1rd forintos terhet jelent a c\u00e9g sz\u00e1m\u00e1ra. Am\u00edg a k\u00f6z\u00fatkezel\u0151 er\u0151it ezek a munk\u00e1k k\u00f6tik le, kevesebb forr\u00e1st tudnak ford\u00edtani az utak \u00fczemeltet\u00e9s\u00e9re \u00e9s fenntart\u00e1s\u00e1ra.<\/p>\n<p>A j\u00e1rv\u00e1nyhelyzet okozta sz\u00fcnet ut\u00e1n az\u00e9rt tartott id\u00e9n m\u00e1r k\u00e9t akci\u00f3napot is a t\u00e1rsas\u00e1g, hogy felh\u00edvja a figyelmet a teremtett k\u00f6rnyezet v\u00e9delm\u00e9re, szeml\u00e9letform\u00e1l\u00e1sra \u00f6szt\u00f6n\u00f6zz\u00f6n a tiszta Magyarorsz\u00e1g\u00e9rt. Orsz\u00e1gosan egy id\u0151ben erre a feladatra koncentr\u00e1lva a k\u00f6z\u00fatkezel\u0151 megmutatja, milyenek lehetn\u00e9nek az \u00fat menti ter\u00fcletek, ha azokat nem szemeteln\u00e9k \u00f6ssze illeg\u00e1lisan. Csak a k\u00f6zleked\u0151k\u00f6n m\u00falik, hogy ez\u00fattal meddig maradnak tiszt\u00e1k ezek a ter\u00fcletek. A K\u00f6z\u00fat ez\u00e9rt kiemelten k\u00e9r mindenkit, hogy az \u00fatk\u00f6zben \u00f6sszegy\u0171lt szemetet csak a kihelyezett kuk\u00e1kba \u00e9s ne azok mell\u00e9 dobj\u00e1k ki, az egy\u00e9b hullad\u00e9kokat pedig vigy\u00e9k el a megfelel\u0151 hullad\u00e9kudvarokba, \u00e1tvev\u0151helyekre.<\/p>\n<p>A szem\u00e9tszed\u00e9si munk\u00e1khoz kapcsol\u00f3d\u00f3 vide\u00f3 el\u00e9rhet\u0151 a Magyar K\u00f6z\u00fat hivatalos Instagram oldal\u00e1n:<\/p>\n<blockquote class=\"instagram-media\" style=\"background: #FFF; border: 0; border-radius: 3px; box-shadow: 0 0 1px 0 rgba(0,0,0,0.5),0 1px 10px 0 rgba(0,0,0,0.15); margin: 1px; max-width: 540px; min-width: 326px; padding: 0; width: calc(100% - 2px);\" data-instgrm-captioned=\"\" data-instgrm-permalink=\"https:\/\/www.instagram.com\/tv\/Cdcnu0ZI7Ga\/?utm_source=ig_embed&amp;utm_campaign=loading\" data-instgrm-version=\"14\">\n<div style=\"padding: 16px;\">\n<p>&nbsp;<\/p>\n<div style=\"display: flex; flex-direction: row; align-items: center;\">\n<div style=\"background-color: #f4f4f4; border-radius: 50%; flex-grow: 0; height: 40px; margin-right: 14px; width: 40px;\">&nbsp;<\/div>\n<div style=\"display: flex; flex-direction: column; flex-grow: 1; justify-content: center;\">\n<div style=\"background-color: #f4f4f4; border-radius: 4px; flex-grow: 0; height: 14px; margin-bottom: 6px; width: 100px;\">&nbsp;<\/div>\n<div style=\"background-color: #f4f4f4; border-radius: 4px; flex-grow: 0; height: 14px; width: 60px;\">&nbsp;<\/div>\n<\/div>\n<\/div>\n<div style=\"padding: 19% 0;\">&nbsp;<\/div>\n<div style=\"display: block; height: 50px; margin: 0 auto 12px; width: 50px;\">&nbsp;<\/div>\n<div style=\"padding-top: 8px;\">\n<div style=\"color: #3897f0; font-family: Arial,sans-serif; font-size: 14px; font-style: normal; font-weight: 550; line-height: 18px;\">A bejegyz\u00e9s megtekint\u00e9se az Instagramon<\/div>\n<\/div>\n<div style=\"padding: 12.5% 0;\">&nbsp;<\/div>\n<div style=\"display: flex; flex-direction: row; margin-bottom: 14px; align-items: center;\">\n<div>\n<div style=\"background-color: #f4f4f4; border-radius: 50%; height: 12.5px; width: 12.5px; transform: translateX(0px) translateY(7px);\">&nbsp;<\/div>\n<div style=\"background-color: #f4f4f4; height: 12.5px; transform: rotate(-45deg) translateX(3px) translateY(1px); width: 12.5px; flex-grow: 0; margin-right: 14px; margin-left: 2px;\">&nbsp;<\/div>\n<div style=\"background-color: #f4f4f4; border-radius: 50%; height: 12.5px; width: 12.5px; transform: translateX(9px) translateY(-18px);\">&nbsp;<\/div>\n<\/div>\n<div style=\"margin-left: 8px;\">\n<div style=\"background-color: #f4f4f4; border-radius: 50%; flex-grow: 0; height: 20px; width: 20px;\">&nbsp;<\/div>\n<div style=\"width: 0; height: 0; border-top: 2px solid transparent; border-left: 6px solid #f4f4f4; border-bottom: 2px solid transparent; transform: translateX(16px) translateY(-4px) rotate(30deg);\">&nbsp;<\/div>\n<\/div>\n<div style=\"margin-left: auto;\">\n<div style=\"width: 0px; border-top: 8px solid #F4F4F4; border-right: 8px solid transparent; transform: translateY(16px);\">&nbsp;<\/div>\n<div style=\"background-color: #f4f4f4; flex-grow: 0; height: 12px; width: 16px; transform: translateY(-4px);\">&nbsp;<\/div>\n<div style=\"width: 0; height: 0; border-top: 8px solid #F4F4F4; border-left: 8px solid transparent; transform: translateY(-4px) translateX(8px);\">&nbsp;<\/div>\n<\/div>\n<\/div>\n<div style=\"display: flex; flex-direction: column; flex-grow: 1; justify-content: center; margin-bottom: 24px;\">\n<div style=\"background-color: #f4f4f4; border-radius: 4px; flex-grow: 0; height: 14px; margin-bottom: 6px; width: 224px;\">&nbsp;<\/div>\n<div style=\"background-color: #f4f4f4; border-radius: 4px; flex-grow: 0; height: 14px; width: 144px;\">&nbsp;<\/div>\n<\/div>\n<p>&nbsp;<\/p>\n<p style=\"color: #c9c8cd; font-family: Arial,sans-serif; font-size: 14px; line-height: 17px; margin-bottom: 0; margin-top: 8px; overflow: hidden; padding: 8px 0 7px; text-align: center; text-overflow: ellipsis; white-space: nowrap;\"><a style=\"color: #c9c8cd; font-family: Arial,sans-serif; font-size: 14px; font-style: normal; font-weight: normal; line-height: 17px; text-decoration: none;\" href=\"https:\/\/www.instagram.com\/tv\/Cdcnu0ZI7Ga\/?utm_source=ig_embed&amp;utm_campaign=loading\" target=\"_blank\" rel=\"noopener\">Magyar Ko\u0308zu\u0301t Nonprofit Zrt. (@magyarkozut) \u00e1ltal megosztott bejegyz\u00e9s<\/a><\/p>\n<\/div>\n<\/blockquote>\n<p><script async=\"\" src=\"\/\/www.instagram.com\/embed.js\"><\/script><\/p>\n<p><em>Fot\u00f3, forr\u00e1s: Magyar K\u00f6z\u00fat Nonprofit Zrt.<\/em><\/p>\n","protected":false},"excerpt":{"rendered":"<p>K\u00e9t szem\u00e9tgy\u0171jt\u00e9si akci\u00f3napot is tartott a Magyar K\u00f6z\u00fat Nonprofit Zrt. id\u00e9n tavasszal. A F\u00f6ld Napja alkalm\u00e1b\u00f3l \u00e9s a TeSzedd kamp\u00e1nyhoz kapcsol\u00f3dva orsz\u00e1gszerte \u00f6sszesen 367 helysz\u00ednen t\u00f6bb ezer k\u00f6zutas munkav\u00e1llal\u00f3 350 tonna szemetet gy\u0171jt\u00f6tt \u00f6ssze a t\u00e1rsas\u00e1g kezel\u00e9s\u00e9ben l\u00e9v\u0151 utak \u00e9s pihen\u0151helyek k\u00f6rnyezet\u00e9ben \u00e1prilis 22-\u00e9n \u00e9s m\u00e1jus 4-\u00e9n. A Magyar K\u00f6z\u00fat Nonprofit Zrt. az orsz\u00e1gos, 32<\/p>\n","protected":false},"author":1,"featured_media":42711,"comment_status":"closed","ping_status":"closed","sticky":false,"template":"","format":"standard","meta":{"ngg_post_thumbnail":0,"footnotes":""},"categories":[3],"tags":[80,1838,2397],"class_list":{"0":"post-42710","1":"post","2":"type-post","3":"status-publish","4":"format-standard","5":"has-post-thumbnail","7":"category-hirek","8":"tag-hulladekgyujtes","9":"tag-magyar-kozut","10":"tag-szemetszedes"},"yoast_head":"<!-- This site is optimized with the Yoast SEO plugin v27.5 - https:\/\/yoast.com\/product\/yoast-seo-wordpress\/ -->\n<title>350 tonna szemetet gy\u0171jt\u00f6tt \u00f6ssze a Magyar K\u00f6z\u00fat<\/title>\n<meta name=\"robots\" content=\"index, follow, max-snippet:-1, max-image-preview:large, max-video-preview:-1\" \/>\n<link rel=\"canonical\" href=\"https:\/\/dorogimedence.hu\/index.php\/2022\/05\/12\/350-tonna-szemetet-gyujtott-ossze-a-magyar-kozut\/\" class=\"yoast-seo-meta-tag\" \/>\n<meta property=\"og:locale\" content=\"hu_HU\" class=\"yoast-seo-meta-tag\" \/>\n<meta property=\"og:type\" content=\"article\" class=\"yoast-seo-meta-tag\" \/>\n<meta property=\"og:title\" content=\"350 tonna szemetet gy\u0171jt\u00f6tt \u00f6ssze a Magyar K\u00f6z\u00fat\" class=\"yoast-seo-meta-tag\" \/>\n<meta property=\"og:description\" content=\"K\u00e9t szem\u00e9tgy\u0171jt\u00e9si akci\u00f3napot is tartott a Magyar K\u00f6z\u00fat Nonprofit Zrt. id\u00e9n tavasszal. A F\u00f6ld Napja alkalm\u00e1b\u00f3l \u00e9s a TeSzedd kamp\u00e1nyhoz kapcsol\u00f3dva orsz\u00e1gszerte \u00f6sszesen 367 helysz\u00ednen t\u00f6bb ezer k\u00f6zutas munkav\u00e1llal\u00f3 350 tonna szemetet gy\u0171jt\u00f6tt \u00f6ssze a t\u00e1rsas\u00e1g kezel\u00e9s\u00e9ben l\u00e9v\u0151 utak \u00e9s pihen\u0151helyek k\u00f6rnyezet\u00e9ben \u00e1prilis 22-\u00e9n \u00e9s m\u00e1jus 4-\u00e9n. A Magyar K\u00f6z\u00fat Nonprofit Zrt. az orsz\u00e1gos, 32\" class=\"yoast-seo-meta-tag\" \/>\n<meta property=\"og:url\" content=\"https:\/\/dorogimedence.hu\/index.php\/2022\/05\/12\/350-tonna-szemetet-gyujtott-ossze-a-magyar-kozut\/\" class=\"yoast-seo-meta-tag\" \/>\n<meta property=\"og:site_name\" content=\"Dorogi-medence Region\u00e1lis H\u00edrport\u00e1l\" class=\"yoast-seo-meta-tag\" \/>\n<meta property=\"article:publisher\" content=\"https:\/\/www.facebook.com\/dorogimedence\/\" class=\"yoast-seo-meta-tag\" \/>\n<meta property=\"article:published_time\" content=\"2022-05-12T07:50:48+00:00\" class=\"yoast-seo-meta-tag\" \/>\n<meta property=\"article:modified_time\" content=\"2022-05-12T07:51:02+00:00\" class=\"yoast-seo-meta-tag\" \/>\n<meta property=\"og:image\" content=\"https:\/\/i0.wp.com\/dorogimedence.hu\/wp-content\/uploads\/2022\/05\/szemetszedes-kozut.jpg?fit=766%2C516&ssl=1\" class=\"yoast-seo-meta-tag\" \/>\n\t<meta property=\"og:image:width\" content=\"766\" class=\"yoast-seo-meta-tag\" \/>\n\t<meta property=\"og:image:height\" content=\"516\" class=\"yoast-seo-meta-tag\" \/>\n\t<meta property=\"og:image:type\" content=\"image\/jpeg\" class=\"yoast-seo-meta-tag\" \/>\n<meta name=\"author\" content=\"dorogimedence.hu\" class=\"yoast-seo-meta-tag\" \/>\n<meta name=\"twitter:card\" content=\"summary_large_image\" class=\"yoast-seo-meta-tag\" \/>\n<meta name=\"twitter:label1\" content=\"Szerz\u0151:\" class=\"yoast-seo-meta-tag\" \/>\n\t<meta name=\"twitter:data1\" content=\"dorogimedence.hu\" class=\"yoast-seo-meta-tag\" \/>\n\t<meta name=\"twitter:label2\" content=\"Becs\u00fclt olvas\u00e1si id\u0151\" class=\"yoast-seo-meta-tag\" \/>\n\t<meta name=\"twitter:data2\" content=\"2 perc\" class=\"yoast-seo-meta-tag\" \/>\n<script type=\"application\/ld+json\" class=\"yoast-schema-graph\">{\"@context\":\"https:\\\/\\\/schema.org\",\"@graph\":[{\"@type\":\"Article\",\"@id\":\"https:\\\/\\\/dorogimedence.hu\\\/index.php\\\/2022\\\/05\\\/12\\\/350-tonna-szemetet-gyujtott-ossze-a-magyar-kozut\\\/#article\",\"isPartOf\":{\"@id\":\"https:\\\/\\\/dorogimedence.hu\\\/index.php\\\/2022\\\/05\\\/12\\\/350-tonna-szemetet-gyujtott-ossze-a-magyar-kozut\\\/\"},\"author\":{\"name\":\"dorogimedence.hu\",\"@id\":\"https:\\\/\\\/dorogimedence.hu\\\/#\\\/schema\\\/person\\\/ce6091eeb7e95ecdc87890d6aa8e0fd4\"},\"headline\":\"350 tonna szemetet gy\u0171jt\u00f6tt \u00f6ssze a Magyar K\u00f6z\u00fat\",\"datePublished\":\"2022-05-12T07:50:48+00:00\",\"dateModified\":\"2022-05-12T07:51:02+00:00\",\"mainEntityOfPage\":{\"@id\":\"https:\\\/\\\/dorogimedence.hu\\\/index.php\\\/2022\\\/05\\\/12\\\/350-tonna-szemetet-gyujtott-ossze-a-magyar-kozut\\\/\"},\"wordCount\":494,\"publisher\":{\"@id\":\"https:\\\/\\\/dorogimedence.hu\\\/#organization\"},\"image\":{\"@id\":\"https:\\\/\\\/dorogimedence.hu\\\/index.php\\\/2022\\\/05\\\/12\\\/350-tonna-szemetet-gyujtott-ossze-a-magyar-kozut\\\/#primaryimage\"},\"thumbnailUrl\":\"https:\\\/\\\/dorogimedence.hu\\\/wp-content\\\/uploads\\\/2022\\\/05\\\/szemetszedes-kozut.jpg\",\"keywords\":[\"hullad\u00e9kgy\u0171jt\u00e9s\",\"Magyar K\u00f6z\u00fat\",\"szem\u00e9tszed\u00e9s\"],\"articleSection\":[\"H\u00edrek\"],\"inLanguage\":\"hu\"},{\"@type\":\"WebPage\",\"@id\":\"https:\\\/\\\/dorogimedence.hu\\\/index.php\\\/2022\\\/05\\\/12\\\/350-tonna-szemetet-gyujtott-ossze-a-magyar-kozut\\\/\",\"url\":\"https:\\\/\\\/dorogimedence.hu\\\/index.php\\\/2022\\\/05\\\/12\\\/350-tonna-szemetet-gyujtott-ossze-a-magyar-kozut\\\/\",\"name\":\"350 tonna szemetet gy\u0171jt\u00f6tt \u00f6ssze a Magyar K\u00f6z\u00fat\",\"isPartOf\":{\"@id\":\"https:\\\/\\\/dorogimedence.hu\\\/#website\"},\"primaryImageOfPage\":{\"@id\":\"https:\\\/\\\/dorogimedence.hu\\\/index.php\\\/2022\\\/05\\\/12\\\/350-tonna-szemetet-gyujtott-ossze-a-magyar-kozut\\\/#primaryimage\"},\"image\":{\"@id\":\"https:\\\/\\\/dorogimedence.hu\\\/index.php\\\/2022\\\/05\\\/12\\\/350-tonna-szemetet-gyujtott-ossze-a-magyar-kozut\\\/#primaryimage\"},\"thumbnailUrl\":\"https:\\\/\\\/dorogimedence.hu\\\/wp-content\\\/uploads\\\/2022\\\/05\\\/szemetszedes-kozut.jpg\",\"datePublished\":\"2022-05-12T07:50:48+00:00\",\"dateModified\":\"2022-05-12T07:51:02+00:00\",\"breadcrumb\":{\"@id\":\"https:\\\/\\\/dorogimedence.hu\\\/index.php\\\/2022\\\/05\\\/12\\\/350-tonna-szemetet-gyujtott-ossze-a-magyar-kozut\\\/#breadcrumb\"},\"inLanguage\":\"hu\",\"potentialAction\":[{\"@type\":\"ReadAction\",\"target\":[\"https:\\\/\\\/dorogimedence.hu\\\/index.php\\\/2022\\\/05\\\/12\\\/350-tonna-szemetet-gyujtott-ossze-a-magyar-kozut\\\/\"]}]},{\"@type\":\"ImageObject\",\"inLanguage\":\"hu\",\"@id\":\"https:\\\/\\\/dorogimedence.hu\\\/index.php\\\/2022\\\/05\\\/12\\\/350-tonna-szemetet-gyujtott-ossze-a-magyar-kozut\\\/#primaryimage\",\"url\":\"https:\\\/\\\/dorogimedence.hu\\\/wp-content\\\/uploads\\\/2022\\\/05\\\/szemetszedes-kozut.jpg\",\"contentUrl\":\"https:\\\/\\\/dorogimedence.hu\\\/wp-content\\\/uploads\\\/2022\\\/05\\\/szemetszedes-kozut.jpg\",\"width\":766,\"height\":516},{\"@type\":\"BreadcrumbList\",\"@id\":\"https:\\\/\\\/dorogimedence.hu\\\/index.php\\\/2022\\\/05\\\/12\\\/350-tonna-szemetet-gyujtott-ossze-a-magyar-kozut\\\/#breadcrumb\",\"itemListElement\":[{\"@type\":\"ListItem\",\"position\":1,\"name\":\"Kezd\u0151lap\",\"item\":\"https:\\\/\\\/dorogimedence.hu\\\/\"},{\"@type\":\"ListItem\",\"position\":2,\"name\":\"350 tonna szemetet gy\u0171jt\u00f6tt \u00f6ssze a Magyar K\u00f6z\u00fat\"}]},{\"@type\":\"WebSite\",\"@id\":\"https:\\\/\\\/dorogimedence.hu\\\/#website\",\"url\":\"https:\\\/\\\/dorogimedence.hu\\\/\",\"name\":\"Dorogi-medence Region\u00e1lis H\u00edrport\u00e1l\",\"description\":\"Dorog, Keszt\u00f6lc, Le\u00e1nyv\u00e1r, Piliscs\u00e9v, Tokod, Tokodalt\u00e1r\u00f3, Csolnok, Esztergom-kertv\u00e1ros: h\u00edrek, programok\",\"publisher\":{\"@id\":\"https:\\\/\\\/dorogimedence.hu\\\/#organization\"},\"potentialAction\":[{\"@type\":\"SearchAction\",\"target\":{\"@type\":\"EntryPoint\",\"urlTemplate\":\"https:\\\/\\\/dorogimedence.hu\\\/?s={search_term_string}\"},\"query-input\":{\"@type\":\"PropertyValueSpecification\",\"valueRequired\":true,\"valueName\":\"search_term_string\"}}],\"inLanguage\":\"hu\"},{\"@type\":\"Organization\",\"@id\":\"https:\\\/\\\/dorogimedence.hu\\\/#organization\",\"name\":\"Dorogi-medence Region\u00e1lis H\u00edrport\u00e1l\",\"url\":\"https:\\\/\\\/dorogimedence.hu\\\/\",\"logo\":{\"@type\":\"ImageObject\",\"inLanguage\":\"hu\",\"@id\":\"https:\\\/\\\/dorogimedence.hu\\\/#\\\/schema\\\/logo\\\/image\\\/\",\"url\":\"https:\\\/\\\/dorogimedence.hu\\\/wp-content\\\/uploads\\\/2021\\\/04\\\/logo-feher-600.png\",\"contentUrl\":\"https:\\\/\\\/dorogimedence.hu\\\/wp-content\\\/uploads\\\/2021\\\/04\\\/logo-feher-600.png\",\"width\":600,\"height\":100,\"caption\":\"Dorogi-medence Region\u00e1lis H\u00edrport\u00e1l\"},\"image\":{\"@id\":\"https:\\\/\\\/dorogimedence.hu\\\/#\\\/schema\\\/logo\\\/image\\\/\"},\"sameAs\":[\"https:\\\/\\\/www.facebook.com\\\/dorogimedence\\\/\"]},{\"@type\":\"Person\",\"@id\":\"https:\\\/\\\/dorogimedence.hu\\\/#\\\/schema\\\/person\\\/ce6091eeb7e95ecdc87890d6aa8e0fd4\",\"name\":\"dorogimedence.hu\",\"image\":{\"@type\":\"ImageObject\",\"inLanguage\":\"hu\",\"@id\":\"\\\/\\\/www.gravatar.com\\\/avatar\\\/d8d45f8901aadff40a4af72c0b826f1d?s=96&#038;r=g&#038;d=mm\",\"url\":\"\\\/\\\/www.gravatar.com\\\/avatar\\\/d8d45f8901aadff40a4af72c0b826f1d?s=96&#038;r=g&#038;d=mm\",\"contentUrl\":\"\\\/\\\/www.gravatar.com\\\/avatar\\\/d8d45f8901aadff40a4af72c0b826f1d?s=96&#038;r=g&#038;d=mm\",\"caption\":\"dorogimedence.hu\"}}]}<\/script>\n<!-- \/ Yoast SEO plugin. -->","yoast_head_json":{"title":"350 tonna szemetet gy\u0171jt\u00f6tt \u00f6ssze a Magyar K\u00f6z\u00fat","robots":{"index":"index","follow":"follow","max-snippet":"max-snippet:-1","max-image-preview":"max-image-preview:large","max-video-preview":"max-video-preview:-1"},"canonical":"https:\/\/dorogimedence.hu\/index.php\/2022\/05\/12\/350-tonna-szemetet-gyujtott-ossze-a-magyar-kozut\/","og_locale":"hu_HU","og_type":"article","og_title":"350 tonna szemetet gy\u0171jt\u00f6tt \u00f6ssze a Magyar K\u00f6z\u00fat","og_description":"K\u00e9t szem\u00e9tgy\u0171jt\u00e9si akci\u00f3napot is tartott a Magyar K\u00f6z\u00fat Nonprofit Zrt. id\u00e9n tavasszal. A F\u00f6ld Napja alkalm\u00e1b\u00f3l \u00e9s a TeSzedd kamp\u00e1nyhoz kapcsol\u00f3dva orsz\u00e1gszerte \u00f6sszesen 367 helysz\u00ednen t\u00f6bb ezer k\u00f6zutas munkav\u00e1llal\u00f3 350 tonna szemetet gy\u0171jt\u00f6tt \u00f6ssze a t\u00e1rsas\u00e1g kezel\u00e9s\u00e9ben l\u00e9v\u0151 utak \u00e9s pihen\u0151helyek k\u00f6rnyezet\u00e9ben \u00e1prilis 22-\u00e9n \u00e9s m\u00e1jus 4-\u00e9n. A Magyar K\u00f6z\u00fat Nonprofit Zrt. az orsz\u00e1gos, 32","og_url":"https:\/\/dorogimedence.hu\/index.php\/2022\/05\/12\/350-tonna-szemetet-gyujtott-ossze-a-magyar-kozut\/","og_site_name":"Dorogi-medence Region\u00e1lis H\u00edrport\u00e1l","article_publisher":"https:\/\/www.facebook.com\/dorogimedence\/","article_published_time":"2022-05-12T07:50:48+00:00","article_modified_time":"2022-05-12T07:51:02+00:00","og_image":[{"width":766,"height":516,"url":"https:\/\/i0.wp.com\/dorogimedence.hu\/wp-content\/uploads\/2022\/05\/szemetszedes-kozut.jpg?fit=766%2C516&ssl=1","type":"image\/jpeg"}],"author":"dorogimedence.hu","twitter_card":"summary_large_image","twitter_misc":{"Szerz\u0151:":"dorogimedence.hu","Becs\u00fclt olvas\u00e1si id\u0151":"2 perc"},"schema":{"@context":"https:\/\/schema.org","@graph":[{"@type":"Article","@id":"https:\/\/dorogimedence.hu\/index.php\/2022\/05\/12\/350-tonna-szemetet-gyujtott-ossze-a-magyar-kozut\/#article","isPartOf":{"@id":"https:\/\/dorogimedence.hu\/index.php\/2022\/05\/12\/350-tonna-szemetet-gyujtott-ossze-a-magyar-kozut\/"},"author":{"name":"dorogimedence.hu","@id":"https:\/\/dorogimedence.hu\/#\/schema\/person\/ce6091eeb7e95ecdc87890d6aa8e0fd4"},"headline":"350 tonna szemetet gy\u0171jt\u00f6tt \u00f6ssze a Magyar K\u00f6z\u00fat","datePublished":"2022-05-12T07:50:48+00:00","dateModified":"2022-05-12T07:51:02+00:00","mainEntityOfPage":{"@id":"https:\/\/dorogimedence.hu\/index.php\/2022\/05\/12\/350-tonna-szemetet-gyujtott-ossze-a-magyar-kozut\/"},"wordCount":494,"publisher":{"@id":"https:\/\/dorogimedence.hu\/#organization"},"image":{"@id":"https:\/\/dorogimedence.hu\/index.php\/2022\/05\/12\/350-tonna-szemetet-gyujtott-ossze-a-magyar-kozut\/#primaryimage"},"thumbnailUrl":"https:\/\/dorogimedence.hu\/wp-content\/uploads\/2022\/05\/szemetszedes-kozut.jpg","keywords":["hullad\u00e9kgy\u0171jt\u00e9s","Magyar K\u00f6z\u00fat","szem\u00e9tszed\u00e9s"],"articleSection":["H\u00edrek"],"inLanguage":"hu"},{"@type":"WebPage","@id":"https:\/\/dorogimedence.hu\/index.php\/2022\/05\/12\/350-tonna-szemetet-gyujtott-ossze-a-magyar-kozut\/","url":"https:\/\/dorogimedence.hu\/index.php\/2022\/05\/12\/350-tonna-szemetet-gyujtott-ossze-a-magyar-kozut\/","name":"350 tonna szemetet gy\u0171jt\u00f6tt \u00f6ssze a Magyar K\u00f6z\u00fat","isPartOf":{"@id":"https:\/\/dorogimedence.hu\/#website"},"primaryImageOfPage":{"@id":"https:\/\/dorogimedence.hu\/index.php\/2022\/05\/12\/350-tonna-szemetet-gyujtott-ossze-a-magyar-kozut\/#primaryimage"},"image":{"@id":"https:\/\/dorogimedence.hu\/index.php\/2022\/05\/12\/350-tonna-szemetet-gyujtott-ossze-a-magyar-kozut\/#primaryimage"},"thumbnailUrl":"https:\/\/dorogimedence.hu\/wp-content\/uploads\/2022\/05\/szemetszedes-kozut.jpg","datePublished":"2022-05-12T07:50:48+00:00","dateModified":"2022-05-12T07:51:02+00:00","breadcrumb":{"@id":"https:\/\/dorogimedence.hu\/index.php\/2022\/05\/12\/350-tonna-szemetet-gyujtott-ossze-a-magyar-kozut\/#breadcrumb"},"inLanguage":"hu","potentialAction":[{"@type":"ReadAction","target":["https:\/\/dorogimedence.hu\/index.php\/2022\/05\/12\/350-tonna-szemetet-gyujtott-ossze-a-magyar-kozut\/"]}]},{"@type":"ImageObject","inLanguage":"hu","@id":"https:\/\/dorogimedence.hu\/index.php\/2022\/05\/12\/350-tonna-szemetet-gyujtott-ossze-a-magyar-kozut\/#primaryimage","url":"https:\/\/dorogimedence.hu\/wp-content\/uploads\/2022\/05\/szemetszedes-kozut.jpg","contentUrl":"https:\/\/dorogimedence.hu\/wp-content\/uploads\/2022\/05\/szemetszedes-kozut.jpg","width":766,"height":516},{"@type":"BreadcrumbList","@id":"https:\/\/dorogimedence.hu\/index.php\/2022\/05\/12\/350-tonna-szemetet-gyujtott-ossze-a-magyar-kozut\/#breadcrumb","itemListElement":[{"@type":"ListItem","position":1,"name":"Kezd\u0151lap","item":"https:\/\/dorogimedence.hu\/"},{"@type":"ListItem","position":2,"name":"350 tonna szemetet gy\u0171jt\u00f6tt \u00f6ssze a Magyar K\u00f6z\u00fat"}]},{"@type":"WebSite","@id":"https:\/\/dorogimedence.hu\/#website","url":"https:\/\/dorogimedence.hu\/","name":"Dorogi-medence Region\u00e1lis H\u00edrport\u00e1l","description":"Dorog, Keszt\u00f6lc, Le\u00e1nyv\u00e1r, Piliscs\u00e9v, Tokod, Tokodalt\u00e1r\u00f3, Csolnok, Esztergom-kertv\u00e1ros: h\u00edrek, programok","publisher":{"@id":"https:\/\/dorogimedence.hu\/#organization"},"potentialAction":[{"@type":"SearchAction","target":{"@type":"EntryPoint","urlTemplate":"https:\/\/dorogimedence.hu\/?s={search_term_string}"},"query-input":{"@type":"PropertyValueSpecification","valueRequired":true,"valueName":"search_term_string"}}],"inLanguage":"hu"},{"@type":"Organization","@id":"https:\/\/dorogimedence.hu\/#organization","name":"Dorogi-medence Region\u00e1lis H\u00edrport\u00e1l","url":"https:\/\/dorogimedence.hu\/","logo":{"@type":"ImageObject","inLanguage":"hu","@id":"https:\/\/dorogimedence.hu\/#\/schema\/logo\/image\/","url":"https:\/\/dorogimedence.hu\/wp-content\/uploads\/2021\/04\/logo-feher-600.png","contentUrl":"https:\/\/dorogimedence.hu\/wp-content\/uploads\/2021\/04\/logo-feher-600.png","width":600,"height":100,"caption":"Dorogi-medence Region\u00e1lis H\u00edrport\u00e1l"},"image":{"@id":"https:\/\/dorogimedence.hu\/#\/schema\/logo\/image\/"},"sameAs":["https:\/\/www.facebook.com\/dorogimedence\/"]},{"@type":"Person","@id":"https:\/\/dorogimedence.hu\/#\/schema\/person\/ce6091eeb7e95ecdc87890d6aa8e0fd4","name":"dorogimedence.hu","image":{"@type":"ImageObject","inLanguage":"hu","@id":"\/\/www.gravatar.com\/avatar\/d8d45f8901aadff40a4af72c0b826f1d?s=96&#038;r=g&#038;d=mm","url":"\/\/www.gravatar.com\/avatar\/d8d45f8901aadff40a4af72c0b826f1d?s=96&#038;r=g&#038;d=mm","contentUrl":"\/\/www.gravatar.com\/avatar\/d8d45f8901aadff40a4af72c0b826f1d?s=96&#038;r=g&#038;d=mm","caption":"dorogimedence.hu"}}]}},"_links":{"self":[{"href":"https:\/\/dorogimedence.hu\/index.php\/wp-json\/wp\/v2\/posts\/42710","targetHints":{"allow":["GET"]}}],"collection":[{"href":"https:\/\/dorogimedence.hu\/index.php\/wp-json\/wp\/v2\/posts"}],"about":[{"href":"https:\/\/dorogimedence.hu\/index.php\/wp-json\/wp\/v2\/types\/post"}],"author":[{"embeddable":true,"href":"https:\/\/dorogimedence.hu\/index.php\/wp-json\/wp\/v2\/users\/1"}],"replies":[{"embeddable":true,"href":"https:\/\/dorogimedence.hu\/index.php\/wp-json\/wp\/v2\/comments?post=42710"}],"version-history":[{"count":0,"href":"https:\/\/dorogimedence.hu\/index.php\/wp-json\/wp\/v2\/posts\/42710\/revisions"}],"wp:featuredmedia":[{"embeddable":true,"href":"https:\/\/dorogimedence.hu\/index.php\/wp-json\/wp\/v2\/media\/42711"}],"wp:attachment":[{"href":"https:\/\/dorogimedence.hu\/index.php\/wp-json\/wp\/v2\/media?parent=42710"}],"wp:term":[{"taxonomy":"category","embeddable":true,"href":"https:\/\/dorogimedence.hu\/index.php\/wp-json\/wp\/v2\/categories?post=42710"},{"taxonomy":"post_tag","embeddable":true,"href":"https:\/\/dorogimedence.hu\/index.php\/wp-json\/wp\/v2\/tags?post=42710"}],"curies":[{"name":"wp","href":"https:\/\/api.w.org\/{rel}","templated":true}]}}