{"id":42609,"date":"2022-05-09T14:21:32","date_gmt":"2022-05-09T12:21:32","guid":{"rendered":"https:\/\/dorogimedence.hu\/?p=42609"},"modified":"2022-05-09T14:22:43","modified_gmt":"2022-05-09T12:22:43","slug":"orszagos-mindszenty-zarandoklat-esztergomban","status":"publish","type":"post","link":"https:\/\/dorogimedence.hu\/index.php\/2022\/05\/09\/orszagos-mindszenty-zarandoklat-esztergomban\/","title":{"rendered":"Orsz\u00e1gos Mindszenty-zar\u00e1ndoklat Esztergomban"},"content":{"rendered":"<p><strong>Id\u00e9n \u2013 Mindszenty J\u00f3zsef m\u00e1jus 6-i \u00e9gi sz\u00fclet\u00e9snapj\u00e1hoz kapcsol\u00f3d\u00f3an \u2013 m\u00e1jus 7-\u00e9n, szombaton ism\u00e9t a hagyom\u00e1nyos m\u00f3don rendezt\u00e9k meg az Orsz\u00e1gos Mindszenty Engesztel\u0151 Zar\u00e1ndoklatot. A Mindszenty J\u00f3zsef b\u00edboros boldogg\u00e1 avat\u00e1s\u00e1\u00e9rt az Esztergomi Bazilik\u00e1ban bemutatott \u00fcnnepi szentmise f\u0151celebr\u00e1nsa Erd\u0151 P\u00e9ter b\u00edboros, pr\u00edm\u00e1s volt, a szentbesz\u00e9det Francesco Moraglia velencei p\u00e1tri\u00e1rka mondta<\/strong> <em>&#8211; \u00edrja a Magyar Kur\u00edr.<\/em><\/p>\n<p>A szentmis\u00e9n koncelebr\u00e1ltak a Magyar Katolikus P\u00fcsp\u00f6ki Konferencia jelen l\u00e9v\u0151 tagjai \u2013 B\u00e1bel Bal\u00e1zs kalocsai \u00e9rsek, Kocsis F\u00fcl\u00f6p g\u00f6r\u00f6gkatolikus metropolita, Marton Zsolt v\u00e1ci p\u00fcsp\u00f6k, Berta Tibor t\u00e1bori p\u00fcsp\u00f6k, Szocska \u00c1bel g\u00f6r\u00f6gkatolikus p\u00fcsp\u00f6k, Beer Mikl\u00f3s nyugalmazott v\u00e1ci p\u00fcsp\u00f6k, Cserh\u00e1ti Ferenc \u00e9s Mohos G\u00e1bor esztergom-budapesti seg\u00e9dp\u00fcsp\u00f6k\u00f6k \u2013, Orosch J\u00e1nos nagyszombati \u00e9rsek, valamint Jos\u00e9 Salas Casta\u00f1eda atya, az Apostoli Nunciat\u00fara ideiglenes \u00fcgyviv\u0151je.<\/p>\n<p>Erd\u0151 P\u00e9ter b\u00edboros k\u00f6sz\u00f6nt\u0151j\u00e9ben \u00f6r\u00f6m\u00e9t fejezte ki, hogy az id\u00e9n a j\u00e1rv\u00e1nyos id\u0151szak visszavonul\u00e1sa ut\u00e1n ism\u00e9t egy\u00fctt \u00fcnnepelhet\u00fcnk \u00e9s \u201ef\u00f6lszabadult l\u00e9lekkel k\u00e9rhetj\u00fck a gondvisel\u0151 Istent, hogy Egyh\u00e1zunk \u00e9s haz\u00e1nk nagy tan\u00fas\u00e1gtev\u0151j\u00e9t\u201d, Mindszenty J\u00f3zsef b\u00edborost miel\u0151bb a boldogok \u00e9s szentek sor\u00e1ban tisztelhess\u00fck. A f\u0151p\u00e1sztor megk\u00f6sz\u00f6nte Francesco Moraglia velencei p\u00e1tri\u00e1rk\u00e1nak, hogy elfogadta a felk\u00e9r\u00e9st a szentbesz\u00e9d elmond\u00e1s\u00e1ra, \u00e9s hogy szolid\u00e1ris, testv\u00e9ri szeretettel viseltetik a magyar n\u00e9p ir\u00e1nt. Erd\u0151 P\u00e9ter k\u00fcl\u00f6n szeretettel \u00fcdv\u00f6z\u00f6lte a fiatalokat, akik ker\u00e9kp\u00e1rral \u00e9rkeztek Esztergomba, f\u0151leg hogy egy m\u00e1sik nagy ker\u00e9kp\u00e1ros esem\u00e9ny, a Giro d\u2019Italia miatt sok akad\u00e1lyt kellett lek\u00fczdeni\u00fck.<\/p>\n<p><img fetchpriority=\"high\" decoding=\"async\" class=\"alignnone size-large wp-image-42611\" src=\"https:\/\/dorogimedence.hu\/wp-content\/uploads\/2022\/05\/bazilika-04-1024x683.jpg\" alt=\"\" width=\"755\" height=\"504\" srcset=\"https:\/\/dorogimedence.hu\/wp-content\/uploads\/2022\/05\/bazilika-04-1024x683.jpg 1024w, https:\/\/dorogimedence.hu\/wp-content\/uploads\/2022\/05\/bazilika-04-300x200.jpg 300w, https:\/\/dorogimedence.hu\/wp-content\/uploads\/2022\/05\/bazilika-04-768x512.jpg 768w, https:\/\/dorogimedence.hu\/wp-content\/uploads\/2022\/05\/bazilika-04-1536x1024.jpg 1536w, https:\/\/dorogimedence.hu\/wp-content\/uploads\/2022\/05\/bazilika-04-150x100.jpg 150w, https:\/\/dorogimedence.hu\/wp-content\/uploads\/2022\/05\/bazilika-04-450x300.jpg 450w, https:\/\/dorogimedence.hu\/wp-content\/uploads\/2022\/05\/bazilika-04-1200x800.jpg 1200w, https:\/\/dorogimedence.hu\/wp-content\/uploads\/2022\/05\/bazilika-04-272x182.jpg 272w, https:\/\/dorogimedence.hu\/wp-content\/uploads\/2022\/05\/bazilika-04.jpg 1599w\" sizes=\"(max-width: 755px) 100vw, 755px\" \/><\/p>\n<p>Francesco Moraglia velencei p\u00e1tri\u00e1rka pr\u00e9dik\u00e1ci\u00f3j\u00e1ban eml\u00e9keztetett, hogy Mindszenty J\u00f3zsef b\u00edboros eg\u00e9sz \u00e9let\u00e9vel szem\u00e9lyess\u00e9 \u00e9s gy\u00fcm\u00f6lcs\u00f6z\u0151v\u00e9 tette a kereszts\u00e9g aj\u00e1nd\u00e9k\u00e1t, \u00e9s h\u0171s\u00e9gesen megval\u00f3s\u00edtotta azt a b\u00e1tors\u00e1g, a becs\u00fclet, az Isten \u00e9s a n\u00e9pe ir\u00e1nti felt\u00e9tlen szeretet \u00e1ltal. A magyar hercegpr\u00edm\u00e1st a szem\u00e9lye elleni t\u00e1mad\u00e1sok, az \u00fcld\u00f6ztet\u00e9s, a hossz\u00fa \u00e9s megal\u00e1z\u00f3 b\u00f6rt\u00f6n\u00e9vek, a k\u00e9nyszerlakhelyek sem tudt\u00e1k eln\u00e9m\u00edtani \u00e9s elt\u00e1vol\u00edtani az igazs\u00e1gt\u00f3l \u00e9s a szeretett\u0151l. Emberi szemsz\u00f6gb\u0151l n\u00e9zve Mindszenty sz\u00e1mtalan veres\u00e9get szenvedett, \u00e1m v\u00e9g\u00fcl m\u00e9gis gy\u0151zedelmeskedett minden hazugs\u00e1g, testi \u00e9s lelki er\u0151szak, a k\u00fcl\u00f6nf\u00e9le emberi alkudoz\u00e1sok f\u00f6l\u00f6tt. Nem agg\u00f3dott a k\u00edv\u00fclr\u0151l j\u00f6v\u0151 fenyeget\u00e9sek miatt, mindig tudott a bens\u0151, hitb\u0151l fakad\u00f3 emberi, k\u00f6z\u00f6ss\u00e9gi \u00e9s lelki erej\u00e9b\u0151l mer\u00edteni \u2013 emelte ki Francesco Moraglia, \u00e9s hozz\u00e1tette, f\u0151p\u00e1sztork\u00e9nt \u00edgy tudott szabad \u00e9s h\u0171s\u00e9ges maradni hivat\u00e1s\u00e1hoz, k\u00fcldet\u00e9s\u00e9hez, \u00e9s \u00edgy tudta folytatni az evang\u00e9lium hirdet\u00e9s\u00e9t.<\/p>\n<p>A velencei p\u00e1tri\u00e1rka szerint a hercegpr\u00edm\u00e1s evang\u00e9liumi \u00e9rtelemben szabad emberk\u00e9nt nagy v\u00e9delmez\u0151je volt a szabads\u00e1gnak \u2013 k\u00fcl\u00f6n\u00f6sen a lelkiismereti \u00e9s vall\u00e1sszabads\u00e1gnak \u2013 azokban az \u00e9vekben, amelyek a magyar katolicizmus kereszt\u00fatj\u00e1t k\u00e9sz\u00edtett\u00e9k el\u0151 a katolikus iskol\u00e1k \u00e1llamos\u00edt\u00e1s\u00e1val, a vall\u00e1sos nevel\u00e9s fokozatos korl\u00e1toz\u00e1s\u00e1val, majd ellehetetlen\u00edt\u00e9s\u00e9vel, a szerzetesrendek feloszlat\u00e1s\u00e1val, valamint az \u00e9let \u00e9s a vil\u00e1g materialista felfog\u00e1s\u00e1t kialak\u00edt\u00f3 folyamatok t\u00e1mogat\u00e1s\u00e1val. \u0150 pedig ezalatt mindv\u00e9gig sz\u00f3t emelt ezeknek az alapvet\u0151 szabads\u00e1gjogoknak a hi\u00e1nya miatt. \u201eMennyire a sz\u00edv\u00fcnk\u00f6n kell viseln\u00fcnk a szabads\u00e1got, \u00e9s mennyire fontos ez! \u2013 mondom ezt most els\u0151sorban a jelenlev\u0151 fiataloknak. Tudjunk igent \u00e9s nemet mondani, h\u0171en J\u00e9zus evang\u00e9lium\u00e1hoz \u00e9s kereszts\u00e9g\u00fcnkh\u00f6z, hiteles tan\u00fas\u00e1gtev\u0151k\u00e9nt vagy ak\u00e1r v\u00e9rtan\u00fak\u00e9nt!\u201d \u2013 buzd\u00edtott a velencei p\u00e1tri\u00e1rka, eml\u00edt\u00e9st t\u00e9ve arr\u00f3l is, hogy milyen fontos v\u00e9delmezni \u00e9s el\u0151mozd\u00edtani a t\u00e1rsadalom nevel\u00e9si szabads\u00e1g\u00e1t. \u201eA katolikus gondolkod\u00e1s elismeri az \u00e1llamot \u00e9s szerep\u00e9t a nevel\u00e9s ter\u00e9n, de mindenekel\u0151tt a szubszidiarit\u00e1s elv\u00e9t hangs\u00falyozza, amely szerint a nevel\u00e9s jog\u00e1nak \u00e9s k\u00f6telezetts\u00e9g\u00e9nek let\u00e9tem\u00e9nyese a csal\u00e1d, melyet az \u00e1llamnak t\u00e1mogatnia kell ebben a feladat\u00e1ban oly m\u00f3don is, hogy t\u00e9nyleges v\u00e1laszt\u00e1si szabads\u00e1got biztos\u00edtson sz\u00e1m\u00e1ra. Nagyobb nevel\u00e9si szabads\u00e1got k\u00e9rni \u00e9s k\u00f6vetelni sohasem vall\u00e1si k\u00e9rd\u00e9s, hanem a soksz\u00edn\u0171s\u00e9g\u00e9rt, a t\u00e1rsadalom jav\u00e1\u00e9rt, a civil t\u00e1rsadalom\u00e9rt \u2013 az eg\u00e9szs\u00e9ges laicit\u00e1s\u00e9rt \u2013 folytatott k\u00fczdelem\u201d \u2013 v\u00e9lekedett Francesco Moraglia.<\/p>\n<p><img decoding=\"async\" class=\"alignnone size-large wp-image-42612\" src=\"https:\/\/dorogimedence.hu\/wp-content\/uploads\/2022\/05\/bazilika-03-1024x682.jpg\" alt=\"\" width=\"755\" height=\"503\" srcset=\"https:\/\/dorogimedence.hu\/wp-content\/uploads\/2022\/05\/bazilika-03-1024x682.jpg 1024w, https:\/\/dorogimedence.hu\/wp-content\/uploads\/2022\/05\/bazilika-03-300x200.jpg 300w, https:\/\/dorogimedence.hu\/wp-content\/uploads\/2022\/05\/bazilika-03-768x512.jpg 768w, https:\/\/dorogimedence.hu\/wp-content\/uploads\/2022\/05\/bazilika-03-1536x1023.jpg 1536w, https:\/\/dorogimedence.hu\/wp-content\/uploads\/2022\/05\/bazilika-03-150x100.jpg 150w, https:\/\/dorogimedence.hu\/wp-content\/uploads\/2022\/05\/bazilika-03-450x300.jpg 450w, https:\/\/dorogimedence.hu\/wp-content\/uploads\/2022\/05\/bazilika-03-1200x800.jpg 1200w, https:\/\/dorogimedence.hu\/wp-content\/uploads\/2022\/05\/bazilika-03-272x182.jpg 272w, https:\/\/dorogimedence.hu\/wp-content\/uploads\/2022\/05\/bazilika-03.jpg 1600w\" sizes=\"(max-width: 755px) 100vw, 755px\" \/><\/p>\n<p>Az \u00fcnnepi szentmis\u00e9n a magyar politikai, t\u00e1rsadalmi \u00e9s kultur\u00e1lis \u00e9let sz\u00e1mos k\u00e9pvisel\u0151je, a diplom\u00e1ciai test\u00fclet tagjai, valamint katolikus int\u00e9zm\u00e9nyek n\u00f6vend\u00e9kei \u00e9s tan\u00e1rai \u2013 a budapesti Pannonia Sacra, a Szent J\u00e1nos Apostol-, a Szent Gell\u00e9rt- \u00e9s az esztergomi Mindszenty-iskol\u00e1k k\u00f6z\u00f6ss\u00e9ge \u2013 t\u00f6lt\u00f6tt\u00e9k meg teljesen az Esztergomi Bazilik\u00e1t. Budapestr\u0151l ker\u00e9kp\u00e1rral \u00e9s gyalog zar\u00e1ndokoltak di\u00e1kok \u00e9s k\u00eds\u00e9r\u0151ik Esztergomba. A szentmis\u00e9t k\u00f6vet\u0151en Erd\u0151 P\u00e9ter b\u00edboros, pr\u00edm\u00e1s a Szent Adalbert K\u00f6zpontban \u00fcnnep\u00e9lyes keretek k\u00f6z\u00f6tt Mindszenty-\u00e9letm\u0171d\u00edjat adott \u00e1t Vertse M\u00e1rt\u00e1nak, a Vatik\u00e1ni R\u00e1di\u00f3 magyar ad\u00e1sa R\u00f3m\u00e1ban \u00e9l\u0151 nyugalmazott f\u0151szerkeszt\u0151j\u00e9nek, valamint Vincenzo Criscuolo kapucinus szerzetesnek, a Szentt\u00e9avat\u00e1si \u00dcgyek Kongreg\u00e1ci\u00f3ja posztul\u00e1tor\u00e1nak, aki 2007 \u00e9s 2019 k\u00f6z\u00f6tt a Mindszenty-\u00fcgy rel\u00e1tora volt.<\/p>\n<p><em>Francesco Moraglia velencei p\u00e1tri\u00e1rka szentbesz\u00e9de teljes terjedelemben, magyar ford\u00edt\u00e1sban <span style=\"text-decoration: underline; color: #0000ff;\"><a style=\"color: #0000ff; text-decoration: underline;\" href=\"https:\/\/www.magyarkurir.hu\/uploads\/content\/122149\/fajlok\/220507-_francesco-moraglia_esztergom_mindszenty-homilia-hu-2.pdf\" target=\"_blank\" rel=\"noopener\">IDE kattintva <\/a><\/span>olvashat\u00f3.<\/em><\/p>\n<p><img decoding=\"async\" class=\"alignnone size-large wp-image-42613\" src=\"https:\/\/dorogimedence.hu\/wp-content\/uploads\/2022\/05\/bazilika-01-1024x683.jpg\" alt=\"\" width=\"755\" height=\"504\" srcset=\"https:\/\/dorogimedence.hu\/wp-content\/uploads\/2022\/05\/bazilika-01-1024x683.jpg 1024w, https:\/\/dorogimedence.hu\/wp-content\/uploads\/2022\/05\/bazilika-01-300x200.jpg 300w, https:\/\/dorogimedence.hu\/wp-content\/uploads\/2022\/05\/bazilika-01-768x512.jpg 768w, https:\/\/dorogimedence.hu\/wp-content\/uploads\/2022\/05\/bazilika-01-1536x1024.jpg 1536w, https:\/\/dorogimedence.hu\/wp-content\/uploads\/2022\/05\/bazilika-01-150x100.jpg 150w, https:\/\/dorogimedence.hu\/wp-content\/uploads\/2022\/05\/bazilika-01-450x300.jpg 450w, https:\/\/dorogimedence.hu\/wp-content\/uploads\/2022\/05\/bazilika-01-1200x800.jpg 1200w, https:\/\/dorogimedence.hu\/wp-content\/uploads\/2022\/05\/bazilika-01-272x182.jpg 272w, https:\/\/dorogimedence.hu\/wp-content\/uploads\/2022\/05\/bazilika-01.jpg 1599w\" sizes=\"(max-width: 755px) 100vw, 755px\" \/><\/p>\n<p>A R\u00e9gi\u00f3 TV Esztergom felv\u00e9tele:<\/p>\n<p><iframe title=\"Komment\u00e1r N\u00e9lk\u00fcl - 2022.05.09. - Mindszenty zar\u00e1ndoklat Esztergomban\" width=\"755\" height=\"425\" src=\"https:\/\/www.youtube.com\/embed\/afuVN918J4s?feature=oembed\" frameborder=\"0\" allow=\"accelerometer; autoplay; clipboard-write; encrypted-media; gyroscope; picture-in-picture; web-share\" referrerpolicy=\"strict-origin-when-cross-origin\" allowfullscreen><\/iframe><\/p>\n<p><em>Szerz\u0151: Zsuffa T\u00fcnde\/Esztergom-Budapesti F\u0151egyh\u00e1zmegye<\/em><br \/>\n<em>Fot\u00f3: Mer\u00e9nyi Zita<\/em><br \/>\n<em>Magyar Kur\u00edr<\/em><\/p>\n","protected":false},"excerpt":{"rendered":"<p>Id\u00e9n \u2013 Mindszenty J\u00f3zsef m\u00e1jus 6-i \u00e9gi sz\u00fclet\u00e9snapj\u00e1hoz kapcsol\u00f3d\u00f3an \u2013 m\u00e1jus 7-\u00e9n, szombaton ism\u00e9t a hagyom\u00e1nyos m\u00f3don rendezt\u00e9k meg az Orsz\u00e1gos Mindszenty Engesztel\u0151 Zar\u00e1ndoklatot. A Mindszenty J\u00f3zsef b\u00edboros boldogg\u00e1 avat\u00e1s\u00e1\u00e9rt az Esztergomi Bazilik\u00e1ban bemutatott \u00fcnnepi szentmise f\u0151celebr\u00e1nsa Erd\u0151 P\u00e9ter b\u00edboros, pr\u00edm\u00e1s volt, a szentbesz\u00e9det Francesco Moraglia velencei p\u00e1tri\u00e1rka mondta &#8211; \u00edrja a Magyar Kur\u00edr. A<\/p>\n","protected":false},"author":1,"featured_media":42610,"comment_status":"closed","ping_status":"closed","sticky":false,"template":"","format":"standard","meta":{"ngg_post_thumbnail":0,"footnotes":""},"categories":[38,3],"tags":[1334,42,3163,5624,762,4119,1396,1784,6438],"class_list":{"0":"post-42609","1":"post","2":"type-post","3":"status-publish","4":"format-standard","5":"has-post-thumbnail","7":"category-esztergom","8":"category-hirek","9":"tag-egyhaz","10":"tag-esztergom","11":"tag-esztergomi-bazilika","12":"tag-featured","13":"tag-katolikus-egyhaz","14":"tag-mindszenty","15":"tag-mise","16":"tag-szentmise","17":"tag-zarandoklat"},"yoast_head":"<!-- This site is optimized with the Yoast SEO plugin v27.4 - https:\/\/yoast.com\/product\/yoast-seo-wordpress\/ -->\n<title>Orsz\u00e1gos Mindszenty-zar\u00e1ndoklat Esztergomban<\/title>\n<meta name=\"robots\" content=\"index, follow, max-snippet:-1, max-image-preview:large, max-video-preview:-1\" \/>\n<link rel=\"canonical\" href=\"https:\/\/dorogimedence.hu\/index.php\/2022\/05\/09\/orszagos-mindszenty-zarandoklat-esztergomban\/\" class=\"yoast-seo-meta-tag\" \/>\n<meta property=\"og:locale\" content=\"hu_HU\" class=\"yoast-seo-meta-tag\" \/>\n<meta property=\"og:type\" content=\"article\" class=\"yoast-seo-meta-tag\" \/>\n<meta property=\"og:title\" content=\"Orsz\u00e1gos Mindszenty-zar\u00e1ndoklat Esztergomban\" class=\"yoast-seo-meta-tag\" \/>\n<meta property=\"og:description\" content=\"Id\u00e9n \u2013 Mindszenty J\u00f3zsef m\u00e1jus 6-i \u00e9gi sz\u00fclet\u00e9snapj\u00e1hoz kapcsol\u00f3d\u00f3an \u2013 m\u00e1jus 7-\u00e9n, szombaton ism\u00e9t a hagyom\u00e1nyos m\u00f3don rendezt\u00e9k meg az Orsz\u00e1gos Mindszenty Engesztel\u0151 Zar\u00e1ndoklatot. A Mindszenty J\u00f3zsef b\u00edboros boldogg\u00e1 avat\u00e1s\u00e1\u00e9rt az Esztergomi Bazilik\u00e1ban bemutatott \u00fcnnepi szentmise f\u0151celebr\u00e1nsa Erd\u0151 P\u00e9ter b\u00edboros, pr\u00edm\u00e1s volt, a szentbesz\u00e9det Francesco Moraglia velencei p\u00e1tri\u00e1rka mondta &#8211; \u00edrja a Magyar Kur\u00edr. A\" class=\"yoast-seo-meta-tag\" \/>\n<meta property=\"og:url\" content=\"https:\/\/dorogimedence.hu\/index.php\/2022\/05\/09\/orszagos-mindszenty-zarandoklat-esztergomban\/\" class=\"yoast-seo-meta-tag\" \/>\n<meta property=\"og:site_name\" content=\"Dorogi-medence Region\u00e1lis H\u00edrport\u00e1l\" class=\"yoast-seo-meta-tag\" \/>\n<meta property=\"article:publisher\" content=\"https:\/\/www.facebook.com\/dorogimedence\/\" class=\"yoast-seo-meta-tag\" \/>\n<meta property=\"article:published_time\" content=\"2022-05-09T12:21:32+00:00\" class=\"yoast-seo-meta-tag\" \/>\n<meta property=\"article:modified_time\" content=\"2022-05-09T12:22:43+00:00\" class=\"yoast-seo-meta-tag\" \/>\n<meta property=\"og:image\" content=\"https:\/\/i0.wp.com\/dorogimedence.hu\/wp-content\/uploads\/2022\/05\/bazilika-02.jpg?fit=1599%2C1066&ssl=1\" class=\"yoast-seo-meta-tag\" \/>\n\t<meta property=\"og:image:width\" content=\"1599\" class=\"yoast-seo-meta-tag\" \/>\n\t<meta property=\"og:image:height\" content=\"1066\" class=\"yoast-seo-meta-tag\" \/>\n\t<meta property=\"og:image:type\" content=\"image\/jpeg\" class=\"yoast-seo-meta-tag\" \/>\n<meta name=\"author\" content=\"dorogimedence.hu\" class=\"yoast-seo-meta-tag\" \/>\n<meta name=\"twitter:card\" content=\"summary_large_image\" class=\"yoast-seo-meta-tag\" \/>\n<meta name=\"twitter:label1\" content=\"Szerz\u0151:\" class=\"yoast-seo-meta-tag\" \/>\n\t<meta name=\"twitter:data1\" content=\"dorogimedence.hu\" class=\"yoast-seo-meta-tag\" \/>\n\t<meta name=\"twitter:label2\" content=\"Becs\u00fclt olvas\u00e1si id\u0151\" class=\"yoast-seo-meta-tag\" \/>\n\t<meta name=\"twitter:data2\" content=\"5 perc\" class=\"yoast-seo-meta-tag\" \/>\n<script type=\"application\/ld+json\" class=\"yoast-schema-graph\">{\"@context\":\"https:\\\/\\\/schema.org\",\"@graph\":[{\"@type\":\"Article\",\"@id\":\"https:\\\/\\\/dorogimedence.hu\\\/index.php\\\/2022\\\/05\\\/09\\\/orszagos-mindszenty-zarandoklat-esztergomban\\\/#article\",\"isPartOf\":{\"@id\":\"https:\\\/\\\/dorogimedence.hu\\\/index.php\\\/2022\\\/05\\\/09\\\/orszagos-mindszenty-zarandoklat-esztergomban\\\/\"},\"author\":{\"name\":\"dorogimedence.hu\",\"@id\":\"https:\\\/\\\/dorogimedence.hu\\\/#\\\/schema\\\/person\\\/ce6091eeb7e95ecdc87890d6aa8e0fd4\"},\"headline\":\"Orsz\u00e1gos Mindszenty-zar\u00e1ndoklat Esztergomban\",\"datePublished\":\"2022-05-09T12:21:32+00:00\",\"dateModified\":\"2022-05-09T12:22:43+00:00\",\"mainEntityOfPage\":{\"@id\":\"https:\\\/\\\/dorogimedence.hu\\\/index.php\\\/2022\\\/05\\\/09\\\/orszagos-mindszenty-zarandoklat-esztergomban\\\/\"},\"wordCount\":1079,\"publisher\":{\"@id\":\"https:\\\/\\\/dorogimedence.hu\\\/#organization\"},\"image\":{\"@id\":\"https:\\\/\\\/dorogimedence.hu\\\/index.php\\\/2022\\\/05\\\/09\\\/orszagos-mindszenty-zarandoklat-esztergomban\\\/#primaryimage\"},\"thumbnailUrl\":\"https:\\\/\\\/dorogimedence.hu\\\/wp-content\\\/uploads\\\/2022\\\/05\\\/bazilika-02.jpg\",\"keywords\":[\"egyh\u00e1z\",\"esztergom\",\"esztergomi bazilika\",\"featured\",\"katolikus egyh\u00e1z\",\"Mindszenty\",\"mise\",\"szentmise\",\"zar\u00e1ndoklat\"],\"articleSection\":[\"Esztergom\",\"H\u00edrek\"],\"inLanguage\":\"hu\"},{\"@type\":\"WebPage\",\"@id\":\"https:\\\/\\\/dorogimedence.hu\\\/index.php\\\/2022\\\/05\\\/09\\\/orszagos-mindszenty-zarandoklat-esztergomban\\\/\",\"url\":\"https:\\\/\\\/dorogimedence.hu\\\/index.php\\\/2022\\\/05\\\/09\\\/orszagos-mindszenty-zarandoklat-esztergomban\\\/\",\"name\":\"Orsz\u00e1gos Mindszenty-zar\u00e1ndoklat Esztergomban\",\"isPartOf\":{\"@id\":\"https:\\\/\\\/dorogimedence.hu\\\/#website\"},\"primaryImageOfPage\":{\"@id\":\"https:\\\/\\\/dorogimedence.hu\\\/index.php\\\/2022\\\/05\\\/09\\\/orszagos-mindszenty-zarandoklat-esztergomban\\\/#primaryimage\"},\"image\":{\"@id\":\"https:\\\/\\\/dorogimedence.hu\\\/index.php\\\/2022\\\/05\\\/09\\\/orszagos-mindszenty-zarandoklat-esztergomban\\\/#primaryimage\"},\"thumbnailUrl\":\"https:\\\/\\\/dorogimedence.hu\\\/wp-content\\\/uploads\\\/2022\\\/05\\\/bazilika-02.jpg\",\"datePublished\":\"2022-05-09T12:21:32+00:00\",\"dateModified\":\"2022-05-09T12:22:43+00:00\",\"breadcrumb\":{\"@id\":\"https:\\\/\\\/dorogimedence.hu\\\/index.php\\\/2022\\\/05\\\/09\\\/orszagos-mindszenty-zarandoklat-esztergomban\\\/#breadcrumb\"},\"inLanguage\":\"hu\",\"potentialAction\":[{\"@type\":\"ReadAction\",\"target\":[\"https:\\\/\\\/dorogimedence.hu\\\/index.php\\\/2022\\\/05\\\/09\\\/orszagos-mindszenty-zarandoklat-esztergomban\\\/\"]}]},{\"@type\":\"ImageObject\",\"inLanguage\":\"hu\",\"@id\":\"https:\\\/\\\/dorogimedence.hu\\\/index.php\\\/2022\\\/05\\\/09\\\/orszagos-mindszenty-zarandoklat-esztergomban\\\/#primaryimage\",\"url\":\"https:\\\/\\\/dorogimedence.hu\\\/wp-content\\\/uploads\\\/2022\\\/05\\\/bazilika-02.jpg\",\"contentUrl\":\"https:\\\/\\\/dorogimedence.hu\\\/wp-content\\\/uploads\\\/2022\\\/05\\\/bazilika-02.jpg\",\"width\":1599,\"height\":1066},{\"@type\":\"BreadcrumbList\",\"@id\":\"https:\\\/\\\/dorogimedence.hu\\\/index.php\\\/2022\\\/05\\\/09\\\/orszagos-mindszenty-zarandoklat-esztergomban\\\/#breadcrumb\",\"itemListElement\":[{\"@type\":\"ListItem\",\"position\":1,\"name\":\"Kezd\u0151lap\",\"item\":\"https:\\\/\\\/dorogimedence.hu\\\/\"},{\"@type\":\"ListItem\",\"position\":2,\"name\":\"Orsz\u00e1gos Mindszenty-zar\u00e1ndoklat Esztergomban\"}]},{\"@type\":\"WebSite\",\"@id\":\"https:\\\/\\\/dorogimedence.hu\\\/#website\",\"url\":\"https:\\\/\\\/dorogimedence.hu\\\/\",\"name\":\"Dorogi-medence Region\u00e1lis H\u00edrport\u00e1l\",\"description\":\"Dorog, Keszt\u00f6lc, Le\u00e1nyv\u00e1r, Piliscs\u00e9v, Tokod, Tokodalt\u00e1r\u00f3, Csolnok, Esztergom-kertv\u00e1ros: h\u00edrek, programok\",\"publisher\":{\"@id\":\"https:\\\/\\\/dorogimedence.hu\\\/#organization\"},\"potentialAction\":[{\"@type\":\"SearchAction\",\"target\":{\"@type\":\"EntryPoint\",\"urlTemplate\":\"https:\\\/\\\/dorogimedence.hu\\\/?s={search_term_string}\"},\"query-input\":{\"@type\":\"PropertyValueSpecification\",\"valueRequired\":true,\"valueName\":\"search_term_string\"}}],\"inLanguage\":\"hu\"},{\"@type\":\"Organization\",\"@id\":\"https:\\\/\\\/dorogimedence.hu\\\/#organization\",\"name\":\"Dorogi-medence Region\u00e1lis H\u00edrport\u00e1l\",\"url\":\"https:\\\/\\\/dorogimedence.hu\\\/\",\"logo\":{\"@type\":\"ImageObject\",\"inLanguage\":\"hu\",\"@id\":\"https:\\\/\\\/dorogimedence.hu\\\/#\\\/schema\\\/logo\\\/image\\\/\",\"url\":\"https:\\\/\\\/dorogimedence.hu\\\/wp-content\\\/uploads\\\/2021\\\/04\\\/logo-feher-600.png\",\"contentUrl\":\"https:\\\/\\\/dorogimedence.hu\\\/wp-content\\\/uploads\\\/2021\\\/04\\\/logo-feher-600.png\",\"width\":600,\"height\":100,\"caption\":\"Dorogi-medence Region\u00e1lis H\u00edrport\u00e1l\"},\"image\":{\"@id\":\"https:\\\/\\\/dorogimedence.hu\\\/#\\\/schema\\\/logo\\\/image\\\/\"},\"sameAs\":[\"https:\\\/\\\/www.facebook.com\\\/dorogimedence\\\/\"]},{\"@type\":\"Person\",\"@id\":\"https:\\\/\\\/dorogimedence.hu\\\/#\\\/schema\\\/person\\\/ce6091eeb7e95ecdc87890d6aa8e0fd4\",\"name\":\"dorogimedence.hu\",\"image\":{\"@type\":\"ImageObject\",\"inLanguage\":\"hu\",\"@id\":\"\\\/\\\/www.gravatar.com\\\/avatar\\\/d8d45f8901aadff40a4af72c0b826f1d?s=96&#038;r=g&#038;d=mm\",\"url\":\"\\\/\\\/www.gravatar.com\\\/avatar\\\/d8d45f8901aadff40a4af72c0b826f1d?s=96&#038;r=g&#038;d=mm\",\"contentUrl\":\"\\\/\\\/www.gravatar.com\\\/avatar\\\/d8d45f8901aadff40a4af72c0b826f1d?s=96&#038;r=g&#038;d=mm\",\"caption\":\"dorogimedence.hu\"}}]}<\/script>\n<!-- \/ Yoast SEO plugin. -->","yoast_head_json":{"title":"Orsz\u00e1gos Mindszenty-zar\u00e1ndoklat Esztergomban","robots":{"index":"index","follow":"follow","max-snippet":"max-snippet:-1","max-image-preview":"max-image-preview:large","max-video-preview":"max-video-preview:-1"},"canonical":"https:\/\/dorogimedence.hu\/index.php\/2022\/05\/09\/orszagos-mindszenty-zarandoklat-esztergomban\/","og_locale":"hu_HU","og_type":"article","og_title":"Orsz\u00e1gos Mindszenty-zar\u00e1ndoklat Esztergomban","og_description":"Id\u00e9n \u2013 Mindszenty J\u00f3zsef m\u00e1jus 6-i \u00e9gi sz\u00fclet\u00e9snapj\u00e1hoz kapcsol\u00f3d\u00f3an \u2013 m\u00e1jus 7-\u00e9n, szombaton ism\u00e9t a hagyom\u00e1nyos m\u00f3don rendezt\u00e9k meg az Orsz\u00e1gos Mindszenty Engesztel\u0151 Zar\u00e1ndoklatot. A Mindszenty J\u00f3zsef b\u00edboros boldogg\u00e1 avat\u00e1s\u00e1\u00e9rt az Esztergomi Bazilik\u00e1ban bemutatott \u00fcnnepi szentmise f\u0151celebr\u00e1nsa Erd\u0151 P\u00e9ter b\u00edboros, pr\u00edm\u00e1s volt, a szentbesz\u00e9det Francesco Moraglia velencei p\u00e1tri\u00e1rka mondta &#8211; \u00edrja a Magyar Kur\u00edr. A","og_url":"https:\/\/dorogimedence.hu\/index.php\/2022\/05\/09\/orszagos-mindszenty-zarandoklat-esztergomban\/","og_site_name":"Dorogi-medence Region\u00e1lis H\u00edrport\u00e1l","article_publisher":"https:\/\/www.facebook.com\/dorogimedence\/","article_published_time":"2022-05-09T12:21:32+00:00","article_modified_time":"2022-05-09T12:22:43+00:00","og_image":[{"width":1599,"height":1066,"url":"https:\/\/i0.wp.com\/dorogimedence.hu\/wp-content\/uploads\/2022\/05\/bazilika-02.jpg?fit=1599%2C1066&ssl=1","type":"image\/jpeg"}],"author":"dorogimedence.hu","twitter_card":"summary_large_image","twitter_misc":{"Szerz\u0151:":"dorogimedence.hu","Becs\u00fclt olvas\u00e1si id\u0151":"5 perc"},"schema":{"@context":"https:\/\/schema.org","@graph":[{"@type":"Article","@id":"https:\/\/dorogimedence.hu\/index.php\/2022\/05\/09\/orszagos-mindszenty-zarandoklat-esztergomban\/#article","isPartOf":{"@id":"https:\/\/dorogimedence.hu\/index.php\/2022\/05\/09\/orszagos-mindszenty-zarandoklat-esztergomban\/"},"author":{"name":"dorogimedence.hu","@id":"https:\/\/dorogimedence.hu\/#\/schema\/person\/ce6091eeb7e95ecdc87890d6aa8e0fd4"},"headline":"Orsz\u00e1gos Mindszenty-zar\u00e1ndoklat Esztergomban","datePublished":"2022-05-09T12:21:32+00:00","dateModified":"2022-05-09T12:22:43+00:00","mainEntityOfPage":{"@id":"https:\/\/dorogimedence.hu\/index.php\/2022\/05\/09\/orszagos-mindszenty-zarandoklat-esztergomban\/"},"wordCount":1079,"publisher":{"@id":"https:\/\/dorogimedence.hu\/#organization"},"image":{"@id":"https:\/\/dorogimedence.hu\/index.php\/2022\/05\/09\/orszagos-mindszenty-zarandoklat-esztergomban\/#primaryimage"},"thumbnailUrl":"https:\/\/dorogimedence.hu\/wp-content\/uploads\/2022\/05\/bazilika-02.jpg","keywords":["egyh\u00e1z","esztergom","esztergomi bazilika","featured","katolikus egyh\u00e1z","Mindszenty","mise","szentmise","zar\u00e1ndoklat"],"articleSection":["Esztergom","H\u00edrek"],"inLanguage":"hu"},{"@type":"WebPage","@id":"https:\/\/dorogimedence.hu\/index.php\/2022\/05\/09\/orszagos-mindszenty-zarandoklat-esztergomban\/","url":"https:\/\/dorogimedence.hu\/index.php\/2022\/05\/09\/orszagos-mindszenty-zarandoklat-esztergomban\/","name":"Orsz\u00e1gos Mindszenty-zar\u00e1ndoklat Esztergomban","isPartOf":{"@id":"https:\/\/dorogimedence.hu\/#website"},"primaryImageOfPage":{"@id":"https:\/\/dorogimedence.hu\/index.php\/2022\/05\/09\/orszagos-mindszenty-zarandoklat-esztergomban\/#primaryimage"},"image":{"@id":"https:\/\/dorogimedence.hu\/index.php\/2022\/05\/09\/orszagos-mindszenty-zarandoklat-esztergomban\/#primaryimage"},"thumbnailUrl":"https:\/\/dorogimedence.hu\/wp-content\/uploads\/2022\/05\/bazilika-02.jpg","datePublished":"2022-05-09T12:21:32+00:00","dateModified":"2022-05-09T12:22:43+00:00","breadcrumb":{"@id":"https:\/\/dorogimedence.hu\/index.php\/2022\/05\/09\/orszagos-mindszenty-zarandoklat-esztergomban\/#breadcrumb"},"inLanguage":"hu","potentialAction":[{"@type":"ReadAction","target":["https:\/\/dorogimedence.hu\/index.php\/2022\/05\/09\/orszagos-mindszenty-zarandoklat-esztergomban\/"]}]},{"@type":"ImageObject","inLanguage":"hu","@id":"https:\/\/dorogimedence.hu\/index.php\/2022\/05\/09\/orszagos-mindszenty-zarandoklat-esztergomban\/#primaryimage","url":"https:\/\/dorogimedence.hu\/wp-content\/uploads\/2022\/05\/bazilika-02.jpg","contentUrl":"https:\/\/dorogimedence.hu\/wp-content\/uploads\/2022\/05\/bazilika-02.jpg","width":1599,"height":1066},{"@type":"BreadcrumbList","@id":"https:\/\/dorogimedence.hu\/index.php\/2022\/05\/09\/orszagos-mindszenty-zarandoklat-esztergomban\/#breadcrumb","itemListElement":[{"@type":"ListItem","position":1,"name":"Kezd\u0151lap","item":"https:\/\/dorogimedence.hu\/"},{"@type":"ListItem","position":2,"name":"Orsz\u00e1gos Mindszenty-zar\u00e1ndoklat Esztergomban"}]},{"@type":"WebSite","@id":"https:\/\/dorogimedence.hu\/#website","url":"https:\/\/dorogimedence.hu\/","name":"Dorogi-medence Region\u00e1lis H\u00edrport\u00e1l","description":"Dorog, Keszt\u00f6lc, Le\u00e1nyv\u00e1r, Piliscs\u00e9v, Tokod, Tokodalt\u00e1r\u00f3, Csolnok, Esztergom-kertv\u00e1ros: h\u00edrek, programok","publisher":{"@id":"https:\/\/dorogimedence.hu\/#organization"},"potentialAction":[{"@type":"SearchAction","target":{"@type":"EntryPoint","urlTemplate":"https:\/\/dorogimedence.hu\/?s={search_term_string}"},"query-input":{"@type":"PropertyValueSpecification","valueRequired":true,"valueName":"search_term_string"}}],"inLanguage":"hu"},{"@type":"Organization","@id":"https:\/\/dorogimedence.hu\/#organization","name":"Dorogi-medence Region\u00e1lis H\u00edrport\u00e1l","url":"https:\/\/dorogimedence.hu\/","logo":{"@type":"ImageObject","inLanguage":"hu","@id":"https:\/\/dorogimedence.hu\/#\/schema\/logo\/image\/","url":"https:\/\/dorogimedence.hu\/wp-content\/uploads\/2021\/04\/logo-feher-600.png","contentUrl":"https:\/\/dorogimedence.hu\/wp-content\/uploads\/2021\/04\/logo-feher-600.png","width":600,"height":100,"caption":"Dorogi-medence Region\u00e1lis H\u00edrport\u00e1l"},"image":{"@id":"https:\/\/dorogimedence.hu\/#\/schema\/logo\/image\/"},"sameAs":["https:\/\/www.facebook.com\/dorogimedence\/"]},{"@type":"Person","@id":"https:\/\/dorogimedence.hu\/#\/schema\/person\/ce6091eeb7e95ecdc87890d6aa8e0fd4","name":"dorogimedence.hu","image":{"@type":"ImageObject","inLanguage":"hu","@id":"\/\/www.gravatar.com\/avatar\/d8d45f8901aadff40a4af72c0b826f1d?s=96&#038;r=g&#038;d=mm","url":"\/\/www.gravatar.com\/avatar\/d8d45f8901aadff40a4af72c0b826f1d?s=96&#038;r=g&#038;d=mm","contentUrl":"\/\/www.gravatar.com\/avatar\/d8d45f8901aadff40a4af72c0b826f1d?s=96&#038;r=g&#038;d=mm","caption":"dorogimedence.hu"}}]}},"_links":{"self":[{"href":"https:\/\/dorogimedence.hu\/index.php\/wp-json\/wp\/v2\/posts\/42609","targetHints":{"allow":["GET"]}}],"collection":[{"href":"https:\/\/dorogimedence.hu\/index.php\/wp-json\/wp\/v2\/posts"}],"about":[{"href":"https:\/\/dorogimedence.hu\/index.php\/wp-json\/wp\/v2\/types\/post"}],"author":[{"embeddable":true,"href":"https:\/\/dorogimedence.hu\/index.php\/wp-json\/wp\/v2\/users\/1"}],"replies":[{"embeddable":true,"href":"https:\/\/dorogimedence.hu\/index.php\/wp-json\/wp\/v2\/comments?post=42609"}],"version-history":[{"count":0,"href":"https:\/\/dorogimedence.hu\/index.php\/wp-json\/wp\/v2\/posts\/42609\/revisions"}],"wp:featuredmedia":[{"embeddable":true,"href":"https:\/\/dorogimedence.hu\/index.php\/wp-json\/wp\/v2\/media\/42610"}],"wp:attachment":[{"href":"https:\/\/dorogimedence.hu\/index.php\/wp-json\/wp\/v2\/media?parent=42609"}],"wp:term":[{"taxonomy":"category","embeddable":true,"href":"https:\/\/dorogimedence.hu\/index.php\/wp-json\/wp\/v2\/categories?post=42609"},{"taxonomy":"post_tag","embeddable":true,"href":"https:\/\/dorogimedence.hu\/index.php\/wp-json\/wp\/v2\/tags?post=42609"}],"curies":[{"name":"wp","href":"https:\/\/api.w.org\/{rel}","templated":true}]}}