{"id":42445,"date":"2022-05-03T15:35:42","date_gmt":"2022-05-03T13:35:42","guid":{"rendered":"https:\/\/dorogimedence.hu\/?p=42445"},"modified":"2022-05-03T15:37:32","modified_gmt":"2022-05-03T13:37:32","slug":"uj-autot-adomanyozott-a-suzuki-az-esztergomi-rendorsegnek","status":"publish","type":"post","link":"https:\/\/dorogimedence.hu\/index.php\/2022\/05\/03\/uj-autot-adomanyozott-a-suzuki-az-esztergomi-rendorsegnek\/","title":{"rendered":"\u00daj aut\u00f3t adom\u00e1nyozott a Suzuki az esztergomi rend\u0151rs\u00e9gnek"},"content":{"rendered":"<p><strong>A Magyar Suzuki az Esztergomi Rend\u0151rf\u0151kapit\u00e1nys\u00e1g munk\u00e1j\u00e1t egy \u00faj Suzuki Vitar\u00e1val seg\u00edti. A gy\u00e1r \u00e9s a rendv\u00e9delmi szerv k\u00f6z\u00f6tt t\u00f6bb mint h\u00e9t \u00e9ve tart az egy\u00fcttm\u0171k\u00f6d\u00e9s.<\/strong><\/p>\n<p>A hazai \u00fajaut\u00f3 elad\u00e1si piac egyik legn\u00e9pszer\u0171bb, kor\u00e1bban k\u00f6z\u00f6ns\u00e9gkedvencnek is v\u00e1lasztott modellje, a Suzuki Vitara t\u00e1mogatja az esztergomi rend\u0151r\u00f6k munk\u00e1j\u00e1t. A Magyar Suzuki ugyanis fontosnak tartja, hogy k\u00f6zvetlen k\u00f6rnyezet\u00e9t is seg\u00edtse, \u00edgy \u00e9vek \u00f3ta t\u00e1mogatja az esztergomi k\u00f3rh\u00e1zat, helyi szervezeteket \u00e9s hat\u00f3s\u00e1gokat.<\/p>\n<p>A rend\u0151rs\u00e9ggel k\u00f6t\u00f6tt meg\u00e1llapod\u00e1s \u00e9rtelm\u00e9ben a j\u00f6v\u0151ben egy \u00faj h\u00f3feh\u00e9r Vitara seg\u00edti az Esztergomi Rend\u0151rf\u0151kapit\u00e1nys\u00e1g munk\u00e1j\u00e1t. Az\u00e9rt erre a t\u00edpusra esett ism\u00e9telten a v\u00e1laszt\u00e1s, mert haz\u00e1nkban ez a modell m\u00e1r t\u00f6bbsz\u00f6r bizony\u00edtott, t\u00f6bbek k\u00f6z\u00f6tt 2021-ben elnyerte a megtisztel\u0151 \u00c9v Magyar Aut\u00f3ja d\u00edjat.<\/p>\n<p><img fetchpriority=\"high\" decoding=\"async\" class=\"alignnone size-large wp-image-42447\" src=\"https:\/\/dorogimedence.hu\/wp-content\/uploads\/2022\/05\/suzuki-rendorok-02-1024x648.jpg\" alt=\"\" width=\"755\" height=\"478\" srcset=\"https:\/\/dorogimedence.hu\/wp-content\/uploads\/2022\/05\/suzuki-rendorok-02-1024x648.jpg 1024w, https:\/\/dorogimedence.hu\/wp-content\/uploads\/2022\/05\/suzuki-rendorok-02-300x190.jpg 300w, https:\/\/dorogimedence.hu\/wp-content\/uploads\/2022\/05\/suzuki-rendorok-02-768x486.jpg 768w, https:\/\/dorogimedence.hu\/wp-content\/uploads\/2022\/05\/suzuki-rendorok-02-1536x972.jpg 1536w, https:\/\/dorogimedence.hu\/wp-content\/uploads\/2022\/05\/suzuki-rendorok-02-150x95.jpg 150w, https:\/\/dorogimedence.hu\/wp-content\/uploads\/2022\/05\/suzuki-rendorok-02-450x285.jpg 450w, https:\/\/dorogimedence.hu\/wp-content\/uploads\/2022\/05\/suzuki-rendorok-02-1200x759.jpg 1200w, https:\/\/dorogimedence.hu\/wp-content\/uploads\/2022\/05\/suzuki-rendorok-02.jpg 1920w\" sizes=\"(max-width: 755px) 100vw, 755px\" \/><\/p>\n<p>2022. m\u00e1jus 3-\u00e1n, kedden, az \u00fcnnep\u00e9lyes \u00e1tad\u00f3n a Magyar Suzuki Zrt. r\u00e9sz\u00e9r\u0151l Dr. Urb\u00e1n L\u00e1szl\u00f3 vez\u00e9rigazgat\u00f3-helyettes, Kriszti\u00e1n R\u00f3bert operat\u00edv igazgat\u00f3 \u00e9s Bonn\u00e1r-Csonka Zsuzsanna kommunik\u00e1ci\u00f3s vezet\u0151, m\u00edg az Esztergomi Rend\u0151rf\u0151kapit\u00e1nys\u00e1g r\u00e9sz\u00e9r\u0151l Farkas G\u00e1bor r. dand\u00e1rt\u00e1bornok, rend\u0151rs\u00e9gi f\u0151tan\u00e1csos, rend\u0151rf\u0151kapit\u00e1ny \u00e9s Debreczeni Istv\u00e1n r. ezredes, rend\u0151rs\u00e9gi tan\u00e1csos, kapit\u00e1nys\u00e1gvezet\u0151 vett r\u00e9szt. A rend\u0151rs\u00e9g munkat\u00e1rsai azonnal \u201e\u00e1llom\u00e1nyba\u201d vett\u00e9k az \u00faj gyors, megb\u00edzhat\u00f3 \u00e9s biztons\u00e1gos j\u00e1rm\u0171vet.<\/p>\n","protected":false},"excerpt":{"rendered":"<p>A Magyar Suzuki az Esztergomi Rend\u0151rf\u0151kapit\u00e1nys\u00e1g munk\u00e1j\u00e1t egy \u00faj Suzuki Vitar\u00e1val seg\u00edti. A gy\u00e1r \u00e9s a rendv\u00e9delmi szerv k\u00f6z\u00f6tt t\u00f6bb mint h\u00e9t \u00e9ve tart az egy\u00fcttm\u0171k\u00f6d\u00e9s. A hazai \u00fajaut\u00f3 elad\u00e1si piac egyik legn\u00e9pszer\u0171bb, kor\u00e1bban k\u00f6z\u00f6ns\u00e9gkedvencnek is v\u00e1lasztott modellje, a Suzuki Vitara t\u00e1mogatja az esztergomi rend\u0151r\u00f6k munk\u00e1j\u00e1t. A Magyar Suzuki ugyanis fontosnak tartja, hogy k\u00f6zvetlen k\u00f6rnyezet\u00e9t<\/p>\n","protected":false},"author":1,"featured_media":42446,"comment_status":"closed","ping_status":"closed","sticky":false,"template":"","format":"standard","meta":{"ngg_post_thumbnail":0,"footnotes":""},"categories":[38,3],"tags":[42,5624,4792,521,261],"class_list":{"0":"post-42445","1":"post","2":"type-post","3":"status-publish","4":"format-standard","5":"has-post-thumbnail","7":"category-esztergom","8":"category-hirek","9":"tag-esztergom","10":"tag-featured","11":"tag-magyar-suzuki","12":"tag-rendorseg","13":"tag-suzuki"},"yoast_head":"<!-- This site is optimized with the Yoast SEO plugin v27.4 - https:\/\/yoast.com\/product\/yoast-seo-wordpress\/ -->\n<title>\u00daj aut\u00f3t adom\u00e1nyozott a Suzuki az esztergomi rend\u0151rs\u00e9gnek<\/title>\n<meta name=\"robots\" content=\"index, follow, max-snippet:-1, max-image-preview:large, max-video-preview:-1\" \/>\n<link rel=\"canonical\" href=\"https:\/\/dorogimedence.hu\/index.php\/2022\/05\/03\/uj-autot-adomanyozott-a-suzuki-az-esztergomi-rendorsegnek\/\" class=\"yoast-seo-meta-tag\" \/>\n<meta property=\"og:locale\" content=\"hu_HU\" class=\"yoast-seo-meta-tag\" \/>\n<meta property=\"og:type\" content=\"article\" class=\"yoast-seo-meta-tag\" \/>\n<meta property=\"og:title\" content=\"\u00daj aut\u00f3t adom\u00e1nyozott a Suzuki az esztergomi rend\u0151rs\u00e9gnek\" class=\"yoast-seo-meta-tag\" \/>\n<meta property=\"og:description\" content=\"A Magyar Suzuki az Esztergomi Rend\u0151rf\u0151kapit\u00e1nys\u00e1g munk\u00e1j\u00e1t egy \u00faj Suzuki Vitar\u00e1val seg\u00edti. A gy\u00e1r \u00e9s a rendv\u00e9delmi szerv k\u00f6z\u00f6tt t\u00f6bb mint h\u00e9t \u00e9ve tart az egy\u00fcttm\u0171k\u00f6d\u00e9s. A hazai \u00fajaut\u00f3 elad\u00e1si piac egyik legn\u00e9pszer\u0171bb, kor\u00e1bban k\u00f6z\u00f6ns\u00e9gkedvencnek is v\u00e1lasztott modellje, a Suzuki Vitara t\u00e1mogatja az esztergomi rend\u0151r\u00f6k munk\u00e1j\u00e1t. A Magyar Suzuki ugyanis fontosnak tartja, hogy k\u00f6zvetlen k\u00f6rnyezet\u00e9t\" class=\"yoast-seo-meta-tag\" \/>\n<meta property=\"og:url\" content=\"https:\/\/dorogimedence.hu\/index.php\/2022\/05\/03\/uj-autot-adomanyozott-a-suzuki-az-esztergomi-rendorsegnek\/\" class=\"yoast-seo-meta-tag\" \/>\n<meta property=\"og:site_name\" content=\"Dorogi-medence Region\u00e1lis H\u00edrport\u00e1l\" class=\"yoast-seo-meta-tag\" \/>\n<meta property=\"article:publisher\" content=\"https:\/\/www.facebook.com\/dorogimedence\/\" class=\"yoast-seo-meta-tag\" \/>\n<meta property=\"article:published_time\" content=\"2022-05-03T13:35:42+00:00\" class=\"yoast-seo-meta-tag\" \/>\n<meta property=\"article:modified_time\" content=\"2022-05-03T13:37:32+00:00\" class=\"yoast-seo-meta-tag\" \/>\n<meta property=\"og:image\" content=\"https:\/\/i0.wp.com\/dorogimedence.hu\/wp-content\/uploads\/2022\/05\/suzuki-rendorok-01.jpg?fit=1920%2C1113&ssl=1\" class=\"yoast-seo-meta-tag\" \/>\n\t<meta property=\"og:image:width\" content=\"1920\" class=\"yoast-seo-meta-tag\" \/>\n\t<meta property=\"og:image:height\" content=\"1113\" class=\"yoast-seo-meta-tag\" \/>\n\t<meta property=\"og:image:type\" content=\"image\/jpeg\" class=\"yoast-seo-meta-tag\" \/>\n<meta name=\"author\" content=\"dorogimedence.hu\" class=\"yoast-seo-meta-tag\" \/>\n<meta name=\"twitter:card\" content=\"summary_large_image\" class=\"yoast-seo-meta-tag\" \/>\n<meta name=\"twitter:label1\" content=\"Szerz\u0151:\" class=\"yoast-seo-meta-tag\" \/>\n\t<meta name=\"twitter:data1\" content=\"dorogimedence.hu\" class=\"yoast-seo-meta-tag\" \/>\n\t<meta name=\"twitter:label2\" content=\"Becs\u00fclt olvas\u00e1si id\u0151\" class=\"yoast-seo-meta-tag\" \/>\n\t<meta name=\"twitter:data2\" content=\"1 perc\" class=\"yoast-seo-meta-tag\" \/>\n<script type=\"application\/ld+json\" class=\"yoast-schema-graph\">{\"@context\":\"https:\\\/\\\/schema.org\",\"@graph\":[{\"@type\":\"Article\",\"@id\":\"https:\\\/\\\/dorogimedence.hu\\\/index.php\\\/2022\\\/05\\\/03\\\/uj-autot-adomanyozott-a-suzuki-az-esztergomi-rendorsegnek\\\/#article\",\"isPartOf\":{\"@id\":\"https:\\\/\\\/dorogimedence.hu\\\/index.php\\\/2022\\\/05\\\/03\\\/uj-autot-adomanyozott-a-suzuki-az-esztergomi-rendorsegnek\\\/\"},\"author\":{\"name\":\"dorogimedence.hu\",\"@id\":\"https:\\\/\\\/dorogimedence.hu\\\/#\\\/schema\\\/person\\\/ce6091eeb7e95ecdc87890d6aa8e0fd4\"},\"headline\":\"\u00daj aut\u00f3t adom\u00e1nyozott a Suzuki az esztergomi rend\u0151rs\u00e9gnek\",\"datePublished\":\"2022-05-03T13:35:42+00:00\",\"dateModified\":\"2022-05-03T13:37:32+00:00\",\"mainEntityOfPage\":{\"@id\":\"https:\\\/\\\/dorogimedence.hu\\\/index.php\\\/2022\\\/05\\\/03\\\/uj-autot-adomanyozott-a-suzuki-az-esztergomi-rendorsegnek\\\/\"},\"wordCount\":305,\"publisher\":{\"@id\":\"https:\\\/\\\/dorogimedence.hu\\\/#organization\"},\"image\":{\"@id\":\"https:\\\/\\\/dorogimedence.hu\\\/index.php\\\/2022\\\/05\\\/03\\\/uj-autot-adomanyozott-a-suzuki-az-esztergomi-rendorsegnek\\\/#primaryimage\"},\"thumbnailUrl\":\"https:\\\/\\\/dorogimedence.hu\\\/wp-content\\\/uploads\\\/2022\\\/05\\\/suzuki-rendorok-01.jpg\",\"keywords\":[\"esztergom\",\"featured\",\"Magyar Suzuki\",\"rend\u0151rs\u00e9g\",\"Suzuki\"],\"articleSection\":[\"Esztergom\",\"H\u00edrek\"],\"inLanguage\":\"hu\"},{\"@type\":\"WebPage\",\"@id\":\"https:\\\/\\\/dorogimedence.hu\\\/index.php\\\/2022\\\/05\\\/03\\\/uj-autot-adomanyozott-a-suzuki-az-esztergomi-rendorsegnek\\\/\",\"url\":\"https:\\\/\\\/dorogimedence.hu\\\/index.php\\\/2022\\\/05\\\/03\\\/uj-autot-adomanyozott-a-suzuki-az-esztergomi-rendorsegnek\\\/\",\"name\":\"\u00daj aut\u00f3t adom\u00e1nyozott a Suzuki az esztergomi rend\u0151rs\u00e9gnek\",\"isPartOf\":{\"@id\":\"https:\\\/\\\/dorogimedence.hu\\\/#website\"},\"primaryImageOfPage\":{\"@id\":\"https:\\\/\\\/dorogimedence.hu\\\/index.php\\\/2022\\\/05\\\/03\\\/uj-autot-adomanyozott-a-suzuki-az-esztergomi-rendorsegnek\\\/#primaryimage\"},\"image\":{\"@id\":\"https:\\\/\\\/dorogimedence.hu\\\/index.php\\\/2022\\\/05\\\/03\\\/uj-autot-adomanyozott-a-suzuki-az-esztergomi-rendorsegnek\\\/#primaryimage\"},\"thumbnailUrl\":\"https:\\\/\\\/dorogimedence.hu\\\/wp-content\\\/uploads\\\/2022\\\/05\\\/suzuki-rendorok-01.jpg\",\"datePublished\":\"2022-05-03T13:35:42+00:00\",\"dateModified\":\"2022-05-03T13:37:32+00:00\",\"breadcrumb\":{\"@id\":\"https:\\\/\\\/dorogimedence.hu\\\/index.php\\\/2022\\\/05\\\/03\\\/uj-autot-adomanyozott-a-suzuki-az-esztergomi-rendorsegnek\\\/#breadcrumb\"},\"inLanguage\":\"hu\",\"potentialAction\":[{\"@type\":\"ReadAction\",\"target\":[\"https:\\\/\\\/dorogimedence.hu\\\/index.php\\\/2022\\\/05\\\/03\\\/uj-autot-adomanyozott-a-suzuki-az-esztergomi-rendorsegnek\\\/\"]}]},{\"@type\":\"ImageObject\",\"inLanguage\":\"hu\",\"@id\":\"https:\\\/\\\/dorogimedence.hu\\\/index.php\\\/2022\\\/05\\\/03\\\/uj-autot-adomanyozott-a-suzuki-az-esztergomi-rendorsegnek\\\/#primaryimage\",\"url\":\"https:\\\/\\\/dorogimedence.hu\\\/wp-content\\\/uploads\\\/2022\\\/05\\\/suzuki-rendorok-01.jpg\",\"contentUrl\":\"https:\\\/\\\/dorogimedence.hu\\\/wp-content\\\/uploads\\\/2022\\\/05\\\/suzuki-rendorok-01.jpg\",\"width\":1920,\"height\":1113},{\"@type\":\"BreadcrumbList\",\"@id\":\"https:\\\/\\\/dorogimedence.hu\\\/index.php\\\/2022\\\/05\\\/03\\\/uj-autot-adomanyozott-a-suzuki-az-esztergomi-rendorsegnek\\\/#breadcrumb\",\"itemListElement\":[{\"@type\":\"ListItem\",\"position\":1,\"name\":\"Kezd\u0151lap\",\"item\":\"https:\\\/\\\/dorogimedence.hu\\\/\"},{\"@type\":\"ListItem\",\"position\":2,\"name\":\"\u00daj aut\u00f3t adom\u00e1nyozott a Suzuki az esztergomi rend\u0151rs\u00e9gnek\"}]},{\"@type\":\"WebSite\",\"@id\":\"https:\\\/\\\/dorogimedence.hu\\\/#website\",\"url\":\"https:\\\/\\\/dorogimedence.hu\\\/\",\"name\":\"Dorogi-medence Region\u00e1lis H\u00edrport\u00e1l\",\"description\":\"Dorog, Keszt\u00f6lc, Le\u00e1nyv\u00e1r, Piliscs\u00e9v, Tokod, Tokodalt\u00e1r\u00f3, Csolnok, Esztergom-kertv\u00e1ros: h\u00edrek, programok\",\"publisher\":{\"@id\":\"https:\\\/\\\/dorogimedence.hu\\\/#organization\"},\"potentialAction\":[{\"@type\":\"SearchAction\",\"target\":{\"@type\":\"EntryPoint\",\"urlTemplate\":\"https:\\\/\\\/dorogimedence.hu\\\/?s={search_term_string}\"},\"query-input\":{\"@type\":\"PropertyValueSpecification\",\"valueRequired\":true,\"valueName\":\"search_term_string\"}}],\"inLanguage\":\"hu\"},{\"@type\":\"Organization\",\"@id\":\"https:\\\/\\\/dorogimedence.hu\\\/#organization\",\"name\":\"Dorogi-medence Region\u00e1lis H\u00edrport\u00e1l\",\"url\":\"https:\\\/\\\/dorogimedence.hu\\\/\",\"logo\":{\"@type\":\"ImageObject\",\"inLanguage\":\"hu\",\"@id\":\"https:\\\/\\\/dorogimedence.hu\\\/#\\\/schema\\\/logo\\\/image\\\/\",\"url\":\"https:\\\/\\\/dorogimedence.hu\\\/wp-content\\\/uploads\\\/2021\\\/04\\\/logo-feher-600.png\",\"contentUrl\":\"https:\\\/\\\/dorogimedence.hu\\\/wp-content\\\/uploads\\\/2021\\\/04\\\/logo-feher-600.png\",\"width\":600,\"height\":100,\"caption\":\"Dorogi-medence Region\u00e1lis H\u00edrport\u00e1l\"},\"image\":{\"@id\":\"https:\\\/\\\/dorogimedence.hu\\\/#\\\/schema\\\/logo\\\/image\\\/\"},\"sameAs\":[\"https:\\\/\\\/www.facebook.com\\\/dorogimedence\\\/\"]},{\"@type\":\"Person\",\"@id\":\"https:\\\/\\\/dorogimedence.hu\\\/#\\\/schema\\\/person\\\/ce6091eeb7e95ecdc87890d6aa8e0fd4\",\"name\":\"dorogimedence.hu\",\"image\":{\"@type\":\"ImageObject\",\"inLanguage\":\"hu\",\"@id\":\"\\\/\\\/www.gravatar.com\\\/avatar\\\/d8d45f8901aadff40a4af72c0b826f1d?s=96&#038;r=g&#038;d=mm\",\"url\":\"\\\/\\\/www.gravatar.com\\\/avatar\\\/d8d45f8901aadff40a4af72c0b826f1d?s=96&#038;r=g&#038;d=mm\",\"contentUrl\":\"\\\/\\\/www.gravatar.com\\\/avatar\\\/d8d45f8901aadff40a4af72c0b826f1d?s=96&#038;r=g&#038;d=mm\",\"caption\":\"dorogimedence.hu\"}}]}<\/script>\n<!-- \/ Yoast SEO plugin. -->","yoast_head_json":{"title":"\u00daj aut\u00f3t adom\u00e1nyozott a Suzuki az esztergomi rend\u0151rs\u00e9gnek","robots":{"index":"index","follow":"follow","max-snippet":"max-snippet:-1","max-image-preview":"max-image-preview:large","max-video-preview":"max-video-preview:-1"},"canonical":"https:\/\/dorogimedence.hu\/index.php\/2022\/05\/03\/uj-autot-adomanyozott-a-suzuki-az-esztergomi-rendorsegnek\/","og_locale":"hu_HU","og_type":"article","og_title":"\u00daj aut\u00f3t adom\u00e1nyozott a Suzuki az esztergomi rend\u0151rs\u00e9gnek","og_description":"A Magyar Suzuki az Esztergomi Rend\u0151rf\u0151kapit\u00e1nys\u00e1g munk\u00e1j\u00e1t egy \u00faj Suzuki Vitar\u00e1val seg\u00edti. A gy\u00e1r \u00e9s a rendv\u00e9delmi szerv k\u00f6z\u00f6tt t\u00f6bb mint h\u00e9t \u00e9ve tart az egy\u00fcttm\u0171k\u00f6d\u00e9s. A hazai \u00fajaut\u00f3 elad\u00e1si piac egyik legn\u00e9pszer\u0171bb, kor\u00e1bban k\u00f6z\u00f6ns\u00e9gkedvencnek is v\u00e1lasztott modellje, a Suzuki Vitara t\u00e1mogatja az esztergomi rend\u0151r\u00f6k munk\u00e1j\u00e1t. A Magyar Suzuki ugyanis fontosnak tartja, hogy k\u00f6zvetlen k\u00f6rnyezet\u00e9t","og_url":"https:\/\/dorogimedence.hu\/index.php\/2022\/05\/03\/uj-autot-adomanyozott-a-suzuki-az-esztergomi-rendorsegnek\/","og_site_name":"Dorogi-medence Region\u00e1lis H\u00edrport\u00e1l","article_publisher":"https:\/\/www.facebook.com\/dorogimedence\/","article_published_time":"2022-05-03T13:35:42+00:00","article_modified_time":"2022-05-03T13:37:32+00:00","og_image":[{"width":1920,"height":1113,"url":"https:\/\/i0.wp.com\/dorogimedence.hu\/wp-content\/uploads\/2022\/05\/suzuki-rendorok-01.jpg?fit=1920%2C1113&ssl=1","type":"image\/jpeg"}],"author":"dorogimedence.hu","twitter_card":"summary_large_image","twitter_misc":{"Szerz\u0151:":"dorogimedence.hu","Becs\u00fclt olvas\u00e1si id\u0151":"1 perc"},"schema":{"@context":"https:\/\/schema.org","@graph":[{"@type":"Article","@id":"https:\/\/dorogimedence.hu\/index.php\/2022\/05\/03\/uj-autot-adomanyozott-a-suzuki-az-esztergomi-rendorsegnek\/#article","isPartOf":{"@id":"https:\/\/dorogimedence.hu\/index.php\/2022\/05\/03\/uj-autot-adomanyozott-a-suzuki-az-esztergomi-rendorsegnek\/"},"author":{"name":"dorogimedence.hu","@id":"https:\/\/dorogimedence.hu\/#\/schema\/person\/ce6091eeb7e95ecdc87890d6aa8e0fd4"},"headline":"\u00daj aut\u00f3t adom\u00e1nyozott a Suzuki az esztergomi rend\u0151rs\u00e9gnek","datePublished":"2022-05-03T13:35:42+00:00","dateModified":"2022-05-03T13:37:32+00:00","mainEntityOfPage":{"@id":"https:\/\/dorogimedence.hu\/index.php\/2022\/05\/03\/uj-autot-adomanyozott-a-suzuki-az-esztergomi-rendorsegnek\/"},"wordCount":305,"publisher":{"@id":"https:\/\/dorogimedence.hu\/#organization"},"image":{"@id":"https:\/\/dorogimedence.hu\/index.php\/2022\/05\/03\/uj-autot-adomanyozott-a-suzuki-az-esztergomi-rendorsegnek\/#primaryimage"},"thumbnailUrl":"https:\/\/dorogimedence.hu\/wp-content\/uploads\/2022\/05\/suzuki-rendorok-01.jpg","keywords":["esztergom","featured","Magyar Suzuki","rend\u0151rs\u00e9g","Suzuki"],"articleSection":["Esztergom","H\u00edrek"],"inLanguage":"hu"},{"@type":"WebPage","@id":"https:\/\/dorogimedence.hu\/index.php\/2022\/05\/03\/uj-autot-adomanyozott-a-suzuki-az-esztergomi-rendorsegnek\/","url":"https:\/\/dorogimedence.hu\/index.php\/2022\/05\/03\/uj-autot-adomanyozott-a-suzuki-az-esztergomi-rendorsegnek\/","name":"\u00daj aut\u00f3t adom\u00e1nyozott a Suzuki az esztergomi rend\u0151rs\u00e9gnek","isPartOf":{"@id":"https:\/\/dorogimedence.hu\/#website"},"primaryImageOfPage":{"@id":"https:\/\/dorogimedence.hu\/index.php\/2022\/05\/03\/uj-autot-adomanyozott-a-suzuki-az-esztergomi-rendorsegnek\/#primaryimage"},"image":{"@id":"https:\/\/dorogimedence.hu\/index.php\/2022\/05\/03\/uj-autot-adomanyozott-a-suzuki-az-esztergomi-rendorsegnek\/#primaryimage"},"thumbnailUrl":"https:\/\/dorogimedence.hu\/wp-content\/uploads\/2022\/05\/suzuki-rendorok-01.jpg","datePublished":"2022-05-03T13:35:42+00:00","dateModified":"2022-05-03T13:37:32+00:00","breadcrumb":{"@id":"https:\/\/dorogimedence.hu\/index.php\/2022\/05\/03\/uj-autot-adomanyozott-a-suzuki-az-esztergomi-rendorsegnek\/#breadcrumb"},"inLanguage":"hu","potentialAction":[{"@type":"ReadAction","target":["https:\/\/dorogimedence.hu\/index.php\/2022\/05\/03\/uj-autot-adomanyozott-a-suzuki-az-esztergomi-rendorsegnek\/"]}]},{"@type":"ImageObject","inLanguage":"hu","@id":"https:\/\/dorogimedence.hu\/index.php\/2022\/05\/03\/uj-autot-adomanyozott-a-suzuki-az-esztergomi-rendorsegnek\/#primaryimage","url":"https:\/\/dorogimedence.hu\/wp-content\/uploads\/2022\/05\/suzuki-rendorok-01.jpg","contentUrl":"https:\/\/dorogimedence.hu\/wp-content\/uploads\/2022\/05\/suzuki-rendorok-01.jpg","width":1920,"height":1113},{"@type":"BreadcrumbList","@id":"https:\/\/dorogimedence.hu\/index.php\/2022\/05\/03\/uj-autot-adomanyozott-a-suzuki-az-esztergomi-rendorsegnek\/#breadcrumb","itemListElement":[{"@type":"ListItem","position":1,"name":"Kezd\u0151lap","item":"https:\/\/dorogimedence.hu\/"},{"@type":"ListItem","position":2,"name":"\u00daj aut\u00f3t adom\u00e1nyozott a Suzuki az esztergomi rend\u0151rs\u00e9gnek"}]},{"@type":"WebSite","@id":"https:\/\/dorogimedence.hu\/#website","url":"https:\/\/dorogimedence.hu\/","name":"Dorogi-medence Region\u00e1lis H\u00edrport\u00e1l","description":"Dorog, Keszt\u00f6lc, Le\u00e1nyv\u00e1r, Piliscs\u00e9v, Tokod, Tokodalt\u00e1r\u00f3, Csolnok, Esztergom-kertv\u00e1ros: h\u00edrek, programok","publisher":{"@id":"https:\/\/dorogimedence.hu\/#organization"},"potentialAction":[{"@type":"SearchAction","target":{"@type":"EntryPoint","urlTemplate":"https:\/\/dorogimedence.hu\/?s={search_term_string}"},"query-input":{"@type":"PropertyValueSpecification","valueRequired":true,"valueName":"search_term_string"}}],"inLanguage":"hu"},{"@type":"Organization","@id":"https:\/\/dorogimedence.hu\/#organization","name":"Dorogi-medence Region\u00e1lis H\u00edrport\u00e1l","url":"https:\/\/dorogimedence.hu\/","logo":{"@type":"ImageObject","inLanguage":"hu","@id":"https:\/\/dorogimedence.hu\/#\/schema\/logo\/image\/","url":"https:\/\/dorogimedence.hu\/wp-content\/uploads\/2021\/04\/logo-feher-600.png","contentUrl":"https:\/\/dorogimedence.hu\/wp-content\/uploads\/2021\/04\/logo-feher-600.png","width":600,"height":100,"caption":"Dorogi-medence Region\u00e1lis H\u00edrport\u00e1l"},"image":{"@id":"https:\/\/dorogimedence.hu\/#\/schema\/logo\/image\/"},"sameAs":["https:\/\/www.facebook.com\/dorogimedence\/"]},{"@type":"Person","@id":"https:\/\/dorogimedence.hu\/#\/schema\/person\/ce6091eeb7e95ecdc87890d6aa8e0fd4","name":"dorogimedence.hu","image":{"@type":"ImageObject","inLanguage":"hu","@id":"\/\/www.gravatar.com\/avatar\/d8d45f8901aadff40a4af72c0b826f1d?s=96&#038;r=g&#038;d=mm","url":"\/\/www.gravatar.com\/avatar\/d8d45f8901aadff40a4af72c0b826f1d?s=96&#038;r=g&#038;d=mm","contentUrl":"\/\/www.gravatar.com\/avatar\/d8d45f8901aadff40a4af72c0b826f1d?s=96&#038;r=g&#038;d=mm","caption":"dorogimedence.hu"}}]}},"_links":{"self":[{"href":"https:\/\/dorogimedence.hu\/index.php\/wp-json\/wp\/v2\/posts\/42445","targetHints":{"allow":["GET"]}}],"collection":[{"href":"https:\/\/dorogimedence.hu\/index.php\/wp-json\/wp\/v2\/posts"}],"about":[{"href":"https:\/\/dorogimedence.hu\/index.php\/wp-json\/wp\/v2\/types\/post"}],"author":[{"embeddable":true,"href":"https:\/\/dorogimedence.hu\/index.php\/wp-json\/wp\/v2\/users\/1"}],"replies":[{"embeddable":true,"href":"https:\/\/dorogimedence.hu\/index.php\/wp-json\/wp\/v2\/comments?post=42445"}],"version-history":[{"count":0,"href":"https:\/\/dorogimedence.hu\/index.php\/wp-json\/wp\/v2\/posts\/42445\/revisions"}],"wp:featuredmedia":[{"embeddable":true,"href":"https:\/\/dorogimedence.hu\/index.php\/wp-json\/wp\/v2\/media\/42446"}],"wp:attachment":[{"href":"https:\/\/dorogimedence.hu\/index.php\/wp-json\/wp\/v2\/media?parent=42445"}],"wp:term":[{"taxonomy":"category","embeddable":true,"href":"https:\/\/dorogimedence.hu\/index.php\/wp-json\/wp\/v2\/categories?post=42445"},{"taxonomy":"post_tag","embeddable":true,"href":"https:\/\/dorogimedence.hu\/index.php\/wp-json\/wp\/v2\/tags?post=42445"}],"curies":[{"name":"wp","href":"https:\/\/api.w.org\/{rel}","templated":true}]}}