{"id":42407,"date":"2022-05-02T17:51:07","date_gmt":"2022-05-02T15:51:07","guid":{"rendered":"https:\/\/dorogimedence.hu\/?p=42407"},"modified":"2022-05-02T17:51:23","modified_gmt":"2022-05-02T15:51:23","slug":"a-halaszok-tovabbra-is-nagy-kart-okoznak-folyovizeinkben","status":"publish","type":"post","link":"https:\/\/dorogimedence.hu\/index.php\/2022\/05\/02\/a-halaszok-tovabbra-is-nagy-kart-okoznak-folyovizeinkben\/","title":{"rendered":"A hal\u00e1szok tov\u00e1bbra is nagy k\u00e1rt okoznak foly\u00f3vizeinkben"},"content":{"rendered":"<p><strong>A napokban emeltek v\u00e1dat azzal a k\u00e9t f\u00e9rfival szemben, akik jogosulatlanul \u00e9s tiltott halfog\u00e1si eszk\u00f6zzel hal\u00e1sztak a <a href=\"http:\/\/ugyeszseg.hu\/halorok-fogtak-el-az-orvhalaszokat-fotokkal-a-komarom-esztergom-megyei-fougyeszseg-sajtokozlemenye\/\"><span style=\"text-decoration: underline; color: #0000ff;\">Duna \u00e1csi szakasz\u00e1n<\/span><\/a>, \u0151ket v\u00e9g\u00fcl a hal\u0151r\u00f6k fogt\u00e1k el. A hal\u00e1szok okozta k\u00e1rokkal kapcsolatban Schmidt-Kov\u00e1cs Benc\u00e9vel besz\u00e9lgett\u00fcnk.<\/strong><\/p>\n<p>Schmidt-Kov\u00e1cs Bence, a Kom\u00e1rom-Esztergom Megyei Horg\u00e1szegyes\u00fcletek Sz\u00f6vets\u00e9g\u00e9nek (KEMHESZ) szakmai igazgat\u00f3ja elmondta, hogy hab\u00e1r a b\u0171ncselekm\u00e9ny a Sporthorg\u00e1sz Egyes\u00fcletek Gy\u0151r-Moson-Sopron Megyei Sz\u00f6vets\u00e9ge \u00e1ltal kezelt v\u00edzter\u00fcleten t\u00f6rt\u00e9nt, vissza-vissza t\u00e9r\u0151 eset, hogy alkalmank\u00e9nt hal\u00e1szaton kapnak egy-egy szem\u00e9lyt a Dun\u00e1n.<\/p>\n<p>A szakmai igazgat\u00f3 kiemelte, hogy a 2013-as hal\u00e1szati t\u00f6rv\u00e9ny \u00f3ta tilos \u00e9s b\u0171ncselekm\u00e9nynek sz\u00e1m\u00edt a term\u00e9szetes vizeken val\u00f3 hal\u00e1szat. \u201eEz sajnos nem rettent el mindenkit a tev\u00e9kenys\u00e9gt\u0151l, hiszen minden \u00e9vben tal\u00e1lunk vars\u00e1t, nyakz\u00f3 h\u00e1l\u00f3t a KEMHESZ \u00e1ltal kezelt vizeken is\u201d \u2013 jegyezte meg, majd kiemelte, hogy fontos sz\u00e1mukra a becs\u00fcletes horg\u00e1szok v\u00e9delme, hiszen nekik \u00e9s a j\u00f6v\u0151 nemzed\u00e9k\u00e9nek szeretn\u00e9k meg\u0151rizni ezt a csod\u00e1s vizet. Hozz\u00e1 kell tenni azt is, hogy az ellen\u0151rz\u00e9sek gyakoris\u00e1ga visszatart\u00f3 er\u0151vel hat, ez\u00e1ltal a horg\u00e1szok sokkal szab\u00e1lyk\u00f6vet\u0151bbek, \u00e9rdekl\u0151d\u0151bbek \u00e9s egy\u00fcttm\u0171k\u00f6d\u0151bbek. Schmidt-Kov\u00e1cs Bence felh\u00edvta a figyelmet arra is, hogy a hal\u00e1llom\u00e1nyok v\u00e9delme k\u00f6z\u00f6s feladat, amit a horg\u00e1szoknak, horg\u00e1szvezet\u0151knek a j\u00f6v\u0151j\u00fck \u00e9rdek\u00e9ben kell, hogy megtegyenek. \u201eHa nem lesz mire horg\u00e1sznunk, elv\u00e9sz a szeretett hobbink\u201d \u2013 z\u00e1rta gondolatait.<\/p>\n<p><img fetchpriority=\"high\" decoding=\"async\" class=\"alignnone size-large wp-image-42007\" src=\"https:\/\/dorogimedence.hu\/wp-content\/uploads\/2022\/04\/csuka-telepites-1024x585.jpg\" alt=\"\" width=\"755\" height=\"431\" srcset=\"https:\/\/dorogimedence.hu\/wp-content\/uploads\/2022\/04\/csuka-telepites-1024x585.jpg 1024w, https:\/\/dorogimedence.hu\/wp-content\/uploads\/2022\/04\/csuka-telepites-300x171.jpg 300w, https:\/\/dorogimedence.hu\/wp-content\/uploads\/2022\/04\/csuka-telepites-768x438.jpg 768w, https:\/\/dorogimedence.hu\/wp-content\/uploads\/2022\/04\/csuka-telepites-1536x877.jpg 1536w, https:\/\/dorogimedence.hu\/wp-content\/uploads\/2022\/04\/csuka-telepites-150x86.jpg 150w, https:\/\/dorogimedence.hu\/wp-content\/uploads\/2022\/04\/csuka-telepites-450x257.jpg 450w, https:\/\/dorogimedence.hu\/wp-content\/uploads\/2022\/04\/csuka-telepites-1200x685.jpg 1200w, https:\/\/dorogimedence.hu\/wp-content\/uploads\/2022\/04\/csuka-telepites.jpg 1920w\" sizes=\"(max-width: 755px) 100vw, 755px\" \/><\/p>\n<p style=\"text-align: center;\"><em>\u00c1prilis k\u00f6zep\u00e9n 1500 kilogramm egynyaras csuk\u00e1t telep\u00edtettek a Dun\u00e1ba t\u00e9rs\u00e9g\u00fcnkben<\/em><\/p>\n<p>Az \u00c1cs t\u00e9rs\u00e9g\u00e9ben t\u00f6rt\u00e9nt esettel kapcsolatban a BRFK Dunai V\u00edzirend\u00e9szeti Rend\u0151rkapit\u00e1nys\u00e1g nyomozott. A Kom\u00e1rom-Esztergom Megyei F\u0151\u00fcgy\u00e9szs\u00e9g a v\u00e1diratban arra tett ind\u00edtv\u00e1nyt, hogy a Kom\u00e1romi J\u00e1r\u00e1sb\u00edr\u00f3s\u00e1g az elk\u00f6vet\u0151kkel szemben t\u00e1rgyal\u00e1s mell\u0151z\u00e9s\u00e9vel, b\u00fcntet\u0151v\u00e9gz\u00e9sben v\u00e9grehajt\u00e1s\u00e1ban felf\u00fcggesztett szabads\u00e1gveszt\u00e9st szabjon ki, valamint a lefoglalt nyakz\u00f3 h\u00e1l\u00f3t kobozza el.<\/p>\n<p>A KEMHESZ egy\u00e9bk\u00e9nt rendszeresen telep\u00edt halakat az \u00e1ltala kezelt Duna szakaszon \u2013 a kom\u00e1romi vas\u00fati h\u00eddt\u00f3l, a szobi r\u00e9vig \u2013 mintegy 64 foly\u00f3kilom\u00e9ter hosszan. Legut\u00f3bb p\u00e9ld\u00e1ul 1500 kilogramm egynyaras csuk\u00e1t telep\u00edtettek a sz\u0151nyi, a neszm\u00e9lyi \u00e9s a t\u00e1ti Duna-szakasz mell\u00e9k\u00e1gaiba. De nem csak haltelep\u00edt\u00e9ssel, hanem s\u00fcll\u0151f\u00e9szkek elhelyez\u00e9s\u00e9vel is seg\u00edtik az egyik legnemesebb hazai ragadoz\u00f3 hal \u00e1llom\u00e1ny\u00e1nak szaporod\u00e1s\u00e1t.<\/p>\n<p><img decoding=\"async\" class=\"alignnone size-full wp-image-31329\" src=\"https:\/\/dorogimedence.hu\/wp-content\/uploads\/2021\/03\/sullofeszek-01.jpg\" alt=\"\" width=\"830\" height=\"450\" srcset=\"https:\/\/dorogimedence.hu\/wp-content\/uploads\/2021\/03\/sullofeszek-01.jpg 830w, https:\/\/dorogimedence.hu\/wp-content\/uploads\/2021\/03\/sullofeszek-01-300x163.jpg 300w, https:\/\/dorogimedence.hu\/wp-content\/uploads\/2021\/03\/sullofeszek-01-768x416.jpg 768w\" sizes=\"(max-width: 830px) 100vw, 830px\" \/><\/p>\n<p style=\"text-align: center;\"><em>F\u00e9szkekkel seg\u00edtik a s\u00fcll\u0151k szaporod\u00e1s\u00e1t a Dun\u00e1ban<\/em><\/p>\n<p><em>Bor\u00edt\u00f3k\u00e9p: Magyarorsz\u00e1g \u00dcgy\u00e9szs\u00e9ge (\u00c1cs t\u00e9rs\u00e9g\u00e9ben elfogott hal\u00e1szok h\u00e1l\u00f3ja)<\/em><br \/>\n<em>Tov\u00e1bbi fot\u00f3k: KEMHESZ<\/em><\/p>\n","protected":false},"excerpt":{"rendered":"<p>A napokban emeltek v\u00e1dat azzal a k\u00e9t f\u00e9rfival szemben, akik jogosulatlanul \u00e9s tiltott halfog\u00e1si eszk\u00f6zzel hal\u00e1sztak a Duna \u00e1csi szakasz\u00e1n, \u0151ket v\u00e9g\u00fcl a hal\u0151r\u00f6k fogt\u00e1k el. A hal\u00e1szok okozta k\u00e1rokkal kapcsolatban Schmidt-Kov\u00e1cs Benc\u00e9vel besz\u00e9lgett\u00fcnk. Schmidt-Kov\u00e1cs Bence, a Kom\u00e1rom-Esztergom Megyei Horg\u00e1szegyes\u00fcletek Sz\u00f6vets\u00e9g\u00e9nek (KEMHESZ) szakmai igazgat\u00f3ja elmondta, hogy hab\u00e1r a b\u0171ncselekm\u00e9ny a Sporthorg\u00e1sz Egyes\u00fcletek Gy\u0151r-Moson-Sopron Megyei Sz\u00f6vets\u00e9ge<\/p>\n","protected":false},"author":1,"featured_media":42408,"comment_status":"closed","ping_status":"closed","sticky":false,"template":"","format":"standard","meta":{"ngg_post_thumbnail":0,"footnotes":""},"categories":[3],"tags":[229,6423,598,4398],"class_list":{"0":"post-42407","1":"post","2":"type-post","3":"status-publish","4":"format-standard","5":"has-post-thumbnail","7":"category-hirek","8":"tag-duna","9":"tag-halaszat","10":"tag-horgaszat","11":"tag-kemhesz"},"yoast_head":"<!-- This site is optimized with the Yoast SEO plugin v27.5 - https:\/\/yoast.com\/product\/yoast-seo-wordpress\/ -->\n<title>A hal\u00e1szok tov\u00e1bbra is nagy k\u00e1rt okoznak foly\u00f3vizeinkben<\/title>\n<meta name=\"robots\" content=\"index, follow, max-snippet:-1, max-image-preview:large, max-video-preview:-1\" \/>\n<link rel=\"canonical\" href=\"https:\/\/dorogimedence.hu\/index.php\/2022\/05\/02\/a-halaszok-tovabbra-is-nagy-kart-okoznak-folyovizeinkben\/\" class=\"yoast-seo-meta-tag\" \/>\n<meta property=\"og:locale\" content=\"hu_HU\" class=\"yoast-seo-meta-tag\" \/>\n<meta property=\"og:type\" content=\"article\" class=\"yoast-seo-meta-tag\" \/>\n<meta property=\"og:title\" content=\"A hal\u00e1szok tov\u00e1bbra is nagy k\u00e1rt okoznak foly\u00f3vizeinkben\" class=\"yoast-seo-meta-tag\" \/>\n<meta property=\"og:description\" content=\"A napokban emeltek v\u00e1dat azzal a k\u00e9t f\u00e9rfival szemben, akik jogosulatlanul \u00e9s tiltott halfog\u00e1si eszk\u00f6zzel hal\u00e1sztak a Duna \u00e1csi szakasz\u00e1n, \u0151ket v\u00e9g\u00fcl a hal\u0151r\u00f6k fogt\u00e1k el. A hal\u00e1szok okozta k\u00e1rokkal kapcsolatban Schmidt-Kov\u00e1cs Benc\u00e9vel besz\u00e9lgett\u00fcnk. Schmidt-Kov\u00e1cs Bence, a Kom\u00e1rom-Esztergom Megyei Horg\u00e1szegyes\u00fcletek Sz\u00f6vets\u00e9g\u00e9nek (KEMHESZ) szakmai igazgat\u00f3ja elmondta, hogy hab\u00e1r a b\u0171ncselekm\u00e9ny a Sporthorg\u00e1sz Egyes\u00fcletek Gy\u0151r-Moson-Sopron Megyei Sz\u00f6vets\u00e9ge\" class=\"yoast-seo-meta-tag\" \/>\n<meta property=\"og:url\" content=\"https:\/\/dorogimedence.hu\/index.php\/2022\/05\/02\/a-halaszok-tovabbra-is-nagy-kart-okoznak-folyovizeinkben\/\" class=\"yoast-seo-meta-tag\" \/>\n<meta property=\"og:site_name\" content=\"Dorogi-medence Region\u00e1lis H\u00edrport\u00e1l\" class=\"yoast-seo-meta-tag\" \/>\n<meta property=\"article:publisher\" content=\"https:\/\/www.facebook.com\/dorogimedence\/\" class=\"yoast-seo-meta-tag\" \/>\n<meta property=\"article:published_time\" content=\"2022-05-02T15:51:07+00:00\" class=\"yoast-seo-meta-tag\" \/>\n<meta property=\"article:modified_time\" content=\"2022-05-02T15:51:23+00:00\" class=\"yoast-seo-meta-tag\" \/>\n<meta property=\"og:image\" content=\"https:\/\/i0.wp.com\/dorogimedence.hu\/wp-content\/uploads\/2022\/05\/halaszat-01.jpg?fit=1202%2C645&ssl=1\" class=\"yoast-seo-meta-tag\" \/>\n\t<meta property=\"og:image:width\" content=\"1202\" class=\"yoast-seo-meta-tag\" \/>\n\t<meta property=\"og:image:height\" content=\"645\" class=\"yoast-seo-meta-tag\" \/>\n\t<meta property=\"og:image:type\" content=\"image\/jpeg\" class=\"yoast-seo-meta-tag\" \/>\n<meta name=\"author\" content=\"dorogimedence.hu\" class=\"yoast-seo-meta-tag\" \/>\n<meta name=\"twitter:card\" content=\"summary_large_image\" class=\"yoast-seo-meta-tag\" \/>\n<meta name=\"twitter:label1\" content=\"Szerz\u0151:\" class=\"yoast-seo-meta-tag\" \/>\n\t<meta name=\"twitter:data1\" content=\"dorogimedence.hu\" class=\"yoast-seo-meta-tag\" \/>\n\t<meta name=\"twitter:label2\" content=\"Becs\u00fclt olvas\u00e1si id\u0151\" class=\"yoast-seo-meta-tag\" \/>\n\t<meta name=\"twitter:data2\" content=\"3 perc\" class=\"yoast-seo-meta-tag\" \/>\n<script type=\"application\/ld+json\" class=\"yoast-schema-graph\">{\"@context\":\"https:\\\/\\\/schema.org\",\"@graph\":[{\"@type\":\"Article\",\"@id\":\"https:\\\/\\\/dorogimedence.hu\\\/index.php\\\/2022\\\/05\\\/02\\\/a-halaszok-tovabbra-is-nagy-kart-okoznak-folyovizeinkben\\\/#article\",\"isPartOf\":{\"@id\":\"https:\\\/\\\/dorogimedence.hu\\\/index.php\\\/2022\\\/05\\\/02\\\/a-halaszok-tovabbra-is-nagy-kart-okoznak-folyovizeinkben\\\/\"},\"author\":{\"name\":\"dorogimedence.hu\",\"@id\":\"https:\\\/\\\/dorogimedence.hu\\\/#\\\/schema\\\/person\\\/ce6091eeb7e95ecdc87890d6aa8e0fd4\"},\"headline\":\"A hal\u00e1szok tov\u00e1bbra is nagy k\u00e1rt okoznak foly\u00f3vizeinkben\",\"datePublished\":\"2022-05-02T15:51:07+00:00\",\"dateModified\":\"2022-05-02T15:51:23+00:00\",\"mainEntityOfPage\":{\"@id\":\"https:\\\/\\\/dorogimedence.hu\\\/index.php\\\/2022\\\/05\\\/02\\\/a-halaszok-tovabbra-is-nagy-kart-okoznak-folyovizeinkben\\\/\"},\"wordCount\":526,\"publisher\":{\"@id\":\"https:\\\/\\\/dorogimedence.hu\\\/#organization\"},\"image\":{\"@id\":\"https:\\\/\\\/dorogimedence.hu\\\/index.php\\\/2022\\\/05\\\/02\\\/a-halaszok-tovabbra-is-nagy-kart-okoznak-folyovizeinkben\\\/#primaryimage\"},\"thumbnailUrl\":\"https:\\\/\\\/dorogimedence.hu\\\/wp-content\\\/uploads\\\/2022\\\/05\\\/halaszat-01.jpg\",\"keywords\":[\"Duna\",\"hal\u00e1szat\",\"horg\u00e1szat\",\"KEMHESZ\"],\"articleSection\":[\"H\u00edrek\"],\"inLanguage\":\"hu\"},{\"@type\":\"WebPage\",\"@id\":\"https:\\\/\\\/dorogimedence.hu\\\/index.php\\\/2022\\\/05\\\/02\\\/a-halaszok-tovabbra-is-nagy-kart-okoznak-folyovizeinkben\\\/\",\"url\":\"https:\\\/\\\/dorogimedence.hu\\\/index.php\\\/2022\\\/05\\\/02\\\/a-halaszok-tovabbra-is-nagy-kart-okoznak-folyovizeinkben\\\/\",\"name\":\"A hal\u00e1szok tov\u00e1bbra is nagy k\u00e1rt okoznak foly\u00f3vizeinkben\",\"isPartOf\":{\"@id\":\"https:\\\/\\\/dorogimedence.hu\\\/#website\"},\"primaryImageOfPage\":{\"@id\":\"https:\\\/\\\/dorogimedence.hu\\\/index.php\\\/2022\\\/05\\\/02\\\/a-halaszok-tovabbra-is-nagy-kart-okoznak-folyovizeinkben\\\/#primaryimage\"},\"image\":{\"@id\":\"https:\\\/\\\/dorogimedence.hu\\\/index.php\\\/2022\\\/05\\\/02\\\/a-halaszok-tovabbra-is-nagy-kart-okoznak-folyovizeinkben\\\/#primaryimage\"},\"thumbnailUrl\":\"https:\\\/\\\/dorogimedence.hu\\\/wp-content\\\/uploads\\\/2022\\\/05\\\/halaszat-01.jpg\",\"datePublished\":\"2022-05-02T15:51:07+00:00\",\"dateModified\":\"2022-05-02T15:51:23+00:00\",\"breadcrumb\":{\"@id\":\"https:\\\/\\\/dorogimedence.hu\\\/index.php\\\/2022\\\/05\\\/02\\\/a-halaszok-tovabbra-is-nagy-kart-okoznak-folyovizeinkben\\\/#breadcrumb\"},\"inLanguage\":\"hu\",\"potentialAction\":[{\"@type\":\"ReadAction\",\"target\":[\"https:\\\/\\\/dorogimedence.hu\\\/index.php\\\/2022\\\/05\\\/02\\\/a-halaszok-tovabbra-is-nagy-kart-okoznak-folyovizeinkben\\\/\"]}]},{\"@type\":\"ImageObject\",\"inLanguage\":\"hu\",\"@id\":\"https:\\\/\\\/dorogimedence.hu\\\/index.php\\\/2022\\\/05\\\/02\\\/a-halaszok-tovabbra-is-nagy-kart-okoznak-folyovizeinkben\\\/#primaryimage\",\"url\":\"https:\\\/\\\/dorogimedence.hu\\\/wp-content\\\/uploads\\\/2022\\\/05\\\/halaszat-01.jpg\",\"contentUrl\":\"https:\\\/\\\/dorogimedence.hu\\\/wp-content\\\/uploads\\\/2022\\\/05\\\/halaszat-01.jpg\",\"width\":1202,\"height\":645},{\"@type\":\"BreadcrumbList\",\"@id\":\"https:\\\/\\\/dorogimedence.hu\\\/index.php\\\/2022\\\/05\\\/02\\\/a-halaszok-tovabbra-is-nagy-kart-okoznak-folyovizeinkben\\\/#breadcrumb\",\"itemListElement\":[{\"@type\":\"ListItem\",\"position\":1,\"name\":\"Kezd\u0151lap\",\"item\":\"https:\\\/\\\/dorogimedence.hu\\\/\"},{\"@type\":\"ListItem\",\"position\":2,\"name\":\"A hal\u00e1szok tov\u00e1bbra is nagy k\u00e1rt okoznak foly\u00f3vizeinkben\"}]},{\"@type\":\"WebSite\",\"@id\":\"https:\\\/\\\/dorogimedence.hu\\\/#website\",\"url\":\"https:\\\/\\\/dorogimedence.hu\\\/\",\"name\":\"Dorogi-medence Region\u00e1lis H\u00edrport\u00e1l\",\"description\":\"Dorog, Keszt\u00f6lc, Le\u00e1nyv\u00e1r, Piliscs\u00e9v, Tokod, Tokodalt\u00e1r\u00f3, Csolnok, Esztergom-kertv\u00e1ros: h\u00edrek, programok\",\"publisher\":{\"@id\":\"https:\\\/\\\/dorogimedence.hu\\\/#organization\"},\"potentialAction\":[{\"@type\":\"SearchAction\",\"target\":{\"@type\":\"EntryPoint\",\"urlTemplate\":\"https:\\\/\\\/dorogimedence.hu\\\/?s={search_term_string}\"},\"query-input\":{\"@type\":\"PropertyValueSpecification\",\"valueRequired\":true,\"valueName\":\"search_term_string\"}}],\"inLanguage\":\"hu\"},{\"@type\":\"Organization\",\"@id\":\"https:\\\/\\\/dorogimedence.hu\\\/#organization\",\"name\":\"Dorogi-medence Region\u00e1lis H\u00edrport\u00e1l\",\"url\":\"https:\\\/\\\/dorogimedence.hu\\\/\",\"logo\":{\"@type\":\"ImageObject\",\"inLanguage\":\"hu\",\"@id\":\"https:\\\/\\\/dorogimedence.hu\\\/#\\\/schema\\\/logo\\\/image\\\/\",\"url\":\"https:\\\/\\\/dorogimedence.hu\\\/wp-content\\\/uploads\\\/2021\\\/04\\\/logo-feher-600.png\",\"contentUrl\":\"https:\\\/\\\/dorogimedence.hu\\\/wp-content\\\/uploads\\\/2021\\\/04\\\/logo-feher-600.png\",\"width\":600,\"height\":100,\"caption\":\"Dorogi-medence Region\u00e1lis H\u00edrport\u00e1l\"},\"image\":{\"@id\":\"https:\\\/\\\/dorogimedence.hu\\\/#\\\/schema\\\/logo\\\/image\\\/\"},\"sameAs\":[\"https:\\\/\\\/www.facebook.com\\\/dorogimedence\\\/\"]},{\"@type\":\"Person\",\"@id\":\"https:\\\/\\\/dorogimedence.hu\\\/#\\\/schema\\\/person\\\/ce6091eeb7e95ecdc87890d6aa8e0fd4\",\"name\":\"dorogimedence.hu\",\"image\":{\"@type\":\"ImageObject\",\"inLanguage\":\"hu\",\"@id\":\"\\\/\\\/www.gravatar.com\\\/avatar\\\/d8d45f8901aadff40a4af72c0b826f1d?s=96&#038;r=g&#038;d=mm\",\"url\":\"\\\/\\\/www.gravatar.com\\\/avatar\\\/d8d45f8901aadff40a4af72c0b826f1d?s=96&#038;r=g&#038;d=mm\",\"contentUrl\":\"\\\/\\\/www.gravatar.com\\\/avatar\\\/d8d45f8901aadff40a4af72c0b826f1d?s=96&#038;r=g&#038;d=mm\",\"caption\":\"dorogimedence.hu\"}}]}<\/script>\n<!-- \/ Yoast SEO plugin. -->","yoast_head_json":{"title":"A hal\u00e1szok tov\u00e1bbra is nagy k\u00e1rt okoznak foly\u00f3vizeinkben","robots":{"index":"index","follow":"follow","max-snippet":"max-snippet:-1","max-image-preview":"max-image-preview:large","max-video-preview":"max-video-preview:-1"},"canonical":"https:\/\/dorogimedence.hu\/index.php\/2022\/05\/02\/a-halaszok-tovabbra-is-nagy-kart-okoznak-folyovizeinkben\/","og_locale":"hu_HU","og_type":"article","og_title":"A hal\u00e1szok tov\u00e1bbra is nagy k\u00e1rt okoznak foly\u00f3vizeinkben","og_description":"A napokban emeltek v\u00e1dat azzal a k\u00e9t f\u00e9rfival szemben, akik jogosulatlanul \u00e9s tiltott halfog\u00e1si eszk\u00f6zzel hal\u00e1sztak a Duna \u00e1csi szakasz\u00e1n, \u0151ket v\u00e9g\u00fcl a hal\u0151r\u00f6k fogt\u00e1k el. A hal\u00e1szok okozta k\u00e1rokkal kapcsolatban Schmidt-Kov\u00e1cs Benc\u00e9vel besz\u00e9lgett\u00fcnk. Schmidt-Kov\u00e1cs Bence, a Kom\u00e1rom-Esztergom Megyei Horg\u00e1szegyes\u00fcletek Sz\u00f6vets\u00e9g\u00e9nek (KEMHESZ) szakmai igazgat\u00f3ja elmondta, hogy hab\u00e1r a b\u0171ncselekm\u00e9ny a Sporthorg\u00e1sz Egyes\u00fcletek Gy\u0151r-Moson-Sopron Megyei Sz\u00f6vets\u00e9ge","og_url":"https:\/\/dorogimedence.hu\/index.php\/2022\/05\/02\/a-halaszok-tovabbra-is-nagy-kart-okoznak-folyovizeinkben\/","og_site_name":"Dorogi-medence Region\u00e1lis H\u00edrport\u00e1l","article_publisher":"https:\/\/www.facebook.com\/dorogimedence\/","article_published_time":"2022-05-02T15:51:07+00:00","article_modified_time":"2022-05-02T15:51:23+00:00","og_image":[{"width":1202,"height":645,"url":"https:\/\/i0.wp.com\/dorogimedence.hu\/wp-content\/uploads\/2022\/05\/halaszat-01.jpg?fit=1202%2C645&ssl=1","type":"image\/jpeg"}],"author":"dorogimedence.hu","twitter_card":"summary_large_image","twitter_misc":{"Szerz\u0151:":"dorogimedence.hu","Becs\u00fclt olvas\u00e1si id\u0151":"3 perc"},"schema":{"@context":"https:\/\/schema.org","@graph":[{"@type":"Article","@id":"https:\/\/dorogimedence.hu\/index.php\/2022\/05\/02\/a-halaszok-tovabbra-is-nagy-kart-okoznak-folyovizeinkben\/#article","isPartOf":{"@id":"https:\/\/dorogimedence.hu\/index.php\/2022\/05\/02\/a-halaszok-tovabbra-is-nagy-kart-okoznak-folyovizeinkben\/"},"author":{"name":"dorogimedence.hu","@id":"https:\/\/dorogimedence.hu\/#\/schema\/person\/ce6091eeb7e95ecdc87890d6aa8e0fd4"},"headline":"A hal\u00e1szok tov\u00e1bbra is nagy k\u00e1rt okoznak foly\u00f3vizeinkben","datePublished":"2022-05-02T15:51:07+00:00","dateModified":"2022-05-02T15:51:23+00:00","mainEntityOfPage":{"@id":"https:\/\/dorogimedence.hu\/index.php\/2022\/05\/02\/a-halaszok-tovabbra-is-nagy-kart-okoznak-folyovizeinkben\/"},"wordCount":526,"publisher":{"@id":"https:\/\/dorogimedence.hu\/#organization"},"image":{"@id":"https:\/\/dorogimedence.hu\/index.php\/2022\/05\/02\/a-halaszok-tovabbra-is-nagy-kart-okoznak-folyovizeinkben\/#primaryimage"},"thumbnailUrl":"https:\/\/dorogimedence.hu\/wp-content\/uploads\/2022\/05\/halaszat-01.jpg","keywords":["Duna","hal\u00e1szat","horg\u00e1szat","KEMHESZ"],"articleSection":["H\u00edrek"],"inLanguage":"hu"},{"@type":"WebPage","@id":"https:\/\/dorogimedence.hu\/index.php\/2022\/05\/02\/a-halaszok-tovabbra-is-nagy-kart-okoznak-folyovizeinkben\/","url":"https:\/\/dorogimedence.hu\/index.php\/2022\/05\/02\/a-halaszok-tovabbra-is-nagy-kart-okoznak-folyovizeinkben\/","name":"A hal\u00e1szok tov\u00e1bbra is nagy k\u00e1rt okoznak foly\u00f3vizeinkben","isPartOf":{"@id":"https:\/\/dorogimedence.hu\/#website"},"primaryImageOfPage":{"@id":"https:\/\/dorogimedence.hu\/index.php\/2022\/05\/02\/a-halaszok-tovabbra-is-nagy-kart-okoznak-folyovizeinkben\/#primaryimage"},"image":{"@id":"https:\/\/dorogimedence.hu\/index.php\/2022\/05\/02\/a-halaszok-tovabbra-is-nagy-kart-okoznak-folyovizeinkben\/#primaryimage"},"thumbnailUrl":"https:\/\/dorogimedence.hu\/wp-content\/uploads\/2022\/05\/halaszat-01.jpg","datePublished":"2022-05-02T15:51:07+00:00","dateModified":"2022-05-02T15:51:23+00:00","breadcrumb":{"@id":"https:\/\/dorogimedence.hu\/index.php\/2022\/05\/02\/a-halaszok-tovabbra-is-nagy-kart-okoznak-folyovizeinkben\/#breadcrumb"},"inLanguage":"hu","potentialAction":[{"@type":"ReadAction","target":["https:\/\/dorogimedence.hu\/index.php\/2022\/05\/02\/a-halaszok-tovabbra-is-nagy-kart-okoznak-folyovizeinkben\/"]}]},{"@type":"ImageObject","inLanguage":"hu","@id":"https:\/\/dorogimedence.hu\/index.php\/2022\/05\/02\/a-halaszok-tovabbra-is-nagy-kart-okoznak-folyovizeinkben\/#primaryimage","url":"https:\/\/dorogimedence.hu\/wp-content\/uploads\/2022\/05\/halaszat-01.jpg","contentUrl":"https:\/\/dorogimedence.hu\/wp-content\/uploads\/2022\/05\/halaszat-01.jpg","width":1202,"height":645},{"@type":"BreadcrumbList","@id":"https:\/\/dorogimedence.hu\/index.php\/2022\/05\/02\/a-halaszok-tovabbra-is-nagy-kart-okoznak-folyovizeinkben\/#breadcrumb","itemListElement":[{"@type":"ListItem","position":1,"name":"Kezd\u0151lap","item":"https:\/\/dorogimedence.hu\/"},{"@type":"ListItem","position":2,"name":"A hal\u00e1szok tov\u00e1bbra is nagy k\u00e1rt okoznak foly\u00f3vizeinkben"}]},{"@type":"WebSite","@id":"https:\/\/dorogimedence.hu\/#website","url":"https:\/\/dorogimedence.hu\/","name":"Dorogi-medence Region\u00e1lis H\u00edrport\u00e1l","description":"Dorog, Keszt\u00f6lc, Le\u00e1nyv\u00e1r, Piliscs\u00e9v, Tokod, Tokodalt\u00e1r\u00f3, Csolnok, Esztergom-kertv\u00e1ros: h\u00edrek, programok","publisher":{"@id":"https:\/\/dorogimedence.hu\/#organization"},"potentialAction":[{"@type":"SearchAction","target":{"@type":"EntryPoint","urlTemplate":"https:\/\/dorogimedence.hu\/?s={search_term_string}"},"query-input":{"@type":"PropertyValueSpecification","valueRequired":true,"valueName":"search_term_string"}}],"inLanguage":"hu"},{"@type":"Organization","@id":"https:\/\/dorogimedence.hu\/#organization","name":"Dorogi-medence Region\u00e1lis H\u00edrport\u00e1l","url":"https:\/\/dorogimedence.hu\/","logo":{"@type":"ImageObject","inLanguage":"hu","@id":"https:\/\/dorogimedence.hu\/#\/schema\/logo\/image\/","url":"https:\/\/dorogimedence.hu\/wp-content\/uploads\/2021\/04\/logo-feher-600.png","contentUrl":"https:\/\/dorogimedence.hu\/wp-content\/uploads\/2021\/04\/logo-feher-600.png","width":600,"height":100,"caption":"Dorogi-medence Region\u00e1lis H\u00edrport\u00e1l"},"image":{"@id":"https:\/\/dorogimedence.hu\/#\/schema\/logo\/image\/"},"sameAs":["https:\/\/www.facebook.com\/dorogimedence\/"]},{"@type":"Person","@id":"https:\/\/dorogimedence.hu\/#\/schema\/person\/ce6091eeb7e95ecdc87890d6aa8e0fd4","name":"dorogimedence.hu","image":{"@type":"ImageObject","inLanguage":"hu","@id":"\/\/www.gravatar.com\/avatar\/d8d45f8901aadff40a4af72c0b826f1d?s=96&#038;r=g&#038;d=mm","url":"\/\/www.gravatar.com\/avatar\/d8d45f8901aadff40a4af72c0b826f1d?s=96&#038;r=g&#038;d=mm","contentUrl":"\/\/www.gravatar.com\/avatar\/d8d45f8901aadff40a4af72c0b826f1d?s=96&#038;r=g&#038;d=mm","caption":"dorogimedence.hu"}}]}},"_links":{"self":[{"href":"https:\/\/dorogimedence.hu\/index.php\/wp-json\/wp\/v2\/posts\/42407","targetHints":{"allow":["GET"]}}],"collection":[{"href":"https:\/\/dorogimedence.hu\/index.php\/wp-json\/wp\/v2\/posts"}],"about":[{"href":"https:\/\/dorogimedence.hu\/index.php\/wp-json\/wp\/v2\/types\/post"}],"author":[{"embeddable":true,"href":"https:\/\/dorogimedence.hu\/index.php\/wp-json\/wp\/v2\/users\/1"}],"replies":[{"embeddable":true,"href":"https:\/\/dorogimedence.hu\/index.php\/wp-json\/wp\/v2\/comments?post=42407"}],"version-history":[{"count":0,"href":"https:\/\/dorogimedence.hu\/index.php\/wp-json\/wp\/v2\/posts\/42407\/revisions"}],"wp:featuredmedia":[{"embeddable":true,"href":"https:\/\/dorogimedence.hu\/index.php\/wp-json\/wp\/v2\/media\/42408"}],"wp:attachment":[{"href":"https:\/\/dorogimedence.hu\/index.php\/wp-json\/wp\/v2\/media?parent=42407"}],"wp:term":[{"taxonomy":"category","embeddable":true,"href":"https:\/\/dorogimedence.hu\/index.php\/wp-json\/wp\/v2\/categories?post=42407"},{"taxonomy":"post_tag","embeddable":true,"href":"https:\/\/dorogimedence.hu\/index.php\/wp-json\/wp\/v2\/tags?post=42407"}],"curies":[{"name":"wp","href":"https:\/\/api.w.org\/{rel}","templated":true}]}}