{"id":42401,"date":"2022-05-02T14:34:56","date_gmt":"2022-05-02T12:34:56","guid":{"rendered":"https:\/\/dorogimedence.hu\/?p=42401"},"modified":"2022-05-02T17:33:14","modified_gmt":"2022-05-02T15:33:14","slug":"a-dorogi-lett-az-ev-rendorkapitanysaga","status":"publish","type":"post","link":"https:\/\/dorogimedence.hu\/index.php\/2022\/05\/02\/a-dorogi-lett-az-ev-rendorkapitanysaga\/","title":{"rendered":"A dorogi lett az \u00e9v rend\u0151rkapit\u00e1nys\u00e1ga"},"content":{"rendered":"<p><strong>A rend\u0151rs\u00e9g napja alkalm\u00e1b\u00f3l a Kom\u00e1rom-Esztergom Megyei Rend\u0151r-f\u0151kapit\u00e1nys\u00e1g \u00fcnneps\u00e9get rendezett \u00e1prilis 29-\u00e9n a kom\u00e1romi Csillager\u0151dben, ahol bel\u00fcgyminiszt\u00e9riumi, megyei \u00e9s \u00f6nkorm\u00e1nyzati elismer\u00e9seket adtak \u00e1t.<\/strong><\/p>\n<p>Az \u00fcnneps\u00e9g Czunyin\u00e9 dr. Bertalan Judit, orsz\u00e1ggy\u0171l\u00e9si k\u00e9pvisel\u0151 besz\u00e9d\u00e9vel kezd\u0151d\u00f6tt, aki megk\u00f6sz\u00f6nte \u00e9s m\u00e9ltatta a f\u0151kapit\u00e1nys\u00e1g munkat\u00e1rsainak tev\u00e9kenys\u00e9g\u00e9t. A megh\u00edvott vend\u00e9gek \u00e9s a berendelt \u00e1llom\u00e1ny a k\u00f6sz\u00f6nt\u0151 ut\u00e1n a Magyarock Dalsz\u00ednh\u00e1z \u00fcnnepi m\u0171sor\u00e1t tekintett\u00e9k meg, majd a jutalom\u00e1tad\u00e1s k\u00f6vetkezett. Farkas G\u00e1bor rend\u0151r dand\u00e1rt\u00e1bornok, megyei rend\u0151rf\u0151kapit\u00e1ny, \u00e9s a r\u00e9sztvev\u0151 polg\u00e1rmesterek elismer\u00e9sben, jutalomban r\u00e9szes\u00edtett\u00e9k a kiv\u00e1l\u00f3 szakmai teljes\u00edtm\u00e9nyt ny\u00fajt\u00f3 koll\u00e9g\u00e1kat.<\/p>\n<p>Az \u00fcnneps\u00e9gen n\u00e9gy egyenruh\u00e1s vehetett \u00e1t bel\u00fcgyminiszt\u00e9riumi jutalmat, a megyei f\u0151kapit\u00e1nys\u00e1g r\u00e9sz\u00e9r\u0151l 28 dolgoz\u00f3 munk\u00e1j\u00e1t ismert\u00e9k el, \u00f6nkorm\u00e1nyzati jutalomban pedig 56 rend\u0151r r\u00e9szes\u00fclt. A rendezv\u00e9ny keret\u00e9ben adt\u00e1k \u00e1t \u201eAz \u00e9v kapit\u00e1nys\u00e1ga\u201d c\u00edmet, melyet a 2021. \u00e9vben ny\u00fajtott kimagasl\u00f3 szakmai teljes\u00edtm\u00e9nye alapj\u00e1n a Dorogi Rend\u0151rkapit\u00e1nys\u00e1g nyert el. Az elismer\u0151 oklevelet dr. Friedrich G\u00e1bor rend\u0151r ezredes, kapit\u00e1nys\u00e1gvezet\u0151 vette \u00e1t.<\/p>\n<p><img fetchpriority=\"high\" decoding=\"async\" class=\"alignnone size-full wp-image-42403\" src=\"https:\/\/dorogimedence.hu\/wp-content\/uploads\/2022\/05\/unnepseg-lead_0.jpg\" alt=\"\" width=\"750\" height=\"500\" srcset=\"https:\/\/dorogimedence.hu\/wp-content\/uploads\/2022\/05\/unnepseg-lead_0.jpg 750w, https:\/\/dorogimedence.hu\/wp-content\/uploads\/2022\/05\/unnepseg-lead_0-300x200.jpg 300w, https:\/\/dorogimedence.hu\/wp-content\/uploads\/2022\/05\/unnepseg-lead_0-150x100.jpg 150w, https:\/\/dorogimedence.hu\/wp-content\/uploads\/2022\/05\/unnepseg-lead_0-450x300.jpg 450w, https:\/\/dorogimedence.hu\/wp-content\/uploads\/2022\/05\/unnepseg-lead_0-272x182.jpg 272w\" sizes=\"(max-width: 750px) 100vw, 750px\" \/><\/p>\n<p>A Kom\u00e1rom-Esztergom Megyei Rend\u0151r-f\u0151kapit\u00e1nys\u00e1g vezet\u0151je 2021. \u00e9vben v\u00e9gzett kimagasl\u00f3 szakmai munk\u00e1ja elismer\u00e9sek\u00e9nt Nyizsny\u00e1nszky Gergely rend\u0151r z\u00e1szl\u00f3snak, a Dorogi Rend\u0151rkapit\u00e1nys\u00e1g, Rend\u00e9szeti Oszt\u00e1ly k\u00f6rzeti megb\u00edzottj\u00e1nak \u201eAz \u00e9v rend\u00e9szeti szakembere\u201d c\u00edmet adom\u00e1nyozott.<\/p>\n<p>A Kom\u00e1rom-Esztergom Megyei Rend\u0151r-f\u0151kapit\u00e1nys\u00e1g vezet\u0151je 2022. m\u00e1rcius h\u00f3nap b\u0171n\u00fcgyese elismer\u00e9sben Kiss P\u00e1l rend\u0151r f\u0151t\u00f6rzs\u0151rmestert, az Esztergomi Rend\u0151rkapit\u00e1nys\u00e1g Vizsg\u00e1lati Oszt\u00e1ly nyomoz\u00f3j\u00e1t. 2022. m\u00e1rcius h\u00f3nap rend\u00e9sze elismer\u00e9sben Berki J\u00f3zsef rend\u0151r t\u00f6rzsz\u00e1szl\u00f3t, a Dorogi Rend\u0151rkapit\u00e1nys\u00e1g, Rend\u00e9szeti Oszt\u00e1ly szolg\u00e1latir\u00e1ny\u00edt\u00f3 parancsnok\u00e1t, valamint 2022. \u00e1prilis h\u00f3nap rend\u00e9sze elismer\u00e9sben Harmathn\u00e9 Hargitai Szilvia c. rend\u0151r sz\u00e1zadost, az Esztergomi Rend\u0151rkapit\u00e1nys\u00e1g, Igazgat\u00e1srend\u00e9szeti Oszt\u00e1ly el\u0151ad\u00f3j\u00e1t r\u00e9szes\u00edtette. Tart\u00f3san magas sz\u00ednvonalon v\u00e9gzett szakmai munk\u00e1ja elismer\u00e9sek\u00e9nt, kerek \u00e9vfordul\u00f3ja alkalm\u00e1b\u00f3l pedig p\u00e9nzjutalomban r\u00e9szes\u00edtette N\u00e9meth Ang\u00e9la rendv\u00e9delmi alkalmazottat, az Esztergomi Rend\u0151rkapit\u00e1nys\u00e1g Hivatal r\u00e9szlegvezet\u0151j\u00e9t.<\/p>\n<p>A Kom\u00e1rom-Esztergom Megyei Kereskedelmi \u00e9s Iparkamara dics\u00e9retben \u00e9s jutalomban r\u00e9szes\u00edtette F\u00f6ldes Vilmos rend\u0151r \u0151rnagyot, az Esztergomi Rend\u0151rkapit\u00e1nys\u00e1g, B\u0171n\u00fcgyi Oszt\u00e1ly kiemelt f\u0151nyomoz\u00f3j\u00e1t.<\/p>\n<p><img decoding=\"async\" class=\"alignnone size-full wp-image-42404\" src=\"https:\/\/dorogimedence.hu\/wp-content\/uploads\/2022\/05\/unnepseg3.jpg\" alt=\"\" width=\"750\" height=\"500\" srcset=\"https:\/\/dorogimedence.hu\/wp-content\/uploads\/2022\/05\/unnepseg3.jpg 750w, https:\/\/dorogimedence.hu\/wp-content\/uploads\/2022\/05\/unnepseg3-300x200.jpg 300w, https:\/\/dorogimedence.hu\/wp-content\/uploads\/2022\/05\/unnepseg3-150x100.jpg 150w, https:\/\/dorogimedence.hu\/wp-content\/uploads\/2022\/05\/unnepseg3-450x300.jpg 450w, https:\/\/dorogimedence.hu\/wp-content\/uploads\/2022\/05\/unnepseg3-272x182.jpg 272w\" sizes=\"(max-width: 750px) 100vw, 750px\" \/><\/p>\n<p><strong>\u00d6nkorm\u00e1nyzati dics\u00e9retben \u00e9s jutalomban r\u00e9szes\u00edtett\u00e9k:<\/strong><\/p>\n<ul>\n<li>T\u00e1t r\u00e9sz\u00e9r\u0151l: Debreczeni Istv\u00e1n rend\u0151r ezredest, az Esztergomi Rend\u0151rkapit\u00e1nys\u00e1g kapit\u00e1nys\u00e1gvezet\u0151j\u00e9t, Spirk\u00f3 Angelika rend\u0151r alezredest, az Esztergomi Rend\u0151rkapit\u00e1nys\u00e1g, K\u00f6zleked\u00e9srend\u00e9szeti Oszt\u00e1ly oszt\u00e1lyvezet\u0151j\u00e9t, B\u00e1n M\u00e1ria rend\u0151r f\u0151hadnagyot, az Esztergomi Rend\u0151rkapit\u00e1nys\u00e1g Vizsg\u00e1lati Oszt\u00e1ly nyomoz\u00f3tisztj\u00e9t, Kosznovszki G\u00e1bor rend\u0151r f\u0151t\u00f6rzs\u0151rmestert, az Esztergomi Rend\u0151rkapit\u00e1nys\u00e1g, K\u00f6zleked\u00e9srend\u00e9szeti Oszt\u00e1ly helysz\u00ednel\u0151 \u00e9s balesetvizsg\u00e1l\u00f3j\u00e1t, Stekler Tam\u00e1s rend\u0151r alezredest, az Esztergomi Rend\u0151rkapit\u00e1nys\u00e1g, Igazgat\u00e1srend\u00e9szeti Oszt\u00e1ly oszt\u00e1lyvezet\u0151j\u00e9t, Kiss Attila c. rend\u0151r f\u0151t\u00f6rzsz\u00e1szl\u00f3st, az Esztergomi Rend\u0151rkapit\u00e1nys\u00e1g K\u00f6zleked\u00e9srend\u00e9szeti Oszt\u00e1ly helysz\u00ednel\u0151 \u00e9s balesetvizsg\u00e1l\u00f3j\u00e1t, Petrovics Zolt\u00e1n c. rend\u0151r z\u00e1szl\u00f3st, az Esztergomi Rend\u0151rkapit\u00e1nys\u00e1g, B\u0171n\u00fcgyi Oszt\u00e1ly nyomoz\u00f3j\u00e1t.<\/li>\n<li>Mogyor\u00f3sb\u00e1nya r\u00e9sz\u00e9r\u0151l: P\u00e1rvai Attila rend\u0151r t\u00f6rzsz\u00e1szl\u00f3st, az Esztergomi Rend\u0151rkapit\u00e1nys\u00e1g, K\u00f6zrendv\u00e9delmi \u00e9s Hat\u00e1rrend\u00e9szeti Oszt\u00e1ly szolg\u00e1latir\u00e1ny\u00edt\u00f3 parancsnok\u00e1t.<\/li>\n<li>Pilismar\u00f3t r\u00e9sz\u00e9r\u0151l: K\u00f3sa P\u00e9ter c. rend\u0151r t\u00f6rzsz\u00e1szl\u00f3st, az Esztergomi Rend\u0151rkapit\u00e1nys\u00e1g, K\u00f6zrendv\u00e9delmi \u00e9s Hat\u00e1rrend\u00e9szeti Oszt\u00e1ly k\u00f6rzeti megb\u00edzottj\u00e1t.<\/li>\n<li>Nyerges\u00fajfalu r\u00e9sz\u00e9r\u0151l: L\u00e1donyi Zsolt c. rend\u0151r f\u0151rt\u00f6rzsz\u00e1szl\u00f3st, az Esztergomi Rend\u0151rkapit\u00e1nys\u00e1g, Nyerges\u00fajfalui Rend\u0151r\u0151rs nyomoz\u00f3j\u00e1t, Nyiri Mariann rend\u0151r hadnagyot, az Esztergomi Rend\u0151rkapit\u00e1nys\u00e1g, Nyerges\u00fajfalui Rend\u0151r\u0151rs nyomoz\u00f3tisztj\u00e9t.<\/li>\n<li>L\u00e1batlan r\u00e9sz\u00e9r\u0151l: Kov\u00e1csn\u00e9 Szemes Annam\u00e1ria rendv\u00e9delmi alkalmazottat, az Esztergomi Rend\u0151rkapit\u00e1nys\u00e1g, Nyerges\u00fajfalui Rend\u0151r\u0151rs \u00fcgykezel\u0151j\u00e9t.<\/li>\n<li>Baj\u00f3t \u00e9s S\u00fctt\u0151 r\u00e9sz\u00e9r\u0151l: Balogh Attila rend\u0151r f\u0151t\u00f6rzs\u0151rmestert, az Esztergomi Rend\u0151rkapit\u00e1nys\u00e1g, Nyerges\u00fajfalui Rend\u0151r\u0151rs k\u00f6rzeti megb\u00edzottj\u00e1t.<\/li>\n<\/ul>\n","protected":false},"excerpt":{"rendered":"<p>A rend\u0151rs\u00e9g napja alkalm\u00e1b\u00f3l a Kom\u00e1rom-Esztergom Megyei Rend\u0151r-f\u0151kapit\u00e1nys\u00e1g \u00fcnneps\u00e9get rendezett \u00e1prilis 29-\u00e9n a kom\u00e1romi Csillager\u0151dben, ahol bel\u00fcgyminiszt\u00e9riumi, megyei \u00e9s \u00f6nkorm\u00e1nyzati elismer\u00e9seket adtak \u00e1t. Az \u00fcnneps\u00e9g Czunyin\u00e9 dr. Bertalan Judit, orsz\u00e1ggy\u0171l\u00e9si k\u00e9pvisel\u0151 besz\u00e9d\u00e9vel kezd\u0151d\u00f6tt, aki megk\u00f6sz\u00f6nte \u00e9s m\u00e9ltatta a f\u0151kapit\u00e1nys\u00e1g munkat\u00e1rsainak tev\u00e9kenys\u00e9g\u00e9t. A megh\u00edvott vend\u00e9gek \u00e9s a berendelt \u00e1llom\u00e1ny a k\u00f6sz\u00f6nt\u0151 ut\u00e1n a Magyarock Dalsz\u00ednh\u00e1z \u00fcnnepi<\/p>\n","protected":false},"author":1,"featured_media":42402,"comment_status":"closed","ping_status":"closed","sticky":false,"template":"","format":"standard","meta":{"ngg_post_thumbnail":0,"footnotes":""},"categories":[2,3],"tags":[15,5624,6422,521,61],"class_list":{"0":"post-42401","1":"post","2":"type-post","3":"status-publish","4":"format-standard","5":"has-post-thumbnail","7":"category-dorog","8":"category-hirek","9":"tag-dorog","10":"tag-featured","11":"tag-rendor-nap","12":"tag-rendorseg","13":"tag-rendorsegi-hirek"},"yoast_head":"<!-- This site is optimized with the Yoast SEO plugin v27.4 - https:\/\/yoast.com\/product\/yoast-seo-wordpress\/ -->\n<title>A dorogi lett az \u00e9v rend\u0151rkapit\u00e1nys\u00e1ga<\/title>\n<meta name=\"robots\" content=\"index, follow, max-snippet:-1, max-image-preview:large, max-video-preview:-1\" \/>\n<link rel=\"canonical\" href=\"https:\/\/dorogimedence.hu\/index.php\/2022\/05\/02\/a-dorogi-lett-az-ev-rendorkapitanysaga\/\" class=\"yoast-seo-meta-tag\" \/>\n<meta property=\"og:locale\" content=\"hu_HU\" class=\"yoast-seo-meta-tag\" \/>\n<meta property=\"og:type\" content=\"article\" class=\"yoast-seo-meta-tag\" \/>\n<meta property=\"og:title\" content=\"A dorogi lett az \u00e9v rend\u0151rkapit\u00e1nys\u00e1ga\" class=\"yoast-seo-meta-tag\" \/>\n<meta property=\"og:description\" content=\"A rend\u0151rs\u00e9g napja alkalm\u00e1b\u00f3l a Kom\u00e1rom-Esztergom Megyei Rend\u0151r-f\u0151kapit\u00e1nys\u00e1g \u00fcnneps\u00e9get rendezett \u00e1prilis 29-\u00e9n a kom\u00e1romi Csillager\u0151dben, ahol bel\u00fcgyminiszt\u00e9riumi, megyei \u00e9s \u00f6nkorm\u00e1nyzati elismer\u00e9seket adtak \u00e1t. Az \u00fcnneps\u00e9g Czunyin\u00e9 dr. Bertalan Judit, orsz\u00e1ggy\u0171l\u00e9si k\u00e9pvisel\u0151 besz\u00e9d\u00e9vel kezd\u0151d\u00f6tt, aki megk\u00f6sz\u00f6nte \u00e9s m\u00e9ltatta a f\u0151kapit\u00e1nys\u00e1g munkat\u00e1rsainak tev\u00e9kenys\u00e9g\u00e9t. A megh\u00edvott vend\u00e9gek \u00e9s a berendelt \u00e1llom\u00e1ny a k\u00f6sz\u00f6nt\u0151 ut\u00e1n a Magyarock Dalsz\u00ednh\u00e1z \u00fcnnepi\" class=\"yoast-seo-meta-tag\" \/>\n<meta property=\"og:url\" content=\"https:\/\/dorogimedence.hu\/index.php\/2022\/05\/02\/a-dorogi-lett-az-ev-rendorkapitanysaga\/\" class=\"yoast-seo-meta-tag\" \/>\n<meta property=\"og:site_name\" content=\"Dorogi-medence Region\u00e1lis H\u00edrport\u00e1l\" class=\"yoast-seo-meta-tag\" \/>\n<meta property=\"article:publisher\" content=\"https:\/\/www.facebook.com\/dorogimedence\/\" class=\"yoast-seo-meta-tag\" \/>\n<meta property=\"article:published_time\" content=\"2022-05-02T12:34:56+00:00\" class=\"yoast-seo-meta-tag\" \/>\n<meta property=\"article:modified_time\" content=\"2022-05-02T15:33:14+00:00\" class=\"yoast-seo-meta-tag\" \/>\n<meta property=\"og:image\" content=\"https:\/\/i0.wp.com\/dorogimedence.hu\/wp-content\/uploads\/2022\/05\/rendorseg-dorog.jpg?fit=1920%2C1117&ssl=1\" class=\"yoast-seo-meta-tag\" \/>\n\t<meta property=\"og:image:width\" content=\"1920\" class=\"yoast-seo-meta-tag\" \/>\n\t<meta property=\"og:image:height\" content=\"1117\" class=\"yoast-seo-meta-tag\" \/>\n\t<meta property=\"og:image:type\" content=\"image\/jpeg\" class=\"yoast-seo-meta-tag\" \/>\n<meta name=\"author\" content=\"dorogimedence.hu\" class=\"yoast-seo-meta-tag\" \/>\n<meta name=\"twitter:card\" content=\"summary_large_image\" class=\"yoast-seo-meta-tag\" \/>\n<meta name=\"twitter:label1\" content=\"Szerz\u0151:\" class=\"yoast-seo-meta-tag\" \/>\n\t<meta name=\"twitter:data1\" content=\"dorogimedence.hu\" class=\"yoast-seo-meta-tag\" \/>\n\t<meta name=\"twitter:label2\" content=\"Becs\u00fclt olvas\u00e1si id\u0151\" class=\"yoast-seo-meta-tag\" \/>\n\t<meta name=\"twitter:data2\" content=\"4 perc\" class=\"yoast-seo-meta-tag\" \/>\n<script type=\"application\/ld+json\" class=\"yoast-schema-graph\">{\"@context\":\"https:\\\/\\\/schema.org\",\"@graph\":[{\"@type\":\"Article\",\"@id\":\"https:\\\/\\\/dorogimedence.hu\\\/index.php\\\/2022\\\/05\\\/02\\\/a-dorogi-lett-az-ev-rendorkapitanysaga\\\/#article\",\"isPartOf\":{\"@id\":\"https:\\\/\\\/dorogimedence.hu\\\/index.php\\\/2022\\\/05\\\/02\\\/a-dorogi-lett-az-ev-rendorkapitanysaga\\\/\"},\"author\":{\"name\":\"dorogimedence.hu\",\"@id\":\"https:\\\/\\\/dorogimedence.hu\\\/#\\\/schema\\\/person\\\/ce6091eeb7e95ecdc87890d6aa8e0fd4\"},\"headline\":\"A dorogi lett az \u00e9v rend\u0151rkapit\u00e1nys\u00e1ga\",\"datePublished\":\"2022-05-02T12:34:56+00:00\",\"dateModified\":\"2022-05-02T15:33:14+00:00\",\"mainEntityOfPage\":{\"@id\":\"https:\\\/\\\/dorogimedence.hu\\\/index.php\\\/2022\\\/05\\\/02\\\/a-dorogi-lett-az-ev-rendorkapitanysaga\\\/\"},\"wordCount\":850,\"publisher\":{\"@id\":\"https:\\\/\\\/dorogimedence.hu\\\/#organization\"},\"image\":{\"@id\":\"https:\\\/\\\/dorogimedence.hu\\\/index.php\\\/2022\\\/05\\\/02\\\/a-dorogi-lett-az-ev-rendorkapitanysaga\\\/#primaryimage\"},\"thumbnailUrl\":\"https:\\\/\\\/dorogimedence.hu\\\/wp-content\\\/uploads\\\/2022\\\/05\\\/rendorseg-dorog.jpg\",\"keywords\":[\"Dorog\",\"featured\",\"rend\u0151r nap\",\"rend\u0151rs\u00e9g\",\"rend\u0151rs\u00e9gi h\u00edrek\"],\"articleSection\":[\"Dorog\",\"H\u00edrek\"],\"inLanguage\":\"hu\"},{\"@type\":\"WebPage\",\"@id\":\"https:\\\/\\\/dorogimedence.hu\\\/index.php\\\/2022\\\/05\\\/02\\\/a-dorogi-lett-az-ev-rendorkapitanysaga\\\/\",\"url\":\"https:\\\/\\\/dorogimedence.hu\\\/index.php\\\/2022\\\/05\\\/02\\\/a-dorogi-lett-az-ev-rendorkapitanysaga\\\/\",\"name\":\"A dorogi lett az \u00e9v rend\u0151rkapit\u00e1nys\u00e1ga\",\"isPartOf\":{\"@id\":\"https:\\\/\\\/dorogimedence.hu\\\/#website\"},\"primaryImageOfPage\":{\"@id\":\"https:\\\/\\\/dorogimedence.hu\\\/index.php\\\/2022\\\/05\\\/02\\\/a-dorogi-lett-az-ev-rendorkapitanysaga\\\/#primaryimage\"},\"image\":{\"@id\":\"https:\\\/\\\/dorogimedence.hu\\\/index.php\\\/2022\\\/05\\\/02\\\/a-dorogi-lett-az-ev-rendorkapitanysaga\\\/#primaryimage\"},\"thumbnailUrl\":\"https:\\\/\\\/dorogimedence.hu\\\/wp-content\\\/uploads\\\/2022\\\/05\\\/rendorseg-dorog.jpg\",\"datePublished\":\"2022-05-02T12:34:56+00:00\",\"dateModified\":\"2022-05-02T15:33:14+00:00\",\"breadcrumb\":{\"@id\":\"https:\\\/\\\/dorogimedence.hu\\\/index.php\\\/2022\\\/05\\\/02\\\/a-dorogi-lett-az-ev-rendorkapitanysaga\\\/#breadcrumb\"},\"inLanguage\":\"hu\",\"potentialAction\":[{\"@type\":\"ReadAction\",\"target\":[\"https:\\\/\\\/dorogimedence.hu\\\/index.php\\\/2022\\\/05\\\/02\\\/a-dorogi-lett-az-ev-rendorkapitanysaga\\\/\"]}]},{\"@type\":\"ImageObject\",\"inLanguage\":\"hu\",\"@id\":\"https:\\\/\\\/dorogimedence.hu\\\/index.php\\\/2022\\\/05\\\/02\\\/a-dorogi-lett-az-ev-rendorkapitanysaga\\\/#primaryimage\",\"url\":\"https:\\\/\\\/dorogimedence.hu\\\/wp-content\\\/uploads\\\/2022\\\/05\\\/rendorseg-dorog.jpg\",\"contentUrl\":\"https:\\\/\\\/dorogimedence.hu\\\/wp-content\\\/uploads\\\/2022\\\/05\\\/rendorseg-dorog.jpg\",\"width\":1920,\"height\":1117},{\"@type\":\"BreadcrumbList\",\"@id\":\"https:\\\/\\\/dorogimedence.hu\\\/index.php\\\/2022\\\/05\\\/02\\\/a-dorogi-lett-az-ev-rendorkapitanysaga\\\/#breadcrumb\",\"itemListElement\":[{\"@type\":\"ListItem\",\"position\":1,\"name\":\"Kezd\u0151lap\",\"item\":\"https:\\\/\\\/dorogimedence.hu\\\/\"},{\"@type\":\"ListItem\",\"position\":2,\"name\":\"A dorogi lett az \u00e9v rend\u0151rkapit\u00e1nys\u00e1ga\"}]},{\"@type\":\"WebSite\",\"@id\":\"https:\\\/\\\/dorogimedence.hu\\\/#website\",\"url\":\"https:\\\/\\\/dorogimedence.hu\\\/\",\"name\":\"Dorogi-medence Region\u00e1lis H\u00edrport\u00e1l\",\"description\":\"Dorog, Keszt\u00f6lc, Le\u00e1nyv\u00e1r, Piliscs\u00e9v, Tokod, Tokodalt\u00e1r\u00f3, Csolnok, Esztergom-kertv\u00e1ros: h\u00edrek, programok\",\"publisher\":{\"@id\":\"https:\\\/\\\/dorogimedence.hu\\\/#organization\"},\"potentialAction\":[{\"@type\":\"SearchAction\",\"target\":{\"@type\":\"EntryPoint\",\"urlTemplate\":\"https:\\\/\\\/dorogimedence.hu\\\/?s={search_term_string}\"},\"query-input\":{\"@type\":\"PropertyValueSpecification\",\"valueRequired\":true,\"valueName\":\"search_term_string\"}}],\"inLanguage\":\"hu\"},{\"@type\":\"Organization\",\"@id\":\"https:\\\/\\\/dorogimedence.hu\\\/#organization\",\"name\":\"Dorogi-medence Region\u00e1lis H\u00edrport\u00e1l\",\"url\":\"https:\\\/\\\/dorogimedence.hu\\\/\",\"logo\":{\"@type\":\"ImageObject\",\"inLanguage\":\"hu\",\"@id\":\"https:\\\/\\\/dorogimedence.hu\\\/#\\\/schema\\\/logo\\\/image\\\/\",\"url\":\"https:\\\/\\\/dorogimedence.hu\\\/wp-content\\\/uploads\\\/2021\\\/04\\\/logo-feher-600.png\",\"contentUrl\":\"https:\\\/\\\/dorogimedence.hu\\\/wp-content\\\/uploads\\\/2021\\\/04\\\/logo-feher-600.png\",\"width\":600,\"height\":100,\"caption\":\"Dorogi-medence Region\u00e1lis H\u00edrport\u00e1l\"},\"image\":{\"@id\":\"https:\\\/\\\/dorogimedence.hu\\\/#\\\/schema\\\/logo\\\/image\\\/\"},\"sameAs\":[\"https:\\\/\\\/www.facebook.com\\\/dorogimedence\\\/\"]},{\"@type\":\"Person\",\"@id\":\"https:\\\/\\\/dorogimedence.hu\\\/#\\\/schema\\\/person\\\/ce6091eeb7e95ecdc87890d6aa8e0fd4\",\"name\":\"dorogimedence.hu\",\"image\":{\"@type\":\"ImageObject\",\"inLanguage\":\"hu\",\"@id\":\"\\\/\\\/www.gravatar.com\\\/avatar\\\/d8d45f8901aadff40a4af72c0b826f1d?s=96&#038;r=g&#038;d=mm\",\"url\":\"\\\/\\\/www.gravatar.com\\\/avatar\\\/d8d45f8901aadff40a4af72c0b826f1d?s=96&#038;r=g&#038;d=mm\",\"contentUrl\":\"\\\/\\\/www.gravatar.com\\\/avatar\\\/d8d45f8901aadff40a4af72c0b826f1d?s=96&#038;r=g&#038;d=mm\",\"caption\":\"dorogimedence.hu\"}}]}<\/script>\n<!-- \/ Yoast SEO plugin. -->","yoast_head_json":{"title":"A dorogi lett az \u00e9v rend\u0151rkapit\u00e1nys\u00e1ga","robots":{"index":"index","follow":"follow","max-snippet":"max-snippet:-1","max-image-preview":"max-image-preview:large","max-video-preview":"max-video-preview:-1"},"canonical":"https:\/\/dorogimedence.hu\/index.php\/2022\/05\/02\/a-dorogi-lett-az-ev-rendorkapitanysaga\/","og_locale":"hu_HU","og_type":"article","og_title":"A dorogi lett az \u00e9v rend\u0151rkapit\u00e1nys\u00e1ga","og_description":"A rend\u0151rs\u00e9g napja alkalm\u00e1b\u00f3l a Kom\u00e1rom-Esztergom Megyei Rend\u0151r-f\u0151kapit\u00e1nys\u00e1g \u00fcnneps\u00e9get rendezett \u00e1prilis 29-\u00e9n a kom\u00e1romi Csillager\u0151dben, ahol bel\u00fcgyminiszt\u00e9riumi, megyei \u00e9s \u00f6nkorm\u00e1nyzati elismer\u00e9seket adtak \u00e1t. Az \u00fcnneps\u00e9g Czunyin\u00e9 dr. Bertalan Judit, orsz\u00e1ggy\u0171l\u00e9si k\u00e9pvisel\u0151 besz\u00e9d\u00e9vel kezd\u0151d\u00f6tt, aki megk\u00f6sz\u00f6nte \u00e9s m\u00e9ltatta a f\u0151kapit\u00e1nys\u00e1g munkat\u00e1rsainak tev\u00e9kenys\u00e9g\u00e9t. A megh\u00edvott vend\u00e9gek \u00e9s a berendelt \u00e1llom\u00e1ny a k\u00f6sz\u00f6nt\u0151 ut\u00e1n a Magyarock Dalsz\u00ednh\u00e1z \u00fcnnepi","og_url":"https:\/\/dorogimedence.hu\/index.php\/2022\/05\/02\/a-dorogi-lett-az-ev-rendorkapitanysaga\/","og_site_name":"Dorogi-medence Region\u00e1lis H\u00edrport\u00e1l","article_publisher":"https:\/\/www.facebook.com\/dorogimedence\/","article_published_time":"2022-05-02T12:34:56+00:00","article_modified_time":"2022-05-02T15:33:14+00:00","og_image":[{"width":1920,"height":1117,"url":"https:\/\/i0.wp.com\/dorogimedence.hu\/wp-content\/uploads\/2022\/05\/rendorseg-dorog.jpg?fit=1920%2C1117&ssl=1","type":"image\/jpeg"}],"author":"dorogimedence.hu","twitter_card":"summary_large_image","twitter_misc":{"Szerz\u0151:":"dorogimedence.hu","Becs\u00fclt olvas\u00e1si id\u0151":"4 perc"},"schema":{"@context":"https:\/\/schema.org","@graph":[{"@type":"Article","@id":"https:\/\/dorogimedence.hu\/index.php\/2022\/05\/02\/a-dorogi-lett-az-ev-rendorkapitanysaga\/#article","isPartOf":{"@id":"https:\/\/dorogimedence.hu\/index.php\/2022\/05\/02\/a-dorogi-lett-az-ev-rendorkapitanysaga\/"},"author":{"name":"dorogimedence.hu","@id":"https:\/\/dorogimedence.hu\/#\/schema\/person\/ce6091eeb7e95ecdc87890d6aa8e0fd4"},"headline":"A dorogi lett az \u00e9v rend\u0151rkapit\u00e1nys\u00e1ga","datePublished":"2022-05-02T12:34:56+00:00","dateModified":"2022-05-02T15:33:14+00:00","mainEntityOfPage":{"@id":"https:\/\/dorogimedence.hu\/index.php\/2022\/05\/02\/a-dorogi-lett-az-ev-rendorkapitanysaga\/"},"wordCount":850,"publisher":{"@id":"https:\/\/dorogimedence.hu\/#organization"},"image":{"@id":"https:\/\/dorogimedence.hu\/index.php\/2022\/05\/02\/a-dorogi-lett-az-ev-rendorkapitanysaga\/#primaryimage"},"thumbnailUrl":"https:\/\/dorogimedence.hu\/wp-content\/uploads\/2022\/05\/rendorseg-dorog.jpg","keywords":["Dorog","featured","rend\u0151r nap","rend\u0151rs\u00e9g","rend\u0151rs\u00e9gi h\u00edrek"],"articleSection":["Dorog","H\u00edrek"],"inLanguage":"hu"},{"@type":"WebPage","@id":"https:\/\/dorogimedence.hu\/index.php\/2022\/05\/02\/a-dorogi-lett-az-ev-rendorkapitanysaga\/","url":"https:\/\/dorogimedence.hu\/index.php\/2022\/05\/02\/a-dorogi-lett-az-ev-rendorkapitanysaga\/","name":"A dorogi lett az \u00e9v rend\u0151rkapit\u00e1nys\u00e1ga","isPartOf":{"@id":"https:\/\/dorogimedence.hu\/#website"},"primaryImageOfPage":{"@id":"https:\/\/dorogimedence.hu\/index.php\/2022\/05\/02\/a-dorogi-lett-az-ev-rendorkapitanysaga\/#primaryimage"},"image":{"@id":"https:\/\/dorogimedence.hu\/index.php\/2022\/05\/02\/a-dorogi-lett-az-ev-rendorkapitanysaga\/#primaryimage"},"thumbnailUrl":"https:\/\/dorogimedence.hu\/wp-content\/uploads\/2022\/05\/rendorseg-dorog.jpg","datePublished":"2022-05-02T12:34:56+00:00","dateModified":"2022-05-02T15:33:14+00:00","breadcrumb":{"@id":"https:\/\/dorogimedence.hu\/index.php\/2022\/05\/02\/a-dorogi-lett-az-ev-rendorkapitanysaga\/#breadcrumb"},"inLanguage":"hu","potentialAction":[{"@type":"ReadAction","target":["https:\/\/dorogimedence.hu\/index.php\/2022\/05\/02\/a-dorogi-lett-az-ev-rendorkapitanysaga\/"]}]},{"@type":"ImageObject","inLanguage":"hu","@id":"https:\/\/dorogimedence.hu\/index.php\/2022\/05\/02\/a-dorogi-lett-az-ev-rendorkapitanysaga\/#primaryimage","url":"https:\/\/dorogimedence.hu\/wp-content\/uploads\/2022\/05\/rendorseg-dorog.jpg","contentUrl":"https:\/\/dorogimedence.hu\/wp-content\/uploads\/2022\/05\/rendorseg-dorog.jpg","width":1920,"height":1117},{"@type":"BreadcrumbList","@id":"https:\/\/dorogimedence.hu\/index.php\/2022\/05\/02\/a-dorogi-lett-az-ev-rendorkapitanysaga\/#breadcrumb","itemListElement":[{"@type":"ListItem","position":1,"name":"Kezd\u0151lap","item":"https:\/\/dorogimedence.hu\/"},{"@type":"ListItem","position":2,"name":"A dorogi lett az \u00e9v rend\u0151rkapit\u00e1nys\u00e1ga"}]},{"@type":"WebSite","@id":"https:\/\/dorogimedence.hu\/#website","url":"https:\/\/dorogimedence.hu\/","name":"Dorogi-medence Region\u00e1lis H\u00edrport\u00e1l","description":"Dorog, Keszt\u00f6lc, Le\u00e1nyv\u00e1r, Piliscs\u00e9v, Tokod, Tokodalt\u00e1r\u00f3, Csolnok, Esztergom-kertv\u00e1ros: h\u00edrek, programok","publisher":{"@id":"https:\/\/dorogimedence.hu\/#organization"},"potentialAction":[{"@type":"SearchAction","target":{"@type":"EntryPoint","urlTemplate":"https:\/\/dorogimedence.hu\/?s={search_term_string}"},"query-input":{"@type":"PropertyValueSpecification","valueRequired":true,"valueName":"search_term_string"}}],"inLanguage":"hu"},{"@type":"Organization","@id":"https:\/\/dorogimedence.hu\/#organization","name":"Dorogi-medence Region\u00e1lis H\u00edrport\u00e1l","url":"https:\/\/dorogimedence.hu\/","logo":{"@type":"ImageObject","inLanguage":"hu","@id":"https:\/\/dorogimedence.hu\/#\/schema\/logo\/image\/","url":"https:\/\/dorogimedence.hu\/wp-content\/uploads\/2021\/04\/logo-feher-600.png","contentUrl":"https:\/\/dorogimedence.hu\/wp-content\/uploads\/2021\/04\/logo-feher-600.png","width":600,"height":100,"caption":"Dorogi-medence Region\u00e1lis H\u00edrport\u00e1l"},"image":{"@id":"https:\/\/dorogimedence.hu\/#\/schema\/logo\/image\/"},"sameAs":["https:\/\/www.facebook.com\/dorogimedence\/"]},{"@type":"Person","@id":"https:\/\/dorogimedence.hu\/#\/schema\/person\/ce6091eeb7e95ecdc87890d6aa8e0fd4","name":"dorogimedence.hu","image":{"@type":"ImageObject","inLanguage":"hu","@id":"\/\/www.gravatar.com\/avatar\/d8d45f8901aadff40a4af72c0b826f1d?s=96&#038;r=g&#038;d=mm","url":"\/\/www.gravatar.com\/avatar\/d8d45f8901aadff40a4af72c0b826f1d?s=96&#038;r=g&#038;d=mm","contentUrl":"\/\/www.gravatar.com\/avatar\/d8d45f8901aadff40a4af72c0b826f1d?s=96&#038;r=g&#038;d=mm","caption":"dorogimedence.hu"}}]}},"_links":{"self":[{"href":"https:\/\/dorogimedence.hu\/index.php\/wp-json\/wp\/v2\/posts\/42401","targetHints":{"allow":["GET"]}}],"collection":[{"href":"https:\/\/dorogimedence.hu\/index.php\/wp-json\/wp\/v2\/posts"}],"about":[{"href":"https:\/\/dorogimedence.hu\/index.php\/wp-json\/wp\/v2\/types\/post"}],"author":[{"embeddable":true,"href":"https:\/\/dorogimedence.hu\/index.php\/wp-json\/wp\/v2\/users\/1"}],"replies":[{"embeddable":true,"href":"https:\/\/dorogimedence.hu\/index.php\/wp-json\/wp\/v2\/comments?post=42401"}],"version-history":[{"count":0,"href":"https:\/\/dorogimedence.hu\/index.php\/wp-json\/wp\/v2\/posts\/42401\/revisions"}],"wp:featuredmedia":[{"embeddable":true,"href":"https:\/\/dorogimedence.hu\/index.php\/wp-json\/wp\/v2\/media\/42402"}],"wp:attachment":[{"href":"https:\/\/dorogimedence.hu\/index.php\/wp-json\/wp\/v2\/media?parent=42401"}],"wp:term":[{"taxonomy":"category","embeddable":true,"href":"https:\/\/dorogimedence.hu\/index.php\/wp-json\/wp\/v2\/categories?post=42401"},{"taxonomy":"post_tag","embeddable":true,"href":"https:\/\/dorogimedence.hu\/index.php\/wp-json\/wp\/v2\/tags?post=42401"}],"curies":[{"name":"wp","href":"https:\/\/api.w.org\/{rel}","templated":true}]}}