{"id":42192,"date":"2022-04-26T09:48:03","date_gmt":"2022-04-26T07:48:03","guid":{"rendered":"https:\/\/dorogimedence.hu\/?p=42192"},"modified":"2022-04-27T13:41:13","modified_gmt":"2022-04-27T11:41:13","slug":"nyolcvan-zsaknyi-szemet-gyult-ossze-bajnatol-szomorig","status":"publish","type":"post","link":"https:\/\/dorogimedence.hu\/index.php\/2022\/04\/26\/nyolcvan-zsaknyi-szemet-gyult-ossze-bajnatol-szomorig\/","title":{"rendered":"Nyolcvan zs\u00e1knyi szem\u00e9t gy\u0171lt \u00f6ssze Bajn\u00e1t\u00f3l Szomorig"},"content":{"rendered":"<p><strong>Bajn\u00e1t\u00f3l Szomorig a telep\u00fcl\u00e9seket \u00f6sszek\u00f6t\u0151 \u00fatszakaszokon tavaszi nagytakar\u00edt\u00e1st szerveztek az \u00f6nkorm\u00e1nyzatok \u00e1prilis 23-\u00e1n, szombaton.<\/strong><\/p>\n<p>\u00c1brah\u00e1m Zolt\u00e1n, Bajna alpolg\u00e1rmestere elmondta, hogy a F\u00f6ld napj\u00e1hoz kapcsol\u00f3d\u00f3 szem\u00e9tszed\u00e9sen mintegy negyvenen vettek r\u00e9szt. Az \u00f6nk\u00e9ntesek Bajna-Nagys\u00e1p-Ep\u00f6l-M\u00e1riahalom-Gyermely-Szomor \u00fatvonalon mintegy nyolcvan zs\u00e1knyi szemetet szedtek \u00f6ssze. Az akci\u00f3 sor\u00e1n rendsz\u00e1mt\u00e1bl\u00e1t \u00e9s szem\u00e9lyigazolv\u00e1nyt is tal\u00e1ltak, a legt\u00f6bb pedig a m\u0171anyag flakonb\u00f3l gy\u0171lt \u00f6ssze.<\/p>\n<p><img fetchpriority=\"high\" decoding=\"async\" class=\"alignnone size-full wp-image-42195\" src=\"https:\/\/dorogimedence.hu\/wp-content\/uploads\/2022\/04\/279022537_570655564194103_4337223602479077921_n.jpg\" alt=\"\" width=\"960\" height=\"720\" srcset=\"https:\/\/dorogimedence.hu\/wp-content\/uploads\/2022\/04\/279022537_570655564194103_4337223602479077921_n.jpg 960w, https:\/\/dorogimedence.hu\/wp-content\/uploads\/2022\/04\/279022537_570655564194103_4337223602479077921_n-300x225.jpg 300w, https:\/\/dorogimedence.hu\/wp-content\/uploads\/2022\/04\/279022537_570655564194103_4337223602479077921_n-768x576.jpg 768w, https:\/\/dorogimedence.hu\/wp-content\/uploads\/2022\/04\/279022537_570655564194103_4337223602479077921_n-150x113.jpg 150w, https:\/\/dorogimedence.hu\/wp-content\/uploads\/2022\/04\/279022537_570655564194103_4337223602479077921_n-450x338.jpg 450w\" sizes=\"(max-width: 960px) 100vw, 960px\" \/><\/p>\n<p>\u00c1brah\u00e1m Zolt\u00e1n megjegyezte azt is, hogy az \u00f6nk\u00e9ntes csoportok a lak\u00f3hely\u00fckr\u0151l indultak a szomsz\u00e9d telep\u00fcl\u00e9s ir\u00e1ny\u00e1ba, majd f\u00e9l\u00faton tal\u00e1lkoztak \u00e9s egy helyre helyezt\u00e9k a zs\u00e1kokat. A szem\u00e9tszed\u00e9shez sz\u00fcks\u00e9ges zs\u00e1kokat \u00e9s keszty\u0171ket a Magyar K\u00f6z\u00fat Nonprofit Zrt. biztos\u00edtotta, v\u00e9g\u00fcl az \u00f6sszegy\u0171lt hullad\u00e9kokat is \u0151k sz\u00e1ll\u00edtott\u00e1k el.<\/p>\n<p>A r\u00e9sztvev\u0151ket a szem\u00e9tszed\u00e9si akci\u00f3 ut\u00e1n a Bajnai Szent Don\u00e1t Borbar\u00e1t Egyes\u00fclet pinc\u00e9j\u00e9n\u00e9l vend\u00e9gelt\u00e9k meg. \u201ePolg\u00e1r Peti \u00e9nekes, humorista is csatlakozott hozz\u00e1nk \u00e9s f\u0151z\u00f6tt nek\u00fcnk egy finom p\u00f6rk\u00f6ltet\u201d \u2013 tette hozz\u00e1 az alpolg\u00e1rmester.<\/p>\n<p><img decoding=\"async\" class=\"alignnone size-full wp-image-42194\" src=\"https:\/\/dorogimedence.hu\/wp-content\/uploads\/2022\/04\/279066922_1194522207983974_2334583705501174985_n.jpg\" alt=\"\" width=\"960\" height=\"720\" srcset=\"https:\/\/dorogimedence.hu\/wp-content\/uploads\/2022\/04\/279066922_1194522207983974_2334583705501174985_n.jpg 960w, https:\/\/dorogimedence.hu\/wp-content\/uploads\/2022\/04\/279066922_1194522207983974_2334583705501174985_n-300x225.jpg 300w, https:\/\/dorogimedence.hu\/wp-content\/uploads\/2022\/04\/279066922_1194522207983974_2334583705501174985_n-768x576.jpg 768w, https:\/\/dorogimedence.hu\/wp-content\/uploads\/2022\/04\/279066922_1194522207983974_2334583705501174985_n-150x113.jpg 150w, https:\/\/dorogimedence.hu\/wp-content\/uploads\/2022\/04\/279066922_1194522207983974_2334583705501174985_n-450x338.jpg 450w\" sizes=\"(max-width: 960px) 100vw, 960px\" \/><\/p>\n","protected":false},"excerpt":{"rendered":"<p>Bajn\u00e1t\u00f3l Szomorig a telep\u00fcl\u00e9seket \u00f6sszek\u00f6t\u0151 \u00fatszakaszokon tavaszi nagytakar\u00edt\u00e1st szerveztek az \u00f6nkorm\u00e1nyzatok \u00e1prilis 23-\u00e1n, szombaton. \u00c1brah\u00e1m Zolt\u00e1n, Bajna alpolg\u00e1rmestere elmondta, hogy a F\u00f6ld napj\u00e1hoz kapcsol\u00f3d\u00f3 szem\u00e9tszed\u00e9sen mintegy negyvenen vettek r\u00e9szt. Az \u00f6nk\u00e9ntesek Bajna-Nagys\u00e1p-Ep\u00f6l-M\u00e1riahalom-Gyermely-Szomor \u00fatvonalon mintegy nyolcvan zs\u00e1knyi szemetet szedtek \u00f6ssze. Az akci\u00f3 sor\u00e1n rendsz\u00e1mt\u00e1bl\u00e1t \u00e9s szem\u00e9lyigazolv\u00e1nyt is tal\u00e1ltak, a legt\u00f6bb pedig a m\u0171anyag flakonb\u00f3l gy\u0171lt \u00f6ssze.<\/p>\n","protected":false},"author":1,"featured_media":42193,"comment_status":"closed","ping_status":"closed","sticky":false,"template":"","format":"standard","meta":{"ngg_post_thumbnail":0,"footnotes":""},"categories":[3],"tags":[249,80,2397],"class_list":{"0":"post-42192","1":"post","2":"type-post","3":"status-publish","4":"format-standard","5":"has-post-thumbnail","7":"category-hirek","8":"tag-bajna","9":"tag-hulladekgyujtes","10":"tag-szemetszedes"},"yoast_head":"<!-- This site is optimized with the Yoast SEO plugin v27.4 - https:\/\/yoast.com\/product\/yoast-seo-wordpress\/ -->\n<title>Nyolcvan zs\u00e1knyi szem\u00e9t gy\u0171lt \u00f6ssze Bajn\u00e1t\u00f3l Szomorig<\/title>\n<meta name=\"robots\" content=\"index, follow, max-snippet:-1, max-image-preview:large, max-video-preview:-1\" \/>\n<link rel=\"canonical\" href=\"https:\/\/dorogimedence.hu\/index.php\/2022\/04\/26\/nyolcvan-zsaknyi-szemet-gyult-ossze-bajnatol-szomorig\/\" class=\"yoast-seo-meta-tag\" \/>\n<meta property=\"og:locale\" content=\"hu_HU\" class=\"yoast-seo-meta-tag\" \/>\n<meta property=\"og:type\" content=\"article\" class=\"yoast-seo-meta-tag\" \/>\n<meta property=\"og:title\" content=\"Nyolcvan zs\u00e1knyi szem\u00e9t gy\u0171lt \u00f6ssze Bajn\u00e1t\u00f3l Szomorig\" class=\"yoast-seo-meta-tag\" \/>\n<meta property=\"og:description\" content=\"Bajn\u00e1t\u00f3l Szomorig a telep\u00fcl\u00e9seket \u00f6sszek\u00f6t\u0151 \u00fatszakaszokon tavaszi nagytakar\u00edt\u00e1st szerveztek az \u00f6nkorm\u00e1nyzatok \u00e1prilis 23-\u00e1n, szombaton. \u00c1brah\u00e1m Zolt\u00e1n, Bajna alpolg\u00e1rmestere elmondta, hogy a F\u00f6ld napj\u00e1hoz kapcsol\u00f3d\u00f3 szem\u00e9tszed\u00e9sen mintegy negyvenen vettek r\u00e9szt. Az \u00f6nk\u00e9ntesek Bajna-Nagys\u00e1p-Ep\u00f6l-M\u00e1riahalom-Gyermely-Szomor \u00fatvonalon mintegy nyolcvan zs\u00e1knyi szemetet szedtek \u00f6ssze. Az akci\u00f3 sor\u00e1n rendsz\u00e1mt\u00e1bl\u00e1t \u00e9s szem\u00e9lyigazolv\u00e1nyt is tal\u00e1ltak, a legt\u00f6bb pedig a m\u0171anyag flakonb\u00f3l gy\u0171lt \u00f6ssze.\" class=\"yoast-seo-meta-tag\" \/>\n<meta property=\"og:url\" content=\"https:\/\/dorogimedence.hu\/index.php\/2022\/04\/26\/nyolcvan-zsaknyi-szemet-gyult-ossze-bajnatol-szomorig\/\" class=\"yoast-seo-meta-tag\" \/>\n<meta property=\"og:site_name\" content=\"Dorogi-medence Region\u00e1lis H\u00edrport\u00e1l\" class=\"yoast-seo-meta-tag\" \/>\n<meta property=\"article:publisher\" content=\"https:\/\/www.facebook.com\/dorogimedence\/\" class=\"yoast-seo-meta-tag\" \/>\n<meta property=\"article:published_time\" content=\"2022-04-26T07:48:03+00:00\" class=\"yoast-seo-meta-tag\" \/>\n<meta property=\"article:modified_time\" content=\"2022-04-27T11:41:13+00:00\" class=\"yoast-seo-meta-tag\" \/>\n<meta property=\"og:image\" content=\"https:\/\/i0.wp.com\/dorogimedence.hu\/wp-content\/uploads\/2022\/04\/szemetszedes-01.jpg?fit=960%2C564&ssl=1\" class=\"yoast-seo-meta-tag\" \/>\n\t<meta property=\"og:image:width\" content=\"960\" class=\"yoast-seo-meta-tag\" \/>\n\t<meta property=\"og:image:height\" content=\"564\" class=\"yoast-seo-meta-tag\" \/>\n\t<meta property=\"og:image:type\" content=\"image\/jpeg\" class=\"yoast-seo-meta-tag\" \/>\n<meta name=\"author\" content=\"dorogimedence.hu\" class=\"yoast-seo-meta-tag\" \/>\n<meta name=\"twitter:card\" content=\"summary_large_image\" class=\"yoast-seo-meta-tag\" \/>\n<meta name=\"twitter:label1\" content=\"Szerz\u0151:\" class=\"yoast-seo-meta-tag\" \/>\n\t<meta name=\"twitter:data1\" content=\"dorogimedence.hu\" class=\"yoast-seo-meta-tag\" \/>\n\t<meta name=\"twitter:label2\" content=\"Becs\u00fclt olvas\u00e1si id\u0151\" class=\"yoast-seo-meta-tag\" \/>\n\t<meta name=\"twitter:data2\" content=\"1 perc\" class=\"yoast-seo-meta-tag\" \/>\n<script type=\"application\/ld+json\" class=\"yoast-schema-graph\">{\"@context\":\"https:\\\/\\\/schema.org\",\"@graph\":[{\"@type\":\"Article\",\"@id\":\"https:\\\/\\\/dorogimedence.hu\\\/index.php\\\/2022\\\/04\\\/26\\\/nyolcvan-zsaknyi-szemet-gyult-ossze-bajnatol-szomorig\\\/#article\",\"isPartOf\":{\"@id\":\"https:\\\/\\\/dorogimedence.hu\\\/index.php\\\/2022\\\/04\\\/26\\\/nyolcvan-zsaknyi-szemet-gyult-ossze-bajnatol-szomorig\\\/\"},\"author\":{\"name\":\"dorogimedence.hu\",\"@id\":\"https:\\\/\\\/dorogimedence.hu\\\/#\\\/schema\\\/person\\\/ce6091eeb7e95ecdc87890d6aa8e0fd4\"},\"headline\":\"Nyolcvan zs\u00e1knyi szem\u00e9t gy\u0171lt \u00f6ssze Bajn\u00e1t\u00f3l Szomorig\",\"datePublished\":\"2022-04-26T07:48:03+00:00\",\"dateModified\":\"2022-04-27T11:41:13+00:00\",\"mainEntityOfPage\":{\"@id\":\"https:\\\/\\\/dorogimedence.hu\\\/index.php\\\/2022\\\/04\\\/26\\\/nyolcvan-zsaknyi-szemet-gyult-ossze-bajnatol-szomorig\\\/\"},\"wordCount\":231,\"publisher\":{\"@id\":\"https:\\\/\\\/dorogimedence.hu\\\/#organization\"},\"image\":{\"@id\":\"https:\\\/\\\/dorogimedence.hu\\\/index.php\\\/2022\\\/04\\\/26\\\/nyolcvan-zsaknyi-szemet-gyult-ossze-bajnatol-szomorig\\\/#primaryimage\"},\"thumbnailUrl\":\"https:\\\/\\\/dorogimedence.hu\\\/wp-content\\\/uploads\\\/2022\\\/04\\\/szemetszedes-01.jpg\",\"keywords\":[\"Bajna\",\"hullad\u00e9kgy\u0171jt\u00e9s\",\"szem\u00e9tszed\u00e9s\"],\"articleSection\":[\"H\u00edrek\"],\"inLanguage\":\"hu\"},{\"@type\":\"WebPage\",\"@id\":\"https:\\\/\\\/dorogimedence.hu\\\/index.php\\\/2022\\\/04\\\/26\\\/nyolcvan-zsaknyi-szemet-gyult-ossze-bajnatol-szomorig\\\/\",\"url\":\"https:\\\/\\\/dorogimedence.hu\\\/index.php\\\/2022\\\/04\\\/26\\\/nyolcvan-zsaknyi-szemet-gyult-ossze-bajnatol-szomorig\\\/\",\"name\":\"Nyolcvan zs\u00e1knyi szem\u00e9t gy\u0171lt \u00f6ssze Bajn\u00e1t\u00f3l Szomorig\",\"isPartOf\":{\"@id\":\"https:\\\/\\\/dorogimedence.hu\\\/#website\"},\"primaryImageOfPage\":{\"@id\":\"https:\\\/\\\/dorogimedence.hu\\\/index.php\\\/2022\\\/04\\\/26\\\/nyolcvan-zsaknyi-szemet-gyult-ossze-bajnatol-szomorig\\\/#primaryimage\"},\"image\":{\"@id\":\"https:\\\/\\\/dorogimedence.hu\\\/index.php\\\/2022\\\/04\\\/26\\\/nyolcvan-zsaknyi-szemet-gyult-ossze-bajnatol-szomorig\\\/#primaryimage\"},\"thumbnailUrl\":\"https:\\\/\\\/dorogimedence.hu\\\/wp-content\\\/uploads\\\/2022\\\/04\\\/szemetszedes-01.jpg\",\"datePublished\":\"2022-04-26T07:48:03+00:00\",\"dateModified\":\"2022-04-27T11:41:13+00:00\",\"breadcrumb\":{\"@id\":\"https:\\\/\\\/dorogimedence.hu\\\/index.php\\\/2022\\\/04\\\/26\\\/nyolcvan-zsaknyi-szemet-gyult-ossze-bajnatol-szomorig\\\/#breadcrumb\"},\"inLanguage\":\"hu\",\"potentialAction\":[{\"@type\":\"ReadAction\",\"target\":[\"https:\\\/\\\/dorogimedence.hu\\\/index.php\\\/2022\\\/04\\\/26\\\/nyolcvan-zsaknyi-szemet-gyult-ossze-bajnatol-szomorig\\\/\"]}]},{\"@type\":\"ImageObject\",\"inLanguage\":\"hu\",\"@id\":\"https:\\\/\\\/dorogimedence.hu\\\/index.php\\\/2022\\\/04\\\/26\\\/nyolcvan-zsaknyi-szemet-gyult-ossze-bajnatol-szomorig\\\/#primaryimage\",\"url\":\"https:\\\/\\\/dorogimedence.hu\\\/wp-content\\\/uploads\\\/2022\\\/04\\\/szemetszedes-01.jpg\",\"contentUrl\":\"https:\\\/\\\/dorogimedence.hu\\\/wp-content\\\/uploads\\\/2022\\\/04\\\/szemetszedes-01.jpg\",\"width\":960,\"height\":564},{\"@type\":\"BreadcrumbList\",\"@id\":\"https:\\\/\\\/dorogimedence.hu\\\/index.php\\\/2022\\\/04\\\/26\\\/nyolcvan-zsaknyi-szemet-gyult-ossze-bajnatol-szomorig\\\/#breadcrumb\",\"itemListElement\":[{\"@type\":\"ListItem\",\"position\":1,\"name\":\"Kezd\u0151lap\",\"item\":\"https:\\\/\\\/dorogimedence.hu\\\/\"},{\"@type\":\"ListItem\",\"position\":2,\"name\":\"Nyolcvan zs\u00e1knyi szem\u00e9t gy\u0171lt \u00f6ssze Bajn\u00e1t\u00f3l Szomorig\"}]},{\"@type\":\"WebSite\",\"@id\":\"https:\\\/\\\/dorogimedence.hu\\\/#website\",\"url\":\"https:\\\/\\\/dorogimedence.hu\\\/\",\"name\":\"Dorogi-medence Region\u00e1lis H\u00edrport\u00e1l\",\"description\":\"Dorog, Keszt\u00f6lc, Le\u00e1nyv\u00e1r, Piliscs\u00e9v, Tokod, Tokodalt\u00e1r\u00f3, Csolnok, Esztergom-kertv\u00e1ros: h\u00edrek, programok\",\"publisher\":{\"@id\":\"https:\\\/\\\/dorogimedence.hu\\\/#organization\"},\"potentialAction\":[{\"@type\":\"SearchAction\",\"target\":{\"@type\":\"EntryPoint\",\"urlTemplate\":\"https:\\\/\\\/dorogimedence.hu\\\/?s={search_term_string}\"},\"query-input\":{\"@type\":\"PropertyValueSpecification\",\"valueRequired\":true,\"valueName\":\"search_term_string\"}}],\"inLanguage\":\"hu\"},{\"@type\":\"Organization\",\"@id\":\"https:\\\/\\\/dorogimedence.hu\\\/#organization\",\"name\":\"Dorogi-medence Region\u00e1lis H\u00edrport\u00e1l\",\"url\":\"https:\\\/\\\/dorogimedence.hu\\\/\",\"logo\":{\"@type\":\"ImageObject\",\"inLanguage\":\"hu\",\"@id\":\"https:\\\/\\\/dorogimedence.hu\\\/#\\\/schema\\\/logo\\\/image\\\/\",\"url\":\"https:\\\/\\\/dorogimedence.hu\\\/wp-content\\\/uploads\\\/2021\\\/04\\\/logo-feher-600.png\",\"contentUrl\":\"https:\\\/\\\/dorogimedence.hu\\\/wp-content\\\/uploads\\\/2021\\\/04\\\/logo-feher-600.png\",\"width\":600,\"height\":100,\"caption\":\"Dorogi-medence Region\u00e1lis H\u00edrport\u00e1l\"},\"image\":{\"@id\":\"https:\\\/\\\/dorogimedence.hu\\\/#\\\/schema\\\/logo\\\/image\\\/\"},\"sameAs\":[\"https:\\\/\\\/www.facebook.com\\\/dorogimedence\\\/\"]},{\"@type\":\"Person\",\"@id\":\"https:\\\/\\\/dorogimedence.hu\\\/#\\\/schema\\\/person\\\/ce6091eeb7e95ecdc87890d6aa8e0fd4\",\"name\":\"dorogimedence.hu\",\"image\":{\"@type\":\"ImageObject\",\"inLanguage\":\"hu\",\"@id\":\"\\\/\\\/www.gravatar.com\\\/avatar\\\/d8d45f8901aadff40a4af72c0b826f1d?s=96&#038;r=g&#038;d=mm\",\"url\":\"\\\/\\\/www.gravatar.com\\\/avatar\\\/d8d45f8901aadff40a4af72c0b826f1d?s=96&#038;r=g&#038;d=mm\",\"contentUrl\":\"\\\/\\\/www.gravatar.com\\\/avatar\\\/d8d45f8901aadff40a4af72c0b826f1d?s=96&#038;r=g&#038;d=mm\",\"caption\":\"dorogimedence.hu\"}}]}<\/script>\n<!-- \/ Yoast SEO plugin. -->","yoast_head_json":{"title":"Nyolcvan zs\u00e1knyi szem\u00e9t gy\u0171lt \u00f6ssze Bajn\u00e1t\u00f3l Szomorig","robots":{"index":"index","follow":"follow","max-snippet":"max-snippet:-1","max-image-preview":"max-image-preview:large","max-video-preview":"max-video-preview:-1"},"canonical":"https:\/\/dorogimedence.hu\/index.php\/2022\/04\/26\/nyolcvan-zsaknyi-szemet-gyult-ossze-bajnatol-szomorig\/","og_locale":"hu_HU","og_type":"article","og_title":"Nyolcvan zs\u00e1knyi szem\u00e9t gy\u0171lt \u00f6ssze Bajn\u00e1t\u00f3l Szomorig","og_description":"Bajn\u00e1t\u00f3l Szomorig a telep\u00fcl\u00e9seket \u00f6sszek\u00f6t\u0151 \u00fatszakaszokon tavaszi nagytakar\u00edt\u00e1st szerveztek az \u00f6nkorm\u00e1nyzatok \u00e1prilis 23-\u00e1n, szombaton. \u00c1brah\u00e1m Zolt\u00e1n, Bajna alpolg\u00e1rmestere elmondta, hogy a F\u00f6ld napj\u00e1hoz kapcsol\u00f3d\u00f3 szem\u00e9tszed\u00e9sen mintegy negyvenen vettek r\u00e9szt. Az \u00f6nk\u00e9ntesek Bajna-Nagys\u00e1p-Ep\u00f6l-M\u00e1riahalom-Gyermely-Szomor \u00fatvonalon mintegy nyolcvan zs\u00e1knyi szemetet szedtek \u00f6ssze. Az akci\u00f3 sor\u00e1n rendsz\u00e1mt\u00e1bl\u00e1t \u00e9s szem\u00e9lyigazolv\u00e1nyt is tal\u00e1ltak, a legt\u00f6bb pedig a m\u0171anyag flakonb\u00f3l gy\u0171lt \u00f6ssze.","og_url":"https:\/\/dorogimedence.hu\/index.php\/2022\/04\/26\/nyolcvan-zsaknyi-szemet-gyult-ossze-bajnatol-szomorig\/","og_site_name":"Dorogi-medence Region\u00e1lis H\u00edrport\u00e1l","article_publisher":"https:\/\/www.facebook.com\/dorogimedence\/","article_published_time":"2022-04-26T07:48:03+00:00","article_modified_time":"2022-04-27T11:41:13+00:00","og_image":[{"width":960,"height":564,"url":"https:\/\/i0.wp.com\/dorogimedence.hu\/wp-content\/uploads\/2022\/04\/szemetszedes-01.jpg?fit=960%2C564&ssl=1","type":"image\/jpeg"}],"author":"dorogimedence.hu","twitter_card":"summary_large_image","twitter_misc":{"Szerz\u0151:":"dorogimedence.hu","Becs\u00fclt olvas\u00e1si id\u0151":"1 perc"},"schema":{"@context":"https:\/\/schema.org","@graph":[{"@type":"Article","@id":"https:\/\/dorogimedence.hu\/index.php\/2022\/04\/26\/nyolcvan-zsaknyi-szemet-gyult-ossze-bajnatol-szomorig\/#article","isPartOf":{"@id":"https:\/\/dorogimedence.hu\/index.php\/2022\/04\/26\/nyolcvan-zsaknyi-szemet-gyult-ossze-bajnatol-szomorig\/"},"author":{"name":"dorogimedence.hu","@id":"https:\/\/dorogimedence.hu\/#\/schema\/person\/ce6091eeb7e95ecdc87890d6aa8e0fd4"},"headline":"Nyolcvan zs\u00e1knyi szem\u00e9t gy\u0171lt \u00f6ssze Bajn\u00e1t\u00f3l Szomorig","datePublished":"2022-04-26T07:48:03+00:00","dateModified":"2022-04-27T11:41:13+00:00","mainEntityOfPage":{"@id":"https:\/\/dorogimedence.hu\/index.php\/2022\/04\/26\/nyolcvan-zsaknyi-szemet-gyult-ossze-bajnatol-szomorig\/"},"wordCount":231,"publisher":{"@id":"https:\/\/dorogimedence.hu\/#organization"},"image":{"@id":"https:\/\/dorogimedence.hu\/index.php\/2022\/04\/26\/nyolcvan-zsaknyi-szemet-gyult-ossze-bajnatol-szomorig\/#primaryimage"},"thumbnailUrl":"https:\/\/dorogimedence.hu\/wp-content\/uploads\/2022\/04\/szemetszedes-01.jpg","keywords":["Bajna","hullad\u00e9kgy\u0171jt\u00e9s","szem\u00e9tszed\u00e9s"],"articleSection":["H\u00edrek"],"inLanguage":"hu"},{"@type":"WebPage","@id":"https:\/\/dorogimedence.hu\/index.php\/2022\/04\/26\/nyolcvan-zsaknyi-szemet-gyult-ossze-bajnatol-szomorig\/","url":"https:\/\/dorogimedence.hu\/index.php\/2022\/04\/26\/nyolcvan-zsaknyi-szemet-gyult-ossze-bajnatol-szomorig\/","name":"Nyolcvan zs\u00e1knyi szem\u00e9t gy\u0171lt \u00f6ssze Bajn\u00e1t\u00f3l Szomorig","isPartOf":{"@id":"https:\/\/dorogimedence.hu\/#website"},"primaryImageOfPage":{"@id":"https:\/\/dorogimedence.hu\/index.php\/2022\/04\/26\/nyolcvan-zsaknyi-szemet-gyult-ossze-bajnatol-szomorig\/#primaryimage"},"image":{"@id":"https:\/\/dorogimedence.hu\/index.php\/2022\/04\/26\/nyolcvan-zsaknyi-szemet-gyult-ossze-bajnatol-szomorig\/#primaryimage"},"thumbnailUrl":"https:\/\/dorogimedence.hu\/wp-content\/uploads\/2022\/04\/szemetszedes-01.jpg","datePublished":"2022-04-26T07:48:03+00:00","dateModified":"2022-04-27T11:41:13+00:00","breadcrumb":{"@id":"https:\/\/dorogimedence.hu\/index.php\/2022\/04\/26\/nyolcvan-zsaknyi-szemet-gyult-ossze-bajnatol-szomorig\/#breadcrumb"},"inLanguage":"hu","potentialAction":[{"@type":"ReadAction","target":["https:\/\/dorogimedence.hu\/index.php\/2022\/04\/26\/nyolcvan-zsaknyi-szemet-gyult-ossze-bajnatol-szomorig\/"]}]},{"@type":"ImageObject","inLanguage":"hu","@id":"https:\/\/dorogimedence.hu\/index.php\/2022\/04\/26\/nyolcvan-zsaknyi-szemet-gyult-ossze-bajnatol-szomorig\/#primaryimage","url":"https:\/\/dorogimedence.hu\/wp-content\/uploads\/2022\/04\/szemetszedes-01.jpg","contentUrl":"https:\/\/dorogimedence.hu\/wp-content\/uploads\/2022\/04\/szemetszedes-01.jpg","width":960,"height":564},{"@type":"BreadcrumbList","@id":"https:\/\/dorogimedence.hu\/index.php\/2022\/04\/26\/nyolcvan-zsaknyi-szemet-gyult-ossze-bajnatol-szomorig\/#breadcrumb","itemListElement":[{"@type":"ListItem","position":1,"name":"Kezd\u0151lap","item":"https:\/\/dorogimedence.hu\/"},{"@type":"ListItem","position":2,"name":"Nyolcvan zs\u00e1knyi szem\u00e9t gy\u0171lt \u00f6ssze Bajn\u00e1t\u00f3l Szomorig"}]},{"@type":"WebSite","@id":"https:\/\/dorogimedence.hu\/#website","url":"https:\/\/dorogimedence.hu\/","name":"Dorogi-medence Region\u00e1lis H\u00edrport\u00e1l","description":"Dorog, Keszt\u00f6lc, Le\u00e1nyv\u00e1r, Piliscs\u00e9v, Tokod, Tokodalt\u00e1r\u00f3, Csolnok, Esztergom-kertv\u00e1ros: h\u00edrek, programok","publisher":{"@id":"https:\/\/dorogimedence.hu\/#organization"},"potentialAction":[{"@type":"SearchAction","target":{"@type":"EntryPoint","urlTemplate":"https:\/\/dorogimedence.hu\/?s={search_term_string}"},"query-input":{"@type":"PropertyValueSpecification","valueRequired":true,"valueName":"search_term_string"}}],"inLanguage":"hu"},{"@type":"Organization","@id":"https:\/\/dorogimedence.hu\/#organization","name":"Dorogi-medence Region\u00e1lis H\u00edrport\u00e1l","url":"https:\/\/dorogimedence.hu\/","logo":{"@type":"ImageObject","inLanguage":"hu","@id":"https:\/\/dorogimedence.hu\/#\/schema\/logo\/image\/","url":"https:\/\/dorogimedence.hu\/wp-content\/uploads\/2021\/04\/logo-feher-600.png","contentUrl":"https:\/\/dorogimedence.hu\/wp-content\/uploads\/2021\/04\/logo-feher-600.png","width":600,"height":100,"caption":"Dorogi-medence Region\u00e1lis H\u00edrport\u00e1l"},"image":{"@id":"https:\/\/dorogimedence.hu\/#\/schema\/logo\/image\/"},"sameAs":["https:\/\/www.facebook.com\/dorogimedence\/"]},{"@type":"Person","@id":"https:\/\/dorogimedence.hu\/#\/schema\/person\/ce6091eeb7e95ecdc87890d6aa8e0fd4","name":"dorogimedence.hu","image":{"@type":"ImageObject","inLanguage":"hu","@id":"\/\/www.gravatar.com\/avatar\/d8d45f8901aadff40a4af72c0b826f1d?s=96&#038;r=g&#038;d=mm","url":"\/\/www.gravatar.com\/avatar\/d8d45f8901aadff40a4af72c0b826f1d?s=96&#038;r=g&#038;d=mm","contentUrl":"\/\/www.gravatar.com\/avatar\/d8d45f8901aadff40a4af72c0b826f1d?s=96&#038;r=g&#038;d=mm","caption":"dorogimedence.hu"}}]}},"_links":{"self":[{"href":"https:\/\/dorogimedence.hu\/index.php\/wp-json\/wp\/v2\/posts\/42192","targetHints":{"allow":["GET"]}}],"collection":[{"href":"https:\/\/dorogimedence.hu\/index.php\/wp-json\/wp\/v2\/posts"}],"about":[{"href":"https:\/\/dorogimedence.hu\/index.php\/wp-json\/wp\/v2\/types\/post"}],"author":[{"embeddable":true,"href":"https:\/\/dorogimedence.hu\/index.php\/wp-json\/wp\/v2\/users\/1"}],"replies":[{"embeddable":true,"href":"https:\/\/dorogimedence.hu\/index.php\/wp-json\/wp\/v2\/comments?post=42192"}],"version-history":[{"count":0,"href":"https:\/\/dorogimedence.hu\/index.php\/wp-json\/wp\/v2\/posts\/42192\/revisions"}],"wp:featuredmedia":[{"embeddable":true,"href":"https:\/\/dorogimedence.hu\/index.php\/wp-json\/wp\/v2\/media\/42193"}],"wp:attachment":[{"href":"https:\/\/dorogimedence.hu\/index.php\/wp-json\/wp\/v2\/media?parent=42192"}],"wp:term":[{"taxonomy":"category","embeddable":true,"href":"https:\/\/dorogimedence.hu\/index.php\/wp-json\/wp\/v2\/categories?post=42192"},{"taxonomy":"post_tag","embeddable":true,"href":"https:\/\/dorogimedence.hu\/index.php\/wp-json\/wp\/v2\/tags?post=42192"}],"curies":[{"name":"wp","href":"https:\/\/api.w.org\/{rel}","templated":true}]}}