{"id":42103,"date":"2022-04-24T07:28:54","date_gmt":"2022-04-24T05:28:54","guid":{"rendered":"https:\/\/dorogimedence.hu\/?p=42103"},"modified":"2023-03-09T20:13:08","modified_gmt":"2023-03-09T19:13:08","slug":"60-eve-tortent-a-dorog-neves-nemzetkozi-kupagyozelme-belgiumban","status":"publish","type":"post","link":"https:\/\/dorogimedence.hu\/index.php\/2022\/04\/24\/60-eve-tortent-a-dorog-neves-nemzetkozi-kupagyozelme-belgiumban\/","title":{"rendered":"60 \u00e9ve t\u00f6rt\u00e9nt: A Dorog neves nemzetk\u00f6zi kupagy\u0151zelme Belgiumban"},"content":{"rendered":"<p style=\"text-align: justify;\"><strong>Kerek hat \u00e9vtizeddel ezel\u0151tt, 1962 h\u00fasv\u00e9tj\u00e1n a Dorog labdar\u00fag\u00f3 csapata egy Belgiumban rendezett nemzetk\u00f6zi torn\u00e1n, klasszis nyugat-eur\u00f3pai klubokat legy\u0151zve h\u00f3d\u00edtotta el a kup\u00e1t. A n\u00edv\u00f3s esem\u00e9ny egy tov\u00e1bbi vonzata miatt k\u00fcl\u00f6n sportt\u00f6rt\u00e9nelmi nevezetess\u00e9g\u0171v\u00e9 is v\u00e1lt.<\/strong><\/p>\n<p style=\"text-align: justify;\">Kontinens-szerte mintegy f\u00e9l \u00e9vsz\u00e1zodon \u00e1t a H\u00fasv\u00e9ti torn\u00e1k jelentett\u00e9k az egyik legnagyszer\u0171bb f\u00f3rumot a nemzetk\u00f6zi megm\u00e9rettet\u00e9sekhez, ahol jeles eur\u00f3pai klubok k\u00fczd\u00f6ttek meg egym\u00e1ssal. Ez a trad\u00edci\u00f3 egyfajta el\u0151de volt a k\u00e9s\u0151bbi k\u00fcl\u00f6nb\u00f6z\u0151 kontinens-viadaloknak, kupasorozatoknak, amely igen nagy n\u00e9pszer\u0171s\u00e9gnek \u00f6rvendett \u00e9s jelleg\u00e9b\u0151l fakad\u00f3an komoly rangot is kapott.<\/p>\n<p style=\"text-align: justify;\">A dorogi csapat kor\u00e1bban is szerepelt t\u00f6bb nemzetk\u00f6zi torn\u00e1n, \u00edgy H\u00fasv\u00e9ti kup\u00e1n is, amely k\u00f6z\u00fcl az 1957-ben, \u00e9szaki szomsz\u00e9daink \u00e1ltal rendezett ki\u00edr\u00e1st \u00e9rdemes megeml\u00edteni. Kiss\u00e9 formabont\u00f3 m\u00f3don bonyol\u00edtott\u00e1k le a rendezv\u00e9nyt, ahol az RH Brno \u00e9s a Ban\u00edk Ostrava g\u00e1rd\u00e1i k\u00e9pviselt\u00e9k orsz\u00e1gukat h\u00e1zigazdak\u00e9nt, a k\u00e9t k\u00fclf\u00f6ldi megh\u00edvott pedig a belga White Star Bruxelles volt a dorogiak mellett. A sorsol\u00e1st \u00fagy alak\u00edtott\u00e1k, hogy a k\u00e9t csehszlov\u00e1k csapat ne egym\u00e1ssal ker\u00fclj\u00f6n \u00f6ssze, \u00edgy az els\u0151 k\u00f6rben a Brno a Dorogot, az Ostrava pedig a White Start kapta ellenf\u00e9lk\u00e9nt. Mindk\u00e9t cseh csapat saj\u00e1t p\u00e1ly\u00e1j\u00e1n fogadta ellenfeleit \u00e9s az eredm\u00e9nyekt\u0151l f\u00fcggetlen\u00fcl, a m\u00e1sodik k\u00f6rben egyszer\u0171en megcser\u00e9lt\u00e9k a p\u00e1ros\u00edt\u00e1sokat.<\/p>\n<p><img fetchpriority=\"high\" decoding=\"async\" class=\"aligncenter wp-image-42107 \" src=\"https:\/\/dorogimedence.hu\/wp-content\/uploads\/2022\/04\/Dorogi-Banyasz-1961-62.jpg\" alt=\"\" width=\"710\" height=\"523\" srcset=\"https:\/\/dorogimedence.hu\/wp-content\/uploads\/2022\/04\/Dorogi-Banyasz-1961-62.jpg 566w, https:\/\/dorogimedence.hu\/wp-content\/uploads\/2022\/04\/Dorogi-Banyasz-1961-62-300x221.jpg 300w, https:\/\/dorogimedence.hu\/wp-content\/uploads\/2022\/04\/Dorogi-Banyasz-1961-62-150x111.jpg 150w, https:\/\/dorogimedence.hu\/wp-content\/uploads\/2022\/04\/Dorogi-Banyasz-1961-62-450x332.jpg 450w\" sizes=\"(max-width: 710px) 100vw, 710px\" \/><\/p>\n<p style=\"text-align: justify;\"><span style=\"font-size: 10pt;\"><em>A dorogi csapat 1962-ben, nem sokkal a H\u00fasv\u00e9ti kupagy\u0151zelm\u00e9t k\u00f6vet\u0151en, de itt m\u00e1r kieg\u00e9sz\u00fclve a k\u00e9t nagyon tehets\u00e9ges \u00faj igazol\u00e1ssal, Kar\u00e1ba J\u00e1nossal \u00e9s Szuromi Antallal, akik a belgiumi t\u00far\u00e1t k\u00f6vet\u0151en ker\u00fcltek Dorogra.<\/em><\/span><\/p>\n<p style=\"text-align: justify;\">A Brno a nagyszer\u0171 napot kifog\u00f3 v\u00e1logatott j\u00e1t\u00e9kos\u00e1nak, Vlastimil Bubn\u00edk mesterh\u00e1rmas\u00e1nak k\u00f6sz\u00f6nhet\u0151en gy\u0151zte le az egy\u00e9bk\u00e9nt nagy k\u00f6z\u00f6nsikert arat\u00f3 mieinket, a 4\u20131-es hazai gy\u0151zelemmel z\u00e1rult tal\u00e1lkoz\u00f3n. A korabeli csehszlov\u00e1k \u00fajs\u00e1gcikk kiemelte, hogy egy\u00e9bk\u00e9nt a Dorog is j\u00f3l j\u00e1tszott, s igen vesz\u00e9lyesek voltak a t\u00e1mad\u00e1saik, s ennek megfelel\u0151en\u00a0 a brav\u00farral v\u00e9d\u0151 Rufus kapus ugyancsak a meccs h\u0151s\u00e9nek bizonyult. A m\u00e1sik tal\u00e1lkoz\u00f3n a Ban\u00edk 5\u20133-ra nyert a White Star ellen. M\u00e1snap mindk\u00e9t vend\u00e9g csapat helysz\u00ednt cser\u00e9lt, azonban az utaz\u00e1s ellen\u00e9re a m\u00e1sodik j\u00e1t\u00e9knapjuk sokkal eredm\u00e9nyesebbre sikeredett. A belg\u00e1k 1\u20131-re m\u00e9rk\u0151ztek a Brno otthon\u00e1ban, m\u00edg a dorogiak 2\u20132-re Ostrav\u00e1ban, \u00edgy v\u00e9g\u00fcl minim\u00e1lis eggyel jobb g\u00f3lar\u00e1ny\u00e1val a Brno vehette \u00e1t a tr\u00f3fe\u00e1t. Egy\u00e9bk\u00e9nt ez az esem\u00e9ny is \u00e9vfordul\u00f3s, tekintve 65 \u00e9ve t\u00f6rt\u00e9nt, s m\u00e9g a napt\u00e1r szerint is szinte teljesen fed\u00e9sben \u00e1llt, hiszen 1957 h\u00fasv\u00e9tja az 1962-essel hasonl\u00f3an, ugyancsak b\u0151ven \u00e1prilis m\u00e1sodik fel\u00e9re, eg\u00e9szen pontosan \u00e1prilis 21\u201322-re esett.<\/p>\n<p><img decoding=\"async\" class=\"aligncenter wp-image-42109 \" src=\"https:\/\/dorogimedence.hu\/wp-content\/uploads\/2022\/04\/brussels-post-card.jpg\" alt=\"\" width=\"715\" height=\"501\" srcset=\"https:\/\/dorogimedence.hu\/wp-content\/uploads\/2022\/04\/brussels-post-card.jpg 735w, https:\/\/dorogimedence.hu\/wp-content\/uploads\/2022\/04\/brussels-post-card-300x210.jpg 300w, https:\/\/dorogimedence.hu\/wp-content\/uploads\/2022\/04\/brussels-post-card-150x105.jpg 150w, https:\/\/dorogimedence.hu\/wp-content\/uploads\/2022\/04\/brussels-post-card-450x315.jpg 450w\" sizes=\"(max-width: 715px) 100vw, 715px\" \/><\/p>\n<p style=\"text-align: center;\"><span style=\"font-size: 10pt;\"><em>Az els\u0151 \u00e1llom\u00e1s a belga f\u0151v\u00e1ros, Br\u00fcsszel volt<\/em><\/span><\/p>\n<p style=\"text-align: justify;\">Az \u00f6t \u00e9vvel k\u00e9s\u0151bbi viadal viszont\u00a0 kem\u00e9nyebb kih\u00edv\u00e1snak \u00edg\u00e9rkezett, s nem csak a mez\u0151nyt alkot\u00f3 csapatok h\u00edrneve miatt. Ugyanis akkoriban a vasf\u00fcgg\u00f6ny m\u00f6g\u00fcl nem volt egyszer\u0171 a t\u00faloldalra jutni. Azonban a sportdiplom\u00e1cia ereje sz\u00e1mos neh\u00e9zs\u00e9get tudott legy\u0171rni, \u00edgy v\u00e9g\u00fcl a dorogiak megkapt\u00e1k a Nyugat-Eur\u00f3p\u00e1ba val\u00f3 utaz\u00e1shoz sz\u00fcks\u00e9ges enged\u00e9lyt. Amint biztoss\u00e1 v\u00e1lt a mienk r\u00e9szv\u00e9tele, m\u00e1ris t\u00f6bb nyugati klub kereste meg a dorogi egyes\u00fcletet megh\u00edv\u00f3 aj\u00e1nlattal. K\u00f6z\u00fcl\u00fck a leg\u00e9lelmesebb a L.O.S.C. Lille volt, amely kapva az alkalmon, egy bar\u00e1ts\u00e1gos tal\u00e1lkoz\u00f3t k\u00f6t\u00f6tt le a csapatunkkal. Szerencs\u00e9re a hat\u00f3s\u00e1gok is k\u00f6t\u00e9lnek \u00e1lltak, s magadt\u00e1k a franciaorsz\u00e1gi beutaz\u00e1si enged\u00e9lyt is a belga mell\u00e9. B\u00e1r komoly megtiszteltet\u00e9s volt mindk\u00e9t eml\u00edtett megh\u00edv\u00e1s, azonban annak idej\u00e9n a dorogi klub nemzetk\u00f6zi szinten is meglehet\u0151sen ismert \u00e9s elismert egyes\u00fcletnek sz\u00e1m\u00edtott, amelyet tov\u00e1bb er\u0151s\u00edtett t\u00f6bb v\u00e1logatott j\u00e1t\u00e9kos\u00e1nak szerepl\u00e9se \u00e9s sz\u00e1mos eur\u00f3pa-, s\u0151t vil\u00e1gklasszis csapatokban megfordult dorogiak h\u00edrneve. M\u00e1r a k\u00e9t vil\u00e1gh\u00e1bor\u00fa k\u00f6z\u00f6tti id\u0151szakb\u00f3l is akadt j\u00f3p\u00e1r p\u00e9lda, mint mondjuk Frayt Mikl\u00f3s esete, aki P\u00e1rizsban kapott profi szerz\u0151d\u00e9st, vagy Cz\u00e9h Mikl\u00f3s a Rapid Bukarestben, tov\u00e1bb\u00e1 M\u00e9sz\u00e1ros Ferenc, aki sz\u00e1mos jeles k\u00fclf\u00f6ldi klubn\u00e1l is szerepelt, mint \u00e9ppen a portug\u00e1l Braga. Egykori labdar\u00fag\u00f3ink k\u00f6z\u00fcl Dacsev Mikl\u00f3s t\u00f6rt\u00e9netesen \u00e9ppen 1962-ben a belga Anderlecht csapat\u00e1ban r\u00fagta a labd\u00e1t, m\u00edg Ilku P\u00e9ter a spanyol Espanyolban, de eml\u00edthetn\u00e9nk neves edz\u0151nket, Szab\u00f3 P\u00e9tert, aki j\u00e1t\u00e9kosk\u00e9nt, k\u00e9s\u0151bb pedig edz\u0151k\u00e9nt is megfordult n\u00e9met \u00e9lcsapatokn\u00e1l Frankfurktban, K\u00f6lnben \u00e9s M\u00fcnchenben.<\/p>\n<p><img decoding=\"async\" class=\"aligncenter wp-image-42111 \" src=\"https:\/\/dorogimedence.hu\/wp-content\/uploads\/2022\/04\/Lille_Hero_Grand_Place_04.jpg\" alt=\"\" width=\"701\" height=\"467\" srcset=\"https:\/\/dorogimedence.hu\/wp-content\/uploads\/2022\/04\/Lille_Hero_Grand_Place_04.jpg 777w, https:\/\/dorogimedence.hu\/wp-content\/uploads\/2022\/04\/Lille_Hero_Grand_Place_04-300x200.jpg 300w, https:\/\/dorogimedence.hu\/wp-content\/uploads\/2022\/04\/Lille_Hero_Grand_Place_04-768x512.jpg 768w, https:\/\/dorogimedence.hu\/wp-content\/uploads\/2022\/04\/Lille_Hero_Grand_Place_04-150x100.jpg 150w, https:\/\/dorogimedence.hu\/wp-content\/uploads\/2022\/04\/Lille_Hero_Grand_Place_04-450x300.jpg 450w, https:\/\/dorogimedence.hu\/wp-content\/uploads\/2022\/04\/Lille_Hero_Grand_Place_04-272x182.jpg 272w\" sizes=\"(max-width: 701px) 100vw, 701px\" \/><\/p>\n<p style=\"text-align: center;\"><em><span style=\"font-size: 10pt;\">A H\u0151s\u00f6k tere Lille belv\u00e1ros\u00e1ban<\/span><\/em><\/p>\n<p style=\"text-align: justify;\">A B\u00e1ny\u00e1sz versenynapt\u00e1ra igen zs\u00fafoltt\u00e1 v\u00e1lt 1962 \u00e1prilis k\u00f6zep\u00e9re. K\u00f6zvetlen\u00fcl a nagy utaz\u00e1s el\u0151tt ker\u00fclt sor az NB I legnagyobb vid\u00e9ki p\u00e1ros\u00edt\u00e1s\u00e1ra, egyben a legkiemelked\u0151bb megyei rangad\u00f3ra Kom\u00e1rom megye sz\u00e9khely\u00e9n 12 ezer n\u00e9z\u0151 el\u0151tt, ahol az els\u0151 igazi vir\u00e1gkor\u00e1t \u00e9l\u0151 Tatab\u00e1nya l\u00e1tta vend\u00e9g\u00fcl a Dorogot. A h\u00e1zigazda az el\u0151tte val\u00f3 \u00e9vekben k\u00e9tszer h\u00f3d\u00edtotta el a Vid\u00e9k legjobbja c\u00edmet \u00e9s ekkor k\u00e9sz\u00fcltek harmadik c\u00edm\u00fckre, az addig n\u00e9gyszeres c\u00edmv\u00e9d\u0151 dorogiak ellen. A tal\u00e1lkoz\u00f3 2\u20132-es d\u00f6ntetlent hozott, s a Tatab\u00e1nya a Dorogt\u00f3l 3 ponttal t\u00f6bbet szerezve, bebiztos\u00edtotta 4. hely\u00e9t. A mieink a 6. helyen v\u00e9geztek, megel\u0151zve a klasszis f\u0151v\u00e1rosi g\u00e1rd\u00e1k k\u00f6z\u00fcl a Honv\u00e9dot \u00e9s a Csepelt is. Az 5. helyezett MTK\u00a0 be\u00e9kel\u0151d\u00f6tt a k\u00e9t b\u00e1ny\u00e1szcsapat k\u00f6z\u00e9. Amennyiben a dorogiak nyerni tudtak volna Tatab\u00e1ny\u00e1n, akkor az MTK-t pontban be\u00e9rt\u00e9k volna.<\/p>\n<p><img loading=\"lazy\" decoding=\"async\" class=\"aligncenter wp-image-42116 \" src=\"https:\/\/dorogimedence.hu\/wp-content\/uploads\/2022\/04\/stade_henri_joori.jpg\" alt=\"\" width=\"706\" height=\"411\" srcset=\"https:\/\/dorogimedence.hu\/wp-content\/uploads\/2022\/04\/stade_henri_joori.jpg 500w, https:\/\/dorogimedence.hu\/wp-content\/uploads\/2022\/04\/stade_henri_joori-300x175.jpg 300w, https:\/\/dorogimedence.hu\/wp-content\/uploads\/2022\/04\/stade_henri_joori-150x87.jpg 150w, https:\/\/dorogimedence.hu\/wp-content\/uploads\/2022\/04\/stade_henri_joori-450x262.jpg 450w\" sizes=\"(max-width: 706px) 100vw, 706px\" \/><\/p>\n<p style=\"text-align: center;\"><em><span style=\"font-size: 10pt;\">A Henri-Jooris stadionban fogadta a LOSC Lille a Dorogot<\/span><\/em><\/p>\n<p style=\"text-align: justify;\">A csapat \u00e9ppen csak hazaesett a tatab\u00e1nyai vend\u00e9gj\u00e1t\u00e9k\u00e1t k\u00f6vet\u0151en Dorogra, majd Vir\u00e1gvas\u00e1rnap m\u00e1ris k\u00e9szen \u00e1lltak az indul\u00e1sra. Els\u0151k\u00e9nt a belga f\u0151v\u00e1rosba \u00e9rkeztek m\u00e9gpedig Nagyh\u00e9tf\u0151n, s szinte meg sem melegedve, m\u00e1ris folytatt\u00e1k \u00fatjukat Franciaorsz\u00e1gba, amelyre Nagykedden ker\u00fclt sor. A h\u00edres francia nagyv\u00e1rosban, Lille-ben Nagyszerd\u00e1n ker\u00fclt sor a nagy sikerei k\u00f6sz\u00f6b\u00e9n \u00e1ll\u00f3 helyi LOSC Lille elleni m\u00e9rk\u0151z\u00e9sre.<\/p>\n<p><img loading=\"lazy\" decoding=\"async\" class=\"aligncenter wp-image-42118 size-full\" src=\"https:\/\/dorogimedence.hu\/wp-content\/uploads\/2022\/04\/LOSC-Dorog-1.jpg\" alt=\"\" width=\"400\" height=\"282\" srcset=\"https:\/\/dorogimedence.hu\/wp-content\/uploads\/2022\/04\/LOSC-Dorog-1.jpg 400w, https:\/\/dorogimedence.hu\/wp-content\/uploads\/2022\/04\/LOSC-Dorog-1-300x212.jpg 300w, https:\/\/dorogimedence.hu\/wp-content\/uploads\/2022\/04\/LOSC-Dorog-1-150x106.jpg 150w\" sizes=\"(max-width: 400px) 100vw, 400px\" \/><\/p>\n<p style=\"text-align: justify;\">A nagy v\u00e1rakoz\u00e1ssal k\u00eds\u00e9rt tal\u00e1lkoz\u00f3n a j\u00e1t\u00e9kvezet\u0151 meglehet\u0151sen r\u00e9szrehajl\u00f3 m\u00f3don tev\u00e9kenykedett. \u00d6t perccel a befejez\u00e9s el\u0151tt, 1\u20131-es \u00e1ll\u00e1sn\u00e1l egy 11-essel aj\u00e1nd\u00e9kozta meg a hazai felet. Ilku Istv\u00e1n kiv\u00e9dte a b\u00fcntet\u0151t, \u00e1m a s\u00edpmester megism\u00e9teltette. Buz\u00e1nszky Jen\u0151 ep\u00e9sen jegyezte meg k\u00e9s\u0151bb, hogy <strong><em>&#8222;addig rugatta a spori, m\u00edg v\u00e9gre g\u00f3l nem lett&#8221;<\/em><\/strong>. V\u00e9g\u00fcl ezzel a cseppet sem sportszer\u0171 j\u00e1t\u00e9kvezet\u0151i tev\u00e9kenys\u00e9ggel a francia g\u00e1rda nyerte a m\u00e9rk\u0151z\u00e9st 2 : 1 ar\u00e1nyban. Tal\u00e1n \u00e9ppen a meccs hajr\u00e1j\u00e1ban t\u00f6rt\u00e9nt bonyodalom miatt, de nem maradt fenn a dorogi g\u00f3l szerz\u0151j\u00e9nek kil\u00e9te.<\/p>\n<p><img loading=\"lazy\" decoding=\"async\" class=\"aligncenter wp-image-42119 \" src=\"https:\/\/dorogimedence.hu\/wp-content\/uploads\/2022\/04\/dorogiak-belgiumban-1.jpg\" alt=\"\" width=\"703\" height=\"565\" srcset=\"https:\/\/dorogimedence.hu\/wp-content\/uploads\/2022\/04\/dorogiak-belgiumban-1.jpg 777w, https:\/\/dorogimedence.hu\/wp-content\/uploads\/2022\/04\/dorogiak-belgiumban-1-300x241.jpg 300w, https:\/\/dorogimedence.hu\/wp-content\/uploads\/2022\/04\/dorogiak-belgiumban-1-768x618.jpg 768w, https:\/\/dorogimedence.hu\/wp-content\/uploads\/2022\/04\/dorogiak-belgiumban-1-150x121.jpg 150w, https:\/\/dorogimedence.hu\/wp-content\/uploads\/2022\/04\/dorogiak-belgiumban-1-450x362.jpg 450w\" sizes=\"(max-width: 703px) 100vw, 703px\" \/><\/p>\n<p style=\"text-align: justify;\"><span style=\"font-size: 10pt;\"><em>A csapat tagjai v\u00e1rosn\u00e9z\u00e9sen Br\u00fcsszelben. A felv\u00e9telen &#8211; balr\u00f3l jobbra &#8211; Marosv\u00f6lgyi Andr\u00e1s, Monostori Tivadar, Sur\u00e1nyi J\u00f3zsef \u00e9s Lakat Jen\u0151 a Royal Casino \u00e9p\u00fclete el\u0151tt l\u00e1that\u00f3 (forr\u00e1s: A Monostori csal\u00e1d album\u00e1b\u00f3l)<\/em><\/span><\/p>\n<p style=\"text-align: justify;\">A b\u00e1ny\u00e1szv\u00e1rosiak Nagycs\u00fct\u00f6rt\u00f6k\u00f6n t\u00e9rtek vissza Belgiumba, ahol maradt n\u00e9h\u00e1ny napjuk a h\u00e9tv\u00e9gi kupam\u00e9rk\u0151z\u00e9sre t\u00f6rt\u00e9n\u0151 r\u00e1hangol\u00f3d\u00e1sra \u00e9s n\u00e9mi kikapcsol\u00f3d\u00e1sra. A sorsol\u00e1s alapj\u00e1n a dorogiak a legr\u00e9gebbi alap\u00edt\u00e1s\u00fa, sokszoros bajnok \u00e9s kupagy\u0151ztes osztr\u00e1k csapattal m\u00e9rk\u0151ztek meg Br\u00fcsszelben, m\u00edg a rendez\u0151 h\u00e1zigazda Royal Antwerpen pedig a Bayern M\u00fcnchent fogadta otthon\u00e1ban. A f\u0151v\u00e1rosban lej\u00e1tszott el\u0151d\u00f6nt\u0151t a legend\u00e1s, majd h\u00edrhedt\u00e9 v\u00e1lt Heysel stadionban rendezt\u00e9k. Mint ismeretes, 23 \u00e9vvel k\u00e9s\u0151bb, 1985. m\u00e1jus 29-\u00e9n szurkol\u00f3i rendbont\u00e1s miatt vil\u00e1grasz\u00f3l\u00f3 trag\u00e9dia t\u00f6rt\u00e9nt a Liverpool\u2013Juventus BEK-d\u00f6nt\u0151n, amely 39 hal\u00e1los \u00e1ldozatot k\u00f6vetelt \u00e9s t\u00f6bbsz\u00e1z ember s\u00e9r\u00fcl\u00e9s\u00e9t okozta.<\/p>\n<p><img loading=\"lazy\" decoding=\"async\" class=\"aligncenter wp-image-42121 \" src=\"https:\/\/dorogimedence.hu\/wp-content\/uploads\/2022\/04\/heysel001-1.jpg\" alt=\"\" width=\"704\" height=\"385\" srcset=\"https:\/\/dorogimedence.hu\/wp-content\/uploads\/2022\/04\/heysel001-1.jpg 800w, https:\/\/dorogimedence.hu\/wp-content\/uploads\/2022\/04\/heysel001-1-300x164.jpg 300w, https:\/\/dorogimedence.hu\/wp-content\/uploads\/2022\/04\/heysel001-1-768x420.jpg 768w, https:\/\/dorogimedence.hu\/wp-content\/uploads\/2022\/04\/heysel001-1-150x82.jpg 150w, https:\/\/dorogimedence.hu\/wp-content\/uploads\/2022\/04\/heysel001-1-450x246.jpg 450w\" sizes=\"(max-width: 704px) 100vw, 704px\" \/><\/p>\n<p style=\"text-align: justify;\"><span style=\"font-size: 10pt;\"><em>Az el\u0151d\u00f6nt\u0151ben itt j\u00e1tszottak a dorogiak. B\u0151 k\u00e9t \u00e9vtizeddel k\u00e9s\u0151bb a szemben elhelyezked\u0151 kanyar Z-szektor\u00e1ban, a trib\u00fcn fel\u0151li oldalon t\u00f6rt\u00e9nt a t\u00f6meges katasztr\u00f3fa.<\/em><\/span><\/p>\n<p style=\"text-align: justify;\">Az 1962. \u00e1prilis 22-\u00e9n, H\u00fasv\u00e9tvas\u00e1rnap megtartott kupam\u00e9rk\u0151z\u00e9s szerencs\u00e9re sokkal vid\u00e1mabb \u00e9s felemel\u0151bb eml\u00e9kekkel z\u00e1rult. Igen sokan, t\u00falnyom\u00f3 t\u00f6bbs\u00e9g\u00e9ben helybeliek l\u00e1togattak ki a sz\u00e1mukra semleges csapatok \u00f6sszecsap\u00e1s\u00e1ra. A dorogiak remek\u00fcl j\u00e1tszottak \u00e9s ha csak egy g\u00f3llal, de nem csak meg\u00e9rdemelt, hanem biztos gy\u0151zelmet is arattak. Viszont a j\u00e9t\u00e9kvezet\u0151vel ez\u00fattal sem voltak marad\u00e9ktalanul szerencs\u00e9sek, ugyanis ezen a tal\u00e1lkoz\u00f3n is \u00edt\u00e9ltek ellen\u00fck 11-est, de Ilku ezt is kiv\u00e9dte. A g\u00f3lunk egy mintaszer\u0171 t\u00e1mad\u00e1st k\u00f6vet\u0151en sz\u00fcletett, amikor nagyszer\u0171 \u00f6sszj\u00e1t\u00e9k sor\u00e1n Cs\u00f3ri L\u00e1szl\u00f3 nyargalt el a sz\u00e9len \u00e9s remekbe szabott bead\u00e1s\u00e1t Monostori Tivadar kap\u00e1sb\u00f3l v\u00e1gta a h\u00e1l\u00f3ba. Ezzel err\u0151l az \u00e1gr\u00f3l a Dorog jutott a m\u00e1snapi d\u00f6nt\u0151be.<\/p>\n<p><img loading=\"lazy\" decoding=\"async\" class=\"aligncenter wp-image-42122 size-full\" src=\"https:\/\/dorogimedence.hu\/wp-content\/uploads\/2022\/04\/Dorog_1stwien-1.jpg\" alt=\"\" width=\"513\" height=\"304\" srcset=\"https:\/\/dorogimedence.hu\/wp-content\/uploads\/2022\/04\/Dorog_1stwien-1.jpg 513w, https:\/\/dorogimedence.hu\/wp-content\/uploads\/2022\/04\/Dorog_1stwien-1-300x178.jpg 300w, https:\/\/dorogimedence.hu\/wp-content\/uploads\/2022\/04\/Dorog_1stwien-1-150x89.jpg 150w, https:\/\/dorogimedence.hu\/wp-content\/uploads\/2022\/04\/Dorog_1stwien-1-450x267.jpg 450w\" sizes=\"(max-width: 513px) 100vw, 513px\" \/><\/p>\n<p style=\"text-align: justify;\">A m\u00e1sik tal\u00e1lkoz\u00f3n nem b\u00edrtak egym\u00e1s ellen a felek, akik 1\u20131-es d\u00f6ntetlenre v\u00e9geztek. A korabeli bevett szok\u00e1sok alapj\u00e1n, ilyen esetekben \u00fajraj\u00e1tsz\u00e1sra ker\u00fclt sor, azonban a torna jellege miatt erre nem volt sem m\u00f3d, sem id\u0151, \u00edgy azt\u00e1n a rendez\u0151k salamoni d\u00f6nt\u00e9st eszk\u00f6z\u00f6ltek \u00e9s a vil\u00e1gon t\u00e9tm\u00e9rk\u0151z\u00e9sen el\u0151sz\u00f6r, 11-es p\u00e1rbaj d\u00f6nt\u00f6tt. Ebben a n\u00e9metek bizonyultak jobbnak, akik mind az \u00f6t b\u00fcntet\u0151t \u00e9rt\u00e9kes\u00edtett\u00e9k, \u00edgy a Dorog mell\u00e9 \u0151k ker\u00fcltek a fin\u00e1l\u00e9ba. Az itt els\u0151k\u00e9nt alkalmazott 11-es p\u00e1rbaj n\u00e9h\u00e1ny \u00e9vvel k\u00e9s\u0151bb lett a FIFA \u00e1ltal is elfogadott \u00e9s napjainkban is ez az ir\u00e1nyad\u00f3.<\/p>\n<p><img loading=\"lazy\" decoding=\"async\" class=\"aligncenter wp-image-42127 \" src=\"https:\/\/dorogimedence.hu\/wp-content\/uploads\/2022\/04\/antwerpen-post-card-1.jpg\" alt=\"\" width=\"697\" height=\"489\" srcset=\"https:\/\/dorogimedence.hu\/wp-content\/uploads\/2022\/04\/antwerpen-post-card-1.jpg 335w, https:\/\/dorogimedence.hu\/wp-content\/uploads\/2022\/04\/antwerpen-post-card-1-300x210.jpg 300w, https:\/\/dorogimedence.hu\/wp-content\/uploads\/2022\/04\/antwerpen-post-card-1-150x105.jpg 150w\" sizes=\"(max-width: 697px) 100vw, 697px\" \/><\/p>\n<p style=\"text-align: center;\"><em><span style=\"font-size: 10pt;\">A torna h\u00e1zigazda csapat\u00e1nak v\u00e1rosa<\/span><\/em><\/p>\n<p style=\"text-align: justify;\">H\u00fasv\u00e9th\u00e9tf\u0151 m\u00e1r Antwerpenben tal\u00e1lta a dorogiakat. A h\u00e1zigazd\u00e1k a mieink ellen kiss\u00e9 kimer\u00fclt osztr\u00e1kok legy\u0151z\u00e9s\u00e9vel vigasztal\u00f3dtak a bronzmeccsen, s alaposan kit\u00f6mt\u00e9k a b\u00e9csiek kapuj\u00e1t az 5\u20131-es gy\u0151zelmet hoz\u00f3 tal\u00e1lkoz\u00f3n. Bizonyos fokig joggal szomorkodhattak a belg\u00e1k, hiszen veretlen\u00fcl lettek a harmadikok.<\/p>\n<p><span style=\"font-size: 10pt;\"><em><img loading=\"lazy\" decoding=\"async\" class=\"wp-image-42126 aligncenter\" src=\"https:\/\/dorogimedence.hu\/wp-content\/uploads\/2022\/04\/bosuil013.jpg\" alt=\"\" width=\"700\" height=\"440\" srcset=\"https:\/\/dorogimedence.hu\/wp-content\/uploads\/2022\/04\/bosuil013.jpg 1024w, https:\/\/dorogimedence.hu\/wp-content\/uploads\/2022\/04\/bosuil013-300x188.jpg 300w, https:\/\/dorogimedence.hu\/wp-content\/uploads\/2022\/04\/bosuil013-768x482.jpg 768w, https:\/\/dorogimedence.hu\/wp-content\/uploads\/2022\/04\/bosuil013-150x94.jpg 150w, https:\/\/dorogimedence.hu\/wp-content\/uploads\/2022\/04\/bosuil013-450x283.jpg 450w\" sizes=\"(max-width: 700px) 100vw, 700px\" \/><\/em><\/span><\/p>\n<p style=\"text-align: center;\"><span style=\"font-size: 10pt;\"><em><span style=\"font-family: Roboto, system-ui, -apple-system, 'Segoe UI', Arial, sans-serif; color: var(--c-contrast-800);\">A d\u00f6nt\u0151 helysz\u00edne, a Bosuilstadion Antwerpenben<\/span><\/em><\/span><\/p>\n<p>A d\u00f6nt\u0151t ugyan k\u00e9t vend\u00e9g csapat j\u00e1tszotta, de belga drukkerek igen nagy sz\u00e1mban l\u00e1togattak ki a tal\u00e1lkoz\u00f3ra, ahol a k\u00e9t csapat a k\u00f6vetkez\u0151 \u00f6ssze\u00e1ll\u00edt\u00e1sban l\u00e9pett p\u00e1ly\u00e1ra:<\/p>\n<p><em><strong>Dorog: Ilku \u2013 Fellegi, Lakat, Fodor, F\u00fcrt\u00f6s, Proh\u00e1szka, Ol\u00e1h, Sur\u00e1nyi, Monostori, Kertes, Cs\u00f3ri.<\/strong><\/em><\/p>\n<p><em><strong>Bayern: Kosar \u2013 Tietz, Kupferschmidt, Ostner, Borutta, Glesemann, Rockenwagner, Ohlhauser, Thimm, Grosser, Olk.<\/strong><\/em><\/p>\n<p><img loading=\"lazy\" decoding=\"async\" class=\"aligncenter wp-image-42124 size-full\" src=\"https:\/\/dorogimedence.hu\/wp-content\/uploads\/2022\/04\/Dorog_BayernM.jpg\" alt=\"\" width=\"504\" height=\"282\" srcset=\"https:\/\/dorogimedence.hu\/wp-content\/uploads\/2022\/04\/Dorog_BayernM.jpg 504w, https:\/\/dorogimedence.hu\/wp-content\/uploads\/2022\/04\/Dorog_BayernM-300x168.jpg 300w, https:\/\/dorogimedence.hu\/wp-content\/uploads\/2022\/04\/Dorog_BayernM-150x84.jpg 150w, https:\/\/dorogimedence.hu\/wp-content\/uploads\/2022\/04\/Dorog_BayernM-450x252.jpg 450w\" sizes=\"(max-width: 504px) 100vw, 504px\" \/><\/p>\n<p style=\"text-align: justify;\">A dorogiak b\u00e1tran \u00e9s t\u00e1mad\u00f3an vetett\u00e9k magukat a k\u00fczdelembe \u00e9s az els\u0151 10 percet k\u00f6vet\u0151en kezdtek igaz\u00e1n vesz\u00e9lyess\u00e9 v\u00e1lni. Negyed\u00f3r\u00e1nyi j\u00e1t\u00e9kot k\u00f6vet\u0151en Kertes L\u00e1szl\u00f3 nagyszer\u0171 g\u00f3lj\u00e1val el\u0151nybe ker\u00fcltek a mieink, amelyet mindv\u00e9gig siker\u00fclt meg\u0151rizni. A gy\u0151zelemmel a Dorog h\u00f3d\u00edtotta el a kup\u00e1t, tov\u00e1bb emelve mind a v\u00e1rosunk, mind a dorogi klub h\u00edrnev\u00e9t.<\/p>\n<p style=\"text-align: justify;\"><strong>A kupagy\u0151ztes dorogi csapat tagjai: Cs\u00f3ri L\u00e1szl\u00f3,\u00a0 Fellegi Istv\u00e1n, Fodor J\u00e1nos, F\u00fcrt\u00f6s G\u00e1bor, Heged\u0171s Endre, Ilku Istv\u00e1n, Ilku J\u00e1nos, Kertes L\u00e1szl\u00f3, Kov\u00e1cs Istv\u00e1n, Lakat Jen\u0151, L\u00e1ng K\u00e1roly, Marosv\u00f6lgyi Andr\u00e1s, Monostori Tivadar, Ol\u00e1h S\u00e1ndor, P\u00e1lmai S\u00e1ndor, Proh\u00e1szka J\u00e1nos, Sur\u00e1nyi J\u00f3zsef, Varga J\u00e1nos. <\/strong><\/p>\n<p style=\"text-align: justify;\"><strong>Vezet\u0151edz\u0151: Buz\u00e1nszky Jen\u0151.<\/strong><\/p>\n<p><img loading=\"lazy\" decoding=\"async\" class=\"aligncenter wp-image-42125 size-full\" src=\"https:\/\/dorogimedence.hu\/wp-content\/uploads\/2022\/04\/dorogkupagyoztes-1.jpg\" alt=\"\" width=\"588\" height=\"446\" srcset=\"https:\/\/dorogimedence.hu\/wp-content\/uploads\/2022\/04\/dorogkupagyoztes-1.jpg 588w, https:\/\/dorogimedence.hu\/wp-content\/uploads\/2022\/04\/dorogkupagyoztes-1-300x228.jpg 300w, https:\/\/dorogimedence.hu\/wp-content\/uploads\/2022\/04\/dorogkupagyoztes-1-150x114.jpg 150w, https:\/\/dorogimedence.hu\/wp-content\/uploads\/2022\/04\/dorogkupagyoztes-1-450x341.jpg 450w\" sizes=\"(max-width: 588px) 100vw, 588px\" \/><\/p>\n<p style=\"text-align: center;\"><span style=\"font-size: 10pt;\"><em>Az els\u0151 hazai h\u00edrad\u00e1sok egyike, amely besz\u00e1molt a szenz\u00e1ci\u00f3s sikerr\u0151l<\/em><\/span><\/p>\n<p style=\"text-align: justify;\">Ezzel a dorogi csapat a febru\u00e1ri NDK-beli torn\u00e1j\u00e1t k\u00f6vet\u0151en folytatta a kit\u0171n\u0151 szerepl\u00e9s\u00e9t a nemzetk\u00f6zi porondon, azonban az \u00e9v tov\u00e1bbi jeles esem\u00e9nyeket is tartogatott, amelyekr\u0151l szint\u00e9n igyekszem a megfelel\u0151 id\u0151ben megeml\u00e9kezni. A mieink \u00e1ltal nyert belga kupa igaz\u00e1n m\u00e9retes \u00e9s d\u00edszes tr\u00f3fea volt, amelyet sok\u00e1ig a klub sz\u00e9kh\u00e1z\u00e1nak irodahelyis\u00e9geiben \u0151riztek \u00e9s ott is lehetett megcsod\u00e1lni. Sajn\u00e1latos m\u00f3don, id\u0151vel elt\u0171nt \u00e9s holl\u00e9t\u00e9t j\u00f3t\u00e9kony hom\u00e1ly fedi. Mire a Dorogi Sportm\u00fazeum megnyit\u00e1s\u00e1hoz t\u00f6rt\u00e9nt el\u0151k\u00e9sz\u00fcletek sor\u00e1n az erekly\u00e9k \u00f6sszegy\u0171jt\u00e9sre ker\u00fcltek volna, addigra m\u00e1r r\u00e9g nem volt fellelhet\u0151. K\u00e9zzel foghat\u00f3 t\u00e1rgyi eml\u00e9k azonban \u00edgy is fennmaradt, m\u00e9gpedig az egyik neves belga \u00fajs\u00e1gban a torn\u00e1r\u00f3l megjelent tekint\u00e9lyes terjedelm\u0171 cikk Buz\u00e1nszky Jen\u0151 j\u00f3volt\u00e1b\u00f3l meg\u0151rz\u0151d\u00f6tt, amelyet a dorogi m\u00fazeum t\u00e1rlat\u00e1nak adom\u00e1nyozott.<\/p>\n<p><img loading=\"lazy\" decoding=\"async\" class=\"aligncenter wp-image-42128 \" src=\"https:\/\/dorogimedence.hu\/wp-content\/uploads\/2022\/04\/62b.jpg\" alt=\"\" width=\"596\" height=\"794\" srcset=\"https:\/\/dorogimedence.hu\/wp-content\/uploads\/2022\/04\/62b.jpg 912w, https:\/\/dorogimedence.hu\/wp-content\/uploads\/2022\/04\/62b-225x300.jpg 225w, https:\/\/dorogimedence.hu\/wp-content\/uploads\/2022\/04\/62b-768x1024.jpg 768w, https:\/\/dorogimedence.hu\/wp-content\/uploads\/2022\/04\/62b-150x200.jpg 150w, https:\/\/dorogimedence.hu\/wp-content\/uploads\/2022\/04\/62b-450x600.jpg 450w\" sizes=\"(max-width: 596px) 100vw, 596px\" \/><\/p>\n<p style=\"text-align: center;\"><span style=\"font-size: 10pt;\"><em>A nevezett belga \u00fajs\u00e1g c\u00edmlapja a Dorogi Sportm\u00fazeumban<\/em><\/span><\/p>\n<p style=\"text-align: justify;\">Ezen cikk keret\u00e9n bel\u00fcl szeretn\u00e9k egy m\u00e1sik szorosan kapcsol\u00f3d\u00f3 jeles \u00e9vfordul\u00f3t is m\u00e9ltatni. Hi\u00e1ba, a sz\u00e1lak valahol mindig \u00f6ssze\u00e9rnek. Nevezetesen, a napokban \u00fcnnepelte 80. sz\u00fclet\u00e9snapj\u00e1t egykori kiv\u00e1l\u00f3s\u00e1gunk, a cikkben fentebb m\u00e1r megeml\u00edtett Kar\u00e1ba J\u00e1nos. 1962 nyar\u00e1n igazolt Dorogra, \u00edgy nem sokkal k\u00e9s\u0151bb l\u00e9pett a csapat soraiban, mint a sz\u00f3banforg\u00f3 kupagy\u0151zelem. Az egykori sz\u00e9lv\u00e9szgyors t\u00e1mad\u00f3 1942. \u00e1prilis 19-\u00e9n sz\u00fcletett \u00e9s \u00e9ppen a 20. sz\u00fclet\u00e9snapj\u00e1t t\u00f6lt\u00f6tte, amikor leend\u0151 csapata a nyugat-eur\u00f3pai t\u00far\u00e1j\u00e1nak s\u0171r\u0171j\u00e9ben volt. Buz\u00e1nszky Jen\u0151 fedezte fel az ifj\u00fa tehets\u00e9get, aki hamar beilleszkedett a piros-feket\u00e9k k\u00f6z\u00e9 \u00e9s r\u00f6vid id\u0151n bel\u00fcl meghat\u00e1roz\u00f3 j\u00e1t\u00e9koss\u00e1 v\u00e1lt.<\/p>\n<p><img loading=\"lazy\" decoding=\"async\" class=\"aligncenter wp-image-42132 \" src=\"https:\/\/dorogimedence.hu\/wp-content\/uploads\/2022\/04\/Karaba-Janos-223x300.jpg\" alt=\"\" width=\"244\" height=\"328\" srcset=\"https:\/\/dorogimedence.hu\/wp-content\/uploads\/2022\/04\/Karaba-Janos-223x300.jpg 223w, https:\/\/dorogimedence.hu\/wp-content\/uploads\/2022\/04\/Karaba-Janos-150x202.jpg 150w, https:\/\/dorogimedence.hu\/wp-content\/uploads\/2022\/04\/Karaba-Janos.jpg 300w\" sizes=\"(max-width: 244px) 100vw, 244px\" \/><\/p>\n<p style=\"text-align: center;\"><span style=\"font-size: 10pt;\"><em>Az ifj\u00fa Kar\u00e1ba J\u00e1nos dorogi \u00e9veiben (forr\u00e1s: A Pfluger csal\u00e1d album\u00e1b\u00f3l)<\/em><\/span><\/p>\n<p style=\"text-align: justify;\">A Dorogb\u00f3l kapott megh\u00edv\u00f3t az ut\u00e1np\u00f3tl\u00e1s v\u00e1logatotthoz \u00e9s ugyancsak Dorogr\u00f3l lett B-v\u00e1logatott is. Kerek h\u00e1rom \u00e9vadot j\u00e1tszott a b\u00e1ny\u00e1szv\u00e1rosiak alakulat\u00e1ban, amikor bejelentkezett \u00e9rte a Fradi. Lak\u00e1s\u00e1n szem\u00e9lyes kereste fel \u0150t az FTC akkori edz\u0151je, M\u00e9sz\u00e1ros J\u00f3zsef, valamint k\u00e9t ferencv\u00e1rosi labdar\u00fag\u00f3 ikon, Albert Fl\u00f3ri\u00e1n \u00e9s R\u00e1kosi Gyula, hogy h\u00edvj\u00e1k a f\u0151v\u00e1rosi klubhoz szerz\u0151dni. P\u00e1lyafut\u00e1sa sor\u00e1n bajnok \u00e9s kupagy\u0151ztes is lett a z\u00f6ld-feh\u00e9rekkel, majd j\u00e1tszott a V\u00f6r\u00f6s Meteor csapat\u00e1ban is. A dorogiakkal tov\u00e1bbra is \u00e1polja a kapcsolatot \u00e9s nem egyszer szem\u00e9lyesen is vend\u00e9geskedett v\u00e1rosunkban. T\u00f6bbek k\u00f6z\u00f6tt a klub centen\u00e1riumi \u00fcnneps\u00e9g\u00e9n is tisztelet\u00e9t tette. Ez\u00faton k\u00f6sz\u00f6ntj\u00fck, Isten \u00e9ltesse \u00e9s k\u00edv\u00e1nunk sok boldogs\u00e1got, j\u00f3 eg\u00e9szs\u00e9get!<\/p>\n<p><img loading=\"lazy\" decoding=\"async\" class=\"aligncenter wp-image-24697 \" src=\"https:\/\/dorogimedence.hu\/wp-content\/uploads\/2020\/05\/buzanszky-03.jpg\" alt=\"\" width=\"701\" height=\"526\" srcset=\"https:\/\/dorogimedence.hu\/wp-content\/uploads\/2020\/05\/buzanszky-03.jpg 670w, https:\/\/dorogimedence.hu\/wp-content\/uploads\/2020\/05\/buzanszky-03-300x225.jpg 300w\" sizes=\"(max-width: 701px) 100vw, 701px\" \/><\/p>\n<p style=\"text-align: justify;\"><em><span style=\"font-size: 10pt;\">A felv\u00e9telen jobb sz\u00e9len l\u00e1that\u00f3 Kar\u00e1ba J\u00e1nos a dorogi stadionban n\u00e9h\u00e1ny egykori helyi j\u00e1t\u00e9kost\u00e1rsa \u00e9s edz\u0151je, valamint a DFC jelenlegi eln\u00f6k\u00e9nek t\u00e1rsas\u00e1g\u00e1ban 2014 nyar\u00e1n (forr\u00e1s: Mayer L\u00e1szl\u00f3 a Dorogi FC eln\u00f6ke)<\/span><\/em><\/p>\n<p><strong>Bor\u00edt\u00f3k\u00e9p:<\/strong> A N\u00e9psport 1962. \u00e1prilis 24-i sz\u00e1m\u00e1ban megjelent besz\u00e1mol\u00f3<\/p>\n<p style=\"text-align: justify;\"><strong><span style=\"text-decoration: underline;\">K\u00fcl\u00f6n k\u00f6sz\u00f6net a megjel\u00f6lt k\u00e9pek\u00e9rt \u00e9s a megjelentet\u00e9s\u00fckh\u00f6z val\u00f3 hozz\u00e1j\u00e1rul\u00e1suk\u00e9rt:<\/span> Monostori Tivadarn\u00e9 Marg\u00f3, T\u00f3thn\u00e9 Pfluger Zsuzsa \u00e9s Mayer L\u00e1szl\u00f3 r\u00e9sz\u00e9re. Tov\u00e1bb\u00e1 ugyancsak k\u00f6sz\u00f6netemet szeretn\u00e9m kifejezni Goldschmidt Orsoly\u00e1nak, a Dorogi Sportm\u00fazeumban l\u00e9v\u0151 \u00fajs\u00e1gcikk k\u00f3pi\u00e1j\u00e1\u00e9rt.\u00a0<\/strong><\/p>\n<p><span style=\"font-size: 12pt;\"><em><strong>Szab\u00f3 Gyula<\/strong><\/em><\/span><\/p>\n","protected":false},"excerpt":{"rendered":"<p>Kerek hat \u00e9vtizeddel ezel\u0151tt, 1962 h\u00fasv\u00e9tj\u00e1n a Dorog labdar\u00fag\u00f3 csapata egy Belgiumban rendezett nemzetk\u00f6zi torn\u00e1n, klasszis nyugat-eur\u00f3pai klubokat legy\u0151zve h\u00f3d\u00edtotta el a kup\u00e1t. A n\u00edv\u00f3s esem\u00e9ny egy tov\u00e1bbi vonzata miatt k\u00fcl\u00f6n sportt\u00f6rt\u00e9nelmi nevezetess\u00e9g\u0171v\u00e9 is v\u00e1lt. Kontinens-szerte mintegy f\u00e9l \u00e9vsz\u00e1zodon \u00e1t a H\u00fasv\u00e9ti torn\u00e1k jelentett\u00e9k az egyik legnagyszer\u0171bb f\u00f3rumot a nemzetk\u00f6zi megm\u00e9rettet\u00e9sekhez, ahol jeles eur\u00f3pai klubok<\/p>\n","protected":false},"author":4,"featured_media":42105,"comment_status":"closed","ping_status":"closed","sticky":false,"template":"","format":"standard","meta":{"ngg_post_thumbnail":0,"footnotes":""},"categories":[2,3,6031,5],"tags":[15,37,70,69,72,16],"class_list":{"0":"post-42103","1":"post","2":"type-post","3":"status-publish","4":"format-standard","5":"has-post-thumbnail","7":"category-dorog","8":"category-hirek","9":"category-kerek-evfordulok","10":"category-sport","11":"tag-dorog","12":"tag-dorogi-fc","13":"tag-foci","14":"tag-futball","15":"tag-labdarugas","16":"tag-sport"},"yoast_head":"<!-- This site is optimized with the Yoast SEO plugin v27.4 - https:\/\/yoast.com\/product\/yoast-seo-wordpress\/ -->\n<title>60 \u00e9ve t\u00f6rt\u00e9nt: A Dorog neves nemzetk\u00f6zi kupagy\u0151zelme Belgiumban<\/title>\n<meta name=\"robots\" content=\"index, follow, max-snippet:-1, max-image-preview:large, max-video-preview:-1\" \/>\n<link rel=\"canonical\" href=\"https:\/\/dorogimedence.hu\/index.php\/2022\/04\/24\/60-eve-tortent-a-dorog-neves-nemzetkozi-kupagyozelme-belgiumban\/\" class=\"yoast-seo-meta-tag\" \/>\n<meta property=\"og:locale\" content=\"hu_HU\" class=\"yoast-seo-meta-tag\" \/>\n<meta property=\"og:type\" content=\"article\" class=\"yoast-seo-meta-tag\" \/>\n<meta property=\"og:title\" content=\"60 \u00e9ve t\u00f6rt\u00e9nt: A Dorog neves nemzetk\u00f6zi kupagy\u0151zelme Belgiumban\" class=\"yoast-seo-meta-tag\" \/>\n<meta property=\"og:description\" content=\"Kerek hat \u00e9vtizeddel ezel\u0151tt, 1962 h\u00fasv\u00e9tj\u00e1n a Dorog labdar\u00fag\u00f3 csapata egy Belgiumban rendezett nemzetk\u00f6zi torn\u00e1n, klasszis nyugat-eur\u00f3pai klubokat legy\u0151zve h\u00f3d\u00edtotta el a kup\u00e1t. A n\u00edv\u00f3s esem\u00e9ny egy tov\u00e1bbi vonzata miatt k\u00fcl\u00f6n sportt\u00f6rt\u00e9nelmi nevezetess\u00e9g\u0171v\u00e9 is v\u00e1lt. Kontinens-szerte mintegy f\u00e9l \u00e9vsz\u00e1zodon \u00e1t a H\u00fasv\u00e9ti torn\u00e1k jelentett\u00e9k az egyik legnagyszer\u0171bb f\u00f3rumot a nemzetk\u00f6zi megm\u00e9rettet\u00e9sekhez, ahol jeles eur\u00f3pai klubok\" class=\"yoast-seo-meta-tag\" \/>\n<meta property=\"og:url\" content=\"https:\/\/dorogimedence.hu\/index.php\/2022\/04\/24\/60-eve-tortent-a-dorog-neves-nemzetkozi-kupagyozelme-belgiumban\/\" class=\"yoast-seo-meta-tag\" \/>\n<meta property=\"og:site_name\" content=\"Dorogi-medence Region\u00e1lis H\u00edrport\u00e1l\" class=\"yoast-seo-meta-tag\" \/>\n<meta property=\"article:publisher\" content=\"https:\/\/www.facebook.com\/dorogimedence\/\" class=\"yoast-seo-meta-tag\" \/>\n<meta property=\"article:published_time\" content=\"2022-04-24T05:28:54+00:00\" class=\"yoast-seo-meta-tag\" \/>\n<meta property=\"article:modified_time\" content=\"2023-03-09T19:13:08+00:00\" class=\"yoast-seo-meta-tag\" \/>\n<meta property=\"og:image\" content=\"https:\/\/dorogimedence.hu\/wp-content\/uploads\/2022\/04\/boritokep.jpg\" class=\"yoast-seo-meta-tag\" \/>\n\t<meta property=\"og:image:width\" content=\"1308\" class=\"yoast-seo-meta-tag\" \/>\n\t<meta property=\"og:image:height\" content=\"685\" class=\"yoast-seo-meta-tag\" \/>\n\t<meta property=\"og:image:type\" content=\"image\/jpeg\" class=\"yoast-seo-meta-tag\" \/>\n<meta name=\"author\" content=\"Szab\u00f3 Gyula\" class=\"yoast-seo-meta-tag\" \/>\n<meta name=\"twitter:card\" content=\"summary_large_image\" class=\"yoast-seo-meta-tag\" \/>\n<meta name=\"twitter:label1\" content=\"Szerz\u0151:\" class=\"yoast-seo-meta-tag\" \/>\n\t<meta name=\"twitter:data1\" content=\"Szab\u00f3 Gyula\" class=\"yoast-seo-meta-tag\" \/>\n\t<meta name=\"twitter:label2\" content=\"Becs\u00fclt olvas\u00e1si id\u0151\" class=\"yoast-seo-meta-tag\" \/>\n\t<meta name=\"twitter:data2\" content=\"14 perc\" class=\"yoast-seo-meta-tag\" \/>\n<script type=\"application\/ld+json\" class=\"yoast-schema-graph\">{\"@context\":\"https:\\\/\\\/schema.org\",\"@graph\":[{\"@type\":\"Article\",\"@id\":\"https:\\\/\\\/dorogimedence.hu\\\/index.php\\\/2022\\\/04\\\/24\\\/60-eve-tortent-a-dorog-neves-nemzetkozi-kupagyozelme-belgiumban\\\/#article\",\"isPartOf\":{\"@id\":\"https:\\\/\\\/dorogimedence.hu\\\/index.php\\\/2022\\\/04\\\/24\\\/60-eve-tortent-a-dorog-neves-nemzetkozi-kupagyozelme-belgiumban\\\/\"},\"author\":{\"name\":\"Szab\u00f3 Gyula\",\"@id\":\"https:\\\/\\\/dorogimedence.hu\\\/#\\\/schema\\\/person\\\/76605e8151ec1b7376385cd184ede973\"},\"headline\":\"60 \u00e9ve t\u00f6rt\u00e9nt: A Dorog neves nemzetk\u00f6zi kupagy\u0151zelme Belgiumban\",\"datePublished\":\"2022-04-24T05:28:54+00:00\",\"dateModified\":\"2023-03-09T19:13:08+00:00\",\"mainEntityOfPage\":{\"@id\":\"https:\\\/\\\/dorogimedence.hu\\\/index.php\\\/2022\\\/04\\\/24\\\/60-eve-tortent-a-dorog-neves-nemzetkozi-kupagyozelme-belgiumban\\\/\"},\"wordCount\":2872,\"publisher\":{\"@id\":\"https:\\\/\\\/dorogimedence.hu\\\/#organization\"},\"image\":{\"@id\":\"https:\\\/\\\/dorogimedence.hu\\\/index.php\\\/2022\\\/04\\\/24\\\/60-eve-tortent-a-dorog-neves-nemzetkozi-kupagyozelme-belgiumban\\\/#primaryimage\"},\"thumbnailUrl\":\"https:\\\/\\\/dorogimedence.hu\\\/wp-content\\\/uploads\\\/2022\\\/04\\\/boritokep.jpg\",\"keywords\":[\"Dorog\",\"Dorogi FC\",\"foci\",\"futball\",\"labdar\u00fag\u00e1s\",\"sport\"],\"articleSection\":[\"Dorog\",\"H\u00edrek\",\"Kerek \u00e9vfordul\u00f3k\",\"Sport\"],\"inLanguage\":\"hu\"},{\"@type\":\"WebPage\",\"@id\":\"https:\\\/\\\/dorogimedence.hu\\\/index.php\\\/2022\\\/04\\\/24\\\/60-eve-tortent-a-dorog-neves-nemzetkozi-kupagyozelme-belgiumban\\\/\",\"url\":\"https:\\\/\\\/dorogimedence.hu\\\/index.php\\\/2022\\\/04\\\/24\\\/60-eve-tortent-a-dorog-neves-nemzetkozi-kupagyozelme-belgiumban\\\/\",\"name\":\"60 \u00e9ve t\u00f6rt\u00e9nt: A Dorog neves nemzetk\u00f6zi kupagy\u0151zelme Belgiumban\",\"isPartOf\":{\"@id\":\"https:\\\/\\\/dorogimedence.hu\\\/#website\"},\"primaryImageOfPage\":{\"@id\":\"https:\\\/\\\/dorogimedence.hu\\\/index.php\\\/2022\\\/04\\\/24\\\/60-eve-tortent-a-dorog-neves-nemzetkozi-kupagyozelme-belgiumban\\\/#primaryimage\"},\"image\":{\"@id\":\"https:\\\/\\\/dorogimedence.hu\\\/index.php\\\/2022\\\/04\\\/24\\\/60-eve-tortent-a-dorog-neves-nemzetkozi-kupagyozelme-belgiumban\\\/#primaryimage\"},\"thumbnailUrl\":\"https:\\\/\\\/dorogimedence.hu\\\/wp-content\\\/uploads\\\/2022\\\/04\\\/boritokep.jpg\",\"datePublished\":\"2022-04-24T05:28:54+00:00\",\"dateModified\":\"2023-03-09T19:13:08+00:00\",\"breadcrumb\":{\"@id\":\"https:\\\/\\\/dorogimedence.hu\\\/index.php\\\/2022\\\/04\\\/24\\\/60-eve-tortent-a-dorog-neves-nemzetkozi-kupagyozelme-belgiumban\\\/#breadcrumb\"},\"inLanguage\":\"hu\",\"potentialAction\":[{\"@type\":\"ReadAction\",\"target\":[\"https:\\\/\\\/dorogimedence.hu\\\/index.php\\\/2022\\\/04\\\/24\\\/60-eve-tortent-a-dorog-neves-nemzetkozi-kupagyozelme-belgiumban\\\/\"]}]},{\"@type\":\"ImageObject\",\"inLanguage\":\"hu\",\"@id\":\"https:\\\/\\\/dorogimedence.hu\\\/index.php\\\/2022\\\/04\\\/24\\\/60-eve-tortent-a-dorog-neves-nemzetkozi-kupagyozelme-belgiumban\\\/#primaryimage\",\"url\":\"https:\\\/\\\/dorogimedence.hu\\\/wp-content\\\/uploads\\\/2022\\\/04\\\/boritokep.jpg\",\"contentUrl\":\"https:\\\/\\\/dorogimedence.hu\\\/wp-content\\\/uploads\\\/2022\\\/04\\\/boritokep.jpg\",\"width\":1308,\"height\":685},{\"@type\":\"BreadcrumbList\",\"@id\":\"https:\\\/\\\/dorogimedence.hu\\\/index.php\\\/2022\\\/04\\\/24\\\/60-eve-tortent-a-dorog-neves-nemzetkozi-kupagyozelme-belgiumban\\\/#breadcrumb\",\"itemListElement\":[{\"@type\":\"ListItem\",\"position\":1,\"name\":\"Kezd\u0151lap\",\"item\":\"https:\\\/\\\/dorogimedence.hu\\\/\"},{\"@type\":\"ListItem\",\"position\":2,\"name\":\"60 \u00e9ve t\u00f6rt\u00e9nt: A Dorog neves nemzetk\u00f6zi kupagy\u0151zelme Belgiumban\"}]},{\"@type\":\"WebSite\",\"@id\":\"https:\\\/\\\/dorogimedence.hu\\\/#website\",\"url\":\"https:\\\/\\\/dorogimedence.hu\\\/\",\"name\":\"Dorogi-medence Region\u00e1lis H\u00edrport\u00e1l\",\"description\":\"Dorog, Keszt\u00f6lc, Le\u00e1nyv\u00e1r, Piliscs\u00e9v, Tokod, Tokodalt\u00e1r\u00f3, Csolnok, Esztergom-kertv\u00e1ros: h\u00edrek, programok\",\"publisher\":{\"@id\":\"https:\\\/\\\/dorogimedence.hu\\\/#organization\"},\"potentialAction\":[{\"@type\":\"SearchAction\",\"target\":{\"@type\":\"EntryPoint\",\"urlTemplate\":\"https:\\\/\\\/dorogimedence.hu\\\/?s={search_term_string}\"},\"query-input\":{\"@type\":\"PropertyValueSpecification\",\"valueRequired\":true,\"valueName\":\"search_term_string\"}}],\"inLanguage\":\"hu\"},{\"@type\":\"Organization\",\"@id\":\"https:\\\/\\\/dorogimedence.hu\\\/#organization\",\"name\":\"Dorogi-medence Region\u00e1lis H\u00edrport\u00e1l\",\"url\":\"https:\\\/\\\/dorogimedence.hu\\\/\",\"logo\":{\"@type\":\"ImageObject\",\"inLanguage\":\"hu\",\"@id\":\"https:\\\/\\\/dorogimedence.hu\\\/#\\\/schema\\\/logo\\\/image\\\/\",\"url\":\"https:\\\/\\\/dorogimedence.hu\\\/wp-content\\\/uploads\\\/2021\\\/04\\\/logo-feher-600.png\",\"contentUrl\":\"https:\\\/\\\/dorogimedence.hu\\\/wp-content\\\/uploads\\\/2021\\\/04\\\/logo-feher-600.png\",\"width\":600,\"height\":100,\"caption\":\"Dorogi-medence Region\u00e1lis H\u00edrport\u00e1l\"},\"image\":{\"@id\":\"https:\\\/\\\/dorogimedence.hu\\\/#\\\/schema\\\/logo\\\/image\\\/\"},\"sameAs\":[\"https:\\\/\\\/www.facebook.com\\\/dorogimedence\\\/\"]},{\"@type\":\"Person\",\"@id\":\"https:\\\/\\\/dorogimedence.hu\\\/#\\\/schema\\\/person\\\/76605e8151ec1b7376385cd184ede973\",\"name\":\"Szab\u00f3 Gyula\",\"image\":{\"@type\":\"ImageObject\",\"inLanguage\":\"hu\",\"@id\":\"\\\/\\\/www.gravatar.com\\\/avatar\\\/3e44b6fb2ef9bcea3639958cc2a587cb?s=96&#038;r=g&#038;d=mm\",\"url\":\"\\\/\\\/www.gravatar.com\\\/avatar\\\/3e44b6fb2ef9bcea3639958cc2a587cb?s=96&#038;r=g&#038;d=mm\",\"contentUrl\":\"\\\/\\\/www.gravatar.com\\\/avatar\\\/3e44b6fb2ef9bcea3639958cc2a587cb?s=96&#038;r=g&#038;d=mm\",\"caption\":\"Szab\u00f3 Gyula\"}}]}<\/script>\n<!-- \/ Yoast SEO plugin. -->","yoast_head_json":{"title":"60 \u00e9ve t\u00f6rt\u00e9nt: A Dorog neves nemzetk\u00f6zi kupagy\u0151zelme Belgiumban","robots":{"index":"index","follow":"follow","max-snippet":"max-snippet:-1","max-image-preview":"max-image-preview:large","max-video-preview":"max-video-preview:-1"},"canonical":"https:\/\/dorogimedence.hu\/index.php\/2022\/04\/24\/60-eve-tortent-a-dorog-neves-nemzetkozi-kupagyozelme-belgiumban\/","og_locale":"hu_HU","og_type":"article","og_title":"60 \u00e9ve t\u00f6rt\u00e9nt: A Dorog neves nemzetk\u00f6zi kupagy\u0151zelme Belgiumban","og_description":"Kerek hat \u00e9vtizeddel ezel\u0151tt, 1962 h\u00fasv\u00e9tj\u00e1n a Dorog labdar\u00fag\u00f3 csapata egy Belgiumban rendezett nemzetk\u00f6zi torn\u00e1n, klasszis nyugat-eur\u00f3pai klubokat legy\u0151zve h\u00f3d\u00edtotta el a kup\u00e1t. A n\u00edv\u00f3s esem\u00e9ny egy tov\u00e1bbi vonzata miatt k\u00fcl\u00f6n sportt\u00f6rt\u00e9nelmi nevezetess\u00e9g\u0171v\u00e9 is v\u00e1lt. Kontinens-szerte mintegy f\u00e9l \u00e9vsz\u00e1zodon \u00e1t a H\u00fasv\u00e9ti torn\u00e1k jelentett\u00e9k az egyik legnagyszer\u0171bb f\u00f3rumot a nemzetk\u00f6zi megm\u00e9rettet\u00e9sekhez, ahol jeles eur\u00f3pai klubok","og_url":"https:\/\/dorogimedence.hu\/index.php\/2022\/04\/24\/60-eve-tortent-a-dorog-neves-nemzetkozi-kupagyozelme-belgiumban\/","og_site_name":"Dorogi-medence Region\u00e1lis H\u00edrport\u00e1l","article_publisher":"https:\/\/www.facebook.com\/dorogimedence\/","article_published_time":"2022-04-24T05:28:54+00:00","article_modified_time":"2023-03-09T19:13:08+00:00","og_image":[{"width":1308,"height":685,"url":"https:\/\/dorogimedence.hu\/wp-content\/uploads\/2022\/04\/boritokep.jpg","type":"image\/jpeg"}],"author":"Szab\u00f3 Gyula","twitter_card":"summary_large_image","twitter_misc":{"Szerz\u0151:":"Szab\u00f3 Gyula","Becs\u00fclt olvas\u00e1si id\u0151":"14 perc"},"schema":{"@context":"https:\/\/schema.org","@graph":[{"@type":"Article","@id":"https:\/\/dorogimedence.hu\/index.php\/2022\/04\/24\/60-eve-tortent-a-dorog-neves-nemzetkozi-kupagyozelme-belgiumban\/#article","isPartOf":{"@id":"https:\/\/dorogimedence.hu\/index.php\/2022\/04\/24\/60-eve-tortent-a-dorog-neves-nemzetkozi-kupagyozelme-belgiumban\/"},"author":{"name":"Szab\u00f3 Gyula","@id":"https:\/\/dorogimedence.hu\/#\/schema\/person\/76605e8151ec1b7376385cd184ede973"},"headline":"60 \u00e9ve t\u00f6rt\u00e9nt: A Dorog neves nemzetk\u00f6zi kupagy\u0151zelme Belgiumban","datePublished":"2022-04-24T05:28:54+00:00","dateModified":"2023-03-09T19:13:08+00:00","mainEntityOfPage":{"@id":"https:\/\/dorogimedence.hu\/index.php\/2022\/04\/24\/60-eve-tortent-a-dorog-neves-nemzetkozi-kupagyozelme-belgiumban\/"},"wordCount":2872,"publisher":{"@id":"https:\/\/dorogimedence.hu\/#organization"},"image":{"@id":"https:\/\/dorogimedence.hu\/index.php\/2022\/04\/24\/60-eve-tortent-a-dorog-neves-nemzetkozi-kupagyozelme-belgiumban\/#primaryimage"},"thumbnailUrl":"https:\/\/dorogimedence.hu\/wp-content\/uploads\/2022\/04\/boritokep.jpg","keywords":["Dorog","Dorogi FC","foci","futball","labdar\u00fag\u00e1s","sport"],"articleSection":["Dorog","H\u00edrek","Kerek \u00e9vfordul\u00f3k","Sport"],"inLanguage":"hu"},{"@type":"WebPage","@id":"https:\/\/dorogimedence.hu\/index.php\/2022\/04\/24\/60-eve-tortent-a-dorog-neves-nemzetkozi-kupagyozelme-belgiumban\/","url":"https:\/\/dorogimedence.hu\/index.php\/2022\/04\/24\/60-eve-tortent-a-dorog-neves-nemzetkozi-kupagyozelme-belgiumban\/","name":"60 \u00e9ve t\u00f6rt\u00e9nt: A Dorog neves nemzetk\u00f6zi kupagy\u0151zelme Belgiumban","isPartOf":{"@id":"https:\/\/dorogimedence.hu\/#website"},"primaryImageOfPage":{"@id":"https:\/\/dorogimedence.hu\/index.php\/2022\/04\/24\/60-eve-tortent-a-dorog-neves-nemzetkozi-kupagyozelme-belgiumban\/#primaryimage"},"image":{"@id":"https:\/\/dorogimedence.hu\/index.php\/2022\/04\/24\/60-eve-tortent-a-dorog-neves-nemzetkozi-kupagyozelme-belgiumban\/#primaryimage"},"thumbnailUrl":"https:\/\/dorogimedence.hu\/wp-content\/uploads\/2022\/04\/boritokep.jpg","datePublished":"2022-04-24T05:28:54+00:00","dateModified":"2023-03-09T19:13:08+00:00","breadcrumb":{"@id":"https:\/\/dorogimedence.hu\/index.php\/2022\/04\/24\/60-eve-tortent-a-dorog-neves-nemzetkozi-kupagyozelme-belgiumban\/#breadcrumb"},"inLanguage":"hu","potentialAction":[{"@type":"ReadAction","target":["https:\/\/dorogimedence.hu\/index.php\/2022\/04\/24\/60-eve-tortent-a-dorog-neves-nemzetkozi-kupagyozelme-belgiumban\/"]}]},{"@type":"ImageObject","inLanguage":"hu","@id":"https:\/\/dorogimedence.hu\/index.php\/2022\/04\/24\/60-eve-tortent-a-dorog-neves-nemzetkozi-kupagyozelme-belgiumban\/#primaryimage","url":"https:\/\/dorogimedence.hu\/wp-content\/uploads\/2022\/04\/boritokep.jpg","contentUrl":"https:\/\/dorogimedence.hu\/wp-content\/uploads\/2022\/04\/boritokep.jpg","width":1308,"height":685},{"@type":"BreadcrumbList","@id":"https:\/\/dorogimedence.hu\/index.php\/2022\/04\/24\/60-eve-tortent-a-dorog-neves-nemzetkozi-kupagyozelme-belgiumban\/#breadcrumb","itemListElement":[{"@type":"ListItem","position":1,"name":"Kezd\u0151lap","item":"https:\/\/dorogimedence.hu\/"},{"@type":"ListItem","position":2,"name":"60 \u00e9ve t\u00f6rt\u00e9nt: A Dorog neves nemzetk\u00f6zi kupagy\u0151zelme Belgiumban"}]},{"@type":"WebSite","@id":"https:\/\/dorogimedence.hu\/#website","url":"https:\/\/dorogimedence.hu\/","name":"Dorogi-medence Region\u00e1lis H\u00edrport\u00e1l","description":"Dorog, Keszt\u00f6lc, Le\u00e1nyv\u00e1r, Piliscs\u00e9v, Tokod, Tokodalt\u00e1r\u00f3, Csolnok, Esztergom-kertv\u00e1ros: h\u00edrek, programok","publisher":{"@id":"https:\/\/dorogimedence.hu\/#organization"},"potentialAction":[{"@type":"SearchAction","target":{"@type":"EntryPoint","urlTemplate":"https:\/\/dorogimedence.hu\/?s={search_term_string}"},"query-input":{"@type":"PropertyValueSpecification","valueRequired":true,"valueName":"search_term_string"}}],"inLanguage":"hu"},{"@type":"Organization","@id":"https:\/\/dorogimedence.hu\/#organization","name":"Dorogi-medence Region\u00e1lis H\u00edrport\u00e1l","url":"https:\/\/dorogimedence.hu\/","logo":{"@type":"ImageObject","inLanguage":"hu","@id":"https:\/\/dorogimedence.hu\/#\/schema\/logo\/image\/","url":"https:\/\/dorogimedence.hu\/wp-content\/uploads\/2021\/04\/logo-feher-600.png","contentUrl":"https:\/\/dorogimedence.hu\/wp-content\/uploads\/2021\/04\/logo-feher-600.png","width":600,"height":100,"caption":"Dorogi-medence Region\u00e1lis H\u00edrport\u00e1l"},"image":{"@id":"https:\/\/dorogimedence.hu\/#\/schema\/logo\/image\/"},"sameAs":["https:\/\/www.facebook.com\/dorogimedence\/"]},{"@type":"Person","@id":"https:\/\/dorogimedence.hu\/#\/schema\/person\/76605e8151ec1b7376385cd184ede973","name":"Szab\u00f3 Gyula","image":{"@type":"ImageObject","inLanguage":"hu","@id":"\/\/www.gravatar.com\/avatar\/3e44b6fb2ef9bcea3639958cc2a587cb?s=96&#038;r=g&#038;d=mm","url":"\/\/www.gravatar.com\/avatar\/3e44b6fb2ef9bcea3639958cc2a587cb?s=96&#038;r=g&#038;d=mm","contentUrl":"\/\/www.gravatar.com\/avatar\/3e44b6fb2ef9bcea3639958cc2a587cb?s=96&#038;r=g&#038;d=mm","caption":"Szab\u00f3 Gyula"}}]}},"_links":{"self":[{"href":"https:\/\/dorogimedence.hu\/index.php\/wp-json\/wp\/v2\/posts\/42103","targetHints":{"allow":["GET"]}}],"collection":[{"href":"https:\/\/dorogimedence.hu\/index.php\/wp-json\/wp\/v2\/posts"}],"about":[{"href":"https:\/\/dorogimedence.hu\/index.php\/wp-json\/wp\/v2\/types\/post"}],"author":[{"embeddable":true,"href":"https:\/\/dorogimedence.hu\/index.php\/wp-json\/wp\/v2\/users\/4"}],"replies":[{"embeddable":true,"href":"https:\/\/dorogimedence.hu\/index.php\/wp-json\/wp\/v2\/comments?post=42103"}],"version-history":[{"count":0,"href":"https:\/\/dorogimedence.hu\/index.php\/wp-json\/wp\/v2\/posts\/42103\/revisions"}],"wp:featuredmedia":[{"embeddable":true,"href":"https:\/\/dorogimedence.hu\/index.php\/wp-json\/wp\/v2\/media\/42105"}],"wp:attachment":[{"href":"https:\/\/dorogimedence.hu\/index.php\/wp-json\/wp\/v2\/media?parent=42103"}],"wp:term":[{"taxonomy":"category","embeddable":true,"href":"https:\/\/dorogimedence.hu\/index.php\/wp-json\/wp\/v2\/categories?post=42103"},{"taxonomy":"post_tag","embeddable":true,"href":"https:\/\/dorogimedence.hu\/index.php\/wp-json\/wp\/v2\/tags?post=42103"}],"curies":[{"name":"wp","href":"https:\/\/api.w.org\/{rel}","templated":true}]}}