{"id":42086,"date":"2022-04-22T14:22:44","date_gmt":"2022-04-22T12:22:44","guid":{"rendered":"https:\/\/dorogimedence.hu\/?p=42086"},"modified":"2022-04-22T14:23:58","modified_gmt":"2022-04-22T12:23:58","slug":"giro-ditalia-felvezeto-kerekpartura","status":"publish","type":"post","link":"https:\/\/dorogimedence.hu\/index.php\/2022\/04\/22\/giro-ditalia-felvezeto-kerekpartura\/","title":{"rendered":"Giro d\u2019Italia felvezet\u0151 ker\u00e9kp\u00e1rt\u00fara"},"content":{"rendered":"<p><strong>A Magyar Ker\u00e9kp\u00e1ros Turisztikai Sz\u00f6vets\u00e9g \u00e9s a Cs\u0151v\u00e1z SE az Akt\u00edv Magyarorsz\u00e1g t\u00e1mogat\u00e1s\u00e1val Giro d\u2019Italia felvezet\u0151 ker\u00e9kp\u00e1rt\u00far\u00e1t szervez \u00e1prilis 30-\u00e1n, szombaton Esztergomban.<\/strong><\/p>\n<p>A Giro d\u2019Italia felvezet\u0151 ker\u00e9kp\u00e1rt\u00fara nemcsak egy sportesem\u00e9ny, hanem egy mulats\u00e1g, \u00f6sszej\u00f6vetel \u00e9s kikapcsol\u00f3d\u00e1si lehet\u0151s\u00e9g a csal\u00e1dok, bar\u00e1tok \u00e9s egyed\u00fcl \u00e9rkez\u0151k sz\u00e1m\u00e1ra is! \u00c1prilis 30-\u00e1n b\u00fajjunk bele kicsit a versenyz\u0151k b\u0151r\u00e9be \u2013 b\u00e1r ezen a t\u00far\u00e1n nem a sebess\u00e9gen lesz a hangs\u00faly, hanem a l\u00e1tnival\u00f3kon! Minden rajthoz \u00e1ll\u00f3 \u201eversenyz\u0151\u201d megkapja az ikonikus szerencs\u00e9t hoz\u00f3 r\u00f3zsasz\u00edn p\u00f3l\u00f3t \u00e9s egy hozz\u00e1 ill\u0151 kulacsot, \u00edgy egy\u00fctt festhetj\u00fck r\u00f3zsasz\u00ednre a verseny\u00fatvonal t\u00e1j\u00e1t!<\/p>\n<p>A helysz\u00ednen minden r\u00e9sztvev\u0151 sz\u00e1m\u00e1ra biztos\u00edtanak hagyom\u00e1nyos \u00e9s k\u00fcl\u00f6nleges ker\u00e9kp\u00e1rk\u00f6lcs\u00f6nz\u00e9si lehet\u0151s\u00e9get: tekerjetek egy\u00fctt a tandem biciklin vagy hozd a gyereket ut\u00e1nfut\u00f3n! A k\u00f6lcs\u00f6nz\u00e9si sz\u00e1nd\u00e9kot el\u0151re kell jelezni a regisztr\u00e1ci\u00f3 sor\u00e1n!<\/p>\n<p>A szervez\u0151k tov\u00e1bb\u00e1 biztos\u00edtanak friss\u00edt\u0151pontokat, csomagmeg\u0151rz\u0151 szolg\u00e1latot \u00e9s egy\u00e9b meglepet\u00e9sekkel v\u00e1rnak mindenkit, Nektek csak a j\u00f3 hangulatot kell hoznotok!<\/p>\n<p><strong>T\u00e1vok:<\/strong><\/p>\n<p>Eszteregom, Sz\u00e9ch\u00e9nyi t\u00e9r \u2013 Esztergomi v\u00e1r \u2013 Kir\u00e1lyi palota \u2013 Esztergomi Bazilika \u2013 Pr\u00edm\u00e1s Palota \u2013 B\u00fab\u00e1natv\u00f6lgy<\/p>\n<ul>\n<li>T\u00e1v:&nbsp;12 km<\/li>\n<li>Id\u0151:&nbsp;kb. 1,5 \u00f3ra<\/li>\n<li>Indul\u00e1si id\u0151pontok:&nbsp;10:00, 11:30, 14:00, 16:00<\/li>\n<\/ul>\n<p>Esztergom \u2013 Kis-Str\u00e1zsa-hegy \u2013 Esztergom belv\u00e1rosa (Kis k\u00f6r\u00f6s t\u00fara \u00fatvonala) \u2013 B\u00fab\u00e1natv\u00f6lgy \u2013 Visegr\u00e1di \u00fat<\/p>\n<ul>\n<li>T\u00e1v:&nbsp;35 km<\/li>\n<li>Id\u0151:&nbsp;kb. 3,5 \u00f3ra<\/li>\n<li>Indul\u00e1si id\u0151pont:&nbsp;11:00<\/li>\n<\/ul>\n<p><img fetchpriority=\"high\" decoding=\"async\" class=\"alignnone size-large wp-image-42088\" src=\"https:\/\/dorogimedence.hu\/wp-content\/uploads\/2022\/04\/giro-02-724x1024.jpg\" alt=\"\" width=\"724\" height=\"1024\" srcset=\"https:\/\/dorogimedence.hu\/wp-content\/uploads\/2022\/04\/giro-02-724x1024.jpg 724w, https:\/\/dorogimedence.hu\/wp-content\/uploads\/2022\/04\/giro-02-212x300.jpg 212w, https:\/\/dorogimedence.hu\/wp-content\/uploads\/2022\/04\/giro-02-768x1086.jpg 768w, https:\/\/dorogimedence.hu\/wp-content\/uploads\/2022\/04\/giro-02-1086x1536.jpg 1086w, https:\/\/dorogimedence.hu\/wp-content\/uploads\/2022\/04\/giro-02-150x212.jpg 150w, https:\/\/dorogimedence.hu\/wp-content\/uploads\/2022\/04\/giro-02-450x636.jpg 450w, https:\/\/dorogimedence.hu\/wp-content\/uploads\/2022\/04\/giro-02.jpg 1200w\" sizes=\"(max-width: 724px) 100vw, 724px\" \/><\/p>\n<p><em>Forr\u00e1s: esztergom.hu<\/em><\/p>\n","protected":false},"excerpt":{"rendered":"<p>A Magyar Ker\u00e9kp\u00e1ros Turisztikai Sz\u00f6vets\u00e9g \u00e9s a Cs\u0151v\u00e1z SE az Akt\u00edv Magyarorsz\u00e1g t\u00e1mogat\u00e1s\u00e1val Giro d\u2019Italia felvezet\u0151 ker\u00e9kp\u00e1rt\u00far\u00e1t szervez \u00e1prilis 30-\u00e1n, szombaton Esztergomban. A Giro d\u2019Italia felvezet\u0151 ker\u00e9kp\u00e1rt\u00fara nemcsak egy sportesem\u00e9ny, hanem egy mulats\u00e1g, \u00f6sszej\u00f6vetel \u00e9s kikapcsol\u00f3d\u00e1si lehet\u0151s\u00e9g a csal\u00e1dok, bar\u00e1tok \u00e9s egyed\u00fcl \u00e9rkez\u0151k sz\u00e1m\u00e1ra is! \u00c1prilis 30-\u00e1n b\u00fajjunk bele kicsit a versenyz\u0151k b\u0151r\u00e9be \u2013 b\u00e1r<\/p>\n","protected":false},"author":1,"featured_media":42087,"comment_status":"closed","ping_status":"closed","sticky":false,"template":"","format":"standard","meta":{"ngg_post_thumbnail":0,"footnotes":""},"categories":[38,3,5],"tags":[42,4681,134,874,16],"class_list":{"0":"post-42086","1":"post","2":"type-post","3":"status-publish","4":"format-standard","5":"has-post-thumbnail","7":"category-esztergom","8":"category-hirek","9":"category-sport","10":"tag-esztergom","11":"tag-giro-ditalia","12":"tag-kerekpar","13":"tag-kerekpartura","14":"tag-sport"},"yoast_head":"<!-- This site is optimized with the Yoast SEO plugin v27.4 - https:\/\/yoast.com\/product\/yoast-seo-wordpress\/ -->\n<title>Giro d\u2019Italia felvezet\u0151 ker\u00e9kp\u00e1rt\u00fara<\/title>\n<meta name=\"robots\" content=\"index, follow, max-snippet:-1, max-image-preview:large, max-video-preview:-1\" \/>\n<link rel=\"canonical\" href=\"https:\/\/dorogimedence.hu\/index.php\/2022\/04\/22\/giro-ditalia-felvezeto-kerekpartura\/\" class=\"yoast-seo-meta-tag\" \/>\n<meta property=\"og:locale\" content=\"hu_HU\" class=\"yoast-seo-meta-tag\" \/>\n<meta property=\"og:type\" content=\"article\" class=\"yoast-seo-meta-tag\" \/>\n<meta property=\"og:title\" content=\"Giro d\u2019Italia felvezet\u0151 ker\u00e9kp\u00e1rt\u00fara\" class=\"yoast-seo-meta-tag\" \/>\n<meta property=\"og:description\" content=\"A Magyar Ker\u00e9kp\u00e1ros Turisztikai Sz\u00f6vets\u00e9g \u00e9s a Cs\u0151v\u00e1z SE az Akt\u00edv Magyarorsz\u00e1g t\u00e1mogat\u00e1s\u00e1val Giro d\u2019Italia felvezet\u0151 ker\u00e9kp\u00e1rt\u00far\u00e1t szervez \u00e1prilis 30-\u00e1n, szombaton Esztergomban. A Giro d\u2019Italia felvezet\u0151 ker\u00e9kp\u00e1rt\u00fara nemcsak egy sportesem\u00e9ny, hanem egy mulats\u00e1g, \u00f6sszej\u00f6vetel \u00e9s kikapcsol\u00f3d\u00e1si lehet\u0151s\u00e9g a csal\u00e1dok, bar\u00e1tok \u00e9s egyed\u00fcl \u00e9rkez\u0151k sz\u00e1m\u00e1ra is! \u00c1prilis 30-\u00e1n b\u00fajjunk bele kicsit a versenyz\u0151k b\u0151r\u00e9be \u2013 b\u00e1r\" class=\"yoast-seo-meta-tag\" \/>\n<meta property=\"og:url\" content=\"https:\/\/dorogimedence.hu\/index.php\/2022\/04\/22\/giro-ditalia-felvezeto-kerekpartura\/\" class=\"yoast-seo-meta-tag\" \/>\n<meta property=\"og:site_name\" content=\"Dorogi-medence Region\u00e1lis H\u00edrport\u00e1l\" class=\"yoast-seo-meta-tag\" \/>\n<meta property=\"article:publisher\" content=\"https:\/\/www.facebook.com\/dorogimedence\/\" class=\"yoast-seo-meta-tag\" \/>\n<meta property=\"article:published_time\" content=\"2022-04-22T12:22:44+00:00\" class=\"yoast-seo-meta-tag\" \/>\n<meta property=\"article:modified_time\" content=\"2022-04-22T12:23:58+00:00\" class=\"yoast-seo-meta-tag\" \/>\n<meta property=\"og:image\" content=\"https:\/\/i0.wp.com\/dorogimedence.hu\/wp-content\/uploads\/2022\/04\/bicycles-5661632_1920.jpg?fit=1920%2C1280&ssl=1\" class=\"yoast-seo-meta-tag\" \/>\n\t<meta property=\"og:image:width\" content=\"1920\" class=\"yoast-seo-meta-tag\" \/>\n\t<meta property=\"og:image:height\" content=\"1280\" class=\"yoast-seo-meta-tag\" \/>\n\t<meta property=\"og:image:type\" content=\"image\/jpeg\" class=\"yoast-seo-meta-tag\" \/>\n<meta name=\"author\" content=\"dorogimedence.hu\" class=\"yoast-seo-meta-tag\" \/>\n<meta name=\"twitter:card\" content=\"summary_large_image\" class=\"yoast-seo-meta-tag\" \/>\n<meta name=\"twitter:label1\" content=\"Szerz\u0151:\" class=\"yoast-seo-meta-tag\" \/>\n\t<meta name=\"twitter:data1\" content=\"dorogimedence.hu\" class=\"yoast-seo-meta-tag\" \/>\n\t<meta name=\"twitter:label2\" content=\"Becs\u00fclt olvas\u00e1si id\u0151\" class=\"yoast-seo-meta-tag\" \/>\n\t<meta name=\"twitter:data2\" content=\"2 perc\" class=\"yoast-seo-meta-tag\" \/>\n<script type=\"application\/ld+json\" class=\"yoast-schema-graph\">{\"@context\":\"https:\\\/\\\/schema.org\",\"@graph\":[{\"@type\":\"Article\",\"@id\":\"https:\\\/\\\/dorogimedence.hu\\\/index.php\\\/2022\\\/04\\\/22\\\/giro-ditalia-felvezeto-kerekpartura\\\/#article\",\"isPartOf\":{\"@id\":\"https:\\\/\\\/dorogimedence.hu\\\/index.php\\\/2022\\\/04\\\/22\\\/giro-ditalia-felvezeto-kerekpartura\\\/\"},\"author\":{\"name\":\"dorogimedence.hu\",\"@id\":\"https:\\\/\\\/dorogimedence.hu\\\/#\\\/schema\\\/person\\\/ce6091eeb7e95ecdc87890d6aa8e0fd4\"},\"headline\":\"Giro d\u2019Italia felvezet\u0151 ker\u00e9kp\u00e1rt\u00fara\",\"datePublished\":\"2022-04-22T12:22:44+00:00\",\"dateModified\":\"2022-04-22T12:23:58+00:00\",\"mainEntityOfPage\":{\"@id\":\"https:\\\/\\\/dorogimedence.hu\\\/index.php\\\/2022\\\/04\\\/22\\\/giro-ditalia-felvezeto-kerekpartura\\\/\"},\"wordCount\":314,\"publisher\":{\"@id\":\"https:\\\/\\\/dorogimedence.hu\\\/#organization\"},\"image\":{\"@id\":\"https:\\\/\\\/dorogimedence.hu\\\/index.php\\\/2022\\\/04\\\/22\\\/giro-ditalia-felvezeto-kerekpartura\\\/#primaryimage\"},\"thumbnailUrl\":\"https:\\\/\\\/dorogimedence.hu\\\/wp-content\\\/uploads\\\/2022\\\/04\\\/bicycles-5661632_1920.jpg\",\"keywords\":[\"esztergom\",\"Giro d'Italia\",\"ker\u00e9kp\u00e1r\",\"ker\u00e9kp\u00e1rt\u00fara\",\"sport\"],\"articleSection\":[\"Esztergom\",\"H\u00edrek\",\"Sport\"],\"inLanguage\":\"hu\"},{\"@type\":\"WebPage\",\"@id\":\"https:\\\/\\\/dorogimedence.hu\\\/index.php\\\/2022\\\/04\\\/22\\\/giro-ditalia-felvezeto-kerekpartura\\\/\",\"url\":\"https:\\\/\\\/dorogimedence.hu\\\/index.php\\\/2022\\\/04\\\/22\\\/giro-ditalia-felvezeto-kerekpartura\\\/\",\"name\":\"Giro d\u2019Italia felvezet\u0151 ker\u00e9kp\u00e1rt\u00fara\",\"isPartOf\":{\"@id\":\"https:\\\/\\\/dorogimedence.hu\\\/#website\"},\"primaryImageOfPage\":{\"@id\":\"https:\\\/\\\/dorogimedence.hu\\\/index.php\\\/2022\\\/04\\\/22\\\/giro-ditalia-felvezeto-kerekpartura\\\/#primaryimage\"},\"image\":{\"@id\":\"https:\\\/\\\/dorogimedence.hu\\\/index.php\\\/2022\\\/04\\\/22\\\/giro-ditalia-felvezeto-kerekpartura\\\/#primaryimage\"},\"thumbnailUrl\":\"https:\\\/\\\/dorogimedence.hu\\\/wp-content\\\/uploads\\\/2022\\\/04\\\/bicycles-5661632_1920.jpg\",\"datePublished\":\"2022-04-22T12:22:44+00:00\",\"dateModified\":\"2022-04-22T12:23:58+00:00\",\"breadcrumb\":{\"@id\":\"https:\\\/\\\/dorogimedence.hu\\\/index.php\\\/2022\\\/04\\\/22\\\/giro-ditalia-felvezeto-kerekpartura\\\/#breadcrumb\"},\"inLanguage\":\"hu\",\"potentialAction\":[{\"@type\":\"ReadAction\",\"target\":[\"https:\\\/\\\/dorogimedence.hu\\\/index.php\\\/2022\\\/04\\\/22\\\/giro-ditalia-felvezeto-kerekpartura\\\/\"]}]},{\"@type\":\"ImageObject\",\"inLanguage\":\"hu\",\"@id\":\"https:\\\/\\\/dorogimedence.hu\\\/index.php\\\/2022\\\/04\\\/22\\\/giro-ditalia-felvezeto-kerekpartura\\\/#primaryimage\",\"url\":\"https:\\\/\\\/dorogimedence.hu\\\/wp-content\\\/uploads\\\/2022\\\/04\\\/bicycles-5661632_1920.jpg\",\"contentUrl\":\"https:\\\/\\\/dorogimedence.hu\\\/wp-content\\\/uploads\\\/2022\\\/04\\\/bicycles-5661632_1920.jpg\",\"width\":1920,\"height\":1280},{\"@type\":\"BreadcrumbList\",\"@id\":\"https:\\\/\\\/dorogimedence.hu\\\/index.php\\\/2022\\\/04\\\/22\\\/giro-ditalia-felvezeto-kerekpartura\\\/#breadcrumb\",\"itemListElement\":[{\"@type\":\"ListItem\",\"position\":1,\"name\":\"Kezd\u0151lap\",\"item\":\"https:\\\/\\\/dorogimedence.hu\\\/\"},{\"@type\":\"ListItem\",\"position\":2,\"name\":\"Giro d\u2019Italia felvezet\u0151 ker\u00e9kp\u00e1rt\u00fara\"}]},{\"@type\":\"WebSite\",\"@id\":\"https:\\\/\\\/dorogimedence.hu\\\/#website\",\"url\":\"https:\\\/\\\/dorogimedence.hu\\\/\",\"name\":\"Dorogi-medence Region\u00e1lis H\u00edrport\u00e1l\",\"description\":\"Dorog, Keszt\u00f6lc, Le\u00e1nyv\u00e1r, Piliscs\u00e9v, Tokod, Tokodalt\u00e1r\u00f3, Csolnok, Esztergom-kertv\u00e1ros: h\u00edrek, programok\",\"publisher\":{\"@id\":\"https:\\\/\\\/dorogimedence.hu\\\/#organization\"},\"potentialAction\":[{\"@type\":\"SearchAction\",\"target\":{\"@type\":\"EntryPoint\",\"urlTemplate\":\"https:\\\/\\\/dorogimedence.hu\\\/?s={search_term_string}\"},\"query-input\":{\"@type\":\"PropertyValueSpecification\",\"valueRequired\":true,\"valueName\":\"search_term_string\"}}],\"inLanguage\":\"hu\"},{\"@type\":\"Organization\",\"@id\":\"https:\\\/\\\/dorogimedence.hu\\\/#organization\",\"name\":\"Dorogi-medence Region\u00e1lis H\u00edrport\u00e1l\",\"url\":\"https:\\\/\\\/dorogimedence.hu\\\/\",\"logo\":{\"@type\":\"ImageObject\",\"inLanguage\":\"hu\",\"@id\":\"https:\\\/\\\/dorogimedence.hu\\\/#\\\/schema\\\/logo\\\/image\\\/\",\"url\":\"https:\\\/\\\/dorogimedence.hu\\\/wp-content\\\/uploads\\\/2021\\\/04\\\/logo-feher-600.png\",\"contentUrl\":\"https:\\\/\\\/dorogimedence.hu\\\/wp-content\\\/uploads\\\/2021\\\/04\\\/logo-feher-600.png\",\"width\":600,\"height\":100,\"caption\":\"Dorogi-medence Region\u00e1lis H\u00edrport\u00e1l\"},\"image\":{\"@id\":\"https:\\\/\\\/dorogimedence.hu\\\/#\\\/schema\\\/logo\\\/image\\\/\"},\"sameAs\":[\"https:\\\/\\\/www.facebook.com\\\/dorogimedence\\\/\"]},{\"@type\":\"Person\",\"@id\":\"https:\\\/\\\/dorogimedence.hu\\\/#\\\/schema\\\/person\\\/ce6091eeb7e95ecdc87890d6aa8e0fd4\",\"name\":\"dorogimedence.hu\",\"image\":{\"@type\":\"ImageObject\",\"inLanguage\":\"hu\",\"@id\":\"\\\/\\\/www.gravatar.com\\\/avatar\\\/d8d45f8901aadff40a4af72c0b826f1d?s=96&#038;r=g&#038;d=mm\",\"url\":\"\\\/\\\/www.gravatar.com\\\/avatar\\\/d8d45f8901aadff40a4af72c0b826f1d?s=96&#038;r=g&#038;d=mm\",\"contentUrl\":\"\\\/\\\/www.gravatar.com\\\/avatar\\\/d8d45f8901aadff40a4af72c0b826f1d?s=96&#038;r=g&#038;d=mm\",\"caption\":\"dorogimedence.hu\"}}]}<\/script>\n<!-- \/ Yoast SEO plugin. -->","yoast_head_json":{"title":"Giro d\u2019Italia felvezet\u0151 ker\u00e9kp\u00e1rt\u00fara","robots":{"index":"index","follow":"follow","max-snippet":"max-snippet:-1","max-image-preview":"max-image-preview:large","max-video-preview":"max-video-preview:-1"},"canonical":"https:\/\/dorogimedence.hu\/index.php\/2022\/04\/22\/giro-ditalia-felvezeto-kerekpartura\/","og_locale":"hu_HU","og_type":"article","og_title":"Giro d\u2019Italia felvezet\u0151 ker\u00e9kp\u00e1rt\u00fara","og_description":"A Magyar Ker\u00e9kp\u00e1ros Turisztikai Sz\u00f6vets\u00e9g \u00e9s a Cs\u0151v\u00e1z SE az Akt\u00edv Magyarorsz\u00e1g t\u00e1mogat\u00e1s\u00e1val Giro d\u2019Italia felvezet\u0151 ker\u00e9kp\u00e1rt\u00far\u00e1t szervez \u00e1prilis 30-\u00e1n, szombaton Esztergomban. A Giro d\u2019Italia felvezet\u0151 ker\u00e9kp\u00e1rt\u00fara nemcsak egy sportesem\u00e9ny, hanem egy mulats\u00e1g, \u00f6sszej\u00f6vetel \u00e9s kikapcsol\u00f3d\u00e1si lehet\u0151s\u00e9g a csal\u00e1dok, bar\u00e1tok \u00e9s egyed\u00fcl \u00e9rkez\u0151k sz\u00e1m\u00e1ra is! \u00c1prilis 30-\u00e1n b\u00fajjunk bele kicsit a versenyz\u0151k b\u0151r\u00e9be \u2013 b\u00e1r","og_url":"https:\/\/dorogimedence.hu\/index.php\/2022\/04\/22\/giro-ditalia-felvezeto-kerekpartura\/","og_site_name":"Dorogi-medence Region\u00e1lis H\u00edrport\u00e1l","article_publisher":"https:\/\/www.facebook.com\/dorogimedence\/","article_published_time":"2022-04-22T12:22:44+00:00","article_modified_time":"2022-04-22T12:23:58+00:00","og_image":[{"width":1920,"height":1280,"url":"https:\/\/i0.wp.com\/dorogimedence.hu\/wp-content\/uploads\/2022\/04\/bicycles-5661632_1920.jpg?fit=1920%2C1280&ssl=1","type":"image\/jpeg"}],"author":"dorogimedence.hu","twitter_card":"summary_large_image","twitter_misc":{"Szerz\u0151:":"dorogimedence.hu","Becs\u00fclt olvas\u00e1si id\u0151":"2 perc"},"schema":{"@context":"https:\/\/schema.org","@graph":[{"@type":"Article","@id":"https:\/\/dorogimedence.hu\/index.php\/2022\/04\/22\/giro-ditalia-felvezeto-kerekpartura\/#article","isPartOf":{"@id":"https:\/\/dorogimedence.hu\/index.php\/2022\/04\/22\/giro-ditalia-felvezeto-kerekpartura\/"},"author":{"name":"dorogimedence.hu","@id":"https:\/\/dorogimedence.hu\/#\/schema\/person\/ce6091eeb7e95ecdc87890d6aa8e0fd4"},"headline":"Giro d\u2019Italia felvezet\u0151 ker\u00e9kp\u00e1rt\u00fara","datePublished":"2022-04-22T12:22:44+00:00","dateModified":"2022-04-22T12:23:58+00:00","mainEntityOfPage":{"@id":"https:\/\/dorogimedence.hu\/index.php\/2022\/04\/22\/giro-ditalia-felvezeto-kerekpartura\/"},"wordCount":314,"publisher":{"@id":"https:\/\/dorogimedence.hu\/#organization"},"image":{"@id":"https:\/\/dorogimedence.hu\/index.php\/2022\/04\/22\/giro-ditalia-felvezeto-kerekpartura\/#primaryimage"},"thumbnailUrl":"https:\/\/dorogimedence.hu\/wp-content\/uploads\/2022\/04\/bicycles-5661632_1920.jpg","keywords":["esztergom","Giro d'Italia","ker\u00e9kp\u00e1r","ker\u00e9kp\u00e1rt\u00fara","sport"],"articleSection":["Esztergom","H\u00edrek","Sport"],"inLanguage":"hu"},{"@type":"WebPage","@id":"https:\/\/dorogimedence.hu\/index.php\/2022\/04\/22\/giro-ditalia-felvezeto-kerekpartura\/","url":"https:\/\/dorogimedence.hu\/index.php\/2022\/04\/22\/giro-ditalia-felvezeto-kerekpartura\/","name":"Giro d\u2019Italia felvezet\u0151 ker\u00e9kp\u00e1rt\u00fara","isPartOf":{"@id":"https:\/\/dorogimedence.hu\/#website"},"primaryImageOfPage":{"@id":"https:\/\/dorogimedence.hu\/index.php\/2022\/04\/22\/giro-ditalia-felvezeto-kerekpartura\/#primaryimage"},"image":{"@id":"https:\/\/dorogimedence.hu\/index.php\/2022\/04\/22\/giro-ditalia-felvezeto-kerekpartura\/#primaryimage"},"thumbnailUrl":"https:\/\/dorogimedence.hu\/wp-content\/uploads\/2022\/04\/bicycles-5661632_1920.jpg","datePublished":"2022-04-22T12:22:44+00:00","dateModified":"2022-04-22T12:23:58+00:00","breadcrumb":{"@id":"https:\/\/dorogimedence.hu\/index.php\/2022\/04\/22\/giro-ditalia-felvezeto-kerekpartura\/#breadcrumb"},"inLanguage":"hu","potentialAction":[{"@type":"ReadAction","target":["https:\/\/dorogimedence.hu\/index.php\/2022\/04\/22\/giro-ditalia-felvezeto-kerekpartura\/"]}]},{"@type":"ImageObject","inLanguage":"hu","@id":"https:\/\/dorogimedence.hu\/index.php\/2022\/04\/22\/giro-ditalia-felvezeto-kerekpartura\/#primaryimage","url":"https:\/\/dorogimedence.hu\/wp-content\/uploads\/2022\/04\/bicycles-5661632_1920.jpg","contentUrl":"https:\/\/dorogimedence.hu\/wp-content\/uploads\/2022\/04\/bicycles-5661632_1920.jpg","width":1920,"height":1280},{"@type":"BreadcrumbList","@id":"https:\/\/dorogimedence.hu\/index.php\/2022\/04\/22\/giro-ditalia-felvezeto-kerekpartura\/#breadcrumb","itemListElement":[{"@type":"ListItem","position":1,"name":"Kezd\u0151lap","item":"https:\/\/dorogimedence.hu\/"},{"@type":"ListItem","position":2,"name":"Giro d\u2019Italia felvezet\u0151 ker\u00e9kp\u00e1rt\u00fara"}]},{"@type":"WebSite","@id":"https:\/\/dorogimedence.hu\/#website","url":"https:\/\/dorogimedence.hu\/","name":"Dorogi-medence Region\u00e1lis H\u00edrport\u00e1l","description":"Dorog, Keszt\u00f6lc, Le\u00e1nyv\u00e1r, Piliscs\u00e9v, Tokod, Tokodalt\u00e1r\u00f3, Csolnok, Esztergom-kertv\u00e1ros: h\u00edrek, programok","publisher":{"@id":"https:\/\/dorogimedence.hu\/#organization"},"potentialAction":[{"@type":"SearchAction","target":{"@type":"EntryPoint","urlTemplate":"https:\/\/dorogimedence.hu\/?s={search_term_string}"},"query-input":{"@type":"PropertyValueSpecification","valueRequired":true,"valueName":"search_term_string"}}],"inLanguage":"hu"},{"@type":"Organization","@id":"https:\/\/dorogimedence.hu\/#organization","name":"Dorogi-medence Region\u00e1lis H\u00edrport\u00e1l","url":"https:\/\/dorogimedence.hu\/","logo":{"@type":"ImageObject","inLanguage":"hu","@id":"https:\/\/dorogimedence.hu\/#\/schema\/logo\/image\/","url":"https:\/\/dorogimedence.hu\/wp-content\/uploads\/2021\/04\/logo-feher-600.png","contentUrl":"https:\/\/dorogimedence.hu\/wp-content\/uploads\/2021\/04\/logo-feher-600.png","width":600,"height":100,"caption":"Dorogi-medence Region\u00e1lis H\u00edrport\u00e1l"},"image":{"@id":"https:\/\/dorogimedence.hu\/#\/schema\/logo\/image\/"},"sameAs":["https:\/\/www.facebook.com\/dorogimedence\/"]},{"@type":"Person","@id":"https:\/\/dorogimedence.hu\/#\/schema\/person\/ce6091eeb7e95ecdc87890d6aa8e0fd4","name":"dorogimedence.hu","image":{"@type":"ImageObject","inLanguage":"hu","@id":"\/\/www.gravatar.com\/avatar\/d8d45f8901aadff40a4af72c0b826f1d?s=96&#038;r=g&#038;d=mm","url":"\/\/www.gravatar.com\/avatar\/d8d45f8901aadff40a4af72c0b826f1d?s=96&#038;r=g&#038;d=mm","contentUrl":"\/\/www.gravatar.com\/avatar\/d8d45f8901aadff40a4af72c0b826f1d?s=96&#038;r=g&#038;d=mm","caption":"dorogimedence.hu"}}]}},"_links":{"self":[{"href":"https:\/\/dorogimedence.hu\/index.php\/wp-json\/wp\/v2\/posts\/42086","targetHints":{"allow":["GET"]}}],"collection":[{"href":"https:\/\/dorogimedence.hu\/index.php\/wp-json\/wp\/v2\/posts"}],"about":[{"href":"https:\/\/dorogimedence.hu\/index.php\/wp-json\/wp\/v2\/types\/post"}],"author":[{"embeddable":true,"href":"https:\/\/dorogimedence.hu\/index.php\/wp-json\/wp\/v2\/users\/1"}],"replies":[{"embeddable":true,"href":"https:\/\/dorogimedence.hu\/index.php\/wp-json\/wp\/v2\/comments?post=42086"}],"version-history":[{"count":0,"href":"https:\/\/dorogimedence.hu\/index.php\/wp-json\/wp\/v2\/posts\/42086\/revisions"}],"wp:featuredmedia":[{"embeddable":true,"href":"https:\/\/dorogimedence.hu\/index.php\/wp-json\/wp\/v2\/media\/42087"}],"wp:attachment":[{"href":"https:\/\/dorogimedence.hu\/index.php\/wp-json\/wp\/v2\/media?parent=42086"}],"wp:term":[{"taxonomy":"category","embeddable":true,"href":"https:\/\/dorogimedence.hu\/index.php\/wp-json\/wp\/v2\/categories?post=42086"},{"taxonomy":"post_tag","embeddable":true,"href":"https:\/\/dorogimedence.hu\/index.php\/wp-json\/wp\/v2\/tags?post=42086"}],"curies":[{"name":"wp","href":"https:\/\/api.w.org\/{rel}","templated":true}]}}