{"id":4182,"date":"2017-07-03T16:39:45","date_gmt":"2017-07-03T14:39:45","guid":{"rendered":"http:\/\/dorogimedence.hu\/?p=4182"},"modified":"2017-07-03T16:39:45","modified_gmt":"2017-07-03T14:39:45","slug":"dorogi-busz-es-vasutallomas","status":"publish","type":"post","link":"https:\/\/dorogimedence.hu\/index.php\/2017\/07\/03\/dorogi-busz-es-vasutallomas\/","title":{"rendered":"Dorogi busz- \u00e9s vas\u00fat\u00e1llom\u00e1s"},"content":{"rendered":"<p><strong>A dorogi busz- \u00e9s vas\u00fat\u00e1llom\u00e1s \u00e9p\u00fcletkomplexum 2018 \u0151sz\u00e9re k\u00e9sz\u00fcl el. Az aut\u00f3buszok a Hantken Miksa utc\u00e1n kereszt\u00fcl fognak \u00e9rkezni az \u00e1llom\u00e1sra. A V\u00e1rosh\u00e1za (Fortuna) buszmeg\u00e1ll\u00f3 ezut\u00e1n is megmarad.<\/strong><\/p>\n<p>A dorogimedence.hu szerkeszt\u0151s\u00e9ge a NIF Zrt. kommunik\u00e1ci\u00f3s igazgat\u00f3j\u00e1t, Karcagi Orsoly\u00e1t k\u00e9rdezte a jelenleg \u00e9p\u00fcl\u0151 busz- \u00e9s vas\u00fat\u00e1llom\u00e1s r\u00e9szleteir\u0151l. Cikk\u00fcnkben a feltett k\u00e9rd\u00e9sek ut\u00e1n <span style=\"color: #0000ff;\"><strong>kiemelve olvashat\u00f3k a v\u00e1laszok.<\/strong><\/span><\/p>\n<p><em>A jelenlegi vas\u00fat\u00e1llom\u00e1s a M\u00e1ria utc\u00e1b\u00f3l ny\u00edl\u00f3 Vas\u00fat soron k\u00f6zel\u00edthet\u0151 meg g\u00e9pj\u00e1rm\u0171vel, gyalogosan pedig az Int\u00e9zm\u00e9nyek H\u00e1z\u00e1t \u00e9s a M\u0171vel\u0151d\u00e9si H\u00e1zat \u00f6sszek\u00f6t\u0151 alulj\u00e1r\u00f3n kereszt\u00fcl. A busz\u00e1llom\u00e1s meg\u00e9p\u00edt\u00e9s\u00e9vel a Hantken Miksa utc\u00e1b\u00f3l is megk\u00f6zel\u00edthet\u0151 lesz a k\u00f6zleked\u00e9si komplexum? \u00daj \u00fatvonalat terveznek a buszok befogad\u00e1s\u00e1ra, vagy pedig a jelenleg keskeny Hantken Miksa utc\u00e1t tervezik kisz\u00e9les\u00edteni? Amennyiben a jelenlegi \u00fat kisz\u00e9les\u00edt\u00e9se szerepel a tervek k\u00f6z\u00f6tt, akkor megv\u00e1ltozik a forgalmi rend is? (Az utca v\u00e9g\u00e9n jelenleg jobbra kanyarodva folytat\u00f3dik a f\u0151\u00fatvonal, szembe az \u00e1llom\u00e1s fel\u00e9 pedig a mell\u00e9k\u00fatvonal).<br \/>\n<\/em><span style=\"color: #0000ff;\"><strong>A Hantken Miksa utca ker\u00fcl \u00e1t\u00e9p\u00edt\u00e9sre. A forgalmi rend nem v\u00e1ltozik.<\/strong><\/span><\/p>\n<p><em>V\u00e1rhat\u00f3an mikor k\u00e9sz\u00fcl el a vas\u00fat\u00e1llom\u00e1s fel\u00faj\u00edt\u00e1sa, illetve a busz\u00e1llom\u00e1s meg\u00e9p\u00edt\u00e9se?<br \/>\n<\/em><span style=\"color: #0000ff;\"><strong>A vas\u00fat\u00e1llom\u00e1s \u00e9p\u00fclet\u00e9nek fel\u00faj\u00edt\u00e1sa \u00e9s a busz\u00e1llom\u00e1s v\u00e1rhat\u00f3an 2018. szeptember 30-ra k\u00e9sz\u00fcl el.<\/strong><\/span><\/p>\n<p><em>Az eml\u00edtett Hantken Miksa utca elej\u00e9n van jelenleg a v\u00e1rosh\u00e1za meg\u00e1ll\u00f3hely az aut\u00f3buszok sz\u00e1m\u00e1ra, ezek a meg\u00e1ll\u00f3helyek megsz\u0171nnek az \u00faj busz\u00e1llom\u00e1s kapcs\u00e1n, vagy tov\u00e1bbra is meg\u00e1ll\u00f3helynek fognak sz\u00e1m\u00edtani?<\/em><br \/>\n<span style=\"color: #0000ff;\"><strong>A k\u00e9rd\u00e9sben szerepl\u0151 meg\u00e1ll\u00f3helyek tov\u00e1bbra is meg\u00e1ll\u00f3helynek fognak sz\u00e1m\u00edtani.<\/strong><\/span><\/p>\n<p><em>Minden aut\u00f3busz let\u00e9r majd az \u00faj \u00e1llom\u00e1sra, vagy pedig lesznek olyan j\u00e1ratok, amik nem \u00e9rintik azt?<\/em><br \/>\n<span style=\"color: #0000ff;\"><strong>A k\u00e9rd\u00e9s megv\u00e1laszol\u00e1sban KNYKK k\u00e9pvisel\u0151i illet\u00e9kesek.<\/strong><\/span><\/p>\n<p><em>A jelenleg alulj\u00e1r\u00f3k\u00e9nt funkcion\u00e1l\u00f3 l\u00e9tes\u00edtm\u00e9ny megmarad, vagy pedig az \u00faj forgalmirend kialak\u00edt\u00e1snak k\u00f6sz\u00f6nhet\u0151en elz\u00e1r\u00e1sra ker\u00fcl?<\/em><br \/>\n<span style=\"color: #0000ff;\"><strong>A jelenleg alulj\u00e1r\u00f3k\u00e9nt funkcion\u00e1l\u00f3 l\u00e9tes\u00edtm\u00e9ny tov\u00e1bbra is megmarad.<\/strong><\/span><\/p>\n<p><em>Nem utols\u00f3 sorban, a Hantken Miksa \u2013 Esztergomi \u00fat \u2013 T\u00e1ncsics Mih\u00e1ly utca keresztez\u0151d\u00e9s\u00e9ben terveznek k\u00f6rforgalmat, vagy egy\u00e9b l\u00e1mp\u00e1s keresztez\u0151d\u00e9st?<\/em><br \/>\n<span style=\"color: #0000ff;\"><strong>Ebben a keresztez\u0151d\u00e9sben nem tervez\u00fcnk sem k\u00f6rforgalmat, sem l\u00e1mp\u00e1s csom\u00f3pontot.<\/strong><\/span><\/p>\n<p><em>Ez\u00faton is k\u00f6sz\u00f6nj\u00fck a v\u00e1laszokat!<\/em><\/p>\n<p><img fetchpriority=\"high\" decoding=\"async\" class=\"alignnone size-full wp-image-4185\" src=\"https:\/\/dorogimedence.hu\/wp-content\/uploads\/2017\/07\/vonat-busz-03.jpg\" alt=\"\" width=\"670\" height=\"365\" srcset=\"https:\/\/dorogimedence.hu\/wp-content\/uploads\/2017\/07\/vonat-busz-03.jpg 670w, https:\/\/dorogimedence.hu\/wp-content\/uploads\/2017\/07\/vonat-busz-03-300x163.jpg 300w\" sizes=\"(max-width: 670px) 100vw, 670px\" \/><\/p>\n<p><img decoding=\"async\" class=\"alignnone size-full wp-image-4184\" src=\"https:\/\/dorogimedence.hu\/wp-content\/uploads\/2017\/07\/vonat-busz-02.jpg\" alt=\"\" width=\"670\" height=\"365\" srcset=\"https:\/\/dorogimedence.hu\/wp-content\/uploads\/2017\/07\/vonat-busz-02.jpg 670w, https:\/\/dorogimedence.hu\/wp-content\/uploads\/2017\/07\/vonat-busz-02-300x163.jpg 300w\" sizes=\"(max-width: 670px) 100vw, 670px\" \/><\/p>\n<p><em>Fot\u00f3k: dorogimedence.hu (munk\u00e1latok a vas\u00fat\u00e1llom\u00e1s k\u00f6rny\u00e9k\u00e9n)<\/em><\/p>\n","protected":false},"excerpt":{"rendered":"<p>A dorogi busz- \u00e9s vas\u00fat\u00e1llom\u00e1s \u00e9p\u00fcletkomplexum 2018 \u0151sz\u00e9re k\u00e9sz\u00fcl el. Az aut\u00f3buszok a Hantken Miksa utc\u00e1n kereszt\u00fcl fognak \u00e9rkezni az \u00e1llom\u00e1sra. A V\u00e1rosh\u00e1za (Fortuna) buszmeg\u00e1ll\u00f3 ezut\u00e1n is megmarad. A dorogimedence.hu szerkeszt\u0151s\u00e9ge a NIF Zrt. kommunik\u00e1ci\u00f3s igazgat\u00f3j\u00e1t, Karcagi Orsoly\u00e1t k\u00e9rdezte a jelenleg \u00e9p\u00fcl\u0151 busz- \u00e9s vas\u00fat\u00e1llom\u00e1s r\u00e9szleteir\u0151l. Cikk\u00fcnkben a feltett k\u00e9rd\u00e9sek ut\u00e1n kiemelve olvashat\u00f3k a v\u00e1laszok.<\/p>\n","protected":false},"author":1,"featured_media":4183,"comment_status":"closed","ping_status":"closed","sticky":false,"template":"","format":"standard","meta":{"ngg_post_thumbnail":0,"footnotes":""},"categories":[2,3],"tags":[643,1228,15,464,1227],"class_list":{"0":"post-4182","1":"post","2":"type-post","3":"status-publish","4":"format-standard","5":"has-post-thumbnail","7":"category-dorog","8":"category-hirek","9":"tag-budapest-esztergom-vasutvonal","10":"tag-buszallomas","11":"tag-dorog","12":"tag-felujitas","13":"tag-vasutallomas"},"yoast_head":"<!-- This site is optimized with the Yoast SEO plugin v27.4 - https:\/\/yoast.com\/product\/yoast-seo-wordpress\/ -->\n<title>Dorogi busz- \u00e9s vas\u00fat\u00e1llom\u00e1s<\/title>\n<meta name=\"robots\" content=\"index, follow, max-snippet:-1, max-image-preview:large, max-video-preview:-1\" \/>\n<link rel=\"canonical\" href=\"https:\/\/dorogimedence.hu\/index.php\/2017\/07\/03\/dorogi-busz-es-vasutallomas\/\" class=\"yoast-seo-meta-tag\" \/>\n<meta property=\"og:locale\" content=\"hu_HU\" class=\"yoast-seo-meta-tag\" \/>\n<meta property=\"og:type\" content=\"article\" class=\"yoast-seo-meta-tag\" \/>\n<meta property=\"og:title\" content=\"Dorogi busz- \u00e9s vas\u00fat\u00e1llom\u00e1s\" class=\"yoast-seo-meta-tag\" \/>\n<meta property=\"og:description\" content=\"A dorogi busz- \u00e9s vas\u00fat\u00e1llom\u00e1s \u00e9p\u00fcletkomplexum 2018 \u0151sz\u00e9re k\u00e9sz\u00fcl el. Az aut\u00f3buszok a Hantken Miksa utc\u00e1n kereszt\u00fcl fognak \u00e9rkezni az \u00e1llom\u00e1sra. A V\u00e1rosh\u00e1za (Fortuna) buszmeg\u00e1ll\u00f3 ezut\u00e1n is megmarad. A dorogimedence.hu szerkeszt\u0151s\u00e9ge a NIF Zrt. kommunik\u00e1ci\u00f3s igazgat\u00f3j\u00e1t, Karcagi Orsoly\u00e1t k\u00e9rdezte a jelenleg \u00e9p\u00fcl\u0151 busz- \u00e9s vas\u00fat\u00e1llom\u00e1s r\u00e9szleteir\u0151l. Cikk\u00fcnkben a feltett k\u00e9rd\u00e9sek ut\u00e1n kiemelve olvashat\u00f3k a v\u00e1laszok.\" class=\"yoast-seo-meta-tag\" \/>\n<meta property=\"og:url\" content=\"https:\/\/dorogimedence.hu\/index.php\/2017\/07\/03\/dorogi-busz-es-vasutallomas\/\" class=\"yoast-seo-meta-tag\" \/>\n<meta property=\"og:site_name\" content=\"Dorogi-medence Region\u00e1lis H\u00edrport\u00e1l\" class=\"yoast-seo-meta-tag\" \/>\n<meta property=\"article:publisher\" content=\"https:\/\/www.facebook.com\/dorogimedence\/\" class=\"yoast-seo-meta-tag\" \/>\n<meta property=\"article:published_time\" content=\"2017-07-03T14:39:45+00:00\" class=\"yoast-seo-meta-tag\" \/>\n<meta property=\"og:image\" content=\"https:\/\/i0.wp.com\/dorogimedence.hu\/wp-content\/uploads\/2017\/07\/vonat-busz-01.jpg?fit=670%2C365&ssl=1\" class=\"yoast-seo-meta-tag\" \/>\n\t<meta property=\"og:image:width\" content=\"670\" class=\"yoast-seo-meta-tag\" \/>\n\t<meta property=\"og:image:height\" content=\"365\" class=\"yoast-seo-meta-tag\" \/>\n\t<meta property=\"og:image:type\" content=\"image\/jpeg\" class=\"yoast-seo-meta-tag\" \/>\n<meta name=\"author\" content=\"dorogimedence.hu\" class=\"yoast-seo-meta-tag\" \/>\n<meta name=\"twitter:card\" content=\"summary_large_image\" class=\"yoast-seo-meta-tag\" \/>\n<meta name=\"twitter:label1\" content=\"Szerz\u0151:\" class=\"yoast-seo-meta-tag\" \/>\n\t<meta name=\"twitter:data1\" content=\"dorogimedence.hu\" class=\"yoast-seo-meta-tag\" \/>\n\t<meta name=\"twitter:label2\" content=\"Becs\u00fclt olvas\u00e1si id\u0151\" class=\"yoast-seo-meta-tag\" \/>\n\t<meta name=\"twitter:data2\" content=\"3 perc\" class=\"yoast-seo-meta-tag\" \/>\n<script type=\"application\/ld+json\" class=\"yoast-schema-graph\">{\"@context\":\"https:\\\/\\\/schema.org\",\"@graph\":[{\"@type\":\"Article\",\"@id\":\"https:\\\/\\\/dorogimedence.hu\\\/index.php\\\/2017\\\/07\\\/03\\\/dorogi-busz-es-vasutallomas\\\/#article\",\"isPartOf\":{\"@id\":\"https:\\\/\\\/dorogimedence.hu\\\/index.php\\\/2017\\\/07\\\/03\\\/dorogi-busz-es-vasutallomas\\\/\"},\"author\":{\"name\":\"dorogimedence.hu\",\"@id\":\"https:\\\/\\\/dorogimedence.hu\\\/#\\\/schema\\\/person\\\/ce6091eeb7e95ecdc87890d6aa8e0fd4\"},\"headline\":\"Dorogi busz- \u00e9s vas\u00fat\u00e1llom\u00e1s\",\"datePublished\":\"2017-07-03T14:39:45+00:00\",\"mainEntityOfPage\":{\"@id\":\"https:\\\/\\\/dorogimedence.hu\\\/index.php\\\/2017\\\/07\\\/03\\\/dorogi-busz-es-vasutallomas\\\/\"},\"wordCount\":520,\"publisher\":{\"@id\":\"https:\\\/\\\/dorogimedence.hu\\\/#organization\"},\"image\":{\"@id\":\"https:\\\/\\\/dorogimedence.hu\\\/index.php\\\/2017\\\/07\\\/03\\\/dorogi-busz-es-vasutallomas\\\/#primaryimage\"},\"thumbnailUrl\":\"https:\\\/\\\/dorogimedence.hu\\\/wp-content\\\/uploads\\\/2017\\\/07\\\/vonat-busz-01.jpg\",\"keywords\":[\"Budapest-Esztergom vas\u00fatvonal\",\"busz\u00e1llom\u00e1s\",\"Dorog\",\"fel\u00faj\u00edt\u00e1s\",\"vas\u00fat\u00e1llom\u00e1s\"],\"articleSection\":[\"Dorog\",\"H\u00edrek\"],\"inLanguage\":\"hu\"},{\"@type\":\"WebPage\",\"@id\":\"https:\\\/\\\/dorogimedence.hu\\\/index.php\\\/2017\\\/07\\\/03\\\/dorogi-busz-es-vasutallomas\\\/\",\"url\":\"https:\\\/\\\/dorogimedence.hu\\\/index.php\\\/2017\\\/07\\\/03\\\/dorogi-busz-es-vasutallomas\\\/\",\"name\":\"Dorogi busz- \u00e9s vas\u00fat\u00e1llom\u00e1s\",\"isPartOf\":{\"@id\":\"https:\\\/\\\/dorogimedence.hu\\\/#website\"},\"primaryImageOfPage\":{\"@id\":\"https:\\\/\\\/dorogimedence.hu\\\/index.php\\\/2017\\\/07\\\/03\\\/dorogi-busz-es-vasutallomas\\\/#primaryimage\"},\"image\":{\"@id\":\"https:\\\/\\\/dorogimedence.hu\\\/index.php\\\/2017\\\/07\\\/03\\\/dorogi-busz-es-vasutallomas\\\/#primaryimage\"},\"thumbnailUrl\":\"https:\\\/\\\/dorogimedence.hu\\\/wp-content\\\/uploads\\\/2017\\\/07\\\/vonat-busz-01.jpg\",\"datePublished\":\"2017-07-03T14:39:45+00:00\",\"breadcrumb\":{\"@id\":\"https:\\\/\\\/dorogimedence.hu\\\/index.php\\\/2017\\\/07\\\/03\\\/dorogi-busz-es-vasutallomas\\\/#breadcrumb\"},\"inLanguage\":\"hu\",\"potentialAction\":[{\"@type\":\"ReadAction\",\"target\":[\"https:\\\/\\\/dorogimedence.hu\\\/index.php\\\/2017\\\/07\\\/03\\\/dorogi-busz-es-vasutallomas\\\/\"]}]},{\"@type\":\"ImageObject\",\"inLanguage\":\"hu\",\"@id\":\"https:\\\/\\\/dorogimedence.hu\\\/index.php\\\/2017\\\/07\\\/03\\\/dorogi-busz-es-vasutallomas\\\/#primaryimage\",\"url\":\"https:\\\/\\\/dorogimedence.hu\\\/wp-content\\\/uploads\\\/2017\\\/07\\\/vonat-busz-01.jpg\",\"contentUrl\":\"https:\\\/\\\/dorogimedence.hu\\\/wp-content\\\/uploads\\\/2017\\\/07\\\/vonat-busz-01.jpg\",\"width\":670,\"height\":365},{\"@type\":\"BreadcrumbList\",\"@id\":\"https:\\\/\\\/dorogimedence.hu\\\/index.php\\\/2017\\\/07\\\/03\\\/dorogi-busz-es-vasutallomas\\\/#breadcrumb\",\"itemListElement\":[{\"@type\":\"ListItem\",\"position\":1,\"name\":\"Kezd\u0151lap\",\"item\":\"https:\\\/\\\/dorogimedence.hu\\\/\"},{\"@type\":\"ListItem\",\"position\":2,\"name\":\"Dorogi busz- \u00e9s vas\u00fat\u00e1llom\u00e1s\"}]},{\"@type\":\"WebSite\",\"@id\":\"https:\\\/\\\/dorogimedence.hu\\\/#website\",\"url\":\"https:\\\/\\\/dorogimedence.hu\\\/\",\"name\":\"Dorogi-medence Region\u00e1lis H\u00edrport\u00e1l\",\"description\":\"Dorog, Keszt\u00f6lc, Le\u00e1nyv\u00e1r, Piliscs\u00e9v, Tokod, Tokodalt\u00e1r\u00f3, Csolnok, Esztergom-kertv\u00e1ros: h\u00edrek, programok\",\"publisher\":{\"@id\":\"https:\\\/\\\/dorogimedence.hu\\\/#organization\"},\"potentialAction\":[{\"@type\":\"SearchAction\",\"target\":{\"@type\":\"EntryPoint\",\"urlTemplate\":\"https:\\\/\\\/dorogimedence.hu\\\/?s={search_term_string}\"},\"query-input\":{\"@type\":\"PropertyValueSpecification\",\"valueRequired\":true,\"valueName\":\"search_term_string\"}}],\"inLanguage\":\"hu\"},{\"@type\":\"Organization\",\"@id\":\"https:\\\/\\\/dorogimedence.hu\\\/#organization\",\"name\":\"Dorogi-medence Region\u00e1lis H\u00edrport\u00e1l\",\"url\":\"https:\\\/\\\/dorogimedence.hu\\\/\",\"logo\":{\"@type\":\"ImageObject\",\"inLanguage\":\"hu\",\"@id\":\"https:\\\/\\\/dorogimedence.hu\\\/#\\\/schema\\\/logo\\\/image\\\/\",\"url\":\"https:\\\/\\\/dorogimedence.hu\\\/wp-content\\\/uploads\\\/2021\\\/04\\\/logo-feher-600.png\",\"contentUrl\":\"https:\\\/\\\/dorogimedence.hu\\\/wp-content\\\/uploads\\\/2021\\\/04\\\/logo-feher-600.png\",\"width\":600,\"height\":100,\"caption\":\"Dorogi-medence Region\u00e1lis H\u00edrport\u00e1l\"},\"image\":{\"@id\":\"https:\\\/\\\/dorogimedence.hu\\\/#\\\/schema\\\/logo\\\/image\\\/\"},\"sameAs\":[\"https:\\\/\\\/www.facebook.com\\\/dorogimedence\\\/\"]},{\"@type\":\"Person\",\"@id\":\"https:\\\/\\\/dorogimedence.hu\\\/#\\\/schema\\\/person\\\/ce6091eeb7e95ecdc87890d6aa8e0fd4\",\"name\":\"dorogimedence.hu\",\"image\":{\"@type\":\"ImageObject\",\"inLanguage\":\"hu\",\"@id\":\"\\\/\\\/www.gravatar.com\\\/avatar\\\/d8d45f8901aadff40a4af72c0b826f1d?s=96&#038;r=g&#038;d=mm\",\"url\":\"\\\/\\\/www.gravatar.com\\\/avatar\\\/d8d45f8901aadff40a4af72c0b826f1d?s=96&#038;r=g&#038;d=mm\",\"contentUrl\":\"\\\/\\\/www.gravatar.com\\\/avatar\\\/d8d45f8901aadff40a4af72c0b826f1d?s=96&#038;r=g&#038;d=mm\",\"caption\":\"dorogimedence.hu\"}}]}<\/script>\n<!-- \/ Yoast SEO plugin. -->","yoast_head_json":{"title":"Dorogi busz- \u00e9s vas\u00fat\u00e1llom\u00e1s","robots":{"index":"index","follow":"follow","max-snippet":"max-snippet:-1","max-image-preview":"max-image-preview:large","max-video-preview":"max-video-preview:-1"},"canonical":"https:\/\/dorogimedence.hu\/index.php\/2017\/07\/03\/dorogi-busz-es-vasutallomas\/","og_locale":"hu_HU","og_type":"article","og_title":"Dorogi busz- \u00e9s vas\u00fat\u00e1llom\u00e1s","og_description":"A dorogi busz- \u00e9s vas\u00fat\u00e1llom\u00e1s \u00e9p\u00fcletkomplexum 2018 \u0151sz\u00e9re k\u00e9sz\u00fcl el. Az aut\u00f3buszok a Hantken Miksa utc\u00e1n kereszt\u00fcl fognak \u00e9rkezni az \u00e1llom\u00e1sra. A V\u00e1rosh\u00e1za (Fortuna) buszmeg\u00e1ll\u00f3 ezut\u00e1n is megmarad. A dorogimedence.hu szerkeszt\u0151s\u00e9ge a NIF Zrt. kommunik\u00e1ci\u00f3s igazgat\u00f3j\u00e1t, Karcagi Orsoly\u00e1t k\u00e9rdezte a jelenleg \u00e9p\u00fcl\u0151 busz- \u00e9s vas\u00fat\u00e1llom\u00e1s r\u00e9szleteir\u0151l. Cikk\u00fcnkben a feltett k\u00e9rd\u00e9sek ut\u00e1n kiemelve olvashat\u00f3k a v\u00e1laszok.","og_url":"https:\/\/dorogimedence.hu\/index.php\/2017\/07\/03\/dorogi-busz-es-vasutallomas\/","og_site_name":"Dorogi-medence Region\u00e1lis H\u00edrport\u00e1l","article_publisher":"https:\/\/www.facebook.com\/dorogimedence\/","article_published_time":"2017-07-03T14:39:45+00:00","og_image":[{"width":670,"height":365,"url":"https:\/\/i0.wp.com\/dorogimedence.hu\/wp-content\/uploads\/2017\/07\/vonat-busz-01.jpg?fit=670%2C365&ssl=1","type":"image\/jpeg"}],"author":"dorogimedence.hu","twitter_card":"summary_large_image","twitter_misc":{"Szerz\u0151:":"dorogimedence.hu","Becs\u00fclt olvas\u00e1si id\u0151":"3 perc"},"schema":{"@context":"https:\/\/schema.org","@graph":[{"@type":"Article","@id":"https:\/\/dorogimedence.hu\/index.php\/2017\/07\/03\/dorogi-busz-es-vasutallomas\/#article","isPartOf":{"@id":"https:\/\/dorogimedence.hu\/index.php\/2017\/07\/03\/dorogi-busz-es-vasutallomas\/"},"author":{"name":"dorogimedence.hu","@id":"https:\/\/dorogimedence.hu\/#\/schema\/person\/ce6091eeb7e95ecdc87890d6aa8e0fd4"},"headline":"Dorogi busz- \u00e9s vas\u00fat\u00e1llom\u00e1s","datePublished":"2017-07-03T14:39:45+00:00","mainEntityOfPage":{"@id":"https:\/\/dorogimedence.hu\/index.php\/2017\/07\/03\/dorogi-busz-es-vasutallomas\/"},"wordCount":520,"publisher":{"@id":"https:\/\/dorogimedence.hu\/#organization"},"image":{"@id":"https:\/\/dorogimedence.hu\/index.php\/2017\/07\/03\/dorogi-busz-es-vasutallomas\/#primaryimage"},"thumbnailUrl":"https:\/\/dorogimedence.hu\/wp-content\/uploads\/2017\/07\/vonat-busz-01.jpg","keywords":["Budapest-Esztergom vas\u00fatvonal","busz\u00e1llom\u00e1s","Dorog","fel\u00faj\u00edt\u00e1s","vas\u00fat\u00e1llom\u00e1s"],"articleSection":["Dorog","H\u00edrek"],"inLanguage":"hu"},{"@type":"WebPage","@id":"https:\/\/dorogimedence.hu\/index.php\/2017\/07\/03\/dorogi-busz-es-vasutallomas\/","url":"https:\/\/dorogimedence.hu\/index.php\/2017\/07\/03\/dorogi-busz-es-vasutallomas\/","name":"Dorogi busz- \u00e9s vas\u00fat\u00e1llom\u00e1s","isPartOf":{"@id":"https:\/\/dorogimedence.hu\/#website"},"primaryImageOfPage":{"@id":"https:\/\/dorogimedence.hu\/index.php\/2017\/07\/03\/dorogi-busz-es-vasutallomas\/#primaryimage"},"image":{"@id":"https:\/\/dorogimedence.hu\/index.php\/2017\/07\/03\/dorogi-busz-es-vasutallomas\/#primaryimage"},"thumbnailUrl":"https:\/\/dorogimedence.hu\/wp-content\/uploads\/2017\/07\/vonat-busz-01.jpg","datePublished":"2017-07-03T14:39:45+00:00","breadcrumb":{"@id":"https:\/\/dorogimedence.hu\/index.php\/2017\/07\/03\/dorogi-busz-es-vasutallomas\/#breadcrumb"},"inLanguage":"hu","potentialAction":[{"@type":"ReadAction","target":["https:\/\/dorogimedence.hu\/index.php\/2017\/07\/03\/dorogi-busz-es-vasutallomas\/"]}]},{"@type":"ImageObject","inLanguage":"hu","@id":"https:\/\/dorogimedence.hu\/index.php\/2017\/07\/03\/dorogi-busz-es-vasutallomas\/#primaryimage","url":"https:\/\/dorogimedence.hu\/wp-content\/uploads\/2017\/07\/vonat-busz-01.jpg","contentUrl":"https:\/\/dorogimedence.hu\/wp-content\/uploads\/2017\/07\/vonat-busz-01.jpg","width":670,"height":365},{"@type":"BreadcrumbList","@id":"https:\/\/dorogimedence.hu\/index.php\/2017\/07\/03\/dorogi-busz-es-vasutallomas\/#breadcrumb","itemListElement":[{"@type":"ListItem","position":1,"name":"Kezd\u0151lap","item":"https:\/\/dorogimedence.hu\/"},{"@type":"ListItem","position":2,"name":"Dorogi busz- \u00e9s vas\u00fat\u00e1llom\u00e1s"}]},{"@type":"WebSite","@id":"https:\/\/dorogimedence.hu\/#website","url":"https:\/\/dorogimedence.hu\/","name":"Dorogi-medence Region\u00e1lis H\u00edrport\u00e1l","description":"Dorog, Keszt\u00f6lc, Le\u00e1nyv\u00e1r, Piliscs\u00e9v, Tokod, Tokodalt\u00e1r\u00f3, Csolnok, Esztergom-kertv\u00e1ros: h\u00edrek, programok","publisher":{"@id":"https:\/\/dorogimedence.hu\/#organization"},"potentialAction":[{"@type":"SearchAction","target":{"@type":"EntryPoint","urlTemplate":"https:\/\/dorogimedence.hu\/?s={search_term_string}"},"query-input":{"@type":"PropertyValueSpecification","valueRequired":true,"valueName":"search_term_string"}}],"inLanguage":"hu"},{"@type":"Organization","@id":"https:\/\/dorogimedence.hu\/#organization","name":"Dorogi-medence Region\u00e1lis H\u00edrport\u00e1l","url":"https:\/\/dorogimedence.hu\/","logo":{"@type":"ImageObject","inLanguage":"hu","@id":"https:\/\/dorogimedence.hu\/#\/schema\/logo\/image\/","url":"https:\/\/dorogimedence.hu\/wp-content\/uploads\/2021\/04\/logo-feher-600.png","contentUrl":"https:\/\/dorogimedence.hu\/wp-content\/uploads\/2021\/04\/logo-feher-600.png","width":600,"height":100,"caption":"Dorogi-medence Region\u00e1lis H\u00edrport\u00e1l"},"image":{"@id":"https:\/\/dorogimedence.hu\/#\/schema\/logo\/image\/"},"sameAs":["https:\/\/www.facebook.com\/dorogimedence\/"]},{"@type":"Person","@id":"https:\/\/dorogimedence.hu\/#\/schema\/person\/ce6091eeb7e95ecdc87890d6aa8e0fd4","name":"dorogimedence.hu","image":{"@type":"ImageObject","inLanguage":"hu","@id":"\/\/www.gravatar.com\/avatar\/d8d45f8901aadff40a4af72c0b826f1d?s=96&#038;r=g&#038;d=mm","url":"\/\/www.gravatar.com\/avatar\/d8d45f8901aadff40a4af72c0b826f1d?s=96&#038;r=g&#038;d=mm","contentUrl":"\/\/www.gravatar.com\/avatar\/d8d45f8901aadff40a4af72c0b826f1d?s=96&#038;r=g&#038;d=mm","caption":"dorogimedence.hu"}}]}},"_links":{"self":[{"href":"https:\/\/dorogimedence.hu\/index.php\/wp-json\/wp\/v2\/posts\/4182","targetHints":{"allow":["GET"]}}],"collection":[{"href":"https:\/\/dorogimedence.hu\/index.php\/wp-json\/wp\/v2\/posts"}],"about":[{"href":"https:\/\/dorogimedence.hu\/index.php\/wp-json\/wp\/v2\/types\/post"}],"author":[{"embeddable":true,"href":"https:\/\/dorogimedence.hu\/index.php\/wp-json\/wp\/v2\/users\/1"}],"replies":[{"embeddable":true,"href":"https:\/\/dorogimedence.hu\/index.php\/wp-json\/wp\/v2\/comments?post=4182"}],"version-history":[{"count":0,"href":"https:\/\/dorogimedence.hu\/index.php\/wp-json\/wp\/v2\/posts\/4182\/revisions"}],"wp:featuredmedia":[{"embeddable":true,"href":"https:\/\/dorogimedence.hu\/index.php\/wp-json\/wp\/v2\/media\/4183"}],"wp:attachment":[{"href":"https:\/\/dorogimedence.hu\/index.php\/wp-json\/wp\/v2\/media?parent=4182"}],"wp:term":[{"taxonomy":"category","embeddable":true,"href":"https:\/\/dorogimedence.hu\/index.php\/wp-json\/wp\/v2\/categories?post=4182"},{"taxonomy":"post_tag","embeddable":true,"href":"https:\/\/dorogimedence.hu\/index.php\/wp-json\/wp\/v2\/tags?post=4182"}],"curies":[{"name":"wp","href":"https:\/\/api.w.org\/{rel}","templated":true}]}}