{"id":41807,"date":"2022-04-11T11:14:05","date_gmt":"2022-04-11T09:14:05","guid":{"rendered":"https:\/\/dorogimedence.hu\/?p=41807"},"modified":"2022-04-11T11:14:13","modified_gmt":"2022-04-11T09:14:13","slug":"onkenteseket-varnak-a-dorogi-kutato-mentok","status":"publish","type":"post","link":"https:\/\/dorogimedence.hu\/index.php\/2022\/04\/11\/onkenteseket-varnak-a-dorogi-kutato-mentok\/","title":{"rendered":"\u00d6nk\u00e9nteseket v\u00e1rnak a dorogi kutat\u00f3-ment\u0151k"},"content":{"rendered":"<p><strong>A dorogi Horizont Eg\u00e9szs\u00e9g\u00fcgyi Alap\u00edtv\u00e1ny Kutat\u00f3-Ment\u0151 oszt\u00e1lya \u00f6nk\u00e9ntesek jelentkez\u00e9s\u00e9t v\u00e1rja.<\/strong><\/p>\n<p>Ardelean Rajmund oszt\u00e1lyvezet\u0151 elmondta, hogy 16 \u00e9ves kort\u00f3l lehet jelentkezni, az \u00e9retts\u00e9giz\u0151 di\u00e1kok sz\u00e1m\u00e1ra pedig a k\u00f6z\u00f6ss\u00e9gi szolg\u00e1latot is le tudj\u00e1k igazolni.<\/p>\n<p><strong>Mivel foglalkoznak a kutat\u00f3-ment\u0151k?<\/strong><\/p>\n<ul>\n<li>Elt\u0171nt szem\u00e9lyek felkutat\u00e1sa<\/li>\n<li>Katasztr\u00f3fahelyzetben val\u00f3 k\u00f6zrem\u0171k\u00f6d\u00e9s<\/li>\n<li>Humanit\u00e1rius seg\u00edts\u00e9gny\u00fajt\u00e1s<\/li>\n<li>Prevenci\u00f3s tev\u00e9kenys\u00e9g<\/li>\n<\/ul>\n<p><strong>Hogyan \u00e9p\u00fcl fel a k\u00e9pz\u00e9si rendszer?<\/strong><\/p>\n<ul>\n<li>Minden vas\u00e1rnap tartanak k\u00e9pz\u00e9st 12 \u00e9s 17 \u00f3ra k\u00f6z\u00f6tt. Havonta egyszer pedig van egy 12 \u00f3r\u00e1s \u00e9jszakai gyakorlatuk is.<\/li>\n<\/ul>\n<p>Jelentkezni f\u00e9nyk\u00e9pes \u00f6n\u00e9letrajzzal \u00e9s motiv\u00e1ci\u00f3s lev\u00e9llel az al\u00e1bbi e-mail c\u00edmen lehet: <a href=\"mailto:horizontalapitvanydorog@gmail.com\" target=\"_blank\" rel=\"noopener\"><span style=\"text-decoration: underline; color: #0000ff;\">horizontalapitvanydorog@gmail.com<\/span><\/a><\/p>\n","protected":false},"excerpt":{"rendered":"<p>A dorogi Horizont Eg\u00e9szs\u00e9g\u00fcgyi Alap\u00edtv\u00e1ny Kutat\u00f3-Ment\u0151 oszt\u00e1lya \u00f6nk\u00e9ntesek jelentkez\u00e9s\u00e9t v\u00e1rja. Ardelean Rajmund oszt\u00e1lyvezet\u0151 elmondta, hogy 16 \u00e9ves kort\u00f3l lehet jelentkezni, az \u00e9retts\u00e9giz\u0151 di\u00e1kok sz\u00e1m\u00e1ra pedig a k\u00f6z\u00f6ss\u00e9gi szolg\u00e1latot is le tudj\u00e1k igazolni. Mivel foglalkoznak a kutat\u00f3-ment\u0151k? Elt\u0171nt szem\u00e9lyek felkutat\u00e1sa Katasztr\u00f3fahelyzetben val\u00f3 k\u00f6zrem\u0171k\u00f6d\u00e9s Humanit\u00e1rius seg\u00edts\u00e9gny\u00fajt\u00e1s Prevenci\u00f3s tev\u00e9kenys\u00e9g Hogyan \u00e9p\u00fcl fel a k\u00e9pz\u00e9si rendszer? Minden vas\u00e1rnap tartanak<\/p>\n","protected":false},"author":1,"featured_media":41808,"comment_status":"closed","ping_status":"closed","sticky":false,"template":"","format":"standard","meta":{"ngg_post_thumbnail":0,"footnotes":""},"categories":[2,3],"tags":[15,1244,6381],"class_list":{"0":"post-41807","1":"post","2":"type-post","3":"status-publish","4":"format-standard","5":"has-post-thumbnail","7":"category-dorog","8":"category-hirek","9":"tag-dorog","10":"tag-kutato-mento-szolgalat","11":"tag-kutato-mentok"},"yoast_head":"<!-- This site is optimized with the Yoast SEO plugin v27.4 - https:\/\/yoast.com\/product\/yoast-seo-wordpress\/ -->\n<title>\u00d6nk\u00e9nteseket v\u00e1rnak a dorogi kutat\u00f3-ment\u0151k<\/title>\n<meta name=\"robots\" content=\"index, follow, max-snippet:-1, max-image-preview:large, max-video-preview:-1\" \/>\n<link rel=\"canonical\" href=\"https:\/\/dorogimedence.hu\/index.php\/2022\/04\/11\/onkenteseket-varnak-a-dorogi-kutato-mentok\/\" class=\"yoast-seo-meta-tag\" \/>\n<meta property=\"og:locale\" content=\"hu_HU\" class=\"yoast-seo-meta-tag\" \/>\n<meta property=\"og:type\" content=\"article\" class=\"yoast-seo-meta-tag\" \/>\n<meta property=\"og:title\" content=\"\u00d6nk\u00e9nteseket v\u00e1rnak a dorogi kutat\u00f3-ment\u0151k\" class=\"yoast-seo-meta-tag\" \/>\n<meta property=\"og:description\" content=\"A dorogi Horizont Eg\u00e9szs\u00e9g\u00fcgyi Alap\u00edtv\u00e1ny Kutat\u00f3-Ment\u0151 oszt\u00e1lya \u00f6nk\u00e9ntesek jelentkez\u00e9s\u00e9t v\u00e1rja. Ardelean Rajmund oszt\u00e1lyvezet\u0151 elmondta, hogy 16 \u00e9ves kort\u00f3l lehet jelentkezni, az \u00e9retts\u00e9giz\u0151 di\u00e1kok sz\u00e1m\u00e1ra pedig a k\u00f6z\u00f6ss\u00e9gi szolg\u00e1latot is le tudj\u00e1k igazolni. Mivel foglalkoznak a kutat\u00f3-ment\u0151k? Elt\u0171nt szem\u00e9lyek felkutat\u00e1sa Katasztr\u00f3fahelyzetben val\u00f3 k\u00f6zrem\u0171k\u00f6d\u00e9s Humanit\u00e1rius seg\u00edts\u00e9gny\u00fajt\u00e1s Prevenci\u00f3s tev\u00e9kenys\u00e9g Hogyan \u00e9p\u00fcl fel a k\u00e9pz\u00e9si rendszer? Minden vas\u00e1rnap tartanak\" class=\"yoast-seo-meta-tag\" \/>\n<meta property=\"og:url\" content=\"https:\/\/dorogimedence.hu\/index.php\/2022\/04\/11\/onkenteseket-varnak-a-dorogi-kutato-mentok\/\" class=\"yoast-seo-meta-tag\" \/>\n<meta property=\"og:site_name\" content=\"Dorogi-medence Region\u00e1lis H\u00edrport\u00e1l\" class=\"yoast-seo-meta-tag\" \/>\n<meta property=\"article:publisher\" content=\"https:\/\/www.facebook.com\/dorogimedence\/\" class=\"yoast-seo-meta-tag\" \/>\n<meta property=\"article:published_time\" content=\"2022-04-11T09:14:05+00:00\" class=\"yoast-seo-meta-tag\" \/>\n<meta property=\"article:modified_time\" content=\"2022-04-11T09:14:13+00:00\" class=\"yoast-seo-meta-tag\" \/>\n<meta property=\"og:image\" content=\"https:\/\/i0.wp.com\/dorogimedence.hu\/wp-content\/uploads\/2022\/04\/kutato-mentok-01.jpg?fit=828%2C471&ssl=1\" class=\"yoast-seo-meta-tag\" \/>\n\t<meta property=\"og:image:width\" content=\"828\" class=\"yoast-seo-meta-tag\" \/>\n\t<meta property=\"og:image:height\" content=\"471\" class=\"yoast-seo-meta-tag\" \/>\n\t<meta property=\"og:image:type\" content=\"image\/jpeg\" class=\"yoast-seo-meta-tag\" \/>\n<meta name=\"author\" content=\"dorogimedence.hu\" class=\"yoast-seo-meta-tag\" \/>\n<meta name=\"twitter:card\" content=\"summary_large_image\" class=\"yoast-seo-meta-tag\" \/>\n<meta name=\"twitter:label1\" content=\"Szerz\u0151:\" class=\"yoast-seo-meta-tag\" \/>\n\t<meta name=\"twitter:data1\" content=\"dorogimedence.hu\" class=\"yoast-seo-meta-tag\" \/>\n\t<meta name=\"twitter:label2\" content=\"Becs\u00fclt olvas\u00e1si id\u0151\" class=\"yoast-seo-meta-tag\" \/>\n\t<meta name=\"twitter:data2\" content=\"1 perc\" class=\"yoast-seo-meta-tag\" \/>\n<script type=\"application\/ld+json\" class=\"yoast-schema-graph\">{\"@context\":\"https:\\\/\\\/schema.org\",\"@graph\":[{\"@type\":\"Article\",\"@id\":\"https:\\\/\\\/dorogimedence.hu\\\/index.php\\\/2022\\\/04\\\/11\\\/onkenteseket-varnak-a-dorogi-kutato-mentok\\\/#article\",\"isPartOf\":{\"@id\":\"https:\\\/\\\/dorogimedence.hu\\\/index.php\\\/2022\\\/04\\\/11\\\/onkenteseket-varnak-a-dorogi-kutato-mentok\\\/\"},\"author\":{\"name\":\"dorogimedence.hu\",\"@id\":\"https:\\\/\\\/dorogimedence.hu\\\/#\\\/schema\\\/person\\\/ce6091eeb7e95ecdc87890d6aa8e0fd4\"},\"headline\":\"\u00d6nk\u00e9nteseket v\u00e1rnak a dorogi kutat\u00f3-ment\u0151k\",\"datePublished\":\"2022-04-11T09:14:05+00:00\",\"dateModified\":\"2022-04-11T09:14:13+00:00\",\"mainEntityOfPage\":{\"@id\":\"https:\\\/\\\/dorogimedence.hu\\\/index.php\\\/2022\\\/04\\\/11\\\/onkenteseket-varnak-a-dorogi-kutato-mentok\\\/\"},\"wordCount\":147,\"publisher\":{\"@id\":\"https:\\\/\\\/dorogimedence.hu\\\/#organization\"},\"image\":{\"@id\":\"https:\\\/\\\/dorogimedence.hu\\\/index.php\\\/2022\\\/04\\\/11\\\/onkenteseket-varnak-a-dorogi-kutato-mentok\\\/#primaryimage\"},\"thumbnailUrl\":\"https:\\\/\\\/dorogimedence.hu\\\/wp-content\\\/uploads\\\/2022\\\/04\\\/kutato-mentok-01.jpg\",\"keywords\":[\"Dorog\",\"Kutat\u00f3-Ment\u0151 Szolg\u00e1lat\",\"kutat\u00f3-ment\u0151k\"],\"articleSection\":[\"Dorog\",\"H\u00edrek\"],\"inLanguage\":\"hu\"},{\"@type\":\"WebPage\",\"@id\":\"https:\\\/\\\/dorogimedence.hu\\\/index.php\\\/2022\\\/04\\\/11\\\/onkenteseket-varnak-a-dorogi-kutato-mentok\\\/\",\"url\":\"https:\\\/\\\/dorogimedence.hu\\\/index.php\\\/2022\\\/04\\\/11\\\/onkenteseket-varnak-a-dorogi-kutato-mentok\\\/\",\"name\":\"\u00d6nk\u00e9nteseket v\u00e1rnak a dorogi kutat\u00f3-ment\u0151k\",\"isPartOf\":{\"@id\":\"https:\\\/\\\/dorogimedence.hu\\\/#website\"},\"primaryImageOfPage\":{\"@id\":\"https:\\\/\\\/dorogimedence.hu\\\/index.php\\\/2022\\\/04\\\/11\\\/onkenteseket-varnak-a-dorogi-kutato-mentok\\\/#primaryimage\"},\"image\":{\"@id\":\"https:\\\/\\\/dorogimedence.hu\\\/index.php\\\/2022\\\/04\\\/11\\\/onkenteseket-varnak-a-dorogi-kutato-mentok\\\/#primaryimage\"},\"thumbnailUrl\":\"https:\\\/\\\/dorogimedence.hu\\\/wp-content\\\/uploads\\\/2022\\\/04\\\/kutato-mentok-01.jpg\",\"datePublished\":\"2022-04-11T09:14:05+00:00\",\"dateModified\":\"2022-04-11T09:14:13+00:00\",\"breadcrumb\":{\"@id\":\"https:\\\/\\\/dorogimedence.hu\\\/index.php\\\/2022\\\/04\\\/11\\\/onkenteseket-varnak-a-dorogi-kutato-mentok\\\/#breadcrumb\"},\"inLanguage\":\"hu\",\"potentialAction\":[{\"@type\":\"ReadAction\",\"target\":[\"https:\\\/\\\/dorogimedence.hu\\\/index.php\\\/2022\\\/04\\\/11\\\/onkenteseket-varnak-a-dorogi-kutato-mentok\\\/\"]}]},{\"@type\":\"ImageObject\",\"inLanguage\":\"hu\",\"@id\":\"https:\\\/\\\/dorogimedence.hu\\\/index.php\\\/2022\\\/04\\\/11\\\/onkenteseket-varnak-a-dorogi-kutato-mentok\\\/#primaryimage\",\"url\":\"https:\\\/\\\/dorogimedence.hu\\\/wp-content\\\/uploads\\\/2022\\\/04\\\/kutato-mentok-01.jpg\",\"contentUrl\":\"https:\\\/\\\/dorogimedence.hu\\\/wp-content\\\/uploads\\\/2022\\\/04\\\/kutato-mentok-01.jpg\",\"width\":828,\"height\":471},{\"@type\":\"BreadcrumbList\",\"@id\":\"https:\\\/\\\/dorogimedence.hu\\\/index.php\\\/2022\\\/04\\\/11\\\/onkenteseket-varnak-a-dorogi-kutato-mentok\\\/#breadcrumb\",\"itemListElement\":[{\"@type\":\"ListItem\",\"position\":1,\"name\":\"Kezd\u0151lap\",\"item\":\"https:\\\/\\\/dorogimedence.hu\\\/\"},{\"@type\":\"ListItem\",\"position\":2,\"name\":\"\u00d6nk\u00e9nteseket v\u00e1rnak a dorogi kutat\u00f3-ment\u0151k\"}]},{\"@type\":\"WebSite\",\"@id\":\"https:\\\/\\\/dorogimedence.hu\\\/#website\",\"url\":\"https:\\\/\\\/dorogimedence.hu\\\/\",\"name\":\"Dorogi-medence Region\u00e1lis H\u00edrport\u00e1l\",\"description\":\"Dorog, Keszt\u00f6lc, Le\u00e1nyv\u00e1r, Piliscs\u00e9v, Tokod, Tokodalt\u00e1r\u00f3, Csolnok, Esztergom-kertv\u00e1ros: h\u00edrek, programok\",\"publisher\":{\"@id\":\"https:\\\/\\\/dorogimedence.hu\\\/#organization\"},\"potentialAction\":[{\"@type\":\"SearchAction\",\"target\":{\"@type\":\"EntryPoint\",\"urlTemplate\":\"https:\\\/\\\/dorogimedence.hu\\\/?s={search_term_string}\"},\"query-input\":{\"@type\":\"PropertyValueSpecification\",\"valueRequired\":true,\"valueName\":\"search_term_string\"}}],\"inLanguage\":\"hu\"},{\"@type\":\"Organization\",\"@id\":\"https:\\\/\\\/dorogimedence.hu\\\/#organization\",\"name\":\"Dorogi-medence Region\u00e1lis H\u00edrport\u00e1l\",\"url\":\"https:\\\/\\\/dorogimedence.hu\\\/\",\"logo\":{\"@type\":\"ImageObject\",\"inLanguage\":\"hu\",\"@id\":\"https:\\\/\\\/dorogimedence.hu\\\/#\\\/schema\\\/logo\\\/image\\\/\",\"url\":\"https:\\\/\\\/dorogimedence.hu\\\/wp-content\\\/uploads\\\/2021\\\/04\\\/logo-feher-600.png\",\"contentUrl\":\"https:\\\/\\\/dorogimedence.hu\\\/wp-content\\\/uploads\\\/2021\\\/04\\\/logo-feher-600.png\",\"width\":600,\"height\":100,\"caption\":\"Dorogi-medence Region\u00e1lis H\u00edrport\u00e1l\"},\"image\":{\"@id\":\"https:\\\/\\\/dorogimedence.hu\\\/#\\\/schema\\\/logo\\\/image\\\/\"},\"sameAs\":[\"https:\\\/\\\/www.facebook.com\\\/dorogimedence\\\/\"]},{\"@type\":\"Person\",\"@id\":\"https:\\\/\\\/dorogimedence.hu\\\/#\\\/schema\\\/person\\\/ce6091eeb7e95ecdc87890d6aa8e0fd4\",\"name\":\"dorogimedence.hu\",\"image\":{\"@type\":\"ImageObject\",\"inLanguage\":\"hu\",\"@id\":\"\\\/\\\/www.gravatar.com\\\/avatar\\\/d8d45f8901aadff40a4af72c0b826f1d?s=96&#038;r=g&#038;d=mm\",\"url\":\"\\\/\\\/www.gravatar.com\\\/avatar\\\/d8d45f8901aadff40a4af72c0b826f1d?s=96&#038;r=g&#038;d=mm\",\"contentUrl\":\"\\\/\\\/www.gravatar.com\\\/avatar\\\/d8d45f8901aadff40a4af72c0b826f1d?s=96&#038;r=g&#038;d=mm\",\"caption\":\"dorogimedence.hu\"}}]}<\/script>\n<!-- \/ Yoast SEO plugin. -->","yoast_head_json":{"title":"\u00d6nk\u00e9nteseket v\u00e1rnak a dorogi kutat\u00f3-ment\u0151k","robots":{"index":"index","follow":"follow","max-snippet":"max-snippet:-1","max-image-preview":"max-image-preview:large","max-video-preview":"max-video-preview:-1"},"canonical":"https:\/\/dorogimedence.hu\/index.php\/2022\/04\/11\/onkenteseket-varnak-a-dorogi-kutato-mentok\/","og_locale":"hu_HU","og_type":"article","og_title":"\u00d6nk\u00e9nteseket v\u00e1rnak a dorogi kutat\u00f3-ment\u0151k","og_description":"A dorogi Horizont Eg\u00e9szs\u00e9g\u00fcgyi Alap\u00edtv\u00e1ny Kutat\u00f3-Ment\u0151 oszt\u00e1lya \u00f6nk\u00e9ntesek jelentkez\u00e9s\u00e9t v\u00e1rja. Ardelean Rajmund oszt\u00e1lyvezet\u0151 elmondta, hogy 16 \u00e9ves kort\u00f3l lehet jelentkezni, az \u00e9retts\u00e9giz\u0151 di\u00e1kok sz\u00e1m\u00e1ra pedig a k\u00f6z\u00f6ss\u00e9gi szolg\u00e1latot is le tudj\u00e1k igazolni. Mivel foglalkoznak a kutat\u00f3-ment\u0151k? Elt\u0171nt szem\u00e9lyek felkutat\u00e1sa Katasztr\u00f3fahelyzetben val\u00f3 k\u00f6zrem\u0171k\u00f6d\u00e9s Humanit\u00e1rius seg\u00edts\u00e9gny\u00fajt\u00e1s Prevenci\u00f3s tev\u00e9kenys\u00e9g Hogyan \u00e9p\u00fcl fel a k\u00e9pz\u00e9si rendszer? Minden vas\u00e1rnap tartanak","og_url":"https:\/\/dorogimedence.hu\/index.php\/2022\/04\/11\/onkenteseket-varnak-a-dorogi-kutato-mentok\/","og_site_name":"Dorogi-medence Region\u00e1lis H\u00edrport\u00e1l","article_publisher":"https:\/\/www.facebook.com\/dorogimedence\/","article_published_time":"2022-04-11T09:14:05+00:00","article_modified_time":"2022-04-11T09:14:13+00:00","og_image":[{"width":828,"height":471,"url":"https:\/\/i0.wp.com\/dorogimedence.hu\/wp-content\/uploads\/2022\/04\/kutato-mentok-01.jpg?fit=828%2C471&ssl=1","type":"image\/jpeg"}],"author":"dorogimedence.hu","twitter_card":"summary_large_image","twitter_misc":{"Szerz\u0151:":"dorogimedence.hu","Becs\u00fclt olvas\u00e1si id\u0151":"1 perc"},"schema":{"@context":"https:\/\/schema.org","@graph":[{"@type":"Article","@id":"https:\/\/dorogimedence.hu\/index.php\/2022\/04\/11\/onkenteseket-varnak-a-dorogi-kutato-mentok\/#article","isPartOf":{"@id":"https:\/\/dorogimedence.hu\/index.php\/2022\/04\/11\/onkenteseket-varnak-a-dorogi-kutato-mentok\/"},"author":{"name":"dorogimedence.hu","@id":"https:\/\/dorogimedence.hu\/#\/schema\/person\/ce6091eeb7e95ecdc87890d6aa8e0fd4"},"headline":"\u00d6nk\u00e9nteseket v\u00e1rnak a dorogi kutat\u00f3-ment\u0151k","datePublished":"2022-04-11T09:14:05+00:00","dateModified":"2022-04-11T09:14:13+00:00","mainEntityOfPage":{"@id":"https:\/\/dorogimedence.hu\/index.php\/2022\/04\/11\/onkenteseket-varnak-a-dorogi-kutato-mentok\/"},"wordCount":147,"publisher":{"@id":"https:\/\/dorogimedence.hu\/#organization"},"image":{"@id":"https:\/\/dorogimedence.hu\/index.php\/2022\/04\/11\/onkenteseket-varnak-a-dorogi-kutato-mentok\/#primaryimage"},"thumbnailUrl":"https:\/\/dorogimedence.hu\/wp-content\/uploads\/2022\/04\/kutato-mentok-01.jpg","keywords":["Dorog","Kutat\u00f3-Ment\u0151 Szolg\u00e1lat","kutat\u00f3-ment\u0151k"],"articleSection":["Dorog","H\u00edrek"],"inLanguage":"hu"},{"@type":"WebPage","@id":"https:\/\/dorogimedence.hu\/index.php\/2022\/04\/11\/onkenteseket-varnak-a-dorogi-kutato-mentok\/","url":"https:\/\/dorogimedence.hu\/index.php\/2022\/04\/11\/onkenteseket-varnak-a-dorogi-kutato-mentok\/","name":"\u00d6nk\u00e9nteseket v\u00e1rnak a dorogi kutat\u00f3-ment\u0151k","isPartOf":{"@id":"https:\/\/dorogimedence.hu\/#website"},"primaryImageOfPage":{"@id":"https:\/\/dorogimedence.hu\/index.php\/2022\/04\/11\/onkenteseket-varnak-a-dorogi-kutato-mentok\/#primaryimage"},"image":{"@id":"https:\/\/dorogimedence.hu\/index.php\/2022\/04\/11\/onkenteseket-varnak-a-dorogi-kutato-mentok\/#primaryimage"},"thumbnailUrl":"https:\/\/dorogimedence.hu\/wp-content\/uploads\/2022\/04\/kutato-mentok-01.jpg","datePublished":"2022-04-11T09:14:05+00:00","dateModified":"2022-04-11T09:14:13+00:00","breadcrumb":{"@id":"https:\/\/dorogimedence.hu\/index.php\/2022\/04\/11\/onkenteseket-varnak-a-dorogi-kutato-mentok\/#breadcrumb"},"inLanguage":"hu","potentialAction":[{"@type":"ReadAction","target":["https:\/\/dorogimedence.hu\/index.php\/2022\/04\/11\/onkenteseket-varnak-a-dorogi-kutato-mentok\/"]}]},{"@type":"ImageObject","inLanguage":"hu","@id":"https:\/\/dorogimedence.hu\/index.php\/2022\/04\/11\/onkenteseket-varnak-a-dorogi-kutato-mentok\/#primaryimage","url":"https:\/\/dorogimedence.hu\/wp-content\/uploads\/2022\/04\/kutato-mentok-01.jpg","contentUrl":"https:\/\/dorogimedence.hu\/wp-content\/uploads\/2022\/04\/kutato-mentok-01.jpg","width":828,"height":471},{"@type":"BreadcrumbList","@id":"https:\/\/dorogimedence.hu\/index.php\/2022\/04\/11\/onkenteseket-varnak-a-dorogi-kutato-mentok\/#breadcrumb","itemListElement":[{"@type":"ListItem","position":1,"name":"Kezd\u0151lap","item":"https:\/\/dorogimedence.hu\/"},{"@type":"ListItem","position":2,"name":"\u00d6nk\u00e9nteseket v\u00e1rnak a dorogi kutat\u00f3-ment\u0151k"}]},{"@type":"WebSite","@id":"https:\/\/dorogimedence.hu\/#website","url":"https:\/\/dorogimedence.hu\/","name":"Dorogi-medence Region\u00e1lis H\u00edrport\u00e1l","description":"Dorog, Keszt\u00f6lc, Le\u00e1nyv\u00e1r, Piliscs\u00e9v, Tokod, Tokodalt\u00e1r\u00f3, Csolnok, Esztergom-kertv\u00e1ros: h\u00edrek, programok","publisher":{"@id":"https:\/\/dorogimedence.hu\/#organization"},"potentialAction":[{"@type":"SearchAction","target":{"@type":"EntryPoint","urlTemplate":"https:\/\/dorogimedence.hu\/?s={search_term_string}"},"query-input":{"@type":"PropertyValueSpecification","valueRequired":true,"valueName":"search_term_string"}}],"inLanguage":"hu"},{"@type":"Organization","@id":"https:\/\/dorogimedence.hu\/#organization","name":"Dorogi-medence Region\u00e1lis H\u00edrport\u00e1l","url":"https:\/\/dorogimedence.hu\/","logo":{"@type":"ImageObject","inLanguage":"hu","@id":"https:\/\/dorogimedence.hu\/#\/schema\/logo\/image\/","url":"https:\/\/dorogimedence.hu\/wp-content\/uploads\/2021\/04\/logo-feher-600.png","contentUrl":"https:\/\/dorogimedence.hu\/wp-content\/uploads\/2021\/04\/logo-feher-600.png","width":600,"height":100,"caption":"Dorogi-medence Region\u00e1lis H\u00edrport\u00e1l"},"image":{"@id":"https:\/\/dorogimedence.hu\/#\/schema\/logo\/image\/"},"sameAs":["https:\/\/www.facebook.com\/dorogimedence\/"]},{"@type":"Person","@id":"https:\/\/dorogimedence.hu\/#\/schema\/person\/ce6091eeb7e95ecdc87890d6aa8e0fd4","name":"dorogimedence.hu","image":{"@type":"ImageObject","inLanguage":"hu","@id":"\/\/www.gravatar.com\/avatar\/d8d45f8901aadff40a4af72c0b826f1d?s=96&#038;r=g&#038;d=mm","url":"\/\/www.gravatar.com\/avatar\/d8d45f8901aadff40a4af72c0b826f1d?s=96&#038;r=g&#038;d=mm","contentUrl":"\/\/www.gravatar.com\/avatar\/d8d45f8901aadff40a4af72c0b826f1d?s=96&#038;r=g&#038;d=mm","caption":"dorogimedence.hu"}}]}},"_links":{"self":[{"href":"https:\/\/dorogimedence.hu\/index.php\/wp-json\/wp\/v2\/posts\/41807","targetHints":{"allow":["GET"]}}],"collection":[{"href":"https:\/\/dorogimedence.hu\/index.php\/wp-json\/wp\/v2\/posts"}],"about":[{"href":"https:\/\/dorogimedence.hu\/index.php\/wp-json\/wp\/v2\/types\/post"}],"author":[{"embeddable":true,"href":"https:\/\/dorogimedence.hu\/index.php\/wp-json\/wp\/v2\/users\/1"}],"replies":[{"embeddable":true,"href":"https:\/\/dorogimedence.hu\/index.php\/wp-json\/wp\/v2\/comments?post=41807"}],"version-history":[{"count":0,"href":"https:\/\/dorogimedence.hu\/index.php\/wp-json\/wp\/v2\/posts\/41807\/revisions"}],"wp:featuredmedia":[{"embeddable":true,"href":"https:\/\/dorogimedence.hu\/index.php\/wp-json\/wp\/v2\/media\/41808"}],"wp:attachment":[{"href":"https:\/\/dorogimedence.hu\/index.php\/wp-json\/wp\/v2\/media?parent=41807"}],"wp:term":[{"taxonomy":"category","embeddable":true,"href":"https:\/\/dorogimedence.hu\/index.php\/wp-json\/wp\/v2\/categories?post=41807"},{"taxonomy":"post_tag","embeddable":true,"href":"https:\/\/dorogimedence.hu\/index.php\/wp-json\/wp\/v2\/tags?post=41807"}],"curies":[{"name":"wp","href":"https:\/\/api.w.org\/{rel}","templated":true}]}}