{"id":41761,"date":"2022-04-08T07:24:03","date_gmt":"2022-04-08T05:24:03","guid":{"rendered":"https:\/\/dorogimedence.hu\/?p=41761"},"modified":"2022-04-09T12:52:51","modified_gmt":"2022-04-09T10:52:51","slug":"irto-nagy-szemetes-nap-dorogon-2","status":"publish","type":"post","link":"https:\/\/dorogimedence.hu\/index.php\/2022\/04\/08\/irto-nagy-szemetes-nap-dorogon-2\/","title":{"rendered":"Irt\u00f3 nagy szemetes nap Dorogon"},"content":{"rendered":"<p><strong>\u00c1prilis 30-\u00e1n, szombaton imm\u00e1ron harmadik alkalommal hirdetik meg az Irt\u00f3 nagy szemetes napot Dorogon.<\/strong><\/p>\n<p>A tavaly \u00e9s tavaly el\u0151tt megrendezett dorogi hullad\u00e9k-\u00fajrahasznos\u00edt\u00f3 akci\u00f3napokon t\u00e9rs\u00e9g\u00fcnk lakoss\u00e1g\u00e1nak j\u00f3volt\u00e1b\u00f3l \u00f6sszesen mintegy harminc k\u00f6bm\u00e9ternyi m\u0171anyaghullad\u00e9kot siker\u00fclt k\u00f6zvetlen\u00fcl az \u00fajrahasznos\u00edt\u00f3 \u00fczemekbe k\u00fcldeni.<\/p>\n<p>Sokan jelezt\u00e9k, hogy sz\u00e1m\u00edtanak a program folytat\u00e1s\u00e1ra, ez\u00e9rt a BEBTE Szem\u00e9tirt\u00f3k csoportja a K\u00d6Z\u00d6D Egyes\u00fclettel k\u00f6z\u00f6sen \u00fajra akci\u00f3napot hirdet 2022. \u00e1prilis 30-\u00e1n, szombaton 9 \u00e9s 13 \u00f3ra k\u00f6z\u00f6tt, a dorogi J\u00f3zsef Attila M\u0171vel\u0151d\u00e9si H\u00e1z udvar\u00e1n. Az al\u00e1bbi le\u00edr\u00e1sban szerepl\u0151 m\u0171anyagt\u00edpusok mellett a mostani alkalommal az alum\u00ednium italosdobozokat (s\u00f6r\u00f6k, \u00fcd\u00edt\u0151k, energiaitalok) is \u00e1tveszik!<\/p>\n<p><strong>Mi a szervez\u0151k c\u00e9lja?<\/strong><\/p>\n<ul>\n<li>Szeretn\u00e9k felh\u00edvni a figyelmet az \u00fajrahasznos\u00edt\u00e1s \u00e9s a szelekt\u00edv gy\u0171jt\u00e9s fontoss\u00e1g\u00e1ra.<\/li>\n<li>Szeretn\u00e9k megismertetni a lakoss\u00e1ggal a k\u00fcl\u00f6nf\u00e9le m\u0171anyag-fajt\u00e1kat \u00e9s az \u00fajrahasznos\u00edt\u00e1s \u00fatj\u00e1n k\u00e9sz\u00fcl\u0151 term\u00e9keket.<\/li>\n<li>Az \u00f6sszegy\u0171jt\u00f6tt hullad\u00e9k\u00e9rt kapott p\u00e9nzb\u0151l a cselekv\u0151 term\u00e9szetv\u00e9delmet szolg\u00e1l\u00f3 k\u00f6z\u00f6ss\u00e9gi tereket szeretn\u00e9nek l\u00e9trehozni.<\/li>\n<\/ul>\n<p><strong>Milyen hullad\u00e9kot vesznek \u00e1t?<\/strong><\/p>\n<p>Az annav\u00f6lgyi Holofon Zrt-vel egy\u00fcttm\u0171k\u00f6dve az \u00e1ltaluk feldolgozhat\u00f3 polietil\u00e9n \u00e9s polipropil\u00e9n alapanyag\u00fa csomagol\u00e1sokat, dobozokat \u00e9s t\u00e1rgyakat. Elvileg minden m\u0171anyag term\u00e9ken megtal\u00e1lhat\u00f3k az al\u00e1bbi k\u00f3dok. Ha ezeket a sz\u00e1mokat l\u00e1tod rajta, akkor elhozhatod.<\/p>\n<ul>\n<li>2-es k\u00f3dsz\u00e1m\u00fa HDPE \/ PE-HD &#8211; nagys\u0171r\u0171s\u00e9g\u0171 polietil\u00e9n<\/li>\n<li>4-es k\u00f3dsz\u00e1m\u00fa LDPE \/ PE-LD &#8211; kiss\u0171r\u0171s\u00e9g\u0171 polietil\u00e9n<\/li>\n<li>5-\u00f6s k\u00f3dsz\u00e1m\u00fa PP &#8211; polipropil\u00e9n<\/li>\n<\/ul>\n<p>Ide tartoznak: kerti b\u00fatorok, s\u00f6r\u00f6srekeszek, tejesl\u00e1d\u00e1k, z\u00f6lds\u00e9ges l\u00e1d\u00e1k, marmonkann\u00e1k, locsol\u00f3kann\u00e1k, konyhai \u00e9telt\u00e1rol\u00f3-dobozok, bizonyos m\u0171anyag \u00e9lelmiszer-csomagol\u00e1sok (ketchup, must\u00e1r, majon\u00e9z) mos\u00f3kapszul\u00e1k dobozai, bizonyos mos\u00f3szeres, \u00f6bl\u00edt\u0151s flakonok, samponok, tusf\u00fcrd\u0151k, kozmetikumok csomagol\u00e1sa, bizonyos gy\u00f3gyszeres, vitaminos dobozok, kupakok.<\/p>\n<p>Az esztergomi Alcufer Kft-vel egy\u00fcttm\u0171k\u00f6dve pedig \u00e1t tudj\u00e1k venni a leggyakoribb \u00e9s legismertebb m\u0171anyagot, a PET-palackokat is.<\/p>\n<ul>\n<li>1-es k\u00f3dsz\u00e1m\u00fa PET \/ PETE &#8211; polietil\u00e9n-tereftal\u00e1t, poli\u00e9szter<\/li>\n<\/ul>\n<p>Ide tartoznak: \u00fcd\u00edt\u0151s, \u00e1sv\u00e1nyvizes, s\u00f6r\u00f6s, boros palackok, bizonyos mos\u00f3szeres, \u00f6bl\u00edt\u0151s flakonok, samponok, tusf\u00fcrd\u0151k, kozmetikumok csomagol\u00e1sa, bizonyos gy\u00f3gyszeres, vitaminos dobozok.<\/p>\n<p>A felsorolt m\u0171anyagok mellett le lehet adni a h\u00e1ztart\u00e1sokban keletkezett alum\u00ednium italosdobozokat is.<\/p>\n<p><img fetchpriority=\"high\" decoding=\"async\" class=\"alignnone size-large wp-image-41763\" src=\"https:\/\/dorogimedence.hu\/wp-content\/uploads\/2022\/04\/szemetes-nap-02-1024x613.jpg\" alt=\"\" width=\"755\" height=\"452\" srcset=\"https:\/\/dorogimedence.hu\/wp-content\/uploads\/2022\/04\/szemetes-nap-02-1024x613.jpg 1024w, https:\/\/dorogimedence.hu\/wp-content\/uploads\/2022\/04\/szemetes-nap-02-300x180.jpg 300w, https:\/\/dorogimedence.hu\/wp-content\/uploads\/2022\/04\/szemetes-nap-02-768x460.jpg 768w, https:\/\/dorogimedence.hu\/wp-content\/uploads\/2022\/04\/szemetes-nap-02-150x90.jpg 150w, https:\/\/dorogimedence.hu\/wp-content\/uploads\/2022\/04\/szemetes-nap-02-450x269.jpg 450w, https:\/\/dorogimedence.hu\/wp-content\/uploads\/2022\/04\/szemetes-nap-02.jpg 1200w\" sizes=\"(max-width: 755px) 100vw, 755px\" \/><\/p>\n<p><strong>Milyen m\u0171anyagfajt\u00e1kat NEM tudnak \u00e1tvenni?<\/strong><\/p>\n<ul>\n<li>3-as k\u00f3dsz\u00e1m\u00fa V \/ PVC &#8211; vinil, polivinilklorid<\/li>\n<li>6-os k\u00f3dsz\u00e1m\u00fa PS &#8211; polisztirol (hungarocell)<\/li>\n<li>7-es k\u00f3dsz\u00e1m\u00fa OTHER \/ EGY\u00c9B<\/li>\n<\/ul>\n<p>Ide tartoznak p\u00e9ld\u00e1ul a cs\u00f6vek, szerelv\u00e9nyek, m\u0171anyag padl\u00f3burkolatok, szigetel\u0151anyagok, m\u00e1r \u00fajrahasznos\u00edtott, vagy vegyes m\u0171anyagb\u00f3l k\u00e9sz\u00fclt term\u00e9kek, p\u00e9ld\u00e1ul a gyerekj\u00e1t\u00e9kok (aut\u00f3k, cs\u00faszd\u00e1k, babah\u00e1zak, stb.), \u201eegyszer haszn\u00e1latos\u201d \u00e9telcsomagol\u00e1sok, kism\u00e9ret\u0171 ingyenes z\u00f6lds\u00e9ges rekeszek, cserepek, vir\u00e1gl\u00e1d\u00e1k.<\/p>\n<p>J\u00e1t\u00e9kokat, hungarocell hullad\u00e9kot, egy\u00e9b nem a fenti krit\u00e9riumoknak megfelel\u0151 hullad\u00e9kot NEM VESZNEK \u00c1T! A szervez\u0151k k\u00e9rik, hogy a hullad\u00e9kot tiszta \u00e1llapotban hozz\u00e1 el!<\/p>\n<p>Szervez\u0151k: Benedek Endre Barlangkutat\u00f3 \u00e9s Term\u00e9szetv\u00e9delmi Egyes\u00fclet (BEBTE) \u2013 Szem\u00e9tirt\u00f3k, K\u00f6z\u00f6sen Dorog\u00e9rt Egyes\u00fclet (K\u00d6Z\u00d6D).<\/p>\n<p>Egy\u00fcttm\u0171k\u00f6d\u0151 partnerek: Holofon Zrt., Alcufer Kft. Kommun\u00e1l-Junk Kft.<\/p>\n<p><img decoding=\"async\" class=\"alignnone size-full wp-image-41764\" src=\"https:\/\/dorogimedence.hu\/wp-content\/uploads\/2022\/04\/szemetes-nap-03.jpg\" alt=\"\" width=\"850\" height=\"757\"><\/p>\n<p><a href=\"https:\/\/www.facebook.com\/events\/1108508939720916\/\" target=\"_blank\" rel=\"noopener\"><span style=\"text-decoration: underline; color: #0000ff;\">Facebook esem\u00e9ny&gt;&gt;<\/span><\/a><\/p>\n","protected":false},"excerpt":{"rendered":"<p>\u00c1prilis 30-\u00e1n, szombaton imm\u00e1ron harmadik alkalommal hirdetik meg az Irt\u00f3 nagy szemetes napot Dorogon. A tavaly \u00e9s tavaly el\u0151tt megrendezett dorogi hullad\u00e9k-\u00fajrahasznos\u00edt\u00f3 akci\u00f3napokon t\u00e9rs\u00e9g\u00fcnk lakoss\u00e1g\u00e1nak j\u00f3volt\u00e1b\u00f3l \u00f6sszesen mintegy harminc k\u00f6bm\u00e9ternyi m\u0171anyaghullad\u00e9kot siker\u00fclt k\u00f6zvetlen\u00fcl az \u00fajrahasznos\u00edt\u00f3 \u00fczemekbe k\u00fcldeni. Sokan jelezt\u00e9k, hogy sz\u00e1m\u00edtanak a program folytat\u00e1s\u00e1ra, ez\u00e9rt a BEBTE Szem\u00e9tirt\u00f3k csoportja a K\u00d6Z\u00d6D Egyes\u00fclettel k\u00f6z\u00f6sen \u00fajra akci\u00f3napot<\/p>\n","protected":false},"author":1,"featured_media":41762,"comment_status":"closed","ping_status":"closed","sticky":false,"template":"","format":"standard","meta":{"ngg_post_thumbnail":0,"footnotes":""},"categories":[2,3,3561],"tags":[15,5624,80,4040,6380,5639],"class_list":{"0":"post-41761","1":"post","2":"type-post","3":"status-publish","4":"format-standard","5":"has-post-thumbnail","7":"category-dorog","8":"category-hirek","9":"category-programok","10":"tag-dorog","11":"tag-featured","12":"tag-hulladekgyujtes","13":"tag-muanyag","14":"tag-szemetes-nap","15":"tag-szemetgyujtes"},"yoast_head":"<!-- This site is optimized with the Yoast SEO plugin v27.4 - https:\/\/yoast.com\/product\/yoast-seo-wordpress\/ -->\n<title>Irt\u00f3 nagy szemetes nap Dorogon<\/title>\n<meta name=\"robots\" content=\"index, follow, max-snippet:-1, max-image-preview:large, max-video-preview:-1\" \/>\n<link rel=\"canonical\" href=\"https:\/\/dorogimedence.hu\/index.php\/2022\/04\/08\/irto-nagy-szemetes-nap-dorogon-2\/\" class=\"yoast-seo-meta-tag\" \/>\n<meta property=\"og:locale\" content=\"hu_HU\" class=\"yoast-seo-meta-tag\" \/>\n<meta property=\"og:type\" content=\"article\" class=\"yoast-seo-meta-tag\" \/>\n<meta property=\"og:title\" content=\"Irt\u00f3 nagy szemetes nap Dorogon\" class=\"yoast-seo-meta-tag\" \/>\n<meta property=\"og:description\" content=\"\u00c1prilis 30-\u00e1n, szombaton imm\u00e1ron harmadik alkalommal hirdetik meg az Irt\u00f3 nagy szemetes napot Dorogon. A tavaly \u00e9s tavaly el\u0151tt megrendezett dorogi hullad\u00e9k-\u00fajrahasznos\u00edt\u00f3 akci\u00f3napokon t\u00e9rs\u00e9g\u00fcnk lakoss\u00e1g\u00e1nak j\u00f3volt\u00e1b\u00f3l \u00f6sszesen mintegy harminc k\u00f6bm\u00e9ternyi m\u0171anyaghullad\u00e9kot siker\u00fclt k\u00f6zvetlen\u00fcl az \u00fajrahasznos\u00edt\u00f3 \u00fczemekbe k\u00fcldeni. Sokan jelezt\u00e9k, hogy sz\u00e1m\u00edtanak a program folytat\u00e1s\u00e1ra, ez\u00e9rt a BEBTE Szem\u00e9tirt\u00f3k csoportja a K\u00d6Z\u00d6D Egyes\u00fclettel k\u00f6z\u00f6sen \u00fajra akci\u00f3napot\" class=\"yoast-seo-meta-tag\" \/>\n<meta property=\"og:url\" content=\"https:\/\/dorogimedence.hu\/index.php\/2022\/04\/08\/irto-nagy-szemetes-nap-dorogon-2\/\" class=\"yoast-seo-meta-tag\" \/>\n<meta property=\"og:site_name\" content=\"Dorogi-medence Region\u00e1lis H\u00edrport\u00e1l\" class=\"yoast-seo-meta-tag\" \/>\n<meta property=\"article:publisher\" content=\"https:\/\/www.facebook.com\/dorogimedence\/\" class=\"yoast-seo-meta-tag\" \/>\n<meta property=\"article:published_time\" content=\"2022-04-08T05:24:03+00:00\" class=\"yoast-seo-meta-tag\" \/>\n<meta property=\"article:modified_time\" content=\"2022-04-09T10:52:51+00:00\" class=\"yoast-seo-meta-tag\" \/>\n<meta property=\"og:image\" content=\"https:\/\/i0.wp.com\/dorogimedence.hu\/wp-content\/uploads\/2022\/04\/szemetes-nap-01.jpg?fit=1662%2C1029&ssl=1\" class=\"yoast-seo-meta-tag\" \/>\n\t<meta property=\"og:image:width\" content=\"1662\" class=\"yoast-seo-meta-tag\" \/>\n\t<meta property=\"og:image:height\" content=\"1029\" class=\"yoast-seo-meta-tag\" \/>\n\t<meta property=\"og:image:type\" content=\"image\/jpeg\" class=\"yoast-seo-meta-tag\" \/>\n<meta name=\"author\" content=\"dorogimedence.hu\" class=\"yoast-seo-meta-tag\" \/>\n<meta name=\"twitter:card\" content=\"summary_large_image\" class=\"yoast-seo-meta-tag\" \/>\n<meta name=\"twitter:label1\" content=\"Szerz\u0151:\" class=\"yoast-seo-meta-tag\" \/>\n\t<meta name=\"twitter:data1\" content=\"dorogimedence.hu\" class=\"yoast-seo-meta-tag\" \/>\n\t<meta name=\"twitter:label2\" content=\"Becs\u00fclt olvas\u00e1si id\u0151\" class=\"yoast-seo-meta-tag\" \/>\n\t<meta name=\"twitter:data2\" content=\"3 perc\" class=\"yoast-seo-meta-tag\" \/>\n<script type=\"application\/ld+json\" class=\"yoast-schema-graph\">{\"@context\":\"https:\\\/\\\/schema.org\",\"@graph\":[{\"@type\":\"Article\",\"@id\":\"https:\\\/\\\/dorogimedence.hu\\\/index.php\\\/2022\\\/04\\\/08\\\/irto-nagy-szemetes-nap-dorogon-2\\\/#article\",\"isPartOf\":{\"@id\":\"https:\\\/\\\/dorogimedence.hu\\\/index.php\\\/2022\\\/04\\\/08\\\/irto-nagy-szemetes-nap-dorogon-2\\\/\"},\"author\":{\"name\":\"dorogimedence.hu\",\"@id\":\"https:\\\/\\\/dorogimedence.hu\\\/#\\\/schema\\\/person\\\/ce6091eeb7e95ecdc87890d6aa8e0fd4\"},\"headline\":\"Irt\u00f3 nagy szemetes nap Dorogon\",\"datePublished\":\"2022-04-08T05:24:03+00:00\",\"dateModified\":\"2022-04-09T10:52:51+00:00\",\"mainEntityOfPage\":{\"@id\":\"https:\\\/\\\/dorogimedence.hu\\\/index.php\\\/2022\\\/04\\\/08\\\/irto-nagy-szemetes-nap-dorogon-2\\\/\"},\"wordCount\":624,\"publisher\":{\"@id\":\"https:\\\/\\\/dorogimedence.hu\\\/#organization\"},\"image\":{\"@id\":\"https:\\\/\\\/dorogimedence.hu\\\/index.php\\\/2022\\\/04\\\/08\\\/irto-nagy-szemetes-nap-dorogon-2\\\/#primaryimage\"},\"thumbnailUrl\":\"https:\\\/\\\/dorogimedence.hu\\\/wp-content\\\/uploads\\\/2022\\\/04\\\/szemetes-nap-01.jpg\",\"keywords\":[\"Dorog\",\"featured\",\"hullad\u00e9kgy\u0171jt\u00e9s\",\"m\u0171anyag\",\"szemetes nap\",\"szem\u00e9tgy\u0171jt\u00e9s\"],\"articleSection\":[\"Dorog\",\"H\u00edrek\",\"Programok\"],\"inLanguage\":\"hu\"},{\"@type\":\"WebPage\",\"@id\":\"https:\\\/\\\/dorogimedence.hu\\\/index.php\\\/2022\\\/04\\\/08\\\/irto-nagy-szemetes-nap-dorogon-2\\\/\",\"url\":\"https:\\\/\\\/dorogimedence.hu\\\/index.php\\\/2022\\\/04\\\/08\\\/irto-nagy-szemetes-nap-dorogon-2\\\/\",\"name\":\"Irt\u00f3 nagy szemetes nap Dorogon\",\"isPartOf\":{\"@id\":\"https:\\\/\\\/dorogimedence.hu\\\/#website\"},\"primaryImageOfPage\":{\"@id\":\"https:\\\/\\\/dorogimedence.hu\\\/index.php\\\/2022\\\/04\\\/08\\\/irto-nagy-szemetes-nap-dorogon-2\\\/#primaryimage\"},\"image\":{\"@id\":\"https:\\\/\\\/dorogimedence.hu\\\/index.php\\\/2022\\\/04\\\/08\\\/irto-nagy-szemetes-nap-dorogon-2\\\/#primaryimage\"},\"thumbnailUrl\":\"https:\\\/\\\/dorogimedence.hu\\\/wp-content\\\/uploads\\\/2022\\\/04\\\/szemetes-nap-01.jpg\",\"datePublished\":\"2022-04-08T05:24:03+00:00\",\"dateModified\":\"2022-04-09T10:52:51+00:00\",\"breadcrumb\":{\"@id\":\"https:\\\/\\\/dorogimedence.hu\\\/index.php\\\/2022\\\/04\\\/08\\\/irto-nagy-szemetes-nap-dorogon-2\\\/#breadcrumb\"},\"inLanguage\":\"hu\",\"potentialAction\":[{\"@type\":\"ReadAction\",\"target\":[\"https:\\\/\\\/dorogimedence.hu\\\/index.php\\\/2022\\\/04\\\/08\\\/irto-nagy-szemetes-nap-dorogon-2\\\/\"]}]},{\"@type\":\"ImageObject\",\"inLanguage\":\"hu\",\"@id\":\"https:\\\/\\\/dorogimedence.hu\\\/index.php\\\/2022\\\/04\\\/08\\\/irto-nagy-szemetes-nap-dorogon-2\\\/#primaryimage\",\"url\":\"https:\\\/\\\/dorogimedence.hu\\\/wp-content\\\/uploads\\\/2022\\\/04\\\/szemetes-nap-01.jpg\",\"contentUrl\":\"https:\\\/\\\/dorogimedence.hu\\\/wp-content\\\/uploads\\\/2022\\\/04\\\/szemetes-nap-01.jpg\",\"width\":1662,\"height\":1029},{\"@type\":\"BreadcrumbList\",\"@id\":\"https:\\\/\\\/dorogimedence.hu\\\/index.php\\\/2022\\\/04\\\/08\\\/irto-nagy-szemetes-nap-dorogon-2\\\/#breadcrumb\",\"itemListElement\":[{\"@type\":\"ListItem\",\"position\":1,\"name\":\"Kezd\u0151lap\",\"item\":\"https:\\\/\\\/dorogimedence.hu\\\/\"},{\"@type\":\"ListItem\",\"position\":2,\"name\":\"Irt\u00f3 nagy szemetes nap Dorogon\"}]},{\"@type\":\"WebSite\",\"@id\":\"https:\\\/\\\/dorogimedence.hu\\\/#website\",\"url\":\"https:\\\/\\\/dorogimedence.hu\\\/\",\"name\":\"Dorogi-medence Region\u00e1lis H\u00edrport\u00e1l\",\"description\":\"Dorog, Keszt\u00f6lc, Le\u00e1nyv\u00e1r, Piliscs\u00e9v, Tokod, Tokodalt\u00e1r\u00f3, Csolnok, Esztergom-kertv\u00e1ros: h\u00edrek, programok\",\"publisher\":{\"@id\":\"https:\\\/\\\/dorogimedence.hu\\\/#organization\"},\"potentialAction\":[{\"@type\":\"SearchAction\",\"target\":{\"@type\":\"EntryPoint\",\"urlTemplate\":\"https:\\\/\\\/dorogimedence.hu\\\/?s={search_term_string}\"},\"query-input\":{\"@type\":\"PropertyValueSpecification\",\"valueRequired\":true,\"valueName\":\"search_term_string\"}}],\"inLanguage\":\"hu\"},{\"@type\":\"Organization\",\"@id\":\"https:\\\/\\\/dorogimedence.hu\\\/#organization\",\"name\":\"Dorogi-medence Region\u00e1lis H\u00edrport\u00e1l\",\"url\":\"https:\\\/\\\/dorogimedence.hu\\\/\",\"logo\":{\"@type\":\"ImageObject\",\"inLanguage\":\"hu\",\"@id\":\"https:\\\/\\\/dorogimedence.hu\\\/#\\\/schema\\\/logo\\\/image\\\/\",\"url\":\"https:\\\/\\\/dorogimedence.hu\\\/wp-content\\\/uploads\\\/2021\\\/04\\\/logo-feher-600.png\",\"contentUrl\":\"https:\\\/\\\/dorogimedence.hu\\\/wp-content\\\/uploads\\\/2021\\\/04\\\/logo-feher-600.png\",\"width\":600,\"height\":100,\"caption\":\"Dorogi-medence Region\u00e1lis H\u00edrport\u00e1l\"},\"image\":{\"@id\":\"https:\\\/\\\/dorogimedence.hu\\\/#\\\/schema\\\/logo\\\/image\\\/\"},\"sameAs\":[\"https:\\\/\\\/www.facebook.com\\\/dorogimedence\\\/\"]},{\"@type\":\"Person\",\"@id\":\"https:\\\/\\\/dorogimedence.hu\\\/#\\\/schema\\\/person\\\/ce6091eeb7e95ecdc87890d6aa8e0fd4\",\"name\":\"dorogimedence.hu\",\"image\":{\"@type\":\"ImageObject\",\"inLanguage\":\"hu\",\"@id\":\"\\\/\\\/www.gravatar.com\\\/avatar\\\/d8d45f8901aadff40a4af72c0b826f1d?s=96&#038;r=g&#038;d=mm\",\"url\":\"\\\/\\\/www.gravatar.com\\\/avatar\\\/d8d45f8901aadff40a4af72c0b826f1d?s=96&#038;r=g&#038;d=mm\",\"contentUrl\":\"\\\/\\\/www.gravatar.com\\\/avatar\\\/d8d45f8901aadff40a4af72c0b826f1d?s=96&#038;r=g&#038;d=mm\",\"caption\":\"dorogimedence.hu\"}}]}<\/script>\n<!-- \/ Yoast SEO plugin. -->","yoast_head_json":{"title":"Irt\u00f3 nagy szemetes nap Dorogon","robots":{"index":"index","follow":"follow","max-snippet":"max-snippet:-1","max-image-preview":"max-image-preview:large","max-video-preview":"max-video-preview:-1"},"canonical":"https:\/\/dorogimedence.hu\/index.php\/2022\/04\/08\/irto-nagy-szemetes-nap-dorogon-2\/","og_locale":"hu_HU","og_type":"article","og_title":"Irt\u00f3 nagy szemetes nap Dorogon","og_description":"\u00c1prilis 30-\u00e1n, szombaton imm\u00e1ron harmadik alkalommal hirdetik meg az Irt\u00f3 nagy szemetes napot Dorogon. A tavaly \u00e9s tavaly el\u0151tt megrendezett dorogi hullad\u00e9k-\u00fajrahasznos\u00edt\u00f3 akci\u00f3napokon t\u00e9rs\u00e9g\u00fcnk lakoss\u00e1g\u00e1nak j\u00f3volt\u00e1b\u00f3l \u00f6sszesen mintegy harminc k\u00f6bm\u00e9ternyi m\u0171anyaghullad\u00e9kot siker\u00fclt k\u00f6zvetlen\u00fcl az \u00fajrahasznos\u00edt\u00f3 \u00fczemekbe k\u00fcldeni. Sokan jelezt\u00e9k, hogy sz\u00e1m\u00edtanak a program folytat\u00e1s\u00e1ra, ez\u00e9rt a BEBTE Szem\u00e9tirt\u00f3k csoportja a K\u00d6Z\u00d6D Egyes\u00fclettel k\u00f6z\u00f6sen \u00fajra akci\u00f3napot","og_url":"https:\/\/dorogimedence.hu\/index.php\/2022\/04\/08\/irto-nagy-szemetes-nap-dorogon-2\/","og_site_name":"Dorogi-medence Region\u00e1lis H\u00edrport\u00e1l","article_publisher":"https:\/\/www.facebook.com\/dorogimedence\/","article_published_time":"2022-04-08T05:24:03+00:00","article_modified_time":"2022-04-09T10:52:51+00:00","og_image":[{"width":1662,"height":1029,"url":"https:\/\/i0.wp.com\/dorogimedence.hu\/wp-content\/uploads\/2022\/04\/szemetes-nap-01.jpg?fit=1662%2C1029&ssl=1","type":"image\/jpeg"}],"author":"dorogimedence.hu","twitter_card":"summary_large_image","twitter_misc":{"Szerz\u0151:":"dorogimedence.hu","Becs\u00fclt olvas\u00e1si id\u0151":"3 perc"},"schema":{"@context":"https:\/\/schema.org","@graph":[{"@type":"Article","@id":"https:\/\/dorogimedence.hu\/index.php\/2022\/04\/08\/irto-nagy-szemetes-nap-dorogon-2\/#article","isPartOf":{"@id":"https:\/\/dorogimedence.hu\/index.php\/2022\/04\/08\/irto-nagy-szemetes-nap-dorogon-2\/"},"author":{"name":"dorogimedence.hu","@id":"https:\/\/dorogimedence.hu\/#\/schema\/person\/ce6091eeb7e95ecdc87890d6aa8e0fd4"},"headline":"Irt\u00f3 nagy szemetes nap Dorogon","datePublished":"2022-04-08T05:24:03+00:00","dateModified":"2022-04-09T10:52:51+00:00","mainEntityOfPage":{"@id":"https:\/\/dorogimedence.hu\/index.php\/2022\/04\/08\/irto-nagy-szemetes-nap-dorogon-2\/"},"wordCount":624,"publisher":{"@id":"https:\/\/dorogimedence.hu\/#organization"},"image":{"@id":"https:\/\/dorogimedence.hu\/index.php\/2022\/04\/08\/irto-nagy-szemetes-nap-dorogon-2\/#primaryimage"},"thumbnailUrl":"https:\/\/dorogimedence.hu\/wp-content\/uploads\/2022\/04\/szemetes-nap-01.jpg","keywords":["Dorog","featured","hullad\u00e9kgy\u0171jt\u00e9s","m\u0171anyag","szemetes nap","szem\u00e9tgy\u0171jt\u00e9s"],"articleSection":["Dorog","H\u00edrek","Programok"],"inLanguage":"hu"},{"@type":"WebPage","@id":"https:\/\/dorogimedence.hu\/index.php\/2022\/04\/08\/irto-nagy-szemetes-nap-dorogon-2\/","url":"https:\/\/dorogimedence.hu\/index.php\/2022\/04\/08\/irto-nagy-szemetes-nap-dorogon-2\/","name":"Irt\u00f3 nagy szemetes nap Dorogon","isPartOf":{"@id":"https:\/\/dorogimedence.hu\/#website"},"primaryImageOfPage":{"@id":"https:\/\/dorogimedence.hu\/index.php\/2022\/04\/08\/irto-nagy-szemetes-nap-dorogon-2\/#primaryimage"},"image":{"@id":"https:\/\/dorogimedence.hu\/index.php\/2022\/04\/08\/irto-nagy-szemetes-nap-dorogon-2\/#primaryimage"},"thumbnailUrl":"https:\/\/dorogimedence.hu\/wp-content\/uploads\/2022\/04\/szemetes-nap-01.jpg","datePublished":"2022-04-08T05:24:03+00:00","dateModified":"2022-04-09T10:52:51+00:00","breadcrumb":{"@id":"https:\/\/dorogimedence.hu\/index.php\/2022\/04\/08\/irto-nagy-szemetes-nap-dorogon-2\/#breadcrumb"},"inLanguage":"hu","potentialAction":[{"@type":"ReadAction","target":["https:\/\/dorogimedence.hu\/index.php\/2022\/04\/08\/irto-nagy-szemetes-nap-dorogon-2\/"]}]},{"@type":"ImageObject","inLanguage":"hu","@id":"https:\/\/dorogimedence.hu\/index.php\/2022\/04\/08\/irto-nagy-szemetes-nap-dorogon-2\/#primaryimage","url":"https:\/\/dorogimedence.hu\/wp-content\/uploads\/2022\/04\/szemetes-nap-01.jpg","contentUrl":"https:\/\/dorogimedence.hu\/wp-content\/uploads\/2022\/04\/szemetes-nap-01.jpg","width":1662,"height":1029},{"@type":"BreadcrumbList","@id":"https:\/\/dorogimedence.hu\/index.php\/2022\/04\/08\/irto-nagy-szemetes-nap-dorogon-2\/#breadcrumb","itemListElement":[{"@type":"ListItem","position":1,"name":"Kezd\u0151lap","item":"https:\/\/dorogimedence.hu\/"},{"@type":"ListItem","position":2,"name":"Irt\u00f3 nagy szemetes nap Dorogon"}]},{"@type":"WebSite","@id":"https:\/\/dorogimedence.hu\/#website","url":"https:\/\/dorogimedence.hu\/","name":"Dorogi-medence Region\u00e1lis H\u00edrport\u00e1l","description":"Dorog, Keszt\u00f6lc, Le\u00e1nyv\u00e1r, Piliscs\u00e9v, Tokod, Tokodalt\u00e1r\u00f3, Csolnok, Esztergom-kertv\u00e1ros: h\u00edrek, programok","publisher":{"@id":"https:\/\/dorogimedence.hu\/#organization"},"potentialAction":[{"@type":"SearchAction","target":{"@type":"EntryPoint","urlTemplate":"https:\/\/dorogimedence.hu\/?s={search_term_string}"},"query-input":{"@type":"PropertyValueSpecification","valueRequired":true,"valueName":"search_term_string"}}],"inLanguage":"hu"},{"@type":"Organization","@id":"https:\/\/dorogimedence.hu\/#organization","name":"Dorogi-medence Region\u00e1lis H\u00edrport\u00e1l","url":"https:\/\/dorogimedence.hu\/","logo":{"@type":"ImageObject","inLanguage":"hu","@id":"https:\/\/dorogimedence.hu\/#\/schema\/logo\/image\/","url":"https:\/\/dorogimedence.hu\/wp-content\/uploads\/2021\/04\/logo-feher-600.png","contentUrl":"https:\/\/dorogimedence.hu\/wp-content\/uploads\/2021\/04\/logo-feher-600.png","width":600,"height":100,"caption":"Dorogi-medence Region\u00e1lis H\u00edrport\u00e1l"},"image":{"@id":"https:\/\/dorogimedence.hu\/#\/schema\/logo\/image\/"},"sameAs":["https:\/\/www.facebook.com\/dorogimedence\/"]},{"@type":"Person","@id":"https:\/\/dorogimedence.hu\/#\/schema\/person\/ce6091eeb7e95ecdc87890d6aa8e0fd4","name":"dorogimedence.hu","image":{"@type":"ImageObject","inLanguage":"hu","@id":"\/\/www.gravatar.com\/avatar\/d8d45f8901aadff40a4af72c0b826f1d?s=96&#038;r=g&#038;d=mm","url":"\/\/www.gravatar.com\/avatar\/d8d45f8901aadff40a4af72c0b826f1d?s=96&#038;r=g&#038;d=mm","contentUrl":"\/\/www.gravatar.com\/avatar\/d8d45f8901aadff40a4af72c0b826f1d?s=96&#038;r=g&#038;d=mm","caption":"dorogimedence.hu"}}]}},"_links":{"self":[{"href":"https:\/\/dorogimedence.hu\/index.php\/wp-json\/wp\/v2\/posts\/41761","targetHints":{"allow":["GET"]}}],"collection":[{"href":"https:\/\/dorogimedence.hu\/index.php\/wp-json\/wp\/v2\/posts"}],"about":[{"href":"https:\/\/dorogimedence.hu\/index.php\/wp-json\/wp\/v2\/types\/post"}],"author":[{"embeddable":true,"href":"https:\/\/dorogimedence.hu\/index.php\/wp-json\/wp\/v2\/users\/1"}],"replies":[{"embeddable":true,"href":"https:\/\/dorogimedence.hu\/index.php\/wp-json\/wp\/v2\/comments?post=41761"}],"version-history":[{"count":0,"href":"https:\/\/dorogimedence.hu\/index.php\/wp-json\/wp\/v2\/posts\/41761\/revisions"}],"wp:featuredmedia":[{"embeddable":true,"href":"https:\/\/dorogimedence.hu\/index.php\/wp-json\/wp\/v2\/media\/41762"}],"wp:attachment":[{"href":"https:\/\/dorogimedence.hu\/index.php\/wp-json\/wp\/v2\/media?parent=41761"}],"wp:term":[{"taxonomy":"category","embeddable":true,"href":"https:\/\/dorogimedence.hu\/index.php\/wp-json\/wp\/v2\/categories?post=41761"},{"taxonomy":"post_tag","embeddable":true,"href":"https:\/\/dorogimedence.hu\/index.php\/wp-json\/wp\/v2\/tags?post=41761"}],"curies":[{"name":"wp","href":"https:\/\/api.w.org\/{rel}","templated":true}]}}